{"id":393957,"date":"2024-06-09T15:13:47","date_gmt":"2024-06-09T13:13:47","guid":{"rendered":"https:\/\/www.radiopiu.net\/wordpress\/?p=393957"},"modified":"2024-06-10T05:46:35","modified_gmt":"2024-06-10T03:46:35","slug":"tempo-instabile-in-veneto-decretato-lo-stato-di-attenzione-per-criticita-idraulica-per-temporali-in-tutti-i-bacini","status":"publish","type":"post","link":"https:\/\/www.radiopiu.net\/wordpress\/tempo-instabile-in-veneto-decretato-lo-stato-di-attenzione-per-criticita-idraulica-per-temporali-in-tutti-i-bacini\/","title":{"rendered":"TEMPO INSTABILE IN VENETO. DECRETATO LO STATO DI ATTENZIONE PER CRITICITA\u2019 IDRAULICA PER TEMPORALI IN TUTTI I BACINI"},"content":{"rendered":"<p>*****<\/p>\n<p>&nbsp;<\/p>\n<p><strong>VENEZIA <\/strong>Le previsioni meteo di Arpav indicano che dal pomeriggio\/sera di oggi fino a tutto domani luned\u00ec 10 \u00e8 previsto tempo instabile con rovesci e temporali, con fasi pi\u00f9 intense nel pomeriggio\/sera di domenica e nel pomeriggio\/sera di luned\u00ec. Sono attesi fenomeni localmente anche intensi (forti rovesci, locali grandinate, forti raffiche di vento). Alla luce di tali previsioni, il Centro Funzionale Decentrato della Protezione Civile del Veneto ha emesso un nuovo avviso di criticit\u00e0, valido dalle ore 14.00 di oggi alle ore 8.00 di marted\u00ec 10 giugno, nel quale si decreta\u00a0lo stato di attenzione (allerta gialla) per criticit\u00e0 idrogeologica per temporali in tutti i bacini del Veneto.\u00a0In considerazione della criticit\u00e0 ordinaria per temporali prevista su tutte le zone di allerta, lo scenario sar\u00e0 caratterizzato da fenomeni intensi e in rapida evoluzione.<\/p>\n<p>&nbsp;<\/p>\n<p>&nbsp;<\/p>\n<p>******<\/p>\n","protected":false},"excerpt":{"rendered":"<p>***** &nbsp; VENEZIA Le previsioni meteo di Arpav indicano che dal pomeriggio\/sera di oggi fino a tutto domani luned\u00ec 10 \u00e8 previsto tempo instabile con rovesci e temporali, con fasi pi\u00f9 intense nel pomeriggio\/sera di domenica e nel pomeriggio\/sera di luned\u00ec. Sono attesi fenomeni localmente anche intensi (forti rovesci, locali grandinate, forti raffiche di vento).&hellip;<\/p>\n","protected":false},"author":4,"featured_media":65370,"comment_status":"closed","ping_status":"closed","sticky":false,"template":"","format":"standard","meta":{"_monsterinsights_skip_tracking":false,"_monsterinsights_sitenote_active":false,"_monsterinsights_sitenote_note":"","_monsterinsights_sitenote_category":0,"footnotes":""},"categories":[51,49],"tags":[],"class_list":["post-393957","post","type-post","status-publish","format-standard","has-post-thumbnail","hentry","category-evidenza-top","category-news-18","category-51","category-49","description-off"],"img_url":"https:\/\/www.radiopiu.net\/wordpress\/wp-content\/uploads\/2018\/10\/pioggia.jpg","_links":{"self":[{"href":"https:\/\/www.radiopiu.net\/wordpress\/wp-json\/wp\/v2\/posts\/393957","targetHints":{"allow":["GET"]}}],"collection":[{"href":"https:\/\/www.radiopiu.net\/wordpress\/wp-json\/wp\/v2\/posts"}],"about":[{"href":"https:\/\/www.radiopiu.net\/wordpress\/wp-json\/wp\/v2\/types\/post"}],"author":[{"embeddable":true,"href":"https:\/\/www.radiopiu.net\/wordpress\/wp-json\/wp\/v2\/users\/4"}],"replies":[{"embeddable":true,"href":"https:\/\/www.radiopiu.net\/wordpress\/wp-json\/wp\/v2\/comments?post=393957"}],"version-history":[{"count":0,"href":"https:\/\/www.radiopiu.net\/wordpress\/wp-json\/wp\/v2\/posts\/393957\/revisions"}],"wp:featuredmedia":[{"embeddable":true,"href":"https:\/\/www.radiopiu.net\/wordpress\/wp-json\/wp\/v2\/media\/65370"}],"wp:attachment":[{"href":"https:\/\/www.radiopiu.net\/wordpress\/wp-json\/wp\/v2\/media?parent=393957"}],"wp:term":[{"taxonomy":"category","embeddable":true,"href":"https:\/\/www.radiopiu.net\/wordpress\/wp-json\/wp\/v2\/categories?post=393957"},{"taxonomy":"post_tag","embeddable":true,"href":"https:\/\/www.radiopiu.net\/wordpress\/wp-json\/wp\/v2\/tags?post=393957"}],"curies":[{"name":"wp","href":"https:\/\/api.w.org\/{rel}","templated":true}]}}