{"id":394034,"date":"2024-06-11T05:45:32","date_gmt":"2024-06-11T03:45:32","guid":{"rendered":"https:\/\/www.radiopiu.net\/wordpress\/?p=394034"},"modified":"2024-06-11T09:08:11","modified_gmt":"2024-06-11T07:08:11","slug":"giornale-radiopiu-11-giugno-2024-direttore-mirko-mezzacasada-40-anni-25-giugno-1983-25-giugno-2023","status":"publish","type":"post","link":"https:\/\/www.radiopiu.net\/wordpress\/giornale-radiopiu-11-giugno-2024-direttore-mirko-mezzacasada-40-anni-25-giugno-1983-25-giugno-2023\/","title":{"rendered":"GIORNALE RADIOPIU 11 GIUGNO 2024 DIRETTORE MIRKO MEZZACASA\u2026DA 40 ANNI 25 GIUGNO 1983-25 GIUGNO 2023"},"content":{"rendered":"<p>*******<\/p>\n<p>&nbsp;<\/p>\n<p>&nbsp;<\/p>\n<p><em><a href=\"https:\/\/www.radiopiu.net\/wordpress\/giornale-radiopiu-24-gennaio-2021-direttore-mirko-mezzacasa\/79216601_126817312416448_708980208774483089_n\/\" rel=\"attachment wp-att-186567\"><img loading=\"lazy\" decoding=\"async\" class=\"size-medium wp-image-186567 alignright\" src=\"https:\/\/www.radiopiu.net\/wordpress\/wp-content\/uploads\/2021\/01\/79216601_126817312416448_708980208774483089_n-300x114.jpg\" alt=\"\" width=\"300\" height=\"114\" srcset=\"https:\/\/www.radiopiu.net\/wordpress\/wp-content\/uploads\/2021\/01\/79216601_126817312416448_708980208774483089_n-300x114.jpg 300w, https:\/\/www.radiopiu.net\/wordpress\/wp-content\/uploads\/2021\/01\/79216601_126817312416448_708980208774483089_n-768x292.jpg 768w, https:\/\/www.radiopiu.net\/wordpress\/wp-content\/uploads\/2021\/01\/79216601_126817312416448_708980208774483089_n.jpg 820w\" sizes=\"auto, (max-width: 300px) 100vw, 300px\" \/><\/a><span style=\"color: #ff0000;\">ATTENZIONE: LA NUOVA APP PER IOS-IPHONE di Nicola Vettorello <\/span><\/em><a href=\"https:\/\/apps.apple.com\/it\/app\/radio-pi%C3%B9-emittente-agordina\/id1515939845\">https:\/\/apps.apple.com\/it\/app\/radio-pi%C3%B9-emittente-agordina\/id1515939845<\/a><\/p>\n<p><em style=\"color: #ff0000;\">ATTENZIONE: LA NUOVA APP RADIO\u00a0 PER ANDROID di Nicola Vettorello<\/em><\/p>\n<p><a href=\"https:\/\/play.google.com\/store\/apps\/details?id=net.radiopiu.iniko\" target=\"_blank\" rel=\"noopener noreferrer\">https:\/\/play.google.com\/store\/apps\/details?id=net.radiopiu.iniko\u00a0\u00a0\u00a0<\/a><\/p>\n<p>&nbsp;<\/p>\n<p><strong>ARCOBALENI LAVALLESI&#8230;<\/strong><br \/>\n<strong>LA VALLE AGORDINA, tiziano de col<\/strong><\/p>\n\n\t\t\t<style type='text\/css'>\n\t\t\t\t#gallery-1 {\n\t\t\t\t\tmargin: auto;\n\t\t\t\t}\n\t\t\t\t#gallery-1 .gallery-item {\n\t\t\t\t\tfloat: left;\n\t\t\t\t\tmargin-top: 10px;\n\t\t\t\t\ttext-align: center;\n\t\t\t\t\twidth: 33%;\n\t\t\t\t}\n\t\t\t\t#gallery-1 img {\n\t\t\t\t\tborder: 2px solid #cfcfcf;\n\t\t\t\t}\n\t\t\t\t#gallery-1 .gallery-caption {\n\t\t\t\t\tmargin-left: 0;\n\t\t\t\t}\n\t\t\t\t\/* see gallery_shortcode() in wp-includes\/media.php *\/\n\t\t\t<\/style>\n\t\t<div id='gallery-1' class='dt-gallery-container gallery galleryid-394034 gallery-columns-3 gallery-size-thumbnail'><dl class='gallery-item'>\n\t\t\t\t<dt class='gallery-icon landscape'>\n\t\t\t\t\t<a class=\"rollover rollover-zoom dt-pswp-item\" title=\"332c1a91-dc87-4d00-a7a8-e23736e8ccd3\" data-dt-img-description=\"\" data-large_image_width=\"1600\" data-large_image_height=\"1200\"href='https:\/\/www.radiopiu.net\/wordpress\/wp-content\/uploads\/2024\/06\/332c1a91-dc87-4d00-a7a8-e23736e8ccd3.jpg'><img loading=\"lazy\" decoding=\"async\" width=\"150\" height=\"150\" src=\"https:\/\/www.radiopiu.net\/wordpress\/wp-content\/uploads\/2024\/06\/332c1a91-dc87-4d00-a7a8-e23736e8ccd3-150x150.jpg\" class=\"attachment-thumbnail size-thumbnail\" alt=\"\" \/><\/a>\n\t\t\t\t<\/dt><\/dl><dl class='gallery-item'>\n\t\t\t\t<dt class='gallery-icon portrait'>\n\t\t\t\t\t<a class=\"rollover rollover-zoom dt-pswp-item\" title=\"b9a63f44-fe8d-4034-ac14-f4d9ddda22b4\" data-dt-img-description=\"\" data-large_image_width=\"1200\" data-large_image_height=\"1600\"href='https:\/\/www.radiopiu.net\/wordpress\/wp-content\/uploads\/2024\/06\/b9a63f44-fe8d-4034-ac14-f4d9ddda22b4-1.jpg'><img loading=\"lazy\" decoding=\"async\" width=\"150\" height=\"150\" src=\"https:\/\/www.radiopiu.net\/wordpress\/wp-content\/uploads\/2024\/06\/b9a63f44-fe8d-4034-ac14-f4d9ddda22b4-1-150x150.jpg\" class=\"attachment-thumbnail size-thumbnail\" alt=\"\" \/><\/a>\n\t\t\t\t<\/dt><\/dl><dl class='gallery-item'>\n\t\t\t\t<dt class='gallery-icon landscape'>\n\t\t\t\t\t<a class=\"rollover rollover-zoom dt-pswp-item\" title=\"11333199-0d3b-4579-bdb5-51ac7d9fbfea\" data-dt-img-description=\"\" data-large_image_width=\"1600\" data-large_image_height=\"1200\"href='https:\/\/www.radiopiu.net\/wordpress\/wp-content\/uploads\/2024\/06\/11333199-0d3b-4579-bdb5-51ac7d9fbfea-1.jpg'><img loading=\"lazy\" decoding=\"async\" width=\"150\" height=\"150\" src=\"https:\/\/www.radiopiu.net\/wordpress\/wp-content\/uploads\/2024\/06\/11333199-0d3b-4579-bdb5-51ac7d9fbfea-1-150x150.jpg\" class=\"attachment-thumbnail size-thumbnail\" alt=\"\" \/><\/a>\n\t\t\t\t<\/dt><\/dl><br style=\"clear: both\" \/>\n\t\t\t<\/div>\n\n<div data-block=\"true\" data-editor=\"avj4u\" data-offset-key=\"d3i0j-0-0\"><\/div>\n<div data-block=\"true\" data-editor=\"avj4u\" data-offset-key=\"d3i0j-0-0\">\n<hr \/>\n<p>&nbsp;<\/p>\n<p>&nbsp;<\/p>\n<\/div>\n<p><strong class=\"photoswipe-wrapper\"><span style=\"color: #ff0000;\"><a class=\"dt-pswp-item\" href=\"https:\/\/www.radiopiu.net\/wordpress\/wp-content\/uploads\/2022\/04\/musla.jpg\" data-dt-img-description=\"\" data-large_image_width=\"300\" data-large_image_height=\"133\"><img loading=\"lazy\" decoding=\"async\" class=\" wp-image-270273 alignleft\" src=\"https:\/\/www.radiopiu.net\/wordpress\/wp-content\/uploads\/2022\/04\/musla.jpg\" alt=\"\" width=\"178\" height=\"79\" \/><\/a>OGGI ALLA RADIO<\/span><\/strong>:\u00a0<strong>ALLE 6.15<\/strong> PIROLE DE LENGA, CON IL MUSLA\u00a0 <strong>ALLE 7.20<\/strong>\u00a0EL BAL DEL FIOR, DETTI E TRADIZIONI DI GIULIANA DA RONCH;\u00a0<strong>ALLE 8.20 <\/strong>PIU SIAMO CON MARINA<strong> 9.00 <\/strong>la musica country di alex nascinben\u00a0 \u00a0<strong>9.30 <\/strong>VIABILITA&#8217; Botol_Car <strong>\u00a0<\/strong><span style=\"color: #0000ff;\"><strong><span style=\"color: #000000;\"> 10.10 <\/span><\/strong><span style=\"color: #000000;\">MUSLA le nove in ladi<\/span><strong><span style=\"color: #000000;\">n 10.30\u00a0 <\/span><\/strong><span style=\"color: #000000;\">voci ribelli di Alessia Dall&#8217;O, seconda parte dell&#8217;intervista a Vladimir Luxuria<\/span><span style=\"color: #000000;\">\u00a0<\/span><\/span><span style=\"color: #0000ff;\"><span style=\"color: #000000;\"><strong>11.10<\/strong> C&#8217;ERA UNA VOLTA FESTIVALBAR, DI MIRCO BENCIVENNI <\/span><\/span><strong>12.00 <\/strong>VA TUTTO LISCIO <strong>12.30 <\/strong>GIORNALE RADIO EDIZIONE PRINCIPALE 13.10 la sagra de Sant&#8217;Antoni a Rivamonte, con Giacomo Bressan <strong>13.20<\/strong> PRIMA VERA HIT <strong>14.00 <\/strong>collage operazione nostalgia di loris scussel<strong>\u00a0 15.00 <\/strong>IL MARTEDI POMERIGGIO CON LUISA ALCHINI, OSPITE FRANCESCAM MUSSOI<strong> 1<\/strong><strong>6.00 <\/strong>IL ROCK DI MARCO COSTANTINI <strong>16.45 <\/strong>LE HIT DI MIRCO BENCIVENNI <strong>19 <\/strong>ANTICIPAZIONI DAL TG DI ANTENNA 3 DI TIZIANA BOLOGNANI.<\/p>\n<blockquote><p><strong>rassegna stampa nazionale, ogni giorno alle 5 e alle 6 del mattino<\/strong><br \/>\n<em>giornali locali 7 rassegna stampa flash, 8 rassegna stampa, gr flash alle 10 e alle 11, principale 12.30. Informazione pomerIggio alle 15 (speciale) 16, 17, 18. Giornale radio nazionale: ogni ora dalle 5 del mattino, alle 20 della sera.\u00a0<\/em><\/p><\/blockquote>\n<div class=\"x11i5rnm xat24cr x1mh8g0r x1vvkbs xtlvy1s x126k92a\">\n<div dir=\"auto\">\n<p>&nbsp;<\/p>\n<p>&nbsp;<\/p>\n<hr \/>\n<p>&nbsp;<\/p>\n<p>&nbsp;<\/p>\n<div class=\"x11i5rnm xat24cr x1mh8g0r x1vvkbs xtlvy1s x126k92a\">\n<div dir=\"auto\">\n<p><strong><a class=\"dt-pswp-item\" href=\"https:\/\/www.radiopiu.net\/wordpress\/wp-content\/uploads\/2024\/02\/2d44e751-d8a8-461b-8e22-d8e4e853b032.jpg\" data-dt-img-description=\"\" data-large_image_width=\"1600\" data-large_image_height=\"1200\"><img loading=\"lazy\" decoding=\"async\" class=\"wp-image-373307 alignleft\" src=\"https:\/\/www.radiopiu.net\/wordpress\/wp-content\/uploads\/2024\/02\/2d44e751-d8a8-461b-8e22-d8e4e853b032-300x225.jpg\" alt=\"\" width=\"105\" height=\"79\" srcset=\"https:\/\/www.radiopiu.net\/wordpress\/wp-content\/uploads\/2024\/02\/2d44e751-d8a8-461b-8e22-d8e4e853b032-300x225.jpg 300w, https:\/\/www.radiopiu.net\/wordpress\/wp-content\/uploads\/2024\/02\/2d44e751-d8a8-461b-8e22-d8e4e853b032-1024x768.jpg 1024w, https:\/\/www.radiopiu.net\/wordpress\/wp-content\/uploads\/2024\/02\/2d44e751-d8a8-461b-8e22-d8e4e853b032-768x576.jpg 768w, https:\/\/www.radiopiu.net\/wordpress\/wp-content\/uploads\/2024\/02\/2d44e751-d8a8-461b-8e22-d8e4e853b032-1536x1152.jpg 1536w, https:\/\/www.radiopiu.net\/wordpress\/wp-content\/uploads\/2024\/02\/2d44e751-d8a8-461b-8e22-d8e4e853b032.jpg 1600w\" sizes=\"auto, (max-width: 105px) 100vw, 105px\" \/><\/a>EL BAL DEL FIOR, DI GIULIANA DA RONCH, 11<\/strong><strong>\u00a0GIUGNO 2024<\/strong><\/p>\n<\/div>\n<\/div>\n<\/div>\n<audio class=\"wp-audio-shortcode\" id=\"audio-394034-1\" preload=\"none\" style=\"width: 100%;\" controls=\"controls\"><source type=\"audio\/mpeg\" src=\"https:\/\/www.radiopiu.net\/wordpress\/wp-content\/uploads\/2024\/06\/GMA-1.m4a?_=1\" \/><a href=\"https:\/\/www.radiopiu.net\/wordpress\/wp-content\/uploads\/2024\/06\/GMA-1.m4a\">https:\/\/www.radiopiu.net\/wordpress\/wp-content\/uploads\/2024\/06\/GMA-1.m4a<\/a><\/audio>\n<p>&nbsp;<\/p>\n<div dir=\"auto\">\n<hr \/>\n<\/div>\n<\/div>\n<blockquote>\n<blockquote>\n<h1><span style=\"color: #ff0000;\">\u00a0<\/span><\/h1>\n<h1><span style=\"color: #ff0000;\">I podcast informativi del mattino &#8211; audio &#8211;\u00a0\u00a0<\/span><\/h1>\n<\/blockquote>\n<p><strong><a class=\"dt-pswp-item\" href=\"https:\/\/www.radiopiu.net\/wordpress\/wp-content\/uploads\/2023\/11\/th-10.jpg\" data-dt-img-description=\"\" data-large_image_width=\"320\" data-large_image_height=\"180\"><img loading=\"lazy\" decoding=\"async\" class=\"wp-image-362866 alignleft\" src=\"https:\/\/www.radiopiu.net\/wordpress\/wp-content\/uploads\/2023\/11\/th-10-300x169.jpg\" alt=\"\" width=\"185\" height=\"104\" srcset=\"https:\/\/www.radiopiu.net\/wordpress\/wp-content\/uploads\/2023\/11\/th-10-300x169.jpg 300w, https:\/\/www.radiopiu.net\/wordpress\/wp-content\/uploads\/2023\/11\/th-10.jpg 320w\" sizes=\"auto, (max-width: 185px) 100vw, 185px\" \/><\/a>LA RASSEGNA STAMPA NAZIONALE ALLA RADIO, OGNI GIORNO ALLE 5 E ALLE 6 DEL MATTINO <span style=\"color: #0000ff;\">viene pubblicata alle 6.00 <span style=\"color: #ff0000;\">DIRETTA RADIO\u00a0 \u00a0\u00a0<\/span><\/span><\/strong><\/p><\/blockquote>\n<p>&nbsp;<\/p>\n<p>&nbsp;<\/p>\n<p style=\"text-align: left;\"><button class=\"rounded-lg text-token-text-secondary hover:bg-token-main-surface-secondary\"><strong><br \/>\nLE ULTIME DELLA NOTTE<\/strong><\/button><\/p>\n<p>GAZA-BIDEN hamas dimostri di volere la tregua e acceddi l&#8217;accordo. Il presidente Usa plaude al voto del consiglio sicurezza Onu<\/p>\n<p>Premier Ceco Fiala accusa MOSCA per il tentato incendio a Praga &#8220;attacco organizzato dalla Russia.<\/p>\n<p>Borsa Hong Kong apre a -1,11 Shangai perde lo 0.3% Shenzhen lo 0,54%<\/p>\n<p>UCRAINA 7 feriti negli attacchi di Kiev sul Donetsk, bombe russe sulla regione<\/p>\n<h2>AUDIO dalle 6 del mattino<\/h2>\n<audio class=\"wp-audio-shortcode\" id=\"audio-394034-2\" preload=\"none\" style=\"width: 100%;\" controls=\"controls\"><source type=\"audio\/mpeg\" src=\"https:\/\/www.radiopiu.net\/wordpress\/wp-content\/uploads\/2024\/06\/GIORNALEDELLESEI-7.mp3?_=2\" \/><a href=\"https:\/\/www.radiopiu.net\/wordpress\/wp-content\/uploads\/2024\/06\/GIORNALEDELLESEI-7.mp3\">https:\/\/www.radiopiu.net\/wordpress\/wp-content\/uploads\/2024\/06\/GIORNALEDELLESEI-7.mp3<\/a><\/audio>\n<p>&nbsp;<\/p>\n<p>&nbsp;<\/p>\n<hr \/>\n<p>&nbsp;<\/p>\n<h1 style=\"text-align: center;\"><span style=\"color: #ff0000;\">I podcast informativi del mattino &#8211; audio &#8211;\u00a0<\/span><\/h1>\n<p><strong><a class=\"dt-pswp-item\" href=\"https:\/\/www.radiopiu.net\/wordpress\/wp-content\/uploads\/2023\/12\/images.png\" data-dt-img-description=\"\" data-large_image_width=\"316\" data-large_image_height=\"160\"><img loading=\"lazy\" decoding=\"async\" class=\"wp-image-367008 alignleft\" src=\"https:\/\/www.radiopiu.net\/wordpress\/wp-content\/uploads\/2023\/12\/images-300x152.png\" alt=\"\" width=\"235\" height=\"119\" srcset=\"https:\/\/www.radiopiu.net\/wordpress\/wp-content\/uploads\/2023\/12\/images-300x152.png 300w, https:\/\/www.radiopiu.net\/wordpress\/wp-content\/uploads\/2023\/12\/images.png 316w\" sizes=\"auto, (max-width: 235px) 100vw, 235px\" \/><\/a>OGNI GIORNO ALLE SETTE DEL MATTINO, LA RASSEGNA STAMPA LOCALE FLASH&#8230; PER CHI VA IN FRETTA. I TITOLI DAI GIORNALI E DAL SITO WWW.RADIOPIU.NET <span style=\"color: #0000ff;\">viene pubblicato alle 7.00<\/span> <span style=\"color: #ff0000;\">DIRETTA RADIO\u00a0<\/span><\/strong><\/p>\n<p><em><span style=\"color: #ff0000;\">per chi va in fretta&#8230; tante notizie in pochi minuti. L&#8217;informazione locale alla radio, ogni ora dalle 7 del mattino alle 19 della sera.\u00a0 \u00a0 \u00a0\u00a0<\/span><\/em><\/p>\n<p>DOMEGGE\u00a0 Lorena Fedon, 56 anni, di Vallesella, Domegge di Cadore, \u00e8 morta domenica sera cadendo in una scarpata davanti alla sua casa. Dopo essere inciampata o scivolata, ha riportato un politrauma fatale. I familiari hanno allertato il 118, ma all\u2019arrivo dei soccorsi non c&#8217;era pi\u00f9 nulla da fare. La Procura dovrebbe presto concedere il nulla osta alla sepoltura. Lorena era amata nella comunit\u00e0 e lavorava alla C&amp;G Italy.<br \/>\nELEZIONI VALERIO DAVARE IL NUOVO SINDACO DI ROCCA PIETORE, HA BATTUTO ALESSANDRO DARMAN. I PIU&#8217; VOTATI Jaqueline Lezuo 39, Ivano Anselmo Darman 33, Walter Fersuoch 26<br \/>\nTAIBON IL SECONDO MANDATO PER SILVIA TORMEN, IL CONSIGLIO COMUNALE ELETTO CONSIGLIO COMUNALE Tommaso Alfonsi, Franco Soccol, Alessia Soccol, Gaia Pezzei, Sisto Forcellini, Alessia Dal Magro, Franco Benvegn\u00f9, Nicola Cadorin, Andrea Favaro e Moreno Ben<br \/>\nLA VALLE QUASI 500 PREFERENZE PER EZIO ZUANEL<br \/>\nCONSIGLIO COMUNALE Ezio Zuanel, Stefano Mezzacasa, Renato De Zaiacomo, Valentino De Zaiacomo, Linda Costa, Kevin Da Roit, Donatalla Dai Pra, Giuliano Dell&#8217;Olivo, Valeria Rosson e Federico De Col<br \/>\nNAGLER METTE GRONES NELL&#8217;ANGOLO Palla e Monego i pi\u00f9 votati.<br \/>\nLIVINALLONGO<br \/>\nFODOM DEL DAVEGNI DI OSCAR NAGLER, GABRIELE MONEGO 66, PAOLO DE MATTINA 36, RICCARDO DORIGO 16, DAVIDE TESTOR 31, ANDREA PEZZEI 19, FLORIN DA ROIT 12, MARIANNA CREPAZ 31.<br \/>\nAUNA PER FODOM DI LEANDRO GRONES, ALOIS BREDARIOL 11, LEO CREPAZ 25, PIERINA FOPPA 28, ALBERTO GABRIELI 12, FRANCESCO MARTINI 12, GIANNI PALLA 59, MASSIMO PALLUA 5, MARCO PEZZEI 16<\/p>\n<h2>AUDIO dalle 7 del mattino<\/h2>\n<audio class=\"wp-audio-shortcode\" id=\"audio-394034-3\" preload=\"none\" style=\"width: 100%;\" controls=\"controls\"><source type=\"audio\/mpeg\" src=\"https:\/\/www.radiopiu.net\/wordpress\/wp-content\/uploads\/2024\/06\/GF07-8.mp3?_=3\" \/><a href=\"https:\/\/www.radiopiu.net\/wordpress\/wp-content\/uploads\/2024\/06\/GF07-8.mp3\">https:\/\/www.radiopiu.net\/wordpress\/wp-content\/uploads\/2024\/06\/GF07-8.mp3<\/a><\/audio>\n<p>&nbsp;<\/p>\n<p>&nbsp;<\/p>\n<hr \/>\n<p>&nbsp;<\/p>\n<h1><\/h1>\n<h1 style=\"text-align: center;\"><span style=\"color: #ff0000;\"><a class=\"dt-pswp-item\" href=\"https:\/\/www.radiopiu.net\/wordpress\/wp-content\/uploads\/2022\/01\/026c3f9d-dae9-4040-a3c1-a6530231bcc3.jpg\" data-dt-img-description=\"\" data-large_image_width=\"1152\" data-large_image_height=\"2048\"><img loading=\"lazy\" decoding=\"async\" class=\"wp-image-251839 alignleft\" src=\"https:\/\/www.radiopiu.net\/wordpress\/wp-content\/uploads\/2022\/01\/026c3f9d-dae9-4040-a3c1-a6530231bcc3-169x300.jpg\" alt=\"\" width=\"100\" height=\"177\" srcset=\"https:\/\/www.radiopiu.net\/wordpress\/wp-content\/uploads\/2022\/01\/026c3f9d-dae9-4040-a3c1-a6530231bcc3-169x300.jpg 169w, https:\/\/www.radiopiu.net\/wordpress\/wp-content\/uploads\/2022\/01\/026c3f9d-dae9-4040-a3c1-a6530231bcc3-576x1024.jpg 576w, https:\/\/www.radiopiu.net\/wordpress\/wp-content\/uploads\/2022\/01\/026c3f9d-dae9-4040-a3c1-a6530231bcc3-768x1365.jpg 768w, https:\/\/www.radiopiu.net\/wordpress\/wp-content\/uploads\/2022\/01\/026c3f9d-dae9-4040-a3c1-a6530231bcc3-864x1536.jpg 864w, https:\/\/www.radiopiu.net\/wordpress\/wp-content\/uploads\/2022\/01\/026c3f9d-dae9-4040-a3c1-a6530231bcc3.jpg 1152w\" sizes=\"auto, (max-width: 100px) 100vw, 100px\" \/><\/a>I podcast informativi del mattino &#8211; audio &#8211;\u00a0<\/span><\/h1>\n<blockquote><p><strong>GIORNALE RADIO NAZIONALE, EDIZIONE DELLE SETTE <span style=\"color: #0000ff;\">viene pubblicato alle 7.05 <span style=\"color: #ff0000;\">DIRETTA RADIO\u00a0<\/span><\/span><\/strong><\/p><\/blockquote>\n<p><strong>il giornale radionazionale e&#8217; in onda ogni ora, dalle sette del mattino alle venti della sera\u00a0\u00a0<\/strong><\/p>\n<p>&nbsp;<\/p>\n<p style=\"text-align: left;\"><button class=\"rounded-lg text-token-text-secondary hover:bg-token-main-surface-secondary\"><br \/>\n<span style=\"color: #ff0000;\">\u00a0 \u00a0 \u00a0 \u00a0 \u00a0 \u00a0 \u00a0 \u00a0 \u00a0 \u00a0 \u00a0 \u00a0 \u00a0 \u00a0 \u00a0 \u00a0 \u00a0 \u00a0 \u00a0 \u00a0 \u00a0 \u00a0 \u00a0 \u00a0 \u00a0 \u00a0 \u00a0 \u00a0 \u00a0 \u00a0 \u00a0 \u00a0 \u00a0 \u00a0 \u00a0 \u00a0 \u00a0 \u00a0 \u00a0 \u00a0 \u00a0 \u00a0 \u00a0 \u00a0 \u00a0 \u00a0 \u00a0 \u00a0 \u00a0 \u00a0 \u00a0 \u00a0 \u00a0 \u00a0 \u00a0 \u00a0 \u00a0 \u00a0 \u00a0 \u00a0 \u00a0 \u00a0 \u00a0 \u00a0 \u00a0 \u00a0 \u00a0 \u00a0 \u00a0 \u00a0 \u00a0 \u00a0 \u00a0 \u00a0 \u00a0 \u00a0 \u00a0 \u00a0 \u00a0 \u00a0 \u00a0 \u00a0 \u00a0 INCIDENTE A ROMA, SI SCONTRA IN SCOOTER CON UN CINGHIALE, MUORE 58ENNE<\/span><br \/>\n<strong>\u00a0 \u00a0 \u00a0 \u00a0 \u00a0 \u00a0 \u00a0 \u00a0 \u00a0 \u00a0 \u00a0 \u00a0 \u00a0 \u00a0 \u00a0 \u00a0 \u00a0 \u00a0 \u00a0 \u00a0 \u00a0 \u00a0 \u00a0 \u00a0 \u00a0 \u00a0 \u00a0 \u00a0 \u00a0 \u00a0 \u00a0 \u00a0 \u00a0 \u00a0 \u00a0 \u00a0 \u00a0 \u00a0 \u00a0 \u00a0 \u00a0 \u00a0 \u00a0 \u00a0 \u00a0 \u00a0 \u00a0 \u00a0 \u00a0 \u00a0 \u00a0 \u00a0 \u00a0 \u00a0 \u00a0 \u00a0 \u00a0 \u00a0 \u00a0 \u00a0 \u00a0 \u00a0 \u00a0 \u00a0 \u00a0 \u00a0 \u00a0 \u00a0 \u00a0 \u00a0 \u00a0 \u00a0 \u00a0 \u00a0 \u00a0 \u00a0 \u00a0 \u00a0 \u00a0 \u00a0 \u00a0TROVATA MORTA IN CASA A FROSINONE, IL COMPAGNO IN CASERMA DAI CARABINIERI<\/strong><\/button><\/p>\n<p>milano travolto in bici muore in ospedale<\/p>\n<p>torino, estorsione e sequestro di persona<\/p>\n<p>San Miniato, incidente al campo volo, 2 morti<\/p>\n<p>Ancora pioggia al nord allarme arancione in Lombardia<\/p>\n<p>Turista in Kayak travolta e uccisa in mare<\/p>\n<h2>AUDIO dalle sette del mattino, ogni ora alla radio<\/h2>\n<audio class=\"wp-audio-shortcode\" id=\"audio-394034-4\" preload=\"none\" style=\"width: 100%;\" controls=\"controls\"><source type=\"audio\/mpeg\" src=\"https:\/\/www.radiopiu.net\/wordpress\/wp-content\/uploads\/2024\/06\/giornale07-8.mp3?_=4\" \/><a href=\"https:\/\/www.radiopiu.net\/wordpress\/wp-content\/uploads\/2024\/06\/giornale07-8.mp3\">https:\/\/www.radiopiu.net\/wordpress\/wp-content\/uploads\/2024\/06\/giornale07-8.mp3<\/a><\/audio>\n<p>&nbsp;<\/p>\n<p>&nbsp;<\/p>\n<hr \/>\n<p>&nbsp;<\/p>\n<p>&nbsp;<\/p>\n<h1><span style=\"color: #ff0000;\">I podcast informativi del mattino &#8211; video &#8211;\u00a0<\/span><\/h1>\n<h2><strong><a class=\"dt-pswp-item\" href=\"https:\/\/www.radiopiu.net\/wordpress\/wp-content\/uploads\/2023\/12\/th-10.jpg\" data-dt-img-description=\"\" data-large_image_width=\"245\" data-large_image_height=\"180\"><img loading=\"lazy\" decoding=\"async\" class=\" wp-image-367395 alignleft\" src=\"https:\/\/www.radiopiu.net\/wordpress\/wp-content\/uploads\/2023\/12\/th-10.jpg\" alt=\"\" width=\"166\" height=\"122\" \/><\/a>RASSEGNA STAMPA LOCALE, ORE OTTO 05<\/strong><\/h2>\n<h2><strong> <span style=\"color: #0000ff;\">viene\u00a0 <\/span><\/strong><strong><span style=\"color: #0000ff;\">pubblicata alle 8.05 <span style=\"color: #ff0000;\">DIRETTA RADIO\u00a0\u00a0<\/span><\/span><\/strong><\/h2>\n<p><strong>DI MIRKO MEZZACASA\u00a0 \u00a0<\/strong><\/p>\n<p>ALPAGO Una donna di\u00a0 56 anni di Limana, dipendente della Luxottica a Sedico,\u00a0 a bordo di una Punto, ha perso la vita nel lago di Santa Croce nella zona della baia delle Sirene. L\u2019allarme\u00a0 al 118 l\u2019ha dato un operatore ecologico della Bellunum che stava svuotando i cassonetti e ha visto l\u2019auto entrare nell\u2019acqua e inabissarsi. Sul posto,\u00a0 i carabinieri della stazione di Alpago; i vigili del fuoco del Comando di Belluno<br \/>\nVENEZIA Dopo i forti temporali della notte scorsa, le previsioni meteo di Arpav indicano un nuovo impulso perturbato con rovesci e temporali intensi. Si prevedono forti rovesci, grandinate e raffiche di vento, con possibili accumuli di pioggia consistenti sulle Prealpi centro orientali e la pianura nord-orientale. Il Centro Funzionale Decentrato della Protezione Civile del Veneto ha emesso un avviso di criticit\u00e0 (allerta gialla) per temporali, valido fino alle 14:00 di oggi per tutti i bacini del Veneto.<br \/>\nelezioni: LA STORIA RICORDERA&#8217;&#8230;.<br \/>\nA Cibiana ha vinto la lista civetta: Mattia Gosetti non \u00e8 pi\u00f9 sindaco, al suo posto c\u2019\u00e8 Sandro Gerardi, che era stato candidato in una lista solo per evitare la lotta contro il quorum e quindi scongiurare il commissariamento del Comune.<br \/>\nIL CONSIGLIO COMUNALE DI AGORDO DOPO LA ROTONDA VITTORIA DI ROBERTO CHISSALE&#8217;, IN MINORANZA OLTRE A SELVA MORETTI, YARI MASOCH, GIANCARLO DEOLA ED EMILIANO COSTA.<br \/>\nLA MAGGIORANZA AD AGORDO CON IL SINDACO ROBERTO CHISSALE&#8217;: Giulio Favretti, Alessandra Da Ronch, Diego Favero, Livio De Nardin, Cristina Bien, Samuel Da Campo, Roberto Agnolet, Stefano Paganin<\/p>\n<h2><span style=\"color: #ff0000;\"><strong>VIDEO\u00a0 \u00a0in diretta dalle 8 del mattino\u00a0<\/strong><\/span><\/h2>\n<p><iframe loading=\"lazy\" title=\"DAL 1983 LA RASSEGNA STAMPA LOCALE di mirko mezzacasa. L&#039;ORIGINALE\" width=\"1200\" height=\"675\" src=\"https:\/\/www.youtube.com\/embed\/2qCSa7IBgFU?feature=oembed\" frameborder=\"0\" allow=\"accelerometer; autoplay; clipboard-write; encrypted-media; gyroscope; picture-in-picture; web-share\" referrerpolicy=\"strict-origin-when-cross-origin\" allowfullscreen><\/iframe><\/p>\n<p>&nbsp;<\/p>\n<p>&nbsp;<\/p>\n<hr \/>\n<p>&nbsp;<\/p>\n<p>&nbsp;<\/p>\n<p><strong><a class=\"dt-pswp-item\" href=\"https:\/\/www.radiopiu.net\/wordpress\/wp-content\/uploads\/2023\/12\/ANTENNA.png\" data-dt-img-description=\"\" data-large_image_width=\"300\" data-large_image_height=\"166\"><img loading=\"lazy\" decoding=\"async\" class=\" wp-image-366306 alignleft\" src=\"https:\/\/www.radiopiu.net\/wordpress\/wp-content\/uploads\/2023\/12\/ANTENNA.png\" alt=\"\" width=\"175\" height=\"97\" \/><\/a>IERI SERA, DAL TG DI ANTENNA 3, ogni sera alle 19 le anticipazioni alla radio, quello che poi seguirete nel TELEGIORNALE BELLUNESE\u00a0 in onda alle 19.30 sul CANALE 10 del digitale terrestre.\u00a0\u00a0<\/strong><\/p>\n<p>&nbsp;<\/p>\n<p><span style=\"color: #ff0000;\"><strong>\u00a0IERI SERA ALLA RADIO&#8230; LE ANTICIPAZIONI DI TIZIANA BOLOGNANI\u00a0<\/strong><\/span><\/p>\n<p><strong>PONTE NELLE ALPI<\/strong> | ELEZIONI AMMINISTRATIVE: ELENA LEVORATO BATTE ROGER DE MENECH<br \/>\n<strong>SEDICO<\/strong> | ELEZIONI AMMINISTRATIVE: A SEDICO VINCE CHRISTIAN ROLDO<br \/>\n<strong>BELLUNO<\/strong> | QUORUM SUPERATO, DOMENICA SERA I PRIMI 15 SINDACI<\/p>\n<audio class=\"wp-audio-shortcode\" id=\"audio-394034-5\" preload=\"none\" style=\"width: 100%;\" controls=\"controls\"><source type=\"audio\/mpeg\" src=\"https:\/\/www.radiopiu.net\/wordpress\/wp-content\/uploads\/2024\/06\/ANTENNA3-5.mp3?_=5\" \/><a href=\"https:\/\/www.radiopiu.net\/wordpress\/wp-content\/uploads\/2024\/06\/ANTENNA3-5.mp3\">https:\/\/www.radiopiu.net\/wordpress\/wp-content\/uploads\/2024\/06\/ANTENNA3-5.mp3<\/a><\/audio>\n<p>&nbsp;<\/p>\n<p>&nbsp;<\/p>\n<p>&nbsp;<\/p>\n<hr \/>\n<p>&nbsp;<\/p>\n<blockquote>\n<h3>ACQUA INQUINATA\u00a0 DA CENCENIGHE A LIVINALLONGO<\/h3>\n<\/blockquote>\n<p><strong><img loading=\"lazy\" decoding=\"async\" class=\"alignleft\" src=\"https:\/\/www.radiopiu.net\/wordpress\/wp-content\/uploads\/2024\/05\/cantiere-municipio-Livinallongo-scaled.jpg\" width=\"231\" height=\"104\" \/>LIVINALLONGO DEL COL DI LANA<\/strong> in localit\u00e0 COLLAZ l&#8217;acqua erogata dall&#8217;acquedotto non \u00e8 potabile e non pu\u00f2 essere usata per scopi alimentari.<\/p>\n<p><strong>CENCENIGHE<\/strong> in localit\u00e0 COLLAZ E PRADIMEZZO l&#8217;acqua erogata dall&#8217;acquedotto non \u00e8 potabile e non pu\u00f2 essere usata per scopi alimentari. Verr\u00e0 effettuato servizio sostitutivo con cisterna in Piazza localit\u00e0 Collaz e Pradimezzo<\/p>\n<blockquote>\n<h1><strong>i lavori sulla rete ferroviaria<\/strong><\/h1>\n<\/blockquote>\n<p><strong>BELLUNO\u00a0<\/strong> La circolazione dei treni sar\u00e0 sospesa da domenica 9 giugno al 14 dicembre 2024 sulla linea Feltre-Belluno, mentre dal 9 giugno al 7 settembre la sospensione riguarder\u00e0 le stazioni di Treviso e Montebelluna.<\/p>\n<p>&nbsp;<\/p>\n<p>&nbsp;<\/p>\n<hr \/>\n<p>&nbsp;<\/p>\n<blockquote>\n<h2>NELLA SFORTUNA&#8230;E&#8217; ANDATA ANCHE BENE<\/h2>\n<\/blockquote>\n<p><strong>REDAZIONE<\/strong> L&#8217;altro giorno un fulmine ai Coi di Taibon ha causato seri danni all&#8217;interno di un&#8217;abitazione dove sono bruciati impianti elettrici, lavatrice, hifi&#8230; e molto altro.<br \/>\nIeri in localit\u00e0 Le Campe lungo la regionale 203 agordina\u00a0 \u00e8 stato presi di mira dalla saetta anche ieri, nella foto il fumo e l&#8217;albero incenerito accanto all&#8217;abitazione&#8230; risparmiata.<\/p>\n<p><strong>foto lucia paganin<\/strong><\/p>\n<p><a class=\"dt-pswp-item\" href=\"https:\/\/www.radiopiu.net\/wordpress\/wp-content\/uploads\/2024\/06\/1084fbc9-ac6d-4a4d-96bb-d59d46fa9304.jpg\" data-dt-img-description=\"\" data-large_image_width=\"2000\" data-large_image_height=\"900\"><img loading=\"lazy\" decoding=\"async\" class=\"alignnone wp-image-394294 size-large\" src=\"https:\/\/www.radiopiu.net\/wordpress\/wp-content\/uploads\/2024\/06\/1084fbc9-ac6d-4a4d-96bb-d59d46fa9304-1024x461.jpg\" alt=\"\" width=\"1024\" height=\"461\" srcset=\"https:\/\/www.radiopiu.net\/wordpress\/wp-content\/uploads\/2024\/06\/1084fbc9-ac6d-4a4d-96bb-d59d46fa9304-1024x461.jpg 1024w, https:\/\/www.radiopiu.net\/wordpress\/wp-content\/uploads\/2024\/06\/1084fbc9-ac6d-4a4d-96bb-d59d46fa9304-300x135.jpg 300w, https:\/\/www.radiopiu.net\/wordpress\/wp-content\/uploads\/2024\/06\/1084fbc9-ac6d-4a4d-96bb-d59d46fa9304-768x346.jpg 768w, https:\/\/www.radiopiu.net\/wordpress\/wp-content\/uploads\/2024\/06\/1084fbc9-ac6d-4a4d-96bb-d59d46fa9304-1536x691.jpg 1536w, https:\/\/www.radiopiu.net\/wordpress\/wp-content\/uploads\/2024\/06\/1084fbc9-ac6d-4a4d-96bb-d59d46fa9304.jpg 2000w\" sizes=\"auto, (max-width: 1024px) 100vw, 1024px\" \/><\/a><\/p>\n<p>&nbsp;<\/p>\n<blockquote>\n<h2>Maltempo a Belluno: chiusura via Cappellari e interventi dei vigili del fuoco<\/h2>\n<\/blockquote>\n<p>***<\/p>\n<p><strong>BELLUNO<\/strong> L\u2019Ardo ha raggiunto livelli preoccupanti, costringendo alla chiusura di via Cappellari, sotto a Fisterre, per la pressione di un tronco sul ponte che collega Belluno a Cavarzano. A Polpet, un\u2019auto \u00e8 rimasta bloccata in un sottopasso allagato. I vigili del fuoco hanno risposto a numerosi allagamenti e frane, intervenendo anche a San Liberale e Case Bortot.<\/p>\n<p>foto, vivt da vpb\u00a0 VIABILTA PROVINCIA di BELLUNO<\/p>\n<p>&nbsp;<\/p>\n<p><img decoding=\"async\" src=\"https:\/\/www.radiopiu.net\/wordpress\/wp-content\/uploads\/2024\/06\/Senza-nome-24.png\" \/><\/p>\n<p>&nbsp;<\/p>\n<hr \/>\n<blockquote>\n<h3><\/h3>\n<h3>MALTEMPO IN VENETO: PERMANE LO STATO DI ATTENZIONE<\/h3>\n<\/blockquote>\n<p><strong>VENEZIA<\/strong> Dopo i forti temporali della notte scorsa, le previsioni meteo di Arpav indicano un nuovo impulso perturbato con rovesci e temporali intensi. Si prevedono forti rovesci, grandinate e raffiche di vento, con possibili accumuli di pioggia consistenti sulle Prealpi centro orientali e la pianura nord-orientale. Il Centro Funzionale Decentrato della Protezione Civile del Veneto ha emesso un avviso di criticit\u00e0 (allerta gialla) per temporali, valido fino alle 14:00 di oggi per tutti i bacini del Veneto.<\/p>\n<p>&nbsp;<\/p>\n<p>&nbsp;<\/p>\n<p>&nbsp;<\/p>\n<hr \/>\n<p><em>\u00a0\u00a0<\/em><\/p>\n<p>&nbsp;<\/p>\n<p><strong><em><a class=\"dt-pswp-item\" href=\"https:\/\/www.radiopiu.net\/wordpress\/wp-content\/uploads\/2024\/06\/Senza-nome-28.png\" data-dt-img-description=\"\" data-large_image_width=\"244\" data-large_image_height=\"230\"><img loading=\"lazy\" decoding=\"async\" class=\"wp-image-394308 alignleft\" src=\"https:\/\/www.radiopiu.net\/wordpress\/wp-content\/uploads\/2024\/06\/Senza-nome-28.png\" alt=\"\" width=\"141\" height=\"133\" \/><\/a>LA STORIA RICORDERA&#8217;&#8230;.\u00a0<\/em><\/strong><\/p>\n<p><em>A Cibiana ha vinto la lista civetta: Mattia Gosetti non \u00e8 pi\u00f9 sindaco, al suo posto c\u2019\u00e8 Sandro Gerardi, che era stato candidato in una lista solo per evitare la lotta contro il quorum e quindi scongiurare il commissariamento del Comune.<\/em><\/p>\n<div class=\"flex-shrink-0 flex flex-col relative items-end\">\n<div>\n<div class=\"pt-0.5 juice:pt-0\">\n<div class=\"gizmo-bot-avatar flex h-6 w-6 items-center justify-center overflow-hidden rounded-full juice:h-8 juice:w-8\"><\/div>\n<div><\/div>\n<\/div>\n<\/div>\n<\/div>\n<blockquote>\n<h4><span style=\"color: #ff0000;\">Dopo gli scrutini nei vari comuni al voto ecco i nuovi sindaci:<\/span><\/h4>\n<table>\n<thead>\n<tr>\n<th>Comune<\/th>\n<th>Sindaco<\/th>\n<th>% Preferenze<\/th>\n<th>Sfidante\/i<\/th>\n<th>% Preferenze Sfidante\/i<\/th>\n<\/tr>\n<\/thead>\n<tbody>\n<tr>\n<td>AGORDO<\/td>\n<td>Roberto Chissal\u00e8<\/td>\n<td>61.71%<\/td>\n<td>Paolo Selva Moretti<\/td>\n<td>38.29%<\/td>\n<\/tr>\n<tr>\n<td>ROCCA PIETORE<\/td>\n<td>Valerio Davare<\/td>\n<td>66.2%<\/td>\n<td>Alessandro Darman<\/td>\n<td>33.8%<\/td>\n<\/tr>\n<tr>\n<td>LIVINALLONGO DEL COL DI LANA<\/td>\n<td>Oscar Nagler<\/td>\n<td>53.74%<\/td>\n<td>Leandro Grones<\/td>\n<td>46.26%<\/td>\n<\/tr>\n<tr>\n<td>SAN TOMASO AGORDINO<\/td>\n<td>Moreno De Val (Lista Unica)<\/td>\n<td>&#8211;<\/td>\n<td>&#8211;<\/td>\n<td>&#8211;<\/td>\n<\/tr>\n<tr>\n<td>TAIBON AGORDINO<\/td>\n<td>Silvia Tormen (Lista Unica)<\/td>\n<td>&#8211;<\/td>\n<td>&#8211;<\/td>\n<td>&#8211;<\/td>\n<\/tr>\n<tr>\n<td>VALLADA AGORDINA<\/td>\n<td>Fabio Ferdinando Luchetta (Lista Unica)<\/td>\n<td>&#8211;<\/td>\n<td>&#8211;<\/td>\n<td>&#8211;<\/td>\n<\/tr>\n<tr>\n<td>ALLEGHE<\/td>\n<td>Danilo De Toni (Lista Unica)<\/td>\n<td>&#8211;<\/td>\n<td>&#8211;<\/td>\n<td>&#8211;<\/td>\n<\/tr>\n<tr>\n<td>LA VALLE AGORDINA<\/td>\n<td>Ezio Zuanel (Lista Unica)<\/td>\n<td>&#8211;<\/td>\n<td>&#8211;<\/td>\n<td>&#8211;<\/td>\n<\/tr>\n<tr>\n<td>SEDICO<\/td>\n<td>Christian Roldo<\/td>\n<td>39.9%<\/td>\n<td>Gioia Sacchet<\/td>\n<td>38.62%<\/td>\n<\/tr>\n<tr>\n<td><\/td>\n<td><\/td>\n<td><\/td>\n<td>Stefano Deon<\/td>\n<td>21.48%<\/td>\n<\/tr>\n<tr>\n<td>BORGO VALBELLUNA<\/td>\n<td>Stefano Cesa<\/td>\n<td>53.78%<\/td>\n<td>Dario Dal Magro<\/td>\n<td>46.22%<\/td>\n<\/tr>\n<tr>\n<td>PONTE NELLE ALPI<\/td>\n<td>Elena Levorato<\/td>\n<td>56.19%<\/td>\n<td>Roger De Menech<\/td>\n<td>44.81%<\/td>\n<\/tr>\n<tr>\n<td>LONGARONE<\/td>\n<td>Roberto Padrin (Lista Unica)<\/td>\n<td>&#8211;<\/td>\n<td>&#8211;<\/td>\n<td>&#8211;<\/td>\n<\/tr>\n<tr>\n<td>SANTA GIUSTINA<\/td>\n<td>Ivan Minella<\/td>\n<td>65.43%<\/td>\n<td>Ennio Vigne<\/td>\n<td>34.57%<\/td>\n<\/tr>\n<tr>\n<td>LIMANA<\/td>\n<td>Michele Talo<\/td>\n<td>35.08%<\/td>\n<td>Milena De Zanet<\/td>\n<td>32.68%<\/td>\n<\/tr>\n<tr>\n<td><\/td>\n<td><\/td>\n<td><\/td>\n<td>Marta Picinotti<\/td>\n<td>25.76%<\/td>\n<\/tr>\n<tr>\n<td><\/td>\n<td><\/td>\n<td><\/td>\n<td>Martino Fogliato<\/td>\n<td>6.49%<\/td>\n<\/tr>\n<tr>\n<td>SETTEVILLE<\/td>\n<td>Bruno Zanolla<\/td>\n<td>56.72%<\/td>\n<td>Antonio Mondin<\/td>\n<td>43.28%<\/td>\n<\/tr>\n<tr>\n<td>ARSIE&#8217;<\/td>\n<td>Ivano Faoro<\/td>\n<td>50.3%<\/td>\n<td>Luca Strappazzon<\/td>\n<td>44.58%<\/td>\n<\/tr>\n<tr>\n<td><\/td>\n<td><\/td>\n<td><\/td>\n<td>Pierpaolo Brustolon<\/td>\n<td>5.13%<\/td>\n<\/tr>\n<tr>\n<td>CIBIANA DI CADORE<\/td>\n<td>Sandro Gerardi<\/td>\n<td>55.03%<\/td>\n<td>Mattia Gosetti<\/td>\n<td>44.97%<\/td>\n<\/tr>\n<tr>\n<td>DOMEGGE DI CADORE<\/td>\n<td>Achille Barnab\u00f2<\/td>\n<td>61.51%<\/td>\n<td>Lino Paolo Fedon<\/td>\n<td>38.49%<\/td>\n<\/tr>\n<tr>\n<td>OSPITALE DI CADORE<\/td>\n<td>Roberto Santin<\/td>\n<td>75%<\/td>\n<td>Omar Canzan<\/td>\n<td>25%<\/td>\n<\/tr>\n<tr>\n<td>SAN NICOLO&#8217; COMELICO<\/td>\n<td>Giancarlo Ianese (Lista Unica)<\/td>\n<td>&#8211;<\/td>\n<td>&#8211;<\/td>\n<td>&#8211;<\/td>\n<\/tr>\n<tr>\n<td>LORENZAGO DI CADORE<\/td>\n<td>Marco D&#8217;Ambros (Lista Unica)<\/td>\n<td>&#8211;<\/td>\n<td>&#8211;<\/td>\n<td>&#8211;<\/td>\n<\/tr>\n<tr>\n<td>DANTA DI CADORE<\/td>\n<td>Thomas Menia Corbanese<\/td>\n<td>62.54%<\/td>\n<td>Baldessare Chist\u00e8 detto Andrea<\/td>\n<td>37.46%<\/td>\n<\/tr>\n<tr>\n<td>COMELICO SUPERIORE<\/td>\n<td>Marco Stanuovo Polacco (Lista Unica)<\/td>\n<td>&#8211;<\/td>\n<td>&#8211;<\/td>\n<td>&#8211;<\/td>\n<\/tr>\n<tr>\n<td>CHIES D&#8217;ALPAGO<\/td>\n<td>Gianluca Dal Borgo (Lista Unica)<\/td>\n<td>&#8211;<\/td>\n<td>&#8211;<\/td>\n<td>&#8211;<\/td>\n<\/tr>\n<tr>\n<td>SEREN DEL GRAPPA<\/td>\n<td>Dario Scopel<\/td>\n<td>76.23%<\/td>\n<td>Tania Santi<\/td>\n<td>23.77%<\/td>\n<\/tr>\n<tr>\n<td>SAN PIETRO DI CADORE<\/td>\n<td>Manuel Casanova Consier (Lista Unica)<\/td>\n<td>&#8211;<\/td>\n<td>&#8211;<\/td>\n<td>&#8211;<\/td>\n<\/tr>\n<tr>\n<td>SANTO STEFANO DI CADORE<\/td>\n<td>Alfredo Comis (Lista Unica)<\/td>\n<td>&#8211;<\/td>\n<td>&#8211;<\/td>\n<td>&#8211;<\/td>\n<\/tr>\n<tr>\n<td>PERAROLO DI CADORE<\/td>\n<td>Pier Luigi Svaluto Ferro (Lista Unica)<\/td>\n<td>&#8211;<\/td>\n<td>&#8211;<\/td>\n<td>&#8211;<\/td>\n<\/tr>\n<tr>\n<td>SAN VITO DI CADORE<\/td>\n<td>Franco De Bon<\/td>\n<td>81.85%<\/td>\n<td>Anna Rosa Martinelli Dibona<\/td>\n<td>18.15%<\/td>\n<\/tr>\n<tr>\n<td>CALALZO DI CADORE<\/td>\n<td>Luca Fanton (Lista Unica)<\/td>\n<td>&#8211;<\/td>\n<td>&#8211;<\/td>\n<td>&#8211;<\/td>\n<\/tr>\n<tr>\n<td>PEDAVENA<\/td>\n<td>Nicola Castellaz (Lista Unica)<\/td>\n<td>&#8211;<\/td>\n<td>&#8211;<\/td>\n<td>&#8211;<\/td>\n<\/tr>\n<\/tbody>\n<\/table>\n<\/blockquote>\n<blockquote class=\"wp-embedded-content\" data-secret=\"EBfYtTUAbL\"><p><a href=\"https:\/\/www.radiopiu.net\/wordpress\/ele1a\/\">SPECIALE ELEZIONI, PAGINA IN AGGIORNAMENTO CONTINUO<\/a><\/p><\/blockquote>\n<p><iframe loading=\"lazy\" class=\"wp-embedded-content\" sandbox=\"allow-scripts\" security=\"restricted\" style=\"position: absolute; clip: rect(1px, 1px, 1px, 1px);\" title=\"&#8220;SPECIALE ELEZIONI, PAGINA IN AGGIORNAMENTO CONTINUO&#8221; &#8212; Radio Pi\u00f9\" src=\"https:\/\/www.radiopiu.net\/wordpress\/ele1a\/embed\/#?secret=c7qBsoJCaH#?secret=EBfYtTUAbL\" data-secret=\"EBfYtTUAbL\" width=\"600\" height=\"338\" frameborder=\"0\" marginwidth=\"0\" marginheight=\"0\" scrolling=\"no\"><\/iframe><\/p>\n<p>&nbsp;<\/p>\n<p>&nbsp;<\/p>\n<blockquote>\n<h3>ELEZIONI COMUNALI 2024: LE INTERVISTE AI NUOVI SINDACI<\/h3>\n<\/blockquote>\n<p><strong><a class=\"dt-pswp-item\" href=\"https:\/\/www.radiopiu.net\/wordpress\/wp-content\/uploads\/2021\/10\/risultati-elezioni-comunali-2021-amministrative-oggi-today-2.jpg\" data-dt-img-description=\"\" data-large_image_width=\"640\" data-large_image_height=\"360\"><img loading=\"lazy\" decoding=\"async\" class=\" wp-image-235320 alignleft\" src=\"https:\/\/www.radiopiu.net\/wordpress\/wp-content\/uploads\/2021\/10\/risultati-elezioni-comunali-2021-amministrative-oggi-today-2-300x169.jpg\" alt=\"\" width=\"178\" height=\"100\" srcset=\"https:\/\/www.radiopiu.net\/wordpress\/wp-content\/uploads\/2021\/10\/risultati-elezioni-comunali-2021-amministrative-oggi-today-2-300x169.jpg 300w, https:\/\/www.radiopiu.net\/wordpress\/wp-content\/uploads\/2021\/10\/risultati-elezioni-comunali-2021-amministrative-oggi-today-2.jpg 640w\" sizes=\"auto, (max-width: 178px) 100vw, 178px\" \/><\/a>AGORDINO<\/strong><\/p>\n<p>DI GIANNI SANTOMASO<\/p>\n<p><strong>\u00a0<\/strong><\/p>\n<p>&nbsp;<\/p>\n<p><strong>ROBERTO CHISSALE&#8217; SINDACO DI AGORDO<\/strong><\/p>\n<audio class=\"wp-audio-shortcode\" id=\"audio-394034-6\" preload=\"none\" style=\"width: 100%;\" controls=\"controls\"><source type=\"audio\/mpeg\" src=\"https:\/\/www.radiopiu.net\/wordpress\/wp-content\/uploads\/2024\/06\/GIANNI-CHISSALE-AGORDO.mp3?_=6\" \/><a href=\"https:\/\/www.radiopiu.net\/wordpress\/wp-content\/uploads\/2024\/06\/GIANNI-CHISSALE-AGORDO.mp3\">https:\/\/www.radiopiu.net\/wordpress\/wp-content\/uploads\/2024\/06\/GIANNI-CHISSALE-AGORDO.mp3<\/a><\/audio>\n<p>&nbsp;<\/p>\n<p>&nbsp;<\/p>\n<p><strong><a class=\"dt-pswp-item\" href=\"https:\/\/www.radiopiu.net\/wordpress\/wp-content\/uploads\/2024\/02\/ROBERTO-CHISSALE.png\" data-dt-img-description=\"\" data-large_image_width=\"720\" data-large_image_height=\"441\"><img loading=\"lazy\" decoding=\"async\" class=\"wp-image-375435 alignleft\" src=\"https:\/\/www.radiopiu.net\/wordpress\/wp-content\/uploads\/2024\/02\/ROBERTO-CHISSALE-300x184.png\" alt=\"\" width=\"209\" height=\"128\" srcset=\"https:\/\/www.radiopiu.net\/wordpress\/wp-content\/uploads\/2024\/02\/ROBERTO-CHISSALE-300x184.png 300w, https:\/\/www.radiopiu.net\/wordpress\/wp-content\/uploads\/2024\/02\/ROBERTO-CHISSALE.png 720w\" sizes=\"auto, (max-width: 209px) 100vw, 209px\" \/><\/a>IL CONSIGLIO\u00a0 Giulio Favretti, Alessandra Da Ronch, Diego Favero, Livio De Nardin, Cristina Bien, Samuel Da Campo, Roberto Agnolet, Stefano Paganin, <span style=\"color: #ff0000;\">Paolo Selva Moretti, Emiliano Costa, Giancarlo Deola e Yari Masoch\u00a0\u00a0<\/span><\/strong><\/p>\n<p>&nbsp;<\/p>\n<p>&nbsp;<\/p>\n<p><span style=\"color: #0000ff;\"><strong>la prima intervista alla radio di ROBERTO CHISSALE&#8217;\u00a0<\/strong><\/span><\/p>\n<audio class=\"wp-audio-shortcode\" id=\"audio-394034-7\" preload=\"none\" style=\"width: 100%;\" controls=\"controls\"><source type=\"audio\/mpeg\" src=\"https:\/\/www.radiopiu.net\/wordpress\/wp-content\/uploads\/2024\/06\/CHIA.mp3?_=7\" \/><a href=\"https:\/\/www.radiopiu.net\/wordpress\/wp-content\/uploads\/2024\/06\/CHIA.mp3\">https:\/\/www.radiopiu.net\/wordpress\/wp-content\/uploads\/2024\/06\/CHIA.mp3<\/a><\/audio>\n<p>&nbsp;<\/p>\n<hr \/>\n<h1><strong>\u00a0<\/strong><\/h1>\n<h1><strong>\u00a0<\/strong><\/h1>\n<h1><strong><a class=\"dt-pswp-item\" href=\"https:\/\/www.radiopiu.net\/wordpress\/wp-content\/uploads\/2024\/06\/VALERIO-DAVARE.png\" data-dt-img-description=\"\" data-large_image_width=\"513\" data-large_image_height=\"495\"><img loading=\"lazy\" decoding=\"async\" class=\"wp-image-393708 alignleft\" src=\"https:\/\/www.radiopiu.net\/wordpress\/wp-content\/uploads\/2024\/06\/VALERIO-DAVARE-300x289.png\" alt=\"\" width=\"189\" height=\"182\" srcset=\"https:\/\/www.radiopiu.net\/wordpress\/wp-content\/uploads\/2024\/06\/VALERIO-DAVARE-300x289.png 300w, https:\/\/www.radiopiu.net\/wordpress\/wp-content\/uploads\/2024\/06\/VALERIO-DAVARE.png 513w\" sizes=\"auto, (max-width: 189px) 100vw, 189px\" \/><\/a><\/strong><\/h1>\n<h1><strong>VALERIO DAVARE SINDACO DI ROCCA PIETORE\u00a0<\/strong><\/h1>\n<p>DI GIANNI SANTOMASO<\/p>\n<audio class=\"wp-audio-shortcode\" id=\"audio-394034-8\" preload=\"none\" style=\"width: 100%;\" controls=\"controls\"><source type=\"audio\/mpeg\" src=\"https:\/\/www.radiopiu.net\/wordpress\/wp-content\/uploads\/2024\/06\/GIANNI-DAVARE-ROCCA-PIETORE.mp3?_=8\" \/><a href=\"https:\/\/www.radiopiu.net\/wordpress\/wp-content\/uploads\/2024\/06\/GIANNI-DAVARE-ROCCA-PIETORE.mp3\">https:\/\/www.radiopiu.net\/wordpress\/wp-content\/uploads\/2024\/06\/GIANNI-DAVARE-ROCCA-PIETORE.mp3<\/a><\/audio>\n<p><strong>\u00a0<\/strong><\/p>\n<blockquote><p><strong>\u00a0<\/strong><\/p><\/blockquote>\n<p><strong>I PIU&#8217; VOTATI<\/strong> Jaqueline Lezuo 39, Ivano Anselmo Darman 33, Walter Fersuoch 26<\/p>\n<p>&nbsp;<\/p>\n<p>&nbsp;<\/p>\n<hr \/>\n<p>&nbsp;<\/p>\n<h1><strong><a class=\"dt-pswp-item\" href=\"https:\/\/www.radiopiu.net\/wordpress\/wp-content\/uploads\/2024\/01\/silvia-tormen.jpeg\" data-dt-img-description=\"\" data-large_image_width=\"834\" data-large_image_height=\"622\"><img loading=\"lazy\" decoding=\"async\" class=\"wp-image-370807 alignleft\" src=\"https:\/\/www.radiopiu.net\/wordpress\/wp-content\/uploads\/2024\/01\/silvia-tormen-300x224.jpeg\" alt=\"\" width=\"208\" height=\"155\" srcset=\"https:\/\/www.radiopiu.net\/wordpress\/wp-content\/uploads\/2024\/01\/silvia-tormen-300x224.jpeg 300w, https:\/\/www.radiopiu.net\/wordpress\/wp-content\/uploads\/2024\/01\/silvia-tormen-768x573.jpeg 768w, https:\/\/www.radiopiu.net\/wordpress\/wp-content\/uploads\/2024\/01\/silvia-tormen.jpeg 834w\" sizes=\"auto, (max-width: 208px) 100vw, 208px\" \/><\/a>SILVIA TORMEN SINDACO DI TAIBON<\/strong><\/h1>\n<p>DI GIANNI SANTOMASO<\/p>\n<audio class=\"wp-audio-shortcode\" id=\"audio-394034-9\" preload=\"none\" style=\"width: 100%;\" controls=\"controls\"><source type=\"audio\/mpeg\" src=\"https:\/\/www.radiopiu.net\/wordpress\/wp-content\/uploads\/2024\/06\/GIANNI-TORMEN-TAIBON.mp3?_=9\" \/><a href=\"https:\/\/www.radiopiu.net\/wordpress\/wp-content\/uploads\/2024\/06\/GIANNI-TORMEN-TAIBON.mp3\">https:\/\/www.radiopiu.net\/wordpress\/wp-content\/uploads\/2024\/06\/GIANNI-TORMEN-TAIBON.mp3<\/a><\/audio>\n<blockquote><p><strong>\u00a0<\/strong><\/p><\/blockquote>\n<p><strong>CONSIGLIO COMUNALE<\/strong> Tommaso Alfonsi, Franco Soccol, Alessia Soccol, Gaia Pezzei, Sisto Forcellini, Alessia Dal Magro, Franco Benvegn\u00f9, Nicola Cadorin, Andrea Favaro e Moreno Ben<\/p>\n<p><span style=\"color: #ff0000;\">LA PRIMA INTERVISTA ALLA RADIO<\/span><\/p>\n<audio class=\"wp-audio-shortcode\" id=\"audio-394034-10\" preload=\"none\" style=\"width: 100%;\" controls=\"controls\"><source type=\"audio\/mpeg\" src=\"https:\/\/www.radiopiu.net\/wordpress\/wp-content\/uploads\/2024\/06\/SILVIA-TOM.mp3?_=10\" \/><a href=\"https:\/\/www.radiopiu.net\/wordpress\/wp-content\/uploads\/2024\/06\/SILVIA-TOM.mp3\">https:\/\/www.radiopiu.net\/wordpress\/wp-content\/uploads\/2024\/06\/SILVIA-TOM.mp3<\/a><\/audio>\n<p>&nbsp;<\/p>\n<p>&nbsp;<\/p>\n<hr \/>\n<p>&nbsp;<\/p>\n<p>&nbsp;<\/p>\n<p><a class=\"dt-pswp-item\" href=\"https:\/\/www.radiopiu.net\/wordpress\/wp-content\/uploads\/2019\/05\/ALLEGHE-DANILO-DE-TONI.jpeg\" data-dt-img-description=\"\" data-large_image_width=\"1373\" data-large_image_height=\"1600\"><img loading=\"lazy\" decoding=\"async\" class=\"wp-image-86463 alignleft\" src=\"https:\/\/www.radiopiu.net\/wordpress\/wp-content\/uploads\/2019\/05\/ALLEGHE-DANILO-DE-TONI-257x300.jpeg\" alt=\"\" width=\"146\" height=\"170\" srcset=\"https:\/\/www.radiopiu.net\/wordpress\/wp-content\/uploads\/2019\/05\/ALLEGHE-DANILO-DE-TONI-257x300.jpeg 257w, https:\/\/www.radiopiu.net\/wordpress\/wp-content\/uploads\/2019\/05\/ALLEGHE-DANILO-DE-TONI-768x895.jpeg 768w, https:\/\/www.radiopiu.net\/wordpress\/wp-content\/uploads\/2019\/05\/ALLEGHE-DANILO-DE-TONI-879x1024.jpeg 879w, https:\/\/www.radiopiu.net\/wordpress\/wp-content\/uploads\/2019\/05\/ALLEGHE-DANILO-DE-TONI.jpeg 1373w\" sizes=\"auto, (max-width: 146px) 100vw, 146px\" \/><\/a><strong>ALLEGHE, DANILO DE TONI\u00a0<\/strong><\/p>\n<audio class=\"wp-audio-shortcode\" id=\"audio-394034-11\" preload=\"none\" style=\"width: 100%;\" controls=\"controls\"><source type=\"audio\/mpeg\" src=\"https:\/\/www.radiopiu.net\/wordpress\/wp-content\/uploads\/2024\/06\/DANILO-1.mp3?_=11\" \/><a href=\"https:\/\/www.radiopiu.net\/wordpress\/wp-content\/uploads\/2024\/06\/DANILO-1.mp3\">https:\/\/www.radiopiu.net\/wordpress\/wp-content\/uploads\/2024\/06\/DANILO-1.mp3<\/a><\/audio>\n<p>&nbsp;<\/p>\n<p>&nbsp;<\/p>\n<hr \/>\n<p>&nbsp;<\/p>\n<h3><\/h3>\n<h3><a class=\"dt-pswp-item\" href=\"https:\/\/www.radiopiu.net\/wordpress\/wp-content\/uploads\/2019\/04\/La-Valle_Ezio-Zuanel.jpg\" data-dt-img-description=\"\" data-large_image_width=\"3264\" data-large_image_height=\"1840\"><img loading=\"lazy\" decoding=\"async\" class=\"wp-image-83889 alignleft\" src=\"https:\/\/www.radiopiu.net\/wordpress\/wp-content\/uploads\/2019\/04\/La-Valle_Ezio-Zuanel-300x169.jpg\" alt=\"\" width=\"172\" height=\"97\" srcset=\"https:\/\/www.radiopiu.net\/wordpress\/wp-content\/uploads\/2019\/04\/La-Valle_Ezio-Zuanel-300x169.jpg 300w, https:\/\/www.radiopiu.net\/wordpress\/wp-content\/uploads\/2019\/04\/La-Valle_Ezio-Zuanel-768x433.jpg 768w, https:\/\/www.radiopiu.net\/wordpress\/wp-content\/uploads\/2019\/04\/La-Valle_Ezio-Zuanel-1024x577.jpg 1024w\" sizes=\"auto, (max-width: 172px) 100vw, 172px\" \/><\/a>LA VALLE QUASI 500 PREFERENZE PER EZIO ZUANEL<\/h3>\n<p><span style=\"color: #ff0000;\"><strong>CONSIGLIO COMUNALE<\/strong> Ezio Zuanel,<\/span> Stefano Mezzacasa, Renato De Zaiacomo, Valentino De Zaiacomo, Linda Costa, Kevin Da Roit, Donatalla Dai Pra, Giuliano Dell&#8217;Olivo, Valeria Rosson e Federico De Col<\/p>\n<p><span style=\"color: #ff0000;\"><strong>alla radio&#8230;<\/strong><\/span><\/p>\n<audio class=\"wp-audio-shortcode\" id=\"audio-394034-12\" preload=\"none\" style=\"width: 100%;\" controls=\"controls\"><source type=\"audio\/mpeg\" src=\"https:\/\/www.radiopiu.net\/wordpress\/wp-content\/uploads\/2024\/06\/ZUANEL.mp3?_=12\" \/><a href=\"https:\/\/www.radiopiu.net\/wordpress\/wp-content\/uploads\/2024\/06\/ZUANEL.mp3\">https:\/\/www.radiopiu.net\/wordpress\/wp-content\/uploads\/2024\/06\/ZUANEL.mp3<\/a><\/audio>\n<p>&nbsp;<\/p>\n<p>&nbsp;<\/p>\n<hr \/>\n<p><strong>\u00a0<\/strong><\/p>\n<p><strong><a class=\"dt-pswp-item\" href=\"https:\/\/www.radiopiu.net\/wordpress\/wp-content\/uploads\/2023\/09\/nagler.png\" data-dt-img-description=\"\" data-large_image_width=\"455\" data-large_image_height=\"256\"><img loading=\"lazy\" decoding=\"async\" class=\" wp-image-353266 alignleft\" src=\"https:\/\/www.radiopiu.net\/wordpress\/wp-content\/uploads\/2023\/09\/nagler-300x169.png\" alt=\"\" width=\"209\" height=\"118\" srcset=\"https:\/\/www.radiopiu.net\/wordpress\/wp-content\/uploads\/2023\/09\/nagler-300x169.png 300w, https:\/\/www.radiopiu.net\/wordpress\/wp-content\/uploads\/2023\/09\/nagler.png 455w\" sizes=\"auto, (max-width: 209px) 100vw, 209px\" \/><\/a>NAGLER METTE GRONES NELL&#8217;ANGOLO Palla e Del Monego i pi\u00f9 votati.<\/strong><\/p>\n<p><strong>LIVINALLONGO<\/strong><\/p>\n<p><strong>FODOM DEL DAVEGNI DI OSCAR NAGLER<\/strong>, <span style=\"color: #ff0000;\">GABRIELE DEL MONEGO 66<\/span>, PAOLO DE MATTIA 36, RICCARDO DORIGO 16, DAVIDE TESTOR 31, ANDREA PEZZEI 19, FLORIN DA ROIT 12, MARIANNA CREPAZ 31.<\/p>\n<p><strong>AUNA PER FODOM DI LEANDRO GRONES<\/strong>, ALOIS BREDARIOL 11, LEO CREPAZ 25, PIERINA FOPPA 28, ALBERTO GABRIELI 12, FRANCESCO MARTINI 12, <span style=\"color: #ff0000;\"><strong>GIANNI PALLA 59<\/strong><\/span>, MASSIMO PALLUA 5, MARCO PEZZEI 16<\/p>\n<p>LORENZO SORATROI<\/p>\n<audio class=\"wp-audio-shortcode\" id=\"audio-394034-13\" preload=\"none\" style=\"width: 100%;\" controls=\"controls\"><source type=\"audio\/ogg\" src=\"https:\/\/www.radiopiu.net\/wordpress\/wp-content\/uploads\/2024\/06\/WhatsApp-Ptt-2024-06-11-at-06.52.47.ogg?_=13\" \/><a href=\"https:\/\/www.radiopiu.net\/wordpress\/wp-content\/uploads\/2024\/06\/WhatsApp-Ptt-2024-06-11-at-06.52.47.ogg\">https:\/\/www.radiopiu.net\/wordpress\/wp-content\/uploads\/2024\/06\/WhatsApp-Ptt-2024-06-11-at-06.52.47.ogg<\/a><\/audio>\n<p>&nbsp;<\/p>\n<hr \/>\n<p>&nbsp;<\/p>\n<blockquote>\n<h3 class=\"_title post-title entry-title\">ELEZIONI AMMINISTRATIVE: A SEDICO VINCE CHRISTIAN ROLDO<\/h3>\n<\/blockquote>\n<p>CHRISTIAN ROLDO (SINDACO DI SEDICO) (Servizio di\u00a0<a href=\"https:\/\/antennatre.medianordest.it\/redazione\/Tiziana-Bolognani\/\">Tiziana Bolognani<\/a>)<\/p>\n<p><iframe loading=\"lazy\" title=\"ELEZIONI AMMINISTRATIVE: A SEDICO VINCE CHRISTIAN ROLDO | 10\/06\/2024\" width=\"1200\" height=\"675\" src=\"https:\/\/www.youtube.com\/embed\/4zVRFWUYt8Y?feature=oembed\" frameborder=\"0\" allow=\"accelerometer; autoplay; clipboard-write; encrypted-media; gyroscope; picture-in-picture; web-share\" referrerpolicy=\"strict-origin-when-cross-origin\" allowfullscreen><\/iframe><\/p>\n<p>&nbsp;<\/p>\n<p>&nbsp;<\/p>\n<hr \/>\n<p>&nbsp;<\/p>\n<blockquote>\n<h3>FATALE CADUTA ACCIDENTALE, MUORE UNA DONNA<\/h3>\n<\/blockquote>\n<div class=\"mt-1 flex gap-3 empty:hidden juice:-ml-3\">\n<div class=\"items-center justify-start rounded-xl p-1 flex\">\n<div class=\"flex items-center\">\n<p><strong><a class=\"dt-pswp-item\" href=\"https:\/\/www.radiopiu.net\/wordpress\/wp-content\/uploads\/2024\/06\/Senza-nome-26.png\" data-dt-img-description=\"\" data-large_image_width=\"260\" data-large_image_height=\"218\"><img loading=\"lazy\" decoding=\"async\" class=\"wp-image-394304 alignleft\" src=\"https:\/\/www.radiopiu.net\/wordpress\/wp-content\/uploads\/2024\/06\/Senza-nome-26.png\" alt=\"\" width=\"150\" height=\"126\" \/><\/a>DOMEGGE\u00a0<\/strong><\/p>\n<div class=\"flex flex-grow flex-col max-w-full\">\n<div class=\"min-h-[20px] text-message flex flex-col items-start whitespace-pre-wrap break-words [.text-message+&amp;]:mt-5 juice:w-full juice:items-end overflow-x-auto gap-2\" dir=\"auto\" data-message-author-role=\"assistant\" data-message-id=\"5ed61f78-69f6-4ece-bd68-1afc00b59001\">\n<div class=\"flex w-full flex-col gap-1 juice:empty:hidden juice:first:pt-[3px]\">\n<div class=\"markdown prose w-full break-words dark:prose-invert dark\">\n<p>Lorena Fedon, 56 anni, di Vallesella, Domegge di Cadore, \u00e8 morta domenica sera cadendo in una scarpata davanti alla sua casa. Dopo essere inciampata o scivolata, ha riportato un politrauma fatale. I familiari hanno allertato il 118, ma all\u2019arrivo dei soccorsi non c&#8217;era pi\u00f9 nulla da fare. La Procura dovrebbe presto concedere il nulla osta alla sepoltura. Lorena era amata nella comunit\u00e0 e lavorava alla C&amp;G Italy.<\/p>\n<\/div>\n<\/div>\n<\/div>\n<\/div>\n<p>&nbsp;<\/p>\n<\/div>\n<\/div>\n<\/div>\n<p>&nbsp;<\/p>\n<hr \/>\n<p>&nbsp;<\/p>\n<blockquote>\n<h3><a class=\"dt-pswp-item\" href=\"https:\/\/www.radiopiu.net\/wordpress\/wp-content\/uploads\/2024\/06\/Senza-nome-25.png\" data-dt-img-description=\"\" data-large_image_width=\"497\" data-large_image_height=\"278\"><img loading=\"lazy\" decoding=\"async\" class=\"wp-image-394302 alignleft\" src=\"https:\/\/www.radiopiu.net\/wordpress\/wp-content\/uploads\/2024\/06\/Senza-nome-25-300x168.png\" alt=\"\" width=\"207\" height=\"116\" srcset=\"https:\/\/www.radiopiu.net\/wordpress\/wp-content\/uploads\/2024\/06\/Senza-nome-25-300x168.png 300w, https:\/\/www.radiopiu.net\/wordpress\/wp-content\/uploads\/2024\/06\/Senza-nome-25.png 497w\" sizes=\"auto, (max-width: 207px) 100vw, 207px\" \/><\/a>LA PUNTO S&#8217;INABISSA NEL LAGO DI SANTA CROCE, MUORE UNA DONNA<\/h3>\n<\/blockquote>\n<p><strong>ALPAGO<\/strong> Una donna di\u00a0 56 anni di Limana, dipendente della Luxottica a Sedico,\u00a0 a bordo di una Punto, ha perso la vita nel lago di Santa Croce nella zona della baia delle Sirene. L\u2019allarme\u00a0 al 118 l\u2019ha dato un operatore ecologico della Bellunum che stava svuotando i cassonetti e ha visto l\u2019auto entrare nell\u2019acqua e inabissarsi. Sul posto,\u00a0 i carabinieri della stazione di Alpago; i vigili del fuoco del Comando di Belluno<\/p>\n<div style=\"width: 480px;\" class=\"wp-video\"><video class=\"wp-video-shortcode\" id=\"video-394034-1\" width=\"480\" height=\"848\" preload=\"metadata\" controls=\"controls\"><source type=\"video\/mp4\" src=\"https:\/\/www.radiopiu.net\/wordpress\/wp-content\/uploads\/2024\/06\/WhatsApp-Video-2024-06-10-at-11.11.53.mp4?_=1\" \/><a href=\"https:\/\/www.radiopiu.net\/wordpress\/wp-content\/uploads\/2024\/06\/WhatsApp-Video-2024-06-10-at-11.11.53.mp4\">https:\/\/www.radiopiu.net\/wordpress\/wp-content\/uploads\/2024\/06\/WhatsApp-Video-2024-06-10-at-11.11.53.mp4<\/a><\/video><\/div>\n<p>&nbsp;<\/p>\n<div style=\"width: 848px;\" class=\"wp-video\"><video class=\"wp-video-shortcode\" id=\"video-394034-2\" width=\"848\" height=\"480\" preload=\"metadata\" controls=\"controls\"><source type=\"video\/mp4\" src=\"https:\/\/www.radiopiu.net\/wordpress\/wp-content\/uploads\/2024\/06\/WhatsApp-Video-2024-06-10-at-11.17.49.mp4?_=2\" \/><a href=\"https:\/\/www.radiopiu.net\/wordpress\/wp-content\/uploads\/2024\/06\/WhatsApp-Video-2024-06-10-at-11.17.49.mp4\">https:\/\/www.radiopiu.net\/wordpress\/wp-content\/uploads\/2024\/06\/WhatsApp-Video-2024-06-10-at-11.17.49.mp4<\/a><\/video><\/div>\n<p>&nbsp;<\/p>\n<p>&nbsp;<\/p>\n<hr \/>\n<p>&nbsp;<\/p>\n<blockquote>\n<h3>DOPPIO INTERVENTO DEL SUEM NEL POMERIGGIO<\/h3>\n<\/blockquote>\n<p><strong>REDAZIONE<\/strong> Sono due gli interventi registrati dal Suem 118 nel pomeriggio di ieri. Il primo a Cortina alle 14:20 per una donna di 92 anni che aveva accusato un malore. La paziente \u00e8 stata elitrasportata all&#8217;ospedale di Belluno. A Caprie di Alleghe invece \u00e8 arrivata l&#8217;ambulanza per soccorrere un 32enne di Rocca Pietore che si era infortunato in seguito ad un incidente sportivo. Ferite di medie gravita per l&#8217;uomo che \u00e8 stato portato all&#8217;ospedale di Agordo.<\/p>\n<p>&nbsp;<\/p>\n<hr \/>\n<p>&nbsp;<\/p>\n<blockquote>\n<h3>ESCURSIONISTA BLOCCATO DALLA PIENA DEL TORRENTE<\/h3>\n<\/blockquote>\n<p><strong>SEDICO<\/strong> Verso le 18.15 di ieri il Soccorso alpino di Belluno \u00e8 stato allertato per un escursionista in difficolt\u00e0 a causa della piena di un torrente. Il 63enne di Bolzano era partito dalla passerella del Peron con il sole seguendo il Sentiero degli ospizi, diretto a vedere la Cascata di Montarezzo. All&#8217;improvviso in pochi minuti l&#8217;uomo si \u00e8 trovato bloccato dal torrente ingrossato dalla pioggia torrenziale e ha chiesto aiuto. Una squadra lo ha raggiunto assieme a personale del Gruppo forre. Una volta da lui, con il livello del torrente gi\u00e0 diminuito, i soccorritori hanno attrezzato una corda fissa e lo hanno aiutato a uscire dalla forra, per poi accompagnarlo alla macchina.<\/p>\n<p>&nbsp;<\/p>\n<p>&nbsp;<\/p>\n<hr \/>\n<p>&nbsp;<\/p>\n<blockquote>\n<h3>ORSO FOTOTRAPPOLATO NEL FELTRINO<\/h3>\n<\/blockquote>\n<p><strong><a class=\"dt-pswp-item\" href=\"https:\/\/www.radiopiu.net\/wordpress\/wp-content\/uploads\/2024\/06\/ORSO.jpg\" data-dt-img-description=\"\" data-large_image_width=\"1280\" data-large_image_height=\"895\"><img loading=\"lazy\" decoding=\"async\" class=\" wp-image-394192 alignleft\" src=\"https:\/\/www.radiopiu.net\/wordpress\/wp-content\/uploads\/2024\/06\/ORSO-300x210.jpg\" alt=\"\" width=\"173\" height=\"121\" srcset=\"https:\/\/www.radiopiu.net\/wordpress\/wp-content\/uploads\/2024\/06\/ORSO-300x210.jpg 300w, https:\/\/www.radiopiu.net\/wordpress\/wp-content\/uploads\/2024\/06\/ORSO-1024x716.jpg 1024w, https:\/\/www.radiopiu.net\/wordpress\/wp-content\/uploads\/2024\/06\/ORSO-768x537.jpg 768w, https:\/\/www.radiopiu.net\/wordpress\/wp-content\/uploads\/2024\/06\/ORSO.jpg 1280w\" sizes=\"auto, (max-width: 173px) 100vw, 173px\" \/><\/a>BELLUNO<\/strong> Un orso \u00e8 stato avvistato nel Bellunese, nella zona del Feltrino alle pendici del Monte Avena, grazie a fototrappole. Gli esperti della Polizia Provinciale confermano che si tratta di un animale diverso da quello avvistato precedentemente tra Val di Zoldo e Longarone, riconoscibile per una macchia bianca sul dorso. Gli apicoltori sono esortati a prendere misure di prevenzione, come installare recinzioni e non abbandonare rifiuti organici, per proteggere gli alveari dagli attacchi dell&#8217;orso, che cerca frequentemente miele. \u00c8 consigliato monitorare regolarmente le arnie, specialmente quelle in aree remote, e segnalare eventuali attacchi.<\/p>\n<p>&nbsp;<\/p>\n<p>&nbsp;<\/p>\n<hr \/>\n<p>&nbsp;<\/p>\n<blockquote>\n<h3>ESSILORLUXOTTICA: IN ABRUZZO NUOVI INVESTIMENTI IN SOSTENIBILITA&#8217; E EFFICIENZA ENERGETICA<\/h3>\n<\/blockquote>\n<p><strong><a class=\"dt-pswp-item\" href=\"https:\/\/www.radiopiu.net\/wordpress\/wp-content\/uploads\/2024\/04\/essilorluxottica.png\" data-dt-img-description=\"\" data-large_image_width=\"400\" data-large_image_height=\"400\"><img loading=\"lazy\" decoding=\"async\" class=\" wp-image-386124 alignleft\" src=\"https:\/\/www.radiopiu.net\/wordpress\/wp-content\/uploads\/2024\/04\/essilorluxottica-300x300.png\" alt=\"\" width=\"157\" height=\"157\" srcset=\"https:\/\/www.radiopiu.net\/wordpress\/wp-content\/uploads\/2024\/04\/essilorluxottica-300x300.png 300w, https:\/\/www.radiopiu.net\/wordpress\/wp-content\/uploads\/2024\/04\/essilorluxottica-150x150.png 150w, https:\/\/www.radiopiu.net\/wordpress\/wp-content\/uploads\/2024\/04\/essilorluxottica.png 400w\" sizes=\"auto, (max-width: 157px) 100vw, 157px\" \/><\/a>CHARENTON-LE-PONT (FRANCIA)<\/strong> EssilorLuxottica sta realizzando un progetto innovativo in Abruzzo per recuperare e riconvertire terreni industriali attorno alla sede di Barberini, specialista nella lavorazione di lenti in cristallo. Il progetto include la creazione di un parco solare da 20 MW su 25 ettari, in grado di produrre 30.000 MWh annui di energia pulita, sufficiente per circa 10.000 famiglie, e collegato al sito produttivo per massimizzare l&#8217;autoconsumo. Su quasi 40 ettari di terreno, saranno presenti aree verdi per attivit\u00e0 sportive e colture agricole per le mense aziendali, promuovendo circolarit\u00e0 e sostenibilit\u00e0. Questo \u00e8 il primo parco solare gestito direttamente da EssilorLuxottica e si integra con gli impianti fotovoltaici esistenti, rafforzando l&#8217;impegno del Gruppo verso l&#8217;energia rinnovabile e la riduzione dei consumi energetici e idrici. Collaborando con istituzioni locali, il progetto mira alla carbon neutrality entro il 2025, in linea con il programma Eyes on the Planet. L&#8217;area sar\u00e0 aperta al pubblico, offrendo percorsi pedonali tra coltivazioni stagionali e apicolture, con completamento previsto per i primi mesi del 2025. Francesco Milleri, Presidente e Amministratore Delegato, ha dichiarato che queste iniziative sono cruciali per migliorare l&#8217;efficienza energetica globale e raggiungere la carbon neutrality di tutte le attivit\u00e0 del Gruppo entro il prossimo anno.<\/p>\n<p>&nbsp;<\/p>\n<hr \/>\n<p>&nbsp;<\/p>\n<blockquote>\n<h3>1,6 MILIONI DI EURO PER LE STRADE BELLUNESI<\/h3>\n<\/blockquote>\n<p><strong><a class=\"dt-pswp-item\" href=\"https:\/\/www.radiopiu.net\/wordpress\/wp-content\/uploads\/2021\/04\/lavori-asfalto.jpg\" data-dt-img-description=\"\" data-large_image_width=\"1920\" data-large_image_height=\"1440\"><img loading=\"lazy\" decoding=\"async\" class=\" wp-image-205540 alignleft\" src=\"https:\/\/www.radiopiu.net\/wordpress\/wp-content\/uploads\/2021\/04\/lavori-asfalto-300x225.jpg\" alt=\"\" width=\"200\" height=\"150\" srcset=\"https:\/\/www.radiopiu.net\/wordpress\/wp-content\/uploads\/2021\/04\/lavori-asfalto-300x225.jpg 300w, https:\/\/www.radiopiu.net\/wordpress\/wp-content\/uploads\/2021\/04\/lavori-asfalto-1024x768.jpg 1024w, https:\/\/www.radiopiu.net\/wordpress\/wp-content\/uploads\/2021\/04\/lavori-asfalto-768x576.jpg 768w, https:\/\/www.radiopiu.net\/wordpress\/wp-content\/uploads\/2021\/04\/lavori-asfalto-1536x1152.jpg 1536w, https:\/\/www.radiopiu.net\/wordpress\/wp-content\/uploads\/2021\/04\/lavori-asfalto.jpg 1920w\" sizes=\"auto, (max-width: 200px) 100vw, 200px\" \/><\/a>BELLUNO<\/strong> Buone notizie per le strade bellunesi: lo Stato fornir\u00e0 risorse per manutenzioni straordinarie e messa in sicurezza. Nei prossimi cinque anni saranno destinati 1,6 milioni di euro all&#8217;anno per la viabilit\u00e0 provinciale, come stabilito dal Decreto del Ministero delle Infrastrutture e Mobilit\u00e0 Sostenibile del 26 aprile 2022. La vice presidente della Provincia di Belluno, Silvia Calligaro, sottolinea l&#8217;importanza di questi fondi, soprattutto dopo i tagli subiti dal 2011 al 2014 che hanno azzerato i trasferimenti statali, costringendo la provincia a utilizzare fondi alternativi. Le nuove risorse saranno impiegate per interventi di manutenzione straordinaria e miglioramento della sicurezza, includendo asfaltature, messa in sicurezza di ponti, viadotti, gallerie, versanti e installazione di nuovi guardrail.<\/p>\n<p>&nbsp;<\/p>\n<p>&nbsp;<\/p>\n<hr \/>\n<p>&nbsp;<\/p>\n<blockquote>\n<h3>PLASTIC FREE PULISCE IL CENTRO DI BELLUNO<\/h3>\n<\/blockquote>\n<p><strong><a class=\"dt-pswp-item\" href=\"https:\/\/www.radiopiu.net\/wordpress\/wp-content\/uploads\/2024\/06\/677bdbd6-cab3-4164-a230-7b530e204716.jpg\" data-dt-img-description=\"\" data-large_image_width=\"750\" data-large_image_height=\"1000\"><img loading=\"lazy\" decoding=\"async\" class=\" wp-image-394158 alignleft\" src=\"https:\/\/www.radiopiu.net\/wordpress\/wp-content\/uploads\/2024\/06\/677bdbd6-cab3-4164-a230-7b530e204716-225x300.jpg\" alt=\"\" width=\"110\" height=\"147\" srcset=\"https:\/\/www.radiopiu.net\/wordpress\/wp-content\/uploads\/2024\/06\/677bdbd6-cab3-4164-a230-7b530e204716-225x300.jpg 225w, https:\/\/www.radiopiu.net\/wordpress\/wp-content\/uploads\/2024\/06\/677bdbd6-cab3-4164-a230-7b530e204716.jpg 750w\" sizes=\"auto, (max-width: 110px) 100vw, 110px\" \/><\/a>BELLUNO<\/strong> Quasi 10 chili di mozziconi di sigarette raccolti in nemmeno di due ore nelle vie e nelle piazze del centro storico: questo il \u201cbottino\u201d raccolto dai volontari di Plastic Free che nelle mattinata di domenica hanno ripulito il cuore di Belluno.<\/p>\n<p><strong>DI DANIELE DALVIT<\/strong><\/p>\n<audio class=\"wp-audio-shortcode\" id=\"audio-394034-14\" preload=\"none\" style=\"width: 100%;\" controls=\"controls\"><source type=\"audio\/mpeg\" src=\"https:\/\/www.radiopiu.net\/wordpress\/wp-content\/uploads\/2024\/06\/Radio-Piu-Servizio-Belluno-Plastic-Free.mp3?_=14\" \/><a href=\"https:\/\/www.radiopiu.net\/wordpress\/wp-content\/uploads\/2024\/06\/Radio-Piu-Servizio-Belluno-Plastic-Free.mp3\">https:\/\/www.radiopiu.net\/wordpress\/wp-content\/uploads\/2024\/06\/Radio-Piu-Servizio-Belluno-Plastic-Free.mp3<\/a><\/audio>\n<p>&nbsp;<\/p>\n<hr \/>\n<p>&nbsp;<\/p>\n<blockquote>\n<h3>BELLUNO, CONCLUSO IL PRIMO CORSO 2024 PER VIGILI DEL FUOCO VOLONTARI<\/h3>\n<\/blockquote>\n<p><strong><a class=\"dt-pswp-item\" href=\"https:\/\/www.radiopiu.net\/wordpress\/wp-content\/uploads\/2024\/06\/65a6c544-96c0-4497-a26e-0e63822d81ce.jpg\" data-dt-img-description=\"\" data-large_image_width=\"1600\" data-large_image_height=\"1200\"><img loading=\"lazy\" decoding=\"async\" class=\" wp-image-394247 alignleft\" src=\"https:\/\/www.radiopiu.net\/wordpress\/wp-content\/uploads\/2024\/06\/65a6c544-96c0-4497-a26e-0e63822d81ce-300x225.jpg\" alt=\"\" width=\"159\" height=\"119\" srcset=\"https:\/\/www.radiopiu.net\/wordpress\/wp-content\/uploads\/2024\/06\/65a6c544-96c0-4497-a26e-0e63822d81ce-300x225.jpg 300w, https:\/\/www.radiopiu.net\/wordpress\/wp-content\/uploads\/2024\/06\/65a6c544-96c0-4497-a26e-0e63822d81ce-1024x768.jpg 1024w, https:\/\/www.radiopiu.net\/wordpress\/wp-content\/uploads\/2024\/06\/65a6c544-96c0-4497-a26e-0e63822d81ce-768x576.jpg 768w, https:\/\/www.radiopiu.net\/wordpress\/wp-content\/uploads\/2024\/06\/65a6c544-96c0-4497-a26e-0e63822d81ce-1536x1152.jpg 1536w, https:\/\/www.radiopiu.net\/wordpress\/wp-content\/uploads\/2024\/06\/65a6c544-96c0-4497-a26e-0e63822d81ce.jpg 1600w\" sizes=\"auto, (max-width: 159px) 100vw, 159px\" \/><\/a>BELLUNO <\/strong>Sono sedici i nuovi vigili del fuoco volontari che hanno superato il primo corso di formazione, previsti per il 2024, per vigili del fuoco dei distaccamenti volontari del comando di Belluno. L\u2019attivit\u00e0 formativa teorica pratica \u00e8 iniziata il 12 aprile scorso, concludendosi domenica 9 giugno con le prove d\u2019esame. I neo vigili del fuoco volontari presteranno servizio presso i distaccamenti volontari di: Auronzo di Cadore, Borca di Cadore, Canale d\u2019Agordo, Costalta, Longarone, Lozzo di Cadore, Santo Stefano, Zoldo Alto, Arabba, San Vito di Cadore, Feltre e Belluno. Il comandante dei vigili del fuoco di Belluno, ing. Matteo Carretto, si \u00e8 complimentato con tutti i partecipanti per l\u2019impegno profuso e ha consegnato ai discenti l\u2019attestato di superamento del corso. Previsto nel prossimo mese di settembre un secondo corso, sempre di 120 ore che former\u00e0 nuovo personale volontario.<\/p>\n<p>&nbsp;<\/p>\n<p>&nbsp;<\/p>\n<hr \/>\n<p>&nbsp;<\/p>\n<h2><span style=\"color: #ff0000;\">CONSIGLI COMUNALI IN AGORDINO<\/span><\/h2>\n<p><strong>CENCENIGHE<\/strong> Il sindaco di Cencenighe Mauro Soppelsa ha convocato il consiglio comunali per venerd\u00ec alle 20:30. Oltre alla lettura e approvazioni delle sedute precedenti, si discuter\u00e0 di una variazione a bilancio<\/p>\n<p>&nbsp;<\/p>\n<p>&nbsp;<\/p>\n<hr \/>\n<p>&nbsp;<\/p>\n<blockquote>\n<h3>DISAGI PER PASSO DURAN E FORCELLA STAULANZA<\/h3>\n<\/blockquote>\n<h4>Chiusura Parziale della Strada per il Passo Duran<\/h4>\n<p>La strada per il Passo Duran sar\u00e0 parzialmente chiusa dalle 8.30 alle 11.30 nel tratto compreso tra Forcella Staulanza e Selva di Cadore. Questa chiusura \u00e8 necessaria per consentire lo svolgimento di lavori di manutenzione e miglioramento della sicurezza stradale. Gli automobilisti sono invitati a pianificare percorsi alternativi per evitare disagi.<\/p>\n<p>&nbsp;<\/p>\n<p>&nbsp;<\/p>\n<hr \/>\n<p>&nbsp;<\/p>\n<blockquote>\n<h2>Musica nell\u2019Agordino, la 31\u00aa edizione tra classica, folk e luoghi incantevoli<\/h2>\n<\/blockquote>\n<p><img loading=\"lazy\" decoding=\"async\" class=\"alignleft\" src=\"https:\/\/www.radiopiu.net\/wordpress\/wp-content\/uploads\/2024\/06\/cantemus-choir-1-scaled.jpg\" width=\"198\" height=\"132\" \/><strong>AGORDO<\/strong> Anche quest&#8217;estate, Musica nell\u2019Agordino offre un ricco programma per la sua trentunesima edizione, arricchendo l&#8217;offerta culturale della Valle per residenti e turisti. L&#8217;apertura sar\u00e0 il concerto per coro, organo e due violini nella Chiesa Arcidiaconale di Agordo. Tra i momenti salienti, l&#8217;attesa serata di Agordo Etno Musica nei giardini di Palazzo Crotta De Manzoni con danze e musiche internazionali. Ad agosto, la settimana organistica valorizzer\u00e0 le Chiese della vallata. Eventi speciali includeranno concerti nel castello di Andraz e nella Chiesetta di San Lucano, culminando con il tradizionale concerto del coro Valbiois a Falcade.<\/p>\n<p><strong>IL PROGRAMMA<\/strong><\/p>\n<a href=\"https:\/\/www.radiopiu.net\/wordpress\/wp-content\/uploads\/2024\/06\/Locandina_AGORDINO_2024-DEFINITIVO.pdf\" class=\"pdfemb-viewer\" style=\"\" data-width=\"max\" data-height=\"max\" data-toolbar=\"top\" data-toolbar-fixed=\"on\">Locandina_AGORDINO_2024 DEFINITIVO<\/a>\n<p>&nbsp;<\/p>\n<hr \/>\n<p>&nbsp;<\/p>\n<p>&nbsp;<\/p>\n<blockquote>\n<h3><a class=\"dt-pswp-item\" href=\"https:\/\/www.radiopiu.net\/wordpress\/wp-content\/uploads\/2024\/06\/Senza-nome-21.png\" data-dt-img-description=\"\" data-large_image_width=\"319\" data-large_image_height=\"348\"><img loading=\"lazy\" decoding=\"async\" class=\"wp-image-394104 alignright\" src=\"https:\/\/www.radiopiu.net\/wordpress\/wp-content\/uploads\/2024\/06\/Senza-nome-21-275x300.png\" alt=\"\" width=\"151\" height=\"165\" srcset=\"https:\/\/www.radiopiu.net\/wordpress\/wp-content\/uploads\/2024\/06\/Senza-nome-21-275x300.png 275w, https:\/\/www.radiopiu.net\/wordpress\/wp-content\/uploads\/2024\/06\/Senza-nome-21.png 319w\" sizes=\"auto, (max-width: 151px) 100vw, 151px\" \/><\/a>Feltre Ricorda l&#8217;Architetto Ferruccio Franzoia<\/h3>\n<\/blockquote>\n<p><strong>FELTRE\u00a0 <\/strong>A un anno dalla scomparsa dell&#8217;architetto Ferruccio Franzoia, il Comune di Feltre organizza un incontro pubblico per commemorarlo. Franzoia, stimato professionista e uomo di cultura, ha donato alla citt\u00e0 una preziosa collezione di vetri veneziani esposta alla Galleria Rizzarda. L&#8217;evento si terr\u00e0 il 14 giugno alle 18 presso la Galleria Rizzarda, con interventi del sindaco Viviana Fusaro, Lucio Barbera, Tiziana Casagrande e Andrea Bona. L&#8217;incontro \u00e8 gratuito e aperto al pubblico fino ad esaurimento posti<\/p>\n<div class=\"mt-1 flex gap-3 empty:hidden juice:-ml-3\">\n<div class=\"items-center justify-start rounded-xl p-1 flex\">\n<div class=\"flex items-center\">\n<div class=\"flex items-center pb-0.5 juice:pb-0\">\n<div class=\"[&amp;_svg]:h-full [&amp;_svg]:w-full icon-md h-4 w-4\"><\/div>\n<div><\/div>\n<\/div>\n<\/div>\n<\/div>\n<\/div>\n<p>&nbsp;<\/p>\n<hr \/>\n<p>&nbsp;<\/p>\n<div dir=\"auto\">\n<blockquote>\n<h3><a class=\"dt-pswp-item\" href=\"https:\/\/www.radiopiu.net\/wordpress\/wp-content\/uploads\/2024\/06\/FESTA_ABM_FALCADE_2024.jpeg\" data-dt-img-description=\"\" data-large_image_width=\"1240\" data-large_image_height=\"1754\"><img loading=\"lazy\" decoding=\"async\" class=\"wp-image-393436 alignleft\" src=\"https:\/\/www.radiopiu.net\/wordpress\/wp-content\/uploads\/2024\/06\/FESTA_ABM_FALCADE_2024-212x300.jpeg\" alt=\"\" width=\"134\" height=\"190\" srcset=\"https:\/\/www.radiopiu.net\/wordpress\/wp-content\/uploads\/2024\/06\/FESTA_ABM_FALCADE_2024-212x300.jpeg 212w, https:\/\/www.radiopiu.net\/wordpress\/wp-content\/uploads\/2024\/06\/FESTA_ABM_FALCADE_2024-724x1024.jpeg 724w, https:\/\/www.radiopiu.net\/wordpress\/wp-content\/uploads\/2024\/06\/FESTA_ABM_FALCADE_2024-768x1086.jpeg 768w, https:\/\/www.radiopiu.net\/wordpress\/wp-content\/uploads\/2024\/06\/FESTA_ABM_FALCADE_2024-1086x1536.jpeg 1086w, https:\/\/www.radiopiu.net\/wordpress\/wp-content\/uploads\/2024\/06\/FESTA_ABM_FALCADE_2024.jpeg 1240w\" sizes=\"auto, (max-width: 134px) 100vw, 134px\" \/><\/a>FESTA DEI BELLUNESI NEL MONDO IL 16 GIUGNO A FALCADE<\/h3>\n<\/blockquote>\n<p>Torna la tradizionale &#8220;Festa dei bellunesi nel mondo&#8221;, organizzata dall\u2019Associazione Bellunesi nel Mondo. Quest&#8217;anno l&#8217;evento si terr\u00e0 domenica 16 giugno a Falcade, grazie alla collaborazione del sindaco di Falcade e altre realt\u00e0 locali. Il presidente dell&#8217;Abm, Oscar De Bona, invita tutti a partecipare anche alla festa di primavera &#8220;El bon de l\u2019ansuda&#8221;. L&#8217;evento \u00e8 parte dell&#8217;anno del &#8220;Turismo delle radici&#8221;, promosso dal Ministero degli Esteri e sostenuto dal Pnrr. Durante la giornata si terranno una guida sul turismo delle radici, un laboratorio di genealogia, una Messa e un pranzo comunitario. Per il pranzo \u00e8 necessaria la prenotazione, contattando l&#8217;Abm allo 0437 941160 o inviando una mail a: <a href=\"mailto:info@bellunesinelmondo.it\">info@bellunesinelmondo.it<\/a>.<\/p>\n<p>&nbsp;<\/p>\n<hr \/>\n<p>&nbsp;<\/p>\n<blockquote>\n<h3><a class=\"dt-pswp-item\" href=\"https:\/\/www.radiopiu.net\/wordpress\/wp-content\/uploads\/2024\/06\/SCR-20240607-kuga.jpeg\" data-dt-img-description=\"Screenshot\" data-large_image_width=\"1400\" data-large_image_height=\"1638\"><img loading=\"lazy\" decoding=\"async\" class=\"alignleft wp-image-393755 \" src=\"https:\/\/www.radiopiu.net\/wordpress\/wp-content\/uploads\/2024\/06\/SCR-20240607-kuga-256x300.jpeg\" alt=\"\" width=\"133\" height=\"155\" srcset=\"https:\/\/www.radiopiu.net\/wordpress\/wp-content\/uploads\/2024\/06\/SCR-20240607-kuga-256x300.jpeg 256w, https:\/\/www.radiopiu.net\/wordpress\/wp-content\/uploads\/2024\/06\/SCR-20240607-kuga-875x1024.jpeg 875w, https:\/\/www.radiopiu.net\/wordpress\/wp-content\/uploads\/2024\/06\/SCR-20240607-kuga-768x899.jpeg 768w, https:\/\/www.radiopiu.net\/wordpress\/wp-content\/uploads\/2024\/06\/SCR-20240607-kuga-1313x1536.jpeg 1313w, https:\/\/www.radiopiu.net\/wordpress\/wp-content\/uploads\/2024\/06\/SCR-20240607-kuga.jpeg 1400w\" sizes=\"auto, (max-width: 133px) 100vw, 133px\" \/><\/a>BALCONE FIORITO 2024<\/h3>\n<\/blockquote>\n<p><strong>FALCADE<\/strong>Il Comune di Falcade, in collaborazione con la Proloco Caviola, la Proloco Canale e l\u2019Associazione albergatori ristoratori e rifugisti Valle del Biois, promuove il concorso &#8220;BALCONE FIORITO 2024&#8221;. L&#8217;iniziativa &#8220;Fiore Amore e Buonumore&#8221; mira a incentivare e promuovere i valori ambientali e turistici della valle attraverso l&#8217;abbellimento floreale di balconi, davanzali e angoli fioriti. Quest&#8217;anno il concorso si estende anche ai territori di Canale e Vallada. I residenti sono invitati a iscriversi presso le proloco locali per contribuire a rendere la valle ancora pi\u00f9 bella.<\/p>\n<p>&nbsp;<\/p>\n<p>&nbsp;<\/p>\n<hr \/>\n<p>&nbsp;<\/p>\n<blockquote>\n<h3><a class=\"dt-pswp-item\" href=\"https:\/\/www.radiopiu.net\/wordpress\/wp-content\/uploads\/2024\/06\/20240518_183719-scaled.jpg\" data-dt-img-description=\"\" data-large_image_width=\"2560\" data-large_image_height=\"1920\"><img loading=\"lazy\" decoding=\"async\" class=\"wp-image-393619 alignleft\" src=\"https:\/\/www.radiopiu.net\/wordpress\/wp-content\/uploads\/2024\/06\/20240518_183719-300x225.jpg\" alt=\"\" width=\"106\" height=\"80\" srcset=\"https:\/\/www.radiopiu.net\/wordpress\/wp-content\/uploads\/2024\/06\/20240518_183719-300x225.jpg 300w, https:\/\/www.radiopiu.net\/wordpress\/wp-content\/uploads\/2024\/06\/20240518_183719-1024x768.jpg 1024w, https:\/\/www.radiopiu.net\/wordpress\/wp-content\/uploads\/2024\/06\/20240518_183719-768x576.jpg 768w, https:\/\/www.radiopiu.net\/wordpress\/wp-content\/uploads\/2024\/06\/20240518_183719-1536x1152.jpg 1536w, https:\/\/www.radiopiu.net\/wordpress\/wp-content\/uploads\/2024\/06\/20240518_183719-2048x1536.jpg 2048w\" sizes=\"auto, (max-width: 106px) 100vw, 106px\" \/><\/a>Mostra di Ricami Botanici al Museo Etnografico Prolungata<\/h3>\n<\/blockquote>\n<div class=\"flex flex-grow flex-col max-w-full\">\n<div class=\"min-h-[20px] text-message flex flex-col items-start whitespace-pre-wrap break-words [.text-message+&amp;]:mt-5 juice:w-full juice:items-end overflow-x-auto gap-2\" dir=\"auto\" data-message-author-role=\"assistant\" data-message-id=\"3b4c5d83-22e3-4a90-8aa9-c967b9fff1dd\">\n<div class=\"flex w-full flex-col gap-1 juice:empty:hidden juice:first:pt-[3px]\">\n<div class=\"markdown prose w-full break-words dark:prose-invert dark\">\n<p><strong>BELLUNO<\/strong> Successo per la rassegna sulle rose al Museo Etnografico di Belluno, con centinaia di visitatori. La mostra &#8220;Rose e fiori dipinti con l&#8217;ago&#8221; di Anna Ceolin, ispirata a P.J. Redout\u00e9, prosegue fino al 16 giugno. Il giardino delle rose rimane aperto per le ultime fioriture.<\/p>\n<\/div>\n<\/div>\n<\/div>\n<\/div>\n<p>&nbsp;<\/p>\n<p>&nbsp;<\/p>\n<hr \/>\n<p>&nbsp;<\/p>\n<p>&nbsp;<\/p>\n<blockquote>\n<h1>SALUTE E SOCIETA&#8217;, CON IL DOTTOR MARCO CARACCIOLO<\/h1>\n<\/blockquote>\n<p><strong><a class=\"dt-pswp-item\" href=\"https:\/\/www.radiopiu.net\/wordpress\/wp-content\/uploads\/2024\/06\/7f9dccb6-c84a-9a7e-2df4-f80874d3dcd2.jpg\" data-dt-img-description=\"Cancer patient discussing charts with her doctor\" data-large_image_width=\"800\" data-large_image_height=\"445\"><img loading=\"lazy\" decoding=\"async\" class=\"size-medium wp-image-394080 alignleft\" src=\"https:\/\/www.radiopiu.net\/wordpress\/wp-content\/uploads\/2024\/06\/7f9dccb6-c84a-9a7e-2df4-f80874d3dcd2-300x167.jpg\" alt=\"\" width=\"300\" height=\"167\" srcset=\"https:\/\/www.radiopiu.net\/wordpress\/wp-content\/uploads\/2024\/06\/7f9dccb6-c84a-9a7e-2df4-f80874d3dcd2-300x167.jpg 300w, https:\/\/www.radiopiu.net\/wordpress\/wp-content\/uploads\/2024\/06\/7f9dccb6-c84a-9a7e-2df4-f80874d3dcd2-768x427.jpg 768w, https:\/\/www.radiopiu.net\/wordpress\/wp-content\/uploads\/2024\/06\/7f9dccb6-c84a-9a7e-2df4-f80874d3dcd2.jpg 800w\" sizes=\"auto, (max-width: 300px) 100vw, 300px\" \/><\/a>Terapie mirate in oncologia <\/strong>Negli ultimi anni le terapie mirate hanno permesso di allungare l\u2019aspettativa di vita dei pazienti oncologici, di migliorarne la qualit\u00e0 di vita e di impostare cure pi\u00f9 appropriate, ritagliate sulle esigenze e sulle specificit\u00e0 del singolo caso.<\/p>\n<p><strong>Diabete Mellito <\/strong>Sono quasi 4 milioni gli italiani colpiti da Diabete Mellito di tipo 2 e oltre un milione non sa di averlo. Scompenso cardiaco e malattia renale cronica sono le principali complicanze: la prevenzione e i controlli specialistici sono necessari per prevenire le comorbidit\u00e0.<\/p>\n<audio class=\"wp-audio-shortcode\" id=\"audio-394034-15\" preload=\"none\" style=\"width: 100%;\" controls=\"controls\"><source type=\"audio\/mpeg\" src=\"https:\/\/www.radiopiu.net\/wordpress\/wp-content\/uploads\/2024\/06\/SALUTE-1.mp3?_=15\" \/><a href=\"https:\/\/www.radiopiu.net\/wordpress\/wp-content\/uploads\/2024\/06\/SALUTE-1.mp3\">https:\/\/www.radiopiu.net\/wordpress\/wp-content\/uploads\/2024\/06\/SALUTE-1.mp3<\/a><\/audio>\n<p>&nbsp;<\/p>\n<hr \/>\n<p>&nbsp;<\/p>\n<blockquote>\n<h1>Presentazione del libro \u201cCrian\u00e7a\u201d a Falcade<\/h1>\n<\/blockquote>\n<p><a class=\"dt-pswp-item\" href=\"https:\/\/www.radiopiu.net\/wordpress\/wp-content\/uploads\/2024\/06\/2d87644c-2dd2-4165-8e78-5c4b9475d212.jpg\" data-dt-img-description=\"\" data-large_image_width=\"1299\" data-large_image_height=\"1299\"><img loading=\"lazy\" decoding=\"async\" class=\" wp-image-394291 alignleft\" src=\"https:\/\/www.radiopiu.net\/wordpress\/wp-content\/uploads\/2024\/06\/2d87644c-2dd2-4165-8e78-5c4b9475d212-300x300.jpg\" alt=\"\" width=\"213\" height=\"213\" srcset=\"https:\/\/www.radiopiu.net\/wordpress\/wp-content\/uploads\/2024\/06\/2d87644c-2dd2-4165-8e78-5c4b9475d212-300x300.jpg 300w, https:\/\/www.radiopiu.net\/wordpress\/wp-content\/uploads\/2024\/06\/2d87644c-2dd2-4165-8e78-5c4b9475d212-1024x1024.jpg 1024w, https:\/\/www.radiopiu.net\/wordpress\/wp-content\/uploads\/2024\/06\/2d87644c-2dd2-4165-8e78-5c4b9475d212-150x150.jpg 150w, https:\/\/www.radiopiu.net\/wordpress\/wp-content\/uploads\/2024\/06\/2d87644c-2dd2-4165-8e78-5c4b9475d212-768x768.jpg 768w, https:\/\/www.radiopiu.net\/wordpress\/wp-content\/uploads\/2024\/06\/2d87644c-2dd2-4165-8e78-5c4b9475d212.jpg 1299w\" sizes=\"auto, (max-width: 213px) 100vw, 213px\" \/><\/a><strong>AGORDO<\/strong> Sono ormai passati due mesetti abbondanti dalla pubblicazione del mio libro \u201cCrian\u00e7a\u201d. Ho avuto tantissime discussioni interessanti su quello che c\u2019\u00e8 dentro il libro, tra le pagine, nei suoi personaggi, ma soprattutto ho potuto toccare con mano il vostro supporto e la vostra curiosit\u00e0.<br \/>\nSABATO\u00a0 alle\u00a0 20:30 in Sala Consigliare a Falcade inizier\u00f2 un bel viaggio che durer\u00e0 durante tutta l\u2019estate con varie presentazioni ed incontri. Il tutto si svolge nella cornice del Bon de l\u2019Ansuda, una fiera mercato meravigliosa sulla piana di Falcade, dove poi la sera siete invitati alla prima di queste presentazioni, per venire ad ascoltarci e partecipare ad una chiacchierata su Crian\u00e7a. Se lo avete gi\u00e0 comprato e sostenuto, sar\u00e0 sicuramente l\u2019occasione di dirmi se vi \u00e8 piaciuto e forse scoprire qualcosa di pi\u00f9 sulla sua creazione e i suoi dettagli pi\u00f9 profondi. Se invece non lo avete ancora, spero di darvi un buono spunto, noi saremo l\u00ec con tutte le nostre copie ad aspettarvi!<\/p>\n<p>&nbsp;<\/p>\n<p>&nbsp;<\/p>\n<\/div>\n<hr \/>\n<p>&nbsp;<\/p>\n<blockquote>\n<h3><a class=\"dt-pswp-item\" href=\"https:\/\/www.radiopiu.net\/wordpress\/wp-content\/uploads\/2024\/05\/b3c8f62b-305a-47e9-afc6-69820fcd3900.jpg\" data-dt-img-description=\"\" data-large_image_width=\"1131\" data-large_image_height=\"1600\"><img loading=\"lazy\" decoding=\"async\" class=\" wp-image-392575 alignleft\" src=\"https:\/\/www.radiopiu.net\/wordpress\/wp-content\/uploads\/2024\/05\/b3c8f62b-305a-47e9-afc6-69820fcd3900-212x300.jpg\" alt=\"\" width=\"102\" height=\"144\" srcset=\"https:\/\/www.radiopiu.net\/wordpress\/wp-content\/uploads\/2024\/05\/b3c8f62b-305a-47e9-afc6-69820fcd3900-212x300.jpg 212w, https:\/\/www.radiopiu.net\/wordpress\/wp-content\/uploads\/2024\/05\/b3c8f62b-305a-47e9-afc6-69820fcd3900-724x1024.jpg 724w, https:\/\/www.radiopiu.net\/wordpress\/wp-content\/uploads\/2024\/05\/b3c8f62b-305a-47e9-afc6-69820fcd3900-768x1086.jpg 768w, https:\/\/www.radiopiu.net\/wordpress\/wp-content\/uploads\/2024\/05\/b3c8f62b-305a-47e9-afc6-69820fcd3900-1086x1536.jpg 1086w, https:\/\/www.radiopiu.net\/wordpress\/wp-content\/uploads\/2024\/05\/b3c8f62b-305a-47e9-afc6-69820fcd3900.jpg 1131w\" sizes=\"auto, (max-width: 102px) 100vw, 102px\" \/><\/a>IL CENTESIMO ANNIVERSARIO DELL&#8217;ASSASINIO DI MATTEOTTI A BELLUNO<\/h3>\n<\/blockquote>\n<p><strong>DI ROBERTO BONA<\/strong><\/p>\n<audio class=\"wp-audio-shortcode\" id=\"audio-394034-16\" preload=\"none\" style=\"width: 100%;\" controls=\"controls\"><source type=\"audio\/mpeg\" src=\"https:\/\/www.radiopiu.net\/wordpress\/wp-content\/uploads\/2024\/05\/BONA-CENTESIMO-ANNIVERSARIO-MATTEOTTI-SCADENZA-15-GIUGNO.mp3?_=16\" \/><a href=\"https:\/\/www.radiopiu.net\/wordpress\/wp-content\/uploads\/2024\/05\/BONA-CENTESIMO-ANNIVERSARIO-MATTEOTTI-SCADENZA-15-GIUGNO.mp3\">https:\/\/www.radiopiu.net\/wordpress\/wp-content\/uploads\/2024\/05\/BONA-CENTESIMO-ANNIVERSARIO-MATTEOTTI-SCADENZA-15-GIUGNO.mp3<\/a><\/audio>\n<p>&nbsp;<\/p>\n<hr \/>\n<p>&nbsp;<\/p>\n<h2><span style=\"color: #ff6600;\">ALLA RADIO\u00a0\u00a0<\/span><\/h2>\n<p>RITRATTI SONORI, IL PROGRAMMA DI ALESSIA DALL&#8217;O&#8217;<\/p>\n<p><span style=\"color: #ff0000;\"><strong><a class=\"dt-pswp-item\" href=\"https:\/\/www.radiopiu.net\/wordpress\/wp-content\/uploads\/2024\/06\/SCR-20240610-trzw.jpeg\" data-dt-img-description=\"\" data-large_image_width=\"728\" data-large_image_height=\"732\"><img loading=\"lazy\" decoding=\"async\" class=\" wp-image-394284 alignleft\" src=\"https:\/\/www.radiopiu.net\/wordpress\/wp-content\/uploads\/2024\/06\/SCR-20240610-trzw-298x300.jpeg\" alt=\"\" width=\"146\" height=\"147\" srcset=\"https:\/\/www.radiopiu.net\/wordpress\/wp-content\/uploads\/2024\/06\/SCR-20240610-trzw-298x300.jpeg 298w, https:\/\/www.radiopiu.net\/wordpress\/wp-content\/uploads\/2024\/06\/SCR-20240610-trzw-150x150.jpeg 150w, https:\/\/www.radiopiu.net\/wordpress\/wp-content\/uploads\/2024\/06\/SCR-20240610-trzw.jpeg 728w\" sizes=\"auto, (max-width: 146px) 100vw, 146px\" \/><\/a>PUNTATA 05 &#8211; MARCO CASAGRANDE<\/strong><\/span><\/p>\n<p><strong>PRIMA PARTE<\/strong><\/p>\n<audio class=\"wp-audio-shortcode\" id=\"audio-394034-17\" preload=\"none\" style=\"width: 100%;\" controls=\"controls\"><source type=\"audio\/mpeg\" src=\"https:\/\/www.radiopiu.net\/wordpress\/wp-content\/uploads\/2024\/06\/RF1-1.mp3?_=17\" \/><a href=\"https:\/\/www.radiopiu.net\/wordpress\/wp-content\/uploads\/2024\/06\/RF1-1.mp3\">https:\/\/www.radiopiu.net\/wordpress\/wp-content\/uploads\/2024\/06\/RF1-1.mp3<\/a><\/audio>\n<p>&nbsp;<\/p>\n<p><strong>SECONDA PARTE<\/strong><\/p>\n<audio class=\"wp-audio-shortcode\" id=\"audio-394034-18\" preload=\"none\" style=\"width: 100%;\" controls=\"controls\"><source type=\"audio\/mpeg\" src=\"https:\/\/www.radiopiu.net\/wordpress\/wp-content\/uploads\/2024\/06\/RF2-1.mp3?_=18\" \/><a href=\"https:\/\/www.radiopiu.net\/wordpress\/wp-content\/uploads\/2024\/06\/RF2-1.mp3\">https:\/\/www.radiopiu.net\/wordpress\/wp-content\/uploads\/2024\/06\/RF2-1.mp3<\/a><\/audio>\n<p>&nbsp;<\/p>\n<p><strong>TERZA PARTE<\/strong><\/p>\n<audio class=\"wp-audio-shortcode\" id=\"audio-394034-19\" preload=\"none\" style=\"width: 100%;\" controls=\"controls\"><source type=\"audio\/mpeg\" src=\"https:\/\/www.radiopiu.net\/wordpress\/wp-content\/uploads\/2024\/06\/RF3-1.mp3?_=19\" \/><a href=\"https:\/\/www.radiopiu.net\/wordpress\/wp-content\/uploads\/2024\/06\/RF3-1.mp3\">https:\/\/www.radiopiu.net\/wordpress\/wp-content\/uploads\/2024\/06\/RF3-1.mp3<\/a><\/audio>\n<p>&nbsp;<\/p>\n<h2>LA RACCOLTA COMPLETA <a href=\"https:\/\/www.radiopiu.net\/wordpress\/ritratti-sonori-il-programma-di-alessia-dallo-la-raccolta\/\"><span style=\"color: #3366ff;\">CLICCA QUI<\/span><\/a><\/h2>\n<p>&nbsp;<\/p>\n<p>&nbsp;<\/p>\n<hr \/>\n<p>&nbsp;<\/p>\n<h2><span style=\"color: #993300;\">PERITI MINERARI DALL\u2019AGORDINO AL MONDO <\/span><\/h2>\n<p><strong>REDAZIONE<\/strong> Continua la serie di racconti con i periti minerari agordini. Nelle prossime due puntate la storia di Daniele Scola. I racconti dei periti minerari agordini che hanno lavorato nel mondo, ogni luned\u00ec alle 10:30 e alle 19 su Radio Pi\u00f9.<\/p>\n<p><iframe loading=\"lazy\" title=\"DANIELE SCOLA\" width=\"1200\" height=\"675\" src=\"https:\/\/www.youtube.com\/embed\/Jbn8Bf-eB_M?feature=oembed\" frameborder=\"0\" allow=\"accelerometer; autoplay; clipboard-write; encrypted-media; gyroscope; picture-in-picture; web-share\" referrerpolicy=\"strict-origin-when-cross-origin\" allowfullscreen><\/iframe><\/p>\n<p>&nbsp;<\/p>\n<h2><strong>LA RACCOLTA COMPLETA <a href=\"https:\/\/www.radiopiu.net\/wordpress\/periti-minerari-dallagordino-al-mondo\/\"><span style=\"color: #0000ff;\">CLICCA QUI<\/span><\/a><\/strong><a href=\"https:\/\/www.radiopiu.net\/wordpress\/periti-minerari-dallagordino-al-mondo\/\"><span style=\"color: #0000ff;\">\u00a0<\/span><\/a><\/h2>\n<p>&nbsp;<\/p>\n<hr \/>\n<p>&nbsp;<\/p>\n<h2><span style=\"color: #ffcc00;\">I RACCONTI DI PAOLO SOPPELSA<\/span><\/h2>\n<p><strong>L&#8217;ULTIMO FIENO<\/strong><\/p>\n<p><strong>AUDIO<\/strong><\/p>\n<audio class=\"wp-audio-shortcode\" id=\"audio-394034-20\" preload=\"none\" style=\"width: 100%;\" controls=\"controls\"><source type=\"audio\/mpeg\" src=\"https:\/\/www.radiopiu.net\/wordpress\/wp-content\/uploads\/2024\/06\/PAOLOS-1.mp3?_=20\" \/><a href=\"https:\/\/www.radiopiu.net\/wordpress\/wp-content\/uploads\/2024\/06\/PAOLOS-1.mp3\">https:\/\/www.radiopiu.net\/wordpress\/wp-content\/uploads\/2024\/06\/PAOLOS-1.mp3<\/a><\/audio>\n<p>&nbsp;<\/p>\n<p><a class=\"dt-pswp-item\" href=\"https:\/\/www.radiopiu.net\/wordpress\/wp-content\/uploads\/2024\/06\/16c102d0-489c-4bbb-a289-03cd117cbd67.jpg\" data-dt-img-description=\"\" data-large_image_width=\"1080\" data-large_image_height=\"810\"><img loading=\"lazy\" decoding=\"async\" class=\"size-medium wp-image-393928 alignleft\" src=\"https:\/\/www.radiopiu.net\/wordpress\/wp-content\/uploads\/2024\/06\/16c102d0-489c-4bbb-a289-03cd117cbd67-300x225.jpg\" alt=\"\" width=\"300\" height=\"225\" srcset=\"https:\/\/www.radiopiu.net\/wordpress\/wp-content\/uploads\/2024\/06\/16c102d0-489c-4bbb-a289-03cd117cbd67-300x225.jpg 300w, https:\/\/www.radiopiu.net\/wordpress\/wp-content\/uploads\/2024\/06\/16c102d0-489c-4bbb-a289-03cd117cbd67-1024x768.jpg 1024w, https:\/\/www.radiopiu.net\/wordpress\/wp-content\/uploads\/2024\/06\/16c102d0-489c-4bbb-a289-03cd117cbd67-768x576.jpg 768w, https:\/\/www.radiopiu.net\/wordpress\/wp-content\/uploads\/2024\/06\/16c102d0-489c-4bbb-a289-03cd117cbd67.jpg 1080w\" sizes=\"auto, (max-width: 300px) 100vw, 300px\" \/><\/a>La ricordo calda quell&#8217;alba di fine giugno di tanti anni fa. Una stinta foschia nell&#8217;aria, una nebbia leggera che si alzava dai prati bagnati dall&#8217;umidit\u00e0 della notte e dei passi lenti in cucina quando le stelle brillavano ancora in quel cielo d&#8217;estate. La sera prima il nonno aveva detto \u201c&#8230;doman vade inte a sieg\u00e0\u2026\u201d e quel suo muovere in casa all&#8217;inizio dello sfumare della notte, era la conferma del suo intento di svolgere quel lavoro che l&#8217;avrebbe impegnato per una mattina intera. Nel dormiveglia avevo ascoltato il suo caratteristico incedere e poi il socchiudersi leggero della porta d&#8217;entrata mentre dalla finestra entrava una flebile luce azzurrognola. Mi ero alzato poco prima del levarsi del sole sopra la cima del Pelsa, e dopo aver fatto colazione mi ero preparato per raggiungere il nonno che stava gi\u00e0 falciando da circa un paio d&#8217;ore. La nonna apr\u00ec il tabi\u00e0 dove mancava la falce dal manico azzurro, prese il rastrello e poi iniziammo la breve camminata che ci avrebbe portati al prato che distava poco pi\u00f9 di cinquecento metri da casa. Era un prato situato appena sotto la strada provinciale, in una posizione comoda, un po\u2019 inclinato verso valle ma tutto sommato agevole da lavorare. Niente a che vedere con alcuni prati che avevano falciato in giovent\u00f9, situati in zone impervie e lontane da casa. Pochi minuti pi\u00f9 tardi vedemmo il nonno impegnato in quella attivit\u00e0 che era stata parte integrante della sua vita. Ora il sole era alto sopra la valle e lui falciava con il ritmo regolare proprio di chi quel difficile lavoro ce l&#8217;aveva nel sangue. Di tanto in tanto si fermava per asciugarsi la fronte sudata e per ravvivare il filo della falce con la \u201cprieda\u201d e poi riprendeva a lavorare. La lama sfiorava il terreno e l&#8217;erba ancora umida si adagiava con grazia a terra; in quelle braccia non c&#8217;era pi\u00f9 la forza dei tempi di quella giovinezza rovinata dalla guerra, c&#8217;era invece l&#8217;esperienza che rendeva elegante quel gesto solamente all\u2019apparenza semplice. Scendemmo anche noi nel prato che ormai era quasi interamente falciato e poco dopo la nonna inizi\u00f2 a rastrellare quell&#8217;erba che, baciata dal sole, gi\u00e0 iniziava a seccare. Con gesti ampi tirava a s\u00e9 l&#8217;erba formando delle file regolari mentre il nonno terminava lo sfalcio. Il lavoro termin\u00f2 prima del suonare della campana che annunciava il mezzogiorno, e poco pi\u00f9 di un quarto d&#8217;ora pi\u00f9 tardi quegli attrezzi, che tanto avevano lavorato sui prati, erano nuovamente riposti nel fienile, appesi accanto al portone d&#8217;entrata. Ora sarebbe toccato al sole svolgere una parte fondamentale di quel lavoro, e l&#8217;avrebbe svolto con vigore, come assicurato dal Colonnello Baroni che la sera precedente aveva previsto cieli tersi, temperature in aumento e assenza di precipitazioni. Il giorno successivo l&#8217;erba venne rivoltata e poi, il mattino dopo, entrarono in scena le corde, i grandi lenzuoli muniti di anelli e il carretto celeste. Erano pesanti quei fasci di fieno che furono trasportati fino in strada e per poi essere caricati sul carretto. Pochi minuti pi\u00f9 tardi l&#8217;ultimo sforzo, ovvero quello di riporre i \u201cfas de fen\u201dall&#8217;interno del tabi\u00e0. Il successivo doppio giro di chiave chiuse la porta del fienile e chiuse pure un&#8217;epoca importante; lo seppi tempo dopo che quello sarebbe stato l&#8217;ultimo fieno e che la stalla e il \u201cporzil\u201d dall&#8217;anno dopo sarebbero rimasti vuoti. Termin\u00f2 cos\u00ec, in una calda giornata di fine giugno, quella storia di faticoso lavoro che per decenni aveva impegnato i nonni che avevano deciso di riporre per sempre falci e rastrelli. Oggi, a testimoniare quel vivere che non esiste pi\u00f9, sono rimasti gli attrezzi ancora appesi al loro posto e il profumo dell&#8217;erba di quel prato che tanti anni fa, don\u00f2 a quegli uomini stanchi l&#8217;ultimo fieno.<\/p>\n<p>&nbsp;<\/p>\n<blockquote class=\"wp-embedded-content\" data-secret=\"HYZzhyYEmh\"><p><a href=\"https:\/\/www.radiopiu.net\/wordpress\/set3a\/\">EL BAL DEL FIOR, DETTI E MODI DI DIRE  LA RACCOLTA COMPLETA<\/a><\/p><\/blockquote>\n<p><iframe loading=\"lazy\" class=\"wp-embedded-content\" sandbox=\"allow-scripts\" security=\"restricted\" style=\"position: absolute; clip: rect(1px, 1px, 1px, 1px);\" title=\"&#8220;EL BAL DEL FIOR, DETTI E MODI DI DIRE  LA RACCOLTA COMPLETA&#8221; &#8212; Radio Pi\u00f9\" src=\"https:\/\/www.radiopiu.net\/wordpress\/set3a\/embed\/#?secret=0GfFaMLptu#?secret=HYZzhyYEmh\" data-secret=\"HYZzhyYEmh\" width=\"600\" height=\"338\" frameborder=\"0\" marginwidth=\"0\" marginheight=\"0\" scrolling=\"no\"><\/iframe><\/p>\n<p>&nbsp;<\/p>\n<blockquote class=\"wp-embedded-content\" data-secret=\"m7EI822k55\"><p><a href=\"https:\/\/www.radiopiu.net\/wordpress\/pirole-de-lenga-la-parola-del-giorno-a-cura-del-musla-raccolta-completa\/\">PIROLE DE LENGA&#8230; LA PAROLA DEL GIORNO A CURA DEL MUSLA -raccolta completa &#8211;<\/a><\/p><\/blockquote>\n<p><iframe loading=\"lazy\" class=\"wp-embedded-content\" sandbox=\"allow-scripts\" security=\"restricted\" style=\"position: absolute; clip: rect(1px, 1px, 1px, 1px);\" title=\"&#8220;PIROLE DE LENGA&#8230; LA PAROLA DEL GIORNO A CURA DEL MUSLA -raccolta completa &#8211;&#8221; &#8212; Radio Pi\u00f9\" src=\"https:\/\/www.radiopiu.net\/wordpress\/pirole-de-lenga-la-parola-del-giorno-a-cura-del-musla-raccolta-completa\/embed\/#?secret=8Pd13yAXSX#?secret=m7EI822k55\" data-secret=\"m7EI822k55\" width=\"600\" height=\"338\" frameborder=\"0\" marginwidth=\"0\" marginheight=\"0\" scrolling=\"no\"><\/iframe><\/p>\n<p>&nbsp;<\/p>\n<p>&nbsp;<\/p>\n<hr \/>\n<p>&nbsp;<\/p>\n<p>&nbsp;<\/p>\n<h2><span style=\"color: #ff0000;\">DAL SITO DI RADIO PIU&#8230; ALCUNI PODCAST, I PIU&#8217; VISUALIZZATI NELLA SETTIMANA&#8230;\u00a0<\/span><\/h2>\n<blockquote class=\"wp-embedded-content\" data-secret=\"gyRyIjZPdr\"><p><a href=\"https:\/\/www.radiopiu.net\/wordpress\/biblioteca-del-territorio-i-podcast-di-radiopiu\/\">BIBLIOTECA DEL TERRITORIO&#8230; I PODCAST DI RADIOPIU<\/a><\/p><\/blockquote>\n<p><iframe loading=\"lazy\" class=\"wp-embedded-content\" sandbox=\"allow-scripts\" security=\"restricted\" style=\"position: absolute; clip: rect(1px, 1px, 1px, 1px);\" title=\"&#8220;BIBLIOTECA DEL TERRITORIO&#8230; I PODCAST DI RADIOPIU&#8221; &#8212; Radio Pi\u00f9\" src=\"https:\/\/www.radiopiu.net\/wordpress\/biblioteca-del-territorio-i-podcast-di-radiopiu\/embed\/#?secret=OkVx8LPY52#?secret=gyRyIjZPdr\" data-secret=\"gyRyIjZPdr\" width=\"600\" height=\"338\" frameborder=\"0\" marginwidth=\"0\" marginheight=\"0\" scrolling=\"no\"><\/iframe><\/p>\n<p>&nbsp;<\/p>\n<blockquote class=\"wp-embedded-content\" data-secret=\"PTztcI9cs2\"><p><a href=\"https:\/\/www.radiopiu.net\/wordpress\/lad08aaaa\/\">&#8220;NCONTONSE&#8221; IN LADINO SU RADIO PI\u00d9<\/a><\/p><\/blockquote>\n<p><iframe loading=\"lazy\" class=\"wp-embedded-content\" sandbox=\"allow-scripts\" security=\"restricted\" style=\"position: absolute; clip: rect(1px, 1px, 1px, 1px);\" title=\"&#8220;&#8220;NCONTONSE&#8221; IN LADINO SU RADIO PI\u00d9&#8221; &#8212; Radio Pi\u00f9\" src=\"https:\/\/www.radiopiu.net\/wordpress\/lad08aaaa\/embed\/#?secret=MYAZlc8oAz#?secret=PTztcI9cs2\" data-secret=\"PTztcI9cs2\" width=\"600\" height=\"338\" frameborder=\"0\" marginwidth=\"0\" marginheight=\"0\" scrolling=\"no\"><\/iframe><\/p>\n<p>&nbsp;<\/p>\n<p>&nbsp;<\/p>\n<p>&nbsp;<\/p>\n<hr \/>\n<p>&nbsp;<\/p>\n<p>&nbsp;<\/p>\n<h2><span style=\"color: #ff0000;\"><a class=\"dt-pswp-item\" href=\"https:\/\/www.radiopiu.net\/wordpress\/wp-content\/uploads\/2018\/09\/appuntamenti.jpeg\" data-dt-img-description=\"\" data-large_image_width=\"800\" data-large_image_height=\"100\"><img loading=\"lazy\" decoding=\"async\" class=\"wp-image-61958 size-full aligncenter\" src=\"https:\/\/www.radiopiu.net\/wordpress\/wp-content\/uploads\/2018\/09\/appuntamenti.jpeg\" alt=\"\" width=\"800\" height=\"100\" srcset=\"https:\/\/www.radiopiu.net\/wordpress\/wp-content\/uploads\/2018\/09\/appuntamenti.jpeg 800w, https:\/\/www.radiopiu.net\/wordpress\/wp-content\/uploads\/2018\/09\/appuntamenti-300x38.jpeg 300w, https:\/\/www.radiopiu.net\/wordpress\/wp-content\/uploads\/2018\/09\/appuntamenti-768x96.jpeg 768w\" sizes=\"auto, (max-width: 800px) 100vw, 800px\" \/><\/a><\/span><\/h2>\n<div>\n<div class=\"\" dir=\"auto\">\n<div id=\":r9h:\" class=\"x1iorvi4 x1pi30zi x1l90r2v x1swvt13\" data-ad-comet-preview=\"message\" data-ad-preview=\"message\">\n\n\t\t\t<style type='text\/css'>\n\t\t\t\t#gallery-2 {\n\t\t\t\t\tmargin: auto;\n\t\t\t\t}\n\t\t\t\t#gallery-2 .gallery-item {\n\t\t\t\t\tfloat: left;\n\t\t\t\t\tmargin-top: 10px;\n\t\t\t\t\ttext-align: center;\n\t\t\t\t\twidth: 25%;\n\t\t\t\t}\n\t\t\t\t#gallery-2 img {\n\t\t\t\t\tborder: 2px solid #cfcfcf;\n\t\t\t\t}\n\t\t\t\t#gallery-2 .gallery-caption {\n\t\t\t\t\tmargin-left: 0;\n\t\t\t\t}\n\t\t\t\t\/* see gallery_shortcode() in wp-includes\/media.php *\/\n\t\t\t<\/style>\n\t\t<div id='gallery-2' class='dt-gallery-container gallery galleryid-394034 gallery-columns-4 gallery-size-thumbnail'><dl class='gallery-item'>\n\t\t\t\t<dt class='gallery-icon portrait'>\n\t\t\t\t\t<a class=\"rollover rollover-zoom dt-pswp-item\" title=\"e651a95f-423a-40f9-827a-3ba70bd26776\" data-dt-img-description=\"\" data-large_image_width=\"1080\" data-large_image_height=\"1507\"href='https:\/\/www.radiopiu.net\/wordpress\/wp-content\/uploads\/2024\/05\/e651a95f-423a-40f9-827a-3ba70bd26776.jpg'><img loading=\"lazy\" decoding=\"async\" width=\"150\" height=\"150\" src=\"https:\/\/www.radiopiu.net\/wordpress\/wp-content\/uploads\/2024\/05\/e651a95f-423a-40f9-827a-3ba70bd26776-150x150.jpg\" class=\"attachment-thumbnail size-thumbnail\" alt=\"\" aria-describedby=\"gallery-2-391342\" \/><\/a>\n\t\t\t\t<\/dt>\n\t\t\t\t\t<dd class='wp-caption-text gallery-caption' id='gallery-2-391342'>\n\t\t\t\t\tSAGRA DE SANT&#8217;ANTONI A RIVAMONTE\n\t\t\t\t\t<\/dd><\/dl><dl class='gallery-item'>\n\t\t\t\t<dt class='gallery-icon portrait'>\n\t\t\t\t\t<a class=\"rollover rollover-zoom dt-pswp-item\" title=\"890e9473-a042-44c0-9495-16862bf3cf2c\" data-dt-img-description=\"\" data-large_image_width=\"1127\" data-large_image_height=\"1600\"href='https:\/\/www.radiopiu.net\/wordpress\/wp-content\/uploads\/2024\/05\/890e9473-a042-44c0-9495-16862bf3cf2c.jpg'><img loading=\"lazy\" decoding=\"async\" width=\"150\" height=\"150\" src=\"https:\/\/www.radiopiu.net\/wordpress\/wp-content\/uploads\/2024\/05\/890e9473-a042-44c0-9495-16862bf3cf2c-150x150.jpg\" class=\"attachment-thumbnail size-thumbnail\" alt=\"\" aria-describedby=\"gallery-2-392239\" \/><\/a>\n\t\t\t\t<\/dt>\n\t\t\t\t\t<dd class='wp-caption-text gallery-caption' id='gallery-2-392239'>\n\t\t\t\t\t80 NOSTALGIA DEI 90\n\t\t\t\t\t<\/dd><\/dl><dl class='gallery-item'>\n\t\t\t\t<dt class='gallery-icon portrait'>\n\t\t\t\t\t<a class=\"rollover rollover-zoom dt-pswp-item\" title=\"c950811c-7763-405d-ad2c-15d392502b93\" data-dt-img-description=\"\" data-large_image_width=\"480\" data-large_image_height=\"600\"href='https:\/\/www.radiopiu.net\/wordpress\/wp-content\/uploads\/2024\/05\/c950811c-7763-405d-ad2c-15d392502b93-1.jpg'><img loading=\"lazy\" decoding=\"async\" width=\"150\" height=\"150\" src=\"https:\/\/www.radiopiu.net\/wordpress\/wp-content\/uploads\/2024\/05\/c950811c-7763-405d-ad2c-15d392502b93-1-150x150.jpg\" class=\"attachment-thumbnail size-thumbnail\" alt=\"\" aria-describedby=\"gallery-2-392711\" \/><\/a>\n\t\t\t\t<\/dt>\n\t\t\t\t\t<dd class='wp-caption-text gallery-caption' id='gallery-2-392711'>\n\t\t\t\t\tCAMPANOT A CASTION\n\t\t\t\t\t<\/dd><\/dl><dl class='gallery-item'>\n\t\t\t\t<dt class='gallery-icon portrait'>\n\t\t\t\t\t<a class=\"rollover rollover-zoom dt-pswp-item\" title=\"Locandina San Giovanni 2024\" data-dt-img-description=\"\" data-large_image_width=\"1304\" data-large_image_height=\"2560\"href='https:\/\/www.radiopiu.net\/wordpress\/wp-content\/uploads\/2024\/06\/Locandina-San-Giovanni-2024-scaled.jpeg'><img loading=\"lazy\" decoding=\"async\" width=\"150\" height=\"150\" src=\"https:\/\/www.radiopiu.net\/wordpress\/wp-content\/uploads\/2024\/06\/Locandina-San-Giovanni-2024-150x150.jpeg\" class=\"attachment-thumbnail size-thumbnail\" alt=\"\" aria-describedby=\"gallery-2-393442\" \/><\/a>\n\t\t\t\t<\/dt>\n\t\t\t\t\t<dd class='wp-caption-text gallery-caption' id='gallery-2-393442'>\n\t\t\t\t\tSAN GIOVANNI A CANALE D&#8217;AGORDO\n\t\t\t\t\t<\/dd><\/dl><br style=\"clear: both\" \/><dl class='gallery-item'>\n\t\t\t\t<dt class='gallery-icon portrait'>\n\t\t\t\t\t<a class=\"rollover rollover-zoom dt-pswp-item\" title=\"09d50e2a-86d9-4273-aeb6-415f92136bc3\" data-dt-img-description=\"\" data-large_image_width=\"750\" data-large_image_height=\"1022\"href='https:\/\/www.radiopiu.net\/wordpress\/wp-content\/uploads\/2024\/06\/09d50e2a-86d9-4273-aeb6-415f92136bc3.jpg'><img loading=\"lazy\" decoding=\"async\" width=\"150\" height=\"150\" src=\"https:\/\/www.radiopiu.net\/wordpress\/wp-content\/uploads\/2024\/06\/09d50e2a-86d9-4273-aeb6-415f92136bc3-150x150.jpg\" class=\"attachment-thumbnail size-thumbnail\" alt=\"\" aria-describedby=\"gallery-2-393715\" \/><\/a>\n\t\t\t\t<\/dt>\n\t\t\t\t\t<dd class='wp-caption-text gallery-caption' id='gallery-2-393715'>\n\t\t\t\t\tCORSO DI BALLO A VOLTAGO\n\t\t\t\t\t<\/dd><\/dl><dl class='gallery-item'>\n\t\t\t\t<dt class='gallery-icon portrait'>\n\t\t\t\t\t<a class=\"rollover rollover-zoom dt-pswp-item\" title=\"442414392_10232426359018879_5443832698244930521_n\" data-dt-img-description=\"\" data-large_image_width=\"526\" data-large_image_height=\"709\"href='https:\/\/www.radiopiu.net\/wordpress\/wp-content\/uploads\/2024\/06\/442414392_10232426359018879_5443832698244930521_n.jpg'><img loading=\"lazy\" decoding=\"async\" width=\"150\" height=\"150\" src=\"https:\/\/www.radiopiu.net\/wordpress\/wp-content\/uploads\/2024\/06\/442414392_10232426359018879_5443832698244930521_n-150x150.jpg\" class=\"attachment-thumbnail size-thumbnail\" alt=\"\" aria-describedby=\"gallery-2-394106\" \/><\/a>\n\t\t\t\t<\/dt>\n\t\t\t\t\t<dd class='wp-caption-text gallery-caption' id='gallery-2-394106'>\n\t\t\t\t\tFRASSENE&#8217; CROSS\n\t\t\t\t\t<\/dd><\/dl><dl class='gallery-item'>\n\t\t\t\t<dt class='gallery-icon portrait'>\n\t\t\t\t\t<a class=\"rollover rollover-zoom dt-pswp-item\" title=\"Evento 22 giugno (1)\" data-dt-img-description=\"\" data-large_image_width=\"1240\" data-large_image_height=\"1754\"href='https:\/\/www.radiopiu.net\/wordpress\/wp-content\/uploads\/2024\/06\/Evento-22-giugno-1.jpg'><img loading=\"lazy\" decoding=\"async\" width=\"150\" height=\"150\" src=\"https:\/\/www.radiopiu.net\/wordpress\/wp-content\/uploads\/2024\/06\/Evento-22-giugno-1-150x150.jpg\" class=\"attachment-thumbnail size-thumbnail\" alt=\"\" aria-describedby=\"gallery-2-394035\" \/><\/a>\n\t\t\t\t<\/dt>\n\t\t\t\t\t<dd class='wp-caption-text gallery-caption' id='gallery-2-394035'>\n\t\t\t\t\tPRESENTAZIONE DEL LIBRO A CANALE\n\t\t\t\t\t<\/dd><\/dl><dl class='gallery-item'>\n\t\t\t\t<dt class='gallery-icon portrait'>\n\t\t\t\t\t<a class=\"rollover rollover-zoom dt-pswp-item\" title=\"441936111_953300066803441_3663667299753321850_n\" data-dt-img-description=\"\" data-large_image_width=\"520\" data-large_image_height=\"640\"href='https:\/\/www.radiopiu.net\/wordpress\/wp-content\/uploads\/2024\/06\/441936111_953300066803441_3663667299753321850_n.jpg'><img loading=\"lazy\" decoding=\"async\" width=\"150\" height=\"150\" src=\"https:\/\/www.radiopiu.net\/wordpress\/wp-content\/uploads\/2024\/06\/441936111_953300066803441_3663667299753321850_n-150x150.jpg\" class=\"attachment-thumbnail size-thumbnail\" alt=\"\" aria-describedby=\"gallery-2-394061\" \/><\/a>\n\t\t\t\t<\/dt>\n\t\t\t\t\t<dd class='wp-caption-text gallery-caption' id='gallery-2-394061'>\n\t\t\t\t\t31 LUGLIO AL MINIERE E IN DIRETTA ALLA RADIO \n\t\t\t\t\t<\/dd><\/dl><br style=\"clear: both\" \/>\n\t\t\t<\/div>\n\n<\/div>\n<\/div>\n<\/div>\n<p>LA PRO LOCO DI RIVAMONTE TI INVITA AL<span style=\"font-size: 14px; font-weight: normal;\">LA SAGRA DE SANT&#8217;ANTONI, DAL 12 AL 16 GIUGNO <\/span>MERCOLEDI 12 GIUGNO, GNOCH CO LA POINA, IL PIATTO TIPICO E ALTRE SPECIALIT\u00e0, MUSICA CON LINO GIOVEDI 13 GIUGNO PRANZO E CENA, DALLE 21 LA MUSICA DI EROS E KARIM VENERDI 14 GIUGNO A CENA &#8220;PANET ONTI, WURSTEL PATATINE E BIRRA, PROIEZIONE DEL VIDEO SOSPIROLO-NEPAL IN BICI DI FAUSTO DE POI E DALLE 22 CONCERTO CON I BLACK OUT<br \/>\nSABATO 15 SERATA DANZANTE CON LA SPRITZ BAND, A SEGUIRE DJ MORGAN E BATTAGLIA, CHIUSCO COCKTAIL ALL&#8217;ESTERNO DEL TENDONE DOMENICA 16 PRANZO ALLE 12, POMERIGGIO CON I GRUPPI BATI ORZ DI SANT TOMASO E FOLK DEL POI ALLA CASA DELLA GIOVENTU&#8217; PESCA DI BENEFICIENZA, IN CHIESA I CORDONI DI SANT&#8217;ANTONIO.<\/p>\n<p>&nbsp;<\/p>\n<h2><span style=\"color: #ff0000;\">PROSSIMAMENTE\u00a0<\/span><\/h2>\n<p>Preparatevi a scatenare la vostra energia e a superare i vostri limiti con CorriPoi 2024. Il trofeo di Corse Podistiche a tappe Nell&#8217;Agordino, quattro tappe emozionanti, ognuna delle quali vi porter\u00e0 a scoprire le bellezze naturali del territorio. 22 GIUGNO FRASSENE&#8217;, 7 LUGLIO FORCELLA AURINE, 7 SETTEMBRE VOLTAGO Alla CorriPoi parteciperanno, fianco a fianco, forti runner, atleti della domenica, famiglie, gruppi di amici, giovani corridori in erba, tutti con l&#8217;obiettivo di correre e di divertirsi. Corri verso la vittoria, corri verso il trofeo Alpenpluss. Regolamento delle quattro gare sul sito KEEPSPORTING.COM, in collaborazione con Kiwi Sport, abbigliamento sportivo per tutta la famiglia, ad ALLEGHE- CENCENIGHE &#8211; BELLUNO<\/p>\n<p>&nbsp;<\/p>\n<blockquote>\n<h2>Sagra del Campanot 2024: dieci giorni di tradizione, divertimento e gastronomia a Castion<\/h2>\n<\/blockquote>\n<p>La Sagra del Campanot di Castion ritorna dal 14 al 23 giugno, con una pausa il 17 e 18 giugno, per un&#8217;edizione ricca di eventi, cibo e divertimento. Questo evento annuale celebra la cultura e le tradizioni locali, offrendo un&#8217;esperienza unica per tutti i partecipanti.<br \/>\n<strong>Gastronomia di Qualit\u00e0 <\/strong>Ogni sera, dalle 19:30, e durante i pranzi delle due domeniche, gli ospiti potranno gustare piatti tipici e un men\u00f9 gourmet, accompagnato da vini DOC selezionati. Il pasticcere Stefano Berton preparer\u00e0 deliziosi dolci che delizieranno anche i palati pi\u00f9 esigenti. La sagra promette un viaggio culinario tra i sapori autentici della tradizione locale. <strong>Musica e Intrattenimento\u00a0<\/strong><br \/>\nLe serate saranno animate da musica dal vivo con spettacoli sul palco interno a partire dalle 21:00 e sul palco esterno dalle 22:00 fino a notte fonda. Artisti di vari generi musicali si esibiranno, offrendo un intrattenimento continuo e coinvolgente per tutti i gusti.<br \/>\n<strong>Eventi Sportivi e Attivit\u00e0\u00a0 <\/strong>Il programma della sagra \u00e8 ricco di eventi sportivi e attivit\u00e0 per tutte le et\u00e0: Sabato 15 giugno: Dalle 15:00, torneo di basket per le categorie under 12, 13 e 15. <span style=\"color: #ff0000;\"><strong>Domenica 16 giugno <\/strong><\/span>Dalle 9:00, escursione al Giardino Botanico delle Alpi Orientali e mattinata fitness con 5Squash &amp; Fitness Club. Alle 11:30, 1\u00b0 torneo di burraco. Dalle 16:00, scuola di equitazione western. Alle 18:30, esibizione della scuola di danza CAB. <strong><span style=\"color: #ff0000;\">Mercoled\u00ec 19 giugno:<\/span><\/strong> Giornata dedicata ai bambini con:<br \/>\nOre 16:30, truccabimbi. Ore 18:30, esibizione del coro arcobaleno di Limana. Ore 20:30, spettacolo di giocoleria con il grande Mencho Sosa. <strong>21, 22 e 23 giugno:<\/strong> Torneo Campanot &#8211; 8\u00b0 memorial Alberto e Laura, con un torneo di calcio a 5 e un torneo di volley 3vs3 misto. <strong><span style=\"color: #ff0000;\">Domenica 23 giugno:<\/span><\/strong> Alle 21:00, estrazione dei biglietti vincenti della Lotteria Campanot con un iPhone 15 Plus come primo premio. Sotto il tendone sar\u00e0 possibile seguire le partite dell&#8217;Italia agli Europei 2024, creando un punto di ritrovo per tutti gli appassionati di calcio.\u00a0 Per ulteriori informazioni sul programma completo della Sagra del Campanot, \u00e8 possibile visitare il sito ufficiale <a href=\"http:\/\/www.castion-belluno.it\">www.castion-belluno.it<\/a>.<\/p>\n<p>&nbsp;<\/p>\n<p>&nbsp;<\/p>\n<p>&nbsp;<\/p>\n<hr \/>\n<p>&nbsp;<\/p>\n<p><a class=\"dt-pswp-item\" href=\"https:\/\/www.radiopiu.net\/wordpress\/wp-content\/uploads\/2018\/09\/viabilita.jpeg\" data-dt-img-description=\"\" data-large_image_width=\"800\" data-large_image_height=\"100\"><img loading=\"lazy\" decoding=\"async\" class=\"aligncenter wp-image-61954 size-full\" src=\"https:\/\/www.radiopiu.net\/wordpress\/wp-content\/uploads\/2018\/09\/viabilita.jpeg\" alt=\"\" width=\"800\" height=\"100\" srcset=\"https:\/\/www.radiopiu.net\/wordpress\/wp-content\/uploads\/2018\/09\/viabilita.jpeg 800w, https:\/\/www.radiopiu.net\/wordpress\/wp-content\/uploads\/2018\/09\/viabilita-300x38.jpeg 300w, https:\/\/www.radiopiu.net\/wordpress\/wp-content\/uploads\/2018\/09\/viabilita-768x96.jpeg 768w\" sizes=\"auto, (max-width: 800px) 100vw, 800px\" \/><\/a><\/p>\n<p>&nbsp;<\/p>\n<p><a class=\"dt-pswp-item\" href=\"https:\/\/www.radiopiu.net\/wordpress\/wp-content\/uploads\/2023\/12\/botol-car-service.jpg\" data-dt-img-description=\"\" data-large_image_width=\"600\" data-large_image_height=\"600\"><img loading=\"lazy\" decoding=\"async\" class=\"size-medium wp-image-367044 aligncenter\" src=\"https:\/\/www.radiopiu.net\/wordpress\/wp-content\/uploads\/2023\/12\/botol-car-service-300x300.jpg\" alt=\"\" width=\"300\" height=\"300\" srcset=\"https:\/\/www.radiopiu.net\/wordpress\/wp-content\/uploads\/2023\/12\/botol-car-service-300x300.jpg 300w, https:\/\/www.radiopiu.net\/wordpress\/wp-content\/uploads\/2023\/12\/botol-car-service-150x150.jpg 150w, https:\/\/www.radiopiu.net\/wordpress\/wp-content\/uploads\/2023\/12\/botol-car-service.jpg 600w\" sizes=\"auto, (max-width: 300px) 100vw, 300px\" \/><\/a><\/p>\n<p>&nbsp;<\/p>\n<p>&nbsp;<\/p>\n<h1>BOLLETTINO QUOTIDIANO, CLICCA QUI<\/h1>\n<blockquote class=\"wp-embedded-content\" data-secret=\"4rMaEakdYW\"><p><a href=\"https:\/\/www.radiopiu.net\/wordpress\/viabilita-2\/\">viabilita<\/a><\/p><\/blockquote>\n<p><iframe loading=\"lazy\" class=\"wp-embedded-content\" sandbox=\"allow-scripts\" security=\"restricted\" style=\"position: absolute; clip: rect(1px, 1px, 1px, 1px);\" title=\"&#8220;viabilita&#8221; &#8212; Radio Pi\u00f9\" src=\"https:\/\/www.radiopiu.net\/wordpress\/viabilita-2\/embed\/#?secret=SpWzWTiOqJ#?secret=4rMaEakdYW\" data-secret=\"4rMaEakdYW\" width=\"600\" height=\"338\" frameborder=\"0\" marginwidth=\"0\" marginheight=\"0\" scrolling=\"no\"><\/iframe><\/p>\n<p>&nbsp;<\/p>\n<p>&nbsp;<\/p>\n<hr \/>\n<p>&nbsp;<\/p>\n<p><a class=\"dt-pswp-item\" href=\"https:\/\/www.radiopiu.net\/wordpress\/wp-content\/uploads\/2018\/09\/WhatsApp-Image-2018-09-20-at-16.04.06.jpeg\" data-dt-img-description=\"\" data-large_image_width=\"800\" data-large_image_height=\"100\"><img loading=\"lazy\" decoding=\"async\" class=\"wp-image-61378 size-full aligncenter\" src=\"https:\/\/www.radiopiu.net\/wordpress\/wp-content\/uploads\/2018\/09\/WhatsApp-Image-2018-09-20-at-16.04.06.jpeg\" alt=\"\" width=\"800\" height=\"100\" srcset=\"https:\/\/www.radiopiu.net\/wordpress\/wp-content\/uploads\/2018\/09\/WhatsApp-Image-2018-09-20-at-16.04.06.jpeg 800w, https:\/\/www.radiopiu.net\/wordpress\/wp-content\/uploads\/2018\/09\/WhatsApp-Image-2018-09-20-at-16.04.06-300x38.jpeg 300w, https:\/\/www.radiopiu.net\/wordpress\/wp-content\/uploads\/2018\/09\/WhatsApp-Image-2018-09-20-at-16.04.06-768x96.jpeg 768w\" sizes=\"auto, (max-width: 800px) 100vw, 800px\" \/><\/a><\/p>\n<p><center><\/center><center><\/center><center><\/center><center><\/center><center><\/center><center><\/center>&nbsp;<\/p>\n<p><center><\/center><center><\/center><center><\/center><center><\/center><center><\/center><center><\/center><center><\/center><center><b>OGGI<\/b><\/center>Ad inizio giornata qualche tratto soleggiato, pi\u00f9 probabile sulle Dolomiti, ma non solo, assieme a banchi di stratocumuli, pi\u00f9 presenti sulle Prealpi, specie in Valbelluna. Con il passare delle ore crescente nuvolosit\u00e0, anche per forte attivit\u00e0 cumuliforme, e il tempo diverr\u00e0 instabile con cielo coperto e alta probabilit\u00e0 di fenomeni.<br \/>\n<b>Precipitazioni: <\/b>Al mattino pressoch\u00e9 assenti o locali sulle Dolomiti, mentre saranno gi\u00e0 probabili sulle Prealpi. Al pomeriggio diffuse, anche a carattere di rovescio e di temporale, localmente intensi.<br \/>\n<b>Temperature: <\/b>In generale lieve calo a tutte le quote.<\/p>\n<hr \/>\n<p><center><b>DOMANI<\/b><\/center>Tempo marcatamente instabile per sopraggiungere di aria pi\u00f9 fredda in quota, con cielo nuvoloso o molto nuvoloso ed elevata probabilit\u00e0 di fenomeni sia al mattino che al pomeriggio.<br \/>\n<b>Precipitazioni: <\/b>Alta probabilit\u00e0 di rovesci e temporali sia al mattino che al pomeriggio<br \/>\n<b>Temperature: <\/b>In ulteriore calo a tutte le quote.<\/p>\n<hr \/>\n<p><center><b>GIOVEDI<\/b><\/center>Nottetempo e nelle prime ore del mattino tempo instabile\/perturbato con cielo coperto e precipitazioni, a tratti diffuse, anche a carattere di rovescio. Temperature in generale calo, eccetto rialzo delle massime nelle valli per ritorno del sole.<\/p>\n<hr \/>\n<p><center><b>VENERDI<\/b><\/center>Tempo da soleggiato a parzialmente soleggiato per cielo velato da cirri, temporaneamente coperto da altostrati senza grandi effetti. Temperature in ripresa, pi\u00f9 sensibile per le massime.<\/p>\n<p>&nbsp;<\/p>\n<hr \/>\n<p>&nbsp;<\/p>\n<p><img loading=\"lazy\" decoding=\"async\" class=\"wp-image-60761 size-full aligncenter\" src=\"https:\/\/www.radiopiu.net\/wordpress\/wp-content\/uploads\/2018\/09\/sport.jpg\" alt=\"\" width=\"800\" height=\"100\" srcset=\"https:\/\/www.radiopiu.net\/wordpress\/wp-content\/uploads\/2018\/09\/sport.jpg 800w, https:\/\/www.radiopiu.net\/wordpress\/wp-content\/uploads\/2018\/09\/sport-300x38.jpg 300w, https:\/\/www.radiopiu.net\/wordpress\/wp-content\/uploads\/2018\/09\/sport-768x96.jpg 768w\" sizes=\"auto, (max-width: 800px) 100vw, 800px\" \/><\/p>\n<p>&nbsp;<\/p>\n<p><span style=\"color: #0000ff;\"><strong>PALLAVOLO<\/strong><\/span><\/p>\n<blockquote>\n<h1><b><a class=\"dt-pswp-item\" href=\"https:\/\/www.radiopiu.net\/wordpress\/wp-content\/uploads\/2024\/06\/Bassanello_nuovo_libero_bellunese.jpg\" data-dt-img-description=\"\" data-large_image_width=\"1596\" data-large_image_height=\"2107\"><img loading=\"lazy\" decoding=\"async\" class=\" wp-image-394112 alignleft\" src=\"https:\/\/www.radiopiu.net\/wordpress\/wp-content\/uploads\/2024\/06\/Bassanello_nuovo_libero_bellunese-227x300.jpg\" alt=\"\" width=\"169\" height=\"223\" srcset=\"https:\/\/www.radiopiu.net\/wordpress\/wp-content\/uploads\/2024\/06\/Bassanello_nuovo_libero_bellunese-227x300.jpg 227w, https:\/\/www.radiopiu.net\/wordpress\/wp-content\/uploads\/2024\/06\/Bassanello_nuovo_libero_bellunese-776x1024.jpg 776w, https:\/\/www.radiopiu.net\/wordpress\/wp-content\/uploads\/2024\/06\/Bassanello_nuovo_libero_bellunese-768x1014.jpg 768w, https:\/\/www.radiopiu.net\/wordpress\/wp-content\/uploads\/2024\/06\/Bassanello_nuovo_libero_bellunese-1163x1536.jpg 1163w, https:\/\/www.radiopiu.net\/wordpress\/wp-content\/uploads\/2024\/06\/Bassanello_nuovo_libero_bellunese-1551x2048.jpg 1551w, https:\/\/www.radiopiu.net\/wordpress\/wp-content\/uploads\/2024\/06\/Bassanello_nuovo_libero_bellunese.jpg 1596w\" sizes=\"auto, (max-width: 169px) 100vw, 169px\" \/><\/a><\/b><\/h1>\n<h1><\/h1>\n<h1><b>Qualit\u00e0 e personalit\u00e0: arriva il libero Nicol\u00f2 Bassanello<\/b><\/h1>\n<\/blockquote>\n<p>Il <b>Belluno Volley<\/b> avr\u00e0 due liberi di qualit\u00e0 e di personalit\u00e0: oltre a Gonzalo Martinez, la societ\u00e0 ha deciso di puntare su <b>Nicol\u00f2 Bassanello<\/b>. Un giocatore che, nel panorama di Serie A3\u00a0 non ha bisogno di troppe presentazioni.<span class=\"gmail-Apple-converted-space\">\u00a0 I<\/span>l ventottenne libero originario di Padova ha confermato una volta di pi\u00f9 di che pasta \u00e8 fatto. Alle indiscutibili qualit\u00e0 di natura tecnica, infatti, aggiunge leadership e carisma: dentro e fuori dal rettangolo di gioco.<span class=\"gmail-Apple-converted-space\"> \u00a0<\/span>Infaticabile in palestra, anche in allenamento, \u00e8 pronto a garantire solidit\u00e0 e precisione in seconda linea.<\/p>\n<p>&nbsp;<\/p>\n<p>&nbsp;<\/p>\n<p>&nbsp;<\/p>\n<hr \/>\n<p>&nbsp;<\/p>\n<h2><span style=\"color: #008000;\">GOODBYE BY BICICLE&#8230;UN VIAGGIO DALL&#8217;INDIA A SEREN DEL GRAPPA IN BICICLETTA<\/span><\/h2>\n<p><span style=\"color: #ff0000;\"><strong>PUNTATA 17 &#8211; GIORNATE IMPEGNATIVE TRA INCONTRI E LUNGHE PEDALATE<\/strong><\/span><\/p>\n<audio class=\"wp-audio-shortcode\" id=\"audio-394034-21\" preload=\"none\" style=\"width: 100%;\" controls=\"controls\"><source type=\"audio\/mpeg\" src=\"https:\/\/www.radiopiu.net\/wordpress\/wp-content\/uploads\/2024\/05\/AIRE-INDIA-PUNTATA-17.mp3?_=21\" \/><a href=\"https:\/\/www.radiopiu.net\/wordpress\/wp-content\/uploads\/2024\/05\/AIRE-INDIA-PUNTATA-17.mp3\">https:\/\/www.radiopiu.net\/wordpress\/wp-content\/uploads\/2024\/05\/AIRE-INDIA-PUNTATA-17.mp3<\/a><\/audio>\n<p>&nbsp;<\/p>\n\n\t\t\t<style type='text\/css'>\n\t\t\t\t#gallery-3 {\n\t\t\t\t\tmargin: auto;\n\t\t\t\t}\n\t\t\t\t#gallery-3 .gallery-item {\n\t\t\t\t\tfloat: left;\n\t\t\t\t\tmargin-top: 10px;\n\t\t\t\t\ttext-align: center;\n\t\t\t\t\twidth: 20%;\n\t\t\t\t}\n\t\t\t\t#gallery-3 img {\n\t\t\t\t\tborder: 2px solid #cfcfcf;\n\t\t\t\t}\n\t\t\t\t#gallery-3 .gallery-caption {\n\t\t\t\t\tmargin-left: 0;\n\t\t\t\t}\n\t\t\t\t\/* see gallery_shortcode() in wp-includes\/media.php *\/\n\t\t\t<\/style>\n\t\t<div id='gallery-3' class='dt-gallery-container gallery galleryid-394034 gallery-columns-5 gallery-size-thumbnail'><dl class='gallery-item'>\n\t\t\t\t<dt class='gallery-icon portrait'>\n\t\t\t\t\t<a class=\"rollover rollover-zoom dt-pswp-item\" title=\"9ee4f4f3-bd33-4279-b22a-fd98ec990e2c\" data-dt-img-description=\"\" data-large_image_width=\"963\" data-large_image_height=\"1280\"href='https:\/\/www.radiopiu.net\/wordpress\/wp-content\/uploads\/2024\/05\/9ee4f4f3-bd33-4279-b22a-fd98ec990e2c.jpg'><img loading=\"lazy\" decoding=\"async\" width=\"150\" height=\"150\" src=\"https:\/\/www.radiopiu.net\/wordpress\/wp-content\/uploads\/2024\/05\/9ee4f4f3-bd33-4279-b22a-fd98ec990e2c-150x150.jpg\" class=\"attachment-thumbnail size-thumbnail\" alt=\"\" \/><\/a>\n\t\t\t\t<\/dt><\/dl><dl class='gallery-item'>\n\t\t\t\t<dt class='gallery-icon portrait'>\n\t\t\t\t\t<a class=\"rollover rollover-zoom dt-pswp-item\" title=\"2a7a0948-eaa3-48da-852d-56265e7ace11\" data-dt-img-description=\"\" data-large_image_width=\"1500\" data-large_image_height=\"2000\"href='https:\/\/www.radiopiu.net\/wordpress\/wp-content\/uploads\/2024\/05\/2a7a0948-eaa3-48da-852d-56265e7ace11.jpg'><img loading=\"lazy\" decoding=\"async\" width=\"150\" height=\"150\" src=\"https:\/\/www.radiopiu.net\/wordpress\/wp-content\/uploads\/2024\/05\/2a7a0948-eaa3-48da-852d-56265e7ace11-150x150.jpg\" class=\"attachment-thumbnail size-thumbnail\" alt=\"\" \/><\/a>\n\t\t\t\t<\/dt><\/dl><dl class='gallery-item'>\n\t\t\t\t<dt class='gallery-icon landscape'>\n\t\t\t\t\t<a class=\"rollover rollover-zoom dt-pswp-item\" title=\"040dc781-99fc-4124-b937-18cf8a6bdb59\" data-dt-img-description=\"\" data-large_image_width=\"2000\" data-large_image_height=\"1500\"href='https:\/\/www.radiopiu.net\/wordpress\/wp-content\/uploads\/2024\/05\/040dc781-99fc-4124-b937-18cf8a6bdb59.jpg'><img loading=\"lazy\" decoding=\"async\" width=\"150\" height=\"150\" src=\"https:\/\/www.radiopiu.net\/wordpress\/wp-content\/uploads\/2024\/05\/040dc781-99fc-4124-b937-18cf8a6bdb59-150x150.jpg\" class=\"attachment-thumbnail size-thumbnail\" alt=\"\" \/><\/a>\n\t\t\t\t<\/dt><\/dl><dl class='gallery-item'>\n\t\t\t\t<dt class='gallery-icon portrait'>\n\t\t\t\t\t<a class=\"rollover rollover-zoom dt-pswp-item\" title=\"7739d2b9-a07f-4f34-af0f-74b7c05be1de\" data-dt-img-description=\"\" data-large_image_width=\"1200\" data-large_image_height=\"1600\"href='https:\/\/www.radiopiu.net\/wordpress\/wp-content\/uploads\/2024\/05\/7739d2b9-a07f-4f34-af0f-74b7c05be1de.jpg'><img loading=\"lazy\" decoding=\"async\" width=\"150\" height=\"150\" src=\"https:\/\/www.radiopiu.net\/wordpress\/wp-content\/uploads\/2024\/05\/7739d2b9-a07f-4f34-af0f-74b7c05be1de-150x150.jpg\" class=\"attachment-thumbnail size-thumbnail\" alt=\"\" \/><\/a>\n\t\t\t\t<\/dt><\/dl><dl class='gallery-item'>\n\t\t\t\t<dt class='gallery-icon portrait'>\n\t\t\t\t\t<a class=\"rollover rollover-zoom dt-pswp-item\" title=\"b144c8d7-be39-4154-80d9-2302ebe2f9dd\" data-dt-img-description=\"\" data-large_image_width=\"963\" data-large_image_height=\"1280\"href='https:\/\/www.radiopiu.net\/wordpress\/wp-content\/uploads\/2024\/05\/b144c8d7-be39-4154-80d9-2302ebe2f9dd.jpg'><img loading=\"lazy\" decoding=\"async\" width=\"150\" height=\"150\" src=\"https:\/\/www.radiopiu.net\/wordpress\/wp-content\/uploads\/2024\/05\/b144c8d7-be39-4154-80d9-2302ebe2f9dd-150x150.jpg\" class=\"attachment-thumbnail size-thumbnail\" alt=\"\" \/><\/a>\n\t\t\t\t<\/dt><\/dl><br style=\"clear: both\" \/>\n\t\t\t<\/div>\n\n<p>&nbsp;<\/p>\n","protected":false},"excerpt":{"rendered":"<p>******* &nbsp; &nbsp; ATTENZIONE: LA NUOVA APP PER IOS-IPHONE di Nicola Vettorello https:\/\/apps.apple.com\/it\/app\/radio-pi%C3%B9-emittente-agordina\/id1515939845 ATTENZIONE: LA NUOVA APP RADIO\u00a0 PER ANDROID di Nicola Vettorello https:\/\/play.google.com\/store\/apps\/details?id=net.radiopiu.iniko\u00a0\u00a0\u00a0 &nbsp; ARCOBALENI LAVALLESI&#8230; LA VALLE AGORDINA, tiziano de col &nbsp; &nbsp; OGGI ALLA RADIO:\u00a0ALLE 6.15 PIROLE DE LENGA, CON IL MUSLA\u00a0 ALLE 7.20\u00a0EL BAL DEL FIOR, DETTI E TRADIZIONI DI GIULIANA&hellip;<\/p>\n","protected":false},"author":4,"featured_media":394302,"comment_status":"closed","ping_status":"closed","sticky":false,"template":"","format":"standard","meta":{"_monsterinsights_skip_tracking":false,"_monsterinsights_sitenote_active":false,"_monsterinsights_sitenote_note":"","_monsterinsights_sitenote_category":0,"footnotes":""},"categories":[51,86,49],"tags":[],"class_list":["post-394034","post","type-post","status-publish","format-standard","has-post-thumbnail","hentry","category-evidenza-top","category-gr","category-news-18","category-51","category-86","category-49","description-off"],"img_url":"https:\/\/www.radiopiu.net\/wordpress\/wp-content\/uploads\/2024\/06\/Senza-nome-25.png","_links":{"self":[{"href":"https:\/\/www.radiopiu.net\/wordpress\/wp-json\/wp\/v2\/posts\/394034","targetHints":{"allow":["GET"]}}],"collection":[{"href":"https:\/\/www.radiopiu.net\/wordpress\/wp-json\/wp\/v2\/posts"}],"about":[{"href":"https:\/\/www.radiopiu.net\/wordpress\/wp-json\/wp\/v2\/types\/post"}],"author":[{"embeddable":true,"href":"https:\/\/www.radiopiu.net\/wordpress\/wp-json\/wp\/v2\/users\/4"}],"replies":[{"embeddable":true,"href":"https:\/\/www.radiopiu.net\/wordpress\/wp-json\/wp\/v2\/comments?post=394034"}],"version-history":[{"count":0,"href":"https:\/\/www.radiopiu.net\/wordpress\/wp-json\/wp\/v2\/posts\/394034\/revisions"}],"wp:featuredmedia":[{"embeddable":true,"href":"https:\/\/www.radiopiu.net\/wordpress\/wp-json\/wp\/v2\/media\/394302"}],"wp:attachment":[{"href":"https:\/\/www.radiopiu.net\/wordpress\/wp-json\/wp\/v2\/media?parent=394034"}],"wp:term":[{"taxonomy":"category","embeddable":true,"href":"https:\/\/www.radiopiu.net\/wordpress\/wp-json\/wp\/v2\/categories?post=394034"},{"taxonomy":"post_tag","embeddable":true,"href":"https:\/\/www.radiopiu.net\/wordpress\/wp-json\/wp\/v2\/tags?post=394034"}],"curies":[{"name":"wp","href":"https:\/\/api.w.org\/{rel}","templated":true}]}}