{"id":394064,"date":"2024-06-10T07:55:29","date_gmt":"2024-06-10T05:55:29","guid":{"rendered":"https:\/\/www.radiopiu.net\/wordpress\/?p=394064"},"modified":"2024-06-10T08:01:20","modified_gmt":"2024-06-10T06:01:20","slug":"394064-2","status":"publish","type":"post","link":"https:\/\/www.radiopiu.net\/wordpress\/394064-2\/","title":{"rendered":"DAL 1983 ALLE OTTO DEL MATTINO la rassegna stampa locale di Mirko Mezzacasa, l&#8217;originale"},"content":{"rendered":"<p>**+<\/p>\n<p><iframe loading=\"lazy\" title=\"DAL 1983 LA RASSEGNA STAMPA LOCALE di mirko mezzacasa. L&#039;ORIGINALE\" width=\"1200\" height=\"675\" src=\"https:\/\/www.youtube.com\/embed\/POAyeDYNXk8?feature=oembed\" frameborder=\"0\" allow=\"accelerometer; autoplay; clipboard-write; encrypted-media; gyroscope; picture-in-picture; web-share\" referrerpolicy=\"strict-origin-when-cross-origin\" allowfullscreen><\/iframe><\/p>\n<p><a class=\"dt-pswp-item\" href=\"https:\/\/www.radiopiu.net\/wordpress\/wp-content\/uploads\/2024\/06\/copertina-oggi.png\" data-dt-img-description=\"\" data-large_image_width=\"610\" data-large_image_height=\"418\"><img loading=\"lazy\" decoding=\"async\" class=\"size-medium wp-image-394054 alignleft\" src=\"https:\/\/www.radiopiu.net\/wordpress\/wp-content\/uploads\/2024\/06\/copertina-oggi-300x206.png\" alt=\"\" width=\"300\" height=\"206\" srcset=\"https:\/\/www.radiopiu.net\/wordpress\/wp-content\/uploads\/2024\/06\/copertina-oggi-300x206.png 300w, https:\/\/www.radiopiu.net\/wordpress\/wp-content\/uploads\/2024\/06\/copertina-oggi.png 610w\" sizes=\"auto, (max-width: 300px) 100vw, 300px\" \/><\/a>FELTRE\u00a0 E&#8217; morto a 62 anni, improvvisamente per un malore mentre era a Pedavena,\u00a0 Alessandro Bee, dirigente scolastico dell\u2019istituto comprensivo di Fonzaso e reggente del complesso scolastico di Lamon e Sovramonte. Lascia la moglie e due figli.\u00a0 Bee, uomo conosciuto e stimato non solo nell&#8217;ambiente scolastico, da pochi giorni era stato nominato presidente della commissione d&#8217;esame al liceo Tiziano di Belluno.<br \/>\nSANTA GIUSTINA Un altro dolore per la comunit\u00e0, la scomparsa di Emilio Pandini, idraulico di professione, uomo del volontariato. L&#8217;altra mattina la notizia, improvvisa della scomparsa.\u00a0 \u00a0Cavaliere della Repubblica e Maestro Artigiano, Emilio lascia la moglie Valda, i figli Emilio ed Emanuele, i nipoti Isabella e Leonardo, il fratello Ettore, la cognata Lucia, il cognato Miller e parenti tutti. I funerali si svolgeranno domani alle 14:30 nella chiesa di Santa Giustina<br \/>\nREDAZIONE\u00a0 Tra gli interventi principali di sabato del Suem 118 due incidenti ciclistici con tre feriti. A Passo Pordoi sono caduti due 58enni (l\u2019uno proveniente dalla Germania a l\u2019altro dall\u2019Austria) entrambi portati in ospedale a Belluno con ferite di media gravit\u00e0. Altro incidente nel pomeriggio a Santo Stefano di Cadore, vittima un tredicenne trasportato in elicottero al San Martino.\u00a0 Investimento, invece a Farra d\u2019Alpago, una donna di 74 anni \u00e8 stata portata in ospedale con l\u2019ambulanza anche per lei diagnosticate ferite di media gravit\u00e0. Infine l\u2019AGGRESSIONE, a Cesiomaggiore un uomo di 65 anni \u00e8 stato soccorso e in condizioni medio-gravi portato in ospedale a Feltre<br \/>\nREDAZIONE\u00a0Il fine settimana del Suem 118 si chiude con un intervento nel pomeriggio di ieri quando i santari sono stati chiamati a Quero dove un uomo di 57 anni aveva accusato un malore. Sul posto l&#8217;ambulanza di Feltre e l&#8217;elicottero Falco per prestare le prime cure al paziente che \u00e8 stato poi trasportato all&#8217;ospedale di Treviso.<\/p>\n<p><a class=\"dt-pswp-item\" href=\"https:\/\/www.radiopiu.net\/wordpress\/wp-content\/uploads\/2024\/06\/444784532_484564677254748_4275734545029331530_n.jpg\" data-dt-img-description=\"\" data-large_image_width=\"720\" data-large_image_height=\"540\"><img loading=\"lazy\" decoding=\"async\" class=\"size-medium wp-image-394048 alignleft\" src=\"https:\/\/www.radiopiu.net\/wordpress\/wp-content\/uploads\/2024\/06\/444784532_484564677254748_4275734545029331530_n-300x225.jpg\" alt=\"\" width=\"300\" height=\"225\" srcset=\"https:\/\/www.radiopiu.net\/wordpress\/wp-content\/uploads\/2024\/06\/444784532_484564677254748_4275734545029331530_n-300x225.jpg 300w, https:\/\/www.radiopiu.net\/wordpress\/wp-content\/uploads\/2024\/06\/444784532_484564677254748_4275734545029331530_n.jpg 720w\" sizes=\"auto, (max-width: 300px) 100vw, 300px\" \/><\/a>SANTA GIUSTINA Miriam Dazzi, gestrice della gelateria &#8220;Bottega del Gelato&#8221; a Sedico, si \u00e8 trovata faccia a faccia con un ladro nel laboratorio del suo negozio. Con coraggio, lo ha bloccato insieme al figlio Matteo fino all&#8217;arrivo dei carabinieri. Il malvivente, un 27enne con precedenti, \u00e8 stato rilasciato con una denuncia a piede libero nonostante avesse la refurtiva. Dazzi esprime perplessit\u00e0 per la mancata detenzione del ladro e promette di chiedere giustizia. Nonostante l&#8217;accaduto, la gelateria ha continuato a lavorare a pieno ritmo, dimostrando la determinazione della famiglia Silvestri.<br \/>\nFELTRE Un orso adulto \u00e8 stato avvistato vicino alla frazione di Arten, appena a monte della zona retrostante il bar Quattroruote. Le immagini sono state catturate da due fototrappole ai margini del bosco, confermando la presenza del plantigrado non distante dall&#8217;abitato. Le foto, scattate sabato sera, mostrano l&#8217;orso in due momenti distinti: alle 21 e poco dopo le 23:30. Secondo gli epserti dell&#8217;Arma l&#8217;orso \u00e8 un &#8220;cacciatore&#8221; in cerca di cibo. Verifiche in zona hanno evidenziato arnie distrutte, segno che l&#8217;animale \u00e8 affamato e ha trovato il miele.<br \/>\nREDAZIONE I dati della Prefettura premiano le liste uniche in Agordino. Alle 19 sono usciti i dati dell&#8217;affluenza alle urne e in tutti i comuni della vallata dove era presente una sola lista come candidato a sindaco hanno superato il 40% dei votanti. A Taibon, con la lista del sindaco uscente Silvia Tormen, si sono presentati alle urne il 40,93% dei cittadini. A La Valle, in lista solo Ezio Zuanel, il 48,73%. Alleghe supera il 50%, unica lista Danilo De Toni, dove si sono presentati al voto il 58,33% degli aventi diritto. A San Tomaso, lista unica di Moreno De Val, si arriva al 45,17% dei votanti. Infine a Vallada, lista unica di Fabio Luchetta, ha votato il 58,33% degli aventi diritto. Ora la palla passa agli scrutini che avverranno oggi. Per confermare il sindaco pi\u00f9 del 50% delle schede deve essere valido.<br \/>\nNESSUNA SORPRESA, OVUNQUE IN PROVINCIA\u00a0 IL QUORUM E&#8217; STATO BATTUTO<br \/>\nCALALZO Prima esperienza per il sindaco Luca Fanton eletto con il 60,08%; eletti sindaci Roberto Padrin a Longarone (50.02%); Gianluca Dal Borgo a Chies d&#8217;Alpago (66,035); in Comelico Marco Staunovo Polacco (56,13%); a Lorenzago Marco D&#8217;Ambros (76,35%) San Nicolo&#8217; Comelico Giancarlo Ianese, San Pietro di Cadore Manuel Casanova Consier Santo Stefano di Cadore Alfredo Comis (54,44%)<\/p>\n<p><a class=\"dt-pswp-item\" href=\"https:\/\/www.radiopiu.net\/wordpress\/wp-content\/uploads\/2024\/06\/Senza-nome-20.png\" data-dt-img-description=\"\" data-large_image_width=\"522\" data-large_image_height=\"304\"><img loading=\"lazy\" decoding=\"async\" class=\"size-medium wp-image-394052 alignleft\" src=\"https:\/\/www.radiopiu.net\/wordpress\/wp-content\/uploads\/2024\/06\/Senza-nome-20-300x175.png\" alt=\"\" width=\"300\" height=\"175\" srcset=\"https:\/\/www.radiopiu.net\/wordpress\/wp-content\/uploads\/2024\/06\/Senza-nome-20-300x175.png 300w, https:\/\/www.radiopiu.net\/wordpress\/wp-content\/uploads\/2024\/06\/Senza-nome-20.png 522w\" sizes=\"auto, (max-width: 300px) 100vw, 300px\" \/><\/a>BELLUNO Gioved\u00ec sono iniziati i lavori di ripristino del manto stradale nelle aree interessate dalla posa della fibra ottica. La manutenzione, a carico della societ\u00e0 di telefonia responsabile degli scavi, era attesa da mesi, con numerosi solleciti dall&#8217;Amministrazione comunale per un rapido completamento<br \/>\nBELLUNO Lorraine Berton, presidente di Confindustria Belluno Dolomiti, ha ringraziato le imprese e le maestranze coinvolte nella realizzazione della pista da bob di Cortina, sottolineando come professionalit\u00e0, responsabilit\u00e0 e tenacia siano fondamentali per il successo del progetto<br \/>\nBELLUNO In occasione della Giornata della Salute Mentale, l\u2019Ulss Dolomiti organizza la \u201cSettimana della Salute Mentale\u201d dal 5 al 13 ottobre 2024, con iniziative, dibattiti ed eventi culturali in varie aree del territorio. Per presentare l\u2019iniziativa e raccogliere proposte, si terranno tre incontri aperti alla cittadinanza: il 12 giugno a Pieve di Cadore e Feltre, e il 14 giugno a Belluno.<br \/>\nCENCENIGHE Il sindaco di Cencenighe Mauro Soppelsa ha convocato il consiglio comunali per venerd\u00ec alle 20:30. Oltre alla lettura e approvazioni delle sedute precedenti, si discuter\u00e0 di una variazione a bilancio<br \/>\nDisagi alla Posta di Agordo: Attese Estenuanti<br \/>\nEsperienza nota a molti,\u00a0 \u00a0con l&#8217;arrivo dell&#8217;estate e del caldo diventa ancora pi\u00f9 insopportabile. Andare in posta ad Agordo \u00e8 diventata una vera e propria tortura. Si rendono conto che le persone non possono stare anche un&#8217;ora sotto il sole? L&#8217;altra mattina ho dovuto fare mezz&#8217;ora di fila sotto il sole cocente. Quello che mi ha innervosito maggiormente \u00e8 stato il fatto che, su due sportelli disponibili, ne funzionava solo uno. C&#8217;erano persone anziane che, con l&#8217;intensificarsi del caldo, potrebbero avere bisogno almeno di sedersi all&#8217;ombra, magari sotto un ombrellone. Questa situazione \u00e8 inaccettabile. \u00c8 urgente migliorare le condizioni di attesa, specialmente con l&#8217;avvicinarsi dei mesi pi\u00f9 caldi. Servizi basilari come l&#8217;accesso all&#8217;ombra e un numero adeguato di sportelli aperti dovrebbero essere garantiti per il benessere di tutti gli utenti.<\/p>\n<p>&nbsp;<\/p>\n<p>&nbsp;<\/p>\n","protected":false},"excerpt":{"rendered":"<p>**+ FELTRE\u00a0 E&#8217; morto a 62 anni, improvvisamente per un malore mentre era a Pedavena,\u00a0 Alessandro Bee, dirigente scolastico dell\u2019istituto comprensivo di Fonzaso e reggente del complesso scolastico di Lamon e Sovramonte. Lascia la moglie e due figli.\u00a0 Bee, uomo conosciuto e stimato non solo nell&#8217;ambiente scolastico, da pochi giorni era stato nominato presidente della&hellip;<\/p>\n","protected":false},"author":4,"featured_media":394052,"comment_status":"closed","ping_status":"closed","sticky":false,"template":"","format":"standard","meta":{"_monsterinsights_skip_tracking":false,"_monsterinsights_sitenote_active":false,"_monsterinsights_sitenote_note":"","_monsterinsights_sitenote_category":0,"footnotes":""},"categories":[104,49,142],"tags":[],"class_list":["post-394064","post","type-post","status-publish","format-standard","has-post-thumbnail","hentry","category-evidenza_3","category-news-18","category-rassegna-stampa","category-104","category-49","category-142","description-off"],"img_url":"https:\/\/www.radiopiu.net\/wordpress\/wp-content\/uploads\/2024\/06\/Senza-nome-20.png","_links":{"self":[{"href":"https:\/\/www.radiopiu.net\/wordpress\/wp-json\/wp\/v2\/posts\/394064","targetHints":{"allow":["GET"]}}],"collection":[{"href":"https:\/\/www.radiopiu.net\/wordpress\/wp-json\/wp\/v2\/posts"}],"about":[{"href":"https:\/\/www.radiopiu.net\/wordpress\/wp-json\/wp\/v2\/types\/post"}],"author":[{"embeddable":true,"href":"https:\/\/www.radiopiu.net\/wordpress\/wp-json\/wp\/v2\/users\/4"}],"replies":[{"embeddable":true,"href":"https:\/\/www.radiopiu.net\/wordpress\/wp-json\/wp\/v2\/comments?post=394064"}],"version-history":[{"count":0,"href":"https:\/\/www.radiopiu.net\/wordpress\/wp-json\/wp\/v2\/posts\/394064\/revisions"}],"wp:featuredmedia":[{"embeddable":true,"href":"https:\/\/www.radiopiu.net\/wordpress\/wp-json\/wp\/v2\/media\/394052"}],"wp:attachment":[{"href":"https:\/\/www.radiopiu.net\/wordpress\/wp-json\/wp\/v2\/media?parent=394064"}],"wp:term":[{"taxonomy":"category","embeddable":true,"href":"https:\/\/www.radiopiu.net\/wordpress\/wp-json\/wp\/v2\/categories?post=394064"},{"taxonomy":"post_tag","embeddable":true,"href":"https:\/\/www.radiopiu.net\/wordpress\/wp-json\/wp\/v2\/tags?post=394064"}],"curies":[{"name":"wp","href":"https:\/\/api.w.org\/{rel}","templated":true}]}}