{"id":394115,"date":"2024-06-15T00:04:50","date_gmt":"2024-06-14T22:04:50","guid":{"rendered":"https:\/\/www.radiopiu.net\/wordpress\/?p=394115"},"modified":"2024-06-15T05:31:41","modified_gmt":"2024-06-15T03:31:41","slug":"sagra-del-campanot-2024","status":"publish","type":"post","link":"https:\/\/www.radiopiu.net\/wordpress\/sagra-del-campanot-2024\/","title":{"rendered":"LA SAGRA CAMPANOT CON LA PRO LOCO CASTIONESE"},"content":{"rendered":"<p>***<\/p>\n<p>&nbsp;<\/p>\n<h2><\/h2>\n<p><strong><a class=\"dt-pswp-item\" href=\"https:\/\/www.radiopiu.net\/wordpress\/wp-content\/uploads\/2023\/10\/PRO-LOCO-PIEVE-CASTIONESE.png\" data-dt-img-description=\"\" data-large_image_width=\"847\" data-large_image_height=\"847\"><img loading=\"lazy\" decoding=\"async\" class=\" wp-image-356597 alignleft\" src=\"https:\/\/www.radiopiu.net\/wordpress\/wp-content\/uploads\/2023\/10\/PRO-LOCO-PIEVE-CASTIONESE-300x300.png\" alt=\"\" width=\"137\" height=\"137\" srcset=\"https:\/\/www.radiopiu.net\/wordpress\/wp-content\/uploads\/2023\/10\/PRO-LOCO-PIEVE-CASTIONESE-300x300.png 300w, https:\/\/www.radiopiu.net\/wordpress\/wp-content\/uploads\/2023\/10\/PRO-LOCO-PIEVE-CASTIONESE-150x150.png 150w, https:\/\/www.radiopiu.net\/wordpress\/wp-content\/uploads\/2023\/10\/PRO-LOCO-PIEVE-CASTIONESE-768x768.png 768w, https:\/\/www.radiopiu.net\/wordpress\/wp-content\/uploads\/2023\/10\/PRO-LOCO-PIEVE-CASTIONESE.png 847w\" sizes=\"auto, (max-width: 137px) 100vw, 137px\" \/><\/a>DI MIRKO MEZZACASA<\/strong><\/p>\n<p>Ospite: Maurizio Fontanelle, Pro Loco Castionese<\/p>\n<audio class=\"wp-audio-shortcode\" id=\"audio-394115-1\" preload=\"none\" style=\"width: 100%;\" controls=\"controls\"><source type=\"audio\/mpeg\" src=\"https:\/\/www.radiopiu.net\/wordpress\/wp-content\/uploads\/2024\/06\/GF18.mp3?_=1\" \/><a href=\"https:\/\/www.radiopiu.net\/wordpress\/wp-content\/uploads\/2024\/06\/GF18.mp3\">https:\/\/www.radiopiu.net\/wordpress\/wp-content\/uploads\/2024\/06\/GF18.mp3<\/a><\/audio>\n<p>&nbsp;<\/p>\n<p>&nbsp;<\/p>\n<hr \/>\n<p>&nbsp;<\/p>\n<p>&nbsp;<\/p>\n<p><img loading=\"lazy\" decoding=\"async\" class=\"alignleft\" src=\"https:\/\/www.radiopiu.net\/wordpress\/wp-content\/uploads\/2024\/05\/c950811c-7763-405d-ad2c-15d392502b93-1.jpg\" width=\"258\" height=\"323\" \/>La Sagra del Campanot di Castion ritorna dal 14 al 23 giugno, con una pausa il 17 e 18 giugno, per un&#8217;edizione ricca di eventi, cibo e divertimento. Questo evento annuale celebra la cultura e le tradizioni locali, offrendo un&#8217;esperienza unica per tutti i partecipanti.<br \/>\n<strong>Gastronomia di Qualit\u00e0 <\/strong>Ogni sera, dalle 19:30, e durante i pranzi delle due domeniche, gli ospiti potranno gustare piatti tipici e un men\u00f9 gourmet, accompagnato da vini DOC selezionati. Il pasticcere Stefano Berton preparer\u00e0 deliziosi dolci che delizieranno anche i palati pi\u00f9 esigenti. La sagra promette un viaggio culinario tra i sapori autentici della tradizione locale. <strong>Musica e Intrattenimento\u00a0<\/strong><br \/>\nLe serate saranno animate da musica dal vivo con spettacoli sul palco interno a partire dalle 21:00 e sul palco esterno dalle 22:00 fino a notte fonda. Artisti di vari generi musicali si esibiranno, offrendo un intrattenimento continuo e coinvolgente per tutti i gusti.<br \/>\n<strong>Eventi Sportivi e Attivit\u00e0\u00a0 <\/strong>Il programma della sagra \u00e8 ricco di eventi sportivi e attivit\u00e0 per tutte le et\u00e0: Sabato 15 giugno: Dalle 15:00, torneo di basket per le categorie under 12, 13 e 15. <span style=\"color: #ff0000;\"><strong>Domenica 16 giugno <\/strong><\/span>Dalle 9:00, escursione al Giardino Botanico delle Alpi Orientali e mattinata fitness con 5Squash &amp; Fitness Club. Alle 11:30, 1\u00b0 torneo di burraco. Dalle 16:00, scuola di equitazione western. Alle 18:30, esibizione della scuola di danza CAB. <strong><span style=\"color: #ff0000;\">Mercoled\u00ec 19 giugno:<\/span><\/strong> Giornata dedicata ai bambini con:<br \/>\nOre 16:30, truccabimbi. Ore 18:30, esibizione del coro arcobaleno di Limana. Ore 20:30, spettacolo di giocoleria con il grande Mencho Sosa. <strong>21, 22 e 23 giugno:<\/strong> Torneo Campanot &#8211; 8\u00b0 memorial Alberto e Laura, con un torneo di calcio a 5 e un torneo di volley 3vs3 misto. <strong><span style=\"color: #ff0000;\">Domenica 23 giugno:<\/span><\/strong> Alle 21:00, estrazione dei biglietti vincenti della Lotteria Campanot con un iPhone 15 Plus come primo premio. Sotto il tendone sar\u00e0 possibile seguire le partite dell&#8217;Italia agli Europei 2024, creando un punto di ritrovo per tutti gli appassionati di calcio.\u00a0 Per ulteriori informazioni sul programma completo della Sagra del Campanot, \u00e8 possibile visitare il sito ufficiale <a href=\"http:\/\/www.castion-belluno.it\">www.castion-belluno.it<\/a>.<\/p>\n<p>&nbsp;<\/p>\n<p>&nbsp;<\/p>\n<p>___<\/p>\n","protected":false},"excerpt":{"rendered":"<p>*** &nbsp; DI MIRKO MEZZACASA Ospite: Maurizio Fontanelle, Pro Loco Castionese &nbsp; &nbsp; &nbsp; &nbsp; La Sagra del Campanot di Castion ritorna dal 14 al 23 giugno, con una pausa il 17 e 18 giugno, per un&#8217;edizione ricca di eventi, cibo e divertimento. Questo evento annuale celebra la cultura e le tradizioni locali, offrendo un&#8217;esperienza&hellip;<\/p>\n","protected":false},"author":4,"featured_media":392711,"comment_status":"closed","ping_status":"closed","sticky":false,"template":"","format":"standard","meta":{"_monsterinsights_skip_tracking":false,"_monsterinsights_sitenote_active":false,"_monsterinsights_sitenote_note":"","_monsterinsights_sitenote_category":0,"footnotes":""},"categories":[49],"tags":[],"class_list":["post-394115","post","type-post","status-publish","format-standard","has-post-thumbnail","hentry","category-news-18","category-49","description-off"],"img_url":"https:\/\/www.radiopiu.net\/wordpress\/wp-content\/uploads\/2024\/05\/c950811c-7763-405d-ad2c-15d392502b93-1.jpg","_links":{"self":[{"href":"https:\/\/www.radiopiu.net\/wordpress\/wp-json\/wp\/v2\/posts\/394115","targetHints":{"allow":["GET"]}}],"collection":[{"href":"https:\/\/www.radiopiu.net\/wordpress\/wp-json\/wp\/v2\/posts"}],"about":[{"href":"https:\/\/www.radiopiu.net\/wordpress\/wp-json\/wp\/v2\/types\/post"}],"author":[{"embeddable":true,"href":"https:\/\/www.radiopiu.net\/wordpress\/wp-json\/wp\/v2\/users\/4"}],"replies":[{"embeddable":true,"href":"https:\/\/www.radiopiu.net\/wordpress\/wp-json\/wp\/v2\/comments?post=394115"}],"version-history":[{"count":0,"href":"https:\/\/www.radiopiu.net\/wordpress\/wp-json\/wp\/v2\/posts\/394115\/revisions"}],"wp:featuredmedia":[{"embeddable":true,"href":"https:\/\/www.radiopiu.net\/wordpress\/wp-json\/wp\/v2\/media\/392711"}],"wp:attachment":[{"href":"https:\/\/www.radiopiu.net\/wordpress\/wp-json\/wp\/v2\/media?parent=394115"}],"wp:term":[{"taxonomy":"category","embeddable":true,"href":"https:\/\/www.radiopiu.net\/wordpress\/wp-json\/wp\/v2\/categories?post=394115"},{"taxonomy":"post_tag","embeddable":true,"href":"https:\/\/www.radiopiu.net\/wordpress\/wp-json\/wp\/v2\/tags?post=394115"}],"curies":[{"name":"wp","href":"https:\/\/api.w.org\/{rel}","templated":true}]}}