{"id":394390,"date":"2024-06-11T15:58:32","date_gmt":"2024-06-11T13:58:32","guid":{"rendered":"https:\/\/www.radiopiu.net\/wordpress\/?p=394390"},"modified":"2024-06-11T15:58:32","modified_gmt":"2024-06-11T13:58:32","slug":"meteo-tempo-instabile-in-veneto-fino-a-giovedi","status":"publish","type":"post","link":"https:\/\/www.radiopiu.net\/wordpress\/meteo-tempo-instabile-in-veneto-fino-a-giovedi\/","title":{"rendered":"METEO. TEMPO INSTABILE IN VENETO FINO A GIOVEDI&#8217;"},"content":{"rendered":"<p>******<\/p>\n<p>&nbsp;<\/p>\n<p><strong><a class=\"dt-pswp-item\" href=\"https:\/\/www.radiopiu.net\/wordpress\/wp-content\/uploads\/2020\/06\/PIOGGIA.jpg\" data-dt-img-description=\"\" data-large_image_width=\"1920\" data-large_image_height=\"1271\"><img loading=\"lazy\" decoding=\"async\" class=\" wp-image-144264 alignleft\" src=\"https:\/\/www.radiopiu.net\/wordpress\/wp-content\/uploads\/2020\/06\/PIOGGIA-300x199.jpg\" alt=\"\" width=\"151\" height=\"100\" srcset=\"https:\/\/www.radiopiu.net\/wordpress\/wp-content\/uploads\/2020\/06\/PIOGGIA-300x199.jpg 300w, https:\/\/www.radiopiu.net\/wordpress\/wp-content\/uploads\/2020\/06\/PIOGGIA-1024x678.jpg 1024w, https:\/\/www.radiopiu.net\/wordpress\/wp-content\/uploads\/2020\/06\/PIOGGIA-768x508.jpg 768w, https:\/\/www.radiopiu.net\/wordpress\/wp-content\/uploads\/2020\/06\/PIOGGIA-1536x1017.jpg 1536w, https:\/\/www.radiopiu.net\/wordpress\/wp-content\/uploads\/2020\/06\/PIOGGIA.jpg 1920w\" sizes=\"auto, (max-width: 151px) 100vw, 151px\" \/><\/a>VENEZIA <\/strong>Il Centro Funzionale Decentrato della Protezione Civile del Veneto ha emesso un nuovo avviso di criticit\u00e0 idrogeologica e idraulica, con un aggiornamento valido dalle ore 14 di oggi alle ore 14.00 di domani 12 giugno.Le previsioni indicano il tempo sulla regione rester\u00e0 instabile fino alla giornata di gioved\u00ec 13, quando \u00e8 previsto il transito dell&#8217;ultima parte della perturbazione che ci ha interessati in questi giorni. Pertanto sono ancora previste fasi di precipitazioni anche a carattere di rovescio o temporale, intervallate da pause. Il rischio di locali fenomeni intensi sar\u00e0 ancora presente, ma un po&#8217; minore (probabilit\u00e0 10-30%) e con fenomeni meno frequenti rispetto ai giorni scorsi.<\/p>\n<p>&nbsp;<\/p>\n<p>&nbsp;<\/p>\n<p>*******<\/p>\n","protected":false},"excerpt":{"rendered":"<p>****** &nbsp; VENEZIA Il Centro Funzionale Decentrato della Protezione Civile del Veneto ha emesso un nuovo avviso di criticit\u00e0 idrogeologica e idraulica, con un aggiornamento valido dalle ore 14 di oggi alle ore 14.00 di domani 12 giugno.Le previsioni indicano il tempo sulla regione rester\u00e0 instabile fino alla giornata di gioved\u00ec 13, quando \u00e8 previsto&hellip;<\/p>\n","protected":false},"author":4,"featured_media":144264,"comment_status":"closed","ping_status":"closed","sticky":false,"template":"","format":"standard","meta":{"_monsterinsights_skip_tracking":false,"_monsterinsights_sitenote_active":false,"_monsterinsights_sitenote_note":"","_monsterinsights_sitenote_category":0,"footnotes":""},"categories":[49],"tags":[],"class_list":["post-394390","post","type-post","status-publish","format-standard","has-post-thumbnail","hentry","category-news-18","category-49","description-off"],"img_url":"https:\/\/www.radiopiu.net\/wordpress\/wp-content\/uploads\/2020\/06\/PIOGGIA.jpg","_links":{"self":[{"href":"https:\/\/www.radiopiu.net\/wordpress\/wp-json\/wp\/v2\/posts\/394390","targetHints":{"allow":["GET"]}}],"collection":[{"href":"https:\/\/www.radiopiu.net\/wordpress\/wp-json\/wp\/v2\/posts"}],"about":[{"href":"https:\/\/www.radiopiu.net\/wordpress\/wp-json\/wp\/v2\/types\/post"}],"author":[{"embeddable":true,"href":"https:\/\/www.radiopiu.net\/wordpress\/wp-json\/wp\/v2\/users\/4"}],"replies":[{"embeddable":true,"href":"https:\/\/www.radiopiu.net\/wordpress\/wp-json\/wp\/v2\/comments?post=394390"}],"version-history":[{"count":0,"href":"https:\/\/www.radiopiu.net\/wordpress\/wp-json\/wp\/v2\/posts\/394390\/revisions"}],"wp:featuredmedia":[{"embeddable":true,"href":"https:\/\/www.radiopiu.net\/wordpress\/wp-json\/wp\/v2\/media\/144264"}],"wp:attachment":[{"href":"https:\/\/www.radiopiu.net\/wordpress\/wp-json\/wp\/v2\/media?parent=394390"}],"wp:term":[{"taxonomy":"category","embeddable":true,"href":"https:\/\/www.radiopiu.net\/wordpress\/wp-json\/wp\/v2\/categories?post=394390"},{"taxonomy":"post_tag","embeddable":true,"href":"https:\/\/www.radiopiu.net\/wordpress\/wp-json\/wp\/v2\/tags?post=394390"}],"curies":[{"name":"wp","href":"https:\/\/api.w.org\/{rel}","templated":true}]}}