{"id":394422,"date":"2024-06-11T19:03:01","date_gmt":"2024-06-11T17:03:01","guid":{"rendered":"https:\/\/www.radiopiu.net\/wordpress\/?p=394422"},"modified":"2024-06-12T05:37:56","modified_gmt":"2024-06-12T03:37:56","slug":"mucca-in-un-dirupo-recuperata-dai-vigili-del-fuoco","status":"publish","type":"post","link":"https:\/\/www.radiopiu.net\/wordpress\/mucca-in-un-dirupo-recuperata-dai-vigili-del-fuoco\/","title":{"rendered":"MUCCA IN UN DIRUPO. RECUPERATA DAI VIGILI DEL FUOCO"},"content":{"rendered":"<p>******<\/p>\n<p>&nbsp;<\/p>\n<p><strong><a class=\"dt-pswp-item\" href=\"https:\/\/www.radiopiu.net\/wordpress\/wp-content\/uploads\/2024\/06\/8b7f063d-e963-4433-9c9d-7f6338e8c081.jpg\" data-dt-img-description=\"\" data-large_image_width=\"720\" data-large_image_height=\"548\"><img loading=\"lazy\" decoding=\"async\" class=\" wp-image-394423 alignleft\" src=\"https:\/\/www.radiopiu.net\/wordpress\/wp-content\/uploads\/2024\/06\/8b7f063d-e963-4433-9c9d-7f6338e8c081-300x228.jpg\" alt=\"\" width=\"151\" height=\"115\" srcset=\"https:\/\/www.radiopiu.net\/wordpress\/wp-content\/uploads\/2024\/06\/8b7f063d-e963-4433-9c9d-7f6338e8c081-300x228.jpg 300w, https:\/\/www.radiopiu.net\/wordpress\/wp-content\/uploads\/2024\/06\/8b7f063d-e963-4433-9c9d-7f6338e8c081.jpg 720w\" sizes=\"auto, (max-width: 151px) 100vw, 151px\" \/><\/a>QUERO VAS<\/strong> Una mucca finita in un dirupo, in localit\u00e0 Caorera in Val de Fora Monte Zogo nel comune di Quero Vas, \u00e8 stata recuperata nella tarda mattinata di marted\u00ec dall\u2019elicottero Drago 154 dei vigili del fuoco del reparto volo di Venezia. L\u2019animale era finito nel precipizio un paio di giorni fa. Impossibile per l\u2019imperviet\u00e0 del luogo il recupero in altro modo. I vigili del fuoco presenti anche con una squadra SAF (Speleo Alpino Fluviali), hanno predisposto il luogo per il recupero dall\u2019alto dell\u2019animale, tramite il cavo baricentrico dell\u2019elicottero. La mucca, presente anche il proprietario, \u00e8 stata imbragata, issata e portata al sicuro su un prato della zona.<\/p>\n<p>&nbsp;<\/p>\n<p>&nbsp;<\/p>\n<p>********<\/p>\n","protected":false},"excerpt":{"rendered":"<p>****** &nbsp; QUERO VAS Una mucca finita in un dirupo, in localit\u00e0 Caorera in Val de Fora Monte Zogo nel comune di Quero Vas, \u00e8 stata recuperata nella tarda mattinata di marted\u00ec dall\u2019elicottero Drago 154 dei vigili del fuoco del reparto volo di Venezia. L\u2019animale era finito nel precipizio un paio di giorni fa. Impossibile&hellip;<\/p>\n","protected":false},"author":4,"featured_media":394423,"comment_status":"closed","ping_status":"closed","sticky":false,"template":"","format":"standard","meta":{"_monsterinsights_skip_tracking":false,"_monsterinsights_sitenote_active":false,"_monsterinsights_sitenote_note":"","_monsterinsights_sitenote_category":0,"footnotes":""},"categories":[51,49],"tags":[],"class_list":["post-394422","post","type-post","status-publish","format-standard","has-post-thumbnail","hentry","category-evidenza-top","category-news-18","category-51","category-49","description-off"],"img_url":"https:\/\/www.radiopiu.net\/wordpress\/wp-content\/uploads\/2024\/06\/8b7f063d-e963-4433-9c9d-7f6338e8c081.jpg","_links":{"self":[{"href":"https:\/\/www.radiopiu.net\/wordpress\/wp-json\/wp\/v2\/posts\/394422","targetHints":{"allow":["GET"]}}],"collection":[{"href":"https:\/\/www.radiopiu.net\/wordpress\/wp-json\/wp\/v2\/posts"}],"about":[{"href":"https:\/\/www.radiopiu.net\/wordpress\/wp-json\/wp\/v2\/types\/post"}],"author":[{"embeddable":true,"href":"https:\/\/www.radiopiu.net\/wordpress\/wp-json\/wp\/v2\/users\/4"}],"replies":[{"embeddable":true,"href":"https:\/\/www.radiopiu.net\/wordpress\/wp-json\/wp\/v2\/comments?post=394422"}],"version-history":[{"count":0,"href":"https:\/\/www.radiopiu.net\/wordpress\/wp-json\/wp\/v2\/posts\/394422\/revisions"}],"wp:featuredmedia":[{"embeddable":true,"href":"https:\/\/www.radiopiu.net\/wordpress\/wp-json\/wp\/v2\/media\/394423"}],"wp:attachment":[{"href":"https:\/\/www.radiopiu.net\/wordpress\/wp-json\/wp\/v2\/media?parent=394422"}],"wp:term":[{"taxonomy":"category","embeddable":true,"href":"https:\/\/www.radiopiu.net\/wordpress\/wp-json\/wp\/v2\/categories?post=394422"},{"taxonomy":"post_tag","embeddable":true,"href":"https:\/\/www.radiopiu.net\/wordpress\/wp-json\/wp\/v2\/tags?post=394422"}],"curies":[{"name":"wp","href":"https:\/\/api.w.org\/{rel}","templated":true}]}}