{"id":394446,"date":"2024-06-12T08:00:54","date_gmt":"2024-06-12T06:00:54","guid":{"rendered":"https:\/\/www.radiopiu.net\/wordpress\/?p=394446"},"modified":"2024-06-12T08:00:54","modified_gmt":"2024-06-12T06:00:54","slug":"dal-1983-la-rassegna-stampa-locale-12-giugno-2024","status":"publish","type":"post","link":"https:\/\/www.radiopiu.net\/wordpress\/dal-1983-la-rassegna-stampa-locale-12-giugno-2024\/","title":{"rendered":"DAL 1983 LA RASSEGNA STAMPA LOCALE &#8211; 12 GIUGNO 2024"},"content":{"rendered":"<p>*******<\/p>\n<p><iframe loading=\"lazy\" title=\"DAL 1983 LA RASSEGNA STAMPA LOCALE di mirko mezzacasa. L&#039;ORIGINALE\" width=\"1200\" height=\"675\" src=\"https:\/\/www.youtube.com\/embed\/2FmptWhC8uM?feature=oembed\" frameborder=\"0\" allow=\"accelerometer; autoplay; clipboard-write; encrypted-media; gyroscope; picture-in-picture; web-share\" referrerpolicy=\"strict-origin-when-cross-origin\" allowfullscreen><\/iframe><\/p>\n<p>&nbsp;<\/p>\n<p>&nbsp;<\/p>\n<p><strong>VENEZIA <\/strong>Il Centro Funzionale Decentrato della Protezione Civile del Veneto ha emesso un nuovo avviso di criticit\u00e0 idrogeologica e idraulica, con un aggiornamento valido alle 14 di oggi. Le previsioni indicano il tempo sulla regione rester\u00e0 instabile fino alla giornata di domani, quando \u00e8 previsto il transito dell&#8217;ultima parte della perturbazione che ci ha interessati in questi giorni<\/p>\n<p><strong>QUERO VAS<\/strong> Una mucca finita in un dirupo, in localit\u00e0 Caorera in Val de Fora Monte Zogo nel comune di Quero Vas, \u00e8 stata recuperata nella tarda mattinata di marted\u00ec dall\u2019elicottero Drago 154 dei vigili del fuoco del reparto volo di Venezia. L\u2019animale era finito nel precipizio un paio di giorni fa.<\/p>\n<p><strong>AURONZO DI CADORE<\/strong> Ancora una coppia di turisti bloccati dalla neve durante un&#8217;escursione nella zona delle Tre Cime di Lavaredo. Attorno alle 14.30 di ieri il Soccorso alpino di Auronzo \u00e8 stato attivato per due ragazzi, lui 26 anni svizzero, lei 24 anni di Singapore, fermati nel tratto iniziale della Ferrata del Monte Paterno<\/p>\n<p><strong>BELLUNO<\/strong> Lorraine Berton, presidente di Confindustria Belluno Dolomiti, ha espresso sostegno e gratitudine ai nuovi sindaci e amministratori del Bellunese, sottolineando l&#8217;importanza di combattere la desertificazione demografica. Ha chiamato a rinnovare un&#8217;alleanza per la montagna con una programmazione condivisa e lungimirante, superando i campanilismi.<\/p>\n<p><strong>BELLUNO<\/strong> Sar\u00e0 Pedavena ad ospitare l&#8217;edizione numero 26 del Pelmo d&#8217;Oro: l&#8217;appuntamento sabato 27 luglio in Birreria per una premiazione che parler\u00e0 anche agordino.<\/p>\n<p><strong>BELLUNO<\/strong> dopo le recenti precipitazioni, un movimento franoso sulle sponde del torrente Ardo in via Cappellari a Fisterre ha causato la chiusura immediata del ponte per rischio di esondazione.<\/p>\n<p><strong>FALCADE<\/strong> Il Gruppo Folk Val Biois si rende partecipe di una donazione alle varie associazioni della vallata. Un segno di riconoscimento a coloro che durante l&#8217;anno organizzano eventi.<\/p>\n<p><strong>CORTINA<\/strong> La Giunta Regionale del Veneto ha avocato a s\u00e9 la procedura di Valutazione di Impatto Ambientale (VIA) per la nuova cabinovia Cortina-Socrepes, parte delle opere olimpiche 2026, su richiesta della societ\u00e0 Milano Infrastrutture. La competenza sarebbe spettata alla provincia di Belluno, ma l&#8217;opera \u00e8 stata dichiarata di \u201cpreminente interesse regionale\u201d, permettendo il trasferimento della competenza alla Regione.<\/p>\n<p><strong>GOSALDO <\/strong>Come purtroppo preannunciato nei giorni scorsi, il Comune di Gosaldo ha ricevuto la comunicazione ufficiale e formale relativa alla chiusura definitiva della Caserma dei Carabinieri. Al fine di comprendere a fondo le ragioni che hanno portato a questa decisione, \u00e8 stato organizzato un incontro pubblico aperto a tutta la popolazione.<\/p>\n<p><strong>BELLUNO<\/strong> Sar\u00e0 inaugurata venerd\u00ec a Palazzo Bembo di Belluno la mostra fotografica di Mauro De Bettio dal titolo &#8220;Survivors&#8221;. L&#8217;esposizione sar\u00e0 visitabile fino al 14 luglio. Ieri a Palazzo Rosso la presentazione della mostra.<\/p>\n<p><strong>ARSIE<\/strong> Venerd\u00ec 14 giugno ad Arsi\u00e8, si terr\u00e0 una giornata di Mototerapia e Freestyle Motocross. L&#8217;evento, parte del Summer Fest, include spettacoli di motocross, giri in supercar, e intrattenimento per tutte le et\u00e0, con cibo, musica e attivit\u00e0 per bambini.<\/p>\n<p><strong>FALCADE<\/strong> Torna la tradizionale &#8220;Festa dei bellunesi nel mondo&#8221;, organizzata dall\u2019Associazione Bellunesi nel Mondo. Quest&#8217;anno l&#8217;evento si terr\u00e0 domenica 16 giugno a Falcade, grazie alla collaborazione del sindaco di Falcade e altre realt\u00e0 locali.<\/p>\n<p><strong>BELLUNO<\/strong> Dopo aver annunciato l\u2019ingaggio del libero Nicol\u00f2 Bassanello, il Belluno Volley si assicura le prestazioni di un centrale di qualit\u00e0 come Enrico Basso: originario di Padova, 24 anni da compiere il prossimo 1 agosto, \u00e8 reduce da due stagioni di alto profilo a Pineto.<\/p>\n<p><strong>BELLUNO<\/strong> Le sincronette della Sportivamente Belluno (Junior, Ragazze ed Esordienti A) hanno brillato al 19\u00b0 Campionato nazionale estivo Uisp di nuoto artistico Open a Lignano Sabbiadoro.<\/p>\n<p>&nbsp;<\/p>\n<p>&nbsp;<\/p>\n<p>&nbsp;<\/p>\n<p>*********<\/p>\n","protected":false},"excerpt":{"rendered":"<p>******* &nbsp; &nbsp; VENEZIA Il Centro Funzionale Decentrato della Protezione Civile del Veneto ha emesso un nuovo avviso di criticit\u00e0 idrogeologica e idraulica, con un aggiornamento valido alle 14 di oggi. Le previsioni indicano il tempo sulla regione rester\u00e0 instabile fino alla giornata di domani, quando \u00e8 previsto il transito dell&#8217;ultima parte della perturbazione che&hellip;<\/p>\n","protected":false},"author":4,"featured_media":394452,"comment_status":"closed","ping_status":"closed","sticky":false,"template":"","format":"standard","meta":{"_monsterinsights_skip_tracking":false,"_monsterinsights_sitenote_active":false,"_monsterinsights_sitenote_note":"","_monsterinsights_sitenote_category":0,"footnotes":""},"categories":[104,49],"tags":[],"class_list":["post-394446","post","type-post","status-publish","format-standard","has-post-thumbnail","hentry","category-evidenza_3","category-news-18","category-104","category-49","description-off"],"img_url":"https:\/\/www.radiopiu.net\/wordpress\/wp-content\/uploads\/2024\/06\/COPERT.png","_links":{"self":[{"href":"https:\/\/www.radiopiu.net\/wordpress\/wp-json\/wp\/v2\/posts\/394446","targetHints":{"allow":["GET"]}}],"collection":[{"href":"https:\/\/www.radiopiu.net\/wordpress\/wp-json\/wp\/v2\/posts"}],"about":[{"href":"https:\/\/www.radiopiu.net\/wordpress\/wp-json\/wp\/v2\/types\/post"}],"author":[{"embeddable":true,"href":"https:\/\/www.radiopiu.net\/wordpress\/wp-json\/wp\/v2\/users\/4"}],"replies":[{"embeddable":true,"href":"https:\/\/www.radiopiu.net\/wordpress\/wp-json\/wp\/v2\/comments?post=394446"}],"version-history":[{"count":0,"href":"https:\/\/www.radiopiu.net\/wordpress\/wp-json\/wp\/v2\/posts\/394446\/revisions"}],"wp:featuredmedia":[{"embeddable":true,"href":"https:\/\/www.radiopiu.net\/wordpress\/wp-json\/wp\/v2\/media\/394452"}],"wp:attachment":[{"href":"https:\/\/www.radiopiu.net\/wordpress\/wp-json\/wp\/v2\/media?parent=394446"}],"wp:term":[{"taxonomy":"category","embeddable":true,"href":"https:\/\/www.radiopiu.net\/wordpress\/wp-json\/wp\/v2\/categories?post=394446"},{"taxonomy":"post_tag","embeddable":true,"href":"https:\/\/www.radiopiu.net\/wordpress\/wp-json\/wp\/v2\/tags?post=394446"}],"curies":[{"name":"wp","href":"https:\/\/api.w.org\/{rel}","templated":true}]}}