{"id":394488,"date":"2024-06-12T15:06:13","date_gmt":"2024-06-12T13:06:13","guid":{"rendered":"https:\/\/www.radiopiu.net\/wordpress\/?p=394488"},"modified":"2024-06-13T06:33:13","modified_gmt":"2024-06-13T04:33:13","slug":"yari-masoch-appende-le-scarpe-da-calcio-al-chiodo","status":"publish","type":"post","link":"https:\/\/www.radiopiu.net\/wordpress\/yari-masoch-appende-le-scarpe-da-calcio-al-chiodo\/","title":{"rendered":"YARI MASOCH APPENDE LE SCARPE DA CALCIO AL CHIODO E SARA&#8217; IL TEAM MANAGER DELLA DOLOMITI BELLUNESI"},"content":{"rendered":"<p>******<\/p>\n<p>&nbsp;<\/p>\n<p><strong><a class=\"dt-pswp-item\" href=\"https:\/\/www.radiopiu.net\/wordpress\/wp-content\/uploads\/2024\/06\/Masoch_e_Monticello.jpg\" data-dt-img-description=\"\" data-large_image_width=\"800\" data-large_image_height=\"400\"><img loading=\"lazy\" decoding=\"async\" class=\" wp-image-394524 alignleft\" src=\"https:\/\/www.radiopiu.net\/wordpress\/wp-content\/uploads\/2024\/06\/Masoch_e_Monticello-300x150.jpg\" alt=\"\" width=\"200\" height=\"100\" srcset=\"https:\/\/www.radiopiu.net\/wordpress\/wp-content\/uploads\/2024\/06\/Masoch_e_Monticello-300x150.jpg 300w, https:\/\/www.radiopiu.net\/wordpress\/wp-content\/uploads\/2024\/06\/Masoch_e_Monticello-768x384.jpg 768w, https:\/\/www.radiopiu.net\/wordpress\/wp-content\/uploads\/2024\/06\/Masoch_e_Monticello.jpg 800w\" sizes=\"auto, (max-width: 200px) 100vw, 200px\" \/><\/a>BELLUNO<\/strong> La SSD Dolomiti Bellunesi annuncia una novit\u00e0 e una conferma per la squadra di serie D: Yari Masoch sar\u00e0 il nuovo team manager, mentre Fabrizio Monticello continuer\u00e0 come dirigente accompagnatore. Masoch, ex centrocampista, abbandona momentaneamente il calcio giocato per assumere il suo primo ruolo dirigenziale, fungendo da raccordo tra squadra, staff e dirigenza. Accetta l&#8217;incarico con entusiasmo e impegno, riconoscendo di avere molto da imparare. Nonostante abbia trascorso le ultime tre stagioni fuori provincia, Masoch ritrova amici e conoscenti nella societ\u00e0, apprezzandone l&#8217;organizzazione e l&#8217;ambizioso progetto. Con il suo background di calciatore e esperienze lavorative, spera di contribuire positivamente alla squadra. (foto: dolomitibellunesicalcio.com)<\/p>\n<p>&nbsp;<\/p>\n<p>&nbsp;<\/p>\n<p>*******<\/p>\n","protected":false},"excerpt":{"rendered":"<p>****** &nbsp; BELLUNO La SSD Dolomiti Bellunesi annuncia una novit\u00e0 e una conferma per la squadra di serie D: Yari Masoch sar\u00e0 il nuovo team manager, mentre Fabrizio Monticello continuer\u00e0 come dirigente accompagnatore. Masoch, ex centrocampista, abbandona momentaneamente il calcio giocato per assumere il suo primo ruolo dirigenziale, fungendo da raccordo tra squadra, staff e&hellip;<\/p>\n","protected":false},"author":4,"featured_media":394524,"comment_status":"closed","ping_status":"closed","sticky":false,"template":"","format":"standard","meta":{"_monsterinsights_skip_tracking":false,"_monsterinsights_sitenote_active":false,"_monsterinsights_sitenote_note":"","_monsterinsights_sitenote_category":0,"footnotes":""},"categories":[51,49],"tags":[],"class_list":["post-394488","post","type-post","status-publish","format-standard","has-post-thumbnail","hentry","category-evidenza-top","category-news-18","category-51","category-49","description-off"],"img_url":"https:\/\/www.radiopiu.net\/wordpress\/wp-content\/uploads\/2024\/06\/Masoch_e_Monticello.jpg","_links":{"self":[{"href":"https:\/\/www.radiopiu.net\/wordpress\/wp-json\/wp\/v2\/posts\/394488","targetHints":{"allow":["GET"]}}],"collection":[{"href":"https:\/\/www.radiopiu.net\/wordpress\/wp-json\/wp\/v2\/posts"}],"about":[{"href":"https:\/\/www.radiopiu.net\/wordpress\/wp-json\/wp\/v2\/types\/post"}],"author":[{"embeddable":true,"href":"https:\/\/www.radiopiu.net\/wordpress\/wp-json\/wp\/v2\/users\/4"}],"replies":[{"embeddable":true,"href":"https:\/\/www.radiopiu.net\/wordpress\/wp-json\/wp\/v2\/comments?post=394488"}],"version-history":[{"count":0,"href":"https:\/\/www.radiopiu.net\/wordpress\/wp-json\/wp\/v2\/posts\/394488\/revisions"}],"wp:featuredmedia":[{"embeddable":true,"href":"https:\/\/www.radiopiu.net\/wordpress\/wp-json\/wp\/v2\/media\/394524"}],"wp:attachment":[{"href":"https:\/\/www.radiopiu.net\/wordpress\/wp-json\/wp\/v2\/media?parent=394488"}],"wp:term":[{"taxonomy":"category","embeddable":true,"href":"https:\/\/www.radiopiu.net\/wordpress\/wp-json\/wp\/v2\/categories?post=394488"},{"taxonomy":"post_tag","embeddable":true,"href":"https:\/\/www.radiopiu.net\/wordpress\/wp-json\/wp\/v2\/tags?post=394488"}],"curies":[{"name":"wp","href":"https:\/\/api.w.org\/{rel}","templated":true}]}}