{"id":394499,"date":"2024-06-13T06:24:36","date_gmt":"2024-06-13T04:24:36","guid":{"rendered":"https:\/\/www.radiopiu.net\/wordpress\/?p=394499"},"modified":"2024-06-13T06:36:53","modified_gmt":"2024-06-13T04:36:53","slug":"mostra-dellartigianato-di-feltre-espositori-gia-oltre-quota-130","status":"publish","type":"post","link":"https:\/\/www.radiopiu.net\/wordpress\/mostra-dellartigianato-di-feltre-espositori-gia-oltre-quota-130\/","title":{"rendered":"MOSTRA DELL\u2019ARTIGIANATO DI FELTRE, ESPOSITORI GIA&#8217; OLTRE QUOTA 130"},"content":{"rendered":"<p>******<\/p>\n<p><span style=\"color: #ff0000;\"><strong>SABATO 29 GIUGNO DALLE 15 ALLE 19 DIRETTA RADIOPIU DA PIAZZA MAGGIORE!<\/strong><\/span><\/p>\n<p>&nbsp;<\/p>\n<p>&nbsp;<\/p>\n<p><strong><a class=\"dt-pswp-item\" href=\"https:\/\/www.radiopiu.net\/wordpress\/wp-content\/uploads\/2024\/06\/1718187104370.jpg\" data-dt-img-description=\"\" data-large_image_width=\"966\" data-large_image_height=\"607\"><img loading=\"lazy\" decoding=\"async\" class=\" wp-image-394500 alignleft\" src=\"https:\/\/www.radiopiu.net\/wordpress\/wp-content\/uploads\/2024\/06\/1718187104370-300x189.jpg\" alt=\"\" width=\"232\" height=\"146\" srcset=\"https:\/\/www.radiopiu.net\/wordpress\/wp-content\/uploads\/2024\/06\/1718187104370-300x189.jpg 300w, https:\/\/www.radiopiu.net\/wordpress\/wp-content\/uploads\/2024\/06\/1718187104370-768x483.jpg 768w, https:\/\/www.radiopiu.net\/wordpress\/wp-content\/uploads\/2024\/06\/1718187104370.jpg 966w\" sizes=\"auto, (max-width: 232px) 100vw, 232px\" \/><\/a>FELTRE <\/strong>A due settimane dalla cerimonia di apertura, prendono sempre maggior forma i contorni della 38esima edizione della Mostra dell&#8217;Artigianato Artistico e Tradizionale citt\u00e0 di Feltre. La quota degli espositori aderenti ha gi\u00e0 superato le 130 unit\u00e0, con artigiani provenienti non solo da tutto il Triveneto, ma anche da molte parti d&#8217;Italia e dall&#8217;estero. Tra di loro, ad esempio, una delegazione di artigiani abruzzesi che porteranno nella cittadella uno spaccato variegato e composito dei loro saperi e dei migliori prodotti dei mestieri della loro terra. Un altro elemento qualificante della manifestazione, che \u2013 ricordiamo \u2013 ha legato alcuni contenuti di questa edizione ai 700 anni dalla morte di Marco Polo, sar\u00e0 poi la mostra dal titolo \u201cLe Stanze delle Meraviglie\u201d allestita a cura dell\u2019architetto Federica Preto. In una sorta di viaggio diffuso nel centro storico, con alcune \u201cincursioni\u201d negli androni di via Mezzaterra e fino al meraviglioso Palazzo Guarnieri in Piazza Maggiore, sar\u00e0 possibile ammirare alcuni pezzi pregiati dell\u2019Artigianato storico Veneziano, declinato in varie forme e con vari materiali. Altra novit\u00e0 di rilievo di questa edizione della mostra dell&#8217;Artigianato \u00e8 poi il ritorno del Concorso di Forgiatura, dopo alcuni anni in Largo Castaldi, nella location dell&#8217;area sommitale della cittadella, ai piedi del Castello di Alboino e della Torre del Campanon, in un anfiteatro naturale particolarmente ricco di storia e suggestioni. Qui troveranno posto anche gli apprezzatissimi Ceramisti di Nove, in provincia di Vicenza, che &#8211; oltre a mostrare alcune delle loro creazioni &#8211; daranno prova della loro abilit\u00e0 con alcune dimostrazioni pratiche di produzione in loco. \u201cCome sempre, le ultime settimane prima dell\u2019apertura della Mostra sono vorticose e cariche di lavoro, ma mi sento di dire che sta prendendo corpo una Mostra davvero ricca di contenuti, suggestioni e carica di novit\u00e0\u201d, sottolinea il presidente del Comitato Organizzatore Luciano Gesiot. \u201cNon voglio anticipare troppe cose (il programma completo e definitivo sar\u00e0 illustrato nel corso della conferenza stampa i<a class=\"dt-pswp-item\" href=\"https:\/\/www.radiopiu.net\/wordpress\/wp-content\/uploads\/2024\/06\/1718187104356.jpg\" data-dt-img-description=\"\" data-large_image_width=\"1080\" data-large_image_height=\"608\"><img loading=\"lazy\" decoding=\"async\" class=\"size-medium wp-image-394501 alignright\" src=\"https:\/\/www.radiopiu.net\/wordpress\/wp-content\/uploads\/2024\/06\/1718187104356-300x169.jpg\" alt=\"\" width=\"300\" height=\"169\" srcset=\"https:\/\/www.radiopiu.net\/wordpress\/wp-content\/uploads\/2024\/06\/1718187104356-300x169.jpg 300w, https:\/\/www.radiopiu.net\/wordpress\/wp-content\/uploads\/2024\/06\/1718187104356-1024x576.jpg 1024w, https:\/\/www.radiopiu.net\/wordpress\/wp-content\/uploads\/2024\/06\/1718187104356-768x432.jpg 768w, https:\/\/www.radiopiu.net\/wordpress\/wp-content\/uploads\/2024\/06\/1718187104356.jpg 1080w\" sizes=\"auto, (max-width: 300px) 100vw, 300px\" \/><\/a>n programma la prossima settimana), ma stiamo lavorando su molti aspetti, tra cui alcuni dettagli \u201cscenici\u201d che saranno di sicuro impatto.\u201d Un ultimo accenno alla ristorazione. \u201cChi viene alla Mostra desidera naturalmente potersi fermare anche per una breve pausa o per una degustazione pi\u00f9 lunga. Confermato il punto ristoro gestito dal G.I.L.F. presso il Vescovado, cos\u00ec come quello a cura dell\u2019Hockey Club Feltre al Castello di Alboino, quest\u2019anno avremo con noi anche il Quartiere Santo Stefano, che in piazzetta De Boni, lungo via Mezzaterra, proporr\u00e0 una ristorazione leggera e moderna, con aperitivi, stuzzichini e cicchetti. Insomma, ce n\u2019\u00e8 davvero per tutti i gusti, in ogni ambito; se il meteo ci dar\u00e0 una mano, confidiamo possa essere davvero un\u2019edizione da ricordare\u201d, conclude Gesiot.<\/p>\n<p>&nbsp;<\/p>\n<p>&nbsp;<\/p>\n<p>*******<\/p>\n","protected":false},"excerpt":{"rendered":"<p>****** SABATO 29 GIUGNO DALLE 15 ALLE 19 DIRETTA RADIOPIU DA PIAZZA MAGGIORE! &nbsp; &nbsp; FELTRE A due settimane dalla cerimonia di apertura, prendono sempre maggior forma i contorni della 38esima edizione della Mostra dell&#8217;Artigianato Artistico e Tradizionale citt\u00e0 di Feltre. La quota degli espositori aderenti ha gi\u00e0 superato le 130 unit\u00e0, con artigiani provenienti&hellip;<\/p>\n","protected":false},"author":4,"featured_media":394501,"comment_status":"closed","ping_status":"closed","sticky":false,"template":"","format":"standard","meta":{"_monsterinsights_skip_tracking":false,"_monsterinsights_sitenote_active":false,"_monsterinsights_sitenote_note":"","_monsterinsights_sitenote_category":0,"footnotes":""},"categories":[51,49],"tags":[],"class_list":["post-394499","post","type-post","status-publish","format-standard","has-post-thumbnail","hentry","category-evidenza-top","category-news-18","category-51","category-49","description-off"],"img_url":"https:\/\/www.radiopiu.net\/wordpress\/wp-content\/uploads\/2024\/06\/1718187104356.jpg","_links":{"self":[{"href":"https:\/\/www.radiopiu.net\/wordpress\/wp-json\/wp\/v2\/posts\/394499","targetHints":{"allow":["GET"]}}],"collection":[{"href":"https:\/\/www.radiopiu.net\/wordpress\/wp-json\/wp\/v2\/posts"}],"about":[{"href":"https:\/\/www.radiopiu.net\/wordpress\/wp-json\/wp\/v2\/types\/post"}],"author":[{"embeddable":true,"href":"https:\/\/www.radiopiu.net\/wordpress\/wp-json\/wp\/v2\/users\/4"}],"replies":[{"embeddable":true,"href":"https:\/\/www.radiopiu.net\/wordpress\/wp-json\/wp\/v2\/comments?post=394499"}],"version-history":[{"count":0,"href":"https:\/\/www.radiopiu.net\/wordpress\/wp-json\/wp\/v2\/posts\/394499\/revisions"}],"wp:featuredmedia":[{"embeddable":true,"href":"https:\/\/www.radiopiu.net\/wordpress\/wp-json\/wp\/v2\/media\/394501"}],"wp:attachment":[{"href":"https:\/\/www.radiopiu.net\/wordpress\/wp-json\/wp\/v2\/media?parent=394499"}],"wp:term":[{"taxonomy":"category","embeddable":true,"href":"https:\/\/www.radiopiu.net\/wordpress\/wp-json\/wp\/v2\/categories?post=394499"},{"taxonomy":"post_tag","embeddable":true,"href":"https:\/\/www.radiopiu.net\/wordpress\/wp-json\/wp\/v2\/tags?post=394499"}],"curies":[{"name":"wp","href":"https:\/\/api.w.org\/{rel}","templated":true}]}}