{"id":394548,"date":"2024-06-13T06:26:28","date_gmt":"2024-06-13T04:26:28","guid":{"rendered":"https:\/\/www.radiopiu.net\/wordpress\/?p=394548"},"modified":"2024-06-29T07:43:38","modified_gmt":"2024-06-29T05:43:38","slug":"incidenti-in-montagna-zaia-soccorso-alpino-non-sia-percepito-come-taxi-da-escursionisti-imprudenti","status":"publish","type":"post","link":"https:\/\/www.radiopiu.net\/wordpress\/incidenti-in-montagna-zaia-soccorso-alpino-non-sia-percepito-come-taxi-da-escursionisti-imprudenti\/","title":{"rendered":"INCIDENTI IN MONTAGNA. ZAIA: \u201cSOCCORSO ALPINO NON SIA PERCEPITO COME \u2018TAXI\u2019 DA ESCURSIONISTI IMPRUDENTI&#8221;"},"content":{"rendered":"<p>*******<\/p>\n<p><em><span style=\"color: #ff0000;\">\u00a0Anche il Presidente della Regione Zaia \u00e8 arrivato alla conclusione che \u00e8 ora di finirla con l&#8217;eli taxi&#8230; peccato che noi lo diciamo da anni, i nostri lettori ed ascoltatori lo segnalano da anni, ma mai nessuno si \u00e8 degnato di rispondere, fino ad oggi. Chi \u00e8 il responsabile di questi cambiamenti? Una volta non era cosi&#8217;? Come va con l&#8217;assicurazione che permette il viaggio in elicottero gratis? Lo diciamo da anni, sono arrivate anche risposte spesso evasive, che non hanno chiarito le situazioni,\u00a0 anche da DolomitiEmergency. Forse \u00e8 la volta buona che ci mettiamo un freno ai viaggi gratis nei cieli dolomitici?<\/span><br \/>\nmm<\/em><\/p>\n<p><strong><a class=\"dt-pswp-item\" href=\"https:\/\/www.radiopiu.net\/wordpress\/wp-content\/uploads\/2019\/08\/SOCCORSO-ALPINO-2019.jpg\" data-dt-img-description=\"\" data-large_image_width=\"1600\" data-large_image_height=\"1200\"><img loading=\"lazy\" decoding=\"async\" class=\" wp-image-96479 alignleft\" src=\"https:\/\/www.radiopiu.net\/wordpress\/wp-content\/uploads\/2019\/08\/SOCCORSO-ALPINO-2019-300x225.jpg\" alt=\"\" width=\"165\" height=\"124\" srcset=\"https:\/\/www.radiopiu.net\/wordpress\/wp-content\/uploads\/2019\/08\/SOCCORSO-ALPINO-2019-300x225.jpg 300w, https:\/\/www.radiopiu.net\/wordpress\/wp-content\/uploads\/2019\/08\/SOCCORSO-ALPINO-2019-768x576.jpg 768w, https:\/\/www.radiopiu.net\/wordpress\/wp-content\/uploads\/2019\/08\/SOCCORSO-ALPINO-2019-1024x768.jpg 1024w, https:\/\/www.radiopiu.net\/wordpress\/wp-content\/uploads\/2019\/08\/SOCCORSO-ALPINO-2019.jpg 1600w\" sizes=\"auto, (max-width: 165px) 100vw, 165px\" \/><\/a>VENEZIA <\/strong>\u201cIl nostro Soccorso Alpino e gli elicotteri gialli della sanit\u00e0 regionale non sono \u2018taxi\u2019. Chi approccia le cime pensando, con una chiamata, di poter tornare in breve tempo al parcheggio dell\u2019auto scortato dai soccorritori in divisa, deve valutare le conseguenze e le responsabilit\u00e0 della propria incoscienza. La stagione estiva anche in montagna \u00e8 appena iniziata e sono gi\u00e0 numerose le segnalazioni di imprudenza che hanno costretto ad intervenire uomini e mezzi del Soccorso Alpino. Nell\u2019arco dell\u2019ultimo mese sono stati oltre 50 gli interventi degli uomini e delle donne del CNSAS. I soccorritori nei loro rapporti riferiscono di persone senza la dovuta attrezzatura, con scarpe da ginnastica sui sentieri in quota, senza vestiario adeguato al maltempo. Sottovalutazioni che, in una stagione come questa, rischiano di costare caro: l\u2019approccio alla montagna non avviene con la dovuta attenzione e con una preparazione sufficiente\u201d.\u00a0 Lo dichiara il Presidente della Regione del Veneto commentando la notizia odierna di un escursionista soccorso a 2.480 metri sul Lagazuoi dove stava salendo in scarpe da ginnastica.\u00a0 \u00a0\u201cQuesto \u00e8 solo l\u2019ultimo di una serie di episodi accaduti anche quest&#8217;anno \u2013 sottolinea il Presidente del Veneto &#8211; colgo l\u2019occasione per rinnovare l\u2019appello alla responsabilit\u00e0 e alla prudenza a tutti coloro che si recano a fare escursionismo, arrampicata o qualsiasi attivit\u00e0 tra monti e boschi montani. I veri amanti della montagna lo sanno bene: bisogna avere il giusto rispetto per la montagna e per s\u00e9 stessi. La prudenza non \u00e8 mai troppa anche per chi ha una preparazione adeguata\u201d. \u201cServe essere consapevoli che l\u2019imprudenza ha un elevato costo sociale: non possiamo chiedere al Soccorso Alpino, all\u2019elisoccorso, al SAGF della Guardia di Finanza di fare miracoli \u2013 sottolinea in conclusione il Governatore del Veneto -. Troppo spesso oramai i soccorritori sono impegnati in interventi rischiosi per recuperare persone che in molti casi sono incolumi. La fatalit\u00e0 esiste, ma dobbiamo fare in modo chi i soccorritori, gli angeli della montagna, che colgo l\u2019occasione di ringraziare tutti, non siano costretti a fare interventi eccezionali, mettendo a repentaglio la loro incolumit\u00e0, per soccorrere persone imprudenti. Credo sia un impegno che tutti coloro che frequentano le nostre montagne per diletto e per passione sono in grado di assumersi\u201d.<\/p>\n<p>&nbsp;<\/p>\n<p>&nbsp;<\/p>\n<p>&nbsp;<\/p>\n<p>*********<\/p>\n","protected":false},"excerpt":{"rendered":"<p>******* \u00a0Anche il Presidente della Regione Zaia \u00e8 arrivato alla conclusione che \u00e8 ora di finirla con l&#8217;eli taxi&#8230; peccato che noi lo diciamo da anni, i nostri lettori ed ascoltatori lo segnalano da anni, ma mai nessuno si \u00e8 degnato di rispondere, fino ad oggi. Chi \u00e8 il responsabile di questi cambiamenti? Una volta&hellip;<\/p>\n","protected":false},"author":4,"featured_media":96479,"comment_status":"closed","ping_status":"closed","sticky":false,"template":"","format":"standard","meta":{"_monsterinsights_skip_tracking":false,"_monsterinsights_sitenote_active":false,"_monsterinsights_sitenote_note":"","_monsterinsights_sitenote_category":0,"footnotes":""},"categories":[51,49],"tags":[],"class_list":["post-394548","post","type-post","status-publish","format-standard","has-post-thumbnail","hentry","category-evidenza-top","category-news-18","category-51","category-49","description-off"],"img_url":"https:\/\/www.radiopiu.net\/wordpress\/wp-content\/uploads\/2019\/08\/SOCCORSO-ALPINO-2019.jpg","_links":{"self":[{"href":"https:\/\/www.radiopiu.net\/wordpress\/wp-json\/wp\/v2\/posts\/394548","targetHints":{"allow":["GET"]}}],"collection":[{"href":"https:\/\/www.radiopiu.net\/wordpress\/wp-json\/wp\/v2\/posts"}],"about":[{"href":"https:\/\/www.radiopiu.net\/wordpress\/wp-json\/wp\/v2\/types\/post"}],"author":[{"embeddable":true,"href":"https:\/\/www.radiopiu.net\/wordpress\/wp-json\/wp\/v2\/users\/4"}],"replies":[{"embeddable":true,"href":"https:\/\/www.radiopiu.net\/wordpress\/wp-json\/wp\/v2\/comments?post=394548"}],"version-history":[{"count":0,"href":"https:\/\/www.radiopiu.net\/wordpress\/wp-json\/wp\/v2\/posts\/394548\/revisions"}],"wp:featuredmedia":[{"embeddable":true,"href":"https:\/\/www.radiopiu.net\/wordpress\/wp-json\/wp\/v2\/media\/96479"}],"wp:attachment":[{"href":"https:\/\/www.radiopiu.net\/wordpress\/wp-json\/wp\/v2\/media?parent=394548"}],"wp:term":[{"taxonomy":"category","embeddable":true,"href":"https:\/\/www.radiopiu.net\/wordpress\/wp-json\/wp\/v2\/categories?post=394548"},{"taxonomy":"post_tag","embeddable":true,"href":"https:\/\/www.radiopiu.net\/wordpress\/wp-json\/wp\/v2\/tags?post=394548"}],"curies":[{"name":"wp","href":"https:\/\/api.w.org\/{rel}","templated":true}]}}