{"id":394563,"date":"2024-06-14T05:55:43","date_gmt":"2024-06-14T03:55:43","guid":{"rendered":"https:\/\/www.radiopiu.net\/wordpress\/?p=394563"},"modified":"2024-06-14T08:46:31","modified_gmt":"2024-06-14T06:46:31","slug":"giornale-radiopiu-14-giugno-2024-direttore-mirko-mezzacasada-40-anni-25-giugno-1983-25-giugno-2023","status":"publish","type":"post","link":"https:\/\/www.radiopiu.net\/wordpress\/giornale-radiopiu-14-giugno-2024-direttore-mirko-mezzacasada-40-anni-25-giugno-1983-25-giugno-2023\/","title":{"rendered":"GIORNALE RADIOPIU 14 GIUGNO 2024 DIRETTORE MIRKO MEZZACASA\u2026DA 40 ANNI 25 GIUGNO 1983-25 GIUGNO 2023"},"content":{"rendered":"<p>*******<\/p>\n<p>&nbsp;<\/p>\n<p>&nbsp;<\/p>\n<p><em><a href=\"https:\/\/www.radiopiu.net\/wordpress\/giornale-radiopiu-24-gennaio-2021-direttore-mirko-mezzacasa\/79216601_126817312416448_708980208774483089_n\/\" rel=\"attachment wp-att-186567\"><img loading=\"lazy\" decoding=\"async\" class=\"size-medium wp-image-186567 alignright\" src=\"https:\/\/www.radiopiu.net\/wordpress\/wp-content\/uploads\/2021\/01\/79216601_126817312416448_708980208774483089_n-300x114.jpg\" alt=\"\" width=\"300\" height=\"114\" srcset=\"https:\/\/www.radiopiu.net\/wordpress\/wp-content\/uploads\/2021\/01\/79216601_126817312416448_708980208774483089_n-300x114.jpg 300w, https:\/\/www.radiopiu.net\/wordpress\/wp-content\/uploads\/2021\/01\/79216601_126817312416448_708980208774483089_n-768x292.jpg 768w, https:\/\/www.radiopiu.net\/wordpress\/wp-content\/uploads\/2021\/01\/79216601_126817312416448_708980208774483089_n.jpg 820w\" sizes=\"auto, (max-width: 300px) 100vw, 300px\" \/><\/a><span style=\"color: #ff0000;\">ATTENZIONE: LA NUOVA APP PER IOS-IPHONE di Nicola Vettorello <\/span><\/em><a href=\"https:\/\/apps.apple.com\/it\/app\/radio-pi%C3%B9-emittente-agordina\/id1515939845\">https:\/\/apps.apple.com\/it\/app\/radio-pi%C3%B9-emittente-agordina\/id1515939845<\/a><\/p>\n<p><em style=\"color: #ff0000;\">ATTENZIONE: LA NUOVA APP RADIO\u00a0 PER ANDROID di Nicola Vettorello<\/em><\/p>\n<p><a href=\"https:\/\/play.google.com\/store\/apps\/details?id=net.radiopiu.iniko\" target=\"_blank\" rel=\"noopener noreferrer\">https:\/\/play.google.com\/store\/apps\/details?id=net.radiopiu.iniko\u00a0\u00a0\u00a0<\/a><\/p>\n<p>&nbsp;<\/p>\n<div data-block=\"true\" data-editor=\"avj4u\" data-offset-key=\"d3i0j-0-0\"><\/div>\n<div data-block=\"true\" data-editor=\"avj4u\" data-offset-key=\"d3i0j-0-0\">\n<hr \/>\n<p>&nbsp;<\/p>\n<\/div>\n<p>&nbsp;<\/p>\n<p><strong class=\"photoswipe-wrapper\"><span style=\"color: #ff0000;\"><a class=\"dt-pswp-item\" href=\"https:\/\/www.radiopiu.net\/wordpress\/wp-content\/uploads\/2024\/06\/RPC3EPG.jpg\" data-dt-img-description=\"\" data-large_image_width=\"1200\" data-large_image_height=\"1600\"><img loading=\"lazy\" decoding=\"async\" class=\" wp-image-394735 alignleft\" src=\"https:\/\/www.radiopiu.net\/wordpress\/wp-content\/uploads\/2024\/06\/RPC3EPG-225x300.jpg\" alt=\"\" width=\"161\" height=\"215\" srcset=\"https:\/\/www.radiopiu.net\/wordpress\/wp-content\/uploads\/2024\/06\/RPC3EPG-225x300.jpg 225w, https:\/\/www.radiopiu.net\/wordpress\/wp-content\/uploads\/2024\/06\/RPC3EPG-768x1024.jpg 768w, https:\/\/www.radiopiu.net\/wordpress\/wp-content\/uploads\/2024\/06\/RPC3EPG-1152x1536.jpg 1152w, https:\/\/www.radiopiu.net\/wordpress\/wp-content\/uploads\/2024\/06\/RPC3EPG.jpg 1200w\" sizes=\"auto, (max-width: 161px) 100vw, 161px\" \/><\/a>OGGI ALLA RADIO<\/span><\/strong>:\u00a0<strong>ALLE 6.15<\/strong> PIROLE DE LENGA, CON IL MUSLA\u00a0 <strong>ALLE 7.20<\/strong>\u00a0EL BAL DEL FIOR, DETTI E TRADIZIONI DI GIULIANA DA RONCH;\u00a0<strong>ALLE 8.20 <\/strong>PIU SIAMO CON MARINA<strong> 9.10 PREMIER DI MARCO GAZ, ANNI 80 CON MONICA FONTANVIE <\/strong>\u00a0 \u00a0<strong>9.30 <\/strong>VIABILITA&#8217; Botol_Car <strong>\u00a0<\/strong><span style=\"color: #0000ff;\"><span style=\"color: #000000;\"><b> 10.10\u00a0<\/b>\u00a0 MUSLA LE NOVE IN LADIN CON ANNA DA FALCADE <\/span><strong><span style=\"color: #000000;\">\u00a010.30 CON MARIA RITA GENTILIN, SPI CGIL BELLUNO,\u00a0 APPUNTAMENTO QUINDICINALE <\/span><\/strong><span style=\"color: #000000;\">\u00a0<\/span><\/span><span style=\"color: #0000ff;\"><span style=\"color: #000000;\"><strong>11.10<\/strong> C&#8217;ERA UNA VOLTA FESTIVALBAR, DI MIRCO BENCIVENNI <\/span><\/span><strong>12.00 <\/strong>VA TUTTO LISCIO <strong>12.30 <\/strong>GIORNALE RADIO EDIZIONE PRINCIPALE\u00a0 13.10 AIRE INDIA PUNTATA 17 <strong>13.20<\/strong> PRIMA VERA HIT <strong>14.00 <\/strong>GOLDEN CLASSIC CON MARCO EDELVAIS <strong>15.00<\/strong>\u00a0 WEEK END, MARINA C&#8217;E&#8217;! <strong>\u00a01<\/strong><strong>6.00 <\/strong>IL ROCK DI MARCO COSTANTINI <strong>16.45 <\/strong>LE HIT DI MIRCO BENCIVENNI <strong>19 <\/strong>ANTICIPAZIONI DAL TG DI ANTENNA 3 DI TIZIANA BOLOGNANI.<\/p>\n<p>&nbsp;<\/p>\n<blockquote><p><strong>rassegna stampa nazionale, ogni giorno alle 5 e alle 6 del mattino<\/strong><br \/>\n<em>giornali locali 7 rassegna stampa flash, 8 rassegna stampa, gr flash alle 10 e alle 11, principale 12.30. Informazione pomerIggio alle 15 (speciale) 16, 17, 18. Giornale radio nazionale: ogni ora dalle 5 del mattino, alle 20 della sera.\u00a0<\/em><\/p><\/blockquote>\n<div class=\"x11i5rnm xat24cr x1mh8g0r x1vvkbs xtlvy1s x126k92a\">\n<div dir=\"auto\">\n<p>&nbsp;<\/p>\n<p>&nbsp;<\/p>\n<hr \/>\n<p>&nbsp;<\/p>\n<p>&nbsp;<\/p>\n<div class=\"x11i5rnm xat24cr x1mh8g0r x1vvkbs xtlvy1s x126k92a\">\n<div dir=\"auto\">\n<p><strong><a class=\"dt-pswp-item\" href=\"https:\/\/www.radiopiu.net\/wordpress\/wp-content\/uploads\/2024\/02\/2d44e751-d8a8-461b-8e22-d8e4e853b032.jpg\" data-dt-img-description=\"\" data-large_image_width=\"1600\" data-large_image_height=\"1200\"><img loading=\"lazy\" decoding=\"async\" class=\"wp-image-373307 alignleft\" src=\"https:\/\/www.radiopiu.net\/wordpress\/wp-content\/uploads\/2024\/02\/2d44e751-d8a8-461b-8e22-d8e4e853b032-300x225.jpg\" alt=\"\" width=\"105\" height=\"79\" srcset=\"https:\/\/www.radiopiu.net\/wordpress\/wp-content\/uploads\/2024\/02\/2d44e751-d8a8-461b-8e22-d8e4e853b032-300x225.jpg 300w, https:\/\/www.radiopiu.net\/wordpress\/wp-content\/uploads\/2024\/02\/2d44e751-d8a8-461b-8e22-d8e4e853b032-1024x768.jpg 1024w, https:\/\/www.radiopiu.net\/wordpress\/wp-content\/uploads\/2024\/02\/2d44e751-d8a8-461b-8e22-d8e4e853b032-768x576.jpg 768w, https:\/\/www.radiopiu.net\/wordpress\/wp-content\/uploads\/2024\/02\/2d44e751-d8a8-461b-8e22-d8e4e853b032-1536x1152.jpg 1536w, https:\/\/www.radiopiu.net\/wordpress\/wp-content\/uploads\/2024\/02\/2d44e751-d8a8-461b-8e22-d8e4e853b032.jpg 1600w\" sizes=\"auto, (max-width: 105px) 100vw, 105px\" \/><\/a>EL BAL DEL FIOR, DI GIULIANA DA RONCH, 14<\/strong><strong>\u00a0GIUGNO 2024<\/strong><\/p>\n<\/div>\n<\/div>\n<\/div>\n<audio class=\"wp-audio-shortcode\" id=\"audio-394563-1\" preload=\"none\" style=\"width: 100%;\" controls=\"controls\"><source type=\"audio\/mpeg\" src=\"https:\/\/www.radiopiu.net\/wordpress\/wp-content\/uploads\/2024\/06\/GVE-1.m4a?_=1\" \/><a href=\"https:\/\/www.radiopiu.net\/wordpress\/wp-content\/uploads\/2024\/06\/GVE-1.m4a\">https:\/\/www.radiopiu.net\/wordpress\/wp-content\/uploads\/2024\/06\/GVE-1.m4a<\/a><\/audio>\n<p>&nbsp;<\/p>\n<div dir=\"auto\">\n<hr \/>\n<\/div>\n<\/div>\n<blockquote>\n<blockquote>\n<h1><span style=\"color: #ff0000;\">\u00a0<\/span><\/h1>\n<h1><span style=\"color: #ff0000;\">I podcast informativi del mattino &#8211; audio &#8211;\u00a0\u00a0<\/span><\/h1>\n<\/blockquote>\n<p><strong><a class=\"dt-pswp-item\" href=\"https:\/\/www.radiopiu.net\/wordpress\/wp-content\/uploads\/2023\/11\/th-10.jpg\" data-dt-img-description=\"\" data-large_image_width=\"320\" data-large_image_height=\"180\"><img loading=\"lazy\" decoding=\"async\" class=\"wp-image-362866 alignleft\" src=\"https:\/\/www.radiopiu.net\/wordpress\/wp-content\/uploads\/2023\/11\/th-10-300x169.jpg\" alt=\"\" width=\"185\" height=\"104\" srcset=\"https:\/\/www.radiopiu.net\/wordpress\/wp-content\/uploads\/2023\/11\/th-10-300x169.jpg 300w, https:\/\/www.radiopiu.net\/wordpress\/wp-content\/uploads\/2023\/11\/th-10.jpg 320w\" sizes=\"auto, (max-width: 185px) 100vw, 185px\" \/><\/a>LA RASSEGNA STAMPA NAZIONALE ALLA RADIO, OGNI GIORNO ALLE 5 E ALLE 6 DEL MATTINO <span style=\"color: #0000ff;\">viene pubblicata alle 6.00 <span style=\"color: #ff0000;\">DIRETTA RADIO\u00a0 \u00a0\u00a0<\/span><\/span><\/strong><\/p><\/blockquote>\n<p><span style=\"color: #0000ff;\">NELLA NOTTE\u00a0<\/span><\/p>\n<p><strong>Borsa:<\/strong> Shanghai apre a -0,26%, Shenzhen a -0,23%\u00a0 <strong>Russia,<\/strong> respinto massiccio attacco di droni su Rostov\u00a0 <strong>Russia,<\/strong> l&#8217;Argentina non trasferir\u00e0 aerei militari in Ucraina\u00a0 <strong>Usa<\/strong>,stop repubblicani a legge su fecondazione in vitro in Senato\u00a0 <strong>Biden,<\/strong> l&#8217;accordo con Kiev dimostra a Putin la nostra unit\u00e0\u00a0 <strong>Usa<\/strong>, Iran continua a compiere passi sbagliati su nucleare\u00a0 <strong>Domani<\/strong> Beppe Grillo a Roma, incontro con Conte in vista\u00a0 <strong>Schlein,<\/strong> Meloni consapevole delle fascisterie in FdI\u00a0 <strong>Mattarella,G7<\/strong> si riconosce in rispetto diritti persona<\/p>\n<h2>AUDIO dalle 6 del mattino<\/h2>\n<audio class=\"wp-audio-shortcode\" id=\"audio-394563-2\" preload=\"none\" style=\"width: 100%;\" controls=\"controls\"><source type=\"audio\/mpeg\" src=\"https:\/\/www.radiopiu.net\/wordpress\/wp-content\/uploads\/2024\/06\/GIORNALEDELLESEI-10.mp3?_=2\" \/><a href=\"https:\/\/www.radiopiu.net\/wordpress\/wp-content\/uploads\/2024\/06\/GIORNALEDELLESEI-10.mp3\">https:\/\/www.radiopiu.net\/wordpress\/wp-content\/uploads\/2024\/06\/GIORNALEDELLESEI-10.mp3<\/a><\/audio>\n<p>&nbsp;<\/p>\n<hr \/>\n<p>&nbsp;<\/p>\n<h1 style=\"text-align: center;\"><span style=\"color: #ff0000;\">I podcast informativi del mattino &#8211; audio &#8211;\u00a0<\/span><\/h1>\n<p><strong><a class=\"dt-pswp-item\" href=\"https:\/\/www.radiopiu.net\/wordpress\/wp-content\/uploads\/2023\/12\/images.png\" data-dt-img-description=\"\" data-large_image_width=\"316\" data-large_image_height=\"160\"><img loading=\"lazy\" decoding=\"async\" class=\"wp-image-367008 alignleft\" src=\"https:\/\/www.radiopiu.net\/wordpress\/wp-content\/uploads\/2023\/12\/images-300x152.png\" alt=\"\" width=\"235\" height=\"119\" srcset=\"https:\/\/www.radiopiu.net\/wordpress\/wp-content\/uploads\/2023\/12\/images-300x152.png 300w, https:\/\/www.radiopiu.net\/wordpress\/wp-content\/uploads\/2023\/12\/images.png 316w\" sizes=\"auto, (max-width: 235px) 100vw, 235px\" \/><\/a>OGNI GIORNO ALLE SETTE DEL MATTINO, LA RASSEGNA STAMPA LOCALE FLASH&#8230; PER CHI VA IN FRETTA. I TITOLI DAI GIORNALI E DAL SITO WWW.RADIOPIU.NET <span style=\"color: #0000ff;\">viene pubblicato alle 7.00<\/span> <span style=\"color: #ff0000;\">DIRETTA RADIO\u00a0<\/span><\/strong><\/p>\n<p><em><span style=\"color: #ff0000;\">per chi va in fretta&#8230; tante notizie in pochi minuti. L&#8217;informazione locale alla radio, ogni ora dalle 7 del mattino alle 19 della sera.\u00a0 \u00a0 <\/span><\/em><\/p>\n<p><span style=\"color: #ff0000;\"><span style=\"color: #000000;\"><strong><img loading=\"lazy\" decoding=\"async\" class=\"alignleft\" src=\"https:\/\/www.radiopiu.net\/wordpress\/wp-content\/uploads\/2024\/06\/copert-1.png\" width=\"212\" height=\"126\" \/>BELLUNO<\/strong> Un agente ha raggirato l&#8217;impresario bellunese incassando illegalmente provvigioni su contratti mai conclusi. Un importo di oltre 5000 euro, vale la presunzione d&#8217;innocenza ma intanto la vicenda finisce in\u00a0 Procura\u00a0<\/span><\/span><\/p>\n<p><strong>BELLUNO<\/strong> Il convegno &#8220;Desertificazione o Prossimit\u00e0?&#8221; tenutosi ieri a Belluno, organizzato dall&#8217;Osservatorio sulla desertificazione bancaria di First Cisl, ha affrontato le scelte per lo sviluppo territoriale e l&#8217;inclusione sociale. In provincia di Belluno, dal 2015 si \u00e8 verificata una drastica riduzione degli sportelli bancari, calati del 33%, passando da 161 a 108.<\/p>\n<p><strong>BELLUNO<\/strong> Sono pronti a partire i lavori di ripristino della strada di Curago, in Comune di Alpago, dopo una frana causata dalle piogge di maggio. La Provincia ha attivato una somma urgenza per un intervento del valore di oltre 200mila euro.<\/p>\n<p><strong>BELLUNO<\/strong> Un milione di euro per la digitalizzazione e l&#8217;efficientamento energetico delle imprese: aprir\u00e0 la prossima settimana il bando della Camera di Commercio di Treviso Belluno Dolomiti, che intanto ha gi\u00e0 inaugurato l&#8217;innovativo Portale Agevolazioni.<\/p>\n<p><strong>ALPAGO<\/strong> La 30\u00aa edizione del Giro del Lago di Santa Croce si terr\u00e0 domenica 18 agosto, organizzata dal Comitato Alpago 2 Ruote&amp;Solidariet\u00e0, sotto l\u2019alto patrocinio del Parlamento Europeo. L&#8217;evento multisport, che include ciclismo, podismo, roller e camminata, raccoglie fondi per le associazioni \u201cVia di Natale\u201d e \u201cCucchini\u201d<\/p>\n<h2>AUDIO dalle 7 del mattino<\/h2>\n<audio class=\"wp-audio-shortcode\" id=\"audio-394563-3\" preload=\"none\" style=\"width: 100%;\" controls=\"controls\"><source type=\"audio\/mpeg\" src=\"https:\/\/www.radiopiu.net\/wordpress\/wp-content\/uploads\/2024\/06\/GF07-11.mp3?_=3\" \/><a href=\"https:\/\/www.radiopiu.net\/wordpress\/wp-content\/uploads\/2024\/06\/GF07-11.mp3\">https:\/\/www.radiopiu.net\/wordpress\/wp-content\/uploads\/2024\/06\/GF07-11.mp3<\/a><\/audio>\n<p>&nbsp;<\/p>\n<p>&nbsp;<\/p>\n<hr \/>\n<p>&nbsp;<\/p>\n<h1><\/h1>\n<h1 style=\"text-align: center;\"><span style=\"color: #ff0000;\"><a class=\"dt-pswp-item\" href=\"https:\/\/www.radiopiu.net\/wordpress\/wp-content\/uploads\/2022\/01\/026c3f9d-dae9-4040-a3c1-a6530231bcc3.jpg\" data-dt-img-description=\"\" data-large_image_width=\"1152\" data-large_image_height=\"2048\"><img loading=\"lazy\" decoding=\"async\" class=\"wp-image-251839 alignleft\" src=\"https:\/\/www.radiopiu.net\/wordpress\/wp-content\/uploads\/2022\/01\/026c3f9d-dae9-4040-a3c1-a6530231bcc3-169x300.jpg\" alt=\"\" width=\"100\" height=\"177\" srcset=\"https:\/\/www.radiopiu.net\/wordpress\/wp-content\/uploads\/2022\/01\/026c3f9d-dae9-4040-a3c1-a6530231bcc3-169x300.jpg 169w, https:\/\/www.radiopiu.net\/wordpress\/wp-content\/uploads\/2022\/01\/026c3f9d-dae9-4040-a3c1-a6530231bcc3-576x1024.jpg 576w, https:\/\/www.radiopiu.net\/wordpress\/wp-content\/uploads\/2022\/01\/026c3f9d-dae9-4040-a3c1-a6530231bcc3-768x1365.jpg 768w, https:\/\/www.radiopiu.net\/wordpress\/wp-content\/uploads\/2022\/01\/026c3f9d-dae9-4040-a3c1-a6530231bcc3-864x1536.jpg 864w, https:\/\/www.radiopiu.net\/wordpress\/wp-content\/uploads\/2022\/01\/026c3f9d-dae9-4040-a3c1-a6530231bcc3.jpg 1152w\" sizes=\"auto, (max-width: 100px) 100vw, 100px\" \/><\/a>I podcast informativi del mattino &#8211; audio &#8211;\u00a0<\/span><\/h1>\n<blockquote><p><strong>GIORNALE RADIO NAZIONALE, EDIZIONE DELLE SETTE <span style=\"color: #0000ff;\">viene pubblicato alle 7.05 <span style=\"color: #ff0000;\">DIRETTA RADIO\u00a0<\/span><\/span><\/strong><\/p><\/blockquote>\n<p><strong>il giornale radionazionale e&#8217; in onda ogni ora, dalle sette del mattino alle venti della sera\u00a0 \u00a0<\/strong><\/p>\n<p><strong>In carcere a Verbania<\/strong> Truffa e riciclaggio, arrestato imprenditore social Ivan Szydlik\u00a0 <strong>Campania<\/strong> Blitz al Comune di Caserta, ai domiciliari un assessore e 4 dirigenti\u00a0<strong>Umbria<\/strong> Calci, pugni e morsi alla compagna, scatta il braccialetto\u00a0 <strong>Odio razziale<\/strong>, il gip militare respinge la richiesta di archiviazione di Vannacci Fissata l&#8217;udienza il 25 settembre <strong>Bimbo con malattia rara<\/strong>, 5 milioni per salvarlo In Usa per una terapia innovativa con i fondi della Regione Emilia-Romagna <strong>Violenza sessuale<\/strong>\u00a0a Lucarelli jr e Apolloni 3 anni e 7 mesi Condannati pi\u00f9 lievemente gli altri tre imputati<\/p>\n<p><strong>Palermo\u00a0<\/strong> Incendio in palazzina, sei intossicati\u00a0 <strong>Porto Sant&#8217;Elpidio<\/strong> Grandinata nel Fermano, crolla solaio nel supermercato <strong>Elba<\/strong> Barca in fiamme in mare, Guardia costiera salva 3 persone <strong>Bolzano<\/strong> Salma in avanzato stato di decomposizione trovata ai piedi di una cascata in Alto Adige a Meltina <strong>Valtellina<\/strong> In acqua con l&#8217;apecar, morta una donna\u00a0<strong>Sardegna<\/strong> s&#8217;incaglia Barca con 18 migranti<\/p>\n<h2>AUDIO dalle sette del mattino, ogni ora alla radio<\/h2>\n<audio class=\"wp-audio-shortcode\" id=\"audio-394563-4\" preload=\"none\" style=\"width: 100%;\" controls=\"controls\"><source type=\"audio\/mpeg\" src=\"https:\/\/www.radiopiu.net\/wordpress\/wp-content\/uploads\/2024\/06\/giornale07-11.mp3?_=4\" \/><a href=\"https:\/\/www.radiopiu.net\/wordpress\/wp-content\/uploads\/2024\/06\/giornale07-11.mp3\">https:\/\/www.radiopiu.net\/wordpress\/wp-content\/uploads\/2024\/06\/giornale07-11.mp3<\/a><\/audio>\n<p>&nbsp;<\/p>\n<p>&nbsp;<\/p>\n<hr \/>\n<p>&nbsp;<\/p>\n<p>&nbsp;<\/p>\n<h1><span style=\"color: #ff0000;\">I podcast informativi del mattino &#8211; video &#8211;\u00a0<\/span><\/h1>\n<h2><strong><a class=\"dt-pswp-item\" href=\"https:\/\/www.radiopiu.net\/wordpress\/wp-content\/uploads\/2023\/12\/th-10.jpg\" data-dt-img-description=\"\" data-large_image_width=\"245\" data-large_image_height=\"180\"><img loading=\"lazy\" decoding=\"async\" class=\" wp-image-367395 alignleft\" src=\"https:\/\/www.radiopiu.net\/wordpress\/wp-content\/uploads\/2023\/12\/th-10.jpg\" alt=\"\" width=\"166\" height=\"122\" \/><\/a>RASSEGNA STAMPA LOCALE, ORE OTTO 05<\/strong><\/h2>\n<h2><strong> <span style=\"color: #0000ff;\">viene\u00a0 <\/span><\/strong><strong><span style=\"color: #0000ff;\">pubblicata alle 8.05 <span style=\"color: #ff0000;\">DIRETTA RADIO\u00a0\u00a0<\/span><\/span><\/strong><\/h2>\n<p><strong>DI MIRKO MEZZACASA\u00a0 \u00a0<\/strong><button class=\"rounded-lg text-token-text-secondary hover:bg-token-main-surface-secondary\"><\/button><\/p>\n<p><strong> <img loading=\"lazy\" decoding=\"async\" class=\"alignleft\" src=\"https:\/\/www.radiopiu.net\/wordpress\/wp-content\/uploads\/2024\/06\/copert-1.png\" width=\"240\" height=\"142\" \/>BELLUNO<\/strong> Aumentano i casi di meningoencefalite da morso di zecca (Tbe) in provincia di Belluno, con 13 diagnosi recenti. Di questi, cinque sono stati morsi fuori provincia e otto nel territorio bellunese. Nessuna delle persone colpite \u00e8 vaccinata contro la Tbe.<\/p>\n<p><strong>FELTRE<\/strong> Luisa Carnacina, madre del regista Daniele Carnacina, \u00e8 scomparsa ieri mattina a 86 anni. Originaria di Feltre, viveva da decenni a Rapallo, Liguria. Nota per la sua bellezza, aveva partecipato a Miss Veneto.<\/p>\n<p><strong>FELTRE<\/strong> I funerali di Germano Perera, capogruppo degli alpini di Villabruna, si terranno domani alle 14.30 nella chiesa parrocchiale. Perera, 82 anni, \u00e8 deceduto in seguito a un incidente con il trattore.<\/p>\n<p><strong>BELLUNO<\/strong> Gianpaolo Bottacin, assessore regionale all&#8217;Ambiente, Clima e Protezione Civile, ha ottenuto il processo per Alberto Peruffo, accusato di diffamazione aggravata. Il caso riguarda un episodio del 18 aprile 2019, durante la trasmissione Rai &#8220;Centocitt\u00e0&#8221;, dove Peruffo, attivista e intellettuale vicentino, ha accusato Bottacin di nascondere documenti importanti sulle Pfas<\/p>\n<p><strong>BELLUNO<\/strong> Il processo per molestie finisce con la sentenza di non luogo a procedersi con un sospiro di sollievo del nordafricano alla sbarra davanti al Giudice Cristina Cittolin (pubblico Ministero Maria Luisa Pesco), due anni fa l&#8217;uomo seguiva e osservava una donna al punto da risultare fastidioso. Non si \u00e8 trattato di stalking.<\/p>\n<h2><span style=\"color: #ff0000;\"><strong>VIDEO\u00a0 \u00a0in diretta dalle 8 del mattino\u00a0<\/strong><\/span><\/h2>\n<p><iframe loading=\"lazy\" title=\"DAL 1983 LA RASSEGNA STAMPA LOCALE di mirko mezzacasa. L&#039;ORIGINALE\" width=\"1200\" height=\"675\" src=\"https:\/\/www.youtube.com\/embed\/vPGV4oxuHH4?feature=oembed\" frameborder=\"0\" allow=\"accelerometer; autoplay; clipboard-write; encrypted-media; gyroscope; picture-in-picture; web-share\" referrerpolicy=\"strict-origin-when-cross-origin\" allowfullscreen><\/iframe><\/p>\n<hr \/>\n<p>&nbsp;<\/p>\n<p>&nbsp;<\/p>\n<p><strong><a class=\"dt-pswp-item\" href=\"https:\/\/www.radiopiu.net\/wordpress\/wp-content\/uploads\/2023\/12\/ANTENNA.png\" data-dt-img-description=\"\" data-large_image_width=\"300\" data-large_image_height=\"166\"><img loading=\"lazy\" decoding=\"async\" class=\" wp-image-366306 alignleft\" src=\"https:\/\/www.radiopiu.net\/wordpress\/wp-content\/uploads\/2023\/12\/ANTENNA.png\" alt=\"\" width=\"175\" height=\"97\" \/><\/a>IERI SERA, DAL TG DI ANTENNA 3, ogni sera alle 19 le anticipazioni alla radio, quello che poi seguirete nel TELEGIORNALE BELLUNESE\u00a0 in onda alle 19.30 sul CANALE 10 del digitale terrestre.\u00a0\u00a0<\/strong><\/p>\n<p>&nbsp;<\/p>\n<p><span style=\"color: #000000;\"><strong>\u00a0IERI SERA ALLA RADIO&#8230; LE ANTICIPAZIONI DI\u00a0<span style=\"color: #ff0000;\"> Stefano Bozzi<\/span><\/strong><\/span><\/p>\n<audio class=\"wp-audio-shortcode\" id=\"audio-394563-5\" preload=\"none\" style=\"width: 100%;\" controls=\"controls\"><source type=\"audio\/mpeg\" src=\"https:\/\/www.radiopiu.net\/wordpress\/wp-content\/uploads\/2024\/06\/ANTENNA3-8.mp3?_=5\" \/><a href=\"https:\/\/www.radiopiu.net\/wordpress\/wp-content\/uploads\/2024\/06\/ANTENNA3-8.mp3\">https:\/\/www.radiopiu.net\/wordpress\/wp-content\/uploads\/2024\/06\/ANTENNA3-8.mp3<\/a><\/audio>\n<p>&nbsp;<\/p>\n<p>&nbsp;<\/p>\n<hr \/>\n<p>&nbsp;<\/p>\n<blockquote>\n<h3>ACQUA INQUINATA\u00a0 A ROCCA PIETORE<\/h3>\n<\/blockquote>\n<p><strong><img loading=\"lazy\" decoding=\"async\" class=\"alignleft\" src=\"https:\/\/www.radiopiu.net\/wordpress\/wp-content\/uploads\/2024\/05\/cantiere-municipio-Livinallongo-scaled.jpg\" width=\"231\" height=\"104\" \/><\/strong><b>ROCCA PIETORE <\/b>in localit\u00e0 MOE&#8217; DI LASTE l&#8217;acqua erogata dall&#8217;acquedotto non \u00e8 potabile e pu\u00f2 essere usata per scopi alimentari SOLO PREVIA bollitura.<\/p>\n<p><strong>CENCENIGHE<\/strong> in localit\u00e0 COLLAZ E PRADIMEZZO l&#8217;acqua erogata \u00e8 di nuovo potabile e pu\u00f2 essere usata, quindi, per scopi alimentari.<\/p>\n<p>&nbsp;<\/p>\n<blockquote>\n<h3>LAVORI PROGRAMMATI GSP<\/h3>\n<\/blockquote>\n<p>Gestione Servizi Pubblici informa che, per lavori alla rete idrica comunale, OGGI dalle 8:00 a FINE LAVORI verr\u00e0 sospesa l\u2019erogazione dell\u2019acqua a FALCADE nelle vie MARCHIORI, COL MAOR, BUSIN, CAPPELLO, SALPIAN, NICOLAJEWKA, DE SAN DOANE e TRENTO (dal civ. 24 al 76).<\/p>\n<p>&nbsp;<\/p>\n<blockquote>\n<h1><strong>i lavori sulla rete ferroviaria<\/strong><\/h1>\n<\/blockquote>\n<p><strong>BELLUNO\u00a0<\/strong> La circolazione dei treni sar\u00e0 sospesa da domenica 9 giugno al 14 dicembre 2024 sulla linea Feltre-Belluno, mentre dal 9 giugno al 7 settembre la sospensione riguarder\u00e0 le stazioni di Treviso e Montebelluna.<\/p>\n<p>&nbsp;<\/p>\n<p>&nbsp;<\/p>\n<hr \/>\n<p>&nbsp;<\/p>\n<blockquote>\n<h3>DOPPIO INTERVENTO DEL SUEM 118 PER UN INCIDENTE ED UN MALORE<\/h3>\n<\/blockquote>\n<p><strong><a class=\"dt-pswp-item\" href=\"https:\/\/www.radiopiu.net\/wordpress\/wp-content\/uploads\/2024\/03\/salt-croce-verde-val-biois-1.jpg\" data-dt-img-description=\"\" data-large_image_width=\"2048\" data-large_image_height=\"1536\"><img loading=\"lazy\" decoding=\"async\" class=\" wp-image-380539 alignleft\" src=\"https:\/\/www.radiopiu.net\/wordpress\/wp-content\/uploads\/2024\/03\/salt-croce-verde-val-biois-1-300x225.jpg\" alt=\"\" width=\"143\" height=\"107\" srcset=\"https:\/\/www.radiopiu.net\/wordpress\/wp-content\/uploads\/2024\/03\/salt-croce-verde-val-biois-1-300x225.jpg 300w, https:\/\/www.radiopiu.net\/wordpress\/wp-content\/uploads\/2024\/03\/salt-croce-verde-val-biois-1-1024x768.jpg 1024w, https:\/\/www.radiopiu.net\/wordpress\/wp-content\/uploads\/2024\/03\/salt-croce-verde-val-biois-1-768x576.jpg 768w, https:\/\/www.radiopiu.net\/wordpress\/wp-content\/uploads\/2024\/03\/salt-croce-verde-val-biois-1-1536x1152.jpg 1536w, https:\/\/www.radiopiu.net\/wordpress\/wp-content\/uploads\/2024\/03\/salt-croce-verde-val-biois-1.jpg 2048w\" sizes=\"auto, (max-width: 143px) 100vw, 143px\" \/><\/a>REDAZIONE<\/strong> La giornata di ieri del Suem 118 \u00e8 iniziata poco dopo le 10 quando la centrale operativa \u00e8 stata allertata per un incidente motociclistico sulla strada che porta al Passo Falzarego. Un olandese di 26 anni \u00e8 stato soccorso dall&#8217;ambulanza che ha portato il motociclista all&#8217;ospedale di Cortina con ferite di media gravit\u00e0. Poco dopo le 13 il secondo intervento. Questa volta si \u00e8 alzato in volo l&#8217;elicottero Falco per raggiungere al Rifugio Auronzo un cinquantenne del posto che aveva accusato un malore con dolore toracico. Il paziente \u00e8 stato preso in cura dall&#8217;ospedale San Martino di Belluno.<\/p>\n<p>&nbsp;<\/p>\n<hr \/>\n<p>&nbsp;<\/p>\n<blockquote>\n<h2>Salgono a 13 i casi di Tbe a Belluno<\/h2>\n<\/blockquote>\n<p><strong>BELLUNO<\/strong> Aumentano i casi di meningoencefalite da morso di zecca (Tbe) in provincia di Belluno, con 13 diagnosi recenti. Di questi, cinque sono stati morsi fuori provincia e otto nel territorio bellunese. Nessuna delle persone colpite \u00e8 vaccinata contro la Tbe.<\/p>\n<p>&nbsp;<\/p>\n<blockquote class=\"wp-embedded-content\" data-secret=\"Y2bVr4Qa4y\"><p><a href=\"https:\/\/www.radiopiu.net\/wordpress\/zecche-rischi-prevenzione-e-intervento-i-consigli-delle-guide-alpine\/\">Zecche: rischi, prevenzione e intervento. I consigli delle Guide Alpine\u00a0<\/a><\/p><\/blockquote>\n<p><iframe loading=\"lazy\" class=\"wp-embedded-content\" sandbox=\"allow-scripts\" security=\"restricted\" style=\"position: absolute; clip: rect(1px, 1px, 1px, 1px);\" title=\"&#8220;Zecche: rischi, prevenzione e intervento. I consigli delle Guide Alpine\u00a0&#8221; &#8212; Radio Pi\u00f9\" src=\"https:\/\/www.radiopiu.net\/wordpress\/zecche-rischi-prevenzione-e-intervento-i-consigli-delle-guide-alpine\/embed\/#?secret=S6UHyO0NRW#?secret=Y2bVr4Qa4y\" data-secret=\"Y2bVr4Qa4y\" width=\"600\" height=\"338\" frameborder=\"0\" marginwidth=\"0\" marginheight=\"0\" scrolling=\"no\"><\/iframe><\/p>\n<hr \/>\n<p>&nbsp;<\/p>\n<p>&nbsp;<\/p>\n<blockquote>\n<h3><a class=\"dt-pswp-item\" href=\"https:\/\/www.radiopiu.net\/wordpress\/wp-content\/uploads\/2024\/06\/Senza-nome-35.png\" data-dt-img-description=\"\" data-large_image_width=\"259\" data-large_image_height=\"268\"><img loading=\"lazy\" decoding=\"async\" class=\"wp-image-394715 alignleft\" src=\"https:\/\/www.radiopiu.net\/wordpress\/wp-content\/uploads\/2024\/06\/Senza-nome-35.png\" alt=\"\" width=\"101\" height=\"105\" \/><\/a>Addio a Luisa Carnacina, Madre del Regista Daniele Carnacina<\/h3>\n<\/blockquote>\n<p><strong>FELTRE<\/strong> Luisa Carnacina, madre del regista Daniele Carnacina, \u00e8 scomparsa ieri mattina a 86 anni. Originaria di Feltre, viveva da decenni a Rapallo, Liguria. Nota per la sua bellezza, aveva partecipato a Miss Veneto. Daniele, famoso per produzioni come &#8220;Un posto al sole&#8221; e &#8220;Vivere&#8221;, ha realizzato a Feltre il docufilm &#8220;Caf\u00e8 La Mama&#8221;.<\/p>\n<p>&nbsp;<\/p>\n<p>&nbsp;<\/p>\n<hr \/>\n<p>&nbsp;<\/p>\n<p>&nbsp;<\/p>\n<blockquote>\n<h3><a class=\"dt-pswp-item\" href=\"https:\/\/www.radiopiu.net\/wordpress\/wp-content\/uploads\/2024\/06\/Senza-nome-36.png\" data-dt-img-description=\"\" data-large_image_width=\"257\" data-large_image_height=\"277\"><img loading=\"lazy\" decoding=\"async\" class=\"wp-image-394716 alignleft\" src=\"https:\/\/www.radiopiu.net\/wordpress\/wp-content\/uploads\/2024\/06\/Senza-nome-36.png\" alt=\"\" width=\"111\" height=\"120\" \/><\/a>Addio a Germano Perera, Capogruppo degli Alpini di Villabruna<\/h3>\n<\/blockquote>\n<p><strong>FELTRE <\/strong>I funerali di Germano Perera, capogruppo degli alpini di Villabruna, si terranno domani alle 14.30 nella chiesa parrocchiale. Perera, 82 anni, \u00e8 deceduto in seguito a un incidente con il trattore. La salma \u00e8 attualmente all&#8217;obitorio dell&#8217;ospedale Ca&#8217; Foncello di Treviso.<\/p>\n<div class=\"mt-1 flex gap-3 empty:hidden juice:-ml-3\">\n<div class=\"items-center justify-start rounded-xl p-1 flex\">\n<div class=\"flex items-center\">\n<div class=\"flex\"><\/div>\n<div class=\"flex items-center pb-0.5 juice:pb-0\">\n<div class=\"[&amp;_svg]:h-full [&amp;_svg]:w-full icon-md h-4 w-4\"><\/div>\n<\/div>\n<\/div>\n<\/div>\n<\/div>\n<p>&nbsp;<\/p>\n<hr \/>\n<p>&nbsp;<\/p>\n<p><span style=\"color: #ff0000;\">OGGI LA GIUDIZIARIA<\/span><br \/>\n<span style=\"color: #ff0000;\">DAL CORRIERE DELLE ALPI<\/span><br \/>\n<span style=\"color: #ff0000;\">SINTESI, ARTICOLI DI GIGI SOSSO<\/span><\/p>\n<h3>Diffamazione Aggravata in Diretta Rai: Il Caso Bottacin-Peruffo<\/h3>\n<p><strong>BELLUNO <\/strong>Gianpaolo Bottacin, assessore regionale all&#8217;Ambiente, Clima e Protezione Civile, ha ottenuto il processo per Alberto Peruffo, accusato di diffamazione aggravata. Il caso riguarda un episodio del 18 aprile 2019, durante la trasmissione Rai &#8220;Centocitt\u00e0&#8221;, dove Peruffo, attivista e intellettuale vicentino, ha accusato Bottacin di nascondere documenti importanti sulle Pfas. La Procura ha individuato l&#8217;aggravante nella diffusione nazionale e internazionale del programma. Nonostante Bottacin non sia stato ammesso come parte civile, il processo inizier\u00e0 il 17 ottobre. Peruffo si \u00e8 dichiarato pronto a difendersi in aula.<\/p>\n<h3>Fissava on insistenza la donna, prosciolto<\/h3>\n<p><strong>BELLUNO<\/strong> Il processo per molestie finisce con la sentenza di non luogo a procedersi con un sospiro di sollievo del nordafricano alla sbarra davanti al Giudice Cristina Cittolin (pubblico Ministero Maria Luisa Pesco), due anni fa l&#8217;uomo seguiva e osservava una donna al punto da risultare fastidioso. Non si \u00e8 trattato di stalking.<\/p>\n<h3>Onoranze funebri e pubblicit\u00e0 da Tribunale<\/h3>\n<p><strong>BELLUNO<\/strong> Un agente ha raggirato l&#8217;impresario bellunese incassando illegalmente provvigioni su contratti mai conclusi. Un importo di oltre 5000 euro, vale la presunzione d&#8217;innocenza ma intanto la vicenda finisce in\u00a0 Procura<\/p>\n<h3>Convivenza d&#8217;inferno: rinviato a giudizio per maltrattamenti e violenza<\/h3>\n<p><strong>SETTEVILLE<\/strong> Un matrimonio segnato da maltrattamenti fisici, psicologici e sessuali \u00e8 culminato in una denuncia da parte della moglie. L&#8217;uomo, residente ad Alano di Piave, \u00e8 stato rinviato a giudizio per maltrattamenti in famiglia, lesioni aggravate e violenza sessuale. Le accuse sono supportate da testimonianze e documentazione sanitaria.<\/p>\n<p>&nbsp;<\/p>\n<hr \/>\n<p>&nbsp;<\/p>\n<blockquote>\n<h3>L&#8217;ENEL DISSE LUCE! E LUCE FU, POI LA SPENSE<\/h3>\n<\/blockquote>\n<blockquote>\n<h3><em>Rispetto per i ciclisti? Giusto&#8230; ma chi vive sul territorio non vale meno<\/em><\/h3>\n<\/blockquote>\n<p><strong><img loading=\"lazy\" decoding=\"async\" class=\"alignleft\" src=\"https:\/\/www.radiopiu.net\/wordpress\/wp-content\/uploads\/2019\/11\/1895-2019-movimento-franoso-in-Val-Fiorentina_3.jpg\" width=\"208\" height=\"156\" \/>SELVA DI CADORE<\/strong> Se non fosse che viene da piangere sarebbe da farsi una risata. Prendi il Giro d&#8217;Italia&#8230; dove passa l&#8217;Italia si fa bella, diceva il grande striscione che RADIOPIU aveva messo in grande evidenza qualche anno fa, come per dire che dove passa il giro si rif\u00e0 l&#8217;asfalto. Infatti, quest&#8217;anno il Giro non \u00e8 passato per l&#8217;Agordino e molte strade non sono state rimesse a nuovo come succedeva in passato. Idem per l&#8217;illuminazione delle gallerie. Ad oggi la galleria dei Castei \u00e8 al buio, ancora al buio nonostante i lavori di qualche settimana fa.<\/p>\n<p>Peggio tra Caprile e Selva di Cadore dove le gallerie di Marzeluch sono\u00a0 \u00a0sempre nella totale oscurit\u00e0, ma non ieri perch\u00e9 incredibilmente le luci si sono accese per poi spegnersi. Si dice che saranno accese per la gara ciclistica del fine settimana. E dopo? Se saranno di nuovo spente non ci meraviglieremo se la gente a quel punto fosse pronta a scendere in piazza. Per una gara ciclistica l&#8217;Enel si impegna al massimo, lo faccia anche per il resto della comunit\u00e0 che non pedala<\/p>\n<p>mirko mezzacasa<\/p>\n<p>&nbsp;<\/p>\n<p><span style=\"color: #ff0000;\">archivio radiopiu<\/span><\/p>\n<p><strong>DILLO A RADIOPIU&#8217;&#8230;Luci montate ma spente<\/strong><\/p>\n<p>Riceviamo e pubblichiamo<\/p>\n<p><em>&#8220;L&#8217;anno scorso a luglio sono state posizionate le luci di illuminazione nelle gallerie lungo la strada provinciale della Val Fiorentina.\u00a0 Purtroppo a tutt&#8217;oggi non sono ancora funzionanti&#8221;.\u00a0\u00a0<\/em><\/p>\n\n\t\t\t<style type='text\/css'>\n\t\t\t\t#gallery-1 {\n\t\t\t\t\tmargin: auto;\n\t\t\t\t}\n\t\t\t\t#gallery-1 .gallery-item {\n\t\t\t\t\tfloat: left;\n\t\t\t\t\tmargin-top: 10px;\n\t\t\t\t\ttext-align: center;\n\t\t\t\t\twidth: 50%;\n\t\t\t\t}\n\t\t\t\t#gallery-1 img {\n\t\t\t\t\tborder: 2px solid #cfcfcf;\n\t\t\t\t}\n\t\t\t\t#gallery-1 .gallery-caption {\n\t\t\t\t\tmargin-left: 0;\n\t\t\t\t}\n\t\t\t\t\/* see gallery_shortcode() in wp-includes\/media.php *\/\n\t\t\t<\/style>\n\t\t<div id='gallery-1' class='dt-gallery-container gallery galleryid-394563 gallery-columns-2 gallery-size-medium'><dl class='gallery-item'>\n\t\t\t\t<dt class='gallery-icon landscape'>\n\t\t\t\t\t<a class=\"rollover rollover-zoom dt-pswp-item\" title=\"8c4548a7-7711-4042-9bd3-1d8d6936a617\" data-dt-img-description=\"\" data-large_image_width=\"1600\" data-large_image_height=\"1200\"href='https:\/\/www.radiopiu.net\/wordpress\/wp-content\/uploads\/2024\/05\/8c4548a7-7711-4042-9bd3-1d8d6936a617.jpg'><img loading=\"lazy\" decoding=\"async\" width=\"300\" height=\"225\" src=\"https:\/\/www.radiopiu.net\/wordpress\/wp-content\/uploads\/2024\/05\/8c4548a7-7711-4042-9bd3-1d8d6936a617-300x225.jpg\" class=\"attachment-medium size-medium\" alt=\"\" srcset=\"https:\/\/www.radiopiu.net\/wordpress\/wp-content\/uploads\/2024\/05\/8c4548a7-7711-4042-9bd3-1d8d6936a617-300x225.jpg 300w, https:\/\/www.radiopiu.net\/wordpress\/wp-content\/uploads\/2024\/05\/8c4548a7-7711-4042-9bd3-1d8d6936a617-1024x768.jpg 1024w, https:\/\/www.radiopiu.net\/wordpress\/wp-content\/uploads\/2024\/05\/8c4548a7-7711-4042-9bd3-1d8d6936a617-768x576.jpg 768w, https:\/\/www.radiopiu.net\/wordpress\/wp-content\/uploads\/2024\/05\/8c4548a7-7711-4042-9bd3-1d8d6936a617-1536x1152.jpg 1536w, https:\/\/www.radiopiu.net\/wordpress\/wp-content\/uploads\/2024\/05\/8c4548a7-7711-4042-9bd3-1d8d6936a617.jpg 1600w\" sizes=\"auto, (max-width: 300px) 100vw, 300px\" \/><\/a>\n\t\t\t\t<\/dt><\/dl><dl class='gallery-item'>\n\t\t\t\t<dt class='gallery-icon landscape'>\n\t\t\t\t\t<a class=\"rollover rollover-zoom dt-pswp-item\" title=\"df15bdd8-7d4f-4dab-8829-1b36af151b19\" data-dt-img-description=\"\" data-large_image_width=\"1600\" data-large_image_height=\"1200\"href='https:\/\/www.radiopiu.net\/wordpress\/wp-content\/uploads\/2024\/05\/df15bdd8-7d4f-4dab-8829-1b36af151b19.jpg'><img loading=\"lazy\" decoding=\"async\" width=\"300\" height=\"225\" src=\"https:\/\/www.radiopiu.net\/wordpress\/wp-content\/uploads\/2024\/05\/df15bdd8-7d4f-4dab-8829-1b36af151b19-300x225.jpg\" class=\"attachment-medium size-medium\" alt=\"\" srcset=\"https:\/\/www.radiopiu.net\/wordpress\/wp-content\/uploads\/2024\/05\/df15bdd8-7d4f-4dab-8829-1b36af151b19-300x225.jpg 300w, https:\/\/www.radiopiu.net\/wordpress\/wp-content\/uploads\/2024\/05\/df15bdd8-7d4f-4dab-8829-1b36af151b19-1024x768.jpg 1024w, https:\/\/www.radiopiu.net\/wordpress\/wp-content\/uploads\/2024\/05\/df15bdd8-7d4f-4dab-8829-1b36af151b19-768x576.jpg 768w, https:\/\/www.radiopiu.net\/wordpress\/wp-content\/uploads\/2024\/05\/df15bdd8-7d4f-4dab-8829-1b36af151b19-1536x1152.jpg 1536w, https:\/\/www.radiopiu.net\/wordpress\/wp-content\/uploads\/2024\/05\/df15bdd8-7d4f-4dab-8829-1b36af151b19.jpg 1600w\" sizes=\"auto, (max-width: 300px) 100vw, 300px\" \/><\/a>\n\t\t\t\t<\/dt><\/dl><br style=\"clear: both\" \/>\n\t\t\t<\/div>\n\n<p>&nbsp;<\/p>\n<p>&nbsp;<\/p>\n<hr \/>\n<p>&nbsp;<\/p>\n<blockquote>\n<h3>POMPIERI VOLONTARI&#8230; SEMPRE IN PRIMA LINEA<\/h3>\n<p><strong>SELVA DI CADORE<\/strong> Pompieri Volontari di Selva di Cadore, ci sono sempre. Negli ultimi giorni diversi gli interventi, anche per lavaggi sede stradale e recupero autovetture&#8230; in bilico.<\/p><\/blockquote>\n<div class=\"x11i5rnm xat24cr x1mh8g0r x1vvkbs xtlvy1s x126k92a\"><\/div>\n\n\t\t\t<style type='text\/css'>\n\t\t\t\t#gallery-2 {\n\t\t\t\t\tmargin: auto;\n\t\t\t\t}\n\t\t\t\t#gallery-2 .gallery-item {\n\t\t\t\t\tfloat: left;\n\t\t\t\t\tmargin-top: 10px;\n\t\t\t\t\ttext-align: center;\n\t\t\t\t\twidth: 50%;\n\t\t\t\t}\n\t\t\t\t#gallery-2 img {\n\t\t\t\t\tborder: 2px solid #cfcfcf;\n\t\t\t\t}\n\t\t\t\t#gallery-2 .gallery-caption {\n\t\t\t\t\tmargin-left: 0;\n\t\t\t\t}\n\t\t\t\t\/* see gallery_shortcode() in wp-includes\/media.php *\/\n\t\t\t<\/style>\n\t\t<div id='gallery-2' class='dt-gallery-container gallery galleryid-394563 gallery-columns-2 gallery-size-thumbnail'><dl class='gallery-item'>\n\t\t\t\t<dt class='gallery-icon portrait'>\n\t\t\t\t\t<a class=\"rollover rollover-zoom dt-pswp-item\" title=\"448019529_10212159123769314_7236844855959990268_n\" data-dt-img-description=\"\" data-large_image_width=\"499\" data-large_image_height=\"600\"href='https:\/\/www.radiopiu.net\/wordpress\/wp-content\/uploads\/2024\/06\/448019529_10212159123769314_7236844855959990268_n.jpg'><img loading=\"lazy\" decoding=\"async\" width=\"150\" height=\"150\" src=\"https:\/\/www.radiopiu.net\/wordpress\/wp-content\/uploads\/2024\/06\/448019529_10212159123769314_7236844855959990268_n-150x150.jpg\" class=\"attachment-thumbnail size-thumbnail\" alt=\"\" \/><\/a>\n\t\t\t\t<\/dt><\/dl><dl class='gallery-item'>\n\t\t\t\t<dt class='gallery-icon landscape'>\n\t\t\t\t\t<a class=\"rollover rollover-zoom dt-pswp-item\" title=\"447965791_10212148683668318_5655142396841614550_n\" data-dt-img-description=\"\" data-large_image_width=\"600\" data-large_image_height=\"511\"href='https:\/\/www.radiopiu.net\/wordpress\/wp-content\/uploads\/2024\/06\/447965791_10212148683668318_5655142396841614550_n.jpg'><img loading=\"lazy\" decoding=\"async\" width=\"150\" height=\"150\" src=\"https:\/\/www.radiopiu.net\/wordpress\/wp-content\/uploads\/2024\/06\/447965791_10212148683668318_5655142396841614550_n-150x150.jpg\" class=\"attachment-thumbnail size-thumbnail\" alt=\"\" \/><\/a>\n\t\t\t\t<\/dt><\/dl><br style=\"clear: both\" \/>\n\t\t\t<\/div>\n\n<h1 class=\"_title post-title entry-title\"><\/h1>\n<p>&nbsp;<\/p>\n<hr \/>\n<p>&nbsp;<\/p>\n<blockquote>\n<h3>LAVORI DI SOMMA URGENZA PER UNA FRANA IN ALPAGO<\/h3>\n<\/blockquote>\n<p><strong>BELLUNO<\/strong> Sono pronti a partire i lavori di ripristino della strada di Curago, in Comune di Alpago, dopo una frana causata dalle piogge di maggio. La Provincia ha attivato una somma urgenza per un intervento del valore di oltre 200mila euro. Il consigliere provinciale Massimo Bortoluzzi ha evidenziato la fragilit\u00e0 del territorio e le difficolt\u00e0 dovute alle risorse limitate. La frana ha compromesso via Dolada, mettendo a rischio l&#8217;accesso all\u2019abitato di Curago. I lavori prevedono l\u2019installazione di micropali, una paratia di rinforzo, la ricostruzione della carreggiata e il riprofilamento del versante con captazione delle acque. L\u2019obiettivo \u00e8 garantire la sicurezza e la vivibilit\u00e0 delle aree montane, contrastando lo spopolamento.<\/p>\n<p><strong>IL CONSIGLIERE PROVINCIALE MASSIMO BORTOLUZZI<\/strong><\/p>\n<audio class=\"wp-audio-shortcode\" id=\"audio-394563-6\" preload=\"none\" style=\"width: 100%;\" controls=\"controls\"><source type=\"audio\/mpeg\" src=\"https:\/\/www.radiopiu.net\/wordpress\/wp-content\/uploads\/2024\/06\/BORTOLUZZI-ALPAGO.mp3?_=6\" \/><a href=\"https:\/\/www.radiopiu.net\/wordpress\/wp-content\/uploads\/2024\/06\/BORTOLUZZI-ALPAGO.mp3\">https:\/\/www.radiopiu.net\/wordpress\/wp-content\/uploads\/2024\/06\/BORTOLUZZI-ALPAGO.mp3<\/a><\/audio>\n<p>&nbsp;<\/p>\n\n\t\t\t<style type='text\/css'>\n\t\t\t\t#gallery-3 {\n\t\t\t\t\tmargin: auto;\n\t\t\t\t}\n\t\t\t\t#gallery-3 .gallery-item {\n\t\t\t\t\tfloat: left;\n\t\t\t\t\tmargin-top: 10px;\n\t\t\t\t\ttext-align: center;\n\t\t\t\t\twidth: 25%;\n\t\t\t\t}\n\t\t\t\t#gallery-3 img {\n\t\t\t\t\tborder: 2px solid #cfcfcf;\n\t\t\t\t}\n\t\t\t\t#gallery-3 .gallery-caption {\n\t\t\t\t\tmargin-left: 0;\n\t\t\t\t}\n\t\t\t\t\/* see gallery_shortcode() in wp-includes\/media.php *\/\n\t\t\t<\/style>\n\t\t<div id='gallery-3' class='dt-gallery-container gallery galleryid-394563 gallery-columns-4 gallery-size-thumbnail'><dl class='gallery-item'>\n\t\t\t\t<dt class='gallery-icon landscape'>\n\t\t\t\t\t<a class=\"rollover rollover-zoom dt-pswp-item\" title=\"Curago strada 3\" data-dt-img-description=\"\" data-large_image_width=\"1600\" data-large_image_height=\"1200\"href='https:\/\/www.radiopiu.net\/wordpress\/wp-content\/uploads\/2024\/06\/Curago-strada-3.jpeg'><img loading=\"lazy\" decoding=\"async\" width=\"150\" height=\"150\" src=\"https:\/\/www.radiopiu.net\/wordpress\/wp-content\/uploads\/2024\/06\/Curago-strada-3-150x150.jpeg\" class=\"attachment-thumbnail size-thumbnail\" alt=\"\" \/><\/a>\n\t\t\t\t<\/dt><\/dl><dl class='gallery-item'>\n\t\t\t\t<dt class='gallery-icon portrait'>\n\t\t\t\t\t<a class=\"rollover rollover-zoom dt-pswp-item\" title=\"Curago strada 2\" data-dt-img-description=\"\" data-large_image_width=\"1200\" data-large_image_height=\"1600\"href='https:\/\/www.radiopiu.net\/wordpress\/wp-content\/uploads\/2024\/06\/Curago-strada-2.jpeg'><img loading=\"lazy\" decoding=\"async\" width=\"150\" height=\"150\" src=\"https:\/\/www.radiopiu.net\/wordpress\/wp-content\/uploads\/2024\/06\/Curago-strada-2-150x150.jpeg\" class=\"attachment-thumbnail size-thumbnail\" alt=\"\" \/><\/a>\n\t\t\t\t<\/dt><\/dl><dl class='gallery-item'>\n\t\t\t\t<dt class='gallery-icon portrait'>\n\t\t\t\t\t<a class=\"rollover rollover-zoom dt-pswp-item\" title=\"Curago strada 1\" data-dt-img-description=\"\" data-large_image_width=\"1200\" data-large_image_height=\"1600\"href='https:\/\/www.radiopiu.net\/wordpress\/wp-content\/uploads\/2024\/06\/Curago-strada-1.jpeg'><img loading=\"lazy\" decoding=\"async\" width=\"150\" height=\"150\" src=\"https:\/\/www.radiopiu.net\/wordpress\/wp-content\/uploads\/2024\/06\/Curago-strada-1-150x150.jpeg\" class=\"attachment-thumbnail size-thumbnail\" alt=\"\" \/><\/a>\n\t\t\t\t<\/dt><\/dl><dl class='gallery-item'>\n\t\t\t\t<dt class='gallery-icon landscape'>\n\t\t\t\t\t<a class=\"rollover rollover-zoom dt-pswp-item\" title=\"Curago strada 4\" data-dt-img-description=\"\" data-large_image_width=\"1600\" data-large_image_height=\"1200\"href='https:\/\/www.radiopiu.net\/wordpress\/wp-content\/uploads\/2024\/06\/Curago-strada-4.jpeg'><img loading=\"lazy\" decoding=\"async\" width=\"150\" height=\"150\" src=\"https:\/\/www.radiopiu.net\/wordpress\/wp-content\/uploads\/2024\/06\/Curago-strada-4-150x150.jpeg\" class=\"attachment-thumbnail size-thumbnail\" alt=\"\" \/><\/a>\n\t\t\t\t<\/dt><\/dl><br style=\"clear: both\" \/>\n\t\t\t<\/div>\n\n<p>&nbsp;<\/p>\n<hr \/>\n<p>&nbsp;<\/p>\n<blockquote>\n<h3>UN MILIONE DI EURO PER DIGITALIZZAZIONE ED EFFICIENTAMENTO ENERGETICO GRAZIE AL BANDO DELLA CAMERA DI COMMERCIO BELLUNO TREVISO<\/h3>\n<\/blockquote>\n<p><strong><a class=\"dt-pswp-item\" href=\"https:\/\/www.radiopiu.net\/wordpress\/wp-content\/uploads\/2024\/03\/ee5a0546-b1cd-4c75-be00-58435b134846.jpg\" data-dt-img-description=\"\" data-large_image_width=\"1600\" data-large_image_height=\"531\"><img loading=\"lazy\" decoding=\"async\" class=\"size-medium wp-image-377589 alignleft\" src=\"https:\/\/www.radiopiu.net\/wordpress\/wp-content\/uploads\/2024\/03\/ee5a0546-b1cd-4c75-be00-58435b134846-300x100.jpg\" alt=\"\" width=\"300\" height=\"100\" srcset=\"https:\/\/www.radiopiu.net\/wordpress\/wp-content\/uploads\/2024\/03\/ee5a0546-b1cd-4c75-be00-58435b134846-300x100.jpg 300w, https:\/\/www.radiopiu.net\/wordpress\/wp-content\/uploads\/2024\/03\/ee5a0546-b1cd-4c75-be00-58435b134846-1024x340.jpg 1024w, https:\/\/www.radiopiu.net\/wordpress\/wp-content\/uploads\/2024\/03\/ee5a0546-b1cd-4c75-be00-58435b134846-768x255.jpg 768w, https:\/\/www.radiopiu.net\/wordpress\/wp-content\/uploads\/2024\/03\/ee5a0546-b1cd-4c75-be00-58435b134846-1536x510.jpg 1536w, https:\/\/www.radiopiu.net\/wordpress\/wp-content\/uploads\/2024\/03\/ee5a0546-b1cd-4c75-be00-58435b134846.jpg 1600w\" sizes=\"auto, (max-width: 300px) 100vw, 300px\" \/><\/a>BELLUNO<\/strong> Un milione di euro per la digitalizzazione e l&#8217;efficientamento energetico delle imprese: aprir\u00e0 la prossima settimana il bando della Camera di Commercio di Treviso Belluno Dolomiti, che intanto ha gi\u00e0 inaugurato l&#8217;innovativo Portale Agevolazioni.<\/p>\n<p><strong>DI DANIELE DALVIT<\/strong><\/p>\n<audio class=\"wp-audio-shortcode\" id=\"audio-394563-7\" preload=\"none\" style=\"width: 100%;\" controls=\"controls\"><source type=\"audio\/mpeg\" src=\"https:\/\/www.radiopiu.net\/wordpress\/wp-content\/uploads\/2024\/06\/Servizio-Bando-innovazione-Camera-di-Commercio.mp3?_=7\" \/><a href=\"https:\/\/www.radiopiu.net\/wordpress\/wp-content\/uploads\/2024\/06\/Servizio-Bando-innovazione-Camera-di-Commercio.mp3\">https:\/\/www.radiopiu.net\/wordpress\/wp-content\/uploads\/2024\/06\/Servizio-Bando-innovazione-Camera-di-Commercio.mp3<\/a><\/audio>\n<p>&nbsp;<\/p>\n<hr \/>\n<p>&nbsp;<\/p>\n<blockquote>\n<h3>FOCUS SULLA PROVINCIA DI BELLUNO, DOVE UN COMUNE SU DUE E&#8217; PRIVO DI UNO SPORTELLO BANCARIO<\/h3>\n<\/blockquote>\n<p><strong><a class=\"dt-pswp-item\" href=\"https:\/\/www.radiopiu.net\/wordpress\/wp-content\/uploads\/2024\/06\/cisl-veneto_convegno-desertificazione-bancaria.jpg\" data-dt-img-description=\"\" data-large_image_width=\"1600\" data-large_image_height=\"1200\"><img loading=\"lazy\" decoding=\"async\" class=\" wp-image-394697 alignleft\" src=\"https:\/\/www.radiopiu.net\/wordpress\/wp-content\/uploads\/2024\/06\/cisl-veneto_convegno-desertificazione-bancaria-300x225.jpg\" alt=\"\" width=\"151\" height=\"113\" srcset=\"https:\/\/www.radiopiu.net\/wordpress\/wp-content\/uploads\/2024\/06\/cisl-veneto_convegno-desertificazione-bancaria-300x225.jpg 300w, https:\/\/www.radiopiu.net\/wordpress\/wp-content\/uploads\/2024\/06\/cisl-veneto_convegno-desertificazione-bancaria-1024x768.jpg 1024w, https:\/\/www.radiopiu.net\/wordpress\/wp-content\/uploads\/2024\/06\/cisl-veneto_convegno-desertificazione-bancaria-768x576.jpg 768w, https:\/\/www.radiopiu.net\/wordpress\/wp-content\/uploads\/2024\/06\/cisl-veneto_convegno-desertificazione-bancaria-1536x1152.jpg 1536w, https:\/\/www.radiopiu.net\/wordpress\/wp-content\/uploads\/2024\/06\/cisl-veneto_convegno-desertificazione-bancaria.jpg 1600w\" sizes=\"auto, (max-width: 151px) 100vw, 151px\" \/><\/a>BELLUNO<\/strong> Il convegno &#8220;Desertificazione o Prossimit\u00e0?&#8221; tenutosi ieri a Belluno, organizzato dall&#8217;Osservatorio sulla desertificazione bancaria di First Cisl, ha affrontato le scelte per lo sviluppo territoriale e l&#8217;inclusione sociale. In provincia di Belluno, dal 2015 si \u00e8 verificata una drastica riduzione degli sportelli bancari, calati del 33%, passando da 161 a 108. Attualmente, met\u00e0 dei 60 comuni della provincia non dispone di uno sportello bancario, mentre in 8 comuni ne \u00e8 presente solo uno. Questo ha lasciato oltre 38mila residenti senza accesso diretto a servizi bancari, con altri 13.500 in comuni con un solo sportello. La provincia \u00e8 81esima su 107 nella classifica nazionale per desertificazione bancaria, ultima in Veneto. In risposta, Belluno conta 97 uffici postali su 1024 totali in Veneto e 10 centri di recapito su 208 regionali.<\/p>\n<p><strong>PER LE TRE RADIO BARBARA PAOLAZZI<\/strong><\/p>\n<audio class=\"wp-audio-shortcode\" id=\"audio-394563-8\" preload=\"none\" style=\"width: 100%;\" controls=\"controls\"><source type=\"audio\/mpeg\" src=\"https:\/\/www.radiopiu.net\/wordpress\/wp-content\/uploads\/2024\/06\/PAOLAZZI-BANCHE-BELLUNO-CISL.mp3?_=8\" \/><a href=\"https:\/\/www.radiopiu.net\/wordpress\/wp-content\/uploads\/2024\/06\/PAOLAZZI-BANCHE-BELLUNO-CISL.mp3\">https:\/\/www.radiopiu.net\/wordpress\/wp-content\/uploads\/2024\/06\/PAOLAZZI-BANCHE-BELLUNO-CISL.mp3<\/a><\/audio>\n<p>&nbsp;<\/p>\n<p>&nbsp;<\/p>\n<hr \/>\n<p>&nbsp;<\/p>\n<div class=\"page\" title=\"Page 1\">\n<div class=\"section\">\n<div class=\"layoutArea\">\n<div class=\"column\">\n<div class=\"page\" title=\"Page 1\">\n<div class=\"section\">\n<div class=\"layoutArea\">\n<div class=\"column\">\n<blockquote>\n<h3>FUTURO ECONOMICO DEL TERRITORIO: ENTI LOCALI, AZIENDE E ALTA FORMAZIONE AL LAVORO PER UN ECOSISTEMA DELL\u2019INNOVAZIONE BELLUNESE<\/h3>\n<\/blockquote>\n<\/div>\n<\/div>\n<\/div>\n<\/div>\n<\/div>\n<\/div>\n<\/div>\n<\/div>\n<p><strong><a class=\"dt-pswp-item\" href=\"https:\/\/www.radiopiu.net\/wordpress\/wp-content\/uploads\/2024\/06\/IMG_7937-scaled.jpeg\" data-dt-img-description=\"\" data-large_image_width=\"2560\" data-large_image_height=\"1920\"><img loading=\"lazy\" decoding=\"async\" class=\" wp-image-394696 alignleft\" src=\"https:\/\/www.radiopiu.net\/wordpress\/wp-content\/uploads\/2024\/06\/IMG_7937-300x225.jpeg\" alt=\"\" width=\"177\" height=\"133\" srcset=\"https:\/\/www.radiopiu.net\/wordpress\/wp-content\/uploads\/2024\/06\/IMG_7937-300x225.jpeg 300w, https:\/\/www.radiopiu.net\/wordpress\/wp-content\/uploads\/2024\/06\/IMG_7937-1024x768.jpeg 1024w, https:\/\/www.radiopiu.net\/wordpress\/wp-content\/uploads\/2024\/06\/IMG_7937-768x576.jpeg 768w, https:\/\/www.radiopiu.net\/wordpress\/wp-content\/uploads\/2024\/06\/IMG_7937-1536x1152.jpeg 1536w, https:\/\/www.radiopiu.net\/wordpress\/wp-content\/uploads\/2024\/06\/IMG_7937-2048x1536.jpeg 2048w\" sizes=\"auto, (max-width: 177px) 100vw, 177px\" \/><\/a>BELLUNO<\/strong> Il GAL Prealpi e Dolomiti ha lanciato un nuovo progetto per creare un sistema di innovazione e ricerca che coinvolga imprese, formazione e finanza, supportato dagli enti locali. Nell&#8217;ambito dell&#8217;Intesa Programmatica d\u2019Area (IPA) e del Documento di Programmazione 2023-2027, sono stati organizzati quattro incontri con vari stakeholder, coordinati dal professor Giulio Buciuni. Gli incontri, che hanno visto la partecipazione di 40 soggetti tra imprese, enti di credito, associazioni di categoria e enti pubblici, hanno identificato punti di forza e debolezza del territorio e stabilito le basi per azioni future. Ieri a Palazzo Fulcis a Belluno, sono state presentate le evidenze del &#8220;Percorso verso l\u2019economia dell\u2019innovazione&#8221;. Tra i partecipanti, l&#8217;assessore Franco Roccon, il consigliere Alberto Peterle e Valentina Colleselli hanno sottolineato l&#8217;importanza del Comune, degli enti locali e del brand territoriale nel progetto. Anche aziende leader come Unifarco e Copeland Controls hanno contribuito al dialogo. L&#8217;incontro ha inoltre definito i prossimi passi per la seconda fase del progetto.<\/p>\n<p>&nbsp;<\/p>\n<p>&nbsp;<\/p>\n<hr \/>\n<p>&nbsp;<\/p>\n<div class=\"bdaia-crumb-container\"><\/div>\n<h1 class=\"_title post-title entry-title\"><a class=\"dt-pswp-item\" href=\"https:\/\/www.radiopiu.net\/wordpress\/wp-content\/uploads\/2023\/12\/ANTENNA.png\" data-dt-img-description=\"\" data-large_image_width=\"300\" data-large_image_height=\"166\"><img loading=\"lazy\" decoding=\"async\" class=\"wp-image-366306 alignleft\" src=\"https:\/\/www.radiopiu.net\/wordpress\/wp-content\/uploads\/2023\/12\/ANTENNA.png\" alt=\"\" width=\"199\" height=\"110\" \/><\/a>BELLUNO | SEMPRE MENO BANCHE. A BELLUNO IN 38MILA SENZA SPORTELLO<\/h1>\n<p>Intervistati ANTONELLA PRIMIZIA (SEGRETARIA FIRST CISL BELLUNO TREVISO), GIANFRANCO REFOSCO (SEGRETARIO GENERALE CISL VENETO), ELENA DONAZZAN (ASSESSORE LAVORO REGIONE VENETO) (Servizio di\u00a0<a href=\"https:\/\/antennatre.medianordest.it\/redazione\/Stefano-Bozzi\/\">Stefano Bozzi<\/a>)<\/p>\n<p><iframe loading=\"lazy\" title=\"SEMPRE MENO BANCHE. A BELLUNO IN 38MILA SENZA SPORTELLO | 13\/06\/2024\" width=\"1200\" height=\"675\" src=\"https:\/\/www.youtube.com\/embed\/tQPzLthw_YY?feature=oembed\" frameborder=\"0\" allow=\"accelerometer; autoplay; clipboard-write; encrypted-media; gyroscope; picture-in-picture; web-share\" referrerpolicy=\"strict-origin-when-cross-origin\" allowfullscreen><\/iframe><\/p>\n<p>&nbsp;<\/p>\n<p>&nbsp;<\/p>\n<p>&nbsp;<\/p>\n<hr \/>\n<p>&nbsp;<\/p>\n<blockquote>\n<h3 class=\"entry-title\">VALORIZZAZIONE E SVILUPPO TURISTICO DELLA VALLE DI SAN LUCANO E DELLA VAL CORPASSA<\/h3>\n<\/blockquote>\n<p><strong>DI GIANNI SANTOMASO<\/strong><\/p>\n<audio class=\"wp-audio-shortcode\" id=\"audio-394563-9\" preload=\"none\" style=\"width: 100%;\" controls=\"controls\"><source type=\"audio\/mpeg\" src=\"https:\/\/www.radiopiu.net\/wordpress\/wp-content\/uploads\/2024\/06\/GIANNI-VALORIZZAZIONE-E-SVILUPPO-VAL-COPRPASSA.mp3?_=9\" \/><a href=\"https:\/\/www.radiopiu.net\/wordpress\/wp-content\/uploads\/2024\/06\/GIANNI-VALORIZZAZIONE-E-SVILUPPO-VAL-COPRPASSA.mp3\">https:\/\/www.radiopiu.net\/wordpress\/wp-content\/uploads\/2024\/06\/GIANNI-VALORIZZAZIONE-E-SVILUPPO-VAL-COPRPASSA.mp3<\/a><\/audio>\n<p>&nbsp;<\/p>\n<p><img loading=\"lazy\" decoding=\"async\" class=\"alignleft\" src=\"https:\/\/www.radiopiu.net\/wordpress\/wp-content\/uploads\/2019\/02\/corpassa-2.jpg\" width=\"271\" height=\"259\" \/>Elaborare una visione unitaria del territorio e delle sue potenzialit\u00e0, con uno sguardo particolare alla sostenibilit\u00e0 delle risorse, ed aumentare l\u2019attrattivit\u00e0 turistica nel Comune di Taibon Agordino.\u00a0Va in questo senso il progetto strategico che vede partner il Fondo per i Comuni Confinati e l\u2019Unione Montana Agordina, quale soggetto attuatore,\u00a0per la valorizzazione e lo sviluppo turistico della Valle di San Lucano e della Val Corpassa. Di questi giorni la sigla della convenzione che porter\u00e0 in dote al Comune agordino la somma di 1,2 milioni euro.\u00a0\u201cL\u2019obiettivo, spiega il presidente del Comitato di Gestione del Fondo per i Comuni Confinanti Dario Bond, dopo la realizzazione di un masterplan che dia una visione d\u2019insieme del progetto strategico su vasta scala, \u00e8 quello di sviluppare un piano a valenza pluriennale.\u00a0Tra le misure per migliorare l\u2019accoglienza e la fruibilit\u00e0 dell\u2019area alcune riguarderanno, in particolar modo, le infrastrutture di collegamento e a servizio dell\u2019area pic-nic in Valle di San Lucano. L\u2019auspicio \u00e8 naturalmente, conclude il presidente Bond, che questo progetto possa fungere da volano per altre iniziative di valorizzazione di uno straordinario angolo dell\u2019Agordino, che merita ulteriori spazi di crescita, nel rispetto delle peculiarit\u00e0 naturali e ambientali di cui \u00e8 portatore\u201d.\u00a0La conclusione del progetto, salvo proroghe, \u00e8 prevista entro la fine del 2025.<\/p>\n<p>&nbsp;<\/p>\n<p>&nbsp;<\/p>\n<p>&nbsp;<\/p>\n<p>&nbsp;<\/p>\n<hr \/>\n<p>&nbsp;<\/p>\n<blockquote>\n<h3>DONAZZAN ALLA TAVOLA ROTONDA A BELLUNO CISL VENETO<\/h3>\n<\/blockquote>\n<p><strong><a class=\"dt-pswp-item\" href=\"https:\/\/www.radiopiu.net\/wordpress\/wp-content\/uploads\/2024\/06\/IMG_3626-scaled.jpg\" data-dt-img-description=\"\" data-large_image_width=\"2560\" data-large_image_height=\"1920\"><img loading=\"lazy\" decoding=\"async\" class=\" wp-image-394653 alignleft\" src=\"https:\/\/www.radiopiu.net\/wordpress\/wp-content\/uploads\/2024\/06\/IMG_3626-300x225.jpg\" alt=\"\" width=\"165\" height=\"124\" srcset=\"https:\/\/www.radiopiu.net\/wordpress\/wp-content\/uploads\/2024\/06\/IMG_3626-300x225.jpg 300w, https:\/\/www.radiopiu.net\/wordpress\/wp-content\/uploads\/2024\/06\/IMG_3626-1024x768.jpg 1024w, https:\/\/www.radiopiu.net\/wordpress\/wp-content\/uploads\/2024\/06\/IMG_3626-768x576.jpg 768w, https:\/\/www.radiopiu.net\/wordpress\/wp-content\/uploads\/2024\/06\/IMG_3626-1536x1152.jpg 1536w, https:\/\/www.radiopiu.net\/wordpress\/wp-content\/uploads\/2024\/06\/IMG_3626-2048x1536.jpg 2048w\" sizes=\"auto, (max-width: 165px) 100vw, 165px\" \/><\/a>BELLUNO<\/strong> Elena Donazzan, neoeletta europarlamentare e assessore all&#8217;Istruzione, Formazione, Lavoro della Regione Veneto, ha sottolineato l&#8217;importanza di un piano per la montagna con investimenti in servizi di prossimit\u00e0 per favorire residenzialit\u00e0 e attrattivit\u00e0 produttiva e occupazionale. Intervenendo alla tavola rotonda &#8220;Desertificazione o prossimit\u00e0?&#8221; organizzata da Cisl Veneto, ha evidenziato come servizi per la montagna influenzino l&#8217;economia, l&#8217;occupazione, lo sviluppo, l&#8217;inclusione e il benessere delle famiglie. Ha ribadito l&#8217;importanza di mantenere piccole scuole di montagna e Centri per l&#8217;Impiego per contrastare lo spopolamento. Ha anche affrontato la questione della chiusura degli sportelli bancari, sottolineando la necessit\u00e0 di tutelare le persone anziane che dipendono dai servizi interpersonali. Donazzan propone strumenti europei per sostenere l&#8217;attrattivit\u00e0 dei territori montani e migliorare la qualit\u00e0 della vita mantenendo vitali e accoglienti i territori.<\/p>\n<p>&nbsp;<\/p>\n<p>&nbsp;<\/p>\n<hr \/>\n<p>&nbsp;<\/p>\n<blockquote>\n<h3 class=\"entry-title\">L\u2019ALTO PATROCINIO DEL PARLAMENTO EUROPEO PER LA TRENTESIMA EDIZIONE DEL GIRO DEL LAGO DI SANTA CROCE<\/h3>\n<\/blockquote>\n<p><strong><img loading=\"lazy\" decoding=\"async\" class=\"alignleft\" src=\"https:\/\/www.radiopiu.net\/wordpress\/wp-content\/uploads\/2024\/06\/da-sx-gianantonio-da-re-elisabetta-bortoluzzi-ennio-soccal-2024.jpg\" width=\"166\" height=\"154\" \/>ALPAGO <\/strong>La 30\u00aa edizione del Giro del Lago di Santa Croce si terr\u00e0 domenica 18 agosto, organizzata dal Comitato Alpago 2 Ruote&amp;Solidariet\u00e0, sotto l\u2019alto patrocinio del Parlamento Europeo. L&#8217;evento multisport, che include ciclismo, podismo, roller e camminata, raccoglie fondi per le associazioni \u201cVia di Natale\u201d e \u201cCucchini\u201d che assistono malati terminali oncologici e le loro famiglie. Il presidente del Comitato, Ennio Soccal, esprime orgoglio per il riconoscimento europeo, ottenuto per la seconda volta, e ringrazia le istituzioni locali e l\u2019europarlamentare Gianantonio Da Re per il supporto. Elisabetta Bortoluzzi evidenzia la soddisfazione per il patrocinio, che valorizza l\u2019iniziativa solidale, sportiva e territoriale. Il programma include prove di ciclismo, podismo, hand bike, roller e una pedonata.<\/p>\n<p>&nbsp;<\/p>\n<p>&nbsp;<\/p>\n<p>&nbsp;<\/p>\n<p>&nbsp;<\/p>\n<hr \/>\n<p>&nbsp;<\/p>\n<blockquote>\n<h3>I DONATORI DEL SANGUE DI FELTRE ENTRANO NELLE SCUOLE<\/h3>\n<\/blockquote>\n<p><strong><a class=\"dt-pswp-item\" href=\"https:\/\/www.radiopiu.net\/wordpress\/wp-content\/uploads\/2024\/06\/IMG-20191026-WA0002.jpg\" data-dt-img-description=\"\" data-large_image_width=\"1600\" data-large_image_height=\"1200\"><img loading=\"lazy\" decoding=\"async\" class=\" wp-image-394662 alignleft\" src=\"https:\/\/www.radiopiu.net\/wordpress\/wp-content\/uploads\/2024\/06\/IMG-20191026-WA0002-300x225.jpg\" alt=\"\" width=\"152\" height=\"114\" srcset=\"https:\/\/www.radiopiu.net\/wordpress\/wp-content\/uploads\/2024\/06\/IMG-20191026-WA0002-300x225.jpg 300w, https:\/\/www.radiopiu.net\/wordpress\/wp-content\/uploads\/2024\/06\/IMG-20191026-WA0002-1024x768.jpg 1024w, https:\/\/www.radiopiu.net\/wordpress\/wp-content\/uploads\/2024\/06\/IMG-20191026-WA0002-768x576.jpg 768w, https:\/\/www.radiopiu.net\/wordpress\/wp-content\/uploads\/2024\/06\/IMG-20191026-WA0002-1536x1152.jpg 1536w, https:\/\/www.radiopiu.net\/wordpress\/wp-content\/uploads\/2024\/06\/IMG-20191026-WA0002.jpg 1600w\" sizes=\"auto, (max-width: 152px) 100vw, 152px\" \/><\/a>FELTRE<\/strong> Il &#8220;progetto scuole&#8221; del Gruppo Giovani Donatori Feltre ha ottenuto ottimi risultati anche quest&#8217;anno. Nato nel 2019, il progetto coinvolge giovani volontari che sensibilizzano gli studenti delle quinte superiori del Feltrino sulla donazione del sangue. Durante gli incontri, i volontari condividono testimonianze e offrono agli interessati la possibilit\u00e0 di visitare il Centro Trasfusionale di Feltre per diventare donatori. Alcuni studenti scelgono anche di iscriversi al registro dei donatori di cellule staminali del midollo osseo. Dal 2019, oltre 1600 studenti hanno partecipato, con quasi 700 di loro che hanno effettuato la visita di idoneit\u00e0. Il progetto mira a promuovere la cultura del dono e a favorire il ricambio generazionale tra i donatori.<\/p>\n<p>&nbsp;<\/p>\n<p>&nbsp;<\/p>\n<hr \/>\n<p>&nbsp;<\/p>\n<blockquote>\n<h3>CHIUSURA CASERMA CARABINIERI COMUNE DI GOSALDO<\/h3>\n<\/blockquote>\n<p><strong>DI GIANNI SANTOMASO<\/strong><\/p>\n<audio class=\"wp-audio-shortcode\" id=\"audio-394563-10\" preload=\"none\" style=\"width: 100%;\" controls=\"controls\"><source type=\"audio\/mpeg\" src=\"https:\/\/www.radiopiu.net\/wordpress\/wp-content\/uploads\/2024\/06\/GIANNI-CASERMA-CARABINIERI-GOSALDO.mp3?_=10\" \/><a href=\"https:\/\/www.radiopiu.net\/wordpress\/wp-content\/uploads\/2024\/06\/GIANNI-CASERMA-CARABINIERI-GOSALDO.mp3\">https:\/\/www.radiopiu.net\/wordpress\/wp-content\/uploads\/2024\/06\/GIANNI-CASERMA-CARABINIERI-GOSALDO.mp3<\/a><\/audio>\n<p>&nbsp;<\/p>\n<p><strong><a class=\"dt-pswp-item\" href=\"https:\/\/www.radiopiu.net\/wordpress\/wp-content\/uploads\/2024\/06\/fa2b79e2-f2fc-4300-95e9-050926fec414.jpg\" data-dt-img-description=\"\" data-large_image_width=\"1024\" data-large_image_height=\"768\"><img loading=\"lazy\" decoding=\"async\" class=\" wp-image-394415 alignleft\" src=\"https:\/\/www.radiopiu.net\/wordpress\/wp-content\/uploads\/2024\/06\/fa2b79e2-f2fc-4300-95e9-050926fec414-300x225.jpg\" alt=\"\" width=\"164\" height=\"123\" srcset=\"https:\/\/www.radiopiu.net\/wordpress\/wp-content\/uploads\/2024\/06\/fa2b79e2-f2fc-4300-95e9-050926fec414-300x225.jpg 300w, https:\/\/www.radiopiu.net\/wordpress\/wp-content\/uploads\/2024\/06\/fa2b79e2-f2fc-4300-95e9-050926fec414-768x576.jpg 768w, https:\/\/www.radiopiu.net\/wordpress\/wp-content\/uploads\/2024\/06\/fa2b79e2-f2fc-4300-95e9-050926fec414.jpg 1024w\" sizes=\"auto, (max-width: 164px) 100vw, 164px\" \/><\/a>GOSALDO <\/strong>Come purtroppo preannunciato nei giorni scorsi, il Comune di Gosaldo ha ricevuto la comunicazione ufficiale e formale relativa alla chiusura definitiva della Caserma dei Carabinieri. Al fine di comprendere a fondo le ragioni che hanno portato a questa decisione, \u00e8 stato organizzato un incontro pubblico aperto a tutta la popolazione. L\u2019incontro si svolger\u00e0 oggi alle 18.30 nella Sala polifunzionale delle ex scuole medie alla presenza del Comandante provinciale dei Carabinieri Enrico Pigozzo, il quale oltre ad illustrare la situazione sar\u00e0 anche disponibile a rispondere alle domande.<\/p>\n<p>&nbsp;<\/p>\n<hr \/>\n<p>&nbsp;<\/p>\n<blockquote>\n<h3>LA SPORTFUL DOLOMITI RACE PASSA A VOLTAGO&#8230;MA NON SOLO<\/h3>\n<\/blockquote>\n<p><strong>VOLTAGO<\/strong> Disagi alla viabilit\u00e0 domenica lungo la SP 347 del Passo Cereda e Duran nella giornata di domenica quando i partecipanti alla Sportful Dolomiti Race transiteranno tra Voltago e Forcella Aurine. Un primo passaggio \u00e8 previsto tra le 8:25 e le 10:10 mentre il secondo passaggio tra le 10:30 e le 15:22. Strade dell&#8217;intero Agordino che saranno interessate dalla manifestazione in diversi orari della giornata. Le strade saranno percorribili ma con attenzione. Lungo il percorso saranno presenti i volontari a gestire il traffico.<\/p>\n<h3>PER CONSULTARE LE TABELLE ORARIE CLICCA SULLA SCRITTA IN GRASSETTO\u00a0<span style=\"color: #3366ff;\"><strong><a href=\"https:\/\/www.radiopiu.net\/wordpress\/wp-content\/uploads\/2024\/06\/Tab.-orarie-SDR-2024-GF-definitiva.pdf\">GRAN FONDO<\/a>\u00a0 \u00a0<a href=\"https:\/\/www.radiopiu.net\/wordpress\/wp-content\/uploads\/2024\/06\/Tab-orarie-SDR2024-MEDIO-Fondo.pdf\">MEDIO FONDO<\/a><\/strong>\u00a0<\/span><\/h3>\n<p>&nbsp;<\/p>\n<p>&nbsp;<\/p>\n<hr \/>\n<p>&nbsp;<\/p>\n<blockquote>\n<h3>LA VALIGIA EMOTIVA DEL PARTO: GLI INCONTRI<\/h3>\n<\/blockquote>\n<p><strong><a class=\"dt-pswp-item\" href=\"https:\/\/www.radiopiu.net\/wordpress\/wp-content\/uploads\/2021\/03\/ULSS-1.jpg\" data-dt-img-description=\"\" data-large_image_width=\"776\" data-large_image_height=\"408\"><img loading=\"lazy\" decoding=\"async\" class=\" wp-image-198838 alignleft\" src=\"https:\/\/www.radiopiu.net\/wordpress\/wp-content\/uploads\/2021\/03\/ULSS-1-300x158.jpg\" alt=\"\" width=\"182\" height=\"96\" srcset=\"https:\/\/www.radiopiu.net\/wordpress\/wp-content\/uploads\/2021\/03\/ULSS-1-300x158.jpg 300w, https:\/\/www.radiopiu.net\/wordpress\/wp-content\/uploads\/2021\/03\/ULSS-1-768x404.jpg 768w, https:\/\/www.radiopiu.net\/wordpress\/wp-content\/uploads\/2021\/03\/ULSS-1.jpg 776w\" sizes=\"auto, (max-width: 182px) 100vw, 182px\" \/><\/a>BELLUNO<\/strong> In occasione dell\u2019Open Day dedicato alla prevenzione al femminile proposto dal network Onda &#8211; Osservatorio nazionale sulla salute della donna e di genere, l\u2019Ulss Dolomiti organizza \u201cLa valigia emotiva del parto\u201d. L\u2019evento si terr\u00e0 mercoled\u00ec 19 giugno 2024 dalle 17.30 alle 19.00 presso le Unit\u00e0 Operative di Ostetricia e Ginecologia dell\u2019Ospedale di Belluno e la Sala Piccolotto dell\u2019Ospedale di Feltre. Ostetriche e una psicologa condurranno incontri per preparare le coppie in gravidanza, affrontando aspetti pratici e emotivi del parto. Gli incontri sono ad accesso libero. Per ulteriori informazioni: <a rel=\"noreferrer\">comunicazione@aulss1.veneto.it<\/a>.<\/p>\n<p>&nbsp;<\/p>\n<p>&nbsp;<\/p>\n<hr \/>\n<p>&nbsp;<\/p>\n<h2><span style=\"color: #ff0000;\">CONSIGLI COMUNALI IN AGORDINO\u00a0<\/span><\/h2>\n<p><strong>DI GIANNI SANTOMASO<\/strong><\/p>\n<audio class=\"wp-audio-shortcode\" id=\"audio-394563-11\" preload=\"none\" style=\"width: 100%;\" controls=\"controls\"><source type=\"audio\/mpeg\" src=\"https:\/\/www.radiopiu.net\/wordpress\/wp-content\/uploads\/2024\/06\/GIANNI-CONSIGLIO-COMUNALI-CENCE-E-VOLTAGO.mp3?_=11\" \/><a href=\"https:\/\/www.radiopiu.net\/wordpress\/wp-content\/uploads\/2024\/06\/GIANNI-CONSIGLIO-COMUNALI-CENCE-E-VOLTAGO.mp3\">https:\/\/www.radiopiu.net\/wordpress\/wp-content\/uploads\/2024\/06\/GIANNI-CONSIGLIO-COMUNALI-CENCE-E-VOLTAGO.mp3<\/a><\/audio>\n<p>&nbsp;<\/p>\n<p>&nbsp;<\/p>\n<p><strong>CENCENIGHE<\/strong> Il sindaco di Cencenighe Mauro Soppelsa ha convocato il consiglio comunali per oggi alle 20:30. Oltre alla lettura e approvazioni delle sedute precedenti, si discuter\u00e0 di una variazione a bilancio<\/p>\n<p><strong>VOLTAGO<\/strong> Consiglio comunale mercoled\u00ec alle 18:30. Il sindaco di Voltago ha convocato i consiglieri per discutere 6 punti. Tra gli argomenti da trattare l&#8217;approvazione del programma triennale dei lavori pubblici, la presa d&#8217;atto delle assemblee dei frazionisti di Frassen\u00e8, la convenzione per l&#8217;istituzione e la gestione associata della centrale di committenza presso l&#8217;Unione Montana Agordina e il rendiconto di gestione del 2023.<\/p>\n<p>&nbsp;<\/p>\n<p>&nbsp;<\/p>\n<blockquote>\n<h3>DISAGI PER PASSO DURAN E FORCELLA STAULANZA<\/h3>\n<\/blockquote>\n<h4>Chiusura Parziale della Strada per il Passo Duran<\/h4>\n<p>La strada per il Passo Duran sar\u00e0 parzialmente chiusa dalle 8.30 alle 11.30 nel tratto compreso tra Forcella Staulanza e Selva di Cadore. Questa chiusura \u00e8 necessaria per consentire lo svolgimento di lavori di manutenzione e miglioramento della sicurezza stradale. Gli automobilisti sono invitati a pianificare percorsi alternativi per evitare disagi.<\/p>\n<p>&nbsp;<\/p>\n<p>&nbsp;<\/p>\n<hr \/>\n<p>&nbsp;<\/p>\n<blockquote>\n<h3><a class=\"dt-pswp-item\" href=\"https:\/\/www.radiopiu.net\/wordpress\/wp-content\/uploads\/2024\/06\/CdA_Bribano_B-1.jpg\" data-dt-img-description=\"\" data-large_image_width=\"992\" data-large_image_height=\"1403\"><img loading=\"lazy\" decoding=\"async\" class=\" wp-image-394664 alignleft\" src=\"https:\/\/www.radiopiu.net\/wordpress\/wp-content\/uploads\/2024\/06\/CdA_Bribano_B-1-212x300.jpg\" alt=\"\" width=\"119\" height=\"168\" srcset=\"https:\/\/www.radiopiu.net\/wordpress\/wp-content\/uploads\/2024\/06\/CdA_Bribano_B-1-212x300.jpg 212w, https:\/\/www.radiopiu.net\/wordpress\/wp-content\/uploads\/2024\/06\/CdA_Bribano_B-1-724x1024.jpg 724w, https:\/\/www.radiopiu.net\/wordpress\/wp-content\/uploads\/2024\/06\/CdA_Bribano_B-1-768x1086.jpg 768w, https:\/\/www.radiopiu.net\/wordpress\/wp-content\/uploads\/2024\/06\/CdA_Bribano_B-1.jpg 992w\" sizes=\"auto, (max-width: 119px) 100vw, 119px\" \/><\/a>UN CENTRO D&#8217;ASCOLTO A BRIBANO DI SEDICO<\/h3>\n<\/blockquote>\n<p><strong>SEDICO<\/strong> La Caritas diocesana di Belluno-Feltre inaugura venerd\u00ec 21 giugno alle 17.30 il nuovo Centro di Ascolto di Bribano, in Via Alessandro Volta. Questo centro diventer\u00e0 un punto di riferimento per l&#8217;ascolto e l&#8217;accompagnamento delle persone in difficolt\u00e0, in collaborazione con le parrocchie locali. Sostenuto dalle parrocchie di Bribano, Roe, Sedico, Gron, Mas-Peron e Sospirolo, il centro si aggiunge ai recenti Centri di Auronzo e Valle di Cadore, rafforzando la rete di supporto della Caritas diocesana. Gestito da volontari formati, il centro non offre servizi specialistici, ma mira a supportare &#8220;dal basso&#8221; chi \u00e8 in difficolt\u00e0. L&#8217;accesso \u00e8 su appuntamento ogni marted\u00ec dalle 16.30 alle 18.30<\/p>\n<p>&nbsp;<\/p>\n<p>&nbsp;<\/p>\n<hr \/>\n<p>&nbsp;<\/p>\n<blockquote>\n<h2><b>Mototerapia e Freestyle Motocross\u00a0<\/b><\/h2>\n<\/blockquote>\n<div class=\"flex flex-grow flex-col max-w-full\">\n<div class=\"min-h-[20px] text-message flex flex-col items-start whitespace-pre-wrap break-words [.text-message+&amp;]:mt-5 juice:w-full juice:items-end overflow-x-auto gap-2\" dir=\"auto\" data-message-author-role=\"assistant\" data-message-id=\"ee2898c2-0b30-418a-b95d-3c456bf6f4b1\">\n<div class=\"flex w-full flex-col gap-1 juice:empty:hidden juice:first:pt-[3px]\">\n<div class=\"markdown prose w-full break-words dark:prose-invert dark\">\n<p><strong><a class=\"dt-pswp-item\" href=\"https:\/\/www.radiopiu.net\/wordpress\/wp-content\/uploads\/2024\/06\/Senza-nome-30.png\" data-dt-img-description=\"\" data-large_image_width=\"500\" data-large_image_height=\"384\"><img loading=\"lazy\" decoding=\"async\" class=\"wp-image-394367 alignleft\" src=\"https:\/\/www.radiopiu.net\/wordpress\/wp-content\/uploads\/2024\/06\/Senza-nome-30-300x230.png\" alt=\"\" width=\"128\" height=\"98\" srcset=\"https:\/\/www.radiopiu.net\/wordpress\/wp-content\/uploads\/2024\/06\/Senza-nome-30-300x230.png 300w, https:\/\/www.radiopiu.net\/wordpress\/wp-content\/uploads\/2024\/06\/Senza-nome-30.png 500w\" sizes=\"auto, (max-width: 128px) 100vw, 128px\" \/><\/a>ARSIE<\/strong> Oggi ad Arsi\u00e8, si terr\u00e0 una giornata di Mototerapia e Freestyle Motocross. L&#8217;evento, parte del Summer Fest, include spettacoli di motocross, giri in supercar, e intrattenimento per tutte le et\u00e0, con cibo, musica e attivit\u00e0 per bambini.<\/p>\n<\/div>\n<\/div>\n<\/div>\n<\/div>\n<div class=\"mt-1 flex gap-3 empty:hidden juice:-ml-3\">\n<div class=\"items-center justify-start rounded-xl p-1 z-10 -mt-1 bg-token-main-surface-primary md:absolute md:border md:border-token-border-light flex\">\n<div class=\"flex items-center\">\n<blockquote><p><em>&#8220;Sono molto entusiasta di questa iniziativa &#8211; dice Alvaro Dal Farra &#8211;\u00a0 da tempo manca nel territorio bellunese. Aspetto tutti per condividere insieme una bellissima giornata di sport e solidariet\u00e0.<\/em><\/p><\/blockquote>\n<\/div>\n<\/div>\n<\/div>\n<div class=\"mt-1 flex gap-3 empty:hidden juice:-ml-3\">\n<div class=\"items-center justify-start rounded-xl p-1 flex\">\n<div class=\"flex items-center\">\n<div class=\"flex items-center pb-0.5 juice:pb-0\">\n<div><\/div>\n<\/div>\n<\/div>\n<\/div>\n<\/div>\n<p>&nbsp;<\/p>\n<hr \/>\n<p>&nbsp;<\/p>\n<div dir=\"auto\">\n<blockquote>\n<h3><a class=\"dt-pswp-item\" href=\"https:\/\/www.radiopiu.net\/wordpress\/wp-content\/uploads\/2024\/06\/FESTA_ABM_FALCADE_2024.jpeg\" data-dt-img-description=\"\" data-large_image_width=\"1240\" data-large_image_height=\"1754\"><img loading=\"lazy\" decoding=\"async\" class=\"wp-image-393436 alignleft\" src=\"https:\/\/www.radiopiu.net\/wordpress\/wp-content\/uploads\/2024\/06\/FESTA_ABM_FALCADE_2024-212x300.jpeg\" alt=\"\" width=\"134\" height=\"190\" srcset=\"https:\/\/www.radiopiu.net\/wordpress\/wp-content\/uploads\/2024\/06\/FESTA_ABM_FALCADE_2024-212x300.jpeg 212w, https:\/\/www.radiopiu.net\/wordpress\/wp-content\/uploads\/2024\/06\/FESTA_ABM_FALCADE_2024-724x1024.jpeg 724w, https:\/\/www.radiopiu.net\/wordpress\/wp-content\/uploads\/2024\/06\/FESTA_ABM_FALCADE_2024-768x1086.jpeg 768w, https:\/\/www.radiopiu.net\/wordpress\/wp-content\/uploads\/2024\/06\/FESTA_ABM_FALCADE_2024-1086x1536.jpeg 1086w, https:\/\/www.radiopiu.net\/wordpress\/wp-content\/uploads\/2024\/06\/FESTA_ABM_FALCADE_2024.jpeg 1240w\" sizes=\"auto, (max-width: 134px) 100vw, 134px\" \/><\/a>FESTA DEI BELLUNESI NEL MONDO IL 16 GIUGNO A FALCADE<\/h3>\n<p>&nbsp;<\/p>\n<p>&nbsp;<\/p>\n<p>&nbsp;<\/p>\n<p>&nbsp;<\/p>\n<p>&nbsp;<\/p>\n<p><strong>DI GIANNI SANTOMASO<\/strong><\/p>\n<audio class=\"wp-audio-shortcode\" id=\"audio-394563-12\" preload=\"none\" style=\"width: 100%;\" controls=\"controls\"><source type=\"audio\/mpeg\" src=\"https:\/\/www.radiopiu.net\/wordpress\/wp-content\/uploads\/2024\/06\/GIANNI-FESTA-DEI-BELLUNESI.mp3?_=12\" \/><a href=\"https:\/\/www.radiopiu.net\/wordpress\/wp-content\/uploads\/2024\/06\/GIANNI-FESTA-DEI-BELLUNESI.mp3\">https:\/\/www.radiopiu.net\/wordpress\/wp-content\/uploads\/2024\/06\/GIANNI-FESTA-DEI-BELLUNESI.mp3<\/a><\/audio>\n<p>&nbsp;<\/p><\/blockquote>\n<p>Torna la tradizionale &#8220;Festa dei bellunesi nel mondo&#8221;, organizzata dall\u2019Associazione Bellunesi nel Mondo. Quest&#8217;anno l&#8217;evento si terr\u00e0 domenica 16 giugno a Falcade, grazie alla collaborazione del sindaco di Falcade e altre realt\u00e0 locali. Il presidente dell&#8217;Abm, Oscar De Bona, invita tutti a partecipare anche alla festa di primavera &#8220;El bon de l\u2019ansuda&#8221;. L&#8217;evento \u00e8 parte dell&#8217;anno del &#8220;Turismo delle radici&#8221;, promosso dal Ministero degli Esteri e sostenuto dal Pnrr. Durante la giornata si terranno una guida sul turismo delle radici, un laboratorio di genealogia, una Messa e un pranzo comunitario. Per il pranzo \u00e8 necessaria la prenotazione, contattando l&#8217;Abm allo 0437 941160 o inviando una mail a: <a href=\"mailto:info@bellunesinelmondo.it\">info@bellunesinelmondo.it<\/a>.<\/p>\n<p>&nbsp;<\/p>\n<hr \/>\n<p>&nbsp;<\/p>\n<p>&nbsp;<\/p>\n<blockquote>\n<blockquote>\n<h3><a class=\"dt-pswp-item\" href=\"https:\/\/www.radiopiu.net\/wordpress\/wp-content\/uploads\/2024\/06\/Senza-nome-29.png\" data-dt-img-description=\"\" data-large_image_width=\"547\" data-large_image_height=\"425\"><img loading=\"lazy\" decoding=\"async\" class=\"wp-image-394366 alignleft\" src=\"https:\/\/www.radiopiu.net\/wordpress\/wp-content\/uploads\/2024\/06\/Senza-nome-29-300x233.png\" alt=\"\" width=\"137\" height=\"106\" srcset=\"https:\/\/www.radiopiu.net\/wordpress\/wp-content\/uploads\/2024\/06\/Senza-nome-29-300x233.png 300w, https:\/\/www.radiopiu.net\/wordpress\/wp-content\/uploads\/2024\/06\/Senza-nome-29.png 547w\" sizes=\"auto, (max-width: 137px) 100vw, 137px\" \/><\/a>Nuova uscita gratuita con il progetto DiVerDente<\/h3>\n<\/blockquote>\n<div class=\"flex flex-grow flex-col max-w-full\">\n<div class=\"min-h-[20px] text-message flex flex-col items-start whitespace-pre-wrap break-words [.text-message+&amp;]:mt-5 juice:w-full juice:items-end overflow-x-auto gap-2\" dir=\"auto\" data-message-author-role=\"assistant\" data-message-id=\"3a2812b2-a43b-4b31-b3f9-fdadefbce6e0\">\n<div class=\"flex w-full flex-col gap-1 juice:empty:hidden juice:first:pt-[3px]\">\n<div class=\"markdown prose w-full break-words dark:prose-invert dark\">\n<p><strong>BELLUNO<\/strong>\u00a0 Le guide de Il Mazarol organizzano un&#8217;uscita gratuita per esplorare la valle dell&#8217;Ardo il 16 giugno. Il percorso medio, adatto anche a bambini, parte alle 9:00 dal parcheggio Toni Hiebeler e termina alle 13:00. Iscrizione obbligatoria. In caso di maltempo, l&#8217;evento sar\u00e0 rinviato al 23 giugno<\/p>\n<\/div>\n<\/div>\n<\/div>\n<\/div>\n<p>&nbsp;<\/p><\/blockquote>\n<p>&nbsp;<\/p>\n<hr \/>\n<p>&nbsp;<\/p>\n<blockquote>\n<h3><a class=\"dt-pswp-item\" href=\"https:\/\/www.radiopiu.net\/wordpress\/wp-content\/uploads\/2024\/06\/20240518_183719-scaled.jpg\" data-dt-img-description=\"\" data-large_image_width=\"2560\" data-large_image_height=\"1920\"><img loading=\"lazy\" decoding=\"async\" class=\"wp-image-393619 alignleft\" src=\"https:\/\/www.radiopiu.net\/wordpress\/wp-content\/uploads\/2024\/06\/20240518_183719-300x225.jpg\" alt=\"\" width=\"106\" height=\"80\" srcset=\"https:\/\/www.radiopiu.net\/wordpress\/wp-content\/uploads\/2024\/06\/20240518_183719-300x225.jpg 300w, https:\/\/www.radiopiu.net\/wordpress\/wp-content\/uploads\/2024\/06\/20240518_183719-1024x768.jpg 1024w, https:\/\/www.radiopiu.net\/wordpress\/wp-content\/uploads\/2024\/06\/20240518_183719-768x576.jpg 768w, https:\/\/www.radiopiu.net\/wordpress\/wp-content\/uploads\/2024\/06\/20240518_183719-1536x1152.jpg 1536w, https:\/\/www.radiopiu.net\/wordpress\/wp-content\/uploads\/2024\/06\/20240518_183719-2048x1536.jpg 2048w\" sizes=\"auto, (max-width: 106px) 100vw, 106px\" \/><\/a>Mostra di Ricami Botanici al Museo Etnografico Prolungata<\/h3>\n<\/blockquote>\n<div class=\"flex flex-grow flex-col max-w-full\">\n<div class=\"min-h-[20px] text-message flex flex-col items-start whitespace-pre-wrap break-words [.text-message+&amp;]:mt-5 juice:w-full juice:items-end overflow-x-auto gap-2\" dir=\"auto\" data-message-author-role=\"assistant\" data-message-id=\"3b4c5d83-22e3-4a90-8aa9-c967b9fff1dd\">\n<div class=\"flex w-full flex-col gap-1 juice:empty:hidden juice:first:pt-[3px]\">\n<div class=\"markdown prose w-full break-words dark:prose-invert dark\">\n<p><strong>BELLUNO<\/strong> Successo per la rassegna sulle rose al Museo Etnografico di Belluno, con centinaia di visitatori. La mostra &#8220;Rose e fiori dipinti con l&#8217;ago&#8221; di Anna Ceolin, ispirata a P.J. Redout\u00e9, prosegue fino al 16 giugno. Il giardino delle rose rimane aperto per le ultime fioriture.<\/p>\n<\/div>\n<\/div>\n<\/div>\n<\/div>\n<p>&nbsp;<\/p>\n<p>&nbsp;<\/p>\n<\/div>\n<hr \/>\n<p>&nbsp;<\/p>\n<blockquote>\n<h3>SABATO A FALCADE LA PRESENTAZIONE DEL NUOVO LIBRO DI NICOLA CASSISI<\/h3>\n<\/blockquote>\n<p><strong><a class=\"dt-pswp-item\" href=\"https:\/\/www.radiopiu.net\/wordpress\/wp-content\/uploads\/2024\/06\/3c581cad-6cbd-4b8b-afda-93a6955afa68.jpg\" data-dt-img-description=\"\" data-large_image_width=\"1299\" data-large_image_height=\"1299\"><img loading=\"lazy\" decoding=\"async\" class=\" wp-image-394378 alignleft\" src=\"https:\/\/www.radiopiu.net\/wordpress\/wp-content\/uploads\/2024\/06\/3c581cad-6cbd-4b8b-afda-93a6955afa68-300x300.jpg\" alt=\"\" width=\"156\" height=\"156\" srcset=\"https:\/\/www.radiopiu.net\/wordpress\/wp-content\/uploads\/2024\/06\/3c581cad-6cbd-4b8b-afda-93a6955afa68-300x300.jpg 300w, https:\/\/www.radiopiu.net\/wordpress\/wp-content\/uploads\/2024\/06\/3c581cad-6cbd-4b8b-afda-93a6955afa68-1024x1024.jpg 1024w, https:\/\/www.radiopiu.net\/wordpress\/wp-content\/uploads\/2024\/06\/3c581cad-6cbd-4b8b-afda-93a6955afa68-150x150.jpg 150w, https:\/\/www.radiopiu.net\/wordpress\/wp-content\/uploads\/2024\/06\/3c581cad-6cbd-4b8b-afda-93a6955afa68-768x768.jpg 768w, https:\/\/www.radiopiu.net\/wordpress\/wp-content\/uploads\/2024\/06\/3c581cad-6cbd-4b8b-afda-93a6955afa68.jpg 1299w\" sizes=\"auto, (max-width: 156px) 100vw, 156px\" \/><\/a>FALCADE<\/strong> Sono ormai passati due mesetti abbondanti dalla pubblicazione del libro \u201cCrian\u00e7a\u201d. &#8220;Ho avuto tantissime discussioni interessanti su quello che c\u2019\u00e8 dentro il libro, tra le pagine, nei suoi personaggi, ma soprattutto ho potuto toccare con mano il vostro supporto e la vostra curiosit\u00e0&#8221; dice l&#8217;autore Nicola Cassisi. Sabato alle 20:30 in Sala Consigliare a Falcade inizier\u00e0 un bel viaggio che durer\u00e0 durante tutta l\u2019estate con varie presentazioni ed incontri. Il tutto si svolge nella cornice del Bon de l\u2019Ansuda, la fiera mercato sulla piana di Falcade, e alla sera la prima di queste presentazioni, per venire ad ascoltarci e partecipare ad una chiacchierata su Crian\u00e7a. &#8220;Se lo avete gi\u00e0 comprato e sostenuto, sar\u00e0 sicuramente l\u2019occasione di dirmi se vi \u00e8 piaciuto e forse scoprire qualcosa di pi\u00f9 sulla sua creazione e i suoi dettagli pi\u00f9 profondi &#8211; dice l&#8217;autore &#8211; Se invece non lo avete ancora, spero di darvi un buono spunto, noi saremo l\u00ec con tutte le nostre copie ad aspettarvi&#8221;.<\/p>\n<p>&nbsp;<\/p>\n<p>&nbsp;<\/p>\n<p>&nbsp;<\/p>\n<hr \/>\n<p>&nbsp;<\/p>\n<blockquote>\n<h3><a class=\"dt-pswp-item\" href=\"https:\/\/www.radiopiu.net\/wordpress\/wp-content\/uploads\/2024\/05\/b3c8f62b-305a-47e9-afc6-69820fcd3900.jpg\" data-dt-img-description=\"\" data-large_image_width=\"1131\" data-large_image_height=\"1600\"><img loading=\"lazy\" decoding=\"async\" class=\" wp-image-392575 alignleft\" src=\"https:\/\/www.radiopiu.net\/wordpress\/wp-content\/uploads\/2024\/05\/b3c8f62b-305a-47e9-afc6-69820fcd3900-212x300.jpg\" alt=\"\" width=\"102\" height=\"144\" srcset=\"https:\/\/www.radiopiu.net\/wordpress\/wp-content\/uploads\/2024\/05\/b3c8f62b-305a-47e9-afc6-69820fcd3900-212x300.jpg 212w, https:\/\/www.radiopiu.net\/wordpress\/wp-content\/uploads\/2024\/05\/b3c8f62b-305a-47e9-afc6-69820fcd3900-724x1024.jpg 724w, https:\/\/www.radiopiu.net\/wordpress\/wp-content\/uploads\/2024\/05\/b3c8f62b-305a-47e9-afc6-69820fcd3900-768x1086.jpg 768w, https:\/\/www.radiopiu.net\/wordpress\/wp-content\/uploads\/2024\/05\/b3c8f62b-305a-47e9-afc6-69820fcd3900-1086x1536.jpg 1086w, https:\/\/www.radiopiu.net\/wordpress\/wp-content\/uploads\/2024\/05\/b3c8f62b-305a-47e9-afc6-69820fcd3900.jpg 1131w\" sizes=\"auto, (max-width: 102px) 100vw, 102px\" \/><\/a>IL CENTESIMO ANNIVERSARIO DELL&#8217;ASSASINIO DI MATTEOTTI A BELLUNO<\/h3>\n<\/blockquote>\n<p><strong>DI ROBERTO BONA<\/strong><\/p>\n<audio class=\"wp-audio-shortcode\" id=\"audio-394563-13\" preload=\"none\" style=\"width: 100%;\" controls=\"controls\"><source type=\"audio\/mpeg\" src=\"https:\/\/www.radiopiu.net\/wordpress\/wp-content\/uploads\/2024\/05\/BONA-CENTESIMO-ANNIVERSARIO-MATTEOTTI-SCADENZA-15-GIUGNO.mp3?_=13\" \/><a href=\"https:\/\/www.radiopiu.net\/wordpress\/wp-content\/uploads\/2024\/05\/BONA-CENTESIMO-ANNIVERSARIO-MATTEOTTI-SCADENZA-15-GIUGNO.mp3\">https:\/\/www.radiopiu.net\/wordpress\/wp-content\/uploads\/2024\/05\/BONA-CENTESIMO-ANNIVERSARIO-MATTEOTTI-SCADENZA-15-GIUGNO.mp3<\/a><\/audio>\n<p>&nbsp;<\/p>\n<p>&nbsp;<\/p>\n<p>&nbsp;<\/p>\n<hr \/>\n<p>&nbsp;<\/p>\n<blockquote>\n<h3>A LENTIAI TORNA IL TRANSITO FILM FESTIVAL<\/h3>\n<\/blockquote>\n<p><strong>BORGO VALBELLUNA<\/strong> Dopo il successo delle precedenti edizioni, torna il Transito, festival internazionale del film a Lentiai di Borgo Valbelluna. Nei giorni 21, 22, 23 e 29 giugno, Lentiai ospiter\u00e0 eventi artistici e proiezioni sul tema dell&#8217;indifferenza. Oltre 400 film da pi\u00f9 di 70 nazioni sono stati iscritti, con quattro selezionati per la loro qualit\u00e0 e impatto emotivo. Questi film esplorano varie forme di indifferenza, dai rapporti umani alle ingiustizie giuridiche, fino alla trascuratezza ambientale. Le proiezioni si terranno nel piazzale della Biblioteca comunale di Lentiai (21-23 giugno) e presso il Palazzo Pretorio di Cesana (29 giugno), o alla SOMS in caso di maltempo, alle 21:30. L&#8217;ingresso \u00e8 gratuito e i film saranno proiettati in lingua originale con sottotitoli in italiano.<\/p>\n<p>&nbsp;<\/p>\n<p>&nbsp;<\/p>\n<hr \/>\n<p>&nbsp;<\/p>\n<h2><span style=\"color: #ff6600;\">ALLA RADIO\u00a0\u00a0<\/span><\/h2>\n<h2><span style=\"color: #99cc00;\">TIME 4 ME&#8230;CON KEVIN RUDATIS<\/span><\/h2>\n<p><strong><a class=\"dt-pswp-item\" href=\"https:\/\/www.radiopiu.net\/wordpress\/wp-content\/uploads\/2024\/06\/dfaa5782-16b1-4791-8d6b-571dad7d9ea5.jpg\" data-dt-img-description=\"\" data-large_image_width=\"1080\" data-large_image_height=\"604\"><img loading=\"lazy\" decoding=\"async\" class=\" wp-image-394681 alignleft\" src=\"https:\/\/www.radiopiu.net\/wordpress\/wp-content\/uploads\/2024\/06\/dfaa5782-16b1-4791-8d6b-571dad7d9ea5-300x168.jpg\" alt=\"\" width=\"179\" height=\"100\" srcset=\"https:\/\/www.radiopiu.net\/wordpress\/wp-content\/uploads\/2024\/06\/dfaa5782-16b1-4791-8d6b-571dad7d9ea5-300x168.jpg 300w, https:\/\/www.radiopiu.net\/wordpress\/wp-content\/uploads\/2024\/06\/dfaa5782-16b1-4791-8d6b-571dad7d9ea5-1024x573.jpg 1024w, https:\/\/www.radiopiu.net\/wordpress\/wp-content\/uploads\/2024\/06\/dfaa5782-16b1-4791-8d6b-571dad7d9ea5-768x430.jpg 768w, https:\/\/www.radiopiu.net\/wordpress\/wp-content\/uploads\/2024\/06\/dfaa5782-16b1-4791-8d6b-571dad7d9ea5.jpg 1080w\" sizes=\"auto, (max-width: 179px) 100vw, 179px\" \/><\/a>DI MARINA DONA&#8217;<\/strong><\/p>\n<p>OSPITE: Kevin Rudatis, chitarrista dei Sinfobia<\/p>\n<p><strong>PRIMA PARTE<\/strong><\/p>\n<audio class=\"wp-audio-shortcode\" id=\"audio-394563-14\" preload=\"none\" style=\"width: 100%;\" controls=\"controls\"><source type=\"audio\/mpeg\" src=\"https:\/\/www.radiopiu.net\/wordpress\/wp-content\/uploads\/2024\/06\/TIME-4-ME-CON-KEVIN-1.mp3?_=14\" \/><a href=\"https:\/\/www.radiopiu.net\/wordpress\/wp-content\/uploads\/2024\/06\/TIME-4-ME-CON-KEVIN-1.mp3\">https:\/\/www.radiopiu.net\/wordpress\/wp-content\/uploads\/2024\/06\/TIME-4-ME-CON-KEVIN-1.mp3<\/a><\/audio>\n<p>&nbsp;<\/p>\n<p><strong>SECONDA PARTE<\/strong><\/p>\n<audio class=\"wp-audio-shortcode\" id=\"audio-394563-15\" preload=\"none\" style=\"width: 100%;\" controls=\"controls\"><source type=\"audio\/mpeg\" src=\"https:\/\/www.radiopiu.net\/wordpress\/wp-content\/uploads\/2024\/06\/TIME-4-ME-CON-KEVIN-2.mp3?_=15\" \/><a href=\"https:\/\/www.radiopiu.net\/wordpress\/wp-content\/uploads\/2024\/06\/TIME-4-ME-CON-KEVIN-2.mp3\">https:\/\/www.radiopiu.net\/wordpress\/wp-content\/uploads\/2024\/06\/TIME-4-ME-CON-KEVIN-2.mp3<\/a><\/audio>\n<p>&nbsp;<\/p>\n<p><strong>TERZA PARTE<\/strong><\/p>\n<audio class=\"wp-audio-shortcode\" id=\"audio-394563-16\" preload=\"none\" style=\"width: 100%;\" controls=\"controls\"><source type=\"audio\/mpeg\" src=\"https:\/\/www.radiopiu.net\/wordpress\/wp-content\/uploads\/2024\/06\/TIME-4-ME-CON-KEVIN-3.mp3?_=16\" \/><a href=\"https:\/\/www.radiopiu.net\/wordpress\/wp-content\/uploads\/2024\/06\/TIME-4-ME-CON-KEVIN-3.mp3\">https:\/\/www.radiopiu.net\/wordpress\/wp-content\/uploads\/2024\/06\/TIME-4-ME-CON-KEVIN-3.mp3<\/a><\/audio>\n<p>&nbsp;<\/p>\n<hr \/>\n<p>&nbsp;<\/p>\n<h2><span style=\"color: #993366;\"><a class=\"dt-pswp-item\" href=\"https:\/\/www.radiopiu.net\/wordpress\/wp-content\/uploads\/2024\/06\/c2f4f425-e175-4bc7-918a-e3d1330c6c31.jpg\" data-dt-img-description=\"\" data-large_image_width=\"1080\" data-large_image_height=\"907\"><img loading=\"lazy\" decoding=\"async\" class=\" wp-image-393091 alignleft\" src=\"https:\/\/www.radiopiu.net\/wordpress\/wp-content\/uploads\/2024\/06\/c2f4f425-e175-4bc7-918a-e3d1330c6c31-300x252.jpg\" alt=\"\" width=\"119\" height=\"100\" srcset=\"https:\/\/www.radiopiu.net\/wordpress\/wp-content\/uploads\/2024\/06\/c2f4f425-e175-4bc7-918a-e3d1330c6c31-300x252.jpg 300w, https:\/\/www.radiopiu.net\/wordpress\/wp-content\/uploads\/2024\/06\/c2f4f425-e175-4bc7-918a-e3d1330c6c31-1024x860.jpg 1024w, https:\/\/www.radiopiu.net\/wordpress\/wp-content\/uploads\/2024\/06\/c2f4f425-e175-4bc7-918a-e3d1330c6c31-768x645.jpg 768w, https:\/\/www.radiopiu.net\/wordpress\/wp-content\/uploads\/2024\/06\/c2f4f425-e175-4bc7-918a-e3d1330c6c31.jpg 1080w\" sizes=\"auto, (max-width: 119px) 100vw, 119px\" \/><\/a>ZAINO DA VIAGGIO AL FEMMINILE<\/span><\/h2>\n<p><strong>IL PROGRAMMA DI PAOLA LANCIATO<\/strong><\/p>\n<p>QUARTA PUNTATA: LA LAGUNA VENETA<\/p>\n<blockquote class=\"wp-embedded-content\" data-secret=\"JRCLRZvEOe\"><p><a href=\"https:\/\/www.radiopiu.net\/wordpress\/zaino-femminile-lanciato\/\">Zaino da viaggio al femminile<\/a><\/p><\/blockquote>\n<p><iframe loading=\"lazy\" class=\"wp-embedded-content\" sandbox=\"allow-scripts\" security=\"restricted\" style=\"position: absolute; clip: rect(1px, 1px, 1px, 1px);\" title=\"&#8220;Zaino da viaggio al femminile&#8221; &#8212; Radio Pi\u00f9\" src=\"https:\/\/www.radiopiu.net\/wordpress\/zaino-femminile-lanciato\/embed\/#?secret=5AeobVpgH6#?secret=JRCLRZvEOe\" data-secret=\"JRCLRZvEOe\" width=\"600\" height=\"338\" frameborder=\"0\" marginwidth=\"0\" marginheight=\"0\" scrolling=\"no\"><\/iframe><\/p>\n<p>&nbsp;<\/p>\n<p>&nbsp;<\/p>\n<hr \/>\n<p>&nbsp;<\/p>\n<h2><span style=\"color: #ff0000;\">DAL SITO DI RADIO PIU&#8230; ALCUNI PODCAST, I PIU&#8217; VISUALIZZATI NELLA SETTIMANA&#8230;\u00a0<\/span><\/h2>\n<blockquote class=\"wp-embedded-content\" data-secret=\"VQJn0DNzXC\"><p><a href=\"https:\/\/www.radiopiu.net\/wordpress\/biblioteca-del-territorio-i-podcast-di-radiopiu\/\">BIBLIOTECA DEL TERRITORIO&#8230; I PODCAST DI RADIOPIU<\/a><\/p><\/blockquote>\n<p><iframe loading=\"lazy\" class=\"wp-embedded-content\" sandbox=\"allow-scripts\" security=\"restricted\" style=\"position: absolute; clip: rect(1px, 1px, 1px, 1px);\" title=\"&#8220;BIBLIOTECA DEL TERRITORIO&#8230; I PODCAST DI RADIOPIU&#8221; &#8212; Radio Pi\u00f9\" src=\"https:\/\/www.radiopiu.net\/wordpress\/biblioteca-del-territorio-i-podcast-di-radiopiu\/embed\/#?secret=sdoHEK5SYf#?secret=VQJn0DNzXC\" data-secret=\"VQJn0DNzXC\" width=\"600\" height=\"338\" frameborder=\"0\" marginwidth=\"0\" marginheight=\"0\" scrolling=\"no\"><\/iframe><\/p>\n<p>&nbsp;<\/p>\n<blockquote class=\"wp-embedded-content\" data-secret=\"5665Mrz0Jt\"><p><a href=\"https:\/\/www.radiopiu.net\/wordpress\/lad08aaaa\/\">&#8220;NCONTONSE&#8221; IN LADINO SU RADIO PI\u00d9<\/a><\/p><\/blockquote>\n<p><iframe loading=\"lazy\" class=\"wp-embedded-content\" sandbox=\"allow-scripts\" security=\"restricted\" style=\"position: absolute; clip: rect(1px, 1px, 1px, 1px);\" title=\"&#8220;&#8220;NCONTONSE&#8221; IN LADINO SU RADIO PI\u00d9&#8221; &#8212; Radio Pi\u00f9\" src=\"https:\/\/www.radiopiu.net\/wordpress\/lad08aaaa\/embed\/#?secret=MIIBzf7BEz#?secret=5665Mrz0Jt\" data-secret=\"5665Mrz0Jt\" width=\"600\" height=\"338\" frameborder=\"0\" marginwidth=\"0\" marginheight=\"0\" scrolling=\"no\"><\/iframe><\/p>\n<p>&nbsp;<\/p>\n<p>&nbsp;<\/p>\n<p>&nbsp;<\/p>\n<hr \/>\n<p>&nbsp;<\/p>\n<p>&nbsp;<\/p>\n<h2><span style=\"color: #ff0000;\"><a class=\"dt-pswp-item\" href=\"https:\/\/www.radiopiu.net\/wordpress\/wp-content\/uploads\/2018\/09\/appuntamenti.jpeg\" data-dt-img-description=\"\" data-large_image_width=\"800\" data-large_image_height=\"100\"><img loading=\"lazy\" decoding=\"async\" class=\"wp-image-61958 size-full aligncenter\" src=\"https:\/\/www.radiopiu.net\/wordpress\/wp-content\/uploads\/2018\/09\/appuntamenti.jpeg\" alt=\"\" width=\"800\" height=\"100\" srcset=\"https:\/\/www.radiopiu.net\/wordpress\/wp-content\/uploads\/2018\/09\/appuntamenti.jpeg 800w, https:\/\/www.radiopiu.net\/wordpress\/wp-content\/uploads\/2018\/09\/appuntamenti-300x38.jpeg 300w, https:\/\/www.radiopiu.net\/wordpress\/wp-content\/uploads\/2018\/09\/appuntamenti-768x96.jpeg 768w\" sizes=\"auto, (max-width: 800px) 100vw, 800px\" \/><\/a><\/span><\/h2>\n<div>\n<div class=\"\" dir=\"auto\">\n<div id=\":r9h:\" class=\"x1iorvi4 x1pi30zi x1l90r2v x1swvt13\" data-ad-comet-preview=\"message\" data-ad-preview=\"message\">\n\n\t\t\t<style type='text\/css'>\n\t\t\t\t#gallery-4 {\n\t\t\t\t\tmargin: auto;\n\t\t\t\t}\n\t\t\t\t#gallery-4 .gallery-item {\n\t\t\t\t\tfloat: left;\n\t\t\t\t\tmargin-top: 10px;\n\t\t\t\t\ttext-align: center;\n\t\t\t\t\twidth: 16%;\n\t\t\t\t}\n\t\t\t\t#gallery-4 img {\n\t\t\t\t\tborder: 2px solid #cfcfcf;\n\t\t\t\t}\n\t\t\t\t#gallery-4 .gallery-caption {\n\t\t\t\t\tmargin-left: 0;\n\t\t\t\t}\n\t\t\t\t\/* see gallery_shortcode() in wp-includes\/media.php *\/\n\t\t\t<\/style>\n\t\t<div id='gallery-4' class='dt-gallery-container gallery galleryid-394563 gallery-columns-6 gallery-size-thumbnail'><dl class='gallery-item'>\n\t\t\t\t<dt class='gallery-icon portrait'>\n\t\t\t\t\t<a class=\"rollover rollover-zoom dt-pswp-item\" title=\"e651a95f-423a-40f9-827a-3ba70bd26776\" data-dt-img-description=\"\" data-large_image_width=\"1080\" data-large_image_height=\"1507\"href='https:\/\/www.radiopiu.net\/wordpress\/wp-content\/uploads\/2024\/05\/e651a95f-423a-40f9-827a-3ba70bd26776.jpg'><img loading=\"lazy\" decoding=\"async\" width=\"150\" height=\"150\" src=\"https:\/\/www.radiopiu.net\/wordpress\/wp-content\/uploads\/2024\/05\/e651a95f-423a-40f9-827a-3ba70bd26776-150x150.jpg\" class=\"attachment-thumbnail size-thumbnail\" alt=\"\" aria-describedby=\"gallery-4-391342\" \/><\/a>\n\t\t\t\t<\/dt>\n\t\t\t\t\t<dd class='wp-caption-text gallery-caption' id='gallery-4-391342'>\n\t\t\t\t\tSAGRA DE SANT&#8217;ANTONI A RIVAMONTE\n\t\t\t\t\t<\/dd><\/dl><dl class='gallery-item'>\n\t\t\t\t<dt class='gallery-icon portrait'>\n\t\t\t\t\t<a class=\"rollover rollover-zoom dt-pswp-item\" title=\"890e9473-a042-44c0-9495-16862bf3cf2c\" data-dt-img-description=\"\" data-large_image_width=\"1127\" data-large_image_height=\"1600\"href='https:\/\/www.radiopiu.net\/wordpress\/wp-content\/uploads\/2024\/05\/890e9473-a042-44c0-9495-16862bf3cf2c.jpg'><img loading=\"lazy\" decoding=\"async\" width=\"150\" height=\"150\" src=\"https:\/\/www.radiopiu.net\/wordpress\/wp-content\/uploads\/2024\/05\/890e9473-a042-44c0-9495-16862bf3cf2c-150x150.jpg\" class=\"attachment-thumbnail size-thumbnail\" alt=\"\" aria-describedby=\"gallery-4-392239\" \/><\/a>\n\t\t\t\t<\/dt>\n\t\t\t\t\t<dd class='wp-caption-text gallery-caption' id='gallery-4-392239'>\n\t\t\t\t\t80 NOSTALGIA DEI 90\n\t\t\t\t\t<\/dd><\/dl><dl class='gallery-item'>\n\t\t\t\t<dt class='gallery-icon portrait'>\n\t\t\t\t\t<a class=\"rollover rollover-zoom dt-pswp-item\" title=\"c950811c-7763-405d-ad2c-15d392502b93\" data-dt-img-description=\"\" data-large_image_width=\"480\" data-large_image_height=\"600\"href='https:\/\/www.radiopiu.net\/wordpress\/wp-content\/uploads\/2024\/05\/c950811c-7763-405d-ad2c-15d392502b93-1.jpg'><img loading=\"lazy\" decoding=\"async\" width=\"150\" height=\"150\" src=\"https:\/\/www.radiopiu.net\/wordpress\/wp-content\/uploads\/2024\/05\/c950811c-7763-405d-ad2c-15d392502b93-1-150x150.jpg\" class=\"attachment-thumbnail size-thumbnail\" alt=\"\" aria-describedby=\"gallery-4-392711\" \/><\/a>\n\t\t\t\t<\/dt>\n\t\t\t\t\t<dd class='wp-caption-text gallery-caption' id='gallery-4-392711'>\n\t\t\t\t\tCAMPANOT A CASTION\n\t\t\t\t\t<\/dd><\/dl><dl class='gallery-item'>\n\t\t\t\t<dt class='gallery-icon portrait'>\n\t\t\t\t\t<a class=\"rollover rollover-zoom dt-pswp-item\" title=\"Locandina San Giovanni 2024\" data-dt-img-description=\"\" data-large_image_width=\"1304\" data-large_image_height=\"2560\"href='https:\/\/www.radiopiu.net\/wordpress\/wp-content\/uploads\/2024\/06\/Locandina-San-Giovanni-2024-scaled.jpeg'><img loading=\"lazy\" decoding=\"async\" width=\"150\" height=\"150\" src=\"https:\/\/www.radiopiu.net\/wordpress\/wp-content\/uploads\/2024\/06\/Locandina-San-Giovanni-2024-150x150.jpeg\" class=\"attachment-thumbnail size-thumbnail\" alt=\"\" aria-describedby=\"gallery-4-393442\" \/><\/a>\n\t\t\t\t<\/dt>\n\t\t\t\t\t<dd class='wp-caption-text gallery-caption' id='gallery-4-393442'>\n\t\t\t\t\tSAN GIOVANNI A CANALE D&#8217;AGORDO\n\t\t\t\t\t<\/dd><\/dl><dl class='gallery-item'>\n\t\t\t\t<dt class='gallery-icon portrait'>\n\t\t\t\t\t<a class=\"rollover rollover-zoom dt-pswp-item\" title=\"09d50e2a-86d9-4273-aeb6-415f92136bc3\" data-dt-img-description=\"\" data-large_image_width=\"750\" data-large_image_height=\"1022\"href='https:\/\/www.radiopiu.net\/wordpress\/wp-content\/uploads\/2024\/06\/09d50e2a-86d9-4273-aeb6-415f92136bc3.jpg'><img loading=\"lazy\" decoding=\"async\" width=\"150\" height=\"150\" src=\"https:\/\/www.radiopiu.net\/wordpress\/wp-content\/uploads\/2024\/06\/09d50e2a-86d9-4273-aeb6-415f92136bc3-150x150.jpg\" class=\"attachment-thumbnail size-thumbnail\" alt=\"\" aria-describedby=\"gallery-4-393715\" \/><\/a>\n\t\t\t\t<\/dt>\n\t\t\t\t\t<dd class='wp-caption-text gallery-caption' id='gallery-4-393715'>\n\t\t\t\t\tCORSO DI BALLO A VOLTAGO\n\t\t\t\t\t<\/dd><\/dl><dl class='gallery-item'>\n\t\t\t\t<dt class='gallery-icon portrait'>\n\t\t\t\t\t<a class=\"rollover rollover-zoom dt-pswp-item\" title=\"442414392_10232426359018879_5443832698244930521_n\" data-dt-img-description=\"\" data-large_image_width=\"526\" data-large_image_height=\"709\"href='https:\/\/www.radiopiu.net\/wordpress\/wp-content\/uploads\/2024\/06\/442414392_10232426359018879_5443832698244930521_n.jpg'><img loading=\"lazy\" decoding=\"async\" width=\"150\" height=\"150\" src=\"https:\/\/www.radiopiu.net\/wordpress\/wp-content\/uploads\/2024\/06\/442414392_10232426359018879_5443832698244930521_n-150x150.jpg\" class=\"attachment-thumbnail size-thumbnail\" alt=\"\" aria-describedby=\"gallery-4-394106\" \/><\/a>\n\t\t\t\t<\/dt>\n\t\t\t\t\t<dd class='wp-caption-text gallery-caption' id='gallery-4-394106'>\n\t\t\t\t\tFRASSENE&#8217; CROSS\n\t\t\t\t\t<\/dd><\/dl><br style=\"clear: both\" \/><dl class='gallery-item'>\n\t\t\t\t<dt class='gallery-icon portrait'>\n\t\t\t\t\t<a class=\"rollover rollover-zoom dt-pswp-item\" title=\"Evento 22 giugno (1)\" data-dt-img-description=\"\" data-large_image_width=\"1240\" data-large_image_height=\"1754\"href='https:\/\/www.radiopiu.net\/wordpress\/wp-content\/uploads\/2024\/06\/Evento-22-giugno-1.jpg'><img loading=\"lazy\" decoding=\"async\" width=\"150\" height=\"150\" src=\"https:\/\/www.radiopiu.net\/wordpress\/wp-content\/uploads\/2024\/06\/Evento-22-giugno-1-150x150.jpg\" class=\"attachment-thumbnail size-thumbnail\" alt=\"\" aria-describedby=\"gallery-4-394035\" \/><\/a>\n\t\t\t\t<\/dt>\n\t\t\t\t\t<dd class='wp-caption-text gallery-caption' id='gallery-4-394035'>\n\t\t\t\t\tPRESENTAZIONE DEL LIBRO A CANALE\n\t\t\t\t\t<\/dd><\/dl><dl class='gallery-item'>\n\t\t\t\t<dt class='gallery-icon portrait'>\n\t\t\t\t\t<a class=\"rollover rollover-zoom dt-pswp-item\" title=\"441936111_953300066803441_3663667299753321850_n\" data-dt-img-description=\"\" data-large_image_width=\"520\" data-large_image_height=\"640\"href='https:\/\/www.radiopiu.net\/wordpress\/wp-content\/uploads\/2024\/06\/441936111_953300066803441_3663667299753321850_n.jpg'><img loading=\"lazy\" decoding=\"async\" width=\"150\" height=\"150\" src=\"https:\/\/www.radiopiu.net\/wordpress\/wp-content\/uploads\/2024\/06\/441936111_953300066803441_3663667299753321850_n-150x150.jpg\" class=\"attachment-thumbnail size-thumbnail\" alt=\"\" aria-describedby=\"gallery-4-394061\" \/><\/a>\n\t\t\t\t<\/dt>\n\t\t\t\t\t<dd class='wp-caption-text gallery-caption' id='gallery-4-394061'>\n\t\t\t\t\t31 LUGLIO AL MINIERE E IN DIRETTA ALLA RADIO \n\t\t\t\t\t<\/dd><\/dl><dl class='gallery-item'>\n\t\t\t\t<dt class='gallery-icon portrait'>\n\t\t\t\t\t<a class=\"rollover rollover-zoom dt-pswp-item\" title=\"f7469f33-b0de-4a37-a589-57d2083b69c7\" data-dt-img-description=\"\" data-large_image_width=\"1300\" data-large_image_height=\"1600\"href='https:\/\/www.radiopiu.net\/wordpress\/wp-content\/uploads\/2024\/06\/f7469f33-b0de-4a37-a589-57d2083b69c7.jpg'><img loading=\"lazy\" decoding=\"async\" width=\"150\" height=\"150\" src=\"https:\/\/www.radiopiu.net\/wordpress\/wp-content\/uploads\/2024\/06\/f7469f33-b0de-4a37-a589-57d2083b69c7-150x150.jpg\" class=\"attachment-thumbnail size-thumbnail\" alt=\"\" aria-describedby=\"gallery-4-394347\" \/><\/a>\n\t\t\t\t<\/dt>\n\t\t\t\t\t<dd class='wp-caption-text gallery-caption' id='gallery-4-394347'>\n\t\t\t\t\tFORCELLA AURINE \n\t\t\t\t\t<\/dd><\/dl><dl class='gallery-item'>\n\t\t\t\t<dt class='gallery-icon landscape'>\n\t\t\t\t\t<a class=\"rollover rollover-zoom dt-pswp-item\" title=\"2d87644c-2dd2-4165-8e78-5c4b9475d212\" data-dt-img-description=\"\" data-large_image_width=\"1299\" data-large_image_height=\"1299\"href='https:\/\/www.radiopiu.net\/wordpress\/wp-content\/uploads\/2024\/06\/2d87644c-2dd2-4165-8e78-5c4b9475d212.jpg'><img loading=\"lazy\" decoding=\"async\" width=\"150\" height=\"150\" src=\"https:\/\/www.radiopiu.net\/wordpress\/wp-content\/uploads\/2024\/06\/2d87644c-2dd2-4165-8e78-5c4b9475d212-150x150.jpg\" class=\"attachment-thumbnail size-thumbnail\" alt=\"\" aria-describedby=\"gallery-4-394291\" srcset=\"https:\/\/www.radiopiu.net\/wordpress\/wp-content\/uploads\/2024\/06\/2d87644c-2dd2-4165-8e78-5c4b9475d212-150x150.jpg 150w, https:\/\/www.radiopiu.net\/wordpress\/wp-content\/uploads\/2024\/06\/2d87644c-2dd2-4165-8e78-5c4b9475d212-300x300.jpg 300w, https:\/\/www.radiopiu.net\/wordpress\/wp-content\/uploads\/2024\/06\/2d87644c-2dd2-4165-8e78-5c4b9475d212-1024x1024.jpg 1024w, https:\/\/www.radiopiu.net\/wordpress\/wp-content\/uploads\/2024\/06\/2d87644c-2dd2-4165-8e78-5c4b9475d212-768x768.jpg 768w, https:\/\/www.radiopiu.net\/wordpress\/wp-content\/uploads\/2024\/06\/2d87644c-2dd2-4165-8e78-5c4b9475d212.jpg 1299w\" sizes=\"auto, (max-width: 150px) 100vw, 150px\" \/><\/a>\n\t\t\t\t<\/dt>\n\t\t\t\t\t<dd class='wp-caption-text gallery-caption' id='gallery-4-394291'>\n\t\t\t\t\tCULTURA CON NICOLA CASSISI\n\t\t\t\t\t<\/dd><\/dl><dl class='gallery-item'>\n\t\t\t\t<dt class='gallery-icon portrait'>\n\t\t\t\t\t<a class=\"rollover rollover-zoom dt-pswp-item\" title=\"d6fb7bb5-470e-4f31-a8fb-0d94646adddb\" data-dt-img-description=\"\" data-large_image_width=\"1300\" data-large_image_height=\"1600\"href='https:\/\/www.radiopiu.net\/wordpress\/wp-content\/uploads\/2024\/06\/d6fb7bb5-470e-4f31-a8fb-0d94646adddb.jpg'><img loading=\"lazy\" decoding=\"async\" width=\"150\" height=\"150\" src=\"https:\/\/www.radiopiu.net\/wordpress\/wp-content\/uploads\/2024\/06\/d6fb7bb5-470e-4f31-a8fb-0d94646adddb-150x150.jpg\" class=\"attachment-thumbnail size-thumbnail\" alt=\"\" aria-describedby=\"gallery-4-394668\" \/><\/a>\n\t\t\t\t<\/dt>\n\t\t\t\t\t<dd class='wp-caption-text gallery-caption' id='gallery-4-394668'>\n\t\t\t\t\tGLI EUROPEI DI CALCIO AL RISTOBAR GHEGY\n\t\t\t\t\t<\/dd><\/dl><dl class='gallery-item'>\n\t\t\t\t<dt class='gallery-icon portrait'>\n\t\t\t\t\t<a class=\"rollover rollover-zoom dt-pswp-item\" title=\"JGHALGHLJGH\" data-dt-img-description=\"\" data-large_image_width=\"604\" data-large_image_height=\"854\"href='https:\/\/www.radiopiu.net\/wordpress\/wp-content\/uploads\/2024\/06\/JGHALGHLJGH.png'><img loading=\"lazy\" decoding=\"async\" width=\"150\" height=\"150\" src=\"https:\/\/www.radiopiu.net\/wordpress\/wp-content\/uploads\/2024\/06\/JGHALGHLJGH-150x150.png\" class=\"attachment-thumbnail size-thumbnail\" alt=\"\" aria-describedby=\"gallery-4-394669\" \/><\/a>\n\t\t\t\t<\/dt>\n\t\t\t\t\t<dd class='wp-caption-text gallery-caption' id='gallery-4-394669'>\n\t\t\t\t\tLA NOTTE DI SANTA MARINA A FELTRE\n\t\t\t\t\t<\/dd><\/dl><br style=\"clear: both\" \/><dl class='gallery-item'>\n\t\t\t\t<dt class='gallery-icon portrait'>\n\t\t\t\t\t<a class=\"rollover rollover-zoom dt-pswp-item\" title=\"cf122680-2656-42a1-b609-1bafd24bdd10\" data-dt-img-description=\"\" data-large_image_width=\"868\" data-large_image_height=\"1600\"href='https:\/\/www.radiopiu.net\/wordpress\/wp-content\/uploads\/2024\/06\/cf122680-2656-42a1-b609-1bafd24bdd10-1.jpg'><img loading=\"lazy\" decoding=\"async\" width=\"150\" height=\"150\" src=\"https:\/\/www.radiopiu.net\/wordpress\/wp-content\/uploads\/2024\/06\/cf122680-2656-42a1-b609-1bafd24bdd10-1-150x150.jpg\" class=\"attachment-thumbnail size-thumbnail\" alt=\"\" aria-describedby=\"gallery-4-394738\" \/><\/a>\n\t\t\t\t<\/dt>\n\t\t\t\t\t<dd class='wp-caption-text gallery-caption' id='gallery-4-394738'>\n\t\t\t\t\tALPAGO\n\t\t\t\t\t<\/dd><\/dl>\n\t\t\t\t<br style='clear: both' \/>\n\t\t\t<\/div>\n\n<\/div>\n<\/div>\n<\/div>\n<p>LA PRO LOCO DI RIVAMONTE TI INVITA AL<span style=\"font-size: 14px; font-weight: normal;\">LA SAGRA DE SANT&#8217;ANTONI, DAL 12 AL 16 GIUGNO OGG<\/span>I A CENA &#8220;PANET ONTI, WURSTEL PATATINE E BIRRA, PROIEZIONE DEL VIDEO SOSPIROLO-NEPAL IN BICI DI FAUSTO DE POI E DALLE 22 CONCERTO CON I BLACK OUT<br \/>\nDOMANI SERATA DANZANTE CON LA SPRITZ BAND, A SEGUIRE DJ MORGAN E BATTAGLIA, CHIUSCO COCKTAIL ALL&#8217;ESTERNO DEL TENDONE DOMENICA 16 PRANZO ALLE 12, POMERIGGIO CON I GRUPPI BATI ORZ DI SANT TOMASO E FOLK DEL POI ALLA CASA DELLA GIOVENTU&#8217; PESCA DI BENEFICIENZA, IN CHIESA I CORDONI DI SANT&#8217;ANTONIO.<\/p>\n<p><strong>SOSPIROLO<\/strong> La prima edizione di &#8220;80 Nostalgia dei 90&#8221; si terr\u00e0 in piazza Lexy a Sospirolo il 15 e 16 giugno. Sabato alle 16 ci sar\u00e0 musica con vinili e mix di successi anni &#8217;80 e &#8217;90, con una proiezione su maxischermo della prima partita degli Europei alle 21. Domenica dalle 10 si terr\u00e0 una fiera dell&#8217;artigianato e mercatino, seguiti alle 14 da musica con dj e alle 15 una sfilata di acconciature e abbigliamento anni &#8217;80 e &#8217;90. Sul palco si esibiranno cinque dj e ci sar\u00e0 uno spettacolo musicale di Lorenzo Dalla Rosa. Ci saranno anche gonfiabili, giostre e truccabimbi per i bambini. In caso di maltempo l&#8217;evento sar\u00e0 rinviato alla settimana seguente.<\/p>\n<p><strong>ALLEGHE<\/strong> Domani alla Grande Baita Civetta ai Piani di Pezz\u00e8 &#8220;Notte in Baita&#8221;. Dalle 17 aperitivo con Dj Set, alle 20:50 la partita degli Europei di Calcio tra Italia ed Albania e post partita con DJ Set fino a tarda notte.<\/p>\n<p><strong>AGORDO<\/strong> Il CAI di Agordo organizza per domenica la Giornata delle Dolomiti Bellunesi con un&#8217;escursione in Val Pramper. Ritrovo alle 7 presso la sede Cai di Agordo al Municipio di Agordo. Per info e prenotazioni 380 6983040<\/p>\n<h2><span style=\"color: #ff0000;\">PROSSIMAMENTE\u00a0<\/span><\/h2>\n<p>Preparatevi a scatenare la vostra energia e a superare i vostri limiti con CorriPoi 2024. Il trofeo di Corse Podistiche a tappe Nell&#8217;Agordino, quattro tappe emozionanti, ognuna delle quali vi porter\u00e0 a scoprire le bellezze naturali del territorio. 22 GIUGNO FRASSENE&#8217;, 7 LUGLIO FORCELLA AURINE, 7 SETTEMBRE VOLTAGO Alla CorriPoi parteciperanno, fianco a fianco, forti runner, atleti della domenica, famiglie, gruppi di amici, giovani corridori in erba, tutti con l&#8217;obiettivo di correre e di divertirsi. Corri verso la vittoria, corri verso il trofeo Alpenpluss. Regolamento delle quattro gare sul sito KEEPSPORTING.COM, in collaborazione con Kiwi Sport, abbigliamento sportivo per tutta la famiglia, ad ALLEGHE- CENCENIGHE &#8211; BELLUNO<\/p>\n<p>&nbsp;<\/p>\n<blockquote>\n<h2>Sagra del Campanot 2024: dieci giorni di tradizione, divertimento e gastronomia a Castion<\/h2>\n<\/blockquote>\n<p>La Sagra del Campanot di Castion ritorna dal 14 al 23 giugno, con una pausa il 17 e 18 giugno, per un&#8217;edizione ricca di eventi, cibo e divertimento. Questo evento annuale celebra la cultura e le tradizioni locali, offrendo un&#8217;esperienza unica per tutti i partecipanti.<br \/>\n<strong>Gastronomia di Qualit\u00e0 <\/strong>Ogni sera, dalle 19:30, e durante i pranzi delle due domeniche, gli ospiti potranno gustare piatti tipici e un men\u00f9 gourmet, accompagnato da vini DOC selezionati. Il pasticcere Stefano Berton preparer\u00e0 deliziosi dolci che delizieranno anche i palati pi\u00f9 esigenti. La sagra promette un viaggio culinario tra i sapori autentici della tradizione locale. <strong>Musica e Intrattenimento\u00a0<\/strong><br \/>\nLe serate saranno animate da musica dal vivo con spettacoli sul palco interno a partire dalle 21:00 e sul palco esterno dalle 22:00 fino a notte fonda. Artisti di vari generi musicali si esibiranno, offrendo un intrattenimento continuo e coinvolgente per tutti i gusti.<br \/>\n<strong>Eventi Sportivi e Attivit\u00e0\u00a0 <\/strong>Il programma della sagra \u00e8 ricco di eventi sportivi e attivit\u00e0 per tutte le et\u00e0: Sabato 15 giugno: Dalle 15:00, torneo di basket per le categorie under 12, 13 e 15. <span style=\"color: #ff0000;\"><strong>Domenica 16 giugno <\/strong><\/span>Dalle 9:00, escursione al Giardino Botanico delle Alpi Orientali e mattinata fitness con 5Squash &amp; Fitness Club. Alle 11:30, 1\u00b0 torneo di burraco. Dalle 16:00, scuola di equitazione western. Alle 18:30, esibizione della scuola di danza CAB. <strong><span style=\"color: #ff0000;\">Mercoled\u00ec 19 giugno:<\/span><\/strong> Giornata dedicata ai bambini con:<br \/>\nOre 16:30, truccabimbi. Ore 18:30, esibizione del coro arcobaleno di Limana. Ore 20:30, spettacolo di giocoleria con il grande Mencho Sosa. <strong>21, 22 e 23 giugno:<\/strong> Torneo Campanot &#8211; 8\u00b0 memorial Alberto e Laura, con un torneo di calcio a 5 e un torneo di volley 3vs3 misto. <strong><span style=\"color: #ff0000;\">Domenica 23 giugno:<\/span><\/strong> Alle 21:00, estrazione dei biglietti vincenti della Lotteria Campanot con un iPhone 15 Plus come primo premio. Sotto il tendone sar\u00e0 possibile seguire le partite dell&#8217;Italia agli Europei 2024, creando un punto di ritrovo per tutti gli appassionati di calcio.\u00a0 Per ulteriori informazioni sul programma completo della Sagra del Campanot, \u00e8 possibile visitare il sito ufficiale <a href=\"http:\/\/www.castion-belluno.it\">www.castion-belluno.it<\/a>.<\/p>\n<p>&nbsp;<\/p>\n<p>&nbsp;<\/p>\n<p>&nbsp;<\/p>\n<hr \/>\n<p>&nbsp;<\/p>\n<p><a class=\"dt-pswp-item\" href=\"https:\/\/www.radiopiu.net\/wordpress\/wp-content\/uploads\/2018\/09\/viabilita.jpeg\" data-dt-img-description=\"\" data-large_image_width=\"800\" data-large_image_height=\"100\"><img loading=\"lazy\" decoding=\"async\" class=\"aligncenter wp-image-61954 size-full\" src=\"https:\/\/www.radiopiu.net\/wordpress\/wp-content\/uploads\/2018\/09\/viabilita.jpeg\" alt=\"\" width=\"800\" height=\"100\" srcset=\"https:\/\/www.radiopiu.net\/wordpress\/wp-content\/uploads\/2018\/09\/viabilita.jpeg 800w, https:\/\/www.radiopiu.net\/wordpress\/wp-content\/uploads\/2018\/09\/viabilita-300x38.jpeg 300w, https:\/\/www.radiopiu.net\/wordpress\/wp-content\/uploads\/2018\/09\/viabilita-768x96.jpeg 768w\" sizes=\"auto, (max-width: 800px) 100vw, 800px\" \/><\/a><\/p>\n<p>&nbsp;<\/p>\n<p><a class=\"dt-pswp-item\" href=\"https:\/\/www.radiopiu.net\/wordpress\/wp-content\/uploads\/2023\/12\/botol-car-service.jpg\" data-dt-img-description=\"\" data-large_image_width=\"600\" data-large_image_height=\"600\"><img loading=\"lazy\" decoding=\"async\" class=\"size-medium wp-image-367044 aligncenter\" src=\"https:\/\/www.radiopiu.net\/wordpress\/wp-content\/uploads\/2023\/12\/botol-car-service-300x300.jpg\" alt=\"\" width=\"300\" height=\"300\" srcset=\"https:\/\/www.radiopiu.net\/wordpress\/wp-content\/uploads\/2023\/12\/botol-car-service-300x300.jpg 300w, https:\/\/www.radiopiu.net\/wordpress\/wp-content\/uploads\/2023\/12\/botol-car-service-150x150.jpg 150w, https:\/\/www.radiopiu.net\/wordpress\/wp-content\/uploads\/2023\/12\/botol-car-service.jpg 600w\" sizes=\"auto, (max-width: 300px) 100vw, 300px\" \/><\/a><\/p>\n<p>&nbsp;<\/p>\n<p>&nbsp;<\/p>\n<h1>BOLLETTINO QUOTIDIANO, CLICCA QUI<\/h1>\n<blockquote class=\"wp-embedded-content\" data-secret=\"ozpzDxwbnl\"><p><a href=\"https:\/\/www.radiopiu.net\/wordpress\/viabilita-2\/\">viabilita<\/a><\/p><\/blockquote>\n<p><iframe loading=\"lazy\" class=\"wp-embedded-content\" sandbox=\"allow-scripts\" security=\"restricted\" style=\"position: absolute; clip: rect(1px, 1px, 1px, 1px);\" title=\"&#8220;viabilita&#8221; &#8212; Radio Pi\u00f9\" src=\"https:\/\/www.radiopiu.net\/wordpress\/viabilita-2\/embed\/#?secret=O87dskzFJq#?secret=ozpzDxwbnl\" data-secret=\"ozpzDxwbnl\" width=\"600\" height=\"338\" frameborder=\"0\" marginwidth=\"0\" marginheight=\"0\" scrolling=\"no\"><\/iframe><\/p>\n<p>&nbsp;<\/p>\n<p>&nbsp;<\/p>\n<hr \/>\n<p>&nbsp;<\/p>\n<p><a class=\"dt-pswp-item\" href=\"https:\/\/www.radiopiu.net\/wordpress\/wp-content\/uploads\/2018\/09\/WhatsApp-Image-2018-09-20-at-16.04.06.jpeg\" data-dt-img-description=\"\" data-large_image_width=\"800\" data-large_image_height=\"100\"><img loading=\"lazy\" decoding=\"async\" class=\"wp-image-61378 size-full aligncenter\" src=\"https:\/\/www.radiopiu.net\/wordpress\/wp-content\/uploads\/2018\/09\/WhatsApp-Image-2018-09-20-at-16.04.06.jpeg\" alt=\"\" width=\"800\" height=\"100\" srcset=\"https:\/\/www.radiopiu.net\/wordpress\/wp-content\/uploads\/2018\/09\/WhatsApp-Image-2018-09-20-at-16.04.06.jpeg 800w, https:\/\/www.radiopiu.net\/wordpress\/wp-content\/uploads\/2018\/09\/WhatsApp-Image-2018-09-20-at-16.04.06-300x38.jpeg 300w, https:\/\/www.radiopiu.net\/wordpress\/wp-content\/uploads\/2018\/09\/WhatsApp-Image-2018-09-20-at-16.04.06-768x96.jpeg 768w\" sizes=\"auto, (max-width: 800px) 100vw, 800px\" \/><\/a><\/p>\n<p><center><\/center><center><\/center><center><\/center><center><\/center><center><\/center><center><\/center>&nbsp;<\/p>\n<p><center><\/center><center><\/center><center><\/center><center><\/center><center><\/center><center><\/center><center><\/center><center><b>OGGI<\/b><\/center>Cielo da parzialmente nuvoloso a nuvoloso specie durante le ore centrali e nel pomeriggio, con qualche schiarita pi\u00f9 probabile fino al primo mattino e poi verso sera e su Prealpi occidentali.<br \/>\n<b>Precipitazioni: <\/b>Generalmente assenti o al pi\u00f9 poco probabile qualche goccia o breve piovasco qua e l\u00e0 nel pomeriggio su Dolomiti.<br \/>\nTemperature in generale lieve aumento.<\/p>\n<hr \/>\n<p><center><b>DOMANI<\/b><\/center>Al mattino nuvolosit\u00e0 irregolare anche per estese nubi medio-basse specie su Dolomiti, e qualche schiarita pi\u00f9 probabile su Prealpi veronesi e vicentine, in giornata tendenza ad ulteriore aumento della nuvolosit\u00e0 fino a nuvoloso o molto nuvoloso anche per attivit\u00e0 cumuliforme nel pomeriggio.<br \/>\n<b>Precipitazioni: <\/b>Nel pomeriggio aumento della probabilit\u00e0 di rovesci e isolati temporali, pi\u00f9 probabili su Bellunese rispetto a Prealpi occidentali<br \/>\nTemperature in aumento.<\/p>\n<hr \/>\n<p><center><b>DOMENICA<\/b><\/center>Al mattino sereno o poco nuvoloso con nubi basse su alcuni settori dolomitici in rapido dissolvimento. In giornata soleggiato con formazione di nubi cumuliformi nel pomeriggio e non escluso un temporale specie su Dolomiti. Temperature pressoch\u00e8 stazionarie.<\/p>\n<hr \/>\n<p><center><b>LUNEDI<\/b><\/center>Al mattino sereno o poco nuvoloso con qualche nube bassa su Dolomiti in rapido dissolvimento. In giornata poco nuvoloso con sviluppo moderato di nuvolosit\u00e0 cumuliforme nel pomeriggio su Dolomiti dove non \u00e8 esclusa la possibilit\u00e0 di un rovescio\/temporale. Temperature in generale aumento.<\/p>\n<p>&nbsp;<\/p>\n<hr \/>\n<p>&nbsp;<\/p>\n<p><img loading=\"lazy\" decoding=\"async\" class=\"wp-image-60761 size-full aligncenter\" src=\"https:\/\/www.radiopiu.net\/wordpress\/wp-content\/uploads\/2018\/09\/sport.jpg\" alt=\"\" width=\"800\" height=\"100\" srcset=\"https:\/\/www.radiopiu.net\/wordpress\/wp-content\/uploads\/2018\/09\/sport.jpg 800w, https:\/\/www.radiopiu.net\/wordpress\/wp-content\/uploads\/2018\/09\/sport-300x38.jpg 300w, https:\/\/www.radiopiu.net\/wordpress\/wp-content\/uploads\/2018\/09\/sport-768x96.jpg 768w\" sizes=\"auto, (max-width: 800px) 100vw, 800px\" \/><\/p>\n<p>&nbsp;<\/p>\n<p><span style=\"color: #0000ff;\"><strong>CALCIO<\/strong><\/span><\/p>\n<blockquote>\n<h3>VENEZIA IN RITIRO A FALCADE E POSSIBILE AMICHEVOLE CON LA CLODIENSE<\/h3>\n<\/blockquote>\n<p><a class=\"dt-pswp-item\" href=\"https:\/\/www.radiopiu.net\/wordpress\/wp-content\/uploads\/2023\/06\/LOGO-VENEZIA-FALCADE.jpg\" data-dt-img-description=\"\" data-large_image_width=\"1417\" data-large_image_height=\"952\"><img loading=\"lazy\" decoding=\"async\" class=\" wp-image-341120 alignleft\" src=\"https:\/\/www.radiopiu.net\/wordpress\/wp-content\/uploads\/2023\/06\/LOGO-VENEZIA-FALCADE-300x202.jpg\" alt=\"\" width=\"187\" height=\"126\" srcset=\"https:\/\/www.radiopiu.net\/wordpress\/wp-content\/uploads\/2023\/06\/LOGO-VENEZIA-FALCADE-300x202.jpg 300w, https:\/\/www.radiopiu.net\/wordpress\/wp-content\/uploads\/2023\/06\/LOGO-VENEZIA-FALCADE-1024x688.jpg 1024w, https:\/\/www.radiopiu.net\/wordpress\/wp-content\/uploads\/2023\/06\/LOGO-VENEZIA-FALCADE-768x516.jpg 768w, https:\/\/www.radiopiu.net\/wordpress\/wp-content\/uploads\/2023\/06\/LOGO-VENEZIA-FALCADE.jpg 1417w\" sizes=\"auto, (max-width: 187px) 100vw, 187px\" \/><\/a>Il 20 luglio potrebbe esserci un&#8217;amichevole tra Venezia e Clodiense a Falcade, in attesa delle date del ritiro dei neopromossi in Serie A, il Venezia, e dei neopromossi in Serie C, la Clodiense. Non \u00e8 affatto escluso le due compagini veneziane si affrontino in un derby estivo sul campo di Falcade. Grazie agli sforzi dell&#8217;amministrazione comunale e alla collaborazione con Promo Falcade e Polisportiva Focobon, \u00e8 stato trovato l&#8217;Hotel Belvedere per ospitare entrambe le squadre. Le date definitive dipenderanno dalla nomina del nuovo allenatore del Venezia. La Clodiense dovrebbe arrivare a Valle del Biois il 20 luglio, coincidente con la fine del ritiro del Venezia, permettendo un possibile derby amichevole. Fulvio Valt, consigliere comunale, ha confermato che si sta lavorando in questa direzione. La presenza delle squadre professionistiche \u00e8 positiva per l&#8217;immagine locale e il turismo. La Clodiense potrebbe giocare un&#8217;altra amichevole il 27 luglio, prima di tornare in citt\u00e0.<\/p>\n<p>&nbsp;<\/p>\n<p><span style=\"color: #0000ff;\"><strong>HOCKEY SU GHIACCIO<\/strong><\/span><\/p>\n<blockquote>\n<h3 class=\"entry-title\">LORIS DE VAL RESTA ALL\u2019ALLEGHE HOCKEY<\/h3>\n<\/blockquote>\n<p><strong class=\"photoswipe-wrapper\"><a class=\"dt-pswp-item pspw-wrap-ready\" href=\"https:\/\/www.radiopiu.net\/wordpress\/wp-content\/uploads\/2024\/06\/9cb3d28b-95bb-4084-8910-0900efcf70af.jpeg\" data-dt-img-description=\"\" data-large_image_width=\"940\" data-large_image_height=\"788\"><img loading=\"lazy\" decoding=\"async\" class=\" wp-image-394620 alignleft\" src=\"https:\/\/www.radiopiu.net\/wordpress\/wp-content\/uploads\/2024\/06\/9cb3d28b-95bb-4084-8910-0900efcf70af-300x251.jpeg\" sizes=\"auto, (max-width: 300px) 100vw, 300px\" srcset=\"https:\/\/www.radiopiu.net\/wordpress\/wp-content\/uploads\/2024\/06\/9cb3d28b-95bb-4084-8910-0900efcf70af-300x251.jpeg 300w, https:\/\/www.radiopiu.net\/wordpress\/wp-content\/uploads\/2024\/06\/9cb3d28b-95bb-4084-8910-0900efcf70af-768x644.jpeg 768w, https:\/\/www.radiopiu.net\/wordpress\/wp-content\/uploads\/2024\/06\/9cb3d28b-95bb-4084-8910-0900efcf70af.jpeg 940w\" alt=\"\" width=\"172\" height=\"144\" \/><\/a>DI ROBERTO MIANA, PORTAVOCE DELL\u2019ALLEGHE HOCKEY<\/strong><\/p>\n<p>Nuove buone notizie in riva al lago con la conferma da parte dell\u2019Alleghe Hockey del veterano Loris De Val. Classe 1984 di San Tomaso, geometra nel comune del suo paese e libero professionista. Nel tempo libero, quando non \u00e8 impegnato con l\u2019hockey, ama giocare a calcio e fare escursioni in montagna. Attaccante di grande esperienza con diciassettenne stagioni disputate in maglia biancorossa \u00e8 pedina importante nel gioco di squadra, con grande intelligenza tattica e fiuto del gol. Dal suo esordio in prima squadra, nella stagione 2013\/2014, in 307 gare disputate (tutte con le Civette) ha messo a referto 156 gol e 167 assist. Le parole di Loris: \u201cSono molto felice di continuare la mia avventura ad Alleghe. Per come \u00e8 andata la scorsa stagione, positiva sotto tanti punti di vista nonostante il mancato accesso alla semifinale, non ho avuto dubbi sul fatto di affrontare una nuova stagione in maglia biancorossa perch\u00e9 in fondo ho ancora voglia di giocare. La Societ\u00e0, fin da subito, ci aveva comunicato di volersi presentare al via del prossimo campionato con una squadra competitiva e sono sicuro che si impegner\u00e0 fino alla fine per farlo. Senza dubbio ci aspetta un campionato di livello superiore rispetto a quelli passati, anche perch\u00e9 si sono aggiunte due ottime squadre, come Fassa ed Aosta, che renderanno il torneo ancora pi\u00f9 competitivo\u201d.<\/p>\n<p>&nbsp;<\/p>\n<hr \/>\n<p>&nbsp;<\/p>\n<h2><span style=\"color: #008000;\">GOODBYE BY BICICLE&#8230;UN VIAGGIO DALL&#8217;INDIA A SEREN DEL GRAPPA IN BICICLETTA<\/span><\/h2>\n<p><span style=\"color: #ff0000;\"><strong>PUNTATA 17 &#8211; GIORNATE IMPEGNATIVE TRA INCONTRI E LUNGHE PEDALATE<\/strong><\/span><\/p>\n<audio class=\"wp-audio-shortcode\" id=\"audio-394563-17\" preload=\"none\" style=\"width: 100%;\" controls=\"controls\"><source type=\"audio\/mpeg\" src=\"https:\/\/www.radiopiu.net\/wordpress\/wp-content\/uploads\/2024\/05\/AIRE-INDIA-PUNTATA-17.mp3?_=17\" \/><a href=\"https:\/\/www.radiopiu.net\/wordpress\/wp-content\/uploads\/2024\/05\/AIRE-INDIA-PUNTATA-17.mp3\">https:\/\/www.radiopiu.net\/wordpress\/wp-content\/uploads\/2024\/05\/AIRE-INDIA-PUNTATA-17.mp3<\/a><\/audio>\n<p>&nbsp;<\/p>\n\n\t\t\t<style type='text\/css'>\n\t\t\t\t#gallery-5 {\n\t\t\t\t\tmargin: auto;\n\t\t\t\t}\n\t\t\t\t#gallery-5 .gallery-item {\n\t\t\t\t\tfloat: left;\n\t\t\t\t\tmargin-top: 10px;\n\t\t\t\t\ttext-align: center;\n\t\t\t\t\twidth: 20%;\n\t\t\t\t}\n\t\t\t\t#gallery-5 img {\n\t\t\t\t\tborder: 2px solid #cfcfcf;\n\t\t\t\t}\n\t\t\t\t#gallery-5 .gallery-caption {\n\t\t\t\t\tmargin-left: 0;\n\t\t\t\t}\n\t\t\t\t\/* see gallery_shortcode() in wp-includes\/media.php *\/\n\t\t\t<\/style>\n\t\t<div id='gallery-5' class='dt-gallery-container gallery galleryid-394563 gallery-columns-5 gallery-size-thumbnail'><dl class='gallery-item'>\n\t\t\t\t<dt class='gallery-icon portrait'>\n\t\t\t\t\t<a class=\"rollover rollover-zoom dt-pswp-item\" title=\"9ee4f4f3-bd33-4279-b22a-fd98ec990e2c\" data-dt-img-description=\"\" data-large_image_width=\"963\" data-large_image_height=\"1280\"href='https:\/\/www.radiopiu.net\/wordpress\/wp-content\/uploads\/2024\/05\/9ee4f4f3-bd33-4279-b22a-fd98ec990e2c.jpg'><img loading=\"lazy\" decoding=\"async\" width=\"150\" height=\"150\" src=\"https:\/\/www.radiopiu.net\/wordpress\/wp-content\/uploads\/2024\/05\/9ee4f4f3-bd33-4279-b22a-fd98ec990e2c-150x150.jpg\" class=\"attachment-thumbnail size-thumbnail\" alt=\"\" \/><\/a>\n\t\t\t\t<\/dt><\/dl><dl class='gallery-item'>\n\t\t\t\t<dt class='gallery-icon portrait'>\n\t\t\t\t\t<a class=\"rollover rollover-zoom dt-pswp-item\" title=\"2a7a0948-eaa3-48da-852d-56265e7ace11\" data-dt-img-description=\"\" data-large_image_width=\"1500\" data-large_image_height=\"2000\"href='https:\/\/www.radiopiu.net\/wordpress\/wp-content\/uploads\/2024\/05\/2a7a0948-eaa3-48da-852d-56265e7ace11.jpg'><img loading=\"lazy\" decoding=\"async\" width=\"150\" height=\"150\" src=\"https:\/\/www.radiopiu.net\/wordpress\/wp-content\/uploads\/2024\/05\/2a7a0948-eaa3-48da-852d-56265e7ace11-150x150.jpg\" class=\"attachment-thumbnail size-thumbnail\" alt=\"\" \/><\/a>\n\t\t\t\t<\/dt><\/dl><dl class='gallery-item'>\n\t\t\t\t<dt class='gallery-icon landscape'>\n\t\t\t\t\t<a class=\"rollover rollover-zoom dt-pswp-item\" title=\"040dc781-99fc-4124-b937-18cf8a6bdb59\" data-dt-img-description=\"\" data-large_image_width=\"2000\" data-large_image_height=\"1500\"href='https:\/\/www.radiopiu.net\/wordpress\/wp-content\/uploads\/2024\/05\/040dc781-99fc-4124-b937-18cf8a6bdb59.jpg'><img loading=\"lazy\" decoding=\"async\" width=\"150\" height=\"150\" src=\"https:\/\/www.radiopiu.net\/wordpress\/wp-content\/uploads\/2024\/05\/040dc781-99fc-4124-b937-18cf8a6bdb59-150x150.jpg\" class=\"attachment-thumbnail size-thumbnail\" alt=\"\" \/><\/a>\n\t\t\t\t<\/dt><\/dl><dl class='gallery-item'>\n\t\t\t\t<dt class='gallery-icon portrait'>\n\t\t\t\t\t<a class=\"rollover rollover-zoom dt-pswp-item\" title=\"7739d2b9-a07f-4f34-af0f-74b7c05be1de\" data-dt-img-description=\"\" data-large_image_width=\"1200\" data-large_image_height=\"1600\"href='https:\/\/www.radiopiu.net\/wordpress\/wp-content\/uploads\/2024\/05\/7739d2b9-a07f-4f34-af0f-74b7c05be1de.jpg'><img loading=\"lazy\" decoding=\"async\" width=\"150\" height=\"150\" src=\"https:\/\/www.radiopiu.net\/wordpress\/wp-content\/uploads\/2024\/05\/7739d2b9-a07f-4f34-af0f-74b7c05be1de-150x150.jpg\" class=\"attachment-thumbnail size-thumbnail\" alt=\"\" \/><\/a>\n\t\t\t\t<\/dt><\/dl><dl class='gallery-item'>\n\t\t\t\t<dt class='gallery-icon portrait'>\n\t\t\t\t\t<a class=\"rollover rollover-zoom dt-pswp-item\" title=\"b144c8d7-be39-4154-80d9-2302ebe2f9dd\" data-dt-img-description=\"\" data-large_image_width=\"963\" data-large_image_height=\"1280\"href='https:\/\/www.radiopiu.net\/wordpress\/wp-content\/uploads\/2024\/05\/b144c8d7-be39-4154-80d9-2302ebe2f9dd.jpg'><img loading=\"lazy\" decoding=\"async\" width=\"150\" height=\"150\" src=\"https:\/\/www.radiopiu.net\/wordpress\/wp-content\/uploads\/2024\/05\/b144c8d7-be39-4154-80d9-2302ebe2f9dd-150x150.jpg\" class=\"attachment-thumbnail size-thumbnail\" alt=\"\" \/><\/a>\n\t\t\t\t<\/dt><\/dl><br style=\"clear: both\" \/>\n\t\t\t<\/div>\n\n<p>&nbsp;<\/p>\n","protected":false},"excerpt":{"rendered":"<p>******* &nbsp; &nbsp; ATTENZIONE: LA NUOVA APP PER IOS-IPHONE di Nicola Vettorello https:\/\/apps.apple.com\/it\/app\/radio-pi%C3%B9-emittente-agordina\/id1515939845 ATTENZIONE: LA NUOVA APP RADIO\u00a0 PER ANDROID di Nicola Vettorello https:\/\/play.google.com\/store\/apps\/details?id=net.radiopiu.iniko\u00a0\u00a0\u00a0 &nbsp; &nbsp; &nbsp; OGGI ALLA RADIO:\u00a0ALLE 6.15 PIROLE DE LENGA, CON IL MUSLA\u00a0 ALLE 7.20\u00a0EL BAL DEL FIOR, DETTI E TRADIZIONI DI GIULIANA DA RONCH;\u00a0ALLE 8.20 PIU SIAMO CON MARINA 9.10&hellip;<\/p>\n","protected":false},"author":4,"featured_media":394723,"comment_status":"closed","ping_status":"closed","sticky":false,"template":"","format":"standard","meta":{"_monsterinsights_skip_tracking":false,"_monsterinsights_sitenote_active":false,"_monsterinsights_sitenote_note":"","_monsterinsights_sitenote_category":0,"footnotes":""},"categories":[51,86,49],"tags":[],"class_list":["post-394563","post","type-post","status-publish","format-standard","has-post-thumbnail","hentry","category-evidenza-top","category-gr","category-news-18","category-51","category-86","category-49","description-off"],"img_url":"https:\/\/www.radiopiu.net\/wordpress\/wp-content\/uploads\/2024\/06\/447965791_10212148683668318_5655142396841614550_n.jpg","_links":{"self":[{"href":"https:\/\/www.radiopiu.net\/wordpress\/wp-json\/wp\/v2\/posts\/394563","targetHints":{"allow":["GET"]}}],"collection":[{"href":"https:\/\/www.radiopiu.net\/wordpress\/wp-json\/wp\/v2\/posts"}],"about":[{"href":"https:\/\/www.radiopiu.net\/wordpress\/wp-json\/wp\/v2\/types\/post"}],"author":[{"embeddable":true,"href":"https:\/\/www.radiopiu.net\/wordpress\/wp-json\/wp\/v2\/users\/4"}],"replies":[{"embeddable":true,"href":"https:\/\/www.radiopiu.net\/wordpress\/wp-json\/wp\/v2\/comments?post=394563"}],"version-history":[{"count":0,"href":"https:\/\/www.radiopiu.net\/wordpress\/wp-json\/wp\/v2\/posts\/394563\/revisions"}],"wp:featuredmedia":[{"embeddable":true,"href":"https:\/\/www.radiopiu.net\/wordpress\/wp-json\/wp\/v2\/media\/394723"}],"wp:attachment":[{"href":"https:\/\/www.radiopiu.net\/wordpress\/wp-json\/wp\/v2\/media?parent=394563"}],"wp:term":[{"taxonomy":"category","embeddable":true,"href":"https:\/\/www.radiopiu.net\/wordpress\/wp-json\/wp\/v2\/categories?post=394563"},{"taxonomy":"post_tag","embeddable":true,"href":"https:\/\/www.radiopiu.net\/wordpress\/wp-json\/wp\/v2\/tags?post=394563"}],"curies":[{"name":"wp","href":"https:\/\/api.w.org\/{rel}","templated":true}]}}