{"id":394660,"date":"2024-06-14T05:52:26","date_gmt":"2024-06-14T03:52:26","guid":{"rendered":"https:\/\/www.radiopiu.net\/wordpress\/?p=394660"},"modified":"2024-06-14T06:07:50","modified_gmt":"2024-06-14T04:07:50","slug":"doppio-intervento-del-suem-118","status":"publish","type":"post","link":"https:\/\/www.radiopiu.net\/wordpress\/doppio-intervento-del-suem-118\/","title":{"rendered":"DOPPIO INTERVENTO DEL SUEM 118 PER UN INCIDENTE ED UN MALORE"},"content":{"rendered":"<p>*******<\/p>\n<p>&nbsp;<\/p>\n<p><strong><a class=\"dt-pswp-item\" href=\"https:\/\/www.radiopiu.net\/wordpress\/wp-content\/uploads\/2024\/03\/salt-croce-verde-val-biois-1.jpg\" data-dt-img-description=\"\" data-large_image_width=\"2048\" data-large_image_height=\"1536\"><img loading=\"lazy\" decoding=\"async\" class=\" wp-image-380539 alignleft\" src=\"https:\/\/www.radiopiu.net\/wordpress\/wp-content\/uploads\/2024\/03\/salt-croce-verde-val-biois-1-300x225.jpg\" alt=\"\" width=\"143\" height=\"107\" srcset=\"https:\/\/www.radiopiu.net\/wordpress\/wp-content\/uploads\/2024\/03\/salt-croce-verde-val-biois-1-300x225.jpg 300w, https:\/\/www.radiopiu.net\/wordpress\/wp-content\/uploads\/2024\/03\/salt-croce-verde-val-biois-1-1024x768.jpg 1024w, https:\/\/www.radiopiu.net\/wordpress\/wp-content\/uploads\/2024\/03\/salt-croce-verde-val-biois-1-768x576.jpg 768w, https:\/\/www.radiopiu.net\/wordpress\/wp-content\/uploads\/2024\/03\/salt-croce-verde-val-biois-1-1536x1152.jpg 1536w, https:\/\/www.radiopiu.net\/wordpress\/wp-content\/uploads\/2024\/03\/salt-croce-verde-val-biois-1.jpg 2048w\" sizes=\"auto, (max-width: 143px) 100vw, 143px\" \/><\/a>REDAZIONE<\/strong> La giornata del Suem 118 \u00e8 iniziata stamane poco dopo le 10 quando la centrale operativa \u00e8 stata allertata per un incidente motociclistico sulla strada che porta al Passo Falzarego. Un olandese di 26 anni \u00e8 stato soccorso dall&#8217;ambulanza che ha portato il motociclista all&#8217;ospedale di Cortina con ferite di media gravit\u00e0. Poco dopo le 13 il secondo intervento. Questa volta si \u00e8 alzato in volo l&#8217;elicottero Falco per raggiungere al Rifugio Auronzo un cinquantenne del posto che aveva accusato un malore con dolore toracico. Il paziente \u00e8 stato preso in cura dall&#8217;ospedale San Martino di Belluno.<\/p>\n<p>&nbsp;<\/p>\n<p>&nbsp;<\/p>\n<p>********<\/p>\n","protected":false},"excerpt":{"rendered":"<p>******* &nbsp; REDAZIONE La giornata del Suem 118 \u00e8 iniziata stamane poco dopo le 10 quando la centrale operativa \u00e8 stata allertata per un incidente motociclistico sulla strada che porta al Passo Falzarego. Un olandese di 26 anni \u00e8 stato soccorso dall&#8217;ambulanza che ha portato il motociclista all&#8217;ospedale di Cortina con ferite di media gravit\u00e0.&hellip;<\/p>\n","protected":false},"author":4,"featured_media":380539,"comment_status":"closed","ping_status":"closed","sticky":false,"template":"","format":"standard","meta":{"_monsterinsights_skip_tracking":false,"_monsterinsights_sitenote_active":false,"_monsterinsights_sitenote_note":"","_monsterinsights_sitenote_category":0,"footnotes":""},"categories":[51,49],"tags":[],"class_list":["post-394660","post","type-post","status-publish","format-standard","has-post-thumbnail","hentry","category-evidenza-top","category-news-18","category-51","category-49","description-off"],"img_url":"https:\/\/www.radiopiu.net\/wordpress\/wp-content\/uploads\/2024\/03\/salt-croce-verde-val-biois-1.jpg","_links":{"self":[{"href":"https:\/\/www.radiopiu.net\/wordpress\/wp-json\/wp\/v2\/posts\/394660","targetHints":{"allow":["GET"]}}],"collection":[{"href":"https:\/\/www.radiopiu.net\/wordpress\/wp-json\/wp\/v2\/posts"}],"about":[{"href":"https:\/\/www.radiopiu.net\/wordpress\/wp-json\/wp\/v2\/types\/post"}],"author":[{"embeddable":true,"href":"https:\/\/www.radiopiu.net\/wordpress\/wp-json\/wp\/v2\/users\/4"}],"replies":[{"embeddable":true,"href":"https:\/\/www.radiopiu.net\/wordpress\/wp-json\/wp\/v2\/comments?post=394660"}],"version-history":[{"count":0,"href":"https:\/\/www.radiopiu.net\/wordpress\/wp-json\/wp\/v2\/posts\/394660\/revisions"}],"wp:featuredmedia":[{"embeddable":true,"href":"https:\/\/www.radiopiu.net\/wordpress\/wp-json\/wp\/v2\/media\/380539"}],"wp:attachment":[{"href":"https:\/\/www.radiopiu.net\/wordpress\/wp-json\/wp\/v2\/media?parent=394660"}],"wp:term":[{"taxonomy":"category","embeddable":true,"href":"https:\/\/www.radiopiu.net\/wordpress\/wp-json\/wp\/v2\/categories?post=394660"},{"taxonomy":"post_tag","embeddable":true,"href":"https:\/\/www.radiopiu.net\/wordpress\/wp-json\/wp\/v2\/tags?post=394660"}],"curies":[{"name":"wp","href":"https:\/\/api.w.org\/{rel}","templated":true}]}}