{"id":394708,"date":"2024-06-15T05:58:34","date_gmt":"2024-06-15T03:58:34","guid":{"rendered":"https:\/\/www.radiopiu.net\/wordpress\/?p=394708"},"modified":"2024-06-15T14:10:31","modified_gmt":"2024-06-15T12:10:31","slug":"giornale-radiopiu-15-giugno-2024-direttore-mirko-mezzacasada-40-anni-25-giugno-1983-25-giugno-2023","status":"publish","type":"post","link":"https:\/\/www.radiopiu.net\/wordpress\/giornale-radiopiu-15-giugno-2024-direttore-mirko-mezzacasada-40-anni-25-giugno-1983-25-giugno-2023\/","title":{"rendered":"GIORNALE RADIOPIU 15 GIUGNO 2024 DIRETTORE MIRKO MEZZACASA\u2026DA 40 ANNI 25 GIUGNO 1983-25 GIUGNO 2023"},"content":{"rendered":"<p>*******<\/p>\n<p>&nbsp;<\/p>\n<blockquote>\n<h2>E IN EDICOLA&#8230; MENSILE NEWS. IL NUOVO MENSILE PER LA PROVINCIA<\/h2>\n<\/blockquote>\n\n\t\t\t<style type='text\/css'>\n\t\t\t\t#gallery-1 {\n\t\t\t\t\tmargin: auto;\n\t\t\t\t}\n\t\t\t\t#gallery-1 .gallery-item {\n\t\t\t\t\tfloat: left;\n\t\t\t\t\tmargin-top: 10px;\n\t\t\t\t\ttext-align: center;\n\t\t\t\t\twidth: 33%;\n\t\t\t\t}\n\t\t\t\t#gallery-1 img {\n\t\t\t\t\tborder: 2px solid #cfcfcf;\n\t\t\t\t}\n\t\t\t\t#gallery-1 .gallery-caption {\n\t\t\t\t\tmargin-left: 0;\n\t\t\t\t}\n\t\t\t\t\/* see gallery_shortcode() in wp-includes\/media.php *\/\n\t\t\t<\/style>\n\t\t<div id='gallery-1' class='dt-gallery-container gallery galleryid-394708 gallery-columns-3 gallery-size-medium'><dl class='gallery-item'>\n\t\t\t\t<dt class='gallery-icon landscape'>\n\t\t\t\t\t<a class=\"rollover rollover-zoom dt-pswp-item\" title=\"d207737f-2868-486c-9142-f36bf0aea4c1\" data-dt-img-description=\"\" data-large_image_width=\"2048\" data-large_image_height=\"1152\"href='https:\/\/www.radiopiu.net\/wordpress\/wp-content\/uploads\/2024\/06\/d207737f-2868-486c-9142-f36bf0aea4c1-e1718341374163.jpg'><img loading=\"lazy\" decoding=\"async\" width=\"300\" height=\"169\" src=\"https:\/\/www.radiopiu.net\/wordpress\/wp-content\/uploads\/2024\/06\/d207737f-2868-486c-9142-f36bf0aea4c1-e1718341374163-300x169.jpg\" class=\"attachment-medium size-medium\" alt=\"\" srcset=\"https:\/\/www.radiopiu.net\/wordpress\/wp-content\/uploads\/2024\/06\/d207737f-2868-486c-9142-f36bf0aea4c1-e1718341374163-300x169.jpg 300w, https:\/\/www.radiopiu.net\/wordpress\/wp-content\/uploads\/2024\/06\/d207737f-2868-486c-9142-f36bf0aea4c1-e1718341374163-1024x576.jpg 1024w, https:\/\/www.radiopiu.net\/wordpress\/wp-content\/uploads\/2024\/06\/d207737f-2868-486c-9142-f36bf0aea4c1-e1718341374163-768x432.jpg 768w, https:\/\/www.radiopiu.net\/wordpress\/wp-content\/uploads\/2024\/06\/d207737f-2868-486c-9142-f36bf0aea4c1-e1718341374163-1536x864.jpg 1536w, https:\/\/www.radiopiu.net\/wordpress\/wp-content\/uploads\/2024\/06\/d207737f-2868-486c-9142-f36bf0aea4c1-e1718341374163.jpg 2048w\" sizes=\"auto, (max-width: 300px) 100vw, 300px\" \/><\/a>\n\t\t\t\t<\/dt><\/dl><dl class='gallery-item'>\n\t\t\t\t<dt class='gallery-icon landscape'>\n\t\t\t\t\t<a class=\"rollover rollover-zoom dt-pswp-item\" title=\"cea18179-cbca-4a07-8f04-e05b4bec499e\" data-dt-img-description=\"\" data-large_image_width=\"2048\" data-large_image_height=\"1152\"href='https:\/\/www.radiopiu.net\/wordpress\/wp-content\/uploads\/2024\/06\/cea18179-cbca-4a07-8f04-e05b4bec499e-e1718341365962.jpg'><img loading=\"lazy\" decoding=\"async\" width=\"300\" height=\"169\" src=\"https:\/\/www.radiopiu.net\/wordpress\/wp-content\/uploads\/2024\/06\/cea18179-cbca-4a07-8f04-e05b4bec499e-e1718341365962-300x169.jpg\" class=\"attachment-medium size-medium\" alt=\"\" srcset=\"https:\/\/www.radiopiu.net\/wordpress\/wp-content\/uploads\/2024\/06\/cea18179-cbca-4a07-8f04-e05b4bec499e-e1718341365962-300x169.jpg 300w, https:\/\/www.radiopiu.net\/wordpress\/wp-content\/uploads\/2024\/06\/cea18179-cbca-4a07-8f04-e05b4bec499e-e1718341365962-1024x576.jpg 1024w, https:\/\/www.radiopiu.net\/wordpress\/wp-content\/uploads\/2024\/06\/cea18179-cbca-4a07-8f04-e05b4bec499e-e1718341365962-768x432.jpg 768w, https:\/\/www.radiopiu.net\/wordpress\/wp-content\/uploads\/2024\/06\/cea18179-cbca-4a07-8f04-e05b4bec499e-e1718341365962-1536x864.jpg 1536w, https:\/\/www.radiopiu.net\/wordpress\/wp-content\/uploads\/2024\/06\/cea18179-cbca-4a07-8f04-e05b4bec499e-e1718341365962.jpg 2048w\" sizes=\"auto, (max-width: 300px) 100vw, 300px\" \/><\/a>\n\t\t\t\t<\/dt><\/dl><dl class='gallery-item'>\n\t\t\t\t<dt class='gallery-icon landscape'>\n\t\t\t\t\t<a class=\"rollover rollover-zoom dt-pswp-item\" title=\"ce89ce89-bdeb-4941-b30d-dfb4618e8ae0\" data-dt-img-description=\"\" data-large_image_width=\"2048\" data-large_image_height=\"1152\"href='https:\/\/www.radiopiu.net\/wordpress\/wp-content\/uploads\/2024\/06\/ce89ce89-bdeb-4941-b30d-dfb4618e8ae0-e1718341402158.jpg'><img loading=\"lazy\" decoding=\"async\" width=\"300\" height=\"169\" src=\"https:\/\/www.radiopiu.net\/wordpress\/wp-content\/uploads\/2024\/06\/ce89ce89-bdeb-4941-b30d-dfb4618e8ae0-e1718341402158-300x169.jpg\" class=\"attachment-medium size-medium\" alt=\"\" srcset=\"https:\/\/www.radiopiu.net\/wordpress\/wp-content\/uploads\/2024\/06\/ce89ce89-bdeb-4941-b30d-dfb4618e8ae0-e1718341402158-300x169.jpg 300w, https:\/\/www.radiopiu.net\/wordpress\/wp-content\/uploads\/2024\/06\/ce89ce89-bdeb-4941-b30d-dfb4618e8ae0-e1718341402158-1024x576.jpg 1024w, https:\/\/www.radiopiu.net\/wordpress\/wp-content\/uploads\/2024\/06\/ce89ce89-bdeb-4941-b30d-dfb4618e8ae0-e1718341402158-768x432.jpg 768w, https:\/\/www.radiopiu.net\/wordpress\/wp-content\/uploads\/2024\/06\/ce89ce89-bdeb-4941-b30d-dfb4618e8ae0-e1718341402158-1536x864.jpg 1536w, https:\/\/www.radiopiu.net\/wordpress\/wp-content\/uploads\/2024\/06\/ce89ce89-bdeb-4941-b30d-dfb4618e8ae0-e1718341402158.jpg 2048w\" sizes=\"auto, (max-width: 300px) 100vw, 300px\" \/><\/a>\n\t\t\t\t<\/dt><\/dl><br style=\"clear: both\" \/>\n\t\t\t<\/div>\n\n<p>&nbsp;<\/p>\n<p>&nbsp;<\/p>\n<p><em><a href=\"https:\/\/www.radiopiu.net\/wordpress\/giornale-radiopiu-24-gennaio-2021-direttore-mirko-mezzacasa\/79216601_126817312416448_708980208774483089_n\/\" rel=\"attachment wp-att-186567\"><img loading=\"lazy\" decoding=\"async\" class=\"size-medium wp-image-186567 alignright\" src=\"https:\/\/www.radiopiu.net\/wordpress\/wp-content\/uploads\/2021\/01\/79216601_126817312416448_708980208774483089_n-300x114.jpg\" alt=\"\" width=\"300\" height=\"114\" srcset=\"https:\/\/www.radiopiu.net\/wordpress\/wp-content\/uploads\/2021\/01\/79216601_126817312416448_708980208774483089_n-300x114.jpg 300w, https:\/\/www.radiopiu.net\/wordpress\/wp-content\/uploads\/2021\/01\/79216601_126817312416448_708980208774483089_n-768x292.jpg 768w, https:\/\/www.radiopiu.net\/wordpress\/wp-content\/uploads\/2021\/01\/79216601_126817312416448_708980208774483089_n.jpg 820w\" sizes=\"auto, (max-width: 300px) 100vw, 300px\" \/><\/a><span style=\"color: #ff0000;\">ATTENZIONE: LA NUOVA APP PER IOS-IPHONE di Nicola Vettorello <\/span><\/em><a href=\"https:\/\/apps.apple.com\/it\/app\/radio-pi%C3%B9-emittente-agordina\/id1515939845\">https:\/\/apps.apple.com\/it\/app\/radio-pi%C3%B9-emittente-agordina\/id1515939845<\/a><\/p>\n<p><em style=\"color: #ff0000;\">ATTENZIONE: LA NUOVA APP RADIO\u00a0 PER ANDROID di Nicola Vettorello<\/em><\/p>\n<p><a href=\"https:\/\/play.google.com\/store\/apps\/details?id=net.radiopiu.iniko\" target=\"_blank\" rel=\"noopener noreferrer\">https:\/\/play.google.com\/store\/apps\/details?id=net.radiopiu.iniko\u00a0\u00a0\u00a0<\/a><\/p>\n<p>&nbsp;<\/p>\n<div data-block=\"true\" data-editor=\"avj4u\" data-offset-key=\"d3i0j-0-0\"><\/div>\n<div data-block=\"true\" data-editor=\"avj4u\" data-offset-key=\"d3i0j-0-0\">\n<hr \/>\n<p>&nbsp;<\/p>\n<\/div>\n<p>&nbsp;<\/p>\n<p><strong class=\"photoswipe-wrapper\"><span style=\"color: #ff0000;\">OGGI ALLA RADIO<\/span><\/strong>:\u00a0<strong>ALLE 6.15<\/strong> PIROLE DE LENGA, CON IL MUSLA\u00a0 <strong>ALLE 7.20<\/strong>\u00a0EL BAL DEL FIOR, DETTI E TRADIZIONI DI GIULIANA DA RONCH;\u00a0<strong>ALLE 8.20 <\/strong>PIU SIAMO CON MARINA<strong> 9.10 <\/strong>EL BON DE L&#8217;ANSUDA CON ANTONELLA ED EDY \u00a0\u00a0<strong>9.30 <\/strong>VIABILITA&#8217; Botol_Car <strong>\u00a0<\/strong><span style=\"color: #0000ff;\"><span style=\"color: #000000;\">\u00a0<\/span><strong><span style=\"color: #000000;\"> 10.30 la rassegna stampa da l&#8217;amico del popolo di GIANNI SANTOMASO\u00a0 <\/span><\/strong><span style=\"color: #000000;\">\u00a0<\/span><\/span><span style=\"color: #0000ff;\"><span style=\"color: #000000;\"><strong>11.10<\/strong> C&#8217;ERA UNA VOLTA FESTIVALBAR, DI MIRCO BENCIVENNI <\/span><\/span><strong>12.00 <\/strong>VA TUTTO LISCIO <strong>12.30 <\/strong>GIORNALE RADIO EDIZIONE PRINCIPALE \u00a0<strong>13.20<\/strong> PRIMA VERA HIT <strong>14.00 <\/strong>ELETTROCHOC CON DJ JACK <strong>15.00<\/strong> LA CLASSIFICA UFFICIALE DI RADIOPIU CON MARCO GAZ<strong>\u00a0 1<\/strong><strong>6.00 <\/strong>IL ROCK DI MARCO COSTANTINI <strong>16.45 <\/strong>LE HIT DI MIRCO BENCIVENNI <strong>19 <\/strong>ANTICIPAZIONI DAL TG DI ANTENNA 3 DI TIZIANA BOLOGNANI.<\/p>\n<p><span style=\"color: #ff0000;\">EX CASERMA DEI CARABINIERI A GOSALDO, L&#8217;INCONTRO CON L&#8217;ARMA. LUNEDI ALLE 20.30 IN DIRETTA DIFFERITA SUI CANALI FM E DAB PLUS<\/span><\/p>\n<blockquote><p><strong>rassegna stampa nazionale, ogni giorno alle 5 e alle 6 del mattino<\/strong><br \/>\n<em>giornali locali 7 rassegna stampa flash, 8 rassegna stampa, gr flash alle 10 e alle 11, principale 12.30. Informazione pomerIggio alle 15 (speciale) 16, 17, 18. Giornale radio nazionale: ogni ora dalle 5 del mattino, alle 20 della sera.\u00a0<\/em><\/p><\/blockquote>\n<div class=\"x11i5rnm xat24cr x1mh8g0r x1vvkbs xtlvy1s x126k92a\">\n<div dir=\"auto\">\n<p>&nbsp;<\/p>\n<p>&nbsp;<\/p>\n<hr \/>\n<p>&nbsp;<\/p>\n<p>&nbsp;<\/p>\n<div class=\"x11i5rnm xat24cr x1mh8g0r x1vvkbs xtlvy1s x126k92a\">\n<div dir=\"auto\">\n<p><strong><a class=\"dt-pswp-item\" href=\"https:\/\/www.radiopiu.net\/wordpress\/wp-content\/uploads\/2024\/02\/2d44e751-d8a8-461b-8e22-d8e4e853b032.jpg\" data-dt-img-description=\"\" data-large_image_width=\"1600\" data-large_image_height=\"1200\"><img loading=\"lazy\" decoding=\"async\" class=\"wp-image-373307 alignleft\" src=\"https:\/\/www.radiopiu.net\/wordpress\/wp-content\/uploads\/2024\/02\/2d44e751-d8a8-461b-8e22-d8e4e853b032-300x225.jpg\" alt=\"\" width=\"105\" height=\"79\" srcset=\"https:\/\/www.radiopiu.net\/wordpress\/wp-content\/uploads\/2024\/02\/2d44e751-d8a8-461b-8e22-d8e4e853b032-300x225.jpg 300w, https:\/\/www.radiopiu.net\/wordpress\/wp-content\/uploads\/2024\/02\/2d44e751-d8a8-461b-8e22-d8e4e853b032-1024x768.jpg 1024w, https:\/\/www.radiopiu.net\/wordpress\/wp-content\/uploads\/2024\/02\/2d44e751-d8a8-461b-8e22-d8e4e853b032-768x576.jpg 768w, https:\/\/www.radiopiu.net\/wordpress\/wp-content\/uploads\/2024\/02\/2d44e751-d8a8-461b-8e22-d8e4e853b032-1536x1152.jpg 1536w, https:\/\/www.radiopiu.net\/wordpress\/wp-content\/uploads\/2024\/02\/2d44e751-d8a8-461b-8e22-d8e4e853b032.jpg 1600w\" sizes=\"auto, (max-width: 105px) 100vw, 105px\" \/><\/a>EL BAL DEL FIOR, DI GIULIANA DA RONCH, 15<\/strong><strong>\u00a0GIUGNO 2024<\/strong><\/p>\n<\/div>\n<\/div>\n<\/div>\n<audio class=\"wp-audio-shortcode\" id=\"audio-394708-1\" preload=\"none\" style=\"width: 100%;\" controls=\"controls\"><source type=\"audio\/mpeg\" src=\"https:\/\/www.radiopiu.net\/wordpress\/wp-content\/uploads\/2024\/06\/GSA-1.m4a?_=1\" \/><a href=\"https:\/\/www.radiopiu.net\/wordpress\/wp-content\/uploads\/2024\/06\/GSA-1.m4a\">https:\/\/www.radiopiu.net\/wordpress\/wp-content\/uploads\/2024\/06\/GSA-1.m4a<\/a><\/audio>\n<p>&nbsp;<\/p>\n<div dir=\"auto\">\n<hr \/>\n<\/div>\n<\/div>\n<blockquote>\n<blockquote>\n<h1><span style=\"color: #ff0000;\">\u00a0<\/span><\/h1>\n<h1><span style=\"color: #ff0000;\">I podcast informativi del mattino &#8211; audio &#8211;\u00a0\u00a0<\/span><\/h1>\n<\/blockquote>\n<p><strong><a class=\"dt-pswp-item\" href=\"https:\/\/www.radiopiu.net\/wordpress\/wp-content\/uploads\/2023\/11\/th-10.jpg\" data-dt-img-description=\"\" data-large_image_width=\"320\" data-large_image_height=\"180\"><img loading=\"lazy\" decoding=\"async\" class=\"wp-image-362866 alignleft\" src=\"https:\/\/www.radiopiu.net\/wordpress\/wp-content\/uploads\/2023\/11\/th-10-300x169.jpg\" alt=\"\" width=\"185\" height=\"104\" srcset=\"https:\/\/www.radiopiu.net\/wordpress\/wp-content\/uploads\/2023\/11\/th-10-300x169.jpg 300w, https:\/\/www.radiopiu.net\/wordpress\/wp-content\/uploads\/2023\/11\/th-10.jpg 320w\" sizes=\"auto, (max-width: 185px) 100vw, 185px\" \/><\/a>LA RASSEGNA STAMPA NAZIONALE ALLA RADIO, OGNI GIORNO ALLE 5 E ALLE 6 DEL MATTINO <span style=\"color: #0000ff;\">viene pubblicata alle 6.00 <span style=\"color: #ff0000;\">DIRETTA RADIO\u00a0 \u00a0\u00a0<\/span><\/span><\/strong><\/p><\/blockquote>\n<p><span style=\"color: #ff0000;\"><strong>LE NOTIZIE DELLA NOTTE\u00a0<\/strong><\/span><\/p>\n<p><strong>Dal FMI<\/strong> oltre 500 milioni di dollari per il Costa Rica E&#8217; il primo Paese a completare l&#8217;accordo RSF <strong>Incontro Lula-Erdogan,<\/strong> sostegno a ingresso Turchia nei Brics Il leader brasiliano ha annunciato una visita ad Ankara\u00a0 <strong>Trump<\/strong>, tutti i presidenti dovrebbero sottoporsi a test cognitivo E lo chiede per Biden\u00a0 <strong>Allarme negli Usa<\/strong>, rischio attacco \u00e8 terroristico reale&#8217; Cnn cita fonti, dopo l&#8217;arresto di otto persone dal Tajikistan\u00a0<strong> Euro 24:<\/strong> esordio facile per la Germania, 5-1 alla Scozia Partita inaugurale a senso unico, in venti minuti match deciso<\/p>\n<h2>AUDIO dalle 6 del mattino<\/h2>\n<audio class=\"wp-audio-shortcode\" id=\"audio-394708-2\" preload=\"none\" style=\"width: 100%;\" controls=\"controls\"><source type=\"audio\/mpeg\" src=\"https:\/\/www.radiopiu.net\/wordpress\/wp-content\/uploads\/2024\/06\/GIORNALEDELLESEI-12.mp3?_=2\" \/><a href=\"https:\/\/www.radiopiu.net\/wordpress\/wp-content\/uploads\/2024\/06\/GIORNALEDELLESEI-12.mp3\">https:\/\/www.radiopiu.net\/wordpress\/wp-content\/uploads\/2024\/06\/GIORNALEDELLESEI-12.mp3<\/a><\/audio>\n<p>&nbsp;<\/p>\n<p>&nbsp;<\/p>\n<hr \/>\n<p>&nbsp;<\/p>\n<h1 style=\"text-align: center;\"><span style=\"color: #ff0000;\">I podcast informativi del mattino &#8211; audio &#8211;\u00a0<\/span><\/h1>\n<p><strong><a class=\"dt-pswp-item\" href=\"https:\/\/www.radiopiu.net\/wordpress\/wp-content\/uploads\/2023\/12\/images.png\" data-dt-img-description=\"\" data-large_image_width=\"316\" data-large_image_height=\"160\"><img loading=\"lazy\" decoding=\"async\" class=\"wp-image-367008 alignleft\" src=\"https:\/\/www.radiopiu.net\/wordpress\/wp-content\/uploads\/2023\/12\/images-300x152.png\" alt=\"\" width=\"235\" height=\"119\" srcset=\"https:\/\/www.radiopiu.net\/wordpress\/wp-content\/uploads\/2023\/12\/images-300x152.png 300w, https:\/\/www.radiopiu.net\/wordpress\/wp-content\/uploads\/2023\/12\/images.png 316w\" sizes=\"auto, (max-width: 235px) 100vw, 235px\" \/><\/a>OGNI GIORNO ALLE SETTE DEL MATTINO, LA RASSEGNA STAMPA LOCALE FLASH&#8230; PER CHI VA IN FRETTA. I TITOLI DAI GIORNALI E DAL SITO WWW.RADIOPIU.NET <span style=\"color: #0000ff;\">viene pubblicato alle 7.00<\/span> <span style=\"color: #ff0000;\">DIRETTA RADIO\u00a0<\/span><\/strong><\/p>\n<p><em><span style=\"color: #ff0000;\">per chi va in fretta&#8230; tante notizie in pochi minuti. L&#8217;informazione locale alla radio, ogni ora dalle 7 del mattino alle 19 della sera.\u00a0 \u00a0 \u00a0 \u00a0<\/span><\/em><\/p>\n<p><strong>BELLUNO\u00a0<\/strong> una piccola auto Xev si \u00e8 quasi capovolta in via Prade dopo aver evitato una Citroen ferma. Il conducente, un minorenne, \u00e8 stato trasportato al Pronto Soccorso del San Martino con ferite al braccio e traumi.<br \/>\n<strong>SANTA GIUSTINA<\/strong> una donna di 64 anni \u00e8 stata urtata da un&#8217;auto in retromarcia.\u00a0 La donna \u00e8 stata soccorsa dall&#8217;ambulanza dell&#8217;ospedale di Feltre.<br \/>\n<strong>FELTRE<\/strong> In piazza Isola\u00a0 un uomo \u00e8 stato denunciato per porto illegale di arma e oggetto atto a offendere, dopo aver minacciato i passanti con un coltello. L&#8217;incidente \u00e8 avvenuto tre anni fa.\u00a0 L&#8217;uomo sar\u00e0 processato nei prossimi mesi.<br \/>\n<strong>RIVAMONTE<\/strong> In occasione della tradizionale sagra di Sant&#8217;Antonio, la Proloco di Rivamonte ha ospitato le persone con disabilit\u00e0 del Centro Diurno AltroSenso di Agordo, offrendo loro un tavolo e un piatto di gnocchi. Questa tradizione, legata alla figura di Piero Rosson, storico educatore del Centro, mira a garantire la partecipazione delle persone con disabilit\u00e0 a eventi comunitari significativi.<\/p>\n<h2>AUDIO dalle 7 del mattino<\/h2>\n<audio class=\"wp-audio-shortcode\" id=\"audio-394708-3\" preload=\"none\" style=\"width: 100%;\" controls=\"controls\"><source type=\"audio\/mpeg\" src=\"https:\/\/www.radiopiu.net\/wordpress\/wp-content\/uploads\/2024\/06\/GF07-12.mp3?_=3\" \/><a href=\"https:\/\/www.radiopiu.net\/wordpress\/wp-content\/uploads\/2024\/06\/GF07-12.mp3\">https:\/\/www.radiopiu.net\/wordpress\/wp-content\/uploads\/2024\/06\/GF07-12.mp3<\/a><\/audio>\n<p>&nbsp;<\/p>\n<hr \/>\n<p>&nbsp;<\/p>\n<h1><\/h1>\n<h1 style=\"text-align: center;\"><span style=\"color: #ff0000;\"><a class=\"dt-pswp-item\" href=\"https:\/\/www.radiopiu.net\/wordpress\/wp-content\/uploads\/2022\/01\/026c3f9d-dae9-4040-a3c1-a6530231bcc3.jpg\" data-dt-img-description=\"\" data-large_image_width=\"1152\" data-large_image_height=\"2048\"><img loading=\"lazy\" decoding=\"async\" class=\"wp-image-251839 alignleft\" src=\"https:\/\/www.radiopiu.net\/wordpress\/wp-content\/uploads\/2022\/01\/026c3f9d-dae9-4040-a3c1-a6530231bcc3-169x300.jpg\" alt=\"\" width=\"100\" height=\"177\" srcset=\"https:\/\/www.radiopiu.net\/wordpress\/wp-content\/uploads\/2022\/01\/026c3f9d-dae9-4040-a3c1-a6530231bcc3-169x300.jpg 169w, https:\/\/www.radiopiu.net\/wordpress\/wp-content\/uploads\/2022\/01\/026c3f9d-dae9-4040-a3c1-a6530231bcc3-576x1024.jpg 576w, https:\/\/www.radiopiu.net\/wordpress\/wp-content\/uploads\/2022\/01\/026c3f9d-dae9-4040-a3c1-a6530231bcc3-768x1365.jpg 768w, https:\/\/www.radiopiu.net\/wordpress\/wp-content\/uploads\/2022\/01\/026c3f9d-dae9-4040-a3c1-a6530231bcc3-864x1536.jpg 864w, https:\/\/www.radiopiu.net\/wordpress\/wp-content\/uploads\/2022\/01\/026c3f9d-dae9-4040-a3c1-a6530231bcc3.jpg 1152w\" sizes=\"auto, (max-width: 100px) 100vw, 100px\" \/><\/a>I podcast informativi del mattino &#8211; audio &#8211;\u00a0<\/span><\/h1>\n<blockquote><p><strong>GIORNALE RADIO NAZIONALE, EDIZIONE DELLE SETTE <span style=\"color: #0000ff;\">viene pubblicato alle 7.05 <span style=\"color: #ff0000;\">DIRETTA RADIO\u00a0<\/span><\/span><\/strong><\/p><\/blockquote>\n<p><strong>il giornale radionazionale e&#8217; in onda ogni ora, dalle sette del mattino alle venti della sera\u00a0 \u00a0<\/strong><\/p>\n<p><strong>\u00a0<\/strong><\/p>\n<p><strong>Procura di Milano <\/strong>Caso Uss, arrestato un russo nell&#8217;inchiesta sulla fuga <strong>Umbria <\/strong>Accoltella la compagna dopo la fine della relazione e ferisce la figlia <strong>Da ex poliziotti<\/strong> false informazioni a Salvini sulle Ong <strong>In fiamme<\/strong> la barca di Stefania Craxi e del marito all&#8217;Elba <strong>&#8216;Frode sulle mascherine&#8217;<\/strong>, Irene Pivetti a giudizio <strong>ll conduttore radiofonico Andrea Piscina, 25 anni,<\/strong> che ha un programma su Rtl 102.5, \u00e8 stato arrestato su ordinanza del gip di Milano Ileana Ramundo, per produzione di materiale pedopornografico e violenza sessuale.<\/p>\n<h2>AUDIO dalle sette del mattino, ogni ora alla radio<\/h2>\n<audio class=\"wp-audio-shortcode\" id=\"audio-394708-4\" preload=\"none\" style=\"width: 100%;\" controls=\"controls\"><source type=\"audio\/mpeg\" src=\"https:\/\/www.radiopiu.net\/wordpress\/wp-content\/uploads\/2024\/06\/giornale07-12.mp3?_=4\" \/><a href=\"https:\/\/www.radiopiu.net\/wordpress\/wp-content\/uploads\/2024\/06\/giornale07-12.mp3\">https:\/\/www.radiopiu.net\/wordpress\/wp-content\/uploads\/2024\/06\/giornale07-12.mp3<\/a><\/audio>\n<p>&nbsp;<\/p>\n<hr \/>\n<p>&nbsp;<\/p>\n<p>&nbsp;<\/p>\n<h1><span style=\"color: #ff0000;\">I podcast informativi del mattino &#8211; video &#8211;\u00a0<\/span><\/h1>\n<h2><strong><a class=\"dt-pswp-item\" href=\"https:\/\/www.radiopiu.net\/wordpress\/wp-content\/uploads\/2023\/12\/th-10.jpg\" data-dt-img-description=\"\" data-large_image_width=\"245\" data-large_image_height=\"180\"><img loading=\"lazy\" decoding=\"async\" class=\" wp-image-367395 alignleft\" src=\"https:\/\/www.radiopiu.net\/wordpress\/wp-content\/uploads\/2023\/12\/th-10.jpg\" alt=\"\" width=\"166\" height=\"122\" \/><\/a>RASSEGNA STAMPA LOCALE, ORE OTTO 05<\/strong><\/h2>\n<h2><strong> <span style=\"color: #0000ff;\">viene\u00a0 <\/span><\/strong><strong><span style=\"color: #0000ff;\">pubblicata alle 8.05 <span style=\"color: #ff0000;\">DIRETTA RADIO\u00a0\u00a0<\/span><\/span><\/strong><\/h2>\n<p><strong>DI MIRKO MEZZACASA\u00a0 \u00a0<\/strong><button class=\"rounded-lg text-token-text-secondary hover:bg-token-main-surface-secondary\"><\/button><\/p>\n<p><strong>OGGI SUL Corriere delle Alpi E NOTIZIARI DI Radio Pi\u00f9: ARGINATURA LUXOTTICA Gianni Santomaso\u00a0<\/strong><\/p>\n<p><strong><span style=\"color: #0000ff;\">INCONTRO A GOSALDO CON IL COMANDANTE DEI CARABINIERI, OGGI SUL Corriere delle AlpiI E NOTIZIARI RADIO PIU, LUNEDI DIRETTA RADIO\u00a0<\/span><\/strong><\/p>\n<p><strong>BELLUNO<\/strong> Un piccolo coltellino svizzero dimenticato nella borsetta \u00e8 costato caro a una donna bloccata dal metal detector all\u2019ingresso dell\u2019ufficio del Giudice di pace di Belluno. Il fatto \u00e8 accaduto ieri pomeriggio e il personale della vigilanza ha fatto intervenire per competenza i vigili urbani del comando di via Gabelli.<br \/>\n<strong>BELLUNO<\/strong> Nelle prossime settimane inizieranno i corsi di formazione per operatori qualificati ad intervenire su cervi e caprioli feriti, fanno parte delle azioni previste dal &#8220;Protocollo operativo per gli interventi su fauna selvatica in difficolt\u00e0&#8221; approvato dalla Provincia nell\u2019ottobre 2021.<br \/>\n<strong>IN PROVINCIA SOLO DUE DONNE ELETTE SINDACO<\/strong> \u00a0La Consigliera di Parit\u00e0 Flavia Monego sottolinea che non si tratta solo di quote rosa, ma di facilitare l&#8217;accesso alla vita amministrativa per tutti, solo due donne sono state elette a sindaco, mantenendo il numero di sindache invariato rispetto a prima delle elezioni.<br \/>\n<strong>Il Vescovo di Belluno e Feltre Agisce Contro gli Abusi Sessuali \u00a0Il vescovo di Belluno e Feltre, mons. Renato Marangoni, ha annunciato iniziative contro gli abusi sessuali. Di fronte a tali accuse, il vescovo inoltra una denuncia canonica alla Congregazione e consiglia alla vittima di rivolgersi all&#8217;autorit\u00e0 giudiziaria.\u00a0<\/strong><br \/>\n<strong>ABBATTIMENTO BARRIERE<\/strong> ARCHITETTONICHE A PALAZZO MIGLIORINI Approvato il progetto esecutivo per l\u2019abbattimento delle barriere architettoniche e la sostituzione dei serramenti a Palazzo Migliorini, sede degli uffici tecnici del Comune di Belluno.<\/p>\n<h2><span style=\"color: #ff0000;\"><strong>VIDEO\u00a0 \u00a0in diretta dalle 8 del mattino\u00a0<\/strong><\/span><\/h2>\n<p><iframe loading=\"lazy\" title=\"DAL 1983 LA RASSEGNA STAMPA LOCALE di mirko mezzacasa. L&#039;ORIGINALE\" width=\"1200\" height=\"675\" src=\"https:\/\/www.youtube.com\/embed\/es1brefSqUw?feature=oembed\" frameborder=\"0\" allow=\"accelerometer; autoplay; clipboard-write; encrypted-media; gyroscope; picture-in-picture; web-share\" referrerpolicy=\"strict-origin-when-cross-origin\" allowfullscreen><\/iframe><\/p>\n<hr \/>\n<p>&nbsp;<\/p>\n<p>&nbsp;<\/p>\n<p><strong><a class=\"dt-pswp-item\" href=\"https:\/\/www.radiopiu.net\/wordpress\/wp-content\/uploads\/2023\/12\/ANTENNA.png\" data-dt-img-description=\"\" data-large_image_width=\"300\" data-large_image_height=\"166\"><img loading=\"lazy\" decoding=\"async\" class=\" wp-image-366306 alignleft\" src=\"https:\/\/www.radiopiu.net\/wordpress\/wp-content\/uploads\/2023\/12\/ANTENNA.png\" alt=\"\" width=\"175\" height=\"97\" \/><\/a>IERI SERA, DAL TG DI ANTENNA 3, ogni sera alle 19 le anticipazioni alla radio, quello che poi seguirete nel TELEGIORNALE BELLUNESE\u00a0 in onda alle 19.30 sul CANALE 10 del digitale terrestre.\u00a0\u00a0<\/strong><\/p>\n<p>&nbsp;<\/p>\n<p><span style=\"color: #ff0000;\"><strong>\u00a0IERI SERA ALLA RADIO&#8230; LE ANTICIPAZIONI DI TIZIANA BOLOGNANI<\/strong><\/span><\/p>\n<audio class=\"wp-audio-shortcode\" id=\"audio-394708-5\" preload=\"none\" style=\"width: 100%;\" controls=\"controls\"><source type=\"audio\/mpeg\" src=\"https:\/\/www.radiopiu.net\/wordpress\/wp-content\/uploads\/2024\/06\/ANTENNA3-10.mp3?_=5\" \/><a href=\"https:\/\/www.radiopiu.net\/wordpress\/wp-content\/uploads\/2024\/06\/ANTENNA3-10.mp3\">https:\/\/www.radiopiu.net\/wordpress\/wp-content\/uploads\/2024\/06\/ANTENNA3-10.mp3<\/a><\/audio>\n<p>&nbsp;<\/p>\n<p>&nbsp;<\/p>\n<hr \/>\n<p>&nbsp;<\/p>\n<blockquote>\n<h3>ACQUA INQUINATA\u00a0 A ROCCA PIETORE<\/h3>\n<\/blockquote>\n<p><strong><img loading=\"lazy\" decoding=\"async\" class=\"alignleft\" src=\"https:\/\/www.radiopiu.net\/wordpress\/wp-content\/uploads\/2024\/05\/cantiere-municipio-Livinallongo-scaled.jpg\" width=\"231\" height=\"104\" \/><\/strong><b>ROCCA PIETORE <\/b>in localit\u00e0 MOE&#8217; DI LASTE l&#8217;acqua erogata dall&#8217;acquedotto non \u00e8 potabile e pu\u00f2 essere usata per scopi alimentari SOLO PREVIA bollitura.<\/p>\n<p><strong>CENCENIGHE<\/strong> in localit\u00e0 COLLAZ E PRADIMEZZO l&#8217;acqua erogata \u00e8 di nuovo potabile e pu\u00f2 essere usata, quindi, per scopi alimentari.<\/p>\n<p>&nbsp;<\/p>\n<blockquote>\n<h3>LAVORI PROGRAMMATI BIM GSP<\/h3>\n<\/blockquote>\n<p><strong>AGORDO<\/strong> Gestione Servizi Pubblici informa che, per lavori alla rete idrica comunale, LUNED\u00ec\u00a0 dalle 8 alle 12, potrebbe mancare l&#8217;acqua ad AGORDO nelle LOCALITA&#8217; CROSTOLIN e VERAN<\/p>\n<p>&nbsp;<\/p>\n<blockquote>\n<h1><strong>i lavori sulla rete ferroviaria<\/strong><\/h1>\n<\/blockquote>\n<p><strong>BELLUNO\u00a0<\/strong> La circolazione dei treni sar\u00e0 sospesa da domenica 9 giugno al 14 dicembre 2024 sulla linea Feltre-Belluno, mentre dal 9 giugno al 7 settembre la sospensione riguarder\u00e0 le stazioni di Treviso e Montebelluna.<\/p>\n<p>&nbsp;<\/p>\n<p>&nbsp;<\/p>\n<hr \/>\n<p>&nbsp;<\/p>\n<blockquote>\n<h3>VIABILITA&#8217; A CAVIOLA, CHIUSURA PROROGATA FINO AL 28 GIUGNO<\/h3>\n<\/blockquote>\n<p><strong>FALCADE<\/strong> Si allungano i tempi dei lavori a Caviola di Falcade. La chiusura della strada che va da Via Trento al centro abitato di Caviola \u00e8 stata prorogata fino al 28 giugno<\/p>\n<p>&nbsp;<\/p>\n<p>&nbsp;<\/p>\n<hr \/>\n<p>&nbsp;<\/p>\n<blockquote>\n<h3>DAL GIUDICE DI PACE CON UN COLTELLO NASCOSTO. FERMATO DALLA POLIZIA LOCALE DI BELLUNO<\/h3>\n<\/blockquote>\n<p><strong class=\"photoswipe-wrapper\"><a class=\"dt-pswp-item pspw-wrap-ready\" href=\"https:\/\/www.radiopiu.net\/wordpress\/wp-content\/uploads\/2022\/12\/polizia-locale-belluno.jpg\" data-dt-img-description=\"\" data-large_image_width=\"733\" data-large_image_height=\"436\"><img loading=\"lazy\" decoding=\"async\" class=\" wp-image-311737 alignleft\" src=\"https:\/\/www.radiopiu.net\/wordpress\/wp-content\/uploads\/2022\/12\/polizia-locale-belluno-300x178.jpg\" sizes=\"auto, (max-width: 187px) 100vw, 187px\" srcset=\"https:\/\/www.radiopiu.net\/wordpress\/wp-content\/uploads\/2022\/12\/polizia-locale-belluno-300x178.jpg 300w, https:\/\/www.radiopiu.net\/wordpress\/wp-content\/uploads\/2022\/12\/polizia-locale-belluno.jpg 733w\" alt=\"\" width=\"187\" height=\"111\" \/><\/a>BELLUNO <\/strong>Un piccolo coltellino svizzero dimenticato nella borsetta \u00e8 costato caro a una donna bloccata dal metal detector all\u2019ingresso dell\u2019ufficio del Giudice di pace di Belluno. Il fatto \u00e8 accaduto ieri pomeriggio e il personale della vigilanza ha fatto intervenire per competenza i vigili urbani del comando di via Gabelli.<br \/>\nLa donna \u00e8 stata denunciata a piede libero per porto abusivo di arma atta a offendere. A margine, una curiosit\u00e0: da alcuni mesi, la pi\u00f9 nota azienda produttrice di coltellini svizzeri tascabili ha deciso di togliere la lama per adeguarsi ai protocolli sulla sicurezza sempre pi\u00f9 restrittivi.<\/p>\n<p>&nbsp;<\/p>\n<p>&nbsp;<\/p>\n<hr \/>\n<p>&nbsp;<\/p>\n<blockquote>\n<h3>UNA GIORNATA INTENSA PER IL SUEM 118<\/h3>\n<\/blockquote>\n<p><strong><a class=\"dt-pswp-item\" href=\"https:\/\/www.radiopiu.net\/wordpress\/wp-content\/uploads\/2021\/12\/ambulanze-3.jpeg\" data-dt-img-description=\"\" data-large_image_width=\"1600\" data-large_image_height=\"1200\"><img loading=\"lazy\" decoding=\"async\" class=\" wp-image-250918 alignleft\" src=\"https:\/\/www.radiopiu.net\/wordpress\/wp-content\/uploads\/2021\/12\/ambulanze-3-300x225.jpeg\" alt=\"\" width=\"192\" height=\"144\" srcset=\"https:\/\/www.radiopiu.net\/wordpress\/wp-content\/uploads\/2021\/12\/ambulanze-3-300x225.jpeg 300w, https:\/\/www.radiopiu.net\/wordpress\/wp-content\/uploads\/2021\/12\/ambulanze-3-1024x768.jpeg 1024w, https:\/\/www.radiopiu.net\/wordpress\/wp-content\/uploads\/2021\/12\/ambulanze-3-768x576.jpeg 768w, https:\/\/www.radiopiu.net\/wordpress\/wp-content\/uploads\/2021\/12\/ambulanze-3-1536x1152.jpeg 1536w, https:\/\/www.radiopiu.net\/wordpress\/wp-content\/uploads\/2021\/12\/ambulanze-3.jpeg 1600w\" sizes=\"auto, (max-width: 192px) 100vw, 192px\" \/><\/a>REDAZIONE<\/strong> Si chiude con ben sei interventi il venerd\u00ec del Suem 118 in provincia di Belluno. Poco prima delle 10:30 il primo allarme \u00e8 scattato a Santa Giustina dove una donna di 64 anni \u00e8 stata investita. L&#8217;ambulanza l&#8217;ha portata all&#8217;ospedale di Feltre con ferite di media gravit\u00e0. Alle 12:30 il recupero di due escursionisti illesi a Cortina mentre alle 13:30 la centrale operativa \u00e8 stata allertata per un minore che era stato coinvolto in un incidente stradale. Un altro incidente stradale alle 15:30, sempre a Belluno, dove l&#8217;ambulanza ha soccorso un uomo di 35 anni per poi portarlo all&#8217;ospedale di Belluno. Anche a Cortina i sanitari sono stati chiamati nello stesso momento e anche in questo caso per un incidente che ha visto coinvolto un 18enne di Pieve di Cadore. Infine, poco dopo le 18, la centrale operativa \u00e8 stata chiamata in causa per un trauma da caduta che ha visto coinvolto un 85enne di San Don\u00e0 di Piave. Il fatto \u00e8 successo a Vallada e il paziente \u00e8 stato trasferito all&#8217;ospedale di Agordo con ferite di media gravit\u00e0.<\/p>\n<p>&nbsp;<\/p>\n<p>&nbsp;<\/p>\n<hr \/>\n<p>&nbsp;<\/p>\n<blockquote>\n<h3 class=\"entry-title\">RECUPERATA COPPIA BLOCCATA DALLA NEVE<\/h3>\n<\/blockquote>\n<p><strong>CORTINA<\/strong> Attorno alle 13 di ieri la Centrale del Suem \u00e8 stata contattata da una coppia di escursionisti francesi, bloccati dalla neve all\u2019uscita della Ferrata di Punta Anna a circa 2.700 metri di quota. Dopo che le nuvole basse ne hanno impedito l\u2019avvicinamento, l\u2019elicottero del Suem di Pieve di Cadore ha imbarcato due soccorritori di Cortina e della Guardia di finanza e li ha sbarcati il pi\u00f9 vicino possibile sul Vallon di Tofana. I due soccorritori si sono poi avvicinati a piedi, raggiunti da un terzo soccorritore arrivato dal Rifugio Giussani. Una volta dalla coppia, un ragazzo e una ragazza di 22 anni che non avevano calzature adeguate, la squadra li ha dotati di ramponi e assicurati a una corda corta, per poi accompagnarli fino al Rifugio Dibona.<\/p>\n<p>&nbsp;<\/p>\n<p><span style=\"color: #ff0000;\"><strong>IERI ALLA RADIO, TRA GLI ARTICOLI PIU&#8217; CLICCATI SUL SITO DI RADIOPIU. VISUALIZZAZIONI NELLE 24 ORE 6.453<\/strong><\/span><\/p>\n<blockquote class=\"wp-embedded-content\" data-secret=\"mpqpA9Ls7y\"><p><a href=\"https:\/\/www.radiopiu.net\/wordpress\/incidenti-in-montagna-zaia-soccorso-alpino-non-sia-percepito-come-taxi-da-escursionisti-imprudenti\/\">INCIDENTI IN MONTAGNA. ZAIA: \u201cSOCCORSO ALPINO NON SIA PERCEPITO COME \u2018TAXI\u2019 DA ESCURSIONISTI IMPRUDENTI&#8221;<\/a><\/p><\/blockquote>\n<p><iframe loading=\"lazy\" class=\"wp-embedded-content\" sandbox=\"allow-scripts\" security=\"restricted\" style=\"position: absolute; clip: rect(1px, 1px, 1px, 1px);\" title=\"&#8220;INCIDENTI IN MONTAGNA. ZAIA: \u201cSOCCORSO ALPINO NON SIA PERCEPITO COME \u2018TAXI\u2019 DA ESCURSIONISTI IMPRUDENTI&#8221;&#8221; &#8212; Radio Pi\u00f9\" src=\"https:\/\/www.radiopiu.net\/wordpress\/incidenti-in-montagna-zaia-soccorso-alpino-non-sia-percepito-come-taxi-da-escursionisti-imprudenti\/embed\/#?secret=8xhpxtQoWi#?secret=mpqpA9Ls7y\" data-secret=\"mpqpA9Ls7y\" width=\"600\" height=\"338\" frameborder=\"0\" marginwidth=\"0\" marginheight=\"0\" scrolling=\"no\"><\/iframe><\/p>\n<hr \/>\n<p>&nbsp;<\/p>\n<h3><a class=\"dt-pswp-item\" href=\"https:\/\/www.radiopiu.net\/wordpress\/wp-content\/uploads\/2024\/04\/polizia.jpg\" data-dt-img-description=\"\" data-large_image_width=\"480\" data-large_image_height=\"270\"><img loading=\"lazy\" decoding=\"async\" class=\" wp-image-387908 alignleft\" src=\"https:\/\/www.radiopiu.net\/wordpress\/wp-content\/uploads\/2024\/04\/polizia-300x169.jpg\" alt=\"\" width=\"186\" height=\"105\" srcset=\"https:\/\/www.radiopiu.net\/wordpress\/wp-content\/uploads\/2024\/04\/polizia-300x169.jpg 300w, https:\/\/www.radiopiu.net\/wordpress\/wp-content\/uploads\/2024\/04\/polizia.jpg 480w\" sizes=\"auto, (max-width: 186px) 100vw, 186px\" \/><\/a>Donna Ferita in Incidente Stradale a Belluno<\/h3>\n<p>Ieri pomeriggio, una 35enne di Belluno \u00e8 finita fuori strada con la sua Ford Fiesta, schiantandosi contro un muro tra viale Giovanni Paolo I e via Doglioni. L&#8217;incidente \u00e8 avvenuto verso le 15.30 vicino al ponte degli Alpini. Soccorsa dal Suem 118, \u00e8 stata trasportata al Pronto Soccorso dell&#8217;ospedale San Martino con lesioni di media gravit\u00e0. Nessun altro veicolo \u00e8 stato coinvolto e il traffico non ha subito disagi. La polizia ha richiesto l&#8217;alcoltest e attende i risultati.<\/p>\n<p>&nbsp;<\/p>\n<p>&nbsp;<\/p>\n<hr \/>\n<p>&nbsp;<\/p>\n<blockquote>\n<h3><a class=\"dt-pswp-item\" href=\"https:\/\/www.radiopiu.net\/wordpress\/wp-content\/uploads\/2022\/12\/Polizia_Locale.jpg\" data-dt-img-description=\"\" data-large_image_width=\"1591\" data-large_image_height=\"1193\"><img loading=\"lazy\" decoding=\"async\" class=\"wp-image-312951 alignleft\" src=\"https:\/\/www.radiopiu.net\/wordpress\/wp-content\/uploads\/2022\/12\/Polizia_Locale-300x225.jpg\" alt=\"\" width=\"159\" height=\"119\" srcset=\"https:\/\/www.radiopiu.net\/wordpress\/wp-content\/uploads\/2022\/12\/Polizia_Locale-300x225.jpg 300w, https:\/\/www.radiopiu.net\/wordpress\/wp-content\/uploads\/2022\/12\/Polizia_Locale-1024x768.jpg 1024w, https:\/\/www.radiopiu.net\/wordpress\/wp-content\/uploads\/2022\/12\/Polizia_Locale-768x576.jpg 768w, https:\/\/www.radiopiu.net\/wordpress\/wp-content\/uploads\/2022\/12\/Polizia_Locale-1536x1152.jpg 1536w, https:\/\/www.radiopiu.net\/wordpress\/wp-content\/uploads\/2022\/12\/Polizia_Locale.jpg 1591w\" sizes=\"auto, (max-width: 159px) 100vw, 159px\" \/><\/a>Schianto in via Prade: Minorenne Ferito Portato al San Martino<\/h3>\n<\/blockquote>\n<p>&nbsp;<\/p>\n<p><strong>BELLUNO<\/strong> ieri alle 13.30, una piccola auto Xev si \u00e8 quasi capovolta in via Prade dopo aver evitato una Citroen ferma. Il conducente, un minorenne, \u00e8 stato trasportato al Pronto Soccorso del San Martino con ferite al braccio e traumi. La Polizia locale ha eseguito i rilievi e i vigili del fuoco hanno regolato il traffico, che ha funzionato a senso unico alternato fino alla rimozione del veicolo, causando disagi contenuti.<\/p>\n<p>&nbsp;<\/p>\n<p>&nbsp;<\/p>\n<hr \/>\n<p>&nbsp;<\/p>\n<blockquote>\n<h3><a class=\"dt-pswp-item\" href=\"https:\/\/www.radiopiu.net\/wordpress\/wp-content\/uploads\/2023\/02\/la-pattuglia-dei-Carabinieri-intervenuta-sul-luogo-del-tentato-furto-.jpg\" data-dt-img-description=\"\" data-large_image_width=\"1174\" data-large_image_height=\"798\"><img loading=\"lazy\" decoding=\"async\" class=\"wp-image-320543 alignleft\" src=\"https:\/\/www.radiopiu.net\/wordpress\/wp-content\/uploads\/2023\/02\/la-pattuglia-dei-Carabinieri-intervenuta-sul-luogo-del-tentato-furto--300x204.jpg\" alt=\"\" width=\"147\" height=\"100\" srcset=\"https:\/\/www.radiopiu.net\/wordpress\/wp-content\/uploads\/2023\/02\/la-pattuglia-dei-Carabinieri-intervenuta-sul-luogo-del-tentato-furto--300x204.jpg 300w, https:\/\/www.radiopiu.net\/wordpress\/wp-content\/uploads\/2023\/02\/la-pattuglia-dei-Carabinieri-intervenuta-sul-luogo-del-tentato-furto--1024x696.jpg 1024w, https:\/\/www.radiopiu.net\/wordpress\/wp-content\/uploads\/2023\/02\/la-pattuglia-dei-Carabinieri-intervenuta-sul-luogo-del-tentato-furto--768x522.jpg 768w, https:\/\/www.radiopiu.net\/wordpress\/wp-content\/uploads\/2023\/02\/la-pattuglia-dei-Carabinieri-intervenuta-sul-luogo-del-tentato-furto-.jpg 1174w\" sizes=\"auto, (max-width: 147px) 100vw, 147px\" \/><\/a>Donna Investita da Auto in Retromarcia a Santa Giustina<\/h3>\n<\/blockquote>\n<p><strong>SANTA GIUSTINA<\/strong> Ieri mattina a Santa Giustina, una donna di 64 anni \u00e8 stata urtata da un&#8217;auto in retromarcia. L&#8217;incidente, avvenuto alle 10:20, ha causato traumi di lieve entit\u00e0. La donna \u00e8 stata soccorsa dall&#8217;ambulanza dell&#8217;ospedale di Feltre. I carabinieri della compagnia di Feltre hanno effettuato i rilievi<\/p>\n<p>&nbsp;<\/p>\n<p>&nbsp;<\/p>\n<hr \/>\n<p>&nbsp;<\/p>\n<blockquote>\n<h3>IL COMPLETAMENTO DEI LAVORI SUL CORDEVOLE IN VALCOZZENA<\/h3>\n<\/blockquote>\n<p><strong>AGORDO<\/strong><\/p>\n<p>DI GIANNI SANTOMASO<\/p>\n<audio class=\"wp-audio-shortcode\" id=\"audio-394708-6\" preload=\"none\" style=\"width: 100%;\" controls=\"controls\"><source type=\"audio\/mpeg\" src=\"https:\/\/www.radiopiu.net\/wordpress\/wp-content\/uploads\/2024\/06\/GIANNI-LINAUGURAZIONE-DELLARGINE-SUL-CORDEVOLE-IN-VALCOZZENA.mp3?_=6\" \/><a href=\"https:\/\/www.radiopiu.net\/wordpress\/wp-content\/uploads\/2024\/06\/GIANNI-LINAUGURAZIONE-DELLARGINE-SUL-CORDEVOLE-IN-VALCOZZENA.mp3\">https:\/\/www.radiopiu.net\/wordpress\/wp-content\/uploads\/2024\/06\/GIANNI-LINAUGURAZIONE-DELLARGINE-SUL-CORDEVOLE-IN-VALCOZZENA.mp3<\/a><\/audio>\n<p>&nbsp;<\/p>\n<p><strong>LA DIRETTA RADIO PIU\u2019\u00a0<\/strong><\/p>\n<p><iframe loading=\"lazy\" title=\"I NUOVI ARGINI SUL TORRENTE CORDEVOLE IN VALCOZZENA\" width=\"1200\" height=\"675\" src=\"https:\/\/www.youtube.com\/embed\/ZJtSQbogEdQ?feature=oembed\" frameborder=\"0\" allow=\"accelerometer; autoplay; clipboard-write; encrypted-media; gyroscope; picture-in-picture; web-share\" referrerpolicy=\"strict-origin-when-cross-origin\" allowfullscreen><\/iframe><\/p>\n<p>&nbsp;<\/p>\n\n\t\t\t<style type='text\/css'>\n\t\t\t\t#gallery-2 {\n\t\t\t\t\tmargin: auto;\n\t\t\t\t}\n\t\t\t\t#gallery-2 .gallery-item {\n\t\t\t\t\tfloat: left;\n\t\t\t\t\tmargin-top: 10px;\n\t\t\t\t\ttext-align: center;\n\t\t\t\t\twidth: 50%;\n\t\t\t\t}\n\t\t\t\t#gallery-2 img {\n\t\t\t\t\tborder: 2px solid #cfcfcf;\n\t\t\t\t}\n\t\t\t\t#gallery-2 .gallery-caption {\n\t\t\t\t\tmargin-left: 0;\n\t\t\t\t}\n\t\t\t\t\/* see gallery_shortcode() in wp-includes\/media.php *\/\n\t\t\t<\/style>\n\t\t<div id='gallery-2' class='dt-gallery-container gallery galleryid-394708 gallery-columns-2 gallery-size-medium'><dl class='gallery-item'>\n\t\t\t\t<dt class='gallery-icon landscape'>\n\t\t\t\t\t<a class=\"rollover rollover-zoom dt-pswp-item\" title=\"1799e77f-5bae-4a33-b540-a799caed1a32\" data-dt-img-description=\"\" data-large_image_width=\"1600\" data-large_image_height=\"900\"href='https:\/\/www.radiopiu.net\/wordpress\/wp-content\/uploads\/2024\/06\/1799e77f-5bae-4a33-b540-a799caed1a32.jpeg'><img loading=\"lazy\" decoding=\"async\" width=\"300\" height=\"169\" src=\"https:\/\/www.radiopiu.net\/wordpress\/wp-content\/uploads\/2024\/06\/1799e77f-5bae-4a33-b540-a799caed1a32-300x169.jpeg\" class=\"attachment-medium size-medium\" alt=\"\" srcset=\"https:\/\/www.radiopiu.net\/wordpress\/wp-content\/uploads\/2024\/06\/1799e77f-5bae-4a33-b540-a799caed1a32-300x169.jpeg 300w, https:\/\/www.radiopiu.net\/wordpress\/wp-content\/uploads\/2024\/06\/1799e77f-5bae-4a33-b540-a799caed1a32-1024x576.jpeg 1024w, https:\/\/www.radiopiu.net\/wordpress\/wp-content\/uploads\/2024\/06\/1799e77f-5bae-4a33-b540-a799caed1a32-768x432.jpeg 768w, https:\/\/www.radiopiu.net\/wordpress\/wp-content\/uploads\/2024\/06\/1799e77f-5bae-4a33-b540-a799caed1a32-1536x864.jpeg 1536w, https:\/\/www.radiopiu.net\/wordpress\/wp-content\/uploads\/2024\/06\/1799e77f-5bae-4a33-b540-a799caed1a32.jpeg 1600w\" sizes=\"auto, (max-width: 300px) 100vw, 300px\" \/><\/a>\n\t\t\t\t<\/dt><\/dl><dl class='gallery-item'>\n\t\t\t\t<dt class='gallery-icon landscape'>\n\t\t\t\t\t<a class=\"rollover rollover-zoom dt-pswp-item\" title=\"6dcdf44a-b2bb-4964-bdd8-42181baf3e0d\" data-dt-img-description=\"\" data-large_image_width=\"1600\" data-large_image_height=\"900\"href='https:\/\/www.radiopiu.net\/wordpress\/wp-content\/uploads\/2024\/06\/6dcdf44a-b2bb-4964-bdd8-42181baf3e0d.jpeg'><img loading=\"lazy\" decoding=\"async\" width=\"300\" height=\"169\" src=\"https:\/\/www.radiopiu.net\/wordpress\/wp-content\/uploads\/2024\/06\/6dcdf44a-b2bb-4964-bdd8-42181baf3e0d-300x169.jpeg\" class=\"attachment-medium size-medium\" alt=\"\" srcset=\"https:\/\/www.radiopiu.net\/wordpress\/wp-content\/uploads\/2024\/06\/6dcdf44a-b2bb-4964-bdd8-42181baf3e0d-300x169.jpeg 300w, https:\/\/www.radiopiu.net\/wordpress\/wp-content\/uploads\/2024\/06\/6dcdf44a-b2bb-4964-bdd8-42181baf3e0d-1024x576.jpeg 1024w, https:\/\/www.radiopiu.net\/wordpress\/wp-content\/uploads\/2024\/06\/6dcdf44a-b2bb-4964-bdd8-42181baf3e0d-768x432.jpeg 768w, https:\/\/www.radiopiu.net\/wordpress\/wp-content\/uploads\/2024\/06\/6dcdf44a-b2bb-4964-bdd8-42181baf3e0d-1536x864.jpeg 1536w, https:\/\/www.radiopiu.net\/wordpress\/wp-content\/uploads\/2024\/06\/6dcdf44a-b2bb-4964-bdd8-42181baf3e0d.jpeg 1600w\" sizes=\"auto, (max-width: 300px) 100vw, 300px\" \/><\/a>\n\t\t\t\t<\/dt><\/dl><br style=\"clear: both\" \/>\n\t\t\t<\/div>\n\n<p>&nbsp;<\/p>\n<hr \/>\n<p>&nbsp;<\/p>\n<blockquote>\n<h3>L&#8217;INCONTRO A GOSALDO SULLA CHIUSURA DELLA CASERMA DEI CARABINIERI<\/h3>\n<\/blockquote>\n<p><strong>GOSALDO<\/strong><\/p>\n<p>DI GIANNI SANTOMASO<\/p>\n<audio class=\"wp-audio-shortcode\" id=\"audio-394708-7\" preload=\"none\" style=\"width: 100%;\" controls=\"controls\"><source type=\"audio\/mpeg\" src=\"https:\/\/www.radiopiu.net\/wordpress\/wp-content\/uploads\/2024\/06\/GIANNI-LINCONTRO-A-GOSALDO-SULLA-CHIUSURA-DELLA-CASERMA-DEI-CARABINIERI.mp3?_=7\" \/><a href=\"https:\/\/www.radiopiu.net\/wordpress\/wp-content\/uploads\/2024\/06\/GIANNI-LINCONTRO-A-GOSALDO-SULLA-CHIUSURA-DELLA-CASERMA-DEI-CARABINIERI.mp3\">https:\/\/www.radiopiu.net\/wordpress\/wp-content\/uploads\/2024\/06\/GIANNI-LINCONTRO-A-GOSALDO-SULLA-CHIUSURA-DELLA-CASERMA-DEI-CARABINIERI.mp3<\/a><\/audio>\n<p>&nbsp;<\/p>\n\n\t\t\t<style type='text\/css'>\n\t\t\t\t#gallery-3 {\n\t\t\t\t\tmargin: auto;\n\t\t\t\t}\n\t\t\t\t#gallery-3 .gallery-item {\n\t\t\t\t\tfloat: left;\n\t\t\t\t\tmargin-top: 10px;\n\t\t\t\t\ttext-align: center;\n\t\t\t\t\twidth: 33%;\n\t\t\t\t}\n\t\t\t\t#gallery-3 img {\n\t\t\t\t\tborder: 2px solid #cfcfcf;\n\t\t\t\t}\n\t\t\t\t#gallery-3 .gallery-caption {\n\t\t\t\t\tmargin-left: 0;\n\t\t\t\t}\n\t\t\t\t\/* see gallery_shortcode() in wp-includes\/media.php *\/\n\t\t\t<\/style>\n\t\t<div id='gallery-3' class='dt-gallery-container gallery galleryid-394708 gallery-columns-3 gallery-size-medium'><dl class='gallery-item'>\n\t\t\t\t<dt class='gallery-icon landscape'>\n\t\t\t\t\t<a class=\"rollover rollover-zoom dt-pswp-item\" title=\"637f2bfe-6f3c-4266-a06f-614c6917d9a1\" data-dt-img-description=\"\" data-large_image_width=\"2048\" data-large_image_height=\"1152\"href='https:\/\/www.radiopiu.net\/wordpress\/wp-content\/uploads\/2024\/06\/637f2bfe-6f3c-4266-a06f-614c6917d9a1.jpg'><img loading=\"lazy\" decoding=\"async\" width=\"300\" height=\"169\" src=\"https:\/\/www.radiopiu.net\/wordpress\/wp-content\/uploads\/2024\/06\/637f2bfe-6f3c-4266-a06f-614c6917d9a1-300x169.jpg\" class=\"attachment-medium size-medium\" alt=\"\" srcset=\"https:\/\/www.radiopiu.net\/wordpress\/wp-content\/uploads\/2024\/06\/637f2bfe-6f3c-4266-a06f-614c6917d9a1-300x169.jpg 300w, https:\/\/www.radiopiu.net\/wordpress\/wp-content\/uploads\/2024\/06\/637f2bfe-6f3c-4266-a06f-614c6917d9a1-1024x576.jpg 1024w, https:\/\/www.radiopiu.net\/wordpress\/wp-content\/uploads\/2024\/06\/637f2bfe-6f3c-4266-a06f-614c6917d9a1-768x432.jpg 768w, https:\/\/www.radiopiu.net\/wordpress\/wp-content\/uploads\/2024\/06\/637f2bfe-6f3c-4266-a06f-614c6917d9a1-1536x864.jpg 1536w, https:\/\/www.radiopiu.net\/wordpress\/wp-content\/uploads\/2024\/06\/637f2bfe-6f3c-4266-a06f-614c6917d9a1.jpg 2048w\" sizes=\"auto, (max-width: 300px) 100vw, 300px\" \/><\/a>\n\t\t\t\t<\/dt><\/dl><dl class='gallery-item'>\n\t\t\t\t<dt class='gallery-icon landscape'>\n\t\t\t\t\t<a class=\"rollover rollover-zoom dt-pswp-item\" title=\"31af194b-8425-45fb-8ccf-f76650734166\" data-dt-img-description=\"\" data-large_image_width=\"2048\" data-large_image_height=\"1152\"href='https:\/\/www.radiopiu.net\/wordpress\/wp-content\/uploads\/2024\/06\/31af194b-8425-45fb-8ccf-f76650734166.jpg'><img loading=\"lazy\" decoding=\"async\" width=\"300\" height=\"169\" src=\"https:\/\/www.radiopiu.net\/wordpress\/wp-content\/uploads\/2024\/06\/31af194b-8425-45fb-8ccf-f76650734166-300x169.jpg\" class=\"attachment-medium size-medium\" alt=\"\" srcset=\"https:\/\/www.radiopiu.net\/wordpress\/wp-content\/uploads\/2024\/06\/31af194b-8425-45fb-8ccf-f76650734166-300x169.jpg 300w, https:\/\/www.radiopiu.net\/wordpress\/wp-content\/uploads\/2024\/06\/31af194b-8425-45fb-8ccf-f76650734166-1024x576.jpg 1024w, https:\/\/www.radiopiu.net\/wordpress\/wp-content\/uploads\/2024\/06\/31af194b-8425-45fb-8ccf-f76650734166-768x432.jpg 768w, https:\/\/www.radiopiu.net\/wordpress\/wp-content\/uploads\/2024\/06\/31af194b-8425-45fb-8ccf-f76650734166-1536x864.jpg 1536w, https:\/\/www.radiopiu.net\/wordpress\/wp-content\/uploads\/2024\/06\/31af194b-8425-45fb-8ccf-f76650734166.jpg 2048w\" sizes=\"auto, (max-width: 300px) 100vw, 300px\" \/><\/a>\n\t\t\t\t<\/dt><\/dl><dl class='gallery-item'>\n\t\t\t\t<dt class='gallery-icon landscape'>\n\t\t\t\t\t<a class=\"rollover rollover-zoom dt-pswp-item\" title=\"762ed4da-6167-40a5-9506-93c2bc4ad768\" data-dt-img-description=\"\" data-large_image_width=\"1600\" data-large_image_height=\"900\"href='https:\/\/www.radiopiu.net\/wordpress\/wp-content\/uploads\/2024\/06\/762ed4da-6167-40a5-9506-93c2bc4ad768.jpg'><img loading=\"lazy\" decoding=\"async\" width=\"300\" height=\"169\" src=\"https:\/\/www.radiopiu.net\/wordpress\/wp-content\/uploads\/2024\/06\/762ed4da-6167-40a5-9506-93c2bc4ad768-300x169.jpg\" class=\"attachment-medium size-medium\" alt=\"\" srcset=\"https:\/\/www.radiopiu.net\/wordpress\/wp-content\/uploads\/2024\/06\/762ed4da-6167-40a5-9506-93c2bc4ad768-300x169.jpg 300w, https:\/\/www.radiopiu.net\/wordpress\/wp-content\/uploads\/2024\/06\/762ed4da-6167-40a5-9506-93c2bc4ad768-1024x576.jpg 1024w, https:\/\/www.radiopiu.net\/wordpress\/wp-content\/uploads\/2024\/06\/762ed4da-6167-40a5-9506-93c2bc4ad768-768x432.jpg 768w, https:\/\/www.radiopiu.net\/wordpress\/wp-content\/uploads\/2024\/06\/762ed4da-6167-40a5-9506-93c2bc4ad768-1536x864.jpg 1536w, https:\/\/www.radiopiu.net\/wordpress\/wp-content\/uploads\/2024\/06\/762ed4da-6167-40a5-9506-93c2bc4ad768.jpg 1600w\" sizes=\"auto, (max-width: 300px) 100vw, 300px\" \/><\/a>\n\t\t\t\t<\/dt><\/dl><br style=\"clear: both\" \/>\n\t\t\t<\/div>\n\n<p><strong>\u00a0<\/strong><\/p>\n<p><strong>IL VIDEO DELL&#8217;INCONTRO DI RADIO PIU&#8217;\u00a0<\/strong><\/p>\n<p><span style=\"color: #ff0000;\">DIRETTA CANALI SOCIAL, LUNEDI SERA DALLE 20.30 LA DIRETTA SULLE FREQUENZE FM (BELLUNO 104.400, GOSALDO 102.200, AGORDO 97.800 FELTRE 88.300 ARABBA 88.200) DAB PLUS NELLA REGIONE VENETO, STREAMING IN TUTTO IL MONDO SU WWW.RADIOPIU.NET<\/span><\/p>\n<p><iframe loading=\"lazy\" title=\"L&#039;INCONTRO A GOSALDO SULLA CHIUSURA DELLA CASERMA DEI CARABINIERI\" width=\"1200\" height=\"675\" src=\"https:\/\/www.youtube.com\/embed\/DppNAHc88Tg?feature=oembed\" frameborder=\"0\" allow=\"accelerometer; autoplay; clipboard-write; encrypted-media; gyroscope; picture-in-picture; web-share\" referrerpolicy=\"strict-origin-when-cross-origin\" allowfullscreen><\/iframe><\/p>\n<p>&nbsp;<\/p>\n<hr \/>\n<p>&nbsp;<\/p>\n<blockquote>\n<h3>DILLO A RADIO PIU&#8217;&#8230;.ALCUNE CONSIDERZIONI IN MERITO ALLA CHIUSURA DELLA CASERMA DI GOSALDO<\/h3>\n<\/blockquote>\n<p><strong><a class=\"dt-pswp-item\" href=\"https:\/\/www.radiopiu.net\/wordpress\/wp-content\/uploads\/2021\/10\/police-3394767__480.jpg\" data-dt-img-description=\"\" data-large_image_width=\"719\" data-large_image_height=\"480\"><img loading=\"lazy\" decoding=\"async\" class=\" wp-image-239926 alignleft\" src=\"https:\/\/www.radiopiu.net\/wordpress\/wp-content\/uploads\/2021\/10\/police-3394767__480-300x200.jpg\" alt=\"\" width=\"168\" height=\"112\" srcset=\"https:\/\/www.radiopiu.net\/wordpress\/wp-content\/uploads\/2021\/10\/police-3394767__480-300x200.jpg 300w, https:\/\/www.radiopiu.net\/wordpress\/wp-content\/uploads\/2021\/10\/police-3394767__480.jpg 719w\" sizes=\"auto, (max-width: 168px) 100vw, 168px\" \/><\/a>RICEVIAMO E PUBBLICHIAMO<\/strong><\/p>\n<p>Prendo lo spunto dalla recente chiusura della Caserma dei Carabinieri \u00a0di Gosaldo per esporre alcune mie considerazioni. Ricordo che parecchi anni fa ( non ricordo precisamente quando) era stato presentato un disegno di legge inerente una riforma globale dell\u2019Arma. ( ne avevamo parlato e discusso anche a Radio Pi\u00f9). La riforma prevedeva una drastica riduzione delle Stazioni sparse sul territorio che in quel periodo erano circa 4.500. Stazioni prevalentemente ospitate in fabbricati privati con canoni piuttosto elevati. Per quanto riguarda l\u2019Agordino venivano soppresse le Stazioni di Falcade \u2013 Cencenighe Agordino \u2013 Gosaldo \u2013 Caprile e Livinallongo. Veniva istituita una Tenenza ad Agordo nella quale confluivano tutti i militari di dette Stazioni ( che operavano in situazioni difficili a causa della mancanza di personale ). A detto Comando sarebbero state assegnate autovetture veloci \u00a0in grado di raggiungere anche i Comuni pi\u00f9 lontani in pochi minuti. A detta dei promotori dell\u2019iniziativa questa operazione ( valida per tutto il territorio Italiano) avrebbe prodotto un miglior impiego del personale e un risparmio di parecchi miliardi. Il progetto non venne attuato per la forte resistenza da parte degli alti Comandi dell\u2019Arma. Ricordo la frase di un giornalista che seguiva il progetto che scriveva \u201c Al Comandante dell\u2019Arma dei Carabinieri l\u2019efficienza del personale passa in secondo piano, \u00a0e potr\u00e0 per\u00f2 dire con orgoglio \u00a0\u201cComando 4500 Caserme sul territorio Italiano\u201d Ora ,pur \u00a0non conoscendo i motivi della chiusura della Caserma di Gosaldo, sono convinto che la stessa abbia sempre avuto problemi di personale come tutte le piccole Stazioni . In merito a quanto sopra sono convinto che le riforme a volte servono e dovrebbero essere attuate senza se e senza ma ( anche se sono il pi\u00f9 delle volte contrastate per motivi campanilistici ) Cos\u00ec \u00e8 stato anche per l\u2019Unione dei Comuni dove la maggior parte dei cittadini hanno votato contro nei referendum ( vedi Falcade e Canale). Tra l\u2019altro dove l\u2019Unione \u00e8 stata attuata ne \u00e8 stato tratto un beneficio sia dal lato economico ( contributi ecc.) che dal lato operativo e di efficienza. Tutte le resistenze verranno poi annullate quando interverr\u00e0 la politica con delle leggi adeguate di riforma alle quali Sindaci e Cittadini si dovranno gioco forza adeguare.<\/p>\n<p>Rodolfo Pellegrinon<\/p>\n<p>&nbsp;<\/p>\n<hr \/>\n<p>&nbsp;<\/p>\n<p><span style=\"color: #ff0000;\">LA GIUDIZIARIA OGGI, SINTESI DAL CORRIERE DELLE ALPI<\/span><br \/>\narticoli, GIGI SOSSO<\/p>\n<h3>Uomo Minaccia Passanti con Coltello a Feltre: Denunciato e Processato<\/h3>\n<p><strong><a class=\"dt-pswp-item\" href=\"https:\/\/www.radiopiu.net\/wordpress\/wp-content\/uploads\/2024\/06\/Feltre-Belluno-1024x576-1.jpg\" data-dt-img-description=\"\" data-large_image_width=\"1024\" data-large_image_height=\"576\"><img loading=\"lazy\" decoding=\"async\" class=\"wp-image-394880 alignleft\" src=\"https:\/\/www.radiopiu.net\/wordpress\/wp-content\/uploads\/2024\/06\/Feltre-Belluno-1024x576-1-300x169.jpg\" alt=\"\" width=\"183\" height=\"103\" srcset=\"https:\/\/www.radiopiu.net\/wordpress\/wp-content\/uploads\/2024\/06\/Feltre-Belluno-1024x576-1-300x169.jpg 300w, https:\/\/www.radiopiu.net\/wordpress\/wp-content\/uploads\/2024\/06\/Feltre-Belluno-1024x576-1-768x432.jpg 768w, https:\/\/www.radiopiu.net\/wordpress\/wp-content\/uploads\/2024\/06\/Feltre-Belluno-1024x576-1.jpg 1024w\" sizes=\"auto, (max-width: 183px) 100vw, 183px\" \/><\/a>FELTRE<\/strong> In piazza Isola, nel centro di Feltre, un uomo \u00e8 stato denunciato per porto illegale di arma e oggetto atto a offendere, dopo aver minacciato i passanti con un coltello. L&#8217;incidente \u00e8 avvenuto tre anni fa. Durante la perquisizione, i carabinieri hanno trovato due coltelli da cucina e uno spadino artigianale nello zainetto dell&#8217;uomo. I coltelli avevano lame di 11 e 12 centimetri, mentre lo spadino, lungo 18 centimetri, era fatto in casa con un ferretto da mascherina chirurgica.\u00a0 L&#8217;uomo\u00a0sar\u00e0 processato nei prossimi mesi.<\/p>\n<p>&nbsp;<\/p>\n<p>&nbsp;<\/p>\n<hr \/>\n<p>&nbsp;<\/p>\n<blockquote>\n<h3>IN VENETO IL MERCATO DEL LAVORO RALLENTA<\/h3>\n<\/blockquote>\n<p><strong><a class=\"dt-pswp-item\" href=\"https:\/\/www.radiopiu.net\/wordpress\/wp-content\/uploads\/2022\/03\/Logo_VenetoLavoro.png\" data-dt-img-description=\"\" data-large_image_width=\"1791\" data-large_image_height=\"482\"><img loading=\"lazy\" decoding=\"async\" class=\" wp-image-264807 alignleft\" src=\"https:\/\/www.radiopiu.net\/wordpress\/wp-content\/uploads\/2022\/03\/Logo_VenetoLavoro-300x81.png\" alt=\"\" width=\"222\" height=\"60\" srcset=\"https:\/\/www.radiopiu.net\/wordpress\/wp-content\/uploads\/2022\/03\/Logo_VenetoLavoro-300x81.png 300w, https:\/\/www.radiopiu.net\/wordpress\/wp-content\/uploads\/2022\/03\/Logo_VenetoLavoro-1024x276.png 1024w, https:\/\/www.radiopiu.net\/wordpress\/wp-content\/uploads\/2022\/03\/Logo_VenetoLavoro-768x207.png 768w, https:\/\/www.radiopiu.net\/wordpress\/wp-content\/uploads\/2022\/03\/Logo_VenetoLavoro-1536x413.png 1536w, https:\/\/www.radiopiu.net\/wordpress\/wp-content\/uploads\/2022\/03\/Logo_VenetoLavoro.png 1791w\" sizes=\"auto, (max-width: 222px) 100vw, 222px\" \/><\/a>VENEZIA <\/strong><span class=\"gmail-C9DxTc\">Dopo il dato in controtendenza del mese di aprile, il bilancio occupazionale del mercato del lavoro veneto ha mostrato un nuovo rallentamento dei livelli di crescita pur mantenendosi in terreno ampiamente positivo. Oltre 63 mila i posti di lavoro guadagnati da inizio anno (erano +65.500 nel 2023), in lieve calo le assunzioni (-1%). <\/span><span class=\"gmail-C9DxTc\">Il settore pi\u00f9 in difficolt\u00e0 si conferma quello industriale: il bilancio \u00e8 infatti positivo (+7.700) ma in netto peggioramento rispetto all\u2019ultimo biennio, con un calo delle assunzioni pari al -7%. Tale andamento \u00e8 determinato prevalentemente da alcuni comparti del made in italy (in particolare il sistema moda) e dal metalmeccanico, che presenta un saldo (+1.600) pi\u00f9 che dimezzato rispetto al 2023 (+4.000) e un risultato prossimo allo zero nel mese di maggio.\u00a0<\/span><\/p>\n<p><strong>L&#8217;INFOGRAFICA\u00a0<\/strong><\/p>\n<a href=\"https:\/\/www.radiopiu.net\/wordpress\/wp-content\/uploads\/2024\/06\/Infografica-Bussola-giugno-2024.pdf\" class=\"pdfemb-viewer\" style=\"\" data-width=\"max\" data-height=\"max\" data-toolbar=\"top\" data-toolbar-fixed=\"on\">Infografica Bussola giugno 2024<\/a>\n<p>&nbsp;<\/p>\n<hr \/>\n<p>&nbsp;<\/p>\n<blockquote>\n<h3 class=\"entry-title\">INCIDENTI STRADALI CON FAUNA SELVATICA, I CORSI DI FORMAZIONE<\/h3>\n<\/blockquote>\n<p><a class=\"dt-pswp-item\" href=\"https:\/\/www.radiopiu.net\/wordpress\/wp-content\/uploads\/2021\/02\/CERVO-IN-STRADA.jpg\" data-dt-img-description=\"\" data-large_image_width=\"1280\" data-large_image_height=\"853\"><img loading=\"lazy\" decoding=\"async\" class=\" wp-image-194101 alignleft\" src=\"https:\/\/www.radiopiu.net\/wordpress\/wp-content\/uploads\/2021\/02\/CERVO-IN-STRADA-300x200.jpg\" alt=\"\" width=\"158\" height=\"105\" srcset=\"https:\/\/www.radiopiu.net\/wordpress\/wp-content\/uploads\/2021\/02\/CERVO-IN-STRADA-300x200.jpg 300w, https:\/\/www.radiopiu.net\/wordpress\/wp-content\/uploads\/2021\/02\/CERVO-IN-STRADA-1024x682.jpg 1024w, https:\/\/www.radiopiu.net\/wordpress\/wp-content\/uploads\/2021\/02\/CERVO-IN-STRADA-768x512.jpg 768w, https:\/\/www.radiopiu.net\/wordpress\/wp-content\/uploads\/2021\/02\/CERVO-IN-STRADA.jpg 1280w\" sizes=\"auto, (max-width: 158px) 100vw, 158px\" \/><\/a><strong>BELLUNO <\/strong>Nelle prossime settimane inizieranno i corsi di formazione per operatori qualificati ad intervenire su cervi e caprioli feriti. Questi corsi, che hanno gi\u00e0 raccolto quasi un centinaio di pre-iscrizioni, fanno parte delle azioni previste dal &#8220;Protocollo operativo per gli interventi su fauna selvatica in difficolt\u00e0&#8221; approvato dalla Provincia nell\u2019ottobre 2021. Il protocollo prevede una check list, approvata da Ispra, per decidere due tipi di intervento: se l&#8217;animale pu\u00f2 riprendersi, viene rilasciato in un luogo idoneo; se le ferite sono gravi, si procede con l\u2019eutanasia, rispettando l&#8217;obbligo di legge per il benessere animale. Questo riguarda solo le specie cacciabili, principalmente gli ungulati. Silvia Calligaro, consigliera provinciale, sottolinea che il protocollo migliora la gestione degli incidenti con fauna selvatica, alleviando il sistema di soccorso pubblico. Nel Bellunese, gli incidenti con fauna selvatica sono frequenti, con centinaia di casi all&#8217;anno. Gli animali feriti richiedono l&#8217;intervento di personale qualificato per decidere l&#8217;abbattimento, se necessario.<\/p>\n<p>&nbsp;<\/p>\n<p><span style=\"color: #ff0000;\"><strong>IERI ALLA RADIO, TRA GLI ARTICOLI PIU&#8217; CLICCATI SUL SITO DI RADIOPIU. VISUALIZZAZIONI NELLE 24 ORE:\u00a0\u00a0 8.459<\/strong><\/span><\/p>\n<blockquote class=\"wp-embedded-content\" data-secret=\"vuhwJEpXZM\"><p><a href=\"https:\/\/www.radiopiu.net\/wordpress\/mentre-la-provincia-pensa-ai-danni-dei-cervi-sui-campi-lungo-la-203-ogni-giorno-si-rischia-la-vita\/\">MENTRE LA PROVINCIA PENSA AI DANNI DEI CERVI SUI CAMPI, LUNGO LA 203 OGNI GIORNO SI RISCHIA LA VITA<\/a><\/p><\/blockquote>\n<p><iframe loading=\"lazy\" class=\"wp-embedded-content\" sandbox=\"allow-scripts\" security=\"restricted\" style=\"position: absolute; clip: rect(1px, 1px, 1px, 1px);\" title=\"&#8220;MENTRE LA PROVINCIA PENSA AI DANNI DEI CERVI SUI CAMPI, LUNGO LA 203 OGNI GIORNO SI RISCHIA LA VITA&#8221; &#8212; Radio Pi\u00f9\" src=\"https:\/\/www.radiopiu.net\/wordpress\/mentre-la-provincia-pensa-ai-danni-dei-cervi-sui-campi-lungo-la-203-ogni-giorno-si-rischia-la-vita\/embed\/#?secret=QrpZqeff5V#?secret=vuhwJEpXZM\" data-secret=\"vuhwJEpXZM\" width=\"600\" height=\"338\" frameborder=\"0\" marginwidth=\"0\" marginheight=\"0\" scrolling=\"no\"><\/iframe><\/p>\n<p>&nbsp;<\/p>\n<p>&nbsp;<\/p>\n<hr \/>\n<p>&nbsp;<\/p>\n<blockquote>\n<h3>IN PROVINCIA SOLO DUE DONNE ELETTE SINDACO<\/h3>\n<\/blockquote>\n<p><strong><a class=\"dt-pswp-item\" href=\"https:\/\/www.radiopiu.net\/wordpress\/wp-content\/uploads\/2019\/05\/ELEZIONI-COMUNALI.jpg\" data-dt-img-description=\"\" data-large_image_width=\"751\" data-large_image_height=\"488\"><img loading=\"lazy\" decoding=\"async\" class=\" wp-image-86550 alignleft\" src=\"https:\/\/www.radiopiu.net\/wordpress\/wp-content\/uploads\/2019\/05\/ELEZIONI-COMUNALI-300x195.jpg\" alt=\"\" width=\"155\" height=\"101\" srcset=\"https:\/\/www.radiopiu.net\/wordpress\/wp-content\/uploads\/2019\/05\/ELEZIONI-COMUNALI-300x195.jpg 300w, https:\/\/www.radiopiu.net\/wordpress\/wp-content\/uploads\/2019\/05\/ELEZIONI-COMUNALI.jpg 751w\" sizes=\"auto, (max-width: 155px) 100vw, 155px\" \/><\/a>BELLUNO<\/strong> La Consigliera di Parit\u00e0 Flavia Monego sottolinea che non si tratta solo di quote rosa, ma di facilitare l&#8217;accesso alla vita amministrativa per tutti, data la crescente disaffezione dei cittadini. Nell&#8217;ultima tornata elettorale nel Bellunese, solo due donne sono state elette a sindaco, mantenendo il numero di sindache invariato rispetto a prima delle elezioni. Monego evidenzia che sette sindache su 60 Comuni sono un numero basso e che la rappresentanza femminile nei consigli comunali \u00e8 spesso scarsa. Tuttavia, ci sono casi positivi come Longarone e Santa Giustina, dove met\u00e0 dei consiglieri sono donne. Monego invita a creare condizioni favorevoli per la partecipazione femminile e per incoraggiare pi\u00f9 persone, indipendentemente dal genere, a impegnarsi nelle amministrazioni locali, specialmente nei piccoli centri di montagna.<\/p>\n<p>&nbsp;<\/p>\n<hr \/>\n<p>&nbsp;<\/p>\n<blockquote>\n<h3>Il Vescovo di Belluno e Feltre Agisce Contro gli Abusi Sessuali<\/h3>\n<\/blockquote>\n<p><strong><a class=\"dt-pswp-item\" href=\"https:\/\/www.radiopiu.net\/wordpress\/wp-content\/uploads\/2022\/07\/Vescovo-Renato-Marangoni.jpg\" data-dt-img-description=\"\" data-large_image_width=\"925\" data-large_image_height=\"1024\"><img loading=\"lazy\" decoding=\"async\" class=\" wp-image-288225 alignleft\" src=\"https:\/\/www.radiopiu.net\/wordpress\/wp-content\/uploads\/2022\/07\/Vescovo-Renato-Marangoni-271x300.jpg\" alt=\"\" width=\"134\" height=\"148\" srcset=\"https:\/\/www.radiopiu.net\/wordpress\/wp-content\/uploads\/2022\/07\/Vescovo-Renato-Marangoni-271x300.jpg 271w, https:\/\/www.radiopiu.net\/wordpress\/wp-content\/uploads\/2022\/07\/Vescovo-Renato-Marangoni-768x850.jpg 768w, https:\/\/www.radiopiu.net\/wordpress\/wp-content\/uploads\/2022\/07\/Vescovo-Renato-Marangoni.jpg 925w\" sizes=\"auto, (max-width: 134px) 100vw, 134px\" \/><\/a>BELLUNO<\/strong> Il vescovo di Belluno e Feltre, mons. Renato Marangoni, ha annunciato iniziative contro gli abusi sessuali. Di fronte a tali accuse, il vescovo inoltra una denuncia canonica alla Congregazione e consiglia alla vittima di rivolgersi all&#8217;autorit\u00e0 giudiziaria. Presentato un vademecum per la formazione parrocchiale e un Centro per l\u2019ascolto presso la Casa Diocesana Giovanni XXIII a Belluno. Il Centro, attivo dal 10 luglio, servir\u00e0 come primo punto di ascolto per segnalare casi delicati. Il vescovo ha enfatizzato la necessit\u00e0 di prevenire e formare, consolidando la cultura della cura e della tutela nelle comunit\u00e0. Ha denunciato anche l\u2019abuso spirituale e sottolineato l&#8217;importanza della trasparenza e della fiducia nelle competenze esterne.<\/p>\n<p>&nbsp;<\/p>\n<p>&nbsp;<\/p>\n<p>&nbsp;<\/p>\n<p><strong><a class=\"dt-pswp-item\" href=\"https:\/\/www.radiopiu.net\/wordpress\/wp-content\/uploads\/2023\/12\/ANTENNA.png\" data-dt-img-description=\"\" data-large_image_width=\"300\" data-large_image_height=\"166\"><img loading=\"lazy\" decoding=\"async\" class=\" wp-image-366306 alignleft\" src=\"https:\/\/www.radiopiu.net\/wordpress\/wp-content\/uploads\/2023\/12\/ANTENNA.png\" alt=\"\" width=\"175\" height=\"97\" \/><\/a>IERI SERA, DAL TG DI ANTENNA 3, ogni sera alle 19 le anticipazioni alla radio, quello che poi seguirete nel TELEGIORNALE BELLUNESE\u00a0 in onda alle 19.30 sul CANALE 10 del digitale terrestre.\u00a0 \u00a0<\/strong><\/p>\n<p>&nbsp;<\/p>\n<blockquote>\n<h2 class=\"_title post-title entry-title\">ABUSI IN AMBITO ECCLESIALE: LA CHIESA DIOCESANA APRE UN CENTRO DI ASCOLTO<\/h2>\n<\/blockquote>\n<p>&nbsp;<\/p>\n<p>Intervistati MONS. RENATO MARANGONI (VESCOVO DI BELLUNO FELTRE), PAOLO BELLO (REFERENTE DIOCESANO PER LA TUTELA DEI MINORI) (Servizio di\u00a0<a href=\"https:\/\/antennatre.medianordest.it\/redazione\/Tiziana-Bolognani\/\">Tiziana Bolognani<\/a>)<\/p>\n<p><iframe loading=\"lazy\" title=\"ABUSI IN AMBITO ECCLESIALE: LA CHIESA DIOCESANA APRE UN CENTRO DI ASCOLTO | 14\/06\/2024\" width=\"1200\" height=\"675\" src=\"https:\/\/www.youtube.com\/embed\/nDW1BsrS7Nw?feature=oembed\" frameborder=\"0\" allow=\"accelerometer; autoplay; clipboard-write; encrypted-media; gyroscope; picture-in-picture; web-share\" referrerpolicy=\"strict-origin-when-cross-origin\" allowfullscreen><\/iframe><\/p>\n<p>&nbsp;<\/p>\n<p>&nbsp;<\/p>\n<hr \/>\n<p>&nbsp;<\/p>\n<blockquote>\n<h3>LA GIORNATA MONDIALE DEL DONATORE DI SANGUE: IL PUNTO DELL&#8217;ULSS 1 DOLOMITI<\/h3>\n<\/blockquote>\n<p><strong><a class=\"dt-pswp-item\" href=\"https:\/\/www.radiopiu.net\/wordpress\/wp-content\/uploads\/2024\/06\/c4cb5881-9867-483c-b5b6-d30e7e58fdd6.jpg\" data-dt-img-description=\"\" data-large_image_width=\"2048\" data-large_image_height=\"1536\"><img loading=\"lazy\" decoding=\"async\" class=\" wp-image-394785 alignleft\" src=\"https:\/\/www.radiopiu.net\/wordpress\/wp-content\/uploads\/2024\/06\/c4cb5881-9867-483c-b5b6-d30e7e58fdd6-300x225.jpg\" alt=\"\" width=\"165\" height=\"124\" srcset=\"https:\/\/www.radiopiu.net\/wordpress\/wp-content\/uploads\/2024\/06\/c4cb5881-9867-483c-b5b6-d30e7e58fdd6-300x225.jpg 300w, https:\/\/www.radiopiu.net\/wordpress\/wp-content\/uploads\/2024\/06\/c4cb5881-9867-483c-b5b6-d30e7e58fdd6-1024x768.jpg 1024w, https:\/\/www.radiopiu.net\/wordpress\/wp-content\/uploads\/2024\/06\/c4cb5881-9867-483c-b5b6-d30e7e58fdd6-768x576.jpg 768w, https:\/\/www.radiopiu.net\/wordpress\/wp-content\/uploads\/2024\/06\/c4cb5881-9867-483c-b5b6-d30e7e58fdd6-1536x1152.jpg 1536w, https:\/\/www.radiopiu.net\/wordpress\/wp-content\/uploads\/2024\/06\/c4cb5881-9867-483c-b5b6-d30e7e58fdd6.jpg 2048w\" sizes=\"auto, (max-width: 165px) 100vw, 165px\" \/><\/a>BELLUNO<\/strong> Giornata mondiale del donatore di sangue: la provincia di Belluno si conferma terra generosa, con le donazioni che toccano il doppio del fabbisogno locale.<\/p>\n<p><strong>DI DANIELE DALVIT<\/strong><\/p>\n<audio class=\"wp-audio-shortcode\" id=\"audio-394708-8\" preload=\"none\" style=\"width: 100%;\" controls=\"controls\"><source type=\"audio\/mpeg\" src=\"https:\/\/www.radiopiu.net\/wordpress\/wp-content\/uploads\/2024\/06\/Servizio-Giornata-donatore-sangue-2024.mp3?_=8\" \/><a href=\"https:\/\/www.radiopiu.net\/wordpress\/wp-content\/uploads\/2024\/06\/Servizio-Giornata-donatore-sangue-2024.mp3\">https:\/\/www.radiopiu.net\/wordpress\/wp-content\/uploads\/2024\/06\/Servizio-Giornata-donatore-sangue-2024.mp3<\/a><\/audio>\n<p>&nbsp;<\/p>\n<p><strong>LE SLIDE DELL&#8217;ULSS 1 DOLOMITI<\/strong><\/p>\n<a href=\"https:\/\/www.radiopiu.net\/wordpress\/wp-content\/uploads\/2024\/06\/donazioni-sangue_punto-stampa_14.06.2024.pdf\" class=\"pdfemb-viewer\" style=\"\" data-width=\"max\" data-height=\"max\" data-toolbar=\"top\" data-toolbar-fixed=\"on\">donazioni sangue_punto stampa_14.06.2024<\/a>\n<p>&nbsp;<\/p>\n<p>&nbsp;<\/p>\n<hr \/>\n<p>&nbsp;<\/p>\n<blockquote>\n<h3>Blackfin Simbolo del Made in Italy al Vertice G7 in Puglia<\/h3>\n<\/blockquote>\n<p><strong><a class=\"dt-pswp-item\" href=\"https:\/\/www.radiopiu.net\/wordpress\/wp-content\/uploads\/2024\/06\/G7_Italy_3.jpg\" data-dt-img-description=\"\" data-large_image_width=\"1920\" data-large_image_height=\"1080\"><img loading=\"lazy\" decoding=\"async\" class=\" wp-image-394807 alignleft\" src=\"https:\/\/www.radiopiu.net\/wordpress\/wp-content\/uploads\/2024\/06\/G7_Italy_3-300x169.jpg\" alt=\"\" width=\"209\" height=\"118\" srcset=\"https:\/\/www.radiopiu.net\/wordpress\/wp-content\/uploads\/2024\/06\/G7_Italy_3-300x169.jpg 300w, https:\/\/www.radiopiu.net\/wordpress\/wp-content\/uploads\/2024\/06\/G7_Italy_3-1024x576.jpg 1024w, https:\/\/www.radiopiu.net\/wordpress\/wp-content\/uploads\/2024\/06\/G7_Italy_3-768x432.jpg 768w, https:\/\/www.radiopiu.net\/wordpress\/wp-content\/uploads\/2024\/06\/G7_Italy_3-1536x864.jpg 1536w, https:\/\/www.radiopiu.net\/wordpress\/wp-content\/uploads\/2024\/06\/G7_Italy_3.jpg 1920w\" sizes=\"auto, (max-width: 209px) 100vw, 209px\" \/><\/a>TAIBON<\/strong> In occasione del Vertice G7 a Borgo Egnazia, Puglia, l\u2019Italia celebra il made in Italy con doni esclusivi per i Capi di Stato e di Governo. Tra questi, gli occhiali in titanio Blackfin, simbolo di eccellenza italiana, scelti per la seconda volta dopo il G8 del 2009. Nicola Del Din, CEO di Blackfin, esprime grande orgoglio per questo riconoscimento. I membri del G7 hanno ricevuto occhiali Blackfin personalizzati con un&#8217;incisione speciale e il logo dell&#8217;evento.<\/p>\n<p>&nbsp;<\/p>\n<p>&nbsp;<\/p>\n<hr \/>\n<p>&nbsp;<\/p>\n<blockquote>\n<h3>ABBATTIMENTO BARRIERE ARCHITETTONICHE A PALAZZO MIGLIORINI<\/h3>\n<\/blockquote>\n<p><strong><a class=\"dt-pswp-item\" href=\"https:\/\/www.radiopiu.net\/wordpress\/wp-content\/uploads\/2022\/12\/PALAZZO-ROSSO.png\" data-dt-img-description=\"\" data-large_image_width=\"2076\" data-large_image_height=\"1328\"><img loading=\"lazy\" decoding=\"async\" class=\" wp-image-313801 alignleft\" src=\"https:\/\/www.radiopiu.net\/wordpress\/wp-content\/uploads\/2022\/12\/PALAZZO-ROSSO-300x192.png\" alt=\"\" width=\"163\" height=\"104\" srcset=\"https:\/\/www.radiopiu.net\/wordpress\/wp-content\/uploads\/2022\/12\/PALAZZO-ROSSO-300x192.png 300w, https:\/\/www.radiopiu.net\/wordpress\/wp-content\/uploads\/2022\/12\/PALAZZO-ROSSO-1024x655.png 1024w, https:\/\/www.radiopiu.net\/wordpress\/wp-content\/uploads\/2022\/12\/PALAZZO-ROSSO-768x491.png 768w, https:\/\/www.radiopiu.net\/wordpress\/wp-content\/uploads\/2022\/12\/PALAZZO-ROSSO-1536x983.png 1536w, https:\/\/www.radiopiu.net\/wordpress\/wp-content\/uploads\/2022\/12\/PALAZZO-ROSSO-2048x1310.png 2048w\" sizes=\"auto, (max-width: 163px) 100vw, 163px\" \/><\/a>BELLUNO<\/strong> Approvato il progetto esecutivo per l\u2019abbattimento delle barriere architettoniche e la sostituzione dei serramenti a Palazzo Migliorini, sede degli uffici tecnici del Comune di Belluno. L\u2019intervento, del valore di 130mila euro, prevede la sostituzione dell\u2019ascensore, fuori uso da decenni, con uno nuovo oleodinamico accessibile a carrozzine, e l\u2019eliminazione dei gradini d\u2019ingresso per migliorare l\u2019accessibilit\u00e0. Inoltre, saranno sostituiti i vecchi serramenti con nuovi a triplo vetro per un migliore efficientamento energetico. Il Sindaco Oscar De Pellegrin ha sottolineato l\u2019importanza dell\u2019accessibilit\u00e0 e dell\u2019inclusione sociale nella progettazione urbana. Anche l\u2019assessore ai lavori pubblici, Franco Roccon, ha evidenziato che questo intervento, insieme ai lavori al Belvedere, render\u00e0 l\u2019area completamente accessibile. In precedenza, sono stati effettuati interventi simili in altre strutture comunali per migliorare l\u2019accessibilit\u00e0.<\/p>\n<p>&nbsp;<\/p>\n<p>&nbsp;<\/p>\n<hr \/>\n<p>&nbsp;<\/p>\n<blockquote>\n<h3>A CORTINA SPOSTAMENTO DEL MERCATO E RIGENERAZIONE DEL COMPARTO STAZIONE<\/h3>\n<\/blockquote>\n<p><strong>PER LE TRE RADIO BARBARA PAOLAZZI<\/strong><\/p>\n<audio class=\"wp-audio-shortcode\" id=\"audio-394708-9\" preload=\"none\" style=\"width: 100%;\" controls=\"controls\"><source type=\"audio\/mpeg\" src=\"https:\/\/www.radiopiu.net\/wordpress\/wp-content\/uploads\/2024\/06\/PAOLAZZI-SINDACO-CORTINA-MERCATO.mp3?_=9\" \/><a href=\"https:\/\/www.radiopiu.net\/wordpress\/wp-content\/uploads\/2024\/06\/PAOLAZZI-SINDACO-CORTINA-MERCATO.mp3\">https:\/\/www.radiopiu.net\/wordpress\/wp-content\/uploads\/2024\/06\/PAOLAZZI-SINDACO-CORTINA-MERCATO.mp3<\/a><\/audio>\n<p>&nbsp;<\/p>\n<hr \/>\n<p>&nbsp;<\/p>\n<blockquote>\n<h3>ALLA SCOPERTA DEI GIOCHI DI UNA VOLTA ALLA SCUOLA DELL&#8217;INFANZIA DI ROE A SEDICO<\/h3>\n<\/blockquote>\n<p><strong><a class=\"dt-pswp-item\" href=\"https:\/\/www.radiopiu.net\/wordpress\/wp-content\/uploads\/2024\/06\/Alla-scoperta-dei-giochi-di-una-volta.jpg\" data-dt-img-description=\"\" data-large_image_width=\"345\" data-large_image_height=\"432\"><img loading=\"lazy\" decoding=\"async\" class=\" wp-image-394793 alignleft\" src=\"https:\/\/www.radiopiu.net\/wordpress\/wp-content\/uploads\/2024\/06\/Alla-scoperta-dei-giochi-di-una-volta-240x300.jpg\" alt=\"\" width=\"103\" height=\"129\" srcset=\"https:\/\/www.radiopiu.net\/wordpress\/wp-content\/uploads\/2024\/06\/Alla-scoperta-dei-giochi-di-una-volta-240x300.jpg 240w, https:\/\/www.radiopiu.net\/wordpress\/wp-content\/uploads\/2024\/06\/Alla-scoperta-dei-giochi-di-una-volta.jpg 345w\" sizes=\"auto, (max-width: 103px) 100vw, 103px\" \/><\/a>SEDICO<\/strong> I nonni sono stati protagonisti in vari progetti scolastici, inclusi un orto e un giardino nelle scuole primarie di Sospirolo e Libano, e recentemente alla scuola dell&#8217;infanzia &#8220;Gianni Rodari&#8221; di Roe, parte dell&#8217;Istituto comprensivo di Sedico-Sospirolo. Qui, hanno collaborato in un laboratorio sui giochi di una volta, coinvolgendo i bambini di cinque anni. L&#8217;attivit\u00e0 \u00e8 iniziata con i bambini che condividevano i loro giocattoli attuali, seguiti dai nonni che hanno mostrato e insegnato a realizzare i giochi della loro infanzia. I bambini, affascinati dalla maestria dei nonni, hanno creato i giocattoli con entusiasmo, facendo confronti tra i loro giochi moderni e quelli dei nonni. L&#8217;attivit\u00e0 ha suscitato grande interesse e stupore tra i bambini, e i nonni hanno rivissuto la gioia del gioco della loro infanzia.<\/p>\n<p>&nbsp;<\/p>\n<p>&nbsp;<\/p>\n<hr \/>\n<p>&nbsp;<\/p>\n<blockquote>\n<h3>LA PROLOCO DI RIVAMONTE OSPITA IL CENTRO DIURNO ALTROSENSO<\/h3>\n<\/blockquote>\n<p><strong><a class=\"dt-pswp-item\" href=\"https:\/\/www.radiopiu.net\/wordpress\/wp-content\/uploads\/2024\/06\/AltroSenso-a-Rivamonte.png\" data-dt-img-description=\"\" data-large_image_width=\"1080\" data-large_image_height=\"1080\"><img loading=\"lazy\" decoding=\"async\" class=\" wp-image-394797 alignleft\" src=\"https:\/\/www.radiopiu.net\/wordpress\/wp-content\/uploads\/2024\/06\/AltroSenso-a-Rivamonte-300x300.png\" alt=\"\" width=\"127\" height=\"127\" srcset=\"https:\/\/www.radiopiu.net\/wordpress\/wp-content\/uploads\/2024\/06\/AltroSenso-a-Rivamonte-300x300.png 300w, https:\/\/www.radiopiu.net\/wordpress\/wp-content\/uploads\/2024\/06\/AltroSenso-a-Rivamonte-1024x1024.png 1024w, https:\/\/www.radiopiu.net\/wordpress\/wp-content\/uploads\/2024\/06\/AltroSenso-a-Rivamonte-150x150.png 150w, https:\/\/www.radiopiu.net\/wordpress\/wp-content\/uploads\/2024\/06\/AltroSenso-a-Rivamonte-768x768.png 768w, https:\/\/www.radiopiu.net\/wordpress\/wp-content\/uploads\/2024\/06\/AltroSenso-a-Rivamonte.png 1080w\" sizes=\"auto, (max-width: 127px) 100vw, 127px\" \/><\/a>RIVAMONTE <\/strong>In occasione della tradizionale sagra di Sant&#8217;Antonio, la Proloco di Rivamonte ha ospitato le persone con disabilit\u00e0 del Centro Diurno AltroSenso di Agordo, offrendo loro un tavolo e un piatto di gnocchi. Questa tradizione, legata alla figura di Piero Rosson, storico educatore del Centro, mira a garantire la partecipazione delle persone con disabilit\u00e0 a eventi comunitari significativi. Federico Bristot, presidente di Societ\u00e0 Nuova, ha sottolineato l&#8217;importanza di questo appuntamento annuale per il Centro Diurno di Agordo, ringraziando la Proloco per il suo impegno e il messaggio di inclusione trasmesso. Durante la sagra, la Proloco ha anche regalato biglietti della lotteria agli ospiti, uno dei quali ha permesso a Gianni di vincere una macchina da caff\u00e8.<\/p>\n<p><strong>DI GIANNI SANTOMASO<\/strong><\/p>\n<audio class=\"wp-audio-shortcode\" id=\"audio-394708-10\" preload=\"none\" style=\"width: 100%;\" controls=\"controls\"><source type=\"audio\/mpeg\" src=\"https:\/\/www.radiopiu.net\/wordpress\/wp-content\/uploads\/2024\/06\/GIANNI-IL-CENTRO-DIURNO-DI-AGORDO-ALLA-SAGRA-DI-SANTANIO-DI-RIVAMONTE.mp3?_=10\" \/><a href=\"https:\/\/www.radiopiu.net\/wordpress\/wp-content\/uploads\/2024\/06\/GIANNI-IL-CENTRO-DIURNO-DI-AGORDO-ALLA-SAGRA-DI-SANTANIO-DI-RIVAMONTE.mp3\">https:\/\/www.radiopiu.net\/wordpress\/wp-content\/uploads\/2024\/06\/GIANNI-IL-CENTRO-DIURNO-DI-AGORDO-ALLA-SAGRA-DI-SANTANIO-DI-RIVAMONTE.mp3<\/a><\/audio>\n<p>&nbsp;<\/p>\n<hr \/>\n<p>&nbsp;<\/p>\n<blockquote>\n<h3>FONDAZIONE CARIVERONA SOSTIENE 11 BORSE DI STUDIO INTERCULTURA PER PERCORSI FORMATIVI ALL\u2019ESTERO<\/h3>\n<\/blockquote>\n<p><strong><a class=\"dt-pswp-item\" href=\"https:\/\/www.radiopiu.net\/wordpress\/wp-content\/uploads\/2024\/06\/Borse-di-studio-Foto-di-gruppo_e.jpg\" data-dt-img-description=\"\" data-large_image_width=\"2500\" data-large_image_height=\"1667\"><img loading=\"lazy\" decoding=\"async\" class=\" wp-image-394811 alignleft\" src=\"https:\/\/www.radiopiu.net\/wordpress\/wp-content\/uploads\/2024\/06\/Borse-di-studio-Foto-di-gruppo_e-300x200.jpg\" alt=\"\" width=\"170\" height=\"113\" srcset=\"https:\/\/www.radiopiu.net\/wordpress\/wp-content\/uploads\/2024\/06\/Borse-di-studio-Foto-di-gruppo_e-300x200.jpg 300w, https:\/\/www.radiopiu.net\/wordpress\/wp-content\/uploads\/2024\/06\/Borse-di-studio-Foto-di-gruppo_e-1024x683.jpg 1024w, https:\/\/www.radiopiu.net\/wordpress\/wp-content\/uploads\/2024\/06\/Borse-di-studio-Foto-di-gruppo_e-768x512.jpg 768w, https:\/\/www.radiopiu.net\/wordpress\/wp-content\/uploads\/2024\/06\/Borse-di-studio-Foto-di-gruppo_e-1536x1024.jpg 1536w, https:\/\/www.radiopiu.net\/wordpress\/wp-content\/uploads\/2024\/06\/Borse-di-studio-Foto-di-gruppo_e-2048x1366.jpg 2048w\" sizes=\"auto, (max-width: 170px) 100vw, 170px\" \/><\/a>VERONA<\/strong> Presso la sede di Fondazione Cariverona, si \u00e8 svolta la cerimonia di premiazione degli studenti delle scuole secondarie di II grado delle province di Verona, Vicenza, Belluno, Ancona e Mantova, vincitori delle borse di studio grazie alla collaborazione tra Fondazione Cariverona e Fondazione Intercultura. Gli 11 giovani premiati, selezionati tramite il bando Giovani in movimento e il concorso di Intercultura, vivranno un&#8217;esperienza di studio all&#8217;estero nell&#8217;anno scolastico 2024-2025 in Paesi dell&#8217;America Latina, Europa e Asia. Dal 2019, Fondazione Cariverona ha permesso a 61 ragazzi di studiare all&#8217;estero, promuovendo internazionalit\u00e0 e interculturalit\u00e0. Ieri, il direttore generale di Fondazione Cariverona, Filippo Manfredi, e il segretario generale di Fondazione Intercultura, Roberto Ruffino, hanno accolto gli studenti. In provincia di Belluno, Nicole e Alessia dell&#8217;Istituto Catullo di Belluno parteciperanno a programmi scolastici annuali rispettivamente in Per\u00f9 e nelle Filippine.<\/p>\n<p>&nbsp;<\/p>\n<p>&nbsp;<\/p>\n<hr \/>\n<p>&nbsp;<\/p>\n<blockquote>\n<h3>LA SPORTFUL DOLOMITI RACE PASSA A VOLTAGO&#8230;MA NON SOLO<\/h3>\n<\/blockquote>\n<p><strong>VOLTAGO<\/strong> Disagi alla viabilit\u00e0 domenica lungo la SP 347 del Passo Cereda e Duran nella giornata di domenica quando i partecipanti alla Sportful Dolomiti Race transiteranno tra Voltago e Forcella Aurine. Un primo passaggio \u00e8 previsto tra le 8:25 e le 10:10 mentre il secondo passaggio tra le 10:30 e le 15:22. Strade dell&#8217;intero Agordino che saranno interessate dalla manifestazione in diversi orari della giornata. Le strade saranno percorribili ma con attenzione. Lungo il percorso saranno presenti i volontari a gestire il traffico.<\/p>\n<h3>PER CONSULTARE LE TABELLE ORARIE CLICCA SULLA SCRITTA IN GRASSETTO\u00a0<span style=\"color: #3366ff;\"><strong><a href=\"https:\/\/www.radiopiu.net\/wordpress\/wp-content\/uploads\/2024\/06\/Tab.-orarie-SDR-2024-GF-definitiva.pdf\">GRAN FONDO<\/a>\u00a0 \u00a0<a href=\"https:\/\/www.radiopiu.net\/wordpress\/wp-content\/uploads\/2024\/06\/Tab-orarie-SDR2024-MEDIO-Fondo.pdf\">MEDIO FONDO<\/a><\/strong>\u00a0<\/span><\/h3>\n<p>&nbsp;<\/p>\n<p>&nbsp;<\/p>\n<hr \/>\n<p>&nbsp;<\/p>\n<blockquote>\n<h3>LA VALIGIA EMOTIVA DEL PARTO: GLI INCONTRI<\/h3>\n<\/blockquote>\n<p><strong><a class=\"dt-pswp-item\" href=\"https:\/\/www.radiopiu.net\/wordpress\/wp-content\/uploads\/2021\/03\/ULSS-1.jpg\" data-dt-img-description=\"\" data-large_image_width=\"776\" data-large_image_height=\"408\"><img loading=\"lazy\" decoding=\"async\" class=\" wp-image-198838 alignleft\" src=\"https:\/\/www.radiopiu.net\/wordpress\/wp-content\/uploads\/2021\/03\/ULSS-1-300x158.jpg\" alt=\"\" width=\"182\" height=\"96\" srcset=\"https:\/\/www.radiopiu.net\/wordpress\/wp-content\/uploads\/2021\/03\/ULSS-1-300x158.jpg 300w, https:\/\/www.radiopiu.net\/wordpress\/wp-content\/uploads\/2021\/03\/ULSS-1-768x404.jpg 768w, https:\/\/www.radiopiu.net\/wordpress\/wp-content\/uploads\/2021\/03\/ULSS-1.jpg 776w\" sizes=\"auto, (max-width: 182px) 100vw, 182px\" \/><\/a>BELLUNO<\/strong> In occasione dell\u2019Open Day dedicato alla prevenzione al femminile proposto dal network Onda &#8211; Osservatorio nazionale sulla salute della donna e di genere, l\u2019Ulss Dolomiti organizza \u201cLa valigia emotiva del parto\u201d. L\u2019evento si terr\u00e0 mercoled\u00ec 19 giugno 2024 dalle 17.30 alle 19.00 presso le Unit\u00e0 Operative di Ostetricia e Ginecologia dell\u2019Ospedale di Belluno e la Sala Piccolotto dell\u2019Ospedale di Feltre. Ostetriche e una psicologa condurranno incontri per preparare le coppie in gravidanza, affrontando aspetti pratici e emotivi del parto. Gli incontri sono ad accesso libero. Per ulteriori informazioni: <a rel=\"noreferrer\">comunicazione@aulss1.veneto.it<\/a>.<\/p>\n<p>&nbsp;<\/p>\n<p>&nbsp;<\/p>\n<hr \/>\n<p>&nbsp;<\/p>\n<h2><span style=\"color: #ff0000;\">CONSIGLI COMUNALI IN AGORDINO<\/span><\/h2>\n<p><strong>VOLTAGO<\/strong> Consiglio comunale mercoled\u00ec alle 18:30. Il sindaco di Voltago ha convocato i consiglieri per discutere 6 punti. Tra gli argomenti da trattare l&#8217;approvazione del programma triennale dei lavori pubblici, la presa d&#8217;atto delle assemblee dei frazionisti di Frassen\u00e8, la convenzione per l&#8217;istituzione e la gestione associata della centrale di committenza presso l&#8217;Unione Montana Agordina e il rendiconto di gestione del 2023.<\/p>\n<p><strong>TAIBON\u00a0<\/strong>Consiglio comunale gioved\u00ec alle 18 in sede del Municipio. Sette punti tra cui la convalida degli eletti a sindaco e consiglieri, il giuramento del sindaco Silvia Tormen, la nomina degli assessori e dei rappresentanti in Unione Montana Agordina<\/p>\n<p><strong>ROCCA PIETORE\u00a0<\/strong>Il neo eletto sindaco Valerio Davare ha convocato il primo consiglio comunale per venerd\u00ec alle 18:30. Dopo l&#8217;insediamento di sindaco e consiglieri comunali, il giuramento del primo cittadino, l&#8217;approvazione delle linee programmatiche di governo e l&#8217;elezione della commissione elettorale comunale<\/p>\n<p><strong>COLLE SANTA<\/strong> <strong>LUCIA<\/strong> Sabato alle 7:30 consiglio comunale. Il sindaco Paolo frena ha convocato i consiglieri per discutere 5 punti tra cui una variazione a bilancio, l&#8217;approvazione del piano degli interventi e la prima variante al regolamento edilizio comunale.<\/p>\n<p>&nbsp;<\/p>\n<hr \/>\n<p>&nbsp;<\/p>\n<blockquote>\n<h3>Diario di un Sindaco: Vent&#8217;anni di Esperienze e Dedizione<\/h3>\n<\/blockquote>\n<blockquote><p><em>&#8220;uno spaccato interessante della nostra societ\u00e0 e delle vicissitudini amministrative&#8221;.\u00a0<\/em><\/p><\/blockquote>\n<p style=\"padding-left: 40px;\"><strong>ROCCA PIETORE<\/strong><\/p>\n<p><img decoding=\"async\" src=\"https:\/\/www.radiopiu.net\/wordpress\/wp-content\/uploads\/2024\/06\/23cf37c2-45db-4ab5-81e2-738189f8850b.jpg\" \/><\/p>\n<div class=\"flex flex-grow flex-col max-w-full\">\n<div class=\"min-h-[20px] text-message flex flex-col items-start whitespace-pre-wrap break-words [.text-message+&amp;]:mt-5 juice:w-full juice:items-end overflow-x-auto gap-2\" dir=\"auto\" data-message-author-role=\"assistant\" data-message-id=\"eceef8cf-552a-4279-af45-64ad67149b76\">\n<div class=\"flex w-full flex-col gap-1 juice:empty:hidden juice:first:pt-[3px]\">\n<div class=\"markdown prose w-full break-words dark:prose-invert dark\">\n<p>&#8220;Diario di un Sindaco&#8221; di Andrea De Bernardin: Vent&#8217;anni in municipio, quindici da sindaco. Un percorso di vita tra l&#8217;ordinaria amministrazione e eventi straordinari come tempeste, valanghe, frane e confini. Un tributo alla protezione civile e ai volontari che donano il loro tempo prezioso. Ora in distribuzione.<\/p>\n<\/div>\n<\/div>\n<\/div>\n<\/div>\n<div class=\"mt-1 flex gap-3 empty:hidden juice:-ml-3\">\n<div class=\"items-center justify-start rounded-xl p-1 flex\">\n<div class=\"flex items-center\"><\/div>\n<\/div>\n<\/div>\n<p><strong>AUDIO<\/strong><\/p>\n<audio class=\"wp-audio-shortcode\" id=\"audio-394708-11\" preload=\"none\" style=\"width: 100%;\" controls=\"controls\"><source type=\"audio\/mpeg\" src=\"https:\/\/www.radiopiu.net\/wordpress\/wp-content\/uploads\/2024\/06\/DIARIO-DI-UN-SINDACO_BA.mp3?_=11\" \/><a href=\"https:\/\/www.radiopiu.net\/wordpress\/wp-content\/uploads\/2024\/06\/DIARIO-DI-UN-SINDACO_BA.mp3\">https:\/\/www.radiopiu.net\/wordpress\/wp-content\/uploads\/2024\/06\/DIARIO-DI-UN-SINDACO_BA.mp3<\/a><\/audio>\n<p>&nbsp;<\/p>\n<p>&nbsp;<\/p>\n<p>&nbsp;<\/p>\n<hr \/>\n<p>&nbsp;<\/p>\n<blockquote>\n<h3>LAVORI ALL&#8217;UFFICIO POSTALE DI SAN NICOLO&#8217; COMELICO<\/h3>\n<\/blockquote>\n<p><strong><a class=\"dt-pswp-item\" href=\"https:\/\/www.radiopiu.net\/wordpress\/wp-content\/uploads\/2024\/01\/POSTE-ITALIANE.png\" data-dt-img-description=\"\" data-large_image_width=\"400\" data-large_image_height=\"400\"><img loading=\"lazy\" decoding=\"async\" class=\" wp-image-370478 alignleft\" src=\"https:\/\/www.radiopiu.net\/wordpress\/wp-content\/uploads\/2024\/01\/POSTE-ITALIANE-300x300.png\" alt=\"\" width=\"76\" height=\"76\" srcset=\"https:\/\/www.radiopiu.net\/wordpress\/wp-content\/uploads\/2024\/01\/POSTE-ITALIANE-300x300.png 300w, https:\/\/www.radiopiu.net\/wordpress\/wp-content\/uploads\/2024\/01\/POSTE-ITALIANE-150x150.png 150w, https:\/\/www.radiopiu.net\/wordpress\/wp-content\/uploads\/2024\/01\/POSTE-ITALIANE.png 400w\" sizes=\"auto, (max-width: 76px) 100vw, 76px\" \/><\/a>BELLUNO<\/strong> Poste Italiane informa che l\u2019ufficio postale di San Nicol\u00f2 di Comelico chiuder\u00e0 da sabato 15 giugno per lavori interni. La ristrutturazione mira a includere i principali servizi della Pubblica Amministrazione attraverso il progetto \u201cPolis \u2013 Casa dei Servizi Digitali\u201d, destinato ai comuni con meno di 15mila abitanti. Durante i lavori, i servizi postali saranno disponibili presso l\u2019ufficio di S. Stefano di Cadore e, a giorni alterni, negli uffici di Danta di Cadore e Dosoledo.<\/p>\n<p>&nbsp;<\/p>\n<p>&nbsp;<\/p>\n<hr \/>\n<p>&nbsp;<\/p>\n<div dir=\"auto\">\n<blockquote>\n<h3><a class=\"dt-pswp-item\" href=\"https:\/\/www.radiopiu.net\/wordpress\/wp-content\/uploads\/2024\/06\/FESTA_ABM_FALCADE_2024.jpeg\" data-dt-img-description=\"\" data-large_image_width=\"1240\" data-large_image_height=\"1754\"><img loading=\"lazy\" decoding=\"async\" class=\"wp-image-393436 alignleft\" src=\"https:\/\/www.radiopiu.net\/wordpress\/wp-content\/uploads\/2024\/06\/FESTA_ABM_FALCADE_2024-212x300.jpeg\" alt=\"\" width=\"134\" height=\"190\" srcset=\"https:\/\/www.radiopiu.net\/wordpress\/wp-content\/uploads\/2024\/06\/FESTA_ABM_FALCADE_2024-212x300.jpeg 212w, https:\/\/www.radiopiu.net\/wordpress\/wp-content\/uploads\/2024\/06\/FESTA_ABM_FALCADE_2024-724x1024.jpeg 724w, https:\/\/www.radiopiu.net\/wordpress\/wp-content\/uploads\/2024\/06\/FESTA_ABM_FALCADE_2024-768x1086.jpeg 768w, https:\/\/www.radiopiu.net\/wordpress\/wp-content\/uploads\/2024\/06\/FESTA_ABM_FALCADE_2024-1086x1536.jpeg 1086w, https:\/\/www.radiopiu.net\/wordpress\/wp-content\/uploads\/2024\/06\/FESTA_ABM_FALCADE_2024.jpeg 1240w\" sizes=\"auto, (max-width: 134px) 100vw, 134px\" \/><\/a>FESTA DEI BELLUNESI NEL MONDO IL 16 GIUGNO A FALCADE<\/h3>\n<\/blockquote>\n<p>Torna la tradizionale &#8220;Festa dei bellunesi nel mondo&#8221;, organizzata dall\u2019Associazione Bellunesi nel Mondo. Quest&#8217;anno l&#8217;evento si terr\u00e0 domenica 16 giugno a Falcade, grazie alla collaborazione del sindaco di Falcade e altre realt\u00e0 locali. Il presidente dell&#8217;Abm, Oscar De Bona, invita tutti a partecipare anche alla festa di primavera &#8220;El bon de l\u2019ansuda&#8221;. L&#8217;evento \u00e8 parte dell&#8217;anno del &#8220;Turismo delle radici&#8221;, promosso dal Ministero degli Esteri e sostenuto dal Pnrr.<\/p>\n<p><strong>DI GIANNI SANTOMASO<\/strong><\/p>\n<audio class=\"wp-audio-shortcode\" id=\"audio-394708-12\" preload=\"none\" style=\"width: 100%;\" controls=\"controls\"><source type=\"audio\/mpeg\" src=\"https:\/\/www.radiopiu.net\/wordpress\/wp-content\/uploads\/2024\/06\/GIANNI-FESTA-DEI-BELLUNESI.mp3?_=12\" \/><a href=\"https:\/\/www.radiopiu.net\/wordpress\/wp-content\/uploads\/2024\/06\/GIANNI-FESTA-DEI-BELLUNESI.mp3\">https:\/\/www.radiopiu.net\/wordpress\/wp-content\/uploads\/2024\/06\/GIANNI-FESTA-DEI-BELLUNESI.mp3<\/a><\/audio>\n<p>&nbsp;<\/p>\n<blockquote><p>Durante la giornata si terranno una guida sul turismo delle radici, un laboratorio di genealogia, una Messa e un pranzo comunitario. Per il pranzo \u00e8 necessaria la prenotazione, contattando l&#8217;Abm allo 0437 941160 o inviando una mail a: <a href=\"mailto:info@bellunesinelmondo.it\">info@bellunesinelmondo.it<\/a>.<\/p><\/blockquote>\n<p>&nbsp;<\/p>\n<hr \/>\n<p>&nbsp;<\/p>\n<p>&nbsp;<\/p>\n<blockquote>\n<blockquote>\n<h3><a class=\"dt-pswp-item\" href=\"https:\/\/www.radiopiu.net\/wordpress\/wp-content\/uploads\/2024\/06\/Senza-nome-29.png\" data-dt-img-description=\"\" data-large_image_width=\"547\" data-large_image_height=\"425\"><img loading=\"lazy\" decoding=\"async\" class=\"wp-image-394366 alignleft\" src=\"https:\/\/www.radiopiu.net\/wordpress\/wp-content\/uploads\/2024\/06\/Senza-nome-29-300x233.png\" alt=\"\" width=\"137\" height=\"106\" srcset=\"https:\/\/www.radiopiu.net\/wordpress\/wp-content\/uploads\/2024\/06\/Senza-nome-29-300x233.png 300w, https:\/\/www.radiopiu.net\/wordpress\/wp-content\/uploads\/2024\/06\/Senza-nome-29.png 547w\" sizes=\"auto, (max-width: 137px) 100vw, 137px\" \/><\/a>Nuova uscita gratuita con il progetto DiVerDente<\/h3>\n<\/blockquote>\n<div class=\"flex flex-grow flex-col max-w-full\">\n<div class=\"min-h-[20px] text-message flex flex-col items-start whitespace-pre-wrap break-words [.text-message+&amp;]:mt-5 juice:w-full juice:items-end overflow-x-auto gap-2\" dir=\"auto\" data-message-author-role=\"assistant\" data-message-id=\"3a2812b2-a43b-4b31-b3f9-fdadefbce6e0\">\n<div class=\"flex w-full flex-col gap-1 juice:empty:hidden juice:first:pt-[3px]\">\n<div class=\"markdown prose w-full break-words dark:prose-invert dark\">\n<p><strong>BELLUNO<\/strong>\u00a0 Le guide de Il Mazarol organizzano un&#8217;uscita gratuita per esplorare la valle dell&#8217;Ardo il 16 giugno. Il percorso medio, adatto anche a bambini, parte alle 9:00 dal parcheggio Toni Hiebeler e termina alle 13:00. Iscrizione obbligatoria. In caso di maltempo, l&#8217;evento sar\u00e0 rinviato al 23 giugno<\/p>\n<\/div>\n<\/div>\n<\/div>\n<\/div>\n<p>&nbsp;<\/p><\/blockquote>\n<p>&nbsp;<\/p>\n<hr \/>\n<p>&nbsp;<\/p>\n<blockquote>\n<h3><a class=\"dt-pswp-item\" href=\"https:\/\/www.radiopiu.net\/wordpress\/wp-content\/uploads\/2024\/06\/20240518_183719-scaled.jpg\" data-dt-img-description=\"\" data-large_image_width=\"2560\" data-large_image_height=\"1920\"><img loading=\"lazy\" decoding=\"async\" class=\"wp-image-393619 alignleft\" src=\"https:\/\/www.radiopiu.net\/wordpress\/wp-content\/uploads\/2024\/06\/20240518_183719-300x225.jpg\" alt=\"\" width=\"106\" height=\"80\" srcset=\"https:\/\/www.radiopiu.net\/wordpress\/wp-content\/uploads\/2024\/06\/20240518_183719-300x225.jpg 300w, https:\/\/www.radiopiu.net\/wordpress\/wp-content\/uploads\/2024\/06\/20240518_183719-1024x768.jpg 1024w, https:\/\/www.radiopiu.net\/wordpress\/wp-content\/uploads\/2024\/06\/20240518_183719-768x576.jpg 768w, https:\/\/www.radiopiu.net\/wordpress\/wp-content\/uploads\/2024\/06\/20240518_183719-1536x1152.jpg 1536w, https:\/\/www.radiopiu.net\/wordpress\/wp-content\/uploads\/2024\/06\/20240518_183719-2048x1536.jpg 2048w\" sizes=\"auto, (max-width: 106px) 100vw, 106px\" \/><\/a>Mostra di Ricami Botanici al Museo Etnografico Prolungata<\/h3>\n<\/blockquote>\n<div class=\"flex flex-grow flex-col max-w-full\">\n<div class=\"min-h-[20px] text-message flex flex-col items-start whitespace-pre-wrap break-words [.text-message+&amp;]:mt-5 juice:w-full juice:items-end overflow-x-auto gap-2\" dir=\"auto\" data-message-author-role=\"assistant\" data-message-id=\"3b4c5d83-22e3-4a90-8aa9-c967b9fff1dd\">\n<div class=\"flex w-full flex-col gap-1 juice:empty:hidden juice:first:pt-[3px]\">\n<div class=\"markdown prose w-full break-words dark:prose-invert dark\">\n<p><strong>BELLUNO<\/strong> Successo per la rassegna sulle rose al Museo Etnografico di Belluno, con centinaia di visitatori. La mostra &#8220;Rose e fiori dipinti con l&#8217;ago&#8221; di Anna Ceolin, ispirata a P.J. Redout\u00e9, prosegue fino a domani. Il giardino delle rose rimane aperto per le ultime fioriture.<\/p>\n<\/div>\n<\/div>\n<\/div>\n<\/div>\n<p>&nbsp;<\/p>\n<p>&nbsp;<\/p>\n<\/div>\n<hr \/>\n<p>&nbsp;<\/p>\n<blockquote>\n<h3>OGGI LA SMILE BAND IN CONCERTO A FELTRE<\/h3>\n<\/blockquote>\n<p><strong><a class=\"dt-pswp-item\" href=\"https:\/\/www.radiopiu.net\/wordpress\/wp-content\/uploads\/2024\/06\/smile-band.jpg\" data-dt-img-description=\"\" data-large_image_width=\"523\" data-large_image_height=\"471\"><img loading=\"lazy\" decoding=\"async\" class=\" wp-image-394823 alignleft\" src=\"https:\/\/www.radiopiu.net\/wordpress\/wp-content\/uploads\/2024\/06\/smile-band-300x270.jpg\" alt=\"\" width=\"154\" height=\"139\" srcset=\"https:\/\/www.radiopiu.net\/wordpress\/wp-content\/uploads\/2024\/06\/smile-band-300x270.jpg 300w, https:\/\/www.radiopiu.net\/wordpress\/wp-content\/uploads\/2024\/06\/smile-band.jpg 523w\" sizes=\"auto, (max-width: 154px) 100vw, 154px\" \/><\/a>FELTRE <\/strong>Stasera alle 21, Piazza Isola ospiter\u00e0 il concerto &#8220;Data 0&#8221; di un grande tour che vedr\u00e0 i ragazzi della Smile Band di Feltre esibirsi in diverse citt\u00e0 italiane. Il repertorio della serata spazier\u00e0 dai Deep Purple ai Pinguini Tattici Nucleari, dai Metallica ai Mod\u00e0, offrendo una serata ricca di cover e lanciando un forte messaggio: la famiglia come ideale e baluardo contro la violenza di genere. La Smile Band \u00e8 composta da cinque fratelli, con et\u00e0 compresa tra gli 11 e i 20 anni, e rappresenta un&#8217;unicit\u00e0 in Europa e la seconda nel mondo per questa particolare formazione. Durante il concerto di Feltre, sar\u00e0 disponibile anche il loro primo CD, contenente 10 cover e 2 brani inediti. Non perdete l&#8217;occasione di vivere una serata di grande musica e forti emozioni.<\/p>\n<p>&nbsp;<\/p>\n<p>&nbsp;<\/p>\n<hr \/>\n<p>&nbsp;<\/p>\n<blockquote>\n<h3>OGGI A FALCADE LA PRESENTAZIONE DEL NUOVO LIBRO DI NICOLA CASSISI<\/h3>\n<\/blockquote>\n<p><strong><a class=\"dt-pswp-item\" href=\"https:\/\/www.radiopiu.net\/wordpress\/wp-content\/uploads\/2024\/06\/3c581cad-6cbd-4b8b-afda-93a6955afa68.jpg\" data-dt-img-description=\"\" data-large_image_width=\"1299\" data-large_image_height=\"1299\"><img loading=\"lazy\" decoding=\"async\" class=\" wp-image-394378 alignleft\" src=\"https:\/\/www.radiopiu.net\/wordpress\/wp-content\/uploads\/2024\/06\/3c581cad-6cbd-4b8b-afda-93a6955afa68-300x300.jpg\" alt=\"\" width=\"156\" height=\"156\" srcset=\"https:\/\/www.radiopiu.net\/wordpress\/wp-content\/uploads\/2024\/06\/3c581cad-6cbd-4b8b-afda-93a6955afa68-300x300.jpg 300w, https:\/\/www.radiopiu.net\/wordpress\/wp-content\/uploads\/2024\/06\/3c581cad-6cbd-4b8b-afda-93a6955afa68-1024x1024.jpg 1024w, https:\/\/www.radiopiu.net\/wordpress\/wp-content\/uploads\/2024\/06\/3c581cad-6cbd-4b8b-afda-93a6955afa68-150x150.jpg 150w, https:\/\/www.radiopiu.net\/wordpress\/wp-content\/uploads\/2024\/06\/3c581cad-6cbd-4b8b-afda-93a6955afa68-768x768.jpg 768w, https:\/\/www.radiopiu.net\/wordpress\/wp-content\/uploads\/2024\/06\/3c581cad-6cbd-4b8b-afda-93a6955afa68.jpg 1299w\" sizes=\"auto, (max-width: 156px) 100vw, 156px\" \/><\/a>FALCADE<\/strong> Sono ormai passati due mesetti abbondanti dalla pubblicazione del libro \u201cCrian\u00e7a\u201d. Stasera alle 20:30 in Sala Consigliare a Falcade inizier\u00e0 un bel viaggio che durer\u00e0 durante tutta l\u2019estate con varie presentazioni ed incontri. Il tutto si svolge nella cornice del Bon de l\u2019Ansuda, la fiera mercato sulla piana di Falcade, e alla sera la prima di queste presentazioni, per venire ad ascoltarci e partecipare ad una chiacchierata su Crian\u00e7a. &#8220;Se lo avete gi\u00e0 comprato e sostenuto, sar\u00e0 sicuramente l\u2019occasione di dirmi se vi \u00e8 piaciuto e forse scoprire qualcosa di pi\u00f9 sulla sua creazione e i suoi dettagli pi\u00f9 profondi &#8211; dice l&#8217;autore &#8211; Se invece non lo avete ancora, spero di darvi un buono spunto, noi saremo l\u00ec con tutte le nostre copie ad aspettarvi&#8221;.<\/p>\n<p>&nbsp;<\/p>\n<p>&nbsp;<\/p>\n<p>&nbsp;<\/p>\n<hr \/>\n<p>&nbsp;<\/p>\n<blockquote>\n<h3><a class=\"dt-pswp-item\" href=\"https:\/\/www.radiopiu.net\/wordpress\/wp-content\/uploads\/2024\/05\/b3c8f62b-305a-47e9-afc6-69820fcd3900.jpg\" data-dt-img-description=\"\" data-large_image_width=\"1131\" data-large_image_height=\"1600\"><img loading=\"lazy\" decoding=\"async\" class=\" wp-image-392575 alignleft\" src=\"https:\/\/www.radiopiu.net\/wordpress\/wp-content\/uploads\/2024\/05\/b3c8f62b-305a-47e9-afc6-69820fcd3900-212x300.jpg\" alt=\"\" width=\"102\" height=\"144\" srcset=\"https:\/\/www.radiopiu.net\/wordpress\/wp-content\/uploads\/2024\/05\/b3c8f62b-305a-47e9-afc6-69820fcd3900-212x300.jpg 212w, https:\/\/www.radiopiu.net\/wordpress\/wp-content\/uploads\/2024\/05\/b3c8f62b-305a-47e9-afc6-69820fcd3900-724x1024.jpg 724w, https:\/\/www.radiopiu.net\/wordpress\/wp-content\/uploads\/2024\/05\/b3c8f62b-305a-47e9-afc6-69820fcd3900-768x1086.jpg 768w, https:\/\/www.radiopiu.net\/wordpress\/wp-content\/uploads\/2024\/05\/b3c8f62b-305a-47e9-afc6-69820fcd3900-1086x1536.jpg 1086w, https:\/\/www.radiopiu.net\/wordpress\/wp-content\/uploads\/2024\/05\/b3c8f62b-305a-47e9-afc6-69820fcd3900.jpg 1131w\" sizes=\"auto, (max-width: 102px) 100vw, 102px\" \/><\/a>IL CENTESIMO ANNIVERSARIO DELL&#8217;ASSASINIO DI MATTEOTTI A BELLUNO<\/h3>\n<\/blockquote>\n<p><strong>DI ROBERTO BONA<\/strong><\/p>\n<audio class=\"wp-audio-shortcode\" id=\"audio-394708-13\" preload=\"none\" style=\"width: 100%;\" controls=\"controls\"><source type=\"audio\/mpeg\" src=\"https:\/\/www.radiopiu.net\/wordpress\/wp-content\/uploads\/2024\/05\/BONA-CENTESIMO-ANNIVERSARIO-MATTEOTTI-SCADENZA-15-GIUGNO.mp3?_=13\" \/><a href=\"https:\/\/www.radiopiu.net\/wordpress\/wp-content\/uploads\/2024\/05\/BONA-CENTESIMO-ANNIVERSARIO-MATTEOTTI-SCADENZA-15-GIUGNO.mp3\">https:\/\/www.radiopiu.net\/wordpress\/wp-content\/uploads\/2024\/05\/BONA-CENTESIMO-ANNIVERSARIO-MATTEOTTI-SCADENZA-15-GIUGNO.mp3<\/a><\/audio>\n<p>&nbsp;<\/p>\n<hr \/>\n<p>&nbsp;<\/p>\n<blockquote>\n<h3>A LENTIAI TORNA IL TRANSITO FILM FESTIVAL<\/h3>\n<\/blockquote>\n<p><strong>BORGO VALBELLUNA<\/strong> Dopo il successo delle precedenti edizioni, torna il Transito, festival internazionale del film a Lentiai di Borgo Valbelluna. Nei giorni 21, 22, 23 e 29 giugno, Lentiai ospiter\u00e0 eventi artistici e proiezioni sul tema dell&#8217;indifferenza. Oltre 400 film da pi\u00f9 di 70 nazioni sono stati iscritti, con quattro selezionati per la loro qualit\u00e0 e impatto emotivo. Questi film esplorano varie forme di indifferenza, dai rapporti umani alle ingiustizie giuridiche, fino alla trascuratezza ambientale. Le proiezioni si terranno nel piazzale della Biblioteca comunale di Lentiai (21-23 giugno) e presso il Palazzo Pretorio di Cesana (29 giugno), o alla SOMS in caso di maltempo, alle 21:30. L&#8217;ingresso \u00e8 gratuito e i film saranno proiettati in lingua originale con sottotitoli in italiano.<\/p>\n<p>&nbsp;<\/p>\n<p>&nbsp;<\/p>\n<hr \/>\n<p>&nbsp;<\/p>\n<blockquote>\n<h3>SABATO 22 GIUGNO LA PRESENTAZIONE DEL LIBRO SUI SACERDOTI DELLA VALLE DEL BIOIS<\/h3>\n<\/blockquote>\n<p><strong><a class=\"dt-pswp-item\" href=\"https:\/\/www.radiopiu.net\/wordpress\/wp-content\/uploads\/2024\/06\/sacerd.png\" data-dt-img-description=\"\" data-large_image_width=\"638\" data-large_image_height=\"397\"><img loading=\"lazy\" decoding=\"async\" class=\" wp-image-394831 alignleft\" src=\"https:\/\/www.radiopiu.net\/wordpress\/wp-content\/uploads\/2024\/06\/sacerd-300x187.png\" alt=\"\" width=\"204\" height=\"127\" srcset=\"https:\/\/www.radiopiu.net\/wordpress\/wp-content\/uploads\/2024\/06\/sacerd-300x187.png 300w, https:\/\/www.radiopiu.net\/wordpress\/wp-content\/uploads\/2024\/06\/sacerd.png 638w\" sizes=\"auto, (max-width: 204px) 100vw, 204px\" \/><\/a>CANALE D&#8217;AGORDO<\/strong><\/p>\n<p>LORIS SERAFINI, DIRETTORE DEL MUSAL<\/p>\n<audio class=\"wp-audio-shortcode\" id=\"audio-394708-14\" preload=\"none\" style=\"width: 100%;\" controls=\"controls\"><source type=\"audio\/mpeg\" src=\"https:\/\/www.radiopiu.net\/wordpress\/wp-content\/uploads\/2024\/06\/LORIS-SERAFINI-SACERDOTI.mp3?_=14\" \/><a href=\"https:\/\/www.radiopiu.net\/wordpress\/wp-content\/uploads\/2024\/06\/LORIS-SERAFINI-SACERDOTI.mp3\">https:\/\/www.radiopiu.net\/wordpress\/wp-content\/uploads\/2024\/06\/LORIS-SERAFINI-SACERDOTI.mp3<\/a><\/audio>\n<p>&nbsp;<\/p>\n<hr \/>\n<p>&nbsp;<\/p>\n<h2><span style=\"color: #ff6600;\">ALLA RADIO\u00a0\u00a0<\/span><\/h2>\n<h2><span style=\"color: #993300;\">&#8220;DINTORN E FORA VIA&#8221;\u00a0 IL PROGRAMMA\u00a0 A CURA DEL MUSLA<\/span><\/h2>\n<p><strong><a class=\"dt-pswp-item\" href=\"https:\/\/www.radiopiu.net\/wordpress\/wp-content\/uploads\/2024\/05\/GIORNALE.jpg\" data-dt-img-description=\"\" data-large_image_width=\"1280\" data-large_image_height=\"805\"><img loading=\"lazy\" decoding=\"async\" class=\" wp-image-389981 alignleft\" src=\"https:\/\/www.radiopiu.net\/wordpress\/wp-content\/uploads\/2024\/05\/GIORNALE-300x189.jpg\" alt=\"\" width=\"156\" height=\"98\" srcset=\"https:\/\/www.radiopiu.net\/wordpress\/wp-content\/uploads\/2024\/05\/GIORNALE-300x189.jpg 300w, https:\/\/www.radiopiu.net\/wordpress\/wp-content\/uploads\/2024\/05\/GIORNALE-1024x644.jpg 1024w, https:\/\/www.radiopiu.net\/wordpress\/wp-content\/uploads\/2024\/05\/GIORNALE-768x483.jpg 768w, https:\/\/www.radiopiu.net\/wordpress\/wp-content\/uploads\/2024\/05\/GIORNALE.jpg 1280w\" sizes=\"auto, (max-width: 156px) 100vw, 156px\" \/><\/a>PUNTATA DEL 14 GIUGNO, ANNA VALT<\/strong><\/p>\n<audio class=\"wp-audio-shortcode\" id=\"audio-394708-15\" preload=\"none\" style=\"width: 100%;\" controls=\"controls\"><source type=\"audio\/mpeg\" src=\"https:\/\/www.radiopiu.net\/wordpress\/wp-content\/uploads\/2024\/06\/MUSLA-4.mp3?_=15\" \/><a href=\"https:\/\/www.radiopiu.net\/wordpress\/wp-content\/uploads\/2024\/06\/MUSLA-4.mp3\">https:\/\/www.radiopiu.net\/wordpress\/wp-content\/uploads\/2024\/06\/MUSLA-4.mp3<\/a><\/audio>\n<p>&nbsp;<\/p>\n<h2>LA RACCOLTA COMPLETA <a href=\"https:\/\/www.radiopiu.net\/wordpress\/musla\/\"><span style=\"color: #3366ff;\">CLICCA QUI<\/span><\/a><\/h2>\n<p>&nbsp;<\/p>\n<h2><span style=\"color: #00ccff;\">SPECIALE SPI CGIL<\/span><\/h2>\n<p><strong><a class=\"dt-pswp-item\" href=\"https:\/\/www.radiopiu.net\/wordpress\/wp-content\/uploads\/2020\/03\/spi-1.jpg\" data-dt-img-description=\"\" data-large_image_width=\"300\" data-large_image_height=\"167\"><img loading=\"lazy\" decoding=\"async\" class=\" wp-image-366015 alignleft\" src=\"https:\/\/www.radiopiu.net\/wordpress\/wp-content\/uploads\/2020\/03\/spi-1.jpg\" alt=\"\" width=\"174\" height=\"97\" \/><\/a>DI MIRKO MEZZACASA<\/strong><\/p>\n<p>Con Maria Rita Gentilin, SPI CGIL Belluno<\/p>\n<audio class=\"wp-audio-shortcode\" id=\"audio-394708-16\" preload=\"none\" style=\"width: 100%;\" controls=\"controls\"><source type=\"audio\/mpeg\" src=\"https:\/\/www.radiopiu.net\/wordpress\/wp-content\/uploads\/2024\/06\/spi-gentilin-14-giugno-2024.mp3?_=16\" \/><a href=\"https:\/\/www.radiopiu.net\/wordpress\/wp-content\/uploads\/2024\/06\/spi-gentilin-14-giugno-2024.mp3\">https:\/\/www.radiopiu.net\/wordpress\/wp-content\/uploads\/2024\/06\/spi-gentilin-14-giugno-2024.mp3<\/a><\/audio>\n<p>&nbsp;<\/p>\n<h2><span style=\"color: #008080;\">LA SAGRA CAMPANOT CON LA PRO LOCO CASTIONESE<\/span><\/h2>\n<p><strong><a class=\"dt-pswp-item\" href=\"https:\/\/www.radiopiu.net\/wordpress\/wp-content\/uploads\/2023\/10\/PRO-LOCO-PIEVE-CASTIONESE.png\" data-dt-img-description=\"\" data-large_image_width=\"847\" data-large_image_height=\"847\"><img loading=\"lazy\" decoding=\"async\" class=\" wp-image-356597 alignleft\" src=\"https:\/\/www.radiopiu.net\/wordpress\/wp-content\/uploads\/2023\/10\/PRO-LOCO-PIEVE-CASTIONESE-300x300.png\" alt=\"\" width=\"137\" height=\"137\" srcset=\"https:\/\/www.radiopiu.net\/wordpress\/wp-content\/uploads\/2023\/10\/PRO-LOCO-PIEVE-CASTIONESE-300x300.png 300w, https:\/\/www.radiopiu.net\/wordpress\/wp-content\/uploads\/2023\/10\/PRO-LOCO-PIEVE-CASTIONESE-150x150.png 150w, https:\/\/www.radiopiu.net\/wordpress\/wp-content\/uploads\/2023\/10\/PRO-LOCO-PIEVE-CASTIONESE-768x768.png 768w, https:\/\/www.radiopiu.net\/wordpress\/wp-content\/uploads\/2023\/10\/PRO-LOCO-PIEVE-CASTIONESE.png 847w\" sizes=\"auto, (max-width: 137px) 100vw, 137px\" \/><\/a>DI MIRKO MEZZACASA<\/strong><\/p>\n<p>Ospite: Maurizio Fontanelle, Pro Loco Castionese<\/p>\n<audio class=\"wp-audio-shortcode\" id=\"audio-394708-17\" preload=\"none\" style=\"width: 100%;\" controls=\"controls\"><source type=\"audio\/mpeg\" src=\"https:\/\/www.radiopiu.net\/wordpress\/wp-content\/uploads\/2024\/06\/GF18.mp3?_=17\" \/><a href=\"https:\/\/www.radiopiu.net\/wordpress\/wp-content\/uploads\/2024\/06\/GF18.mp3\">https:\/\/www.radiopiu.net\/wordpress\/wp-content\/uploads\/2024\/06\/GF18.mp3<\/a><\/audio>\n<p>&nbsp;<\/p>\n<hr \/>\n<p>&nbsp;<\/p>\n<h2><span style=\"color: #ff0000;\">DAL SITO DI RADIO PIU&#8230; ALCUNI PODCAST, I PIU&#8217; VISUALIZZATI NELLA SETTIMANA&#8230;\u00a0<\/span><\/h2>\n<blockquote class=\"wp-embedded-content\" data-secret=\"GnreMfMl6M\"><p><a href=\"https:\/\/www.radiopiu.net\/wordpress\/biblioteca-del-territorio-i-podcast-di-radiopiu\/\">BIBLIOTECA DEL TERRITORIO&#8230; I PODCAST DI RADIOPIU<\/a><\/p><\/blockquote>\n<p><iframe loading=\"lazy\" class=\"wp-embedded-content\" sandbox=\"allow-scripts\" security=\"restricted\" style=\"position: absolute; clip: rect(1px, 1px, 1px, 1px);\" title=\"&#8220;BIBLIOTECA DEL TERRITORIO&#8230; I PODCAST DI RADIOPIU&#8221; &#8212; Radio Pi\u00f9\" src=\"https:\/\/www.radiopiu.net\/wordpress\/biblioteca-del-territorio-i-podcast-di-radiopiu\/embed\/#?secret=u1weviSdL6#?secret=GnreMfMl6M\" data-secret=\"GnreMfMl6M\" width=\"600\" height=\"338\" frameborder=\"0\" marginwidth=\"0\" marginheight=\"0\" scrolling=\"no\"><\/iframe><\/p>\n<p>&nbsp;<\/p>\n<blockquote class=\"wp-embedded-content\" data-secret=\"kfy24OGjAS\"><p><a href=\"https:\/\/www.radiopiu.net\/wordpress\/lad08aaaa\/\">&#8220;NCONTONSE&#8221; IN LADINO SU RADIO PI\u00d9<\/a><\/p><\/blockquote>\n<p><iframe loading=\"lazy\" class=\"wp-embedded-content\" sandbox=\"allow-scripts\" security=\"restricted\" style=\"position: absolute; clip: rect(1px, 1px, 1px, 1px);\" title=\"&#8220;&#8220;NCONTONSE&#8221; IN LADINO SU RADIO PI\u00d9&#8221; &#8212; Radio Pi\u00f9\" src=\"https:\/\/www.radiopiu.net\/wordpress\/lad08aaaa\/embed\/#?secret=ZA4fncdk88#?secret=kfy24OGjAS\" data-secret=\"kfy24OGjAS\" width=\"600\" height=\"338\" frameborder=\"0\" marginwidth=\"0\" marginheight=\"0\" scrolling=\"no\"><\/iframe><\/p>\n<p>&nbsp;<\/p>\n<p>&nbsp;<\/p>\n<hr \/>\n<p>&nbsp;<\/p>\n<p>&nbsp;<\/p>\n<p>POESIA, TRADIZIONI IN VALLE DEL BIOIS<\/p>\n<p><strong>&#8230;la gara dei salam&#8230;<\/strong><\/p>\n<p>di JOHN FRANCIS DELLA PIETRA<\/p>\n<p>Domenega matina presto don<br \/>\nA caverson<br \/>\nCome ogni ann<br \/>\nA port\u00e0 su en salam<br \/>\nNte caneva fra i bachet sceglion<br \/>\nUn che chi pronti e bogn<br \/>\nCheste l era na botha le conversazion<br \/>\nCos\u00ec i se parecea<br \/>\nE con orgoglio en salam i portea<br \/>\nNtel fa e cen\u00ec la becaria i era proprio dei giganti<br \/>\nEn sin a volta tanti<br \/>\nI \u00e8 duti avanti<br \/>\nSente ciam\u00e0 encora chi nomi<br \/>\nChe da temp i era diventai noni<br \/>\nGuido<br \/>\nOttavio<br \/>\nFlavio<br \/>\nE tanti che no me vien ma chi vede<br \/>\nCol sorriso a di a sarevede<br \/>\nBogn de fa en cin de tut i era<br \/>\nMurador boschier becher che strusiea da la mattina a la sera<br \/>\nMa chel d\u00ec lass\u00f9 i avea sol na roba par la testa<br \/>\nFa na bela festa<br \/>\nVinze o perde no emportea<br \/>\nIn bela compagnia i oci a la fin a tanti i ghe luseghea<br \/>\nDon a caverson<br \/>\nEn pensier e na tradizion<br \/>\nDa tanti tanti ani<br \/>\nEn val biois la gara dei salami<br \/>\nE ti da fora ghe n asto un bon<br \/>\nVien vien che te speton&#8230;<\/p>\n<p>&nbsp;<\/p>\n<hr \/>\n<p>&nbsp;<\/p>\n<p>&nbsp;<\/p>\n<h2><span style=\"color: #ff0000;\"><a class=\"dt-pswp-item\" href=\"https:\/\/www.radiopiu.net\/wordpress\/wp-content\/uploads\/2018\/09\/appuntamenti.jpeg\" data-dt-img-description=\"\" data-large_image_width=\"800\" data-large_image_height=\"100\"><img loading=\"lazy\" decoding=\"async\" class=\"wp-image-61958 size-full aligncenter\" src=\"https:\/\/www.radiopiu.net\/wordpress\/wp-content\/uploads\/2018\/09\/appuntamenti.jpeg\" alt=\"\" width=\"800\" height=\"100\" srcset=\"https:\/\/www.radiopiu.net\/wordpress\/wp-content\/uploads\/2018\/09\/appuntamenti.jpeg 800w, https:\/\/www.radiopiu.net\/wordpress\/wp-content\/uploads\/2018\/09\/appuntamenti-300x38.jpeg 300w, https:\/\/www.radiopiu.net\/wordpress\/wp-content\/uploads\/2018\/09\/appuntamenti-768x96.jpeg 768w\" sizes=\"auto, (max-width: 800px) 100vw, 800px\" \/><\/a><\/span><\/h2>\n<div>\n<div class=\"\" dir=\"auto\">\n<div id=\":r9h:\" class=\"x1iorvi4 x1pi30zi x1l90r2v x1swvt13\" data-ad-comet-preview=\"message\" data-ad-preview=\"message\">\n\n\t\t\t<style type='text\/css'>\n\t\t\t\t#gallery-4 {\n\t\t\t\t\tmargin: auto;\n\t\t\t\t}\n\t\t\t\t#gallery-4 .gallery-item {\n\t\t\t\t\tfloat: left;\n\t\t\t\t\tmargin-top: 10px;\n\t\t\t\t\ttext-align: center;\n\t\t\t\t\twidth: 16%;\n\t\t\t\t}\n\t\t\t\t#gallery-4 img {\n\t\t\t\t\tborder: 2px solid #cfcfcf;\n\t\t\t\t}\n\t\t\t\t#gallery-4 .gallery-caption {\n\t\t\t\t\tmargin-left: 0;\n\t\t\t\t}\n\t\t\t\t\/* see gallery_shortcode() in wp-includes\/media.php *\/\n\t\t\t<\/style>\n\t\t<div id='gallery-4' class='dt-gallery-container gallery galleryid-394708 gallery-columns-6 gallery-size-thumbnail'><dl class='gallery-item'>\n\t\t\t\t<dt class='gallery-icon portrait'>\n\t\t\t\t\t<a class=\"rollover rollover-zoom dt-pswp-item\" title=\"e651a95f-423a-40f9-827a-3ba70bd26776\" data-dt-img-description=\"\" data-large_image_width=\"1080\" data-large_image_height=\"1507\"href='https:\/\/www.radiopiu.net\/wordpress\/wp-content\/uploads\/2024\/05\/e651a95f-423a-40f9-827a-3ba70bd26776.jpg'><img loading=\"lazy\" decoding=\"async\" width=\"150\" height=\"150\" src=\"https:\/\/www.radiopiu.net\/wordpress\/wp-content\/uploads\/2024\/05\/e651a95f-423a-40f9-827a-3ba70bd26776-150x150.jpg\" class=\"attachment-thumbnail size-thumbnail\" alt=\"\" aria-describedby=\"gallery-4-391342\" \/><\/a>\n\t\t\t\t<\/dt>\n\t\t\t\t\t<dd class='wp-caption-text gallery-caption' id='gallery-4-391342'>\n\t\t\t\t\tSAGRA DE SANT&#8217;ANTONI A RIVAMONTE\n\t\t\t\t\t<\/dd><\/dl><dl class='gallery-item'>\n\t\t\t\t<dt class='gallery-icon portrait'>\n\t\t\t\t\t<a class=\"rollover rollover-zoom dt-pswp-item\" title=\"890e9473-a042-44c0-9495-16862bf3cf2c\" data-dt-img-description=\"\" data-large_image_width=\"1127\" data-large_image_height=\"1600\"href='https:\/\/www.radiopiu.net\/wordpress\/wp-content\/uploads\/2024\/05\/890e9473-a042-44c0-9495-16862bf3cf2c.jpg'><img loading=\"lazy\" decoding=\"async\" width=\"150\" height=\"150\" src=\"https:\/\/www.radiopiu.net\/wordpress\/wp-content\/uploads\/2024\/05\/890e9473-a042-44c0-9495-16862bf3cf2c-150x150.jpg\" class=\"attachment-thumbnail size-thumbnail\" alt=\"\" aria-describedby=\"gallery-4-392239\" \/><\/a>\n\t\t\t\t<\/dt>\n\t\t\t\t\t<dd class='wp-caption-text gallery-caption' id='gallery-4-392239'>\n\t\t\t\t\t80 NOSTALGIA DEI 90\n\t\t\t\t\t<\/dd><\/dl><dl class='gallery-item'>\n\t\t\t\t<dt class='gallery-icon portrait'>\n\t\t\t\t\t<a class=\"rollover rollover-zoom dt-pswp-item\" title=\"c950811c-7763-405d-ad2c-15d392502b93\" data-dt-img-description=\"\" data-large_image_width=\"480\" data-large_image_height=\"600\"href='https:\/\/www.radiopiu.net\/wordpress\/wp-content\/uploads\/2024\/05\/c950811c-7763-405d-ad2c-15d392502b93-1.jpg'><img loading=\"lazy\" decoding=\"async\" width=\"150\" height=\"150\" src=\"https:\/\/www.radiopiu.net\/wordpress\/wp-content\/uploads\/2024\/05\/c950811c-7763-405d-ad2c-15d392502b93-1-150x150.jpg\" class=\"attachment-thumbnail size-thumbnail\" alt=\"\" aria-describedby=\"gallery-4-392711\" \/><\/a>\n\t\t\t\t<\/dt>\n\t\t\t\t\t<dd class='wp-caption-text gallery-caption' id='gallery-4-392711'>\n\t\t\t\t\tCAMPANOT A CASTION\n\t\t\t\t\t<\/dd><\/dl><dl class='gallery-item'>\n\t\t\t\t<dt class='gallery-icon portrait'>\n\t\t\t\t\t<a class=\"rollover rollover-zoom dt-pswp-item\" title=\"Locandina San Giovanni 2024\" data-dt-img-description=\"\" data-large_image_width=\"1304\" data-large_image_height=\"2560\"href='https:\/\/www.radiopiu.net\/wordpress\/wp-content\/uploads\/2024\/06\/Locandina-San-Giovanni-2024-scaled.jpeg'><img loading=\"lazy\" decoding=\"async\" width=\"150\" height=\"150\" src=\"https:\/\/www.radiopiu.net\/wordpress\/wp-content\/uploads\/2024\/06\/Locandina-San-Giovanni-2024-150x150.jpeg\" class=\"attachment-thumbnail size-thumbnail\" alt=\"\" aria-describedby=\"gallery-4-393442\" \/><\/a>\n\t\t\t\t<\/dt>\n\t\t\t\t\t<dd class='wp-caption-text gallery-caption' id='gallery-4-393442'>\n\t\t\t\t\tSAN GIOVANNI A CANALE D&#8217;AGORDO\n\t\t\t\t\t<\/dd><\/dl><dl class='gallery-item'>\n\t\t\t\t<dt class='gallery-icon portrait'>\n\t\t\t\t\t<a class=\"rollover rollover-zoom dt-pswp-item\" title=\"09d50e2a-86d9-4273-aeb6-415f92136bc3\" data-dt-img-description=\"\" data-large_image_width=\"750\" data-large_image_height=\"1022\"href='https:\/\/www.radiopiu.net\/wordpress\/wp-content\/uploads\/2024\/06\/09d50e2a-86d9-4273-aeb6-415f92136bc3.jpg'><img loading=\"lazy\" decoding=\"async\" width=\"150\" height=\"150\" src=\"https:\/\/www.radiopiu.net\/wordpress\/wp-content\/uploads\/2024\/06\/09d50e2a-86d9-4273-aeb6-415f92136bc3-150x150.jpg\" class=\"attachment-thumbnail size-thumbnail\" alt=\"\" aria-describedby=\"gallery-4-393715\" \/><\/a>\n\t\t\t\t<\/dt>\n\t\t\t\t\t<dd class='wp-caption-text gallery-caption' id='gallery-4-393715'>\n\t\t\t\t\tCORSO DI BALLO A VOLTAGO\n\t\t\t\t\t<\/dd><\/dl><dl class='gallery-item'>\n\t\t\t\t<dt class='gallery-icon portrait'>\n\t\t\t\t\t<a class=\"rollover rollover-zoom dt-pswp-item\" title=\"442414392_10232426359018879_5443832698244930521_n\" data-dt-img-description=\"\" data-large_image_width=\"526\" data-large_image_height=\"709\"href='https:\/\/www.radiopiu.net\/wordpress\/wp-content\/uploads\/2024\/06\/442414392_10232426359018879_5443832698244930521_n.jpg'><img loading=\"lazy\" decoding=\"async\" width=\"150\" height=\"150\" src=\"https:\/\/www.radiopiu.net\/wordpress\/wp-content\/uploads\/2024\/06\/442414392_10232426359018879_5443832698244930521_n-150x150.jpg\" class=\"attachment-thumbnail size-thumbnail\" alt=\"\" aria-describedby=\"gallery-4-394106\" \/><\/a>\n\t\t\t\t<\/dt>\n\t\t\t\t\t<dd class='wp-caption-text gallery-caption' id='gallery-4-394106'>\n\t\t\t\t\tFRASSENE&#8217; CROSS\n\t\t\t\t\t<\/dd><\/dl><br style=\"clear: both\" \/><dl class='gallery-item'>\n\t\t\t\t<dt class='gallery-icon portrait'>\n\t\t\t\t\t<a class=\"rollover rollover-zoom dt-pswp-item\" title=\"Evento 22 giugno (1)\" data-dt-img-description=\"\" data-large_image_width=\"1240\" data-large_image_height=\"1754\"href='https:\/\/www.radiopiu.net\/wordpress\/wp-content\/uploads\/2024\/06\/Evento-22-giugno-1.jpg'><img loading=\"lazy\" decoding=\"async\" width=\"150\" height=\"150\" src=\"https:\/\/www.radiopiu.net\/wordpress\/wp-content\/uploads\/2024\/06\/Evento-22-giugno-1-150x150.jpg\" class=\"attachment-thumbnail size-thumbnail\" alt=\"\" aria-describedby=\"gallery-4-394035\" \/><\/a>\n\t\t\t\t<\/dt>\n\t\t\t\t\t<dd class='wp-caption-text gallery-caption' id='gallery-4-394035'>\n\t\t\t\t\tPRESENTAZIONE DEL LIBRO A CANALE\n\t\t\t\t\t<\/dd><\/dl><dl class='gallery-item'>\n\t\t\t\t<dt class='gallery-icon portrait'>\n\t\t\t\t\t<a class=\"rollover rollover-zoom dt-pswp-item\" title=\"441936111_953300066803441_3663667299753321850_n\" data-dt-img-description=\"\" data-large_image_width=\"520\" data-large_image_height=\"640\"href='https:\/\/www.radiopiu.net\/wordpress\/wp-content\/uploads\/2024\/06\/441936111_953300066803441_3663667299753321850_n.jpg'><img loading=\"lazy\" decoding=\"async\" width=\"150\" height=\"150\" src=\"https:\/\/www.radiopiu.net\/wordpress\/wp-content\/uploads\/2024\/06\/441936111_953300066803441_3663667299753321850_n-150x150.jpg\" class=\"attachment-thumbnail size-thumbnail\" alt=\"\" aria-describedby=\"gallery-4-394061\" \/><\/a>\n\t\t\t\t<\/dt>\n\t\t\t\t\t<dd class='wp-caption-text gallery-caption' id='gallery-4-394061'>\n\t\t\t\t\t31 LUGLIO AL MINIERE E IN DIRETTA ALLA RADIO \n\t\t\t\t\t<\/dd><\/dl><dl class='gallery-item'>\n\t\t\t\t<dt class='gallery-icon portrait'>\n\t\t\t\t\t<a class=\"rollover rollover-zoom dt-pswp-item\" title=\"f7469f33-b0de-4a37-a589-57d2083b69c7\" data-dt-img-description=\"\" data-large_image_width=\"1300\" data-large_image_height=\"1600\"href='https:\/\/www.radiopiu.net\/wordpress\/wp-content\/uploads\/2024\/06\/f7469f33-b0de-4a37-a589-57d2083b69c7.jpg'><img loading=\"lazy\" decoding=\"async\" width=\"150\" height=\"150\" src=\"https:\/\/www.radiopiu.net\/wordpress\/wp-content\/uploads\/2024\/06\/f7469f33-b0de-4a37-a589-57d2083b69c7-150x150.jpg\" class=\"attachment-thumbnail size-thumbnail\" alt=\"\" aria-describedby=\"gallery-4-394347\" \/><\/a>\n\t\t\t\t<\/dt>\n\t\t\t\t\t<dd class='wp-caption-text gallery-caption' id='gallery-4-394347'>\n\t\t\t\t\tFORCELLA AURINE \n\t\t\t\t\t<\/dd><\/dl><dl class='gallery-item'>\n\t\t\t\t<dt class='gallery-icon landscape'>\n\t\t\t\t\t<a class=\"rollover rollover-zoom dt-pswp-item\" title=\"2d87644c-2dd2-4165-8e78-5c4b9475d212\" data-dt-img-description=\"\" data-large_image_width=\"1299\" data-large_image_height=\"1299\"href='https:\/\/www.radiopiu.net\/wordpress\/wp-content\/uploads\/2024\/06\/2d87644c-2dd2-4165-8e78-5c4b9475d212.jpg'><img loading=\"lazy\" decoding=\"async\" width=\"150\" height=\"150\" src=\"https:\/\/www.radiopiu.net\/wordpress\/wp-content\/uploads\/2024\/06\/2d87644c-2dd2-4165-8e78-5c4b9475d212-150x150.jpg\" class=\"attachment-thumbnail size-thumbnail\" alt=\"\" aria-describedby=\"gallery-4-394291\" srcset=\"https:\/\/www.radiopiu.net\/wordpress\/wp-content\/uploads\/2024\/06\/2d87644c-2dd2-4165-8e78-5c4b9475d212-150x150.jpg 150w, https:\/\/www.radiopiu.net\/wordpress\/wp-content\/uploads\/2024\/06\/2d87644c-2dd2-4165-8e78-5c4b9475d212-300x300.jpg 300w, https:\/\/www.radiopiu.net\/wordpress\/wp-content\/uploads\/2024\/06\/2d87644c-2dd2-4165-8e78-5c4b9475d212-1024x1024.jpg 1024w, https:\/\/www.radiopiu.net\/wordpress\/wp-content\/uploads\/2024\/06\/2d87644c-2dd2-4165-8e78-5c4b9475d212-768x768.jpg 768w, https:\/\/www.radiopiu.net\/wordpress\/wp-content\/uploads\/2024\/06\/2d87644c-2dd2-4165-8e78-5c4b9475d212.jpg 1299w\" sizes=\"auto, (max-width: 150px) 100vw, 150px\" \/><\/a>\n\t\t\t\t<\/dt>\n\t\t\t\t\t<dd class='wp-caption-text gallery-caption' id='gallery-4-394291'>\n\t\t\t\t\tCULTURA CON NICOLA CASSISI\n\t\t\t\t\t<\/dd><\/dl><dl class='gallery-item'>\n\t\t\t\t<dt class='gallery-icon portrait'>\n\t\t\t\t\t<a class=\"rollover rollover-zoom dt-pswp-item\" title=\"d6fb7bb5-470e-4f31-a8fb-0d94646adddb\" data-dt-img-description=\"\" data-large_image_width=\"1300\" data-large_image_height=\"1600\"href='https:\/\/www.radiopiu.net\/wordpress\/wp-content\/uploads\/2024\/06\/d6fb7bb5-470e-4f31-a8fb-0d94646adddb.jpg'><img loading=\"lazy\" decoding=\"async\" width=\"150\" height=\"150\" src=\"https:\/\/www.radiopiu.net\/wordpress\/wp-content\/uploads\/2024\/06\/d6fb7bb5-470e-4f31-a8fb-0d94646adddb-150x150.jpg\" class=\"attachment-thumbnail size-thumbnail\" alt=\"\" aria-describedby=\"gallery-4-394668\" \/><\/a>\n\t\t\t\t<\/dt>\n\t\t\t\t\t<dd class='wp-caption-text gallery-caption' id='gallery-4-394668'>\n\t\t\t\t\tGLI EUROPEI DI CALCIO AL RISTOBAR GHEGY\n\t\t\t\t\t<\/dd><\/dl><dl class='gallery-item'>\n\t\t\t\t<dt class='gallery-icon portrait'>\n\t\t\t\t\t<a class=\"rollover rollover-zoom dt-pswp-item\" title=\"JGHALGHLJGH\" data-dt-img-description=\"\" data-large_image_width=\"604\" data-large_image_height=\"854\"href='https:\/\/www.radiopiu.net\/wordpress\/wp-content\/uploads\/2024\/06\/JGHALGHLJGH.png'><img loading=\"lazy\" decoding=\"async\" width=\"150\" height=\"150\" src=\"https:\/\/www.radiopiu.net\/wordpress\/wp-content\/uploads\/2024\/06\/JGHALGHLJGH-150x150.png\" class=\"attachment-thumbnail size-thumbnail\" alt=\"\" aria-describedby=\"gallery-4-394669\" \/><\/a>\n\t\t\t\t<\/dt>\n\t\t\t\t\t<dd class='wp-caption-text gallery-caption' id='gallery-4-394669'>\n\t\t\t\t\tLA NOTTE DI SANTA MARINA A FELTRE\n\t\t\t\t\t<\/dd><\/dl><br style=\"clear: both\" \/>\n\t\t\t<\/div>\n\n<\/div>\n<\/div>\n<\/div>\n<p>LA PRO LOCO DI RIVAMONTE TI INVITA AL<span style=\"font-size: 14px; font-weight: normal;\">LA SAGRA DE SANT&#8217;ANTONI, DAL 12 AL 16 GIUGNO OGG<\/span>I SERATA DANZANTE CON LA SPRITZ BAND, A SEGUIRE DJ MORGAN E BATTAGLIA, CHIUSCO COCKTAIL ALL&#8217;ESTERNO DEL TENDONE DOMANI PRANZO ALLE 12, POMERIGGIO CON I GRUPPI BATI ORZ DI SANT TOMASO E FOLK DEL POI ALLA CASA DELLA GIOVENTU&#8217; PESCA DI BENEFICIENZA, IN CHIESA I CORDONI DI SANT&#8217;ANTONIO.<\/p>\n<p><strong>SOSPIROLO<\/strong> La prima edizione di &#8220;80 Nostalgia dei 90&#8221; si terr\u00e0 in piazza Lexy a Sospirolo oggi e domani.\u00a0 Sabato alle 16 ci sar\u00e0 musica con vinili e mix di successi anni &#8217;80 e &#8217;90, con una proiezione su maxischermo della prima partita degli Europei alle 21. Domenica dalle 10 si terr\u00e0 una fiera dell&#8217;artigianato e mercatino, seguiti alle 14 da musica con dj e alle 15 una sfilata di acconciature e abbigliamento anni &#8217;80 e &#8217;90. Sul palco si esibiranno cinque dj e ci sar\u00e0 uno spettacolo musicale di Lorenzo Dalla Rosa. Ci saranno anche gonfiabili, giostre e truccabimbi per i bambini. In caso di maltempo l&#8217;evento sar\u00e0 rinviato alla settimana seguente.<\/p>\n<p><strong>ALLEGHE<\/strong> Domani alla Grande Baita Civetta ai Piani di Pezz\u00e8 &#8220;Notte in Baita&#8221;. DJ Set fino a tarda notte.<\/p>\n<p><strong>AGORDO<\/strong> Il CAI di Agordo organizza per domani la Giornata delle Dolomiti Bellunesi con un&#8217;escursione in Val Pramper. Ritrovo alle 7 presso la sede Cai di Agordo al Municipio di Agordo. Per info e prenotazioni 380 6983040<\/p>\n<h2><span style=\"color: #ff0000;\">PROSSIMAMENTE\u00a0<\/span><\/h2>\n<p>Preparatevi a scatenare la vostra energia e a superare i vostri limiti con CorriPoi 2024. Il trofeo di Corse Podistiche a tappe Nell&#8217;Agordino, quattro tappe emozionanti, ognuna delle quali vi porter\u00e0 a scoprire le bellezze naturali del territorio. 22 GIUGNO FRASSENE&#8217;, 7 LUGLIO FORCELLA AURINE, 7 SETTEMBRE VOLTAGO Alla CorriPoi parteciperanno, fianco a fianco, forti runner, atleti della domenica, famiglie, gruppi di amici, giovani corridori in erba, tutti con l&#8217;obiettivo di correre e di divertirsi. Corri verso la vittoria, corri verso il trofeo Alpenpluss. Regolamento delle quattro gare sul sito KEEPSPORTING.COM, in collaborazione con Kiwi Sport, abbigliamento sportivo per tutta la famiglia, ad ALLEGHE- CENCENIGHE &#8211; BELLUNO<\/p>\n<p>&nbsp;<\/p>\n<blockquote>\n<h2>Sagra del Campanot 2024: dieci giorni di tradizione, divertimento e gastronomia a Castion<\/h2>\n<\/blockquote>\n<p>La Sagra del Campanot di Castion ritorna dal 14 al 23 giugno, con una pausa il 17 e 18 giugno, per un&#8217;edizione ricca di eventi, cibo e divertimento. Questo evento annuale celebra la cultura e le tradizioni locali, offrendo un&#8217;esperienza unica per tutti i partecipanti.<br \/>\n<strong>Gastronomia di Qualit\u00e0 <\/strong>Ogni sera, dalle 19:30, e durante i pranzi delle due domeniche, gli ospiti potranno gustare piatti tipici e un men\u00f9 gourmet, accompagnato da vini DOC selezionati. Il pasticcere Stefano Berton preparer\u00e0 deliziosi dolci che delizieranno anche i palati pi\u00f9 esigenti. La sagra promette un viaggio culinario tra i sapori autentici della tradizione locale. <strong>Musica e Intrattenimento\u00a0<\/strong><br \/>\nLe serate saranno animate da musica dal vivo con spettacoli sul palco interno a partire dalle 21:00 e sul palco esterno dalle 22:00 fino a notte fonda. Artisti di vari generi musicali si esibiranno, offrendo un intrattenimento continuo e coinvolgente per tutti i gusti.<br \/>\n<strong>Eventi Sportivi e Attivit\u00e0\u00a0 <\/strong>Il programma della sagra \u00e8 ricco di eventi sportivi e attivit\u00e0 per tutte le et\u00e0: Sabato 15 giugno: Dalle 15:00, torneo di basket per le categorie under 12, 13 e 15. <span style=\"color: #ff0000;\"><strong>Domenica 16 giugno <\/strong><\/span>Dalle 9:00, escursione al Giardino Botanico delle Alpi Orientali e mattinata fitness con 5Squash &amp; Fitness Club. Alle 11:30, 1\u00b0 torneo di burraco. Dalle 16:00, scuola di equitazione western. Alle 18:30, esibizione della scuola di danza CAB. <strong><span style=\"color: #ff0000;\">Mercoled\u00ec 19 giugno:<\/span><\/strong> Giornata dedicata ai bambini con:<br \/>\nOre 16:30, truccabimbi. Ore 18:30, esibizione del coro arcobaleno di Limana. Ore 20:30, spettacolo di giocoleria con il grande Mencho Sosa. <strong>21, 22 e 23 giugno:<\/strong> Torneo Campanot &#8211; 8\u00b0 memorial Alberto e Laura, con un torneo di calcio a 5 e un torneo di volley 3vs3 misto. <strong><span style=\"color: #ff0000;\">Domenica 23 giugno:<\/span><\/strong> Alle 21:00, estrazione dei biglietti vincenti della Lotteria Campanot con un iPhone 15 Plus come primo premio. Sotto il tendone sar\u00e0 possibile seguire le partite dell&#8217;Italia agli Europei 2024, creando un punto di ritrovo per tutti gli appassionati di calcio.\u00a0 Per ulteriori informazioni sul programma completo della Sagra del Campanot, \u00e8 possibile visitare il sito ufficiale <a href=\"http:\/\/www.castion-belluno.it\">www.castion-belluno.it<\/a>.<\/p>\n<p>&nbsp;<\/p>\n<p>&nbsp;<\/p>\n<p>&nbsp;<\/p>\n<hr \/>\n<p>&nbsp;<\/p>\n<p><a class=\"dt-pswp-item\" href=\"https:\/\/www.radiopiu.net\/wordpress\/wp-content\/uploads\/2018\/09\/viabilita.jpeg\" data-dt-img-description=\"\" data-large_image_width=\"800\" data-large_image_height=\"100\"><img loading=\"lazy\" decoding=\"async\" class=\"aligncenter wp-image-61954 size-full\" src=\"https:\/\/www.radiopiu.net\/wordpress\/wp-content\/uploads\/2018\/09\/viabilita.jpeg\" alt=\"\" width=\"800\" height=\"100\" srcset=\"https:\/\/www.radiopiu.net\/wordpress\/wp-content\/uploads\/2018\/09\/viabilita.jpeg 800w, https:\/\/www.radiopiu.net\/wordpress\/wp-content\/uploads\/2018\/09\/viabilita-300x38.jpeg 300w, https:\/\/www.radiopiu.net\/wordpress\/wp-content\/uploads\/2018\/09\/viabilita-768x96.jpeg 768w\" sizes=\"auto, (max-width: 800px) 100vw, 800px\" \/><\/a><\/p>\n<p>&nbsp;<\/p>\n<p><a class=\"dt-pswp-item\" href=\"https:\/\/www.radiopiu.net\/wordpress\/wp-content\/uploads\/2023\/12\/botol-car-service.jpg\" data-dt-img-description=\"\" data-large_image_width=\"600\" data-large_image_height=\"600\"><img loading=\"lazy\" decoding=\"async\" class=\"size-medium wp-image-367044 aligncenter\" src=\"https:\/\/www.radiopiu.net\/wordpress\/wp-content\/uploads\/2023\/12\/botol-car-service-300x300.jpg\" alt=\"\" width=\"300\" height=\"300\" srcset=\"https:\/\/www.radiopiu.net\/wordpress\/wp-content\/uploads\/2023\/12\/botol-car-service-300x300.jpg 300w, https:\/\/www.radiopiu.net\/wordpress\/wp-content\/uploads\/2023\/12\/botol-car-service-150x150.jpg 150w, https:\/\/www.radiopiu.net\/wordpress\/wp-content\/uploads\/2023\/12\/botol-car-service.jpg 600w\" sizes=\"auto, (max-width: 300px) 100vw, 300px\" \/><\/a><\/p>\n<p>&nbsp;<\/p>\n<p>&nbsp;<\/p>\n<h1>BOLLETTINO QUOTIDIANO, CLICCA QUI<\/h1>\n<blockquote class=\"wp-embedded-content\" data-secret=\"GgyNZWAlHP\"><p><a href=\"https:\/\/www.radiopiu.net\/wordpress\/viabilita-2\/\">viabilita<\/a><\/p><\/blockquote>\n<p><iframe loading=\"lazy\" class=\"wp-embedded-content\" sandbox=\"allow-scripts\" security=\"restricted\" style=\"position: absolute; clip: rect(1px, 1px, 1px, 1px);\" title=\"&#8220;viabilita&#8221; &#8212; Radio Pi\u00f9\" src=\"https:\/\/www.radiopiu.net\/wordpress\/viabilita-2\/embed\/#?secret=rwO4edPOKF#?secret=GgyNZWAlHP\" data-secret=\"GgyNZWAlHP\" width=\"600\" height=\"338\" frameborder=\"0\" marginwidth=\"0\" marginheight=\"0\" scrolling=\"no\"><\/iframe><\/p>\n<p>&nbsp;<\/p>\n<p>&nbsp;<\/p>\n<hr \/>\n<p>&nbsp;<\/p>\n<p><a class=\"dt-pswp-item\" href=\"https:\/\/www.radiopiu.net\/wordpress\/wp-content\/uploads\/2018\/09\/WhatsApp-Image-2018-09-20-at-16.04.06.jpeg\" data-dt-img-description=\"\" data-large_image_width=\"800\" data-large_image_height=\"100\"><img loading=\"lazy\" decoding=\"async\" class=\"wp-image-61378 size-full aligncenter\" src=\"https:\/\/www.radiopiu.net\/wordpress\/wp-content\/uploads\/2018\/09\/WhatsApp-Image-2018-09-20-at-16.04.06.jpeg\" alt=\"\" width=\"800\" height=\"100\" srcset=\"https:\/\/www.radiopiu.net\/wordpress\/wp-content\/uploads\/2018\/09\/WhatsApp-Image-2018-09-20-at-16.04.06.jpeg 800w, https:\/\/www.radiopiu.net\/wordpress\/wp-content\/uploads\/2018\/09\/WhatsApp-Image-2018-09-20-at-16.04.06-300x38.jpeg 300w, https:\/\/www.radiopiu.net\/wordpress\/wp-content\/uploads\/2018\/09\/WhatsApp-Image-2018-09-20-at-16.04.06-768x96.jpeg 768w\" sizes=\"auto, (max-width: 800px) 100vw, 800px\" \/><\/a><\/p>\n<p><center><\/center><center><\/center><center><\/center><center><\/center><center><\/center><center><\/center>&nbsp;<\/p>\n<p><center><\/center><center><\/center><center><\/center><center><\/center><center><\/center><center><\/center><center><\/center><center><b>OGGI<\/b><\/center>Al mattino nuvolosit\u00e0 irregolare anche per estese nubi medio-basse su molte valli sia prealpine sia dolomitiche soprattutto nelle ore fredde; nel corso del mattino schiarite parziali, con tendenza ad ulteriore aumento della nuvolosit\u00e0 fino a molto nuvoloso per attivit\u00e0 cumuliforme associata a fenomeni nella seconda parte della giornata.<br \/>\n<b>Precipitazioni: <\/b>Al mattino assenti. Nel pomeriggio aumento della probabilit\u00e0 di rovesci o di temporali da sparsi a diffusi pi\u00f9 probabili sulle Dolomiti, un po&#8217; meno sulle prealpine specie quelle pi\u00f9 occidentali. I fenomeni saranno probabili fino alla fine della giornata.<br \/>\n<b>Temperature: <\/b>Temperature in ulteriore lieve o contenuto aumento su valori prossimi alla norma.<\/p>\n<hr \/>\n<p><center><b>DOMANI<\/b><\/center>Al mattino in genere poco nuvoloso o parzialmente nuvoloso con nubi basse su alcuni settori sia prealpini sia dolomitici, in rapido dissolvimento. In giornata formazione di nubi cumuliformi nel pomeriggio e non escluso qualche fenomeno da locale a sparso specie su Dolomiti.<br \/>\n<b>Precipitazioni: <\/b>Al mattino assenti. Nel pomeriggio aumento della probabilit\u00e0 soprattutto sulle Dolomiti per fenomeni da locali a sparsi.<br \/>\n<b>Temperature: <\/b>Senza notevoli variazioni o in lieve o aumento.<\/p>\n<hr \/>\n<p><center><b>LUNEDI<\/b><\/center>Al mattino poco nuvoloso con qualche nube bassa in rapido dissolvimento dopo l&#8217;alba. Nel corso della giornata da poco nuvoloso a nuvoloso per uno moderato sviluppo di nuvolosit\u00e0 cumuliforme anche molto nuvoloso nel pomeriggio specie sulle Dolomiti dove non \u00e8 esclusa la possibilit\u00e0 di un qualche rovescio o temporale. Temperature in generale contenuto aumento.<\/p>\n<hr \/>\n<p><center><b>MARTEDI<\/b><\/center>Tempo stabile e pi\u00f9 soleggiato e pi\u00f9 caldo rispetto ai giorni precedenti con ampi tratti soleggiati al mattino e qualche addensamento nelle ore pi\u00f9 calde specie a ridosso dei rilievi dolomitico, con fenomeni pressoch\u00e8 assenti. Temperature in ulteriore aumento su valori superiori alle medie del periodo.<\/p>\n<p>&nbsp;<\/p>\n<hr \/>\n<p>&nbsp;<\/p>\n<p><img loading=\"lazy\" decoding=\"async\" class=\"wp-image-60761 size-full aligncenter\" src=\"https:\/\/www.radiopiu.net\/wordpress\/wp-content\/uploads\/2018\/09\/sport.jpg\" alt=\"\" width=\"800\" height=\"100\" srcset=\"https:\/\/www.radiopiu.net\/wordpress\/wp-content\/uploads\/2018\/09\/sport.jpg 800w, https:\/\/www.radiopiu.net\/wordpress\/wp-content\/uploads\/2018\/09\/sport-300x38.jpg 300w, https:\/\/www.radiopiu.net\/wordpress\/wp-content\/uploads\/2018\/09\/sport-768x96.jpg 768w\" sizes=\"auto, (max-width: 800px) 100vw, 800px\" \/><\/p>\n<p>&nbsp;<\/p>\n<p><span style=\"color: #0000ff;\"><strong>CALCIO<\/strong><\/span><\/p>\n<blockquote>\n<h3>CAMPIONATO AGORDINO DI CALCIO: IL TERZO FINE SETTIMANA DI GARE<\/h3>\n<\/blockquote>\n<p><strong><a class=\"dt-pswp-item\" href=\"https:\/\/www.radiopiu.net\/wordpress\/wp-content\/uploads\/2020\/09\/calcio-2020.jpg\" data-dt-img-description=\"\" data-large_image_width=\"1920\" data-large_image_height=\"1080\"><img loading=\"lazy\" decoding=\"async\" class=\" wp-image-162226 alignleft\" src=\"https:\/\/www.radiopiu.net\/wordpress\/wp-content\/uploads\/2020\/09\/calcio-2020-300x169.jpg\" alt=\"\" width=\"211\" height=\"119\" srcset=\"https:\/\/www.radiopiu.net\/wordpress\/wp-content\/uploads\/2020\/09\/calcio-2020-300x169.jpg 300w, https:\/\/www.radiopiu.net\/wordpress\/wp-content\/uploads\/2020\/09\/calcio-2020-1024x576.jpg 1024w, https:\/\/www.radiopiu.net\/wordpress\/wp-content\/uploads\/2020\/09\/calcio-2020-768x432.jpg 768w, https:\/\/www.radiopiu.net\/wordpress\/wp-content\/uploads\/2020\/09\/calcio-2020-1536x864.jpg 1536w, https:\/\/www.radiopiu.net\/wordpress\/wp-content\/uploads\/2020\/09\/calcio-2020-640x360.jpg 640w, https:\/\/www.radiopiu.net\/wordpress\/wp-content\/uploads\/2020\/09\/calcio-2020.jpg 1920w\" sizes=\"auto, (max-width: 211px) 100vw, 211px\" \/><\/a>DI MARCO GAZ<\/strong><\/p>\n<p><strong>REDAZIONE<\/strong> Archiviato il secondo turno, \u00e8 gi\u00e0 tempo di guardare al prossimo fine settimana sui campi dell\u2019Agordino. Sebbene sia prematuro delineare gerarchie e pretendenti per il titolo, iniziano a emergere le outsider che hanno iniziato con il piede giusto la 49\u00aa edizione del torneo. Nel girone A, il Vallada, a punteggio pieno, cerca continuit\u00e0 sull\u2019ostico campo del Rivamonte, reduce da una sonora sconfitta contro La Valle nell\u2019ultimo turno. Il Taibon, dopo il turno di riposo, riprender\u00e0 la sua corsa alla rivincita del torneo contro l\u2019Alleghe, finora la difesa pi\u00f9 perforata. Sicuramente, l&#8217;Alleghe preparer\u00e0 una trappola difensiva per imbrigliare i taiboner. Il match tra Caprile e Fodom servir\u00e0 a dare un\u2019identit\u00e0 pi\u00f9 precisa a due compagini che finora potevano fare di pi\u00f9. Nel girone B, l&#8217;interessantissima partita tra Canale e Voltago si terr\u00e0 al Maracanal, dove il gruppo di mister Lorenzi \u00e8 atteso a un esame di maturit\u00e0 contro i campioni in carica. Questi ultimi avranno certamente migliorato i meccanismi non perfetti mostrati nel turno scorso. Le altre due pretendenti per il primato nel girone si affrontano a Gosaldo, dove arriva il Le Ville. Si vedr\u00e0 se i padroni di casa riusciranno a voltare pagina dopo l\u2019amaro esordio e se il Le Ville potr\u00e0 continuare la sua corsa rimanendo a punteggio pieno. Infine, il Cencenighe ospita il Falcade, avendo l\u2019occasione di riconfermare la bella prova mostrata contro il Voltago nel turno scorso. Il terzo turno si preannuncia quindi ricco di sfide avvincenti, con tutte le squadre pronte a dare il massimo per avanzare nel torneo. Radio Pi\u00f9 seguir\u00e0 in diretta la manifestazione con i classici appuntamenti: Domani alle 16 la diretta dai campi e alle 20:10 la sintesi delle partite. Luned\u00ec alle 20:30 Campionato Agordino Show<\/p>\n<p><strong>LA CLASSIFICA:<\/strong> Girone A: Vallada 6, Caprile 4, La Valle 3, Taibon, Fodom e Rivamonte 1, Alleghe* 0 (* una partita in meno). Girone B: Canale* 6, Le Ville e Voltago 3, Cencenighe*, Falcade\/Caviola e Gosaldo 0 (* una partita in pi\u00f9)<\/p>\n<p><strong>PROSSIMO TURNO:<\/strong> Girone A: oggi alle 16 Rivamonte \u2013 Vallada, alle 20:30 Alleghe \u2013 Taibon, domani alle 16 Caprile \u2013 Fodom. Riposa La Valle. Girone B: oggi alle 20:30 Cencenighe \u2013 Falcade\/Caviola, domani alle 16 Canale \u2013 Voltago e Gosaldo \u2013 Le Ville<\/p>\n<p>&nbsp;<\/p>\n<p><span style=\"color: #0000ff;\"><strong>NUOTO<\/strong><\/span><\/p>\n<blockquote>\n<h3>ESORDIENTI B AL \u201cTROFEO GIANFRANCO DOTTO\u201d: SESTO POSTO NELLA CLASSIFICA GENERALE<\/h3>\n<\/blockquote>\n<p><a class=\"dt-pswp-item\" href=\"https:\/\/www.radiopiu.net\/wordpress\/wp-content\/uploads\/2024\/06\/Bellunesi_al_Trofeo_Dotto.jpg\" data-dt-img-description=\"\" data-large_image_width=\"481\" data-large_image_height=\"640\"><img loading=\"lazy\" decoding=\"async\" class=\" wp-image-394799 alignleft\" src=\"https:\/\/www.radiopiu.net\/wordpress\/wp-content\/uploads\/2024\/06\/Bellunesi_al_Trofeo_Dotto-225x300.jpg\" alt=\"\" width=\"128\" height=\"171\" srcset=\"https:\/\/www.radiopiu.net\/wordpress\/wp-content\/uploads\/2024\/06\/Bellunesi_al_Trofeo_Dotto-225x300.jpg 225w, https:\/\/www.radiopiu.net\/wordpress\/wp-content\/uploads\/2024\/06\/Bellunesi_al_Trofeo_Dotto.jpg 481w\" sizes=\"auto, (max-width: 128px) 100vw, 128px\" \/><\/a>Gli Esordienti B della Sportivamente Belluno hanno ottenuto un eccellente sesto posto al \u201cTrofeo Gianfranco Dotto\u201d, tenutosi al Natatorium di Treviso. Questo risultato conferma la crescita del gruppo, che includeva atleti di Attivamente Agordino, Ondablu e Sporting Lessinia. Le prestazioni individuali degne di nota sono state quelle di Mattia Brianti nei 200 misti (3\u201922\u201d6), Yari Broi nei 50 delfino (46\u201d3), Marco Candeago nei 100 dorso (1\u201950\u201d6), Nicola De Min nei 100 rana (1\u201944\u201d8), Elia Francesco Emma nei 50 dorso (49\u201d9) e Jacopo Viel nei 100 stile (1\u201923\u201d0). Inoltre, Brianti, De Min e Viel hanno partecipato alle staffette 4&#215;50 mista e 4&#215;50 stile, contribuendo al punteggio totale di 175.50 punti, che ha assicurato il sesto posto. Il tecnico Sogne ha elogiato le performance e l\u2019impegno dei ragazzi, sottolineando il loro desiderio di migliorare continuamente. I giovani atleti si preparano ora per i prossimi appuntamenti: il Trofeo Canova Sport a Monselice il 15 giugno e il Meeting regionale a Stra (Venezia) il 23 giugno.<\/p>\n<p>&nbsp;<\/p>\n<p>&nbsp;<\/p>\n<p>&nbsp;<\/p>\n<hr \/>\n<p>&nbsp;<\/p>\n<h2><span style=\"color: #008000;\">GOODBYE BY BICICLE&#8230;UN VIAGGIO DALL&#8217;INDIA A SEREN DEL GRAPPA IN BICICLETTA<\/span><\/h2>\n<p><span style=\"color: #ff0000;\"><strong>PUNTATA 17 &#8211; GIORNATE IMPEGNATIVE TRA INCONTRI E LUNGHE PEDALATE<\/strong><\/span><\/p>\n<audio class=\"wp-audio-shortcode\" id=\"audio-394708-18\" preload=\"none\" style=\"width: 100%;\" controls=\"controls\"><source type=\"audio\/mpeg\" src=\"https:\/\/www.radiopiu.net\/wordpress\/wp-content\/uploads\/2024\/05\/AIRE-INDIA-PUNTATA-17.mp3?_=18\" \/><a href=\"https:\/\/www.radiopiu.net\/wordpress\/wp-content\/uploads\/2024\/05\/AIRE-INDIA-PUNTATA-17.mp3\">https:\/\/www.radiopiu.net\/wordpress\/wp-content\/uploads\/2024\/05\/AIRE-INDIA-PUNTATA-17.mp3<\/a><\/audio>\n<p>&nbsp;<\/p>\n\n\t\t\t<style type='text\/css'>\n\t\t\t\t#gallery-5 {\n\t\t\t\t\tmargin: auto;\n\t\t\t\t}\n\t\t\t\t#gallery-5 .gallery-item {\n\t\t\t\t\tfloat: left;\n\t\t\t\t\tmargin-top: 10px;\n\t\t\t\t\ttext-align: center;\n\t\t\t\t\twidth: 20%;\n\t\t\t\t}\n\t\t\t\t#gallery-5 img {\n\t\t\t\t\tborder: 2px solid #cfcfcf;\n\t\t\t\t}\n\t\t\t\t#gallery-5 .gallery-caption {\n\t\t\t\t\tmargin-left: 0;\n\t\t\t\t}\n\t\t\t\t\/* see gallery_shortcode() in wp-includes\/media.php *\/\n\t\t\t<\/style>\n\t\t<div id='gallery-5' class='dt-gallery-container gallery galleryid-394708 gallery-columns-5 gallery-size-thumbnail'><dl class='gallery-item'>\n\t\t\t\t<dt class='gallery-icon portrait'>\n\t\t\t\t\t<a class=\"rollover rollover-zoom dt-pswp-item\" title=\"9ee4f4f3-bd33-4279-b22a-fd98ec990e2c\" data-dt-img-description=\"\" data-large_image_width=\"963\" data-large_image_height=\"1280\"href='https:\/\/www.radiopiu.net\/wordpress\/wp-content\/uploads\/2024\/05\/9ee4f4f3-bd33-4279-b22a-fd98ec990e2c.jpg'><img loading=\"lazy\" decoding=\"async\" width=\"150\" height=\"150\" src=\"https:\/\/www.radiopiu.net\/wordpress\/wp-content\/uploads\/2024\/05\/9ee4f4f3-bd33-4279-b22a-fd98ec990e2c-150x150.jpg\" class=\"attachment-thumbnail size-thumbnail\" alt=\"\" \/><\/a>\n\t\t\t\t<\/dt><\/dl><dl class='gallery-item'>\n\t\t\t\t<dt class='gallery-icon portrait'>\n\t\t\t\t\t<a class=\"rollover rollover-zoom dt-pswp-item\" title=\"2a7a0948-eaa3-48da-852d-56265e7ace11\" data-dt-img-description=\"\" data-large_image_width=\"1500\" data-large_image_height=\"2000\"href='https:\/\/www.radiopiu.net\/wordpress\/wp-content\/uploads\/2024\/05\/2a7a0948-eaa3-48da-852d-56265e7ace11.jpg'><img loading=\"lazy\" decoding=\"async\" width=\"150\" height=\"150\" src=\"https:\/\/www.radiopiu.net\/wordpress\/wp-content\/uploads\/2024\/05\/2a7a0948-eaa3-48da-852d-56265e7ace11-150x150.jpg\" class=\"attachment-thumbnail size-thumbnail\" alt=\"\" \/><\/a>\n\t\t\t\t<\/dt><\/dl><dl class='gallery-item'>\n\t\t\t\t<dt class='gallery-icon landscape'>\n\t\t\t\t\t<a class=\"rollover rollover-zoom dt-pswp-item\" title=\"040dc781-99fc-4124-b937-18cf8a6bdb59\" data-dt-img-description=\"\" data-large_image_width=\"2000\" data-large_image_height=\"1500\"href='https:\/\/www.radiopiu.net\/wordpress\/wp-content\/uploads\/2024\/05\/040dc781-99fc-4124-b937-18cf8a6bdb59.jpg'><img loading=\"lazy\" decoding=\"async\" width=\"150\" height=\"150\" src=\"https:\/\/www.radiopiu.net\/wordpress\/wp-content\/uploads\/2024\/05\/040dc781-99fc-4124-b937-18cf8a6bdb59-150x150.jpg\" class=\"attachment-thumbnail size-thumbnail\" alt=\"\" \/><\/a>\n\t\t\t\t<\/dt><\/dl><dl class='gallery-item'>\n\t\t\t\t<dt class='gallery-icon portrait'>\n\t\t\t\t\t<a class=\"rollover rollover-zoom dt-pswp-item\" title=\"7739d2b9-a07f-4f34-af0f-74b7c05be1de\" data-dt-img-description=\"\" data-large_image_width=\"1200\" data-large_image_height=\"1600\"href='https:\/\/www.radiopiu.net\/wordpress\/wp-content\/uploads\/2024\/05\/7739d2b9-a07f-4f34-af0f-74b7c05be1de.jpg'><img loading=\"lazy\" decoding=\"async\" width=\"150\" height=\"150\" src=\"https:\/\/www.radiopiu.net\/wordpress\/wp-content\/uploads\/2024\/05\/7739d2b9-a07f-4f34-af0f-74b7c05be1de-150x150.jpg\" class=\"attachment-thumbnail size-thumbnail\" alt=\"\" \/><\/a>\n\t\t\t\t<\/dt><\/dl><dl class='gallery-item'>\n\t\t\t\t<dt class='gallery-icon portrait'>\n\t\t\t\t\t<a class=\"rollover rollover-zoom dt-pswp-item\" title=\"b144c8d7-be39-4154-80d9-2302ebe2f9dd\" data-dt-img-description=\"\" data-large_image_width=\"963\" data-large_image_height=\"1280\"href='https:\/\/www.radiopiu.net\/wordpress\/wp-content\/uploads\/2024\/05\/b144c8d7-be39-4154-80d9-2302ebe2f9dd.jpg'><img loading=\"lazy\" decoding=\"async\" width=\"150\" height=\"150\" src=\"https:\/\/www.radiopiu.net\/wordpress\/wp-content\/uploads\/2024\/05\/b144c8d7-be39-4154-80d9-2302ebe2f9dd-150x150.jpg\" class=\"attachment-thumbnail size-thumbnail\" alt=\"\" \/><\/a>\n\t\t\t\t<\/dt><\/dl><br style=\"clear: both\" \/>\n\t\t\t<\/div>\n\n<p>&nbsp;<\/p>\n","protected":false},"excerpt":{"rendered":"<p>******* &nbsp; E IN EDICOLA&#8230; MENSILE NEWS. IL NUOVO MENSILE PER LA PROVINCIA &nbsp; &nbsp; ATTENZIONE: LA NUOVA APP PER IOS-IPHONE di Nicola Vettorello https:\/\/apps.apple.com\/it\/app\/radio-pi%C3%B9-emittente-agordina\/id1515939845 ATTENZIONE: LA NUOVA APP RADIO\u00a0 PER ANDROID di Nicola Vettorello https:\/\/play.google.com\/store\/apps\/details?id=net.radiopiu.iniko\u00a0\u00a0\u00a0 &nbsp; &nbsp; &nbsp; OGGI ALLA RADIO:\u00a0ALLE 6.15 PIROLE DE LENGA, CON IL MUSLA\u00a0 ALLE 7.20\u00a0EL BAL DEL FIOR, DETTI&hellip;<\/p>\n","protected":false},"author":4,"featured_media":394771,"comment_status":"closed","ping_status":"closed","sticky":false,"template":"","format":"standard","meta":{"_monsterinsights_skip_tracking":false,"_monsterinsights_sitenote_active":false,"_monsterinsights_sitenote_note":"","_monsterinsights_sitenote_category":0,"footnotes":""},"categories":[51,86,49],"tags":[],"class_list":["post-394708","post","type-post","status-publish","format-standard","has-post-thumbnail","hentry","category-evidenza-top","category-gr","category-news-18","category-51","category-86","category-49","description-off"],"img_url":"https:\/\/www.radiopiu.net\/wordpress\/wp-content\/uploads\/2024\/06\/1799e77f-5bae-4a33-b540-a799caed1a32.jpeg","_links":{"self":[{"href":"https:\/\/www.radiopiu.net\/wordpress\/wp-json\/wp\/v2\/posts\/394708","targetHints":{"allow":["GET"]}}],"collection":[{"href":"https:\/\/www.radiopiu.net\/wordpress\/wp-json\/wp\/v2\/posts"}],"about":[{"href":"https:\/\/www.radiopiu.net\/wordpress\/wp-json\/wp\/v2\/types\/post"}],"author":[{"embeddable":true,"href":"https:\/\/www.radiopiu.net\/wordpress\/wp-json\/wp\/v2\/users\/4"}],"replies":[{"embeddable":true,"href":"https:\/\/www.radiopiu.net\/wordpress\/wp-json\/wp\/v2\/comments?post=394708"}],"version-history":[{"count":0,"href":"https:\/\/www.radiopiu.net\/wordpress\/wp-json\/wp\/v2\/posts\/394708\/revisions"}],"wp:featuredmedia":[{"embeddable":true,"href":"https:\/\/www.radiopiu.net\/wordpress\/wp-json\/wp\/v2\/media\/394771"}],"wp:attachment":[{"href":"https:\/\/www.radiopiu.net\/wordpress\/wp-json\/wp\/v2\/media?parent=394708"}],"wp:term":[{"taxonomy":"category","embeddable":true,"href":"https:\/\/www.radiopiu.net\/wordpress\/wp-json\/wp\/v2\/categories?post=394708"},{"taxonomy":"post_tag","embeddable":true,"href":"https:\/\/www.radiopiu.net\/wordpress\/wp-json\/wp\/v2\/tags?post=394708"}],"curies":[{"name":"wp","href":"https:\/\/api.w.org\/{rel}","templated":true}]}}