{"id":394848,"date":"2024-06-15T05:51:41","date_gmt":"2024-06-15T03:51:41","guid":{"rendered":"https:\/\/www.radiopiu.net\/wordpress\/?p=394848"},"modified":"2024-06-15T06:21:17","modified_gmt":"2024-06-15T04:21:17","slug":"una-giornata-intensa-per-il-suem-118","status":"publish","type":"post","link":"https:\/\/www.radiopiu.net\/wordpress\/una-giornata-intensa-per-il-suem-118\/","title":{"rendered":"UNA GIORNATA INTENSA PER IL SUEM 118"},"content":{"rendered":"<p>******<\/p>\n<p>&nbsp;<\/p>\n<p><strong><a class=\"dt-pswp-item\" href=\"https:\/\/www.radiopiu.net\/wordpress\/wp-content\/uploads\/2021\/12\/ambulanze-3.jpeg\" data-dt-img-description=\"\" data-large_image_width=\"1600\" data-large_image_height=\"1200\"><img loading=\"lazy\" decoding=\"async\" class=\" wp-image-250918 alignleft\" src=\"https:\/\/www.radiopiu.net\/wordpress\/wp-content\/uploads\/2021\/12\/ambulanze-3-300x225.jpeg\" alt=\"\" width=\"192\" height=\"144\" srcset=\"https:\/\/www.radiopiu.net\/wordpress\/wp-content\/uploads\/2021\/12\/ambulanze-3-300x225.jpeg 300w, https:\/\/www.radiopiu.net\/wordpress\/wp-content\/uploads\/2021\/12\/ambulanze-3-1024x768.jpeg 1024w, https:\/\/www.radiopiu.net\/wordpress\/wp-content\/uploads\/2021\/12\/ambulanze-3-768x576.jpeg 768w, https:\/\/www.radiopiu.net\/wordpress\/wp-content\/uploads\/2021\/12\/ambulanze-3-1536x1152.jpeg 1536w, https:\/\/www.radiopiu.net\/wordpress\/wp-content\/uploads\/2021\/12\/ambulanze-3.jpeg 1600w\" sizes=\"auto, (max-width: 192px) 100vw, 192px\" \/><\/a>REDAZIONE<\/strong> Si chiude con ben sei interventi la giornata del Suem 118 in provincia di Belluno. Poco prima delle 10:30 il primo allarme \u00e8 scattato a Santa Giustina dove una donna di 64 anni \u00e8 stata investita. L&#8217;ambulanza l&#8217;ha portata all&#8217;ospedale di Feltre con ferite di media gravit\u00e0. Alle 12:30 il recupero di due escursionisti illesi a Cortina mentre alle 13:30 la centrale operativa \u00e8 stata allertata per un minore che era stato coinvolto in un incidente stradale. Un altro incidente stradale alle 15:30, sempre a Belluno, dove l&#8217;ambulanza ha soccorso un uomo di 35 anni per poi portarlo all&#8217;ospedale di Belluno. Anche a Cortina i sanitari sono stati chiamati nello stesso momento e anche in questo caso per un incidente che ha visto coinvolto un 18enne di Pieve di Cadore. Infine, poco dopo le 18, la centrale operativa \u00e8 stata chiamata in causa per un trauma da caduta che ha visto coinvolto un 85enne di San Don\u00e0 di Piave. Il fatto \u00e8 successo a Vallada e il paziente \u00e8 stato trasferito all&#8217;ospedale di Agordo con ferite di media gravit\u00e0.<\/p>\n<p>&nbsp;<\/p>\n<p>&nbsp;<\/p>\n<p>*******<\/p>\n","protected":false},"excerpt":{"rendered":"<p>****** &nbsp; REDAZIONE Si chiude con ben sei interventi la giornata del Suem 118 in provincia di Belluno. Poco prima delle 10:30 il primo allarme \u00e8 scattato a Santa Giustina dove una donna di 64 anni \u00e8 stata investita. L&#8217;ambulanza l&#8217;ha portata all&#8217;ospedale di Feltre con ferite di media gravit\u00e0. Alle 12:30 il recupero di&hellip;<\/p>\n","protected":false},"author":4,"featured_media":250918,"comment_status":"closed","ping_status":"closed","sticky":false,"template":"","format":"standard","meta":{"_monsterinsights_skip_tracking":false,"_monsterinsights_sitenote_active":false,"_monsterinsights_sitenote_note":"","_monsterinsights_sitenote_category":0,"footnotes":""},"categories":[104,49],"tags":[],"class_list":["post-394848","post","type-post","status-publish","format-standard","has-post-thumbnail","hentry","category-evidenza_3","category-news-18","category-104","category-49","description-off"],"img_url":"https:\/\/www.radiopiu.net\/wordpress\/wp-content\/uploads\/2021\/12\/ambulanze-3.jpeg","_links":{"self":[{"href":"https:\/\/www.radiopiu.net\/wordpress\/wp-json\/wp\/v2\/posts\/394848","targetHints":{"allow":["GET"]}}],"collection":[{"href":"https:\/\/www.radiopiu.net\/wordpress\/wp-json\/wp\/v2\/posts"}],"about":[{"href":"https:\/\/www.radiopiu.net\/wordpress\/wp-json\/wp\/v2\/types\/post"}],"author":[{"embeddable":true,"href":"https:\/\/www.radiopiu.net\/wordpress\/wp-json\/wp\/v2\/users\/4"}],"replies":[{"embeddable":true,"href":"https:\/\/www.radiopiu.net\/wordpress\/wp-json\/wp\/v2\/comments?post=394848"}],"version-history":[{"count":0,"href":"https:\/\/www.radiopiu.net\/wordpress\/wp-json\/wp\/v2\/posts\/394848\/revisions"}],"wp:featuredmedia":[{"embeddable":true,"href":"https:\/\/www.radiopiu.net\/wordpress\/wp-json\/wp\/v2\/media\/250918"}],"wp:attachment":[{"href":"https:\/\/www.radiopiu.net\/wordpress\/wp-json\/wp\/v2\/media?parent=394848"}],"wp:term":[{"taxonomy":"category","embeddable":true,"href":"https:\/\/www.radiopiu.net\/wordpress\/wp-json\/wp\/v2\/categories?post=394848"},{"taxonomy":"post_tag","embeddable":true,"href":"https:\/\/www.radiopiu.net\/wordpress\/wp-json\/wp\/v2\/tags?post=394848"}],"curies":[{"name":"wp","href":"https:\/\/api.w.org\/{rel}","templated":true}]}}