{"id":394878,"date":"2024-06-15T05:53:45","date_gmt":"2024-06-15T03:53:45","guid":{"rendered":"https:\/\/www.radiopiu.net\/wordpress\/?p=394878"},"modified":"2024-06-15T06:20:52","modified_gmt":"2024-06-15T04:20:52","slug":"il-vescovo-di-belluno-e-feltre-agisce-contro-gli-abusi-sessuali","status":"publish","type":"post","link":"https:\/\/www.radiopiu.net\/wordpress\/il-vescovo-di-belluno-e-feltre-agisce-contro-gli-abusi-sessuali\/","title":{"rendered":"Il Vescovo di Belluno e Feltre Agisce Contro gli Abusi Sessuali"},"content":{"rendered":"<p>+++<\/p>\n<blockquote>\n<h3><\/h3>\n<\/blockquote>\n<p><strong><a class=\"dt-pswp-item\" href=\"https:\/\/www.radiopiu.net\/wordpress\/wp-content\/uploads\/2022\/07\/Vescovo-Renato-Marangoni.jpg\" data-dt-img-description=\"\" data-large_image_width=\"925\" data-large_image_height=\"1024\"><img loading=\"lazy\" decoding=\"async\" class=\" wp-image-288225 alignleft\" src=\"https:\/\/www.radiopiu.net\/wordpress\/wp-content\/uploads\/2022\/07\/Vescovo-Renato-Marangoni-271x300.jpg\" alt=\"\" width=\"134\" height=\"148\" srcset=\"https:\/\/www.radiopiu.net\/wordpress\/wp-content\/uploads\/2022\/07\/Vescovo-Renato-Marangoni-271x300.jpg 271w, https:\/\/www.radiopiu.net\/wordpress\/wp-content\/uploads\/2022\/07\/Vescovo-Renato-Marangoni-768x850.jpg 768w, https:\/\/www.radiopiu.net\/wordpress\/wp-content\/uploads\/2022\/07\/Vescovo-Renato-Marangoni.jpg 925w\" sizes=\"auto, (max-width: 134px) 100vw, 134px\" \/><\/a>BELLUNO<\/strong> Il vescovo di Belluno e Feltre, mons. Renato Marangoni, ha annunciato iniziative contro gli abusi sessuali. Di fronte a tali accuse, il vescovo inoltra una denuncia canonica alla Congregazione e consiglia alla vittima di rivolgersi all&#8217;autorit\u00e0 giudiziaria. Presentato un vademecum per la formazione parrocchiale e un Centro per l\u2019ascolto presso la Casa Diocesana Giovanni XXIII a Belluno. Il Centro, attivo dal 10 luglio, servir\u00e0 come primo punto di ascolto per segnalare casi delicati. Il vescovo ha enfatizzato la necessit\u00e0 di prevenire e formare, consolidando la cultura della cura e della tutela nelle comunit\u00e0. Ha denunciato anche l\u2019abuso spirituale e sottolineato l&#8217;importanza della trasparenza e della fiducia nelle competenze esterne.<\/p>\n<p>&nbsp;<\/p>\n<p>***<\/p>\n","protected":false},"excerpt":{"rendered":"<p>+++ BELLUNO Il vescovo di Belluno e Feltre, mons. Renato Marangoni, ha annunciato iniziative contro gli abusi sessuali. Di fronte a tali accuse, il vescovo inoltra una denuncia canonica alla Congregazione e consiglia alla vittima di rivolgersi all&#8217;autorit\u00e0 giudiziaria. Presentato un vademecum per la formazione parrocchiale e un Centro per l\u2019ascolto presso la Casa Diocesana&hellip;<\/p>\n","protected":false},"author":4,"featured_media":288225,"comment_status":"closed","ping_status":"closed","sticky":false,"template":"","format":"standard","meta":{"_monsterinsights_skip_tracking":false,"_monsterinsights_sitenote_active":false,"_monsterinsights_sitenote_note":"","_monsterinsights_sitenote_category":0,"footnotes":""},"categories":[51,49],"tags":[],"class_list":["post-394878","post","type-post","status-publish","format-standard","has-post-thumbnail","hentry","category-evidenza-top","category-news-18","category-51","category-49","description-off"],"img_url":"https:\/\/www.radiopiu.net\/wordpress\/wp-content\/uploads\/2022\/07\/Vescovo-Renato-Marangoni.jpg","_links":{"self":[{"href":"https:\/\/www.radiopiu.net\/wordpress\/wp-json\/wp\/v2\/posts\/394878","targetHints":{"allow":["GET"]}}],"collection":[{"href":"https:\/\/www.radiopiu.net\/wordpress\/wp-json\/wp\/v2\/posts"}],"about":[{"href":"https:\/\/www.radiopiu.net\/wordpress\/wp-json\/wp\/v2\/types\/post"}],"author":[{"embeddable":true,"href":"https:\/\/www.radiopiu.net\/wordpress\/wp-json\/wp\/v2\/users\/4"}],"replies":[{"embeddable":true,"href":"https:\/\/www.radiopiu.net\/wordpress\/wp-json\/wp\/v2\/comments?post=394878"}],"version-history":[{"count":0,"href":"https:\/\/www.radiopiu.net\/wordpress\/wp-json\/wp\/v2\/posts\/394878\/revisions"}],"wp:featuredmedia":[{"embeddable":true,"href":"https:\/\/www.radiopiu.net\/wordpress\/wp-json\/wp\/v2\/media\/288225"}],"wp:attachment":[{"href":"https:\/\/www.radiopiu.net\/wordpress\/wp-json\/wp\/v2\/media?parent=394878"}],"wp:term":[{"taxonomy":"category","embeddable":true,"href":"https:\/\/www.radiopiu.net\/wordpress\/wp-json\/wp\/v2\/categories?post=394878"},{"taxonomy":"post_tag","embeddable":true,"href":"https:\/\/www.radiopiu.net\/wordpress\/wp-json\/wp\/v2\/tags?post=394878"}],"curies":[{"name":"wp","href":"https:\/\/api.w.org\/{rel}","templated":true}]}}