{"id":394930,"date":"2024-06-17T05:45:38","date_gmt":"2024-06-17T03:45:38","guid":{"rendered":"https:\/\/www.radiopiu.net\/wordpress\/?p=394930"},"modified":"2024-06-17T07:43:09","modified_gmt":"2024-06-17T05:43:09","slug":"giornale-radiopiu-17-giugno-2024-direttore-mirko-mezzacasada-40-anni-25-giugno-1983-25-giugno-2023","status":"publish","type":"post","link":"https:\/\/www.radiopiu.net\/wordpress\/giornale-radiopiu-17-giugno-2024-direttore-mirko-mezzacasada-40-anni-25-giugno-1983-25-giugno-2023\/","title":{"rendered":"GIORNALE RADIOPIU 17 GIUGNO 2024 DIRETTORE MIRKO MEZZACASA\u2026DA 40 ANNI 25 GIUGNO 1983-25 GIUGNO 2023"},"content":{"rendered":"<p>*******<\/p>\n<p>&nbsp;<\/p>\n<blockquote>\n<h2>E IN EDICOLA&#8230; MENSILE NEWS. IL NUOVO MENSILE PER LA PROVINCIA<\/h2>\n<\/blockquote>\n\n\t\t\t<style type='text\/css'>\n\t\t\t\t#gallery-1 {\n\t\t\t\t\tmargin: auto;\n\t\t\t\t}\n\t\t\t\t#gallery-1 .gallery-item {\n\t\t\t\t\tfloat: left;\n\t\t\t\t\tmargin-top: 10px;\n\t\t\t\t\ttext-align: center;\n\t\t\t\t\twidth: 33%;\n\t\t\t\t}\n\t\t\t\t#gallery-1 img {\n\t\t\t\t\tborder: 2px solid #cfcfcf;\n\t\t\t\t}\n\t\t\t\t#gallery-1 .gallery-caption {\n\t\t\t\t\tmargin-left: 0;\n\t\t\t\t}\n\t\t\t\t\/* see gallery_shortcode() in wp-includes\/media.php *\/\n\t\t\t<\/style>\n\t\t<div id='gallery-1' class='dt-gallery-container gallery galleryid-394930 gallery-columns-3 gallery-size-medium'><dl class='gallery-item'>\n\t\t\t\t<dt class='gallery-icon landscape'>\n\t\t\t\t\t<a class=\"rollover rollover-zoom dt-pswp-item\" title=\"d207737f-2868-486c-9142-f36bf0aea4c1\" data-dt-img-description=\"\" data-large_image_width=\"2048\" data-large_image_height=\"1152\"href='https:\/\/www.radiopiu.net\/wordpress\/wp-content\/uploads\/2024\/06\/d207737f-2868-486c-9142-f36bf0aea4c1-e1718341374163.jpg'><img loading=\"lazy\" decoding=\"async\" width=\"300\" height=\"169\" src=\"https:\/\/www.radiopiu.net\/wordpress\/wp-content\/uploads\/2024\/06\/d207737f-2868-486c-9142-f36bf0aea4c1-e1718341374163-300x169.jpg\" class=\"attachment-medium size-medium\" alt=\"\" srcset=\"https:\/\/www.radiopiu.net\/wordpress\/wp-content\/uploads\/2024\/06\/d207737f-2868-486c-9142-f36bf0aea4c1-e1718341374163-300x169.jpg 300w, https:\/\/www.radiopiu.net\/wordpress\/wp-content\/uploads\/2024\/06\/d207737f-2868-486c-9142-f36bf0aea4c1-e1718341374163-1024x576.jpg 1024w, https:\/\/www.radiopiu.net\/wordpress\/wp-content\/uploads\/2024\/06\/d207737f-2868-486c-9142-f36bf0aea4c1-e1718341374163-768x432.jpg 768w, https:\/\/www.radiopiu.net\/wordpress\/wp-content\/uploads\/2024\/06\/d207737f-2868-486c-9142-f36bf0aea4c1-e1718341374163-1536x864.jpg 1536w, https:\/\/www.radiopiu.net\/wordpress\/wp-content\/uploads\/2024\/06\/d207737f-2868-486c-9142-f36bf0aea4c1-e1718341374163.jpg 2048w\" sizes=\"auto, (max-width: 300px) 100vw, 300px\" \/><\/a>\n\t\t\t\t<\/dt><\/dl><dl class='gallery-item'>\n\t\t\t\t<dt class='gallery-icon landscape'>\n\t\t\t\t\t<a class=\"rollover rollover-zoom dt-pswp-item\" title=\"cea18179-cbca-4a07-8f04-e05b4bec499e\" data-dt-img-description=\"\" data-large_image_width=\"2048\" data-large_image_height=\"1152\"href='https:\/\/www.radiopiu.net\/wordpress\/wp-content\/uploads\/2024\/06\/cea18179-cbca-4a07-8f04-e05b4bec499e-e1718341365962.jpg'><img loading=\"lazy\" decoding=\"async\" width=\"300\" height=\"169\" src=\"https:\/\/www.radiopiu.net\/wordpress\/wp-content\/uploads\/2024\/06\/cea18179-cbca-4a07-8f04-e05b4bec499e-e1718341365962-300x169.jpg\" class=\"attachment-medium size-medium\" alt=\"\" srcset=\"https:\/\/www.radiopiu.net\/wordpress\/wp-content\/uploads\/2024\/06\/cea18179-cbca-4a07-8f04-e05b4bec499e-e1718341365962-300x169.jpg 300w, https:\/\/www.radiopiu.net\/wordpress\/wp-content\/uploads\/2024\/06\/cea18179-cbca-4a07-8f04-e05b4bec499e-e1718341365962-1024x576.jpg 1024w, https:\/\/www.radiopiu.net\/wordpress\/wp-content\/uploads\/2024\/06\/cea18179-cbca-4a07-8f04-e05b4bec499e-e1718341365962-768x432.jpg 768w, https:\/\/www.radiopiu.net\/wordpress\/wp-content\/uploads\/2024\/06\/cea18179-cbca-4a07-8f04-e05b4bec499e-e1718341365962-1536x864.jpg 1536w, https:\/\/www.radiopiu.net\/wordpress\/wp-content\/uploads\/2024\/06\/cea18179-cbca-4a07-8f04-e05b4bec499e-e1718341365962.jpg 2048w\" sizes=\"auto, (max-width: 300px) 100vw, 300px\" \/><\/a>\n\t\t\t\t<\/dt><\/dl><dl class='gallery-item'>\n\t\t\t\t<dt class='gallery-icon landscape'>\n\t\t\t\t\t<a class=\"rollover rollover-zoom dt-pswp-item\" title=\"ce89ce89-bdeb-4941-b30d-dfb4618e8ae0\" data-dt-img-description=\"\" data-large_image_width=\"2048\" data-large_image_height=\"1152\"href='https:\/\/www.radiopiu.net\/wordpress\/wp-content\/uploads\/2024\/06\/ce89ce89-bdeb-4941-b30d-dfb4618e8ae0-e1718341402158.jpg'><img loading=\"lazy\" decoding=\"async\" width=\"300\" height=\"169\" src=\"https:\/\/www.radiopiu.net\/wordpress\/wp-content\/uploads\/2024\/06\/ce89ce89-bdeb-4941-b30d-dfb4618e8ae0-e1718341402158-300x169.jpg\" class=\"attachment-medium size-medium\" alt=\"\" srcset=\"https:\/\/www.radiopiu.net\/wordpress\/wp-content\/uploads\/2024\/06\/ce89ce89-bdeb-4941-b30d-dfb4618e8ae0-e1718341402158-300x169.jpg 300w, https:\/\/www.radiopiu.net\/wordpress\/wp-content\/uploads\/2024\/06\/ce89ce89-bdeb-4941-b30d-dfb4618e8ae0-e1718341402158-1024x576.jpg 1024w, https:\/\/www.radiopiu.net\/wordpress\/wp-content\/uploads\/2024\/06\/ce89ce89-bdeb-4941-b30d-dfb4618e8ae0-e1718341402158-768x432.jpg 768w, https:\/\/www.radiopiu.net\/wordpress\/wp-content\/uploads\/2024\/06\/ce89ce89-bdeb-4941-b30d-dfb4618e8ae0-e1718341402158-1536x864.jpg 1536w, https:\/\/www.radiopiu.net\/wordpress\/wp-content\/uploads\/2024\/06\/ce89ce89-bdeb-4941-b30d-dfb4618e8ae0-e1718341402158.jpg 2048w\" sizes=\"auto, (max-width: 300px) 100vw, 300px\" \/><\/a>\n\t\t\t\t<\/dt><\/dl><br style=\"clear: both\" \/>\n\t\t\t<\/div>\n\n<p>&nbsp;<\/p>\n<p>&nbsp;<\/p>\n<p><em><a href=\"https:\/\/www.radiopiu.net\/wordpress\/giornale-radiopiu-24-gennaio-2021-direttore-mirko-mezzacasa\/79216601_126817312416448_708980208774483089_n\/\" rel=\"attachment wp-att-186567\"><img loading=\"lazy\" decoding=\"async\" class=\"size-medium wp-image-186567 alignright\" src=\"https:\/\/www.radiopiu.net\/wordpress\/wp-content\/uploads\/2021\/01\/79216601_126817312416448_708980208774483089_n-300x114.jpg\" alt=\"\" width=\"300\" height=\"114\" srcset=\"https:\/\/www.radiopiu.net\/wordpress\/wp-content\/uploads\/2021\/01\/79216601_126817312416448_708980208774483089_n-300x114.jpg 300w, https:\/\/www.radiopiu.net\/wordpress\/wp-content\/uploads\/2021\/01\/79216601_126817312416448_708980208774483089_n-768x292.jpg 768w, https:\/\/www.radiopiu.net\/wordpress\/wp-content\/uploads\/2021\/01\/79216601_126817312416448_708980208774483089_n.jpg 820w\" sizes=\"auto, (max-width: 300px) 100vw, 300px\" \/><\/a><span style=\"color: #ff0000;\">ATTENZIONE: LA NUOVA APP PER IOS-IPHONE di Nicola Vettorello <\/span><\/em><a href=\"https:\/\/apps.apple.com\/it\/app\/radio-pi%C3%B9-emittente-agordina\/id1515939845\">https:\/\/apps.apple.com\/it\/app\/radio-pi%C3%B9-emittente-agordina\/id1515939845<\/a><\/p>\n<p><em style=\"color: #ff0000;\">ATTENZIONE: LA NUOVA APP RADIO\u00a0 PER ANDROID di Nicola Vettorello<\/em><\/p>\n<p><a href=\"https:\/\/play.google.com\/store\/apps\/details?id=net.radiopiu.iniko\" target=\"_blank\" rel=\"noopener noreferrer\">https:\/\/play.google.com\/store\/apps\/details?id=net.radiopiu.iniko\u00a0\u00a0\u00a0<\/a><\/p>\n<p>&nbsp;<\/p>\n<div data-block=\"true\" data-editor=\"avj4u\" data-offset-key=\"d3i0j-0-0\"><\/div>\n<div data-block=\"true\" data-editor=\"avj4u\" data-offset-key=\"d3i0j-0-0\">\n<hr \/>\n<p>&nbsp;<\/p>\n<\/div>\n<p>&nbsp;<\/p>\n<p><strong class=\"photoswipe-wrapper\"><span style=\"color: #ff0000;\">OGGI ALLA RADIO<\/span><\/strong>:\u00a0<strong>ALLE 6.15<\/strong><\/p>\n<p>PIROLE DE LENGA, CON IL MUSLA\u00a0\u00a0<strong>ALLE 7.20<\/strong>\u00a0EL BAL DEL FIOR, DETTI E TRADIZIONI DI GIULIANA DA RONCH;\u00a0<strong>ALLE 8.20\u00a0<\/strong>PIU SIAMO CON MARINA<strong> 9.00 OGGI COME IERI CON SILVIA BALDO\u00a0 <\/strong>\u00a0\u00a0<strong>9.30\u00a0<\/strong>VIABILITA\u2019 Botol_Car\u00a0<strong>\u00a0<\/strong><b>\u00a010.10\u00a0<\/b>\u00a0ZAINO DA VIAGGIO AL FEMMINILE CON PAOLA LANCIATO\u00a0<strong>10.30\u00a0<\/strong>PERITI MINERARI NEL MONDO IN COLLABORAZIONE CON L\u2019APIM DI AGORDO\u00a0 \u00a0<strong>11.10<\/strong>\u00a0C\u2019ERA UNA VOLTA FESTIVALBAR, DI MIRCO BENCIVENNI\u00a0<strong>12.00\u00a0<\/strong>VA TUTTO LISCIO\u00a0<strong>12.30\u00a0<\/strong>GIORNALE RADIO EDIZIONE PRINCIPALE \u00a0<strong>13.20<\/strong>\u00a0PRIMA VERA HIT\u00a0<strong>14.00\u00a0<\/strong>\u00a0COLLAGE OPERAZIONE NOSTALGIA DI LORIS SCUSSEL<strong>\u00a015.00\u00a0<\/strong>ALESSIA DALLO CON RITRATTI SONORI\u00a0<strong>1<\/strong><strong>6.00\u00a0<\/strong>IL ROCK DI MARCO COSTANTINI\u00a0<strong>16.45\u00a0<\/strong>LE HIT DI MIRCO BENCIVENNI\u00a0<strong>19\u00a0<\/strong>ANTICIPAZIONI DAL TG DI ANTENNA 3 DI TIZIANA BOLOGNANI\u00a0<strong>20:30<\/strong> CAMPIONATO AGORDINO SHOW<\/p>\n<blockquote><p><strong>rassegna stampa nazionale, ogni giorno alle 5 e alle 6 del mattino<\/strong><br \/>\n<em>giornali locali 7 rassegna stampa flash, 8 rassegna stampa, gr flash alle 10 e alle 11, principale 12.30. Informazione pomerIggio alle 15 (speciale) 16, 17, 18. Giornale radio nazionale: ogni ora dalle 5 del mattino, alle 20 della sera.\u00a0<\/em><\/p><\/blockquote>\n<blockquote><p><strong>rassegna stampa nazionale, ogni giorno alle 5 e alle 6 del mattino<\/strong><br \/>\n<em>giornali locali 7 rassegna stampa flash, 8 rassegna stampa, gr flash alle 10 e alle 11, principale 12.30. Informazione pomerIggio alle 15 (speciale) 16, 17, 18. Giornale radio nazionale: ogni ora dalle 5 del mattino, alle 20 della sera.\u00a0<\/em><\/p><\/blockquote>\n<div class=\"x11i5rnm xat24cr x1mh8g0r x1vvkbs xtlvy1s x126k92a\">\n<div dir=\"auto\">\n<p>&nbsp;<\/p>\n<p>&nbsp;<\/p>\n<hr \/>\n<p>&nbsp;<\/p>\n<p>&nbsp;<\/p>\n<div class=\"x11i5rnm xat24cr x1mh8g0r x1vvkbs xtlvy1s x126k92a\">\n<div dir=\"auto\">\n<p><strong><a class=\"dt-pswp-item\" href=\"https:\/\/www.radiopiu.net\/wordpress\/wp-content\/uploads\/2024\/02\/2d44e751-d8a8-461b-8e22-d8e4e853b032.jpg\" data-dt-img-description=\"\" data-large_image_width=\"1600\" data-large_image_height=\"1200\"><img loading=\"lazy\" decoding=\"async\" class=\"wp-image-373307 alignleft\" src=\"https:\/\/www.radiopiu.net\/wordpress\/wp-content\/uploads\/2024\/02\/2d44e751-d8a8-461b-8e22-d8e4e853b032-300x225.jpg\" alt=\"\" width=\"105\" height=\"79\" srcset=\"https:\/\/www.radiopiu.net\/wordpress\/wp-content\/uploads\/2024\/02\/2d44e751-d8a8-461b-8e22-d8e4e853b032-300x225.jpg 300w, https:\/\/www.radiopiu.net\/wordpress\/wp-content\/uploads\/2024\/02\/2d44e751-d8a8-461b-8e22-d8e4e853b032-1024x768.jpg 1024w, https:\/\/www.radiopiu.net\/wordpress\/wp-content\/uploads\/2024\/02\/2d44e751-d8a8-461b-8e22-d8e4e853b032-768x576.jpg 768w, https:\/\/www.radiopiu.net\/wordpress\/wp-content\/uploads\/2024\/02\/2d44e751-d8a8-461b-8e22-d8e4e853b032-1536x1152.jpg 1536w, https:\/\/www.radiopiu.net\/wordpress\/wp-content\/uploads\/2024\/02\/2d44e751-d8a8-461b-8e22-d8e4e853b032.jpg 1600w\" sizes=\"auto, (max-width: 105px) 100vw, 105px\" \/><\/a>EL BAL DEL FIOR, DI GIULIANA DA RONCH, 17<\/strong><strong>\u00a0GIUGNO 2024<\/strong><\/p>\n<p>&nbsp;<\/p>\n<\/div>\n<\/div>\n<\/div>\n<audio class=\"wp-audio-shortcode\" id=\"audio-394930-1\" preload=\"none\" style=\"width: 100%;\" controls=\"controls\"><source type=\"audio\/mpeg\" src=\"https:\/\/www.radiopiu.net\/wordpress\/wp-content\/uploads\/2024\/06\/GLU-4.m4a?_=1\" \/><a href=\"https:\/\/www.radiopiu.net\/wordpress\/wp-content\/uploads\/2024\/06\/GLU-4.m4a\">https:\/\/www.radiopiu.net\/wordpress\/wp-content\/uploads\/2024\/06\/GLU-4.m4a<\/a><\/audio>\n<p>&nbsp;<\/p>\n<p>&nbsp;<\/p>\n<div dir=\"auto\">\n<hr \/>\n<\/div>\n<\/div>\n<blockquote>\n<blockquote>\n<h1><span style=\"color: #ff0000;\">\u00a0<\/span><\/h1>\n<h1><span style=\"color: #ff0000;\">I podcast informativi del mattino &#8211; audio &#8211;\u00a0\u00a0<\/span><\/h1>\n<\/blockquote>\n<p><strong><a class=\"dt-pswp-item\" href=\"https:\/\/www.radiopiu.net\/wordpress\/wp-content\/uploads\/2023\/11\/th-10.jpg\" data-dt-img-description=\"\" data-large_image_width=\"320\" data-large_image_height=\"180\"><img loading=\"lazy\" decoding=\"async\" class=\"wp-image-362866 alignleft\" src=\"https:\/\/www.radiopiu.net\/wordpress\/wp-content\/uploads\/2023\/11\/th-10-300x169.jpg\" alt=\"\" width=\"185\" height=\"104\" srcset=\"https:\/\/www.radiopiu.net\/wordpress\/wp-content\/uploads\/2023\/11\/th-10-300x169.jpg 300w, https:\/\/www.radiopiu.net\/wordpress\/wp-content\/uploads\/2023\/11\/th-10.jpg 320w\" sizes=\"auto, (max-width: 185px) 100vw, 185px\" \/><\/a>LA RASSEGNA STAMPA NAZIONALE ALLA RADIO, OGNI GIORNO ALLE 5 E ALLE 6 DEL MATTINO <span style=\"color: #0000ff;\">viene pubblicata alle 6.00 <span style=\"color: #ff0000;\">DIRETTA RADIO\u00a0 \u00a0\u00a0<\/span><\/span><\/strong><\/p><\/blockquote>\n<p>&nbsp;<\/p>\n<p><strong>NOTIZIE DELLA NOTTE<\/strong><br \/>\n<strong>Usa,<\/strong> il Maryland annuller\u00e0 oggi 175mila condanne per marijuana<br \/>\nLo ha annunciato il governatore democratico Wes Moore\u00a0 <strong>Borsa<\/strong>: Hong Kong negativa, apre a -0,52% Shanghai perde lo 0,49%, Shenzhen cede lo 0,48%\u00a0 <strong>Stoltenberg:<\/strong> Nato discute lo schieramento di pi\u00f9 armi nucleari\u00a0 <strong>Ucraina<\/strong>, Wp: Kiev a corto truppe libera criminali per il fronte<\/p>\n<h2>AUDIO dalle 6 del mattino<\/h2>\n<audio class=\"wp-audio-shortcode\" id=\"audio-394930-2\" preload=\"none\" style=\"width: 100%;\" controls=\"controls\"><source type=\"audio\/mpeg\" src=\"https:\/\/www.radiopiu.net\/wordpress\/wp-content\/uploads\/2024\/06\/GIORNALEDELLESEI-13.mp3?_=2\" \/><a href=\"https:\/\/www.radiopiu.net\/wordpress\/wp-content\/uploads\/2024\/06\/GIORNALEDELLESEI-13.mp3\">https:\/\/www.radiopiu.net\/wordpress\/wp-content\/uploads\/2024\/06\/GIORNALEDELLESEI-13.mp3<\/a><\/audio>\n<p>&nbsp;<\/p>\n<p>&nbsp;<\/p>\n<hr \/>\n<p>&nbsp;<\/p>\n<h1 style=\"text-align: center;\"><span style=\"color: #ff0000;\">I podcast informativi del mattino &#8211; audio &#8211;\u00a0<\/span><\/h1>\n<p><strong><a class=\"dt-pswp-item\" href=\"https:\/\/www.radiopiu.net\/wordpress\/wp-content\/uploads\/2023\/12\/images.png\" data-dt-img-description=\"\" data-large_image_width=\"316\" data-large_image_height=\"160\"><img loading=\"lazy\" decoding=\"async\" class=\"wp-image-367008 alignleft\" src=\"https:\/\/www.radiopiu.net\/wordpress\/wp-content\/uploads\/2023\/12\/images-300x152.png\" alt=\"\" width=\"235\" height=\"119\" srcset=\"https:\/\/www.radiopiu.net\/wordpress\/wp-content\/uploads\/2023\/12\/images-300x152.png 300w, https:\/\/www.radiopiu.net\/wordpress\/wp-content\/uploads\/2023\/12\/images.png 316w\" sizes=\"auto, (max-width: 235px) 100vw, 235px\" \/><\/a>OGNI GIORNO ALLE SETTE DEL MATTINO, LA RASSEGNA STAMPA LOCALE FLASH&#8230; PER CHI VA IN FRETTA. I TITOLI DAI GIORNALI E DAL SITO WWW.RADIOPIU.NET <span style=\"color: #0000ff;\">viene pubblicato alle 7.00<\/span> <span style=\"color: #ff0000;\">DIRETTA RADIO\u00a0<\/span><\/strong><\/p>\n<p><em><span style=\"color: #ff0000;\">per chi va in fretta&#8230; tante notizie in pochi minuti. L&#8217;informazione locale alla radio, ogni ora dalle 7 del mattino alle 19 della sera.\u00a0 \u00a0 \u00a0 \u00a0<\/span><\/em><\/p>\n<p>RIVAMONTE l&#8217;incidente ha coinvolto quattro corridori della gara. E\u2019 successo dopo Forcella Franche in territorio di Rivamonte Agordino. Un\u2019auto non si \u00e8 fermata all\u2019alt dei volontari e con la strada chiusa si \u00e8 immessa in careggiata proprio nel momento in cui la gara era nel vivo. L\u2019auto, guidata da una donna, ha centrato in pieno quattro concorrenti che sono finiti a terra. I ciclisti infortunati sono stati trasferiti all\u2019ospedale Papa Luciani di Agordo e San Martino di Belluno con diverse fratture. Si tratta di 3 uomini, un 46enne di Lucca, un 34enne di Rovereto e un 49enne irlandese (curati ad Agordo) e di una donna 46enne di Bologna (elitrasportata a Belluno).<br \/>\nREDAZIONE Erano le 10:33 quando alla centrale opertiva del Suem 118 \u00e8 arrivata la prima chiamata di soccorso di sabato. L\u2019ambulanza della Croce Rossa \u00e8 stata inviata a Belluno per soccorrere una donna di 74 anni che si era ferita in seguito ad un incidente in auto. La paziente \u00e8 stata portata al pronto soccorso per le cure del caso. Alle 11:20 il secondo intervento: questa volta si \u00e8 alzato in volo l\u2019elicottero Falco che si \u00e8 diretto sul sentiero che porta al Monte Dolada dove un 29enne di Belluno si era fatto male. L\u2019uomo \u00e8 stato portato al nosocomio di Belluno con ferite di media gravit\u00e0.<br \/>\nREDAZIONE La centrale del Suem 118 \u00e8 stata allertata nel pomeriggio per due incidenti motociclistici. Il primo sul Passo Giau dove una donna di 27 di origini tedesche \u00e8 stata soccorsa dall\u2019ambulanza e dall\u2019elicottero dell\u2019Aiut Alpin Dolomites ed \u00e8 stata trasferita all\u2019ospedale di Belluno con ferite di media gravit\u00e0. Poco prima delle 15:30 il secondo incidente motociclistico a Longarone sulla strada che porta sul Vajont. In questo caso sono 3 i feriti. Due le ambulanze che sono arrivate sul posto oltre all\u2019elicottero Falco. I feriti sono stati portati al San Martino di Belluno tranne uno che \u00e8 stato elitrasportato a Treviso.<br \/>\nCASTELLAVAZZO Ieri pomeriggio, intorno alle 15, sulla Sp 251, poco prima delle gallerie che conducono alla diga del Vajont, si \u00e8 verificato un violento schianto frontale fra due moto. I due motociclisti coinvolti, un 31enne e un 24enne, sono ora ricoverati rispettivamente negli ospedali di Treviso e Belluno. Il 31enne, in condizioni critiche, \u00e8 stato trasportato con l\u2019elicottero del Suem a Treviso e risulta in pericolo di vita. Il 24enne di Chions ha riportato gravi ferite ed \u00e8 stato portato a Belluno. Una terza vittima, una donna di 39 anni di Massa Carrara, ha riportato ferite di media gravit\u00e0 ed \u00e8 stata trasportata al San Martino.<br \/>\nAUDIO dalle 7 del mattino<\/p>\n<audio class=\"wp-audio-shortcode\" id=\"audio-394930-3\" preload=\"none\" style=\"width: 100%;\" controls=\"controls\"><source type=\"audio\/mpeg\" src=\"https:\/\/www.radiopiu.net\/wordpress\/wp-content\/uploads\/2024\/06\/GF07-13.mp3?_=3\" \/><a href=\"https:\/\/www.radiopiu.net\/wordpress\/wp-content\/uploads\/2024\/06\/GF07-13.mp3\">https:\/\/www.radiopiu.net\/wordpress\/wp-content\/uploads\/2024\/06\/GF07-13.mp3<\/a><\/audio>\n<p>&nbsp;<\/p>\n<p>&nbsp;<\/p>\n<hr \/>\n<p>&nbsp;<\/p>\n<h1><\/h1>\n<h1 style=\"text-align: center;\"><span style=\"color: #ff0000;\"><a class=\"dt-pswp-item\" href=\"https:\/\/www.radiopiu.net\/wordpress\/wp-content\/uploads\/2022\/01\/026c3f9d-dae9-4040-a3c1-a6530231bcc3.jpg\" data-dt-img-description=\"\" data-large_image_width=\"1152\" data-large_image_height=\"2048\"><img loading=\"lazy\" decoding=\"async\" class=\"wp-image-251839 alignleft\" src=\"https:\/\/www.radiopiu.net\/wordpress\/wp-content\/uploads\/2022\/01\/026c3f9d-dae9-4040-a3c1-a6530231bcc3-169x300.jpg\" alt=\"\" width=\"100\" height=\"177\" srcset=\"https:\/\/www.radiopiu.net\/wordpress\/wp-content\/uploads\/2022\/01\/026c3f9d-dae9-4040-a3c1-a6530231bcc3-169x300.jpg 169w, https:\/\/www.radiopiu.net\/wordpress\/wp-content\/uploads\/2022\/01\/026c3f9d-dae9-4040-a3c1-a6530231bcc3-576x1024.jpg 576w, https:\/\/www.radiopiu.net\/wordpress\/wp-content\/uploads\/2022\/01\/026c3f9d-dae9-4040-a3c1-a6530231bcc3-768x1365.jpg 768w, https:\/\/www.radiopiu.net\/wordpress\/wp-content\/uploads\/2022\/01\/026c3f9d-dae9-4040-a3c1-a6530231bcc3-864x1536.jpg 864w, https:\/\/www.radiopiu.net\/wordpress\/wp-content\/uploads\/2022\/01\/026c3f9d-dae9-4040-a3c1-a6530231bcc3.jpg 1152w\" sizes=\"auto, (max-width: 100px) 100vw, 100px\" \/><\/a>I podcast informativi del mattino &#8211; audio &#8211;\u00a0<\/span><\/h1>\n<blockquote><p><strong>GIORNALE RADIO NAZIONALE, EDIZIONE DELLE SETTE <span style=\"color: #0000ff;\">viene pubblicato alle 7.05 <span style=\"color: #ff0000;\">DIRETTA RADIO\u00a0<\/span><\/span><\/strong><\/p><\/blockquote>\n<p><strong>il giornale radionazionale e&#8217; in onda ogni ora, dalle sette del mattino alle venti della sera\u00a0 \u00a0<\/strong><\/p>\n<p><strong>\u00a0<\/strong><\/p>\n<p><strong>ANGR<\/strong>I Morto dissanguato: disposta l&#8217;autopsia, sul corpo vari fendenti Angri: l&#8217;ipotesi di una lite finita male in un locale\u00a0 <strong>ROMA<\/strong> Accoltella 49enne durante una lite, arrestato In manette un 27enne romano\u00a0 <strong>RAVENNA<\/strong> A sedici anni stuprata alla festa, indagato diciottenne Studentessa ravennate avvicinata da un giovane a una festa\u00a0 <strong>MILANO<\/strong> Dodici ore in fuga, preso uno dei due evasi dal Beccaria <strong>TERAMO<\/strong> Detenuto suicida, per il difensore &#8216;ammazzato dallo Stato&#8217;\u00a0 \u00a0<strong>ROMA<\/strong> Operazione contro la pedopornografia, nove arresti in tutta Italia\u00a0 <strong>MONZA<\/strong> Operaio di 32 anni muore in un incidente sul lavoro in Brianza<\/p>\n<h2>AUDIO dalle sette del mattino, ogni ora alla radio<\/h2>\n<audio class=\"wp-audio-shortcode\" id=\"audio-394930-4\" preload=\"none\" style=\"width: 100%;\" controls=\"controls\"><source type=\"audio\/mpeg\" src=\"https:\/\/www.radiopiu.net\/wordpress\/wp-content\/uploads\/2024\/06\/giornale07-13.mp3?_=4\" \/><a href=\"https:\/\/www.radiopiu.net\/wordpress\/wp-content\/uploads\/2024\/06\/giornale07-13.mp3\">https:\/\/www.radiopiu.net\/wordpress\/wp-content\/uploads\/2024\/06\/giornale07-13.mp3<\/a><\/audio>\n<p>&nbsp;<\/p>\n<p>&nbsp;<\/p>\n<hr \/>\n<p>&nbsp;<\/p>\n<p>&nbsp;<\/p>\n<h1><span style=\"color: #ff0000;\">I podcast informativi del mattino &#8211; video &#8211;\u00a0<\/span><\/h1>\n<h2><strong><a class=\"dt-pswp-item\" href=\"https:\/\/www.radiopiu.net\/wordpress\/wp-content\/uploads\/2023\/12\/th-10.jpg\" data-dt-img-description=\"\" data-large_image_width=\"245\" data-large_image_height=\"180\"><img loading=\"lazy\" decoding=\"async\" class=\" wp-image-367395 alignleft\" src=\"https:\/\/www.radiopiu.net\/wordpress\/wp-content\/uploads\/2023\/12\/th-10.jpg\" alt=\"\" width=\"166\" height=\"122\" \/><\/a>RASSEGNA STAMPA LOCALE, ORE OTTO 05<\/strong><\/h2>\n<h2><strong> <span style=\"color: #0000ff;\">viene\u00a0 <\/span><\/strong><strong><span style=\"color: #0000ff;\">pubblicata alle 8.05 <span style=\"color: #ff0000;\">DIRETTA RADIO\u00a0\u00a0<\/span><\/span><\/strong><\/h2>\n<p><strong>DI MIRKO MEZZACASA\u00a0 \u00a0<\/strong><button class=\"rounded-lg text-token-text-secondary hover:bg-token-main-surface-secondary\"><\/button><\/p>\n<p><strong>OGGI SUL Corriere delle Alpi E NOTIZIARI DI Radio Pi\u00f9: ARGINATURA LUXOTTICA Gianni Santomaso\u00a0<\/strong><\/p>\n<p><strong><span style=\"color: #0000ff;\">INCONTRO A GOSALDO CON IL COMANDANTE DEI CARABINIERI, OGGI SUL Corriere delle AlpiI E NOTIZIARI RADIO PIU, LUNEDI DIRETTA RADIO\u00a0<\/span><\/strong><\/p>\n<p><a class=\"dt-pswp-item\" href=\"https:\/\/www.radiopiu.net\/wordpress\/wp-content\/uploads\/2024\/06\/copertina-4.png\" data-dt-img-description=\"\" data-large_image_width=\"763\" data-large_image_height=\"379\"><img loading=\"lazy\" decoding=\"async\" class=\"size-medium wp-image-395058 alignleft\" src=\"https:\/\/www.radiopiu.net\/wordpress\/wp-content\/uploads\/2024\/06\/copertina-4-300x149.png\" alt=\"\" width=\"300\" height=\"149\" srcset=\"https:\/\/www.radiopiu.net\/wordpress\/wp-content\/uploads\/2024\/06\/copertina-4-300x149.png 300w, https:\/\/www.radiopiu.net\/wordpress\/wp-content\/uploads\/2024\/06\/copertina-4.png 763w\" sizes=\"auto, (max-width: 300px) 100vw, 300px\" \/><\/a>FONZASO Alfredo Iannelli, ex sindaco di Fonzaso e dirigente provinciale nel settore turistico, guid\u00f2 il comune dal 1995 al 2004 e nel 2014 torn\u00f2 come consigliere di minoranza. Promosse iniziative sociali e industriali, avviando la sezione Cismon bellunese dell\u2019universit\u00e0 per adulti e anziani. I suoi progetti furono portati avanti dal vicesindaco Gianluigi Furlin. I funerali si terranno domani alle 16:30 nella chiesa di Fonzaso. La famiglia ha richiesto donazioni per le cure palliative di Feltre.<br \/>\nMILANO La famiglia Tollardo, originaria di Costa di Lamon, \u00e8 stata distrutta da un incendio venerd\u00ec a Milano. Silvano Tollardo, 67 anni, sua moglie Carolina De Luca, 63, e il figlio Antonio, 34, sono morti per ustioni e fumo inalato. Antonio cerc\u00f2 invano di salvare i genitori. La tragedia ha scosso anche Lamon, dove la famiglia ha radici profonde e un cugino ancora residente.<br \/>\nRECUPERATI ALPINISTI SULLA CRODA BIANCA<br \/>\nPIEVE DI CADORE Poco prima delle 17 di ieri due alpinisti di Pieve di Cadore hanno contattato la Centrale del 118, poich\u00e9 nel rientrare dallo Spigolo Fanton avevano perso la traccia della normale non distante dalla Cresta degli invalidi. I due, di 34 e 28 anni, illesi, ma disorientati, sono stati imbarcati in elicottero e trasportarli a valle.<br \/>\nCORTINA Sabato alle 14.30 la Centrale del 118 \u00e8 stata contatta da due escursionisti inglesi di 64 e 66 anni che, completata la Ferrata del Col dei Bos, avevano trovato neve e temendo di mettersi in pericolo avevano chiesto aiuto. Una squadra del Soccorso alpino di Cortina e della Guardia di finanza \u00e8 quindi intervenuta dividendosi in due, una parte ha risalito la Ferrata, mentre altri soccorritori sono partiti da sotto. Una volta raggiunti, i due escursionisti sono stati riaccompagnati alla macchina.<br \/>\n<em>Lorenzo Cagnati vince il titolo italiano di staffetta nonostante una lesione al tendine della cavigli<\/em><br \/>\n<em>Nonostante una lesione al tendine della caviglia un mese fa, Lorenzo Cagnati ha partecipato al Tricolore di Gagliano del Capo in Puglia e ha conquistato il suo primo titolo italiano assoluto di staffetta. Come terzo frazionista dell\u2019Atletica Valli Bergamasche, ha concluso la gara resistendo agli avversari e vincendo con 39 secondi di vantaggio sul Valchiese. La prestazione di Cagnati ha coronato gli sforzi dei suoi compagni, Xavier Chevrier e Cesare Maestri.<\/em><\/p>\n<h2><span style=\"color: #ff0000;\"><strong>VIDEO\u00a0 \u00a0in diretta dalle 8 del mattino\u00a0\u00a0<\/strong><\/span><\/h2>\n<p>&nbsp;<\/p>\n<p>&nbsp;<\/p>\n<hr \/>\n<p>&nbsp;<\/p>\n<p>&nbsp;<\/p>\n<p><strong><a class=\"dt-pswp-item\" href=\"https:\/\/www.radiopiu.net\/wordpress\/wp-content\/uploads\/2023\/12\/ANTENNA.png\" data-dt-img-description=\"\" data-large_image_width=\"300\" data-large_image_height=\"166\"><img loading=\"lazy\" decoding=\"async\" class=\" wp-image-366306 alignleft\" src=\"https:\/\/www.radiopiu.net\/wordpress\/wp-content\/uploads\/2023\/12\/ANTENNA.png\" alt=\"\" width=\"175\" height=\"97\" \/><\/a>IERI SERA, DAL TG DI ANTENNA 3, ogni sera alle 19 le anticipazioni alla radio, quello che poi seguirete nel TELEGIORNALE BELLUNESE\u00a0 in onda alle 19.30 sul CANALE 10 del digitale terrestre.\u00a0\u00a0<\/strong><\/p>\n<p>&nbsp;<\/p>\n<p><span style=\"color: #ff0000;\"><strong>\u00a0IERI SERA ALLA RADIO&#8230; LE ANTICIPAZIONI DI TIZIANA BOLOGNANI<\/strong><\/span><\/p>\n<p>&nbsp;<\/p>\n<p>&nbsp;<\/p>\n<hr \/>\n<p>&nbsp;<\/p>\n<blockquote>\n<h3>ACQUA INQUINATA\u00a0 A ROCCA PIETORE<\/h3>\n<\/blockquote>\n<p><strong><img loading=\"lazy\" decoding=\"async\" class=\"alignleft\" src=\"https:\/\/www.radiopiu.net\/wordpress\/wp-content\/uploads\/2024\/05\/cantiere-municipio-Livinallongo-scaled.jpg\" width=\"231\" height=\"104\" \/><\/strong><b>ROCCA PIETORE <\/b>in localit\u00e0 MOE&#8217; DI LASTE l&#8217;acqua erogata dall&#8217;acquedotto non \u00e8 potabile e pu\u00f2 essere usata per scopi alimentari SOLO PREVIA bollitura.<\/p>\n<p><strong>CENCENIGHE<\/strong> in localit\u00e0 COLLAZ E PRADIMEZZO l&#8217;acqua erogata \u00e8 di nuovo potabile e pu\u00f2 essere usata, quindi, per scopi alimentari.<\/p>\n<p>&nbsp;<\/p>\n<blockquote>\n<h3>LAVORI PROGRAMMATI BIM GSP<\/h3>\n<\/blockquote>\n<p><strong>AGORDO<\/strong> Gestione Servizi Pubblici informa che, per lavori alla rete idrica comunale, OGGI\u00a0 dalle 8 alle 12, potrebbe mancare l&#8217;acqua ad AGORDO nelle LOCALITA&#8217; CROSTOLIN e VERAN<\/p>\n<p>&nbsp;<\/p>\n<blockquote>\n<h1><strong>i lavori sulla rete ferroviaria<\/strong><\/h1>\n<\/blockquote>\n<p><strong>BELLUNO\u00a0<\/strong> La circolazione dei treni sar\u00e0 sospesa da domenica 9 giugno al 14 dicembre 2024 sulla linea Feltre-Belluno, mentre dal 9 giugno al 7 settembre la sospensione riguarder\u00e0 le stazioni di Treviso e Montebelluna.<\/p>\n<p>&nbsp;<\/p>\n<p>&nbsp;<\/p>\n<hr \/>\n<p>&nbsp;<\/p>\n<blockquote>\n<h3>VIABILITA&#8217; A CAVIOLA, CHIUSURA PROROGATA FINO AL 28 GIUGNO<\/h3>\n<\/blockquote>\n<p><strong>FALCADE<\/strong> Si allungano i tempi dei lavori a Caviola di Falcade. La chiusura della strada che va da Via Trento al centro abitato di Caviola \u00e8 stata prorogata fino al 28 giugno<\/p>\n<p>&nbsp;<\/p>\n<p>&nbsp;<\/p>\n<hr \/>\n<p>&nbsp;<\/p>\n<blockquote>\n<h3>I CARABINIERI DI BELLUNO ARRESTANO UN UOMO ARMATO DI PISTOLA<\/h3>\n<\/blockquote>\n<p><strong><a class=\"dt-pswp-item\" href=\"https:\/\/www.radiopiu.net\/wordpress\/wp-content\/uploads\/2021\/10\/police-3394767__480.jpg\" data-dt-img-description=\"\" data-large_image_width=\"719\" data-large_image_height=\"480\"><img loading=\"lazy\" decoding=\"async\" class=\" wp-image-239926 alignleft\" src=\"https:\/\/www.radiopiu.net\/wordpress\/wp-content\/uploads\/2021\/10\/police-3394767__480-300x200.jpg\" alt=\"\" width=\"174\" height=\"116\" srcset=\"https:\/\/www.radiopiu.net\/wordpress\/wp-content\/uploads\/2021\/10\/police-3394767__480-300x200.jpg 300w, https:\/\/www.radiopiu.net\/wordpress\/wp-content\/uploads\/2021\/10\/police-3394767__480.jpg 719w\" sizes=\"auto, (max-width: 174px) 100vw, 174px\" \/><\/a>BELLUNO<\/strong> Un uomo originario della provincia di Treviso \u00e8 stato arrestato dai Carabinieri di Belluno per porto illegale di armi. L&#8217;arresto \u00e8 avvenuto dopo una segnalazione che ha portato a una vasta operazione di ricerca nel capoluogo. Una volta individuato, l&#8217;area \u00e8 stata messa in sicurezza per evitare rischi. L&#8217;uomo \u00e8 stato trovato in possesso di un&#8217;arma e munizioni, recentemente acquistate per uso sportivo, ma non autorizzate per il trasporto fuori dal luogo di detenzione. Condotto al Comando Provinciale, \u00e8 stato arrestato e l&#8217;arma sequestrata. Attualmente si trova nel carcere di Belluno in attesa di interrogatorio, mentre proseguono le indagini coordinate dall&#8217;Autorit\u00e0 Giudiziaria. Il Colonnello Pigozzo ha lodato l&#8217;operato dei Carabinieri.<\/p>\n<p>&nbsp;<\/p>\n<p>&nbsp;<\/p>\n<hr \/>\n<p>&nbsp;<\/p>\n<blockquote>\n<h3>INCIDENTE ALLA SPORTFUL DOLOMITI RACE. UN&#8217;AUTO CENTRA QUATTRO CICLISTI<\/h3>\n<\/blockquote>\n<p><a class=\"dt-pswp-item\" href=\"https:\/\/www.radiopiu.net\/wordpress\/wp-content\/uploads\/2024\/06\/f34f0c0e-30be-4262-a195-291f89582f3d.jpg\" data-dt-img-description=\"\" data-large_image_width=\"800\" data-large_image_height=\"450\"><img loading=\"lazy\" decoding=\"async\" class=\"size-medium wp-image-395013 alignleft\" src=\"https:\/\/www.radiopiu.net\/wordpress\/wp-content\/uploads\/2024\/06\/f34f0c0e-30be-4262-a195-291f89582f3d-300x169.jpg\" alt=\"\" width=\"300\" height=\"169\" srcset=\"https:\/\/www.radiopiu.net\/wordpress\/wp-content\/uploads\/2024\/06\/f34f0c0e-30be-4262-a195-291f89582f3d-300x169.jpg 300w, https:\/\/www.radiopiu.net\/wordpress\/wp-content\/uploads\/2024\/06\/f34f0c0e-30be-4262-a195-291f89582f3d-768x432.jpg 768w, https:\/\/www.radiopiu.net\/wordpress\/wp-content\/uploads\/2024\/06\/f34f0c0e-30be-4262-a195-291f89582f3d.jpg 800w\" sizes=\"auto, (max-width: 300px) 100vw, 300px\" \/><\/a><strong>RIVAMONTE<\/strong> Non \u00e8 iniziata nel migliore dei modi la giornata ciclistica dedicata Sportful Dolomiti Race. Ieri mattina, verso le 8:30, un incidente ha coinvolto quattro corridori della gara. E&#8217; successo dopo Forcella Franche in territorio di Rivamonte Agordino. Un&#8217;auto non si \u00e8 fermata all&#8217;alt dei volontari e con la strada chiusa si \u00e8 immessa in careggiata proprio nel momento in cui la gara era nel vivo. L&#8217;auto, guidata da una donna, ha centrato in pieno quattro concorrenti che sono finiti a terra. Da li si \u00e8 attivata la macchina dei soccorsi con le ambulanze che hanno portato i ciclisti infortunati all&#8217;ospedale Papa Luciani di Agordo e San Martino di Belluno con diverse fratture. Si tratta di 3 uomini, un 46enne di Lucca, un 34enne di Rovereto e un 49enne irlandese (curati ad Agordo) e di una donna 46enne di Bologna (elitrasportata a Belluno).Rabbia degli organizzatori della gara per la signora che non ha rispettato il codice della strada in quel momento. Ora le indagini sono al vaglio delle forze dell&#8217;ordine.<\/p>\n<p><strong>IVAN PIOL, ORGANIZZATORE DELLA CORSA<\/strong><\/p>\n<audio class=\"wp-audio-shortcode\" id=\"audio-394930-5\" preload=\"none\" style=\"width: 100%;\" controls=\"controls\"><source type=\"audio\/mpeg\" src=\"https:\/\/www.radiopiu.net\/wordpress\/wp-content\/uploads\/2024\/06\/IVAN-PIOL-INCIDENTE-GRANFONDO.mp3?_=5\" \/><a href=\"https:\/\/www.radiopiu.net\/wordpress\/wp-content\/uploads\/2024\/06\/IVAN-PIOL-INCIDENTE-GRANFONDO.mp3\">https:\/\/www.radiopiu.net\/wordpress\/wp-content\/uploads\/2024\/06\/IVAN-PIOL-INCIDENTE-GRANFONDO.mp3<\/a><\/audio>\n<p>&nbsp;<\/p>\n<hr \/>\n<p>&nbsp;<\/p>\n<blockquote>\n<h3>DOPPIO INTERVENTO DEL SUEM SABATO IN MATTINATA<\/h3>\n<\/blockquote>\n<p><strong><a class=\"dt-pswp-item\" href=\"https:\/\/www.radiopiu.net\/wordpress\/wp-content\/uploads\/2023\/08\/suem.png\" data-dt-img-description=\"\" data-large_image_width=\"273\" data-large_image_height=\"127\"><img loading=\"lazy\" decoding=\"async\" class=\" wp-image-348238 alignleft\" src=\"https:\/\/www.radiopiu.net\/wordpress\/wp-content\/uploads\/2023\/08\/suem.png\" alt=\"\" width=\"178\" height=\"83\" \/><\/a>REDAZIONE<\/strong> Erano le 10:33 quando alla centrale opertiva del Suem 118 \u00e8 arrivata la prima chiamata di soccorso di sabato. L&#8217;ambulanza della Croce Rossa \u00e8 stata inviata a Belluno per soccorrere una donna di 74 anni che si era ferita in seguito ad un incidente in auto. La paziente \u00e8 stata portata al pronto soccorso per le cure del caso. Alle 11:20 il secondo intervento: questa volta si \u00e8 alzato in volo l&#8217;elicottero Falco che si \u00e8 diretto sul sentiero che porta al Monte Dolada dove un 29enne di Belluno si era fatto male. L&#8217;uomo \u00e8 stato portato al nosocomio di Belluno con ferite di media gravit\u00e0.<\/p>\n<p>&nbsp;<\/p>\n<p>&nbsp;<\/p>\n<hr \/>\n<p>&nbsp;<\/p>\n<blockquote>\n<h3 class=\"entry-title\">DUE INCIDENTI MOTOCICLISTICI NEL POMERIGGIO<\/h3>\n<\/blockquote>\n<p><strong class=\"photoswipe-wrapper\"><a class=\"dt-pswp-item pspw-wrap-ready\" href=\"https:\/\/www.radiopiu.net\/wordpress\/wp-content\/uploads\/2024\/06\/81a41e21-9a4d-4de6-b595-bd41f731b76f.jpg\" data-dt-img-description=\"\" data-large_image_width=\"1280\" data-large_image_height=\"960\"><img loading=\"lazy\" decoding=\"async\" class=\" wp-image-395019 alignleft\" src=\"https:\/\/www.radiopiu.net\/wordpress\/wp-content\/uploads\/2024\/06\/81a41e21-9a4d-4de6-b595-bd41f731b76f-300x225.jpg\" sizes=\"auto, (max-width: 156px) 100vw, 156px\" srcset=\"https:\/\/www.radiopiu.net\/wordpress\/wp-content\/uploads\/2024\/06\/81a41e21-9a4d-4de6-b595-bd41f731b76f-300x225.jpg 300w, https:\/\/www.radiopiu.net\/wordpress\/wp-content\/uploads\/2024\/06\/81a41e21-9a4d-4de6-b595-bd41f731b76f-1024x768.jpg 1024w, https:\/\/www.radiopiu.net\/wordpress\/wp-content\/uploads\/2024\/06\/81a41e21-9a4d-4de6-b595-bd41f731b76f-768x576.jpg 768w, https:\/\/www.radiopiu.net\/wordpress\/wp-content\/uploads\/2024\/06\/81a41e21-9a4d-4de6-b595-bd41f731b76f.jpg 1280w\" alt=\"\" width=\"156\" height=\"117\" \/><\/a>REDAZIONE<\/strong>\u00a0La centrale del Suem 118 \u00e8 stata allertata nel pomeriggio per due incidenti motociclistici. Il primo sul Passo Giau dove una donna di 27 di origini tedesche \u00e8 stata soccorsa dall\u2019ambulanza e dall\u2019elicottero dell\u2019Aiut Alpin Dolomites ed \u00e8 stata trasferita all\u2019ospedale di Belluno con ferite di media gravit\u00e0. Poco prima delle 15:30 il secondo incidente motociclistico a Longarone sulla strada che porta sul Vajont. In questo caso sono 3 i feriti. Due le ambulanze che sono arrivate sul posto oltre all\u2019elicottero Falco. I feriti sono stati portati al San Martino di Belluno tranne uno che \u00e8 stato elitrasportato a Treviso.<\/p>\n<p>&nbsp;<\/p>\n<p>&nbsp;<\/p>\n<hr \/>\n<p>&nbsp;<\/p>\n<blockquote>\n<h3>TRE FERITI NELLO SCONTRO TRA MOTO A CASTELLAVAZZO<\/h3>\n<\/blockquote>\n<p><strong>CASTELLAVAZZO <\/strong>Ieri pomeriggio, intorno alle 15, sulla Sp 251, poco prima delle gallerie che conducono alla diga del Vajont, si \u00e8 verificato un violento schianto frontale fra due moto. I due motociclisti coinvolti, un 31enne e un 24enne, sono ora ricoverati rispettivamente negli ospedali di Treviso e Belluno. L&#8217;incidente \u00e8 avvenuto al terzo tornante in salita, fuori dall&#8217;abitato di Codissago. L&#8217;allarme \u00e8 stato dato alle 15.20 e i soccorsi sono stati immediati. I vigili del fuoco di Belluno hanno messo in sicurezza i mezzi e assistito i sanitari. Il 31enne, in condizioni critiche, \u00e8 stato trasportato con l&#8217;elicottero del Suem a Treviso e risulta in pericolo di vita. Il 24enne di Chions ha riportato gravi ferite ed \u00e8 stato portato a Belluno. Una terza vittima, una donna di 39 anni di Massa Carrara, ha riportato ferite di media gravit\u00e0 ed \u00e8 stata trasportata al San Martino. La strada \u00e8 rimasta chiusa per circa un&#8217;ora per permettere i soccorsi e i rilievi dei carabinieri. L&#8217;incidente \u00e8 avvenuto in una giornata in cui molti motociclisti erano sulle strade della provincia, attratti dal clima estivo. Numerosi motociclisti hanno aggirato il divieto sulla statale di Alemagna, chiusa da una settimana a causa di una frana, aumentando il rischio di incidenti nella zona.<\/p>\n<div class=\"mt-1 flex gap-3 empty:hidden juice:-ml-3\">\n<div class=\"items-center justify-start rounded-xl p-1 flex\"><\/div>\n<\/div>\n\n\t\t\t<style type='text\/css'>\n\t\t\t\t#gallery-2 {\n\t\t\t\t\tmargin: auto;\n\t\t\t\t}\n\t\t\t\t#gallery-2 .gallery-item {\n\t\t\t\t\tfloat: left;\n\t\t\t\t\tmargin-top: 10px;\n\t\t\t\t\ttext-align: center;\n\t\t\t\t\twidth: 50%;\n\t\t\t\t}\n\t\t\t\t#gallery-2 img {\n\t\t\t\t\tborder: 2px solid #cfcfcf;\n\t\t\t\t}\n\t\t\t\t#gallery-2 .gallery-caption {\n\t\t\t\t\tmargin-left: 0;\n\t\t\t\t}\n\t\t\t\t\/* see gallery_shortcode() in wp-includes\/media.php *\/\n\t\t\t<\/style>\n\t\t<div id='gallery-2' class='dt-gallery-container gallery galleryid-394930 gallery-columns-2 gallery-size-medium'><dl class='gallery-item'>\n\t\t\t\t<dt class='gallery-icon landscape'>\n\t\t\t\t\t<a class=\"rollover rollover-zoom dt-pswp-item\" title=\"09bc97f3-46e5-4499-9467-509ec41fd200\" data-dt-img-description=\"\" data-large_image_width=\"1296\" data-large_image_height=\"827\"href='https:\/\/www.radiopiu.net\/wordpress\/wp-content\/uploads\/2024\/06\/09bc97f3-46e5-4499-9467-509ec41fd200.jpg'><img loading=\"lazy\" decoding=\"async\" width=\"300\" height=\"191\" src=\"https:\/\/www.radiopiu.net\/wordpress\/wp-content\/uploads\/2024\/06\/09bc97f3-46e5-4499-9467-509ec41fd200-300x191.jpg\" class=\"attachment-medium size-medium\" alt=\"\" srcset=\"https:\/\/www.radiopiu.net\/wordpress\/wp-content\/uploads\/2024\/06\/09bc97f3-46e5-4499-9467-509ec41fd200-300x191.jpg 300w, https:\/\/www.radiopiu.net\/wordpress\/wp-content\/uploads\/2024\/06\/09bc97f3-46e5-4499-9467-509ec41fd200-1024x653.jpg 1024w, https:\/\/www.radiopiu.net\/wordpress\/wp-content\/uploads\/2024\/06\/09bc97f3-46e5-4499-9467-509ec41fd200-768x490.jpg 768w, https:\/\/www.radiopiu.net\/wordpress\/wp-content\/uploads\/2024\/06\/09bc97f3-46e5-4499-9467-509ec41fd200.jpg 1296w\" sizes=\"auto, (max-width: 300px) 100vw, 300px\" \/><\/a>\n\t\t\t\t<\/dt><\/dl><dl class='gallery-item'>\n\t\t\t\t<dt class='gallery-icon landscape'>\n\t\t\t\t\t<a class=\"rollover rollover-zoom dt-pswp-item\" title=\"dbdbfbb8-c6a6-4aad-87e3-a1cabeffbb93\" data-dt-img-description=\"\" data-large_image_width=\"1280\" data-large_image_height=\"960\"href='https:\/\/www.radiopiu.net\/wordpress\/wp-content\/uploads\/2024\/06\/dbdbfbb8-c6a6-4aad-87e3-a1cabeffbb93.jpg'><img loading=\"lazy\" decoding=\"async\" width=\"300\" height=\"225\" src=\"https:\/\/www.radiopiu.net\/wordpress\/wp-content\/uploads\/2024\/06\/dbdbfbb8-c6a6-4aad-87e3-a1cabeffbb93-300x225.jpg\" class=\"attachment-medium size-medium\" alt=\"\" srcset=\"https:\/\/www.radiopiu.net\/wordpress\/wp-content\/uploads\/2024\/06\/dbdbfbb8-c6a6-4aad-87e3-a1cabeffbb93-300x225.jpg 300w, https:\/\/www.radiopiu.net\/wordpress\/wp-content\/uploads\/2024\/06\/dbdbfbb8-c6a6-4aad-87e3-a1cabeffbb93-1024x768.jpg 1024w, https:\/\/www.radiopiu.net\/wordpress\/wp-content\/uploads\/2024\/06\/dbdbfbb8-c6a6-4aad-87e3-a1cabeffbb93-768x576.jpg 768w, https:\/\/www.radiopiu.net\/wordpress\/wp-content\/uploads\/2024\/06\/dbdbfbb8-c6a6-4aad-87e3-a1cabeffbb93.jpg 1280w\" sizes=\"auto, (max-width: 300px) 100vw, 300px\" \/><\/a>\n\t\t\t\t<\/dt><\/dl><br style=\"clear: both\" \/>\n\t\t\t<\/div>\n\n<p>&nbsp;<\/p>\n<hr \/>\n<p>&nbsp;<\/p>\n<p>&nbsp;<\/p>\n<div class=\"flex flex-grow flex-col max-w-full\">\n<div class=\"min-h-[20px] text-message flex flex-col items-start whitespace-pre-wrap break-words [.text-message+&amp;]:mt-5 juice:w-full juice:items-end overflow-x-auto gap-2\" dir=\"auto\" data-message-author-role=\"assistant\" data-message-id=\"c7d485df-0a14-4d8c-8e79-e4b93de2969f\">\n<div class=\"flex w-full flex-col gap-1 juice:empty:hidden juice:first:pt-[3px]\">\n<div class=\"markdown prose w-full break-words dark:prose-invert dark\">\n<blockquote>\n<h2><a class=\"dt-pswp-item\" href=\"https:\/\/www.radiopiu.net\/wordpress\/wp-content\/uploads\/2024\/06\/Senza-nome-37.png\" data-dt-img-description=\"\" data-large_image_width=\"297\" data-large_image_height=\"270\"><img loading=\"lazy\" decoding=\"async\" class=\"wp-image-395057 alignleft\" src=\"https:\/\/www.radiopiu.net\/wordpress\/wp-content\/uploads\/2024\/06\/Senza-nome-37.png\" alt=\"\" width=\"113\" height=\"103\" \/><\/a>Addio ad Alfredo Iannelli, ex sindaco di Fonzaso e promotore di iniziative sociali e industriali<\/h2>\n<\/blockquote>\n<\/div>\n<\/div>\n<\/div>\n<\/div>\n<p><strong>FONZASO <\/strong>Alfredo Iannelli, ex sindaco di Fonzaso e dirigente provinciale nel settore turistico, guid\u00f2 il comune dal 1995 al 2004 e nel 2014 torn\u00f2 come consigliere di minoranza. Promosse iniziative sociali e industriali, avviando la sezione Cismon bellunese dell&#8217;universit\u00e0 per adulti e anziani. I suoi progetti furono portati avanti dal vicesindaco Gianluigi Furlin. I funerali si terranno domani alle 16:30 nella chiesa di Fonzaso. La famiglia ha richiesto donazioni per le cure palliative di Feltre.<button class=\"rounded-lg text-token-text-secondary hover:bg-token-main-surface-secondary\"><\/button><\/p>\n<p>&nbsp;<\/p>\n<p>&nbsp;<\/p>\n<hr \/>\n<p>&nbsp;<\/p>\n<p>&nbsp;<\/p>\n<div class=\"flex flex-grow flex-col max-w-full\">\n<div class=\"min-h-[20px] text-message flex flex-col items-start whitespace-pre-wrap break-words [.text-message+&amp;]:mt-5 juice:w-full juice:items-end overflow-x-auto gap-2\" dir=\"auto\" data-message-author-role=\"assistant\" data-message-id=\"b1f1c32d-c552-4b88-a23c-6ed51ab09314\">\n<div class=\"flex w-full flex-col gap-1 juice:empty:hidden juice:first:pt-[3px]\">\n<div class=\"markdown prose w-full break-words dark:prose-invert dark\">\n<p><strong>Famiglia Tollardo di Costa di Lamon distrutta in incendio a Milano: muoiono padre, madre e figlio. Tragedia scuote anche Lamon.<\/strong><\/p>\n<\/div>\n<\/div>\n<\/div>\n<\/div>\n<div class=\"mt-1 flex gap-3 empty:hidden juice:-ml-3\">\n<div class=\"items-center justify-start rounded-xl p-1 flex\">\n<div class=\"flex items-center\">La famiglia Tollardo, originaria di Costa di Lamon, \u00e8 stata distrutta da un incendio venerd\u00ec a Milano. Silvano Tollardo, 67 anni, sua moglie Carolina De Luca, 63, e il figlio Antonio, 34, sono morti per ustioni e fumo inalato. Antonio cerc\u00f2 invano di salvare i genitori. La tragedia ha scosso anche Lamon, dove la famiglia ha radici profonde e un cugino ancora residente.<\/div>\n<\/div>\n<\/div>\n<p>&nbsp;<\/p>\n<p>&nbsp;<\/p>\n<hr \/>\n<p>&nbsp;<\/p>\n<blockquote>\n<h3>RECUPERATI ALPINISTI SULLA CRODA BIANCA<\/h3>\n<\/blockquote>\n<p><strong>PIEVE DI CADORE<\/strong> Poco prima delle 17 di ieri due alpinisti di Pieve di Cadore (BL) hanno contattato la Centrale del 118, poich\u00e9 nel rientrare dallo Spigolo Fanton avevano perso la traccia della normale non distante dalla Cresta degli invalidi. I due, di 34 e 28 anni, illesi, ma disorientati, sono stati messi in contatto telefonico con il Soccorso alpino di Pieve di Cadore. Risaliti alle coordinate del punto in cui si trovavano, un soccorritore l\u00ec ha indirizzati sulla via corretta e poi a scendere di quota sotto le nubi, dove l&#8217;elicottero del Suem di Pieve di Cadore, con a bordo due volontari, ha effettuato alcuni tentativi di avvicinarsi, ostacolato dalle nuvole basse, finch\u00e9 non \u00e8 riuscito a imbarcarli e a trasportarli a valle.<\/p>\n<p>&nbsp;<\/p>\n<p>&nbsp;<\/p>\n<hr \/>\n<p>&nbsp;<\/p>\n<blockquote>\n<h3 class=\"entry-title\">ESCUSIONISTA RUZZOLA IN UN CANALE<\/h3>\n<\/blockquote>\n<p><strong>ALPAGO\u00a0<\/strong>Attorno\u00a0<span dir=\"ltr\">alle 11 di sabato<\/span>\u00a0la Centrale del 118 ha allertato il Soccorso alpino dell\u2019Alpago per un escursionista ruzzolato per oltre 100 metri in un canale, mentre con due amici scendeva dal monte Dolada verso il Col Brustol\u00e0. Appena la nebbia lo ha permesso, l\u2019elicottero del Suem di Pieve di Cadore ha sbarcato con un verricello il tecnico di elisoccorso e il medico, che hanno prestato le prime cure al 29enne di Belluno, raggiunto da uno dei due amici. L\u2019infortunato, che aveva riportato un probabile trauma a una gamba, \u00e8 stato recuperato assieme al medico e trasportato all\u2019ospedale di Belluno. Il compagno \u00e8 rientrato al Rifugio Dolada con il tecnico di elisoccorso. Una squadra di soccorritori \u00e8 andata incontro al terzo amico rimasto sulla Forcella.<\/p>\n<p>&nbsp;<\/p>\n<p>&nbsp;<\/p>\n<hr \/>\n<p>&nbsp;<\/p>\n<blockquote>\n<h3>BLOCCATI DALLA NEVE CHIAMANO IL SOCCORSO ALPINO<\/h3>\n<\/blockquote>\n<p><strong>CORTINA<\/strong> Sabato alle 14.30 la Centrale del 118 \u00e8 stata contatta da due escursionisti inglesi di 64 e 66 anni che, completata la Ferrata del Col dei Bos, avevano trovato neve e temendo di mettersi in pericolo avevano chiesto aiuto. Una squadra del Soccorso alpino di Cortina e della Guardia di finanza \u00e8 quindi intervenuta dividendosi in due, una parte ha risalito la Ferrata, mentre altri soccorritori sono partiti da sotto. Una volta raggiunti, i due escursionisti sono stati riaccompagnati alla macchina.<\/p>\n<p>&nbsp;<\/p>\n<p>&nbsp;<\/p>\n<hr \/>\n<p>&nbsp;<\/p>\n<blockquote>\n<h3>IL POLO SCOLASTICO FOLLADOR-DE ROSSI FESTEGGIA I PROSSIMI PENSIONATI<\/h3>\n<\/blockquote>\n<p><strong><a class=\"dt-pswp-item\" href=\"https:\/\/www.radiopiu.net\/wordpress\/wp-content\/uploads\/2024\/06\/61ff977f-9013-4cc9-bcca-cee456fe521d.jpg\" data-dt-img-description=\"\" data-large_image_width=\"1080\" data-large_image_height=\"1080\"><img loading=\"lazy\" decoding=\"async\" class=\" wp-image-394961 alignleft\" src=\"https:\/\/www.radiopiu.net\/wordpress\/wp-content\/uploads\/2024\/06\/61ff977f-9013-4cc9-bcca-cee456fe521d-300x300.jpg\" alt=\"\" width=\"101\" height=\"101\" srcset=\"https:\/\/www.radiopiu.net\/wordpress\/wp-content\/uploads\/2024\/06\/61ff977f-9013-4cc9-bcca-cee456fe521d-300x300.jpg 300w, https:\/\/www.radiopiu.net\/wordpress\/wp-content\/uploads\/2024\/06\/61ff977f-9013-4cc9-bcca-cee456fe521d-1024x1024.jpg 1024w, https:\/\/www.radiopiu.net\/wordpress\/wp-content\/uploads\/2024\/06\/61ff977f-9013-4cc9-bcca-cee456fe521d-150x150.jpg 150w, https:\/\/www.radiopiu.net\/wordpress\/wp-content\/uploads\/2024\/06\/61ff977f-9013-4cc9-bcca-cee456fe521d-768x768.jpg 768w, https:\/\/www.radiopiu.net\/wordpress\/wp-content\/uploads\/2024\/06\/61ff977f-9013-4cc9-bcca-cee456fe521d.jpg 1080w\" sizes=\"auto, (max-width: 101px) 100vw, 101px\" \/><\/a>AGORDO<\/strong> In conclusione dell&#8217;ultimo Collegio docenti, il Polo Scolastico Follador-De Rossi ha riconosciuto il lavoro svolto dal personale che andr\u00e0 in pensione dal 1 settembre. I pensionati sono: i docenti Fiorella Candiani, Antonella Costa e Danilo Giordano, i tre collaboratori scolastici Stefania Piccolin, Gino De Bernardo e Francesco Costa, due educatori del Convitto Emilio De Pellegrini e Lucia Pontarini e Laura Comina del personale amministrativo. La dirigenza e i colleghi hanno espresso un particolare ringraziamento per la qualit\u00e0 del loro lavoro, che ha significativamente contribuito al prestigio della scuola.<\/p>\n<p>&nbsp;<\/p>\n<p>&nbsp;<\/p>\n<hr \/>\n<p>&nbsp;<\/p>\n<blockquote>\n<h3>LA SCUDERIA SERENISSIMA DI VENEZIA IN VISITA A SELVA DI CADORE<\/h3>\n<\/blockquote>\n<p><strong>SELVA DI CADORE<\/strong> Nella giornata di sabato la Scuderia Serenissima di Venezia \u00e8 stata accolta a Selva di Cadore con una visita guidata al Museo dei Vigili del Fuoco a Santa Fosca, arricchita dalla presenza del responsabile Renzo Nicolai e dei vigili volontari Stefano e Michele. La giornata si \u00e8 conclusa con un delizioso pranzo al Rifugio Fedare, che ha accolto gli ospiti con professionalit\u00e0, ottimo cibo e sorrisi. (foto: Instagram Silvia Cestaro)<\/p>\n\n\t\t\t<style type='text\/css'>\n\t\t\t\t#gallery-3 {\n\t\t\t\t\tmargin: auto;\n\t\t\t\t}\n\t\t\t\t#gallery-3 .gallery-item {\n\t\t\t\t\tfloat: left;\n\t\t\t\t\tmargin-top: 10px;\n\t\t\t\t\ttext-align: center;\n\t\t\t\t\twidth: 20%;\n\t\t\t\t}\n\t\t\t\t#gallery-3 img {\n\t\t\t\t\tborder: 2px solid #cfcfcf;\n\t\t\t\t}\n\t\t\t\t#gallery-3 .gallery-caption {\n\t\t\t\t\tmargin-left: 0;\n\t\t\t\t}\n\t\t\t\t\/* see gallery_shortcode() in wp-includes\/media.php *\/\n\t\t\t<\/style>\n\t\t<div id='gallery-3' class='dt-gallery-container gallery galleryid-394930 gallery-columns-5 gallery-size-medium'><dl class='gallery-item'>\n\t\t\t\t<dt class='gallery-icon landscape'>\n\t\t\t\t\t<a class=\"rollover rollover-zoom dt-pswp-item\" title=\"d671b744-e8c2-41b3-955e-72a82b32b39f\" data-dt-img-description=\"\" data-large_image_width=\"1125\" data-large_image_height=\"823\"href='https:\/\/www.radiopiu.net\/wordpress\/wp-content\/uploads\/2024\/06\/d671b744-e8c2-41b3-955e-72a82b32b39f.jpg'><img loading=\"lazy\" decoding=\"async\" width=\"300\" height=\"219\" src=\"https:\/\/www.radiopiu.net\/wordpress\/wp-content\/uploads\/2024\/06\/d671b744-e8c2-41b3-955e-72a82b32b39f-300x219.jpg\" class=\"attachment-medium size-medium\" alt=\"\" srcset=\"https:\/\/www.radiopiu.net\/wordpress\/wp-content\/uploads\/2024\/06\/d671b744-e8c2-41b3-955e-72a82b32b39f-300x219.jpg 300w, https:\/\/www.radiopiu.net\/wordpress\/wp-content\/uploads\/2024\/06\/d671b744-e8c2-41b3-955e-72a82b32b39f-1024x749.jpg 1024w, https:\/\/www.radiopiu.net\/wordpress\/wp-content\/uploads\/2024\/06\/d671b744-e8c2-41b3-955e-72a82b32b39f-768x562.jpg 768w, https:\/\/www.radiopiu.net\/wordpress\/wp-content\/uploads\/2024\/06\/d671b744-e8c2-41b3-955e-72a82b32b39f.jpg 1125w\" sizes=\"auto, (max-width: 300px) 100vw, 300px\" \/><\/a>\n\t\t\t\t<\/dt><\/dl><dl class='gallery-item'>\n\t\t\t\t<dt class='gallery-icon landscape'>\n\t\t\t\t\t<a class=\"rollover rollover-zoom dt-pswp-item\" title=\"5eb002dd-941b-4fa4-9e30-0672e9d9d5b5\" data-dt-img-description=\"\" data-large_image_width=\"1125\" data-large_image_height=\"779\"href='https:\/\/www.radiopiu.net\/wordpress\/wp-content\/uploads\/2024\/06\/5eb002dd-941b-4fa4-9e30-0672e9d9d5b5.jpg'><img loading=\"lazy\" decoding=\"async\" width=\"300\" height=\"208\" src=\"https:\/\/www.radiopiu.net\/wordpress\/wp-content\/uploads\/2024\/06\/5eb002dd-941b-4fa4-9e30-0672e9d9d5b5-300x208.jpg\" class=\"attachment-medium size-medium\" alt=\"\" srcset=\"https:\/\/www.radiopiu.net\/wordpress\/wp-content\/uploads\/2024\/06\/5eb002dd-941b-4fa4-9e30-0672e9d9d5b5-300x208.jpg 300w, https:\/\/www.radiopiu.net\/wordpress\/wp-content\/uploads\/2024\/06\/5eb002dd-941b-4fa4-9e30-0672e9d9d5b5-1024x709.jpg 1024w, https:\/\/www.radiopiu.net\/wordpress\/wp-content\/uploads\/2024\/06\/5eb002dd-941b-4fa4-9e30-0672e9d9d5b5-768x532.jpg 768w, https:\/\/www.radiopiu.net\/wordpress\/wp-content\/uploads\/2024\/06\/5eb002dd-941b-4fa4-9e30-0672e9d9d5b5.jpg 1125w\" sizes=\"auto, (max-width: 300px) 100vw, 300px\" \/><\/a>\n\t\t\t\t<\/dt><\/dl><dl class='gallery-item'>\n\t\t\t\t<dt class='gallery-icon landscape'>\n\t\t\t\t\t<a class=\"rollover rollover-zoom dt-pswp-item\" title=\"3604a1e9-faf2-4893-967f-fc1d04630ef9\" data-dt-img-description=\"\" data-large_image_width=\"1125\" data-large_image_height=\"831\"href='https:\/\/www.radiopiu.net\/wordpress\/wp-content\/uploads\/2024\/06\/3604a1e9-faf2-4893-967f-fc1d04630ef9.jpg'><img loading=\"lazy\" decoding=\"async\" width=\"300\" height=\"222\" src=\"https:\/\/www.radiopiu.net\/wordpress\/wp-content\/uploads\/2024\/06\/3604a1e9-faf2-4893-967f-fc1d04630ef9-300x222.jpg\" class=\"attachment-medium size-medium\" alt=\"\" srcset=\"https:\/\/www.radiopiu.net\/wordpress\/wp-content\/uploads\/2024\/06\/3604a1e9-faf2-4893-967f-fc1d04630ef9-300x222.jpg 300w, https:\/\/www.radiopiu.net\/wordpress\/wp-content\/uploads\/2024\/06\/3604a1e9-faf2-4893-967f-fc1d04630ef9-1024x756.jpg 1024w, https:\/\/www.radiopiu.net\/wordpress\/wp-content\/uploads\/2024\/06\/3604a1e9-faf2-4893-967f-fc1d04630ef9-768x567.jpg 768w, https:\/\/www.radiopiu.net\/wordpress\/wp-content\/uploads\/2024\/06\/3604a1e9-faf2-4893-967f-fc1d04630ef9.jpg 1125w\" sizes=\"auto, (max-width: 300px) 100vw, 300px\" \/><\/a>\n\t\t\t\t<\/dt><\/dl><dl class='gallery-item'>\n\t\t\t\t<dt class='gallery-icon landscape'>\n\t\t\t\t\t<a class=\"rollover rollover-zoom dt-pswp-item\" title=\"7d4d19dd-ad88-4df8-a990-0e481e75051a\" data-dt-img-description=\"\" data-large_image_width=\"1125\" data-large_image_height=\"801\"href='https:\/\/www.radiopiu.net\/wordpress\/wp-content\/uploads\/2024\/06\/7d4d19dd-ad88-4df8-a990-0e481e75051a.jpg'><img loading=\"lazy\" decoding=\"async\" width=\"300\" height=\"214\" src=\"https:\/\/www.radiopiu.net\/wordpress\/wp-content\/uploads\/2024\/06\/7d4d19dd-ad88-4df8-a990-0e481e75051a-300x214.jpg\" class=\"attachment-medium size-medium\" alt=\"\" srcset=\"https:\/\/www.radiopiu.net\/wordpress\/wp-content\/uploads\/2024\/06\/7d4d19dd-ad88-4df8-a990-0e481e75051a-300x214.jpg 300w, https:\/\/www.radiopiu.net\/wordpress\/wp-content\/uploads\/2024\/06\/7d4d19dd-ad88-4df8-a990-0e481e75051a-1024x729.jpg 1024w, https:\/\/www.radiopiu.net\/wordpress\/wp-content\/uploads\/2024\/06\/7d4d19dd-ad88-4df8-a990-0e481e75051a-768x547.jpg 768w, https:\/\/www.radiopiu.net\/wordpress\/wp-content\/uploads\/2024\/06\/7d4d19dd-ad88-4df8-a990-0e481e75051a.jpg 1125w\" sizes=\"auto, (max-width: 300px) 100vw, 300px\" \/><\/a>\n\t\t\t\t<\/dt><\/dl><dl class='gallery-item'>\n\t\t\t\t<dt class='gallery-icon landscape'>\n\t\t\t\t\t<a class=\"rollover rollover-zoom dt-pswp-item\" title=\"4e3865d1-1ad9-46bc-a356-ef7c79086205\" data-dt-img-description=\"\" data-large_image_width=\"1125\" data-large_image_height=\"826\"href='https:\/\/www.radiopiu.net\/wordpress\/wp-content\/uploads\/2024\/06\/4e3865d1-1ad9-46bc-a356-ef7c79086205.jpg'><img loading=\"lazy\" decoding=\"async\" width=\"300\" height=\"220\" src=\"https:\/\/www.radiopiu.net\/wordpress\/wp-content\/uploads\/2024\/06\/4e3865d1-1ad9-46bc-a356-ef7c79086205-300x220.jpg\" class=\"attachment-medium size-medium\" alt=\"\" srcset=\"https:\/\/www.radiopiu.net\/wordpress\/wp-content\/uploads\/2024\/06\/4e3865d1-1ad9-46bc-a356-ef7c79086205-300x220.jpg 300w, https:\/\/www.radiopiu.net\/wordpress\/wp-content\/uploads\/2024\/06\/4e3865d1-1ad9-46bc-a356-ef7c79086205-1024x752.jpg 1024w, https:\/\/www.radiopiu.net\/wordpress\/wp-content\/uploads\/2024\/06\/4e3865d1-1ad9-46bc-a356-ef7c79086205-768x564.jpg 768w, https:\/\/www.radiopiu.net\/wordpress\/wp-content\/uploads\/2024\/06\/4e3865d1-1ad9-46bc-a356-ef7c79086205.jpg 1125w\" sizes=\"auto, (max-width: 300px) 100vw, 300px\" \/><\/a>\n\t\t\t\t<\/dt><\/dl><br style=\"clear: both\" \/>\n\t\t\t<\/div>\n\n<p>&nbsp;<\/p>\n<hr \/>\n<p>&nbsp;<\/p>\n<blockquote>\n<h2>Vergogna in Piazza dei Martiri: Una Lettera di Tomaso Pettazzi<\/h2>\n<\/blockquote>\n<p><a class=\"dt-pswp-item\" href=\"https:\/\/www.radiopiu.net\/wordpress\/wp-content\/uploads\/2024\/06\/IMG_20240615_1135562-scaled.jpg\" data-dt-img-description=\"\" data-large_image_width=\"1920\" data-large_image_height=\"2560\"><img loading=\"lazy\" decoding=\"async\" class=\" wp-image-395045 alignleft\" src=\"https:\/\/www.radiopiu.net\/wordpress\/wp-content\/uploads\/2024\/06\/IMG_20240615_1135562-225x300.jpg\" alt=\"\" width=\"121\" height=\"162\" srcset=\"https:\/\/www.radiopiu.net\/wordpress\/wp-content\/uploads\/2024\/06\/IMG_20240615_1135562-225x300.jpg 225w, https:\/\/www.radiopiu.net\/wordpress\/wp-content\/uploads\/2024\/06\/IMG_20240615_1135562-768x1024.jpg 768w, https:\/\/www.radiopiu.net\/wordpress\/wp-content\/uploads\/2024\/06\/IMG_20240615_1135562-1152x1536.jpg 1152w, https:\/\/www.radiopiu.net\/wordpress\/wp-content\/uploads\/2024\/06\/IMG_20240615_1135562-1536x2048.jpg 1536w, https:\/\/www.radiopiu.net\/wordpress\/wp-content\/uploads\/2024\/06\/IMG_20240615_1135562-scaled.jpg 1920w\" sizes=\"auto, (max-width: 121px) 100vw, 121px\" \/><\/a> A distanza di sei mesi dalla mia precedente lettera ai media locali, vi propongo due foto della situazione attuale del plateatico dell\u2019ex Caff\u00e8 Manin. &#8220;Vergogna&#8221; titolavo la lettera e &#8220;vergogna&#8221; dico ancora. Belluno non si merita questa situazione, a maggior ragione ora che sta per cominciare la stagione turistica. Io chiedo al Comune, che allora s&#8217;era chiamato fuori (&#8220;\u00e8 un&#8217;area privata&#8221;, si limit\u00f2 a dire l\u2019assessore Gamba) e alla Fondazione Cassa di Risparmio (proprietaria dell&#8217;immobile e dell&#8217;attivit\u00e0, che manco rispose) che finalmente si pronuncino. Oltretutto c\u2019\u00e8 una situazione di effettivo pericolo per la salute pubblica. Piattaforma sconnessa, rotta e deformata. Ombrelloni con le stecche penzolanti ed appuntite, barre di metallo arrugginite. Non vorrei mai che succedesse qualcosa ad un passante, anche una semplice slogatura del piede. Il Comune potrebbe comportarsi come per le siepi private lungo la via pubblica, per le quali sempre ordina il taglio primaverile per motivi di sicurezza. Ma chiedo anche ai vari assessori e consiglieri comunali: \u201cNon passate mai per Piazza dei Martiri? Non vi ponete mai le domande che si pone un semplice cittadino? Dov\u2019\u00e8 l\u2019impegno che avete deciso di mettere al servizio della citt\u00e0?\u201d.<\/p>\n<p>Tomaso Pettazzi<\/p>\n<p>&nbsp;<\/p>\n<hr \/>\n<p>&nbsp;<\/p>\n<blockquote>\n<h3>IL FISCO HA 190 BANCHE DATI CHE CONTROLLANO 3,8 MILIONI DI CONTRIBUENTI VENETI<\/h3>\n<\/blockquote>\n<p>La nostra Amministrazione Finanziaria dispone di 190 banche dati collegate digitalmente tra loro. Sono archivi che raccolgono un numero incredibile di informazioni fiscali che se opportunamente incrociati tra loro potrebbero determinare con grande precisione la fedelt\u00e0 fiscale di ognuno dei 3,8 milioni di contribuenti veneti (vedi Tab. 1). Una questione, ovviamente, che riguarda tutti i contribuenti italiani.<\/p>\n<p>Ebbene, se l\u2019Amministrazione del fisco possiede un\u2019anagrafe tributaria cos\u00ec particolareggiata, non dovrebbe essere per nulla difficile individuare coloro che non pagano le tasse. Come mai, invece, la dimensione economica dell\u2019evasione fiscale in Italia rimane ancora molto elevata e ammonta a circa 84 miliardi di euro all\u2019anno di cui 6,5 miliardi sono \u201cimputabili\u201d ai veneti?<\/p>\n<p>Una domanda, quella posta dall\u2019Ufficio studi della CGIA, che, ovviamente, ha il sapore della provocazione, ma solo fino ad un certo punto. Se, infatti, il fisco dispone di 190 potenziali cartelle per ogni contribuente che messe assieme consentono di fotografare con precisione la capacit\u00e0 reddituale, i consumi e il livello di ricchezza di ciascuno di noi, non dovrebbe essere molto difficile stanare chi non paga.<\/p>\n<p>Insomma, nulla dovrebbe sfuggire alle maglie del nostro sistema tributario. A una condizione, che l\u2019operazione non avvenga al di fuori dei circuiti \u201clegali\u201d. Altrimenti, pare di capire, non c\u2019\u00e8 banca dati che tenga: l\u2019evasore ha ottime possibilit\u00e0 di rimanere impunito.<\/p>\n<p>Infatti, se ogni anno il popolo degli evasori sottrae al fisco italiano quasi 84 miliardi di euro e la nostra Amministrazione Finanziaria riesce a recuperarne solo una ventina, vuol dire che, verosimilmente, sappiamo tutto o quasi su chi \u00e8 conosciuto al fisco, mentre brancoliamo nel buio nei confronti di chi non lo \u00e8, con il risultato che l\u2019evasione rimane molto elevata, penalizzando oltre misura chi le tasse le paga fino all\u2019ultimo centesimo.<\/p>\n<p>Intendiamoci: queste banche dati non hanno come unico obiettivo quello di consentire all\u2019Amministrazione Finanziaria di contrastare con maggiore incisivit\u00e0 l\u2019infedelt\u00e0 fiscale. Sono strumenti che servono anche ad elaborare analisi economiche e statistiche molto complesse, stimando gli effetti delle politiche fiscali in corso in uno scenario caratterizzato da fenomeni sempre pi\u00f9 interconnessi. Tuttavia, se l\u2019evasione fiscale \u00e8 uno dei principali problemi del Paese, \u00e8 evidente che questi strumenti dovrebbero costituire il cassetto degli attrezzi indispensabile per costruire un fisco pi\u00f9 giusto e pi\u00f9 equo.<\/p>\n<p><strong>Miliardi di informazioni dettagliatissime<\/strong><br \/>\nIl livello di dettaglio delle informazioni digitali in possesso delle nostre Agenzie fiscali \u00e8 a dir poco \u201cspaventoso\u201d. Se, tra le altre, il Dipartimento delle Finanze dispone di anagrafiche su \u201cGestione flussi concessionari\u201d, \u201cVersamenti tramite PagoPa\u201d, \u201cBanca dati veicoli\u201d, \u201cOsservatorio partite Iva\u201d e \u201cRegistro e successioni\u201d, l\u2019Agenzia delle Dogane\/Monopoli possiede anche la \u201cBanca dati antifrode\u201d, \u201cContabilit\u00e0 e accise\u201d, \u201cControlli nel settore accise e dogane\u201d, \u201cDichiarazioni accise\u201d, \u201cOperazioni doganali all\u2019importazione e all\u2019esportazione\u201d, \u201cAnagrafe conti di gioco\u201d, \u201cGioco del Bingo\u201d e \u201cLotto e lotterie\u201d. L\u2019Agenzia del Demanio, invece, pu\u00f2 contare sulla \u201cGestione veicoli oggetto di sequestro\u201d, su \u201cFederalismo demaniale\/culturale\u201d e sul \u201cFlusso documentale per la gestione degli acquisti (Gare)\u201d. L\u2019Agenzia delle Entrate-Riscossione, invece, ha nel suo \u201ccarnet\u201d digitale anche il \u201cSET\u201d (Sistema Esenzione Tributi), \u201cEsatto\u201d (Svolgimento attivit\u00e0 riscossione), \u201cAntiriciclaggio\u201d, \u201cProcedure pignoramento\u201d, \u201cConduzione fallimento\u201d, \u201cAvvisi aste immobiliari\u201d e \u201cArchivio ruoli e cartelle\u201d. L\u2019Agenzia delle Entrate, infine, gestisce pure la banca dati su \u201cContributi a fondo perduto\u201d, \u201cAgevolazioni\u201d, \u201cDichiarazioni fiscali\u201d, \u201cRimborsi\u201d, \u201cImposta di registro\u201d, \u201cLiquidazioni Iva\u201d, \u201c5 x 1.000\u201d, \u201cPlanimetrie catasto urbano\u201d, \u201cOsservatorio mercato immobiliare\u201d, \u201cCatasto censuario terreni e fabbricati\u201d, \u201cCoordinate bancarie o postali\u201d e \u201cScambio internazionale informazioni fiscali\u201d.<\/p>\n<p><strong>L\u2019evasione \u00e8 di 83,6 miliardi, pari all\u201911%. Ma nel Mezzogiorno sale al 16,5%<\/strong><br \/>\nSecondo una stima del Ministero dell\u2019Economia e delle Finanze, l\u2019evasione tributaria e contributiva in Italia \u00e8 di 83,6 miliardi di euro (anno 2021 ultimo disponibile). Se in termini assoluti il mancato gettito interessa le regioni pi\u00f9 popolate che sono anche quelle dove la concentrazione delle attivit\u00e0 economiche \u00e8 maggiore \u2013 come la Lombardia con 13,6 miliardi di euro di mancato gettito, il Lazio con 9,1, la Campania con<\/p>\n<p>7,8 e il Veneto con 6,5 \u2013 dal rapporto tra l\u2019importo evaso ogni 100 euro di gettito tributario incassato emerge, invece, che la propensione all&#8217;evasione investe soprattutto le regioni del Mezzogiorno. Infatti, in Calabria \u00e8 al 18,4 per cento, in Campania al 17,2, in Puglia al 16,8 e in Sicilia al 16,5. Per contro, i territori pi\u00f9 fedeli al fisco sono il Veneto con una stima dell\u2019evasione del 9,5 per cento, l\u2019Emilia Romagna con il 9,4, il Friuli Venezia Giulia con il 9, la Provincia Autonoma di Trento con l\u20198,6 per cento, la Lombardia con l\u20198 per cento e la Provincia Autonoma di Bolzano con il 7,7 per cento. La media nazionale \u00e8 pari all\u201911,2 per cento (vedi Tab. 2).<\/p>\n<p><strong>A Roma il pi\u00f9 alto numero di contribuenti Irpef. Seguono Milano, Torino e Napoli<\/strong><br \/>\nIn termini complessivi, l\u2019Italia conta 43,3 milioni di contribuenti dei quali poco pi\u00f9 di 42 milioni sono persone fisiche (Irpef pi\u00f9 forfettari) e 1,3 milioni sono persone giuridiche. Tra le 107 province italiane monitorate dalla CGIA, Roma presenta il pi\u00f9 alto numero di contribuenti Irpef: 2,9 milioni di persone di cui 1,7 milioni di lavoratori dipendenti, 904 mila pensionati e 64.300 soggetti con redditi di partecipazione. Seguono Milano con 2,4 milioni, Torino e Napoli entrambe con 1,6, Brescia con 927.100, Bari con 828.500, Bergamo con quasi 823 mila e Bologna con 796.700. La prima provincia del Veneto \u00e8 Verona che si c<\/p>\n<p>olloca al 10\u00b0 posto con 711.456 soggetti Irpef; seguono Padova all\u201911\u00b0 posto con 700.141, Treviso al<\/p>\n<p>14\u00b0 con 665.416 e Vicenza al 17\u00b0 posto con 650.693 (vedi Tab. 3). Infine, per quanto concerne le societ\u00e0 di capitali (Spa, Sapa, Srl, Srl unipersonali, Cooperative, etc.), la distribuzione territoriale disponibile \u00e8 solo regional<\/p>\n<p>e e ad ospitarne il maggior numero \u00e8 la Lombardia con 259.805. Seguono il Lazio con 183.800, la Campania con 129.300 e il Veneto con quasi 106.800 (vedi Tab. 4).<\/p>\n\n\t\t\t<style type='text\/css'>\n\t\t\t\t#gallery-4 {\n\t\t\t\t\tmargin: auto;\n\t\t\t\t}\n\t\t\t\t#gallery-4 .gallery-item {\n\t\t\t\t\tfloat: left;\n\t\t\t\t\tmargin-top: 10px;\n\t\t\t\t\ttext-align: center;\n\t\t\t\t\twidth: 25%;\n\t\t\t\t}\n\t\t\t\t#gallery-4 img {\n\t\t\t\t\tborder: 2px solid #cfcfcf;\n\t\t\t\t}\n\t\t\t\t#gallery-4 .gallery-caption {\n\t\t\t\t\tmargin-left: 0;\n\t\t\t\t}\n\t\t\t\t\/* see gallery_shortcode() in wp-includes\/media.php *\/\n\t\t\t<\/style>\n\t\t<div id='gallery-4' class='dt-gallery-container gallery galleryid-394930 gallery-columns-4 gallery-size-thumbnail'><dl class='gallery-item'>\n\t\t\t\t<dt class='gallery-icon landscape'>\n\t\t\t\t\t<a class=\"rollover\" href='https:\/\/www.radiopiu.net\/wordpress\/il-fisco-ha-190-banche-dati-che-controllano-38-milioni-di-contribuenti-veneti\/schermata-2024-06-15-alle-09-06-12\/'><img loading=\"lazy\" decoding=\"async\" width=\"150\" height=\"150\" src=\"https:\/\/www.radiopiu.net\/wordpress\/wp-content\/uploads\/2024\/06\/Schermata-2024-06-15-alle-09.06.12-150x150.png\" class=\"attachment-thumbnail size-thumbnail\" alt=\"\" \/><\/a>\n\t\t\t\t<\/dt><\/dl><dl class='gallery-item'>\n\t\t\t\t<dt class='gallery-icon portrait'>\n\t\t\t\t\t<a class=\"rollover\" href='https:\/\/www.radiopiu.net\/wordpress\/il-fisco-ha-190-banche-dati-che-controllano-38-milioni-di-contribuenti-veneti\/schermata-2024-06-15-alle-09-06-39\/'><img loading=\"lazy\" decoding=\"async\" width=\"150\" height=\"150\" src=\"https:\/\/www.radiopiu.net\/wordpress\/wp-content\/uploads\/2024\/06\/Schermata-2024-06-15-alle-09.06.39-150x150.png\" class=\"attachment-thumbnail size-thumbnail\" alt=\"\" \/><\/a>\n\t\t\t\t<\/dt><\/dl><dl class='gallery-item'>\n\t\t\t\t<dt class='gallery-icon landscape'>\n\t\t\t\t\t<a class=\"rollover\" href='https:\/\/www.radiopiu.net\/wordpress\/il-fisco-ha-190-banche-dati-che-controllano-38-milioni-di-contribuenti-veneti\/schermata-2024-06-15-alle-09-06-51\/'><img loading=\"lazy\" decoding=\"async\" width=\"150\" height=\"150\" src=\"https:\/\/www.radiopiu.net\/wordpress\/wp-content\/uploads\/2024\/06\/Schermata-2024-06-15-alle-09.06.51-150x150.png\" class=\"attachment-thumbnail size-thumbnail\" alt=\"\" \/><\/a>\n\t\t\t\t<\/dt><\/dl><dl class='gallery-item'>\n\t\t\t\t<dt class='gallery-icon portrait'>\n\t\t\t\t\t<a class=\"rollover\" href='https:\/\/www.radiopiu.net\/wordpress\/il-fisco-ha-190-banche-dati-che-controllano-38-milioni-di-contribuenti-veneti\/schermata-2024-06-15-alle-09-07-21\/'><img loading=\"lazy\" decoding=\"async\" width=\"150\" height=\"150\" src=\"https:\/\/www.radiopiu.net\/wordpress\/wp-content\/uploads\/2024\/06\/Schermata-2024-06-15-alle-09.07.21-150x150.png\" class=\"attachment-thumbnail size-thumbnail\" alt=\"\" \/><\/a>\n\t\t\t\t<\/dt><\/dl><br style=\"clear: both\" \/>\n\t\t\t<\/div>\n\n<p>&nbsp;<\/p>\n<hr \/>\n<p>&nbsp;<\/p>\n<blockquote>\n<h3>LA VALIGIA EMOTIVA DEL PARTO: GLI INCONTRI<\/h3>\n<\/blockquote>\n<p><strong><a class=\"dt-pswp-item\" href=\"https:\/\/www.radiopiu.net\/wordpress\/wp-content\/uploads\/2021\/03\/ULSS-1.jpg\" data-dt-img-description=\"\" data-large_image_width=\"776\" data-large_image_height=\"408\"><img loading=\"lazy\" decoding=\"async\" class=\" wp-image-198838 alignleft\" src=\"https:\/\/www.radiopiu.net\/wordpress\/wp-content\/uploads\/2021\/03\/ULSS-1-300x158.jpg\" alt=\"\" width=\"182\" height=\"96\" srcset=\"https:\/\/www.radiopiu.net\/wordpress\/wp-content\/uploads\/2021\/03\/ULSS-1-300x158.jpg 300w, https:\/\/www.radiopiu.net\/wordpress\/wp-content\/uploads\/2021\/03\/ULSS-1-768x404.jpg 768w, https:\/\/www.radiopiu.net\/wordpress\/wp-content\/uploads\/2021\/03\/ULSS-1.jpg 776w\" sizes=\"auto, (max-width: 182px) 100vw, 182px\" \/><\/a>BELLUNO<\/strong> In occasione dell\u2019Open Day dedicato alla prevenzione al femminile proposto dal network Onda &#8211; Osservatorio nazionale sulla salute della donna e di genere, l\u2019Ulss Dolomiti organizza \u201cLa valigia emotiva del parto\u201d. L\u2019evento si terr\u00e0 mercoled\u00ec 19 giugno 2024 dalle 17.30 alle 19.00 presso le Unit\u00e0 Operative di Ostetricia e Ginecologia dell\u2019Ospedale di Belluno e la Sala Piccolotto dell\u2019Ospedale di Feltre. Ostetriche e una psicologa condurranno incontri per preparare le coppie in gravidanza, affrontando aspetti pratici e emotivi del parto. Gli incontri sono ad accesso libero. Per ulteriori informazioni: <a rel=\"noreferrer\">comunicazione@aulss1.veneto.it<\/a>.<\/p>\n<p>&nbsp;<\/p>\n<p>&nbsp;<\/p>\n<hr \/>\n<p>&nbsp;<\/p>\n<h2><span style=\"color: #ff0000;\">CONSIGLI COMUNALI IN AGORDINO<\/span><\/h2>\n<p><strong>VOLTAGO<\/strong> Consiglio comunale mercoled\u00ec alle 18:30. Il sindaco di Voltago ha convocato i consiglieri per discutere 6 punti. Tra gli argomenti da trattare l&#8217;approvazione del programma triennale dei lavori pubblici, la presa d&#8217;atto delle assemblee dei frazionisti di Frassen\u00e8, la convenzione per l&#8217;istituzione e la gestione associata della centrale di committenza presso l&#8217;Unione Montana Agordina e il rendiconto di gestione del 2023.<\/p>\n<p><strong>TAIBON\u00a0<\/strong>Consiglio comunale gioved\u00ec alle 18 in sede del Municipio. Sette punti tra cui la convalida degli eletti a sindaco e consiglieri, il giuramento del sindaco Silvia Tormen, la nomina degli assessori e dei rappresentanti in Unione Montana Agordina<\/p>\n<p><strong>ROCCA PIETORE\u00a0<\/strong>Il neo eletto sindaco Valerio Davare ha convocato il primo consiglio comunale per venerd\u00ec alle 18:30. Dopo l&#8217;insediamento di sindaco e consiglieri comunali, il giuramento del primo cittadino, l&#8217;approvazione delle linee programmatiche di governo e l&#8217;elezione della commissione elettorale comunale<\/p>\n<p><strong>COLLE SANTA<\/strong> <strong>LUCIA<\/strong> Sabato alle 7:30 consiglio comunale. Il sindaco Paolo frena ha convocato i consiglieri per discutere 5 punti tra cui una variazione a bilancio, l&#8217;approvazione del piano degli interventi e la prima variante al regolamento edilizio comunale.<\/p>\n<p>&nbsp;<\/p>\n<hr \/>\n<p>&nbsp;<\/p>\n<blockquote>\n<h3>Diario di un Sindaco: Vent&#8217;anni di Esperienze e Dedizione<\/h3>\n<\/blockquote>\n<blockquote><p><em>&#8220;uno spaccato interessante della nostra societ\u00e0 e delle vicissitudini amministrative&#8221;.\u00a0<\/em><\/p><\/blockquote>\n<p style=\"padding-left: 40px;\"><strong>ROCCA PIETORE<\/strong><\/p>\n<p><img decoding=\"async\" src=\"https:\/\/www.radiopiu.net\/wordpress\/wp-content\/uploads\/2024\/06\/23cf37c2-45db-4ab5-81e2-738189f8850b.jpg\" \/><\/p>\n<div class=\"flex flex-grow flex-col max-w-full\">\n<div class=\"min-h-[20px] text-message flex flex-col items-start whitespace-pre-wrap break-words [.text-message+&amp;]:mt-5 juice:w-full juice:items-end overflow-x-auto gap-2\" dir=\"auto\" data-message-author-role=\"assistant\" data-message-id=\"eceef8cf-552a-4279-af45-64ad67149b76\">\n<div class=\"flex w-full flex-col gap-1 juice:empty:hidden juice:first:pt-[3px]\">\n<div class=\"markdown prose w-full break-words dark:prose-invert dark\">\n<p>&#8220;Diario di un Sindaco&#8221; di Andrea De Bernardin: Vent&#8217;anni in municipio, quindici da sindaco. Un percorso di vita tra l&#8217;ordinaria amministrazione e eventi straordinari come tempeste, valanghe, frane e confini. Un tributo alla protezione civile e ai volontari che donano il loro tempo prezioso. Ora in distribuzione.<\/p>\n<\/div>\n<\/div>\n<\/div>\n<\/div>\n<div class=\"mt-1 flex gap-3 empty:hidden juice:-ml-3\">\n<div class=\"items-center justify-start rounded-xl p-1 flex\">\n<div class=\"flex items-center\"><\/div>\n<\/div>\n<\/div>\n<p><strong>AUDIO<\/strong><\/p>\n<audio class=\"wp-audio-shortcode\" id=\"audio-394930-6\" preload=\"none\" style=\"width: 100%;\" controls=\"controls\"><source type=\"audio\/mpeg\" src=\"https:\/\/www.radiopiu.net\/wordpress\/wp-content\/uploads\/2024\/06\/DIARIO-DI-UN-SINDACO_BA.mp3?_=6\" \/><a href=\"https:\/\/www.radiopiu.net\/wordpress\/wp-content\/uploads\/2024\/06\/DIARIO-DI-UN-SINDACO_BA.mp3\">https:\/\/www.radiopiu.net\/wordpress\/wp-content\/uploads\/2024\/06\/DIARIO-DI-UN-SINDACO_BA.mp3<\/a><\/audio>\n<p>&nbsp;<\/p>\n<hr \/>\n<p>&nbsp;<\/p>\n<blockquote>\n<h3>OBIEZIONE ALLA GUERRA: L&#8217;INCONTRO A BELLUNO<\/h3>\n<\/blockquote>\n<p><strong><a class=\"dt-pswp-item\" href=\"https:\/\/www.radiopiu.net\/wordpress\/wp-content\/uploads\/2024\/06\/locandina_21giugno2024.jpg\" data-dt-img-description=\"\" data-large_image_width=\"842\" data-large_image_height=\"1191\"><img loading=\"lazy\" decoding=\"async\" class=\" wp-image-395006 alignleft\" src=\"https:\/\/www.radiopiu.net\/wordpress\/wp-content\/uploads\/2024\/06\/locandina_21giugno2024-212x300.jpg\" alt=\"\" width=\"119\" height=\"168\" srcset=\"https:\/\/www.radiopiu.net\/wordpress\/wp-content\/uploads\/2024\/06\/locandina_21giugno2024-212x300.jpg 212w, https:\/\/www.radiopiu.net\/wordpress\/wp-content\/uploads\/2024\/06\/locandina_21giugno2024-724x1024.jpg 724w, https:\/\/www.radiopiu.net\/wordpress\/wp-content\/uploads\/2024\/06\/locandina_21giugno2024-768x1086.jpg 768w, https:\/\/www.radiopiu.net\/wordpress\/wp-content\/uploads\/2024\/06\/locandina_21giugno2024.jpg 842w\" sizes=\"auto, (max-width: 119px) 100vw, 119px\" \/><\/a>BELLUNO <\/strong>Venerd\u00ec a Belluno, in Sala Bianchi alle 20:30, verr\u00e0 lanciata la campagna &#8220;Obiezione alla guerra&#8221; promossa dal Movimento nonviolento e Pace &amp; Disarmo, con la partecipazione del gruppo di Pordenone del Movimento nonviolento nazionale. La campagna ha due obiettivi principali: Contrastare la proposta di ripristino della leva obbligatoria, sostenendo che la difesa della Patria pu\u00f2 essere adempiuta attraverso impegni sociali non armati. Si invita la cittadinanza a firmare la Dichiarazione di Obiezione di coscienza per rifiutare la chiamata alle armi e istituire un Albo degli obiettori di coscienza. Supportare gli obiettori, renitenti e disertori di vari paesi (Russia, Bielorussia, Ucraina, Israele, Palestina), chiedendo che l&#8217;Europa li accolga come rifugiati politici, riconoscendo il loro diritto all&#8217;obiezione di coscienza, come sancito dalle Carte dei Diritti umani e dell&#8217;Unione europea.<\/p>\n<p>&nbsp;<\/p>\n<p>&nbsp;<\/p>\n<hr \/>\n<p>&nbsp;<\/p>\n<blockquote>\n<h3>A LENTIAI TORNA IL TRANSITO FILM FESTIVAL<\/h3>\n<\/blockquote>\n<p><strong>BORGO VALBELLUNA<\/strong> Dopo il successo delle precedenti edizioni, torna il Transito, festival internazionale del film a Lentiai di Borgo Valbelluna. Nei giorni 21, 22, 23 e 29 giugno, Lentiai ospiter\u00e0 eventi artistici e proiezioni sul tema dell&#8217;indifferenza. Oltre 400 film da pi\u00f9 di 70 nazioni sono stati iscritti, con quattro selezionati per la loro qualit\u00e0 e impatto emotivo. Questi film esplorano varie forme di indifferenza, dai rapporti umani alle ingiustizie giuridiche, fino alla trascuratezza ambientale. Le proiezioni si terranno nel piazzale della Biblioteca comunale di Lentiai (21-23 giugno) e presso il Palazzo Pretorio di Cesana (29 giugno), o alla SOMS in caso di maltempo, alle 21:30. L&#8217;ingresso \u00e8 gratuito e i film saranno proiettati in lingua originale con sottotitoli in italiano.<\/p>\n<p>&nbsp;<\/p>\n<p>&nbsp;<\/p>\n<hr \/>\n<p>&nbsp;<\/p>\n<blockquote>\n<h3>SABATO 22 GIUGNO LA PRESENTAZIONE DEL LIBRO SUI SACERDOTI DELLA VALLE DEL BIOIS<\/h3>\n<\/blockquote>\n<p><strong><a class=\"dt-pswp-item\" href=\"https:\/\/www.radiopiu.net\/wordpress\/wp-content\/uploads\/2024\/06\/sacerd.png\" data-dt-img-description=\"\" data-large_image_width=\"638\" data-large_image_height=\"397\"><img loading=\"lazy\" decoding=\"async\" class=\" wp-image-394831 alignleft\" src=\"https:\/\/www.radiopiu.net\/wordpress\/wp-content\/uploads\/2024\/06\/sacerd-300x187.png\" alt=\"\" width=\"204\" height=\"127\" srcset=\"https:\/\/www.radiopiu.net\/wordpress\/wp-content\/uploads\/2024\/06\/sacerd-300x187.png 300w, https:\/\/www.radiopiu.net\/wordpress\/wp-content\/uploads\/2024\/06\/sacerd.png 638w\" sizes=\"auto, (max-width: 204px) 100vw, 204px\" \/><\/a>CANALE D&#8217;AGORDO<\/strong><\/p>\n<p>LORIS SERAFINI, DIRETTORE DEL MUSAL<\/p>\n<audio class=\"wp-audio-shortcode\" id=\"audio-394930-7\" preload=\"none\" style=\"width: 100%;\" controls=\"controls\"><source type=\"audio\/mpeg\" src=\"https:\/\/www.radiopiu.net\/wordpress\/wp-content\/uploads\/2024\/06\/LORIS-SERAFINI-SACERDOTI.mp3?_=7\" \/><a href=\"https:\/\/www.radiopiu.net\/wordpress\/wp-content\/uploads\/2024\/06\/LORIS-SERAFINI-SACERDOTI.mp3\">https:\/\/www.radiopiu.net\/wordpress\/wp-content\/uploads\/2024\/06\/LORIS-SERAFINI-SACERDOTI.mp3<\/a><\/audio>\n<p>&nbsp;<\/p>\n<hr \/>\n<p>&nbsp;<\/p>\n<h2><span style=\"color: #ff6600;\">ALLA RADIO\u00a0\u00a0<\/span><\/h2>\n<h2><span style=\"color: #00ccff;\">LA RASSEGNA STAMPA DALL&#8217;AMICO DEL POPOLO<\/span><\/h2>\n<p><strong><a class=\"dt-pswp-item\" href=\"https:\/\/www.radiopiu.net\/wordpress\/wp-content\/uploads\/2020\/06\/GIANNI-SANTOMASO.jpg\" data-dt-img-description=\"\" data-large_image_width=\"552\" data-large_image_height=\"552\"><img loading=\"lazy\" decoding=\"async\" class=\" wp-image-146809 alignleft\" src=\"https:\/\/www.radiopiu.net\/wordpress\/wp-content\/uploads\/2020\/06\/GIANNI-SANTOMASO-300x300.jpg\" alt=\"\" width=\"134\" height=\"134\" srcset=\"https:\/\/www.radiopiu.net\/wordpress\/wp-content\/uploads\/2020\/06\/GIANNI-SANTOMASO-300x300.jpg 300w, https:\/\/www.radiopiu.net\/wordpress\/wp-content\/uploads\/2020\/06\/GIANNI-SANTOMASO-150x150.jpg 150w, https:\/\/www.radiopiu.net\/wordpress\/wp-content\/uploads\/2020\/06\/GIANNI-SANTOMASO.jpg 552w\" sizes=\"auto, (max-width: 134px) 100vw, 134px\" \/><\/a>DI GIANNI SANTOMASO<\/strong><\/p>\n<audio class=\"wp-audio-shortcode\" id=\"audio-394930-8\" preload=\"none\" style=\"width: 100%;\" controls=\"controls\"><source type=\"audio\/mpeg\" src=\"https:\/\/www.radiopiu.net\/wordpress\/wp-content\/uploads\/2024\/06\/RASSEGNA-GIANNI-4.mp3?_=8\" \/><a href=\"https:\/\/www.radiopiu.net\/wordpress\/wp-content\/uploads\/2024\/06\/RASSEGNA-GIANNI-4.mp3\">https:\/\/www.radiopiu.net\/wordpress\/wp-content\/uploads\/2024\/06\/RASSEGNA-GIANNI-4.mp3<\/a><\/audio>\n<p>&nbsp;<\/p>\n<h2><span style=\"color: #993300;\">DUE MINUTI PER TE<\/span><\/h2>\n<p><strong><a class=\"dt-pswp-item\" href=\"https:\/\/www.radiopiu.net\/wordpress\/wp-content\/uploads\/2020\/12\/DON-GIORGIO-LISE.jpg\" data-dt-img-description=\"\" data-large_image_width=\"1600\" data-large_image_height=\"901\"><img loading=\"lazy\" decoding=\"async\" class=\" wp-image-177420 alignleft\" src=\"https:\/\/www.radiopiu.net\/wordpress\/wp-content\/uploads\/2020\/12\/DON-GIORGIO-LISE-300x169.jpg\" alt=\"\" width=\"172\" height=\"97\" srcset=\"https:\/\/www.radiopiu.net\/wordpress\/wp-content\/uploads\/2020\/12\/DON-GIORGIO-LISE-300x169.jpg 300w, https:\/\/www.radiopiu.net\/wordpress\/wp-content\/uploads\/2020\/12\/DON-GIORGIO-LISE-1024x577.jpg 1024w, https:\/\/www.radiopiu.net\/wordpress\/wp-content\/uploads\/2020\/12\/DON-GIORGIO-LISE-768x432.jpg 768w, https:\/\/www.radiopiu.net\/wordpress\/wp-content\/uploads\/2020\/12\/DON-GIORGIO-LISE-1536x865.jpg 1536w, https:\/\/www.radiopiu.net\/wordpress\/wp-content\/uploads\/2020\/12\/DON-GIORGIO-LISE.jpg 1600w\" sizes=\"auto, (max-width: 172px) 100vw, 172px\" \/><\/a>APPUNTAMENTO DOMENICALE CON IL PENSIERO DI MONSIGNOR GIORGIO LISE<\/strong><\/p>\n<audio class=\"wp-audio-shortcode\" id=\"audio-394930-9\" preload=\"none\" style=\"width: 100%;\" controls=\"controls\"><source type=\"audio\/mpeg\" src=\"https:\/\/www.radiopiu.net\/wordpress\/wp-content\/uploads\/2024\/06\/DON-GIORGIO-3.mp3?_=9\" \/><a href=\"https:\/\/www.radiopiu.net\/wordpress\/wp-content\/uploads\/2024\/06\/DON-GIORGIO-3.mp3\">https:\/\/www.radiopiu.net\/wordpress\/wp-content\/uploads\/2024\/06\/DON-GIORGIO-3.mp3<\/a><\/audio>\n<p>&nbsp;<\/p>\n<p>&nbsp;<\/p>\n<blockquote class=\"wp-embedded-content\" data-secret=\"QnuLMQ5ghO\"><p><a href=\"https:\/\/www.radiopiu.net\/wordpress\/piu-siamo-con-marina-settimana-dal-10-al-14-giugno\/\">PIU&#8217; SIAMO&#8230;CON MARINA. SETTIMANA DAL 10 AL 14 GIUGNO<\/a><\/p><\/blockquote>\n<p><iframe loading=\"lazy\" class=\"wp-embedded-content\" sandbox=\"allow-scripts\" security=\"restricted\" style=\"position: absolute; clip: rect(1px, 1px, 1px, 1px);\" title=\"&#8220;PIU&#8217; SIAMO&#8230;CON MARINA. SETTIMANA DAL 10 AL 14 GIUGNO&#8221; &#8212; Radio Pi\u00f9\" src=\"https:\/\/www.radiopiu.net\/wordpress\/piu-siamo-con-marina-settimana-dal-10-al-14-giugno\/embed\/#?secret=G3Sda4VmWC#?secret=QnuLMQ5ghO\" data-secret=\"QnuLMQ5ghO\" width=\"600\" height=\"338\" frameborder=\"0\" marginwidth=\"0\" marginheight=\"0\" scrolling=\"no\"><\/iframe><\/p>\n<p>&nbsp;<\/p>\n<hr \/>\n<p>&nbsp;<\/p>\n<h2><span style=\"color: #ff0000;\">DAL SITO DI RADIO PIU&#8230; ALCUNI PODCAST, I PIU&#8217; VISUALIZZATI NELLA SETTIMANA&#8230;\u00a0<\/span><\/h2>\n<blockquote class=\"wp-embedded-content\" data-secret=\"8Wn0cJHZrZ\"><p><a href=\"https:\/\/www.radiopiu.net\/wordpress\/biblioteca-del-territorio-i-podcast-di-radiopiu\/\">BIBLIOTECA DEL TERRITORIO&#8230; I PODCAST DI RADIOPIU<\/a><\/p><\/blockquote>\n<p><iframe loading=\"lazy\" class=\"wp-embedded-content\" sandbox=\"allow-scripts\" security=\"restricted\" style=\"position: absolute; clip: rect(1px, 1px, 1px, 1px);\" title=\"&#8220;BIBLIOTECA DEL TERRITORIO&#8230; I PODCAST DI RADIOPIU&#8221; &#8212; Radio Pi\u00f9\" src=\"https:\/\/www.radiopiu.net\/wordpress\/biblioteca-del-territorio-i-podcast-di-radiopiu\/embed\/#?secret=ENGWkADbLW#?secret=8Wn0cJHZrZ\" data-secret=\"8Wn0cJHZrZ\" width=\"600\" height=\"338\" frameborder=\"0\" marginwidth=\"0\" marginheight=\"0\" scrolling=\"no\"><\/iframe><\/p>\n<p>&nbsp;<\/p>\n<blockquote class=\"wp-embedded-content\" data-secret=\"9pH2bbAjAr\"><p><a href=\"https:\/\/www.radiopiu.net\/wordpress\/lad08aaaa\/\">&#8220;NCONTONSE&#8221; IN LADINO SU RADIO PI\u00d9<\/a><\/p><\/blockquote>\n<p><iframe loading=\"lazy\" class=\"wp-embedded-content\" sandbox=\"allow-scripts\" security=\"restricted\" style=\"position: absolute; clip: rect(1px, 1px, 1px, 1px);\" title=\"&#8220;&#8220;NCONTONSE&#8221; IN LADINO SU RADIO PI\u00d9&#8221; &#8212; Radio Pi\u00f9\" src=\"https:\/\/www.radiopiu.net\/wordpress\/lad08aaaa\/embed\/#?secret=9nYzee0Xtg#?secret=9pH2bbAjAr\" data-secret=\"9pH2bbAjAr\" width=\"600\" height=\"338\" frameborder=\"0\" marginwidth=\"0\" marginheight=\"0\" scrolling=\"no\"><\/iframe><\/p>\n<p>&nbsp;<\/p>\n<p>&nbsp;<\/p>\n<hr \/>\n<p>&nbsp;<\/p>\n<p>&nbsp;<\/p>\n<h2><span style=\"color: #ff0000;\"><a class=\"dt-pswp-item\" href=\"https:\/\/www.radiopiu.net\/wordpress\/wp-content\/uploads\/2018\/09\/appuntamenti.jpeg\" data-dt-img-description=\"\" data-large_image_width=\"800\" data-large_image_height=\"100\"><img loading=\"lazy\" decoding=\"async\" class=\"wp-image-61958 size-full aligncenter\" src=\"https:\/\/www.radiopiu.net\/wordpress\/wp-content\/uploads\/2018\/09\/appuntamenti.jpeg\" alt=\"\" width=\"800\" height=\"100\" srcset=\"https:\/\/www.radiopiu.net\/wordpress\/wp-content\/uploads\/2018\/09\/appuntamenti.jpeg 800w, https:\/\/www.radiopiu.net\/wordpress\/wp-content\/uploads\/2018\/09\/appuntamenti-300x38.jpeg 300w, https:\/\/www.radiopiu.net\/wordpress\/wp-content\/uploads\/2018\/09\/appuntamenti-768x96.jpeg 768w\" sizes=\"auto, (max-width: 800px) 100vw, 800px\" \/><\/a><\/span><\/h2>\n<div>\n<div class=\"\" dir=\"auto\">\n<div id=\":r9h:\" class=\"x1iorvi4 x1pi30zi x1l90r2v x1swvt13\" data-ad-comet-preview=\"message\" data-ad-preview=\"message\">\n\n\t\t\t<style type='text\/css'>\n\t\t\t\t#gallery-5 {\n\t\t\t\t\tmargin: auto;\n\t\t\t\t}\n\t\t\t\t#gallery-5 .gallery-item {\n\t\t\t\t\tfloat: left;\n\t\t\t\t\tmargin-top: 10px;\n\t\t\t\t\ttext-align: center;\n\t\t\t\t\twidth: 33%;\n\t\t\t\t}\n\t\t\t\t#gallery-5 img {\n\t\t\t\t\tborder: 2px solid #cfcfcf;\n\t\t\t\t}\n\t\t\t\t#gallery-5 .gallery-caption {\n\t\t\t\t\tmargin-left: 0;\n\t\t\t\t}\n\t\t\t\t\/* see gallery_shortcode() in wp-includes\/media.php *\/\n\t\t\t<\/style>\n\t\t<div id='gallery-5' class='dt-gallery-container gallery galleryid-394930 gallery-columns-3 gallery-size-thumbnail'><dl class='gallery-item'>\n\t\t\t\t<dt class='gallery-icon portrait'>\n\t\t\t\t\t<a class=\"rollover rollover-zoom dt-pswp-item\" title=\"c950811c-7763-405d-ad2c-15d392502b93\" data-dt-img-description=\"\" data-large_image_width=\"480\" data-large_image_height=\"600\"href='https:\/\/www.radiopiu.net\/wordpress\/wp-content\/uploads\/2024\/05\/c950811c-7763-405d-ad2c-15d392502b93-1.jpg'><img loading=\"lazy\" decoding=\"async\" width=\"150\" height=\"150\" src=\"https:\/\/www.radiopiu.net\/wordpress\/wp-content\/uploads\/2024\/05\/c950811c-7763-405d-ad2c-15d392502b93-1-150x150.jpg\" class=\"attachment-thumbnail size-thumbnail\" alt=\"\" aria-describedby=\"gallery-5-392711\" \/><\/a>\n\t\t\t\t<\/dt>\n\t\t\t\t\t<dd class='wp-caption-text gallery-caption' id='gallery-5-392711'>\n\t\t\t\t\tCAMPANOT A CASTION\n\t\t\t\t\t<\/dd><\/dl><dl class='gallery-item'>\n\t\t\t\t<dt class='gallery-icon portrait'>\n\t\t\t\t\t<a class=\"rollover rollover-zoom dt-pswp-item\" title=\"Locandina San Giovanni 2024\" data-dt-img-description=\"\" data-large_image_width=\"1304\" data-large_image_height=\"2560\"href='https:\/\/www.radiopiu.net\/wordpress\/wp-content\/uploads\/2024\/06\/Locandina-San-Giovanni-2024-scaled.jpeg'><img loading=\"lazy\" decoding=\"async\" width=\"150\" height=\"150\" src=\"https:\/\/www.radiopiu.net\/wordpress\/wp-content\/uploads\/2024\/06\/Locandina-San-Giovanni-2024-150x150.jpeg\" class=\"attachment-thumbnail size-thumbnail\" alt=\"\" aria-describedby=\"gallery-5-393442\" \/><\/a>\n\t\t\t\t<\/dt>\n\t\t\t\t\t<dd class='wp-caption-text gallery-caption' id='gallery-5-393442'>\n\t\t\t\t\tSAN GIOVANNI A CANALE D&#8217;AGORDO\n\t\t\t\t\t<\/dd><\/dl><dl class='gallery-item'>\n\t\t\t\t<dt class='gallery-icon portrait'>\n\t\t\t\t\t<a class=\"rollover rollover-zoom dt-pswp-item\" title=\"09d50e2a-86d9-4273-aeb6-415f92136bc3\" data-dt-img-description=\"\" data-large_image_width=\"750\" data-large_image_height=\"1022\"href='https:\/\/www.radiopiu.net\/wordpress\/wp-content\/uploads\/2024\/06\/09d50e2a-86d9-4273-aeb6-415f92136bc3.jpg'><img loading=\"lazy\" decoding=\"async\" width=\"150\" height=\"150\" src=\"https:\/\/www.radiopiu.net\/wordpress\/wp-content\/uploads\/2024\/06\/09d50e2a-86d9-4273-aeb6-415f92136bc3-150x150.jpg\" class=\"attachment-thumbnail size-thumbnail\" alt=\"\" aria-describedby=\"gallery-5-393715\" \/><\/a>\n\t\t\t\t<\/dt>\n\t\t\t\t\t<dd class='wp-caption-text gallery-caption' id='gallery-5-393715'>\n\t\t\t\t\tCORSO DI BALLO A VOLTAGO\n\t\t\t\t\t<\/dd><\/dl><br style=\"clear: both\" \/><dl class='gallery-item'>\n\t\t\t\t<dt class='gallery-icon portrait'>\n\t\t\t\t\t<a class=\"rollover rollover-zoom dt-pswp-item\" title=\"442414392_10232426359018879_5443832698244930521_n\" data-dt-img-description=\"\" data-large_image_width=\"526\" data-large_image_height=\"709\"href='https:\/\/www.radiopiu.net\/wordpress\/wp-content\/uploads\/2024\/06\/442414392_10232426359018879_5443832698244930521_n.jpg'><img loading=\"lazy\" decoding=\"async\" width=\"150\" height=\"150\" src=\"https:\/\/www.radiopiu.net\/wordpress\/wp-content\/uploads\/2024\/06\/442414392_10232426359018879_5443832698244930521_n-150x150.jpg\" class=\"attachment-thumbnail size-thumbnail\" alt=\"\" aria-describedby=\"gallery-5-394106\" \/><\/a>\n\t\t\t\t<\/dt>\n\t\t\t\t\t<dd class='wp-caption-text gallery-caption' id='gallery-5-394106'>\n\t\t\t\t\tFRASSENE&#8217; CROSS\n\t\t\t\t\t<\/dd><\/dl><dl class='gallery-item'>\n\t\t\t\t<dt class='gallery-icon portrait'>\n\t\t\t\t\t<a class=\"rollover rollover-zoom dt-pswp-item\" title=\"Evento 22 giugno (1)\" data-dt-img-description=\"\" data-large_image_width=\"1240\" data-large_image_height=\"1754\"href='https:\/\/www.radiopiu.net\/wordpress\/wp-content\/uploads\/2024\/06\/Evento-22-giugno-1.jpg'><img loading=\"lazy\" decoding=\"async\" width=\"150\" height=\"150\" src=\"https:\/\/www.radiopiu.net\/wordpress\/wp-content\/uploads\/2024\/06\/Evento-22-giugno-1-150x150.jpg\" class=\"attachment-thumbnail size-thumbnail\" alt=\"\" aria-describedby=\"gallery-5-394035\" \/><\/a>\n\t\t\t\t<\/dt>\n\t\t\t\t\t<dd class='wp-caption-text gallery-caption' id='gallery-5-394035'>\n\t\t\t\t\tPRESENTAZIONE DEL LIBRO A CANALE\n\t\t\t\t\t<\/dd><\/dl><dl class='gallery-item'>\n\t\t\t\t<dt class='gallery-icon portrait'>\n\t\t\t\t\t<a class=\"rollover rollover-zoom dt-pswp-item\" title=\"441936111_953300066803441_3663667299753321850_n\" data-dt-img-description=\"\" data-large_image_width=\"520\" data-large_image_height=\"640\"href='https:\/\/www.radiopiu.net\/wordpress\/wp-content\/uploads\/2024\/06\/441936111_953300066803441_3663667299753321850_n.jpg'><img loading=\"lazy\" decoding=\"async\" width=\"150\" height=\"150\" src=\"https:\/\/www.radiopiu.net\/wordpress\/wp-content\/uploads\/2024\/06\/441936111_953300066803441_3663667299753321850_n-150x150.jpg\" class=\"attachment-thumbnail size-thumbnail\" alt=\"\" aria-describedby=\"gallery-5-394061\" \/><\/a>\n\t\t\t\t<\/dt>\n\t\t\t\t\t<dd class='wp-caption-text gallery-caption' id='gallery-5-394061'>\n\t\t\t\t\t31 LUGLIO AL MINIERE E IN DIRETTA ALLA RADIO \n\t\t\t\t\t<\/dd><\/dl><br style=\"clear: both\" \/><dl class='gallery-item'>\n\t\t\t\t<dt class='gallery-icon portrait'>\n\t\t\t\t\t<a class=\"rollover rollover-zoom dt-pswp-item\" title=\"d6fb7bb5-470e-4f31-a8fb-0d94646adddb\" data-dt-img-description=\"\" data-large_image_width=\"1300\" data-large_image_height=\"1600\"href='https:\/\/www.radiopiu.net\/wordpress\/wp-content\/uploads\/2024\/06\/d6fb7bb5-470e-4f31-a8fb-0d94646adddb.jpg'><img loading=\"lazy\" decoding=\"async\" width=\"150\" height=\"150\" src=\"https:\/\/www.radiopiu.net\/wordpress\/wp-content\/uploads\/2024\/06\/d6fb7bb5-470e-4f31-a8fb-0d94646adddb-150x150.jpg\" class=\"attachment-thumbnail size-thumbnail\" alt=\"\" aria-describedby=\"gallery-5-394668\" \/><\/a>\n\t\t\t\t<\/dt>\n\t\t\t\t\t<dd class='wp-caption-text gallery-caption' id='gallery-5-394668'>\n\t\t\t\t\tGLI EUROPEI DI CALCIO AL RISTOBAR GHEGY\n\t\t\t\t\t<\/dd><\/dl><dl class='gallery-item'>\n\t\t\t\t<dt class='gallery-icon portrait'>\n\t\t\t\t\t<a class=\"rollover rollover-zoom dt-pswp-item\" title=\"JGHALGHLJGH\" data-dt-img-description=\"\" data-large_image_width=\"604\" data-large_image_height=\"854\"href='https:\/\/www.radiopiu.net\/wordpress\/wp-content\/uploads\/2024\/06\/JGHALGHLJGH.png'><img loading=\"lazy\" decoding=\"async\" width=\"150\" height=\"150\" src=\"https:\/\/www.radiopiu.net\/wordpress\/wp-content\/uploads\/2024\/06\/JGHALGHLJGH-150x150.png\" class=\"attachment-thumbnail size-thumbnail\" alt=\"\" aria-describedby=\"gallery-5-394669\" \/><\/a>\n\t\t\t\t<\/dt>\n\t\t\t\t\t<dd class='wp-caption-text gallery-caption' id='gallery-5-394669'>\n\t\t\t\t\tLA NOTTE DI SANTA MARINA A FELTRE\n\t\t\t\t\t<\/dd><\/dl><dl class='gallery-item'>\n\t\t\t\t<dt class='gallery-icon portrait'>\n\t\t\t\t\t<a class=\"rollover rollover-zoom dt-pswp-item\" title=\"a1255490-93b2-46a4-8211-d8118fd23b27\" data-dt-img-description=\"\" data-large_image_width=\"1131\" data-large_image_height=\"1600\"href='https:\/\/www.radiopiu.net\/wordpress\/wp-content\/uploads\/2024\/06\/a1255490-93b2-46a4-8211-d8118fd23b27.jpg'><img loading=\"lazy\" decoding=\"async\" width=\"150\" height=\"150\" src=\"https:\/\/www.radiopiu.net\/wordpress\/wp-content\/uploads\/2024\/06\/a1255490-93b2-46a4-8211-d8118fd23b27-150x150.jpg\" class=\"attachment-thumbnail size-thumbnail\" alt=\"\" aria-describedby=\"gallery-5-394932\" \/><\/a>\n\t\t\t\t<\/dt>\n\t\t\t\t\t<dd class='wp-caption-text gallery-caption' id='gallery-5-394932'>\n\t\t\t\t\tA SAN TOMASO\n\t\t\t\t\t<\/dd><\/dl><br style=\"clear: both\" \/>\n\t\t\t<\/div>\n\n<\/div>\n<\/div>\n<\/div>\n<p>&nbsp;<\/p>\n<blockquote>\n<h2>Sagra del Campanot 2024: dieci giorni di tradizione, divertimento e gastronomia a Castion<\/h2>\n<\/blockquote>\n<p>La Sagra del Campanot di Castion ritorna dal 14 al 23 giugno, con una pausa il 17 e 18 giugno, per un&#8217;edizione ricca di eventi, cibo e divertimento. Questo evento annuale celebra la cultura e le tradizioni locali, offrendo un&#8217;esperienza unica per tutti i partecipanti.<br \/>\n<strong>Gastronomia di Qualit\u00e0 <\/strong>Ogni sera, dalle 19:30, e durante i pranzi delle due domeniche, gli ospiti potranno gustare piatti tipici e un men\u00f9 gourmet, accompagnato da vini DOC selezionati. Il pasticcere Stefano Berton preparer\u00e0 deliziosi dolci che delizieranno anche i palati pi\u00f9 esigenti. La sagra promette un viaggio culinario tra i sapori autentici della tradizione locale. <strong>Musica e Intrattenimento\u00a0<\/strong><br \/>\nLe serate saranno animate da musica dal vivo con spettacoli sul palco interno a partire dalle 21:00 e sul palco esterno dalle 22:00 fino a notte fonda. Artisti di vari generi musicali si esibiranno, offrendo un intrattenimento continuo e coinvolgente per tutti i gusti.<br \/>\n<strong>Eventi Sportivi e Attivit\u00e0\u00a0 <\/strong>Il programma della sagra \u00e8 ricco di eventi sportivi e attivit\u00e0 per tutte le et\u00e0: <strong><span style=\"color: #ff0000;\">Mercoled\u00ec 19 giugno:<\/span><\/strong> Giornata dedicata ai bambini con: Ore 16:30, truccabimbi. Ore 18:30, esibizione del coro arcobaleno di Limana. Ore 20:30, spettacolo di giocoleria con il grande Mencho Sosa. <strong>21, 22 e 23 giugno:<\/strong> Torneo Campanot &#8211; 8\u00b0 memorial Alberto e Laura, con un torneo di calcio a 5 e un torneo di volley 3vs3 misto. <strong><span style=\"color: #ff0000;\">Domenica 23 giugno:<\/span><\/strong> Alle 21:00, estrazione dei biglietti vincenti della Lotteria Campanot con un iPhone 15 Plus come primo premio. Sotto il tendone sar\u00e0 possibile seguire le partite dell&#8217;Italia agli Europei 2024, creando un punto di ritrovo per tutti gli appassionati di calcio.\u00a0 Per ulteriori informazioni sul programma completo della Sagra del Campanot, \u00e8 possibile visitare il sito ufficiale <a href=\"http:\/\/www.castion-belluno.it\">www.castion-belluno.it<\/a>.<\/p>\n<h2><span style=\"color: #ff0000;\">PROSSIMAMENTE\u00a0<\/span><\/h2>\n<p>Preparatevi a scatenare la vostra energia e a superare i vostri limiti con CorriPoi 2024. Il trofeo di Corse Podistiche a tappe Nell&#8217;Agordino, quattro tappe emozionanti, ognuna delle quali vi porter\u00e0 a scoprire le bellezze naturali del territorio. 22 GIUGNO FRASSENE&#8217;, 7 LUGLIO FORCELLA AURINE, 7 SETTEMBRE VOLTAGO Alla CorriPoi parteciperanno, fianco a fianco, forti runner, atleti della domenica, famiglie, gruppi di amici, giovani corridori in erba, tutti con l&#8217;obiettivo di correre e di divertirsi. Corri verso la vittoria, corri verso il trofeo Alpenpluss. Regolamento delle quattro gare sul sito KEEPSPORTING.COM, in collaborazione con Kiwi Sport, abbigliamento sportivo per tutta la famiglia, ad ALLEGHE- CENCENIGHE &#8211; BELLUNO<\/p>\n<p>&nbsp;<\/p>\n<hr \/>\n<p>&nbsp;<\/p>\n<p><a class=\"dt-pswp-item\" href=\"https:\/\/www.radiopiu.net\/wordpress\/wp-content\/uploads\/2018\/09\/viabilita.jpeg\" data-dt-img-description=\"\" data-large_image_width=\"800\" data-large_image_height=\"100\"><img loading=\"lazy\" decoding=\"async\" class=\"aligncenter wp-image-61954 size-full\" src=\"https:\/\/www.radiopiu.net\/wordpress\/wp-content\/uploads\/2018\/09\/viabilita.jpeg\" alt=\"\" width=\"800\" height=\"100\" srcset=\"https:\/\/www.radiopiu.net\/wordpress\/wp-content\/uploads\/2018\/09\/viabilita.jpeg 800w, https:\/\/www.radiopiu.net\/wordpress\/wp-content\/uploads\/2018\/09\/viabilita-300x38.jpeg 300w, https:\/\/www.radiopiu.net\/wordpress\/wp-content\/uploads\/2018\/09\/viabilita-768x96.jpeg 768w\" sizes=\"auto, (max-width: 800px) 100vw, 800px\" \/><\/a><\/p>\n<p>&nbsp;<\/p>\n<p><a class=\"dt-pswp-item\" href=\"https:\/\/www.radiopiu.net\/wordpress\/wp-content\/uploads\/2023\/12\/botol-car-service.jpg\" data-dt-img-description=\"\" data-large_image_width=\"600\" data-large_image_height=\"600\"><img loading=\"lazy\" decoding=\"async\" class=\"size-medium wp-image-367044 aligncenter\" src=\"https:\/\/www.radiopiu.net\/wordpress\/wp-content\/uploads\/2023\/12\/botol-car-service-300x300.jpg\" alt=\"\" width=\"300\" height=\"300\" srcset=\"https:\/\/www.radiopiu.net\/wordpress\/wp-content\/uploads\/2023\/12\/botol-car-service-300x300.jpg 300w, https:\/\/www.radiopiu.net\/wordpress\/wp-content\/uploads\/2023\/12\/botol-car-service-150x150.jpg 150w, https:\/\/www.radiopiu.net\/wordpress\/wp-content\/uploads\/2023\/12\/botol-car-service.jpg 600w\" sizes=\"auto, (max-width: 300px) 100vw, 300px\" \/><\/a><\/p>\n<p>&nbsp;<\/p>\n<p>&nbsp;<\/p>\n<h1>BOLLETTINO QUOTIDIANO, CLICCA QUI<\/h1>\n<blockquote class=\"wp-embedded-content\" data-secret=\"QD0gPRC848\"><p><a href=\"https:\/\/www.radiopiu.net\/wordpress\/viabilita-2\/\">viabilita<\/a><\/p><\/blockquote>\n<p><iframe loading=\"lazy\" class=\"wp-embedded-content\" sandbox=\"allow-scripts\" security=\"restricted\" style=\"position: absolute; clip: rect(1px, 1px, 1px, 1px);\" title=\"&#8220;viabilita&#8221; &#8212; Radio Pi\u00f9\" src=\"https:\/\/www.radiopiu.net\/wordpress\/viabilita-2\/embed\/#?secret=QXENtgKz2D#?secret=QD0gPRC848\" data-secret=\"QD0gPRC848\" width=\"600\" height=\"338\" frameborder=\"0\" marginwidth=\"0\" marginheight=\"0\" scrolling=\"no\"><\/iframe><\/p>\n<p>&nbsp;<\/p>\n<p>&nbsp;<\/p>\n<hr \/>\n<p>&nbsp;<\/p>\n<p><a class=\"dt-pswp-item\" href=\"https:\/\/www.radiopiu.net\/wordpress\/wp-content\/uploads\/2018\/09\/WhatsApp-Image-2018-09-20-at-16.04.06.jpeg\" data-dt-img-description=\"\" data-large_image_width=\"800\" data-large_image_height=\"100\"><img loading=\"lazy\" decoding=\"async\" class=\"wp-image-61378 size-full aligncenter\" src=\"https:\/\/www.radiopiu.net\/wordpress\/wp-content\/uploads\/2018\/09\/WhatsApp-Image-2018-09-20-at-16.04.06.jpeg\" alt=\"\" width=\"800\" height=\"100\" srcset=\"https:\/\/www.radiopiu.net\/wordpress\/wp-content\/uploads\/2018\/09\/WhatsApp-Image-2018-09-20-at-16.04.06.jpeg 800w, https:\/\/www.radiopiu.net\/wordpress\/wp-content\/uploads\/2018\/09\/WhatsApp-Image-2018-09-20-at-16.04.06-300x38.jpeg 300w, https:\/\/www.radiopiu.net\/wordpress\/wp-content\/uploads\/2018\/09\/WhatsApp-Image-2018-09-20-at-16.04.06-768x96.jpeg 768w\" sizes=\"auto, (max-width: 800px) 100vw, 800px\" \/><\/a><\/p>\n<p><center><\/center><center><\/center><center><\/center><center><\/center><center><\/center><center><\/center>&nbsp;<\/p>\n<p><center><\/center><center><\/center><center><\/center><center><\/center><center><\/center><center><\/center><center><\/center><center><b>OGGI<\/b><\/center>Al mattino in alta montagna in genere sereno poco nuvoloso, nelle valli poco o parzialmente nuvoloso per nubi medio-basse in molti settori, in rapido dissolvimento dopo l&#8217;alba. Nel corso della giornata intensificazione di nubi a sviluppo cumuliforme, fino a molto nuvoloso nel pomeriggio specie sulle Dolomiti centro-settentrionali.<br \/>\n<b>Precipitazioni: <\/b>Al mattino assenti; nel pomeriggio non ancora del tutto escluso qualche piovasco specie sulle Dolomiti centro-settentrionali<br \/>\n<b>Temperature: <\/b>In generale contenuto aumento, salvo le minime in alcune valli che potranno subire un lieve e temporaneo calo, specie laddove si presenteranno ampi rasserenamenti notturni.<\/p>\n<hr \/>\n<p><center><b>DOMANI<\/b><\/center>Tempo stabile, pi\u00f9 soleggiato e pi\u00f9 caldo rispetto ai giorni precedenti. Al mattino in genere sereno o poco nuvoloso con modesti e innocui addensamenti lungo i pendii o in prossimit\u00e0 delle cime, salvo qualche modesta nube bassa in alcune valli nelle ore fredde. Nel pomeriggio qualche addensamento in pi\u00f9, ma senza fenomeni.<br \/>\n<b>Precipitazioni: <\/b>Assenti<br \/>\n<b>Temperature: <\/b>In ulteriore aumento, su valori superiori alle medie del periodo.<\/p>\n<hr \/>\n<p><center><b>MERCOLEDI<\/b><\/center>Al mattino tempo stabile e soleggiato con qualche innocuo annuvolamento in prossimit\u00e0 delle cime o a ridosso dei rilievi; nel pomeriggio annuvolamenti irregolari specie sulle Dolomiti dove non si esclude qualche breve e locale fenomeno per il notevole riscaldamento diurno. Clima estivo con temperature ben al di sopra delle medie stagionali.<\/p>\n<hr \/>\n<p><center><b>GIOVEDI<\/b><\/center>Cielo al mattino generalmente sereno o poco nuvoloso per sporadiche nubi basse nelle valli nelle ore fredde; in giornata formazione di modesti cumulo-nembi per il significativo riscaldamento diurno, specie a ridosso dei rilievi e delle cime dolomitiche, localmente consistenti nel tardo pomeriggio e non si esclude che possano determinare occasionali fenomeni di calore. Temperature in ulteriore lieve aumento e ben superiori alla norma.<\/p>\n<p>&nbsp;<\/p>\n<hr \/>\n<p>&nbsp;<\/p>\n<p><img loading=\"lazy\" decoding=\"async\" class=\"wp-image-60761 size-full aligncenter\" src=\"https:\/\/www.radiopiu.net\/wordpress\/wp-content\/uploads\/2018\/09\/sport.jpg\" alt=\"\" width=\"800\" height=\"100\" srcset=\"https:\/\/www.radiopiu.net\/wordpress\/wp-content\/uploads\/2018\/09\/sport.jpg 800w, https:\/\/www.radiopiu.net\/wordpress\/wp-content\/uploads\/2018\/09\/sport-300x38.jpg 300w, https:\/\/www.radiopiu.net\/wordpress\/wp-content\/uploads\/2018\/09\/sport-768x96.jpg 768w\" sizes=\"auto, (max-width: 800px) 100vw, 800px\" \/><\/p>\n<p>&nbsp;<\/p>\n<p><span style=\"color: #0000ff;\"><strong>CORSA<\/strong><\/span><\/p>\n<p>&nbsp;<\/p>\n<div class=\"flex flex-grow flex-col max-w-full\">\n<div class=\"min-h-[20px] text-message flex flex-col items-start whitespace-pre-wrap break-words [.text-message+&amp;]:mt-5 juice:w-full juice:items-end overflow-x-auto gap-2\" dir=\"auto\" data-message-author-role=\"assistant\" data-message-id=\"3d97dcb2-5b0d-418a-a66b-25c77bea27f6\">\n<div class=\"flex w-full flex-col gap-1 juice:empty:hidden juice:first:pt-[3px]\">\n<div class=\"markdown prose w-full break-words dark:prose-invert dark\">\n<blockquote>\n<h2><a class=\"dt-pswp-item\" href=\"https:\/\/www.radiopiu.net\/wordpress\/wp-content\/uploads\/2019\/11\/LORENZO-CAGNATI-2019-2.jpeg\" data-dt-img-description=\"\" data-large_image_width=\"640\" data-large_image_height=\"640\"><img loading=\"lazy\" decoding=\"async\" class=\"wp-image-107629 alignleft\" src=\"https:\/\/www.radiopiu.net\/wordpress\/wp-content\/uploads\/2019\/11\/LORENZO-CAGNATI-2019-2-300x300.jpeg\" alt=\"\" width=\"153\" height=\"153\" srcset=\"https:\/\/www.radiopiu.net\/wordpress\/wp-content\/uploads\/2019\/11\/LORENZO-CAGNATI-2019-2-300x300.jpeg 300w, https:\/\/www.radiopiu.net\/wordpress\/wp-content\/uploads\/2019\/11\/LORENZO-CAGNATI-2019-2-150x150.jpeg 150w, https:\/\/www.radiopiu.net\/wordpress\/wp-content\/uploads\/2019\/11\/LORENZO-CAGNATI-2019-2.jpeg 640w\" sizes=\"auto, (max-width: 153px) 100vw, 153px\" \/><\/a>Lorenzo Cagnati vince il titolo italiano di staffetta nonostante una lesione al tendine della cavigli<\/h2>\n<\/blockquote>\n<\/div>\n<\/div>\n<\/div>\n<\/div>\n<div class=\"mt-1 flex gap-3 empty:hidden juice:-ml-3\">\n<div class=\"items-center justify-start rounded-xl p-1 flex\">\n<div class=\"flex items-center\">Nonostante una lesione al tendine della caviglia un mese fa, Lorenzo Cagnati ha partecipato al Tricolore di Gagliano del Capo in Puglia e ha conquistato il suo primo titolo italiano assoluto di staffetta. Come terzo frazionista dell&#8217;Atletica Valli Bergamasche, ha concluso la gara resistendo agli avversari e vincendo con 39 secondi di vantaggio sul Valchiese. La prestazione di Cagnati ha coronato gli sforzi dei suoi compagni, Xavier Chevrier e Cesare Maestri.<\/div>\n<\/div>\n<\/div>\n<p>&nbsp;<\/p>\n<p><span style=\"color: #0000ff;\"><strong>CALCIO<\/strong><\/span><\/p>\n<blockquote>\n<h3>CANALE E VALLADA SEMPRE IN TESTA ALLA CLASSIFICA DEL CAMPIONATO AGORDINO DI CALCIO<\/h3>\n<\/blockquote>\n<p><strong><a class=\"dt-pswp-item\" href=\"https:\/\/www.radiopiu.net\/wordpress\/wp-content\/uploads\/2024\/06\/TAIBON-2024.jpg\" data-dt-img-description=\"\" data-large_image_width=\"1600\" data-large_image_height=\"1200\"><img loading=\"lazy\" decoding=\"async\" class=\" wp-image-395028 alignleft\" src=\"https:\/\/www.radiopiu.net\/wordpress\/wp-content\/uploads\/2024\/06\/TAIBON-2024-300x225.jpg\" alt=\"\" width=\"192\" height=\"144\" srcset=\"https:\/\/www.radiopiu.net\/wordpress\/wp-content\/uploads\/2024\/06\/TAIBON-2024-300x225.jpg 300w, https:\/\/www.radiopiu.net\/wordpress\/wp-content\/uploads\/2024\/06\/TAIBON-2024-1024x768.jpg 1024w, https:\/\/www.radiopiu.net\/wordpress\/wp-content\/uploads\/2024\/06\/TAIBON-2024-768x576.jpg 768w, https:\/\/www.radiopiu.net\/wordpress\/wp-content\/uploads\/2024\/06\/TAIBON-2024-1536x1152.jpg 1536w, https:\/\/www.radiopiu.net\/wordpress\/wp-content\/uploads\/2024\/06\/TAIBON-2024.jpg 1600w\" sizes=\"auto, (max-width: 192px) 100vw, 192px\" \/><\/a>DI MARCO GAZ<\/strong><\/p>\n<p><strong>REDAZIONE<\/strong> La Valle del Biois continua ad essere la protagonista del Memorial Attilio Moretti. Vallada nel girone A e Canale nel girone B sono le squadre in testa alla classifica. I valladini vincono di misura con il Rivamonte incamerando la terza vittoria consecutiva. Il Taibon rientra dal turno di riposo e rifila una manita all\u2019Alleghe. Il Caprile vince a Cernadoi rifilando tre reti agli orsetti nella giornata in cui il La Valle risposava. Nel secondo raggruppamento spicca la prima vittoria del Falcade\/Caviola che supera di misura il Cencenighe. Nel big match di giornata tra Canale e Voltago non mancano le emozioni ma la sfida termina in pareggio con due gol per parte. Stesso risultato anche a Gosaldo dove il Le Ville strappa un punto contro i pluriscudettati.<\/p>\n<p><strong>I RISULTATI<\/strong> Girone A: Rivamonte \u2013 Vallada 1-2, Alleghe \u2013 Taibon 0-5, Caprile \u2013 Fodom 3-1. Riposa La Valle. Girone B: Cencenighe \u2013 Falcade\/Caviola 0-1, Canale \u2013 Voltago 2-2, Gosaldo \u2013 Le Ville 2-2<\/p>\n<p><strong>LA CLASSIFICA:<\/strong> Girone A: Vallada 9, Caprile 7, Taibon* 4, La Valle* 3, Fodom e Rivamonte 1, Alleghe* 0 (* una partita in meno). Girone B: Canale* 7, Le Ville e Voltago 4, Falcade\/Caviola 3, Gosaldo 1, Cencenighe* 0 (* una partita in pi\u00f9)<\/p>\n<p><strong>PROSSIMO TURNO:<\/strong> Girone A: sabato alle 20:30 Alleghe \u2013 La Valle, Domenica alle 16 Fodom \u2013 Rivamonte e Taibon &#8211; Vallada. Riposa il Caprile. Girone B: domenica alle 16 Voltago \u2013 Le Ville e Gosaldo \u2013 Falcade\/Caviola. Canale \u2013 Cencenighe 2-0 (anticipo della terza giornata)<\/p>\n<p>&nbsp;<\/p>\n<p><strong>CAMPIONATO AGORDINO GIOVANILE UNDER 14<\/strong><\/p>\n<p>In archivio anche la seconda giornata del Campionato Agordino Giovanile under 14, Memorial Gabriele Orzetti. Dopo i primi due turni sono tre le squadre in testa alla classifica: Taibon, Canale e Caprile. Nel big match di giornata la sfida tra Taibon e Canale termina in parit\u00e0. Il Cencenighe fa la voce grossa con il Le Ville rifilando ben 6 gol alla squadra di Agordo. Al \u201cBernaboa\u201d di La Valle il Caprile strappa i tre punti con una vittoria di misura con i padroni di casa. Vallada e Fodom non vanno oltre il pareggio mettendo a segno due gol a testa e abbandonando quota zero in classifica.<\/p>\n<p><strong>I RISULTATI <\/strong>Le Ville \u2013 Cencenighe 2-6, La Valle \u2013 Caprile 1-2, Taibon \u2013 Canale 1-1, Vallada \u2013 Fodom 2-2<\/p>\n<p><strong>LA CLASSIFICA <\/strong>Canale, Caprile e Taibon 4, Cencenighe e La Valle 3, Vallada, Fodom e Le Ville 1.<\/p>\n<p><strong>IL PROSSIMO TURNO <\/strong>sabato alle 16 Fodom \u2013 Taibon, Canale \u2013 Caprile, La Valle \u2013 Le Ville, Cencenighe &#8211; Vallada<\/p>\n<p>&nbsp;<\/p>\n<blockquote>\n<h3>IL PRIMO MEMORIAL EDDI MANE NELLA DUE GIORNI DI FESTA DEL FIORI BARP MAS<\/h3>\n<\/blockquote>\n<p><strong><a class=\"dt-pswp-item\" href=\"https:\/\/www.radiopiu.net\/wordpress\/wp-content\/uploads\/2020\/10\/fiori-barp.png\" data-dt-img-description=\"\" data-large_image_width=\"334\" data-large_image_height=\"475\"><img loading=\"lazy\" decoding=\"async\" class=\" wp-image-164208 alignleft\" src=\"https:\/\/www.radiopiu.net\/wordpress\/wp-content\/uploads\/2020\/10\/fiori-barp-211x300.png\" alt=\"\" width=\"91\" height=\"129\" srcset=\"https:\/\/www.radiopiu.net\/wordpress\/wp-content\/uploads\/2020\/10\/fiori-barp-211x300.png 211w, https:\/\/www.radiopiu.net\/wordpress\/wp-content\/uploads\/2020\/10\/fiori-barp.png 334w\" sizes=\"auto, (max-width: 91px) 100vw, 91px\" \/><\/a>SEDICO<\/strong><\/p>\n<p>DI ROBERTO BONA<\/p>\n<audio class=\"wp-audio-shortcode\" id=\"audio-394930-10\" preload=\"none\" style=\"width: 100%;\" controls=\"controls\"><source type=\"audio\/mpeg\" src=\"https:\/\/www.radiopiu.net\/wordpress\/wp-content\/uploads\/2024\/06\/gr-17-sport-MEMORIAL-EDDI-MANE-BONA.mp3?_=10\" \/><a href=\"https:\/\/www.radiopiu.net\/wordpress\/wp-content\/uploads\/2024\/06\/gr-17-sport-MEMORIAL-EDDI-MANE-BONA.mp3\">https:\/\/www.radiopiu.net\/wordpress\/wp-content\/uploads\/2024\/06\/gr-17-sport-MEMORIAL-EDDI-MANE-BONA.mp3<\/a><\/audio>\n<p>&nbsp;<\/p>\n<p><span style=\"color: #0000ff;\"><strong>HOCKEY SU GHIACCIO<\/strong><\/span><\/p>\n<blockquote>\n<h3>NICOLA SOPPELSA RESTA ALL&#8217;ALLEGHE HOCKEY<\/h3>\n<\/blockquote>\n<p><strong><a class=\"dt-pswp-item\" href=\"https:\/\/www.radiopiu.net\/wordpress\/wp-content\/uploads\/2024\/06\/b2d6d30e-4958-464b-8f11-75eac28cc065.jpg\" data-dt-img-description=\"\" data-large_image_width=\"940\" data-large_image_height=\"788\"><img loading=\"lazy\" decoding=\"async\" class=\" wp-image-394980 alignleft\" src=\"https:\/\/www.radiopiu.net\/wordpress\/wp-content\/uploads\/2024\/06\/b2d6d30e-4958-464b-8f11-75eac28cc065-300x251.jpg\" alt=\"\" width=\"166\" height=\"139\" srcset=\"https:\/\/www.radiopiu.net\/wordpress\/wp-content\/uploads\/2024\/06\/b2d6d30e-4958-464b-8f11-75eac28cc065-300x251.jpg 300w, https:\/\/www.radiopiu.net\/wordpress\/wp-content\/uploads\/2024\/06\/b2d6d30e-4958-464b-8f11-75eac28cc065-768x644.jpg 768w, https:\/\/www.radiopiu.net\/wordpress\/wp-content\/uploads\/2024\/06\/b2d6d30e-4958-464b-8f11-75eac28cc065.jpg 940w\" sizes=\"auto, (max-width: 166px) 100vw, 166px\" \/><\/a>DI ROBERTO MIANA, PORTAVOCE DELL&#8217;ALLEGHE HOCKEY<\/strong><\/p>\n<p>Continua senza sosta il lavoro dell\u2019Alleghe Hockey che annuncia con piacere la conferma di Nicola Soppelsa. Alleghese classe 2000 di professione Idraulico, oltre all\u2019hockey ha nella pesca la sua grande passione. Talentuoso difensore prodotto della \u201ccantera\u201d Agordina \u00e8 uno dei punti fermi della squadra. Giocher\u00e0 la sua nona stagione ai piedi del Civetta dove ha esordito in prima squadra nel campionato 2016\/2017, collezionando un totale di 190 presenze, 14 gol e 38 assist con un bottino nell\u2019ultima stagione di 3 gol e 12 assist. Le parole di Nicola: \u201cAnche per questa stagione non ho avuto dubbi nel dare la mia disponibilit\u00e0 alla Societ\u00e0. \u00c8 sempre un onore giocare per questa maglia e con questi compagni con i quali sono molto legato. Sulle previsioni riguardo la prossima stagione non mi sbilancio, siamo solo all\u2019inizio dell\u2019hockey-mercato, mancano ancora diverse conferme e nuovi giocatori che potranno cambiare il volto della squadra\u201d.<\/p>\n<p>&nbsp;<\/p>\n<p>&nbsp;<\/p>\n<p>&nbsp;<\/p>\n<div class=\"flex-1 overflow-hidden\">\n<div class=\"react-scroll-to-bottom--css-ekseq-79elbk h-full\">\n<div class=\"react-scroll-to-bottom--css-ekseq-1n7m0yu\">\n<div class=\"flex flex-col text-sm md:pb-9\">\n<div class=\"w-full text-token-text-primary\" dir=\"auto\" data-testid=\"conversation-turn-19\" data-scroll-anchor=\"true\">\n<div class=\"py-2 juice:py-[18px] px-3 text-base md:px-4 m-auto md:px-5 lg:px-1 xl:px-5\">\n<div class=\"mx-auto flex flex-1 gap-3 text-base juice:gap-4 juice:md:gap-5 juice:lg:gap-6 md:max-w-3xl\">\n<div class=\"group\/conversation-turn relative flex w-full min-w-0 flex-col agent-turn\">\n<div class=\"flex-col gap-1 md:gap-3\">\n<div class=\"mt-1 flex gap-3 empty:hidden juice:-ml-3\">\n<div class=\"items-center justify-start rounded-xl p-1 flex\">\n<div><\/div>\n<\/div>\n<div>\n<hr \/>\n<\/div>\n<\/div>\n<\/div>\n<\/div>\n<\/div>\n<\/div>\n<\/div>\n<\/div>\n<\/div>\n<\/div>\n<\/div>\n<div class=\"mt-1 flex gap-3 empty:hidden juice:-ml-3\">\n<div class=\"items-center justify-start rounded-xl p-1 flex\">\n<div class=\"flex items-center\">\n<div class=\"flex\"><\/div>\n<div class=\"flex items-center pb-0.5 juice:pb-0\">\n<div class=\"[&amp;_svg]:h-full [&amp;_svg]:w-full icon-md h-4 w-4\"><\/div>\n<\/div>\n<\/div>\n<\/div>\n<\/div>\n","protected":false},"excerpt":{"rendered":"<p>******* &nbsp; E IN EDICOLA&#8230; MENSILE NEWS. IL NUOVO MENSILE PER LA PROVINCIA &nbsp; &nbsp; ATTENZIONE: LA NUOVA APP PER IOS-IPHONE di Nicola Vettorello https:\/\/apps.apple.com\/it\/app\/radio-pi%C3%B9-emittente-agordina\/id1515939845 ATTENZIONE: LA NUOVA APP RADIO\u00a0 PER ANDROID di Nicola Vettorello https:\/\/play.google.com\/store\/apps\/details?id=net.radiopiu.iniko\u00a0\u00a0\u00a0 &nbsp; &nbsp; &nbsp; OGGI ALLA RADIO:\u00a0ALLE 6.15 PIROLE DE LENGA, CON IL MUSLA\u00a0\u00a0ALLE 7.20\u00a0EL BAL DEL FIOR, DETTI E&hellip;<\/p>\n","protected":false},"author":4,"featured_media":395023,"comment_status":"closed","ping_status":"closed","sticky":false,"template":"","format":"standard","meta":{"_monsterinsights_skip_tracking":false,"_monsterinsights_sitenote_active":false,"_monsterinsights_sitenote_note":"","_monsterinsights_sitenote_category":0,"footnotes":""},"categories":[51,86,49],"tags":[],"class_list":["post-394930","post","type-post","status-publish","format-standard","has-post-thumbnail","hentry","category-evidenza-top","category-gr","category-news-18","category-51","category-86","category-49","description-off"],"img_url":"https:\/\/www.radiopiu.net\/wordpress\/wp-content\/uploads\/2024\/06\/dbdbfbb8-c6a6-4aad-87e3-a1cabeffbb93.jpg","_links":{"self":[{"href":"https:\/\/www.radiopiu.net\/wordpress\/wp-json\/wp\/v2\/posts\/394930","targetHints":{"allow":["GET"]}}],"collection":[{"href":"https:\/\/www.radiopiu.net\/wordpress\/wp-json\/wp\/v2\/posts"}],"about":[{"href":"https:\/\/www.radiopiu.net\/wordpress\/wp-json\/wp\/v2\/types\/post"}],"author":[{"embeddable":true,"href":"https:\/\/www.radiopiu.net\/wordpress\/wp-json\/wp\/v2\/users\/4"}],"replies":[{"embeddable":true,"href":"https:\/\/www.radiopiu.net\/wordpress\/wp-json\/wp\/v2\/comments?post=394930"}],"version-history":[{"count":0,"href":"https:\/\/www.radiopiu.net\/wordpress\/wp-json\/wp\/v2\/posts\/394930\/revisions"}],"wp:featuredmedia":[{"embeddable":true,"href":"https:\/\/www.radiopiu.net\/wordpress\/wp-json\/wp\/v2\/media\/395023"}],"wp:attachment":[{"href":"https:\/\/www.radiopiu.net\/wordpress\/wp-json\/wp\/v2\/media?parent=394930"}],"wp:term":[{"taxonomy":"category","embeddable":true,"href":"https:\/\/www.radiopiu.net\/wordpress\/wp-json\/wp\/v2\/categories?post=394930"},{"taxonomy":"post_tag","embeddable":true,"href":"https:\/\/www.radiopiu.net\/wordpress\/wp-json\/wp\/v2\/tags?post=394930"}],"curies":[{"name":"wp","href":"https:\/\/api.w.org\/{rel}","templated":true}]}}