{"id":394936,"date":"2024-06-15T14:27:07","date_gmt":"2024-06-15T12:27:07","guid":{"rendered":"https:\/\/www.radiopiu.net\/wordpress\/?p=394936"},"modified":"2024-06-15T14:27:07","modified_gmt":"2024-06-15T12:27:07","slug":"doppio-intervento-del-suem-in-mattinata","status":"publish","type":"post","link":"https:\/\/www.radiopiu.net\/wordpress\/doppio-intervento-del-suem-in-mattinata\/","title":{"rendered":"DOPPIO INTERVENTO DEL SUEM IN MATTINATA"},"content":{"rendered":"<p>*****<\/p>\n<p>&nbsp;<\/p>\n<p><strong><a class=\"dt-pswp-item\" href=\"https:\/\/www.radiopiu.net\/wordpress\/wp-content\/uploads\/2023\/08\/suem.png\" data-dt-img-description=\"\" data-large_image_width=\"273\" data-large_image_height=\"127\"><img loading=\"lazy\" decoding=\"async\" class=\" wp-image-348238 alignleft\" src=\"https:\/\/www.radiopiu.net\/wordpress\/wp-content\/uploads\/2023\/08\/suem.png\" alt=\"\" width=\"178\" height=\"83\" \/><\/a>REDAZIONE<\/strong> Erano le 10:33 quando alla centrale opertiva del Suem 118 \u00e8 arrivata la prima chiamata di soccorso. L&#8217;ambulanza della Croce Rossa \u00e8 stata inviata a Belluno per soccorrere una donna di 74 anni che si era ferita in seguito ad un incidente in auto. La paziente \u00e8 stata portata al pronto soccorso per le cure del caso. Alle 11:20 il secondo intervento: questa volta si \u00e8 alzato in volo l&#8217;elicottero Falco che si \u00e8 diretto sul sentiero che porta al Monte Dolada dove un 29enne di Belluno si era fatto male. L&#8217;uomo \u00e8 stato portato al nosocomio di Belluno con ferite di media gravit\u00e0.<\/p>\n<p>&nbsp;<\/p>\n<p>&nbsp;<\/p>\n<p>*********<\/p>\n","protected":false},"excerpt":{"rendered":"<p>***** &nbsp; REDAZIONE Erano le 10:33 quando alla centrale opertiva del Suem 118 \u00e8 arrivata la prima chiamata di soccorso. L&#8217;ambulanza della Croce Rossa \u00e8 stata inviata a Belluno per soccorrere una donna di 74 anni che si era ferita in seguito ad un incidente in auto. La paziente \u00e8 stata portata al pronto soccorso&hellip;<\/p>\n","protected":false},"author":4,"featured_media":382581,"comment_status":"closed","ping_status":"closed","sticky":false,"template":"","format":"standard","meta":{"_monsterinsights_skip_tracking":false,"_monsterinsights_sitenote_active":false,"_monsterinsights_sitenote_note":"","_monsterinsights_sitenote_category":0,"footnotes":""},"categories":[49],"tags":[],"class_list":["post-394936","post","type-post","status-publish","format-standard","has-post-thumbnail","hentry","category-news-18","category-49","description-off"],"img_url":"https:\/\/www.radiopiu.net\/wordpress\/wp-content\/uploads\/2024\/04\/salt-suem-agordo-croce.jpeg","_links":{"self":[{"href":"https:\/\/www.radiopiu.net\/wordpress\/wp-json\/wp\/v2\/posts\/394936","targetHints":{"allow":["GET"]}}],"collection":[{"href":"https:\/\/www.radiopiu.net\/wordpress\/wp-json\/wp\/v2\/posts"}],"about":[{"href":"https:\/\/www.radiopiu.net\/wordpress\/wp-json\/wp\/v2\/types\/post"}],"author":[{"embeddable":true,"href":"https:\/\/www.radiopiu.net\/wordpress\/wp-json\/wp\/v2\/users\/4"}],"replies":[{"embeddable":true,"href":"https:\/\/www.radiopiu.net\/wordpress\/wp-json\/wp\/v2\/comments?post=394936"}],"version-history":[{"count":0,"href":"https:\/\/www.radiopiu.net\/wordpress\/wp-json\/wp\/v2\/posts\/394936\/revisions"}],"wp:featuredmedia":[{"embeddable":true,"href":"https:\/\/www.radiopiu.net\/wordpress\/wp-json\/wp\/v2\/media\/382581"}],"wp:attachment":[{"href":"https:\/\/www.radiopiu.net\/wordpress\/wp-json\/wp\/v2\/media?parent=394936"}],"wp:term":[{"taxonomy":"category","embeddable":true,"href":"https:\/\/www.radiopiu.net\/wordpress\/wp-json\/wp\/v2\/categories?post=394936"},{"taxonomy":"post_tag","embeddable":true,"href":"https:\/\/www.radiopiu.net\/wordpress\/wp-json\/wp\/v2\/tags?post=394936"}],"curies":[{"name":"wp","href":"https:\/\/api.w.org\/{rel}","templated":true}]}}