{"id":394965,"date":"2024-06-15T16:44:36","date_gmt":"2024-06-15T14:44:36","guid":{"rendered":"https:\/\/www.radiopiu.net\/wordpress\/?p=394965"},"modified":"2024-06-16T13:58:48","modified_gmt":"2024-06-16T11:58:48","slug":"escusrionista-ruzzola-in-un-canale","status":"publish","type":"post","link":"https:\/\/www.radiopiu.net\/wordpress\/escusrionista-ruzzola-in-un-canale\/","title":{"rendered":"ESCUSRIONISTA RUZZOLA IN UN CANALE"},"content":{"rendered":"<p>******<br \/>\n&nbsp;<\/p>\n<p><strong>ALPAGO <\/strong>Attorno <span dir=\"ltr\">alle 11<\/span> la Centrale del 118 ha allertato il Soccorso alpino dell&#8217;Alpago per un escursionista ruzzolato per oltre 100 metri in un canale, mentre con due amici scendeva dal monte Dolada verso il Col Brustol\u00e0. Appena la nebbia lo ha permesso, l&#8217;elicottero del Suem di Pieve di Cadore ha sbarcato con un verricello il tecnico di elisoccorso e il medico, che hanno prestato le prime cure al 29enne di Belluno, raggiunto da uno dei due amici. L&#8217;infortunato, che aveva riportato un probabile trauma a una gamba, \u00e8 stato recuperato assieme al medico e trasportato all&#8217;ospedale di Belluno. Il compagno \u00e8 rientrato al Rifugio Dolada con il tecnico di elisoccorso. Una squadra di soccorritori \u00e8 andata incontro al terzo amico rimasto sulla Forcella.<\/p>\n<p>********<\/p>\n","protected":false},"excerpt":{"rendered":"<p>****** &nbsp; ALPAGO Attorno alle 11 la Centrale del 118 ha allertato il Soccorso alpino dell&#8217;Alpago per un escursionista ruzzolato per oltre 100 metri in un canale, mentre con due amici scendeva dal monte Dolada verso il Col Brustol\u00e0. Appena la nebbia lo ha permesso, l&#8217;elicottero del Suem di Pieve di Cadore ha sbarcato con&hellip;<\/p>\n","protected":false},"author":4,"featured_media":96479,"comment_status":"closed","ping_status":"closed","sticky":false,"template":"","format":"standard","meta":{"_monsterinsights_skip_tracking":false,"_monsterinsights_sitenote_active":false,"_monsterinsights_sitenote_note":"","_monsterinsights_sitenote_category":0,"footnotes":""},"categories":[51,49],"tags":[],"class_list":["post-394965","post","type-post","status-publish","format-standard","has-post-thumbnail","hentry","category-evidenza-top","category-news-18","category-51","category-49","description-off"],"img_url":"https:\/\/www.radiopiu.net\/wordpress\/wp-content\/uploads\/2019\/08\/SOCCORSO-ALPINO-2019.jpg","_links":{"self":[{"href":"https:\/\/www.radiopiu.net\/wordpress\/wp-json\/wp\/v2\/posts\/394965","targetHints":{"allow":["GET"]}}],"collection":[{"href":"https:\/\/www.radiopiu.net\/wordpress\/wp-json\/wp\/v2\/posts"}],"about":[{"href":"https:\/\/www.radiopiu.net\/wordpress\/wp-json\/wp\/v2\/types\/post"}],"author":[{"embeddable":true,"href":"https:\/\/www.radiopiu.net\/wordpress\/wp-json\/wp\/v2\/users\/4"}],"replies":[{"embeddable":true,"href":"https:\/\/www.radiopiu.net\/wordpress\/wp-json\/wp\/v2\/comments?post=394965"}],"version-history":[{"count":0,"href":"https:\/\/www.radiopiu.net\/wordpress\/wp-json\/wp\/v2\/posts\/394965\/revisions"}],"wp:featuredmedia":[{"embeddable":true,"href":"https:\/\/www.radiopiu.net\/wordpress\/wp-json\/wp\/v2\/media\/96479"}],"wp:attachment":[{"href":"https:\/\/www.radiopiu.net\/wordpress\/wp-json\/wp\/v2\/media?parent=394965"}],"wp:term":[{"taxonomy":"category","embeddable":true,"href":"https:\/\/www.radiopiu.net\/wordpress\/wp-json\/wp\/v2\/categories?post=394965"},{"taxonomy":"post_tag","embeddable":true,"href":"https:\/\/www.radiopiu.net\/wordpress\/wp-json\/wp\/v2\/tags?post=394965"}],"curies":[{"name":"wp","href":"https:\/\/api.w.org\/{rel}","templated":true}]}}