{"id":395018,"date":"2024-06-16T17:53:45","date_gmt":"2024-06-16T15:53:45","guid":{"rendered":"https:\/\/www.radiopiu.net\/wordpress\/?p=395018"},"modified":"2024-06-16T17:53:45","modified_gmt":"2024-06-16T15:53:45","slug":"due-incidenti-motociclistici-nel-pomeriggio","status":"publish","type":"post","link":"https:\/\/www.radiopiu.net\/wordpress\/due-incidenti-motociclistici-nel-pomeriggio\/","title":{"rendered":"DUE INCIDENTI MOTOCICLISTICI NEL POMERIGGIO"},"content":{"rendered":"<p>******<\/p>\n<p>&nbsp;<\/p>\n<p><strong><a class=\"dt-pswp-item\" href=\"https:\/\/www.radiopiu.net\/wordpress\/wp-content\/uploads\/2024\/06\/81a41e21-9a4d-4de6-b595-bd41f731b76f.jpg\" data-dt-img-description=\"\" data-large_image_width=\"1280\" data-large_image_height=\"960\"><img loading=\"lazy\" decoding=\"async\" class=\" wp-image-395019 alignleft\" src=\"https:\/\/www.radiopiu.net\/wordpress\/wp-content\/uploads\/2024\/06\/81a41e21-9a4d-4de6-b595-bd41f731b76f-300x225.jpg\" alt=\"\" width=\"156\" height=\"117\" srcset=\"https:\/\/www.radiopiu.net\/wordpress\/wp-content\/uploads\/2024\/06\/81a41e21-9a4d-4de6-b595-bd41f731b76f-300x225.jpg 300w, https:\/\/www.radiopiu.net\/wordpress\/wp-content\/uploads\/2024\/06\/81a41e21-9a4d-4de6-b595-bd41f731b76f-1024x768.jpg 1024w, https:\/\/www.radiopiu.net\/wordpress\/wp-content\/uploads\/2024\/06\/81a41e21-9a4d-4de6-b595-bd41f731b76f-768x576.jpg 768w, https:\/\/www.radiopiu.net\/wordpress\/wp-content\/uploads\/2024\/06\/81a41e21-9a4d-4de6-b595-bd41f731b76f.jpg 1280w\" sizes=\"auto, (max-width: 156px) 100vw, 156px\" \/><\/a>REDAZIONE<\/strong> La centrale del Suem 118 \u00e8 stata allertata nel pomeriggio per due incidenti motociclistici. Il primo sul Passo Giau dove una donna di 27 di origini tedesche \u00e8 stata soccorsa dall&#8217;ambulanza e dall&#8217;elicottero dell&#8217;Aiut Alpin Dolomites ed \u00e8 stata trasferita all&#8217;ospedale di Belluno con ferite di media gravit\u00e0. Poco prima delle 15:30 il secondo incidente motociclistico a Longarone sulla strada che porta sul Vajont. In questo caso sono 3 i feriti. Due le ambulanze che sono arrivate sul posto oltre all&#8217;elicottero Falco. I feriti sono stati portati al San Martino di Belluno tranne uno che \u00e8 stato elitrasportato a Treviso.<\/p>\n<p>&nbsp;<\/p>\n<p>&nbsp;<\/p>\n<p>*********<\/p>\n","protected":false},"excerpt":{"rendered":"<p>****** &nbsp; REDAZIONE La centrale del Suem 118 \u00e8 stata allertata nel pomeriggio per due incidenti motociclistici. Il primo sul Passo Giau dove una donna di 27 di origini tedesche \u00e8 stata soccorsa dall&#8217;ambulanza e dall&#8217;elicottero dell&#8217;Aiut Alpin Dolomites ed \u00e8 stata trasferita all&#8217;ospedale di Belluno con ferite di media gravit\u00e0. Poco prima delle 15:30&hellip;<\/p>\n","protected":false},"author":4,"featured_media":395019,"comment_status":"closed","ping_status":"closed","sticky":false,"template":"","format":"standard","meta":{"_monsterinsights_skip_tracking":false,"_monsterinsights_sitenote_active":false,"_monsterinsights_sitenote_note":"","_monsterinsights_sitenote_category":0,"footnotes":""},"categories":[51,49],"tags":[],"class_list":["post-395018","post","type-post","status-publish","format-standard","has-post-thumbnail","hentry","category-evidenza-top","category-news-18","category-51","category-49","description-off"],"img_url":"https:\/\/www.radiopiu.net\/wordpress\/wp-content\/uploads\/2024\/06\/81a41e21-9a4d-4de6-b595-bd41f731b76f.jpg","_links":{"self":[{"href":"https:\/\/www.radiopiu.net\/wordpress\/wp-json\/wp\/v2\/posts\/395018","targetHints":{"allow":["GET"]}}],"collection":[{"href":"https:\/\/www.radiopiu.net\/wordpress\/wp-json\/wp\/v2\/posts"}],"about":[{"href":"https:\/\/www.radiopiu.net\/wordpress\/wp-json\/wp\/v2\/types\/post"}],"author":[{"embeddable":true,"href":"https:\/\/www.radiopiu.net\/wordpress\/wp-json\/wp\/v2\/users\/4"}],"replies":[{"embeddable":true,"href":"https:\/\/www.radiopiu.net\/wordpress\/wp-json\/wp\/v2\/comments?post=395018"}],"version-history":[{"count":0,"href":"https:\/\/www.radiopiu.net\/wordpress\/wp-json\/wp\/v2\/posts\/395018\/revisions"}],"wp:featuredmedia":[{"embeddable":true,"href":"https:\/\/www.radiopiu.net\/wordpress\/wp-json\/wp\/v2\/media\/395019"}],"wp:attachment":[{"href":"https:\/\/www.radiopiu.net\/wordpress\/wp-json\/wp\/v2\/media?parent=395018"}],"wp:term":[{"taxonomy":"category","embeddable":true,"href":"https:\/\/www.radiopiu.net\/wordpress\/wp-json\/wp\/v2\/categories?post=395018"},{"taxonomy":"post_tag","embeddable":true,"href":"https:\/\/www.radiopiu.net\/wordpress\/wp-json\/wp\/v2\/tags?post=395018"}],"curies":[{"name":"wp","href":"https:\/\/api.w.org\/{rel}","templated":true}]}}