{"id":395077,"date":"2024-06-18T05:41:54","date_gmt":"2024-06-18T03:41:54","guid":{"rendered":"https:\/\/www.radiopiu.net\/wordpress\/?p=395077"},"modified":"2024-06-18T07:59:16","modified_gmt":"2024-06-18T05:59:16","slug":"giornale-radiopiu-18-giugno-2024-direttore-mirko-mezzacasada-40-anni-25-giugno-1983-25-giugno-2023","status":"publish","type":"post","link":"https:\/\/www.radiopiu.net\/wordpress\/giornale-radiopiu-18-giugno-2024-direttore-mirko-mezzacasada-40-anni-25-giugno-1983-25-giugno-2023\/","title":{"rendered":"GIORNALE RADIOPIU 18 GIUGNO 2024 DIRETTORE MIRKO MEZZACASA\u2026DA 40 ANNI 25 GIUGNO 1983-25 GIUGNO 2023"},"content":{"rendered":"<p>*******<\/p>\n<blockquote>\n<h1 class=\"entry-title\">LA BELLA NOTIZIA!<\/h1>\n<\/blockquote>\n<p><strong>STRADA PROVINCIALE VAL FIORENTINA, GALLERIE MARZELUCH\u2026 FINALMENTE ILLUMINATE A GIORNO. SPERIAMO SIA DEFINITIVO\u00a0<\/strong><\/p>\n<p><a class=\"dt-pswp-item\" href=\"https:\/\/www.radiopiu.net\/wordpress\/wp-content\/uploads\/2024\/06\/8043ff83-fde3-4821-ba97-68ebd3ee917a.jpg\" data-dt-img-description=\"\" data-large_image_width=\"1600\" data-large_image_height=\"900\"><img loading=\"lazy\" decoding=\"async\" class=\"aligncenter wp-image-395164 size-full\" src=\"https:\/\/www.radiopiu.net\/wordpress\/wp-content\/uploads\/2024\/06\/8043ff83-fde3-4821-ba97-68ebd3ee917a.jpg\" alt=\"\" width=\"1600\" height=\"900\" srcset=\"https:\/\/www.radiopiu.net\/wordpress\/wp-content\/uploads\/2024\/06\/8043ff83-fde3-4821-ba97-68ebd3ee917a.jpg 1600w, https:\/\/www.radiopiu.net\/wordpress\/wp-content\/uploads\/2024\/06\/8043ff83-fde3-4821-ba97-68ebd3ee917a-300x169.jpg 300w, https:\/\/www.radiopiu.net\/wordpress\/wp-content\/uploads\/2024\/06\/8043ff83-fde3-4821-ba97-68ebd3ee917a-1024x576.jpg 1024w, https:\/\/www.radiopiu.net\/wordpress\/wp-content\/uploads\/2024\/06\/8043ff83-fde3-4821-ba97-68ebd3ee917a-768x432.jpg 768w, https:\/\/www.radiopiu.net\/wordpress\/wp-content\/uploads\/2024\/06\/8043ff83-fde3-4821-ba97-68ebd3ee917a-1536x864.jpg 1536w\" sizes=\"auto, (max-width: 1600px) 100vw, 1600px\" \/>\u00a0<\/a><\/p>\n<p>&nbsp;<\/p>\n<p>&nbsp;<\/p>\n<p>&nbsp;<\/p>\n<p>&nbsp;<\/p>\n<p>&nbsp;<\/p>\n<hr \/>\n<p>&nbsp;<\/p>\n<p><em><a href=\"https:\/\/www.radiopiu.net\/wordpress\/giornale-radiopiu-24-gennaio-2021-direttore-mirko-mezzacasa\/79216601_126817312416448_708980208774483089_n\/\" rel=\"attachment wp-att-186567\"><img loading=\"lazy\" decoding=\"async\" class=\"size-medium wp-image-186567 alignright\" src=\"https:\/\/www.radiopiu.net\/wordpress\/wp-content\/uploads\/2021\/01\/79216601_126817312416448_708980208774483089_n-300x114.jpg\" alt=\"\" width=\"300\" height=\"114\" srcset=\"https:\/\/www.radiopiu.net\/wordpress\/wp-content\/uploads\/2021\/01\/79216601_126817312416448_708980208774483089_n-300x114.jpg 300w, https:\/\/www.radiopiu.net\/wordpress\/wp-content\/uploads\/2021\/01\/79216601_126817312416448_708980208774483089_n-768x292.jpg 768w, https:\/\/www.radiopiu.net\/wordpress\/wp-content\/uploads\/2021\/01\/79216601_126817312416448_708980208774483089_n.jpg 820w\" sizes=\"auto, (max-width: 300px) 100vw, 300px\" \/><\/a><span style=\"color: #ff0000;\">ATTENZIONE: LA NUOVA APP PER IOS-IPHONE di Nicola Vettorello <\/span><\/em><a href=\"https:\/\/apps.apple.com\/it\/app\/radio-pi%C3%B9-emittente-agordina\/id1515939845\">https:\/\/apps.apple.com\/it\/app\/radio-pi%C3%B9-emittente-agordina\/id1515939845<\/a><\/p>\n<p><em style=\"color: #ff0000;\">ATTENZIONE: LA NUOVA APP RADIO\u00a0 PER ANDROID di Nicola Vettorello<\/em><\/p>\n<p><a href=\"https:\/\/play.google.com\/store\/apps\/details?id=net.radiopiu.iniko\" target=\"_blank\" rel=\"noopener noreferrer\">https:\/\/play.google.com\/store\/apps\/details?id=net.radiopiu.iniko\u00a0\u00a0\u00a0<\/a><\/p>\n<p>&nbsp;<\/p>\n<div data-block=\"true\" data-editor=\"avj4u\" data-offset-key=\"d3i0j-0-0\"><\/div>\n<div data-block=\"true\" data-editor=\"avj4u\" data-offset-key=\"d3i0j-0-0\">\n<hr \/>\n<p>&nbsp;<\/p>\n<\/div>\n<p>&nbsp;<\/p>\n<p><strong class=\"photoswipe-wrapper\"><span style=\"color: #ff0000;\"><a class=\"dt-pswp-item\" href=\"https:\/\/www.radiopiu.net\/wordpress\/wp-content\/uploads\/2024\/06\/0e62e506-881e-4421-a352-39ca2556922c.jpg\" data-dt-img-description=\"\" data-large_image_width=\"659\" data-large_image_height=\"922\"><img loading=\"lazy\" decoding=\"async\" class=\" wp-image-395195 alignleft\" src=\"https:\/\/www.radiopiu.net\/wordpress\/wp-content\/uploads\/2024\/06\/0e62e506-881e-4421-a352-39ca2556922c-214x300.jpg\" alt=\"\" width=\"176\" height=\"247\" srcset=\"https:\/\/www.radiopiu.net\/wordpress\/wp-content\/uploads\/2024\/06\/0e62e506-881e-4421-a352-39ca2556922c-214x300.jpg 214w, https:\/\/www.radiopiu.net\/wordpress\/wp-content\/uploads\/2024\/06\/0e62e506-881e-4421-a352-39ca2556922c.jpg 659w\" sizes=\"auto, (max-width: 176px) 100vw, 176px\" \/><\/a>OGGI ALLA RADIO<\/span><\/strong>:\u00a0<strong>ALLE 6.15 <\/strong>PIROLE DE LENGA, CON IL MUSLA\u00a0\u00a0<strong>ALLE 7.20<\/strong>\u00a0EL BAL DEL FIOR, DETTI E TRADIZIONI DI GIULIANA DA RONCH;\u00a0<strong>ALLE 8.20\u00a0<\/strong>PIU SIAMO CON MARINA<strong> 9.00<\/strong>\u00a0 LA MUSICA COUNTRY CON ALEX NASCIMBEN\u00a0 <strong>9.30\u00a0<\/strong>VIABILITA\u2019 Botol_Car\u00a0<strong>\u00a0<\/strong><b>\u00a010.10\u00a0<\/b> <span style=\"color: #0000ff;\"><span style=\"color: #000000;\">MUSLA le nove in ladi<\/span><span style=\"color: #000000;\">n<\/span><strong><span style=\"color: #000000;\"> 10.30\u00a0 <\/span><\/strong><span style=\"color: #000000;\">voci ribelli di Alessia Dall&#8217;O<\/span><\/span>\u00a0\u00a0<strong>11.10<\/strong>\u00a0C\u2019ERA UNA VOLTA FESTIVALBAR, DI MIRCO BENCIVENNI\u00a0<strong>12.00\u00a0<\/strong>VA TUTTO LISCIO\u00a0<strong>12.30\u00a0<\/strong>GIORNALE RADIO EDIZIONE PRINCIPALE 13.10 con Francesco Zillio alle 13.10 e alle 21 LA TECNOLOGIA ALLA RADIO CON EPCENTER.\u00a0 <strong>13.20<\/strong>\u00a0PRIMA VERA HIT\u00a0<strong>14.00\u00a0<\/strong>\u00a0COLLAGE OPERAZIONE NOSTALGIA DI LORIS SCUSSEL<strong> 15.00 <\/strong>IL MARTEDI POMERIGGIO CON LUISA ALCHINI, puntata DOLOMITI UNESCO\u00a0 <strong>1<\/strong><strong>6.00\u00a0<\/strong>IL ROCK DI MARCO COSTANTINI\u00a0<strong>16.45\u00a0<\/strong>LE HIT DI MIRCO BENCIVENNI\u00a0<strong>19\u00a0<\/strong>ANTICIPAZIONI DAL TG DI ANTENNA 3 DI TIZIANA BOLOGNANI<\/p>\n<blockquote><p><strong>rassegna stampa nazionale, ogni giorno alle 5 e alle 6 del mattino<\/strong><br \/>\n<em>giornali locali 7 rassegna stampa flash, 8 rassegna stampa, gr flash alle 10 e alle 11, principale 12.30. Informazione pomerIggio alle 15 (speciale) 16, 17, 18. Giornale radio nazionale: ogni ora dalle 5 del mattino, alle 20 della sera.\u00a0<\/em><\/p><\/blockquote>\n<div class=\"x11i5rnm xat24cr x1mh8g0r x1vvkbs xtlvy1s x126k92a\">\n<div dir=\"auto\">\n<p>&nbsp;<\/p>\n<p>&nbsp;<\/p>\n<hr \/>\n<p>&nbsp;<\/p>\n<p>&nbsp;<\/p>\n<div class=\"x11i5rnm xat24cr x1mh8g0r x1vvkbs xtlvy1s x126k92a\">\n<div dir=\"auto\">\n<p><strong><a class=\"dt-pswp-item\" href=\"https:\/\/www.radiopiu.net\/wordpress\/wp-content\/uploads\/2024\/02\/2d44e751-d8a8-461b-8e22-d8e4e853b032.jpg\" data-dt-img-description=\"\" data-large_image_width=\"1600\" data-large_image_height=\"1200\"><img loading=\"lazy\" decoding=\"async\" class=\"wp-image-373307 alignleft\" src=\"https:\/\/www.radiopiu.net\/wordpress\/wp-content\/uploads\/2024\/02\/2d44e751-d8a8-461b-8e22-d8e4e853b032-300x225.jpg\" alt=\"\" width=\"105\" height=\"79\" srcset=\"https:\/\/www.radiopiu.net\/wordpress\/wp-content\/uploads\/2024\/02\/2d44e751-d8a8-461b-8e22-d8e4e853b032-300x225.jpg 300w, https:\/\/www.radiopiu.net\/wordpress\/wp-content\/uploads\/2024\/02\/2d44e751-d8a8-461b-8e22-d8e4e853b032-1024x768.jpg 1024w, https:\/\/www.radiopiu.net\/wordpress\/wp-content\/uploads\/2024\/02\/2d44e751-d8a8-461b-8e22-d8e4e853b032-768x576.jpg 768w, https:\/\/www.radiopiu.net\/wordpress\/wp-content\/uploads\/2024\/02\/2d44e751-d8a8-461b-8e22-d8e4e853b032-1536x1152.jpg 1536w, https:\/\/www.radiopiu.net\/wordpress\/wp-content\/uploads\/2024\/02\/2d44e751-d8a8-461b-8e22-d8e4e853b032.jpg 1600w\" sizes=\"auto, (max-width: 105px) 100vw, 105px\" \/><\/a>EL BAL DEL FIOR, DI GIULIANA DA RONCH, 18<\/strong><strong>\u00a0GIUGNO 2024<\/strong><\/p>\n<\/div>\n<\/div>\n<\/div>\n<audio class=\"wp-audio-shortcode\" id=\"audio-395077-1\" preload=\"none\" style=\"width: 100%;\" controls=\"controls\"><source type=\"audio\/mpeg\" src=\"https:\/\/www.radiopiu.net\/wordpress\/wp-content\/uploads\/2024\/06\/GMA-2.m4a?_=1\" \/><a href=\"https:\/\/www.radiopiu.net\/wordpress\/wp-content\/uploads\/2024\/06\/GMA-2.m4a\">https:\/\/www.radiopiu.net\/wordpress\/wp-content\/uploads\/2024\/06\/GMA-2.m4a<\/a><\/audio>\n<p>&nbsp;<\/p>\n<div dir=\"auto\">\n<hr \/>\n<\/div>\n<\/div>\n<blockquote>\n<blockquote>\n<h1><span style=\"color: #ff0000;\">\u00a0<\/span><\/h1>\n<h1><span style=\"color: #ff0000;\">I podcast informativi del mattino &#8211; audio &#8211;\u00a0\u00a0<\/span><\/h1>\n<\/blockquote>\n<p><strong><a class=\"dt-pswp-item\" href=\"https:\/\/www.radiopiu.net\/wordpress\/wp-content\/uploads\/2023\/11\/th-10.jpg\" data-dt-img-description=\"\" data-large_image_width=\"320\" data-large_image_height=\"180\"><img loading=\"lazy\" decoding=\"async\" class=\"wp-image-362866 alignleft\" src=\"https:\/\/www.radiopiu.net\/wordpress\/wp-content\/uploads\/2023\/11\/th-10-300x169.jpg\" alt=\"\" width=\"185\" height=\"104\" srcset=\"https:\/\/www.radiopiu.net\/wordpress\/wp-content\/uploads\/2023\/11\/th-10-300x169.jpg 300w, https:\/\/www.radiopiu.net\/wordpress\/wp-content\/uploads\/2023\/11\/th-10.jpg 320w\" sizes=\"auto, (max-width: 185px) 100vw, 185px\" \/><\/a>LA RASSEGNA STAMPA NAZIONALE ALLA RADIO, OGNI GIORNO ALLE 5 E ALLE 6 DEL MATTINO <span style=\"color: #0000ff;\">viene pubblicata alle 6.00 <span style=\"color: #ff0000;\">DIRETTA RADIO\u00a0 \u00a0\u00a0<\/span><\/span><\/strong><\/p><\/blockquote>\n<p>&nbsp;<\/p>\n<p><span style=\"color: #0000ff;\"><strong>NOTIZIE DELLA NOTTE\u00a0<\/strong><\/span><\/p>\n<p><strong>Seul,<\/strong> colpi di avvertimento contro soldati nordcoreani\u00a0 <strong>Per\u00f9<\/strong> si indagher\u00e0 sugli abusi sessuali su 500 bambini indigeni\u00a0 <strong>Schlein,<\/strong> domani in piazza contro violenze e attacchi squadristi\u00a0 <strong>Rapporto Nato,<\/strong> 23 alleati nel 2024 oltre il 2% in difesa\u00a0 <strong>Slitta l&#8217;intesa<\/strong> sui vertici Ue, ma Von Der Leyen resta la favorita <strong>Strage nella discoteca<\/strong> di Corinaldo, tutti assolti i responsabili della sicurezza <strong>Europei 2024 <\/strong>La Francia batte l&#8217;Austria 1-0.<\/p>\n<h2>AUDIO dalle 6 del mattino<\/h2>\n<audio class=\"wp-audio-shortcode\" id=\"audio-395077-2\" preload=\"none\" style=\"width: 100%;\" controls=\"controls\"><source type=\"audio\/mpeg\" src=\"https:\/\/www.radiopiu.net\/wordpress\/wp-content\/uploads\/2024\/06\/GIORNALEDELLESEI-14.mp3?_=2\" \/><a href=\"https:\/\/www.radiopiu.net\/wordpress\/wp-content\/uploads\/2024\/06\/GIORNALEDELLESEI-14.mp3\">https:\/\/www.radiopiu.net\/wordpress\/wp-content\/uploads\/2024\/06\/GIORNALEDELLESEI-14.mp3<\/a><\/audio>\n<p>&nbsp;<\/p>\n<p>&nbsp;<\/p>\n<hr \/>\n<p>&nbsp;<\/p>\n<h1 style=\"text-align: center;\"><span style=\"color: #ff0000;\">I podcast informativi del mattino &#8211; audio &#8211;\u00a0<\/span><\/h1>\n<p><strong><a class=\"dt-pswp-item\" href=\"https:\/\/www.radiopiu.net\/wordpress\/wp-content\/uploads\/2023\/12\/images.png\" data-dt-img-description=\"\" data-large_image_width=\"316\" data-large_image_height=\"160\"><img loading=\"lazy\" decoding=\"async\" class=\"wp-image-367008 alignleft\" src=\"https:\/\/www.radiopiu.net\/wordpress\/wp-content\/uploads\/2023\/12\/images-300x152.png\" alt=\"\" width=\"235\" height=\"119\" srcset=\"https:\/\/www.radiopiu.net\/wordpress\/wp-content\/uploads\/2023\/12\/images-300x152.png 300w, https:\/\/www.radiopiu.net\/wordpress\/wp-content\/uploads\/2023\/12\/images.png 316w\" sizes=\"auto, (max-width: 235px) 100vw, 235px\" \/><\/a>OGNI GIORNO ALLE SETTE DEL MATTINO, LA RASSEGNA STAMPA LOCALE FLASH&#8230; PER CHI VA IN FRETTA. I TITOLI DAI GIORNALI E DAL SITO WWW.RADIOPIU.NET <span style=\"color: #0000ff;\">viene pubblicato alle 7.00<\/span> <span style=\"color: #ff0000;\">DIRETTA RADIO\u00a0<\/span><\/strong><\/p>\n<p><em><span style=\"color: #ff0000;\">per chi va in fretta&#8230; tante notizie in pochi minuti. L&#8217;informazione locale alla radio, ogni ora dalle 7 del mattino alle 19 della sera.\u00a0 \u00a0 <\/span><\/em><\/p>\n<p><em><span style=\"color: #ff0000;\">\u00a0<\/span><\/em><\/p>\n<p><span style=\"color: #000000;\"><em><strong>BELLUNO<\/strong> Daniela Casol, 73 anni, di Belluno, \u00e8 morta per un malore dopo una passeggiata lungo le spiagge di Ugento, in Salento. Dopo aver camminato con il marito Dario D\u2019Incal, noto allenatore della nazionale di sci di fondo, Daniela \u00e8 rimasta in riva al mare mentre Dario tornava nella loro stanza al villaggio Robinson. Poco dopo, un malore l\u2019ha colpita vicino alla battigia.<br \/>\n<strong>VOLTAGO<\/strong> i proprietari hanno dato l\u2019allarme per le fiamme che uscivano dal quadro elettrico e che minacciavano di espandersi. Alle 7.15: sul posto le squadre del distaccamento di permanenti di Agordo e quelle dei volontari agordini. Da Belluno sono stati fatti partire altri tre mezzi ma durante il tragitto sono stati fatti tornare indietro perch\u00e9 la situazione era meno grave di quel che si potesse pensare. A bruciare era infatti solo il quadro elettrico dell\u2019abitazione, posto all\u2019esterno.<br \/>\n<strong>BELLUNO<\/strong> Un 23enne \u00e8 stato arrestato per porto abusivo di armi dopo essere stato rintracciato dai carabinieri a Mier. Trovato con una pistola, munizioni e un coltello, \u00e8 stato inizialmente incarcerato. Ieri, il giovane \u00e8 stato trasferito agli arresti domiciliari nella sua casa a Preganziol. Il gip di Belluno ha convalidato l\u2019arresto e deciso per una misura meno afflittiva.<br \/>\n<strong>RIVAMONTE<\/strong> Gli organizzatori della Sportful Dolomiti Race denunceranno l\u2019anziana donna agordina che domenica ha superato i blocchi stradali a Rivamonte, travolgendo quattro ciclisti. Indagata per lesioni stradali, la donna avrebbe ignorato l\u2019avvertimento del personale di gara<br \/>\n<strong>LA DONNA DI RIVAMONTE:<\/strong> muove anche critiche all\u2019organizzazione dell\u2019evento e riporta che altre vetture, prima di lei erano passate senza problemi. I Carabinieri stanno verificando se la colpa sia solo della signora, oppure se qualche cosa non ha funzionato a livello organizzativo \u00a0 \u00a0<\/em><\/span><\/p>\n<h1>AUDIO dalle 7 del mattino<\/h1>\n<audio class=\"wp-audio-shortcode\" id=\"audio-395077-3\" preload=\"none\" style=\"width: 100%;\" controls=\"controls\"><source type=\"audio\/mpeg\" src=\"https:\/\/www.radiopiu.net\/wordpress\/wp-content\/uploads\/2024\/06\/GF07-14.mp3?_=3\" \/><a href=\"https:\/\/www.radiopiu.net\/wordpress\/wp-content\/uploads\/2024\/06\/GF07-14.mp3\">https:\/\/www.radiopiu.net\/wordpress\/wp-content\/uploads\/2024\/06\/GF07-14.mp3<\/a><\/audio>\n<p>&nbsp;<\/p>\n<p>&nbsp;<\/p>\n<p>&nbsp;<\/p>\n<hr \/>\n<h1 style=\"text-align: center;\"><span style=\"color: #ff0000;\"><a class=\"dt-pswp-item\" href=\"https:\/\/www.radiopiu.net\/wordpress\/wp-content\/uploads\/2022\/01\/026c3f9d-dae9-4040-a3c1-a6530231bcc3.jpg\" data-dt-img-description=\"\" data-large_image_width=\"1152\" data-large_image_height=\"2048\"><img loading=\"lazy\" decoding=\"async\" class=\"wp-image-251839 alignleft\" src=\"https:\/\/www.radiopiu.net\/wordpress\/wp-content\/uploads\/2022\/01\/026c3f9d-dae9-4040-a3c1-a6530231bcc3-169x300.jpg\" alt=\"\" width=\"100\" height=\"177\" srcset=\"https:\/\/www.radiopiu.net\/wordpress\/wp-content\/uploads\/2022\/01\/026c3f9d-dae9-4040-a3c1-a6530231bcc3-169x300.jpg 169w, https:\/\/www.radiopiu.net\/wordpress\/wp-content\/uploads\/2022\/01\/026c3f9d-dae9-4040-a3c1-a6530231bcc3-576x1024.jpg 576w, https:\/\/www.radiopiu.net\/wordpress\/wp-content\/uploads\/2022\/01\/026c3f9d-dae9-4040-a3c1-a6530231bcc3-768x1365.jpg 768w, https:\/\/www.radiopiu.net\/wordpress\/wp-content\/uploads\/2022\/01\/026c3f9d-dae9-4040-a3c1-a6530231bcc3-864x1536.jpg 864w, https:\/\/www.radiopiu.net\/wordpress\/wp-content\/uploads\/2022\/01\/026c3f9d-dae9-4040-a3c1-a6530231bcc3.jpg 1152w\" sizes=\"auto, (max-width: 100px) 100vw, 100px\" \/><\/a>I podcast informativi del mattino &#8211; audio &#8211;\u00a0<\/span><\/h1>\n<blockquote><p><strong>GIORNALE RADIO NAZIONALE, EDIZIONE DELLE SETTE <span style=\"color: #0000ff;\">viene pubblicato alle 7.05 <span style=\"color: #ff0000;\">DIRETTA RADIO\u00a0<\/span><\/span><\/strong><\/p><\/blockquote>\n<p><strong>il giornale radionazionale e&#8217; in onda ogni ora, dalle sette del mattino alle venti della sera\u00a0 \u00a0<\/strong><\/p>\n<p><strong>Marche<\/strong> Un uomo spara alla madre e poi si uccide, tragedia a Senigallia\u00a0 <strong>Milano<\/strong>\u00a0 Malore in piscina, 11enne soccorsa in arresto cardiaco <strong>Suicidio assistito<\/strong> Fine vita, Cappato: &#8216;Il governo si costituisce alla Consulta per la difesa della legge del 1930&#8217;\u00a0 <strong>Vannacci querelato<\/strong> da Egonu, il gip archivia l&#8217;accusa per il generale\u00a0 <strong>In cella 22 anni<\/strong> per femminicidio, esce e viene arrestato per stalking\u00a0 <strong>Nelle carceri<\/strong> in crescita suicidi, aggressioni e proteste\u00a0 <strong>Omicidio nel Salernitano,<\/strong> fermate due persone\u00a0 <strong>Precipita sul Gran Paradiso,<\/strong> morto alpinista L&#8217;allarme dato da una cordata che ha assistito all&#8217;incidente <strong>Barca di migranti<\/strong> si capovolge al largo della Calabria, 50 dispersi<\/p>\n<h2>AUDIO dalle sette del mattino, ogni ora alla radio<\/h2>\n<audio class=\"wp-audio-shortcode\" id=\"audio-395077-4\" preload=\"none\" style=\"width: 100%;\" controls=\"controls\"><source type=\"audio\/mpeg\" src=\"https:\/\/www.radiopiu.net\/wordpress\/wp-content\/uploads\/2024\/06\/giornale07-14.mp3?_=4\" \/><a href=\"https:\/\/www.radiopiu.net\/wordpress\/wp-content\/uploads\/2024\/06\/giornale07-14.mp3\">https:\/\/www.radiopiu.net\/wordpress\/wp-content\/uploads\/2024\/06\/giornale07-14.mp3<\/a><\/audio>\n<p>&nbsp;<\/p>\n<p>&nbsp;<\/p>\n<hr \/>\n<p>&nbsp;<\/p>\n<p>&nbsp;<\/p>\n<h1><span style=\"color: #ff0000;\">I podcast informativi del mattino &#8211; video &#8211;\u00a0<\/span><\/h1>\n<h2><strong><a class=\"dt-pswp-item\" href=\"https:\/\/www.radiopiu.net\/wordpress\/wp-content\/uploads\/2023\/12\/th-10.jpg\" data-dt-img-description=\"\" data-large_image_width=\"245\" data-large_image_height=\"180\"><img loading=\"lazy\" decoding=\"async\" class=\" wp-image-367395 alignleft\" src=\"https:\/\/www.radiopiu.net\/wordpress\/wp-content\/uploads\/2023\/12\/th-10.jpg\" alt=\"\" width=\"166\" height=\"122\" \/><\/a>RASSEGNA STAMPA LOCALE, ORE OTTO 05<\/strong><\/h2>\n<h2><strong> <span style=\"color: #0000ff;\">viene\u00a0 <\/span><\/strong><strong><span style=\"color: #0000ff;\">pubblicata alle 8.05 <span style=\"color: #ff0000;\">DIRETTA RADIO\u00a0\u00a0<\/span><\/span><\/strong><\/h2>\n<p><strong>DI MIRKO MEZZACASA\u00a0 \u00a0<\/strong><button class=\"rounded-lg text-token-text-secondary hover:bg-token-main-surface-secondary\"><\/button><\/p>\n<p><strong>OGGI SUL Corriere delle Alpi E NOTIZIARI DI Radio Pi\u00f9: ARGINATURA LUXOTTICA Gianni Santomaso\u00a0<\/strong><\/p>\n<p><strong><span style=\"color: #0000ff;\">INCONTRO A GOSALDO CON IL COMANDANTE DEI CARABINIERI, OGGI SUL Corriere delle AlpiI E NOTIZIARI RADIO PIU, LUNEDI DIRETTA RADIO\u00a0<\/span><\/strong><\/p>\n<p><strong> <a class=\"dt-pswp-item\" href=\"https:\/\/www.radiopiu.net\/wordpress\/wp-content\/uploads\/2024\/06\/Senza-nome-42.png\" data-dt-img-description=\"\" data-large_image_width=\"598\" data-large_image_height=\"284\"><img loading=\"lazy\" decoding=\"async\" class=\"size-medium wp-image-395201 alignleft\" src=\"https:\/\/www.radiopiu.net\/wordpress\/wp-content\/uploads\/2024\/06\/Senza-nome-42-300x142.png\" alt=\"\" width=\"300\" height=\"142\" srcset=\"https:\/\/www.radiopiu.net\/wordpress\/wp-content\/uploads\/2024\/06\/Senza-nome-42-300x142.png 300w, https:\/\/www.radiopiu.net\/wordpress\/wp-content\/uploads\/2024\/06\/Senza-nome-42.png 598w\" sizes=\"auto, (max-width: 300px) 100vw, 300px\" \/><\/a>PEDAVENA<\/strong> L\u2019ultimo saluto a Paolo Centa, morto sabato a 59 anni per una malattia inguaribile, domani alle 10.30 al cimitero di Pedavena. L\u2019atleta lascia la mamma Delfina e i fratelli Giorgio e Paola con le rispettive famiglie. Sport e volontariato feltrino sono in lutto per la perdita di un appassionato podista<br \/>\n<strong>FONZASO<\/strong> Don Arnaldo Visentin, parroco di San Gottardo di Arten di Fonzaso, \u00e8 stato identificato come il conducente della Volkswagen Polo che ha investito e ucciso Maria Fiabane Carazzai. La Procura di Belluno ha concluso le indagini, scoprendo che il sacerdote non si \u00e8 costituito e ha fatto riparare l\u2019auto. L\u2019incidente \u00e8 avvenuto il 18 ottobre scorso a Feltre: la donna, in sedia a rotelle, \u00e8 stata investita mentre attraversava sulle strisce pedonali. Fiabane \u00e8 morta il 10 novembre per le ferite riportate. L\u2019indagato, potrebbe patteggiare.<br \/>\n<strong>PONTE NELLE ALPI<\/strong> simulavano sordit\u00e0 all\u2019interno di un centro commerciale sportivo a Ponte nelle Alpi, avvicinando clienti, soprattutto anziani, per farsi consegnare denaro. Denunciati per esercizio molesto dell\u2019accattonaggio e ricettazione, i carabinieri hanno trovato in loro possesso numerosi indumenti di provenienza furtiva. Il processo inizier\u00e0 il 16 dicembre.<br \/>\n<strong>LIVINALLONGO DEL COL DI LANA<\/strong> Dopo essere stati condannati a un anno di reclusione, i tre scialpinisti francesi vedranno il loro caso chiudersi per prescrizione il 6 marzo 2024. La valanga del 14 febbraio 2010 che aveva coinvolto gli sciatori sopra Livinallongo non porter\u00e0 a nuove condanne a causa dei tempi troppo lunghi e della mancata traduzione degli atti in francese.<\/p>\n<h2><span style=\"color: #ff0000;\"><strong>VIDEO\u00a0 \u00a0in diretta dalle 8 del mattino\u00a0\u00a0<\/strong><\/span><\/h2>\n<p><iframe loading=\"lazy\" title=\"DAL 1983 LA RASSEGNA STAMPA LOCALE di mirko mezzacasa. L&#039;ORIGINALE\" width=\"1200\" height=\"675\" src=\"https:\/\/www.youtube.com\/embed\/hzvo-7zRC7g?feature=oembed\" frameborder=\"0\" allow=\"accelerometer; autoplay; clipboard-write; encrypted-media; gyroscope; picture-in-picture; web-share\" referrerpolicy=\"strict-origin-when-cross-origin\" allowfullscreen><\/iframe><\/p>\n<p>&nbsp;<\/p>\n<hr \/>\n<p>&nbsp;<\/p>\n<p>&nbsp;<\/p>\n<p><strong><a class=\"dt-pswp-item\" href=\"https:\/\/www.radiopiu.net\/wordpress\/wp-content\/uploads\/2023\/12\/ANTENNA.png\" data-dt-img-description=\"\" data-large_image_width=\"300\" data-large_image_height=\"166\"><img loading=\"lazy\" decoding=\"async\" class=\" wp-image-366306 alignleft\" src=\"https:\/\/www.radiopiu.net\/wordpress\/wp-content\/uploads\/2023\/12\/ANTENNA.png\" alt=\"\" width=\"175\" height=\"97\" \/><\/a>IERI SERA, DAL TG DI ANTENNA 3, ogni sera alle 19 le anticipazioni alla radio, quello che poi seguirete nel TELEGIORNALE BELLUNESE\u00a0 in onda alle 19.30 sul CANALE 10 del digitale terrestre.\u00a0\u00a0<\/strong><\/p>\n<p>&nbsp;<\/p>\n<p><span style=\"color: #ff0000;\"><strong>\u00a0IERI SERA ALLA RADIO&#8230; LE ANTICIPAZIONI DI\u00a0 stefano bozzi<br \/>\n<\/strong><\/span><\/p>\n<audio class=\"wp-audio-shortcode\" id=\"audio-395077-5\" preload=\"none\" style=\"width: 100%;\" controls=\"controls\"><source type=\"audio\/mpeg\" src=\"https:\/\/www.radiopiu.net\/wordpress\/wp-content\/uploads\/2024\/06\/ANTENNA3-11.mp3?_=5\" \/><a href=\"https:\/\/www.radiopiu.net\/wordpress\/wp-content\/uploads\/2024\/06\/ANTENNA3-11.mp3\">https:\/\/www.radiopiu.net\/wordpress\/wp-content\/uploads\/2024\/06\/ANTENNA3-11.mp3<\/a><\/audio>\n<p><span style=\"color: #ff0000;\"><strong>\u00a0<\/strong><\/span><\/p>\n<p>&nbsp;<\/p>\n<p>&nbsp;<\/p>\n<hr \/>\n<p>&nbsp;<\/p>\n<blockquote>\n<h3>ACQUA INQUINATA\u00a0 A ROCCA PIETORE<\/h3>\n<\/blockquote>\n<p><strong><img loading=\"lazy\" decoding=\"async\" class=\"alignleft\" src=\"https:\/\/www.radiopiu.net\/wordpress\/wp-content\/uploads\/2024\/05\/cantiere-municipio-Livinallongo-scaled.jpg\" width=\"231\" height=\"104\" \/><\/strong><b>ROCCA PIETORE <\/b>in localit\u00e0 MOE&#8217; DI LASTE l&#8217;acqua erogata dall&#8217;acquedotto non \u00e8 potabile e pu\u00f2 essere usata per scopi alimentari SOLO PREVIA bollitura.<\/p>\n<p><strong>CENCENIGHE<\/strong> in localit\u00e0 COLLAZ E PRADIMEZZO l&#8217;acqua erogata \u00e8 di nuovo potabile e pu\u00f2 essere usata, quindi, per scopi alimentari.<\/p>\n<p>&nbsp;<\/p>\n<blockquote>\n<h1><strong>i lavori sulla rete ferroviaria<\/strong><\/h1>\n<\/blockquote>\n<p><strong>BELLUNO\u00a0<\/strong> La circolazione dei treni sar\u00e0 sospesa da domenica 9 giugno al 14 dicembre 2024 sulla linea Feltre-Belluno, mentre dal 9 giugno al 7 settembre la sospensione riguarder\u00e0 le stazioni di Treviso e Montebelluna.<\/p>\n<p>&nbsp;<\/p>\n<p>&nbsp;<\/p>\n<hr \/>\n<p>&nbsp;<\/p>\n<blockquote>\n<h3>VIABILITA&#8217; A CAVIOLA, CHIUSURA PROROGATA FINO AL 28 GIUGNO<\/h3>\n<\/blockquote>\n<p><strong>FALCADE<\/strong> Si allungano i tempi dei lavori a Caviola di Falcade. La chiusura della strada che va da Via Trento al centro abitato di Caviola \u00e8 stata prorogata fino al 28 giugno<\/p>\n<p>&nbsp;<\/p>\n<p>&nbsp;<\/p>\n<hr \/>\n<p>&nbsp;<\/p>\n<blockquote>\n<h2><strong>Tragedia in Salento: Muore 73enne Bellunese in Vacanza<\/strong><\/h2>\n<\/blockquote>\n<p><strong><img loading=\"lazy\" decoding=\"async\" class=\"alignleft\" src=\"https:\/\/www.radiopiu.net\/wordpress\/wp-content\/uploads\/2024\/06\/th-3.jpg\" width=\"141\" height=\"106\" \/>BELLUNO <\/strong>Daniela Casol, 73 anni, di Belluno, \u00e8 morta per un malore dopo una passeggiata lungo le spiagge di Ugento, in Salento. Dopo aver camminato con il marito Dario D&#8217;Incal, noto allenatore della nazionale di sci di fondo, Daniela \u00e8 rimasta in riva al mare mentre Dario tornava nella loro stanza al villaggio Robinson. Poco dopo, un malore l&#8217;ha colpita vicino alla battigia. I bagnini del villaggio, accortisi della situazione, hanno tentato di rianimarla, seguiti dal personale del 118 arrivato dall&#8217;ospedale di Casarano. Nonostante gli sforzi, per la donna non c&#8217;\u00e8 stato nulla da fare. \u00c8 probabile che il caldo intenso abbia contribuito al malore.<\/p>\n<p>&nbsp;<\/p>\n<hr \/>\n<p>&nbsp;<\/p>\n<blockquote>\n<h3><a class=\"dt-pswp-item\" href=\"https:\/\/www.radiopiu.net\/wordpress\/wp-content\/uploads\/2023\/11\/vigili-fuoco-agordo-13-scaled.jpg\" data-dt-img-description=\"\" data-large_image_width=\"2560\" data-large_image_height=\"1421\"><img loading=\"lazy\" decoding=\"async\" class=\"wp-image-363320 alignleft\" src=\"https:\/\/www.radiopiu.net\/wordpress\/wp-content\/uploads\/2023\/11\/vigili-fuoco-agordo-13-300x166.jpg\" alt=\"\" width=\"179\" height=\"99\" srcset=\"https:\/\/www.radiopiu.net\/wordpress\/wp-content\/uploads\/2023\/11\/vigili-fuoco-agordo-13-300x166.jpg 300w, https:\/\/www.radiopiu.net\/wordpress\/wp-content\/uploads\/2023\/11\/vigili-fuoco-agordo-13-1024x568.jpg 1024w, https:\/\/www.radiopiu.net\/wordpress\/wp-content\/uploads\/2023\/11\/vigili-fuoco-agordo-13-768x426.jpg 768w, https:\/\/www.radiopiu.net\/wordpress\/wp-content\/uploads\/2023\/11\/vigili-fuoco-agordo-13-1536x852.jpg 1536w, https:\/\/www.radiopiu.net\/wordpress\/wp-content\/uploads\/2023\/11\/vigili-fuoco-agordo-13-2048x1137.jpg 2048w\" sizes=\"auto, (max-width: 179px) 100vw, 179px\" \/><\/a>A FUOCO UN&#8217;ABITAZIONE A FRASSENE&#8217;<\/h3>\n<\/blockquote>\n<p><strong>VOLTAGO<\/strong>\u00a0 i proprietari hanno dato l&#8217;allarme per le fiamme che uscivano dal quadro elettrico e che minacciavano di espandersi.\u00a0 Alle 7.15: sul posto le squadre del distaccamento di permanenti di Agordo e quelle dei volontari agordini. Da Belluno sono stati fatti partire altri tre mezzi ma durante il tragitto sono stati fatti tornare indietro perch\u00e9 la situazione era meno grave di quel che si potesse pensare. A bruciare era infatti solo il quadro elettrico dell&#8217;abitazione, posto all&#8217;esterno. Il problema poteva essere l&#8217;interessamento delle pareti in legno, ma ci\u00f2 non \u00e8 avvenuto per il pronto intervento.<\/p>\n<p>&nbsp;<\/p>\n<hr \/>\n<p>&nbsp;<\/p>\n<blockquote><p><strong>Arresti domiciliari per 23enne trovato con armi a Mier<\/strong><\/p><\/blockquote>\n<p><strong>BELLUNO<\/strong> Un 23enne \u00e8 stato arrestato per porto abusivo di armi dopo essere stato rintracciato dai carabinieri a Mier. Trovato con una pistola, munizioni e un coltello, \u00e8 stato inizialmente incarcerato. Ieri, il giovane \u00e8 stato trasferito agli arresti domiciliari nella sua casa a Preganziol. Il gip di Belluno ha convalidato l&#8217;arresto e deciso per una misura meno afflittiva. Il 23enne, segnalato come scomparso dai carabinieri di Mogliano Veneto, aveva acquistato l&#8217;arma per uso sportivo, ma l&#8217;aveva portata illegalmente.<\/p>\n<p>&nbsp;<\/p>\n<p>&nbsp;<\/p>\n<hr \/>\n<p>&nbsp;<\/p>\n<blockquote>\n<h2><strong>Sportful Dolomiti Race: Scatta la Denuncia<\/strong><\/h2>\n<\/blockquote>\n<p><strong>RIVAMONTE<\/strong> Gli organizzatori della Sportful Dolomiti Race denunceranno l&#8217;anziana donna agordina che domenica ha superato i blocchi stradali a Rivamonte, travolgendo quattro ciclisti. Indagata per lesioni stradali, la donna avrebbe ignorato l&#8217;avvertimento del personale di gara. L&#8217;incidente, avvenuto su una strada chiusa per la corsa, ha causato gravi ferite <a class=\"dt-pswp-item\" href=\"https:\/\/www.radiopiu.net\/wordpress\/wp-content\/uploads\/2024\/06\/Senza-nome-39.png\" data-dt-img-description=\"\" data-large_image_width=\"579\" data-large_image_height=\"478\"><img loading=\"lazy\" decoding=\"async\" class=\"wp-image-395198 alignleft\" src=\"https:\/\/www.radiopiu.net\/wordpress\/wp-content\/uploads\/2024\/06\/Senza-nome-39-300x248.png\" alt=\"\" width=\"175\" height=\"145\" srcset=\"https:\/\/www.radiopiu.net\/wordpress\/wp-content\/uploads\/2024\/06\/Senza-nome-39-300x248.png 300w, https:\/\/www.radiopiu.net\/wordpress\/wp-content\/uploads\/2024\/06\/Senza-nome-39.png 579w\" sizes=\"auto, (max-width: 175px) 100vw, 175px\" \/><\/a>a diversi atleti, tra cui Stefano Cecchini, che ha subito fratture e traumi facciali. Nonostante le misure di sicurezza dettagliate, l&#8217;evento ha subito un danno d&#8217;immagine significativo.<\/p>\n<blockquote>\n<h3><strong>Cecchini: \u00abNonostante tutto \u00e8 andata bene\u00bb<\/strong><\/h3>\n<\/blockquote>\n<p><strong>LUCCA <\/strong>Stefano Cecchini, ciclista coinvolto nell\u2019incidente alla Granfondo Sportful Dolomiti Race, riflette sull\u2019accaduto. Un&#8217;auto contromano ha travolto quattro ciclisti, tra cui Cecchini, che \u00e8 stato ricoverato a Verona per un&#8217;operazione al braccio sinistro. Nonostante le gravi ferite, Cecchini si ritiene fortunato e considera il ritiro dalle gare. Sottolinea l&#8217;importanza della sicurezza stradale, specialmente per gli anziani al volante.\u00a0\u00a0<button class=\"rounded-lg text-token-text-secondary hover:bg-token-main-surface-secondary\"> \u00a0<\/button><\/p>\n<p><strong>LA DONNA DI RIVAMONTE:<\/strong>\u00a0 muove anche critiche all\u2019organizzazione dell\u2019evento e riporta che altre vetture, prima di lei\u00a0 erano passate senza problemi.\u00a0 I Carabinieri stanno verificando se la colpa sia solo della signora, oppure se qualche cosa non ha funzionato a livello organizzativo. Ieri nella trasmissione Pomeriggio 5 news estate un uomo ha testimoniato <em>&#8220;Ho visto il direttore di gara intimare alla macchina di fermarsi e di accostare perch\u00e9 stavano arrivando i corridori. La signora \u00e8 ripartita, dopo che il direttore di gara \u00e8 ripartito&#8221;<\/em><\/p>\n<p>&nbsp;<\/p>\n<p>&nbsp;<\/p>\n<p><strong><a class=\"dt-pswp-item\" href=\"https:\/\/www.radiopiu.net\/wordpress\/wp-content\/uploads\/2023\/12\/ANTENNA.png\" data-dt-img-description=\"\" data-large_image_width=\"300\" data-large_image_height=\"166\"><img loading=\"lazy\" decoding=\"async\" class=\" wp-image-366306 alignleft\" src=\"https:\/\/www.radiopiu.net\/wordpress\/wp-content\/uploads\/2023\/12\/ANTENNA.png\" alt=\"\" width=\"175\" height=\"97\" \/><\/a>IERI SERA, DAL TG DI ANTENNA 3, ogni sera alle 19 le anticipazioni alla radio, quello che poi seguirete nel TELEGIORNALE BELLUNESE\u00a0 in onda alle 19.30 sul CANALE 10 del digitale terrestre.\u00a0\u00a0<\/strong><\/p>\n<h1 class=\"_title post-title entry-title\">\u00a0GLI ORGANIZZATORI: \u00abVALUTIAMO AZIONI LEGALI\u00bb<\/h1>\n<p><strong>intervistati IVAN PIOL PRESIDENTE SPORTFUL DOLOMITI RACE (AL TELEFONO) (Servizio di <a href=\"https:\/\/antennatre.medianordest.it\/redazione\/Stefano-Bozzi\/\">Stefano Bozzi<\/a>)<\/strong><\/p>\n<p><iframe loading=\"lazy\" title=\"INVESTE I CICLISTI PER ANDARE A MESSA. GLI ORGANIZZATORI: \u00abVALUTIAMO AZIONI LEGALI\u00bb | 17\/06\/2024\" width=\"1200\" height=\"675\" src=\"https:\/\/www.youtube.com\/embed\/zuWeVlwOWz0?feature=oembed\" frameborder=\"0\" allow=\"accelerometer; autoplay; clipboard-write; encrypted-media; gyroscope; picture-in-picture; web-share\" referrerpolicy=\"strict-origin-when-cross-origin\" allowfullscreen><\/iframe><\/p>\n<p>&nbsp;<\/p>\n<p>&nbsp;<\/p>\n<hr \/>\n<p>&nbsp;<\/p>\n<blockquote>\n<h3>DOMANI L&#8217;ULTIMO SALUTO A CENTA<\/h3>\n<\/blockquote>\n<p><strong>PEDAVENA<\/strong> L&#8217;ultimo saluto a Paolo Centa, morto sabato a 59 anni per una malattia inguaribile, domani alle 10.30 al cimitero di Pedavena. L&#8217;atleta lascia la mamma Delfina e i fratelli Giorgio e Paola con le rispettive famiglie.\u00a0 Sport e volontariato feltrino sono in lutto per la perdita di un appassionato podista<\/p>\n<p>&nbsp;<\/p>\n<hr \/>\n<p>&nbsp;<\/p>\n<p><span style=\"color: #ff0000;\">la giudiziaria oggi<\/span><br \/>\n<span style=\"color: #ff0000;\">DAL CORRIERE DELLE ALPI<\/span><\/p>\n<p><span style=\"color: #ff0000;\">gigi sosso<\/span><\/p>\n<p><strong><a class=\"dt-pswp-item\" href=\"https:\/\/www.radiopiu.net\/wordpress\/wp-content\/uploads\/2024\/06\/Senza-nome-40.png\" data-dt-img-description=\"\" data-large_image_width=\"748\" data-large_image_height=\"436\"><img loading=\"lazy\" decoding=\"async\" class=\"wp-image-395199 alignleft\" src=\"https:\/\/www.radiopiu.net\/wordpress\/wp-content\/uploads\/2024\/06\/Senza-nome-40-300x175.png\" alt=\"\" width=\"204\" height=\"119\" srcset=\"https:\/\/www.radiopiu.net\/wordpress\/wp-content\/uploads\/2024\/06\/Senza-nome-40-300x175.png 300w, https:\/\/www.radiopiu.net\/wordpress\/wp-content\/uploads\/2024\/06\/Senza-nome-40.png 748w\" sizes=\"auto, (max-width: 204px) 100vw, 204px\" \/><\/a>Un prete alla guida dell\u2019auto pirata: don Arnaldo Visentin indagato per omicidio stradale<\/strong><\/p>\n<div class=\"flex flex-grow flex-col max-w-full\">\n<div class=\"min-h-[20px] text-message flex flex-col items-start whitespace-pre-wrap break-words [.text-message+&amp;]:mt-5 juice:w-full juice:items-end overflow-x-auto gap-2\" dir=\"auto\" data-message-author-role=\"assistant\" data-message-id=\"e64edfc5-6287-4911-bde2-19b52d56bebe\">\n<div class=\"flex w-full flex-col gap-1 juice:empty:hidden juice:first:pt-[3px]\">\n<div class=\"markdown prose w-full break-words dark:prose-invert dark\">\n<p><strong>FONZASO<\/strong> Don Arnaldo Visentin, parroco di San Gottardo di Arten di Fonzaso, \u00e8 stato identificato come il conducente della Volkswagen Polo che ha investito e ucciso Maria Fiabane Carazzai. La Procura di Belluno ha concluso le indagini, scoprendo che il sacerdote non si \u00e8 costituito e ha fatto riparare l&#8217;auto. L\u2019incidente \u00e8 avvenuto il 18 ottobre scorso a Feltre: la donna, in sedia a rotelle, \u00e8 stata investita mentre attraversava sulle strisce pedonali. Fiabane \u00e8 morta il 10 novembre per le ferite riportate. L\u2019indagato, potrebbe patteggiare.<\/p>\n<\/div>\n<\/div>\n<\/div>\n<\/div>\n<p>&nbsp;<\/p>\n<p><strong>Simulavano sordit\u00e0 per truffare anziani: due denunciati a Ponte nelle Alpi<\/strong><\/p>\n<p><strong>PONTE NELLE ALPI<\/strong>\u00a0 simulavano sordit\u00e0 all&#8217;interno di un centro commerciale sportivo a Ponte nelle Alpi, avvicinando clienti, soprattutto anziani, per farsi consegnare denaro. Denunciati per esercizio molesto dell&#8217;accattonaggio e ricettazione, i carabinieri hanno trovato in loro possesso numerosi indumenti di provenienza furtiva. Il processo inizier\u00e0 il 16 dicembre.<\/p>\n<div class=\"mt-1 flex gap-3 empty:hidden juice:-ml-3\">\n<div class=\"items-center justify-start rounded-xl p-1 flex\">\n<div class=\"flex items-center\">\n<div class=\"flex\"><\/div>\n<div class=\"flex items-center pb-0.5 juice:pb-0\">\n<div class=\"[&amp;_svg]:h-full [&amp;_svg]:w-full icon-md h-4 w-4\">\n<p><strong>Sciatori francesi prosciolti per prescrizione: valanga del 2010 a Livinallongo<\/strong><\/p>\n<p><strong>LIVINALLONGO DEL COL DI LANA<\/strong> Dopo essere stati condannati a un anno di reclusione, i tre scialpinisti francesi\u00a0 vedranno il loro caso chiudersi per prescrizione il 6 marzo 2024. La valanga del 14 febbraio 2010 che aveva coinvolto gli sciatori sopra Livinallongo non porter\u00e0 a nuove condanne a causa dei tempi troppo lunghi e della mancata traduzione degli atti in francese.<\/p>\n<\/div>\n<\/div>\n<\/div>\n<\/div>\n<\/div>\n<p>&nbsp;<\/p>\n<hr \/>\n<blockquote>\n<h3><\/h3>\n<h3>ESAMI DI MATURITA&#8217;: GLI AUGURI DALLA CONSIGLIERA PROVINCIALE<\/h3>\n<\/blockquote>\n<p><strong><a class=\"dt-pswp-item\" href=\"https:\/\/www.radiopiu.net\/wordpress\/wp-content\/uploads\/2020\/06\/primo-piano-gli-studenti-che-scrivono-e-leggono-gli-fogli-di-risposta-degli-esami-di-esercitazione-in-aula-della-scuola-con-lo-stress_73622-858.jpg\" data-dt-img-description=\"\" data-large_image_width=\"626\" data-large_image_height=\"417\"><img loading=\"lazy\" decoding=\"async\" class=\" wp-image-143128 alignleft\" src=\"https:\/\/www.radiopiu.net\/wordpress\/wp-content\/uploads\/2020\/06\/primo-piano-gli-studenti-che-scrivono-e-leggono-gli-fogli-di-risposta-degli-esami-di-esercitazione-in-aula-della-scuola-con-lo-stress_73622-858-300x200.jpg\" alt=\"\" width=\"155\" height=\"103\" srcset=\"https:\/\/www.radiopiu.net\/wordpress\/wp-content\/uploads\/2020\/06\/primo-piano-gli-studenti-che-scrivono-e-leggono-gli-fogli-di-risposta-degli-esami-di-esercitazione-in-aula-della-scuola-con-lo-stress_73622-858-300x200.jpg 300w, https:\/\/www.radiopiu.net\/wordpress\/wp-content\/uploads\/2020\/06\/primo-piano-gli-studenti-che-scrivono-e-leggono-gli-fogli-di-risposta-degli-esami-di-esercitazione-in-aula-della-scuola-con-lo-stress_73622-858.jpg 626w\" sizes=\"auto, (max-width: 155px) 100vw, 155px\" \/><\/a>BELLUNO<\/strong> La consigliera provinciale Vanessa De Francesch augura agli studenti che affrontano gli esami di maturit\u00e0 di creare ricordi piacevoli e di trovare soddisfazione nei loro futuri studi o lavori. Sottolinea il calo demografico che porta ogni anno meno studenti davanti alle commissioni, evidenziando l&#8217;importanza della loro preparazione ed entusiasmo. Rivolgendosi direttamente ai maturandi, esprime fiducia nelle loro capacit\u00e0 e nella loro forza, riconoscendo le normali ansie pre-esame. De Francesch incoraggia i ragazzi a essere appassionati e curiosi nelle loro scelte future, sia che vadano a lavorare, all&#8217;universit\u00e0 o all&#8217;estero, sottolineando il bisogno del territorio delle loro competenze. Conclude augurando buona fortuna e una buona vita.<\/p>\n<p>&nbsp;<\/p>\n<p>&nbsp;<\/p>\n<hr \/>\n<p>&nbsp;<\/p>\n<blockquote>\n<h3>BANCA D&#8217;ITALIA E CONFINDUSTRIA BELLUNO DOLOMITI PRESENTANO IL RAPPORTO SULL&#8217;ECONOMIA REGIONALE<\/h3>\n<\/blockquote>\n<p><strong><a class=\"dt-pswp-item\" href=\"https:\/\/www.radiopiu.net\/wordpress\/wp-content\/uploads\/2021\/05\/CONFINDUSTRIA.png\" data-dt-img-description=\"\" data-large_image_width=\"575\" data-large_image_height=\"575\"><img loading=\"lazy\" decoding=\"async\" class=\" wp-image-211858 alignleft\" src=\"https:\/\/www.radiopiu.net\/wordpress\/wp-content\/uploads\/2021\/05\/CONFINDUSTRIA-300x300.png\" alt=\"\" width=\"136\" height=\"136\" srcset=\"https:\/\/www.radiopiu.net\/wordpress\/wp-content\/uploads\/2021\/05\/CONFINDUSTRIA-300x300.png 300w, https:\/\/www.radiopiu.net\/wordpress\/wp-content\/uploads\/2021\/05\/CONFINDUSTRIA-150x150.png 150w, https:\/\/www.radiopiu.net\/wordpress\/wp-content\/uploads\/2021\/05\/CONFINDUSTRIA.png 575w\" sizes=\"auto, (max-width: 136px) 100vw, 136px\" \/><\/a>BELLUNO<\/strong> Il 20 giugno a Belluno, in villa Doglioni Dalmas, Banca d&#8217;Italia, in collaborazione con Confindustria Belluno Dolomiti, presenter\u00e0 il Rapporto sull&#8217;economia regionale del Veneto. L&#8217;evento inizier\u00e0 alle 15:15 e offrir\u00e0 un&#8217;analisi dettagliata su imprese, lavoro, credito, demografia e finanza pubblica. Lorraine Berton ha sottolineato l&#8217;importanza del report per pianificare il futuro del territorio. Un focus specifico sar\u00e0 dedicato alla provincia di Belluno e alle previsioni demografiche dei prossimi vent&#8217;anni, evidenziando il rischio di un &#8220;inverno demografico&#8221; senza politiche adeguate. Interverranno Pier Luigi Ruggiero, Mariano Savastano e Berton, mentre Vanni Mengotto e Andrea Venturini della Banca d\u2019Italia presenteranno i dati. Maurizio Dessolis di De Rigo Vision SpA porter\u00e0 la testimonianza aziendale.<\/p>\n<p>&nbsp;<\/p>\n<p>&nbsp;<\/p>\n<hr \/>\n<p>&nbsp;<\/p>\n<p>&nbsp;<\/p>\n<blockquote>\n<h1>Matteotti 100 Belluno: Iniziative Culturali per il Centenario<\/h1>\n<\/blockquote>\n<blockquote><p><span style=\"color: #ff0000;\"><strong>BELLUNO<\/strong><\/span><\/p>\n<p><em><strong>Fumetti esposti alle vetrine, letture itineranti e installazioni sonore: continua la campagna dedicata all&#8217;assassinio di Giacomo Matteotti.<\/strong><\/em><\/p><\/blockquote>\n<p><strong>DI DANIELE DALVIT\u00a0<\/strong><\/p>\n<audio class=\"wp-audio-shortcode\" id=\"audio-395077-6\" preload=\"none\" style=\"width: 100%;\" controls=\"controls\"><source type=\"audio\/mpeg\" src=\"https:\/\/www.radiopiu.net\/wordpress\/wp-content\/uploads\/2024\/06\/Radio-Piu-Servizio-Iniziative-Matteotti-100-Belluno-1.mp3?_=6\" \/><a href=\"https:\/\/www.radiopiu.net\/wordpress\/wp-content\/uploads\/2024\/06\/Radio-Piu-Servizio-Iniziative-Matteotti-100-Belluno-1.mp3\">https:\/\/www.radiopiu.net\/wordpress\/wp-content\/uploads\/2024\/06\/Radio-Piu-Servizio-Iniziative-Matteotti-100-Belluno-1.mp3<\/a><\/audio>\n<p>&nbsp;<\/p>\n\n\t\t\t<style type='text\/css'>\n\t\t\t\t#gallery-1 {\n\t\t\t\t\tmargin: auto;\n\t\t\t\t}\n\t\t\t\t#gallery-1 .gallery-item {\n\t\t\t\t\tfloat: left;\n\t\t\t\t\tmargin-top: 10px;\n\t\t\t\t\ttext-align: center;\n\t\t\t\t\twidth: 50%;\n\t\t\t\t}\n\t\t\t\t#gallery-1 img {\n\t\t\t\t\tborder: 2px solid #cfcfcf;\n\t\t\t\t}\n\t\t\t\t#gallery-1 .gallery-caption {\n\t\t\t\t\tmargin-left: 0;\n\t\t\t\t}\n\t\t\t\t\/* see gallery_shortcode() in wp-includes\/media.php *\/\n\t\t\t<\/style>\n\t\t<div id='gallery-1' class='dt-gallery-container gallery galleryid-395077 gallery-columns-2 gallery-size-medium'><dl class='gallery-item'>\n\t\t\t\t<dt class='gallery-icon landscape'>\n\t\t\t\t\t<a class=\"rollover rollover-zoom dt-pswp-item\" title=\"cd03cc9f-f34a-432f-aca9-94577169aaa0\" data-dt-img-description=\"\" data-large_image_width=\"2560\" data-large_image_height=\"1920\"href='https:\/\/www.radiopiu.net\/wordpress\/wp-content\/uploads\/2024\/06\/cd03cc9f-f34a-432f-aca9-94577169aaa0-scaled.jpg'><img loading=\"lazy\" decoding=\"async\" width=\"300\" height=\"225\" src=\"https:\/\/www.radiopiu.net\/wordpress\/wp-content\/uploads\/2024\/06\/cd03cc9f-f34a-432f-aca9-94577169aaa0-300x225.jpg\" class=\"attachment-medium size-medium\" alt=\"\" srcset=\"https:\/\/www.radiopiu.net\/wordpress\/wp-content\/uploads\/2024\/06\/cd03cc9f-f34a-432f-aca9-94577169aaa0-300x225.jpg 300w, https:\/\/www.radiopiu.net\/wordpress\/wp-content\/uploads\/2024\/06\/cd03cc9f-f34a-432f-aca9-94577169aaa0-1024x768.jpg 1024w, https:\/\/www.radiopiu.net\/wordpress\/wp-content\/uploads\/2024\/06\/cd03cc9f-f34a-432f-aca9-94577169aaa0-768x576.jpg 768w, https:\/\/www.radiopiu.net\/wordpress\/wp-content\/uploads\/2024\/06\/cd03cc9f-f34a-432f-aca9-94577169aaa0-1536x1152.jpg 1536w, https:\/\/www.radiopiu.net\/wordpress\/wp-content\/uploads\/2024\/06\/cd03cc9f-f34a-432f-aca9-94577169aaa0-2048x1536.jpg 2048w\" sizes=\"auto, (max-width: 300px) 100vw, 300px\" \/><\/a>\n\t\t\t\t<\/dt><\/dl><dl class='gallery-item'>\n\t\t\t\t<dt class='gallery-icon landscape'>\n\t\t\t\t\t<a class=\"rollover rollover-zoom dt-pswp-item\" title=\"336b44f5-59a1-4c14-8001-807f646aeb02\" data-dt-img-description=\"\" data-large_image_width=\"2560\" data-large_image_height=\"1920\"href='https:\/\/www.radiopiu.net\/wordpress\/wp-content\/uploads\/2024\/06\/336b44f5-59a1-4c14-8001-807f646aeb02-scaled.jpg'><img loading=\"lazy\" decoding=\"async\" width=\"300\" height=\"225\" src=\"https:\/\/www.radiopiu.net\/wordpress\/wp-content\/uploads\/2024\/06\/336b44f5-59a1-4c14-8001-807f646aeb02-300x225.jpg\" class=\"attachment-medium size-medium\" alt=\"\" srcset=\"https:\/\/www.radiopiu.net\/wordpress\/wp-content\/uploads\/2024\/06\/336b44f5-59a1-4c14-8001-807f646aeb02-300x225.jpg 300w, https:\/\/www.radiopiu.net\/wordpress\/wp-content\/uploads\/2024\/06\/336b44f5-59a1-4c14-8001-807f646aeb02-1024x768.jpg 1024w, https:\/\/www.radiopiu.net\/wordpress\/wp-content\/uploads\/2024\/06\/336b44f5-59a1-4c14-8001-807f646aeb02-768x576.jpg 768w, https:\/\/www.radiopiu.net\/wordpress\/wp-content\/uploads\/2024\/06\/336b44f5-59a1-4c14-8001-807f646aeb02-1536x1152.jpg 1536w, https:\/\/www.radiopiu.net\/wordpress\/wp-content\/uploads\/2024\/06\/336b44f5-59a1-4c14-8001-807f646aeb02-2048x1536.jpg 2048w\" sizes=\"auto, (max-width: 300px) 100vw, 300px\" \/><\/a>\n\t\t\t\t<\/dt><\/dl><br style=\"clear: both\" \/>\n\t\t\t<\/div>\n\n<p>&nbsp;<\/p>\n<hr \/>\n<p>&nbsp;<\/p>\n<blockquote>\n<h2>Dieci Artigiani Bellunesi ai Vertici delle Categorie Regionali<\/h2>\n<\/blockquote>\n<p><strong><img loading=\"lazy\" decoding=\"async\" class=\"alignleft\" src=\"https:\/\/www.radiopiu.net\/wordpress\/wp-content\/uploads\/2020\/12\/CLAUDIA-SCARZANELLA-CONFARTIGIANATO.png\" width=\"252\" height=\"198\" \/>BELLUNO<\/strong>\u00a0 Cambio ai vertici delle Federazioni Regionali dei Mestieri con un incremento del 10% dei dirigenti territoriali, arrivati a quota 244. Confartigianato Belluno ha visto alcune riconferme e molte new entry. Nicola Pradel (NP Graphics) debutta come vice presidente della Federazione Comunicazione e presidente del Mestiere Grafici, mentre Alessandro Michielli (Fonderia Michielli) \u00e8 il nuovo presidente della Federazione Artistico e del Mestiere Ferro Battuto. Confermati Cristiano Gaggion (Pasticceria Gaggion) e Lorenzo Battistel (Palestra Miros) in posizioni chiave. Nuovi presidenti di Mestiere includono Marco Recalchi (Ikona Film) per Cinema Audiovisivi, Sandro Toffoli (Toffoli Costantino srl) per Occhialeria, Massimo Zanella (DMS Cleaning) per Imprese di Pulizia, Fabrizio Fent per Fumisti Spazzacamini e Arianna Piazza (D\u2019Arianna Gioielli) come vice presidente del Mestiere Orafi. Sandro Francescon (Legatoria Francescon) \u00e8 stato riconfermato. La forte rappresentanza bellunese \u00e8 stata elogiata da Claudia Scarzanella, Presidente di Confartigianato Belluno (FOTO).<\/p>\n<p>&nbsp;<\/p>\n<hr \/>\n<p>&nbsp;<\/p>\n<blockquote>\n<h2>Il Nuovo Servizio di Trasporto a Chiamata di Dolomiti Bus<\/h2>\n<\/blockquote>\n<p><strong><a class=\"dt-pswp-item\" href=\"https:\/\/www.radiopiu.net\/wordpress\/wp-content\/uploads\/2024\/06\/DolomitiBus_Trillo_01.jpg\" data-dt-img-description=\"\" data-large_image_width=\"900\" data-large_image_height=\"601\"><img loading=\"lazy\" decoding=\"async\" class=\"size-medium wp-image-395174 alignleft\" src=\"https:\/\/www.radiopiu.net\/wordpress\/wp-content\/uploads\/2024\/06\/DolomitiBus_Trillo_01-300x200.jpg\" alt=\"\" width=\"300\" height=\"200\" srcset=\"https:\/\/www.radiopiu.net\/wordpress\/wp-content\/uploads\/2024\/06\/DolomitiBus_Trillo_01-300x200.jpg 300w, https:\/\/www.radiopiu.net\/wordpress\/wp-content\/uploads\/2024\/06\/DolomitiBus_Trillo_01-768x513.jpg 768w, https:\/\/www.radiopiu.net\/wordpress\/wp-content\/uploads\/2024\/06\/DolomitiBus_Trillo_01.jpg 900w\" sizes=\"auto, (max-width: 300px) 100vw, 300px\" \/><\/a>BELLUNO<\/strong>\u00a0 Servizio a chiamata Trillo di Dolomiti Bus, operativo dal 10 giugno. Il servizio permette di prenotare viaggi con percorsi e orari flessibili, coinvolgendo Belluno, Feltre e le aree circostanti. Sono previste circa 480 fermate a Belluno e oltre 300 a Feltre. <em>\u00abL&#8217;introduzione di Trillo rappresenta un cambiamento epocale per rispondere alle richieste di mobilit\u00e0 del territorio\u00bb,<\/em> ha dichiarato Andrea Biasiotto, Presidente Dolomiti Bus. Operativo dal luned\u00ec al sabato, Trillo si pu\u00f2 prenotare da 7 giorni a 2 ore prima del viaggio tramite call center o app.\u00a0 Claudia Scarzanella, Presidente di Confartigianato Belluno, ha elogiato la forte rappresentanza bellunese, sottolineando il loro impegno per il Veneto. L&#8217;avvio di Trillo ha registrato 1.549 utenti nella prima settimana con un punteggio di 4,6 su 5. Dolomiti Bus continuer\u00e0 a monitorare e migliorare il servizio, con l&#8217;obiettivo di una mobilit\u00e0 pi\u00f9 efficiente e sostenibile. Trillo utilizza bus di dimensioni ridotte con motori Euro 6, e dal 2025 la flotta sar\u00e0 completamente eco-sostenibile.<\/p>\n<p>&nbsp;<\/p>\n<p>&nbsp;<\/p>\n<hr \/>\n<p>&nbsp;<\/p>\n<blockquote>\n<h3>LA VALIGIA EMOTIVA DEL PARTO: GLI INCONTRI<\/h3>\n<\/blockquote>\n<p><strong><a class=\"dt-pswp-item\" href=\"https:\/\/www.radiopiu.net\/wordpress\/wp-content\/uploads\/2021\/03\/ULSS-1.jpg\" data-dt-img-description=\"\" data-large_image_width=\"776\" data-large_image_height=\"408\"><img loading=\"lazy\" decoding=\"async\" class=\" wp-image-198838 alignleft\" src=\"https:\/\/www.radiopiu.net\/wordpress\/wp-content\/uploads\/2021\/03\/ULSS-1-300x158.jpg\" alt=\"\" width=\"182\" height=\"96\" srcset=\"https:\/\/www.radiopiu.net\/wordpress\/wp-content\/uploads\/2021\/03\/ULSS-1-300x158.jpg 300w, https:\/\/www.radiopiu.net\/wordpress\/wp-content\/uploads\/2021\/03\/ULSS-1-768x404.jpg 768w, https:\/\/www.radiopiu.net\/wordpress\/wp-content\/uploads\/2021\/03\/ULSS-1.jpg 776w\" sizes=\"auto, (max-width: 182px) 100vw, 182px\" \/><\/a>BELLUNO<\/strong> In occasione dell\u2019Open Day dedicato alla prevenzione al femminile proposto dal network Onda &#8211; Osservatorio nazionale sulla salute della donna e di genere, l\u2019Ulss Dolomiti organizza \u201cLa valigia emotiva del parto\u201d. L\u2019evento si terr\u00e0 domani dalle 17.30 alle 19.00 presso le Unit\u00e0 Operative di Ostetricia e Ginecologia dell\u2019Ospedale di Belluno e la Sala Piccolotto dell\u2019Ospedale di Feltre. Ostetriche e una psicologa condurranno incontri per preparare le coppie in gravidanza, affrontando aspetti pratici e emotivi del parto. Gli incontri sono ad accesso libero. Per ulteriori informazioni: <a rel=\"noreferrer\">comunicazione@aulss1.veneto.it<\/a>.<\/p>\n<p>&nbsp;<\/p>\n<p>&nbsp;<\/p>\n<hr \/>\n<p>&nbsp;<\/p>\n<h2><span style=\"color: #ff0000;\">CONSIGLI COMUNALI IN AGORDINO<\/span><\/h2>\n<p><strong><a class=\"dt-pswp-item\" href=\"https:\/\/www.radiopiu.net\/wordpress\/wp-content\/uploads\/2023\/07\/MUNICIPIO-VOLTAGO.jpeg\" data-dt-img-description=\"\" data-large_image_width=\"1504\" data-large_image_height=\"1116\"><img loading=\"lazy\" decoding=\"async\" class=\" wp-image-344319 alignleft\" src=\"https:\/\/www.radiopiu.net\/wordpress\/wp-content\/uploads\/2023\/07\/MUNICIPIO-VOLTAGO-300x223.jpeg\" alt=\"\" width=\"203\" height=\"151\" srcset=\"https:\/\/www.radiopiu.net\/wordpress\/wp-content\/uploads\/2023\/07\/MUNICIPIO-VOLTAGO-300x223.jpeg 300w, https:\/\/www.radiopiu.net\/wordpress\/wp-content\/uploads\/2023\/07\/MUNICIPIO-VOLTAGO-1024x760.jpeg 1024w, https:\/\/www.radiopiu.net\/wordpress\/wp-content\/uploads\/2023\/07\/MUNICIPIO-VOLTAGO-768x570.jpeg 768w, https:\/\/www.radiopiu.net\/wordpress\/wp-content\/uploads\/2023\/07\/MUNICIPIO-VOLTAGO.jpeg 1504w\" sizes=\"auto, (max-width: 203px) 100vw, 203px\" \/><\/a>VOLTAGO<\/strong> Consiglio comunale domani alle 18:30. Il sindaco di Voltago ha convocato i consiglieri per discutere 6 punti. Tra gli argomenti da trattare l&#8217;approvazione del programma triennale dei lavori pubblici, la presa d&#8217;atto delle assemblee dei frazionisti di Frassen\u00e8, la convenzione per l&#8217;istituzione e la gestione associata della centrale di committenza presso l&#8217;Unione Montana Agordina e il rendiconto di gestione del 2023.<\/p>\n<p><strong>TAIBON\u00a0<\/strong>Consiglio comunale gioved\u00ec alle 18 in sede del Municipio. Sette punti tra cui la convalida degli eletti a sindaco e consiglieri, il giuramento del sindaco Silvia Tormen, la nomina degli assessori e dei rappresentanti in Unione Montana Agordina<\/p>\n<p><strong>ROCCA PIETORE\u00a0<\/strong>Il neo eletto sindaco Valerio Davare ha convocato il primo consiglio comunale per venerd\u00ec alle 18:30. Dopo l&#8217;insediamento di sindaco e consiglieri comunali, il giuramento del primo cittadino, l&#8217;approvazione delle linee programmatiche di governo e l&#8217;elezione della commissione elettorale comunale<\/p>\n<p><strong>COLLE SANTA<\/strong> <strong>LUCIA<\/strong> Sabato alle 7:30 consiglio comunale. Il sindaco Paolo frena ha convocato i consiglieri per discutere 5 punti tra cui una variazione a bilancio, l&#8217;approvazione del piano degli interventi e la prima variante al regolamento edilizio comunale.<\/p>\n<p>&nbsp;<\/p>\n<hr \/>\n<p>&nbsp;<\/p>\n<div id=\"articleToolBar\">\n<div id=\"articleToolBarContent\">\n<div id=\"articleClipButton\" class=\"articleToolBarButton firstHover\"><\/div>\n<\/div>\n<\/div>\n<div id=\"articleContent\" class=\"mercuryWrapper\">\n<div class=\"mercuryScroller\">\n<div class=\"mercuryElement\">\n<div class=\"mercuryBox\">\n<div id=\"articlePlain\">\n<blockquote>\n<h1 class=\"articlePlainTitle\">Gnocchi, CUOCHE DA PREMIO<\/h1>\n<\/blockquote>\n<div class=\"articlePlainText\">RIVAMONTE\u00a0 Alla conclusione della sagra di Sant&#8217;Antonio, domenica, la Pro loco di Rivamonte ha premiato le volontarie (alcune non potevano essere presenti) che nel 1976 iniziarono a preparare gli &#8220;gnoc co la puina&#8221;, quando Agostino Cadorin ebbe l&#8217;idea di caratterizzare la sagra con questa pietanza<\/div>\n<\/div>\n<\/div>\n<\/div>\n<\/div>\n<\/div>\n<p><a class=\"dt-pswp-item\" href=\"https:\/\/www.radiopiu.net\/wordpress\/wp-content\/uploads\/2024\/06\/Senza-nome-41.png\" data-dt-img-description=\"\" data-large_image_width=\"572\" data-large_image_height=\"299\"><img loading=\"lazy\" decoding=\"async\" class=\"alignnone wp-image-395200 size-full\" src=\"https:\/\/www.radiopiu.net\/wordpress\/wp-content\/uploads\/2024\/06\/Senza-nome-41.png\" alt=\"\" width=\"572\" height=\"299\" srcset=\"https:\/\/www.radiopiu.net\/wordpress\/wp-content\/uploads\/2024\/06\/Senza-nome-41.png 572w, https:\/\/www.radiopiu.net\/wordpress\/wp-content\/uploads\/2024\/06\/Senza-nome-41-300x157.png 300w\" sizes=\"auto, (max-width: 572px) 100vw, 572px\" \/>\u00a0<\/a><\/p>\n<p>&nbsp;<\/p>\n<p>&nbsp;<\/p>\n<hr \/>\n<p>&nbsp;<\/p>\n<blockquote>\n<h3>FESTEGGIATI I 20 ANNI DELLA SGUBIA A CENCENIGHE<\/h3>\n<\/blockquote>\n<p><strong>CENCENIGHE<\/strong> Vent&#8217;anni di attivit\u00e0 festeggiati in questi giorni per La Sgubia a Cencenighe, la falegnameria artigianale a Morbiach.<\/p>\n<p><strong>IL VIDEO DI RADIO PIU&#8217;<\/strong><\/p>\n<p><iframe loading=\"lazy\" title=\"LA SGUBIA A CENCENIGHE AGORDINO\" width=\"1200\" height=\"675\" src=\"https:\/\/www.youtube.com\/embed\/M4OD5C8fKoc?feature=oembed\" frameborder=\"0\" allow=\"accelerometer; autoplay; clipboard-write; encrypted-media; gyroscope; picture-in-picture; web-share\" referrerpolicy=\"strict-origin-when-cross-origin\" allowfullscreen><\/iframe><\/p>\n<p>&nbsp;<\/p>\n<hr \/>\n<p>&nbsp;<\/p>\n<blockquote>\n<h3>Diario di un Sindaco: Vent&#8217;anni di Esperienze e Dedizione<\/h3>\n<\/blockquote>\n<blockquote><p><em>&#8220;uno spaccato interessante della nostra societ\u00e0 e delle vicissitudini amministrative&#8221;.\u00a0<\/em><\/p><\/blockquote>\n<p style=\"padding-left: 40px;\"><strong>ROCCA PIETORE<\/strong><\/p>\n<p><img decoding=\"async\" src=\"https:\/\/www.radiopiu.net\/wordpress\/wp-content\/uploads\/2024\/06\/23cf37c2-45db-4ab5-81e2-738189f8850b.jpg\" \/><\/p>\n<div class=\"flex flex-grow flex-col max-w-full\">\n<div class=\"min-h-[20px] text-message flex flex-col items-start whitespace-pre-wrap break-words [.text-message+&amp;]:mt-5 juice:w-full juice:items-end overflow-x-auto gap-2\" dir=\"auto\" data-message-author-role=\"assistant\" data-message-id=\"eceef8cf-552a-4279-af45-64ad67149b76\">\n<div class=\"flex w-full flex-col gap-1 juice:empty:hidden juice:first:pt-[3px]\">\n<div class=\"markdown prose w-full break-words dark:prose-invert dark\">\n<p>&#8220;Diario di un Sindaco&#8221; di Andrea De Bernardin: Vent&#8217;anni in municipio, quindici da sindaco. Un percorso di vita tra l&#8217;ordinaria amministrazione e eventi straordinari come tempeste, valanghe, frane e confini. Un tributo alla protezione civile e ai volontari che donano il loro tempo prezioso. Ora in distribuzione.<\/p>\n<\/div>\n<\/div>\n<\/div>\n<\/div>\n<div class=\"mt-1 flex gap-3 empty:hidden juice:-ml-3\">\n<div class=\"items-center justify-start rounded-xl p-1 flex\">\n<div class=\"flex items-center\"><\/div>\n<\/div>\n<\/div>\n<p><strong>AUDIO<\/strong><\/p>\n<audio class=\"wp-audio-shortcode\" id=\"audio-395077-7\" preload=\"none\" style=\"width: 100%;\" controls=\"controls\"><source type=\"audio\/mpeg\" src=\"https:\/\/www.radiopiu.net\/wordpress\/wp-content\/uploads\/2024\/06\/DIARIO-DI-UN-SINDACO_BA.mp3?_=7\" \/><a href=\"https:\/\/www.radiopiu.net\/wordpress\/wp-content\/uploads\/2024\/06\/DIARIO-DI-UN-SINDACO_BA.mp3\">https:\/\/www.radiopiu.net\/wordpress\/wp-content\/uploads\/2024\/06\/DIARIO-DI-UN-SINDACO_BA.mp3<\/a><\/audio>\n<p>&nbsp;<\/p>\n<hr \/>\n<p>&nbsp;<\/p>\n<blockquote>\n<h1>campeggio Pralongo, lettera al sindaco<\/h1>\n<\/blockquote>\n<p><img decoding=\"async\" src=\"https:\/\/www.radiopiu.net\/wordpress\/wp-content\/uploads\/2024\/06\/Senza-nome-38.png\" \/><\/p>\n<p>&nbsp;<\/p>\n<p>&nbsp;<\/p>\n<p>&nbsp;<\/p>\n<p>&nbsp;<\/p>\n<hr \/>\n<p>&nbsp;<\/p>\n<blockquote>\n<h3>PRESEPI FUORI TEMPO IN SALA DON TAMIS<\/h3>\n<\/blockquote>\n<p><strong>AGORDO<\/strong> L\u2019esposizione di presepi artistici &#8220;Presepi fuori tempo&#8221; sar\u00e0 inaugurata sabato 22 giugno nella Sala don Tamis. Il titolo fa riferimento sia al periodo non natalizio della mostra, sia alle ambientazioni contadine tipiche dei presepi esposti. Alcuni rappresentano paesaggi della Palestina, altri scenari veneti e montani. La mostra ricorda gli 800 anni dalla rievocazione di San Francesco d\u2019Assisi a Greccio nel 1223. Circa dieci presepisti del Veneto e dintorni esporranno venti opere, utilizzando materiali come il polistirene per le scenografie e figure modellate in terracotta o altri materiali, talvolta uniche. La mostra celebra l\u2019evoluzione e il fascino duraturo del presepe.<\/p>\n<p>&nbsp;<\/p>\n<p>&nbsp;<\/p>\n<hr \/>\n<p>&nbsp;<\/p>\n<blockquote>\n<h3>OBIEZIONE ALLA GUERRA: L&#8217;INCONTRO A BELLUNO<\/h3>\n<\/blockquote>\n<p><strong><a class=\"dt-pswp-item\" href=\"https:\/\/www.radiopiu.net\/wordpress\/wp-content\/uploads\/2024\/06\/locandina_21giugno2024.jpg\" data-dt-img-description=\"\" data-large_image_width=\"842\" data-large_image_height=\"1191\"><img loading=\"lazy\" decoding=\"async\" class=\" wp-image-395006 alignleft\" src=\"https:\/\/www.radiopiu.net\/wordpress\/wp-content\/uploads\/2024\/06\/locandina_21giugno2024-212x300.jpg\" alt=\"\" width=\"119\" height=\"168\" srcset=\"https:\/\/www.radiopiu.net\/wordpress\/wp-content\/uploads\/2024\/06\/locandina_21giugno2024-212x300.jpg 212w, https:\/\/www.radiopiu.net\/wordpress\/wp-content\/uploads\/2024\/06\/locandina_21giugno2024-724x1024.jpg 724w, https:\/\/www.radiopiu.net\/wordpress\/wp-content\/uploads\/2024\/06\/locandina_21giugno2024-768x1086.jpg 768w, https:\/\/www.radiopiu.net\/wordpress\/wp-content\/uploads\/2024\/06\/locandina_21giugno2024.jpg 842w\" sizes=\"auto, (max-width: 119px) 100vw, 119px\" \/><\/a>BELLUNO <\/strong>Venerd\u00ec a Belluno, in Sala Bianchi alle 20:30, verr\u00e0 lanciata la campagna &#8220;Obiezione alla guerra&#8221; promossa dal Movimento nonviolento e Pace &amp; Disarmo, con la partecipazione del gruppo di Pordenone del Movimento nonviolento nazionale. La campagna ha due obiettivi principali: Contrastare la proposta di ripristino della leva obbligatoria, sostenendo che la difesa della Patria pu\u00f2 essere adempiuta attraverso impegni sociali non armati. Si invita la cittadinanza a firmare la Dichiarazione di Obiezione di coscienza per rifiutare la chiamata alle armi e istituire un Albo degli obiettori di coscienza. Supportare gli obiettori, renitenti e disertori di vari paesi (Russia, Bielorussia, Ucraina, Israele, Palestina), chiedendo che l&#8217;Europa li accolga come rifugiati politici, riconoscendo il loro diritto all&#8217;obiezione di coscienza, come sancito dalle Carte dei Diritti umani e dell&#8217;Unione europea.<\/p>\n<p>&nbsp;<\/p>\n<p>&nbsp;<\/p>\n<hr \/>\n<p>&nbsp;<\/p>\n<blockquote>\n<h3>A LENTIAI TORNA IL TRANSITO FILM FESTIVAL<\/h3>\n<\/blockquote>\n<p><strong>BORGO VALBELLUNA<\/strong> Dopo il successo delle precedenti edizioni, torna il Transito, festival internazionale del film a Lentiai di Borgo Valbelluna. Nei giorni 21, 22, 23 e 29 giugno, Lentiai ospiter\u00e0 eventi artistici e proiezioni sul tema dell&#8217;indifferenza. Oltre 400 film da pi\u00f9 di 70 nazioni sono stati iscritti, con quattro selezionati per la loro qualit\u00e0 e impatto emotivo. Questi film esplorano varie forme di indifferenza, dai rapporti umani alle ingiustizie giuridiche, fino alla trascuratezza ambientale. Le proiezioni si terranno nel piazzale della Biblioteca comunale di Lentiai (21-23 giugno) e presso il Palazzo Pretorio di Cesana (29 giugno), o alla SOMS in caso di maltempo, alle 21:30. L&#8217;ingresso \u00e8 gratuito e i film saranno proiettati in lingua originale con sottotitoli in italiano.<\/p>\n<p>&nbsp;<\/p>\n<p>&nbsp;<\/p>\n<hr \/>\n<p>&nbsp;<\/p>\n<blockquote>\n<h3>SABATO 22 GIUGNO LA PRESENTAZIONE DEL LIBRO SUI SACERDOTI DELLA VALLE DEL BIOIS<\/h3>\n<\/blockquote>\n<p><strong><a class=\"dt-pswp-item\" href=\"https:\/\/www.radiopiu.net\/wordpress\/wp-content\/uploads\/2024\/06\/sacerd.png\" data-dt-img-description=\"\" data-large_image_width=\"638\" data-large_image_height=\"397\"><img loading=\"lazy\" decoding=\"async\" class=\" wp-image-394831 alignleft\" src=\"https:\/\/www.radiopiu.net\/wordpress\/wp-content\/uploads\/2024\/06\/sacerd-300x187.png\" alt=\"\" width=\"204\" height=\"127\" srcset=\"https:\/\/www.radiopiu.net\/wordpress\/wp-content\/uploads\/2024\/06\/sacerd-300x187.png 300w, https:\/\/www.radiopiu.net\/wordpress\/wp-content\/uploads\/2024\/06\/sacerd.png 638w\" sizes=\"auto, (max-width: 204px) 100vw, 204px\" \/><\/a>CANALE D&#8217;AGORDO<\/strong><\/p>\n<p>LORIS SERAFINI, DIRETTORE DEL MUSAL<\/p>\n<audio class=\"wp-audio-shortcode\" id=\"audio-395077-8\" preload=\"none\" style=\"width: 100%;\" controls=\"controls\"><source type=\"audio\/mpeg\" src=\"https:\/\/www.radiopiu.net\/wordpress\/wp-content\/uploads\/2024\/06\/LORIS-SERAFINI-SACERDOTI.mp3?_=8\" \/><a href=\"https:\/\/www.radiopiu.net\/wordpress\/wp-content\/uploads\/2024\/06\/LORIS-SERAFINI-SACERDOTI.mp3\">https:\/\/www.radiopiu.net\/wordpress\/wp-content\/uploads\/2024\/06\/LORIS-SERAFINI-SACERDOTI.mp3<\/a><\/audio>\n<p>&nbsp;<\/p>\n<hr \/>\n<p>&nbsp;<\/p>\n<blockquote>\n<h3>UN APERTIVO PER PARLARE DI MOBILITA&#8217;<\/h3>\n<\/blockquote>\n<p><strong><a class=\"dt-pswp-item\" href=\"https:\/\/www.radiopiu.net\/wordpress\/wp-content\/uploads\/2024\/06\/SCR-20240617-ljtz.jpeg\" data-dt-img-description=\"\" data-large_image_width=\"1236\" data-large_image_height=\"612\"><img loading=\"lazy\" decoding=\"async\" class=\" wp-image-395148 alignleft\" src=\"https:\/\/www.radiopiu.net\/wordpress\/wp-content\/uploads\/2024\/06\/SCR-20240617-ljtz-300x149.jpeg\" alt=\"\" width=\"207\" height=\"103\" srcset=\"https:\/\/www.radiopiu.net\/wordpress\/wp-content\/uploads\/2024\/06\/SCR-20240617-ljtz-300x149.jpeg 300w, https:\/\/www.radiopiu.net\/wordpress\/wp-content\/uploads\/2024\/06\/SCR-20240617-ljtz-1024x507.jpeg 1024w, https:\/\/www.radiopiu.net\/wordpress\/wp-content\/uploads\/2024\/06\/SCR-20240617-ljtz-768x380.jpeg 768w, https:\/\/www.radiopiu.net\/wordpress\/wp-content\/uploads\/2024\/06\/SCR-20240617-ljtz.jpeg 1236w\" sizes=\"auto, (max-width: 207px) 100vw, 207px\" \/><\/a>BELLUNO<\/strong> Sabato 29 giugno dalle 18 all&#8217;Urban Hub di Belluno si terr\u00e0 un incontro organizzato dall&#8217;associazione Polis Futura sulla mobilit\u00e0 nel Comune di Belluno. Luigi Filippo Daniele, presidente dell&#8217;associazione, introdurr\u00e0 l&#8217;evento, seguito dagli interventi di Luca Frare e Stefano Spadaro che presenteranno il progetto &#8220;Belluno Cycling Strategy&#8221; per incentivare il turismo e la mobilit\u00e0 sostenibile. Si discuteranno i vantaggi del cicloturismo, le infrastrutture necessarie e l&#8217;uso della nuova app &#8220;Trillo&#8221; di Dolomiti Bus per il trasporto pubblico. Giacomo Bocchese, vicepresidente del FabLab, concluder\u00e0 l&#8217;evento, seguito da un aperitivo.<\/p>\n<p>&nbsp;<\/p>\n<hr \/>\n<p>&nbsp;<\/p>\n<div>\n<div class=\"\" dir=\"auto\">\n<div id=\":r9h:\" class=\"x1iorvi4 x1pi30zi x1l90r2v x1swvt13\" data-ad-comet-preview=\"message\" data-ad-preview=\"message\">\n<p>&nbsp;<\/p>\n<\/div>\n<\/div>\n<\/div>\n<p class=\"western\" lang=\"it-IT\" align=\"center\"><span style=\"font-size: x-large;\"><b><a class=\"dt-pswp-item\" href=\"https:\/\/www.radiopiu.net\/wordpress\/wp-content\/uploads\/2024\/06\/sara-furlanetto-sotto-al-bernina_by-Andrea-Buonopane_DSC06272-scaled.jpg\" data-dt-img-description=\"\" data-large_image_width=\"2560\" data-large_image_height=\"1707\"><img loading=\"lazy\" decoding=\"async\" class=\" wp-image-395154 alignleft\" src=\"https:\/\/www.radiopiu.net\/wordpress\/wp-content\/uploads\/2024\/06\/sara-furlanetto-sotto-al-bernina_by-Andrea-Buonopane_DSC06272-300x200.jpg\" alt=\"\" width=\"185\" height=\"123\" srcset=\"https:\/\/www.radiopiu.net\/wordpress\/wp-content\/uploads\/2024\/06\/sara-furlanetto-sotto-al-bernina_by-Andrea-Buonopane_DSC06272-300x200.jpg 300w, https:\/\/www.radiopiu.net\/wordpress\/wp-content\/uploads\/2024\/06\/sara-furlanetto-sotto-al-bernina_by-Andrea-Buonopane_DSC06272-1024x683.jpg 1024w, https:\/\/www.radiopiu.net\/wordpress\/wp-content\/uploads\/2024\/06\/sara-furlanetto-sotto-al-bernina_by-Andrea-Buonopane_DSC06272-768x512.jpg 768w, https:\/\/www.radiopiu.net\/wordpress\/wp-content\/uploads\/2024\/06\/sara-furlanetto-sotto-al-bernina_by-Andrea-Buonopane_DSC06272-1536x1024.jpg 1536w, https:\/\/www.radiopiu.net\/wordpress\/wp-content\/uploads\/2024\/06\/sara-furlanetto-sotto-al-bernina_by-Andrea-Buonopane_DSC06272-2048x1365.jpg 2048w\" sizes=\"auto, (max-width: 185px) 100vw, 185px\" \/><\/a>VA\u2019 SENTIERO: UNA MOSTRA FOTOGRAFICA LUNGA 8000 KM<\/b><\/span><\/p>\n<p><strong>BORGO VALBELLUNA\u00a0<\/strong>sabato alle 18 al Palazzo delle Contesse Mel: Camminando. Esperienze, sensazioni, emozioni chiude la sua riuscitissima quarta edizione con la mostra fotografica Va\u2019 Sentiero. Uno sguardo lungo 8000 km, mostra fotografica, promossa dall\u2019Amministrazione Comunale, ripresa lungo il Sentiero Italia del Cai, che proprio Camminando, la scorsa edizione, aveva ospitato con alcuni degli ideatori e con l\u2019editore delle guide. A presentare la mostra sar\u00e0 Manrico Dell\u2019Agnola, famoso fotografo di montagna ed alpinista, accademico del Cai.<\/p>\n<p>&nbsp;<\/p>\n<p>&nbsp;<\/p>\n<p>&nbsp;<\/p>\n<p>&nbsp;<\/p>\n<hr \/>\n<p>&nbsp;<\/p>\n<h2><span style=\"color: #ff6600;\">ALLA RADIO\u00a0\u00a0<\/span><\/h2>\n<h2><span style=\"color: #800080;\">SALUTE E SOCIETA&#8217;<\/span><\/h2>\n<p><strong><a class=\"dt-pswp-item\" href=\"https:\/\/www.radiopiu.net\/wordpress\/wp-content\/uploads\/2024\/06\/38afbe22-b147-3617-8942-bfde150763bf.jpg\" data-dt-img-description=\"\" data-large_image_width=\"800\" data-large_image_height=\"445\"><img loading=\"lazy\" decoding=\"async\" class=\" wp-image-395098 alignleft\" src=\"https:\/\/www.radiopiu.net\/wordpress\/wp-content\/uploads\/2024\/06\/38afbe22-b147-3617-8942-bfde150763bf-300x167.jpg\" alt=\"\" width=\"196\" height=\"109\" srcset=\"https:\/\/www.radiopiu.net\/wordpress\/wp-content\/uploads\/2024\/06\/38afbe22-b147-3617-8942-bfde150763bf-300x167.jpg 300w, https:\/\/www.radiopiu.net\/wordpress\/wp-content\/uploads\/2024\/06\/38afbe22-b147-3617-8942-bfde150763bf-768x427.jpg 768w, https:\/\/www.radiopiu.net\/wordpress\/wp-content\/uploads\/2024\/06\/38afbe22-b147-3617-8942-bfde150763bf.jpg 800w\" sizes=\"auto, (max-width: 196px) 100vw, 196px\" \/><\/a>PUNTATA DEL 17 GIUGNO<\/strong><\/p>\n<p><strong>Strade Parallele. Storie di vita con beta-talassemia <\/strong>La beta-talassemia sottrae spazio alle attivit\u00e0 quotidiane e costringe pazienti e caregiver a dedicare molte ore alla terapia, dagli spostamenti per le trasfusioni, alle visite di controllo che li accompagnano per tutta la vita. Il tempo scorre quindi diversamente per loro, e si traduce in rinunce quotidiane e frustrazione: i pazienti si sentono affaticati, incompresi e stressati.<\/p>\n<audio class=\"wp-audio-shortcode\" id=\"audio-395077-9\" preload=\"none\" style=\"width: 100%;\" controls=\"controls\"><source type=\"audio\/mpeg\" src=\"https:\/\/www.radiopiu.net\/wordpress\/wp-content\/uploads\/2024\/06\/SALUTE-3.mp3?_=9\" \/><a href=\"https:\/\/www.radiopiu.net\/wordpress\/wp-content\/uploads\/2024\/06\/SALUTE-3.mp3\">https:\/\/www.radiopiu.net\/wordpress\/wp-content\/uploads\/2024\/06\/SALUTE-3.mp3<\/a><\/audio>\n<p>&nbsp;<\/p>\n<p>&nbsp;<\/p>\n<p>&nbsp;<\/p>\n<hr \/>\n<p>&nbsp;<\/p>\n<p>&nbsp;<\/p>\n<blockquote>\n<h2>RITRATTI SONORI, SESTA PUNTATA CON MARCO REATO<\/h2>\n<\/blockquote>\n<p><span style=\"color: #ff0000;\"><strong><a class=\"dt-pswp-item\" href=\"https:\/\/www.radiopiu.net\/wordpress\/wp-content\/uploads\/2024\/06\/REATO-1.jpg\" data-dt-img-description=\"\" data-large_image_width=\"1600\" data-large_image_height=\"720\"><img loading=\"lazy\" decoding=\"async\" class=\"size-medium wp-image-395187 alignleft\" src=\"https:\/\/www.radiopiu.net\/wordpress\/wp-content\/uploads\/2024\/06\/REATO-1-300x135.jpg\" alt=\"\" width=\"300\" height=\"135\" srcset=\"https:\/\/www.radiopiu.net\/wordpress\/wp-content\/uploads\/2024\/06\/REATO-1-300x135.jpg 300w, https:\/\/www.radiopiu.net\/wordpress\/wp-content\/uploads\/2024\/06\/REATO-1-1024x461.jpg 1024w, https:\/\/www.radiopiu.net\/wordpress\/wp-content\/uploads\/2024\/06\/REATO-1-768x346.jpg 768w, https:\/\/www.radiopiu.net\/wordpress\/wp-content\/uploads\/2024\/06\/REATO-1-1536x691.jpg 1536w, https:\/\/www.radiopiu.net\/wordpress\/wp-content\/uploads\/2024\/06\/REATO-1.jpg 1600w\" sizes=\"auto, (max-width: 300px) 100vw, 300px\" \/><\/a>PUNTATA 06 MARCO REATO\u00a0<\/strong><\/span><\/p>\n<p>&nbsp;<\/p>\n<p>&nbsp;<\/p>\n<p>&nbsp;<\/p>\n<p>&nbsp;<\/p>\n<p>PRIMA PARTE<\/p>\n<audio class=\"wp-audio-shortcode\" id=\"audio-395077-10\" preload=\"none\" style=\"width: 100%;\" controls=\"controls\"><source type=\"audio\/mpeg\" src=\"https:\/\/www.radiopiu.net\/wordpress\/wp-content\/uploads\/2024\/06\/RIFLESSI-MARCO-REATO-1.mp3?_=10\" \/><a href=\"https:\/\/www.radiopiu.net\/wordpress\/wp-content\/uploads\/2024\/06\/RIFLESSI-MARCO-REATO-1.mp3\">https:\/\/www.radiopiu.net\/wordpress\/wp-content\/uploads\/2024\/06\/RIFLESSI-MARCO-REATO-1.mp3<\/a><\/audio>\n<p>SECONDA PARTE<\/p>\n<audio class=\"wp-audio-shortcode\" id=\"audio-395077-11\" preload=\"none\" style=\"width: 100%;\" controls=\"controls\"><source type=\"audio\/mpeg\" src=\"https:\/\/www.radiopiu.net\/wordpress\/wp-content\/uploads\/2024\/06\/RIFLESSI-MARCO-REATO-2MP3.mp3?_=11\" \/><a href=\"https:\/\/www.radiopiu.net\/wordpress\/wp-content\/uploads\/2024\/06\/RIFLESSI-MARCO-REATO-2MP3.mp3\">https:\/\/www.radiopiu.net\/wordpress\/wp-content\/uploads\/2024\/06\/RIFLESSI-MARCO-REATO-2MP3.mp3<\/a><\/audio>\n<p>TERZA PARTE<\/p>\n<audio class=\"wp-audio-shortcode\" id=\"audio-395077-12\" preload=\"none\" style=\"width: 100%;\" controls=\"controls\"><source type=\"audio\/mpeg\" src=\"https:\/\/www.radiopiu.net\/wordpress\/wp-content\/uploads\/2024\/06\/RIFLESSI-MARCO-REATO-3.mp3?_=12\" \/><a href=\"https:\/\/www.radiopiu.net\/wordpress\/wp-content\/uploads\/2024\/06\/RIFLESSI-MARCO-REATO-3.mp3\">https:\/\/www.radiopiu.net\/wordpress\/wp-content\/uploads\/2024\/06\/RIFLESSI-MARCO-REATO-3.mp3<\/a><\/audio>\n<p>&nbsp;<\/p>\n<h1>LA RACCOLTA COMPLETA <strong><span style=\"color: #0000ff;\"><a style=\"color: #0000ff;\" href=\"https:\/\/www.radiopiu.net\/wordpress\/ritratti-sonori-il-programma-di-alessia-dallo-la-raccolta\/\">CLICCA QUI<\/a><\/span><\/strong><\/h1>\n<p>&nbsp;<\/p>\n<p>&nbsp;<\/p>\n<p>&nbsp;<\/p>\n<hr \/>\n<p>&nbsp;<\/p>\n<h2><span style=\"color: #339966;\">OGGI COME IERI di e con SILVIA BALDO<\/span><\/h2>\n<p><img decoding=\"async\" class=\"aligncenter\" src=\"https:\/\/www.radiopiu.net\/wordpress\/wp-content\/uploads\/2023\/09\/309000774_10222572118595513_7956305457803922499_n.jpg\" \/><\/p>\n<p><strong>\u00a0 \u00a0\u00a0<\/strong><\/p>\n<p><strong>PUNTATA DEL 17 GIUGNO <\/strong><\/p>\n<audio class=\"wp-audio-shortcode\" id=\"audio-395077-13\" preload=\"none\" style=\"width: 100%;\" controls=\"controls\"><source type=\"audio\/mpeg\" src=\"https:\/\/www.radiopiu.net\/wordpress\/wp-content\/uploads\/2024\/01\/SIBI-11.mp3?_=13\" \/><a href=\"https:\/\/www.radiopiu.net\/wordpress\/wp-content\/uploads\/2024\/01\/SIBI-11.mp3\">https:\/\/www.radiopiu.net\/wordpress\/wp-content\/uploads\/2024\/01\/SIBI-11.mp3<\/a><\/audio>\n<p>&nbsp;<\/p>\n<h2>LA RACCOLTA COMPLETA <a href=\"https:\/\/www.radiopiu.net\/wordpress\/alle-nove-oggi-come-ieri-di-e-con-silvia-baldo\/\"><span style=\"color: #3366ff;\">CLICCA QUI<\/span><\/a><\/h2>\n<p>&nbsp;<\/p>\n<hr \/>\n<p>&nbsp;<\/p>\n<h2><span style=\"color: #808000;\">PERITI MINERARI DALL\u2019AGORDINO AL MONDO<\/span><\/h2>\n<p><strong>REDAZIONE<\/strong> Continua la serie di racconti con i periti minerari agordini. Nelle prossime quattro puntate la storia di Adriano Zasso. I racconti dei periti minerari agordini che hanno lavorato nel mondo, ogni luned\u00ec alle 10:30 e alle 19 su Radio Pi\u00f9.<\/p>\n<p><iframe loading=\"lazy\" title=\"ADRIANO ZASSO\" width=\"1200\" height=\"675\" src=\"https:\/\/www.youtube.com\/embed\/bAkH3XQoHyQ?feature=oembed\" frameborder=\"0\" allow=\"accelerometer; autoplay; clipboard-write; encrypted-media; gyroscope; picture-in-picture; web-share\" referrerpolicy=\"strict-origin-when-cross-origin\" allowfullscreen><\/iframe><\/p>\n<p>&nbsp;<\/p>\n<h2><strong>LA RACCOLTA COMPLETA <a href=\"https:\/\/www.radiopiu.net\/wordpress\/periti-minerari-dallagordino-al-mondo\/\"><span style=\"color: #0000ff;\">CLICCA QUI<\/span><\/a><\/strong><a href=\"https:\/\/www.radiopiu.net\/wordpress\/periti-minerari-dallagordino-al-mondo\/\"><span style=\"color: #0000ff;\">\u00a0<\/span><\/a><\/h2>\n<p>&nbsp;<\/p>\n<hr \/>\n<p>&nbsp;<\/p>\n<h2><span style=\"color: #993366;\"><a class=\"dt-pswp-item\" href=\"https:\/\/www.radiopiu.net\/wordpress\/wp-content\/uploads\/2024\/06\/c2f4f425-e175-4bc7-918a-e3d1330c6c31.jpg\" data-dt-img-description=\"\" data-large_image_width=\"1080\" data-large_image_height=\"907\"><img loading=\"lazy\" decoding=\"async\" class=\" wp-image-393091 alignleft\" src=\"https:\/\/www.radiopiu.net\/wordpress\/wp-content\/uploads\/2024\/06\/c2f4f425-e175-4bc7-918a-e3d1330c6c31-300x252.jpg\" alt=\"\" width=\"119\" height=\"100\" srcset=\"https:\/\/www.radiopiu.net\/wordpress\/wp-content\/uploads\/2024\/06\/c2f4f425-e175-4bc7-918a-e3d1330c6c31-300x252.jpg 300w, https:\/\/www.radiopiu.net\/wordpress\/wp-content\/uploads\/2024\/06\/c2f4f425-e175-4bc7-918a-e3d1330c6c31-1024x860.jpg 1024w, https:\/\/www.radiopiu.net\/wordpress\/wp-content\/uploads\/2024\/06\/c2f4f425-e175-4bc7-918a-e3d1330c6c31-768x645.jpg 768w, https:\/\/www.radiopiu.net\/wordpress\/wp-content\/uploads\/2024\/06\/c2f4f425-e175-4bc7-918a-e3d1330c6c31.jpg 1080w\" sizes=\"auto, (max-width: 119px) 100vw, 119px\" \/><\/a><span style=\"color: #ff00ff;\">ZAINO DA VIAGGIO AL FEMMINILE<\/span><\/span><\/h2>\n<p><strong>IL PROGRAMMA DI PAOLA LANCIATO<\/strong><\/p>\n<p>QUINTA PUNTATA: GARESSIO<\/p>\n<blockquote class=\"wp-embedded-content\" data-secret=\"s5rngR4lTX\"><p><a href=\"https:\/\/www.radiopiu.net\/wordpress\/zaino-femminile-lanciato\/\">Zaino da viaggio al femminile<\/a><\/p><\/blockquote>\n<p><iframe loading=\"lazy\" class=\"wp-embedded-content\" sandbox=\"allow-scripts\" security=\"restricted\" style=\"position: absolute; clip: rect(1px, 1px, 1px, 1px);\" title=\"&#8220;Zaino da viaggio al femminile&#8221; &#8212; Radio Pi\u00f9\" src=\"https:\/\/www.radiopiu.net\/wordpress\/zaino-femminile-lanciato\/embed\/#?secret=POHUH4JJf1#?secret=s5rngR4lTX\" data-secret=\"s5rngR4lTX\" width=\"600\" height=\"338\" frameborder=\"0\" marginwidth=\"0\" marginheight=\"0\" scrolling=\"no\"><\/iframe><\/p>\n<p>&nbsp;<\/p>\n<hr \/>\n<p>&nbsp;<\/p>\n<h2><span style=\"color: #00ffff;\">I RACCONTI DI PAOLO SOPPELSA<\/span><\/h2>\n<p><strong>SERE D&#8217;ESTATE<\/strong><\/p>\n<p><strong>AUDIO<\/strong><\/p>\n<audio class=\"wp-audio-shortcode\" id=\"audio-395077-14\" preload=\"none\" style=\"width: 100%;\" controls=\"controls\"><source type=\"audio\/mpeg\" src=\"https:\/\/www.radiopiu.net\/wordpress\/wp-content\/uploads\/2024\/06\/PAOLOS-2.mp3?_=14\" \/><a href=\"https:\/\/www.radiopiu.net\/wordpress\/wp-content\/uploads\/2024\/06\/PAOLOS-2.mp3\">https:\/\/www.radiopiu.net\/wordpress\/wp-content\/uploads\/2024\/06\/PAOLOS-2.mp3<\/a><\/audio>\n<p>&nbsp;<\/p>\n<p><a class=\"dt-pswp-item\" href=\"https:\/\/www.radiopiu.net\/wordpress\/wp-content\/uploads\/2024\/06\/ebfed073-add8-4d32-b085-2c7cc2f85c89.jpg\" data-dt-img-description=\"\" data-large_image_width=\"1600\" data-large_image_height=\"1200\"><img loading=\"lazy\" decoding=\"async\" class=\" wp-image-395010 alignleft\" src=\"https:\/\/www.radiopiu.net\/wordpress\/wp-content\/uploads\/2024\/06\/ebfed073-add8-4d32-b085-2c7cc2f85c89-300x225.jpg\" alt=\"\" width=\"175\" height=\"131\" srcset=\"https:\/\/www.radiopiu.net\/wordpress\/wp-content\/uploads\/2024\/06\/ebfed073-add8-4d32-b085-2c7cc2f85c89-300x225.jpg 300w, https:\/\/www.radiopiu.net\/wordpress\/wp-content\/uploads\/2024\/06\/ebfed073-add8-4d32-b085-2c7cc2f85c89-1024x768.jpg 1024w, https:\/\/www.radiopiu.net\/wordpress\/wp-content\/uploads\/2024\/06\/ebfed073-add8-4d32-b085-2c7cc2f85c89-768x576.jpg 768w, https:\/\/www.radiopiu.net\/wordpress\/wp-content\/uploads\/2024\/06\/ebfed073-add8-4d32-b085-2c7cc2f85c89-1536x1152.jpg 1536w, https:\/\/www.radiopiu.net\/wordpress\/wp-content\/uploads\/2024\/06\/ebfed073-add8-4d32-b085-2c7cc2f85c89.jpg 1600w\" sizes=\"auto, (max-width: 175px) 100vw, 175px\" \/><\/a>La sigla del Tg1 era seria e arrivava puntuale alle venti precise, al tempo in cui la luce del sole sfiorava appena la cima del Pelsa. Poi nello schermo del televisore in bianco e nero appariva la figura austera di Paolo Frajese che con la sua voce pacata raccontava le notizie provenienti dall&#8217;Italia e dal resto del mondo. C&#8217;era la politica, con le vicende quotidiane del governo di pentapartito e l&#8217;ennesimo faccia a faccia fra Reagan e Gorbaciov che si incontravano per decidere le sorti del mondo. E poi Solidarnosc e la guerra fra Iran e Irak, Al\u00ec Agc\u00e0 che da poco aveva sparato al Papa, il Mostro di Firenze e qualche altro delitto estivo. Le vicende oscure di Mamma Ebe, le inchieste sulla strage di Ustica e attentati vari, Demetrio Volcic da Mosca e infine lo sport. Noi, alle venti della sera, eravamo quasi sempre l\u00ec, di fronte a quella finestra elettronica poggiata sopra il mobile situato nell&#8217;angolo della stua, a seguire le vicende del mondo che ci venivano proposte in bianco e nero. Una sorta di rito serale che il nonno seguiva solamente in audio dalla camera da letto nella quale di ritirava appena dopo cena. A corredo di qualche notizia che probabilmente aveva catturato la sua attenzione, a volte usciva un \u201caaahh\u201d espresso con amarezza e un disappunto che ancora non riuscivo ad interpretare. Quel commento amaro era sempre inerente a notizie che trattavano di politiche internazionali e guerre in atto, e mi accorgevo che queste notizie le seguiva sempre con particolare interesse; probabilmente era la parola guerra a destare la sua attenzione, erano le cronache di quei conflitti combattuti in giro per il mondo nei primi anni \u201880 a smuovere tristi ricordi. A volte, mentre il giorno sfumava insieme al telegiornale, iniziava una sorta di monologo che narrava le vicende che aveva vissuto durante la \u201csua\u201d guerra, quella che l&#8217;aveva strappato dal suo paese e dai suoi affetti e che l&#8217;aveva condotto a combattere malvolentieri nel fango della Grecia e dell&#8217;Albania. In quei racconti c&#8217;erano la Vojussa il ponte di Perati e i pidocchi, la mitraglia Breda e i cespugli spinosi, e poi la Julia decimata, il pantano, i nomi di alcuni compagni. Non c&#8217;era enfasi in quel raccontare, non c&#8217;era il desiderio di mostrarsi eroe; c&#8217;era invece il rammarico di avere speso gli anni migliori della giovent\u00f9 a combattere in una guerra che non lo interessava e che aveva prodotto solamente fame e dolore. Era un narrare scarno ed essenziale, privo della retorica propria dei racconti di guerra, era un raccontare che la mia giovane et\u00e0 impediva di comprendere per intero; erano minuti in cui la grande storia si intrecciava con la storia della vita di un uomo di montagna che tanti anni prima era riuscito a fare ritorno a casa. Poi questo narrare pian piano si spegneva mentre noi ci apprestavamo a svolgere le ultime attivit\u00e0 del giorno; c&#8217;era l&#8217;orto da bagnare e poi magari una breve passeggiata lungo la provinciale e le successive chiacchiere con i vicini che come noi attendevano lo spegnersi del giorno e l&#8217;accendersi delle stelle. E chiss\u00e0 quali erano i pensieri suoi pensieri che precedevano il sonno in quei momenti in cui la luce calava e la notte si stava prendendo i boschi del Pelsa. Chiss\u00e0 se in quegli attimi di silenzio d&#8217;estate ricordava le gioie e i dolori provati durante la sua vita faticosa, chiss\u00e0 se si rivedeva ancora al fronte sui monti della Grecia e dell&#8217;Albania. Poi quelle lunghe sere si tramutavano in calme notti di luglio e anche per me arrivava il tempo di riposare nella stanza dai muri rosa. Sarebbe stato un sonno tranquillo e poco prima dell&#8217;alba avrei ascoltato i passi lenti di quell&#8217;uomo che nella vita aveva lavorato, combattuto e poi ancora lavorato e che ora, al calar della sera, ricordava\u2026<\/p>\n<p>&nbsp;<\/p>\n<p>&nbsp;<\/p>\n<hr \/>\n<p>&nbsp;<\/p>\n<h2><span style=\"color: #ff0000;\">DAL SITO DI RADIO PIU&#8230; ALCUNI PODCAST, I PIU&#8217; VISUALIZZATI NELLA SETTIMANA&#8230;\u00a0<\/span><\/h2>\n<blockquote class=\"wp-embedded-content\" data-secret=\"FNjhKzgCXV\"><p><a href=\"https:\/\/www.radiopiu.net\/wordpress\/biblioteca-del-territorio-i-podcast-di-radiopiu\/\">BIBLIOTECA DEL TERRITORIO&#8230; I PODCAST DI RADIOPIU<\/a><\/p><\/blockquote>\n<p><iframe loading=\"lazy\" class=\"wp-embedded-content\" sandbox=\"allow-scripts\" security=\"restricted\" style=\"position: absolute; clip: rect(1px, 1px, 1px, 1px);\" title=\"&#8220;BIBLIOTECA DEL TERRITORIO&#8230; I PODCAST DI RADIOPIU&#8221; &#8212; Radio Pi\u00f9\" src=\"https:\/\/www.radiopiu.net\/wordpress\/biblioteca-del-territorio-i-podcast-di-radiopiu\/embed\/#?secret=FZLVFXHCc4#?secret=FNjhKzgCXV\" data-secret=\"FNjhKzgCXV\" width=\"600\" height=\"338\" frameborder=\"0\" marginwidth=\"0\" marginheight=\"0\" scrolling=\"no\"><\/iframe><\/p>\n<p>&nbsp;<\/p>\n<blockquote class=\"wp-embedded-content\" data-secret=\"AFP1HVz7y8\"><p><a href=\"https:\/\/www.radiopiu.net\/wordpress\/lad08aaaa\/\">&#8220;NCONTONSE&#8221; IN LADINO SU RADIO PI\u00d9<\/a><\/p><\/blockquote>\n<p><iframe loading=\"lazy\" class=\"wp-embedded-content\" sandbox=\"allow-scripts\" security=\"restricted\" style=\"position: absolute; clip: rect(1px, 1px, 1px, 1px);\" title=\"&#8220;&#8220;NCONTONSE&#8221; IN LADINO SU RADIO PI\u00d9&#8221; &#8212; Radio Pi\u00f9\" src=\"https:\/\/www.radiopiu.net\/wordpress\/lad08aaaa\/embed\/#?secret=kMKibWUGQ3#?secret=AFP1HVz7y8\" data-secret=\"AFP1HVz7y8\" width=\"600\" height=\"338\" frameborder=\"0\" marginwidth=\"0\" marginheight=\"0\" scrolling=\"no\"><\/iframe><\/p>\n<p>&nbsp;<\/p>\n<p>&nbsp;<\/p>\n<hr \/>\n<p>&nbsp;<\/p>\n<p>&nbsp;<\/p>\n<h2><span style=\"color: #ff0000;\"><a class=\"dt-pswp-item\" href=\"https:\/\/www.radiopiu.net\/wordpress\/wp-content\/uploads\/2018\/09\/appuntamenti.jpeg\" data-dt-img-description=\"\" data-large_image_width=\"800\" data-large_image_height=\"100\"><img loading=\"lazy\" decoding=\"async\" class=\"wp-image-61958 size-full aligncenter\" src=\"https:\/\/www.radiopiu.net\/wordpress\/wp-content\/uploads\/2018\/09\/appuntamenti.jpeg\" alt=\"\" width=\"800\" height=\"100\" srcset=\"https:\/\/www.radiopiu.net\/wordpress\/wp-content\/uploads\/2018\/09\/appuntamenti.jpeg 800w, https:\/\/www.radiopiu.net\/wordpress\/wp-content\/uploads\/2018\/09\/appuntamenti-300x38.jpeg 300w, https:\/\/www.radiopiu.net\/wordpress\/wp-content\/uploads\/2018\/09\/appuntamenti-768x96.jpeg 768w\" sizes=\"auto, (max-width: 800px) 100vw, 800px\" \/><\/a><\/span><\/h2>\n<div>\n<div class=\"\" dir=\"auto\">\n<div id=\":r9h:\" class=\"x1iorvi4 x1pi30zi x1l90r2v x1swvt13\" data-ad-comet-preview=\"message\" data-ad-preview=\"message\">\n\n\t\t\t<style type='text\/css'>\n\t\t\t\t#gallery-2 {\n\t\t\t\t\tmargin: auto;\n\t\t\t\t}\n\t\t\t\t#gallery-2 .gallery-item {\n\t\t\t\t\tfloat: left;\n\t\t\t\t\tmargin-top: 10px;\n\t\t\t\t\ttext-align: center;\n\t\t\t\t\twidth: 16%;\n\t\t\t\t}\n\t\t\t\t#gallery-2 img {\n\t\t\t\t\tborder: 2px solid #cfcfcf;\n\t\t\t\t}\n\t\t\t\t#gallery-2 .gallery-caption {\n\t\t\t\t\tmargin-left: 0;\n\t\t\t\t}\n\t\t\t\t\/* see gallery_shortcode() in wp-includes\/media.php *\/\n\t\t\t<\/style>\n\t\t<div id='gallery-2' class='dt-gallery-container gallery galleryid-395077 gallery-columns-6 gallery-size-thumbnail'><dl class='gallery-item'>\n\t\t\t\t<dt class='gallery-icon portrait'>\n\t\t\t\t\t<a class=\"rollover rollover-zoom dt-pswp-item\" title=\"c950811c-7763-405d-ad2c-15d392502b93\" data-dt-img-description=\"\" data-large_image_width=\"480\" data-large_image_height=\"600\"href='https:\/\/www.radiopiu.net\/wordpress\/wp-content\/uploads\/2024\/05\/c950811c-7763-405d-ad2c-15d392502b93-1.jpg'><img loading=\"lazy\" decoding=\"async\" width=\"150\" height=\"150\" src=\"https:\/\/www.radiopiu.net\/wordpress\/wp-content\/uploads\/2024\/05\/c950811c-7763-405d-ad2c-15d392502b93-1-150x150.jpg\" class=\"attachment-thumbnail size-thumbnail\" alt=\"\" aria-describedby=\"gallery-2-392711\" \/><\/a>\n\t\t\t\t<\/dt>\n\t\t\t\t\t<dd class='wp-caption-text gallery-caption' id='gallery-2-392711'>\n\t\t\t\t\tCAMPANOT A CASTION\n\t\t\t\t\t<\/dd><\/dl><dl class='gallery-item'>\n\t\t\t\t<dt class='gallery-icon portrait'>\n\t\t\t\t\t<a class=\"rollover rollover-zoom dt-pswp-item\" title=\"Locandina San Giovanni 2024\" data-dt-img-description=\"\" data-large_image_width=\"1304\" data-large_image_height=\"2560\"href='https:\/\/www.radiopiu.net\/wordpress\/wp-content\/uploads\/2024\/06\/Locandina-San-Giovanni-2024-scaled.jpeg'><img loading=\"lazy\" decoding=\"async\" width=\"150\" height=\"150\" src=\"https:\/\/www.radiopiu.net\/wordpress\/wp-content\/uploads\/2024\/06\/Locandina-San-Giovanni-2024-150x150.jpeg\" class=\"attachment-thumbnail size-thumbnail\" alt=\"\" aria-describedby=\"gallery-2-393442\" \/><\/a>\n\t\t\t\t<\/dt>\n\t\t\t\t\t<dd class='wp-caption-text gallery-caption' id='gallery-2-393442'>\n\t\t\t\t\tSAN GIOVANNI A CANALE D&#8217;AGORDO\n\t\t\t\t\t<\/dd><\/dl><dl class='gallery-item'>\n\t\t\t\t<dt class='gallery-icon portrait'>\n\t\t\t\t\t<a class=\"rollover rollover-zoom dt-pswp-item\" title=\"09d50e2a-86d9-4273-aeb6-415f92136bc3\" data-dt-img-description=\"\" data-large_image_width=\"750\" data-large_image_height=\"1022\"href='https:\/\/www.radiopiu.net\/wordpress\/wp-content\/uploads\/2024\/06\/09d50e2a-86d9-4273-aeb6-415f92136bc3.jpg'><img loading=\"lazy\" decoding=\"async\" width=\"150\" height=\"150\" src=\"https:\/\/www.radiopiu.net\/wordpress\/wp-content\/uploads\/2024\/06\/09d50e2a-86d9-4273-aeb6-415f92136bc3-150x150.jpg\" class=\"attachment-thumbnail size-thumbnail\" alt=\"\" aria-describedby=\"gallery-2-393715\" \/><\/a>\n\t\t\t\t<\/dt>\n\t\t\t\t\t<dd class='wp-caption-text gallery-caption' id='gallery-2-393715'>\n\t\t\t\t\tCORSO DI BALLO A VOLTAGO\n\t\t\t\t\t<\/dd><\/dl><dl class='gallery-item'>\n\t\t\t\t<dt class='gallery-icon portrait'>\n\t\t\t\t\t<a class=\"rollover rollover-zoom dt-pswp-item\" title=\"442414392_10232426359018879_5443832698244930521_n\" data-dt-img-description=\"\" data-large_image_width=\"526\" data-large_image_height=\"709\"href='https:\/\/www.radiopiu.net\/wordpress\/wp-content\/uploads\/2024\/06\/442414392_10232426359018879_5443832698244930521_n.jpg'><img loading=\"lazy\" decoding=\"async\" width=\"150\" height=\"150\" src=\"https:\/\/www.radiopiu.net\/wordpress\/wp-content\/uploads\/2024\/06\/442414392_10232426359018879_5443832698244930521_n-150x150.jpg\" class=\"attachment-thumbnail size-thumbnail\" alt=\"\" aria-describedby=\"gallery-2-394106\" \/><\/a>\n\t\t\t\t<\/dt>\n\t\t\t\t\t<dd class='wp-caption-text gallery-caption' id='gallery-2-394106'>\n\t\t\t\t\tFRASSENE&#8217; CROSS\n\t\t\t\t\t<\/dd><\/dl><dl class='gallery-item'>\n\t\t\t\t<dt class='gallery-icon portrait'>\n\t\t\t\t\t<a class=\"rollover rollover-zoom dt-pswp-item\" title=\"Evento 22 giugno (1)\" data-dt-img-description=\"\" data-large_image_width=\"1240\" data-large_image_height=\"1754\"href='https:\/\/www.radiopiu.net\/wordpress\/wp-content\/uploads\/2024\/06\/Evento-22-giugno-1.jpg'><img loading=\"lazy\" decoding=\"async\" width=\"150\" height=\"150\" src=\"https:\/\/www.radiopiu.net\/wordpress\/wp-content\/uploads\/2024\/06\/Evento-22-giugno-1-150x150.jpg\" class=\"attachment-thumbnail size-thumbnail\" alt=\"\" aria-describedby=\"gallery-2-394035\" \/><\/a>\n\t\t\t\t<\/dt>\n\t\t\t\t\t<dd class='wp-caption-text gallery-caption' id='gallery-2-394035'>\n\t\t\t\t\tPRESENTAZIONE DEL LIBRO A CANALE\n\t\t\t\t\t<\/dd><\/dl><dl class='gallery-item'>\n\t\t\t\t<dt class='gallery-icon portrait'>\n\t\t\t\t\t<a class=\"rollover rollover-zoom dt-pswp-item\" title=\"441936111_953300066803441_3663667299753321850_n\" data-dt-img-description=\"\" data-large_image_width=\"520\" data-large_image_height=\"640\"href='https:\/\/www.radiopiu.net\/wordpress\/wp-content\/uploads\/2024\/06\/441936111_953300066803441_3663667299753321850_n.jpg'><img loading=\"lazy\" decoding=\"async\" width=\"150\" height=\"150\" src=\"https:\/\/www.radiopiu.net\/wordpress\/wp-content\/uploads\/2024\/06\/441936111_953300066803441_3663667299753321850_n-150x150.jpg\" class=\"attachment-thumbnail size-thumbnail\" alt=\"\" aria-describedby=\"gallery-2-394061\" \/><\/a>\n\t\t\t\t<\/dt>\n\t\t\t\t\t<dd class='wp-caption-text gallery-caption' id='gallery-2-394061'>\n\t\t\t\t\t31 LUGLIO AL MINIERE E IN DIRETTA ALLA RADIO \n\t\t\t\t\t<\/dd><\/dl><br style=\"clear: both\" \/><dl class='gallery-item'>\n\t\t\t\t<dt class='gallery-icon portrait'>\n\t\t\t\t\t<a class=\"rollover rollover-zoom dt-pswp-item\" title=\"d6fb7bb5-470e-4f31-a8fb-0d94646adddb\" data-dt-img-description=\"\" data-large_image_width=\"1300\" data-large_image_height=\"1600\"href='https:\/\/www.radiopiu.net\/wordpress\/wp-content\/uploads\/2024\/06\/d6fb7bb5-470e-4f31-a8fb-0d94646adddb.jpg'><img loading=\"lazy\" decoding=\"async\" width=\"150\" height=\"150\" src=\"https:\/\/www.radiopiu.net\/wordpress\/wp-content\/uploads\/2024\/06\/d6fb7bb5-470e-4f31-a8fb-0d94646adddb-150x150.jpg\" class=\"attachment-thumbnail size-thumbnail\" alt=\"\" aria-describedby=\"gallery-2-394668\" \/><\/a>\n\t\t\t\t<\/dt>\n\t\t\t\t\t<dd class='wp-caption-text gallery-caption' id='gallery-2-394668'>\n\t\t\t\t\tGLI EUROPEI DI CALCIO AL RISTOBAR GHEGY\n\t\t\t\t\t<\/dd><\/dl><dl class='gallery-item'>\n\t\t\t\t<dt class='gallery-icon portrait'>\n\t\t\t\t\t<a class=\"rollover rollover-zoom dt-pswp-item\" title=\"JGHALGHLJGH\" data-dt-img-description=\"\" data-large_image_width=\"604\" data-large_image_height=\"854\"href='https:\/\/www.radiopiu.net\/wordpress\/wp-content\/uploads\/2024\/06\/JGHALGHLJGH.png'><img loading=\"lazy\" decoding=\"async\" width=\"150\" height=\"150\" src=\"https:\/\/www.radiopiu.net\/wordpress\/wp-content\/uploads\/2024\/06\/JGHALGHLJGH-150x150.png\" class=\"attachment-thumbnail size-thumbnail\" alt=\"\" aria-describedby=\"gallery-2-394669\" \/><\/a>\n\t\t\t\t<\/dt>\n\t\t\t\t\t<dd class='wp-caption-text gallery-caption' id='gallery-2-394669'>\n\t\t\t\t\tLA NOTTE DI SANTA MARINA A FELTRE\n\t\t\t\t\t<\/dd><\/dl><dl class='gallery-item'>\n\t\t\t\t<dt class='gallery-icon portrait'>\n\t\t\t\t\t<a class=\"rollover rollover-zoom dt-pswp-item\" title=\"a1255490-93b2-46a4-8211-d8118fd23b27\" data-dt-img-description=\"\" data-large_image_width=\"1131\" data-large_image_height=\"1600\"href='https:\/\/www.radiopiu.net\/wordpress\/wp-content\/uploads\/2024\/06\/a1255490-93b2-46a4-8211-d8118fd23b27.jpg'><img loading=\"lazy\" decoding=\"async\" width=\"150\" height=\"150\" src=\"https:\/\/www.radiopiu.net\/wordpress\/wp-content\/uploads\/2024\/06\/a1255490-93b2-46a4-8211-d8118fd23b27-150x150.jpg\" class=\"attachment-thumbnail size-thumbnail\" alt=\"\" aria-describedby=\"gallery-2-394932\" \/><\/a>\n\t\t\t\t<\/dt>\n\t\t\t\t\t<dd class='wp-caption-text gallery-caption' id='gallery-2-394932'>\n\t\t\t\t\tA SAN TOMASO\n\t\t\t\t\t<\/dd><\/dl><dl class='gallery-item'>\n\t\t\t\t<dt class='gallery-icon portrait'>\n\t\t\t\t\t<a class=\"rollover rollover-zoom dt-pswp-item\" title=\"Presepi fuori tempo\" data-dt-img-description=\"\" data-large_image_width=\"1414\" data-large_image_height=\"2000\"href='https:\/\/www.radiopiu.net\/wordpress\/wp-content\/uploads\/2024\/06\/Presepi-fuori-tempo.png'><img loading=\"lazy\" decoding=\"async\" width=\"150\" height=\"150\" src=\"https:\/\/www.radiopiu.net\/wordpress\/wp-content\/uploads\/2024\/06\/Presepi-fuori-tempo-150x150.png\" class=\"attachment-thumbnail size-thumbnail\" alt=\"\" aria-describedby=\"gallery-2-395141\" \/><\/a>\n\t\t\t\t<\/dt>\n\t\t\t\t\t<dd class='wp-caption-text gallery-caption' id='gallery-2-395141'>\n\t\t\t\t\tPRESEPI FUORI TEMPO AD AGORDO\n\t\t\t\t\t<\/dd><\/dl><dl class='gallery-item'>\n\t\t\t\t<dt class='gallery-icon portrait'>\n\t\t\t\t\t<a class=\"rollover rollover-zoom dt-pswp-item\" title=\"447443480_320674017756499_9025951349706877056_n\" data-dt-img-description=\"\" data-large_image_width=\"509\" data-large_image_height=\"720\"href='https:\/\/www.radiopiu.net\/wordpress\/wp-content\/uploads\/2024\/06\/447443480_320674017756499_9025951349706877056_n.jpg'><img loading=\"lazy\" decoding=\"async\" width=\"150\" height=\"150\" src=\"https:\/\/www.radiopiu.net\/wordpress\/wp-content\/uploads\/2024\/06\/447443480_320674017756499_9025951349706877056_n-150x150.jpg\" class=\"attachment-thumbnail size-thumbnail\" alt=\"\" aria-describedby=\"gallery-2-395159\" \/><\/a>\n\t\t\t\t<\/dt>\n\t\t\t\t\t<dd class='wp-caption-text gallery-caption' id='gallery-2-395159'>\n\t\t\t\t\t6 LUGLIO AGORDO BAR DELLE BOCCE\n\t\t\t\t\t<\/dd><\/dl>\n\t\t\t\t<br style='clear: both' \/>\n\t\t\t<\/div>\n\n<\/div>\n<\/div>\n<\/div>\n<p>&nbsp;<\/p>\n<blockquote>\n<h2>Sagra del Campanot 2024: dieci giorni di tradizione, divertimento e gastronomia a Castion<\/h2>\n<\/blockquote>\n<p>La Sagra del Campanot di Castion ritorna dal 14 al 23 giugno, con una pausa il 17 e 18 giugno, per un&#8217;edizione ricca di eventi, cibo e divertimento. Questo evento annuale celebra la cultura e le tradizioni locali, offrendo un&#8217;esperienza unica per tutti i partecipanti.<br \/>\n<strong>Gastronomia di Qualit\u00e0 <\/strong>Ogni sera, dalle 19:30, e durante i pranzi delle due domeniche, gli ospiti potranno gustare piatti tipici e un men\u00f9 gourmet, accompagnato da vini DOC selezionati. Il pasticcere Stefano Berton preparer\u00e0 deliziosi dolci che delizieranno anche i palati pi\u00f9 esigenti. La sagra promette un viaggio culinario tra i sapori autentici della tradizione locale. <strong>Musica e Intrattenimento\u00a0<\/strong><br \/>\nLe serate saranno animate da musica dal vivo con spettacoli sul palco interno a partire dalle 21:00 e sul palco esterno dalle 22:00 fino a notte fonda. Artisti di vari generi musicali si esibiranno, offrendo un intrattenimento continuo e coinvolgente per tutti i gusti.<br \/>\n<strong>Eventi Sportivi e Attivit\u00e0\u00a0 <\/strong>Il programma della sagra \u00e8 ricco di eventi sportivi e attivit\u00e0 per tutte le et\u00e0: <strong><span style=\"color: #ff0000;\">Mercoled\u00ec 19 giugno:<\/span><\/strong> Giornata dedicata ai bambini con: Ore 16:30, truccabimbi. Ore 18:30, esibizione del coro arcobaleno di Limana. Ore 20:30, spettacolo di giocoleria con il grande Mencho Sosa. <strong>21, 22 e 23 giugno:<\/strong> Torneo Campanot &#8211; 8\u00b0 memorial Alberto e Laura, con un torneo di calcio a 5 e un torneo di volley 3vs3 misto. <strong><span style=\"color: #ff0000;\">Domenica 23 giugno:<\/span><\/strong> Alle 21:00, estrazione dei biglietti vincenti della Lotteria Campanot con un iPhone 15 Plus come primo premio. Sotto il tendone sar\u00e0 possibile seguire le partite dell&#8217;Italia agli Europei 2024, creando un punto di ritrovo per tutti gli appassionati di calcio.\u00a0 Per ulteriori informazioni sul programma completo della Sagra del Campanot, \u00e8 possibile visitare il sito ufficiale <a href=\"http:\/\/www.castion-belluno.it\">www.castion-belluno.it<\/a>.<\/p>\n<h2><span style=\"color: #ff0000;\">PROSSIMAMENTE\u00a0<\/span><\/h2>\n<p>Preparatevi a scatenare la vostra energia e a superare i vostri limiti con CorriPoi 2024. Il trofeo di Corse Podistiche a tappe Nell&#8217;Agordino, quattro tappe emozionanti, ognuna delle quali vi porter\u00e0 a scoprire le bellezze naturali del territorio. 22 GIUGNO FRASSENE&#8217;, 7 LUGLIO FORCELLA AURINE, 7 SETTEMBRE VOLTAGO Alla CorriPoi parteciperanno, fianco a fianco, forti runner, atleti della domenica, famiglie, gruppi di amici, giovani corridori in erba, tutti con l&#8217;obiettivo di correre e di divertirsi. Corri verso la vittoria, corri verso il trofeo Alpenpluss. Regolamento delle quattro gare sul sito KEEPSPORTING.COM, in collaborazione con Kiwi Sport, abbigliamento sportivo per tutta la famiglia, ad ALLEGHE- CENCENIGHE &#8211; BELLUNO<\/p>\n<p>&nbsp;<\/p>\n<hr \/>\n<p>&nbsp;<\/p>\n<p><a class=\"dt-pswp-item\" href=\"https:\/\/www.radiopiu.net\/wordpress\/wp-content\/uploads\/2018\/09\/viabilita.jpeg\" data-dt-img-description=\"\" data-large_image_width=\"800\" data-large_image_height=\"100\"><img loading=\"lazy\" decoding=\"async\" class=\"aligncenter wp-image-61954 size-full\" src=\"https:\/\/www.radiopiu.net\/wordpress\/wp-content\/uploads\/2018\/09\/viabilita.jpeg\" alt=\"\" width=\"800\" height=\"100\" srcset=\"https:\/\/www.radiopiu.net\/wordpress\/wp-content\/uploads\/2018\/09\/viabilita.jpeg 800w, https:\/\/www.radiopiu.net\/wordpress\/wp-content\/uploads\/2018\/09\/viabilita-300x38.jpeg 300w, https:\/\/www.radiopiu.net\/wordpress\/wp-content\/uploads\/2018\/09\/viabilita-768x96.jpeg 768w\" sizes=\"auto, (max-width: 800px) 100vw, 800px\" \/><\/a><\/p>\n<p>&nbsp;<\/p>\n<p><a class=\"dt-pswp-item\" href=\"https:\/\/www.radiopiu.net\/wordpress\/wp-content\/uploads\/2023\/12\/botol-car-service.jpg\" data-dt-img-description=\"\" data-large_image_width=\"600\" data-large_image_height=\"600\"><img loading=\"lazy\" decoding=\"async\" class=\"size-medium wp-image-367044 aligncenter\" src=\"https:\/\/www.radiopiu.net\/wordpress\/wp-content\/uploads\/2023\/12\/botol-car-service-300x300.jpg\" alt=\"\" width=\"300\" height=\"300\" srcset=\"https:\/\/www.radiopiu.net\/wordpress\/wp-content\/uploads\/2023\/12\/botol-car-service-300x300.jpg 300w, https:\/\/www.radiopiu.net\/wordpress\/wp-content\/uploads\/2023\/12\/botol-car-service-150x150.jpg 150w, https:\/\/www.radiopiu.net\/wordpress\/wp-content\/uploads\/2023\/12\/botol-car-service.jpg 600w\" sizes=\"auto, (max-width: 300px) 100vw, 300px\" \/><\/a><\/p>\n<p>&nbsp;<\/p>\n<p>&nbsp;<\/p>\n<h1>BOLLETTINO QUOTIDIANO, CLICCA QUI<\/h1>\n<blockquote class=\"wp-embedded-content\" data-secret=\"SLsQSPVjGm\"><p><a href=\"https:\/\/www.radiopiu.net\/wordpress\/viabilita-2\/\">viabilita<\/a><\/p><\/blockquote>\n<p><iframe loading=\"lazy\" class=\"wp-embedded-content\" sandbox=\"allow-scripts\" security=\"restricted\" style=\"position: absolute; clip: rect(1px, 1px, 1px, 1px);\" title=\"&#8220;viabilita&#8221; &#8212; Radio Pi\u00f9\" src=\"https:\/\/www.radiopiu.net\/wordpress\/viabilita-2\/embed\/#?secret=K5X31yNJfW#?secret=SLsQSPVjGm\" data-secret=\"SLsQSPVjGm\" width=\"600\" height=\"338\" frameborder=\"0\" marginwidth=\"0\" marginheight=\"0\" scrolling=\"no\"><\/iframe><\/p>\n<p>&nbsp;<\/p>\n<p>&nbsp;<\/p>\n<hr \/>\n<p>&nbsp;<\/p>\n<p><a class=\"dt-pswp-item\" href=\"https:\/\/www.radiopiu.net\/wordpress\/wp-content\/uploads\/2018\/09\/WhatsApp-Image-2018-09-20-at-16.04.06.jpeg\" data-dt-img-description=\"\" data-large_image_width=\"800\" data-large_image_height=\"100\"><img loading=\"lazy\" decoding=\"async\" class=\"wp-image-61378 size-full aligncenter\" src=\"https:\/\/www.radiopiu.net\/wordpress\/wp-content\/uploads\/2018\/09\/WhatsApp-Image-2018-09-20-at-16.04.06.jpeg\" alt=\"\" width=\"800\" height=\"100\" srcset=\"https:\/\/www.radiopiu.net\/wordpress\/wp-content\/uploads\/2018\/09\/WhatsApp-Image-2018-09-20-at-16.04.06.jpeg 800w, https:\/\/www.radiopiu.net\/wordpress\/wp-content\/uploads\/2018\/09\/WhatsApp-Image-2018-09-20-at-16.04.06-300x38.jpeg 300w, https:\/\/www.radiopiu.net\/wordpress\/wp-content\/uploads\/2018\/09\/WhatsApp-Image-2018-09-20-at-16.04.06-768x96.jpeg 768w\" sizes=\"auto, (max-width: 800px) 100vw, 800px\" \/><\/a><\/p>\n<p><center><\/center><center><\/center><center><\/center><center><\/center><center><\/center><center><\/center>&nbsp;<\/p>\n<p><center><\/center><center><\/center><center><\/center><center><\/center><center><\/center><center><\/center><center><\/center><center><b>OGGI<\/b><\/center>Tempo stabile, pi\u00f9 soleggiato e pi\u00f9 caldo rispetto ai giorni precedenti. Al mattino in genere sereno o poco nuvoloso con modesti e innocui addensamenti lungo i pendii o in prossimit\u00e0 delle cime, salvo qualche nube bassa in alcune valli nelle ore fredde. Dalle ore centrali formazione di addensamenti un po&#8217; pi\u00f9 consistenti rispetto al mattino, ma senza fenomeni.<br \/>\n<b>Precipitazioni: <\/b>Assenti<br \/>\n<b>Temperature: <\/b>In ulteriore aumento, su valori superiori alle medie del periodo, con significativa escursione termica giornaliera nelle valli.<\/p>\n<hr \/>\n<p><center><b>DOMANI<\/b><\/center>Al mattino tempo stabile e soleggiato con qualche innocuo annuvolamento in prossimit\u00e0 delle cime o lungo i pendii dei rilievi; nel pomeriggio annuvolamenti irregolari specie sulle Dolomiti dove non si esclude qualche sporadico fenomeno per il notevole riscaldamento diurno. Clima estivo.<br \/>\n<b>Precipitazioni: <\/b>Generalmente assenti; non si escludono occasionali piovaschi specie lungo i pendii dei rilievi dolomitici nel pomeriggio\/sera.<br \/>\n<b>Temperature: <\/b>In ulteriore contenuto aumento su valori ben al di sopra delle medie stagionali; significativa escursione termica giornaliera nelle valli.<\/p>\n<hr \/>\n<p><center><b>GIOVEDI<\/b><\/center>Al mattino intorno all&#8217;alba generalmente sereno in alta montagna, poco o parzialmente nuvoloso nelle valli per nubi basse, eventualmente associate anche a foschie nelle ore fredde; in mattinata modesti annuvolamenti sia per l&#8217;arrivo di nubi alte, sia per la formazione di cumulo-nembi a causa del significativo riscaldamento diurno, specie a ridosso dei rilievi e delle cime dolomitiche, localmente consistenti nel tardo pomeriggio\/sera, eventualmente associati ad occasionali fenomeni di calore. Temperature in ulteriore lieve aumento e ben superiori alla norma.<\/p>\n<hr \/>\n<p><center><b>VENERDI<\/b><\/center>Cielo inizialmente sereno o poco nuvoloso per velature soprattutto in alta montagna, anche a tratti nuvoloso nelle valli per nubi basse, associate a qualche foschia nelle ore fredde; nel corso della mattinata formazione di annuvolamenti per il significativo riscaldamento diurno, specie a ridosso dei rilievi e delle cime dolomitiche, che saranno pi\u00f9 consistenti rispetto a gioved\u00ec, eventualmente accompagnati nel pomeriggio\/sera da precipitazioni anche a carattere di rovescio o di temporale. Temperature senza notevoli variazioni o in ulteriore lieve aumento e ben superiori alla norma.<\/p>\n<p>&nbsp;<\/p>\n<hr \/>\n<p>&nbsp;<\/p>\n<p><img loading=\"lazy\" decoding=\"async\" class=\"wp-image-60761 size-full aligncenter\" src=\"https:\/\/www.radiopiu.net\/wordpress\/wp-content\/uploads\/2018\/09\/sport.jpg\" alt=\"\" width=\"800\" height=\"100\" srcset=\"https:\/\/www.radiopiu.net\/wordpress\/wp-content\/uploads\/2018\/09\/sport.jpg 800w, https:\/\/www.radiopiu.net\/wordpress\/wp-content\/uploads\/2018\/09\/sport-300x38.jpg 300w, https:\/\/www.radiopiu.net\/wordpress\/wp-content\/uploads\/2018\/09\/sport-768x96.jpg 768w\" sizes=\"auto, (max-width: 800px) 100vw, 800px\" \/><\/p>\n<p>&nbsp;<\/p>\n<p><span style=\"color: #0000ff;\"><strong>PALLAVOLO<\/strong><\/span><\/p>\n<blockquote>\n<h3>TERZO ARRIVO NEL ROSTER DEL BELLUNO VOLLEY<\/h3>\n<\/blockquote>\n<p><a class=\"dt-pswp-item\" href=\"https:\/\/www.radiopiu.net\/wordpress\/wp-content\/uploads\/2024\/06\/Cengia_con_la_maglia_di_Bari-scaled.jpg\" data-dt-img-description=\"\" data-large_image_width=\"2560\" data-large_image_height=\"1365\"><img loading=\"lazy\" decoding=\"async\" class=\" wp-image-395138 alignleft\" src=\"https:\/\/www.radiopiu.net\/wordpress\/wp-content\/uploads\/2024\/06\/Cengia_con_la_maglia_di_Bari-300x160.jpg\" alt=\"\" width=\"167\" height=\"89\" srcset=\"https:\/\/www.radiopiu.net\/wordpress\/wp-content\/uploads\/2024\/06\/Cengia_con_la_maglia_di_Bari-300x160.jpg 300w, https:\/\/www.radiopiu.net\/wordpress\/wp-content\/uploads\/2024\/06\/Cengia_con_la_maglia_di_Bari-1024x546.jpg 1024w, https:\/\/www.radiopiu.net\/wordpress\/wp-content\/uploads\/2024\/06\/Cengia_con_la_maglia_di_Bari-768x410.jpg 768w, https:\/\/www.radiopiu.net\/wordpress\/wp-content\/uploads\/2024\/06\/Cengia_con_la_maglia_di_Bari-1536x819.jpg 1536w, https:\/\/www.radiopiu.net\/wordpress\/wp-content\/uploads\/2024\/06\/Cengia_con_la_maglia_di_Bari-2048x1092.jpg 2048w\" sizes=\"auto, (max-width: 167px) 100vw, 167px\" \/><\/a>Il Belluno Volley cala il tris di novit\u00e0 nella batteria dei centrali. Cos\u00ec, dopo aver abbracciato Michele Luisetto (fresco di secondo posto ottenuto nel Campionato italiano assoluto di Beach volley, in occasione della tappa di Caorle) ed Enrico Basso, la societ\u00e0 presieduta da Sandro Da Rold si assicura anche le prestazioni di Riccardo Cengia. Classe 2001, originario di Thiene, \u00e8 cresciuto nel settore giovanile di Schio, dove ha messo in mostra il suo potenziale e indotto la Pallavolo Padova a puntare su di lui. Proprio nella citt\u00e0 del Santo, matura esperienze importanti in B e viene promosso in prima squadra, con la quale calcher\u00e0 il parquet di SuperLega. Quindi, ed \u00e8 storia recente, l\u2019approdo a Bari: in maglia Just British, sul palcoscenico di Serie A3 Credem Banca, si rende protagonista di una crescita importante. E, oltre a sfruttare al meglio i 198 centimetri d\u2019altezza, sfodera incisivit\u00e0 al servizio e qualit\u00e0 non banali in attacco. Qualit\u00e0 che ora vorr\u00e0 confermare sotto le volte della Spes Arena.<\/p>\n<p>&nbsp;<\/p>\n<p><span style=\"color: #0000ff;\"><strong>NUOTO<\/strong><\/span><\/p>\n<blockquote>\n<h3>OTTIMI RISULTATI PER LA SPORTIVAMENTE BELLUNO A MONSELICE<\/h3>\n<\/blockquote>\n<p><a class=\"dt-pswp-item\" href=\"https:\/\/www.radiopiu.net\/wordpress\/wp-content\/uploads\/2024\/06\/Miglior_performance_di_Mattia_Dona.jpeg\" data-dt-img-description=\"\" data-large_image_width=\"503\" data-large_image_height=\"640\"><img loading=\"lazy\" decoding=\"async\" class=\" wp-image-395147 alignleft\" src=\"https:\/\/www.radiopiu.net\/wordpress\/wp-content\/uploads\/2024\/06\/Miglior_performance_di_Mattia_Dona-236x300.jpeg\" alt=\"\" width=\"151\" height=\"192\" srcset=\"https:\/\/www.radiopiu.net\/wordpress\/wp-content\/uploads\/2024\/06\/Miglior_performance_di_Mattia_Dona-236x300.jpeg 236w, https:\/\/www.radiopiu.net\/wordpress\/wp-content\/uploads\/2024\/06\/Miglior_performance_di_Mattia_Dona.jpeg 503w\" sizes=\"auto, (max-width: 151px) 100vw, 151px\" \/><\/a>La Sportivamente Belluno ha ottenuto uno splendido quinto posto generale al Trofeo Canovasport di Monselice, riservato alla categoria Esordienti, tra 26 societ\u00e0 partecipanti da Veneto, Emilia Romagna e Alto Adige. Mattia Don\u00e0 ha brillato conquistando il premio per la migliore prestazione maschile nei 100 stile libero con un tempo di 1\u201900\u201d93. Tra gli Esordienti B, Jacopo Viel e Yari Broi hanno ben figurato nei 100 farfalla, mentre Mattia Brianti e Marco Candeago si sono distinti nei 100 dorso e 100 rana. Gli Esordienti A hanno visto Greta Galanti vincere l\u2019argento nei 200 misti, e Mattia Don\u00e0 l\u2019argento nei 200 misti. Elisa Thomas e Aurora Camposeo hanno migliorato i loro tempi personali, mentre Camilla Fistarol e Dora Bortoluzzi hanno contribuito con punti preziosi alla squadra. Alessandro Morra ha conquistato il bronzo nei 200 misti. Federico Nerviani \u00e8 stato secondo nei 100 farfalla, e Greta Galanti e Alessandro Morra hanno ottenuto medaglie nei 100 rana. La staffetta 4&#215;100 mista mixed ha raggiunto un quarto posto con record di societ\u00e0. La coach Daniela Piermarini ha evidenziato l&#8217;importanza delle gare per monitorare la forma degli atleti in vista della Treviso Swim Cup, mentre Matteo Sogne ha sottolineato l&#8217;importanza dell&#8217;evento per i campionati regionali.<\/p>\n<p>&nbsp;<\/p>\n<hr \/>\n<p>&nbsp;<\/p>\n<h2><span style=\"color: #00ff00;\">GOODBYE BY BICICLE&#8230;UN VIAGGIO DALL&#8217;INDIA A SEREN DEL GRAPPA IN BICICLETTA<\/span><\/h2>\n<p><span style=\"color: #ff0000;\"><strong>PUNTATA 18 &#8211; SUPERATO IL CONFINE CON LA CINA SI VA VERSO IL TERRITORIO TIBETANO<\/strong><\/span><\/p>\n<audio class=\"wp-audio-shortcode\" id=\"audio-395077-15\" preload=\"none\" style=\"width: 100%;\" controls=\"controls\"><source type=\"audio\/mpeg\" src=\"https:\/\/www.radiopiu.net\/wordpress\/wp-content\/uploads\/2024\/05\/AIRE-INDIA-PUNTATA-18.mp3?_=15\" \/><a href=\"https:\/\/www.radiopiu.net\/wordpress\/wp-content\/uploads\/2024\/05\/AIRE-INDIA-PUNTATA-18.mp3\">https:\/\/www.radiopiu.net\/wordpress\/wp-content\/uploads\/2024\/05\/AIRE-INDIA-PUNTATA-18.mp3<\/a><\/audio>\n<p>&nbsp;<\/p>\n<p><strong>PER VISITARE I SITI DEI LUOGHI VISITATI, CLICCA SULLE SEGUENTI SCRITTE: <a href=\"https:\/\/www.instagram.com\/vespanda_ilario.lavarra?igsh=MWltZzd0MHdtdXQ1dg==\"><span style=\"color: #3366ff;\">VESPANDA ILARIO LAVARRA<\/span><\/a><\/strong><\/p>\n\n\t\t\t<style type='text\/css'>\n\t\t\t\t#gallery-3 {\n\t\t\t\t\tmargin: auto;\n\t\t\t\t}\n\t\t\t\t#gallery-3 .gallery-item {\n\t\t\t\t\tfloat: left;\n\t\t\t\t\tmargin-top: 10px;\n\t\t\t\t\ttext-align: center;\n\t\t\t\t\twidth: 20%;\n\t\t\t\t}\n\t\t\t\t#gallery-3 img {\n\t\t\t\t\tborder: 2px solid #cfcfcf;\n\t\t\t\t}\n\t\t\t\t#gallery-3 .gallery-caption {\n\t\t\t\t\tmargin-left: 0;\n\t\t\t\t}\n\t\t\t\t\/* see gallery_shortcode() in wp-includes\/media.php *\/\n\t\t\t<\/style>\n\t\t<div id='gallery-3' class='dt-gallery-container gallery galleryid-395077 gallery-columns-5 gallery-size-thumbnail'><dl class='gallery-item'>\n\t\t\t\t<dt class='gallery-icon landscape'>\n\t\t\t\t\t<a class=\"rollover rollover-zoom dt-pswp-item\" title=\"e33ac886-51d9-4d92-9e68-824630c9394b\" data-dt-img-description=\"\" data-large_image_width=\"1152\" data-large_image_height=\"864\"href='https:\/\/www.radiopiu.net\/wordpress\/wp-content\/uploads\/2024\/05\/e33ac886-51d9-4d92-9e68-824630c9394b.jpg'><img loading=\"lazy\" decoding=\"async\" width=\"150\" height=\"150\" src=\"https:\/\/www.radiopiu.net\/wordpress\/wp-content\/uploads\/2024\/05\/e33ac886-51d9-4d92-9e68-824630c9394b-150x150.jpg\" class=\"attachment-thumbnail size-thumbnail\" alt=\"\" \/><\/a>\n\t\t\t\t<\/dt><\/dl><dl class='gallery-item'>\n\t\t\t\t<dt class='gallery-icon landscape'>\n\t\t\t\t\t<a class=\"rollover rollover-zoom dt-pswp-item\" title=\"c0e5479f-4a34-4def-ae8c-9f748e8102d7\" data-dt-img-description=\"\" data-large_image_width=\"1600\" data-large_image_height=\"1204\"href='https:\/\/www.radiopiu.net\/wordpress\/wp-content\/uploads\/2024\/05\/c0e5479f-4a34-4def-ae8c-9f748e8102d7.jpg'><img loading=\"lazy\" decoding=\"async\" width=\"150\" height=\"150\" src=\"https:\/\/www.radiopiu.net\/wordpress\/wp-content\/uploads\/2024\/05\/c0e5479f-4a34-4def-ae8c-9f748e8102d7-150x150.jpg\" class=\"attachment-thumbnail size-thumbnail\" alt=\"\" \/><\/a>\n\t\t\t\t<\/dt><\/dl><dl class='gallery-item'>\n\t\t\t\t<dt class='gallery-icon portrait'>\n\t\t\t\t\t<a class=\"rollover rollover-zoom dt-pswp-item\" title=\"a0df8e43-f7d4-402f-b799-f953a9ff2699\" data-dt-img-description=\"\" data-large_image_width=\"1200\" data-large_image_height=\"1600\"href='https:\/\/www.radiopiu.net\/wordpress\/wp-content\/uploads\/2024\/05\/a0df8e43-f7d4-402f-b799-f953a9ff2699.jpg'><img loading=\"lazy\" decoding=\"async\" width=\"150\" height=\"150\" src=\"https:\/\/www.radiopiu.net\/wordpress\/wp-content\/uploads\/2024\/05\/a0df8e43-f7d4-402f-b799-f953a9ff2699-150x150.jpg\" class=\"attachment-thumbnail size-thumbnail\" alt=\"\" \/><\/a>\n\t\t\t\t<\/dt><\/dl><dl class='gallery-item'>\n\t\t\t\t<dt class='gallery-icon portrait'>\n\t\t\t\t\t<a class=\"rollover rollover-zoom dt-pswp-item\" title=\"7e980112-0906-4e26-adeb-39964d41f7ec\" data-dt-img-description=\"\" data-large_image_width=\"1200\" data-large_image_height=\"1600\"href='https:\/\/www.radiopiu.net\/wordpress\/wp-content\/uploads\/2024\/05\/7e980112-0906-4e26-adeb-39964d41f7ec.jpg'><img loading=\"lazy\" decoding=\"async\" width=\"150\" height=\"150\" src=\"https:\/\/www.radiopiu.net\/wordpress\/wp-content\/uploads\/2024\/05\/7e980112-0906-4e26-adeb-39964d41f7ec-150x150.jpg\" class=\"attachment-thumbnail size-thumbnail\" alt=\"\" \/><\/a>\n\t\t\t\t<\/dt><\/dl><dl class='gallery-item'>\n\t\t\t\t<dt class='gallery-icon landscape'>\n\t\t\t\t\t<a class=\"rollover rollover-zoom dt-pswp-item\" title=\"2f245d47-8730-4e9c-aa04-a3d4587cd527\" data-dt-img-description=\"\" data-large_image_width=\"1600\" data-large_image_height=\"1200\"href='https:\/\/www.radiopiu.net\/wordpress\/wp-content\/uploads\/2024\/05\/2f245d47-8730-4e9c-aa04-a3d4587cd527.jpg'><img loading=\"lazy\" decoding=\"async\" width=\"150\" height=\"150\" src=\"https:\/\/www.radiopiu.net\/wordpress\/wp-content\/uploads\/2024\/05\/2f245d47-8730-4e9c-aa04-a3d4587cd527-150x150.jpg\" class=\"attachment-thumbnail size-thumbnail\" alt=\"\" \/><\/a>\n\t\t\t\t<\/dt><\/dl><br style=\"clear: both\" \/>\n\t\t\t<\/div>\n\n<p>&nbsp;<\/p>\n","protected":false},"excerpt":{"rendered":"<p>******* LA BELLA NOTIZIA! STRADA PROVINCIALE VAL FIORENTINA, GALLERIE MARZELUCH\u2026 FINALMENTE ILLUMINATE A GIORNO. SPERIAMO SIA DEFINITIVO\u00a0 \u00a0 &nbsp; &nbsp; &nbsp; &nbsp; &nbsp; &nbsp; ATTENZIONE: LA NUOVA APP PER IOS-IPHONE di Nicola Vettorello https:\/\/apps.apple.com\/it\/app\/radio-pi%C3%B9-emittente-agordina\/id1515939845 ATTENZIONE: LA NUOVA APP RADIO\u00a0 PER ANDROID di Nicola Vettorello https:\/\/play.google.com\/store\/apps\/details?id=net.radiopiu.iniko\u00a0\u00a0\u00a0 &nbsp; &nbsp; &nbsp; OGGI ALLA RADIO:\u00a0ALLE 6.15 PIROLE DE LENGA,&hellip;<\/p>\n","protected":false},"author":4,"featured_media":395174,"comment_status":"closed","ping_status":"closed","sticky":false,"template":"","format":"standard","meta":{"_monsterinsights_skip_tracking":false,"_monsterinsights_sitenote_active":false,"_monsterinsights_sitenote_note":"","_monsterinsights_sitenote_category":0,"footnotes":""},"categories":[51,86,49],"tags":[],"class_list":["post-395077","post","type-post","status-publish","format-standard","has-post-thumbnail","hentry","category-evidenza-top","category-gr","category-news-18","category-51","category-86","category-49","description-off"],"img_url":"https:\/\/www.radiopiu.net\/wordpress\/wp-content\/uploads\/2024\/06\/DolomitiBus_Trillo_01.jpg","_links":{"self":[{"href":"https:\/\/www.radiopiu.net\/wordpress\/wp-json\/wp\/v2\/posts\/395077","targetHints":{"allow":["GET"]}}],"collection":[{"href":"https:\/\/www.radiopiu.net\/wordpress\/wp-json\/wp\/v2\/posts"}],"about":[{"href":"https:\/\/www.radiopiu.net\/wordpress\/wp-json\/wp\/v2\/types\/post"}],"author":[{"embeddable":true,"href":"https:\/\/www.radiopiu.net\/wordpress\/wp-json\/wp\/v2\/users\/4"}],"replies":[{"embeddable":true,"href":"https:\/\/www.radiopiu.net\/wordpress\/wp-json\/wp\/v2\/comments?post=395077"}],"version-history":[{"count":0,"href":"https:\/\/www.radiopiu.net\/wordpress\/wp-json\/wp\/v2\/posts\/395077\/revisions"}],"wp:featuredmedia":[{"embeddable":true,"href":"https:\/\/www.radiopiu.net\/wordpress\/wp-json\/wp\/v2\/media\/395174"}],"wp:attachment":[{"href":"https:\/\/www.radiopiu.net\/wordpress\/wp-json\/wp\/v2\/media?parent=395077"}],"wp:term":[{"taxonomy":"category","embeddable":true,"href":"https:\/\/www.radiopiu.net\/wordpress\/wp-json\/wp\/v2\/categories?post=395077"},{"taxonomy":"post_tag","embeddable":true,"href":"https:\/\/www.radiopiu.net\/wordpress\/wp-json\/wp\/v2\/tags?post=395077"}],"curies":[{"name":"wp","href":"https:\/\/api.w.org\/{rel}","templated":true}]}}