{"id":395146,"date":"2024-06-18T05:19:07","date_gmt":"2024-06-18T03:19:07","guid":{"rendered":"https:\/\/www.radiopiu.net\/wordpress\/?p=395146"},"modified":"2024-06-18T05:30:34","modified_gmt":"2024-06-18T03:30:34","slug":"suem-118-impegnato-in-due-incidenti-in-mattinata","status":"publish","type":"post","link":"https:\/\/www.radiopiu.net\/wordpress\/suem-118-impegnato-in-due-incidenti-in-mattinata\/","title":{"rendered":"SUEM 118 IMPEGNATO IN DUE INCIDENTI IN MATTINATA"},"content":{"rendered":"<p>******<\/p>\n<p>&nbsp;<\/p>\n<p><strong>REDAZIONE<\/strong> Due gli interventi del Suem 118 in mattinata per altrettanti incidenti stradali. Il primo poco dopo le 10 a Schucaz in Alpago dove un uomo di 62 anni \u00e8 rimasto ferito. Il paziente \u00e8 stato portato al San Martino di Belluno. Poco prima delle 12 il secondo incidente a Belluno. In questo caso una donna \u00e8 rimasta ferita ed \u00e8 stata soccorsa dall&#8217;ambulanza che l&#8217;ha portata al nosocomio di Belluno per le cure del caso.<\/p>\n<p>&nbsp;<\/p>\n<p>&nbsp;<\/p>\n<p>********<\/p>\n","protected":false},"excerpt":{"rendered":"<p>****** &nbsp; REDAZIONE Due gli interventi del Suem 118 in mattinata per altrettanti incidenti stradali. Il primo poco dopo le 10 a Schucaz in Alpago dove un uomo di 62 anni \u00e8 rimasto ferito. Il paziente \u00e8 stato portato al San Martino di Belluno. Poco prima delle 12 il secondo incidente a Belluno. In questo&hellip;<\/p>\n","protected":false},"author":4,"featured_media":348238,"comment_status":"closed","ping_status":"closed","sticky":false,"template":"","format":"standard","meta":{"_monsterinsights_skip_tracking":false,"_monsterinsights_sitenote_active":false,"_monsterinsights_sitenote_note":"","_monsterinsights_sitenote_category":0,"footnotes":""},"categories":[51,49],"tags":[],"class_list":["post-395146","post","type-post","status-publish","format-standard","has-post-thumbnail","hentry","category-evidenza-top","category-news-18","category-51","category-49","description-off"],"img_url":"https:\/\/www.radiopiu.net\/wordpress\/wp-content\/uploads\/2023\/08\/suem.png","_links":{"self":[{"href":"https:\/\/www.radiopiu.net\/wordpress\/wp-json\/wp\/v2\/posts\/395146","targetHints":{"allow":["GET"]}}],"collection":[{"href":"https:\/\/www.radiopiu.net\/wordpress\/wp-json\/wp\/v2\/posts"}],"about":[{"href":"https:\/\/www.radiopiu.net\/wordpress\/wp-json\/wp\/v2\/types\/post"}],"author":[{"embeddable":true,"href":"https:\/\/www.radiopiu.net\/wordpress\/wp-json\/wp\/v2\/users\/4"}],"replies":[{"embeddable":true,"href":"https:\/\/www.radiopiu.net\/wordpress\/wp-json\/wp\/v2\/comments?post=395146"}],"version-history":[{"count":0,"href":"https:\/\/www.radiopiu.net\/wordpress\/wp-json\/wp\/v2\/posts\/395146\/revisions"}],"wp:featuredmedia":[{"embeddable":true,"href":"https:\/\/www.radiopiu.net\/wordpress\/wp-json\/wp\/v2\/media\/348238"}],"wp:attachment":[{"href":"https:\/\/www.radiopiu.net\/wordpress\/wp-json\/wp\/v2\/media?parent=395146"}],"wp:term":[{"taxonomy":"category","embeddable":true,"href":"https:\/\/www.radiopiu.net\/wordpress\/wp-json\/wp\/v2\/categories?post=395146"},{"taxonomy":"post_tag","embeddable":true,"href":"https:\/\/www.radiopiu.net\/wordpress\/wp-json\/wp\/v2\/tags?post=395146"}],"curies":[{"name":"wp","href":"https:\/\/api.w.org\/{rel}","templated":true}]}}