{"id":395193,"date":"2024-06-19T06:18:50","date_gmt":"2024-06-19T04:18:50","guid":{"rendered":"https:\/\/www.radiopiu.net\/wordpress\/?p=395193"},"modified":"2024-06-19T08:46:23","modified_gmt":"2024-06-19T06:46:23","slug":"giornale-radiopiu-19-giugno-2024-direttore-mirko-mezzacasada-40-anni-25-giugno-1983-25-giugno-2023","status":"publish","type":"post","link":"https:\/\/www.radiopiu.net\/wordpress\/giornale-radiopiu-19-giugno-2024-direttore-mirko-mezzacasada-40-anni-25-giugno-1983-25-giugno-2023\/","title":{"rendered":"GIORNALE RADIOPIU 19 GIUGNO 2024 DIRETTORE MIRKO MEZZACASA\u2026DA 40 ANNI 25 GIUGNO 1983-25 GIUGNO 2023"},"content":{"rendered":"<p>*******<\/p>\n<p><em><a href=\"https:\/\/www.radiopiu.net\/wordpress\/giornale-radiopiu-24-gennaio-2021-direttore-mirko-mezzacasa\/79216601_126817312416448_708980208774483089_n\/\" rel=\"attachment wp-att-186567\"><img loading=\"lazy\" decoding=\"async\" class=\"size-medium wp-image-186567 alignright\" src=\"https:\/\/www.radiopiu.net\/wordpress\/wp-content\/uploads\/2021\/01\/79216601_126817312416448_708980208774483089_n-300x114.jpg\" alt=\"\" width=\"300\" height=\"114\" srcset=\"https:\/\/www.radiopiu.net\/wordpress\/wp-content\/uploads\/2021\/01\/79216601_126817312416448_708980208774483089_n-300x114.jpg 300w, https:\/\/www.radiopiu.net\/wordpress\/wp-content\/uploads\/2021\/01\/79216601_126817312416448_708980208774483089_n-768x292.jpg 768w, https:\/\/www.radiopiu.net\/wordpress\/wp-content\/uploads\/2021\/01\/79216601_126817312416448_708980208774483089_n.jpg 820w\" sizes=\"auto, (max-width: 300px) 100vw, 300px\" \/><\/a><span style=\"color: #ff0000;\">ATTENZIONE: LA NUOVA APP PER IOS-IPHONE di Nicola Vettorello <\/span><\/em><a href=\"https:\/\/apps.apple.com\/it\/app\/radio-pi%C3%B9-emittente-agordina\/id1515939845\">https:\/\/apps.apple.com\/it\/app\/radio-pi%C3%B9-emittente-agordina\/id1515939845<\/a><\/p>\n<p><em style=\"color: #ff0000;\">ATTENZIONE: LA NUOVA APP RADIO\u00a0 PER ANDROID di Nicola Vettorello<\/em><\/p>\n<p><a href=\"https:\/\/play.google.com\/store\/apps\/details?id=net.radiopiu.iniko\" target=\"_blank\" rel=\"noopener noreferrer\">https:\/\/play.google.com\/store\/apps\/details?id=net.radiopiu.iniko\u00a0\u00a0\u00a0<\/a><\/p>\n<p>&nbsp;<\/p>\n<div data-block=\"true\" data-editor=\"avj4u\" data-offset-key=\"d3i0j-0-0\"><\/div>\n<div data-block=\"true\" data-editor=\"avj4u\" data-offset-key=\"d3i0j-0-0\"><\/div>\n<div data-block=\"true\" data-editor=\"avj4u\" data-offset-key=\"d3i0j-0-0\">\n<hr \/>\n<\/div>\n<blockquote>\n<h2 data-block=\"true\" data-editor=\"avj4u\" data-offset-key=\"d3i0j-0-0\">\u00a0AUTOSTRADA A27, CANTIERE CONTINUO\u00a0 E\u00a0 TRAPPOLA MORTALE<\/h2>\n<\/blockquote>\n<div data-block=\"true\" data-editor=\"avj4u\" data-offset-key=\"d3i0j-0-0\"><strong><a class=\"dt-pswp-item\" href=\"https:\/\/www.radiopiu.net\/wordpress\/wp-content\/uploads\/2019\/02\/558x312xcasello-autostrada-A27-dolomiti.jpg.pagespeed.ic_.AUYLIYSelj.jpg\" data-dt-img-description=\"\" data-large_image_width=\"558\" data-large_image_height=\"312\"><img loading=\"lazy\" decoding=\"async\" class=\"size-medium wp-image-75528 alignleft\" src=\"https:\/\/www.radiopiu.net\/wordpress\/wp-content\/uploads\/2019\/02\/558x312xcasello-autostrada-A27-dolomiti.jpg.pagespeed.ic_.AUYLIYSelj-300x168.jpg\" alt=\"\" width=\"300\" height=\"168\" srcset=\"https:\/\/www.radiopiu.net\/wordpress\/wp-content\/uploads\/2019\/02\/558x312xcasello-autostrada-A27-dolomiti.jpg.pagespeed.ic_.AUYLIYSelj-300x168.jpg 300w, https:\/\/www.radiopiu.net\/wordpress\/wp-content\/uploads\/2019\/02\/558x312xcasello-autostrada-A27-dolomiti.jpg.pagespeed.ic_.AUYLIYSelj.jpg 558w\" sizes=\"auto, (max-width: 300px) 100vw, 300px\" \/><\/a>BELLUNO\u00a0<\/strong> Aveva 41\u00a0 anni l&#8217;operaio morto mentre lavorava in autostrada tra Vittorio Veneto e il Fadalto. Percorso obbligato per gli automobilisti con la chiusura della 51. Un percorso ad ostacoli caratterizzato da sempre da cantiere ad una corsia di marcia, pericolosissima di giorno e di notte. Ieri l&#8217;incidente mortale in territorio trevigiano, travolto e ucciso da un mezzo pesante, stava segnalando la presenza di un&#8217;auto in avaria.<\/div>\n<div data-block=\"true\" data-editor=\"avj4u\" data-offset-key=\"d3i0j-0-0\"><\/div>\n<div data-block=\"true\" data-editor=\"avj4u\" data-offset-key=\"d3i0j-0-0\"><em>Dove sono gli amministratori? I Politici che dovrebbero rappresentare i bellunesi a Belluno, Venezia,\u00a0 Roma?\u00a0 Fondi di Confine, pista da Bob, grande viabilit\u00e0 per Cortina&#8230; prima di godere di Cortina&#8230; bisogna anche arrivarci, in queste condizioni meglio scegliere altre strade, pi\u00f9 attenzionate e &#8220;amate&#8221; da chi dovrebbe essere al nostro fianco, ma non lo \u00e8&#8230;.<\/em><br \/>\nmirko mezzacasa<\/div>\n<div data-block=\"true\" data-editor=\"avj4u\" data-offset-key=\"d3i0j-0-0\"><\/div>\n<div data-block=\"true\" data-editor=\"avj4u\" data-offset-key=\"d3i0j-0-0\"><\/div>\n<hr \/>\n<div data-block=\"true\" data-editor=\"avj4u\" data-offset-key=\"d3i0j-0-0\">\n<blockquote>\n<h3><\/h3>\n<h3>ALLEGHE TEME LE CODE, UN ALTRO SEMAFORO LUNGO LA 203 AGORDINA<\/h3>\n<\/blockquote>\n<p><strong><img loading=\"lazy\" decoding=\"async\" class=\"alignleft\" src=\"https:\/\/www.radiopiu.net\/wordpress\/wp-content\/uploads\/2023\/09\/Lavori_in_corso.jpg\" width=\"216\" height=\"124\" \/>ALLEGHE<\/strong> Attenzione!\u00a0 Rischio protesta in Val Cordevole. Non bastano i semafori nella Conca Agordina, le gallerie mezze spente, i <em>&#8220;tacoi&#8221;<\/em> sull&#8217;asfalto in occasione della gara di ciclismo amatoriale.\u00a0 Fosse almeno passata una gara importante come il Giro d&#8217;Italia avrebbero asfaltato completamente le strade, non solamente un po&#8217; di asfalto liquido tra le &#8220;sfese&#8221;&#8230; in Agordino si dice &#8220;pedo el tacon del bus&#8221;.<br \/>\nMa c&#8217;\u00e8 altro.\u00a0 Due semafori lungo la regionale 203 poco dopo Alleghe, per lunghi periodi, sabato e domenica compresi. Se nei giorni di festa al momento dell&#8217;arrivo e del rientro non sar\u00e0 organizzato un servizio di movieri prepariamoci a code, proteste, disagi&#8230;..Intanto in redazione arrivano le prime proteste degli operatori turistici. <em>&#8220;Ci faremo sentire&#8221;.<\/em><\/p>\n<blockquote>\n<h1><\/h1>\n<\/blockquote>\n<p><strong>COLLE SANTA LUCIA\u00a0<\/strong>\u00a0Fino \u00a0al 28 giugno\u00a0la 251 della Val di Zoldo e Cellina sar\u00e0 chiusa tra il bivio Rucav\u00e0 e il bivio di Colcuc per i lavori di mitigazione del rischio di caduta sassi. Nei giorni festivi e prefestivi senso unico alternato regolato da semaforo<\/p>\n<p><strong>ROCCA PIETORE\u00a0<\/strong><strong>\u00a0FINO\u00a0 al 24 giugno\u00a0chiusura totale della provinciale 563 di Salesei in localit\u00e0 Digonera dalle 8:10 alle18, dal lunedi al venerdi.\u00a0<\/strong><strong>Negli altri orari, h 24 sabato e domenica compresi, senso unico alternato regolato da semaforo<\/strong><\/p>\n<p><strong>SR 203 AGORDINA<\/strong>\u00a0tra Alleghe e Caprile,\u00a0dal 3 giugno\u00a0al 2 agosto, sabati domeniche e festivi esclusi, senso unico alternato regolato da semaforo<\/p>\n<p><strong>203 AGORDINA<\/strong>\u00a0localita\u2019 Soprasac, Alleghe.\u00a0dal 20 giugno al 10 luglio,\u00a0compresi sabato e domenica, senso unico regolato da impianto semaforico h24<\/p>\n<\/div>\n<div data-block=\"true\" data-editor=\"avj4u\" data-offset-key=\"d3i0j-0-0\"><\/div>\n<div data-block=\"true\" data-editor=\"avj4u\" data-offset-key=\"d3i0j-0-0\"><\/div>\n<div data-block=\"true\" data-editor=\"avj4u\" data-offset-key=\"d3i0j-0-0\">\n<hr \/>\n<p>&nbsp;<\/p>\n<\/div>\n<p>&nbsp;<\/p>\n<p><strong class=\"photoswipe-wrapper\"><span style=\"color: #ff0000;\"><a class=\"dt-pswp-item\" href=\"https:\/\/www.radiopiu.net\/wordpress\/wp-content\/uploads\/2024\/06\/0e62e506-881e-4421-a352-39ca2556922c.jpg\" data-dt-img-description=\"\" data-large_image_width=\"659\" data-large_image_height=\"922\"><img loading=\"lazy\" decoding=\"async\" class=\" wp-image-395195 alignleft\" src=\"https:\/\/www.radiopiu.net\/wordpress\/wp-content\/uploads\/2024\/06\/0e62e506-881e-4421-a352-39ca2556922c-214x300.jpg\" alt=\"\" width=\"127\" height=\"178\" srcset=\"https:\/\/www.radiopiu.net\/wordpress\/wp-content\/uploads\/2024\/06\/0e62e506-881e-4421-a352-39ca2556922c-214x300.jpg 214w, https:\/\/www.radiopiu.net\/wordpress\/wp-content\/uploads\/2024\/06\/0e62e506-881e-4421-a352-39ca2556922c.jpg 659w\" sizes=\"auto, (max-width: 127px) 100vw, 127px\" \/><\/a>OGGI ALLA RADIO<\/span><\/strong>:\u00a0<strong>ALLE 6.15 <\/strong>PIROLE DE LENGA, CON IL MUSLA\u00a0\u00a0<strong>ALLE 7.20<\/strong>\u00a0EL BAL DEL FIOR, DETTI E TRADIZIONI DI GIULIANA DA RONCH;\u00a0<strong>ALLE 8.20\u00a0<\/strong>PIU SIAMO CON MARINA<strong> 9.00<\/strong>\u00a0 MARCO PERALE, IL\u00a0 LUNGO VIAGGIO DEL FAGIOLO DALL&#8217;AMERICA ALLE DOLOMITI\u00a0 <strong>9.30\u00a0<\/strong>VIABILITA\u2019 Botol_Car <strong>9.40<\/strong> COOPERTIVA DI CORTINA LE NOVITA&#8217; DELLA SETTIMANA <strong>\u00a0<\/strong><b>\u00a010.10\u00a0<\/b> CISL LA VOCE PER I LAVORATORI CON ALESSIO PICCOLI<span style=\"color: #0000ff;\"><strong><span style=\"color: #000000;\">\u00a010.30\u00a0 <\/span><\/strong><span style=\"color: #000000;\">OSCAR NAGLER IL NUOVO SINDACO A LIVINALLONGO OSPITE IN STUDIO CON IL VICE SINDACO GABRIELE DELMONEGO<\/span><\/span>\u00a0\u00a0<strong>11.10<\/strong>\u00a0C\u2019ERA UNA VOLTA FESTIVALBAR, DI MIRCO BENCIVENNI\u00a0<strong>12.00\u00a0<\/strong>VA TUTTO LISCIO\u00a0<strong>12.30\u00a0<\/strong>GIORNALE RADIO EDIZIONE PRINCIPALE 13.10\u00a0 SPECIALE CALCIO AGORDINO, CAMPIONATO AGORDINO SHOW LA SINTESI.\u00a0 <strong>13.20<\/strong>\u00a0PRIMA VERA HIT\u00a0<strong>14.00\u00a0<\/strong> LA TOP TEN BELLUNESE CON MARCO V DAL FARRA <strong>\u00a015.00\u00a0<\/strong> LA CLASSIFICA UFFICIALE DI RADIOPIU\u00a0 CON MARCO GAZ\u00a0\u00a0<strong>1<\/strong><strong>6.00\u00a0<\/strong>IL ROCK DI MARCO COSTANTINI\u00a0<strong>16.45\u00a0<\/strong>LE HIT DI MIRCO BENCIVENNI\u00a0<strong>19\u00a0<\/strong>ANTICIPAZIONI DAL TG DI ANTENNA 3 DI\u00a0 STEFANO BOZZI<\/p>\n<blockquote><p><strong>rassegna stampa nazionale, ogni giorno alle 5 e alle 6 del mattino<\/strong><br \/>\n<em>giornali locali 7 rassegna stampa flash, 8 rassegna stampa, gr flash alle 10 e alle 11, principale 12.30. Informazione pomerIggio alle 15 (speciale) 16, 17, 18. Giornale radio nazionale: ogni ora dalle 5 del mattino, alle 20 della sera.\u00a0<\/em><\/p><\/blockquote>\n<div class=\"x11i5rnm xat24cr x1mh8g0r x1vvkbs xtlvy1s x126k92a\">\n<div dir=\"auto\">\n<p>&nbsp;<\/p>\n<p>&nbsp;<\/p>\n<hr \/>\n<p>&nbsp;<\/p>\n<p>&nbsp;<\/p>\n<div class=\"x11i5rnm xat24cr x1mh8g0r x1vvkbs xtlvy1s x126k92a\">\n<div dir=\"auto\">\n<p><strong><a class=\"dt-pswp-item\" href=\"https:\/\/www.radiopiu.net\/wordpress\/wp-content\/uploads\/2024\/02\/2d44e751-d8a8-461b-8e22-d8e4e853b032.jpg\" data-dt-img-description=\"\" data-large_image_width=\"1600\" data-large_image_height=\"1200\"><img loading=\"lazy\" decoding=\"async\" class=\"wp-image-373307 alignleft\" src=\"https:\/\/www.radiopiu.net\/wordpress\/wp-content\/uploads\/2024\/02\/2d44e751-d8a8-461b-8e22-d8e4e853b032-300x225.jpg\" alt=\"\" width=\"105\" height=\"79\" srcset=\"https:\/\/www.radiopiu.net\/wordpress\/wp-content\/uploads\/2024\/02\/2d44e751-d8a8-461b-8e22-d8e4e853b032-300x225.jpg 300w, https:\/\/www.radiopiu.net\/wordpress\/wp-content\/uploads\/2024\/02\/2d44e751-d8a8-461b-8e22-d8e4e853b032-1024x768.jpg 1024w, https:\/\/www.radiopiu.net\/wordpress\/wp-content\/uploads\/2024\/02\/2d44e751-d8a8-461b-8e22-d8e4e853b032-768x576.jpg 768w, https:\/\/www.radiopiu.net\/wordpress\/wp-content\/uploads\/2024\/02\/2d44e751-d8a8-461b-8e22-d8e4e853b032-1536x1152.jpg 1536w, https:\/\/www.radiopiu.net\/wordpress\/wp-content\/uploads\/2024\/02\/2d44e751-d8a8-461b-8e22-d8e4e853b032.jpg 1600w\" sizes=\"auto, (max-width: 105px) 100vw, 105px\" \/><\/a>EL BAL DEL FIOR, DI GIULIANA DA RONCH, 19<\/strong><strong>\u00a0GIUGNO 2024<\/strong><\/p>\n<\/div>\n<\/div>\n<\/div>\n<audio class=\"wp-audio-shortcode\" id=\"audio-395193-1\" preload=\"none\" style=\"width: 100%;\" controls=\"controls\"><source type=\"audio\/mpeg\" src=\"https:\/\/www.radiopiu.net\/wordpress\/wp-content\/uploads\/2024\/06\/GME-2.m4a?_=1\" \/><a href=\"https:\/\/www.radiopiu.net\/wordpress\/wp-content\/uploads\/2024\/06\/GME-2.m4a\">https:\/\/www.radiopiu.net\/wordpress\/wp-content\/uploads\/2024\/06\/GME-2.m4a<\/a><\/audio>\n<p>&nbsp;<\/p>\n<div dir=\"auto\">\n<hr \/>\n<\/div>\n<\/div>\n<blockquote>\n<blockquote>\n<h1><span style=\"color: #ff0000;\">\u00a0<\/span><\/h1>\n<h1><span style=\"color: #ff0000;\">I podcast informativi del mattino &#8211; audio &#8211;\u00a0\u00a0<\/span><\/h1>\n<\/blockquote>\n<p><strong><a class=\"dt-pswp-item\" href=\"https:\/\/www.radiopiu.net\/wordpress\/wp-content\/uploads\/2023\/11\/th-10.jpg\" data-dt-img-description=\"\" data-large_image_width=\"320\" data-large_image_height=\"180\"><img loading=\"lazy\" decoding=\"async\" class=\"wp-image-362866 alignleft\" src=\"https:\/\/www.radiopiu.net\/wordpress\/wp-content\/uploads\/2023\/11\/th-10-300x169.jpg\" alt=\"\" width=\"185\" height=\"104\" srcset=\"https:\/\/www.radiopiu.net\/wordpress\/wp-content\/uploads\/2023\/11\/th-10-300x169.jpg 300w, https:\/\/www.radiopiu.net\/wordpress\/wp-content\/uploads\/2023\/11\/th-10.jpg 320w\" sizes=\"auto, (max-width: 185px) 100vw, 185px\" \/><\/a>LA RASSEGNA STAMPA NAZIONALE ALLA RADIO, OGNI GIORNO ALLE 5 E ALLE 6 DEL MATTINO <span style=\"color: #0000ff;\">viene pubblicata alle 6.00 <span style=\"color: #ff0000;\">DIRETTA RADIO\u00a0 \u00a0\u00a0<\/span><\/span><\/strong><\/p><\/blockquote>\n<p>&nbsp;<\/p>\n<p>&nbsp;<\/p>\n<p><strong>La segue fino a casa<\/strong> e la violenta, arrestato a Roma Gli abusi nei locali condominiali, l&#8217;uomo incastrato dal tatuaggio\u00a0 <strong>Latina<\/strong> Lavoratore perde un braccio e viene abbandonato in strada\u00a0 <strong>Disastro ferroviario<\/strong> Treno deragliato a Pioltello, per i pm &#8216;Rfi e vertici responsabili&#8217;\u00a0 <strong>Suicidio assistito<\/strong> Fine vita, il 19 giugno la decisione della Consulta<\/p>\n<p><strong>di sissy martinelli<\/strong><\/p>\n<h2>AUDIO dalle 6 del mattino<\/h2>\n<audio class=\"wp-audio-shortcode\" id=\"audio-395193-2\" preload=\"none\" style=\"width: 100%;\" controls=\"controls\"><source type=\"audio\/mpeg\" src=\"https:\/\/www.radiopiu.net\/wordpress\/wp-content\/uploads\/2024\/06\/GIORNALEDELLESEI-15.mp3?_=2\" \/><a href=\"https:\/\/www.radiopiu.net\/wordpress\/wp-content\/uploads\/2024\/06\/GIORNALEDELLESEI-15.mp3\">https:\/\/www.radiopiu.net\/wordpress\/wp-content\/uploads\/2024\/06\/GIORNALEDELLESEI-15.mp3<\/a><\/audio>\n<p>&nbsp;<\/p>\n<p>&nbsp;<\/p>\n<hr \/>\n<p>&nbsp;<\/p>\n<h1 style=\"text-align: center;\"><span style=\"color: #ff0000;\">I podcast informativi del mattino &#8211; audio &#8211;\u00a0<\/span><\/h1>\n<p><strong><a class=\"dt-pswp-item\" href=\"https:\/\/www.radiopiu.net\/wordpress\/wp-content\/uploads\/2023\/12\/images.png\" data-dt-img-description=\"\" data-large_image_width=\"316\" data-large_image_height=\"160\"><img loading=\"lazy\" decoding=\"async\" class=\"wp-image-367008 alignleft\" src=\"https:\/\/www.radiopiu.net\/wordpress\/wp-content\/uploads\/2023\/12\/images-300x152.png\" alt=\"\" width=\"235\" height=\"119\" srcset=\"https:\/\/www.radiopiu.net\/wordpress\/wp-content\/uploads\/2023\/12\/images-300x152.png 300w, https:\/\/www.radiopiu.net\/wordpress\/wp-content\/uploads\/2023\/12\/images.png 316w\" sizes=\"auto, (max-width: 235px) 100vw, 235px\" \/><\/a>OGNI GIORNO ALLE SETTE DEL MATTINO, LA RASSEGNA STAMPA LOCALE FLASH&#8230; PER CHI VA IN FRETTA. I TITOLI DAI GIORNALI E DAL SITO WWW.RADIOPIU.NET <span style=\"color: #0000ff;\">viene pubblicato alle 7.00<\/span> <span style=\"color: #ff0000;\">DIRETTA RADIO\u00a0<\/span><\/strong><\/p>\n<p><em><span style=\"color: #ff0000;\">per chi va in fretta&#8230; tante notizie in pochi minuti. L&#8217;informazione locale alla radio, ogni ora dalle 7 del mattino alle 19 della sera.\u00a0<\/span><\/em><\/p>\n<p>&nbsp;<\/p>\n<p><span style=\"color: #000000;\"><em>BELLUNO Aveva 41 anni l\u2019operaio morto mentre lavorava in autostrada tra Vittorio Veneto e il Fadalto. Percorso obbligato per gli automobilisti con la chiusura della 51. Un percorso ad ostacoli caratterizzato da sempre da cantiere ad una corsia di marcia, pericolosissima di giorno e di notte. Ieri l\u2019incidente mortale in territorio trevigiano, travolto e ucciso da un mezzo pesante, stava segnalando la presenza di un\u2019auto in avaria.<br \/>\nBELLUNO I Finanzieri di Belluno hanno confiscato due fabbricati e cinque terreni per un valore di 115.713,47 euro, su disposizione della Procura Generale di Venezia. La confisca conclude una complessa vicenda giudiziaria in cui un imprenditore delle costruzioni immobiliari, condannato dalla Corte d\u2019Appello di Venezia, ha cercato di sottrarre il suo patrimonio agli obblighi fiscali attraverso atti fraudolenti come la costituzione di un fondo patrimoniale e una donazione simulata al figlio<br \/>\nAGORDO Ieri sera la Centrale del Suem ha ricevuto una chiamata da un escursionista disorientato sulla Ferrata Costantini a causa della nebbia. Il 65enne di San Tomaso Agordino (BL), che si trovava nei pressi della Cattedrale e con il cellulare quasi scarico, non \u00e8 stato pi\u00f9 raggiungibile. Il Soccorso Alpino di Agordo ha inviato una squadra di 6 volontari al Rifugio Carestiato, pronti a essere trasportati in quota dall\u2019elicottero del Suem di Pieve di Cadore, nonostante le condizioni meteo instabili. L\u2019elicottero, avvertito via radio, \u00e8 riuscito a recuperarlo e successivamente ha riportato anche i due volontari.<br \/>\nCOMELICO SUPERIORE Le operazioni di recupero di due escursionisti tedeschi in difficolt\u00e0 nella traversata carnica si sono concluse intorno alle 23 di luned\u00ec. I due, illesi ma bloccati dalla neve sul sentiero 403, hanno chiamato il Soccorso alpino della Val Comelico verso le 16.30. L\u2019elicottero del Suem di Pieve di Cadore non \u00e8 riuscito ad avvicinarsi a causa della nebbia. Due volontari sono stati calati con il verricello e hanno raggiunto a piedi gli escursionisti, che si erano bloccati sopra degli strapiombi. \u00a0 \u00a0 \u00a0\u00a0<\/em><\/span><\/p>\n<h1>AUDIO dalle 7 del mattino<\/h1>\n<audio class=\"wp-audio-shortcode\" id=\"audio-395193-3\" preload=\"none\" style=\"width: 100%;\" controls=\"controls\"><source type=\"audio\/mpeg\" src=\"https:\/\/www.radiopiu.net\/wordpress\/wp-content\/uploads\/2024\/06\/GF07-15.mp3?_=3\" \/><a href=\"https:\/\/www.radiopiu.net\/wordpress\/wp-content\/uploads\/2024\/06\/GF07-15.mp3\">https:\/\/www.radiopiu.net\/wordpress\/wp-content\/uploads\/2024\/06\/GF07-15.mp3<\/a><\/audio>\n<p>&nbsp;<\/p>\n<p>&nbsp;<\/p>\n<hr \/>\n<p>&nbsp;<\/p>\n<h1><\/h1>\n<h1 style=\"text-align: center;\"><span style=\"color: #ff0000;\"><a class=\"dt-pswp-item\" href=\"https:\/\/www.radiopiu.net\/wordpress\/wp-content\/uploads\/2022\/01\/026c3f9d-dae9-4040-a3c1-a6530231bcc3.jpg\" data-dt-img-description=\"\" data-large_image_width=\"1152\" data-large_image_height=\"2048\"><img loading=\"lazy\" decoding=\"async\" class=\"wp-image-251839 alignleft\" src=\"https:\/\/www.radiopiu.net\/wordpress\/wp-content\/uploads\/2022\/01\/026c3f9d-dae9-4040-a3c1-a6530231bcc3-169x300.jpg\" alt=\"\" width=\"100\" height=\"177\" srcset=\"https:\/\/www.radiopiu.net\/wordpress\/wp-content\/uploads\/2022\/01\/026c3f9d-dae9-4040-a3c1-a6530231bcc3-169x300.jpg 169w, https:\/\/www.radiopiu.net\/wordpress\/wp-content\/uploads\/2022\/01\/026c3f9d-dae9-4040-a3c1-a6530231bcc3-576x1024.jpg 576w, https:\/\/www.radiopiu.net\/wordpress\/wp-content\/uploads\/2022\/01\/026c3f9d-dae9-4040-a3c1-a6530231bcc3-768x1365.jpg 768w, https:\/\/www.radiopiu.net\/wordpress\/wp-content\/uploads\/2022\/01\/026c3f9d-dae9-4040-a3c1-a6530231bcc3-864x1536.jpg 864w, https:\/\/www.radiopiu.net\/wordpress\/wp-content\/uploads\/2022\/01\/026c3f9d-dae9-4040-a3c1-a6530231bcc3.jpg 1152w\" sizes=\"auto, (max-width: 100px) 100vw, 100px\" \/><\/a>I podcast informativi del mattino &#8211; audio &#8211;\u00a0<\/span><\/h1>\n<blockquote><p><strong>GIORNALE RADIO NAZIONALE, EDIZIONE DELLE SETTE <span style=\"color: #0000ff;\">viene pubblicato alle 7.05 <span style=\"color: #ff0000;\">DIRETTA RADIO\u00a0<\/span><\/span><\/strong><\/p><\/blockquote>\n<p><strong>il giornale radionazionale e&#8217; in onda ogni ora, dalle sette del mattino alle venti della sera\u00a0 \u00a0<\/strong><\/p>\n<p><strong>\u00a0<\/strong><\/p>\n<p><strong>Piazza della Loggia:<\/strong> parte il processo a Zorzi, ma lui non c&#8217;\u00e8\u00a0 <strong>Mottarone,<\/strong> Tadini chiede di patteggiare, ma il pm non d\u00e0 il consenso\u00a0 <strong>Tiziano Renzi<\/strong>: &#8216;Sono innocente, non accetto l&#8217;accanimento&#8217;\u00a0 <strong>Terremoto:<\/strong> scossa nella notte nei Campi flegrei\u00a0 <strong>Naufragio nel mar Jonio<\/strong>, la Guardia costiera recupera 3 corpi\u00a0 <strong>Arriva l&#8217;ondata di caldo<\/strong> sull&#8217;Italia, temperature 12 gradi sopra la norma<\/p>\n<h2>AUDIO dalle sette del mattino, ogni ora alla radio<\/h2>\n<audio class=\"wp-audio-shortcode\" id=\"audio-395193-4\" preload=\"none\" style=\"width: 100%;\" controls=\"controls\"><source type=\"audio\/mpeg\" src=\"https:\/\/www.radiopiu.net\/wordpress\/wp-content\/uploads\/2024\/06\/giornale07-15.mp3?_=4\" \/><a href=\"https:\/\/www.radiopiu.net\/wordpress\/wp-content\/uploads\/2024\/06\/giornale07-15.mp3\">https:\/\/www.radiopiu.net\/wordpress\/wp-content\/uploads\/2024\/06\/giornale07-15.mp3<\/a><\/audio>\n<p>&nbsp;<\/p>\n<p>&nbsp;<\/p>\n<hr \/>\n<p>&nbsp;<\/p>\n<p>&nbsp;<\/p>\n<h1><span style=\"color: #ff0000;\">I podcast informativi del mattino &#8211; video &#8211;\u00a0<\/span><\/h1>\n<h2><strong><a class=\"dt-pswp-item\" href=\"https:\/\/www.radiopiu.net\/wordpress\/wp-content\/uploads\/2023\/12\/th-10.jpg\" data-dt-img-description=\"\" data-large_image_width=\"245\" data-large_image_height=\"180\"><img loading=\"lazy\" decoding=\"async\" class=\" wp-image-367395 alignleft\" src=\"https:\/\/www.radiopiu.net\/wordpress\/wp-content\/uploads\/2023\/12\/th-10.jpg\" alt=\"\" width=\"166\" height=\"122\" \/><\/a>RASSEGNA STAMPA LOCALE, ORE OTTO 05<\/strong><\/h2>\n<h2><strong> <span style=\"color: #0000ff;\">viene\u00a0 <\/span><\/strong><strong><span style=\"color: #0000ff;\">pubblicata alle 8.05 <span style=\"color: #ff0000;\">DIRETTA RADIO\u00a0\u00a0<\/span><\/span><\/strong><\/h2>\n<p><strong>DI MIRKO MEZZACASA\u00a0 \u00a0<\/strong><button class=\"rounded-lg text-token-text-secondary hover:bg-token-main-surface-secondary\"><\/button><\/p>\n<p><strong>OGGI SUL Corriere delle Alpi E NOTIZIARI DI Radio Pi\u00f9: ARGINATURA LUXOTTICA Gianni Santomaso\u00a0<\/strong><\/p>\n<p><strong><span style=\"color: #0000ff;\">INCONTRO A GOSALDO CON IL COMANDANTE DEI CARABINIERI, OGGI SUL Corriere delle AlpiI E NOTIZIARI RADIO PIU, LUNEDI DIRETTA RADIO\u00a0<\/span><\/strong><\/p>\n<p>BORGO VALBELLUNA Un malore \u00e8 stato fatale per una signora anziana di Borgo Valbelluna, residente nel comune della Sinistra Piave. Mentre la donna stava percorrendo la strada che da Marcador porta a Pellegai, ha probabilmente perso i sensi a causa di un malore ed \u00e8 uscita di strada con la sua autovettura in maniera autonoma. Ma la reale causa potr\u00e0 essere accertata solo dopo il referto ufficiale dei medici.<br \/>\nPONTE NELLE ALPI \u00c8 mancata domenica a 102 anni, suor Silveria Tamburini, originaria di Ponte nelle Alpi. Ha fatto da catechista a tanti ragazzi ed \u00e8 stata vicina a molte persone bisognose in paese. La suora nativa di Ponte nelle Alpi ha prestato servizio in diverse scuole dell\u2019infanzia e asili parrocchiali in Veneto.<br \/>\nGestione Servizi Pubblici informa che, per lavori alla rete idrica comunale, domani dalle 8 alle 12, verr\u00e0 sospesa l\u2019erogazione dell\u2019acqua a FALCADE IN CENTRO<br \/>\nSempre domani dalle 8 a fine lavori potrebbe mancare l\u2019acqua ad AGORDO nelle LOCALITA\u2019 CROSTOLIN, VERAN, GRAVE DI NAGOL e via ALIGHIERI.<br \/>\nBELLUNO La circolazione dei treni sar\u00e0 sospesa da domenica 9 giugno al 14 dicembre 2024 sulla linea Feltre-Belluno, mentre dal 9 giugno al 7 settembre la sospensione riguarder\u00e0 le stazioni di Treviso e Montebelluna.<br \/>\nFALCADE Si allungano i tempi dei lavori a Caviola di Falcade. La chiusura della strada che va da Via Trento al centro abitato di Caviola \u00e8 stata prorogata fino al 28 giugno<br \/>\nEssilorLuxottica e Diesel Annunciano un Nuovo Accordo di Licenza Esclusiva per Occhiali<br \/>\nEssilorLuxottica e Diesel hanno firmato un accordo esclusivo per il design, la produzione e la distribuzione globale di occhiali Diesel, valido immediatamente fino al 31 dicembre 2029, con un\u2019opzione di rinnovo automatico di cinque anni.<\/p>\n<h2><\/h2>\n<p>&nbsp;<\/p>\n<hr \/>\n<p>&nbsp;<\/p>\n<p>&nbsp;<\/p>\n<p><strong><a class=\"dt-pswp-item\" href=\"https:\/\/www.radiopiu.net\/wordpress\/wp-content\/uploads\/2023\/12\/ANTENNA.png\" data-dt-img-description=\"\" data-large_image_width=\"300\" data-large_image_height=\"166\"><img loading=\"lazy\" decoding=\"async\" class=\" wp-image-366306 alignleft\" src=\"https:\/\/www.radiopiu.net\/wordpress\/wp-content\/uploads\/2023\/12\/ANTENNA.png\" alt=\"\" width=\"175\" height=\"97\" \/><\/a>IERI SERA, DAL TG DI ANTENNA 3, ogni sera alle 19 le anticipazioni alla radio, quello che poi seguirete nel TELEGIORNALE BELLUNESE\u00a0 in onda alle 19.30 sul CANALE 10 del digitale terrestre.\u00a0\u00a0<\/strong><\/p>\n<p>&nbsp;<\/p>\n<p><span style=\"color: #ff0000;\"><strong>\u00a0IERI SERA ALLA RADIO&#8230; LE ANTICIPAZIONI DI TIZIANA BOLOGNANI<\/strong><\/span><\/p>\n<audio class=\"wp-audio-shortcode\" id=\"audio-395193-5\" preload=\"none\" style=\"width: 100%;\" controls=\"controls\"><source type=\"audio\/mpeg\" src=\"https:\/\/www.radiopiu.net\/wordpress\/wp-content\/uploads\/2024\/06\/ANTENNA3-12.mp3?_=5\" \/><a href=\"https:\/\/www.radiopiu.net\/wordpress\/wp-content\/uploads\/2024\/06\/ANTENNA3-12.mp3\">https:\/\/www.radiopiu.net\/wordpress\/wp-content\/uploads\/2024\/06\/ANTENNA3-12.mp3<\/a><\/audio>\n<p>&nbsp;<\/p>\n<p>&nbsp;<\/p>\n<hr \/>\n<p>&nbsp;<\/p>\n<blockquote>\n<h3>ACQUA INQUINATA\u00a0 A ROCCA PIETORE<\/h3>\n<\/blockquote>\n<p><strong><img loading=\"lazy\" decoding=\"async\" class=\"alignleft\" src=\"https:\/\/www.radiopiu.net\/wordpress\/wp-content\/uploads\/2024\/05\/cantiere-municipio-Livinallongo-scaled.jpg\" width=\"231\" height=\"104\" \/><\/strong><b>ROCCA PIETORE <\/b>in localit\u00e0 MOE&#8217; DI LASTE l&#8217;acqua erogata dall&#8217;acquedotto non \u00e8 potabile e pu\u00f2 essere usata per scopi alimentari SOLO PREVIA bollitura.<\/p>\n<p><strong>CENCENIGHE<\/strong> in localit\u00e0 COLLAZ E PRADIMEZZO l&#8217;acqua erogata \u00e8 di nuovo potabile e pu\u00f2 essere usata, quindi, per scopi alimentari.<\/p>\n<p>&nbsp;<\/p>\n<blockquote>\n<h2>LAVORI PROGRAMMATI BIM GSP<\/h2>\n<\/blockquote>\n<p>Gestione Servizi Pubblici informa che, per lavori alla rete idrica comunale, domani dalle 8 alle 12, verr\u00e0 sospesa l\u2019erogazione dell\u2019acqua a FALCADE nelle vie M.O.F. SERAFINI (fino civ.44), 7\u00b0 ALPINI, VENETO, MAREDANE, V.li COLOI e ZIAGN, CORSO ROMA (fino civ.69) e Piazze COL DE RIF e MUNICIPIO. Sempre domani dalle 8 a fine lavori potrebbe mancare l&#8217;acqua ad AGORDO nelle LOCALITA&#8217; CROSTOLIN, VERAN, GRAVE DI NAGOL e via ALIGHIERI. Il personale addetto operer\u00e0 per limitare il pi\u00f9 possibile i disagi alla popolazione.<\/p>\n<p>&nbsp;<\/p>\n<blockquote>\n<h1><strong>i lavori sulla rete ferroviaria<\/strong><\/h1>\n<\/blockquote>\n<p><strong>BELLUNO\u00a0<\/strong> La circolazione dei treni sar\u00e0 sospesa da domenica 9 giugno al 14 dicembre 2024 sulla linea Feltre-Belluno, mentre dal 9 giugno al 7 settembre la sospensione riguarder\u00e0 le stazioni di Treviso e Montebelluna.<\/p>\n<p>&nbsp;<\/p>\n<p>&nbsp;<\/p>\n<hr \/>\n<p>&nbsp;<\/p>\n<blockquote>\n<h3>VIABILITA&#8217; A CAVIOLA, CHIUSURA PROROGATA FINO AL 28 GIUGNO<\/h3>\n<\/blockquote>\n<p><strong>FALCADE<\/strong> Si allungano i tempi dei lavori a Caviola di Falcade. La chiusura della strada che va da Via Trento al centro abitato di Caviola \u00e8 stata prorogata fino al 28 giugno<\/p>\n<p>&nbsp;<\/p>\n<p>&nbsp;<\/p>\n<hr \/>\n<p>&nbsp;<\/p>\n<blockquote>\n<h3 class=\"entry-title\">CONFISCA DI BENI PER OLTRE 115 MILA EURO: EPILOGO DI UNA VICENDA GIUDIZIARIA A BELLUNO<\/h3>\n<\/blockquote>\n<p><strong><img loading=\"lazy\" decoding=\"async\" class=\"alignleft\" src=\"https:\/\/www.radiopiu.net\/wordpress\/wp-content\/uploads\/2021\/07\/9dab3da2-5b99-4e4c-9808-d95d42ff43b5-300x300.jpg\" width=\"120\" height=\"120\" \/>BELLUNO<\/strong> I Finanzieri di Belluno hanno confiscato due fabbricati e cinque terreni per un valore di 115.713,47 euro, su disposizione della Procura Generale di Venezia. La confisca conclude una complessa vicenda giudiziaria in cui un imprenditore delle costruzioni immobiliari, condannato dalla Corte d\u2019Appello di Venezia, ha cercato di sottrarre il suo patrimonio agli obblighi fiscali attraverso atti fraudolenti come la costituzione di un fondo patrimoniale e una donazione simulata al figlio. Le indagini della Guardia di Finanza hanno dimostrato la &#8220;sottrazione fraudolenta al pagamento delle imposte&#8221;. L&#8217;imprenditore T.D., 58enne di Vodo di Cadore, ha perso propriet\u00e0 a Belluno e Cosenza. L&#8217;operazione restituisce beni illecitamente accumulati alla collettivit\u00e0 e riflette l&#8217;impegno della Guardia di Finanza nel contrasto ai patrimoni illeciti.<\/p>\n<p>&nbsp;<\/p>\n<p>&nbsp;<\/p>\n<hr \/>\n<p>&nbsp;<\/p>\n<blockquote>\n<h2>Escursionista Disorientato Soccorso sulla Ferrata Costantini<\/h2>\n<\/blockquote>\n<p><img loading=\"lazy\" decoding=\"async\" class=\"alignleft\" src=\"https:\/\/www.radiopiu.net\/wordpress\/wp-content\/uploads\/2024\/06\/fcbd1f7f-c6b9-4f2d-b69b-90b075a1d412.jpg\" width=\"125\" height=\"232\" \/><strong>AGORDO<\/strong> Ieri sera \u00a0la Centrale del Suem ha ricevuto una chiamata da un escursionista disorientato sulla Ferrata Costantini a causa della nebbia. Il 65enne di San Tomaso Agordino che si trovava nei pressi della Cattedrale e con il cellulare quasi scarico, non \u00e8 stato pi\u00f9 raggiungibile. Il Soccorso Alpino di Agordo ha inviato una squadra di 6 volontari al Rifugio Carestiato, pronti a essere trasportati in quota dall&#8217;elicottero del Suem di Pieve di Cadore, nonostante le condizioni meteo instabili. Due soccorritori sono stati imbarcati e lasciati nella zona della Cattedrale dall&#8217;eliambulanza. Nel frattempo, l&#8217;escursionista \u00e8 riuscito a ritrovare il percorso della Ferrata ed \u00e8 stato individuato con il binocolo in una zona al di fuori delle nuvole. L&#8217;elicottero, avvertito via radio, \u00e8 riuscito a recuperarlo e successivamente ha riportato anche i due volontari.<\/p>\n<p>&nbsp;<\/p>\n<p>&nbsp;<\/p>\n<p>&nbsp;<\/p>\n<p>&nbsp;<\/p>\n<hr \/>\n<p>&nbsp;<\/p>\n<blockquote>\n<h3>SOCCORSI ESCURSIONISTI IMPEGNATI NELLA TRAVERSATA CARNICA<\/h3>\n<\/blockquote>\n<p><strong><a class=\"dt-pswp-item\" href=\"https:\/\/www.radiopiu.net\/wordpress\/wp-content\/uploads\/2024\/06\/LGHOPUGHWA.jpg\" data-dt-img-description=\"\" data-large_image_width=\"925\" data-large_image_height=\"685\"><img loading=\"lazy\" decoding=\"async\" class=\" wp-image-395240 alignleft\" src=\"https:\/\/www.radiopiu.net\/wordpress\/wp-content\/uploads\/2024\/06\/LGHOPUGHWA-300x222.jpg\" alt=\"\" width=\"166\" height=\"123\" srcset=\"https:\/\/www.radiopiu.net\/wordpress\/wp-content\/uploads\/2024\/06\/LGHOPUGHWA-300x222.jpg 300w, https:\/\/www.radiopiu.net\/wordpress\/wp-content\/uploads\/2024\/06\/LGHOPUGHWA-768x569.jpg 768w, https:\/\/www.radiopiu.net\/wordpress\/wp-content\/uploads\/2024\/06\/LGHOPUGHWA.jpg 925w\" sizes=\"auto, (max-width: 166px) 100vw, 166px\" \/><\/a>COMELICO SUPERIORE<\/strong> Le operazioni di recupero di due escursionisti tedeschi in difficolt\u00e0 nella traversata carnica si sono concluse intorno alle 23 di luned\u00ec. I due, illesi ma bloccati dalla neve sul sentiero 403, hanno chiamato il Soccorso alpino della Val Comelico verso le 16.30. L&#8217;elicottero del Suem di Pieve di Cadore non \u00e8 riuscito ad avvicinarsi a causa della nebbia. Due volontari sono stati calati con il verricello e hanno raggiunto a piedi gli escursionisti, che si erano bloccati sopra degli strapiombi. Altri due soccorritori della Guardia di finanza di Auronzo sono stati portati in zona per supporto. Gli escursionisti sono stati riportati sul sentiero e accompagnati fino a Malga Silvella.<\/p>\n<p>&nbsp;<\/p>\n<p>&nbsp;<\/p>\n<hr \/>\n<p>&nbsp;<\/p>\n<p>&nbsp;<\/p>\n<blockquote>\n<h2><strong><a class=\"dt-pswp-item\" href=\"https:\/\/www.radiopiu.net\/wordpress\/wp-content\/uploads\/2024\/06\/Senza-nome-43.png\" data-dt-img-description=\"\" data-large_image_width=\"768\" data-large_image_height=\"181\"><img loading=\"lazy\" decoding=\"async\" class=\"size-medium wp-image-395325 alignleft\" src=\"https:\/\/www.radiopiu.net\/wordpress\/wp-content\/uploads\/2024\/06\/Senza-nome-43-300x71.png\" alt=\"\" width=\"300\" height=\"71\" srcset=\"https:\/\/www.radiopiu.net\/wordpress\/wp-content\/uploads\/2024\/06\/Senza-nome-43-300x71.png 300w, https:\/\/www.radiopiu.net\/wordpress\/wp-content\/uploads\/2024\/06\/Senza-nome-43.png 768w\" sizes=\"auto, (max-width: 300px) 100vw, 300px\" \/><\/a><\/strong>il lutto.<\/h2>\n<h2><\/h2>\n<h2><\/h2>\n<h2>BRUNO TESAN,&#8221;il difensore dal fisico possente&#8221; SCONFITTO DALLA MALATTIA.<\/h2>\n<\/blockquote>\n<p><strong>BELLUNO<\/strong><\/p>\n<p><strong>DI ROBERTO BONA<\/strong><\/p>\n<audio class=\"wp-audio-shortcode\" id=\"audio-395193-6\" preload=\"none\" style=\"width: 100%;\" controls=\"controls\"><source type=\"audio\/mpeg\" src=\"https:\/\/www.radiopiu.net\/wordpress\/wp-content\/uploads\/2024\/06\/BONA-TESAR-SERVIZIO.mp3?_=6\" \/><a href=\"https:\/\/www.radiopiu.net\/wordpress\/wp-content\/uploads\/2024\/06\/BONA-TESAR-SERVIZIO.mp3\">https:\/\/www.radiopiu.net\/wordpress\/wp-content\/uploads\/2024\/06\/BONA-TESAR-SERVIZIO.mp3<\/a><\/audio>\n<p>&nbsp;<\/p>\n\n\t\t\t<style type='text\/css'>\n\t\t\t\t#gallery-1 {\n\t\t\t\t\tmargin: auto;\n\t\t\t\t}\n\t\t\t\t#gallery-1 .gallery-item {\n\t\t\t\t\tfloat: left;\n\t\t\t\t\tmargin-top: 10px;\n\t\t\t\t\ttext-align: center;\n\t\t\t\t\twidth: 50%;\n\t\t\t\t}\n\t\t\t\t#gallery-1 img {\n\t\t\t\t\tborder: 2px solid #cfcfcf;\n\t\t\t\t}\n\t\t\t\t#gallery-1 .gallery-caption {\n\t\t\t\t\tmargin-left: 0;\n\t\t\t\t}\n\t\t\t\t\/* see gallery_shortcode() in wp-includes\/media.php *\/\n\t\t\t<\/style>\n\t\t<div id='gallery-1' class='dt-gallery-container gallery galleryid-395193 gallery-columns-2 gallery-size-medium'><dl class='gallery-item'>\n\t\t\t\t<dt class='gallery-icon landscape'>\n\t\t\t\t\t<a class=\"rollover rollover-zoom dt-pswp-item\" title=\"d5831743-8b23-4d0d-a599-d156a29b23ea\" data-dt-img-description=\"\" data-large_image_width=\"416\" data-large_image_height=\"269\"href='https:\/\/www.radiopiu.net\/wordpress\/wp-content\/uploads\/2024\/06\/d5831743-8b23-4d0d-a599-d156a29b23ea.jpg'><img loading=\"lazy\" decoding=\"async\" width=\"300\" height=\"194\" src=\"https:\/\/www.radiopiu.net\/wordpress\/wp-content\/uploads\/2024\/06\/d5831743-8b23-4d0d-a599-d156a29b23ea-300x194.jpg\" class=\"attachment-medium size-medium\" alt=\"\" srcset=\"https:\/\/www.radiopiu.net\/wordpress\/wp-content\/uploads\/2024\/06\/d5831743-8b23-4d0d-a599-d156a29b23ea-300x194.jpg 300w, https:\/\/www.radiopiu.net\/wordpress\/wp-content\/uploads\/2024\/06\/d5831743-8b23-4d0d-a599-d156a29b23ea.jpg 416w\" sizes=\"auto, (max-width: 300px) 100vw, 300px\" \/><\/a>\n\t\t\t\t<\/dt><\/dl><dl class='gallery-item'>\n\t\t\t\t<dt class='gallery-icon portrait'>\n\t\t\t\t\t<a class=\"rollover rollover-zoom dt-pswp-item\" title=\"a3c97a52-96be-45f6-b72f-c37a35bce026\" data-dt-img-description=\"\" data-large_image_width=\"524\" data-large_image_height=\"549\"href='https:\/\/www.radiopiu.net\/wordpress\/wp-content\/uploads\/2024\/06\/a3c97a52-96be-45f6-b72f-c37a35bce026.jpg'><img loading=\"lazy\" decoding=\"async\" width=\"286\" height=\"300\" src=\"https:\/\/www.radiopiu.net\/wordpress\/wp-content\/uploads\/2024\/06\/a3c97a52-96be-45f6-b72f-c37a35bce026-286x300.jpg\" class=\"attachment-medium size-medium\" alt=\"\" srcset=\"https:\/\/www.radiopiu.net\/wordpress\/wp-content\/uploads\/2024\/06\/a3c97a52-96be-45f6-b72f-c37a35bce026-286x300.jpg 286w, https:\/\/www.radiopiu.net\/wordpress\/wp-content\/uploads\/2024\/06\/a3c97a52-96be-45f6-b72f-c37a35bce026.jpg 524w\" sizes=\"auto, (max-width: 286px) 100vw, 286px\" \/><\/a>\n\t\t\t\t<\/dt><\/dl><br style=\"clear: both\" \/>\n\t\t\t<\/div>\n\n<p>&nbsp;<\/p>\n<p>&nbsp;<\/p>\n<hr \/>\n<blockquote>\n<h2><\/h2>\n<h2 class=\"articlePlainTitle\">Malore mentre guida sulla strada di Pellegai<\/h2>\n<\/blockquote>\n<div class=\"articlePlainText\"><\/div>\n<div class=\"articlePlainText\"><strong>BORGO VALBELLUNA <\/strong>\u00a0Un malore \u00e8 stato fatale per una signora anziana di Borgo Valbelluna, residente nel comune della Sinistra Piave. Mentre la donna stava percorrendo la strada che da Marcador porta a Pellegai, ha probabilmente perso i sensi a causa di un malore ed \u00e8 uscita di strada con la sua autovettura in maniera autonoma. Ma la reale causa potr\u00e0 essere accertata solo dopo il referto ufficiale dei medici.<\/div>\n<p>&nbsp;<\/p>\n<blockquote>\n<h2>Morta a San Fior suor Silveria: aveva 102 anni<\/h2>\n<\/blockquote>\n<p><strong>PONTE NELLE ALPI<\/strong> \u00c8 mancata domenica a 102 anni, suor Silveria Tamburini, originaria di Ponte nelle Alpi. Ha fatto da catechista a tanti ragazzi ed \u00e8 stata vicina a molte persone bisognose in paese. La suora nativa di Ponte nelle Alpi ha prestato servizio in diverse scuole dell&#8217;infanzia e asili parrocchiali in Veneto.<\/p>\n<p>&nbsp;<\/p>\n<p>&nbsp;<\/p>\n<hr \/>\n<p>&nbsp;<\/p>\n<blockquote>\n<h2>EssilorLuxottica e Diesel Annunciano un Nuovo Accordo di Licenza Esclusiva per Occhiali<\/h2>\n<\/blockquote>\n<p><img loading=\"lazy\" decoding=\"async\" class=\"alignleft\" src=\"https:\/\/www.radiopiu.net\/wordpress\/wp-content\/uploads\/2024\/04\/LUXOTTICA-2.jpeg\" width=\"295\" height=\"221\" \/>EssilorLuxottica e Diesel hanno firmato un accordo esclusivo per il design, la produzione e la distribuzione globale di occhiali Diesel, valido immediatamente fino al 31 dicembre 2029, con un\u2019opzione di rinnovo automatico di cinque anni. La prima collezione sar\u00e0 lanciata nel primo trimestre del 2025.<\/p>\n<p>L&#8217;accordo unisce lo stile provocatorio di Diesel con l&#8217;artigianalit\u00e0 e innovazione di EssilorLuxottica, rafforzando una partnership iniziata nel 2022. Le nuove collezioni, dirette dal Creative Director di Diesel Glenn Martens, saranno caratterizzate da un design audace e innovativo, puntando ad attirare la Gen Z con prodotti genderless.<\/p>\n<p>Francesco Milleri, Presidente e CEO di EssilorLuxottica, ha espresso ammirazione per la visione imprenditoriale di Renzo Rosso, fondatore di Diesel, e l&#8217;entusiasmo di condividere questo spirito con i consumatori globali. Renzo Rosso ha sottolineato l&#8217;importanza della partnership con EssilorLuxottica per rafforzare il posizionamento globale di Diesel e attrarre le giovani generazioni grazie a un approccio moderno e inclusivo.<\/p>\n<p>&nbsp;<\/p>\n<p>&nbsp;<\/p>\n<hr \/>\n<p>&nbsp;<\/p>\n<blockquote>\n<h3 class=\"titolonews\">MATURITA&#8217; 2024. PRESIDENTE VENETO AI RAGAZZI, \u201cENTRATE OTTIMISTI E SARETE FORTUNATI PERCHE\u2019 SIETE BRAVI<\/h3>\n<\/blockquote>\n<p><strong><a class=\"dt-pswp-item\" href=\"https:\/\/www.radiopiu.net\/wordpress\/wp-content\/uploads\/2023\/12\/zaia-2023-scaled.jpg\" data-dt-img-description=\"\" data-large_image_width=\"2560\" data-large_image_height=\"1708\"><img loading=\"lazy\" decoding=\"async\" class=\" wp-image-364512 alignleft\" src=\"https:\/\/www.radiopiu.net\/wordpress\/wp-content\/uploads\/2023\/12\/zaia-2023-300x200.jpg\" alt=\"\" width=\"147\" height=\"98\" srcset=\"https:\/\/www.radiopiu.net\/wordpress\/wp-content\/uploads\/2023\/12\/zaia-2023-300x200.jpg 300w, https:\/\/www.radiopiu.net\/wordpress\/wp-content\/uploads\/2023\/12\/zaia-2023-1024x683.jpg 1024w, https:\/\/www.radiopiu.net\/wordpress\/wp-content\/uploads\/2023\/12\/zaia-2023-768x512.jpg 768w, https:\/\/www.radiopiu.net\/wordpress\/wp-content\/uploads\/2023\/12\/zaia-2023-1536x1025.jpg 1536w, https:\/\/www.radiopiu.net\/wordpress\/wp-content\/uploads\/2023\/12\/zaia-2023-2048x1366.jpg 2048w\" sizes=\"auto, (max-width: 147px) 100vw, 147px\" \/><\/a>VENEZIA<\/strong> Il Presidente della Regione Veneto si rivolge ai giovani che affronteranno gli esami di maturit\u00e0, augurando loro entusiasmo e ottimismo. Ringrazia gli insegnanti e il personale scolastico per il loro contributo. Sottolinea che la vita \u00e8 un percorso fatto di sfide e la maturit\u00e0 \u00e8 un punto importante per comprendere il proprio cammino. Ricorda come i giovani abbiano gi\u00e0 dimostrato maturit\u00e0 durante la pandemia e li vede preparati per affrontare il futuro. Conclude che ci\u00f2 che conta \u00e8 la capacit\u00e0 di riflessione, non il semplice nozionismo<\/p>\n<p>&nbsp;<\/p>\n<p>&nbsp;<\/p>\n<hr \/>\n<p>&nbsp;<\/p>\n<blockquote>\n<h3>IL NUOVO NIDO A FELTRE, CON I FONDI PNRR<\/h3>\n<\/blockquote>\n<blockquote><p><img loading=\"lazy\" decoding=\"async\" class=\"alignleft\" src=\"https:\/\/www.radiopiu.net\/wordpress\/wp-content\/uploads\/2024\/06\/people-2941953_640.jpg\" width=\"208\" height=\"139\" \/>Nascer\u00e0 a Villapaiera il nuovo asilo nido di Feltre; la realizzazione sar\u00e0 possibile grazie a un contributo PNRR da oltre 700mila euro. Altri due i comuni bellunesi che beneficeranno del nuovo Piano Asili nido nazionale.<\/p><\/blockquote>\n<p><strong>FELTRE<\/strong><\/p>\n<p><strong>DI DANIELE DALVIT<\/strong><\/p>\n<audio class=\"wp-audio-shortcode\" id=\"audio-395193-7\" preload=\"none\" style=\"width: 100%;\" controls=\"controls\"><source type=\"audio\/mpeg\" src=\"https:\/\/www.radiopiu.net\/wordpress\/wp-content\/uploads\/2024\/06\/Servizio-PNRR-nuovo-nido-Feltre.mp3?_=7\" \/><a href=\"https:\/\/www.radiopiu.net\/wordpress\/wp-content\/uploads\/2024\/06\/Servizio-PNRR-nuovo-nido-Feltre.mp3\">https:\/\/www.radiopiu.net\/wordpress\/wp-content\/uploads\/2024\/06\/Servizio-PNRR-nuovo-nido-Feltre.mp3<\/a><\/audio>\n<p>&nbsp;<\/p>\n<p>&nbsp;<\/p>\n<hr \/>\n<p>&nbsp;<\/p>\n<blockquote>\n<h2>I PROSSIMI CINQUE ANNI DI VALERIO DAVARE, I COLLABORATORI PIU&#8217; VICINI<\/h2>\n<\/blockquote>\n<p><img loading=\"lazy\" decoding=\"async\" class=\"alignleft\" src=\"https:\/\/www.radiopiu.net\/wordpress\/wp-content\/uploads\/2024\/06\/VALERIO-DAVARE-300x289.png\" width=\"164\" height=\"158\" \/><\/p>\n<p><strong>ROCCA PIETORE<\/strong><\/p>\n<p><strong>GIANNI SANTOMASO<\/strong><\/p>\n<audio class=\"wp-audio-shortcode\" id=\"audio-395193-8\" preload=\"none\" style=\"width: 100%;\" controls=\"controls\"><source type=\"audio\/mpeg\" src=\"https:\/\/www.radiopiu.net\/wordpress\/wp-content\/uploads\/2024\/06\/ROCCA-PIETORE-GIANNI-1.mp3?_=8\" \/><a href=\"https:\/\/www.radiopiu.net\/wordpress\/wp-content\/uploads\/2024\/06\/ROCCA-PIETORE-GIANNI-1.mp3\">https:\/\/www.radiopiu.net\/wordpress\/wp-content\/uploads\/2024\/06\/ROCCA-PIETORE-GIANNI-1.mp3<\/a><\/audio>\n<p>&nbsp;<\/p>\n<p>&nbsp;<\/p>\n<hr \/>\n<p>&nbsp;<\/p>\n<p>&nbsp;<\/p>\n<blockquote>\n<h2>GABRIELE DELMONEGO, IL BRACCIO DESTRO\u00a0 DEL NUOVO SINDACO NAGLER<\/h2>\n<\/blockquote>\n<p><strong><img loading=\"lazy\" decoding=\"async\" class=\"alignleft\" src=\"https:\/\/www.radiopiu.net\/wordpress\/wp-content\/uploads\/2023\/09\/nagler.png\" width=\"222\" height=\"125\" \/>OGGI ALLA RADIO ALLE 10.30 E ALLE 19.00 INTERVISTA ESCLUSIVA AL NUOVO SINDACO OSCAR NAGLER E AL VICE SINDACO GABRIELE DELMONEGO.\u00a0\u00a0<\/strong><\/p>\n<p>&nbsp;<\/p>\n<p><strong>DI LORENZO SORATROI\u00a0<\/strong><\/p>\n<audio class=\"wp-audio-shortcode\" id=\"audio-395193-9\" preload=\"none\" style=\"width: 100%;\" controls=\"controls\"><source type=\"audio\/mpeg\" src=\"https:\/\/www.radiopiu.net\/wordpress\/wp-content\/uploads\/2024\/06\/LORENZO-SORATROI.mp3?_=9\" \/><a href=\"https:\/\/www.radiopiu.net\/wordpress\/wp-content\/uploads\/2024\/06\/LORENZO-SORATROI.mp3\">https:\/\/www.radiopiu.net\/wordpress\/wp-content\/uploads\/2024\/06\/LORENZO-SORATROI.mp3<\/a><\/audio>\n<p>&nbsp;<\/p>\n<p><a class=\"dt-pswp-item\" href=\"https:\/\/www.radiopiu.net\/wordpress\/wp-content\/uploads\/2024\/06\/Senza-nome-45.png\" data-dt-img-description=\"\" data-large_image_width=\"874\" data-large_image_height=\"487\"><img loading=\"lazy\" decoding=\"async\" class=\"size-medium wp-image-395332 aligncenter\" src=\"https:\/\/www.radiopiu.net\/wordpress\/wp-content\/uploads\/2024\/06\/Senza-nome-45-300x167.png\" alt=\"\" width=\"300\" height=\"167\" srcset=\"https:\/\/www.radiopiu.net\/wordpress\/wp-content\/uploads\/2024\/06\/Senza-nome-45-300x167.png 300w, https:\/\/www.radiopiu.net\/wordpress\/wp-content\/uploads\/2024\/06\/Senza-nome-45-768x428.png 768w, https:\/\/www.radiopiu.net\/wordpress\/wp-content\/uploads\/2024\/06\/Senza-nome-45.png 874w\" sizes=\"auto, (max-width: 300px) 100vw, 300px\" \/><\/a><\/p>\n<p>&nbsp;<\/p>\n<p>&nbsp;<\/p>\n<hr \/>\n<p>&nbsp;<\/p>\n<blockquote>\n<h2 class=\"articlePlainTitle\"><a class=\"dt-pswp-item\" href=\"https:\/\/www.radiopiu.net\/wordpress\/wp-content\/uploads\/2021\/06\/th-7.jpg\" data-dt-img-description=\"\" data-large_image_width=\"290\" data-large_image_height=\"163\"><img loading=\"lazy\" decoding=\"async\" class=\"size-full wp-image-215337 alignleft\" src=\"https:\/\/www.radiopiu.net\/wordpress\/wp-content\/uploads\/2021\/06\/th-7.jpg\" alt=\"\" width=\"290\" height=\"163\" \/><\/a>La giunta\u00a0 con Perot, Dal Pan Minella e Dalla Rosa<\/h2>\n<\/blockquote>\n<p><strong>SANTA GIUSTINA<\/strong> Nominata la giunta e affidati gli incarichi ai consiglieri. Il primo cittadino trattiene nelle proprie competenze i seguenti referati: personale, protezione civile, cultura, opere pubbliche e urbanistica. Sar\u00e0 affiancato da Paolo Perot, vice sindaco e assessore al bilancio, al volontariato e all&#8217;associazionismo. Nella squadra di giunta ci sar\u00e0 anche Elisabetta Dal Pan, assessore incaricata nei temi istruzione, attivit\u00e0 produttive e tutela del territorio montano. A\u00a0 Minella viene affidato il turismo, mentre Gloria Dalla Rosa sar\u00e0 assessore alle politiche sociali, politiche del lavoro, politiche comunitarie, manifestazioni ed eventi. Ai consiglieri Andrea Dalla Libera, Alice Moliner, Alessandro Polli e Monica Vieceli vengono affidati incarichi di collaborazione amministrativa, distribuiti sulla base delle competenze e della formazione di ciascuno.<\/p>\n<p>&nbsp;<\/p>\n<p>&nbsp;<\/p>\n<p>&nbsp;<\/p>\n<hr \/>\n<p>&nbsp;<\/p>\n<p>&nbsp;<\/p>\n<h2><span style=\"color: #ff0000;\">CONSIGLI COMUNALI IN AGORDINO<\/span><\/h2>\n<p><strong><a class=\"dt-pswp-item\" href=\"https:\/\/www.radiopiu.net\/wordpress\/wp-content\/uploads\/2023\/07\/MUNICIPIO-VOLTAGO.jpeg\" data-dt-img-description=\"\" data-large_image_width=\"1504\" data-large_image_height=\"1116\"><img loading=\"lazy\" decoding=\"async\" class=\" wp-image-344319 alignleft\" src=\"https:\/\/www.radiopiu.net\/wordpress\/wp-content\/uploads\/2023\/07\/MUNICIPIO-VOLTAGO-300x223.jpeg\" alt=\"\" width=\"203\" height=\"151\" srcset=\"https:\/\/www.radiopiu.net\/wordpress\/wp-content\/uploads\/2023\/07\/MUNICIPIO-VOLTAGO-300x223.jpeg 300w, https:\/\/www.radiopiu.net\/wordpress\/wp-content\/uploads\/2023\/07\/MUNICIPIO-VOLTAGO-1024x760.jpeg 1024w, https:\/\/www.radiopiu.net\/wordpress\/wp-content\/uploads\/2023\/07\/MUNICIPIO-VOLTAGO-768x570.jpeg 768w, https:\/\/www.radiopiu.net\/wordpress\/wp-content\/uploads\/2023\/07\/MUNICIPIO-VOLTAGO.jpeg 1504w\" sizes=\"auto, (max-width: 203px) 100vw, 203px\" \/><\/a>VOLTAGO<\/strong> Consiglio comunale oggi alle 18:30. Il sindaco di Voltago ha convocato i consiglieri per discutere 6 punti. Tra gli argomenti da trattare l&#8217;approvazione del programma triennale dei lavori pubblici, la presa d&#8217;atto delle assemblee dei frazionisti di Frassen\u00e8, la convenzione per l&#8217;istituzione e la gestione associata della centrale di committenza presso l&#8217;Unione Montana Agordina e il rendiconto di gestione del 2023.<\/p>\n<p><strong>TAIBON\u00a0<\/strong>Consiglio comunale domani alle 18 in sede del Municipio. Sette punti tra cui la convalida degli eletti a sindaco e consiglieri, il giuramento del sindaco Silvia Tormen, la nomina degli assessori e dei rappresentanti in Unione Montana Agordina<\/p>\n<p><strong>ROCCA PIETORE\u00a0<\/strong>Il neo eletto sindaco Valerio Davare ha convocato il primo consiglio comunale per venerd\u00ec alle 18:30. Dopo l&#8217;insediamento di sindaco e consiglieri comunali, il giuramento del primo cittadino, l&#8217;approvazione delle linee programmatiche di governo e l&#8217;elezione della commissione elettorale comunale<\/p>\n<p><strong>COLLE SANTA<\/strong> <strong>LUCIA<\/strong> Sabato alle 7:30 consiglio comunale. Il sindaco Paolo frena ha convocato i consiglieri per discutere 5 punti tra cui una variazione a bilancio, l&#8217;approvazione del piano degli interventi e la prima variante al regolamento edilizio comunale.<\/p>\n<p>&nbsp;<\/p>\n<p>&nbsp;<\/p>\n<hr \/>\n<p>&nbsp;<\/p>\n<p>&nbsp;<\/p>\n<blockquote>\n<h3><a class=\"dt-pswp-item\" href=\"https:\/\/www.radiopiu.net\/wordpress\/wp-content\/uploads\/2018\/07\/VIVAIO-DOLOMITI.jpg\" data-dt-img-description=\"\" data-large_image_width=\"247\" data-large_image_height=\"204\"><img loading=\"lazy\" decoding=\"async\" class=\" wp-image-53894 alignleft\" src=\"https:\/\/www.radiopiu.net\/wordpress\/wp-content\/uploads\/2018\/07\/VIVAIO-DOLOMITI.jpg\" alt=\"\" width=\"134\" height=\"111\" \/><\/a>Dubbi su Consorzio Tolomeo per Nevegal, Si teme non abbia continuit\u00e0<\/h3>\n<p><em>Fiorindo Zanon del Limana lo ha detto chiaro: \u00abSe il Nevegal chiude, chiudiamo anche noi. Non possiamo portare i bambini in altre stazioni della provincia, sono troppo lontane\u00bb.<\/em><\/p><\/blockquote>\n<p><strong>BELLUNO <\/strong>Vivaio Dolomiti esprime perplessit\u00e0 sulla capacit\u00e0 del Consorzio Tolomeo, con un capitale sociale di 5.000 euro, di garantire continuit\u00e0 e manutenzione degli impianti del Nevegal, sollevando preoccupazioni sulla loro solidit\u00e0 finanziaria.<\/p>\n<p>&nbsp;<\/p>\n<p>&nbsp;<\/p>\n<div class=\"header-wrapper header__light\">\n<header class=\"header-container\">\n<div class=\"bd-container\">\n<div class=\"logo site--logo\">\n<h2 class=\"site-title\"><\/h2>\n<\/div>\n<\/div>\n<\/header>\n<\/div>\n<div class=\"bd_header_single bd_header_single_template_2\">\n<div class=\"bd-container\">\n<div class=\"bd_header_single_holder\">\n<div class=\"bdaia-crumb-container\"><\/div>\n<h2 class=\"site-title\"><a title=\"ANTENNA TRE | Medianordest\" href=\"https:\/\/antennatre.medianordest.it\/\" rel=\"home\"><img decoding=\"async\" class=\"alignleft\" src=\"https:\/\/antennatre.medianordest.it\/wp-content\/uploads\/2020\/10\/A3Logo120.png\" alt=\"ANTENNA TRE | Medianordest\" \/><\/a><\/h2>\n<h1 class=\"_title post-title entry-title\">BELLUNO | NEVEGAL: ALL-IN SUI BRESCIANI, MA \u2018VIVAIO DOLOMITI\u2019 CHIEDE PIU\u2019 GARANZIE<\/h1>\n<\/div>\n<\/div>\n<\/div>\n<p>&nbsp;<\/p>\n<div class=\"mt-1 flex gap-3 empty:hidden juice:-ml-3\">\n<div class=\"flex\">\u00a0Intervistati GIANNI PASTELLA (ASSOCIAZIONE VIVAIO DOLOMITI) (Servizio di\u00a0<a href=\"https:\/\/antennatre.medianordest.it\/redazione\/Stefano-Bozzi\/\">Stefano Bozzi<\/a>)<\/div>\n<div class=\"items-center justify-start rounded-xl p-1 flex\">\n<div class=\"flex items-center\">\n<div class=\"flex items-center pb-0.5 juice:pb-0\">\n<div class=\"[&amp;_svg]:h-full [&amp;_svg]:w-full icon-md h-4 w-4\"><\/div>\n<\/div>\n<\/div>\n<\/div>\n<\/div>\n<p><iframe loading=\"lazy\" title=\"NEVEGAL: ALL-IN SUI BRESCIANI, MA &#039;VIVAIO DOLOMITI&#039; CHIEDE PIU&#039; GARANZIE | 18\/06\/2024\" width=\"1200\" height=\"675\" src=\"https:\/\/www.youtube.com\/embed\/ZWgV6494I4w?feature=oembed\" frameborder=\"0\" allow=\"accelerometer; autoplay; clipboard-write; encrypted-media; gyroscope; picture-in-picture; web-share\" referrerpolicy=\"strict-origin-when-cross-origin\" allowfullscreen><\/iframe><\/p>\n<hr \/>\n<p>&nbsp;<\/p>\n<p><strong>LA GIUDIZIARIA OGGI, DAL CORRIERE DELLE ALPI<\/strong><br \/>\n<strong>DI GIGI SOSSO\u00a0<\/strong><\/p>\n<p>&nbsp;<\/p>\n<h3>Padre accusato di mancato mantenimento<\/h3>\n<p><strong>BELLUNO<\/strong> Un padre di origine albanese, difeso dall&#8217;avvocato Roberta Resenterra, \u00e8 accusato di non aver contribuito al mantenimento dei figli tra maggio e dicembre di tre anni fa. Nell&#8217;udienza di ieri mattina, il giudice Luca Berletti ha aperto il dibattimento, acquisendo le liste dei testimoni da sentire. La prima sar\u00e0 la parte offesa, dopo di che potr\u00e0 toccare all&#8217;uomo dare la propria versione dei fatti<\/p>\n<p>&nbsp;<\/p>\n<h3>Ritirata la Querela per il Furto di 30 Mila Euro<\/h3>\n<p><strong>FELTRE<\/strong> Una donna, inizialmente accusata di furto aggravato per aver sottratto 30 mila euro a una coppia di anziani vicini, ha sanato la propria posizione con una transazione economica. La querela \u00e8 stata ritirata, portando alla sentenza di non doversi procedere.<\/p>\n<p>&nbsp;<\/p>\n<h3 class=\"articlePlainTitle\">Il venditore del trattore raggirato per 1.380 euro<\/h3>\n<div class=\"articlePlainText\"><strong>SEDICO <\/strong>Il raggirato \u00e8 un uomo di Sedico che aveva messo in vendita un mezzo agricolo a 6.200 euro. L&#8217;uomo \u00e8 stato contattato dal cittadino italiano F.L. che, invece di pagare, ha incassato dei soldi. L&#8217;ha invitato a uno sportello bancomat e gli ha fatto fare cinque operazioni, con il risultato di ottenere 1.380 euro. Il venditore si \u00e8 accorto dell&#8217;ammanco ed \u00e8 andato a presentare una querela.<\/div>\n<div><\/div>\n<h3>Minacci\u00f2 Amico con un&#8217;Ascia per Rubargli il Bancomat<\/h3>\n<p>A.B. di Agordo <em>(iniziali molto note in vallata)<\/em> ha minacciato un amico con un&#8217;ascia per ottenere il bancomat e il codice segreto, chiudendolo in un garage. \u00c8 accusato di minaccia aggravata e dovr\u00e0 rispondere in tribunale. La querela per violenza privata \u00e8 stata ritirata, con conseguente sentenza di non doversi procedere.<\/p>\n<p>&nbsp;<\/p>\n<hr \/>\n<p>&nbsp;<\/p>\n<blockquote>\n<h3 class=\"western\"><span style=\"color: #000000;\"><span style=\"font-size: medium;\"><b>TEDxBelluno\u00a0<\/b><\/span><\/span><\/h3>\n<div class=\"flex flex-grow flex-col max-w-full\">\n<div class=\"min-h-[20px] text-message flex flex-col items-start whitespace-pre-wrap break-words [.text-message+&amp;]:mt-5 juice:w-full juice:items-end overflow-x-auto gap-2\" dir=\"auto\" data-message-author-role=\"assistant\" data-message-id=\"8a54f647-5186-4987-9e7f-8cb4de4c1d15\">\n<div class=\"flex w-full flex-col gap-1 juice:empty:hidden juice:first:pt-[3px]\">\n<div class=\"markdown prose w-full break-words dark:prose-invert dark\">\n<p><em>Presentata a Palazzo Fulcis, la terza edizione di TEDxBelluno esplora il tema &#8220;Impatto&#8221; e come idee e azioni possano generare cambiamenti significativi. L&#8217;evento promuove innovazione e progresso a Belluno.<\/em><\/p>\n<\/div>\n<\/div>\n<\/div>\n<\/div>\n<\/blockquote>\n<div class=\"mt-1 flex gap-3 empty:hidden juice:-ml-3\">\n<div class=\"items-center justify-start rounded-xl p-1 flex\">\n<div class=\"flex items-center\"><strong>BELLUNO<\/strong> La terza edizione di TEDxBelluno, in programma sabato 22 giugno al Teatro Comunale, \u00e8 quasi sold out. Con il tema &#8220;Impatto&#8221;, l&#8217;evento vedr\u00e0 12 speaker d&#8217;eccezione discutere idee capaci di generare cambiamenti significativi. Il successo della presentazione ufficiale a Palazzo Fulcis ha evidenziato il crescente interesse per questo appuntamento, patrocinato da enti locali e supportato da importanti partner.<\/div>\n<div><\/div>\n<\/div>\n<\/div>\n<p><a class=\"dt-pswp-item\" href=\"https:\/\/www.radiopiu.net\/wordpress\/wp-content\/uploads\/2024\/06\/I-volontari-delledizione-2023-scaled.jpg\" data-dt-img-description=\"\" data-large_image_width=\"2560\" data-large_image_height=\"1707\"><img loading=\"lazy\" decoding=\"async\" class=\"size-medium wp-image-395287 aligncenter\" src=\"https:\/\/www.radiopiu.net\/wordpress\/wp-content\/uploads\/2024\/06\/I-volontari-delledizione-2023-300x200.jpg\" alt=\"\" width=\"300\" height=\"200\" srcset=\"https:\/\/www.radiopiu.net\/wordpress\/wp-content\/uploads\/2024\/06\/I-volontari-delledizione-2023-300x200.jpg 300w, https:\/\/www.radiopiu.net\/wordpress\/wp-content\/uploads\/2024\/06\/I-volontari-delledizione-2023-1024x683.jpg 1024w, https:\/\/www.radiopiu.net\/wordpress\/wp-content\/uploads\/2024\/06\/I-volontari-delledizione-2023-768x512.jpg 768w, https:\/\/www.radiopiu.net\/wordpress\/wp-content\/uploads\/2024\/06\/I-volontari-delledizione-2023-1536x1024.jpg 1536w, https:\/\/www.radiopiu.net\/wordpress\/wp-content\/uploads\/2024\/06\/I-volontari-delledizione-2023-2048x1365.jpg 2048w\" sizes=\"auto, (max-width: 300px) 100vw, 300px\" \/><\/a><\/p>\n<p>&nbsp;<\/p>\n<p>&nbsp;<\/p>\n<hr \/>\n<p>&nbsp;<\/p>\n<blockquote>\n<h3>Incontro sulla Mobilit\u00e0 a Belluno<\/h3>\n<\/blockquote>\n<p><strong>BELLUNO<\/strong> Sabato 29 giugno, dalle 18, all&#8217;Urban Hub di Belluno si terr\u00e0 un incontro organizzato da Polis Futura sulla mobilit\u00e0 sostenibile. Interverranno esperti e verr\u00e0 presentato il progetto &#8220;Belluno Cycling Strategy&#8221;.<\/p>\n<p>&nbsp;<\/p>\n<p>&nbsp;<\/p>\n<hr \/>\n<blockquote>\n<h2><\/h2>\n<h2><a class=\"dt-pswp-item\" href=\"https:\/\/www.radiopiu.net\/wordpress\/wp-content\/uploads\/2024\/06\/Senza-nome-44.png\" data-dt-img-description=\"\" data-large_image_width=\"846\" data-large_image_height=\"504\"><img loading=\"lazy\" decoding=\"async\" class=\" wp-image-395329 alignleft\" src=\"https:\/\/www.radiopiu.net\/wordpress\/wp-content\/uploads\/2024\/06\/Senza-nome-44-300x179.png\" alt=\"\" width=\"251\" height=\"150\" srcset=\"https:\/\/www.radiopiu.net\/wordpress\/wp-content\/uploads\/2024\/06\/Senza-nome-44-300x179.png 300w, https:\/\/www.radiopiu.net\/wordpress\/wp-content\/uploads\/2024\/06\/Senza-nome-44-768x458.png 768w, https:\/\/www.radiopiu.net\/wordpress\/wp-content\/uploads\/2024\/06\/Senza-nome-44.png 846w\" sizes=\"auto, (max-width: 251px) 100vw, 251px\" \/><\/a>Piccoli scrittori sul podio per El bon de l&#8217;ansuda<\/h2>\n<\/blockquote>\n<p><em><strong>FALCADE<\/strong> Il concorso letterario sul tema della primavera e del legno legato alla festa El bon de l&#8217;ansuda \u00e8 culminato domenica nella consegna dei riconoscimenti ai partecipanti durante la festa alla piana di Falcade.<\/em><\/p>\n<div class=\"articlePlainText\">Ecco i vincitori. Categoria popi: 1. Thomas Cagnati con &#8220;Anima da scultore&#8221;; 2 Tommaso Moretti &#8220;Il tronco fiorito&#8221;; 3. Evelyn Fa\u00e8 &#8220;L&#8217;albero esotico&#8221; e Emma Dell&#8217;Antone &#8220;La nascita degli alberi&#8221;; 4. Elias Loufti &#8220;Gli animali salvano il bosco&#8221; e Giulia Da Rif &#8220;Ricordi nel bosco&#8221; e Agata Murer &#8220;Un bosco speciale&#8221;. Categoria madur: 1. Loreta Chenetti &#8220;Il posto per ogni cosa&#8221;; 2. Marco Rossi &#8220;L&#8217;importanza dei punti di vista&#8221;; 3. Claudio Ghizzo &#8220;Una passeggiata nel bosco&#8221; e Barbara Cimbaro &#8220;La stagione perfetta per volare&#8221;. Premio speciale &#8220;per la pi bela s-ciona inte el nostr decore&#8221; a Milio Malta<\/div>\n<p>&nbsp;<\/p>\n<hr \/>\n<p>&nbsp;<\/p>\n<p>&nbsp;<\/p>\n<blockquote>\n<h3 class=\"entry-title\">SUCCESSO PER IL PRIMO WEEKEND DELLA SAGRA DEL CAMPANOT<\/h3>\n<\/blockquote>\n<p><strong><a class=\"dt-pswp-item\" href=\"https:\/\/www.radiopiu.net\/wordpress\/wp-content\/uploads\/2024\/05\/c950811c-7763-405d-ad2c-15d392502b93-1.jpg\" data-dt-img-description=\"CAMPANOT A CASTION\" data-large_image_width=\"480\" data-large_image_height=\"600\"><img loading=\"lazy\" decoding=\"async\" class=\" wp-image-392711 alignleft\" src=\"https:\/\/www.radiopiu.net\/wordpress\/wp-content\/uploads\/2024\/05\/c950811c-7763-405d-ad2c-15d392502b93-1-240x300.jpg\" alt=\"\" width=\"114\" height=\"143\" srcset=\"https:\/\/www.radiopiu.net\/wordpress\/wp-content\/uploads\/2024\/05\/c950811c-7763-405d-ad2c-15d392502b93-1-240x300.jpg 240w, https:\/\/www.radiopiu.net\/wordpress\/wp-content\/uploads\/2024\/05\/c950811c-7763-405d-ad2c-15d392502b93-1.jpg 480w\" sizes=\"auto, (max-width: 114px) 100vw, 114px\" \/><\/a>BELLUNO<\/strong> Il primo weekend della Sagra del Campanot si \u00e8 concluso con successo, attirando molti visitatori grazie a due eventi principali: la visita al Giardino Botanico delle Alpi Orientali al Monte Faverghera e il torneo di basket \u201c3 contro 3\u201d. Domenica, la visita guidata al Giardino Botanico, organizzata dalla Pro Loco Pieve Castionese in collaborazione con i Carabinieri del Reparto Biodiversit\u00e0 di Belluno, ha riscosso grande successo. I partecipanti hanno potuto esplorare la biodiversit\u00e0 unica del giardino, scoprendo le strategie di adattamento delle piante alpine e ammirando specie rare in un &#8220;museo a cielo aperto&#8221;. Sabato, il torneo di basket \u201c3 contro 3\u201d, organizzato in collaborazione con Planet Basket, ha visto la partecipazione di circa cinquanta ragazzi tra i 10 e i 15 anni. I giovani atleti hanno entusiasmato il pubblico con le loro abilit\u00e0 tecniche, offrendo uno spettacolo di grande livello. Il torneo ha inoltre permesso ai nuovi arbitri di fare esperienza sul campo. La Pro Loco Pieve Castionese esprime soddisfazione per il successo degli eventi e ricorda che la Sagra riprender\u00e0 oggi con una giornata dedicata ai bambini.<\/p>\n<p><strong> classifiche del torneo. <\/strong>Under 12: 1\u00b0 Golden Boys, 2\u00b0 Dragons, 3\u00b0 Gino la Cipolla Under 13: 1\u00b0 Fil\u00f2, 2\u00b0 No Name, 3\u00b0 Giamaicani, 4\u00b0 Biondi, 5\u00b0 Los Amigos, 6\u00b0 Anima Green Under 14: 1\u00b0 MCT, 2\u00b0 I Crostini, 3\u00b0 Le Pigliatutto, 4\u00b0 Pink Team<br \/>\nVincitori gara di tiri: Categoria Aquilotti: Sacchet Yuri Categoria Esordienti: Coletti Samuele Categoria Under 13: Sacchet Jacopo Categoria Under 15: Fregona Nicola<\/p>\n\n\t\t\t<style type='text\/css'>\n\t\t\t\t#gallery-2 {\n\t\t\t\t\tmargin: auto;\n\t\t\t\t}\n\t\t\t\t#gallery-2 .gallery-item {\n\t\t\t\t\tfloat: left;\n\t\t\t\t\tmargin-top: 10px;\n\t\t\t\t\ttext-align: center;\n\t\t\t\t\twidth: 25%;\n\t\t\t\t}\n\t\t\t\t#gallery-2 img {\n\t\t\t\t\tborder: 2px solid #cfcfcf;\n\t\t\t\t}\n\t\t\t\t#gallery-2 .gallery-caption {\n\t\t\t\t\tmargin-left: 0;\n\t\t\t\t}\n\t\t\t\t\/* see gallery_shortcode() in wp-includes\/media.php *\/\n\t\t\t<\/style>\n\t\t<div id='gallery-2' class='dt-gallery-container gallery galleryid-395193 gallery-columns-4 gallery-size-thumbnail'><dl class='gallery-item'>\n\t\t\t\t<dt class='gallery-icon landscape'>\n\t\t\t\t\t<a class=\"rollover rollover-zoom dt-pswp-item\" title=\"giardino botanico\" data-dt-img-description=\"\" data-large_image_width=\"1600\" data-large_image_height=\"1200\"href='https:\/\/www.radiopiu.net\/wordpress\/wp-content\/uploads\/2024\/06\/giardino-botanico.jpg'><img loading=\"lazy\" decoding=\"async\" width=\"150\" height=\"150\" src=\"https:\/\/www.radiopiu.net\/wordpress\/wp-content\/uploads\/2024\/06\/giardino-botanico-150x150.jpg\" class=\"attachment-thumbnail size-thumbnail\" alt=\"\" aria-describedby=\"gallery-2-395232\" \/><\/a>\n\t\t\t\t<\/dt>\n\t\t\t\t\t<dd class='wp-caption-text gallery-caption' id='gallery-2-395232'>\n\t\t\t\t\tgiardino botanico\n\t\t\t\t\t<\/dd><\/dl><dl class='gallery-item'>\n\t\t\t\t<dt class='gallery-icon landscape'>\n\t\t\t\t\t<a class=\"rollover rollover-zoom dt-pswp-item\" title=\"Vincitori gara tiri\" data-dt-img-description=\"\" data-large_image_width=\"2560\" data-large_image_height=\"1440\"href='https:\/\/www.radiopiu.net\/wordpress\/wp-content\/uploads\/2024\/06\/Vincitori-gara-tiri-scaled.jpg'><img loading=\"lazy\" decoding=\"async\" width=\"150\" height=\"150\" src=\"https:\/\/www.radiopiu.net\/wordpress\/wp-content\/uploads\/2024\/06\/Vincitori-gara-tiri-150x150.jpg\" class=\"attachment-thumbnail size-thumbnail\" alt=\"\" aria-describedby=\"gallery-2-395233\" \/><\/a>\n\t\t\t\t<\/dt>\n\t\t\t\t\t<dd class='wp-caption-text gallery-caption' id='gallery-2-395233'>\n\t\t\t\t\tVincitori gara tiri\n\t\t\t\t\t<\/dd><\/dl><dl class='gallery-item'>\n\t\t\t\t<dt class='gallery-icon landscape'>\n\t\t\t\t\t<a class=\"rollover rollover-zoom dt-pswp-item\" title=\"Vincitori Under 15\" data-dt-img-description=\"\" data-large_image_width=\"2560\" data-large_image_height=\"1440\"href='https:\/\/www.radiopiu.net\/wordpress\/wp-content\/uploads\/2024\/06\/Vincitori-Under-15-scaled.jpg'><img loading=\"lazy\" decoding=\"async\" width=\"150\" height=\"150\" src=\"https:\/\/www.radiopiu.net\/wordpress\/wp-content\/uploads\/2024\/06\/Vincitori-Under-15-150x150.jpg\" class=\"attachment-thumbnail size-thumbnail\" alt=\"\" aria-describedby=\"gallery-2-395231\" \/><\/a>\n\t\t\t\t<\/dt>\n\t\t\t\t\t<dd class='wp-caption-text gallery-caption' id='gallery-2-395231'>\n\t\t\t\t\tVincitori Under 15\n\t\t\t\t\t<\/dd><\/dl><dl class='gallery-item'>\n\t\t\t\t<dt class='gallery-icon landscape'>\n\t\t\t\t\t<a class=\"rollover rollover-zoom dt-pswp-item\" title=\"Arbitri\" data-dt-img-description=\"\" data-large_image_width=\"2560\" data-large_image_height=\"1440\"href='https:\/\/www.radiopiu.net\/wordpress\/wp-content\/uploads\/2024\/06\/Arbitri-scaled.jpg'><img loading=\"lazy\" decoding=\"async\" width=\"150\" height=\"150\" src=\"https:\/\/www.radiopiu.net\/wordpress\/wp-content\/uploads\/2024\/06\/Arbitri-150x150.jpg\" class=\"attachment-thumbnail size-thumbnail\" alt=\"\" aria-describedby=\"gallery-2-395234\" \/><\/a>\n\t\t\t\t<\/dt>\n\t\t\t\t\t<dd class='wp-caption-text gallery-caption' id='gallery-2-395234'>\n\t\t\t\t\tArbitri\n\t\t\t\t\t<\/dd><\/dl><br style=\"clear: both\" \/>\n\t\t\t<\/div>\n\n<p>&nbsp;<\/p>\n<hr \/>\n<p>&nbsp;<\/p>\n<blockquote>\n<h3>LA VALIGIA EMOTIVA DEL PARTO: GLI INCONTRI<\/h3>\n<\/blockquote>\n<p><strong><a class=\"dt-pswp-item\" href=\"https:\/\/www.radiopiu.net\/wordpress\/wp-content\/uploads\/2021\/03\/ULSS-1.jpg\" data-dt-img-description=\"\" data-large_image_width=\"776\" data-large_image_height=\"408\"><img loading=\"lazy\" decoding=\"async\" class=\" wp-image-198838 alignleft\" src=\"https:\/\/www.radiopiu.net\/wordpress\/wp-content\/uploads\/2021\/03\/ULSS-1-300x158.jpg\" alt=\"\" width=\"182\" height=\"96\" srcset=\"https:\/\/www.radiopiu.net\/wordpress\/wp-content\/uploads\/2021\/03\/ULSS-1-300x158.jpg 300w, https:\/\/www.radiopiu.net\/wordpress\/wp-content\/uploads\/2021\/03\/ULSS-1-768x404.jpg 768w, https:\/\/www.radiopiu.net\/wordpress\/wp-content\/uploads\/2021\/03\/ULSS-1.jpg 776w\" sizes=\"auto, (max-width: 182px) 100vw, 182px\" \/><\/a>BELLUNO<\/strong> In occasione dell\u2019Open Day dedicato alla prevenzione al femminile proposto dal network Onda &#8211; Osservatorio nazionale sulla salute della donna e di genere, l\u2019Ulss Dolomiti organizza \u201cLa valigia emotiva del parto\u201d. L\u2019evento si terr\u00e0 oggi dalle 17.30 alle 19.00 presso le Unit\u00e0 Operative di Ostetricia e Ginecologia dell\u2019Ospedale di Belluno e la Sala Piccolotto dell\u2019Ospedale di Feltre. Ostetriche e una psicologa condurranno incontri per preparare le coppie in gravidanza, affrontando aspetti pratici e emotivi del parto. Gli incontri sono ad accesso libero. Per ulteriori informazioni: <a rel=\"noreferrer\">comunicazione@aulss1.veneto.it<\/a>.<\/p>\n<p>&nbsp;<\/p>\n<p>&nbsp;<\/p>\n<hr \/>\n<blockquote>\n<h2><\/h2>\n<p><a class=\"dt-pswp-item\" href=\"https:\/\/www.radiopiu.net\/wordpress\/wp-content\/uploads\/2023\/09\/ass.-dafne.png\" data-dt-img-description=\"\" data-large_image_width=\"225\" data-large_image_height=\"225\"><img loading=\"lazy\" decoding=\"async\" class=\" wp-image-352143 alignleft\" src=\"https:\/\/www.radiopiu.net\/wordpress\/wp-content\/uploads\/2023\/09\/ass.-dafne.png\" alt=\"\" width=\"137\" height=\"137\" srcset=\"https:\/\/www.radiopiu.net\/wordpress\/wp-content\/uploads\/2023\/09\/ass.-dafne.png 225w, https:\/\/www.radiopiu.net\/wordpress\/wp-content\/uploads\/2023\/09\/ass.-dafne-150x150.png 150w\" sizes=\"auto, (max-width: 137px) 100vw, 137px\" \/><\/a>Benvenuti a &#8220;VOCI RIBELLI: CONVERSAZIONI SENZA FILTRI PER RAGAZZI AUDACI,&#8221; il podcast che sfida gli stereotipi e apre la porta a conversazioni senza paura per i giovani coraggiosi. Questo podcast, prodotto dall&#8217;Associazione Dafne con la regia di Lorenzo Cassol, \u00e8 il luogo dove la voce dell&#8217;audacia incontra la sincerit\u00e0 pi\u00f9 profond<\/p>\n<p>&nbsp;<\/p>\n<h1><span style=\"color: #ff0000;\">STAGIONE 2024<\/span><\/h1>\n<p>&nbsp;<\/p>\n<p><strong>PUNTATA 03 &#8211; ALESSANDRO, IL\u00a0 PAPA&#8217;&#8230;<\/strong><\/p>\n<audio class=\"wp-audio-shortcode\" id=\"audio-395193-10\" preload=\"none\" style=\"width: 100%;\" controls=\"controls\"><source type=\"audio\/mpeg\" src=\"https:\/\/www.radiopiu.net\/wordpress\/wp-content\/uploads\/2024\/06\/VRIB-2.mp3?_=10\" \/><a href=\"https:\/\/www.radiopiu.net\/wordpress\/wp-content\/uploads\/2024\/06\/VRIB-2.mp3\">https:\/\/www.radiopiu.net\/wordpress\/wp-content\/uploads\/2024\/06\/VRIB-2.mp3<\/a><\/audio>\n<p>&nbsp;<\/p>\n<h1>LA RACCOLTA COMPLETA<span style=\"color: #0000ff;\"><a style=\"color: #0000ff;\" href=\"https:\/\/www.radiopiu.net\/wordpress\/voci-ribelli-conversazioni-senza-filtri-per-ragazzi-audaci\/\"> CLICCA QUI<\/a><\/span><\/h1>\n<\/blockquote>\n<p>&nbsp;<\/p>\n<p>&nbsp;<\/p>\n<hr \/>\n<p>&nbsp;<\/p>\n<blockquote>\n<h3><a class=\"dt-pswp-item\" href=\"https:\/\/www.radiopiu.net\/wordpress\/wp-content\/uploads\/2021\/06\/th-12.jpg\" data-dt-img-description=\"\" data-large_image_width=\"282\" data-large_image_height=\"188\"><img loading=\"lazy\" decoding=\"async\" class=\" wp-image-216172 alignleft\" src=\"https:\/\/www.radiopiu.net\/wordpress\/wp-content\/uploads\/2021\/06\/th-12.jpg\" alt=\"\" width=\"131\" height=\"87\" \/><\/a>L&#8217;ASSEMBLEA DEI SOCI BIM GSP<\/h3>\n<\/blockquote>\n<p><strong>BELLUNO<\/strong> Gestione Servizi Pubblici informa che venerd\u00ec si terr\u00e0 l\u2019assemblea dei soci di Bim Gsp. L\u2019incontro, programmato alle 15 nella Sala Conferenze dell\u2019Hotel Villa Carpenada, prevede l\u2019approvazione del bilancio di esercizio 2023. I risultati conseguiti nell\u2019anno saranno illustrati dal Presidente della societ\u00e0, Attilio Sommavilla, coadiuvato dai consiglieri di amministrazione &#8211; Lara Stefani e Andrea Menin &#8211; e dal Collegio Sindacale<\/p>\n<p>&nbsp;<\/p>\n<p>&nbsp;<\/p>\n<hr \/>\n<p>&nbsp;<\/p>\n<blockquote>\n<h3>Diario di un Sindaco: Vent&#8217;anni di Esperienze e Dedizione<\/h3>\n<\/blockquote>\n<blockquote><p><em>&#8220;uno spaccato interessante della nostra societ\u00e0 e delle vicissitudini amministrative&#8221;.\u00a0<\/em><\/p><\/blockquote>\n<p style=\"padding-left: 40px;\"><strong>ROCCA PIETORE<\/strong><\/p>\n<p><img decoding=\"async\" src=\"https:\/\/www.radiopiu.net\/wordpress\/wp-content\/uploads\/2024\/06\/23cf37c2-45db-4ab5-81e2-738189f8850b.jpg\" \/><\/p>\n<div class=\"flex flex-grow flex-col max-w-full\">\n<div class=\"min-h-[20px] text-message flex flex-col items-start whitespace-pre-wrap break-words [.text-message+&amp;]:mt-5 juice:w-full juice:items-end overflow-x-auto gap-2\" dir=\"auto\" data-message-author-role=\"assistant\" data-message-id=\"eceef8cf-552a-4279-af45-64ad67149b76\">\n<div class=\"flex w-full flex-col gap-1 juice:empty:hidden juice:first:pt-[3px]\">\n<div class=\"markdown prose w-full break-words dark:prose-invert dark\">\n<p>&#8220;Diario di un Sindaco&#8221; di Andrea De Bernardin: Vent&#8217;anni in municipio, quindici da sindaco. Un percorso di vita tra l&#8217;ordinaria amministrazione e eventi straordinari come tempeste, valanghe, frane e confini. Un tributo alla protezione civile e ai volontari che donano il loro tempo prezioso. Ora in distribuzione.<\/p>\n<\/div>\n<\/div>\n<\/div>\n<\/div>\n<div class=\"mt-1 flex gap-3 empty:hidden juice:-ml-3\">\n<div class=\"items-center justify-start rounded-xl p-1 flex\">\n<div class=\"flex items-center\"><\/div>\n<\/div>\n<\/div>\n<p><strong>AUDIO<\/strong><\/p>\n<audio class=\"wp-audio-shortcode\" id=\"audio-395193-11\" preload=\"none\" style=\"width: 100%;\" controls=\"controls\"><source type=\"audio\/mpeg\" src=\"https:\/\/www.radiopiu.net\/wordpress\/wp-content\/uploads\/2024\/06\/DIARIO-DI-UN-SINDACO_BA.mp3?_=11\" \/><a href=\"https:\/\/www.radiopiu.net\/wordpress\/wp-content\/uploads\/2024\/06\/DIARIO-DI-UN-SINDACO_BA.mp3\">https:\/\/www.radiopiu.net\/wordpress\/wp-content\/uploads\/2024\/06\/DIARIO-DI-UN-SINDACO_BA.mp3<\/a><\/audio>\n<p>&nbsp;<\/p>\n<hr \/>\n<p>&nbsp;<\/p>\n<blockquote>\n<h2>CON IL CAI DI AGORDO<\/h2>\n<\/blockquote>\n<p><strong>AGORDO<\/strong> <span style=\"font-family: roboto, helvetica neue, helvetica, arial, sans-serif;\">Doppio appuntamento di vie ferrate per il prossimo fine settimana con i giovani Aquilotti e con gli adulti. Due esperienze simili ma con aspettative e sensazioni diverse ma entrambe appaganti, che andranno ad arricchire il bagaglio personale di chi le salir\u00e0. Sabato escursione alle cascate di Fanes,\u00a0 e domenica sul Monte Coppolo, vette Feltrine.\u00a0<\/span><\/p>\n<p>&nbsp;<\/p>\n<p>&nbsp;<\/p>\n<hr \/>\n<p>&nbsp;<\/p>\n<blockquote>\n<h3>PRESEPI FUORI TEMPO IN SALA DON TAMIS<\/h3>\n<\/blockquote>\n<p><strong>AGORDO<\/strong> L\u2019esposizione di presepi artistici &#8220;Presepi fuori tempo&#8221; sar\u00e0 inaugurata sabato 22 giugno nella Sala don Tamis. Il titolo fa riferimento sia al periodo non natalizio della mostra, sia alle ambientazioni contadine tipiche dei presepi esposti. Alcuni rappresentano paesaggi della Palestina, altri scenari veneti e montani. La mostra ricorda gli 800 anni dalla rievocazione di San Francesco d\u2019Assisi a Greccio nel 1223. Circa dieci presepisti del Veneto e dintorni esporranno venti opere, utilizzando materiali come il polistirene per le scenografie e figure modellate in terracotta o altri materiali, talvolta uniche. La mostra celebra l\u2019evoluzione e il fascino duraturo del presepe.<\/p>\n<p>&nbsp;<\/p>\n<p>&nbsp;<\/p>\n<hr \/>\n<p>&nbsp;<\/p>\n<blockquote>\n<h3>OBIEZIONE ALLA GUERRA: L&#8217;INCONTRO A BELLUNO<\/h3>\n<\/blockquote>\n<p><strong><a class=\"dt-pswp-item\" href=\"https:\/\/www.radiopiu.net\/wordpress\/wp-content\/uploads\/2024\/06\/locandina_21giugno2024.jpg\" data-dt-img-description=\"\" data-large_image_width=\"842\" data-large_image_height=\"1191\"><img loading=\"lazy\" decoding=\"async\" class=\" wp-image-395006 alignleft\" src=\"https:\/\/www.radiopiu.net\/wordpress\/wp-content\/uploads\/2024\/06\/locandina_21giugno2024-212x300.jpg\" alt=\"\" width=\"119\" height=\"168\" srcset=\"https:\/\/www.radiopiu.net\/wordpress\/wp-content\/uploads\/2024\/06\/locandina_21giugno2024-212x300.jpg 212w, https:\/\/www.radiopiu.net\/wordpress\/wp-content\/uploads\/2024\/06\/locandina_21giugno2024-724x1024.jpg 724w, https:\/\/www.radiopiu.net\/wordpress\/wp-content\/uploads\/2024\/06\/locandina_21giugno2024-768x1086.jpg 768w, https:\/\/www.radiopiu.net\/wordpress\/wp-content\/uploads\/2024\/06\/locandina_21giugno2024.jpg 842w\" sizes=\"auto, (max-width: 119px) 100vw, 119px\" \/><\/a>BELLUNO <\/strong>Venerd\u00ec a Belluno, in Sala Bianchi alle 20:30, verr\u00e0 lanciata la campagna &#8220;Obiezione alla guerra&#8221; promossa dal Movimento nonviolento e Pace &amp; Disarmo, con la partecipazione del gruppo di Pordenone del Movimento nonviolento nazionale. La campagna ha due obiettivi principali: Contrastare la proposta di ripristino della leva obbligatoria, sostenendo che la difesa della Patria pu\u00f2 essere adempiuta attraverso impegni sociali non armati. Si invita la cittadinanza a firmare la Dichiarazione di Obiezione di coscienza per rifiutare la chiamata alle armi e istituire un Albo degli obiettori di coscienza. Supportare gli obiettori, renitenti e disertori di vari paesi (Russia, Bielorussia, Ucraina, Israele, Palestina), chiedendo che l&#8217;Europa li accolga come rifugiati politici, riconoscendo il loro diritto all&#8217;obiezione di coscienza, come sancito dalle Carte dei Diritti umani e dell&#8217;Unione europea.<\/p>\n<p>&nbsp;<\/p>\n<p>&nbsp;<\/p>\n<hr \/>\n<p>&nbsp;<\/p>\n<blockquote>\n<h3>NUOVE OPPORTUNITA&#8217; DI LAVORO PER I GIOVANI BELLUNESI<\/h3>\n<\/blockquote>\n<p><strong><a class=\"dt-pswp-item\" href=\"https:\/\/www.radiopiu.net\/wordpress\/wp-content\/uploads\/2024\/06\/443940785_958206859639658_3735909911788675835_n.jpg\" data-dt-img-description=\"\" data-large_image_width=\"2048\" data-large_image_height=\"1152\"><img loading=\"lazy\" decoding=\"async\" class=\" wp-image-395263 alignleft\" src=\"https:\/\/www.radiopiu.net\/wordpress\/wp-content\/uploads\/2024\/06\/443940785_958206859639658_3735909911788675835_n-300x169.jpg\" alt=\"\" width=\"163\" height=\"92\" srcset=\"https:\/\/www.radiopiu.net\/wordpress\/wp-content\/uploads\/2024\/06\/443940785_958206859639658_3735909911788675835_n-300x169.jpg 300w, https:\/\/www.radiopiu.net\/wordpress\/wp-content\/uploads\/2024\/06\/443940785_958206859639658_3735909911788675835_n-1024x576.jpg 1024w, https:\/\/www.radiopiu.net\/wordpress\/wp-content\/uploads\/2024\/06\/443940785_958206859639658_3735909911788675835_n-768x432.jpg 768w, https:\/\/www.radiopiu.net\/wordpress\/wp-content\/uploads\/2024\/06\/443940785_958206859639658_3735909911788675835_n-1536x864.jpg 1536w, https:\/\/www.radiopiu.net\/wordpress\/wp-content\/uploads\/2024\/06\/443940785_958206859639658_3735909911788675835_n.jpg 2048w\" sizes=\"auto, (max-width: 163px) 100vw, 163px\" \/><\/a>BELLUNO<\/strong> La Regione Veneto, insieme ai partner locali, sta organizzando iniziative per offrire ai giovani delle Dolomiti opportunit\u00e0 di formazione e sviluppo professionale nell&#8217;ambito del progetto &#8220;DAL VIRTUALE AL REALE: I am here for you&#8221;. Il 25 giugno 2024, presso l&#8217;Urban Hub di Belluno, si terr\u00e0 un workshop intensivo sul crowdfunding, dalle 16:30. Organizzato dal Centro Consorzi e parte del progetto Fem Factor Dolomiti, il workshop sar\u00e0 guidato da esperti come Fabrizio De Liberali e Davide Moro. Inoltre, il 31 maggio si svolger\u00e0 un workshop sulla &#8220;Palestra d&#8217;impresa e innovazione sociale&#8221;, focalizzato sulla creazione di spazi per lo sviluppo di competenze imprenditoriali. Questi eventi, finanziati dalla Regione Veneto e organizzati da FORCOOP, mirano a contrastare lo spopolamento delle aree montane favorendo l&#8217;inserimento lavorativo dei giovani. Per partecipare, \u00e8 possibile iscriversi gratuitamente contattando il Centro Consorzi di Belluno.<\/p>\n<p>&nbsp;<\/p>\n<p>&nbsp;<\/p>\n<hr \/>\n<p>&nbsp;<\/p>\n<blockquote>\n<h3>A LENTIAI TORNA IL TRANSITO FILM FESTIVAL<\/h3>\n<\/blockquote>\n<p><strong>BORGO VALBELLUNA<\/strong> Dopo il successo delle precedenti edizioni, torna il Transito, festival internazionale del film a Lentiai di Borgo Valbelluna. Nei giorni 21, 22, 23 e 29 giugno, Lentiai ospiter\u00e0 eventi artistici e proiezioni sul tema dell&#8217;indifferenza. Oltre 400 film da pi\u00f9 di 70 nazioni sono stati iscritti, con quattro selezionati per la loro qualit\u00e0 e impatto emotivo. Questi film esplorano varie forme di indifferenza, dai rapporti umani alle ingiustizie giuridiche, fino alla trascuratezza ambientale. Le proiezioni si terranno nel piazzale della Biblioteca comunale di Lentiai (21-23 giugno) e presso il Palazzo Pretorio di Cesana (29 giugno), o alla SOMS in caso di maltempo, alle 21:30. L&#8217;ingresso \u00e8 gratuito e i film saranno proiettati in lingua originale con sottotitoli in italiano.<\/p>\n<p>&nbsp;<\/p>\n<p>&nbsp;<\/p>\n<hr \/>\n<p>&nbsp;<\/p>\n<blockquote>\n<h3>SABATO 22 GIUGNO LA PRESENTAZIONE DEL LIBRO SUI SACERDOTI DELLA VALLE DEL BIOIS<\/h3>\n<\/blockquote>\n<p><strong><a class=\"dt-pswp-item\" href=\"https:\/\/www.radiopiu.net\/wordpress\/wp-content\/uploads\/2024\/06\/sacerd.png\" data-dt-img-description=\"\" data-large_image_width=\"638\" data-large_image_height=\"397\"><img loading=\"lazy\" decoding=\"async\" class=\" wp-image-394831 alignleft\" src=\"https:\/\/www.radiopiu.net\/wordpress\/wp-content\/uploads\/2024\/06\/sacerd-300x187.png\" alt=\"\" width=\"204\" height=\"127\" srcset=\"https:\/\/www.radiopiu.net\/wordpress\/wp-content\/uploads\/2024\/06\/sacerd-300x187.png 300w, https:\/\/www.radiopiu.net\/wordpress\/wp-content\/uploads\/2024\/06\/sacerd.png 638w\" sizes=\"auto, (max-width: 204px) 100vw, 204px\" \/><\/a>CANALE D&#8217;AGORDO<\/strong><\/p>\n<p>LORIS SERAFINI, DIRETTORE DEL MUSAL<\/p>\n<audio class=\"wp-audio-shortcode\" id=\"audio-395193-12\" preload=\"none\" style=\"width: 100%;\" controls=\"controls\"><source type=\"audio\/mpeg\" src=\"https:\/\/www.radiopiu.net\/wordpress\/wp-content\/uploads\/2024\/06\/LORIS-SERAFINI-SACERDOTI.mp3?_=12\" \/><a href=\"https:\/\/www.radiopiu.net\/wordpress\/wp-content\/uploads\/2024\/06\/LORIS-SERAFINI-SACERDOTI.mp3\">https:\/\/www.radiopiu.net\/wordpress\/wp-content\/uploads\/2024\/06\/LORIS-SERAFINI-SACERDOTI.mp3<\/a><\/audio>\n<p>&nbsp;<\/p>\n<hr \/>\n<p>&nbsp;<\/p>\n<blockquote>\n<h3>PROGETTO UOMO ORGANIZZA 4 INCONTRI SUI GIOVANI HIKIKIMORI<\/h3>\n<\/blockquote>\n<p><strong><a href=\"https:\/\/www.radiopiu.net\/wordpress\/wp-content\/uploads\/2024\/06\/hikikomori_2.webp\"><img loading=\"lazy\" decoding=\"async\" class=\" wp-image-395268 alignleft\" src=\"https:\/\/www.radiopiu.net\/wordpress\/wp-content\/uploads\/2024\/06\/hikikomori_2-300x200.webp\" alt=\"\" width=\"179\" height=\"119\" srcset=\"https:\/\/www.radiopiu.net\/wordpress\/wp-content\/uploads\/2024\/06\/hikikomori_2-300x200.webp 300w, https:\/\/www.radiopiu.net\/wordpress\/wp-content\/uploads\/2024\/06\/hikikomori_2-1024x683.webp 1024w, https:\/\/www.radiopiu.net\/wordpress\/wp-content\/uploads\/2024\/06\/hikikomori_2-768x512.webp 768w, https:\/\/www.radiopiu.net\/wordpress\/wp-content\/uploads\/2024\/06\/hikikomori_2.webp 1200w\" sizes=\"auto, (max-width: 179px) 100vw, 179px\" \/><\/a>BELLUNO<\/strong> Domani a Belluno, presso la sala Luciani del Centro Congressi Giovanni XXIII, si terranno due eventi formativi gratuiti organizzati da Fondazione Progetto Uomo sul fenomeno degli Hikikomori. Gli eventi, parte del Progetto &#8220;DAL VIRTUALE AL REALE: I am here for you&#8221; finanziato dalla Regione Veneto, inizieranno alle 9.30 e coinvolgeranno 50 professionisti dei servizi sociali, sanitari ed educativi. Il primo evento, &#8220;Emersione: Illuminare l\u2019oscurit\u00e0&#8221;, coordinato dal dott. Carlo Lombardi, mira a fornire conoscenze e strategie per assistere i giovani Hikikomori. Il secondo, &#8220;Ascolto: Narrazioni interconnesse&#8221;, coordinato dal dott. Giacomo Molaro, si concentra sull&#8217;importanza dell&#8217;ascolto empatico per creare fiducia con i giovani. Il 27 giugno seguiranno altri due eventi: &#8220;Accompagnamento: Oltre la superficie&#8221;, coordinato dalla dott.ssa Alessandra Gaffo, focalizzato sulle competenze genitoriali e il sostegno ai giovani, e &#8220;Attivazione: Un passo alla volta&#8221;, coordinato dalla dott.ssa Beatrice Ventura, che tratter\u00e0 della motivazione interna e del successo personale dei ragazzi<\/p>\n<p>&nbsp;<\/p>\n<p>&nbsp;<\/p>\n<hr \/>\n<p>&nbsp;<\/p>\n<blockquote>\n<h3>LE ZECCHE IN PROVINCIA DI BELLUNO<\/h3>\n<\/blockquote>\n<p><strong>BELLUNO<\/strong> Il Club Alpino Italiano &#8211; Sezione di Belluno segnala un aumento del rischio di zecche nel territorio. Per informare la popolazione, \u00e8 stata organizzata una conferenza dal titolo &#8220;LE ZECCHE: CONOSCIAMOLE! Come proteggersi e difendersi&#8221;. L&#8217;evento si terr\u00e0 il 26 giugno alle 20:30 presso la Sala Bianchi &#8211; Eliseo Dal Pont, in Viale Fantuzzi n. 11 a Belluno.<\/p>\n<p>&nbsp;<\/p>\n<p>&nbsp;<\/p>\n<hr \/>\n<p>&nbsp;<\/p>\n<blockquote>\n<h3>UN APERTIVO PER PARLARE DI MOBILITA&#8217;<\/h3>\n<\/blockquote>\n<p><strong><a class=\"dt-pswp-item\" href=\"https:\/\/www.radiopiu.net\/wordpress\/wp-content\/uploads\/2024\/06\/SCR-20240617-ljtz.jpeg\" data-dt-img-description=\"\" data-large_image_width=\"1236\" data-large_image_height=\"612\"><img loading=\"lazy\" decoding=\"async\" class=\" wp-image-395148 alignleft\" src=\"https:\/\/www.radiopiu.net\/wordpress\/wp-content\/uploads\/2024\/06\/SCR-20240617-ljtz-300x149.jpeg\" alt=\"\" width=\"207\" height=\"103\" srcset=\"https:\/\/www.radiopiu.net\/wordpress\/wp-content\/uploads\/2024\/06\/SCR-20240617-ljtz-300x149.jpeg 300w, https:\/\/www.radiopiu.net\/wordpress\/wp-content\/uploads\/2024\/06\/SCR-20240617-ljtz-1024x507.jpeg 1024w, https:\/\/www.radiopiu.net\/wordpress\/wp-content\/uploads\/2024\/06\/SCR-20240617-ljtz-768x380.jpeg 768w, https:\/\/www.radiopiu.net\/wordpress\/wp-content\/uploads\/2024\/06\/SCR-20240617-ljtz.jpeg 1236w\" sizes=\"auto, (max-width: 207px) 100vw, 207px\" \/><\/a>BELLUNO<\/strong> Sabato 29 giugno dalle 18 all&#8217;Urban Hub di Belluno si terr\u00e0 un incontro organizzato dall&#8217;associazione Polis Futura sulla mobilit\u00e0 nel Comune di Belluno. Luigi Filippo Daniele, presidente dell&#8217;associazione, introdurr\u00e0 l&#8217;evento, seguito dagli interventi di Luca Frare e Stefano Spadaro che presenteranno il progetto &#8220;Belluno Cycling Strategy&#8221; per incentivare il turismo e la mobilit\u00e0 sostenibile. Si discuteranno i vantaggi del cicloturismo, le infrastrutture necessarie e l&#8217;uso della nuova app &#8220;Trillo&#8221; di Dolomiti Bus per il trasporto pubblico. Giacomo Bocchese, vicepresidente del FabLab, concluder\u00e0 l&#8217;evento, seguito da un aperitivo.<\/p>\n<p>&nbsp;<\/p>\n<hr \/>\n<p>&nbsp;<\/p>\n<div>\n<div class=\"\" dir=\"auto\">\n<div id=\":r9h:\" class=\"x1iorvi4 x1pi30zi x1l90r2v x1swvt13\" data-ad-comet-preview=\"message\" data-ad-preview=\"message\">\n<p>&nbsp;<\/p>\n<\/div>\n<\/div>\n<\/div>\n<p class=\"western\" lang=\"it-IT\" align=\"center\"><span style=\"font-size: x-large;\"><b><a class=\"dt-pswp-item\" href=\"https:\/\/www.radiopiu.net\/wordpress\/wp-content\/uploads\/2024\/06\/sara-furlanetto-sotto-al-bernina_by-Andrea-Buonopane_DSC06272-scaled.jpg\" data-dt-img-description=\"\" data-large_image_width=\"2560\" data-large_image_height=\"1707\"><img loading=\"lazy\" decoding=\"async\" class=\" wp-image-395154 alignleft\" src=\"https:\/\/www.radiopiu.net\/wordpress\/wp-content\/uploads\/2024\/06\/sara-furlanetto-sotto-al-bernina_by-Andrea-Buonopane_DSC06272-300x200.jpg\" alt=\"\" width=\"185\" height=\"123\" srcset=\"https:\/\/www.radiopiu.net\/wordpress\/wp-content\/uploads\/2024\/06\/sara-furlanetto-sotto-al-bernina_by-Andrea-Buonopane_DSC06272-300x200.jpg 300w, https:\/\/www.radiopiu.net\/wordpress\/wp-content\/uploads\/2024\/06\/sara-furlanetto-sotto-al-bernina_by-Andrea-Buonopane_DSC06272-1024x683.jpg 1024w, https:\/\/www.radiopiu.net\/wordpress\/wp-content\/uploads\/2024\/06\/sara-furlanetto-sotto-al-bernina_by-Andrea-Buonopane_DSC06272-768x512.jpg 768w, https:\/\/www.radiopiu.net\/wordpress\/wp-content\/uploads\/2024\/06\/sara-furlanetto-sotto-al-bernina_by-Andrea-Buonopane_DSC06272-1536x1024.jpg 1536w, https:\/\/www.radiopiu.net\/wordpress\/wp-content\/uploads\/2024\/06\/sara-furlanetto-sotto-al-bernina_by-Andrea-Buonopane_DSC06272-2048x1365.jpg 2048w\" sizes=\"auto, (max-width: 185px) 100vw, 185px\" \/><\/a>VA\u2019 SENTIERO: UNA MOSTRA FOTOGRAFICA LUNGA 8000 KM<\/b><\/span><\/p>\n<p><strong>BORGO VALBELLUNA\u00a0<\/strong>sabato alle 18 al Palazzo delle Contesse Mel: Camminando. Esperienze, sensazioni, emozioni chiude la sua riuscitissima quarta edizione con la mostra fotografica Va\u2019 Sentiero. Uno sguardo lungo 8000 km, mostra fotografica, promossa dall\u2019Amministrazione Comunale, ripresa lungo il Sentiero Italia del Cai, che proprio Camminando, la scorsa edizione, aveva ospitato con alcuni degli ideatori e con l\u2019editore delle guide. A presentare la mostra sar\u00e0 Manrico Dell\u2019Agnola, famoso fotografo di montagna ed alpinista, accademico del Cai.<\/p>\n<p>&nbsp;<\/p>\n<p>&nbsp;<\/p>\n<hr \/>\n<p>&nbsp;<\/p>\n<blockquote>\n<h3>I BELUMAT INTERNATIONAL<\/h3>\n<\/blockquote>\n<p><strong>BELLUNO<\/strong> Luned\u00ec 24 giugno alle 11:00, presso la sede dell&#8217;Isbrec, si terr\u00e0 una conferenza stampa per presentare un evento organizzato da Isbrec, Abm, Universit\u00e0 di Padova e Comune di Belluno. L&#8217;evento avr\u00e0 luogo il 28 giugno al teatro &#8220;Buzzati&#8221; di Belluno, con la proiezione del documentario &#8220;I BELUMAT INTERNATIONAL RACCONTATI DA GIORGIO FORNASIER&#8221;, prodotto dall&#8217;Universit\u00e0 di Padova e Isbrec. Alla conferenza stampa parteciperanno Giorgio Fornasier, Mirco Melanco dell&#8217;Universit\u00e0 di Padova ed Enrico Bacchetti.<\/p>\n<p>&nbsp;<\/p>\n<p>&nbsp;<\/p>\n<hr \/>\n<p>&nbsp;<\/p>\n<blockquote>\n<h3>\u201cCANTON SAN PIERO\u201d CON ECHI DI SARDEGNA PER IL CORO MONTI DEL SOLE<\/h3>\n<\/blockquote>\n<p><strong><a class=\"dt-pswp-item\" href=\"https:\/\/www.radiopiu.net\/wordpress\/wp-content\/uploads\/2024\/06\/coro_mds.jpg\" data-dt-img-description=\"\" data-large_image_width=\"1600\" data-large_image_height=\"1200\"><img loading=\"lazy\" decoding=\"async\" class=\" wp-image-395277 alignleft\" src=\"https:\/\/www.radiopiu.net\/wordpress\/wp-content\/uploads\/2024\/06\/coro_mds-300x225.jpg\" alt=\"\" width=\"185\" height=\"139\" srcset=\"https:\/\/www.radiopiu.net\/wordpress\/wp-content\/uploads\/2024\/06\/coro_mds-300x225.jpg 300w, https:\/\/www.radiopiu.net\/wordpress\/wp-content\/uploads\/2024\/06\/coro_mds-1024x768.jpg 1024w, https:\/\/www.radiopiu.net\/wordpress\/wp-content\/uploads\/2024\/06\/coro_mds-768x576.jpg 768w, https:\/\/www.radiopiu.net\/wordpress\/wp-content\/uploads\/2024\/06\/coro_mds-1536x1152.jpg 1536w, https:\/\/www.radiopiu.net\/wordpress\/wp-content\/uploads\/2024\/06\/coro_mds.jpg 1600w\" sizes=\"auto, (max-width: 185px) 100vw, 185px\" \/><\/a>SOSPIRILO\u00a0<\/strong>La chiesa dei Santi Pietro e Paolo di Sospirolo ospiter\u00e0 sabato 29 giugno alle 20:45 il concerto &#8220;Canton San Piero&#8221; del Coro Monti del Sole, diretto da Luca Lotto. L&#8217;evento, organizzato dal coro di Sedico, avr\u00e0 come ospite il Coro S\u2019Arrodia di Sinnai, diretto da Maurizio Boassa. Fondato nel 2007, S\u2019Arrodia ha gi\u00e0 ospitato Monti del Sole nel 2010 durante la rassegna &#8220;Is duas columbas&#8221;. L&#8217;organizzazione dell&#8217;evento, guidata dal presidente Stefano Colle, accoglier\u00e0 i coristi sardi dal 28 giugno al 1\u00b0 luglio, con visite a diverse attrazioni del Bellunese. Inoltre, il 30 giugno si terr\u00e0 un concerto alla sala polifunzionale La Tappa di Valle di Cadore, con il Coro Rualan e S\u2019Arrodia.<\/p>\n<p>&nbsp;<\/p>\n<p>&nbsp;<\/p>\n<hr \/>\n<p>&nbsp;<\/p>\n<h2><span style=\"color: #ff6600;\">ALLA RADIO<\/span><\/h2>\n<h2><span style=\"color: #993366;\">&#8220;DINTORN E FORA VIA&#8221;\u00a0 IL PROGRAMMA\u00a0 A CURA DEL MUSLA<\/span><\/h2>\n<p><strong><a class=\"dt-pswp-item\" href=\"https:\/\/www.radiopiu.net\/wordpress\/wp-content\/uploads\/2020\/04\/giornali.jpg\" data-dt-img-description=\"\" data-large_image_width=\"1920\" data-large_image_height=\"1280\"><img loading=\"lazy\" decoding=\"async\" class=\" wp-image-126692 alignleft\" src=\"https:\/\/www.radiopiu.net\/wordpress\/wp-content\/uploads\/2020\/04\/giornali-300x200.jpg\" alt=\"\" width=\"164\" height=\"109\" srcset=\"https:\/\/www.radiopiu.net\/wordpress\/wp-content\/uploads\/2020\/04\/giornali-300x200.jpg 300w, https:\/\/www.radiopiu.net\/wordpress\/wp-content\/uploads\/2020\/04\/giornali-1024x683.jpg 1024w, https:\/\/www.radiopiu.net\/wordpress\/wp-content\/uploads\/2020\/04\/giornali-768x512.jpg 768w, https:\/\/www.radiopiu.net\/wordpress\/wp-content\/uploads\/2020\/04\/giornali-1536x1024.jpg 1536w, https:\/\/www.radiopiu.net\/wordpress\/wp-content\/uploads\/2020\/04\/giornali.jpg 1920w\" sizes=\"auto, (max-width: 164px) 100vw, 164px\" \/><\/a>PUNTATA DEL 18 GIUGNO, LEONARDO SCOLA<\/strong><\/p>\n<p>Liete dal Leonardo da Falciade da lontan co le pension, le decision del G7 e la principesa ingles e da vesin co Zaia e el socorso alpino e el nof abatiment dei zerf.<\/p>\n<audio class=\"wp-audio-shortcode\" id=\"audio-395193-13\" preload=\"none\" style=\"width: 100%;\" controls=\"controls\"><source type=\"audio\/mpeg\" src=\"https:\/\/www.radiopiu.net\/wordpress\/wp-content\/uploads\/2024\/06\/MUSLA-5.mp3?_=13\" \/><a href=\"https:\/\/www.radiopiu.net\/wordpress\/wp-content\/uploads\/2024\/06\/MUSLA-5.mp3\">https:\/\/www.radiopiu.net\/wordpress\/wp-content\/uploads\/2024\/06\/MUSLA-5.mp3<\/a><\/audio>\n<p>&nbsp;<\/p>\n<h2>LA RACCOLTA COMPLETA <a href=\"https:\/\/www.radiopiu.net\/wordpress\/musla\/\"><span style=\"color: #3366ff;\">CLICCA QUI<\/span><\/a><\/h2>\n<p>&nbsp;<\/p>\n<hr \/>\n<p>&nbsp;<\/p>\n<h2><span style=\"color: #ffcc00;\">VOCI RIBELLI: CONVERSAZIONI SENZA FILTRI PER RAGAZZI AUDACI<\/span><\/h2>\n<p><a class=\"dt-pswp-item\" href=\"https:\/\/www.radiopiu.net\/wordpress\/wp-content\/uploads\/2023\/09\/ass.-dafne.png\" data-dt-img-description=\"\" data-large_image_width=\"225\" data-large_image_height=\"225\"><img loading=\"lazy\" decoding=\"async\" class=\" wp-image-352143 alignleft\" src=\"https:\/\/www.radiopiu.net\/wordpress\/wp-content\/uploads\/2023\/09\/ass.-dafne.png\" alt=\"\" width=\"137\" height=\"137\" srcset=\"https:\/\/www.radiopiu.net\/wordpress\/wp-content\/uploads\/2023\/09\/ass.-dafne.png 225w, https:\/\/www.radiopiu.net\/wordpress\/wp-content\/uploads\/2023\/09\/ass.-dafne-150x150.png 150w\" sizes=\"auto, (max-width: 137px) 100vw, 137px\" \/><\/a>Benvenuti a &#8220;VOCI RIBELLI: CONVERSAZIONI SENZA FILTRI PER RAGAZZI AUDACI,&#8221; il podcast che sfida gli stereotipi e apre la porta a conversazioni senza paura per i giovani coraggiosi. Questo podcast, prodotto dall&#8217;Associazione Dafne con la regia di Lorenzo Cassol, \u00e8 il luogo dove la voce dell&#8217;audacia incontra la sincerit\u00e0 pi\u00f9 profonda<\/p>\n<p>&nbsp;<\/p>\n<h1><span style=\"color: #ff0000;\">STAGIONE 2024<\/span><\/h1>\n<p>&nbsp;<\/p>\n<p><strong>PUNTATA 03 &#8211; ALESSANDRO CALVI<\/strong><\/p>\n<audio class=\"wp-audio-shortcode\" id=\"audio-395193-14\" preload=\"none\" style=\"width: 100%;\" controls=\"controls\"><source type=\"audio\/mpeg\" src=\"https:\/\/www.radiopiu.net\/wordpress\/wp-content\/uploads\/2024\/06\/VRIB-1.mp3?_=14\" \/><a href=\"https:\/\/www.radiopiu.net\/wordpress\/wp-content\/uploads\/2024\/06\/VRIB-1.mp3\">https:\/\/www.radiopiu.net\/wordpress\/wp-content\/uploads\/2024\/06\/VRIB-1.mp3<\/a><\/audio>\n<p>&nbsp;<\/p>\n<h2>LA RACCOLTA COMPLETA <a href=\"https:\/\/www.radiopiu.net\/wordpress\/voci-ribelli-conversazioni-senza-filtri-per-ragazzi-audaci\/\"><span style=\"color: #3366ff;\">CLICCA QUI<\/span><\/a><\/h2>\n<p>&nbsp;<\/p>\n<hr \/>\n<p>&nbsp;<\/p>\n<h2><span style=\"color: #008000;\">SPECIALE EP CENTER, LA TECNOLOGIA ALLA RADIO<\/span><\/h2>\n<p>CON FRANCESCO ZILLIO<\/p>\n<p><iframe loading=\"lazy\" title=\"L&#039;IMPORTANZA DI UN ARCHIVIO STRUTTURATO  PER I DOCUMENTI TECNICI DEGLI IMPIANTI\" width=\"1200\" height=\"675\" src=\"https:\/\/www.youtube.com\/embed\/3ORnTYfZaFg?feature=oembed\" frameborder=\"0\" allow=\"accelerometer; autoplay; clipboard-write; encrypted-media; gyroscope; picture-in-picture; web-share\" referrerpolicy=\"strict-origin-when-cross-origin\" allowfullscreen><\/iframe><\/p>\n<p>&nbsp;<\/p>\n<hr \/>\n<p>&nbsp;<\/p>\n<h2><span style=\"color: #ff00ff;\">DI MARTEDI&#8230; POMERIGGIO CON LUISA ALCHINI<\/span><\/h2>\n<p><span style=\"color: #ff0000;\"><strong>PUNTATA 03. PARTE UNO tema DOLOMITI UNESCO<\/strong><\/span><\/p>\n<audio class=\"wp-audio-shortcode\" id=\"audio-395193-15\" preload=\"none\" style=\"width: 100%;\" controls=\"controls\"><source type=\"audio\/mpeg\" src=\"https:\/\/www.radiopiu.net\/wordpress\/wp-content\/uploads\/2024\/06\/LMD1-3.mp3?_=15\" \/><a href=\"https:\/\/www.radiopiu.net\/wordpress\/wp-content\/uploads\/2024\/06\/LMD1-3.mp3\">https:\/\/www.radiopiu.net\/wordpress\/wp-content\/uploads\/2024\/06\/LMD1-3.mp3<\/a><\/audio>\n<p><span style=\"color: #ff0000;\">\u00a0\u00a0<\/span><\/p>\n\n\t\t\t<style type='text\/css'>\n\t\t\t\t#gallery-3 {\n\t\t\t\t\tmargin: auto;\n\t\t\t\t}\n\t\t\t\t#gallery-3 .gallery-item {\n\t\t\t\t\tfloat: left;\n\t\t\t\t\tmargin-top: 10px;\n\t\t\t\t\ttext-align: center;\n\t\t\t\t\twidth: 100%;\n\t\t\t\t}\n\t\t\t\t#gallery-3 img {\n\t\t\t\t\tborder: 2px solid #cfcfcf;\n\t\t\t\t}\n\t\t\t\t#gallery-3 .gallery-caption {\n\t\t\t\t\tmargin-left: 0;\n\t\t\t\t}\n\t\t\t\t\/* see gallery_shortcode() in wp-includes\/media.php *\/\n\t\t\t<\/style>\n\t\t<div id='gallery-3' class='dt-gallery-container gallery galleryid-395193 gallery-columns-1 gallery-size-medium'><dl class='gallery-item'>\n\t\t\t\t<dt class='gallery-icon landscape'>\n\t\t\t\t\t<a class=\"rollover rollover-zoom dt-pswp-item\" title=\"vivereinrifugio-rifugio-antermoia\" data-dt-img-description=\"\" data-large_image_width=\"2250\" data-large_image_height=\"1130\"href='https:\/\/www.radiopiu.net\/wordpress\/wp-content\/uploads\/2024\/06\/vivereinrifugio-rifugio-antermoia.jpg'><img loading=\"lazy\" decoding=\"async\" width=\"300\" height=\"151\" src=\"https:\/\/www.radiopiu.net\/wordpress\/wp-content\/uploads\/2024\/06\/vivereinrifugio-rifugio-antermoia-300x151.jpg\" class=\"attachment-medium size-medium\" alt=\"\" srcset=\"https:\/\/www.radiopiu.net\/wordpress\/wp-content\/uploads\/2024\/06\/vivereinrifugio-rifugio-antermoia-300x151.jpg 300w, https:\/\/www.radiopiu.net\/wordpress\/wp-content\/uploads\/2024\/06\/vivereinrifugio-rifugio-antermoia-1024x514.jpg 1024w, https:\/\/www.radiopiu.net\/wordpress\/wp-content\/uploads\/2024\/06\/vivereinrifugio-rifugio-antermoia-768x386.jpg 768w, https:\/\/www.radiopiu.net\/wordpress\/wp-content\/uploads\/2024\/06\/vivereinrifugio-rifugio-antermoia-1536x771.jpg 1536w, https:\/\/www.radiopiu.net\/wordpress\/wp-content\/uploads\/2024\/06\/vivereinrifugio-rifugio-antermoia-2048x1029.jpg 2048w\" sizes=\"auto, (max-width: 300px) 100vw, 300px\" \/><\/a>\n\t\t\t\t<\/dt><\/dl><br style=\"clear: both\" \/>\n\t\t\t<\/div>\n\n<p><span style=\"color: #ff0000;\"><strong>PARTE DUE<\/strong><\/span><\/p>\n<audio class=\"wp-audio-shortcode\" id=\"audio-395193-16\" preload=\"none\" style=\"width: 100%;\" controls=\"controls\"><source type=\"audio\/mpeg\" src=\"https:\/\/www.radiopiu.net\/wordpress\/wp-content\/uploads\/2024\/06\/LMD2-3.mp3?_=16\" \/><a href=\"https:\/\/www.radiopiu.net\/wordpress\/wp-content\/uploads\/2024\/06\/LMD2-3.mp3\">https:\/\/www.radiopiu.net\/wordpress\/wp-content\/uploads\/2024\/06\/LMD2-3.mp3<\/a><\/audio>\n<p>&nbsp;<\/p>\n<h2>LA RACCOLTA COMPLETA <a href=\"https:\/\/www.radiopiu.net\/wordpress\/di-martedi-pomeriggio-con-luisa-alchini-la-raccolta\/\"><span style=\"color: #3366ff;\">CLICCA QUI<\/span><\/a><\/h2>\n<p>&nbsp;<\/p>\n<hr \/>\n<p>&nbsp;<\/p>\n<h2><span style=\"color: #ff0000;\">DAL SITO DI RADIO PIU&#8230; ALCUNI PODCAST, I PIU&#8217; VISUALIZZATI NELLA SETTIMANA&#8230;\u00a0<\/span><\/h2>\n<blockquote class=\"wp-embedded-content\" data-secret=\"GCT3mz7HdN\"><p><a href=\"https:\/\/www.radiopiu.net\/wordpress\/biblioteca-del-territorio-i-podcast-di-radiopiu\/\">BIBLIOTECA DEL TERRITORIO&#8230; I PODCAST DI RADIOPIU<\/a><\/p><\/blockquote>\n<p><iframe loading=\"lazy\" class=\"wp-embedded-content\" sandbox=\"allow-scripts\" security=\"restricted\" style=\"position: absolute; clip: rect(1px, 1px, 1px, 1px);\" title=\"&#8220;BIBLIOTECA DEL TERRITORIO&#8230; I PODCAST DI RADIOPIU&#8221; &#8212; Radio Pi\u00f9\" src=\"https:\/\/www.radiopiu.net\/wordpress\/biblioteca-del-territorio-i-podcast-di-radiopiu\/embed\/#?secret=QfCx6PDmSH#?secret=GCT3mz7HdN\" data-secret=\"GCT3mz7HdN\" width=\"600\" height=\"338\" frameborder=\"0\" marginwidth=\"0\" marginheight=\"0\" scrolling=\"no\"><\/iframe><\/p>\n<p>&nbsp;<\/p>\n<blockquote class=\"wp-embedded-content\" data-secret=\"tfOy0i4JO4\"><p><a href=\"https:\/\/www.radiopiu.net\/wordpress\/lad08aaaa\/\">&#8220;NCONTONSE&#8221; IN LADINO SU RADIO PI\u00d9<\/a><\/p><\/blockquote>\n<p><iframe loading=\"lazy\" class=\"wp-embedded-content\" sandbox=\"allow-scripts\" security=\"restricted\" style=\"position: absolute; clip: rect(1px, 1px, 1px, 1px);\" title=\"&#8220;&#8220;NCONTONSE&#8221; IN LADINO SU RADIO PI\u00d9&#8221; &#8212; Radio Pi\u00f9\" src=\"https:\/\/www.radiopiu.net\/wordpress\/lad08aaaa\/embed\/#?secret=9pmkYbh7Wh#?secret=tfOy0i4JO4\" data-secret=\"tfOy0i4JO4\" width=\"600\" height=\"338\" frameborder=\"0\" marginwidth=\"0\" marginheight=\"0\" scrolling=\"no\"><\/iframe><\/p>\n<p>&nbsp;<\/p>\n<p>&nbsp;<\/p>\n<hr \/>\n<p>&nbsp;<\/p>\n<p>&nbsp;<\/p>\n<h2><span style=\"color: #ff0000;\"><a class=\"dt-pswp-item\" href=\"https:\/\/www.radiopiu.net\/wordpress\/wp-content\/uploads\/2018\/09\/appuntamenti.jpeg\" data-dt-img-description=\"\" data-large_image_width=\"800\" data-large_image_height=\"100\"><img loading=\"lazy\" decoding=\"async\" class=\"wp-image-61958 size-full aligncenter\" src=\"https:\/\/www.radiopiu.net\/wordpress\/wp-content\/uploads\/2018\/09\/appuntamenti.jpeg\" alt=\"\" width=\"800\" height=\"100\" srcset=\"https:\/\/www.radiopiu.net\/wordpress\/wp-content\/uploads\/2018\/09\/appuntamenti.jpeg 800w, https:\/\/www.radiopiu.net\/wordpress\/wp-content\/uploads\/2018\/09\/appuntamenti-300x38.jpeg 300w, https:\/\/www.radiopiu.net\/wordpress\/wp-content\/uploads\/2018\/09\/appuntamenti-768x96.jpeg 768w\" sizes=\"auto, (max-width: 800px) 100vw, 800px\" \/><\/a><\/span><\/h2>\n<div>\n<div class=\"\" dir=\"auto\">\n<div id=\":r9h:\" class=\"x1iorvi4 x1pi30zi x1l90r2v x1swvt13\" data-ad-comet-preview=\"message\" data-ad-preview=\"message\">\n\n\t\t\t<style type='text\/css'>\n\t\t\t\t#gallery-4 {\n\t\t\t\t\tmargin: auto;\n\t\t\t\t}\n\t\t\t\t#gallery-4 .gallery-item {\n\t\t\t\t\tfloat: left;\n\t\t\t\t\tmargin-top: 10px;\n\t\t\t\t\ttext-align: center;\n\t\t\t\t\twidth: 16%;\n\t\t\t\t}\n\t\t\t\t#gallery-4 img {\n\t\t\t\t\tborder: 2px solid #cfcfcf;\n\t\t\t\t}\n\t\t\t\t#gallery-4 .gallery-caption {\n\t\t\t\t\tmargin-left: 0;\n\t\t\t\t}\n\t\t\t\t\/* see gallery_shortcode() in wp-includes\/media.php *\/\n\t\t\t<\/style>\n\t\t<div id='gallery-4' class='dt-gallery-container gallery galleryid-395193 gallery-columns-6 gallery-size-thumbnail'><dl class='gallery-item'>\n\t\t\t\t<dt class='gallery-icon portrait'>\n\t\t\t\t\t<a class=\"rollover rollover-zoom dt-pswp-item\" title=\"c950811c-7763-405d-ad2c-15d392502b93\" data-dt-img-description=\"\" data-large_image_width=\"480\" data-large_image_height=\"600\"href='https:\/\/www.radiopiu.net\/wordpress\/wp-content\/uploads\/2024\/05\/c950811c-7763-405d-ad2c-15d392502b93-1.jpg'><img loading=\"lazy\" decoding=\"async\" width=\"150\" height=\"150\" src=\"https:\/\/www.radiopiu.net\/wordpress\/wp-content\/uploads\/2024\/05\/c950811c-7763-405d-ad2c-15d392502b93-1-150x150.jpg\" class=\"attachment-thumbnail size-thumbnail\" alt=\"\" aria-describedby=\"gallery-4-392711\" \/><\/a>\n\t\t\t\t<\/dt>\n\t\t\t\t\t<dd class='wp-caption-text gallery-caption' id='gallery-4-392711'>\n\t\t\t\t\tCAMPANOT A CASTION\n\t\t\t\t\t<\/dd><\/dl><dl class='gallery-item'>\n\t\t\t\t<dt class='gallery-icon portrait'>\n\t\t\t\t\t<a class=\"rollover rollover-zoom dt-pswp-item\" title=\"Locandina San Giovanni 2024\" data-dt-img-description=\"\" data-large_image_width=\"1304\" data-large_image_height=\"2560\"href='https:\/\/www.radiopiu.net\/wordpress\/wp-content\/uploads\/2024\/06\/Locandina-San-Giovanni-2024-scaled.jpeg'><img loading=\"lazy\" decoding=\"async\" width=\"150\" height=\"150\" src=\"https:\/\/www.radiopiu.net\/wordpress\/wp-content\/uploads\/2024\/06\/Locandina-San-Giovanni-2024-150x150.jpeg\" class=\"attachment-thumbnail size-thumbnail\" alt=\"\" aria-describedby=\"gallery-4-393442\" \/><\/a>\n\t\t\t\t<\/dt>\n\t\t\t\t\t<dd class='wp-caption-text gallery-caption' id='gallery-4-393442'>\n\t\t\t\t\tSAN GIOVANNI A CANALE D&#8217;AGORDO\n\t\t\t\t\t<\/dd><\/dl><dl class='gallery-item'>\n\t\t\t\t<dt class='gallery-icon portrait'>\n\t\t\t\t\t<a class=\"rollover rollover-zoom dt-pswp-item\" title=\"09d50e2a-86d9-4273-aeb6-415f92136bc3\" data-dt-img-description=\"\" data-large_image_width=\"750\" data-large_image_height=\"1022\"href='https:\/\/www.radiopiu.net\/wordpress\/wp-content\/uploads\/2024\/06\/09d50e2a-86d9-4273-aeb6-415f92136bc3.jpg'><img loading=\"lazy\" decoding=\"async\" width=\"150\" height=\"150\" src=\"https:\/\/www.radiopiu.net\/wordpress\/wp-content\/uploads\/2024\/06\/09d50e2a-86d9-4273-aeb6-415f92136bc3-150x150.jpg\" class=\"attachment-thumbnail size-thumbnail\" alt=\"\" aria-describedby=\"gallery-4-393715\" \/><\/a>\n\t\t\t\t<\/dt>\n\t\t\t\t\t<dd class='wp-caption-text gallery-caption' id='gallery-4-393715'>\n\t\t\t\t\tCORSO DI BALLO A VOLTAGO\n\t\t\t\t\t<\/dd><\/dl><dl class='gallery-item'>\n\t\t\t\t<dt class='gallery-icon portrait'>\n\t\t\t\t\t<a class=\"rollover rollover-zoom dt-pswp-item\" title=\"442414392_10232426359018879_5443832698244930521_n\" data-dt-img-description=\"\" data-large_image_width=\"526\" data-large_image_height=\"709\"href='https:\/\/www.radiopiu.net\/wordpress\/wp-content\/uploads\/2024\/06\/442414392_10232426359018879_5443832698244930521_n.jpg'><img loading=\"lazy\" decoding=\"async\" width=\"150\" height=\"150\" src=\"https:\/\/www.radiopiu.net\/wordpress\/wp-content\/uploads\/2024\/06\/442414392_10232426359018879_5443832698244930521_n-150x150.jpg\" class=\"attachment-thumbnail size-thumbnail\" alt=\"\" aria-describedby=\"gallery-4-394106\" \/><\/a>\n\t\t\t\t<\/dt>\n\t\t\t\t\t<dd class='wp-caption-text gallery-caption' id='gallery-4-394106'>\n\t\t\t\t\tFRASSENE&#8217; CROSS\n\t\t\t\t\t<\/dd><\/dl><dl class='gallery-item'>\n\t\t\t\t<dt class='gallery-icon portrait'>\n\t\t\t\t\t<a class=\"rollover rollover-zoom dt-pswp-item\" title=\"Evento 22 giugno (1)\" data-dt-img-description=\"\" data-large_image_width=\"1240\" data-large_image_height=\"1754\"href='https:\/\/www.radiopiu.net\/wordpress\/wp-content\/uploads\/2024\/06\/Evento-22-giugno-1.jpg'><img loading=\"lazy\" decoding=\"async\" width=\"150\" height=\"150\" src=\"https:\/\/www.radiopiu.net\/wordpress\/wp-content\/uploads\/2024\/06\/Evento-22-giugno-1-150x150.jpg\" class=\"attachment-thumbnail size-thumbnail\" alt=\"\" aria-describedby=\"gallery-4-394035\" \/><\/a>\n\t\t\t\t<\/dt>\n\t\t\t\t\t<dd class='wp-caption-text gallery-caption' id='gallery-4-394035'>\n\t\t\t\t\tPRESENTAZIONE DEL LIBRO A CANALE\n\t\t\t\t\t<\/dd><\/dl><dl class='gallery-item'>\n\t\t\t\t<dt class='gallery-icon portrait'>\n\t\t\t\t\t<a class=\"rollover rollover-zoom dt-pswp-item\" title=\"441936111_953300066803441_3663667299753321850_n\" data-dt-img-description=\"\" data-large_image_width=\"520\" data-large_image_height=\"640\"href='https:\/\/www.radiopiu.net\/wordpress\/wp-content\/uploads\/2024\/06\/441936111_953300066803441_3663667299753321850_n.jpg'><img loading=\"lazy\" decoding=\"async\" width=\"150\" height=\"150\" src=\"https:\/\/www.radiopiu.net\/wordpress\/wp-content\/uploads\/2024\/06\/441936111_953300066803441_3663667299753321850_n-150x150.jpg\" class=\"attachment-thumbnail size-thumbnail\" alt=\"\" aria-describedby=\"gallery-4-394061\" \/><\/a>\n\t\t\t\t<\/dt>\n\t\t\t\t\t<dd class='wp-caption-text gallery-caption' id='gallery-4-394061'>\n\t\t\t\t\t31 LUGLIO AL MINIERE E IN DIRETTA ALLA RADIO \n\t\t\t\t\t<\/dd><\/dl><br style=\"clear: both\" \/><dl class='gallery-item'>\n\t\t\t\t<dt class='gallery-icon portrait'>\n\t\t\t\t\t<a class=\"rollover rollover-zoom dt-pswp-item\" title=\"d6fb7bb5-470e-4f31-a8fb-0d94646adddb\" data-dt-img-description=\"\" data-large_image_width=\"1300\" data-large_image_height=\"1600\"href='https:\/\/www.radiopiu.net\/wordpress\/wp-content\/uploads\/2024\/06\/d6fb7bb5-470e-4f31-a8fb-0d94646adddb.jpg'><img loading=\"lazy\" decoding=\"async\" width=\"150\" height=\"150\" src=\"https:\/\/www.radiopiu.net\/wordpress\/wp-content\/uploads\/2024\/06\/d6fb7bb5-470e-4f31-a8fb-0d94646adddb-150x150.jpg\" class=\"attachment-thumbnail size-thumbnail\" alt=\"\" aria-describedby=\"gallery-4-394668\" \/><\/a>\n\t\t\t\t<\/dt>\n\t\t\t\t\t<dd class='wp-caption-text gallery-caption' id='gallery-4-394668'>\n\t\t\t\t\tGLI EUROPEI DI CALCIO AL RISTOBAR GHEGY\n\t\t\t\t\t<\/dd><\/dl><dl class='gallery-item'>\n\t\t\t\t<dt class='gallery-icon portrait'>\n\t\t\t\t\t<a class=\"rollover rollover-zoom dt-pswp-item\" title=\"JGHALGHLJGH\" data-dt-img-description=\"\" data-large_image_width=\"604\" data-large_image_height=\"854\"href='https:\/\/www.radiopiu.net\/wordpress\/wp-content\/uploads\/2024\/06\/JGHALGHLJGH.png'><img loading=\"lazy\" decoding=\"async\" width=\"150\" height=\"150\" src=\"https:\/\/www.radiopiu.net\/wordpress\/wp-content\/uploads\/2024\/06\/JGHALGHLJGH-150x150.png\" class=\"attachment-thumbnail size-thumbnail\" alt=\"\" aria-describedby=\"gallery-4-394669\" \/><\/a>\n\t\t\t\t<\/dt>\n\t\t\t\t\t<dd class='wp-caption-text gallery-caption' id='gallery-4-394669'>\n\t\t\t\t\tLA NOTTE DI SANTA MARINA A FELTRE\n\t\t\t\t\t<\/dd><\/dl><dl class='gallery-item'>\n\t\t\t\t<dt class='gallery-icon portrait'>\n\t\t\t\t\t<a class=\"rollover rollover-zoom dt-pswp-item\" title=\"a1255490-93b2-46a4-8211-d8118fd23b27\" data-dt-img-description=\"\" data-large_image_width=\"1131\" data-large_image_height=\"1600\"href='https:\/\/www.radiopiu.net\/wordpress\/wp-content\/uploads\/2024\/06\/a1255490-93b2-46a4-8211-d8118fd23b27.jpg'><img loading=\"lazy\" decoding=\"async\" width=\"150\" height=\"150\" src=\"https:\/\/www.radiopiu.net\/wordpress\/wp-content\/uploads\/2024\/06\/a1255490-93b2-46a4-8211-d8118fd23b27-150x150.jpg\" class=\"attachment-thumbnail size-thumbnail\" alt=\"\" aria-describedby=\"gallery-4-394932\" \/><\/a>\n\t\t\t\t<\/dt>\n\t\t\t\t\t<dd class='wp-caption-text gallery-caption' id='gallery-4-394932'>\n\t\t\t\t\tA SAN TOMASO\n\t\t\t\t\t<\/dd><\/dl><dl class='gallery-item'>\n\t\t\t\t<dt class='gallery-icon portrait'>\n\t\t\t\t\t<a class=\"rollover rollover-zoom dt-pswp-item\" title=\"Presepi fuori tempo\" data-dt-img-description=\"\" data-large_image_width=\"1414\" data-large_image_height=\"2000\"href='https:\/\/www.radiopiu.net\/wordpress\/wp-content\/uploads\/2024\/06\/Presepi-fuori-tempo.png'><img loading=\"lazy\" decoding=\"async\" width=\"150\" height=\"150\" src=\"https:\/\/www.radiopiu.net\/wordpress\/wp-content\/uploads\/2024\/06\/Presepi-fuori-tempo-150x150.png\" class=\"attachment-thumbnail size-thumbnail\" alt=\"\" aria-describedby=\"gallery-4-395141\" \/><\/a>\n\t\t\t\t<\/dt>\n\t\t\t\t\t<dd class='wp-caption-text gallery-caption' id='gallery-4-395141'>\n\t\t\t\t\tPRESEPI FUORI TEMPO AD AGORDO\n\t\t\t\t\t<\/dd><\/dl><dl class='gallery-item'>\n\t\t\t\t<dt class='gallery-icon portrait'>\n\t\t\t\t\t<a class=\"rollover rollover-zoom dt-pswp-item\" title=\"447443480_320674017756499_9025951349706877056_n\" data-dt-img-description=\"\" data-large_image_width=\"509\" data-large_image_height=\"720\"href='https:\/\/www.radiopiu.net\/wordpress\/wp-content\/uploads\/2024\/06\/447443480_320674017756499_9025951349706877056_n.jpg'><img loading=\"lazy\" decoding=\"async\" width=\"150\" height=\"150\" src=\"https:\/\/www.radiopiu.net\/wordpress\/wp-content\/uploads\/2024\/06\/447443480_320674017756499_9025951349706877056_n-150x150.jpg\" class=\"attachment-thumbnail size-thumbnail\" alt=\"\" aria-describedby=\"gallery-4-395159\" \/><\/a>\n\t\t\t\t<\/dt>\n\t\t\t\t\t<dd class='wp-caption-text gallery-caption' id='gallery-4-395159'>\n\t\t\t\t\t6 LUGLIO AGORDO BAR DELLE BOCCE\n\t\t\t\t\t<\/dd><\/dl><dl class='gallery-item'>\n\t\t\t\t<dt class='gallery-icon portrait'>\n\t\t\t\t\t<a class=\"rollover rollover-zoom dt-pswp-item\" title=\"Le_zecche_come_difendersi_e_proteggersi\" data-dt-img-description=\"\" data-large_image_width=\"1834\" data-large_image_height=\"2560\"href='https:\/\/www.radiopiu.net\/wordpress\/wp-content\/uploads\/2024\/06\/Le_zecche_come_difendersi_e_proteggersi-scaled.jpg'><img loading=\"lazy\" decoding=\"async\" width=\"150\" height=\"150\" src=\"https:\/\/www.radiopiu.net\/wordpress\/wp-content\/uploads\/2024\/06\/Le_zecche_come_difendersi_e_proteggersi-150x150.jpg\" class=\"attachment-thumbnail size-thumbnail\" alt=\"\" aria-describedby=\"gallery-4-395245\" \/><\/a>\n\t\t\t\t<\/dt>\n\t\t\t\t\t<dd class='wp-caption-text gallery-caption' id='gallery-4-395245'>\n\t\t\t\t\tCONOSCIAMO LE ZECCHE A BELLUNO\n\t\t\t\t\t<\/dd><\/dl><br style=\"clear: both\" \/>\n\t\t\t<\/div>\n\n<\/div>\n<\/div>\n<\/div>\n<p>&nbsp;<\/p>\n<blockquote>\n<h2>Sagra del Campanot 2024: dieci giorni di tradizione, divertimento e gastronomia a Castion<\/h2>\n<\/blockquote>\n<p>La Sagra del Campanot di Castion ritorna dal 14 al 23 giugno, con una pausa il 17 e 18 giugno, per un&#8217;edizione ricca di eventi, cibo e divertimento. Questo evento annuale celebra la cultura e le tradizioni locali, offrendo un&#8217;esperienza unica per tutti i partecipanti.<br \/>\n<strong>Gastronomia di Qualit\u00e0 <\/strong>Ogni sera, dalle 19:30, e durante i pranzi delle due domeniche, gli ospiti potranno gustare piatti tipici e un men\u00f9 gourmet, accompagnato da vini DOC selezionati. Il pasticcere Stefano Berton preparer\u00e0 deliziosi dolci che delizieranno anche i palati pi\u00f9 esigenti. La sagra promette un viaggio culinario tra i sapori autentici della tradizione locale. <strong>Musica e Intrattenimento\u00a0<\/strong><br \/>\nLe serate saranno animate da musica dal vivo con spettacoli sul palco interno a partire dalle 21:00 e sul palco esterno dalle 22:00 fino a notte fonda. Artisti di vari generi musicali si esibiranno, offrendo un intrattenimento continuo e coinvolgente per tutti i gusti.<br \/>\n<strong>Eventi Sportivi e Attivit\u00e0\u00a0 <\/strong>Il programma della sagra \u00e8 ricco di eventi sportivi e attivit\u00e0 per tutte le et\u00e0: <strong><span style=\"color: #ff0000;\">Mercoled\u00ec 19 giugno:<\/span><\/strong> Giornata dedicata ai bambini con: Ore 16:30, truccabimbi. Ore 18:30, esibizione del coro arcobaleno di Limana. Ore 20:30, spettacolo di giocoleria con il grande Mencho Sosa. <strong>21, 22 e 23 giugno:<\/strong> Torneo Campanot &#8211; 8\u00b0 memorial Alberto e Laura, con un torneo di calcio a 5 e un torneo di volley 3vs3 misto. <strong><span style=\"color: #ff0000;\">Domenica 23 giugno:<\/span><\/strong> Alle 21:00, estrazione dei biglietti vincenti della Lotteria Campanot con un iPhone 15 Plus come primo premio. Sotto il tendone sar\u00e0 possibile seguire le partite dell&#8217;Italia agli Europei 2024, creando un punto di ritrovo per tutti gli appassionati di calcio.\u00a0 Per ulteriori informazioni sul programma completo della Sagra del Campanot, \u00e8 possibile visitare il sito ufficiale <a href=\"http:\/\/www.castion-belluno.it\">www.castion-belluno.it<\/a>.<\/p>\n<h2><span style=\"color: #ff0000;\">PROSSIMAMENTE\u00a0<\/span><\/h2>\n<p>Preparatevi a scatenare la vostra energia e a superare i vostri limiti con CorriPoi 2024. Il trofeo di Corse Podistiche a tappe Nell&#8217;Agordino, quattro tappe emozionanti, ognuna delle quali vi porter\u00e0 a scoprire le bellezze naturali del territorio. 22 GIUGNO FRASSENE&#8217;, 7 LUGLIO FORCELLA AURINE, 7 SETTEMBRE VOLTAGO Alla CorriPoi parteciperanno, fianco a fianco, forti runner, atleti della domenica, famiglie, gruppi di amici, giovani corridori in erba, tutti con l&#8217;obiettivo di correre e di divertirsi. Corri verso la vittoria, corri verso il trofeo Alpenpluss. Regolamento delle quattro gare sul sito KEEPSPORTING.COM, in collaborazione con Kiwi Sport, abbigliamento sportivo per tutta la famiglia, ad ALLEGHE- CENCENIGHE &#8211; BELLUNO<\/p>\n<p>&nbsp;<\/p>\n<hr \/>\n<p>&nbsp;<\/p>\n<p><a class=\"dt-pswp-item\" href=\"https:\/\/www.radiopiu.net\/wordpress\/wp-content\/uploads\/2018\/09\/viabilita.jpeg\" data-dt-img-description=\"\" data-large_image_width=\"800\" data-large_image_height=\"100\"><img loading=\"lazy\" decoding=\"async\" class=\"aligncenter wp-image-61954 size-full\" src=\"https:\/\/www.radiopiu.net\/wordpress\/wp-content\/uploads\/2018\/09\/viabilita.jpeg\" alt=\"\" width=\"800\" height=\"100\" srcset=\"https:\/\/www.radiopiu.net\/wordpress\/wp-content\/uploads\/2018\/09\/viabilita.jpeg 800w, https:\/\/www.radiopiu.net\/wordpress\/wp-content\/uploads\/2018\/09\/viabilita-300x38.jpeg 300w, https:\/\/www.radiopiu.net\/wordpress\/wp-content\/uploads\/2018\/09\/viabilita-768x96.jpeg 768w\" sizes=\"auto, (max-width: 800px) 100vw, 800px\" \/><\/a><\/p>\n<p>&nbsp;<\/p>\n<p><a class=\"dt-pswp-item\" href=\"https:\/\/www.radiopiu.net\/wordpress\/wp-content\/uploads\/2023\/12\/botol-car-service.jpg\" data-dt-img-description=\"\" data-large_image_width=\"600\" data-large_image_height=\"600\"><img loading=\"lazy\" decoding=\"async\" class=\"size-medium wp-image-367044 aligncenter\" src=\"https:\/\/www.radiopiu.net\/wordpress\/wp-content\/uploads\/2023\/12\/botol-car-service-300x300.jpg\" alt=\"\" width=\"300\" height=\"300\" srcset=\"https:\/\/www.radiopiu.net\/wordpress\/wp-content\/uploads\/2023\/12\/botol-car-service-300x300.jpg 300w, https:\/\/www.radiopiu.net\/wordpress\/wp-content\/uploads\/2023\/12\/botol-car-service-150x150.jpg 150w, https:\/\/www.radiopiu.net\/wordpress\/wp-content\/uploads\/2023\/12\/botol-car-service.jpg 600w\" sizes=\"auto, (max-width: 300px) 100vw, 300px\" \/><\/a><\/p>\n<p>&nbsp;<\/p>\n<p>&nbsp;<\/p>\n<h1>BOLLETTINO QUOTIDIANO, CLICCA QUI<\/h1>\n<blockquote class=\"wp-embedded-content\" data-secret=\"9ImoNlKOvW\"><p><a href=\"https:\/\/www.radiopiu.net\/wordpress\/viabilita-2\/\">viabilita<\/a><\/p><\/blockquote>\n<p><iframe loading=\"lazy\" class=\"wp-embedded-content\" sandbox=\"allow-scripts\" security=\"restricted\" style=\"position: absolute; clip: rect(1px, 1px, 1px, 1px);\" title=\"&#8220;viabilita&#8221; &#8212; Radio Pi\u00f9\" src=\"https:\/\/www.radiopiu.net\/wordpress\/viabilita-2\/embed\/#?secret=QTA73waeqp#?secret=9ImoNlKOvW\" data-secret=\"9ImoNlKOvW\" width=\"600\" height=\"338\" frameborder=\"0\" marginwidth=\"0\" marginheight=\"0\" scrolling=\"no\"><\/iframe><\/p>\n<p>&nbsp;<\/p>\n<p>&nbsp;<\/p>\n<hr \/>\n<p>&nbsp;<\/p>\n<p><a class=\"dt-pswp-item\" href=\"https:\/\/www.radiopiu.net\/wordpress\/wp-content\/uploads\/2018\/09\/WhatsApp-Image-2018-09-20-at-16.04.06.jpeg\" data-dt-img-description=\"\" data-large_image_width=\"800\" data-large_image_height=\"100\"><img loading=\"lazy\" decoding=\"async\" class=\"wp-image-61378 size-full aligncenter\" src=\"https:\/\/www.radiopiu.net\/wordpress\/wp-content\/uploads\/2018\/09\/WhatsApp-Image-2018-09-20-at-16.04.06.jpeg\" alt=\"\" width=\"800\" height=\"100\" srcset=\"https:\/\/www.radiopiu.net\/wordpress\/wp-content\/uploads\/2018\/09\/WhatsApp-Image-2018-09-20-at-16.04.06.jpeg 800w, https:\/\/www.radiopiu.net\/wordpress\/wp-content\/uploads\/2018\/09\/WhatsApp-Image-2018-09-20-at-16.04.06-300x38.jpeg 300w, https:\/\/www.radiopiu.net\/wordpress\/wp-content\/uploads\/2018\/09\/WhatsApp-Image-2018-09-20-at-16.04.06-768x96.jpeg 768w\" sizes=\"auto, (max-width: 800px) 100vw, 800px\" \/><\/a><\/p>\n<p><center><\/center><center><\/center><center><\/center><center><\/center><center><\/center><center><\/center>&nbsp;<\/p>\n<p><center><\/center><center><\/center><center><\/center><center><\/center><center><\/center><center><\/center><center><\/center><center><b>OGGI<\/b><\/center>Al mattino tempo stabile e soleggiato con qualche innocuo annuvolamento in prossimit\u00e0 delle cime o lungo i pendii dei rilievi nel corso della mattinata; nel pomeriggio annuvolamenti irregolari specie sulle Dolomiti dove non si esclude del tutto qualche sporadico fenomeno per il notevole riscaldamento diurno.<br \/>\n<b>Precipitazioni: <\/b>Generalmente assenti; non si escludono occasionali piovaschi\u00a0 specie lungo i pendii dei rilievi dolomitici nel pomeriggio\/sera.<br \/>\n<b>Temperature: <\/b>In ulteriore contenuto aumento su valori ben al di sopra delle medie stagionali; significativa escursione termica giornaliera nelle valli.<\/p>\n<hr \/>\n<p><center><b>DOMANI<\/b><\/center>Al mattino intorno all&#8217;alba generalmente sereno in alta montagna, poco o parzialmente nuvoloso in molte valli per qualche nube bassa associata anche a foschie nelle ore fredde; in mattinata modesti annuvolamenti sia per l&#8217;arrivo di nubi alte, sia per la formazione di cumulo-nembi a causa del significativo riscaldamento diurno, specie a ridosso dei rilievi e delle cime dolomitiche, localmente consistenti nel tardo pomeriggio\/sera, eventualmente associati ad occasionali fenomeni di calore.<br \/>\n<b>Precipitazioni: <\/b>Generalmente assenti, salvo occasionali fenomeni verso il pomeriggio\/sera, causati dal significativo caldo diurno, specie sulle Dolomiti.<br \/>\n<b>Temperature: <\/b>Senza notevoli variazioni o in ulteriore lieve aumento, specie le minime e ben superiori alla norma.<\/p>\n<hr \/>\n<p><center><b>VENERDI<\/b><\/center>Cielo inizialmente sereno o poco nuvoloso per velature soprattutto in alta montagna, anche a tratti nuvoloso nelle valli per qualche nube bassa, assieme anche a qualche foschia nelle ore fredde; nel corso della mattinata intensificazione della nuvolosit\u00e0 pi\u00f9 significativa e consistente rispetto a gioved\u00ec, accompagnata dalle ore centrali da rovesci o da temporali da sparsi a diffusi. Temperature senza notevoli variazioni o in leggero calo e ben superiori alla norma.<\/p>\n<hr \/>\n<p><center><b>SABATO<\/b><\/center>Nel corso della giornata, cielo irregolarmente nuvoloso con tempo a tratti instabile. Temperature in diminuzione, anche marcata per le massime rispetto a venerd\u00ec.<\/p>\n<p>&nbsp;<\/p>\n<hr \/>\n<p>&nbsp;<\/p>\n<p><img loading=\"lazy\" decoding=\"async\" class=\"wp-image-60761 size-full aligncenter\" src=\"https:\/\/www.radiopiu.net\/wordpress\/wp-content\/uploads\/2018\/09\/sport.jpg\" alt=\"\" width=\"800\" height=\"100\" srcset=\"https:\/\/www.radiopiu.net\/wordpress\/wp-content\/uploads\/2018\/09\/sport.jpg 800w, https:\/\/www.radiopiu.net\/wordpress\/wp-content\/uploads\/2018\/09\/sport-300x38.jpg 300w, https:\/\/www.radiopiu.net\/wordpress\/wp-content\/uploads\/2018\/09\/sport-768x96.jpg 768w\" sizes=\"auto, (max-width: 800px) 100vw, 800px\" \/><\/p>\n<p>&nbsp;<\/p>\n<p><span style=\"color: #0000ff;\"><strong>SPORT<\/strong><\/span><\/p>\n<p>&nbsp;<\/p>\n<p>&nbsp;<\/p>\n<hr \/>\n<p>&nbsp;<\/p>\n<h2><span style=\"color: #00ff00;\">GOODBYE BY BICICLE&#8230;UN VIAGGIO DALL&#8217;INDIA A SEREN DEL GRAPPA IN BICICLETTA<\/span><\/h2>\n<p><span style=\"color: #ff0000;\"><strong>PUNTATA 18 &#8211; SUPERATO IL CONFINE CON LA CINA SI VA VERSO IL TERRITORIO TIBETANO<\/strong><\/span><\/p>\n<audio class=\"wp-audio-shortcode\" id=\"audio-395193-17\" preload=\"none\" style=\"width: 100%;\" controls=\"controls\"><source type=\"audio\/mpeg\" src=\"https:\/\/www.radiopiu.net\/wordpress\/wp-content\/uploads\/2024\/05\/AIRE-INDIA-PUNTATA-18.mp3?_=17\" \/><a href=\"https:\/\/www.radiopiu.net\/wordpress\/wp-content\/uploads\/2024\/05\/AIRE-INDIA-PUNTATA-18.mp3\">https:\/\/www.radiopiu.net\/wordpress\/wp-content\/uploads\/2024\/05\/AIRE-INDIA-PUNTATA-18.mp3<\/a><\/audio>\n<p>&nbsp;<\/p>\n<p><strong>PER VISITARE I SITI DEI LUOGHI VISITATI, CLICCA SULLE SEGUENTI SCRITTE: <a href=\"https:\/\/www.instagram.com\/vespanda_ilario.lavarra?igsh=MWltZzd0MHdtdXQ1dg==\"><span style=\"color: #3366ff;\">VESPANDA ILARIO LAVARRA<\/span><\/a><\/strong><\/p>\n\n\t\t\t<style type='text\/css'>\n\t\t\t\t#gallery-5 {\n\t\t\t\t\tmargin: auto;\n\t\t\t\t}\n\t\t\t\t#gallery-5 .gallery-item {\n\t\t\t\t\tfloat: left;\n\t\t\t\t\tmargin-top: 10px;\n\t\t\t\t\ttext-align: center;\n\t\t\t\t\twidth: 20%;\n\t\t\t\t}\n\t\t\t\t#gallery-5 img {\n\t\t\t\t\tborder: 2px solid #cfcfcf;\n\t\t\t\t}\n\t\t\t\t#gallery-5 .gallery-caption {\n\t\t\t\t\tmargin-left: 0;\n\t\t\t\t}\n\t\t\t\t\/* see gallery_shortcode() in wp-includes\/media.php *\/\n\t\t\t<\/style>\n\t\t<div id='gallery-5' class='dt-gallery-container gallery galleryid-395193 gallery-columns-5 gallery-size-thumbnail'><dl class='gallery-item'>\n\t\t\t\t<dt class='gallery-icon landscape'>\n\t\t\t\t\t<a class=\"rollover rollover-zoom dt-pswp-item\" title=\"e33ac886-51d9-4d92-9e68-824630c9394b\" data-dt-img-description=\"\" data-large_image_width=\"1152\" data-large_image_height=\"864\"href='https:\/\/www.radiopiu.net\/wordpress\/wp-content\/uploads\/2024\/05\/e33ac886-51d9-4d92-9e68-824630c9394b.jpg'><img loading=\"lazy\" decoding=\"async\" width=\"150\" height=\"150\" src=\"https:\/\/www.radiopiu.net\/wordpress\/wp-content\/uploads\/2024\/05\/e33ac886-51d9-4d92-9e68-824630c9394b-150x150.jpg\" class=\"attachment-thumbnail size-thumbnail\" alt=\"\" \/><\/a>\n\t\t\t\t<\/dt><\/dl><dl class='gallery-item'>\n\t\t\t\t<dt class='gallery-icon landscape'>\n\t\t\t\t\t<a class=\"rollover rollover-zoom dt-pswp-item\" title=\"c0e5479f-4a34-4def-ae8c-9f748e8102d7\" data-dt-img-description=\"\" data-large_image_width=\"1600\" data-large_image_height=\"1204\"href='https:\/\/www.radiopiu.net\/wordpress\/wp-content\/uploads\/2024\/05\/c0e5479f-4a34-4def-ae8c-9f748e8102d7.jpg'><img loading=\"lazy\" decoding=\"async\" width=\"150\" height=\"150\" src=\"https:\/\/www.radiopiu.net\/wordpress\/wp-content\/uploads\/2024\/05\/c0e5479f-4a34-4def-ae8c-9f748e8102d7-150x150.jpg\" class=\"attachment-thumbnail size-thumbnail\" alt=\"\" \/><\/a>\n\t\t\t\t<\/dt><\/dl><dl class='gallery-item'>\n\t\t\t\t<dt class='gallery-icon portrait'>\n\t\t\t\t\t<a class=\"rollover rollover-zoom dt-pswp-item\" title=\"a0df8e43-f7d4-402f-b799-f953a9ff2699\" data-dt-img-description=\"\" data-large_image_width=\"1200\" data-large_image_height=\"1600\"href='https:\/\/www.radiopiu.net\/wordpress\/wp-content\/uploads\/2024\/05\/a0df8e43-f7d4-402f-b799-f953a9ff2699.jpg'><img loading=\"lazy\" decoding=\"async\" width=\"150\" height=\"150\" src=\"https:\/\/www.radiopiu.net\/wordpress\/wp-content\/uploads\/2024\/05\/a0df8e43-f7d4-402f-b799-f953a9ff2699-150x150.jpg\" class=\"attachment-thumbnail size-thumbnail\" alt=\"\" \/><\/a>\n\t\t\t\t<\/dt><\/dl><dl class='gallery-item'>\n\t\t\t\t<dt class='gallery-icon portrait'>\n\t\t\t\t\t<a class=\"rollover rollover-zoom dt-pswp-item\" title=\"7e980112-0906-4e26-adeb-39964d41f7ec\" data-dt-img-description=\"\" data-large_image_width=\"1200\" data-large_image_height=\"1600\"href='https:\/\/www.radiopiu.net\/wordpress\/wp-content\/uploads\/2024\/05\/7e980112-0906-4e26-adeb-39964d41f7ec.jpg'><img loading=\"lazy\" decoding=\"async\" width=\"150\" height=\"150\" src=\"https:\/\/www.radiopiu.net\/wordpress\/wp-content\/uploads\/2024\/05\/7e980112-0906-4e26-adeb-39964d41f7ec-150x150.jpg\" class=\"attachment-thumbnail size-thumbnail\" alt=\"\" \/><\/a>\n\t\t\t\t<\/dt><\/dl><dl class='gallery-item'>\n\t\t\t\t<dt class='gallery-icon landscape'>\n\t\t\t\t\t<a class=\"rollover rollover-zoom dt-pswp-item\" title=\"2f245d47-8730-4e9c-aa04-a3d4587cd527\" data-dt-img-description=\"\" data-large_image_width=\"1600\" data-large_image_height=\"1200\"href='https:\/\/www.radiopiu.net\/wordpress\/wp-content\/uploads\/2024\/05\/2f245d47-8730-4e9c-aa04-a3d4587cd527.jpg'><img loading=\"lazy\" decoding=\"async\" width=\"150\" height=\"150\" src=\"https:\/\/www.radiopiu.net\/wordpress\/wp-content\/uploads\/2024\/05\/2f245d47-8730-4e9c-aa04-a3d4587cd527-150x150.jpg\" class=\"attachment-thumbnail size-thumbnail\" alt=\"\" \/><\/a>\n\t\t\t\t<\/dt><\/dl><br style=\"clear: both\" \/>\n\t\t\t<\/div>\n\n<p>&nbsp;<\/p>\n","protected":false},"excerpt":{"rendered":"<p>******* ATTENZIONE: LA NUOVA APP PER IOS-IPHONE di Nicola Vettorello https:\/\/apps.apple.com\/it\/app\/radio-pi%C3%B9-emittente-agordina\/id1515939845 ATTENZIONE: LA NUOVA APP RADIO\u00a0 PER ANDROID di Nicola Vettorello https:\/\/play.google.com\/store\/apps\/details?id=net.radiopiu.iniko\u00a0\u00a0\u00a0 &nbsp; \u00a0AUTOSTRADA A27, CANTIERE CONTINUO\u00a0 E\u00a0 TRAPPOLA MORTALE BELLUNO\u00a0 Aveva 41\u00a0 anni l&#8217;operaio morto mentre lavorava in autostrada tra Vittorio Veneto e il Fadalto. Percorso obbligato per gli automobilisti con la chiusura della&hellip;<\/p>\n","protected":false},"author":4,"featured_media":75528,"comment_status":"closed","ping_status":"closed","sticky":false,"template":"","format":"standard","meta":{"_monsterinsights_skip_tracking":false,"_monsterinsights_sitenote_active":false,"_monsterinsights_sitenote_note":"","_monsterinsights_sitenote_category":0,"footnotes":""},"categories":[51,86,49],"tags":[],"class_list":["post-395193","post","type-post","status-publish","format-standard","has-post-thumbnail","hentry","category-evidenza-top","category-gr","category-news-18","category-51","category-86","category-49","description-off"],"img_url":"https:\/\/www.radiopiu.net\/wordpress\/wp-content\/uploads\/2019\/02\/558x312xcasello-autostrada-A27-dolomiti.jpg.pagespeed.ic_.AUYLIYSelj.jpg","_links":{"self":[{"href":"https:\/\/www.radiopiu.net\/wordpress\/wp-json\/wp\/v2\/posts\/395193","targetHints":{"allow":["GET"]}}],"collection":[{"href":"https:\/\/www.radiopiu.net\/wordpress\/wp-json\/wp\/v2\/posts"}],"about":[{"href":"https:\/\/www.radiopiu.net\/wordpress\/wp-json\/wp\/v2\/types\/post"}],"author":[{"embeddable":true,"href":"https:\/\/www.radiopiu.net\/wordpress\/wp-json\/wp\/v2\/users\/4"}],"replies":[{"embeddable":true,"href":"https:\/\/www.radiopiu.net\/wordpress\/wp-json\/wp\/v2\/comments?post=395193"}],"version-history":[{"count":0,"href":"https:\/\/www.radiopiu.net\/wordpress\/wp-json\/wp\/v2\/posts\/395193\/revisions"}],"wp:featuredmedia":[{"embeddable":true,"href":"https:\/\/www.radiopiu.net\/wordpress\/wp-json\/wp\/v2\/media\/75528"}],"wp:attachment":[{"href":"https:\/\/www.radiopiu.net\/wordpress\/wp-json\/wp\/v2\/media?parent=395193"}],"wp:term":[{"taxonomy":"category","embeddable":true,"href":"https:\/\/www.radiopiu.net\/wordpress\/wp-json\/wp\/v2\/categories?post=395193"},{"taxonomy":"post_tag","embeddable":true,"href":"https:\/\/www.radiopiu.net\/wordpress\/wp-json\/wp\/v2\/tags?post=395193"}],"curies":[{"name":"wp","href":"https:\/\/api.w.org\/{rel}","templated":true}]}}