{"id":395238,"date":"2024-06-18T09:41:04","date_gmt":"2024-06-18T07:41:04","guid":{"rendered":"https:\/\/www.radiopiu.net\/wordpress\/?p=395238"},"modified":"2024-06-18T09:41:04","modified_gmt":"2024-06-18T07:41:04","slug":"soccorsi-escursionisti-impegnati-nella-traversata-carnica","status":"publish","type":"post","link":"https:\/\/www.radiopiu.net\/wordpress\/soccorsi-escursionisti-impegnati-nella-traversata-carnica\/","title":{"rendered":"SOCCORSI ESCURSIONISTI IMPEGNATI NELLA TRAVERSATA CARNICA"},"content":{"rendered":"<p>******<\/p>\n<p>&nbsp;<\/p>\n<p><strong><a class=\"dt-pswp-item\" href=\"https:\/\/www.radiopiu.net\/wordpress\/wp-content\/uploads\/2024\/06\/Point-Blur_Jun182024_092105.jpg\" data-dt-img-description=\"\" data-large_image_width=\"925\" data-large_image_height=\"1645\"><img loading=\"lazy\" decoding=\"async\" class=\" wp-image-395239 alignleft\" src=\"https:\/\/www.radiopiu.net\/wordpress\/wp-content\/uploads\/2024\/06\/Point-Blur_Jun182024_092105-169x300.jpg\" alt=\"\" width=\"101\" height=\"179\" srcset=\"https:\/\/www.radiopiu.net\/wordpress\/wp-content\/uploads\/2024\/06\/Point-Blur_Jun182024_092105-169x300.jpg 169w, https:\/\/www.radiopiu.net\/wordpress\/wp-content\/uploads\/2024\/06\/Point-Blur_Jun182024_092105-576x1024.jpg 576w, https:\/\/www.radiopiu.net\/wordpress\/wp-content\/uploads\/2024\/06\/Point-Blur_Jun182024_092105-768x1366.jpg 768w, https:\/\/www.radiopiu.net\/wordpress\/wp-content\/uploads\/2024\/06\/Point-Blur_Jun182024_092105-864x1536.jpg 864w, https:\/\/www.radiopiu.net\/wordpress\/wp-content\/uploads\/2024\/06\/Point-Blur_Jun182024_092105.jpg 925w\" sizes=\"auto, (max-width: 101px) 100vw, 101px\" \/><\/a>COMELICO SUPERIORE<\/strong> Si sono concluse verso le 23 le operazioni di recupero di due escursionisti tedeschi impegnati nella traversata carnica. Verso le 16.30 di ieri il Soccorso alpino della Val Comelico era stato allertato a seguito della chiamata dei due che, percorrendo il sentiero numero 403, si erano ritrovati in una situazione di difficolt\u00e0, illesi, ma incapaci di proseguire a causa della neve. L&#8217;elicottero del Suem di Pieve di Cadore \u00e8 subito decollato per dirigersi nel punto indicato. Una volta sul posto la nebbia ha per\u00f2 impedito il suo avvicinamento, anche dal versante austriaco. In una prima rotazione sono stati trasportati al limite delle nubi due volontari, calati con il verricello, che hanno raggiunto a piedi gli escursionisti. I due uomini seguendo una traccia errata si erano bloccati sopra degli strapiombi. L&#8217;elicottero ha quindi imbarcato altri due soccorritori della Guardia di finanza di Auronzo di supporto e li ha sbarcati il pi\u00f9 vicino possibile, per poi rientrare in base. Con manovre di corda, i due escursionisti sono stati riportati sul sentiero e riaccompagnati fino a Malga Silvella.<\/p>\n<p>&nbsp;<\/p>\n<p>&nbsp;<\/p>\n<p>********<\/p>\n","protected":false},"excerpt":{"rendered":"<p>****** &nbsp; COMELICO SUPERIORE Si sono concluse verso le 23 le operazioni di recupero di due escursionisti tedeschi impegnati nella traversata carnica. Verso le 16.30 di ieri il Soccorso alpino della Val Comelico era stato allertato a seguito della chiamata dei due che, percorrendo il sentiero numero 403, si erano ritrovati in una situazione di&hellip;<\/p>\n","protected":false},"author":4,"featured_media":395240,"comment_status":"closed","ping_status":"closed","sticky":false,"template":"","format":"standard","meta":{"_monsterinsights_skip_tracking":false,"_monsterinsights_sitenote_active":false,"_monsterinsights_sitenote_note":"","_monsterinsights_sitenote_category":0,"footnotes":""},"categories":[49],"tags":[],"class_list":["post-395238","post","type-post","status-publish","format-standard","has-post-thumbnail","hentry","category-news-18","category-49","description-off"],"img_url":"https:\/\/www.radiopiu.net\/wordpress\/wp-content\/uploads\/2024\/06\/LGHOPUGHWA.jpg","_links":{"self":[{"href":"https:\/\/www.radiopiu.net\/wordpress\/wp-json\/wp\/v2\/posts\/395238","targetHints":{"allow":["GET"]}}],"collection":[{"href":"https:\/\/www.radiopiu.net\/wordpress\/wp-json\/wp\/v2\/posts"}],"about":[{"href":"https:\/\/www.radiopiu.net\/wordpress\/wp-json\/wp\/v2\/types\/post"}],"author":[{"embeddable":true,"href":"https:\/\/www.radiopiu.net\/wordpress\/wp-json\/wp\/v2\/users\/4"}],"replies":[{"embeddable":true,"href":"https:\/\/www.radiopiu.net\/wordpress\/wp-json\/wp\/v2\/comments?post=395238"}],"version-history":[{"count":0,"href":"https:\/\/www.radiopiu.net\/wordpress\/wp-json\/wp\/v2\/posts\/395238\/revisions"}],"wp:featuredmedia":[{"embeddable":true,"href":"https:\/\/www.radiopiu.net\/wordpress\/wp-json\/wp\/v2\/media\/395240"}],"wp:attachment":[{"href":"https:\/\/www.radiopiu.net\/wordpress\/wp-json\/wp\/v2\/media?parent=395238"}],"wp:term":[{"taxonomy":"category","embeddable":true,"href":"https:\/\/www.radiopiu.net\/wordpress\/wp-json\/wp\/v2\/categories?post=395238"},{"taxonomy":"post_tag","embeddable":true,"href":"https:\/\/www.radiopiu.net\/wordpress\/wp-json\/wp\/v2\/tags?post=395238"}],"curies":[{"name":"wp","href":"https:\/\/api.w.org\/{rel}","templated":true}]}}