{"id":395296,"date":"2024-06-19T04:45:15","date_gmt":"2024-06-19T02:45:15","guid":{"rendered":"https:\/\/www.radiopiu.net\/wordpress\/?p=395296"},"modified":"2024-06-19T04:45:15","modified_gmt":"2024-06-19T02:45:15","slug":"escursionista-disorientato-soccorso-sulla-ferrata-costantini","status":"publish","type":"post","link":"https:\/\/www.radiopiu.net\/wordpress\/escursionista-disorientato-soccorso-sulla-ferrata-costantini\/","title":{"rendered":"Escursionista Disorientato Soccorso sulla Ferrata Costantini"},"content":{"rendered":"<p>+++<\/p>\n<p><img loading=\"lazy\" decoding=\"async\" class=\"alignleft\" src=\"https:\/\/www.radiopiu.net\/wordpress\/wp-content\/uploads\/2024\/06\/fcbd1f7f-c6b9-4f2d-b69b-90b075a1d412.jpg\" width=\"125\" height=\"232\" \/><strong>AGORDO<\/strong> Ieri sera \u00a0la Centrale del Suem ha ricevuto una chiamata da un escursionista disorientato sulla Ferrata Costantini a causa della nebbia. Il 65enne di San Tomaso Agordino (BL), che si trovava nei pressi della Cattedrale e con il cellulare quasi scarico, non \u00e8 stato pi\u00f9 raggiungibile. Il Soccorso Alpino di Agordo ha inviato una squadra di 6 volontari al Rifugio Carestiato, pronti a essere trasportati in quota dall&#8217;elicottero del Suem di Pieve di Cadore, nonostante le condizioni meteo instabili. Due soccorritori sono stati imbarcati e lasciati nella zona della Cattedrale dall&#8217;eliambulanza. Nel frattempo, l&#8217;escursionista \u00e8 riuscito a ritrovare il percorso della Ferrata ed \u00e8 stato individuato con il binocolo in una zona al di fuori delle nuvole. L&#8217;elicottero, avvertito via radio, \u00e8 riuscito a recuperarlo e successivamente ha riportato anche i due volontari.<\/p>\n<p>&nbsp;<\/p>\n<p>&nbsp;<\/p>\n<hr \/>\n<p>&nbsp;<\/p>\n<p>&nbsp;<\/p>\n<p>__<\/p>\n<p>&nbsp;<\/p>\n","protected":false},"excerpt":{"rendered":"<p>+++ AGORDO Ieri sera \u00a0la Centrale del Suem ha ricevuto una chiamata da un escursionista disorientato sulla Ferrata Costantini a causa della nebbia. Il 65enne di San Tomaso Agordino (BL), che si trovava nei pressi della Cattedrale e con il cellulare quasi scarico, non \u00e8 stato pi\u00f9 raggiungibile. Il Soccorso Alpino di Agordo ha inviato&hellip;<\/p>\n","protected":false},"author":4,"featured_media":395297,"comment_status":"closed","ping_status":"closed","sticky":false,"template":"","format":"standard","meta":{"_monsterinsights_skip_tracking":false,"_monsterinsights_sitenote_active":false,"_monsterinsights_sitenote_note":"","_monsterinsights_sitenote_category":0,"footnotes":""},"categories":[51,49],"tags":[],"class_list":["post-395296","post","type-post","status-publish","format-standard","has-post-thumbnail","hentry","category-evidenza-top","category-news-18","category-51","category-49","description-off"],"img_url":"https:\/\/www.radiopiu.net\/wordpress\/wp-content\/uploads\/2024\/06\/fcbd1f7f-c6b9-4f2d-b69b-90b075a1d412.jpg","_links":{"self":[{"href":"https:\/\/www.radiopiu.net\/wordpress\/wp-json\/wp\/v2\/posts\/395296","targetHints":{"allow":["GET"]}}],"collection":[{"href":"https:\/\/www.radiopiu.net\/wordpress\/wp-json\/wp\/v2\/posts"}],"about":[{"href":"https:\/\/www.radiopiu.net\/wordpress\/wp-json\/wp\/v2\/types\/post"}],"author":[{"embeddable":true,"href":"https:\/\/www.radiopiu.net\/wordpress\/wp-json\/wp\/v2\/users\/4"}],"replies":[{"embeddable":true,"href":"https:\/\/www.radiopiu.net\/wordpress\/wp-json\/wp\/v2\/comments?post=395296"}],"version-history":[{"count":0,"href":"https:\/\/www.radiopiu.net\/wordpress\/wp-json\/wp\/v2\/posts\/395296\/revisions"}],"wp:featuredmedia":[{"embeddable":true,"href":"https:\/\/www.radiopiu.net\/wordpress\/wp-json\/wp\/v2\/media\/395297"}],"wp:attachment":[{"href":"https:\/\/www.radiopiu.net\/wordpress\/wp-json\/wp\/v2\/media?parent=395296"}],"wp:term":[{"taxonomy":"category","embeddable":true,"href":"https:\/\/www.radiopiu.net\/wordpress\/wp-json\/wp\/v2\/categories?post=395296"},{"taxonomy":"post_tag","embeddable":true,"href":"https:\/\/www.radiopiu.net\/wordpress\/wp-json\/wp\/v2\/tags?post=395296"}],"curies":[{"name":"wp","href":"https:\/\/api.w.org\/{rel}","templated":true}]}}