{"id":395315,"date":"2024-03-01T05:14:48","date_gmt":"2024-03-01T04:14:48","guid":{"rendered":"https:\/\/www.radiopiu.net\/wordpress\/?p=395315"},"modified":"2024-06-19T06:23:42","modified_gmt":"2024-06-19T04:23:42","slug":"voci-ribelli-conversazioni-senza-filtri-per-ragazzi-audaci-3","status":"publish","type":"post","link":"https:\/\/www.radiopiu.net\/wordpress\/voci-ribelli-conversazioni-senza-filtri-per-ragazzi-audaci-3\/","title":{"rendered":"VOCI RIBELLI: CONVERSAZIONI SENZA FILTRI PER RAGAZZI AUDACI"},"content":{"rendered":"<p><a class=\"dt-pswp-item\" href=\"https:\/\/www.radiopiu.net\/wordpress\/wp-content\/uploads\/2023\/09\/ass.-dafne.png\" data-dt-img-description=\"\" data-large_image_width=\"225\" data-large_image_height=\"225\"><img loading=\"lazy\" decoding=\"async\" class=\" wp-image-352143 alignleft\" src=\"https:\/\/www.radiopiu.net\/wordpress\/wp-content\/uploads\/2023\/09\/ass.-dafne.png\" alt=\"\" width=\"137\" height=\"137\" srcset=\"https:\/\/www.radiopiu.net\/wordpress\/wp-content\/uploads\/2023\/09\/ass.-dafne.png 225w, https:\/\/www.radiopiu.net\/wordpress\/wp-content\/uploads\/2023\/09\/ass.-dafne-150x150.png 150w\" sizes=\"auto, (max-width: 137px) 100vw, 137px\" \/><\/a>Benvenuti a &#8220;VOCI RIBELLI: CONVERSAZIONI SENZA FILTRI PER RAGAZZI AUDACI,&#8221; il podcast che sfida gli stereotipi e apre la porta a conversazioni senza paura per i giovani coraggiosi. Questo podcast, prodotto dall&#8217;Associazione Dafne con la regia di Lorenzo Cassol, \u00e8 il luogo dove la voce dell&#8217;audacia incontra la sincerit\u00e0 pi\u00f9 profond<\/p>\n<p>&nbsp;<\/p>\n<h1><span style=\"color: #ff0000;\">STAGIONE 2024<\/span><\/h1>\n<p>&nbsp;<\/p>\n<p><strong>PUNTATA 03 &#8211; ALESSANDRO, IL\u00a0 PAPA&#8217;&#8230;<\/strong><\/p>\n<audio class=\"wp-audio-shortcode\" id=\"audio-395315-1\" preload=\"none\" style=\"width: 100%;\" controls=\"controls\"><source type=\"audio\/mpeg\" src=\"https:\/\/www.radiopiu.net\/wordpress\/wp-content\/uploads\/2024\/06\/VRIB-2.mp3?_=1\" \/><a href=\"https:\/\/www.radiopiu.net\/wordpress\/wp-content\/uploads\/2024\/06\/VRIB-2.mp3\">https:\/\/www.radiopiu.net\/wordpress\/wp-content\/uploads\/2024\/06\/VRIB-2.mp3<\/a><\/audio>\n<p>&nbsp;<\/p>\n","protected":false},"excerpt":{"rendered":"<p>Benvenuti a &#8220;VOCI RIBELLI: CONVERSAZIONI SENZA FILTRI PER RAGAZZI AUDACI,&#8221; il podcast che sfida gli stereotipi e apre la porta a conversazioni senza paura per i giovani coraggiosi. Questo podcast, prodotto dall&#8217;Associazione Dafne con la regia di Lorenzo Cassol, \u00e8 il luogo dove la voce dell&#8217;audacia incontra la sincerit\u00e0 pi\u00f9 profond &nbsp; STAGIONE 2024 &nbsp;&hellip;<\/p>\n","protected":false},"author":4,"featured_media":352325,"comment_status":"closed","ping_status":"closed","sticky":false,"template":"","format":"standard","meta":{"_monsterinsights_skip_tracking":false,"_monsterinsights_sitenote_active":false,"_monsterinsights_sitenote_note":"","_monsterinsights_sitenote_category":0,"footnotes":""},"categories":[104,49],"tags":[],"class_list":["post-395315","post","type-post","status-publish","format-standard","has-post-thumbnail","hentry","category-evidenza_3","category-news-18","category-104","category-49","description-off"],"img_url":"https:\/\/www.radiopiu.net\/wordpress\/wp-content\/uploads\/2023\/09\/banner-voci-ribelli.jpg","_links":{"self":[{"href":"https:\/\/www.radiopiu.net\/wordpress\/wp-json\/wp\/v2\/posts\/395315","targetHints":{"allow":["GET"]}}],"collection":[{"href":"https:\/\/www.radiopiu.net\/wordpress\/wp-json\/wp\/v2\/posts"}],"about":[{"href":"https:\/\/www.radiopiu.net\/wordpress\/wp-json\/wp\/v2\/types\/post"}],"author":[{"embeddable":true,"href":"https:\/\/www.radiopiu.net\/wordpress\/wp-json\/wp\/v2\/users\/4"}],"replies":[{"embeddable":true,"href":"https:\/\/www.radiopiu.net\/wordpress\/wp-json\/wp\/v2\/comments?post=395315"}],"version-history":[{"count":0,"href":"https:\/\/www.radiopiu.net\/wordpress\/wp-json\/wp\/v2\/posts\/395315\/revisions"}],"wp:featuredmedia":[{"embeddable":true,"href":"https:\/\/www.radiopiu.net\/wordpress\/wp-json\/wp\/v2\/media\/352325"}],"wp:attachment":[{"href":"https:\/\/www.radiopiu.net\/wordpress\/wp-json\/wp\/v2\/media?parent=395315"}],"wp:term":[{"taxonomy":"category","embeddable":true,"href":"https:\/\/www.radiopiu.net\/wordpress\/wp-json\/wp\/v2\/categories?post=395315"},{"taxonomy":"post_tag","embeddable":true,"href":"https:\/\/www.radiopiu.net\/wordpress\/wp-json\/wp\/v2\/tags?post=395315"}],"curies":[{"name":"wp","href":"https:\/\/api.w.org\/{rel}","templated":true}]}}