{"id":395416,"date":"2024-06-19T10:35:40","date_gmt":"2024-06-19T08:35:40","guid":{"rendered":"https:\/\/www.radiopiu.net\/wordpress\/?p=395416"},"modified":"2024-06-19T10:35:40","modified_gmt":"2024-06-19T08:35:40","slug":"sabato-la-giornata-del-dolomites-bike-day","status":"publish","type":"post","link":"https:\/\/www.radiopiu.net\/wordpress\/sabato-la-giornata-del-dolomites-bike-day\/","title":{"rendered":"SABATO LA GIORNATA DEL DOLOMITES BIKE DAY"},"content":{"rendered":"<p>******<\/p>\n<p>&nbsp;<\/p>\n<p><strong>ARABBA <\/strong>Dolomites Bike Day 2024 si terr\u00e0 questo sabato, 22 giugno. L&#8217;evento promette una giornata indimenticabile per il popolo delle biciclette, che potr\u00e0 pedalare attraverso i paesaggi spettacolari delle Dolomiti UNESCO, patrimonio mondiale. L&#8217;evento ciclistico si terr\u00e0 sabato 22 giugno 2024, giunto alla sua 7\u00aa edizione. Le strade attorno al Col di Lana, inclusi i Passi Campolongo, Falzarego e Valparola, saranno riservate ai ciclisti dalle 8:30 alle 14:30. Il percorso \u00e8 lungo 51 km con un dislivello di 1.370 metri. Il Dolomites Bike Day non \u00e8 una competizione, ma un evento non competitivo aperto a tutti, dagli appassionati della bicicletta, dai pi\u00f9 giovani ai meno giovani. Per l&#8217;intera durata della manifestazione, le strade del percorso saranno chiuse al traffico motorizzato, permettendo ai partecipanti di pedalare o camminare in sicurezza e tranquillit\u00e0 e rumori, godendo dei panorami mozzafiato delle Dolomiti Iscrizione e Partecipazione: La partecipazione al Sellaronda Bike Day \u00e8 gratuita e non richiede iscrizione preventiva. I partecipanti possono partire liberamente da dove vogliono. Sostenibilit\u00e0 e Ambiente: Il Dolomites Bike Day, in linea con i valori di sostenibilit\u00e0 delle Dolomiti, incoraggia pratiche ecologiche. Si invitano infatti tutti i partecipanti a contribuire alla pulizia e al rispetto dell&#8217;ambiente naturale, evitando l&#8217;uso di plastica monouso. Per Maggiori Informazioni: Per ulteriori dettagli sull&#8217;evento, \u00e8 possibile visitare il sito ufficiale <a target=\"_new\" rel=\"noreferrer noopener\">www.dolomitesbikeday.it<\/a>. Dolomites Bike Day per una giornata all&#8217;aria aperta all&#8217;insegna della natura.<\/p>\n\n\t\t\t<style type='text\/css'>\n\t\t\t\t#gallery-1 {\n\t\t\t\t\tmargin: auto;\n\t\t\t\t}\n\t\t\t\t#gallery-1 .gallery-item {\n\t\t\t\t\tfloat: left;\n\t\t\t\t\tmargin-top: 10px;\n\t\t\t\t\ttext-align: center;\n\t\t\t\t\twidth: 33%;\n\t\t\t\t}\n\t\t\t\t#gallery-1 img {\n\t\t\t\t\tborder: 2px solid #cfcfcf;\n\t\t\t\t}\n\t\t\t\t#gallery-1 .gallery-caption {\n\t\t\t\t\tmargin-left: 0;\n\t\t\t\t}\n\t\t\t\t\/* see gallery_shortcode() in wp-includes\/media.php *\/\n\t\t\t<\/style>\n\t\t<div id='gallery-1' class='dt-gallery-container gallery galleryid-395416 gallery-columns-3 gallery-size-thumbnail'><dl class='gallery-item'>\n\t\t\t\t<dt class='gallery-icon portrait'>\n\t\t\t\t\t<a class=\"rollover rollover-zoom dt-pswp-item\" title=\"Percorso-Dolomites-Bike-Day\" data-dt-img-description=\"\" data-large_image_width=\"1023\" data-large_image_height=\"1037\"href='https:\/\/www.radiopiu.net\/wordpress\/wp-content\/uploads\/2024\/06\/Percorso-Dolomites-Bike-Day.jpg'><img loading=\"lazy\" decoding=\"async\" width=\"150\" height=\"150\" src=\"https:\/\/www.radiopiu.net\/wordpress\/wp-content\/uploads\/2024\/06\/Percorso-Dolomites-Bike-Day-150x150.jpg\" class=\"attachment-thumbnail size-thumbnail\" alt=\"\" \/><\/a>\n\t\t\t\t<\/dt><\/dl><dl class='gallery-item'>\n\t\t\t\t<dt class='gallery-icon landscape'>\n\t\t\t\t\t<a class=\"rollover rollover-zoom dt-pswp-item\" title=\"\u00a9MattiaDavare-DolomitesBikeDay_2023-28\" data-dt-img-description=\"\" data-large_image_width=\"2000\" data-large_image_height=\"1333\"href='https:\/\/www.radiopiu.net\/wordpress\/wp-content\/uploads\/2024\/06\/\u00a9MattiaDavare-DolomitesBikeDay_2023-28.jpg'><img loading=\"lazy\" decoding=\"async\" width=\"150\" height=\"150\" src=\"https:\/\/www.radiopiu.net\/wordpress\/wp-content\/uploads\/2024\/06\/\u00a9MattiaDavare-DolomitesBikeDay_2023-28-150x150.jpg\" class=\"attachment-thumbnail size-thumbnail\" alt=\"\" \/><\/a>\n\t\t\t\t<\/dt><\/dl><dl class='gallery-item'>\n\t\t\t\t<dt class='gallery-icon landscape'>\n\t\t\t\t\t<a class=\"rollover rollover-zoom dt-pswp-item\" title=\"57_5R3A0921_DolomitesBikeDay_ManuelGlira\" data-dt-img-description=\"\" data-large_image_width=\"2560\" data-large_image_height=\"1708\"href='https:\/\/www.radiopiu.net\/wordpress\/wp-content\/uploads\/2024\/06\/57_5R3A0921_DolomitesBikeDay_ManuelGlira-scaled.jpg'><img loading=\"lazy\" decoding=\"async\" width=\"150\" height=\"150\" src=\"https:\/\/www.radiopiu.net\/wordpress\/wp-content\/uploads\/2024\/06\/57_5R3A0921_DolomitesBikeDay_ManuelGlira-150x150.jpg\" class=\"attachment-thumbnail size-thumbnail\" alt=\"\" \/><\/a>\n\t\t\t\t<\/dt><\/dl><br style=\"clear: both\" \/>\n\t\t\t<\/div>\n\n<p>&nbsp;<\/p>\n<p>&nbsp;<\/p>\n<p>********<\/p>\n","protected":false},"excerpt":{"rendered":"<p>****** &nbsp; ARABBA Dolomites Bike Day 2024 si terr\u00e0 questo sabato, 22 giugno. L&#8217;evento promette una giornata indimenticabile per il popolo delle biciclette, che potr\u00e0 pedalare attraverso i paesaggi spettacolari delle Dolomiti UNESCO, patrimonio mondiale. L&#8217;evento ciclistico si terr\u00e0 sabato 22 giugno 2024, giunto alla sua 7\u00aa edizione. Le strade attorno al Col di Lana,&hellip;<\/p>\n","protected":false},"author":4,"featured_media":395419,"comment_status":"closed","ping_status":"closed","sticky":false,"template":"","format":"standard","meta":{"_monsterinsights_skip_tracking":false,"_monsterinsights_sitenote_active":false,"_monsterinsights_sitenote_note":"","_monsterinsights_sitenote_category":0,"footnotes":""},"categories":[49],"tags":[],"class_list":["post-395416","post","type-post","status-publish","format-standard","has-post-thumbnail","hentry","category-news-18","category-49","description-off"],"img_url":"https:\/\/www.radiopiu.net\/wordpress\/wp-content\/uploads\/2024\/06\/57_5R3A0921_DolomitesBikeDay_ManuelGlira-scaled.jpg","_links":{"self":[{"href":"https:\/\/www.radiopiu.net\/wordpress\/wp-json\/wp\/v2\/posts\/395416","targetHints":{"allow":["GET"]}}],"collection":[{"href":"https:\/\/www.radiopiu.net\/wordpress\/wp-json\/wp\/v2\/posts"}],"about":[{"href":"https:\/\/www.radiopiu.net\/wordpress\/wp-json\/wp\/v2\/types\/post"}],"author":[{"embeddable":true,"href":"https:\/\/www.radiopiu.net\/wordpress\/wp-json\/wp\/v2\/users\/4"}],"replies":[{"embeddable":true,"href":"https:\/\/www.radiopiu.net\/wordpress\/wp-json\/wp\/v2\/comments?post=395416"}],"version-history":[{"count":0,"href":"https:\/\/www.radiopiu.net\/wordpress\/wp-json\/wp\/v2\/posts\/395416\/revisions"}],"wp:featuredmedia":[{"embeddable":true,"href":"https:\/\/www.radiopiu.net\/wordpress\/wp-json\/wp\/v2\/media\/395419"}],"wp:attachment":[{"href":"https:\/\/www.radiopiu.net\/wordpress\/wp-json\/wp\/v2\/media?parent=395416"}],"wp:term":[{"taxonomy":"category","embeddable":true,"href":"https:\/\/www.radiopiu.net\/wordpress\/wp-json\/wp\/v2\/categories?post=395416"},{"taxonomy":"post_tag","embeddable":true,"href":"https:\/\/www.radiopiu.net\/wordpress\/wp-json\/wp\/v2\/tags?post=395416"}],"curies":[{"name":"wp","href":"https:\/\/api.w.org\/{rel}","templated":true}]}}