{"id":395460,"date":"2024-06-19T14:07:57","date_gmt":"2024-06-19T12:07:57","guid":{"rendered":"https:\/\/www.radiopiu.net\/wordpress\/?p=395460"},"modified":"2024-06-20T07:12:07","modified_gmt":"2024-06-20T05:12:07","slug":"controlli-stradali-a-belluno-una-patente-ritirata-e-due-veicoli-fermati","status":"publish","type":"post","link":"https:\/\/www.radiopiu.net\/wordpress\/controlli-stradali-a-belluno-una-patente-ritirata-e-due-veicoli-fermati\/","title":{"rendered":"Controlli Stradali a Belluno: Una Patente Ritirata e Due Veicoli Fermati"},"content":{"rendered":"<p>***<\/p>\n<blockquote>\n<p class=\"western\" lang=\"it-IT\" align=\"justify\"><em>\u201c<\/em><span style=\"font-family: Arial, serif;\"><span style=\"font-size: large;\"><em>La nostra Polizia Locale ha preso parte, con cinque agenti e un ufficiale, all\u2019iniziativa voluta e organizzata dalla Polizia Stradale per favorire la sicurezza e la prevenzione degli incidenti \u2013 commenta il Sindaco, Oscar De Pellegrin -. Non \u00e8 solo la velocit\u00e0 il problema, va monitorato e vanno fatte campagne ad hoc per sensibilizzare sulla pericolosit\u00e0 dell\u2019uso di alcol, di sostanze stupefacenti e psicotrope. Ripeteremo attivit\u00e0 di controllo come queste anche in futuro\u201d.<\/em> <\/span><\/span><\/p>\n<\/blockquote>\n<p><img loading=\"lazy\" decoding=\"async\" class=\"alignleft\" src=\"https:\/\/www.radiopiu.net\/wordpress\/wp-content\/uploads\/2019\/12\/Controllo-congiunto-Polizia-Locale-e-Stradale-Valle-29-29-12-2019-2.jpeg\" width=\"300\" height=\"199\" \/><strong>BELLUNO<\/strong> Una patente ritirata per guida in stato di ebbrezza e due veicoli fermati perch\u00e9 circolanti senza la revisione. Sono i numeri dell\u2019attivit\u00e0 che si \u00e8 svolta lo scorso fine settimana, quando la viabilit\u00e0 ordinaria e quella delle zone pi\u00f9 coinvolte dalla movida notturna bellunese sono state interessate da un posto di controllo finalizzato al contrasto della guida in stato di ebbrezza e di alterazione conseguente all\u2019assunzione di sostanze stupefacenti e psicotrope con la presenza di personale della Sezione Polizia Stradale di Belluno in collaborazione con la Polizia Locale di Belluno. Quattro le pattuglie della stradale e tre quelle della locale impegnate fino a tarda notte, nella giornata di sabato scorso, lungo le strade principali del territorio.<em> \u201cIniziative importanti che servono a sensibilizzare gli utenti della strada a guidare in sicurezza \u2013 commenta il comandante della polizia locale, Antonio Codemo -. Nonostante il personale non sia a pieno organico, ci stiamo impegnando a garantire anche dei controlli serali mirati, lungo le strade e in occasione di eventi. Ringrazio la Polizia di Stato per l\u2019attivit\u00e0 svolta insieme e per la collaborazione che sempre c\u2019\u00e8\u201d.<\/em><\/p>\n<p>Nella notte di sabato 15 giugno sono stati controllati\u00a0 29 veicoli e 29 conducenti, e tre persone sono state denunciate in stato di libert\u00e0 all\u2019AG rispettivamente, una per guida in stato di ebbrezza e due per guida in stato di alterazione conseguente all\u2019assunzione di sostanze stupefacenti per positivit\u00e0 ai cannabinoidi e alla cocaina, con un veicolo sottoposto a sequestro ai fini della confisca. Quindi una carta di circolazione e tre patenti ritirate e altre violazioni amministrative al codice della strada sono state contestate. <em>\u201cQuesti fenomeni- dichiara il Dirigente della Sezione Polizia Stradale di Belluno- Vice Questore Dottssa Luciana GIORGI- non sono da sottovalutare in quanto rappresentano le maggiori cause di incidentalit\u00e0 stradale\u201d.<\/em><\/p>\n<p>:::::<\/p>\n<p>&nbsp;<\/p>\n<p>&nbsp;<\/p>\n<p>&nbsp;<\/p>\n","protected":false},"excerpt":{"rendered":"<p>*** \u201cLa nostra Polizia Locale ha preso parte, con cinque agenti e un ufficiale, all\u2019iniziativa voluta e organizzata dalla Polizia Stradale per favorire la sicurezza e la prevenzione degli incidenti \u2013 commenta il Sindaco, Oscar De Pellegrin -. Non \u00e8 solo la velocit\u00e0 il problema, va monitorato e vanno fatte campagne ad hoc per sensibilizzare&hellip;<\/p>\n","protected":false},"author":4,"featured_media":111462,"comment_status":"closed","ping_status":"closed","sticky":false,"template":"","format":"standard","meta":{"_monsterinsights_skip_tracking":false,"_monsterinsights_sitenote_active":false,"_monsterinsights_sitenote_note":"","_monsterinsights_sitenote_category":0,"footnotes":""},"categories":[51,49],"tags":[],"class_list":["post-395460","post","type-post","status-publish","format-standard","has-post-thumbnail","hentry","category-evidenza-top","category-news-18","category-51","category-49","description-off"],"img_url":"https:\/\/www.radiopiu.net\/wordpress\/wp-content\/uploads\/2019\/12\/Controllo-congiunto-Polizia-Locale-e-Stradale-Valle-29-29-12-2019-2.jpeg","_links":{"self":[{"href":"https:\/\/www.radiopiu.net\/wordpress\/wp-json\/wp\/v2\/posts\/395460","targetHints":{"allow":["GET"]}}],"collection":[{"href":"https:\/\/www.radiopiu.net\/wordpress\/wp-json\/wp\/v2\/posts"}],"about":[{"href":"https:\/\/www.radiopiu.net\/wordpress\/wp-json\/wp\/v2\/types\/post"}],"author":[{"embeddable":true,"href":"https:\/\/www.radiopiu.net\/wordpress\/wp-json\/wp\/v2\/users\/4"}],"replies":[{"embeddable":true,"href":"https:\/\/www.radiopiu.net\/wordpress\/wp-json\/wp\/v2\/comments?post=395460"}],"version-history":[{"count":0,"href":"https:\/\/www.radiopiu.net\/wordpress\/wp-json\/wp\/v2\/posts\/395460\/revisions"}],"wp:featuredmedia":[{"embeddable":true,"href":"https:\/\/www.radiopiu.net\/wordpress\/wp-json\/wp\/v2\/media\/111462"}],"wp:attachment":[{"href":"https:\/\/www.radiopiu.net\/wordpress\/wp-json\/wp\/v2\/media?parent=395460"}],"wp:term":[{"taxonomy":"category","embeddable":true,"href":"https:\/\/www.radiopiu.net\/wordpress\/wp-json\/wp\/v2\/categories?post=395460"},{"taxonomy":"post_tag","embeddable":true,"href":"https:\/\/www.radiopiu.net\/wordpress\/wp-json\/wp\/v2\/tags?post=395460"}],"curies":[{"name":"wp","href":"https:\/\/api.w.org\/{rel}","templated":true}]}}