{"id":395506,"date":"2024-06-19T17:23:16","date_gmt":"2024-06-19T15:23:16","guid":{"rendered":"https:\/\/www.radiopiu.net\/wordpress\/?p=395506"},"modified":"2024-06-20T07:11:08","modified_gmt":"2024-06-20T05:11:08","slug":"conto-alla-rovescia-per-la-mostra-dellartigianato-di-feltre-2024","status":"publish","type":"post","link":"https:\/\/www.radiopiu.net\/wordpress\/conto-alla-rovescia-per-la-mostra-dellartigianato-di-feltre-2024\/","title":{"rendered":"Conto alla Rovescia per la Mostra dell&#8217;Artigianato di Feltre 2024"},"content":{"rendered":"<p>***<\/p>\n<p><strong><a class=\"dt-pswp-item\" href=\"https:\/\/www.radiopiu.net\/wordpress\/wp-content\/uploads\/2024\/06\/e6d0ecd6-9001-4681-9730-b88d9994f175.jpg\" data-dt-img-description=\"\" data-large_image_width=\"1600\" data-large_image_height=\"1200\"><img loading=\"lazy\" decoding=\"async\" class=\" wp-image-395508 alignleft\" src=\"https:\/\/www.radiopiu.net\/wordpress\/wp-content\/uploads\/2024\/06\/e6d0ecd6-9001-4681-9730-b88d9994f175-300x225.jpg\" alt=\"\" width=\"203\" height=\"152\" srcset=\"https:\/\/www.radiopiu.net\/wordpress\/wp-content\/uploads\/2024\/06\/e6d0ecd6-9001-4681-9730-b88d9994f175-300x225.jpg 300w, https:\/\/www.radiopiu.net\/wordpress\/wp-content\/uploads\/2024\/06\/e6d0ecd6-9001-4681-9730-b88d9994f175-1024x768.jpg 1024w, https:\/\/www.radiopiu.net\/wordpress\/wp-content\/uploads\/2024\/06\/e6d0ecd6-9001-4681-9730-b88d9994f175-768x576.jpg 768w, https:\/\/www.radiopiu.net\/wordpress\/wp-content\/uploads\/2024\/06\/e6d0ecd6-9001-4681-9730-b88d9994f175-1536x1152.jpg 1536w, https:\/\/www.radiopiu.net\/wordpress\/wp-content\/uploads\/2024\/06\/e6d0ecd6-9001-4681-9730-b88d9994f175.jpg 1600w\" sizes=\"auto, (max-width: 203px) 100vw, 203px\" \/><\/a>FELTRE<\/strong><\/p>\n<div class=\"flex flex-grow flex-col max-w-full\">\n<div class=\"min-h-[20px] text-message flex flex-col items-start whitespace-pre-wrap break-words [.text-message+&amp;]:mt-5 juice:w-full juice:items-end overflow-x-auto gap-2\" dir=\"auto\" data-message-author-role=\"assistant\" data-message-id=\"58965dae-d852-4cad-ba64-2fb970a57236\">\n<div class=\"flex w-full flex-col gap-1 juice:empty:hidden juice:first:pt-[3px]\">\n<div class=\"markdown prose w-full break-words dark:prose-invert dark\">\n<p>Dal 27 al 30 giugno, Feltre ospiter\u00e0 la 38esima edizione della Mostra dell&#8217;Artigianato Artistico e Tradizionale, dedicata a Marco Polo nel 700\u00b0 anniversario della sua morte. Le vie del centro storico, da Porta Imperiale al castello, faranno da cornice all&#8217;evento.<\/p>\n<\/div>\n<p><strong>di DANIELE DALVIT<\/strong><\/p>\n<\/div>\n<\/div>\n<\/div>\n<audio class=\"wp-audio-shortcode\" id=\"audio-395506-1\" preload=\"none\" style=\"width: 100%;\" controls=\"controls\"><source type=\"audio\/mpeg\" src=\"https:\/\/www.radiopiu.net\/wordpress\/wp-content\/uploads\/2024\/06\/Servizio-Mostra-artigianato-2024.mp3?_=1\" \/><a href=\"https:\/\/www.radiopiu.net\/wordpress\/wp-content\/uploads\/2024\/06\/Servizio-Mostra-artigianato-2024.mp3\">https:\/\/www.radiopiu.net\/wordpress\/wp-content\/uploads\/2024\/06\/Servizio-Mostra-artigianato-2024.mp3<\/a><\/audio>\n<p>&nbsp;<\/p>\n<div class=\"flex flex-grow flex-col max-w-full\">\n<div class=\"min-h-[20px] text-message flex flex-col items-start whitespace-pre-wrap break-words [.text-message+&amp;]:mt-5 juice:w-full juice:items-end overflow-x-auto gap-2\" dir=\"auto\" data-message-author-role=\"assistant\" data-message-id=\"58965dae-d852-4cad-ba64-2fb970a57236\">\n<div class=\"flex w-full flex-col gap-1 juice:empty:hidden juice:first:pt-[3px]\">\n<blockquote>\n<h2>CILP e MOSTRA DELL&#8217;ARTIGIANATO<\/h2>\n<\/blockquote>\n<p><strong>FELTRE<\/strong>\u00a0 La prossima settimana la Citt\u00e0 di Feltre ospiter\u00e0 la Mostra dell&#8217;Artigianato e il CILP sar\u00e0 presente con il suo gruppo di lettori presso la Chiesa di San Giovanni Nepomuceno in via Paradiso. I Libri Parlanti vi intratterranno con letture nei seguenti orari: \u00a0Venerd\u00ec 28 dalle 16.00 alle 18.00 \u00a0Sabato 29 dalle 10.00 alle 12.00 e dalle 16.00 alle 18.00<br \/>\nDomenica 30 dalle 10.00 alle 12.00 Sar\u00e0 allestita anche una mostra fotografica con la storia dei 40 anni del CILP<br \/>\n<a class=\"dt-pswp-item\" href=\"https:\/\/www.radiopiu.net\/wordpress\/wp-content\/uploads\/2024\/06\/fd2eb428-268e-4255-8a1c-ec356dbcd979.jpg\" data-dt-img-description=\"\" data-large_image_width=\"1080\" data-large_image_height=\"1080\"><img loading=\"lazy\" decoding=\"async\" class=\"size-medium wp-image-395484 aligncenter\" src=\"https:\/\/www.radiopiu.net\/wordpress\/wp-content\/uploads\/2024\/06\/fd2eb428-268e-4255-8a1c-ec356dbcd979-300x300.jpg\" alt=\"\" width=\"300\" height=\"300\" srcset=\"https:\/\/www.radiopiu.net\/wordpress\/wp-content\/uploads\/2024\/06\/fd2eb428-268e-4255-8a1c-ec356dbcd979-300x300.jpg 300w, https:\/\/www.radiopiu.net\/wordpress\/wp-content\/uploads\/2024\/06\/fd2eb428-268e-4255-8a1c-ec356dbcd979-1024x1024.jpg 1024w, https:\/\/www.radiopiu.net\/wordpress\/wp-content\/uploads\/2024\/06\/fd2eb428-268e-4255-8a1c-ec356dbcd979-150x150.jpg 150w, https:\/\/www.radiopiu.net\/wordpress\/wp-content\/uploads\/2024\/06\/fd2eb428-268e-4255-8a1c-ec356dbcd979-768x768.jpg 768w, https:\/\/www.radiopiu.net\/wordpress\/wp-content\/uploads\/2024\/06\/fd2eb428-268e-4255-8a1c-ec356dbcd979.jpg 1080w\" sizes=\"auto, (max-width: 300px) 100vw, 300px\" \/><\/a><\/p>\n<\/div>\n<hr \/>\n<\/div>\n<\/div>\n<p>&nbsp;<\/p>\n","protected":false},"excerpt":{"rendered":"<p>*** FELTRE Dal 27 al 30 giugno, Feltre ospiter\u00e0 la 38esima edizione della Mostra dell&#8217;Artigianato Artistico e Tradizionale, dedicata a Marco Polo nel 700\u00b0 anniversario della sua morte. Le vie del centro storico, da Porta Imperiale al castello, faranno da cornice all&#8217;evento. di DANIELE DALVIT &nbsp; CILP e MOSTRA DELL&#8217;ARTIGIANATO FELTRE\u00a0 La prossima settimana la&hellip;<\/p>\n","protected":false},"author":4,"featured_media":395508,"comment_status":"closed","ping_status":"closed","sticky":false,"template":"","format":"standard","meta":{"_monsterinsights_skip_tracking":false,"_monsterinsights_sitenote_active":false,"_monsterinsights_sitenote_note":"","_monsterinsights_sitenote_category":0,"footnotes":""},"categories":[51,49],"tags":[],"class_list":["post-395506","post","type-post","status-publish","format-standard","has-post-thumbnail","hentry","category-evidenza-top","category-news-18","category-51","category-49","description-off"],"img_url":"https:\/\/www.radiopiu.net\/wordpress\/wp-content\/uploads\/2024\/06\/e6d0ecd6-9001-4681-9730-b88d9994f175.jpg","_links":{"self":[{"href":"https:\/\/www.radiopiu.net\/wordpress\/wp-json\/wp\/v2\/posts\/395506","targetHints":{"allow":["GET"]}}],"collection":[{"href":"https:\/\/www.radiopiu.net\/wordpress\/wp-json\/wp\/v2\/posts"}],"about":[{"href":"https:\/\/www.radiopiu.net\/wordpress\/wp-json\/wp\/v2\/types\/post"}],"author":[{"embeddable":true,"href":"https:\/\/www.radiopiu.net\/wordpress\/wp-json\/wp\/v2\/users\/4"}],"replies":[{"embeddable":true,"href":"https:\/\/www.radiopiu.net\/wordpress\/wp-json\/wp\/v2\/comments?post=395506"}],"version-history":[{"count":0,"href":"https:\/\/www.radiopiu.net\/wordpress\/wp-json\/wp\/v2\/posts\/395506\/revisions"}],"wp:featuredmedia":[{"embeddable":true,"href":"https:\/\/www.radiopiu.net\/wordpress\/wp-json\/wp\/v2\/media\/395508"}],"wp:attachment":[{"href":"https:\/\/www.radiopiu.net\/wordpress\/wp-json\/wp\/v2\/media?parent=395506"}],"wp:term":[{"taxonomy":"category","embeddable":true,"href":"https:\/\/www.radiopiu.net\/wordpress\/wp-json\/wp\/v2\/categories?post=395506"},{"taxonomy":"post_tag","embeddable":true,"href":"https:\/\/www.radiopiu.net\/wordpress\/wp-json\/wp\/v2\/tags?post=395506"}],"curies":[{"name":"wp","href":"https:\/\/api.w.org\/{rel}","templated":true}]}}