{"id":395523,"date":"2024-06-21T05:44:28","date_gmt":"2024-06-21T03:44:28","guid":{"rendered":"https:\/\/www.radiopiu.net\/wordpress\/?p=395523"},"modified":"2024-06-21T08:33:23","modified_gmt":"2024-06-21T06:33:23","slug":"giornale-radiopiu-21-giugno-2024-direttore-mirko-mezzacasada-40-anni-25-giugno-1983-25-giugno-2023","status":"publish","type":"post","link":"https:\/\/www.radiopiu.net\/wordpress\/giornale-radiopiu-21-giugno-2024-direttore-mirko-mezzacasada-40-anni-25-giugno-1983-25-giugno-2023\/","title":{"rendered":"GIORNALE RADIOPIU 21 GIUGNO 2024 DIRETTORE MIRKO MEZZACASA\u2026DA 40 ANNI 25 GIUGNO 1983-25 GIUGNO 2023"},"content":{"rendered":"<p>*******<\/p>\n<p>&nbsp;<\/p>\n<p>&nbsp;<\/p>\n<p>ultim&#8217;ora, 08.00<\/p>\n<p><span style=\"color: #ff0000;\">DIFFICOLTA&#8217; DI RICEZIONE SEGNALI RETI MOBILI, il sindaco chiama il Prefetto!<\/span><\/p>\n<p><strong>ALLEGHE<\/strong> Gli utenti di Caprile hanno segnalato al Sindaco problemi di ricezione del segnale di telefonia mobile, internet compreso. Le compagnie interpellate riferiscono che non ci sono problemi.<br \/>\n<strong><em>Il Sindaco ha chiesto l&#8217;intervento del Prefetto<\/em><\/strong><\/p>\n<p>&nbsp;<\/p>\n<p>&nbsp;<\/p>\n<p>&nbsp;<\/p>\n<h2 style=\"text-align: center;\"><span style=\"color: #ff0000;\">DOMANI CHIUSURA DELLE STRADE PER LA DOLOMITES BIKE DAYS<\/span><\/h2>\n<p><a class=\"dt-pswp-item\" href=\"https:\/\/www.radiopiu.net\/wordpress\/wp-content\/uploads\/2024\/06\/52ea6d13-a5cd-4c63-9235-9f7e9860d071.jpg\" data-dt-img-description=\"\" data-large_image_width=\"1200\" data-large_image_height=\"1600\"><img loading=\"lazy\" decoding=\"async\" class=\" wp-image-395442 aligncenter\" src=\"https:\/\/www.radiopiu.net\/wordpress\/wp-content\/uploads\/2024\/06\/52ea6d13-a5cd-4c63-9235-9f7e9860d071-225x300.jpg\" alt=\"\" width=\"312\" height=\"416\" srcset=\"https:\/\/www.radiopiu.net\/wordpress\/wp-content\/uploads\/2024\/06\/52ea6d13-a5cd-4c63-9235-9f7e9860d071-225x300.jpg 225w, https:\/\/www.radiopiu.net\/wordpress\/wp-content\/uploads\/2024\/06\/52ea6d13-a5cd-4c63-9235-9f7e9860d071-768x1024.jpg 768w, https:\/\/www.radiopiu.net\/wordpress\/wp-content\/uploads\/2024\/06\/52ea6d13-a5cd-4c63-9235-9f7e9860d071-1152x1536.jpg 1152w, https:\/\/www.radiopiu.net\/wordpress\/wp-content\/uploads\/2024\/06\/52ea6d13-a5cd-4c63-9235-9f7e9860d071.jpg 1200w\" sizes=\"auto, (max-width: 312px) 100vw, 312px\" \/><\/a><\/p>\n<p>&nbsp;<\/p>\n<p>&nbsp;<\/p>\n<hr \/>\n<p>&nbsp;<\/p>\n<p>&nbsp;<\/p>\n<p><em><a href=\"https:\/\/www.radiopiu.net\/wordpress\/giornale-radiopiu-24-gennaio-2021-direttore-mirko-mezzacasa\/79216601_126817312416448_708980208774483089_n\/\" rel=\"attachment wp-att-186567\"><img loading=\"lazy\" decoding=\"async\" class=\"size-medium wp-image-186567 alignright\" src=\"https:\/\/www.radiopiu.net\/wordpress\/wp-content\/uploads\/2021\/01\/79216601_126817312416448_708980208774483089_n-300x114.jpg\" alt=\"\" width=\"300\" height=\"114\" srcset=\"https:\/\/www.radiopiu.net\/wordpress\/wp-content\/uploads\/2021\/01\/79216601_126817312416448_708980208774483089_n-300x114.jpg 300w, https:\/\/www.radiopiu.net\/wordpress\/wp-content\/uploads\/2021\/01\/79216601_126817312416448_708980208774483089_n-768x292.jpg 768w, https:\/\/www.radiopiu.net\/wordpress\/wp-content\/uploads\/2021\/01\/79216601_126817312416448_708980208774483089_n.jpg 820w\" sizes=\"auto, (max-width: 300px) 100vw, 300px\" \/><\/a><span style=\"color: #ff0000;\">ATTENZIONE: LA NUOVA APP PER IOS-IPHONE di Nicola Vettorello <\/span><\/em><a href=\"https:\/\/apps.apple.com\/it\/app\/radio-pi%C3%B9-emittente-agordina\/id1515939845\">https:\/\/apps.apple.com\/it\/app\/radio-pi%C3%B9-emittente-agordina\/id1515939845<\/a><\/p>\n<p><em style=\"color: #ff0000;\">ATTENZIONE: LA NUOVA APP RADIO\u00a0 PER ANDROID di Nicola Vettorello<\/em><\/p>\n<p><a href=\"https:\/\/play.google.com\/store\/apps\/details?id=net.radiopiu.iniko\" target=\"_blank\" rel=\"noopener noreferrer\">https:\/\/play.google.com\/store\/apps\/details?id=net.radiopiu.iniko\u00a0\u00a0\u00a0<\/a><\/p>\n<p>&nbsp;<\/p>\n<p>&nbsp;<\/p>\n<hr \/>\n<p>&nbsp;<\/p>\n<h2><a class=\"dt-pswp-item\" href=\"https:\/\/www.radiopiu.net\/wordpress\/wp-content\/uploads\/2023\/05\/palafalcade.png\" data-dt-img-description=\"\" data-large_image_width=\"1200\" data-large_image_height=\"604\"><img loading=\"lazy\" decoding=\"async\" class=\" wp-image-338428 alignleft\" src=\"https:\/\/www.radiopiu.net\/wordpress\/wp-content\/uploads\/2023\/05\/palafalcade-300x151.png\" alt=\"\" width=\"207\" height=\"104\" srcset=\"https:\/\/www.radiopiu.net\/wordpress\/wp-content\/uploads\/2023\/05\/palafalcade-300x151.png 300w, https:\/\/www.radiopiu.net\/wordpress\/wp-content\/uploads\/2023\/05\/palafalcade-1024x515.png 1024w, https:\/\/www.radiopiu.net\/wordpress\/wp-content\/uploads\/2023\/05\/palafalcade-768x387.png 768w, https:\/\/www.radiopiu.net\/wordpress\/wp-content\/uploads\/2023\/05\/palafalcade.png 1200w\" sizes=\"auto, (max-width: 207px) 100vw, 207px\" \/><\/a><span style=\"color: #ff0000;\">ESAMI DI MATURITA&#8217;, la curiosit\u00e0 dal DE ROSSI di FALCADE\u00a0<\/span><\/h2>\n<p>Oggi gli allievi del corso enogastronomia faranno la prova pratica della seconda prova di esame di Stato, prova pratica prevista per i nuovi professionali e che torna\u00a0 dopo il blocco imposto dalla pandemia. Probabilmente \u00e8 l&#8217;unico istituto in Provincia dove questa prova \u00e8 prevista<\/p>\n<p>&nbsp;<\/p>\n<div data-block=\"true\" data-editor=\"avj4u\" data-offset-key=\"d3i0j-0-0\"><\/div>\n<div data-block=\"true\" data-editor=\"avj4u\" data-offset-key=\"d3i0j-0-0\">\n<hr \/>\n<p>&nbsp;<\/p>\n<\/div>\n<p>&nbsp;<\/p>\n<p><strong class=\"photoswipe-wrapper\"><span style=\"color: #ff0000;\"><a class=\"dt-pswp-item\" href=\"https:\/\/www.radiopiu.net\/wordpress\/wp-content\/uploads\/2024\/06\/448768205_471785145561631_7493187293950084205_n.jpg\" data-dt-img-description=\"\" data-large_image_width=\"306\" data-large_image_height=\"600\"><img loading=\"lazy\" decoding=\"async\" class=\"size-medium wp-image-395732 alignleft\" src=\"https:\/\/www.radiopiu.net\/wordpress\/wp-content\/uploads\/2024\/06\/448768205_471785145561631_7493187293950084205_n-153x300.jpg\" alt=\"\" width=\"153\" height=\"300\" srcset=\"https:\/\/www.radiopiu.net\/wordpress\/wp-content\/uploads\/2024\/06\/448768205_471785145561631_7493187293950084205_n-153x300.jpg 153w, https:\/\/www.radiopiu.net\/wordpress\/wp-content\/uploads\/2024\/06\/448768205_471785145561631_7493187293950084205_n.jpg 306w\" sizes=\"auto, (max-width: 153px) 100vw, 153px\" \/><\/a>OGGI ALLA RADIO<\/span><\/strong>:\u00a0<strong>ALLE 6.15 <\/strong>PIROLE DE LENGA, CON IL MUSLA\u00a0\u00a0<strong>ALLE 7.20<\/strong>\u00a0EL BAL DEL FIOR, DETTI E TRADIZIONI DI GIULIANA DA RONCH;\u00a0<strong>ALLE 8.20\u00a0<\/strong>PIU SIAMO CON MARINA<strong> 9.00<\/strong>\u00a0 premier novit\u00e0 alla radio con Marco Gaz <strong>9.15<\/strong> ottanta con Monica Fontanive\u00a0 \u00a0<strong>9.30\u00a0<\/strong>VIABILITA\u2019 Botol_Car\u00a0<strong>\u00a0<\/strong><b>\u00a010.10\u00a0<\/b> musla le nove in ladin, <span style=\"color: #0000ff;\"><strong><span style=\"color: #000000;\">10.30\u00a0 \u00a0 cassa solidariet\u00e0 aziendale lavoratori Luxottica con Diego Palmeri e Paolo Chissal\u00e8<\/span><\/strong><\/span>\u00a0<strong>11.10<\/strong>\u00a0C\u2019ERA UNA VOLTA FESTIVALBAR, DI MIRCO BENCIVENNI\u00a0<strong>12.00\u00a0<\/strong>VA TUTTO LISCIO\u00a0<strong>12.30\u00a0<\/strong>GIORNALE RADIO EDIZIONE PRINCIPALE <strong>13.10<\/strong>\u00a0 \u00a0SHARON DE MARCO PRESENTA L&#8217;EVENTO DI DOMANI, LA TERZA TAPPA DELLA CORRIPOI\u00a0 <strong>13.20<\/strong>\u00a0PRIMA VERA HIT\u00a0<strong>14.00\u00a0<\/strong>\u00a0 \u00a0di marco v dal farra lo speciale con i TIRATAIE il nuovo disco <strong>\u00a015.00\u00a0<\/strong> week end, alle tre Marina c&#8217;\u00e8 <strong>1<\/strong><strong>6.00\u00a0<\/strong>IL ROCK DI MARCO COSTANTINI\u00a0<strong>16.45\u00a0<\/strong>LE HIT DI MIRCO BENCIVENNI\u00a0 <strong>18.30<\/strong> musla le nove in ladin <strong>19\u00a0<\/strong>ANTICIPAZIONI DAL TG DI ANTENNA 3 DI\u00a0 STEFANO BOZZI<\/p>\n<blockquote><p><strong>rassegna stampa nazionale, ogni giorno alle 5 e alle 6 del mattino<\/strong><br \/>\n<em>giornali locali 7 rassegna stampa flash, 8 rassegna stampa, gr flash alle 10 e alle 11, principale 12.30. Informazione pomerIggio alle 15 (speciale) 16, 17, 18. Giornale radio nazionale: ogni ora dalle 5 del mattino, alle 20 della sera.\u00a0<\/em><\/p><\/blockquote>\n<div class=\"x11i5rnm xat24cr x1mh8g0r x1vvkbs xtlvy1s x126k92a\">\n<div dir=\"auto\">\n<p>&nbsp;<\/p>\n<p>&nbsp;<\/p>\n<p>&nbsp;<\/p>\n<p>&nbsp;<\/p>\n<hr \/>\n<p>&nbsp;<\/p>\n<p>&nbsp;<\/p>\n<div class=\"x11i5rnm xat24cr x1mh8g0r x1vvkbs xtlvy1s x126k92a\">\n<div dir=\"auto\">\n<p><strong><a class=\"dt-pswp-item\" href=\"https:\/\/www.radiopiu.net\/wordpress\/wp-content\/uploads\/2024\/02\/2d44e751-d8a8-461b-8e22-d8e4e853b032.jpg\" data-dt-img-description=\"\" data-large_image_width=\"1600\" data-large_image_height=\"1200\"><img loading=\"lazy\" decoding=\"async\" class=\"wp-image-373307 alignleft\" src=\"https:\/\/www.radiopiu.net\/wordpress\/wp-content\/uploads\/2024\/02\/2d44e751-d8a8-461b-8e22-d8e4e853b032-300x225.jpg\" alt=\"\" width=\"105\" height=\"79\" srcset=\"https:\/\/www.radiopiu.net\/wordpress\/wp-content\/uploads\/2024\/02\/2d44e751-d8a8-461b-8e22-d8e4e853b032-300x225.jpg 300w, https:\/\/www.radiopiu.net\/wordpress\/wp-content\/uploads\/2024\/02\/2d44e751-d8a8-461b-8e22-d8e4e853b032-1024x768.jpg 1024w, https:\/\/www.radiopiu.net\/wordpress\/wp-content\/uploads\/2024\/02\/2d44e751-d8a8-461b-8e22-d8e4e853b032-768x576.jpg 768w, https:\/\/www.radiopiu.net\/wordpress\/wp-content\/uploads\/2024\/02\/2d44e751-d8a8-461b-8e22-d8e4e853b032-1536x1152.jpg 1536w, https:\/\/www.radiopiu.net\/wordpress\/wp-content\/uploads\/2024\/02\/2d44e751-d8a8-461b-8e22-d8e4e853b032.jpg 1600w\" sizes=\"auto, (max-width: 105px) 100vw, 105px\" \/><\/a>EL BAL DEL FIOR, DI GIULIANA DA RONCH, 21<\/strong><strong>\u00a0GIUGNO 2024<\/strong><\/p>\n<audio class=\"wp-audio-shortcode\" id=\"audio-395523-1\" preload=\"none\" style=\"width: 100%;\" controls=\"controls\"><source type=\"audio\/mpeg\" src=\"https:\/\/www.radiopiu.net\/wordpress\/wp-content\/uploads\/2024\/06\/GVE-2.m4a?_=1\" \/><a href=\"https:\/\/www.radiopiu.net\/wordpress\/wp-content\/uploads\/2024\/06\/GVE-2.m4a\">https:\/\/www.radiopiu.net\/wordpress\/wp-content\/uploads\/2024\/06\/GVE-2.m4a<\/a><\/audio>\n<\/div>\n<\/div>\n<\/div>\n<p>&nbsp;<\/p>\n<div dir=\"auto\">\n<hr \/>\n<\/div>\n<\/div>\n<blockquote>\n<blockquote>\n<h1><span style=\"color: #ff0000;\">\u00a0<\/span><\/h1>\n<h1><span style=\"color: #ff0000;\">I podcast informativi del mattino &#8211; audio &#8211;\u00a0\u00a0<\/span><\/h1>\n<\/blockquote>\n<p><strong><a class=\"dt-pswp-item\" href=\"https:\/\/www.radiopiu.net\/wordpress\/wp-content\/uploads\/2023\/11\/th-10.jpg\" data-dt-img-description=\"\" data-large_image_width=\"320\" data-large_image_height=\"180\"><img loading=\"lazy\" decoding=\"async\" class=\"wp-image-362866 alignleft\" src=\"https:\/\/www.radiopiu.net\/wordpress\/wp-content\/uploads\/2023\/11\/th-10-300x169.jpg\" alt=\"\" width=\"185\" height=\"104\" srcset=\"https:\/\/www.radiopiu.net\/wordpress\/wp-content\/uploads\/2023\/11\/th-10-300x169.jpg 300w, https:\/\/www.radiopiu.net\/wordpress\/wp-content\/uploads\/2023\/11\/th-10.jpg 320w\" sizes=\"auto, (max-width: 185px) 100vw, 185px\" \/><\/a>LA RASSEGNA STAMPA NAZIONALE ALLA RADIO, OGNI GIORNO ALLE 5 E ALLE 6 DEL MATTINO <span style=\"color: #0000ff;\">viene pubblicata alle 6.00 <span style=\"color: #ff0000;\">DIRETTA RADIO\u00a0 \u00a0\u00a0<\/span><\/span><\/strong><\/p><\/blockquote>\n<p>&nbsp;<\/p>\n<p><strong>NOTIZIE DELLA NOTTE\u00a0<\/strong><\/p>\n<p><strong>Borsa<\/strong>: Hong Kong negativa, apre a -1,33%\u00a0 <strong>Giappone:<\/strong> l&#8217;inflazione sale al 2,5% in maggio\u00a0 <strong>Niger,<\/strong> stagione delle piogge: gi\u00e0 21 i morti e 26 i feriti\u00a0 I gemelli <strong>Winklevoss<\/strong> donano due milioni a Trump <strong>Nigeria:<\/strong> epidemia di colera in Lagos, almeno 21 i morti\u00a0 <strong>Gli Usa<\/strong> vietano il software antivirus russo Kaspersky<\/p>\n<h2>AUDIO dalle 6 del mattino<\/h2>\n<audio class=\"wp-audio-shortcode\" id=\"audio-395523-2\" preload=\"none\" style=\"width: 100%;\" controls=\"controls\"><source type=\"audio\/mpeg\" src=\"https:\/\/www.radiopiu.net\/wordpress\/wp-content\/uploads\/2024\/06\/GIORNALEDELLESEI-17.mp3?_=2\" \/><a href=\"https:\/\/www.radiopiu.net\/wordpress\/wp-content\/uploads\/2024\/06\/GIORNALEDELLESEI-17.mp3\">https:\/\/www.radiopiu.net\/wordpress\/wp-content\/uploads\/2024\/06\/GIORNALEDELLESEI-17.mp3<\/a><\/audio>\n<p>&nbsp;<\/p>\n<p>&nbsp;<\/p>\n<hr \/>\n<p>&nbsp;<\/p>\n<h1 style=\"text-align: center;\"><span style=\"color: #ff0000;\">I podcast informativi del mattino &#8211; audio &#8211;\u00a0<\/span><\/h1>\n<p><strong><a class=\"dt-pswp-item\" href=\"https:\/\/www.radiopiu.net\/wordpress\/wp-content\/uploads\/2023\/12\/images.png\" data-dt-img-description=\"\" data-large_image_width=\"316\" data-large_image_height=\"160\"><img loading=\"lazy\" decoding=\"async\" class=\"wp-image-367008 alignleft\" src=\"https:\/\/www.radiopiu.net\/wordpress\/wp-content\/uploads\/2023\/12\/images-300x152.png\" alt=\"\" width=\"235\" height=\"119\" srcset=\"https:\/\/www.radiopiu.net\/wordpress\/wp-content\/uploads\/2023\/12\/images-300x152.png 300w, https:\/\/www.radiopiu.net\/wordpress\/wp-content\/uploads\/2023\/12\/images.png 316w\" sizes=\"auto, (max-width: 235px) 100vw, 235px\" \/><\/a>OGNI GIORNO ALLE SETTE DEL MATTINO, LA RASSEGNA STAMPA LOCALE FLASH&#8230; PER CHI VA IN FRETTA. I TITOLI DAI GIORNALI E DAL SITO WWW.RADIOPIU.NET <span style=\"color: #0000ff;\">viene pubblicato alle 7.00<\/span> <span style=\"color: #ff0000;\">DIRETTA RADIO\u00a0<\/span><\/strong><\/p>\n<p><em><span style=\"color: #ff0000;\">per chi va in fretta&#8230; tante notizie in pochi minuti. L&#8217;informazione locale alla radio, ogni ora dalle 7 del mattino alle 19 della sera.\u00a0 \u00a0<\/span><\/em><\/p>\n<p>&nbsp;<\/p>\n<p><strong><a class=\"dt-pswp-item\" href=\"https:\/\/www.radiopiu.net\/wordpress\/wp-content\/uploads\/2024\/06\/448768908_471785172228295_7672927607725431609_n.jpg\" data-dt-img-description=\"\" data-large_image_width=\"417\" data-large_image_height=\"590\"><img loading=\"lazy\" decoding=\"async\" class=\"wp-image-395731 alignleft\" src=\"https:\/\/www.radiopiu.net\/wordpress\/wp-content\/uploads\/2024\/06\/448768908_471785172228295_7672927607725431609_n-212x300.jpg\" alt=\"\" width=\"137\" height=\"194\" srcset=\"https:\/\/www.radiopiu.net\/wordpress\/wp-content\/uploads\/2024\/06\/448768908_471785172228295_7672927607725431609_n-212x300.jpg 212w, https:\/\/www.radiopiu.net\/wordpress\/wp-content\/uploads\/2024\/06\/448768908_471785172228295_7672927607725431609_n.jpg 417w\" sizes=\"auto, (max-width: 137px) 100vw, 137px\" \/><\/a>LIMANA<\/strong> Carlo Cavalet, perito edile e storico direttore dell&#8217;Ater di Belluno, \u00e8 scomparso improvvisamente a 76 anni. Dopo una lunga carriera nella Zollet ingegneria e 20 anni alla guida dell&#8217;Ater, ha contribuito alla modernizzazione dell&#8217;ente. Ricordato per il suo impegno e le sue qualit\u00e0 umane, lascia la moglie, due figli e tre nipoti. I funerali si terranno domani alle 10.30\u00a0 a Limana.<br \/>\n<strong>BELLUNO<\/strong> Nella sede di Confcommercio Belluno-Dolomiti, si \u00e8 tenuta la prima riunione del Consiglio direttivo neo-eletto di Federalberghi Belluno Dolomiti, con la presenza dell&#8217;Assessore regionale al Turismo Federico Caner. Il presidente Walter De Cassan ha presentato i nuovi consiglieri e discusso varie tematiche importanti.<br \/>\n<strong>FELTRE<\/strong> E&#8217; stato attivato nei giorni scorsi nel piazzale di Pra&#8217; del Vescovo il secondo raccoglitore-compattatore per le bottiglie in plastica, presso il quale i cittadini potranno conferire i contenitori vuoti similmente a quanto gi\u00e0 avviene per quello posizionato nell&#8217;area antistante la scuola media \u201cRocca\u201d<br \/>\n<strong>LONGARONE<\/strong> Longarone Fiere sta pianificando un ampio restyling per affrontare sfide pregresse e nuove opportunit\u00e0. La riqualificazione, lungamente rimandata a causa del Covid e dell&#8217;aumento dei costi energetici legati al conflitto in Ucraina, sar\u00e0 discussa durante l&#8217;assemblea dei soci del 24 giugno.<\/p>\n<h1>AUDIO dalle 7 del mattino<\/h1>\n<audio class=\"wp-audio-shortcode\" id=\"audio-395523-3\" preload=\"none\" style=\"width: 100%;\" controls=\"controls\"><source type=\"audio\/mpeg\" src=\"https:\/\/www.radiopiu.net\/wordpress\/wp-content\/uploads\/2024\/06\/GF07-17.mp3?_=3\" \/><a href=\"https:\/\/www.radiopiu.net\/wordpress\/wp-content\/uploads\/2024\/06\/GF07-17.mp3\">https:\/\/www.radiopiu.net\/wordpress\/wp-content\/uploads\/2024\/06\/GF07-17.mp3<\/a><\/audio>\n<p>&nbsp;<\/p>\n<p>&nbsp;<\/p>\n<hr \/>\n<p>&nbsp;<\/p>\n<h1><\/h1>\n<h1 style=\"text-align: center;\"><span style=\"color: #ff0000;\"><a class=\"dt-pswp-item\" href=\"https:\/\/www.radiopiu.net\/wordpress\/wp-content\/uploads\/2022\/01\/026c3f9d-dae9-4040-a3c1-a6530231bcc3.jpg\" data-dt-img-description=\"\" data-large_image_width=\"1152\" data-large_image_height=\"2048\"><img loading=\"lazy\" decoding=\"async\" class=\"wp-image-251839 alignleft\" src=\"https:\/\/www.radiopiu.net\/wordpress\/wp-content\/uploads\/2022\/01\/026c3f9d-dae9-4040-a3c1-a6530231bcc3-169x300.jpg\" alt=\"\" width=\"100\" height=\"177\" srcset=\"https:\/\/www.radiopiu.net\/wordpress\/wp-content\/uploads\/2022\/01\/026c3f9d-dae9-4040-a3c1-a6530231bcc3-169x300.jpg 169w, https:\/\/www.radiopiu.net\/wordpress\/wp-content\/uploads\/2022\/01\/026c3f9d-dae9-4040-a3c1-a6530231bcc3-576x1024.jpg 576w, https:\/\/www.radiopiu.net\/wordpress\/wp-content\/uploads\/2022\/01\/026c3f9d-dae9-4040-a3c1-a6530231bcc3-768x1365.jpg 768w, https:\/\/www.radiopiu.net\/wordpress\/wp-content\/uploads\/2022\/01\/026c3f9d-dae9-4040-a3c1-a6530231bcc3-864x1536.jpg 864w, https:\/\/www.radiopiu.net\/wordpress\/wp-content\/uploads\/2022\/01\/026c3f9d-dae9-4040-a3c1-a6530231bcc3.jpg 1152w\" sizes=\"auto, (max-width: 100px) 100vw, 100px\" \/><\/a>I podcast informativi del mattino &#8211; audio &#8211;\u00a0<\/span><\/h1>\n<blockquote><p><strong>GIORNALE RADIO NAZIONALE, EDIZIONE DELLE SETTE <span style=\"color: #0000ff;\">viene pubblicato alle 7.05 <span style=\"color: #ff0000;\">DIRETTA RADIO\u00a0<\/span><\/span><\/strong><\/p><\/blockquote>\n<p><strong>il giornale radionazionale e&#8217; in onda ogni ora, dalle sette del mattino alle venti della sera\u00a0 \u00a0<\/strong><strong>\u00a0<\/strong><\/p>\n<p><strong>Migranti<\/strong> Stop del Consiglio di Stato alle motovedette alla Tunisia\u00a0Nel <strong>Torinese<\/strong> &#8216;Bagno vietato durante il turno&#8217;, sospesa la manager del supermercato\u00a0Inchiesta <strong>Liguria<\/strong> Legale Toti: &#8216;Non chieder\u00e0 pi\u00f9 i fondi per la politica ai privati&#8217;\u00a0<strong>Napoli<\/strong> brucia la collina dei Camaldoli, \u00e8 polemica sui voli antincendio\u00a0<strong>Emilia Romagna<\/strong> abusi sessuali su bambini di tre anni, arrestato un educatore\u00a0<strong>Lodi<\/strong> diciottenne al lavoro muore schiacciato da un mezzo agricolo\u00a0\u00a0<strong>Benevento<\/strong> Violenza di gruppo, ai domiciliari un cardiologo e un pm onorario\u00a0<strong>Milano<\/strong> anziano in bici muore travolto da una betoniera\u00a0<strong>I pm<\/strong> avviano un&#8217;indagine per la profanazione della tomba di Berlinguer<em><span style=\"color: #ff0000;\">\u00a0 \u00a0 \u00a0<\/span><\/em><\/p>\n<h2>AUDIO dalle sette del mattino, ogni ora alla radio<\/h2>\n<audio class=\"wp-audio-shortcode\" id=\"audio-395523-4\" preload=\"none\" style=\"width: 100%;\" controls=\"controls\"><source type=\"audio\/mpeg\" src=\"https:\/\/www.radiopiu.net\/wordpress\/wp-content\/uploads\/2024\/06\/giornale07-17.mp3?_=4\" \/><a href=\"https:\/\/www.radiopiu.net\/wordpress\/wp-content\/uploads\/2024\/06\/giornale07-17.mp3\">https:\/\/www.radiopiu.net\/wordpress\/wp-content\/uploads\/2024\/06\/giornale07-17.mp3<\/a><\/audio>\n<p>&nbsp;<\/p>\n<p>&nbsp;<\/p>\n<hr \/>\n<p>&nbsp;<\/p>\n<p>&nbsp;<\/p>\n<h1><span style=\"color: #ff0000;\">I podcast informativi del mattino &#8211; video &#8211;\u00a0<\/span><\/h1>\n<h2><strong><a class=\"dt-pswp-item\" href=\"https:\/\/www.radiopiu.net\/wordpress\/wp-content\/uploads\/2023\/12\/th-10.jpg\" data-dt-img-description=\"\" data-large_image_width=\"245\" data-large_image_height=\"180\"><img loading=\"lazy\" decoding=\"async\" class=\" wp-image-367395 alignleft\" src=\"https:\/\/www.radiopiu.net\/wordpress\/wp-content\/uploads\/2023\/12\/th-10.jpg\" alt=\"\" width=\"166\" height=\"122\" \/><\/a>RASSEGNA STAMPA LOCALE, ORE OTTO 05<\/strong><\/h2>\n<h2><strong> <span style=\"color: #0000ff;\">viene\u00a0 <\/span><\/strong><strong><span style=\"color: #0000ff;\">pubblicata alle 8.05 <span style=\"color: #ff0000;\">DIRETTA RADIO\u00a0\u00a0<\/span><\/span><\/strong><\/h2>\n<p><strong>DI MIRKO MEZZACASA\u00a0 \u00a0<\/strong><button class=\"rounded-lg text-token-text-secondary hover:bg-token-main-surface-secondary\"><\/button><\/p>\n<p><strong>OGGI SUL Corriere delle Alpi E NOTIZIARI DI Radio Pi\u00f9: ARGINATURA LUXOTTICA Gianni Santomaso\u00a0<\/strong><\/p>\n<p><strong><a class=\"dt-pswp-item\" href=\"https:\/\/www.radiopiu.net\/wordpress\/wp-content\/uploads\/2024\/06\/010.jpg\" data-dt-img-description=\"\" data-large_image_width=\"2388\" data-large_image_height=\"1770\"><img loading=\"lazy\" decoding=\"async\" class=\" wp-image-395710 alignleft\" src=\"https:\/\/www.radiopiu.net\/wordpress\/wp-content\/uploads\/2024\/06\/010-300x222.jpg\" alt=\"\" width=\"214\" height=\"158\" srcset=\"https:\/\/www.radiopiu.net\/wordpress\/wp-content\/uploads\/2024\/06\/010-300x222.jpg 300w, https:\/\/www.radiopiu.net\/wordpress\/wp-content\/uploads\/2024\/06\/010-1024x759.jpg 1024w, https:\/\/www.radiopiu.net\/wordpress\/wp-content\/uploads\/2024\/06\/010-768x569.jpg 768w, https:\/\/www.radiopiu.net\/wordpress\/wp-content\/uploads\/2024\/06\/010-1536x1138.jpg 1536w, https:\/\/www.radiopiu.net\/wordpress\/wp-content\/uploads\/2024\/06\/010-2048x1518.jpg 2048w\" sizes=\"auto, (max-width: 214px) 100vw, 214px\" \/><\/a>AURONZO<\/strong> Un giovane alpinista tirolese di vent&#8217;anni, Philipp Denifl, \u00e8 morto precipitando per 50 metri mentre era in cordata con i genitori sulle Tre Cime di Lavaredo. L&#8217;incidente, avvenuto lungo la Via Normale della Cima Grande, \u00e8 stato segnalato intorno alle 17.30. Il ragazzo \u00e8 deceduto sul colpo. I soccorritori del Suem e del Soccorso alpino hanno recuperato la salma, mentre i genitori sono stati trasportati a valle. Le autorit\u00e0 stanno ricostruendo la dinamica dell&#8217;incidente.<br \/>\n<strong>CALALZO<\/strong>\u00a0 Nel pomeriggio incidente stradale, coinvolta una donna di 41 anni del luogo portata in ambulanza al Giovanni Paolo I\u00a0 con ferite di media gravit\u00e0<br \/>\n<strong>ESAMI DI MATURITA&#8217;<\/strong>, la curiosit\u00e0 dal DE ROSSI di FALCADE<br \/>\nOggi gli allievi del corso enogastronomia faranno la prova pratica della seconda prova di esame di Stato, prova pratica prevista per i nuovi professionali e che torna\u00a0 dopo il blocco imposto dalla pandemia. Probabilmente \u00e8 l&#8217;unico istituto in Provincia dove questa prova \u00e8 prevista<br \/>\n<strong>VENEZIA<\/strong> Il Centro Funzionale Decentrato della Protezione Civile del Veneto ha emesso un avviso di criticit\u00e0 idrogeologica gialla (stato di attenzione) per temporali in tutti i bacini del Veneto, valido dalle\u00a0 14.00, fino alle ore 3 di domani<br \/>\n<strong>VAL DI ZOLDO\u00a0<\/strong> Via Carrera, la strada che porta ad Astragal, \u00e8 rimasta chiusa brevemente, ieri, per le verifiche dopo la caduta di alcuni massi dalla scarpata soprastante, staccatisi da una ceppaia a causa delle piogge. Il tecnico del Comune ha verificato che non ci fosse altro materiale instabile e la strada \u00e8 quindi stata riaperta.<\/p>\n<h2><span style=\"color: #ff0000;\"><strong>VIDEO\u00a0 \u00a0in diretta dalle 8 del mattino\u00a0\u00a0<\/strong><\/span><\/h2>\n<p><iframe loading=\"lazy\" title=\"DAL 1983 LA RASSEGNA STAMPA LOCALE di mirko mezzacasa. L&#039;ORIGINALE\" width=\"1200\" height=\"675\" src=\"https:\/\/www.youtube.com\/embed\/sG2ELgJXB-A?feature=oembed\" frameborder=\"0\" allow=\"accelerometer; autoplay; clipboard-write; encrypted-media; gyroscope; picture-in-picture; web-share\" referrerpolicy=\"strict-origin-when-cross-origin\" allowfullscreen><\/iframe><\/p>\n<p>&nbsp;<\/p>\n<hr \/>\n<p>&nbsp;<\/p>\n<p>&nbsp;<\/p>\n<p><strong><a class=\"dt-pswp-item\" href=\"https:\/\/www.radiopiu.net\/wordpress\/wp-content\/uploads\/2023\/12\/ANTENNA.png\" data-dt-img-description=\"\" data-large_image_width=\"300\" data-large_image_height=\"166\"><img loading=\"lazy\" decoding=\"async\" class=\" wp-image-366306 alignleft\" src=\"https:\/\/www.radiopiu.net\/wordpress\/wp-content\/uploads\/2023\/12\/ANTENNA.png\" alt=\"\" width=\"175\" height=\"97\" \/><\/a>IERI SERA, DAL TG DI ANTENNA 3, ogni sera alle 19 le anticipazioni alla radio, quello che poi seguirete nel TELEGIORNALE BELLUNESE\u00a0 in onda alle 19.30 sul CANALE 10 del digitale terrestre.\u00a0\u00a0<\/strong><\/p>\n<p>&nbsp;<\/p>\n<p><span style=\"color: #ff0000;\"><strong>\u00a0IERI SERA ALLA RADIO&#8230; LE ANTICIPAZIONI DI\u00a0 STEFANO BOZZI<\/strong><\/span><\/p>\n<audio class=\"wp-audio-shortcode\" id=\"audio-395523-5\" preload=\"none\" style=\"width: 100%;\" controls=\"controls\"><source type=\"audio\/mpeg\" src=\"https:\/\/www.radiopiu.net\/wordpress\/wp-content\/uploads\/2024\/06\/ANTENNA3-14.mp3?_=5\" \/><a href=\"https:\/\/www.radiopiu.net\/wordpress\/wp-content\/uploads\/2024\/06\/ANTENNA3-14.mp3\">https:\/\/www.radiopiu.net\/wordpress\/wp-content\/uploads\/2024\/06\/ANTENNA3-14.mp3<\/a><\/audio>\n<p>&nbsp;<\/p>\n<p>&nbsp;<\/p>\n<hr \/>\n<p>&nbsp;<\/p>\n<blockquote>\n<h3>SE A ROCCA PIETORE L&#8217;ACQUA E&#8217; DI NUOVO POTABILE A LIVINALLONGO DA IERI NON LO E&#8217;<\/h3>\n<\/blockquote>\n<p><strong><img loading=\"lazy\" decoding=\"async\" class=\"alignleft\" src=\"https:\/\/www.radiopiu.net\/wordpress\/wp-content\/uploads\/2024\/05\/cantiere-municipio-Livinallongo-scaled.jpg\" width=\"231\" height=\"104\" \/><\/strong><b>ROCCA PIETORE <\/b>in localit\u00e0 MOE&#8217; DI LASTE l&#8217;acqua erogata dall&#8217;acquedotto \u00e8 di nuovo potabile.<\/p>\n<p><strong>LIVINALLONGO<\/strong> in localit\u00e0 VARDA l&#8217;acqua erogata dall&#8217;acquedotto non \u00e8 potabile e pu\u00f2 essere usata per scopi alimentari SOLO PREVIA bollitura.<\/p>\n<p><strong>CENCENIGHE<\/strong> in localit\u00e0 COLLAZ E PRADIMEZZO l&#8217;acqua erogata \u00e8 di nuovo potabile e pu\u00f2 essere usata, quindi, per scopi alimentari.<\/p>\n<p>&nbsp;<\/p>\n<blockquote>\n<h3>VIABILITA&#8217; A CAVIOLA, CHIUSURA PROROGATA FINO AL 28 GIUGNO<\/h3>\n<\/blockquote>\n<p><strong>FALCADE<\/strong> Si allungano i tempi dei lavori a Caviola di Falcade. La chiusura della strada che va da Via Trento al centro abitato di Caviola \u00e8 stata prorogata fino al 28 giugno<\/p>\n<p>&nbsp;<\/p>\n<p>&nbsp;<\/p>\n<hr \/>\n<p>&nbsp;<\/p>\n<blockquote>\n<h1>Attesa Perturbazione e Stato di Attenzione per Rischio Idrogeologico in Veneto<\/h1>\n<\/blockquote>\n<p>&nbsp;<\/p>\n<p><strong><img loading=\"lazy\" decoding=\"async\" class=\"alignleft\" src=\"https:\/\/www.radiopiu.net\/wordpress\/wp-content\/uploads\/2018\/08\/instabilita.jpg\" width=\"278\" height=\"167\" \/>VENEZIA<\/strong> Il Centro Funzionale Decentrato della Protezione Civile del Veneto ha emesso un avviso di criticit\u00e0 idrogeologica gialla (stato di attenzione) per temporali in tutti i bacini del Veneto, valido dalle\u00a0 14.00, fino alle ore 3 di domani<\/p>\n<blockquote><p><em>Dopo giorni di tempo stabile con temperature elevate e umidit\u00e0, una perturbazione in arrivo da ovest aumenter\u00e0 l&#8217;instabilit\u00e0 atmosferica, soprattutto tra il tardo pomeriggio e la serata di venerd\u00ec. Si prevedono forti rovesci, raffiche di vento e grandinate. I temporali potrebbero innescare frane superficiali, colate rapide, innalzamento dei livelli dei fiumi secondari e allagamenti.\u00a0<\/em><\/p>\n<p>&nbsp;<\/p><\/blockquote>\n<p>&nbsp;<\/p>\n<h3><a class=\"dt-pswp-item\" href=\"https:\/\/www.radiopiu.net\/wordpress\/wp-content\/uploads\/2024\/06\/Senza-nome-56.png\" data-dt-img-description=\"\" data-large_image_width=\"314\" data-large_image_height=\"229\"><img loading=\"lazy\" decoding=\"async\" class=\"wp-image-395736 alignleft\" src=\"https:\/\/www.radiopiu.net\/wordpress\/wp-content\/uploads\/2024\/06\/Senza-nome-56-300x219.png\" alt=\"\" width=\"127\" height=\"93\" srcset=\"https:\/\/www.radiopiu.net\/wordpress\/wp-content\/uploads\/2024\/06\/Senza-nome-56-300x219.png 300w, https:\/\/www.radiopiu.net\/wordpress\/wp-content\/uploads\/2024\/06\/Senza-nome-56.png 314w\" sizes=\"auto, (max-width: 127px) 100vw, 127px\" \/><\/a>CADUTA MASSI\u00a0 chiusa&#8230; e riaperta<\/h3>\n<div class=\"articlePlainText\"><strong>VAL DI ZOLDO\u00a0<\/strong> Via Carrera, la strada che porta ad Astragal, \u00e8 rimasta chiusa brevemente, ieri, per le verifiche dopo la caduta di alcuni massi dalla scarpata soprastante, staccatisi da una ceppaia a causa delle piogge. Il tecnico del Comune ha verificato che non ci fosse altro materiale instabile e la strada \u00e8 quindi stata riaperta.<\/div>\n<div><\/div>\n<div><\/div>\n<p>&nbsp;<\/p>\n<hr \/>\n<p>&nbsp;<\/p>\n<p>&nbsp;<\/p>\n<blockquote>\n<h3>GIOVANE ALPINISTA PERDE LA VITA SULLA CIMA GRANDE DI LAVAREDO<\/h3>\n<\/blockquote>\n<p><strong><img loading=\"lazy\" decoding=\"async\" class=\"alignleft\" src=\"https:\/\/www.radiopiu.net\/wordpress\/wp-content\/uploads\/2022\/02\/tre-cime-di-lavaredo-bl-4-settembre-2021_51483171171_o-scaled.jpg\" width=\"343\" height=\"193\" \/>AURONZO<\/strong> Un giovane alpinista tirolese di vent&#8217;anni, Philipp Denifl, \u00e8 morto precipitando per 50 metri mentre era in cordata con i genitori sulle Tre Cime di Lavaredo. L&#8217;incidente, avvenuto lungo la Via Normale della Cima Grande, \u00e8 stato segnalato intorno alle 17.30. Il ragazzo \u00e8 deceduto sul colpo. I soccorritori del Suem e del Soccorso alpino hanno recuperato la salma, mentre i genitori sono stati trasportati a valle. Le autorit\u00e0 stanno ricostruendo la dinamica dell&#8217;incidente.<\/p>\n<div><\/div>\n<div dir=\"auto\">Verso le 17.30 la Centrale del 118 ha iniziato a ricevere le segnalazioni di alcune persone che, dalla base delle Tre Cime di Lavaredo, sentivano delle grida di aiuto provenire dall&#8217;alto, finch\u00e9 tramite il 112 non \u00e8 arrivata direttamente l&#8217;allarme per una persona volata dalla normale alla Cima Grande di Lavaredo, lanciato dai due compagni fermi in sosta. Mentre stava scendendo assieme al padre e alla madre, un ragazzo era caduto per una cinquantina di metri, rimanendo vincolato a una delle due corde di calata. L&#8217;elicottero del Suem di Pieve di Cadore immediatamente decollato per una ricognizione ha sbarcato il tecnico di elisoccorso vicino ai due genitori, che si trovavano a circa 2.600 metri di quota. Mentre il soccorritore si calava dal ragazzo austriaco, 21 anni da compiere, l&#8217;eliambulanza \u00e8 volata a imbarcare un altro tecnico. Una volta raggiunto, il tecnico di elisoccorso non ha potuto fare altro che comunicare che il ragazzo non manifestava segni vitali. L&#8217;elicottero con il secondo soccorritore ha imbarcato i genitori sotto shock e li ha trasportati a valle, per poi riportare il tecnico in parete in supporto al recupero del ragazzo senza vita, una volta ottenuto il nulla osta dalla magistratura per la rimozione. La salma \u00e8 stata trasportata al Rifugio Auronzo e affidata alla Guardia di finanza.<\/div>\n<p>&nbsp;<\/p>\n<p>&nbsp;<\/p>\n<hr \/>\n<p>&nbsp;<\/p>\n<p><strong>CALALZO\u00a0<\/strong> Nel pomeriggio incidente stradale, coinvolta una donna di 41 anni del luogo portata in ambulanza al Giovanni Paolo I\u00a0 con ferite di media gravit\u00e0<\/p>\n<hr \/>\n<p>&nbsp;<\/p>\n<p>&nbsp;<\/p>\n<blockquote>\n<h2>MONDO MOTORISTICO IN LUTTO PER LA MORTE DI MARIO FORLANI<\/h2>\n<\/blockquote>\n<p><strong>DI ROBERTO BONA<\/strong><\/p>\n<audio class=\"wp-audio-shortcode\" id=\"audio-395523-6\" preload=\"none\" style=\"width: 100%;\" controls=\"controls\"><source type=\"audio\/wav\" src=\"https:\/\/www.radiopiu.net\/wordpress\/wp-content\/uploads\/2024\/06\/MarioForlani.wav?_=6\" \/><a href=\"https:\/\/www.radiopiu.net\/wordpress\/wp-content\/uploads\/2024\/06\/MarioForlani.wav\">https:\/\/www.radiopiu.net\/wordpress\/wp-content\/uploads\/2024\/06\/MarioForlani.wav<\/a><\/audio>\n<p>&nbsp;<\/p>\n\n\t\t\t<style type='text\/css'>\n\t\t\t\t#gallery-1 {\n\t\t\t\t\tmargin: auto;\n\t\t\t\t}\n\t\t\t\t#gallery-1 .gallery-item {\n\t\t\t\t\tfloat: left;\n\t\t\t\t\tmargin-top: 10px;\n\t\t\t\t\ttext-align: center;\n\t\t\t\t\twidth: 50%;\n\t\t\t\t}\n\t\t\t\t#gallery-1 img {\n\t\t\t\t\tborder: 2px solid #cfcfcf;\n\t\t\t\t}\n\t\t\t\t#gallery-1 .gallery-caption {\n\t\t\t\t\tmargin-left: 0;\n\t\t\t\t}\n\t\t\t\t\/* see gallery_shortcode() in wp-includes\/media.php *\/\n\t\t\t<\/style>\n\t\t<div id='gallery-1' class='dt-gallery-container gallery galleryid-395523 gallery-columns-2 gallery-size-thumbnail'><dl class='gallery-item'>\n\t\t\t\t<dt class='gallery-icon landscape'>\n\t\t\t\t\t<a class=\"rollover rollover-zoom dt-pswp-item\" title=\"7efa4a25-806a-414a-8908-2a4e24510003\" data-dt-img-description=\"\" data-large_image_width=\"1200\" data-large_image_height=\"800\"href='https:\/\/www.radiopiu.net\/wordpress\/wp-content\/uploads\/2024\/06\/7efa4a25-806a-414a-8908-2a4e24510003.jpg'><img loading=\"lazy\" decoding=\"async\" width=\"150\" height=\"150\" src=\"https:\/\/www.radiopiu.net\/wordpress\/wp-content\/uploads\/2024\/06\/7efa4a25-806a-414a-8908-2a4e24510003-150x150.jpg\" class=\"attachment-thumbnail size-thumbnail\" alt=\"\" \/><\/a>\n\t\t\t\t<\/dt><\/dl><dl class='gallery-item'>\n\t\t\t\t<dt class='gallery-icon portrait'>\n\t\t\t\t\t<a class=\"rollover rollover-zoom dt-pswp-item\" title=\"97cf17e6-a3d8-4a54-97a3-b51b677308a6\" data-dt-img-description=\"\" data-large_image_width=\"1277\" data-large_image_height=\"1600\"href='https:\/\/www.radiopiu.net\/wordpress\/wp-content\/uploads\/2024\/06\/97cf17e6-a3d8-4a54-97a3-b51b677308a6.jpg'><img loading=\"lazy\" decoding=\"async\" width=\"150\" height=\"150\" src=\"https:\/\/www.radiopiu.net\/wordpress\/wp-content\/uploads\/2024\/06\/97cf17e6-a3d8-4a54-97a3-b51b677308a6-150x150.jpg\" class=\"attachment-thumbnail size-thumbnail\" alt=\"\" \/><\/a>\n\t\t\t\t<\/dt><\/dl><br style=\"clear: both\" \/>\n\t\t\t<\/div>\n\n<p>&nbsp;<\/p>\n<hr \/>\n<p>&nbsp;<\/p>\n<blockquote>\n<h2>Giuliano Viel nel ricordo di Graziano Prest, presidente di FIPE Confcommercio Belluno<\/h2>\n<\/blockquote>\n<p><a class=\"dt-pswp-item\" href=\"https:\/\/www.radiopiu.net\/wordpress\/wp-content\/uploads\/2024\/06\/Senza-nome-48.png\" data-dt-img-description=\"\" data-large_image_width=\"249\" data-large_image_height=\"236\"><img loading=\"lazy\" decoding=\"async\" class=\"wp-image-395540 alignleft\" src=\"https:\/\/www.radiopiu.net\/wordpress\/wp-content\/uploads\/2024\/06\/Senza-nome-48.png\" alt=\"\" width=\"157\" height=\"149\" \/><\/a><strong>BELLUNO<\/strong>\u00a0 \u00abUna persona squisita, un professionista innamorato del suo lavoro e della sua terra, sempre attento ai temi del sociale e partecipe alle iniziative della nostra associazione\u00bb, cos\u00ec Graziano Prest ricorda la figura di Giuliano Viel, storico titolare del ristorante Il Borgo. \u00abNon mi servono tante parole per ricordarlo! La sua umanit\u00e0 \u00e8 stata un punto di riferimento ed un esempio per i ristoratori bellunesi, mai geloso delle proprie idee e delle proposte sempre legate al territorio ed alle tradizioni. Un maestro che lascia una traccia davvero indelebile nella cucina bellunese. Meravigliosamente appoggiato dalla sua famiglia. Andavi a trovarlo e non tornavi mai a mani vuote; ma soprattutto ti portavi sempre a casa un insegnamento. Ora Il Borgo, la sua \u201ccreatura\u201d, continuer\u00e0 nelle mani sicure di una famiglia che ha assorbito da Giuliano professionalit\u00e0, eleganza, spessore umano ed impegno a tutto tondo\u00bb.<\/p>\n<p>&nbsp;<\/p>\n<p>&nbsp;<\/p>\n<div class=\"page-title-head hgroup\">\n<h1 class=\"entry-title\">CARO GIULIANO\u2026.IL MIO RICORDO DI ELIO ARIC\u00d2<\/h1>\n<\/div>\n<div class=\"page-title-breadcrumbs\">\n<p><em>foto che sono la sintesi di Giuliano, gran lavoratore e di una generosit\u00e0 senza pari . Un abbraccio a chi resta nel ricordo di un grande uomo.<\/em><\/p>\n<p><em>Elio<\/em><\/p>\n<\/div>\n\n\t\t\t<style type='text\/css'>\n\t\t\t\t#gallery-2 {\n\t\t\t\t\tmargin: auto;\n\t\t\t\t}\n\t\t\t\t#gallery-2 .gallery-item {\n\t\t\t\t\tfloat: left;\n\t\t\t\t\tmargin-top: 10px;\n\t\t\t\t\ttext-align: center;\n\t\t\t\t\twidth: 20%;\n\t\t\t\t}\n\t\t\t\t#gallery-2 img {\n\t\t\t\t\tborder: 2px solid #cfcfcf;\n\t\t\t\t}\n\t\t\t\t#gallery-2 .gallery-caption {\n\t\t\t\t\tmargin-left: 0;\n\t\t\t\t}\n\t\t\t\t\/* see gallery_shortcode() in wp-includes\/media.php *\/\n\t\t\t<\/style>\n\t\t<div id='gallery-2' class='dt-gallery-container gallery galleryid-395523 gallery-columns-5 gallery-size-thumbnail'><dl class='gallery-item'>\n\t\t\t\t<dt class='gallery-icon landscape'>\n\t\t\t\t\t<a class=\"rollover rollover-zoom dt-pswp-item\" title=\"Giuliano Viel - Al Borgo - Belluno copia copia\" data-dt-img-description=\"\" data-large_image_width=\"2560\" data-large_image_height=\"1733\"href='https:\/\/www.radiopiu.net\/wordpress\/wp-content\/uploads\/2024\/06\/Giuliano-Viel-Al-Borgo-Belluno-copia-copia-scaled.jpg'><img loading=\"lazy\" decoding=\"async\" width=\"150\" height=\"150\" src=\"https:\/\/www.radiopiu.net\/wordpress\/wp-content\/uploads\/2024\/06\/Giuliano-Viel-Al-Borgo-Belluno-copia-copia-150x150.jpg\" class=\"attachment-thumbnail size-thumbnail\" alt=\"\" \/><\/a>\n\t\t\t\t<\/dt><\/dl><dl class='gallery-item'>\n\t\t\t\t<dt class='gallery-icon landscape'>\n\t\t\t\t\t<a class=\"rollover rollover-zoom dt-pswp-item\" title=\"010\" data-dt-img-description=\"\" data-large_image_width=\"2388\" data-large_image_height=\"1770\"href='https:\/\/www.radiopiu.net\/wordpress\/wp-content\/uploads\/2024\/06\/010.jpg'><img loading=\"lazy\" decoding=\"async\" width=\"150\" height=\"150\" src=\"https:\/\/www.radiopiu.net\/wordpress\/wp-content\/uploads\/2024\/06\/010-150x150.jpg\" class=\"attachment-thumbnail size-thumbnail\" alt=\"\" \/><\/a>\n\t\t\t\t<\/dt><\/dl><dl class='gallery-item'>\n\t\t\t\t<dt class='gallery-icon landscape'>\n\t\t\t\t\t<a class=\"rollover rollover-zoom dt-pswp-item\" title=\"Mario De Biasi - agosto 2008 109\" data-dt-img-description=\"\" data-large_image_width=\"2560\" data-large_image_height=\"1920\"href='https:\/\/www.radiopiu.net\/wordpress\/wp-content\/uploads\/2024\/06\/Mario-De-Biasi-agosto-2008-109-scaled.jpg'><img loading=\"lazy\" decoding=\"async\" width=\"150\" height=\"150\" src=\"https:\/\/www.radiopiu.net\/wordpress\/wp-content\/uploads\/2024\/06\/Mario-De-Biasi-agosto-2008-109-150x150.jpg\" class=\"attachment-thumbnail size-thumbnail\" alt=\"\" \/><\/a>\n\t\t\t\t<\/dt><\/dl><dl class='gallery-item'>\n\t\t\t\t<dt class='gallery-icon landscape'>\n\t\t\t\t\t<a class=\"rollover rollover-zoom dt-pswp-item\" title=\"008\" data-dt-img-description=\"\" data-large_image_width=\"2560\" data-large_image_height=\"1700\"href='https:\/\/www.radiopiu.net\/wordpress\/wp-content\/uploads\/2024\/06\/008-scaled.jpg'><img loading=\"lazy\" decoding=\"async\" width=\"150\" height=\"150\" src=\"https:\/\/www.radiopiu.net\/wordpress\/wp-content\/uploads\/2024\/06\/008-150x150.jpg\" class=\"attachment-thumbnail size-thumbnail\" alt=\"\" \/><\/a>\n\t\t\t\t<\/dt><\/dl><dl class='gallery-item'>\n\t\t\t\t<dt class='gallery-icon landscape'>\n\t\t\t\t\t<a class=\"rollover rollover-zoom dt-pswp-item\" title=\"001\" data-dt-img-description=\"\" data-large_image_width=\"2560\" data-large_image_height=\"1715\"href='https:\/\/www.radiopiu.net\/wordpress\/wp-content\/uploads\/2024\/06\/001-scaled.jpg'><img loading=\"lazy\" decoding=\"async\" width=\"150\" height=\"150\" src=\"https:\/\/www.radiopiu.net\/wordpress\/wp-content\/uploads\/2024\/06\/001-150x150.jpg\" class=\"attachment-thumbnail size-thumbnail\" alt=\"\" \/><\/a>\n\t\t\t\t<\/dt><\/dl><br style=\"clear: both\" \/><dl class='gallery-item'>\n\t\t\t\t<dt class='gallery-icon landscape'>\n\t\t\t\t\t<a class=\"rollover rollover-zoom dt-pswp-item\" title=\"004\" data-dt-img-description=\"\" data-large_image_width=\"2560\" data-large_image_height=\"1700\"href='https:\/\/www.radiopiu.net\/wordpress\/wp-content\/uploads\/2024\/06\/004-scaled.jpg'><img loading=\"lazy\" decoding=\"async\" width=\"150\" height=\"150\" src=\"https:\/\/www.radiopiu.net\/wordpress\/wp-content\/uploads\/2024\/06\/004-150x150.jpg\" class=\"attachment-thumbnail size-thumbnail\" alt=\"\" \/><\/a>\n\t\t\t\t<\/dt><\/dl><dl class='gallery-item'>\n\t\t\t\t<dt class='gallery-icon landscape'>\n\t\t\t\t\t<a class=\"rollover rollover-zoom dt-pswp-item\" title=\"Giuliano- agosto 2010 122\" data-dt-img-description=\"\" data-large_image_width=\"2560\" data-large_image_height=\"1700\"href='https:\/\/www.radiopiu.net\/wordpress\/wp-content\/uploads\/2024\/06\/Giuliano-agosto-2010-122-scaled.jpg'><img loading=\"lazy\" decoding=\"async\" width=\"150\" height=\"150\" src=\"https:\/\/www.radiopiu.net\/wordpress\/wp-content\/uploads\/2024\/06\/Giuliano-agosto-2010-122-150x150.jpg\" class=\"attachment-thumbnail size-thumbnail\" alt=\"\" \/><\/a>\n\t\t\t\t<\/dt><\/dl><dl class='gallery-item'>\n\t\t\t\t<dt class='gallery-icon portrait'>\n\t\t\t\t\t<a class=\"rollover rollover-zoom dt-pswp-item\" title=\"013\" data-dt-img-description=\"\" data-large_image_width=\"1700\" data-large_image_height=\"2560\"href='https:\/\/www.radiopiu.net\/wordpress\/wp-content\/uploads\/2024\/06\/013-scaled.jpg'><img loading=\"lazy\" decoding=\"async\" width=\"150\" height=\"150\" src=\"https:\/\/www.radiopiu.net\/wordpress\/wp-content\/uploads\/2024\/06\/013-150x150.jpg\" class=\"attachment-thumbnail size-thumbnail\" alt=\"\" \/><\/a>\n\t\t\t\t<\/dt><\/dl><dl class='gallery-item'>\n\t\t\t\t<dt class='gallery-icon portrait'>\n\t\t\t\t\t<a class=\"rollover rollover-zoom dt-pswp-item\" title=\"011\" data-dt-img-description=\"\" data-large_image_width=\"1700\" data-large_image_height=\"2560\"href='https:\/\/www.radiopiu.net\/wordpress\/wp-content\/uploads\/2024\/06\/011-scaled.jpg'><img loading=\"lazy\" decoding=\"async\" width=\"150\" height=\"150\" src=\"https:\/\/www.radiopiu.net\/wordpress\/wp-content\/uploads\/2024\/06\/011-150x150.jpg\" class=\"attachment-thumbnail size-thumbnail\" alt=\"\" \/><\/a>\n\t\t\t\t<\/dt><\/dl><dl class='gallery-item'>\n\t\t\t\t<dt class='gallery-icon portrait'>\n\t\t\t\t\t<a class=\"rollover rollover-zoom dt-pswp-item\" title=\"Mario De Biasi - agosto 2010 192\" data-dt-img-description=\"\" data-large_image_width=\"1961\" data-large_image_height=\"2560\"href='https:\/\/www.radiopiu.net\/wordpress\/wp-content\/uploads\/2024\/06\/Mario-De-Biasi-agosto-2010-192-scaled.jpg'><img loading=\"lazy\" decoding=\"async\" width=\"150\" height=\"150\" src=\"https:\/\/www.radiopiu.net\/wordpress\/wp-content\/uploads\/2024\/06\/Mario-De-Biasi-agosto-2010-192-150x150.jpg\" class=\"attachment-thumbnail size-thumbnail\" alt=\"\" \/><\/a>\n\t\t\t\t<\/dt><\/dl><br style=\"clear: both\" \/>\n\t\t\t<\/div>\n\n<p>&nbsp;<\/p>\n<hr \/>\n<p>&nbsp;<\/p>\n<p>&nbsp;<\/p>\n<p>&nbsp;<\/p>\n<h3><a class=\"dt-pswp-item\" href=\"https:\/\/www.radiopiu.net\/wordpress\/wp-content\/uploads\/2024\/06\/Senza-nome-54.png\" data-dt-img-description=\"\" data-large_image_width=\"275\" data-large_image_height=\"286\"><img loading=\"lazy\" decoding=\"async\" class=\"wp-image-395734 alignleft\" src=\"https:\/\/www.radiopiu.net\/wordpress\/wp-content\/uploads\/2024\/06\/Senza-nome-54.png\" alt=\"\" width=\"149\" height=\"155\" \/><\/a>Addio a Carlo Cavalet, Storico Direttore dell&#8217;Ater di Belluno<\/h3>\n<p><strong>LIMANA<\/strong> Carlo Cavalet, perito edile e storico direttore dell&#8217;Ater di Belluno, \u00e8 scomparso improvvisamente a 76 anni. Dopo una lunga carriera nella Zollet ingegneria e 20 anni alla guida dell&#8217;Ater, ha contribuito alla modernizzazione dell&#8217;ente. Ricordato per il suo impegno e le sue qualit\u00e0 umane, lascia la moglie, due figli e tre nipoti. I funerali si terranno domani alle 10.30\u00a0 a Limana.<\/p>\n<p>&nbsp;<\/p>\n<p>&nbsp;<\/p>\n<p>&nbsp;<\/p>\n<hr \/>\n<p>&nbsp;<\/p>\n<p>&nbsp;<\/p>\n<blockquote>\n<h3><img loading=\"lazy\" decoding=\"async\" class=\"alignleft\" src=\"https:\/\/www.radiopiu.net\/wordpress\/wp-content\/uploads\/2024\/06\/439c30c1-2b99-4ea9-992f-622288c3e8d8.jpg\" width=\"258\" height=\"194\" \/>IL TERZO GIURAMENTO DI SILVIA TORMEN &#8220;ABBIAMO EVITATO IL COMMISSARIAMENTO CON UN GRUPPO GIOVANE E RESPONSABILE&#8221;<\/h3>\n<\/blockquote>\n<p><strong>TAIBON<\/strong><\/p>\n<p><strong>GIANNI SANTOMASO<\/strong><\/p>\n<audio class=\"wp-audio-shortcode\" id=\"audio-395523-7\" preload=\"none\" style=\"width: 100%;\" controls=\"controls\"><source type=\"audio\/mpeg\" src=\"https:\/\/www.radiopiu.net\/wordpress\/wp-content\/uploads\/2024\/06\/GIANNI-SILVIA.mp3?_=7\" \/><a href=\"https:\/\/www.radiopiu.net\/wordpress\/wp-content\/uploads\/2024\/06\/GIANNI-SILVIA.mp3\">https:\/\/www.radiopiu.net\/wordpress\/wp-content\/uploads\/2024\/06\/GIANNI-SILVIA.mp3<\/a><\/audio>\n<p>&nbsp;<\/p>\n<p>&nbsp;<\/p>\n<p>&nbsp;<\/p>\n<hr \/>\n<p>&nbsp;<\/p>\n<blockquote>\n<h3>L&#8217;ASSESSORE REGIONALE CANER IN VISITA A CONFCOMMERCIO<\/h3>\n<\/blockquote>\n<p><strong><a class=\"dt-pswp-item\" href=\"https:\/\/www.radiopiu.net\/wordpress\/wp-content\/uploads\/2024\/06\/Incontro-con-lass.-Federico-Caner-240619.jpg\" data-dt-img-description=\"\" data-large_image_width=\"1478\" data-large_image_height=\"936\"><img loading=\"lazy\" decoding=\"async\" class=\" wp-image-395646 alignleft\" src=\"https:\/\/www.radiopiu.net\/wordpress\/wp-content\/uploads\/2024\/06\/Incontro-con-lass.-Federico-Caner-240619-300x190.jpg\" alt=\"\" width=\"184\" height=\"117\" srcset=\"https:\/\/www.radiopiu.net\/wordpress\/wp-content\/uploads\/2024\/06\/Incontro-con-lass.-Federico-Caner-240619-300x190.jpg 300w, https:\/\/www.radiopiu.net\/wordpress\/wp-content\/uploads\/2024\/06\/Incontro-con-lass.-Federico-Caner-240619-1024x648.jpg 1024w, https:\/\/www.radiopiu.net\/wordpress\/wp-content\/uploads\/2024\/06\/Incontro-con-lass.-Federico-Caner-240619-768x486.jpg 768w, https:\/\/www.radiopiu.net\/wordpress\/wp-content\/uploads\/2024\/06\/Incontro-con-lass.-Federico-Caner-240619.jpg 1478w\" sizes=\"auto, (max-width: 184px) 100vw, 184px\" \/><\/a>BELLUNO<\/strong> Nella sede di Confcommercio Belluno-Dolomiti, si \u00e8 tenuta la prima riunione del Consiglio direttivo neo-eletto di Federalberghi Belluno Dolomiti, con la presenza dell&#8217;Assessore regionale al Turismo Federico Caner. Il presidente Walter De Cassan ha presentato i nuovi consiglieri e discusso varie tematiche importanti. L&#8217;associazione ha chiesto la collaborazione di Caner su diversi fronti: preparazione alle Olimpiadi, strategie di utilizzo dei loghi, sostegni economici per la riqualificazione, attivazione di crediti d&#8217;imposta, novit\u00e0 sui codici identificativi delle strutture ricettive, e la preparazione per la prossima edizione di Ho.Re.Ca. Dolomiti.<\/p>\n<p>&nbsp;<\/p>\n<p>&nbsp;<\/p>\n<hr \/>\n<p>&nbsp;<\/p>\n<div class=\"group\/conversation-turn relative flex w-full min-w-0 flex-col agent-turn\">\n<div class=\"flex-col gap-1 md:gap-3\">\n<div class=\"flex flex-grow flex-col max-w-full\">\n<div class=\"min-h-[20px] text-message flex flex-col items-start whitespace-pre-wrap break-words [.text-message+&amp;]:mt-5 juice:w-full juice:items-end overflow-x-auto gap-2\" dir=\"auto\" data-message-author-role=\"assistant\" data-message-id=\"79942f5b-0896-4403-b2d4-469645370d11\">\n<div class=\"flex w-full flex-col gap-1 juice:empty:hidden juice:first:pt-[3px]\">\n<div class=\"markdown prose w-full break-words dark:prose-invert dark\">\n<blockquote>\n<h3>Made in Veneto e Belluno in Difficolt\u00e0<\/h3>\n<\/blockquote>\n<p><strong>BELLUNO\u00a0 <\/strong>Il Made in Veneto, compreso Belluno, affronta sfide nell&#8217;export a causa del contesto geopolitico, rialzo dei tassi di interesse della BCE e aumento dei costi delle materie prime e dell&#8217;energia. Il primo trimestre 2024 mostra un calo dell&#8217;export manifatturiero bellunese del -4,8%, leggermente migliore rispetto alla media regionale (-5,1%), ma peggiore rispetto al dato nazionale (-2,3%). Belluno ha esportato meno nei Paesi Extra UE (-7,5%), ma ha registrato incrementi positivi verso Hong Kong (+71,5%), Brasile (+28,5%) e Regno Unito (+28,3%). Confartigianato Belluno sostiene le imprese con progetti di formazione e internazionalizzazione per rafforzare l&#8217;export.<\/p>\n<\/div>\n<\/div>\n<\/div>\n<\/div>\n<\/div>\n<\/div>\n<p>&nbsp;<\/p>\n<p>&nbsp;<\/p>\n<hr \/>\n<p>&nbsp;<\/p>\n<blockquote>\n<h3><a class=\"dt-pswp-item\" href=\"https:\/\/www.radiopiu.net\/wordpress\/wp-content\/uploads\/2024\/06\/Il-nuovo-riciclatore-in-Pra-del-Vescovo-rotated.jpg\" data-dt-img-description=\"\" data-large_image_width=\"1080\" data-large_image_height=\"1920\"><img loading=\"lazy\" decoding=\"async\" class=\" wp-image-395651 alignleft\" src=\"https:\/\/www.radiopiu.net\/wordpress\/wp-content\/uploads\/2024\/06\/Il-nuovo-riciclatore-in-Pra-del-Vescovo-169x300.jpg\" alt=\"\" width=\"106\" height=\"188\" srcset=\"https:\/\/www.radiopiu.net\/wordpress\/wp-content\/uploads\/2024\/06\/Il-nuovo-riciclatore-in-Pra-del-Vescovo-169x300.jpg 169w, https:\/\/www.radiopiu.net\/wordpress\/wp-content\/uploads\/2024\/06\/Il-nuovo-riciclatore-in-Pra-del-Vescovo-576x1024.jpg 576w, https:\/\/www.radiopiu.net\/wordpress\/wp-content\/uploads\/2024\/06\/Il-nuovo-riciclatore-in-Pra-del-Vescovo-768x1365.jpg 768w, https:\/\/www.radiopiu.net\/wordpress\/wp-content\/uploads\/2024\/06\/Il-nuovo-riciclatore-in-Pra-del-Vescovo-864x1536.jpg 864w, https:\/\/www.radiopiu.net\/wordpress\/wp-content\/uploads\/2024\/06\/Il-nuovo-riciclatore-in-Pra-del-Vescovo-rotated.jpg 1080w\" sizes=\"auto, (max-width: 106px) 100vw, 106px\" \/><\/a>ATTIVATO IL NUOVO COMPATTATORE PER LE BOTTIGLIE DI PLASTICA IN PRA&#8217; DEL VESCOVO<\/h3>\n<\/blockquote>\n<p><strong>FELTRE <\/strong>E&#8217; stato attivato nei giorni scorsi nel piazzale di Pra&#8217; del Vescovo il secondo raccoglitore-compattatore per le bottiglie in plastica, presso il quale i cittadini potranno conferire i contenitori vuoti similmente a quanto gi\u00e0 avviene per quello posizionato nell&#8217;area antistante la scuola media \u201cRocca\u201d. Il riciclatore \u00e8 stato acquistato grazie ad un contributo del Ministero dell&#8217;Ambiente di 30 mila euro.<\/p>\n<p><strong>IL CONSIGLIERE DELEGATO ALLA RACCOLTA DIFFERENZIATA DEL COMUNE DEI FELTRE SEBASTIANO SLONGO<\/strong><\/p>\n<audio class=\"wp-audio-shortcode\" id=\"audio-395523-8\" preload=\"none\" style=\"width: 100%;\" controls=\"controls\"><source type=\"audio\/mpeg\" src=\"https:\/\/www.radiopiu.net\/wordpress\/wp-content\/uploads\/2024\/06\/Audio-Slongo-su-nuovo-compattatore.mp3?_=8\" \/><a href=\"https:\/\/www.radiopiu.net\/wordpress\/wp-content\/uploads\/2024\/06\/Audio-Slongo-su-nuovo-compattatore.mp3\">https:\/\/www.radiopiu.net\/wordpress\/wp-content\/uploads\/2024\/06\/Audio-Slongo-su-nuovo-compattatore.mp3<\/a><\/audio>\n<p>&nbsp;<\/p>\n<p>&nbsp;<\/p>\n<hr \/>\n<p>&nbsp;<\/p>\n<p><strong><a class=\"dt-pswp-item\" href=\"https:\/\/www.radiopiu.net\/wordpress\/wp-content\/uploads\/2023\/12\/ANTENNA.png\" data-dt-img-description=\"\" data-large_image_width=\"300\" data-large_image_height=\"166\"><img loading=\"lazy\" decoding=\"async\" class=\" wp-image-366306 alignleft\" src=\"https:\/\/www.radiopiu.net\/wordpress\/wp-content\/uploads\/2023\/12\/ANTENNA.png\" alt=\"\" width=\"175\" height=\"97\" \/><\/a>IERI SERA, DAL TG DI ANTENNA 3, ogni sera alle 19 le anticipazioni alla radio, quello che poi seguirete nel TELEGIORNALE BELLUNESE\u00a0 in onda alle 19.30 sul CANALE 10 del digitale terrestre.\u00a0\u00a0<\/strong><\/p>\n<h1 class=\"_title post-title entry-title\">BELLUNO | AUTONOMIA, BONA: \u00abSUBITO AL LAVORO PER IL BELLUNESE\u00bb<\/h1>\n<p>Intervistati ANDREA BONA (PRESIDENTE MOVIMENTO BARD) (Servizio di\u00a0<a href=\"https:\/\/antennatre.medianordest.it\/redazione\/Stefano-Bozzi\/\">Stefano Bozzi<\/a>)<\/p>\n<p><iframe loading=\"lazy\" title=\"AUTONOMIA, BONA: \u00abSUBITO AL LAVORO PER IL BELLUNESE\u00bb | 20\/06\/2024\" width=\"1200\" height=\"675\" src=\"https:\/\/www.youtube.com\/embed\/dqZjN5baSVY?feature=oembed\" frameborder=\"0\" allow=\"accelerometer; autoplay; clipboard-write; encrypted-media; gyroscope; picture-in-picture; web-share\" referrerpolicy=\"strict-origin-when-cross-origin\" allowfullscreen><\/iframe><\/p>\n<hr \/>\n<p>&nbsp;<\/p>\n<blockquote>\n<h3>LEZIONI DI YOGA A BELLUNO<\/h3>\n<\/blockquote>\n<p><strong>BELLUNO<\/strong> Torna a luglio, con la seconda edizione, l\u2019iniziativa \u201cYoga al parco\u201d. Le lezioni si terranno negli spazi esterni del Circolo Tennis di Fisterre con l\u2019insegnante Luisa Poto a partire dal 3 luglio e proseguiranno, per tutti i mercoled\u00ec, fino alla fine del mese.<\/p>\n<p><strong>MONICA MAZZOCCOLI, ASSESORE ALLO SPORT DEL COMUNE DI BELLUNO<\/strong><\/p>\n<audio class=\"wp-audio-shortcode\" id=\"audio-395523-9\" preload=\"none\" style=\"width: 100%;\" controls=\"controls\"><source type=\"audio\/mpeg\" src=\"https:\/\/www.radiopiu.net\/wordpress\/wp-content\/uploads\/2024\/06\/Mazzoccoli-su-rassegna-yoga.mp3?_=9\" \/><a href=\"https:\/\/www.radiopiu.net\/wordpress\/wp-content\/uploads\/2024\/06\/Mazzoccoli-su-rassegna-yoga.mp3\">https:\/\/www.radiopiu.net\/wordpress\/wp-content\/uploads\/2024\/06\/Mazzoccoli-su-rassegna-yoga.mp3<\/a><\/audio>\n<p>&nbsp;<\/p>\n<p>&nbsp;<\/p>\n<hr \/>\n<p>&nbsp;<\/p>\n<blockquote>\n<h3>SULLE DOLOMITI CRESCE LA DOMANDA DI IMMOBILI DI LUSSO<\/h3>\n<\/blockquote>\n<p><strong><a class=\"dt-pswp-item\" href=\"https:\/\/www.radiopiu.net\/wordpress\/wp-content\/uploads\/2024\/06\/Dolomiti.jpg\" data-dt-img-description=\"\" data-large_image_width=\"2500\" data-large_image_height=\"1667\"><img loading=\"lazy\" decoding=\"async\" class=\" wp-image-395628 alignleft\" src=\"https:\/\/www.radiopiu.net\/wordpress\/wp-content\/uploads\/2024\/06\/Dolomiti-300x200.jpg\" alt=\"\" width=\"167\" height=\"111\" srcset=\"https:\/\/www.radiopiu.net\/wordpress\/wp-content\/uploads\/2024\/06\/Dolomiti-300x200.jpg 300w, https:\/\/www.radiopiu.net\/wordpress\/wp-content\/uploads\/2024\/06\/Dolomiti-1024x683.jpg 1024w, https:\/\/www.radiopiu.net\/wordpress\/wp-content\/uploads\/2024\/06\/Dolomiti-768x512.jpg 768w, https:\/\/www.radiopiu.net\/wordpress\/wp-content\/uploads\/2024\/06\/Dolomiti-1536x1024.jpg 1536w, https:\/\/www.radiopiu.net\/wordpress\/wp-content\/uploads\/2024\/06\/Dolomiti-2048x1366.jpg 2048w\" sizes=\"auto, (max-width: 167px) 100vw, 167px\" \/><\/a>MILANO<\/strong> La domanda di immobili di lusso nelle Dolomiti \u00e8 cresciuta del 62% rispetto al 2019, con un aumento parallelo di tutti i principali indicatori dell&#8217;offerta. Il nuovo Osservatorio del mercato residenziale di lusso in Italia, realizzato da Immobiliare.it Insights e LuxuryEstate.com, in collaborazione con Coldwell Banker Italy, evidenzia che dal 2023 l&#8217;offerta di immobili di lusso \u00e8 aumentata del 36%, il valore dello stock \u00e8 salito del 6% a 745 milioni di euro e la superficie totale \u00e8 cresciuta del 19%. Le ville hanno perso peso rispetto agli appartamenti, che ora rappresentano l&#8217;80% dello stock. Il tempo medio di permanenza degli annunci sul mercato \u00e8 sceso da 11,3 a 7 mesi. La domanda di immobili di lusso nelle Dolomiti ha chiuso il 2023 con una crescita di oltre il 60% rispetto al pre-Covid, raddoppiando la sua incidenza sul totale italiano dal 2% al 4%.<\/p>\n<p>&nbsp;<\/p>\n<hr \/>\n<p>&nbsp;<\/p>\n<div class=\"flex flex-grow flex-col max-w-full\">\n<div class=\"min-h-[20px] text-message flex flex-col items-start whitespace-pre-wrap break-words [.text-message+&amp;]:mt-5 juice:w-full juice:items-end overflow-x-auto gap-2\" dir=\"auto\" data-message-author-role=\"assistant\" data-message-id=\"f8e30a59-e061-4034-9e09-e6de50badbac\">\n<div class=\"flex w-full flex-col gap-1 juice:empty:hidden juice:first:pt-[3px]\">\n<div class=\"markdown prose w-full break-words dark:prose-invert dark\">\n<blockquote>\n<h3>&#8220;Longarone Fiere: Progetto di Riqualificazione per Nuove Opportunit\u00e0 e Sfide Post-Pandemia<\/h3>\n<\/blockquote>\n<\/div>\n<\/div>\n<\/div>\n<\/div>\n<div class=\"mt-1 flex gap-3 empty:hidden juice:-ml-3\">\n<div class=\"items-center justify-start rounded-xl p-1 flex\">\n<div class=\"flex items-center\">\n<div class=\"flex items-center pb-0.5 juice:pb-0\">\n<div class=\"[&amp;_svg]:h-full [&amp;_svg]:w-full icon-md h-4 w-4\"><strong><a class=\"dt-pswp-item\" href=\"https:\/\/www.radiopiu.net\/wordpress\/wp-content\/uploads\/2021\/05\/LONGARONE-FIERE.jpg\" data-dt-img-description=\"\" data-large_image_width=\"556\" data-large_image_height=\"220\"><img loading=\"lazy\" decoding=\"async\" class=\" wp-image-207549 alignleft\" src=\"https:\/\/www.radiopiu.net\/wordpress\/wp-content\/uploads\/2021\/05\/LONGARONE-FIERE-300x119.jpg\" alt=\"\" width=\"255\" height=\"101\" srcset=\"https:\/\/www.radiopiu.net\/wordpress\/wp-content\/uploads\/2021\/05\/LONGARONE-FIERE-300x119.jpg 300w, https:\/\/www.radiopiu.net\/wordpress\/wp-content\/uploads\/2021\/05\/LONGARONE-FIERE.jpg 556w\" sizes=\"auto, (max-width: 255px) 100vw, 255px\" \/><\/a>LONGARONE<\/strong> Longarone Fiere sta pianificando un ampio restyling per affrontare sfide pregresse e nuove opportunit\u00e0. La riqualificazione, lungamente rimandata a causa del Covid e dell&#8217;aumento dei costi energetici legati al conflitto in Ucraina, sar\u00e0 discussa durante l&#8217;assemblea dei soci del 24 giugno. Il sindaco Roberto Padrin sottolinea la necessit\u00e0 di aggiornare la certificazione antincendio e di migliorare le infrastrutture, incluso un possibile nuovo complesso alberghiero nel parco fieristico. Nonostante alcune carenze attuali, le fiere future sono gi\u00e0 ben prenotate. Si prevede un aumento di capitale per finanziare questi interventi, mirando a potenziare Longarone come hub territoriale e centro per eventi olimpici, sfruttando il suo potenziale turistico ed economico.<\/div>\n<\/div>\n<\/div>\n<\/div>\n<\/div>\n<p>&nbsp;<\/p>\n<p>&nbsp;<\/p>\n<p>&nbsp;<\/p>\n<hr \/>\n<p>&nbsp;<\/p>\n<p>&nbsp;<\/p>\n<blockquote><p><strong><a class=\"dt-pswp-item\" href=\"https:\/\/www.radiopiu.net\/wordpress\/wp-content\/uploads\/2024\/06\/Senza-nome-53.png\" data-dt-img-description=\"\" data-large_image_width=\"330\" data-large_image_height=\"112\"><img loading=\"lazy\" decoding=\"async\" class=\" wp-image-395690 alignleft\" src=\"https:\/\/www.radiopiu.net\/wordpress\/wp-content\/uploads\/2024\/06\/Senza-nome-53-300x102.png\" alt=\"\" width=\"241\" height=\"82\" srcset=\"https:\/\/www.radiopiu.net\/wordpress\/wp-content\/uploads\/2024\/06\/Senza-nome-53-300x102.png 300w, https:\/\/www.radiopiu.net\/wordpress\/wp-content\/uploads\/2024\/06\/Senza-nome-53.png 330w\" sizes=\"auto, (max-width: 241px) 100vw, 241px\" \/><\/a>We Love Nevegal esprime grande soddisfazione per aver portato un altro investitore sul Colle<\/strong><\/p><\/blockquote>\n<p><strong>BELLUNO <\/strong>We Love Nevegal esprime soddisfazione per l&#8217;acquisizione delle quote della Nevegal 2021 da parte del Consorzio Tolomeo, un passo cruciale per lo sviluppo locale. Lorenzo Baldanello di Uoffy Italia sottolinea la collaborazione positiva con il Consorzio, elogiando la loro competenza e visione per valorizzare il Nevegal tutto l&#8217;anno. Nevegallika, Amici del Nevegal e l&#8217;Associazione Proprietari accolgono favorevolmente l&#8217;adesione al progetto comune. Il futuro prevede ulteriori iniziative per revitalizzare il Colle, con il coinvolgimento attivo della comunit\u00e0 locale e il sostegno delle autorit\u00e0 comunali<\/p>\n<p>&nbsp;<\/p>\n<hr \/>\n<p>&nbsp;<\/p>\n<p><strong>OGGI LA GIUDIZIARIA<\/strong><\/p>\n<p><strong>DAL CORRIERE DELLE ALPI, GIGI SOSSO<\/strong><\/p>\n<h3>Madre Fugge in Marocco con la Figlia: Caso in Tribunale<\/h3>\n<p><strong>BELLUNO<\/strong> Una madre di Belluno \u00e8 in tribunale per sottrazione di minore all&#8217;estero. Dopo essersi trasferita temporaneamente in Francia con la famiglia,\u00a0 ha iniziato a negare la figlia al marito, poi \u00e8 tornata in Italia e si \u00e8 rifugiata a Piacenza. Nel 2020, \u00e8 fuggita in Marocco con la bambina, avviando pratiche di separazione. Il marito ha denunciato e sta cercando di riavere i diritti genitoriali. Il caso \u00e8 stato rinviato al 2 settembre.<\/p>\n<p>&nbsp;<\/p>\n<div class=\"group\/conversation-turn relative flex w-full min-w-0 flex-col agent-turn\">\n<div class=\"flex-col gap-1 md:gap-3\">\n<div class=\"flex flex-grow flex-col max-w-full\">\n<div class=\"min-h-[20px] text-message flex flex-col items-start whitespace-pre-wrap break-words [.text-message+&amp;]:mt-5 juice:w-full juice:items-end overflow-x-auto gap-2\" dir=\"auto\" data-message-author-role=\"assistant\" data-message-id=\"4e14d101-2254-449c-8933-7ccd12ae18d4\">\n<div class=\"flex w-full flex-col gap-1 juice:empty:hidden juice:first:pt-[3px]\">\n<div class=\"markdown prose w-full break-words dark:prose-invert dark\">\n<h3>Spara al Fratello con una Carabina: In Tribunale per Lesioni e Detenzione Illegale<\/h3>\n<p><strong>FELTRE<\/strong> Un uomo di Feltre \u00e8 in tribunale per lesioni aggravate e detenzione illegale di arma, poich\u00e9 la sua carabina ad aria compressa supera i 7,5 joule. L&#8217;imputato contesta la denuncia del fratello, sostenendo di non aver sparato. Le parti cercano un accordo per il risarcimento. Sentenza attesa il 2 settembre.<\/p>\n<\/div>\n<\/div>\n<\/div>\n<\/div>\n<\/div>\n<\/div>\n<p>&nbsp;<\/p>\n<p>&nbsp;<\/p>\n<hr \/>\n<p>&nbsp;<\/p>\n<h2><span style=\"color: #ff0000;\">CONSIGLI COMUNALI IN AGORDINO<\/span><\/h2>\n<p><strong>ROCCA PIETORE\u00a0<\/strong>Il neo eletto sindaco Valerio Davare ha convocato il primo consiglio comunale per oggi alle 18:30. Dopo l&#8217;insediamento di sindaco e consiglieri comunali, il giuramento del primo cittadino, l&#8217;approvazione delle linee programmatiche di governo e l&#8217;elezione della commissione elettorale comunale<\/p>\n<p><strong>COLLE SANTA<\/strong> <strong>LUCIA<\/strong> Domani alle 7:30 consiglio comunale. Il sindaco Paolo frena ha convocato i consiglieri per discutere 5 punti tra cui una variazione a bilancio, l&#8217;approvazione del piano degli interventi e la prima variante al regolamento edilizio comunale.<\/p>\n<p><strong>SAN TOMASO<\/strong> Consiglio comunale luned\u00ec alle 20. Saranno 10 i punti da discutere tra cui la convalida degli eletti a sindaco e consiglieri, il giuramento del sindaco Moreno De Val, la nomina degli assessori, l&#8217;elezione della commissione elettorale e la nomina degli assessori e dei rappresentanti in Unione Montana Agordina<\/p>\n<p><strong>ALLEGHE<\/strong> Consiglio comunale martedi alle 20:30. Il sindaco Danilo De Toni ha convocato i consiglieri per parlare di 10 punti tra cui il giuramento del sindaco, l&#8217;approvazione delle linee programmatiche, l&#8217;elezione della commissione elettorale e la nomina degli assessori e dei rappresentanti in Unione Montana Agordina<\/p>\n<p><strong>LA VALLE<\/strong> Il sindaco Ezio Zuanel ha convocato il consiglio comunale per marted\u00ec alle 18:30. Sette punti da discutere tra cui la convalida degli eletti a sindaco e consiglieri, il giuramento del sindaco, l&#8217;elezione della commissione elettorale e la designazione dei rappresentanti del comune presso enti, aziende ed istituzioni<\/p>\n<p>&nbsp;<\/p>\n<hr \/>\n<p>&nbsp;<\/p>\n<blockquote>\n<h3>IL NUOVO CAMPO DI CALCIO<\/h3>\n<p><strong>SANTA GIUSTINA<\/strong>\u00a0 Domani alle 20.45 la nuova amministrazione comunale inaugura il nuovo campo in sintetico in via\u00a0 Pulliere<\/p><\/blockquote>\n<p>&nbsp;<\/p>\n<hr \/>\n<p>&nbsp;<\/p>\n<blockquote>\n<h3><a class=\"dt-pswp-item\" href=\"https:\/\/www.radiopiu.net\/wordpress\/wp-content\/uploads\/2021\/06\/th-12.jpg\" data-dt-img-description=\"\" data-large_image_width=\"282\" data-large_image_height=\"188\"><img loading=\"lazy\" decoding=\"async\" class=\" wp-image-216172 alignleft\" src=\"https:\/\/www.radiopiu.net\/wordpress\/wp-content\/uploads\/2021\/06\/th-12.jpg\" alt=\"\" width=\"131\" height=\"87\" \/><\/a>L&#8217;ASSEMBLEA DEI SOCI BIM GSP<\/h3>\n<\/blockquote>\n<p><strong>BELLUNO<\/strong> Gestione Servizi Pubblici informa che oggi si terr\u00e0 l\u2019assemblea dei soci di Bim Gsp. L\u2019incontro, programmato alle 15 nella Sala Conferenze dell\u2019Hotel Villa Carpenada, prevede l\u2019approvazione del bilancio di esercizio 2023. I risultati conseguiti nell\u2019anno saranno illustrati dal Presidente della societ\u00e0, Attilio Sommavilla, coadiuvato dai consiglieri di amministrazione &#8211; Lara Stefani e Andrea Menin &#8211; e dal Collegio Sindacale<\/p>\n<p>&nbsp;<\/p>\n<hr \/>\n<p>&nbsp;<\/p>\n<div align=\"left\"><\/div>\n<blockquote>\n<div align=\"left\"><span style=\"color: #000000; font-family: Helvetica;\"><b>Inaugurata la nuova sede di Viale della Repubblica intitolata a Giuseppe Corazzin<\/b><\/span><\/div>\n<\/blockquote>\n<div align=\"left\"><span style=\"color: #000000; font-family: Helvetica;\"><strong><a class=\"dt-pswp-item\" href=\"https:\/\/www.radiopiu.net\/wordpress\/wp-content\/uploads\/2020\/11\/Schermata-2020-11-11-alle-12.25.13.png\" data-dt-img-description=\"\" data-large_image_width=\"594\" data-large_image_height=\"310\"><img loading=\"lazy\" decoding=\"async\" class=\"size-medium wp-image-172025 alignleft\" src=\"https:\/\/www.radiopiu.net\/wordpress\/wp-content\/uploads\/2020\/11\/Schermata-2020-11-11-alle-12.25.13-300x157.png\" alt=\"\" width=\"300\" height=\"157\" srcset=\"https:\/\/www.radiopiu.net\/wordpress\/wp-content\/uploads\/2020\/11\/Schermata-2020-11-11-alle-12.25.13-300x157.png 300w, https:\/\/www.radiopiu.net\/wordpress\/wp-content\/uploads\/2020\/11\/Schermata-2020-11-11-alle-12.25.13.png 594w\" sizes=\"auto, (max-width: 300px) 100vw, 300px\" \/><\/a>TREVISO<\/strong> Nelle province di Treviso e Belluno, un cittadino over 15 su dieci \u00e8 iscritto alla Cisl territoriale. Nella Marca, la Cisl \u00e8 presente con almeno un iscritto in 5.727 aziende; nel Bellunese in 1.697 imprese. Sono alcuni dei dati illustrati questa mattina nel corso dell\u2019intensa mattinata inaugurale della nuova sede della Cisl di Treviso, al civico 40 di viale della Repubblica, a Villorba. Sede intitolata a Giuseppe Corazzin \u00a0<\/span><span style=\"color: #000000; font-family: Helvetica;\">Nel Bellunese la Confederazione \u00e8 presente in 1.697 imprese con almeno un iscritto; sempre 10 le aziende con almeno 80 iscritti. In crescita costante anche i numeri del patronato Inas,\u00a0 nel 2023 ha elaborato 61.083 pratiche, \u00a018.940 a Belluno.\u00a0 L\u2019anno passato complessivamente fra Treviso e Belluno il Centro di assistenza fiscale della Cisl territoriale ha elaborato 65.254 dichiarazioni dei redditi,\u00a0 15.002 a Belluno<\/span><\/div>\n<blockquote>\n<p style=\"text-align: left;\"><span style=\"color: #000000; font-family: Helvetica;\"><em>\u201cQuesti numeri &#8211; ha detto <b>Paglini<\/b> nel corso della presentazione &#8211; sono una parte dell\u2019attivit\u00e0 di intermediazione sociale che svolge la Cisl sul territorio e rappresentano un tratto dei tanti colori che compongono l\u2019azione della Cisl a Treviso come a Belluno, che include naturalmente vertenzialit\u00e0, contrattazione, bilateralismo e formazione. I numeri ci restituiscono una Cisl in salute, ben radicata nel territorio e scelta da un cittadino su dieci nella popolazione con pi\u00f9 di 15 anni\u201d.\u00a0<\/em><\/span><\/p>\n<p>&nbsp;<\/p>\n<p>&nbsp;<\/p><\/blockquote>\n<hr \/>\n<p>&nbsp;<\/p>\n<blockquote>\n<h2>CILP e MOSTRA DELL&#8217;ARTIGIANATO<\/h2>\n<\/blockquote>\n<p><strong>FELTRE<\/strong>\u00a0 La prossima settimana la Citt\u00e0 di Feltre ospiter\u00e0 la Mostra dell&#8217;Artigianato e il CILP sar\u00e0 presente con il suo gruppo di lettori presso la Chiesa di San Giovanni Nepomuceno in via Paradiso. I Libri Parlanti vi intratterranno con letture nei seguenti orari: \u00a0Venerd\u00ec 28 dalle 16.00 alle 18.00 \u00a0Sabato 29 dalle 10.00 alle 12.00 e dalle 16.00 alle 18.00<br \/>\nDomenica 30 dalle 10.00 alle 12.00 Sar\u00e0 allestita anche una mostra fotografica con la storia dei 40 anni del CILP<br \/>\n<a class=\"dt-pswp-item\" href=\"https:\/\/www.radiopiu.net\/wordpress\/wp-content\/uploads\/2024\/06\/fd2eb428-268e-4255-8a1c-ec356dbcd979.jpg\" data-dt-img-description=\"\" data-large_image_width=\"1080\" data-large_image_height=\"1080\"><img loading=\"lazy\" decoding=\"async\" class=\"size-medium wp-image-395484 aligncenter\" src=\"https:\/\/www.radiopiu.net\/wordpress\/wp-content\/uploads\/2024\/06\/fd2eb428-268e-4255-8a1c-ec356dbcd979-300x300.jpg\" alt=\"\" width=\"300\" height=\"300\" srcset=\"https:\/\/www.radiopiu.net\/wordpress\/wp-content\/uploads\/2024\/06\/fd2eb428-268e-4255-8a1c-ec356dbcd979-300x300.jpg 300w, https:\/\/www.radiopiu.net\/wordpress\/wp-content\/uploads\/2024\/06\/fd2eb428-268e-4255-8a1c-ec356dbcd979-1024x1024.jpg 1024w, https:\/\/www.radiopiu.net\/wordpress\/wp-content\/uploads\/2024\/06\/fd2eb428-268e-4255-8a1c-ec356dbcd979-150x150.jpg 150w, https:\/\/www.radiopiu.net\/wordpress\/wp-content\/uploads\/2024\/06\/fd2eb428-268e-4255-8a1c-ec356dbcd979-768x768.jpg 768w, https:\/\/www.radiopiu.net\/wordpress\/wp-content\/uploads\/2024\/06\/fd2eb428-268e-4255-8a1c-ec356dbcd979.jpg 1080w\" sizes=\"auto, (max-width: 300px) 100vw, 300px\" \/><\/a><\/p>\n<p>&nbsp;<\/p>\n<hr \/>\n<p>&nbsp;<\/p>\n<blockquote>\n<h3>DOMANI LA GIORNATA DEL DOLOMITES BIKE DAY<\/h3>\n<\/blockquote>\n<p><strong>ARABBA <\/strong>Dolomites Bike Day 2024 si terr\u00e0 questo sabato, 22 giugno. L&#8217;evento promette una giornata indimenticabile per il popolo delle biciclette, che potr\u00e0 pedalare attraverso i paesaggi spettacolari delle Dolomiti UNESCO, patrimonio mondiale. L&#8217;evento ciclistico si terr\u00e0 sabato 22 giugno 2024, giunto alla sua 7\u00aa edizione. Le strade attorno al Col di Lana, inclusi i Passi Campolongo, Falzarego e Valparola, saranno riservate ai ciclisti dalle 8:30 alle 14:30. Il percorso \u00e8 lungo 51 km con un dislivello di 1.370 metri. Il Dolomites Bike Day non \u00e8 una competizione, ma un evento non competitivo aperto a tutti, dagli appassionati della bicicletta, dai pi\u00f9 giovani ai meno giovani. Per l&#8217;intera durata della manifestazione, le strade del percorso saranno chiuse al traffico motorizzato, permettendo ai partecipanti di pedalare o camminare in sicurezza e tranquillit\u00e0 e rumori, godendo dei panorami mozzafiato delle Dolomiti Iscrizione e Partecipazione: La partecipazione al Sellaronda Bike Day \u00e8 gratuita e non richiede iscrizione preventiva. I partecipanti possono partire liberamente da dove vogliono. Sostenibilit\u00e0 e Ambiente: Il Dolomites Bike Day, in linea con i valori di sostenibilit\u00e0 delle Dolomiti, incoraggia pratiche ecologiche. Si invitano infatti tutti i partecipanti a contribuire alla pulizia e al rispetto dell&#8217;ambiente naturale, evitando l&#8217;uso di plastica monouso. Per Maggiori Informazioni: Per ulteriori dettagli sull&#8217;evento, \u00e8 possibile visitare il sito ufficiale <a target=\"_new\" rel=\"noreferrer noopener\">www.dolomitesbikeday.it<\/a>. Dolomites Bike Day per una giornata all&#8217;aria aperta all&#8217;insegna della natura.<\/p>\n\n\t\t\t<style type='text\/css'>\n\t\t\t\t#gallery-3 {\n\t\t\t\t\tmargin: auto;\n\t\t\t\t}\n\t\t\t\t#gallery-3 .gallery-item {\n\t\t\t\t\tfloat: left;\n\t\t\t\t\tmargin-top: 10px;\n\t\t\t\t\ttext-align: center;\n\t\t\t\t\twidth: 33%;\n\t\t\t\t}\n\t\t\t\t#gallery-3 img {\n\t\t\t\t\tborder: 2px solid #cfcfcf;\n\t\t\t\t}\n\t\t\t\t#gallery-3 .gallery-caption {\n\t\t\t\t\tmargin-left: 0;\n\t\t\t\t}\n\t\t\t\t\/* see gallery_shortcode() in wp-includes\/media.php *\/\n\t\t\t<\/style>\n\t\t<div id='gallery-3' class='dt-gallery-container gallery galleryid-395523 gallery-columns-3 gallery-size-thumbnail'><dl class='gallery-item'>\n\t\t\t\t<dt class='gallery-icon portrait'>\n\t\t\t\t\t<a class=\"rollover rollover-zoom dt-pswp-item\" title=\"Percorso-Dolomites-Bike-Day\" data-dt-img-description=\"\" data-large_image_width=\"1023\" data-large_image_height=\"1037\"href='https:\/\/www.radiopiu.net\/wordpress\/wp-content\/uploads\/2024\/06\/Percorso-Dolomites-Bike-Day.jpg'><img loading=\"lazy\" decoding=\"async\" width=\"150\" height=\"150\" src=\"https:\/\/www.radiopiu.net\/wordpress\/wp-content\/uploads\/2024\/06\/Percorso-Dolomites-Bike-Day-150x150.jpg\" class=\"attachment-thumbnail size-thumbnail\" alt=\"\" \/><\/a>\n\t\t\t\t<\/dt><\/dl><dl class='gallery-item'>\n\t\t\t\t<dt class='gallery-icon landscape'>\n\t\t\t\t\t<a class=\"rollover rollover-zoom dt-pswp-item\" title=\"\u00a9MattiaDavare-DolomitesBikeDay_2023-28\" data-dt-img-description=\"\" data-large_image_width=\"2000\" data-large_image_height=\"1333\"href='https:\/\/www.radiopiu.net\/wordpress\/wp-content\/uploads\/2024\/06\/\u00a9MattiaDavare-DolomitesBikeDay_2023-28.jpg'><img loading=\"lazy\" decoding=\"async\" width=\"150\" height=\"150\" src=\"https:\/\/www.radiopiu.net\/wordpress\/wp-content\/uploads\/2024\/06\/\u00a9MattiaDavare-DolomitesBikeDay_2023-28-150x150.jpg\" class=\"attachment-thumbnail size-thumbnail\" alt=\"\" \/><\/a>\n\t\t\t\t<\/dt><\/dl><dl class='gallery-item'>\n\t\t\t\t<dt class='gallery-icon landscape'>\n\t\t\t\t\t<a class=\"rollover rollover-zoom dt-pswp-item\" title=\"57_5R3A0921_DolomitesBikeDay_ManuelGlira\" data-dt-img-description=\"\" data-large_image_width=\"2560\" data-large_image_height=\"1708\"href='https:\/\/www.radiopiu.net\/wordpress\/wp-content\/uploads\/2024\/06\/57_5R3A0921_DolomitesBikeDay_ManuelGlira-scaled.jpg'><img loading=\"lazy\" decoding=\"async\" width=\"150\" height=\"150\" src=\"https:\/\/www.radiopiu.net\/wordpress\/wp-content\/uploads\/2024\/06\/57_5R3A0921_DolomitesBikeDay_ManuelGlira-150x150.jpg\" class=\"attachment-thumbnail size-thumbnail\" alt=\"\" \/><\/a>\n\t\t\t\t<\/dt><\/dl><br style=\"clear: both\" \/>\n\t\t\t<\/div>\n\n<p>&nbsp;<\/p>\n<p>&nbsp;<\/p>\n<hr \/>\n<p>&nbsp;<\/p>\n<p>&nbsp;<\/p>\n<p class=\"western\" lang=\"en-US\" align=\"center\"><span style=\"color: #0070c0;\"><span style=\"font-family: Mark W1G, sans-serif;\"><span style=\"font-size: 300%;\"><span lang=\"it-IT\"><b>Dolomiti Superski e SHRED.<\/b><\/span><\/span><\/span><\/span><span style=\"color: #0070c0;\"><span style=\"font-family: Mark W1G, sans-serif;\"><span style=\"font-size: xx-large;\"><span lang=\"it-IT\"><b><br \/>\nAnnunciata partnership esclusiva di tre anni<\/b><\/span><\/span><\/span><\/span><\/p>\n<p class=\"western\" lang=\"en-US\" align=\"justify\"><span style=\"color: #000000;\"><span style=\"font-family: Mark W1G, sans-serif;\"><span style=\"font-size: small;\"><span lang=\"it-IT\"><b>Park City, Utah e Ortisei, Italia \u2014 [19\/06\/2024]<\/b><\/span><\/span><\/span><\/span><span style=\"color: #000000;\"><span style=\"font-family: Mark W1G, sans-serif;\"><span style=\"font-size: small;\"><span lang=\"it-IT\"> \u2014 <\/span><\/span><\/span><\/span><span style=\"color: #000000;\"><span style=\"font-family: Mark W1G, sans-serif;\"><span style=\"font-size: small;\"><span lang=\"it-IT\"><i><b>Dolomiti Superski, la destinazione invernale pi\u00f9 grande e prestigiosa al mondo, e SHRED., il marchio pioniere di innovazioni nel mondo dell\u2019eyewear, dei caschi e delle protezioni, sono entusiasti di annunciare la loro partnership esclusiva di tre anni. Questa collaborazione mira ad elevare l&#8217;esperienza nella pratica di sci, snowboard e mountain bike per gli appassionati in tutta Europa e negli Stati Uniti, unendo il meglio dei due mondi in avventura, performance, qualit\u00e0 e know-how.<\/b><\/i><\/span><\/span><\/span><\/span><\/p>\n<blockquote>\n<p class=\"western\" lang=\"en-US\" align=\"justify\"><em><span style=\"color: #000000;\"><span style=\"font-family: Mark W1G, sans-serif;\"><span style=\"font-size: small;\"><span lang=\"it-IT\"><b>Andy Varallo<\/b><\/span><\/span><\/span><\/span><span style=\"color: #000000;\"><span style=\"font-family: Mark W1G, sans-serif;\"><span style=\"font-size: small;\"><span lang=\"it-IT\">, Presidente di Dolomiti Superski, commenta: &#8220;Dolomiti Superski e SHRED. sono molto simili. Da un lato, entrambe le entit\u00e0 operano sulle quattro stagioni, offrendo prodotti e servizi dedicati a coloro che amano vivere lo sport a contatto con la natura durante tutto l&#8217;anno. In effetti, Dolomiti Superski in estate diventa Dolomiti Supersummer. Dall&#8217;altro, sia Dolomiti Superski\/Dolomiti Supersummer che SHRED. si rivolgono a un pubblico con interessi identici: sciatori, snowboarder, freestyler e mountain biker. La partnership tra noi \u00e8 una conseguenza quasi naturale che offre grandi possibilit\u00e0 sinergiche con benefici per entrambe le nostre aziende e soprattutto per i nostri utenti comuni.&#8221;<\/span><\/span><\/span><\/span><\/em><\/p>\n<\/blockquote>\n<p>&nbsp;<\/p>\n<hr \/>\n<p>&nbsp;<\/p>\n<div class=\"flex-1 overflow-hidden\">\n<div class=\"react-scroll-to-bottom--css-miyoy-79elbk h-full\">\n<div class=\"react-scroll-to-bottom--css-miyoy-1n7m0yu\">\n<div class=\"flex flex-col text-sm md:pb-9\">\n<div class=\"w-full text-token-text-primary\" dir=\"auto\" data-testid=\"conversation-turn-17\" data-scroll-anchor=\"true\">\n<div class=\"py-2 juice:py-[18px] px-3 text-base md:px-4 m-auto md:px-5 lg:px-1 xl:px-5\">\n<div class=\"mx-auto flex flex-1 gap-3 text-base juice:gap-4 juice:md:gap-5 juice:lg:gap-6 md:max-w-3xl\">\n<div class=\"group\/conversation-turn relative flex w-full min-w-0 flex-col agent-turn\">\n<div class=\"flex-col gap-1 md:gap-3\">\n<div class=\"flex flex-grow flex-col max-w-full\">\n<div class=\"min-h-[20px] text-message flex flex-col items-start whitespace-pre-wrap break-words [.text-message+&amp;]:mt-5 juice:w-full juice:items-end overflow-x-auto gap-2\" dir=\"auto\" data-message-author-role=\"assistant\" data-message-id=\"85c91ce2-a647-4806-a6f8-171a12ebd094\">\n<div class=\"flex w-full flex-col gap-1 juice:empty:hidden juice:first:pt-[3px]\">\n<div class=\"markdown prose w-full break-words dark:prose-invert dark\">\n<blockquote>\n<h3>Prima Edizione del Gal\u00e0 Bandistico delle Dolomiti<\/h3>\n<\/blockquote>\n<p><strong><a class=\"dt-pswp-item\" href=\"https:\/\/www.radiopiu.net\/wordpress\/wp-content\/uploads\/2024\/06\/Senza-nome-50.png\" data-dt-img-description=\"\" data-large_image_width=\"188\" data-large_image_height=\"147\"><img loading=\"lazy\" decoding=\"async\" class=\"size-full wp-image-395662 alignleft\" src=\"https:\/\/www.radiopiu.net\/wordpress\/wp-content\/uploads\/2024\/06\/Senza-nome-50.png\" alt=\"\" width=\"188\" height=\"147\" \/><\/a>BELLUNO<\/strong> Domenica 23 giugno alle 18, al Teatro &#8220;D. Buzzati&#8221;, si terr\u00e0 la prima edizione del Gal\u00e0 Bandistico delle Dolomiti. Questo evento vedr\u00e0 la partecipazione della Filarmonica di Belluno e della Banda Citt\u00e0 di Feltre. Parte del progetto Culture Link, sostenuto dalla Fondazione Teatri Delle Dolomiti, Fondazione Cariverona e Cortina Banca, il Gal\u00e0 mira a valorizzare le realt\u00e0 artistiche della provincia di Belluno. L\u2019evento \u00e8 realizzato in collaborazione con l\u2019assessorato alla cultura dei Comuni di Belluno e Feltre. Per maggiori informazioni \u00a00437 444066; <a rel=\"noreferrer\">info@teatridelleDolomiti.it<\/a><\/p>\n<\/div>\n<\/div>\n<\/div>\n<\/div>\n<div class=\"mt-1 flex gap-3 empty:hidden juice:-ml-3\">\n<div class=\"items-center justify-start rounded-xl p-1 flex\">\n<div class=\"flex items-center\">\n<blockquote>\n<div class=\"flex\"><em>La Banda Citt\u00e0 di Feltre, fondata nel 1856, \u00e8 oggi un&#8217;importante associazione di promozione sociale diretta dal Maestro Ivan Villanova. La Filarmonica di Belluno 1867, composta da circa quaranta musicisti, \u00e8 diretta dal Maestro Giovanni Vettore.\u00a0<\/em><\/div>\n<div><\/div>\n<div><\/div>\n<\/blockquote>\n<\/div>\n<\/div>\n<\/div>\n<\/div>\n<\/div>\n<\/div>\n<\/div>\n<\/div>\n<\/div>\n<\/div>\n<\/div>\n<\/div>\n<p>&nbsp;<\/p>\n<hr \/>\n<p><a class=\"dt-pswp-item\" href=\"https:\/\/www.radiopiu.net\/wordpress\/wp-content\/uploads\/2024\/06\/6a884a5b-a4cf-4bb3-a957-2de3050cec0b-1.jpg\" data-dt-img-description=\"\" data-large_image_width=\"1127\" data-large_image_height=\"1600\"><img loading=\"lazy\" decoding=\"async\" class=\"wp-image-395682 aligncenter\" src=\"https:\/\/www.radiopiu.net\/wordpress\/wp-content\/uploads\/2024\/06\/6a884a5b-a4cf-4bb3-a957-2de3050cec0b-1-721x1024.jpg\" alt=\"\" width=\"308\" height=\"437\" srcset=\"https:\/\/www.radiopiu.net\/wordpress\/wp-content\/uploads\/2024\/06\/6a884a5b-a4cf-4bb3-a957-2de3050cec0b-1-721x1024.jpg 721w, https:\/\/www.radiopiu.net\/wordpress\/wp-content\/uploads\/2024\/06\/6a884a5b-a4cf-4bb3-a957-2de3050cec0b-1-211x300.jpg 211w, https:\/\/www.radiopiu.net\/wordpress\/wp-content\/uploads\/2024\/06\/6a884a5b-a4cf-4bb3-a957-2de3050cec0b-1-768x1090.jpg 768w, https:\/\/www.radiopiu.net\/wordpress\/wp-content\/uploads\/2024\/06\/6a884a5b-a4cf-4bb3-a957-2de3050cec0b-1-1082x1536.jpg 1082w, https:\/\/www.radiopiu.net\/wordpress\/wp-content\/uploads\/2024\/06\/6a884a5b-a4cf-4bb3-a957-2de3050cec0b-1.jpg 1127w\" sizes=\"auto, (max-width: 308px) 100vw, 308px\" \/><\/a><\/p>\n<p>&nbsp;<\/p>\n<hr \/>\n<p>&nbsp;<\/p>\n<blockquote>\n<h3>Lamon, Piccoli Scrigni d&#8217;Arte&#8221;: Aperture Estive di Chiese e Museo Civico<\/h3>\n<\/blockquote>\n<p><strong>LAMON<\/strong> Durante luglio e agosto, la chiesa di San Daniele, la Chiesa di San Pietro e il Museo Civico Archeologico di Lamon saranno aperti tutte le domeniche dalle 10 alle 12. Questa iniziativa culturale e turistica, promossa da Comune, parrocchia e Pro Loco lamonese, mira a valorizzare opere d&#8217;arte e reperti archeologici di grande valore artistico e storico. Il museo ospita reperti dalla necropoli romana di San Donato, mentre le chiese conservano opere di artisti veneti e bellunesi del XVI e XVII secolo.<\/p>\n<p>&nbsp;<\/p>\n<hr \/>\n<p>&nbsp;<\/p>\n<blockquote>\n<h3><a class=\"dt-pswp-item\" href=\"https:\/\/www.radiopiu.net\/wordpress\/wp-content\/uploads\/2024\/06\/Locandina-MOLOM.jpg\" data-dt-img-description=\"\" data-large_image_width=\"1448\" data-large_image_height=\"2048\"><img loading=\"lazy\" decoding=\"async\" class=\"wp-image-395720 alignleft\" src=\"https:\/\/www.radiopiu.net\/wordpress\/wp-content\/uploads\/2024\/06\/Locandina-MOLOM-212x300.jpg\" alt=\"\" width=\"115\" height=\"163\" srcset=\"https:\/\/www.radiopiu.net\/wordpress\/wp-content\/uploads\/2024\/06\/Locandina-MOLOM-212x300.jpg 212w, https:\/\/www.radiopiu.net\/wordpress\/wp-content\/uploads\/2024\/06\/Locandina-MOLOM-724x1024.jpg 724w, https:\/\/www.radiopiu.net\/wordpress\/wp-content\/uploads\/2024\/06\/Locandina-MOLOM-768x1086.jpg 768w, https:\/\/www.radiopiu.net\/wordpress\/wp-content\/uploads\/2024\/06\/Locandina-MOLOM-1086x1536.jpg 1086w, https:\/\/www.radiopiu.net\/wordpress\/wp-content\/uploads\/2024\/06\/Locandina-MOLOM.jpg 1448w\" sizes=\"auto, (max-width: 115px) 100vw, 115px\" \/><\/a>Performance Multidisciplinare MOLOM in Ex Cava di Castellavazzo<\/h3>\n<\/blockquote>\n<p><strong>CASTELLAVAZZO<\/strong> Domani\u00a0 alle 18.00 presso l&#8217;ex cava Rodei di Castellavazzo, si terr\u00e0 MOLOM, una performance multidisciplinare che unisce arte visiva e sound art. Organizzata dall&#8217;Associazione Pietra e Scalpellini, l&#8217;evento \u00e8 creato dal duo artistico Berta-Pedretti. Biglietti a \u20ac5, posti limitati. Prenotazioni a <a rel=\"noreferrer\">pietraescalpellini@gmail.com<\/a>.<\/p>\n<p>&nbsp;<\/p>\n<p>&nbsp;<\/p>\n<p>&nbsp;<\/p>\n<p>&nbsp;<\/p>\n<hr \/>\n<p>&nbsp;<\/p>\n<p>&nbsp;<\/p>\n<blockquote>\n<h3><span style=\"color: #ff0000;\">PRESEPI FUORI TEMPO<\/span><\/h3>\n<p><em>DOMANI L&#8217;INAUGURAZIONE DELLA MOSTRA IN SALA DON TAMIS\u00a0<\/em><\/p><\/blockquote>\n<p>&nbsp;<\/p>\n<audio class=\"wp-audio-shortcode\" id=\"audio-395523-10\" preload=\"none\" style=\"width: 100%;\" controls=\"controls\"><source type=\"audio\/mpeg\" src=\"https:\/\/www.radiopiu.net\/wordpress\/wp-content\/uploads\/2024\/06\/PRESEPE-GIANNI.mp3?_=10\" \/><a href=\"https:\/\/www.radiopiu.net\/wordpress\/wp-content\/uploads\/2024\/06\/PRESEPE-GIANNI.mp3\">https:\/\/www.radiopiu.net\/wordpress\/wp-content\/uploads\/2024\/06\/PRESEPE-GIANNI.mp3<\/a><\/audio>\n<p>&nbsp;<\/p>\n<p>&nbsp;<\/p>\n<hr \/>\n<h2><span style=\"color: #33cccc;\">\u00a0<\/span><\/h2>\n<h2><span style=\"color: #33cccc;\">IL PRIMO APPUNTAMENTO CON AGORDO MUSICA CON I CRYSTAL TEARS<\/span><\/h2>\n<p><a class=\"dt-pswp-item\" href=\"https:\/\/www.radiopiu.net\/wordpress\/wp-content\/uploads\/2024\/06\/CRYSTAL.png\" data-dt-img-description=\"\" data-large_image_width=\"538\" data-large_image_height=\"306\"><img loading=\"lazy\" decoding=\"async\" class=\" wp-image-395413 alignleft\" src=\"https:\/\/www.radiopiu.net\/wordpress\/wp-content\/uploads\/2024\/06\/CRYSTAL-300x171.png\" alt=\"\" width=\"204\" height=\"116\" srcset=\"https:\/\/www.radiopiu.net\/wordpress\/wp-content\/uploads\/2024\/06\/CRYSTAL-300x171.png 300w, https:\/\/www.radiopiu.net\/wordpress\/wp-content\/uploads\/2024\/06\/CRYSTAL.png 538w\" sizes=\"auto, (max-width: 204px) 100vw, 204px\" \/><\/a><strong>INTERVISTA DI PINA SBATINI<\/strong><\/p>\n<audio class=\"wp-audio-shortcode\" id=\"audio-395523-11\" preload=\"none\" style=\"width: 100%;\" controls=\"controls\"><source type=\"audio\/mpeg\" src=\"https:\/\/www.radiopiu.net\/wordpress\/wp-content\/uploads\/2024\/06\/intervista-1-Pina-Sabatini-intervista-Elettra-De-Biasi-per-concerto-Crystal-Tears-22-giugno-2024-1.mp3?_=11\" \/><a href=\"https:\/\/www.radiopiu.net\/wordpress\/wp-content\/uploads\/2024\/06\/intervista-1-Pina-Sabatini-intervista-Elettra-De-Biasi-per-concerto-Crystal-Tears-22-giugno-2024-1.mp3\">https:\/\/www.radiopiu.net\/wordpress\/wp-content\/uploads\/2024\/06\/intervista-1-Pina-Sabatini-intervista-Elettra-De-Biasi-per-concerto-Crystal-Tears-22-giugno-2024-1.mp3<\/a><\/audio>\n<p>&nbsp;<\/p>\n<hr \/>\n<p>&nbsp;<\/p>\n<blockquote>\n<h3>SABATO 22 GIUGNO LA PRESENTAZIONE DEL LIBRO SUI SACERDOTI DELLA VALLE DEL BIOIS<\/h3>\n<\/blockquote>\n<p><strong><a class=\"dt-pswp-item\" href=\"https:\/\/www.radiopiu.net\/wordpress\/wp-content\/uploads\/2024\/06\/sacerd.png\" data-dt-img-description=\"\" data-large_image_width=\"638\" data-large_image_height=\"397\"><img loading=\"lazy\" decoding=\"async\" class=\" wp-image-394831 alignleft\" src=\"https:\/\/www.radiopiu.net\/wordpress\/wp-content\/uploads\/2024\/06\/sacerd-300x187.png\" alt=\"\" width=\"204\" height=\"127\" srcset=\"https:\/\/www.radiopiu.net\/wordpress\/wp-content\/uploads\/2024\/06\/sacerd-300x187.png 300w, https:\/\/www.radiopiu.net\/wordpress\/wp-content\/uploads\/2024\/06\/sacerd.png 638w\" sizes=\"auto, (max-width: 204px) 100vw, 204px\" \/><\/a>CANALE D&#8217;AGORDO<\/strong><\/p>\n<p>LORIS SERAFINI, DIRETTORE DEL MUSAL<\/p>\n<audio class=\"wp-audio-shortcode\" id=\"audio-395523-12\" preload=\"none\" style=\"width: 100%;\" controls=\"controls\"><source type=\"audio\/mpeg\" src=\"https:\/\/www.radiopiu.net\/wordpress\/wp-content\/uploads\/2024\/06\/LORIS-SERAFINI-SACERDOTI.mp3?_=12\" \/><a href=\"https:\/\/www.radiopiu.net\/wordpress\/wp-content\/uploads\/2024\/06\/LORIS-SERAFINI-SACERDOTI.mp3\">https:\/\/www.radiopiu.net\/wordpress\/wp-content\/uploads\/2024\/06\/LORIS-SERAFINI-SACERDOTI.mp3<\/a><\/audio>\n<p>&nbsp;<\/p>\n<p>&nbsp;<\/p>\n<hr \/>\n<p>&nbsp;<\/p>\n<blockquote>\n<h3>Diario di un Sindaco: Vent&#8217;anni di Esperienze e Dedizione<\/h3>\n<\/blockquote>\n<blockquote><p><em>&#8220;uno spaccato interessante della nostra societ\u00e0 e delle vicissitudini amministrative&#8221;.\u00a0<\/em><\/p><\/blockquote>\n<p style=\"padding-left: 40px;\"><strong>ROCCA PIETORE<\/strong><\/p>\n<p><img decoding=\"async\" src=\"https:\/\/www.radiopiu.net\/wordpress\/wp-content\/uploads\/2024\/06\/23cf37c2-45db-4ab5-81e2-738189f8850b.jpg\" \/><\/p>\n<div class=\"flex flex-grow flex-col max-w-full\">\n<div class=\"min-h-[20px] text-message flex flex-col items-start whitespace-pre-wrap break-words [.text-message+&amp;]:mt-5 juice:w-full juice:items-end overflow-x-auto gap-2\" dir=\"auto\" data-message-author-role=\"assistant\" data-message-id=\"eceef8cf-552a-4279-af45-64ad67149b76\">\n<div class=\"flex w-full flex-col gap-1 juice:empty:hidden juice:first:pt-[3px]\">\n<div class=\"markdown prose w-full break-words dark:prose-invert dark\">\n<p>&#8220;Diario di un Sindaco&#8221; di Andrea De Bernardin: Vent&#8217;anni in municipio, quindici da sindaco. Un percorso di vita tra l&#8217;ordinaria amministrazione e eventi straordinari come tempeste, valanghe, frane e confini. Un tributo alla protezione civile e ai volontari che donano il loro tempo prezioso. Ora in distribuzione.<\/p>\n<\/div>\n<\/div>\n<\/div>\n<\/div>\n<div class=\"mt-1 flex gap-3 empty:hidden juice:-ml-3\">\n<div class=\"items-center justify-start rounded-xl p-1 flex\">\n<div class=\"flex items-center\"><\/div>\n<\/div>\n<\/div>\n<p><strong>AUDIO<\/strong><\/p>\n<audio class=\"wp-audio-shortcode\" id=\"audio-395523-13\" preload=\"none\" style=\"width: 100%;\" controls=\"controls\"><source type=\"audio\/mpeg\" src=\"https:\/\/www.radiopiu.net\/wordpress\/wp-content\/uploads\/2024\/06\/DIARIO-DI-UN-SINDACO_BA.mp3?_=13\" \/><a href=\"https:\/\/www.radiopiu.net\/wordpress\/wp-content\/uploads\/2024\/06\/DIARIO-DI-UN-SINDACO_BA.mp3\">https:\/\/www.radiopiu.net\/wordpress\/wp-content\/uploads\/2024\/06\/DIARIO-DI-UN-SINDACO_BA.mp3<\/a><\/audio>\n<p>&nbsp;<\/p>\n<hr \/>\n<p>&nbsp;<\/p>\n<blockquote>\n<h3>CON IL CAI DI AGORDO<\/h3>\n<\/blockquote>\n<p><strong>AGORDO<\/strong>\u00a0Doppio appuntamento di vie ferrate per il prossimo fine settimana con i giovani Aquilotti e con gli adulti. Due esperienze simili ma con aspettative e sensazioni diverse ma entrambe appaganti, che andranno ad arricchire il bagaglio personale di chi le salir\u00e0. Sabato escursione alle cascate di Fanes,\u00a0 e domenica sul Monte Coppolo, vette Feltrine.<\/p>\n<p>&nbsp;<\/p>\n<p>&nbsp;<\/p>\n<hr \/>\n<p>&nbsp;<\/p>\n<h3>\u00a0CON IL CAI DI BELLUNO<\/h3>\n<p><strong>BELLUNO<\/strong>\u00a0 Domenica 30 giugno 2024 si terr\u00e0 l&#8217;escursione ai Labirinti della Moiazza. Il ritrovo \u00e8 fissato per le ore 7.00 presso Piazzale Resistenza, con rientro previsto in serata. Il percorso prevede un dislivello in salita di circa 900 metri e un tempo di percorrenza di circa 5 ore, escluse le soste. Iscrizioni online entro il 29 giugno: <a href=\"https:\/\/form.jotform.com\/EscursionismoCaiBL\/Labirinti\" target=\"_new\" rel=\"noreferrer noopener\">link<\/a>.<\/p>\n<p>&nbsp;<\/p>\n<p>&nbsp;<\/p>\n<hr \/>\n<p>&nbsp;<\/p>\n<p>&nbsp;<\/p>\n<blockquote><p><strong><a class=\"dt-pswp-item\" href=\"https:\/\/www.radiopiu.net\/wordpress\/wp-content\/uploads\/2024\/06\/pic-nic-inalto-2.jpg\" data-dt-img-description=\"\" data-large_image_width=\"1200\" data-large_image_height=\"1600\"><img loading=\"lazy\" decoding=\"async\" class=\" wp-image-395685 alignleft\" src=\"https:\/\/www.radiopiu.net\/wordpress\/wp-content\/uploads\/2024\/06\/pic-nic-inalto-2-225x300.jpg\" alt=\"\" width=\"137\" height=\"183\" srcset=\"https:\/\/www.radiopiu.net\/wordpress\/wp-content\/uploads\/2024\/06\/pic-nic-inalto-2-225x300.jpg 225w, https:\/\/www.radiopiu.net\/wordpress\/wp-content\/uploads\/2024\/06\/pic-nic-inalto-2-768x1024.jpg 768w, https:\/\/www.radiopiu.net\/wordpress\/wp-content\/uploads\/2024\/06\/pic-nic-inalto-2-1152x1536.jpg 1152w, https:\/\/www.radiopiu.net\/wordpress\/wp-content\/uploads\/2024\/06\/pic-nic-inalto-2.jpg 1200w\" sizes=\"auto, (max-width: 137px) 100vw, 137px\" \/><\/a>\u201cEL PROSAC\u201d, LA PAUSA GOURMET CON VISTA MOZZAFIATO DEL RIFUGIO INALTO<\/strong><\/p><\/blockquote>\n<p>Nel comprensorio Alpe Lusia\/San Pellegrino, l&#8217;esperienza del digital detox invita a disconnettersi per riconnettersi con la natura. Il rifugio InAlto offre un pic-nic esclusivo in vetta al Col Margherita, a 2.514 m, con piatti stagionali preparati dallo chef Alfio Ghezzi. Accessibile via funivia dal Passo San Pellegrino, il rifugio \u00e8 rinomato per le sue creazioni culinarie, ideali per godersi le Dolomiti in tranquillit\u00e0 e relax, lontano dal trambusto quotidiano.<\/p>\n<p>&nbsp;<\/p>\n<p><em><strong>ALPE LUSIA &#8211; SAN PELLEGRINO: L\u2019ESTATE \u00c8 INIZIATA<\/strong><\/em><\/p>\n<p><em><strong>\u00a0<\/strong><\/em><em>\u00c8 tempo di tornare in vetta nel comprensorio Alpe Lusia\/San Pellegrino. Il 15 giugno hanno aperto gli impianti dell\u2019Alpe Lusia, segnando l\u2019avvio di una stagione estiva ricca di novit\u00e0 soprattutto per chi viaggia in famiglia.<\/em><\/p>\n<p><em>\u00a0Domani<\/em><em> toccher\u00e0 invece alla seggiovia Costabella premere lo start. La Funivia Col Margherita e l\u2019adiacente rifugio InAlto apriranno invece dal 29 giugno. Dal 6 luglio, con l\u2019attivazione degli impianti che collegano Falcade al rifugio Laresei, la stagione estiva prender\u00e0 il via nell\u2019intero arco alpino racchiuso tra la Val di Fassa e la Valle del Biois.\u00a0<\/em><\/p>\n<p>&nbsp;<\/p>\n<p>&nbsp;<\/p>\n<hr \/>\n<p>&nbsp;<\/p>\n<blockquote>\n<h3>OBIEZIONE ALLA GUERRA: L&#8217;INCONTRO A BELLUNO<\/h3>\n<\/blockquote>\n<p><strong><a class=\"dt-pswp-item\" href=\"https:\/\/www.radiopiu.net\/wordpress\/wp-content\/uploads\/2024\/06\/locandina_21giugno2024.jpg\" data-dt-img-description=\"\" data-large_image_width=\"842\" data-large_image_height=\"1191\"><img loading=\"lazy\" decoding=\"async\" class=\" wp-image-395006 alignleft\" src=\"https:\/\/www.radiopiu.net\/wordpress\/wp-content\/uploads\/2024\/06\/locandina_21giugno2024-212x300.jpg\" alt=\"\" width=\"119\" height=\"168\" srcset=\"https:\/\/www.radiopiu.net\/wordpress\/wp-content\/uploads\/2024\/06\/locandina_21giugno2024-212x300.jpg 212w, https:\/\/www.radiopiu.net\/wordpress\/wp-content\/uploads\/2024\/06\/locandina_21giugno2024-724x1024.jpg 724w, https:\/\/www.radiopiu.net\/wordpress\/wp-content\/uploads\/2024\/06\/locandina_21giugno2024-768x1086.jpg 768w, https:\/\/www.radiopiu.net\/wordpress\/wp-content\/uploads\/2024\/06\/locandina_21giugno2024.jpg 842w\" sizes=\"auto, (max-width: 119px) 100vw, 119px\" \/><\/a>BELLUNO <\/strong>Oggii a Belluno, in Sala Bianchi alle 20:30, verr\u00e0 lanciata la campagna &#8220;Obiezione alla guerra&#8221; promossa dal Movimento nonviolento e Pace &amp; Disarmo, con la partecipazione del gruppo di Pordenone del Movimento nonviolento nazionale. La campagna ha due obiettivi principali: Contrastare la proposta di ripristino della leva obbligatoria, sostenendo che la difesa della Patria pu\u00f2 essere adempiuta attraverso impegni sociali non armati. Si invita la cittadinanza a firmare la Dichiarazione di Obiezione di coscienza per rifiutare la chiamata alle armi e istituire un Albo degli obiettori di coscienza. Supportare gli obiettori, renitenti e disertori di vari paesi (Russia, Bielorussia, Ucraina, Israele, Palestina), chiedendo che l&#8217;Europa li accolga come rifugiati politici, riconoscendo il loro diritto all&#8217;obiezione di coscienza, come sancito dalle Carte dei Diritti umani e dell&#8217;Unione europea.<\/p>\n<p>&nbsp;<\/p>\n<p>&nbsp;<\/p>\n<hr \/>\n<p>&nbsp;<\/p>\n<blockquote>\n<h3>NUOVE OPPORTUNITA&#8217; DI LAVORO PER I GIOVANI BELLUNESI<\/h3>\n<\/blockquote>\n<p><strong><a class=\"dt-pswp-item\" href=\"https:\/\/www.radiopiu.net\/wordpress\/wp-content\/uploads\/2024\/06\/443940785_958206859639658_3735909911788675835_n.jpg\" data-dt-img-description=\"\" data-large_image_width=\"2048\" data-large_image_height=\"1152\"><img loading=\"lazy\" decoding=\"async\" class=\" wp-image-395263 alignleft\" src=\"https:\/\/www.radiopiu.net\/wordpress\/wp-content\/uploads\/2024\/06\/443940785_958206859639658_3735909911788675835_n-300x169.jpg\" alt=\"\" width=\"163\" height=\"92\" srcset=\"https:\/\/www.radiopiu.net\/wordpress\/wp-content\/uploads\/2024\/06\/443940785_958206859639658_3735909911788675835_n-300x169.jpg 300w, https:\/\/www.radiopiu.net\/wordpress\/wp-content\/uploads\/2024\/06\/443940785_958206859639658_3735909911788675835_n-1024x576.jpg 1024w, https:\/\/www.radiopiu.net\/wordpress\/wp-content\/uploads\/2024\/06\/443940785_958206859639658_3735909911788675835_n-768x432.jpg 768w, https:\/\/www.radiopiu.net\/wordpress\/wp-content\/uploads\/2024\/06\/443940785_958206859639658_3735909911788675835_n-1536x864.jpg 1536w, https:\/\/www.radiopiu.net\/wordpress\/wp-content\/uploads\/2024\/06\/443940785_958206859639658_3735909911788675835_n.jpg 2048w\" sizes=\"auto, (max-width: 163px) 100vw, 163px\" \/><\/a>BELLUNO<\/strong> La Regione Veneto, insieme ai partner locali, sta organizzando iniziative per offrire ai giovani delle Dolomiti opportunit\u00e0 di formazione e sviluppo professionale nell&#8217;ambito del progetto &#8220;DAL VIRTUALE AL REALE: I am here for you&#8221;. Il 25 giugno 2024, presso l&#8217;Urban Hub di Belluno, si terr\u00e0 un workshop intensivo sul crowdfunding, dalle 16:30. Organizzato dal Centro Consorzi e parte del progetto Fem Factor Dolomiti, il workshop sar\u00e0 guidato da esperti come Fabrizio De Liberali e Davide Moro. Inoltre, il 31 maggio si svolger\u00e0 un workshop sulla &#8220;Palestra d&#8217;impresa e innovazione sociale&#8221;, focalizzato sulla creazione di spazi per lo sviluppo di competenze imprenditoriali. Questi eventi, finanziati dalla Regione Veneto e organizzati da FORCOOP, mirano a contrastare lo spopolamento delle aree montane favorendo l&#8217;inserimento lavorativo dei giovani. Per partecipare, \u00e8 possibile iscriversi gratuitamente contattando il Centro Consorzi di Belluno.<\/p>\n<p>&nbsp;<\/p>\n<p>&nbsp;<\/p>\n<hr \/>\n<p>&nbsp;<\/p>\n<blockquote>\n<h3>A LENTIAI TORNA IL TRANSITO FILM FESTIVAL<\/h3>\n<\/blockquote>\n<p><strong>BORGO VALBELLUNA<\/strong> Dopo il successo delle precedenti edizioni, torna il Transito, festival internazionale del film a Lentiai di Borgo Valbelluna. Nei giorni 21, 22, 23 e 29 giugno, Lentiai ospiter\u00e0 eventi artistici e proiezioni sul tema dell&#8217;indifferenza. Oltre 400 film da pi\u00f9 di 70 nazioni sono stati iscritti, con quattro selezionati per la loro qualit\u00e0 e impatto emotivo. Questi film esplorano varie forme di indifferenza, dai rapporti umani alle ingiustizie giuridiche, fino alla trascuratezza ambientale. Le proiezioni si terranno nel piazzale della Biblioteca comunale di Lentiai (21-23 giugno) e presso il Palazzo Pretorio di Cesana (29 giugno), o alla SOMS in caso di maltempo, alle 21:30. L&#8217;ingresso \u00e8 gratuito e i film saranno proiettati in lingua originale con sottotitoli in italiano.<\/p>\n<p>&nbsp;<\/p>\n<p>&nbsp;<\/p>\n<hr \/>\n<p>&nbsp;<\/p>\n<blockquote>\n<h3>LE ZECCHE IN PROVINCIA DI BELLUNO<\/h3>\n<\/blockquote>\n<p><strong>BELLUNO<\/strong> Il Club Alpino Italiano &#8211; Sezione di Belluno segnala un aumento del rischio di zecche nel territorio. Per informare la popolazione, \u00e8 stata organizzata una conferenza dal titolo &#8220;LE ZECCHE: CONOSCIAMOLE! Come proteggersi e difendersi&#8221;. L&#8217;evento si terr\u00e0 il 26 giugno alle 20:30 presso la Sala Bianchi &#8211; Eliseo Dal Pont, in Viale Fantuzzi n. 11 a Belluno.<\/p>\n<p>&nbsp;<\/p>\n<p>&nbsp;<\/p>\n<hr \/>\n<p>&nbsp;<\/p>\n<blockquote>\n<h3>UN APERTIVO PER PARLARE DI MOBILITA&#8217;<\/h3>\n<\/blockquote>\n<p><strong><a class=\"dt-pswp-item\" href=\"https:\/\/www.radiopiu.net\/wordpress\/wp-content\/uploads\/2024\/06\/SCR-20240617-ljtz.jpeg\" data-dt-img-description=\"\" data-large_image_width=\"1236\" data-large_image_height=\"612\"><img loading=\"lazy\" decoding=\"async\" class=\" wp-image-395148 alignleft\" src=\"https:\/\/www.radiopiu.net\/wordpress\/wp-content\/uploads\/2024\/06\/SCR-20240617-ljtz-300x149.jpeg\" alt=\"\" width=\"207\" height=\"103\" srcset=\"https:\/\/www.radiopiu.net\/wordpress\/wp-content\/uploads\/2024\/06\/SCR-20240617-ljtz-300x149.jpeg 300w, https:\/\/www.radiopiu.net\/wordpress\/wp-content\/uploads\/2024\/06\/SCR-20240617-ljtz-1024x507.jpeg 1024w, https:\/\/www.radiopiu.net\/wordpress\/wp-content\/uploads\/2024\/06\/SCR-20240617-ljtz-768x380.jpeg 768w, https:\/\/www.radiopiu.net\/wordpress\/wp-content\/uploads\/2024\/06\/SCR-20240617-ljtz.jpeg 1236w\" sizes=\"auto, (max-width: 207px) 100vw, 207px\" \/><\/a>BELLUNO<\/strong> Sabato 29 giugno dalle 18 all&#8217;Urban Hub di Belluno si terr\u00e0 un incontro organizzato dall&#8217;associazione Polis Futura sulla mobilit\u00e0 nel Comune di Belluno. Luigi Filippo Daniele, presidente dell&#8217;associazione, introdurr\u00e0 l&#8217;evento, seguito dagli interventi di Luca Frare e Stefano Spadaro che presenteranno il progetto &#8220;Belluno Cycling Strategy&#8221; per incentivare il turismo e la mobilit\u00e0 sostenibile. Si discuteranno i vantaggi del cicloturismo, le infrastrutture necessarie e l&#8217;uso della nuova app &#8220;Trillo&#8221; di Dolomiti Bus per il trasporto pubblico. Giacomo Bocchese, vicepresidente del FabLab, concluder\u00e0 l&#8217;evento, seguito da un aperitivo.<\/p>\n<p>&nbsp;<\/p>\n<hr \/>\n<p>&nbsp;<\/p>\n<div>\n<div class=\"\" dir=\"auto\">\n<div id=\":r9h:\" class=\"x1iorvi4 x1pi30zi x1l90r2v x1swvt13\" data-ad-comet-preview=\"message\" data-ad-preview=\"message\">\n<p>&nbsp;<\/p>\n<\/div>\n<\/div>\n<\/div>\n<p class=\"western\" lang=\"it-IT\" align=\"center\"><span style=\"font-size: x-large;\"><b><a class=\"dt-pswp-item\" href=\"https:\/\/www.radiopiu.net\/wordpress\/wp-content\/uploads\/2024\/06\/sara-furlanetto-sotto-al-bernina_by-Andrea-Buonopane_DSC06272-scaled.jpg\" data-dt-img-description=\"\" data-large_image_width=\"2560\" data-large_image_height=\"1707\"><img loading=\"lazy\" decoding=\"async\" class=\" wp-image-395154 alignleft\" src=\"https:\/\/www.radiopiu.net\/wordpress\/wp-content\/uploads\/2024\/06\/sara-furlanetto-sotto-al-bernina_by-Andrea-Buonopane_DSC06272-300x200.jpg\" alt=\"\" width=\"185\" height=\"123\" srcset=\"https:\/\/www.radiopiu.net\/wordpress\/wp-content\/uploads\/2024\/06\/sara-furlanetto-sotto-al-bernina_by-Andrea-Buonopane_DSC06272-300x200.jpg 300w, https:\/\/www.radiopiu.net\/wordpress\/wp-content\/uploads\/2024\/06\/sara-furlanetto-sotto-al-bernina_by-Andrea-Buonopane_DSC06272-1024x683.jpg 1024w, https:\/\/www.radiopiu.net\/wordpress\/wp-content\/uploads\/2024\/06\/sara-furlanetto-sotto-al-bernina_by-Andrea-Buonopane_DSC06272-768x512.jpg 768w, https:\/\/www.radiopiu.net\/wordpress\/wp-content\/uploads\/2024\/06\/sara-furlanetto-sotto-al-bernina_by-Andrea-Buonopane_DSC06272-1536x1024.jpg 1536w, https:\/\/www.radiopiu.net\/wordpress\/wp-content\/uploads\/2024\/06\/sara-furlanetto-sotto-al-bernina_by-Andrea-Buonopane_DSC06272-2048x1365.jpg 2048w\" sizes=\"auto, (max-width: 185px) 100vw, 185px\" \/><\/a>VA\u2019 SENTIERO: UNA MOSTRA FOTOGRAFICA LUNGA 8000 KM<\/b><\/span><\/p>\n<p><strong>BORGO VALBELLUNA\u00a0<\/strong>Domani alle 18 al Palazzo delle Contesse Mel: Camminando. Esperienze, sensazioni, emozioni chiude la sua riuscitissima quarta edizione con la mostra fotografica Va\u2019 Sentiero. Uno sguardo lungo 8000 km, mostra fotografica, promossa dall\u2019Amministrazione Comunale, ripresa lungo il Sentiero Italia del Cai, che proprio Camminando, la scorsa edizione, aveva ospitato con alcuni degli ideatori e con l\u2019editore delle guide. A presentare la mostra sar\u00e0 Manrico Dell\u2019Agnola, famoso fotografo di montagna ed alpinista, accademico del Cai.<\/p>\n<p>&nbsp;<\/p>\n<p>&nbsp;<\/p>\n<hr \/>\n<p>&nbsp;<\/p>\n<blockquote>\n<h3>I BELUMAT INTERNATIONAL<\/h3>\n<\/blockquote>\n<p><strong>BELLUNO<\/strong> Luned\u00ec 24 giugno alle 11:00, presso la sede dell&#8217;Isbrec, si terr\u00e0 una conferenza stampa per presentare un evento organizzato da Isbrec, Abm, Universit\u00e0 di Padova e Comune di Belluno. L&#8217;evento avr\u00e0 luogo il 28 giugno al teatro &#8220;Buzzati&#8221; di Belluno, con la proiezione del documentario &#8220;I BELUMAT INTERNATIONAL RACCONTATI DA GIORGIO FORNASIER&#8221;, prodotto dall&#8217;Universit\u00e0 di Padova e Isbrec. Alla conferenza stampa parteciperanno Giorgio Fornasier, Mirco Melanco dell&#8217;Universit\u00e0 di Padova ed Enrico Bacchetti.<\/p>\n<p>&nbsp;<\/p>\n<p>&nbsp;<\/p>\n<hr \/>\n<p>&nbsp;<\/p>\n<blockquote>\n<h3>\u201cCANTON SAN PIERO\u201d CON ECHI DI SARDEGNA PER IL CORO MONTI DEL SOLE<\/h3>\n<\/blockquote>\n<p><strong><a class=\"dt-pswp-item\" href=\"https:\/\/www.radiopiu.net\/wordpress\/wp-content\/uploads\/2024\/06\/coro_mds.jpg\" data-dt-img-description=\"\" data-large_image_width=\"1600\" data-large_image_height=\"1200\"><img loading=\"lazy\" decoding=\"async\" class=\" wp-image-395277 alignleft\" src=\"https:\/\/www.radiopiu.net\/wordpress\/wp-content\/uploads\/2024\/06\/coro_mds-300x225.jpg\" alt=\"\" width=\"185\" height=\"139\" srcset=\"https:\/\/www.radiopiu.net\/wordpress\/wp-content\/uploads\/2024\/06\/coro_mds-300x225.jpg 300w, https:\/\/www.radiopiu.net\/wordpress\/wp-content\/uploads\/2024\/06\/coro_mds-1024x768.jpg 1024w, https:\/\/www.radiopiu.net\/wordpress\/wp-content\/uploads\/2024\/06\/coro_mds-768x576.jpg 768w, https:\/\/www.radiopiu.net\/wordpress\/wp-content\/uploads\/2024\/06\/coro_mds-1536x1152.jpg 1536w, https:\/\/www.radiopiu.net\/wordpress\/wp-content\/uploads\/2024\/06\/coro_mds.jpg 1600w\" sizes=\"auto, (max-width: 185px) 100vw, 185px\" \/><\/a>SOSPIRILO\u00a0<\/strong>La chiesa dei Santi Pietro e Paolo di Sospirolo ospiter\u00e0 sabato 29 giugno alle 20:45 il concerto &#8220;Canton San Piero&#8221; del Coro Monti del Sole, diretto da Luca Lotto. L&#8217;evento, organizzato dal coro di Sedico, avr\u00e0 come ospite il Coro S\u2019Arrodia di Sinnai, diretto da Maurizio Boassa. Fondato nel 2007, S\u2019Arrodia ha gi\u00e0 ospitato Monti del Sole nel 2010 durante la rassegna &#8220;Is duas columbas&#8221;. L&#8217;organizzazione dell&#8217;evento, guidata dal presidente Stefano Colle, accoglier\u00e0 i coristi sardi dal 28 giugno al 1\u00b0 luglio, con visite a diverse attrazioni del Bellunese. Inoltre, il 30 giugno si terr\u00e0 un concerto alla sala polifunzionale La Tappa di Valle di Cadore, con il Coro Rualan e S\u2019Arrodia.<\/p>\n<p>&nbsp;<\/p>\n<hr \/>\n<p>&nbsp;<\/p>\n<p>&nbsp;<\/p>\n<blockquote>\n<h2>Gestione dell&#8217;Emergenza in Ambiente Ostile<\/h2>\n<\/blockquote>\n<p><strong>SEDICO<\/strong> L&#8217;Associazione Cacciatori Bellunese organizza per questa sera alle 20.30 al Polo Culturale di Sedico un incontro informativo sulla gestione dell&#8217;emergenza in ambiente ostile. Durante l&#8217;incontro verranno trattate diverse tematiche, tra cui le cause degli incidenti in montagna, il soccorso alpino in provincia, la chiamata di soccorso, i sintomi, la gestione del ferito e la ricerca persone. I relatori dell&#8217;evento saranno Chiara Da Damos (medico anestesista Dolomity Emergency), Dimitri De Col (tecnico elisoccorso) e Damiano Fontanive (operatore unit\u00e0 cinofila).<\/p>\n<p>&nbsp;<\/p>\n<hr \/>\n<p>&nbsp;<\/p>\n<p>&nbsp;<\/p>\n<blockquote>\n<h2>Concerto Commemorativo per il 250\u00b0 Anniversario della Guardia di Finanza<\/h2>\n<\/blockquote>\n<p><strong><a class=\"dt-pswp-item\" href=\"https:\/\/www.radiopiu.net\/wordpress\/wp-content\/uploads\/2024\/06\/Senza-nome-52.png\" data-dt-img-description=\"\" data-large_image_width=\"132\" data-large_image_height=\"160\"><img loading=\"lazy\" decoding=\"async\" class=\"size-full wp-image-395674 alignleft\" src=\"https:\/\/www.radiopiu.net\/wordpress\/wp-content\/uploads\/2024\/06\/Senza-nome-52.png\" alt=\"\" width=\"132\" height=\"160\" \/><\/a>BELLUNO\u00a0<\/strong> In occasione del 250\u00b0 anniversario della Fondazione del Corpo della Guardia di Finanza, si terr\u00e0 un concerto commemorativo,\u00a0 gioved\u00ec 27 giugno alle\u00a0 20 presso il Palazzo dei Rettori, sede della Prefettura di Belluno. L&#8217;evento nel ricordo di Martina Bonavera, vedr\u00e0 la partecipazione del Coro della Guardia di Finanza di Belluno, accompagnato dall\u2019Ensemble dei maestri Claudio Montafia (flauto), Mara Comelato (flauto) e Orazio Longo (pianoforte). L&#8217;evento ha come\u00a0 obiettivo\u00a0 raccogliere fondi per l&#8217;associazione benefica dedicata a Martina Bonavera. L&#8217;ingresso \u00e8 ad offerta libera e la prenotazione \u00e8 obbligatoria tramite email a <a rel=\"noreferrer\">bl0500009@gdf.it<\/a>. Questo evento non solo celebra un&#8217;importante pietra miliare nella storia della Guardia di Finanza, ma unisce la comunit\u00e0 in un gesto di solidariet\u00e0 e commemorazione. I fondi raccolti contribuiranno a sostenere le attivit\u00e0 dell&#8217;Associazione Martina Bonavera, impegno anche della Guardia di Finanza nel supporto alle cause sociali e umanitarie.<\/p>\n<p>&nbsp;<\/p>\n<p><a class=\"dt-pswp-item\" href=\"https:\/\/www.radiopiu.net\/wordpress\/wp-content\/uploads\/2024\/06\/Senza-nome-51.png\" data-dt-img-description=\"\" data-large_image_width=\"773\" data-large_image_height=\"344\"><img loading=\"lazy\" decoding=\"async\" class=\"alignnone wp-image-395673 size-full\" src=\"https:\/\/www.radiopiu.net\/wordpress\/wp-content\/uploads\/2024\/06\/Senza-nome-51.png\" alt=\"\" width=\"773\" height=\"344\" srcset=\"https:\/\/www.radiopiu.net\/wordpress\/wp-content\/uploads\/2024\/06\/Senza-nome-51.png 773w, https:\/\/www.radiopiu.net\/wordpress\/wp-content\/uploads\/2024\/06\/Senza-nome-51-300x134.png 300w, https:\/\/www.radiopiu.net\/wordpress\/wp-content\/uploads\/2024\/06\/Senza-nome-51-768x342.png 768w\" sizes=\"auto, (max-width: 773px) 100vw, 773px\" \/><\/a><\/p>\n<p>&nbsp;<\/p>\n<p>&nbsp;<\/p>\n<p>&nbsp;<\/p>\n<p>&nbsp;<\/p>\n<hr \/>\n<p>&nbsp;<\/p>\n<h2><span style=\"color: #ff6600;\">ALLA RADIO<\/span><\/h2>\n<h2><span style=\"color: #ff00ff;\">TIME 4 ME&#8230;CON NICOLA CASSISI<\/span><\/h2>\n<p><strong><a class=\"dt-pswp-item\" href=\"https:\/\/www.radiopiu.net\/wordpress\/wp-content\/uploads\/2024\/06\/5b99f6b3-490a-4b42-98d7-f0f97abbda58.jpg\" data-dt-img-description=\"\" data-large_image_width=\"1080\" data-large_image_height=\"1185\"><img loading=\"lazy\" decoding=\"async\" class=\" wp-image-395576 alignleft\" src=\"https:\/\/www.radiopiu.net\/wordpress\/wp-content\/uploads\/2024\/06\/5b99f6b3-490a-4b42-98d7-f0f97abbda58-273x300.jpg\" alt=\"\" width=\"193\" height=\"212\" srcset=\"https:\/\/www.radiopiu.net\/wordpress\/wp-content\/uploads\/2024\/06\/5b99f6b3-490a-4b42-98d7-f0f97abbda58-273x300.jpg 273w, https:\/\/www.radiopiu.net\/wordpress\/wp-content\/uploads\/2024\/06\/5b99f6b3-490a-4b42-98d7-f0f97abbda58-933x1024.jpg 933w, https:\/\/www.radiopiu.net\/wordpress\/wp-content\/uploads\/2024\/06\/5b99f6b3-490a-4b42-98d7-f0f97abbda58-768x843.jpg 768w, https:\/\/www.radiopiu.net\/wordpress\/wp-content\/uploads\/2024\/06\/5b99f6b3-490a-4b42-98d7-f0f97abbda58.jpg 1080w\" sizes=\"auto, (max-width: 193px) 100vw, 193px\" \/><\/a>DI MARINA DONA<\/strong><\/p>\n<p>OSPITE: Nicola Cassisi<\/p>\n<p><strong>PRIMA PARTE<\/strong><\/p>\n<audio class=\"wp-audio-shortcode\" id=\"audio-395523-14\" preload=\"none\" style=\"width: 100%;\" controls=\"controls\"><source type=\"audio\/mpeg\" src=\"https:\/\/www.radiopiu.net\/wordpress\/wp-content\/uploads\/2024\/06\/TIME-4-ME-NICOLA-CASSISI-1.mp3?_=14\" \/><a href=\"https:\/\/www.radiopiu.net\/wordpress\/wp-content\/uploads\/2024\/06\/TIME-4-ME-NICOLA-CASSISI-1.mp3\">https:\/\/www.radiopiu.net\/wordpress\/wp-content\/uploads\/2024\/06\/TIME-4-ME-NICOLA-CASSISI-1.mp3<\/a><\/audio>\n<p>&nbsp;<\/p>\n<p><strong>SECONDA PARTE<\/strong><\/p>\n<audio class=\"wp-audio-shortcode\" id=\"audio-395523-15\" preload=\"none\" style=\"width: 100%;\" controls=\"controls\"><source type=\"audio\/mpeg\" src=\"https:\/\/www.radiopiu.net\/wordpress\/wp-content\/uploads\/2024\/06\/TIME-4-ME-NICOLA-CASSISI-2.mp3?_=15\" \/><a href=\"https:\/\/www.radiopiu.net\/wordpress\/wp-content\/uploads\/2024\/06\/TIME-4-ME-NICOLA-CASSISI-2.mp3\">https:\/\/www.radiopiu.net\/wordpress\/wp-content\/uploads\/2024\/06\/TIME-4-ME-NICOLA-CASSISI-2.mp3<\/a><\/audio>\n<p>&nbsp;<\/p>\n<p><strong>TERZA PARTE<\/strong><\/p>\n<audio class=\"wp-audio-shortcode\" id=\"audio-395523-16\" preload=\"none\" style=\"width: 100%;\" controls=\"controls\"><source type=\"audio\/mpeg\" src=\"https:\/\/www.radiopiu.net\/wordpress\/wp-content\/uploads\/2024\/06\/TIME-4-ME-NICOLA-CASSISI-3.mp3?_=16\" \/><a href=\"https:\/\/www.radiopiu.net\/wordpress\/wp-content\/uploads\/2024\/06\/TIME-4-ME-NICOLA-CASSISI-3.mp3\">https:\/\/www.radiopiu.net\/wordpress\/wp-content\/uploads\/2024\/06\/TIME-4-ME-NICOLA-CASSISI-3.mp3<\/a><\/audio>\n<p>&nbsp;<\/p>\n<hr \/>\n<p>&nbsp;<\/p>\n<h2><span style=\"color: #00ccff;\">SABATO LA SECONDA TAPPA DELLA CORRI POI CON LA FRASSENE&#8217; CROSS<\/span><\/h2>\n<p><strong><a class=\"dt-pswp-item\" href=\"https:\/\/www.radiopiu.net\/wordpress\/wp-content\/uploads\/2024\/06\/442414392_10232426359018879_5443832698244930521_n.jpg\" data-dt-img-description=\"\" data-large_image_width=\"526\" data-large_image_height=\"709\"><img loading=\"lazy\" decoding=\"async\" class=\" wp-image-394106 alignleft\" src=\"https:\/\/www.radiopiu.net\/wordpress\/wp-content\/uploads\/2024\/06\/442414392_10232426359018879_5443832698244930521_n-223x300.jpg\" alt=\"\" width=\"111\" height=\"149\" srcset=\"https:\/\/www.radiopiu.net\/wordpress\/wp-content\/uploads\/2024\/06\/442414392_10232426359018879_5443832698244930521_n-223x300.jpg 223w, https:\/\/www.radiopiu.net\/wordpress\/wp-content\/uploads\/2024\/06\/442414392_10232426359018879_5443832698244930521_n.jpg 526w\" sizes=\"auto, (max-width: 111px) 100vw, 111px\" \/><\/a>DI MIRKO MEZZACASA<\/strong><\/p>\n<p>OSPITE: Sharon De Marco<\/p>\n<audio class=\"wp-audio-shortcode\" id=\"audio-395523-17\" preload=\"none\" style=\"width: 100%;\" controls=\"controls\"><source type=\"audio\/mpeg\" src=\"https:\/\/www.radiopiu.net\/wordpress\/wp-content\/uploads\/2024\/06\/SHARON-DE-MARCO.mp3?_=17\" \/><a href=\"https:\/\/www.radiopiu.net\/wordpress\/wp-content\/uploads\/2024\/06\/SHARON-DE-MARCO.mp3\">https:\/\/www.radiopiu.net\/wordpress\/wp-content\/uploads\/2024\/06\/SHARON-DE-MARCO.mp3<\/a><\/audio>\n<p>&nbsp;<\/p>\n<hr \/>\n<p>&nbsp;<\/p>\n<h2><span style=\"color: #993300;\">IL 4 LUGLIO LA DEGUSTAZIONE DI VINI DA DOLOMITI BEER &amp; WINE SHOP DA NAPI<\/span><\/h2>\n<p><strong><a class=\"dt-pswp-item\" href=\"https:\/\/www.radiopiu.net\/wordpress\/wp-content\/uploads\/2020\/05\/DOLOMITI-BEER.png\" data-dt-img-description=\"\" data-large_image_width=\"812\" data-large_image_height=\"450\"><img loading=\"lazy\" decoding=\"async\" class=\" wp-image-139660 alignleft\" src=\"https:\/\/www.radiopiu.net\/wordpress\/wp-content\/uploads\/2020\/05\/DOLOMITI-BEER-300x166.png\" alt=\"\" width=\"186\" height=\"103\" srcset=\"https:\/\/www.radiopiu.net\/wordpress\/wp-content\/uploads\/2020\/05\/DOLOMITI-BEER-300x166.png 300w, https:\/\/www.radiopiu.net\/wordpress\/wp-content\/uploads\/2020\/05\/DOLOMITI-BEER-768x426.png 768w, https:\/\/www.radiopiu.net\/wordpress\/wp-content\/uploads\/2020\/05\/DOLOMITI-BEER.png 812w\" sizes=\"auto, (max-width: 186px) 100vw, 186px\" \/><\/a>CON GIANLUCA ROSSI DI DOLOMITI BEER &amp; WINE SHOP DA NAPI<\/strong><\/p>\n<audio class=\"wp-audio-shortcode\" id=\"audio-395523-18\" preload=\"none\" style=\"width: 100%;\" controls=\"controls\"><source type=\"audio\/mpeg\" src=\"https:\/\/www.radiopiu.net\/wordpress\/wp-content\/uploads\/2024\/06\/GIANLUCA-DEGUSTAZIONE.mp3?_=18\" \/><a href=\"https:\/\/www.radiopiu.net\/wordpress\/wp-content\/uploads\/2024\/06\/GIANLUCA-DEGUSTAZIONE.mp3\">https:\/\/www.radiopiu.net\/wordpress\/wp-content\/uploads\/2024\/06\/GIANLUCA-DEGUSTAZIONE.mp3<\/a><\/audio>\n<p>&nbsp;<\/p>\n<hr \/>\n<p>&nbsp;<\/p>\n<h2><span style=\"color: #008000;\">ESTATE A FALCADE: DAL RITIRO DEL VENEZIA CALCIO A MISS ITALIA<\/span><\/h2>\n<p><strong><a class=\"dt-pswp-item\" href=\"https:\/\/www.radiopiu.net\/wordpress\/wp-content\/uploads\/2020\/09\/FALCADE-5.jpg\" data-dt-img-description=\"\" data-large_image_width=\"960\" data-large_image_height=\"720\"><img loading=\"lazy\" decoding=\"async\" class=\" wp-image-163181 alignleft\" src=\"https:\/\/www.radiopiu.net\/wordpress\/wp-content\/uploads\/2020\/09\/FALCADE-5-300x225.jpg\" alt=\"\" width=\"147\" height=\"110\" srcset=\"https:\/\/www.radiopiu.net\/wordpress\/wp-content\/uploads\/2020\/09\/FALCADE-5-300x225.jpg 300w, https:\/\/www.radiopiu.net\/wordpress\/wp-content\/uploads\/2020\/09\/FALCADE-5-768x576.jpg 768w, https:\/\/www.radiopiu.net\/wordpress\/wp-content\/uploads\/2020\/09\/FALCADE-5-640x480.jpg 640w, https:\/\/www.radiopiu.net\/wordpress\/wp-content\/uploads\/2020\/09\/FALCADE-5.jpg 960w\" sizes=\"auto, (max-width: 147px) 100vw, 147px\" \/><\/a>DI MIRKO MEZZACASA<\/strong><\/p>\n<p>OSPITI: IL SINDACO DI FALCADE MAURO SALVATERRA, L\u2019ASSESSORE FLAVIO MURER E IL CONSIGLIERE FULVIO VALT<\/p>\n<audio class=\"wp-audio-shortcode\" id=\"audio-395523-19\" preload=\"none\" style=\"width: 100%;\" controls=\"controls\"><source type=\"audio\/mpeg\" src=\"https:\/\/www.radiopiu.net\/wordpress\/wp-content\/uploads\/2024\/06\/FALCADE-PRIMA-PUNTATA-1.mp3?_=19\" \/><a href=\"https:\/\/www.radiopiu.net\/wordpress\/wp-content\/uploads\/2024\/06\/FALCADE-PRIMA-PUNTATA-1.mp3\">https:\/\/www.radiopiu.net\/wordpress\/wp-content\/uploads\/2024\/06\/FALCADE-PRIMA-PUNTATA-1.mp3<\/a><\/audio>\n<p>&nbsp;<\/p>\n<p><span style=\"color: #ff0000;\"><strong>IL SUMMER CAMP PER I GIOVANI CALCIATORI<\/strong><\/span><\/p>\n<a href=\"https:\/\/www.radiopiu.net\/wordpress\/wp-content\/uploads\/2024\/06\/04_Volantino-summer-camp-2024_Falcade_Digital.pdf\" class=\"pdfemb-viewer\" style=\"\" data-width=\"max\" data-height=\"max\" data-toolbar=\"top\" data-toolbar-fixed=\"on\">04_Volantino summer camp 2024_Falcade_Digital<\/a>\n<p>&nbsp;<\/p>\n<hr \/>\n<p>&nbsp;<\/p>\n<h2><span style=\"color: #993366;\"><a class=\"dt-pswp-item\" href=\"https:\/\/www.radiopiu.net\/wordpress\/wp-content\/uploads\/2024\/06\/c2f4f425-e175-4bc7-918a-e3d1330c6c31.jpg\" data-dt-img-description=\"\" data-large_image_width=\"1080\" data-large_image_height=\"907\"><img loading=\"lazy\" decoding=\"async\" class=\" wp-image-393091 alignleft\" src=\"https:\/\/www.radiopiu.net\/wordpress\/wp-content\/uploads\/2024\/06\/c2f4f425-e175-4bc7-918a-e3d1330c6c31-300x252.jpg\" alt=\"\" width=\"119\" height=\"100\" srcset=\"https:\/\/www.radiopiu.net\/wordpress\/wp-content\/uploads\/2024\/06\/c2f4f425-e175-4bc7-918a-e3d1330c6c31-300x252.jpg 300w, https:\/\/www.radiopiu.net\/wordpress\/wp-content\/uploads\/2024\/06\/c2f4f425-e175-4bc7-918a-e3d1330c6c31-1024x860.jpg 1024w, https:\/\/www.radiopiu.net\/wordpress\/wp-content\/uploads\/2024\/06\/c2f4f425-e175-4bc7-918a-e3d1330c6c31-768x645.jpg 768w, https:\/\/www.radiopiu.net\/wordpress\/wp-content\/uploads\/2024\/06\/c2f4f425-e175-4bc7-918a-e3d1330c6c31.jpg 1080w\" sizes=\"auto, (max-width: 119px) 100vw, 119px\" \/><\/a><span style=\"color: #808000;\">ZAINO DA VIAGGIO AL FEMMINILE<\/span><\/span><\/h2>\n<p><strong>IL PROGRAMMA DI PAOLA LANCIATO<\/strong><\/p>\n<p>SESTA PUNTATA: CASTEL BESENO<\/p>\n<blockquote class=\"wp-embedded-content\" data-secret=\"mVyYFLJlYo\"><p><a href=\"https:\/\/www.radiopiu.net\/wordpress\/zaino-femminile-lanciato\/\">Zaino da viaggio al femminile<\/a><\/p><\/blockquote>\n<p><iframe loading=\"lazy\" class=\"wp-embedded-content\" sandbox=\"allow-scripts\" security=\"restricted\" style=\"position: absolute; clip: rect(1px, 1px, 1px, 1px);\" title=\"&#8220;Zaino da viaggio al femminile&#8221; &#8212; Radio Pi\u00f9\" src=\"https:\/\/www.radiopiu.net\/wordpress\/zaino-femminile-lanciato\/embed\/#?secret=Tw3sq6QBqw#?secret=mVyYFLJlYo\" data-secret=\"mVyYFLJlYo\" width=\"600\" height=\"338\" frameborder=\"0\" marginwidth=\"0\" marginheight=\"0\" scrolling=\"no\"><\/iframe><\/p>\n<p>&nbsp;<\/p>\n<hr \/>\n<p>&nbsp;<\/p>\n<h2><span style=\"color: #ff0000;\">DAL SITO DI RADIO PIU&#8230; ALCUNI PODCAST, I PIU&#8217; VISUALIZZATI NELLA SETTIMANA&#8230;\u00a0<\/span><\/h2>\n<blockquote class=\"wp-embedded-content\" data-secret=\"s6WGOlAADr\"><p><a href=\"https:\/\/www.radiopiu.net\/wordpress\/biblioteca-del-territorio-i-podcast-di-radiopiu\/\">BIBLIOTECA DEL TERRITORIO&#8230; I PODCAST DI RADIOPIU<\/a><\/p><\/blockquote>\n<p><iframe loading=\"lazy\" class=\"wp-embedded-content\" sandbox=\"allow-scripts\" security=\"restricted\" style=\"position: absolute; clip: rect(1px, 1px, 1px, 1px);\" title=\"&#8220;BIBLIOTECA DEL TERRITORIO&#8230; I PODCAST DI RADIOPIU&#8221; &#8212; Radio Pi\u00f9\" src=\"https:\/\/www.radiopiu.net\/wordpress\/biblioteca-del-territorio-i-podcast-di-radiopiu\/embed\/#?secret=Knqv14gzY2#?secret=s6WGOlAADr\" data-secret=\"s6WGOlAADr\" width=\"600\" height=\"338\" frameborder=\"0\" marginwidth=\"0\" marginheight=\"0\" scrolling=\"no\"><\/iframe><\/p>\n<p>&nbsp;<\/p>\n<blockquote class=\"wp-embedded-content\" data-secret=\"Nk2ZyrGy2B\"><p><a href=\"https:\/\/www.radiopiu.net\/wordpress\/lad08aaaa\/\">&#8220;NCONTONSE&#8221; IN LADINO SU RADIO PI\u00d9<\/a><\/p><\/blockquote>\n<p><iframe loading=\"lazy\" class=\"wp-embedded-content\" sandbox=\"allow-scripts\" security=\"restricted\" style=\"position: absolute; clip: rect(1px, 1px, 1px, 1px);\" title=\"&#8220;&#8220;NCONTONSE&#8221; IN LADINO SU RADIO PI\u00d9&#8221; &#8212; Radio Pi\u00f9\" src=\"https:\/\/www.radiopiu.net\/wordpress\/lad08aaaa\/embed\/#?secret=B9tvq1akZo#?secret=Nk2ZyrGy2B\" data-secret=\"Nk2ZyrGy2B\" width=\"600\" height=\"338\" frameborder=\"0\" marginwidth=\"0\" marginheight=\"0\" scrolling=\"no\"><\/iframe><\/p>\n<p>&nbsp;<\/p>\n<p>&nbsp;<\/p>\n<hr \/>\n<p>&nbsp;<\/p>\n<p>&nbsp;<\/p>\n<h2><span style=\"color: #ff0000;\"><a class=\"dt-pswp-item\" href=\"https:\/\/www.radiopiu.net\/wordpress\/wp-content\/uploads\/2018\/09\/appuntamenti.jpeg\" data-dt-img-description=\"\" data-large_image_width=\"800\" data-large_image_height=\"100\"><img loading=\"lazy\" decoding=\"async\" class=\"wp-image-61958 size-full aligncenter\" src=\"https:\/\/www.radiopiu.net\/wordpress\/wp-content\/uploads\/2018\/09\/appuntamenti.jpeg\" alt=\"\" width=\"800\" height=\"100\" srcset=\"https:\/\/www.radiopiu.net\/wordpress\/wp-content\/uploads\/2018\/09\/appuntamenti.jpeg 800w, https:\/\/www.radiopiu.net\/wordpress\/wp-content\/uploads\/2018\/09\/appuntamenti-300x38.jpeg 300w, https:\/\/www.radiopiu.net\/wordpress\/wp-content\/uploads\/2018\/09\/appuntamenti-768x96.jpeg 768w\" sizes=\"auto, (max-width: 800px) 100vw, 800px\" \/><\/a><\/span><\/h2>\n<div>\n<div class=\"\" dir=\"auto\">\n<div id=\":r9h:\" class=\"x1iorvi4 x1pi30zi x1l90r2v x1swvt13\" data-ad-comet-preview=\"message\" data-ad-preview=\"message\">\n\n\t\t\t<style type='text\/css'>\n\t\t\t\t#gallery-4 {\n\t\t\t\t\tmargin: auto;\n\t\t\t\t}\n\t\t\t\t#gallery-4 .gallery-item {\n\t\t\t\t\tfloat: left;\n\t\t\t\t\tmargin-top: 10px;\n\t\t\t\t\ttext-align: center;\n\t\t\t\t\twidth: 16%;\n\t\t\t\t}\n\t\t\t\t#gallery-4 img {\n\t\t\t\t\tborder: 2px solid #cfcfcf;\n\t\t\t\t}\n\t\t\t\t#gallery-4 .gallery-caption {\n\t\t\t\t\tmargin-left: 0;\n\t\t\t\t}\n\t\t\t\t\/* see gallery_shortcode() in wp-includes\/media.php *\/\n\t\t\t<\/style>\n\t\t<div id='gallery-4' class='dt-gallery-container gallery galleryid-395523 gallery-columns-6 gallery-size-thumbnail'><dl class='gallery-item'>\n\t\t\t\t<dt class='gallery-icon portrait'>\n\t\t\t\t\t<a class=\"rollover rollover-zoom dt-pswp-item\" title=\"417418479_1047653160693853_4690433093133735198_n\" data-dt-img-description=\"\" data-large_image_width=\"512\" data-large_image_height=\"640\"href='https:\/\/www.radiopiu.net\/wordpress\/wp-content\/uploads\/2024\/06\/417418479_1047653160693853_4690433093133735198_n-2.jpg'><img loading=\"lazy\" decoding=\"async\" width=\"150\" height=\"150\" src=\"https:\/\/www.radiopiu.net\/wordpress\/wp-content\/uploads\/2024\/06\/417418479_1047653160693853_4690433093133735198_n-2-150x150.jpg\" class=\"attachment-thumbnail size-thumbnail\" alt=\"\" aria-describedby=\"gallery-4-395458\" \/><\/a>\n\t\t\t\t<\/dt>\n\t\t\t\t\t<dd class='wp-caption-text gallery-caption' id='gallery-4-395458'>\n\t\t\t\t\tDOMANI VILLA IMPERINA AGORDO\n\t\t\t\t\t<\/dd><\/dl><dl class='gallery-item'>\n\t\t\t\t<dt class='gallery-icon portrait'>\n\t\t\t\t\t<a class=\"rollover rollover-zoom dt-pswp-item\" title=\"c950811c-7763-405d-ad2c-15d392502b93\" data-dt-img-description=\"\" data-large_image_width=\"480\" data-large_image_height=\"600\"href='https:\/\/www.radiopiu.net\/wordpress\/wp-content\/uploads\/2024\/05\/c950811c-7763-405d-ad2c-15d392502b93-1.jpg'><img loading=\"lazy\" decoding=\"async\" width=\"150\" height=\"150\" src=\"https:\/\/www.radiopiu.net\/wordpress\/wp-content\/uploads\/2024\/05\/c950811c-7763-405d-ad2c-15d392502b93-1-150x150.jpg\" class=\"attachment-thumbnail size-thumbnail\" alt=\"\" aria-describedby=\"gallery-4-392711\" \/><\/a>\n\t\t\t\t<\/dt>\n\t\t\t\t\t<dd class='wp-caption-text gallery-caption' id='gallery-4-392711'>\n\t\t\t\t\tCAMPANOT A CASTION\n\t\t\t\t\t<\/dd><\/dl><dl class='gallery-item'>\n\t\t\t\t<dt class='gallery-icon portrait'>\n\t\t\t\t\t<a class=\"rollover rollover-zoom dt-pswp-item\" title=\"Locandina San Giovanni 2024\" data-dt-img-description=\"\" data-large_image_width=\"1304\" data-large_image_height=\"2560\"href='https:\/\/www.radiopiu.net\/wordpress\/wp-content\/uploads\/2024\/06\/Locandina-San-Giovanni-2024-scaled.jpeg'><img loading=\"lazy\" decoding=\"async\" width=\"150\" height=\"150\" src=\"https:\/\/www.radiopiu.net\/wordpress\/wp-content\/uploads\/2024\/06\/Locandina-San-Giovanni-2024-150x150.jpeg\" class=\"attachment-thumbnail size-thumbnail\" alt=\"\" aria-describedby=\"gallery-4-393442\" \/><\/a>\n\t\t\t\t<\/dt>\n\t\t\t\t\t<dd class='wp-caption-text gallery-caption' id='gallery-4-393442'>\n\t\t\t\t\tSAN GIOVANNI A CANALE D&#8217;AGORDO\n\t\t\t\t\t<\/dd><\/dl><dl class='gallery-item'>\n\t\t\t\t<dt class='gallery-icon portrait'>\n\t\t\t\t\t<a class=\"rollover rollover-zoom dt-pswp-item\" title=\"09d50e2a-86d9-4273-aeb6-415f92136bc3\" data-dt-img-description=\"\" data-large_image_width=\"750\" data-large_image_height=\"1022\"href='https:\/\/www.radiopiu.net\/wordpress\/wp-content\/uploads\/2024\/06\/09d50e2a-86d9-4273-aeb6-415f92136bc3.jpg'><img loading=\"lazy\" decoding=\"async\" width=\"150\" height=\"150\" src=\"https:\/\/www.radiopiu.net\/wordpress\/wp-content\/uploads\/2024\/06\/09d50e2a-86d9-4273-aeb6-415f92136bc3-150x150.jpg\" class=\"attachment-thumbnail size-thumbnail\" alt=\"\" aria-describedby=\"gallery-4-393715\" \/><\/a>\n\t\t\t\t<\/dt>\n\t\t\t\t\t<dd class='wp-caption-text gallery-caption' id='gallery-4-393715'>\n\t\t\t\t\tCORSO DI BALLO A VOLTAGO\n\t\t\t\t\t<\/dd><\/dl><dl class='gallery-item'>\n\t\t\t\t<dt class='gallery-icon portrait'>\n\t\t\t\t\t<a class=\"rollover rollover-zoom dt-pswp-item\" title=\"442414392_10232426359018879_5443832698244930521_n\" data-dt-img-description=\"\" data-large_image_width=\"526\" data-large_image_height=\"709\"href='https:\/\/www.radiopiu.net\/wordpress\/wp-content\/uploads\/2024\/06\/442414392_10232426359018879_5443832698244930521_n.jpg'><img loading=\"lazy\" decoding=\"async\" width=\"150\" height=\"150\" src=\"https:\/\/www.radiopiu.net\/wordpress\/wp-content\/uploads\/2024\/06\/442414392_10232426359018879_5443832698244930521_n-150x150.jpg\" class=\"attachment-thumbnail size-thumbnail\" alt=\"\" aria-describedby=\"gallery-4-394106\" \/><\/a>\n\t\t\t\t<\/dt>\n\t\t\t\t\t<dd class='wp-caption-text gallery-caption' id='gallery-4-394106'>\n\t\t\t\t\tFRASSENE&#8217; CROSS\n\t\t\t\t\t<\/dd><\/dl><dl class='gallery-item'>\n\t\t\t\t<dt class='gallery-icon portrait'>\n\t\t\t\t\t<a class=\"rollover rollover-zoom dt-pswp-item\" title=\"Evento 22 giugno (1)\" data-dt-img-description=\"\" data-large_image_width=\"1240\" data-large_image_height=\"1754\"href='https:\/\/www.radiopiu.net\/wordpress\/wp-content\/uploads\/2024\/06\/Evento-22-giugno-1.jpg'><img loading=\"lazy\" decoding=\"async\" width=\"150\" height=\"150\" src=\"https:\/\/www.radiopiu.net\/wordpress\/wp-content\/uploads\/2024\/06\/Evento-22-giugno-1-150x150.jpg\" class=\"attachment-thumbnail size-thumbnail\" alt=\"\" aria-describedby=\"gallery-4-394035\" \/><\/a>\n\t\t\t\t<\/dt>\n\t\t\t\t\t<dd class='wp-caption-text gallery-caption' id='gallery-4-394035'>\n\t\t\t\t\tPRESENTAZIONE DEL LIBRO A CANALE\n\t\t\t\t\t<\/dd><\/dl><br style=\"clear: both\" \/><dl class='gallery-item'>\n\t\t\t\t<dt class='gallery-icon portrait'>\n\t\t\t\t\t<a class=\"rollover rollover-zoom dt-pswp-item\" title=\"441936111_953300066803441_3663667299753321850_n\" data-dt-img-description=\"\" data-large_image_width=\"520\" data-large_image_height=\"640\"href='https:\/\/www.radiopiu.net\/wordpress\/wp-content\/uploads\/2024\/06\/441936111_953300066803441_3663667299753321850_n.jpg'><img loading=\"lazy\" decoding=\"async\" width=\"150\" height=\"150\" src=\"https:\/\/www.radiopiu.net\/wordpress\/wp-content\/uploads\/2024\/06\/441936111_953300066803441_3663667299753321850_n-150x150.jpg\" class=\"attachment-thumbnail size-thumbnail\" alt=\"\" aria-describedby=\"gallery-4-394061\" \/><\/a>\n\t\t\t\t<\/dt>\n\t\t\t\t\t<dd class='wp-caption-text gallery-caption' id='gallery-4-394061'>\n\t\t\t\t\t31 LUGLIO AL MINIERE E IN DIRETTA ALLA RADIO \n\t\t\t\t\t<\/dd><\/dl><dl class='gallery-item'>\n\t\t\t\t<dt class='gallery-icon portrait'>\n\t\t\t\t\t<a class=\"rollover rollover-zoom dt-pswp-item\" title=\"a1255490-93b2-46a4-8211-d8118fd23b27\" data-dt-img-description=\"\" data-large_image_width=\"1131\" data-large_image_height=\"1600\"href='https:\/\/www.radiopiu.net\/wordpress\/wp-content\/uploads\/2024\/06\/a1255490-93b2-46a4-8211-d8118fd23b27.jpg'><img loading=\"lazy\" decoding=\"async\" width=\"150\" height=\"150\" src=\"https:\/\/www.radiopiu.net\/wordpress\/wp-content\/uploads\/2024\/06\/a1255490-93b2-46a4-8211-d8118fd23b27-150x150.jpg\" class=\"attachment-thumbnail size-thumbnail\" alt=\"\" aria-describedby=\"gallery-4-394932\" \/><\/a>\n\t\t\t\t<\/dt>\n\t\t\t\t\t<dd class='wp-caption-text gallery-caption' id='gallery-4-394932'>\n\t\t\t\t\tA SAN TOMASO\n\t\t\t\t\t<\/dd><\/dl><dl class='gallery-item'>\n\t\t\t\t<dt class='gallery-icon portrait'>\n\t\t\t\t\t<a class=\"rollover rollover-zoom dt-pswp-item\" title=\"Presepi fuori tempo\" data-dt-img-description=\"\" data-large_image_width=\"1414\" data-large_image_height=\"2000\"href='https:\/\/www.radiopiu.net\/wordpress\/wp-content\/uploads\/2024\/06\/Presepi-fuori-tempo.png'><img loading=\"lazy\" decoding=\"async\" width=\"150\" height=\"150\" src=\"https:\/\/www.radiopiu.net\/wordpress\/wp-content\/uploads\/2024\/06\/Presepi-fuori-tempo-150x150.png\" class=\"attachment-thumbnail size-thumbnail\" alt=\"\" aria-describedby=\"gallery-4-395141\" \/><\/a>\n\t\t\t\t<\/dt>\n\t\t\t\t\t<dd class='wp-caption-text gallery-caption' id='gallery-4-395141'>\n\t\t\t\t\tPRESEPI FUORI TEMPO AD AGORDO\n\t\t\t\t\t<\/dd><\/dl><dl class='gallery-item'>\n\t\t\t\t<dt class='gallery-icon portrait'>\n\t\t\t\t\t<a class=\"rollover rollover-zoom dt-pswp-item\" title=\"447443480_320674017756499_9025951349706877056_n\" data-dt-img-description=\"\" data-large_image_width=\"509\" data-large_image_height=\"720\"href='https:\/\/www.radiopiu.net\/wordpress\/wp-content\/uploads\/2024\/06\/447443480_320674017756499_9025951349706877056_n.jpg'><img loading=\"lazy\" decoding=\"async\" width=\"150\" height=\"150\" src=\"https:\/\/www.radiopiu.net\/wordpress\/wp-content\/uploads\/2024\/06\/447443480_320674017756499_9025951349706877056_n-150x150.jpg\" class=\"attachment-thumbnail size-thumbnail\" alt=\"\" aria-describedby=\"gallery-4-395159\" \/><\/a>\n\t\t\t\t<\/dt>\n\t\t\t\t\t<dd class='wp-caption-text gallery-caption' id='gallery-4-395159'>\n\t\t\t\t\t6 LUGLIO AGORDO BAR DELLE BOCCE\n\t\t\t\t\t<\/dd><\/dl><dl class='gallery-item'>\n\t\t\t\t<dt class='gallery-icon portrait'>\n\t\t\t\t\t<a class=\"rollover rollover-zoom dt-pswp-item\" title=\"Le_zecche_come_difendersi_e_proteggersi\" data-dt-img-description=\"\" data-large_image_width=\"1834\" data-large_image_height=\"2560\"href='https:\/\/www.radiopiu.net\/wordpress\/wp-content\/uploads\/2024\/06\/Le_zecche_come_difendersi_e_proteggersi-scaled.jpg'><img loading=\"lazy\" decoding=\"async\" width=\"150\" height=\"150\" src=\"https:\/\/www.radiopiu.net\/wordpress\/wp-content\/uploads\/2024\/06\/Le_zecche_come_difendersi_e_proteggersi-150x150.jpg\" class=\"attachment-thumbnail size-thumbnail\" alt=\"\" aria-describedby=\"gallery-4-395245\" \/><\/a>\n\t\t\t\t<\/dt>\n\t\t\t\t\t<dd class='wp-caption-text gallery-caption' id='gallery-4-395245'>\n\t\t\t\t\tCONOSCIAMO LE ZECCHE A BELLUNO\n\t\t\t\t\t<\/dd><\/dl><dl class='gallery-item'>\n\t\t\t\t<dt class='gallery-icon portrait'>\n\t\t\t\t\t<a class=\"rollover rollover-zoom dt-pswp-item\" title=\"6a884a5b-a4cf-4bb3-a957-2de3050cec0b\" data-dt-img-description=\"\" data-large_image_width=\"1127\" data-large_image_height=\"1600\"href='https:\/\/www.radiopiu.net\/wordpress\/wp-content\/uploads\/2024\/06\/6a884a5b-a4cf-4bb3-a957-2de3050cec0b-2.jpg'><img loading=\"lazy\" decoding=\"async\" width=\"150\" height=\"150\" src=\"https:\/\/www.radiopiu.net\/wordpress\/wp-content\/uploads\/2024\/06\/6a884a5b-a4cf-4bb3-a957-2de3050cec0b-2-150x150.jpg\" class=\"attachment-thumbnail size-thumbnail\" alt=\"\" aria-describedby=\"gallery-4-395683\" \/><\/a>\n\t\t\t\t<\/dt>\n\t\t\t\t\t<dd class='wp-caption-text gallery-caption' id='gallery-4-395683'>\n\t\t\t\t\tCON MOSTO RICCO AD AGORDO \n\t\t\t\t\t<\/dd><\/dl><br style=\"clear: both\" \/>\n\t\t\t<\/div>\n\n<\/div>\n<\/div>\n<\/div>\n<p>&nbsp;<\/p>\n<blockquote>\n<h2>Sagra del Campanot 2024: dieci giorni di tradizione, divertimento e gastronomia a Castion<\/h2>\n<\/blockquote>\n<p>La Sagra del Campanot di Castion ritorna dal 14 al 23 giugno, con una pausa il 17 e 18 giugno, per un&#8217;edizione ricca di eventi, cibo e divertimento. Questo evento annuale celebra la cultura e le tradizioni locali, offrendo un&#8217;esperienza unica per tutti i partecipanti.<br \/>\n<strong>Gastronomia di Qualit\u00e0 <\/strong>Ogni sera, dalle 19:30, e durante i pranzi delle due domeniche, gli ospiti potranno gustare piatti tipici e un men\u00f9 gourmet, accompagnato da vini DOC selezionati. Il pasticcere Stefano Berton preparer\u00e0 deliziosi dolci che delizieranno anche i palati pi\u00f9 esigenti. La sagra promette un viaggio culinario tra i sapori autentici della tradizione locale. <strong>Musica e Intrattenimento\u00a0<\/strong><br \/>\nLe serate saranno animate da musica dal vivo con spettacoli sul palco interno a partire dalle 21:00 e sul palco esterno dalle 22:00 fino a notte fonda. Artisti di vari generi musicali si esibiranno, offrendo un intrattenimento continuo e coinvolgente per tutti i gusti.<br \/>\n<strong>Eventi Sportivi e Attivit\u00e0\u00a0 <\/strong>Il programma della sagra \u00e8 ricco di eventi sportivi e attivit\u00e0 per tutte le et\u00e0: <strong><span style=\"color: #ff0000;\">Mercoled\u00ec 19 giugno:<\/span><\/strong> Giornata dedicata ai bambini con: Ore 16:30, truccabimbi. Ore 18:30, esibizione del coro arcobaleno di Limana. Ore 20:30, spettacolo di giocoleria con il grande Mencho Sosa. <strong>21, 22 e 23 giugno:<\/strong> Torneo Campanot &#8211; 8\u00b0 memorial Alberto e Laura, con un torneo di calcio a 5 e un torneo di volley 3vs3 misto. <strong><span style=\"color: #ff0000;\">Domenica 23 giugno:<\/span><\/strong> Alle 21:00, estrazione dei biglietti vincenti della Lotteria Campanot con un iPhone 15 Plus come primo premio. Sotto il tendone sar\u00e0 possibile seguire le partite dell&#8217;Italia agli Europei 2024, creando un punto di ritrovo per tutti gli appassionati di calcio.\u00a0 Per ulteriori informazioni sul programma completo della Sagra del Campanot, \u00e8 possibile visitare il sito ufficiale <a href=\"http:\/\/www.castion-belluno.it\">www.castion-belluno.it<\/a>.<\/p>\n<h2><span style=\"color: #ff0000;\">PROSSIMAMENTE\u00a0<\/span><\/h2>\n<p>Preparatevi a scatenare la vostra energia e a superare i vostri limiti con CorriPoi 2024. Il trofeo di Corse Podistiche a tappe Nell&#8217;Agordino, quattro tappe emozionanti, ognuna delle quali vi porter\u00e0 a scoprire le bellezze naturali del territorio. 22 GIUGNO FRASSENE&#8217;, 7 LUGLIO FORCELLA AURINE, 7 SETTEMBRE VOLTAGO Alla CorriPoi parteciperanno, fianco a fianco, forti runner, atleti della domenica, famiglie, gruppi di amici, giovani corridori in erba, tutti con l&#8217;obiettivo di correre e di divertirsi. Corri verso la vittoria, corri verso il trofeo Alpenpluss. Regolamento delle quattro gare sul sito KEEPSPORTING.COM, in collaborazione con Kiwi Sport, abbigliamento sportivo per tutta la famiglia, ad ALLEGHE- CENCENIGHE &#8211; BELLUNO<\/p>\n<p>&nbsp;<\/p>\n<hr \/>\n<p>&nbsp;<\/p>\n<p><a class=\"dt-pswp-item\" href=\"https:\/\/www.radiopiu.net\/wordpress\/wp-content\/uploads\/2018\/09\/viabilita.jpeg\" data-dt-img-description=\"\" data-large_image_width=\"800\" data-large_image_height=\"100\"><img loading=\"lazy\" decoding=\"async\" class=\"aligncenter wp-image-61954 size-full\" src=\"https:\/\/www.radiopiu.net\/wordpress\/wp-content\/uploads\/2018\/09\/viabilita.jpeg\" alt=\"\" width=\"800\" height=\"100\" srcset=\"https:\/\/www.radiopiu.net\/wordpress\/wp-content\/uploads\/2018\/09\/viabilita.jpeg 800w, https:\/\/www.radiopiu.net\/wordpress\/wp-content\/uploads\/2018\/09\/viabilita-300x38.jpeg 300w, https:\/\/www.radiopiu.net\/wordpress\/wp-content\/uploads\/2018\/09\/viabilita-768x96.jpeg 768w\" sizes=\"auto, (max-width: 800px) 100vw, 800px\" \/><\/a><\/p>\n<p>&nbsp;<\/p>\n<p><a class=\"dt-pswp-item\" href=\"https:\/\/www.radiopiu.net\/wordpress\/wp-content\/uploads\/2023\/12\/botol-car-service.jpg\" data-dt-img-description=\"\" data-large_image_width=\"600\" data-large_image_height=\"600\"><img loading=\"lazy\" decoding=\"async\" class=\"size-medium wp-image-367044 aligncenter\" src=\"https:\/\/www.radiopiu.net\/wordpress\/wp-content\/uploads\/2023\/12\/botol-car-service-300x300.jpg\" alt=\"\" width=\"300\" height=\"300\" srcset=\"https:\/\/www.radiopiu.net\/wordpress\/wp-content\/uploads\/2023\/12\/botol-car-service-300x300.jpg 300w, https:\/\/www.radiopiu.net\/wordpress\/wp-content\/uploads\/2023\/12\/botol-car-service-150x150.jpg 150w, https:\/\/www.radiopiu.net\/wordpress\/wp-content\/uploads\/2023\/12\/botol-car-service.jpg 600w\" sizes=\"auto, (max-width: 300px) 100vw, 300px\" \/><\/a><\/p>\n<p>&nbsp;<\/p>\n<p>&nbsp;<\/p>\n<h1>BOLLETTINO QUOTIDIANO, CLICCA QUI<\/h1>\n<blockquote class=\"wp-embedded-content\" data-secret=\"Mzr2c5FWGZ\"><p><a href=\"https:\/\/www.radiopiu.net\/wordpress\/viabilita-2\/\">viabilita<\/a><\/p><\/blockquote>\n<p><iframe loading=\"lazy\" class=\"wp-embedded-content\" sandbox=\"allow-scripts\" security=\"restricted\" style=\"position: absolute; clip: rect(1px, 1px, 1px, 1px);\" title=\"&#8220;viabilita&#8221; &#8212; Radio Pi\u00f9\" src=\"https:\/\/www.radiopiu.net\/wordpress\/viabilita-2\/embed\/#?secret=NcLj1ZOEGx#?secret=Mzr2c5FWGZ\" data-secret=\"Mzr2c5FWGZ\" width=\"600\" height=\"338\" frameborder=\"0\" marginwidth=\"0\" marginheight=\"0\" scrolling=\"no\"><\/iframe><\/p>\n<p>&nbsp;<\/p>\n<p>&nbsp;<\/p>\n<hr \/>\n<p>&nbsp;<\/p>\n<p><a class=\"dt-pswp-item\" href=\"https:\/\/www.radiopiu.net\/wordpress\/wp-content\/uploads\/2018\/09\/WhatsApp-Image-2018-09-20-at-16.04.06.jpeg\" data-dt-img-description=\"\" data-large_image_width=\"800\" data-large_image_height=\"100\"><img loading=\"lazy\" decoding=\"async\" class=\"wp-image-61378 size-full aligncenter\" src=\"https:\/\/www.radiopiu.net\/wordpress\/wp-content\/uploads\/2018\/09\/WhatsApp-Image-2018-09-20-at-16.04.06.jpeg\" alt=\"\" width=\"800\" height=\"100\" srcset=\"https:\/\/www.radiopiu.net\/wordpress\/wp-content\/uploads\/2018\/09\/WhatsApp-Image-2018-09-20-at-16.04.06.jpeg 800w, https:\/\/www.radiopiu.net\/wordpress\/wp-content\/uploads\/2018\/09\/WhatsApp-Image-2018-09-20-at-16.04.06-300x38.jpeg 300w, https:\/\/www.radiopiu.net\/wordpress\/wp-content\/uploads\/2018\/09\/WhatsApp-Image-2018-09-20-at-16.04.06-768x96.jpeg 768w\" sizes=\"auto, (max-width: 800px) 100vw, 800px\" \/><\/a><\/p>\n<p><center><\/center><center><\/center><center><\/center><center><\/center><center><\/center><center><\/center>&nbsp;<\/p>\n<p><center><\/center><center><\/center><center><\/center><center><\/center><center><\/center><center><\/center><center><\/center><center><b>OGGI<\/b><\/center>Cielo inizialmente poco o parzialmente nuvoloso per velature soprattutto in alta montagna, anche a tratti nuvoloso nelle valli per qualche nube bassa, assieme anche a qualche foschia nelle ore fredde; nel corso della mattinata intensificazione della nuvolosit\u00e0 pi\u00f9 significativa e consistente rispetto a gioved\u00ec gi\u00e0 nel corso della mattinata, ma soprattutto nel pomeriggio\/sera, associata a fenomeni.<br \/>\n<b>Precipitazioni: <\/b>Al mattino generalmente assenti. Dalle ore centrali graduale aumento della probabilit\u00e0 fino a medio-alta, specie verso il tardo pomeriggio\/sera, di rovesci e di temporali da sparsi a diffusi anche forti; non escluse locali grandinate associate a forti raffiche di vento.<br \/>\n<b>Temperature: <\/b>In alta montagna in lieve o contenuto calo, nelle valli senza notevoli variazioni; le minime saranno misurate a fine giornata soprattutto in quota.<\/p>\n<hr \/>\n<p><center><b>DOMANI<\/b><\/center>Al mattino sereno o poco nuvoloso specie in alta montagna, poco o parzialmente nuvoloso in alcune valli per temporanee nubi basse nelle ore fredde. Nel corso della giornata, graduale aumento della nuvolosit\u00e0 per una moderata attivit\u00e0 cumuliforme con cielo da poco a irregolarmente nuvoloso con tempo a tratti instabile, specie nel pomeriggio\/sera quando saranno possibili dei fenomeni sparsi.<br \/>\n<b>Precipitazioni: <\/b>Al mattino assenti. Dalle ore centrali aumento della probabilit\u00e0 fino a medio-alta nel pomeriggio\/sera, con rovesci o temporali sparsi.<br \/>\n<b>Temperature: <\/b>In diminuzione specie le massime. Clima ben pi\u00f9 fresco rispetto ai giorni precedenti<\/p>\n<hr \/>\n<p><center><b>DOMENICA<\/b><\/center>Giornata all&#8217;insegna della variabilit\u00e0 e dell&#8217;instabilit\u00e0, specie sulle zone prealpine centro-occidentali dove la copertura nuvolosa prevarr\u00e0 sulle schiarite e le precipitazioni saranno pi\u00f9 frequenti rispetto alle Dolomiti. Temperature in ulteriore calo, con clima diurno pi\u00f9 fresco rispetto a sabato ed anche rispetto alla norma.<\/p>\n<hr \/>\n<p><center><b>LUNEDI<\/b><\/center>Tempo ancora variabile e instabile con alternanza di schiarite e di annuvolamenti soprattutto dalla tarda mattinata, quando saranno possibili dei fenomeni sparsi anche a carattere di rovescio o temporale. Temperature minime in lieve calo, massime in aumento su valori prossimi o leggermente pi\u00f9 bassi della norma<\/p>\n<p>&nbsp;<\/p>\n<hr \/>\n<p>&nbsp;<\/p>\n<p><img loading=\"lazy\" decoding=\"async\" class=\"wp-image-60761 size-full aligncenter\" src=\"https:\/\/www.radiopiu.net\/wordpress\/wp-content\/uploads\/2018\/09\/sport.jpg\" alt=\"\" width=\"800\" height=\"100\" srcset=\"https:\/\/www.radiopiu.net\/wordpress\/wp-content\/uploads\/2018\/09\/sport.jpg 800w, https:\/\/www.radiopiu.net\/wordpress\/wp-content\/uploads\/2018\/09\/sport-300x38.jpg 300w, https:\/\/www.radiopiu.net\/wordpress\/wp-content\/uploads\/2018\/09\/sport-768x96.jpg 768w\" sizes=\"auto, (max-width: 800px) 100vw, 800px\" \/><\/p>\n<p>&nbsp;<\/p>\n<p><span style=\"color: #0000ff;\"><strong>HOCKEY SU GHIACCIO<\/strong><\/span><\/p>\n<blockquote>\n<h3>NUOVO ARRIVO IN CASA ALLEGHE HOCKEY, L&#8217;UCRAINO IVAN SHAMARDIN<\/h3>\n<\/blockquote>\n<p><strong><a class=\"dt-pswp-item\" href=\"https:\/\/www.radiopiu.net\/wordpress\/wp-content\/uploads\/2024\/06\/6ef009e3-188c-4412-8024-424e56590b29.jpg\" data-dt-img-description=\"\" data-large_image_width=\"1175\" data-large_image_height=\"719\"><img loading=\"lazy\" decoding=\"async\" class=\"size-medium wp-image-395609 alignleft\" src=\"https:\/\/www.radiopiu.net\/wordpress\/wp-content\/uploads\/2024\/06\/6ef009e3-188c-4412-8024-424e56590b29-300x184.jpg\" alt=\"\" width=\"300\" height=\"184\" srcset=\"https:\/\/www.radiopiu.net\/wordpress\/wp-content\/uploads\/2024\/06\/6ef009e3-188c-4412-8024-424e56590b29-300x184.jpg 300w, https:\/\/www.radiopiu.net\/wordpress\/wp-content\/uploads\/2024\/06\/6ef009e3-188c-4412-8024-424e56590b29-1024x627.jpg 1024w, https:\/\/www.radiopiu.net\/wordpress\/wp-content\/uploads\/2024\/06\/6ef009e3-188c-4412-8024-424e56590b29-768x470.jpg 768w, https:\/\/www.radiopiu.net\/wordpress\/wp-content\/uploads\/2024\/06\/6ef009e3-188c-4412-8024-424e56590b29.jpg 1175w\" sizes=\"auto, (max-width: 300px) 100vw, 300px\" \/><\/a>DI ROBERTO MIANA, PORTAVOCE DELL&#8217;ALLEGHE HOCKEY<\/strong><\/p>\n<p>La Societ\u00e0 Alleghe Hockey annuncia l\u2019ingaggio del giocatore Ivan Shamardin. Difensore ucraino classe 2004, compir\u00e0 vent\u2019anni il prossimo primo luglio, di 184 cm per 93 kg. Interessante giocatore cresciuto nelle squadre giovanili del suo paese, con esperienze anche in Ungheria e Polonia. Nazionale Ucraino Under 18 e Under 20 \u00e8 gi\u00e0 un buon prospetto per la nazionale maggiore. Nel 2022 ha conquistato, con la maglia della nazionale, la Medaglia d\u2019argento al mondiale Under 18 disputato ad Asiago. Shamardin \u00e8 un difensore di grande prestanza che aggiunger\u00e0 fisicit\u00e0 alla difesa biancorossa. Ha buone doti tecniche e la capacit\u00e0 di impostare il gioco, qualit\u00e0 molto importanti nell\u2019economia della squadra. Dopo Alexander Alexandrov approda sotto al Civetta un secondo giocatore ucraino che, come Alexandrov, non andr\u00e0 ad occupare nessuno slot riservato agli stranieri. Infatti il regolamento IHL per il campionato 2024\/2025 prevede che ogni societ\u00e0 possa tesserare un massimo di due stranieri pi\u00f9 altrettanti giocatori ucraini, con quest\u2019ultimi equiparati a giocatori italiani.<\/p>\n<p>&nbsp;<\/p>\n<p><span style=\"color: #0000ff;\"><strong>PALLAVOLO<\/strong><\/span><\/p>\n<blockquote>\n<h3>ULTIMO COLPO DI MERCATO PER IL BELLUNO VOLLEY. ARRIVA ENRICO GUARIENTI ZAPPOLI<\/h3>\n<\/blockquote>\n<p><a class=\"dt-pswp-item\" href=\"https:\/\/www.radiopiu.net\/wordpress\/wp-content\/uploads\/2024\/06\/Zappoli_in_maglia_catanese-scaled.jpg\" data-dt-img-description=\"\" data-large_image_width=\"2560\" data-large_image_height=\"1458\"><img loading=\"lazy\" decoding=\"async\" class=\" wp-image-395630 alignleft\" src=\"https:\/\/www.radiopiu.net\/wordpress\/wp-content\/uploads\/2024\/06\/Zappoli_in_maglia_catanese-300x171.jpg\" alt=\"\" width=\"168\" height=\"96\" srcset=\"https:\/\/www.radiopiu.net\/wordpress\/wp-content\/uploads\/2024\/06\/Zappoli_in_maglia_catanese-300x171.jpg 300w, https:\/\/www.radiopiu.net\/wordpress\/wp-content\/uploads\/2024\/06\/Zappoli_in_maglia_catanese-1024x583.jpg 1024w, https:\/\/www.radiopiu.net\/wordpress\/wp-content\/uploads\/2024\/06\/Zappoli_in_maglia_catanese-768x437.jpg 768w, https:\/\/www.radiopiu.net\/wordpress\/wp-content\/uploads\/2024\/06\/Zappoli_in_maglia_catanese-1536x875.jpg 1536w, https:\/\/www.radiopiu.net\/wordpress\/wp-content\/uploads\/2024\/06\/Zappoli_in_maglia_catanese-2048x1166.jpg 2048w\" sizes=\"auto, (max-width: 168px) 100vw, 168px\" \/><\/a>Il Belluno Volley ha concluso la campagna acquisti con l&#8217;ingaggio di Enrico Guarienti Zappoli, schiacciatore che ha giocato recentemente in Superlega con Catania. Nato a Porto Alegre, Brasile, 29 anni fa, Zappoli \u00e8 arrivato in Italia nel 2014 con la CMC Ravenna in A1. Ha poi giocato in Austria (Hypotirol Innsbruck) e Germania (Buhl) prima di tornare in Italia con Bolzano in A2. Successivamente ha giocato a Roma e Palmi in A3, e negli ultimi tre anni in Sicilia con Aci Castello e Catania tra A3 e Superlega. In totale, Zappoli conta oltre 200 presenze in campionati di serie A.<\/p>\n<p>&nbsp;<\/p>\n<blockquote>\n<h3>IL BELLUNO VOLLEY PRESENTA CENGIA E MIAN, I NUOVO INNESTI<\/h3>\n<\/blockquote>\n<p><strong><a class=\"dt-pswp-item\" href=\"https:\/\/www.radiopiu.net\/wordpress\/wp-content\/uploads\/2024\/06\/5111850f-cf6f-4eb1-add4-8702e4245709-scaled.jpg\" data-dt-img-description=\"\" data-large_image_width=\"2560\" data-large_image_height=\"1920\"><img loading=\"lazy\" decoding=\"async\" class=\" wp-image-395653 alignleft\" src=\"https:\/\/www.radiopiu.net\/wordpress\/wp-content\/uploads\/2024\/06\/5111850f-cf6f-4eb1-add4-8702e4245709-300x225.jpg\" alt=\"\" width=\"148\" height=\"111\" srcset=\"https:\/\/www.radiopiu.net\/wordpress\/wp-content\/uploads\/2024\/06\/5111850f-cf6f-4eb1-add4-8702e4245709-300x225.jpg 300w, https:\/\/www.radiopiu.net\/wordpress\/wp-content\/uploads\/2024\/06\/5111850f-cf6f-4eb1-add4-8702e4245709-1024x768.jpg 1024w, https:\/\/www.radiopiu.net\/wordpress\/wp-content\/uploads\/2024\/06\/5111850f-cf6f-4eb1-add4-8702e4245709-768x576.jpg 768w, https:\/\/www.radiopiu.net\/wordpress\/wp-content\/uploads\/2024\/06\/5111850f-cf6f-4eb1-add4-8702e4245709-1536x1152.jpg 1536w, https:\/\/www.radiopiu.net\/wordpress\/wp-content\/uploads\/2024\/06\/5111850f-cf6f-4eb1-add4-8702e4245709-2048x1536.jpg 2048w\" sizes=\"auto, (max-width: 148px) 100vw, 148px\" \/><\/a>BELLUNO<\/strong> Uno ha attraversato l&#8217;Italia, l&#8217;altro ha fatto pochi chilometri per rafforzare la truppa degli ex del Motta di Livenza: Riccardo Cengia e Riccardo Mian sono i due nuovi giocatori del Belluno Volley che intanto festeggia anche la qualificazione olimpica della nazionale slovena di coach Matteo De Cecco.<\/p>\n<p><strong>DI DANIELE DALVIT<\/strong><\/p>\n<audio class=\"wp-audio-shortcode\" id=\"audio-395523-20\" preload=\"none\" style=\"width: 100%;\" controls=\"controls\"><source type=\"audio\/mpeg\" src=\"https:\/\/www.radiopiu.net\/wordpress\/wp-content\/uploads\/2024\/06\/Servizio-Cengia-e-Mian-Belluno-Volley.mp3?_=20\" \/><a href=\"https:\/\/www.radiopiu.net\/wordpress\/wp-content\/uploads\/2024\/06\/Servizio-Cengia-e-Mian-Belluno-Volley.mp3\">https:\/\/www.radiopiu.net\/wordpress\/wp-content\/uploads\/2024\/06\/Servizio-Cengia-e-Mian-Belluno-Volley.mp3<\/a><\/audio>\n<p>&nbsp;<\/p>\n<p><span style=\"color: #0000ff;\"><strong>CALCIO<\/strong><\/span><\/p>\n<blockquote>\n<h3>ENRICO COLLARIN CONFERMATO PRESIDENTE DEL CALCIO PONTE NELLE ALPI<\/h3>\n<\/blockquote>\n<div class=\"group\/conversation-turn relative flex w-full min-w-0 flex-col agent-turn\">\n<div class=\"flex-col gap-1 md:gap-3\">\n<div class=\"flex flex-grow flex-col max-w-full\">\n<div class=\"min-h-[20px] text-message flex flex-col items-start whitespace-pre-wrap break-words [.text-message+&amp;]:mt-5 juice:w-full juice:items-end overflow-x-auto gap-2\" dir=\"auto\" data-message-author-role=\"assistant\" data-message-id=\"e55d2eed-3fb0-4436-833b-37827acdf966\">\n<div class=\"flex w-full flex-col gap-1 juice:empty:hidden juice:first:pt-[3px]\">\n<div class=\"markdown prose w-full break-words dark:prose-invert light\">\n<p><a class=\"dt-pswp-item\" href=\"https:\/\/www.radiopiu.net\/wordpress\/wp-content\/uploads\/2024\/06\/Nuovo-Consiglio-Ponte.jpg\" data-dt-img-description=\"\" data-large_image_width=\"1923\" data-large_image_height=\"1102\"><img loading=\"lazy\" decoding=\"async\" class=\" wp-image-395648 alignleft\" src=\"https:\/\/www.radiopiu.net\/wordpress\/wp-content\/uploads\/2024\/06\/Nuovo-Consiglio-Ponte-300x172.jpg\" alt=\"\" width=\"199\" height=\"114\" srcset=\"https:\/\/www.radiopiu.net\/wordpress\/wp-content\/uploads\/2024\/06\/Nuovo-Consiglio-Ponte-300x172.jpg 300w, https:\/\/www.radiopiu.net\/wordpress\/wp-content\/uploads\/2024\/06\/Nuovo-Consiglio-Ponte-1024x587.jpg 1024w, https:\/\/www.radiopiu.net\/wordpress\/wp-content\/uploads\/2024\/06\/Nuovo-Consiglio-Ponte-768x440.jpg 768w, https:\/\/www.radiopiu.net\/wordpress\/wp-content\/uploads\/2024\/06\/Nuovo-Consiglio-Ponte-1536x880.jpg 1536w, https:\/\/www.radiopiu.net\/wordpress\/wp-content\/uploads\/2024\/06\/Nuovo-Consiglio-Ponte.jpg 1923w\" sizes=\"auto, (max-width: 199px) 100vw, 199px\" \/><\/a>Durante l\u2019assemblea ordinaria del 12 giugno, l&#8217;ASD Calcio Ponte nelle Alpi ha eletto il nuovo consiglio direttivo composto da Enrico Collarin, Roger De Menech, Antonio Greco, Luca Pirro, Andrea Mazzucco, Luigi De Pra, Stefano Beltrame, Andrea Dal Pozzolo, Vladi De Francesch e Cristiano Poletto. Tutti ex giocatori, sono stati accolti con entusiasmo dai soci. Enrico Collarin \u00e8 stato confermato presidente, con Roger De Menech come vice e Antonio Greco come segretario. Collarin ha dichiarato che l&#8217;ingresso di nuove figure dar\u00e0 vigore al rilancio del club, che festegger\u00e0 i sessant\u2019anni con vari eventi a partire da settembre. Il bilancio approvato mostra movimenti oltre i 200 mila euro e un utile di oltre 40 mila euro, segnale di buona gestione, con 150 atleti tesserati e una ventina di volontari attivi.<\/p>\n<\/div>\n<\/div>\n<\/div>\n<\/div>\n<\/div>\n<\/div>\n<p>&nbsp;<\/p>\n<hr \/>\n<p>&nbsp;<\/p>\n<h2><span style=\"color: #00ff00;\">GOODBYE BY BICICLE&#8230;UN VIAGGIO DALL&#8217;INDIA A SEREN DEL GRAPPA IN BICICLETTA<\/span><\/h2>\n<p><span style=\"color: #ff0000;\"><strong>PUNTATA 18 &#8211; SUPERATO IL CONFINE CON LA CINA SI VA VERSO IL TERRITORIO TIBETANO<\/strong><\/span><\/p>\n<audio class=\"wp-audio-shortcode\" id=\"audio-395523-21\" preload=\"none\" style=\"width: 100%;\" controls=\"controls\"><source type=\"audio\/mpeg\" src=\"https:\/\/www.radiopiu.net\/wordpress\/wp-content\/uploads\/2024\/05\/AIRE-INDIA-PUNTATA-18.mp3?_=21\" \/><a href=\"https:\/\/www.radiopiu.net\/wordpress\/wp-content\/uploads\/2024\/05\/AIRE-INDIA-PUNTATA-18.mp3\">https:\/\/www.radiopiu.net\/wordpress\/wp-content\/uploads\/2024\/05\/AIRE-INDIA-PUNTATA-18.mp3<\/a><\/audio>\n<p>&nbsp;<\/p>\n<p><strong>PER VISITARE I SITI DEI LUOGHI VISITATI, CLICCA SULLE SEGUENTI SCRITTE: <a href=\"https:\/\/www.instagram.com\/vespanda_ilario.lavarra?igsh=MWltZzd0MHdtdXQ1dg==\"><span style=\"color: #3366ff;\">VESPANDA ILARIO LAVARRA<\/span><\/a><\/strong><\/p>\n\n\t\t\t<style type='text\/css'>\n\t\t\t\t#gallery-5 {\n\t\t\t\t\tmargin: auto;\n\t\t\t\t}\n\t\t\t\t#gallery-5 .gallery-item {\n\t\t\t\t\tfloat: left;\n\t\t\t\t\tmargin-top: 10px;\n\t\t\t\t\ttext-align: center;\n\t\t\t\t\twidth: 20%;\n\t\t\t\t}\n\t\t\t\t#gallery-5 img {\n\t\t\t\t\tborder: 2px solid #cfcfcf;\n\t\t\t\t}\n\t\t\t\t#gallery-5 .gallery-caption {\n\t\t\t\t\tmargin-left: 0;\n\t\t\t\t}\n\t\t\t\t\/* see gallery_shortcode() in wp-includes\/media.php *\/\n\t\t\t<\/style>\n\t\t<div id='gallery-5' class='dt-gallery-container gallery galleryid-395523 gallery-columns-5 gallery-size-thumbnail'><dl class='gallery-item'>\n\t\t\t\t<dt class='gallery-icon landscape'>\n\t\t\t\t\t<a class=\"rollover rollover-zoom dt-pswp-item\" title=\"e33ac886-51d9-4d92-9e68-824630c9394b\" data-dt-img-description=\"\" data-large_image_width=\"1152\" data-large_image_height=\"864\"href='https:\/\/www.radiopiu.net\/wordpress\/wp-content\/uploads\/2024\/05\/e33ac886-51d9-4d92-9e68-824630c9394b.jpg'><img loading=\"lazy\" decoding=\"async\" width=\"150\" height=\"150\" src=\"https:\/\/www.radiopiu.net\/wordpress\/wp-content\/uploads\/2024\/05\/e33ac886-51d9-4d92-9e68-824630c9394b-150x150.jpg\" class=\"attachment-thumbnail size-thumbnail\" alt=\"\" \/><\/a>\n\t\t\t\t<\/dt><\/dl><dl class='gallery-item'>\n\t\t\t\t<dt class='gallery-icon landscape'>\n\t\t\t\t\t<a class=\"rollover rollover-zoom dt-pswp-item\" title=\"c0e5479f-4a34-4def-ae8c-9f748e8102d7\" data-dt-img-description=\"\" data-large_image_width=\"1600\" data-large_image_height=\"1204\"href='https:\/\/www.radiopiu.net\/wordpress\/wp-content\/uploads\/2024\/05\/c0e5479f-4a34-4def-ae8c-9f748e8102d7.jpg'><img loading=\"lazy\" decoding=\"async\" width=\"150\" height=\"150\" src=\"https:\/\/www.radiopiu.net\/wordpress\/wp-content\/uploads\/2024\/05\/c0e5479f-4a34-4def-ae8c-9f748e8102d7-150x150.jpg\" class=\"attachment-thumbnail size-thumbnail\" alt=\"\" \/><\/a>\n\t\t\t\t<\/dt><\/dl><dl class='gallery-item'>\n\t\t\t\t<dt class='gallery-icon portrait'>\n\t\t\t\t\t<a class=\"rollover rollover-zoom dt-pswp-item\" title=\"a0df8e43-f7d4-402f-b799-f953a9ff2699\" data-dt-img-description=\"\" data-large_image_width=\"1200\" data-large_image_height=\"1600\"href='https:\/\/www.radiopiu.net\/wordpress\/wp-content\/uploads\/2024\/05\/a0df8e43-f7d4-402f-b799-f953a9ff2699.jpg'><img loading=\"lazy\" decoding=\"async\" width=\"150\" height=\"150\" src=\"https:\/\/www.radiopiu.net\/wordpress\/wp-content\/uploads\/2024\/05\/a0df8e43-f7d4-402f-b799-f953a9ff2699-150x150.jpg\" class=\"attachment-thumbnail size-thumbnail\" alt=\"\" \/><\/a>\n\t\t\t\t<\/dt><\/dl><dl class='gallery-item'>\n\t\t\t\t<dt class='gallery-icon portrait'>\n\t\t\t\t\t<a class=\"rollover rollover-zoom dt-pswp-item\" title=\"7e980112-0906-4e26-adeb-39964d41f7ec\" data-dt-img-description=\"\" data-large_image_width=\"1200\" data-large_image_height=\"1600\"href='https:\/\/www.radiopiu.net\/wordpress\/wp-content\/uploads\/2024\/05\/7e980112-0906-4e26-adeb-39964d41f7ec.jpg'><img loading=\"lazy\" decoding=\"async\" width=\"150\" height=\"150\" src=\"https:\/\/www.radiopiu.net\/wordpress\/wp-content\/uploads\/2024\/05\/7e980112-0906-4e26-adeb-39964d41f7ec-150x150.jpg\" class=\"attachment-thumbnail size-thumbnail\" alt=\"\" \/><\/a>\n\t\t\t\t<\/dt><\/dl><dl class='gallery-item'>\n\t\t\t\t<dt class='gallery-icon landscape'>\n\t\t\t\t\t<a class=\"rollover rollover-zoom dt-pswp-item\" title=\"2f245d47-8730-4e9c-aa04-a3d4587cd527\" data-dt-img-description=\"\" data-large_image_width=\"1600\" data-large_image_height=\"1200\"href='https:\/\/www.radiopiu.net\/wordpress\/wp-content\/uploads\/2024\/05\/2f245d47-8730-4e9c-aa04-a3d4587cd527.jpg'><img loading=\"lazy\" decoding=\"async\" width=\"150\" height=\"150\" src=\"https:\/\/www.radiopiu.net\/wordpress\/wp-content\/uploads\/2024\/05\/2f245d47-8730-4e9c-aa04-a3d4587cd527-150x150.jpg\" class=\"attachment-thumbnail size-thumbnail\" alt=\"\" \/><\/a>\n\t\t\t\t<\/dt><\/dl><br style=\"clear: both\" \/>\n\t\t\t<\/div>\n\n<p>&nbsp;<\/p>\n<p>&nbsp;<\/p>\n<p>&nbsp;<\/p>\n<p>&nbsp;<\/p>\n","protected":false},"excerpt":{"rendered":"<p>******* &nbsp; &nbsp; ultim&#8217;ora, 08.00 DIFFICOLTA&#8217; DI RICEZIONE SEGNALI RETI MOBILI, il sindaco chiama il Prefetto! ALLEGHE Gli utenti di Caprile hanno segnalato al Sindaco problemi di ricezione del segnale di telefonia mobile, internet compreso. Le compagnie interpellate riferiscono che non ci sono problemi. Il Sindaco ha chiesto l&#8217;intervento del Prefetto &nbsp; &nbsp; &nbsp; DOMANI&hellip;<\/p>\n","protected":false},"author":4,"featured_media":395727,"comment_status":"closed","ping_status":"closed","sticky":false,"template":"","format":"standard","meta":{"_monsterinsights_skip_tracking":false,"_monsterinsights_sitenote_active":false,"_monsterinsights_sitenote_note":"","_monsterinsights_sitenote_category":0,"footnotes":""},"categories":[51,86,49],"tags":[],"class_list":["post-395523","post","type-post","status-publish","format-standard","has-post-thumbnail","hentry","category-evidenza-top","category-gr","category-news-18","category-51","category-86","category-49","description-off"],"img_url":"https:\/\/www.radiopiu.net\/wordpress\/wp-content\/uploads\/2024\/06\/891e58f5-5315-4086-8e49-35998545d569.jpg","_links":{"self":[{"href":"https:\/\/www.radiopiu.net\/wordpress\/wp-json\/wp\/v2\/posts\/395523","targetHints":{"allow":["GET"]}}],"collection":[{"href":"https:\/\/www.radiopiu.net\/wordpress\/wp-json\/wp\/v2\/posts"}],"about":[{"href":"https:\/\/www.radiopiu.net\/wordpress\/wp-json\/wp\/v2\/types\/post"}],"author":[{"embeddable":true,"href":"https:\/\/www.radiopiu.net\/wordpress\/wp-json\/wp\/v2\/users\/4"}],"replies":[{"embeddable":true,"href":"https:\/\/www.radiopiu.net\/wordpress\/wp-json\/wp\/v2\/comments?post=395523"}],"version-history":[{"count":0,"href":"https:\/\/www.radiopiu.net\/wordpress\/wp-json\/wp\/v2\/posts\/395523\/revisions"}],"wp:featuredmedia":[{"embeddable":true,"href":"https:\/\/www.radiopiu.net\/wordpress\/wp-json\/wp\/v2\/media\/395727"}],"wp:attachment":[{"href":"https:\/\/www.radiopiu.net\/wordpress\/wp-json\/wp\/v2\/media?parent=395523"}],"wp:term":[{"taxonomy":"category","embeddable":true,"href":"https:\/\/www.radiopiu.net\/wordpress\/wp-json\/wp\/v2\/categories?post=395523"},{"taxonomy":"post_tag","embeddable":true,"href":"https:\/\/www.radiopiu.net\/wordpress\/wp-json\/wp\/v2\/tags?post=395523"}],"curies":[{"name":"wp","href":"https:\/\/api.w.org\/{rel}","templated":true}]}}