{"id":395538,"date":"2024-06-20T04:57:19","date_gmt":"2024-06-20T02:57:19","guid":{"rendered":"https:\/\/www.radiopiu.net\/wordpress\/?p=395538"},"modified":"2024-06-20T05:08:35","modified_gmt":"2024-06-20T03:08:35","slug":"addio-a-giuliano","status":"publish","type":"post","link":"https:\/\/www.radiopiu.net\/wordpress\/addio-a-giuliano\/","title":{"rendered":"Addio a Giuliano Viel, Imprenditore Innamorato del Bellunese"},"content":{"rendered":"<p>**<\/p>\n<blockquote>\n<h2><\/h2>\n<\/blockquote>\n<p><strong><a class=\"dt-pswp-item\" href=\"https:\/\/www.radiopiu.net\/wordpress\/wp-content\/uploads\/2024\/06\/Senza-nome-48.png\" data-dt-img-description=\"\" data-large_image_width=\"249\" data-large_image_height=\"236\"><img loading=\"lazy\" decoding=\"async\" class=\" wp-image-395540 alignleft\" src=\"https:\/\/www.radiopiu.net\/wordpress\/wp-content\/uploads\/2024\/06\/Senza-nome-48.png\" alt=\"\" width=\"146\" height=\"138\" \/><\/a>BELLUNO\u00a0<\/strong> Il presidente della Provincia di Belluno, Roberto Padrin, esprime cordoglio per la scomparsa di Giuliano Viel, fondatore del ristorante Al Borgo. Negli anni Settanta, Viel trasform\u00f2 una vecchia villa veneta in un ristorante simbolo di qualit\u00e0 per Belluno. Con passione e cura, selezionava personalmente i prodotti e raccoglieva erbe di montagna, creando piatti eccezionali come i celebri &#8220;radici da pra col lardo&#8221;. Viel valorizz\u00f2 il territorio con una visione lungimirante e un attaccamento alle tradizioni locali. L&#8217;amministrazione provinciale si unisce nel ricordo affettuoso con amici e familiari.<\/p>\n<blockquote><p><em>\u201cUomo autentico e vero appassionato del suo territorio, Giuliano Viel era un ristoratore d\u2019altri tempi\u201d. Sono le parole di cordoglio del Sindaco di Belluno, Oscar De Pellegrin, per la scomparsa del proprietario e fondatore del Ristorante Al Borgo di Belluno.<\/em><\/p><\/blockquote>\n<p>\u201cCompetente e gioviale, Giuliano ha saputo coniugare l\u2019ospitalit\u00e0 raffinata con la valorizzazione dei piatti di un tempo e dei prodotti del nostro territorio. Andare Al Borgo era sempre un ritrovare ricette del passato e sapori antichi, piatti che mangiavamo da bambini e che lui cucinava dandoci sempre il suo tocco in pi\u00f9. Imprenditore lungimirante e visionario, Viel ha saputo farsi strada nel mondo della ristorazione ridando dignit\u00e0 ad una cucina a tratti povera, ma gustosa e ricca di storia. \u00c8 stato prezioso custode delle nostre tradizioni culinarie, che ora saranno ben portate avanti dalla sua famiglia e dai suoi collaboratori ai quali oggi va il mio affettuoso pensiero\u201d.<\/p>\n","protected":false},"excerpt":{"rendered":"<p>** BELLUNO\u00a0 Il presidente della Provincia di Belluno, Roberto Padrin, esprime cordoglio per la scomparsa di Giuliano Viel, fondatore del ristorante Al Borgo. Negli anni Settanta, Viel trasform\u00f2 una vecchia villa veneta in un ristorante simbolo di qualit\u00e0 per Belluno. Con passione e cura, selezionava personalmente i prodotti e raccoglieva erbe di montagna, creando piatti&hellip;<\/p>\n","protected":false},"author":4,"featured_media":395540,"comment_status":"closed","ping_status":"closed","sticky":false,"template":"","format":"standard","meta":{"_monsterinsights_skip_tracking":false,"_monsterinsights_sitenote_active":false,"_monsterinsights_sitenote_note":"","_monsterinsights_sitenote_category":0,"footnotes":""},"categories":[51,49],"tags":[],"class_list":["post-395538","post","type-post","status-publish","format-standard","has-post-thumbnail","hentry","category-evidenza-top","category-news-18","category-51","category-49","description-off"],"img_url":"https:\/\/www.radiopiu.net\/wordpress\/wp-content\/uploads\/2024\/06\/Senza-nome-48.png","_links":{"self":[{"href":"https:\/\/www.radiopiu.net\/wordpress\/wp-json\/wp\/v2\/posts\/395538","targetHints":{"allow":["GET"]}}],"collection":[{"href":"https:\/\/www.radiopiu.net\/wordpress\/wp-json\/wp\/v2\/posts"}],"about":[{"href":"https:\/\/www.radiopiu.net\/wordpress\/wp-json\/wp\/v2\/types\/post"}],"author":[{"embeddable":true,"href":"https:\/\/www.radiopiu.net\/wordpress\/wp-json\/wp\/v2\/users\/4"}],"replies":[{"embeddable":true,"href":"https:\/\/www.radiopiu.net\/wordpress\/wp-json\/wp\/v2\/comments?post=395538"}],"version-history":[{"count":0,"href":"https:\/\/www.radiopiu.net\/wordpress\/wp-json\/wp\/v2\/posts\/395538\/revisions"}],"wp:featuredmedia":[{"embeddable":true,"href":"https:\/\/www.radiopiu.net\/wordpress\/wp-json\/wp\/v2\/media\/395540"}],"wp:attachment":[{"href":"https:\/\/www.radiopiu.net\/wordpress\/wp-json\/wp\/v2\/media?parent=395538"}],"wp:term":[{"taxonomy":"category","embeddable":true,"href":"https:\/\/www.radiopiu.net\/wordpress\/wp-json\/wp\/v2\/categories?post=395538"},{"taxonomy":"post_tag","embeddable":true,"href":"https:\/\/www.radiopiu.net\/wordpress\/wp-json\/wp\/v2\/tags?post=395538"}],"curies":[{"name":"wp","href":"https:\/\/api.w.org\/{rel}","templated":true}]}}