{"id":395664,"date":"2024-06-20T15:41:14","date_gmt":"2024-06-20T13:41:14","guid":{"rendered":"https:\/\/www.radiopiu.net\/wordpress\/?p=395664"},"modified":"2024-06-21T05:55:49","modified_gmt":"2024-06-21T03:55:49","slug":"prima-edizione-del-gala-bandistico-delle-dolomiti","status":"publish","type":"post","link":"https:\/\/www.radiopiu.net\/wordpress\/prima-edizione-del-gala-bandistico-delle-dolomiti\/","title":{"rendered":"Prima Edizione del Gal\u00e0 Bandistico delle Dolomiti"},"content":{"rendered":"<div class=\"flex-1 overflow-hidden\">\n<div class=\"react-scroll-to-bottom--css-miyoy-79elbk h-full\">\n<div class=\"react-scroll-to-bottom--css-miyoy-1n7m0yu\">\n<div class=\"flex flex-col text-sm md:pb-9\">\n<div class=\"w-full text-token-text-primary\" dir=\"auto\" data-testid=\"conversation-turn-17\" data-scroll-anchor=\"true\">\n<div class=\"py-2 juice:py-[18px] px-3 text-base md:px-4 m-auto md:px-5 lg:px-1 xl:px-5\">\n<div class=\"mx-auto flex flex-1 gap-3 text-base juice:gap-4 juice:md:gap-5 juice:lg:gap-6 md:max-w-3xl\">\n<div class=\"group\/conversation-turn relative flex w-full min-w-0 flex-col agent-turn\">\n<div class=\"flex-col gap-1 md:gap-3\">\n<div class=\"flex flex-grow flex-col max-w-full\">\n<div class=\"min-h-[20px] text-message flex flex-col items-start whitespace-pre-wrap break-words [.text-message+&amp;]:mt-5 juice:w-full juice:items-end overflow-x-auto gap-2\" dir=\"auto\" data-message-author-role=\"assistant\" data-message-id=\"85c91ce2-a647-4806-a6f8-171a12ebd094\">\n<div class=\"flex w-full flex-col gap-1 juice:empty:hidden juice:first:pt-[3px]\">\n<div class=\"markdown prose w-full break-words dark:prose-invert dark\">\n<blockquote>\n<h3>***<\/h3>\n<\/blockquote>\n<p><strong><a class=\"dt-pswp-item\" href=\"https:\/\/www.radiopiu.net\/wordpress\/wp-content\/uploads\/2024\/06\/Senza-nome-50.png\" data-dt-img-description=\"\" data-large_image_width=\"188\" data-large_image_height=\"147\"><img loading=\"lazy\" decoding=\"async\" class=\"size-full wp-image-395662 alignleft\" src=\"https:\/\/www.radiopiu.net\/wordpress\/wp-content\/uploads\/2024\/06\/Senza-nome-50.png\" alt=\"\" width=\"188\" height=\"147\" \/><\/a>BELLUNO<\/strong> Domenica 23 giugno alle 18, al Teatro &#8220;D. Buzzati&#8221;, si terr\u00e0 la prima edizione del Gal\u00e0 Bandistico delle Dolomiti. Questo evento vedr\u00e0 la partecipazione della Filarmonica di Belluno e della Banda Citt\u00e0 di Feltre. Parte del progetto Culture Link, sostenuto dalla Fondazione Teatri Delle Dolomiti, Fondazione Cariverona e Cortina Banca, il Gal\u00e0 mira a valorizzare le realt\u00e0 artistiche della provincia di Belluno. L\u2019evento \u00e8 realizzato in collaborazione con l\u2019assessorato alla cultura dei Comuni di Belluno e Feltre. Per maggiori informazioni \u00a00437 444066; <a rel=\"noreferrer\">info@teatridelleDolomiti.it<\/a><\/p>\n<\/div>\n<\/div>\n<\/div>\n<\/div>\n<div class=\"mt-1 flex gap-3 empty:hidden juice:-ml-3\">\n<div class=\"items-center justify-start rounded-xl p-1 flex\">\n<div class=\"flex items-center\">\n<blockquote>\n<div class=\"flex\"><em>La Banda Citt\u00e0 di Feltre, fondata nel 1856, \u00e8 oggi un&#8217;importante associazione di promozione sociale diretta dal Maestro Ivan Villanova. La Filarmonica di Belluno 1867, composta da circa quaranta musicisti, \u00e8 diretta dal Maestro Giovanni Vettore.<\/em><\/div>\n<\/blockquote>\n<\/div>\n<\/div>\n<\/div>\n<\/div>\n<\/div>\n<\/div>\n<\/div>\n<\/div>\n<\/div>\n<\/div>\n<\/div>\n<\/div>\n<p>&nbsp;<\/p>\n<p>&#8212;<\/p>\n","protected":false},"excerpt":{"rendered":"<p>*** BELLUNO Domenica 23 giugno alle 18, al Teatro &#8220;D. Buzzati&#8221;, si terr\u00e0 la prima edizione del Gal\u00e0 Bandistico delle Dolomiti. Questo evento vedr\u00e0 la partecipazione della Filarmonica di Belluno e della Banda Citt\u00e0 di Feltre. Parte del progetto Culture Link, sostenuto dalla Fondazione Teatri Delle Dolomiti, Fondazione Cariverona e Cortina Banca, il Gal\u00e0 mira&hellip;<\/p>\n","protected":false},"author":4,"featured_media":395662,"comment_status":"closed","ping_status":"closed","sticky":false,"template":"","format":"standard","meta":{"_monsterinsights_skip_tracking":false,"_monsterinsights_sitenote_active":false,"_monsterinsights_sitenote_note":"","_monsterinsights_sitenote_category":0,"footnotes":""},"categories":[51,49],"tags":[],"class_list":["post-395664","post","type-post","status-publish","format-standard","has-post-thumbnail","hentry","category-evidenza-top","category-news-18","category-51","category-49","description-off"],"img_url":"https:\/\/www.radiopiu.net\/wordpress\/wp-content\/uploads\/2024\/06\/Senza-nome-50.png","_links":{"self":[{"href":"https:\/\/www.radiopiu.net\/wordpress\/wp-json\/wp\/v2\/posts\/395664","targetHints":{"allow":["GET"]}}],"collection":[{"href":"https:\/\/www.radiopiu.net\/wordpress\/wp-json\/wp\/v2\/posts"}],"about":[{"href":"https:\/\/www.radiopiu.net\/wordpress\/wp-json\/wp\/v2\/types\/post"}],"author":[{"embeddable":true,"href":"https:\/\/www.radiopiu.net\/wordpress\/wp-json\/wp\/v2\/users\/4"}],"replies":[{"embeddable":true,"href":"https:\/\/www.radiopiu.net\/wordpress\/wp-json\/wp\/v2\/comments?post=395664"}],"version-history":[{"count":0,"href":"https:\/\/www.radiopiu.net\/wordpress\/wp-json\/wp\/v2\/posts\/395664\/revisions"}],"wp:featuredmedia":[{"embeddable":true,"href":"https:\/\/www.radiopiu.net\/wordpress\/wp-json\/wp\/v2\/media\/395662"}],"wp:attachment":[{"href":"https:\/\/www.radiopiu.net\/wordpress\/wp-json\/wp\/v2\/media?parent=395664"}],"wp:term":[{"taxonomy":"category","embeddable":true,"href":"https:\/\/www.radiopiu.net\/wordpress\/wp-json\/wp\/v2\/categories?post=395664"},{"taxonomy":"post_tag","embeddable":true,"href":"https:\/\/www.radiopiu.net\/wordpress\/wp-json\/wp\/v2\/tags?post=395664"}],"curies":[{"name":"wp","href":"https:\/\/api.w.org\/{rel}","templated":true}]}}