{"id":395672,"date":"2024-06-20T15:58:29","date_gmt":"2024-06-20T13:58:29","guid":{"rendered":"https:\/\/www.radiopiu.net\/wordpress\/?p=395672"},"modified":"2024-06-21T05:55:42","modified_gmt":"2024-06-21T03:55:42","slug":"concerto-commemorativo-per-il-250-anniversario-della-guardia-di-finanza","status":"publish","type":"post","link":"https:\/\/www.radiopiu.net\/wordpress\/concerto-commemorativo-per-il-250-anniversario-della-guardia-di-finanza\/","title":{"rendered":"Concerto Commemorativo per il 250\u00b0 Anniversario della Guardia di Finanza"},"content":{"rendered":"<p>***<\/p>\n<p>&nbsp;<\/p>\n<p><strong><a class=\"dt-pswp-item\" href=\"https:\/\/www.radiopiu.net\/wordpress\/wp-content\/uploads\/2024\/06\/Senza-nome-52.png\" data-dt-img-description=\"\" data-large_image_width=\"132\" data-large_image_height=\"160\"><img loading=\"lazy\" decoding=\"async\" class=\"size-full wp-image-395674 alignleft\" src=\"https:\/\/www.radiopiu.net\/wordpress\/wp-content\/uploads\/2024\/06\/Senza-nome-52.png\" alt=\"\" width=\"132\" height=\"160\" \/><\/a>BELLUNO\u00a0<\/strong> In occasione del 250\u00b0 anniversario della Fondazione del Corpo della Guardia di Finanza, si terr\u00e0 un concerto commemorativo,\u00a0 gioved\u00ec 27 giugno alle\u00a0 20 presso il Palazzo dei Rettori, sede della Prefettura di Belluno. L&#8217;evento nel ricordo di Martina Bonavera, vedr\u00e0 la partecipazione del Coro della Guardia di Finanza di Belluno, accompagnato dall\u2019Ensemble dei maestri Claudio Montafia (flauto), Mara Comelato (flauto) e Orazio Longo (pianoforte). L&#8217;evento ha come\u00a0 obiettivo\u00a0 raccogliere fondi per l&#8217;associazione benefica dedicata a Martina Bonavera. L&#8217;ingresso \u00e8 ad offerta libera e la prenotazione \u00e8 obbligatoria tramite email a <a rel=\"noreferrer\">bl0500009@gdf.it<\/a>. Questo evento non solo celebra un&#8217;importante pietra miliare nella storia della Guardia di Finanza, ma unisce la comunit\u00e0 in un gesto di solidariet\u00e0 e commemorazione. I fondi raccolti contribuiranno a sostenere le attivit\u00e0 dell&#8217;Associazione Martina Bonavera, impegno anche della Guardia di Finanza nel supporto alle cause sociali e umanitarie.<\/p>\n<p>&nbsp;<\/p>\n<p><a class=\"dt-pswp-item\" href=\"https:\/\/www.radiopiu.net\/wordpress\/wp-content\/uploads\/2024\/06\/Senza-nome-51.png\" data-dt-img-description=\"\" data-large_image_width=\"773\" data-large_image_height=\"344\"><img loading=\"lazy\" decoding=\"async\" class=\"alignnone wp-image-395673 size-full\" src=\"https:\/\/www.radiopiu.net\/wordpress\/wp-content\/uploads\/2024\/06\/Senza-nome-51.png\" alt=\"\" width=\"773\" height=\"344\" srcset=\"https:\/\/www.radiopiu.net\/wordpress\/wp-content\/uploads\/2024\/06\/Senza-nome-51.png 773w, https:\/\/www.radiopiu.net\/wordpress\/wp-content\/uploads\/2024\/06\/Senza-nome-51-300x134.png 300w, https:\/\/www.radiopiu.net\/wordpress\/wp-content\/uploads\/2024\/06\/Senza-nome-51-768x342.png 768w\" sizes=\"auto, (max-width: 773px) 100vw, 773px\" \/><\/a><\/p>\n<p>&nbsp;<\/p>\n<p>___<\/p>\n<div class=\"flex-1 overflow-hidden\">\n<div class=\"react-scroll-to-bottom--css-miyoy-79elbk h-full\">\n<div class=\"react-scroll-to-bottom--css-miyoy-1n7m0yu\">\n<div class=\"flex flex-col text-sm md:pb-9\">\n<div class=\"w-full text-token-text-primary\" dir=\"auto\" data-testid=\"conversation-turn-19\" data-scroll-anchor=\"true\">\n<div class=\"py-2 juice:py-[18px] px-3 text-base md:px-4 m-auto md:px-5 lg:px-1 xl:px-5\">\n<div class=\"mx-auto flex flex-1 gap-3 text-base juice:gap-4 juice:md:gap-5 juice:lg:gap-6 md:max-w-3xl\">\n<div class=\"group\/conversation-turn relative flex w-full min-w-0 flex-col agent-turn\">\n<div class=\"flex-col gap-1 md:gap-3\">\n<div class=\"pr-2 lg:pr-0\"><\/div>\n<div class=\"mt-3 w-full empty:hidden\">\n<div class=\"text-center\"><\/div>\n<\/div>\n<\/div>\n<div class=\"absolute\">\n<div class=\"flex items-center justify-center\"><\/div>\n<\/div>\n<\/div>\n<\/div>\n<\/div>\n<\/div>\n<\/div>\n<\/div>\n<\/div>\n<\/div>\n<div class=\"w-full md:pt-0 dark:border-white\/20 md:border-transparent md:dark:border-transparent md:w-[calc(100%-.5rem)] juice:w-full\">\n<div class=\"px-3 text-base md:px-4 m-auto md:px-5 lg:px-1 xl:px-5\">\n<div class=\"mx-auto flex flex-1 gap-3 text-base juice:gap-4 juice:md:gap-5 juice:lg:gap-6 md:max-w-3xl\">\n<form class=\"w-full\" aria-haspopup=\"dialog\" aria-expanded=\"false\" aria-controls=\"radix-:r4:\" data-state=\"closed\">\n<div class=\"relative flex h-full max-w-full flex-1 flex-col\">\n<div class=\"absolute bottom-full left-0 right-0 z-20\"><\/div>\n<div class=\"flex w-full items-center\">\n<div class=\"flex w-full flex-col gap-1.5 rounded-[26px] p-1.5 transition-colors bg-[#f4f4f4] dark:bg-token-main-surface-secondary\">\n<div class=\"flex items-end gap-1.5 md:gap-2\">\n<div>\n<div class=\"flex flex-col\"><input class=\"hidden\" tabindex=\"-1\" multiple=\"multiple\" type=\"file\" \/><button id=\"radix-:ra:\" class=\"text-token-text-primary border border-transparent inline-flex items-center justify-center gap-1 rounded-lg text-sm dark:transparent dark:bg-transparent leading-none outline-none cursor-pointer hover:bg-token-main-surface-secondary dark:hover:bg-token-main-surface-secondary focus-visible:bg-token-main-surface-secondary radix-state-active:text-token-text-secondary radix-disabled:cursor-auto radix-disabled:bg-transparent radix-disabled:text-token-text-tertiary dark:radix-disabled:bg-transparent m-0 h-0 w-0 border-none bg-transparent p-0\" type=\"button\" aria-haspopup=\"menu\" aria-expanded=\"false\" data-state=\"closed\"><\/button><button class=\"flex items-center justify-center text-token-text-primary juice:h-8 juice:w-8 dark:text-white juice:rounded-full focus-visible:outline-black dark:focus-visible:outline-white juice:mb-1 juice:ml-1.5\" aria-disabled=\"false\"><\/button><\/p>\n<div aria-haspopup=\"dialog\" aria-expanded=\"false\" aria-controls=\"radix-:rc:\" data-state=\"closed\"><\/div>\n<\/div>\n<\/div>\n<div class=\"flex min-w-0 flex-1 flex-col\"><\/div>\n<\/div>\n<\/div>\n<\/div>\n<\/div>\n<\/form>\n<\/div>\n<\/div>\n<\/div>\n","protected":false},"excerpt":{"rendered":"<p>*** &nbsp; BELLUNO\u00a0 In occasione del 250\u00b0 anniversario della Fondazione del Corpo della Guardia di Finanza, si terr\u00e0 un concerto commemorativo,\u00a0 gioved\u00ec 27 giugno alle\u00a0 20 presso il Palazzo dei Rettori, sede della Prefettura di Belluno. L&#8217;evento nel ricordo di Martina Bonavera, vedr\u00e0 la partecipazione del Coro della Guardia di Finanza di Belluno, accompagnato dall\u2019Ensemble&hellip;<\/p>\n","protected":false},"author":4,"featured_media":395673,"comment_status":"closed","ping_status":"closed","sticky":false,"template":"","format":"standard","meta":{"_monsterinsights_skip_tracking":false,"_monsterinsights_sitenote_active":false,"_monsterinsights_sitenote_note":"","_monsterinsights_sitenote_category":0,"footnotes":""},"categories":[104,49],"tags":[],"class_list":["post-395672","post","type-post","status-publish","format-standard","has-post-thumbnail","hentry","category-evidenza_3","category-news-18","category-104","category-49","description-off"],"img_url":"https:\/\/www.radiopiu.net\/wordpress\/wp-content\/uploads\/2024\/06\/Senza-nome-51.png","_links":{"self":[{"href":"https:\/\/www.radiopiu.net\/wordpress\/wp-json\/wp\/v2\/posts\/395672","targetHints":{"allow":["GET"]}}],"collection":[{"href":"https:\/\/www.radiopiu.net\/wordpress\/wp-json\/wp\/v2\/posts"}],"about":[{"href":"https:\/\/www.radiopiu.net\/wordpress\/wp-json\/wp\/v2\/types\/post"}],"author":[{"embeddable":true,"href":"https:\/\/www.radiopiu.net\/wordpress\/wp-json\/wp\/v2\/users\/4"}],"replies":[{"embeddable":true,"href":"https:\/\/www.radiopiu.net\/wordpress\/wp-json\/wp\/v2\/comments?post=395672"}],"version-history":[{"count":0,"href":"https:\/\/www.radiopiu.net\/wordpress\/wp-json\/wp\/v2\/posts\/395672\/revisions"}],"wp:featuredmedia":[{"embeddable":true,"href":"https:\/\/www.radiopiu.net\/wordpress\/wp-json\/wp\/v2\/media\/395673"}],"wp:attachment":[{"href":"https:\/\/www.radiopiu.net\/wordpress\/wp-json\/wp\/v2\/media?parent=395672"}],"wp:term":[{"taxonomy":"category","embeddable":true,"href":"https:\/\/www.radiopiu.net\/wordpress\/wp-json\/wp\/v2\/categories?post=395672"},{"taxonomy":"post_tag","embeddable":true,"href":"https:\/\/www.radiopiu.net\/wordpress\/wp-json\/wp\/v2\/tags?post=395672"}],"curies":[{"name":"wp","href":"https:\/\/api.w.org\/{rel}","templated":true}]}}