{"id":395676,"date":"2024-06-22T16:41:14","date_gmt":"2024-06-22T14:41:14","guid":{"rendered":"https:\/\/www.radiopiu.net\/wordpress\/?p=395676"},"modified":"2024-06-21T17:00:38","modified_gmt":"2024-06-21T15:00:38","slug":"attesa-perturbazione-e-stato","status":"publish","type":"post","link":"https:\/\/www.radiopiu.net\/wordpress\/attesa-perturbazione-e-stato\/","title":{"rendered":"Preallarme  per Rischio Idrogeologico"},"content":{"rendered":"<p>***<\/p>\n<p>&nbsp;<\/p>\n<p><strong><img loading=\"lazy\" decoding=\"async\" class=\"alignleft\" src=\"https:\/\/www.radiopiu.net\/wordpress\/wp-content\/uploads\/2018\/08\/instabilita.jpg\" width=\"257\" height=\"154\" \/>VENEZIA<\/strong> Il Centro Funzionale Decentrato della Protezione Civile del Veneto ha emesso un avviso di preallarme per rischio idrogeologico in tutti i bacini montani e pedemontani, valido fino alle ore 3.00 di sabato 22 giugno. Previsti fenomeni intensi, rovesci e temporali..<\/p>\n<blockquote><p><em>Dopo giorni di tempo stabile con temperature elevate e umidit\u00e0, una perturbazione in arrivo da ovest aumenter\u00e0 l&#8217;instabilit\u00e0 atmosferica. Si prevedono forti rovesci, raffiche di vento e grandinate. I temporali potrebbero innescare frane superficiali, colate rapide, innalzamento dei livelli dei fiumi secondari e allagamenti.<\/em><\/p><\/blockquote>\n<p>&nbsp;<\/p>\n<hr \/>\n<p>&nbsp;<\/p>\n","protected":false},"excerpt":{"rendered":"<p>*** &nbsp; VENEZIA Il Centro Funzionale Decentrato della Protezione Civile del Veneto ha emesso un avviso di preallarme per rischio idrogeologico in tutti i bacini montani e pedemontani, valido fino alle ore 3.00 di sabato 22 giugno. Previsti fenomeni intensi, rovesci e temporali.. Dopo giorni di tempo stabile con temperature elevate e umidit\u00e0, una perturbazione&hellip;<\/p>\n","protected":false},"author":4,"featured_media":57488,"comment_status":"closed","ping_status":"closed","sticky":false,"template":"","format":"standard","meta":{"_monsterinsights_skip_tracking":false,"_monsterinsights_sitenote_active":false,"_monsterinsights_sitenote_note":"","_monsterinsights_sitenote_category":0,"footnotes":""},"categories":[51,49],"tags":[],"class_list":["post-395676","post","type-post","status-publish","format-standard","has-post-thumbnail","hentry","category-evidenza-top","category-news-18","category-51","category-49","description-off"],"img_url":"https:\/\/www.radiopiu.net\/wordpress\/wp-content\/uploads\/2018\/08\/instabilita.jpg","_links":{"self":[{"href":"https:\/\/www.radiopiu.net\/wordpress\/wp-json\/wp\/v2\/posts\/395676","targetHints":{"allow":["GET"]}}],"collection":[{"href":"https:\/\/www.radiopiu.net\/wordpress\/wp-json\/wp\/v2\/posts"}],"about":[{"href":"https:\/\/www.radiopiu.net\/wordpress\/wp-json\/wp\/v2\/types\/post"}],"author":[{"embeddable":true,"href":"https:\/\/www.radiopiu.net\/wordpress\/wp-json\/wp\/v2\/users\/4"}],"replies":[{"embeddable":true,"href":"https:\/\/www.radiopiu.net\/wordpress\/wp-json\/wp\/v2\/comments?post=395676"}],"version-history":[{"count":0,"href":"https:\/\/www.radiopiu.net\/wordpress\/wp-json\/wp\/v2\/posts\/395676\/revisions"}],"wp:featuredmedia":[{"embeddable":true,"href":"https:\/\/www.radiopiu.net\/wordpress\/wp-json\/wp\/v2\/media\/57488"}],"wp:attachment":[{"href":"https:\/\/www.radiopiu.net\/wordpress\/wp-json\/wp\/v2\/media?parent=395676"}],"wp:term":[{"taxonomy":"category","embeddable":true,"href":"https:\/\/www.radiopiu.net\/wordpress\/wp-json\/wp\/v2\/categories?post=395676"},{"taxonomy":"post_tag","embeddable":true,"href":"https:\/\/www.radiopiu.net\/wordpress\/wp-json\/wp\/v2\/tags?post=395676"}],"curies":[{"name":"wp","href":"https:\/\/api.w.org\/{rel}","templated":true}]}}