{"id":395742,"date":"2024-06-21T07:55:54","date_gmt":"2024-06-21T05:55:54","guid":{"rendered":"https:\/\/www.radiopiu.net\/wordpress\/?p=395742"},"modified":"2024-06-21T08:01:37","modified_gmt":"2024-06-21T06:01:37","slug":"395742-2","status":"publish","type":"post","link":"https:\/\/www.radiopiu.net\/wordpress\/395742-2\/","title":{"rendered":"dal 1983 la rassegna stampa locale di mirko mezzacasa L&#8217;ORIGINALE"},"content":{"rendered":"<p>***<\/p>\n<p>&nbsp;<\/p>\n<p><iframe loading=\"lazy\" title=\"DAL 1983 LA RASSEGNA STAMPA LOCALE di mirko mezzacasa. L&#039;ORIGINALE\" width=\"1200\" height=\"675\" src=\"https:\/\/www.youtube.com\/embed\/sG2ELgJXB-A?feature=oembed\" frameborder=\"0\" allow=\"accelerometer; autoplay; clipboard-write; encrypted-media; gyroscope; picture-in-picture; web-share\" referrerpolicy=\"strict-origin-when-cross-origin\" allowfullscreen><\/iframe><\/p>\n<p>&nbsp;<\/p>\n<p>AURONZO Un giovane alpinista tirolese di vent&#8217;anni, Philipp Denifl, \u00e8 morto precipitando per 50 metri mentre era in cordata con i genitori sulle Tre Cime di Lavaredo. L&#8217;incidente, avvenuto lungo la Via Normale della Cima Grande, \u00e8 stato segnalato intorno alle 17.30. Il ragazzo \u00e8 deceduto sul colpo. I soccorritori del Suem e del Soccorso alpino hanno recuperato la salma, mentre i genitori sono stati trasportati a valle. Le autorit\u00e0 stanno ricostruendo la dinamica dell&#8217;incidente.<br \/>\nCALALZO\u00a0 Nel pomeriggio incidente stradale, coinvolta una donna di 41 anni del luogo portata in ambulanza al Giovanni Paolo I\u00a0 con ferite di media gravit\u00e0<br \/>\nESAMI DI MATURITA&#8217;, la curiosit\u00e0 dal DE ROSSI di FALCADE<br \/>\nOggi gli allievi del corso enogastronomia faranno la prova pratica della seconda prova di esame di Stato, prova pratica prevista per i nuovi professionali e che torna\u00a0 dopo il blocco imposto dalla pandemia. Probabilmente \u00e8 l&#8217;unico istituto in Provincia dove questa prova \u00e8 prevista<br \/>\nVENEZIA Il Centro Funzionale Decentrato della Protezione Civile del Veneto ha emesso un avviso di criticit\u00e0 idrogeologica gialla (stato di attenzione) per temporali in tutti i bacini del Veneto, valido dalle\u00a0 14.00, fino alle ore 3 di domani<br \/>\nVAL DI ZOLDO\u00a0 Via Carrera, la strada che porta ad Astragal, \u00e8 rimasta chiusa brevemente, ieri, per le verifiche dopo la caduta di alcuni massi dalla scarpata soprastante, staccatisi da una ceppaia a causa delle piogge. Il tecnico del Comune ha verificato che non ci fosse altro materiale instabile e la strada \u00e8 quindi stata riaperta.<\/p>\n<p>LIMANA Carlo Cavalet, perito edile e storico direttore dell&#8217;Ater di Belluno, \u00e8 scomparso improvvisamente a 76 anni. Dopo una lunga carriera nella Zollet ingegneria e 20 anni alla guida dell&#8217;Ater, ha contribuito alla modernizzazione dell&#8217;ente. Ricordato per il suo impegno e le sue qualit\u00e0 umane, lascia la moglie, due figli e tre nipoti. I funerali si terranno domani alle 10.30\u00a0 a Limana.<br \/>\nBELLUNO Nella sede di Confcommercio Belluno-Dolomiti, si \u00e8 tenuta la prima riunione del Consiglio direttivo neo-eletto di Federalberghi Belluno Dolomiti, con la presenza dell&#8217;Assessore regionale al Turismo Federico Caner. Il presidente Walter De Cassan ha presentato i nuovi consiglieri e discusso varie tematiche importanti.<br \/>\nFELTRE E&#8217; stato attivato nei giorni scorsi nel piazzale di Pra&#8217; del Vescovo il secondo raccoglitore-compattatore per le bottiglie in plastica, presso il quale i cittadini potranno conferire i contenitori vuoti similmente a quanto gi\u00e0 avviene per quello posizionato nell&#8217;area antistante la scuola media \u201cRocca\u201d<br \/>\nLONGARONE Longarone Fiere sta pianificando un ampio restyling per affrontare sfide pregresse e nuove opportunit\u00e0. La riqualificazione, lungamente rimandata a causa del Covid e dell&#8217;aumento dei costi energetici legati al conflitto in Ucraina, sar\u00e0 discussa durante l&#8217;assemblea dei soci del 24 giugno.<\/p>\n<p>BELLUNO We Love Nevegal esprime soddisfazione per l&#8217;acquisizione delle quote della Nevegal 2021 da parte del Consorzio Tolomeo, un passo cruciale per lo sviluppo locale. Lorenzo Baldanello di Uoffy Italia sottolinea la collaborazione positiva con il Consorzio, elogiando la loro competenza e visione per valorizzare il Nevegal tutto l&#8217;anno. Nevegallika<br \/>\nBELLUNO Una madre di Belluno \u00e8 in tribunale per sottrazione di minore all&#8217;estero. Dopo essersi trasferita temporaneamente in Francia con la famiglia,\u00a0 ha iniziato a negare la figlia al marito, poi \u00e8 tornata in Italia e si \u00e8 rifugiata a Piacenza. Nel 2020, \u00e8 fuggita in Marocco con la bambina, avviando pratiche di separazione. Il marito ha denunciato e sta cercando di riavere i diritti genitoriali. Il caso \u00e8 stato rinviato al 2 settembre.<br \/>\nFELTRE Un uomo di Feltre \u00e8 in tribunale per lesioni aggravate e detenzione illegale di arma, poich\u00e9 la sua carabina ad aria compressa supera i 7,5 joule. L&#8217;imputato contesta la denuncia del fratello, sostenendo di non aver sparato. Le parti cercano un accordo per il risarcimento. Sentenza attesa il 2 settembre.<br \/>\nROCCA PIETORE\u00a0Il neo eletto sindaco Valerio Davare ha convocato il primo consiglio comunale per oggi alle 18:30. Dopo l&#8217;insediamento di sindaco e consiglieri comunali, il giuramento del primo cittadino, l&#8217;approvazione delle linee programmatiche di governo e l&#8217;elezione della commissione elettorale comunale<br \/>\nSANTA GIUSTINA\u00a0 Domani alle 20.45 la nuova amministrazione comunale inaugura il nuovo campo in sintetico in via\u00a0 Pulliere<br \/>\nBELLUNO Gestione Servizi Pubblici informa che oggi si terr\u00e0 l\u2019assemblea dei soci di Bim Gsp. L\u2019incontro, programmato alle 15 nella Sala Conferenze dell\u2019Hotel Villa Carpenada<\/p>\n<p>&nbsp;<\/p>\n<p>&nbsp;<\/p>\n<p>&nbsp;<\/p>\n<p>&nbsp;<\/p>\n","protected":false},"excerpt":{"rendered":"<p>*** &nbsp; &nbsp; AURONZO Un giovane alpinista tirolese di vent&#8217;anni, Philipp Denifl, \u00e8 morto precipitando per 50 metri mentre era in cordata con i genitori sulle Tre Cime di Lavaredo. L&#8217;incidente, avvenuto lungo la Via Normale della Cima Grande, \u00e8 stato segnalato intorno alle 17.30. Il ragazzo \u00e8 deceduto sul colpo. I soccorritori del Suem&hellip;<\/p>\n","protected":false},"author":4,"featured_media":395745,"comment_status":"closed","ping_status":"closed","sticky":false,"template":"","format":"standard","meta":{"_monsterinsights_skip_tracking":false,"_monsterinsights_sitenote_active":false,"_monsterinsights_sitenote_note":"","_monsterinsights_sitenote_category":0,"footnotes":""},"categories":[104,49],"tags":[],"class_list":["post-395742","post","type-post","status-publish","format-standard","has-post-thumbnail","hentry","category-evidenza_3","category-news-18","category-104","category-49","description-off"],"img_url":"https:\/\/www.radiopiu.net\/wordpress\/wp-content\/uploads\/2024\/06\/333.png","_links":{"self":[{"href":"https:\/\/www.radiopiu.net\/wordpress\/wp-json\/wp\/v2\/posts\/395742","targetHints":{"allow":["GET"]}}],"collection":[{"href":"https:\/\/www.radiopiu.net\/wordpress\/wp-json\/wp\/v2\/posts"}],"about":[{"href":"https:\/\/www.radiopiu.net\/wordpress\/wp-json\/wp\/v2\/types\/post"}],"author":[{"embeddable":true,"href":"https:\/\/www.radiopiu.net\/wordpress\/wp-json\/wp\/v2\/users\/4"}],"replies":[{"embeddable":true,"href":"https:\/\/www.radiopiu.net\/wordpress\/wp-json\/wp\/v2\/comments?post=395742"}],"version-history":[{"count":0,"href":"https:\/\/www.radiopiu.net\/wordpress\/wp-json\/wp\/v2\/posts\/395742\/revisions"}],"wp:featuredmedia":[{"embeddable":true,"href":"https:\/\/www.radiopiu.net\/wordpress\/wp-json\/wp\/v2\/media\/395745"}],"wp:attachment":[{"href":"https:\/\/www.radiopiu.net\/wordpress\/wp-json\/wp\/v2\/media?parent=395742"}],"wp:term":[{"taxonomy":"category","embeddable":true,"href":"https:\/\/www.radiopiu.net\/wordpress\/wp-json\/wp\/v2\/categories?post=395742"},{"taxonomy":"post_tag","embeddable":true,"href":"https:\/\/www.radiopiu.net\/wordpress\/wp-json\/wp\/v2\/tags?post=395742"}],"curies":[{"name":"wp","href":"https:\/\/api.w.org\/{rel}","templated":true}]}}