{"id":395899,"date":"2024-06-21T07:56:34","date_gmt":"2024-06-21T05:56:34","guid":{"rendered":"https:\/\/www.radiopiu.net\/wordpress\/?p=395899"},"modified":"2024-06-22T07:57:14","modified_gmt":"2024-06-22T05:57:14","slug":"lavori-scolastici-da-38-milioni-di-euro-in-corso","status":"publish","type":"post","link":"https:\/\/www.radiopiu.net\/wordpress\/lavori-scolastici-da-38-milioni-di-euro-in-corso\/","title":{"rendered":"Lavori Scolastici da 38 Milioni di Euro in Corso"},"content":{"rendered":"<blockquote>\n<h2><\/h2>\n<\/blockquote>\n<p><strong><a class=\"dt-pswp-item\" href=\"https:\/\/www.radiopiu.net\/wordpress\/wp-content\/uploads\/2024\/06\/demolizione-palestra-Negrelli.jpg\" data-dt-img-description=\"\" data-large_image_width=\"1600\" data-large_image_height=\"720\"><img loading=\"lazy\" decoding=\"async\" class=\"size-medium wp-image-395821 alignleft\" src=\"https:\/\/www.radiopiu.net\/wordpress\/wp-content\/uploads\/2024\/06\/demolizione-palestra-Negrelli-300x135.jpg\" alt=\"\" width=\"300\" height=\"135\" srcset=\"https:\/\/www.radiopiu.net\/wordpress\/wp-content\/uploads\/2024\/06\/demolizione-palestra-Negrelli-300x135.jpg 300w, https:\/\/www.radiopiu.net\/wordpress\/wp-content\/uploads\/2024\/06\/demolizione-palestra-Negrelli-1024x461.jpg 1024w, https:\/\/www.radiopiu.net\/wordpress\/wp-content\/uploads\/2024\/06\/demolizione-palestra-Negrelli-768x346.jpg 768w, https:\/\/www.radiopiu.net\/wordpress\/wp-content\/uploads\/2024\/06\/demolizione-palestra-Negrelli-1536x691.jpg 1536w, https:\/\/www.radiopiu.net\/wordpress\/wp-content\/uploads\/2024\/06\/demolizione-palestra-Negrelli.jpg 1600w\" sizes=\"auto, (max-width: 300px) 100vw, 300px\" \/><\/a>BELLUNO<\/strong> La Provincia di Belluno ha avviato nove interventi per migliorare le infrastrutture scolastiche, inseriti nel Piano Nazionale di Ripresa e Resilienza (Pnrr). Con un budget complessivo di circa 38 milioni di euro, i lavori includono demolizioni, ricostruzioni, adeguamenti sismici e miglioramenti strutturali. Il programma \u00e8 in linea con le richieste di Upi durante l&#8217;audizione alla Commissione Ue, evidenziando l&#8217;importanza di completare i progetti in corso senza intoppi per garantire scuole pi\u00f9 sicure e accoglienti per gli studenti e il personale. Tra gli interventi spicca quello di demolizione e ricostruzione dell\u2019istituto Negrelli a Feltre <em>\u00abAl momento il cronoprogramma \u00e8 rispettato e ci auguriamo che non subentrino intoppi, cosa che pu\u00f2 succedere in interventi di questa portata. L\u2019obiettivo finale \u00e8 quello di avere scuole pi\u00f9 sicure e pi\u00f9 accoglienti per studenti, insegnanti e personale scolastico\u00bb<\/em> commenta il consigliere delegato Sovilla\u00a0<em> &#8220;Abbiamo l\u2019occasione di rinnovare non solo le scuole, ma anche la macrostruttura degli enti di area vasta\u00bb.\u00a0<\/em><\/p>\n<p><strong>MARZIO SOVILLA ALLA RADIO<\/strong><\/p>\n<audio class=\"wp-audio-shortcode\" id=\"audio-395899-1\" preload=\"none\" style=\"width: 100%;\" controls=\"controls\"><source type=\"audio\/mpeg\" src=\"https:\/\/www.radiopiu.net\/wordpress\/wp-content\/uploads\/2024\/06\/Marzo-Sovilla-21-giugno-2024.m4a?_=1\" \/><a href=\"https:\/\/www.radiopiu.net\/wordpress\/wp-content\/uploads\/2024\/06\/Marzo-Sovilla-21-giugno-2024.m4a\">https:\/\/www.radiopiu.net\/wordpress\/wp-content\/uploads\/2024\/06\/Marzo-Sovilla-21-giugno-2024.m4a<\/a><\/audio>\n<p>&nbsp;<\/p>\n","protected":false},"excerpt":{"rendered":"<p>BELLUNO La Provincia di Belluno ha avviato nove interventi per migliorare le infrastrutture scolastiche, inseriti nel Piano Nazionale di Ripresa e Resilienza (Pnrr). Con un budget complessivo di circa 38 milioni di euro, i lavori includono demolizioni, ricostruzioni, adeguamenti sismici e miglioramenti strutturali. Il programma \u00e8 in linea con le richieste di Upi durante l&#8217;audizione&hellip;<\/p>\n","protected":false},"author":4,"featured_media":395821,"comment_status":"closed","ping_status":"closed","sticky":false,"template":"","format":"standard","meta":{"_monsterinsights_skip_tracking":false,"_monsterinsights_sitenote_active":false,"_monsterinsights_sitenote_note":"","_monsterinsights_sitenote_category":0,"footnotes":""},"categories":[49],"tags":[],"class_list":["post-395899","post","type-post","status-publish","format-standard","has-post-thumbnail","hentry","category-news-18","category-49","description-off"],"img_url":"https:\/\/www.radiopiu.net\/wordpress\/wp-content\/uploads\/2024\/06\/demolizione-palestra-Negrelli.jpg","_links":{"self":[{"href":"https:\/\/www.radiopiu.net\/wordpress\/wp-json\/wp\/v2\/posts\/395899","targetHints":{"allow":["GET"]}}],"collection":[{"href":"https:\/\/www.radiopiu.net\/wordpress\/wp-json\/wp\/v2\/posts"}],"about":[{"href":"https:\/\/www.radiopiu.net\/wordpress\/wp-json\/wp\/v2\/types\/post"}],"author":[{"embeddable":true,"href":"https:\/\/www.radiopiu.net\/wordpress\/wp-json\/wp\/v2\/users\/4"}],"replies":[{"embeddable":true,"href":"https:\/\/www.radiopiu.net\/wordpress\/wp-json\/wp\/v2\/comments?post=395899"}],"version-history":[{"count":0,"href":"https:\/\/www.radiopiu.net\/wordpress\/wp-json\/wp\/v2\/posts\/395899\/revisions"}],"wp:featuredmedia":[{"embeddable":true,"href":"https:\/\/www.radiopiu.net\/wordpress\/wp-json\/wp\/v2\/media\/395821"}],"wp:attachment":[{"href":"https:\/\/www.radiopiu.net\/wordpress\/wp-json\/wp\/v2\/media?parent=395899"}],"wp:term":[{"taxonomy":"category","embeddable":true,"href":"https:\/\/www.radiopiu.net\/wordpress\/wp-json\/wp\/v2\/categories?post=395899"},{"taxonomy":"post_tag","embeddable":true,"href":"https:\/\/www.radiopiu.net\/wordpress\/wp-json\/wp\/v2\/tags?post=395899"}],"curies":[{"name":"wp","href":"https:\/\/api.w.org\/{rel}","templated":true}]}}