{"id":395903,"date":"2024-06-22T08:02:37","date_gmt":"2024-06-22T06:02:37","guid":{"rendered":"https:\/\/www.radiopiu.net\/wordpress\/?p=395903"},"modified":"2024-06-22T08:03:19","modified_gmt":"2024-06-22T06:03:19","slug":"rassegna-stampa-locale-dal-1983-ogni-giorno-alle-8","status":"publish","type":"post","link":"https:\/\/www.radiopiu.net\/wordpress\/rassegna-stampa-locale-dal-1983-ogni-giorno-alle-8\/","title":{"rendered":"rassegna stampa locale dal 1983 ogni giorno alle 8"},"content":{"rendered":"<p>****<\/p>\n<p>&nbsp;<\/p>\n<p><iframe loading=\"lazy\" title=\"DAL 1983 LA RASSEGNA STAMPA LOCALE di mirko mezzacasa. L&#039;ORIGINALE\" width=\"1200\" height=\"675\" src=\"https:\/\/www.youtube.com\/embed\/30Ksz7LsiQk?feature=oembed\" frameborder=\"0\" allow=\"accelerometer; autoplay; clipboard-write; encrypted-media; gyroscope; picture-in-picture; web-share\" referrerpolicy=\"strict-origin-when-cross-origin\" allowfullscreen><\/iframe><\/p>\n<p>&nbsp;<\/p>\n<p>ARABBA L\u2019evento ciclistico di oggi, giunto alla sua 7\u00aa edizione. Le strade attorno al Col di Lana, inclusi i Passi Campolongo, Falzarego e Valparola, saranno riservate ai ciclisti dalle 8:30 alle 14:30. Il percorso \u00e8 lungo 51 km con un dislivello di 1.370 metri. La partecipazione al Sellaronda Bike Day \u00e8 gratuita e non richiede iscrizione preventiva. Maggiori Informazioni: Per ulteriori dettagli sull\u2019evento, \u00e8 possibile visitare il sito ufficiale www.dolomitesbikeday.it. Dolomites Bike Day per una giornata all\u2019aria aperta all\u2019insegna della natura.<br \/>\nCORTINA Gioved\u00ec sera attorno alle 22.50 il Soccorso alpino di Cortina \u00e8 stato allertato per due escursionisti in difficolt\u00e0 in Val Pra de Vecia. Usciti tardi dalla Ferrata Ren\u00e8 de Pol sul Forame, nel Gruppo del Cristallo, i due ventenni inglesi, ben attrezzati, ormai buio avevano perso la traccia del sentiero, finendo bloccati senza riuscire pi\u00f9 ad orientarsi. Risaliti alla loro posizione, una squadra li ha raggiunti poco sotto il sentiero, per poi riportarli sul tracciato, riaccompagnarli a valle e da l\u00ec a Fiames.<br \/>\nCORTINA una squadra del Soccorso alpino di Cortina \u00e8 intervenuta lungo il sentiero delle Gole di Federa, su richiesta di una persona che si era imbattuta in una escursionista straniera con un probabile trauma alla caviglia. La donna, che si trovava con il marito poco distante dalla strada carrozzabile, \u00e8 stata raggiunta dai soccorritori e accompagnata direttamente in ospedale.<br \/>\nAURONZO Verso le 16.40 un 61enne tedesco \u00e8 scivolato probabilmente a causa della neve sulla Torre Wundt Seguendo le tracce della caduta per una cinquantina di metri, dall\u2019elicottero \u00e8 stato visto il punto in cui l\u2019uomo era finito, nella fessura tra la neve e la roccia di un masso. All\u2019arrivo del tecnico di elisoccorso l\u2019uomo era in piedi ed \u00e8 stato recuperato con il verricello. Trasportato a Malga Rin Bianco, all\u2019infortunato sono state prestate le prime cure per una probabile frattura al ginocchio e ferite varie<br \/>\nOMICIDIO PLURIMO. CASO HUTTER I TEMPI SI ALLUNGANO<br \/>\nLa giovane conducente tedesca accusata dell\u2019omicidio stradale plurimo \u00e8 nella struttura veronese dove \u00e8 stata trasferita all\u2019indomani degli otto mesi di carcere preventivo alla Giudecca. Un errore tecnologico e la carenza di personale hanno causato il rinvio della convocazione per il processo Hutter a Belluno. La giovane conducente tedesca accusata di omicidio stradale plurimo continua il trattamento in una struttura veronese dopo otto mesi di carcere preventivo.<\/p>\n<p>DOPO LO SFRATTO VIVONO IN AUTO TRA L\u2019INDIFFERENZA GENERALE<br \/>\nProcedura esecutiva e mancanza di sostegno istituzionale lasciano una coppia di anziani senza un tetto. Una coppia di 73enni di Pieve di Livinallongo costretta a vivere in auto con i loro animali dopo aver perso la casa per un debito di 3.900 \u20ac. Le istituzioni non offrono aiuto.Il dramma dei coniugi abbandonati dalle autorit\u00e0 locali e dai servizi sociali. Un corto circuito sociale e giuridico che mina la fiducia dei cittadini nelle istituzioni preposte anche ad aiutare le categorie pi\u00f9 deboli. I PARTICOLARTI NEL GR DELLE 12.30<br \/>\nIndagine dell\u2019Ulss sulle cause del decesso di padre Bassetto<br \/>\nIl funerale, gi\u00e0 fissato per la data di ieri \u00e8 dunque slittato di qualche giorno. Padre Luigi era malato da diversi anni, aveva una patologia importante che lo aveva reso invalido.<br \/>\nLa direzione dell\u2019Ulss Dolomiti ha chiesto l\u2019autopsia per chiarire le cause della morte di padre Luigi Bassetto, deceduto a 80 anni all\u2019ospedale Santa Maria del Prato di Feltre. La Procura di Belluno ha incaricato il medico anatomopatologo Antonello Cirnelli di eseguire l\u2019esame.<\/p>\n","protected":false},"excerpt":{"rendered":"<p>**** &nbsp; &nbsp; ARABBA L\u2019evento ciclistico di oggi, giunto alla sua 7\u00aa edizione. Le strade attorno al Col di Lana, inclusi i Passi Campolongo, Falzarego e Valparola, saranno riservate ai ciclisti dalle 8:30 alle 14:30. Il percorso \u00e8 lungo 51 km con un dislivello di 1.370 metri. La partecipazione al Sellaronda Bike Day \u00e8 gratuita&hellip;<\/p>\n","protected":false},"author":4,"featured_media":395884,"comment_status":"closed","ping_status":"closed","sticky":false,"template":"","format":"standard","meta":{"_monsterinsights_skip_tracking":false,"_monsterinsights_sitenote_active":false,"_monsterinsights_sitenote_note":"","_monsterinsights_sitenote_category":0,"footnotes":""},"categories":[49,142],"tags":[],"class_list":["post-395903","post","type-post","status-publish","format-standard","has-post-thumbnail","hentry","category-news-18","category-rassegna-stampa","category-49","category-142","description-off"],"img_url":"https:\/\/www.radiopiu.net\/wordpress\/wp-content\/uploads\/2024\/06\/COPERTINA-1-1.png","_links":{"self":[{"href":"https:\/\/www.radiopiu.net\/wordpress\/wp-json\/wp\/v2\/posts\/395903","targetHints":{"allow":["GET"]}}],"collection":[{"href":"https:\/\/www.radiopiu.net\/wordpress\/wp-json\/wp\/v2\/posts"}],"about":[{"href":"https:\/\/www.radiopiu.net\/wordpress\/wp-json\/wp\/v2\/types\/post"}],"author":[{"embeddable":true,"href":"https:\/\/www.radiopiu.net\/wordpress\/wp-json\/wp\/v2\/users\/4"}],"replies":[{"embeddable":true,"href":"https:\/\/www.radiopiu.net\/wordpress\/wp-json\/wp\/v2\/comments?post=395903"}],"version-history":[{"count":0,"href":"https:\/\/www.radiopiu.net\/wordpress\/wp-json\/wp\/v2\/posts\/395903\/revisions"}],"wp:featuredmedia":[{"embeddable":true,"href":"https:\/\/www.radiopiu.net\/wordpress\/wp-json\/wp\/v2\/media\/395884"}],"wp:attachment":[{"href":"https:\/\/www.radiopiu.net\/wordpress\/wp-json\/wp\/v2\/media?parent=395903"}],"wp:term":[{"taxonomy":"category","embeddable":true,"href":"https:\/\/www.radiopiu.net\/wordpress\/wp-json\/wp\/v2\/categories?post=395903"},{"taxonomy":"post_tag","embeddable":true,"href":"https:\/\/www.radiopiu.net\/wordpress\/wp-json\/wp\/v2\/tags?post=395903"}],"curies":[{"name":"wp","href":"https:\/\/api.w.org\/{rel}","templated":true}]}}