{"id":395914,"date":"2024-06-22T09:01:36","date_gmt":"2024-06-22T07:01:36","guid":{"rendered":"https:\/\/www.radiopiu.net\/wordpress\/?p=395914"},"modified":"2024-06-22T09:01:36","modified_gmt":"2024-06-22T07:01:36","slug":"la-pubblica-amministrazione-veneta-paga-le-pmi-in-grande-anticipo","status":"publish","type":"post","link":"https:\/\/www.radiopiu.net\/wordpress\/la-pubblica-amministrazione-veneta-paga-le-pmi-in-grande-anticipo\/","title":{"rendered":"LA PUBBLICA AMMINISTRAZIONE VENETA PAGA LE PMI IN GRANDE ANTICIPO"},"content":{"rendered":"<p><a class=\"dt-pswp-item\" href=\"https:\/\/www.radiopiu.net\/wordpress\/wp-content\/uploads\/2024\/06\/Schermata-2024-06-22-alle-08.57.11.png\" data-dt-img-description=\"\" data-large_image_width=\"1282\" data-large_image_height=\"1188\"><img loading=\"lazy\" decoding=\"async\" class=\"size-medium wp-image-395925 alignleft\" src=\"https:\/\/www.radiopiu.net\/wordpress\/wp-content\/uploads\/2024\/06\/Schermata-2024-06-22-alle-08.57.11-300x278.png\" alt=\"\" width=\"300\" height=\"278\" srcset=\"https:\/\/www.radiopiu.net\/wordpress\/wp-content\/uploads\/2024\/06\/Schermata-2024-06-22-alle-08.57.11-300x278.png 300w, https:\/\/www.radiopiu.net\/wordpress\/wp-content\/uploads\/2024\/06\/Schermata-2024-06-22-alle-08.57.11-1024x949.png 1024w, https:\/\/www.radiopiu.net\/wordpress\/wp-content\/uploads\/2024\/06\/Schermata-2024-06-22-alle-08.57.11-768x712.png 768w, https:\/\/www.radiopiu.net\/wordpress\/wp-content\/uploads\/2024\/06\/Schermata-2024-06-22-alle-08.57.11.png 1282w\" sizes=\"auto, (max-width: 300px) 100vw, 300px\" \/><\/a>Nel liquidare i propri fornitori, la Pubblica Amministrazione presente in Veneto \u00e8 tra le pi\u00f9 \u201ctempestive\u201d d\u2019Italia, con tempi medi di pagamento nettamente inferiori ai limiti stabiliti per legge. Analizzando l\u2019Indicatore di Tempestivit\u00e0 dei Pagamenti (ITP) della nostra Regione, delle Aziende ospedaliere, delle Province e dei Comuni capoluogo scorgiamo che nel 2023 la pi\u00f9 rapida a liquidare i fornitori \u00e8 stata l\u2019ULSS 4 del Veneto Orientale che l\u2019ha fatto con 40 giorni di anticipo. Tra le Province, invece, spicca il risultato di Verona che ha pagato quasi 26 giorni prima, mentre tra le Amministrazioni comunali capoluogo di provincia la pi\u00f9 virtuosa \u00e8 stata Padova che ha saldato i fornitori con un anticipo di 21,5 giorni. Nel 2023 nessuna delle 25 realt\u00e0 monitorate dall\u2019Ufficio studi della CGIA ha pagato i fornitori in ritardo (vedi Tab. 1).<\/p>\n<p>Di quali fatture ci riferiamo? Di quelle riconducibili ad acquisti, consumi, forniture, manutenzioni, formazione del personale e spese energetiche. Ricordiamo che nel 2023 lo Stato italiano ha sostenuto un costo complessivo di 122 miliardi di euro, ma ancora una volta non \u00e8 riuscito a onorare tutti gli impegni economici presi con i propri fornitori. Se come dicevamo, in Veneto la situazione \u00e8 virtuosa, in altre parti del Paese, invece, non lo \u00e8 affatto; soprattutto nel Mezzogiorno (vedi Tab.2 e Tab.3). I debiti commerciali della nostra Pubblica Amministrazione (PA), infatti, continuano ad ammontare a circa 50 miliardi di euro, un importo che \u00e8 praticamente lo stesso da almeno 5 anni.<\/p>\n<p>Di questi, almeno 5 miliardi, stima l\u2019Ufficio studi della CGIA, sarebbero in capo alle aziende venete.<\/p>\n<p>Come \u00e8 possibile questa situazione se le Amministrazioni pubbliche presenti in Veneto sono cos\u00ec veloci nei pagamenti?<\/p>\n<p><a class=\"dt-pswp-item\" href=\"https:\/\/www.radiopiu.net\/wordpress\/wp-content\/uploads\/2024\/06\/Schermata-2024-06-22-alle-08.58.47.png\" data-dt-img-description=\"\" data-large_image_width=\"1178\" data-large_image_height=\"1552\"><img loading=\"lazy\" decoding=\"async\" class=\"size-medium wp-image-395928 alignleft\" src=\"https:\/\/www.radiopiu.net\/wordpress\/wp-content\/uploads\/2024\/06\/Schermata-2024-06-22-alle-08.58.47-228x300.png\" alt=\"\" width=\"228\" height=\"300\" srcset=\"https:\/\/www.radiopiu.net\/wordpress\/wp-content\/uploads\/2024\/06\/Schermata-2024-06-22-alle-08.58.47-228x300.png 228w, https:\/\/www.radiopiu.net\/wordpress\/wp-content\/uploads\/2024\/06\/Schermata-2024-06-22-alle-08.58.47-777x1024.png 777w, https:\/\/www.radiopiu.net\/wordpress\/wp-content\/uploads\/2024\/06\/Schermata-2024-06-22-alle-08.58.47-768x1012.png 768w, https:\/\/www.radiopiu.net\/wordpress\/wp-content\/uploads\/2024\/06\/Schermata-2024-06-22-alle-08.58.47-1166x1536.png 1166w, https:\/\/www.radiopiu.net\/wordpress\/wp-content\/uploads\/2024\/06\/Schermata-2024-06-22-alle-08.58.47.png 1178w\" sizes=\"auto, (max-width: 228px) 100vw, 228px\" \/><\/a>In primo luogo perch\u00e9 molte aziende venete lavorano anche per grandi aziende pubbliche, ministeri, regioni, ASL o enti locali di altri territori e in secondo luogo perch\u00e8, come ha sottolineato anche la Corte dei Conti in una delle sue ultime relazioni, nelle transazioni commerciali con le aziende private la nostra PA, in particolare al Sud, sta adottando una prassi che definire \u201cdiabolica\u201d \u00e8 forse riduttivo; salda le fatture di importo maggiore entro i termini di legge, mantenendo cos\u00ec l\u2019ITP entro i limiti previsti dalla norma, ma ritarda intenzionalmente il saldo di quelle con importi minori, penalizzando, cos\u00ec, le imprese fornitrici di prestazioni di beni e servizi con volumi bassi; cio\u00e8 le piccole imprese.<\/p>\n<p>Non solo. Da qualche tempo si \u00e8 consolidata una nuova pratica \u201cimposta\u201d da molti dirigenti pubblici, anche di societ\u00e0 collegate alle regioni e agli enti locali, che decidono unilateralmente quando i fornitori devono emettere la fattura. Se questi ultimi non si \u201cattengono\u201d a questa disposizione, lavorare in futuro per questo ente\/societ\u00e0 sar\u00e0 difficile. Dando l\u2019autorizzazione all\u2019emissione della fattura solo quando l\u2019Amministrazione dispone dei soldi per liquidarla, queste strutture pubbliche riescono a \u201crispettare\u201d i tempi di pagamento, \u201caggirando\u201d cos\u00ec le disposizioni previste dalla legge. Una forma di abuso della posizione dominante che risulta essere decisamente \u201cripugnante\u201d.<\/p>\n<p><strong>Su 15 ministeri 9 non rispettano la norma<\/strong><br \/>\nAnche i ministeri italiani faticano a rispettare le disposizioni previste dalla legge in materia di tempi di pagamento riferiti alle transazioni commerciali. L\u2019anno scorso nove ministeri su 15 (vale a dire il 60 per cento del totale) hanno liquidato i propri fornitori in ritardo rispetto alle scadenze contrattuali. Maglia nera il ministero del Turismo con un ritardo di 39,72 giorni. Seguono l\u2019Interno con +33,52, l\u2019Universit\u00e0 e la Ricerca con +32,89 e la Salute con +13,60. Il pi\u00f9 virtuoso, invece, \u00e8 stato il ministero dell\u2019Agricoltura, Sovranit\u00e0 alimentare e Foreste che ha pagato con un anticipo di 17 giorni (vedi Tab. 4).<\/p>\n<p><strong><a class=\"dt-pswp-item\" href=\"https:\/\/www.radiopiu.net\/wordpress\/wp-content\/uploads\/2024\/06\/Schermata-2024-06-22-alle-08.59.27.png\" data-dt-img-description=\"\" data-large_image_width=\"1008\" data-large_image_height=\"1262\"><img loading=\"lazy\" decoding=\"async\" class=\"size-medium wp-image-395927 alignleft\" src=\"https:\/\/www.radiopiu.net\/wordpress\/wp-content\/uploads\/2024\/06\/Schermata-2024-06-22-alle-08.59.27-240x300.png\" alt=\"\" width=\"240\" height=\"300\" srcset=\"https:\/\/www.radiopiu.net\/wordpress\/wp-content\/uploads\/2024\/06\/Schermata-2024-06-22-alle-08.59.27-240x300.png 240w, https:\/\/www.radiopiu.net\/wordpress\/wp-content\/uploads\/2024\/06\/Schermata-2024-06-22-alle-08.59.27-818x1024.png 818w, https:\/\/www.radiopiu.net\/wordpress\/wp-content\/uploads\/2024\/06\/Schermata-2024-06-22-alle-08.59.27-768x962.png 768w, https:\/\/www.radiopiu.net\/wordpress\/wp-content\/uploads\/2024\/06\/Schermata-2024-06-22-alle-08.59.27.png 1008w\" sizes=\"auto, (max-width: 240px) 100vw, 240px\" \/><\/a>L\u2019UE ci ha richiamati pi\u00f9 volte<\/strong><br \/>\nCon la sentenza pubblicata il 28 gennaio 2020, la Corte di Giustizia Europea ha affermato che l\u2019Italia ha violato l\u2019art. 4 della direttiva UE 2011\/7 sui tempi di pagamento nelle transazioni commerciali tra amministrazioni pubbliche e imprese private. Sebbene in questi ultimi anni i ritardi medi con cui vengono saldate le fatture in Italia siano in leggero calo, il 9 giugno 2021 la Commissione Europea ha avviato nei confronti del nostro Paese una nuova procedura di infrazione, sempre per la violazione della direttiva richiamata pi\u00f9 sopra, in relazione al noleggio di apparecchiature per le intercettazioni telefoniche e ambientali nel quadro delle indagini penali. Il 29 settembre 2022, invece, la Commissione ha aggravato la procedura di infrazione nei confronti dell\u2019Italia e, infine, ad aprile 2023, in relazione a una presunta violazione della Direttiva sui pagamenti a carico del sistema sanitario della regione Calabria, ci ha fatto pervenire una lettera di messa in mora.<\/p>\n<p><strong>Consentire la compensazione tra i debiti fiscali e i crediti commerciali<\/strong><br \/>\nPer risolvere questa annosa questione che sta mettendo a dura prova tantissime Pmi, in particolare del Mezzogiorno, per l\u2019Ufficio studi della CGIA c\u2019\u00e8 solo una cosa da fare: prevedere per legge la compensazione secca, diretta e universale tra i crediti certi liquidi ed esigibili maturati da una impresa nei confronti della PA e i debiti fiscali e contributivi che la stessa deve onorare all\u2019erario. Grazie a questo automatismo risolveremmo un problema che ci trasciniamo da decenni che continua a minare la tenuta finanziaria di moltissime micro e piccole imprese.<a class=\"dt-pswp-item\" href=\"https:\/\/www.radiopiu.net\/wordpress\/wp-content\/uploads\/2024\/06\/Schermata-2024-06-22-alle-08.59.39.png\" data-dt-img-description=\"\" data-large_image_width=\"1222\" data-large_image_height=\"1076\"><img loading=\"lazy\" decoding=\"async\" class=\"size-medium wp-image-395926 alignleft\" src=\"https:\/\/www.radiopiu.net\/wordpress\/wp-content\/uploads\/2024\/06\/Schermata-2024-06-22-alle-08.59.39-300x264.png\" alt=\"\" width=\"300\" height=\"264\" srcset=\"https:\/\/www.radiopiu.net\/wordpress\/wp-content\/uploads\/2024\/06\/Schermata-2024-06-22-alle-08.59.39-300x264.png 300w, https:\/\/www.radiopiu.net\/wordpress\/wp-content\/uploads\/2024\/06\/Schermata-2024-06-22-alle-08.59.39-1024x902.png 1024w, https:\/\/www.radiopiu.net\/wordpress\/wp-content\/uploads\/2024\/06\/Schermata-2024-06-22-alle-08.59.39-768x676.png 768w, https:\/\/www.radiopiu.net\/wordpress\/wp-content\/uploads\/2024\/06\/Schermata-2024-06-22-alle-08.59.39.png 1222w\" sizes=\"auto, (max-width: 300px) 100vw, 300px\" \/><\/a><\/p>\n","protected":false},"excerpt":{"rendered":"<p>Nel liquidare i propri fornitori, la Pubblica Amministrazione presente in Veneto \u00e8 tra le pi\u00f9 \u201ctempestive\u201d d\u2019Italia, con tempi medi di pagamento nettamente inferiori ai limiti stabiliti per legge. Analizzando l\u2019Indicatore di Tempestivit\u00e0 dei Pagamenti (ITP) della nostra Regione, delle Aziende ospedaliere, delle Province e dei Comuni capoluogo scorgiamo che nel 2023 la pi\u00f9 rapida&hellip;<\/p>\n","protected":false},"author":2,"featured_media":85631,"comment_status":"closed","ping_status":"closed","sticky":false,"template":"","format":"standard","meta":{"_monsterinsights_skip_tracking":false,"_monsterinsights_sitenote_active":false,"_monsterinsights_sitenote_note":"","_monsterinsights_sitenote_category":0,"footnotes":""},"categories":[49],"tags":[],"class_list":["post-395914","post","type-post","status-publish","format-standard","has-post-thumbnail","hentry","category-news-18","category-49","description-off"],"img_url":"https:\/\/www.radiopiu.net\/wordpress\/wp-content\/uploads\/2019\/05\/soldi.jpg","_links":{"self":[{"href":"https:\/\/www.radiopiu.net\/wordpress\/wp-json\/wp\/v2\/posts\/395914","targetHints":{"allow":["GET"]}}],"collection":[{"href":"https:\/\/www.radiopiu.net\/wordpress\/wp-json\/wp\/v2\/posts"}],"about":[{"href":"https:\/\/www.radiopiu.net\/wordpress\/wp-json\/wp\/v2\/types\/post"}],"author":[{"embeddable":true,"href":"https:\/\/www.radiopiu.net\/wordpress\/wp-json\/wp\/v2\/users\/2"}],"replies":[{"embeddable":true,"href":"https:\/\/www.radiopiu.net\/wordpress\/wp-json\/wp\/v2\/comments?post=395914"}],"version-history":[{"count":0,"href":"https:\/\/www.radiopiu.net\/wordpress\/wp-json\/wp\/v2\/posts\/395914\/revisions"}],"wp:featuredmedia":[{"embeddable":true,"href":"https:\/\/www.radiopiu.net\/wordpress\/wp-json\/wp\/v2\/media\/85631"}],"wp:attachment":[{"href":"https:\/\/www.radiopiu.net\/wordpress\/wp-json\/wp\/v2\/media?parent=395914"}],"wp:term":[{"taxonomy":"category","embeddable":true,"href":"https:\/\/www.radiopiu.net\/wordpress\/wp-json\/wp\/v2\/categories?post=395914"},{"taxonomy":"post_tag","embeddable":true,"href":"https:\/\/www.radiopiu.net\/wordpress\/wp-json\/wp\/v2\/tags?post=395914"}],"curies":[{"name":"wp","href":"https:\/\/api.w.org\/{rel}","templated":true}]}}