{"id":395924,"date":"2024-06-24T05:40:05","date_gmt":"2024-06-24T03:40:05","guid":{"rendered":"https:\/\/www.radiopiu.net\/wordpress\/?p=395924"},"modified":"2024-06-24T08:43:02","modified_gmt":"2024-06-24T06:43:02","slug":"giornale-radiopiu-24-giugno-2024-direttore-mirko-mezzacasada-40-anni-25-giugno-1983-25-giugno-2023","status":"publish","type":"post","link":"https:\/\/www.radiopiu.net\/wordpress\/giornale-radiopiu-24-giugno-2024-direttore-mirko-mezzacasada-40-anni-25-giugno-1983-25-giugno-2023\/","title":{"rendered":"GIORNALE RADIOPIU 24 GIUGNO 2024 DIRETTORE MIRKO MEZZACASA\u2026DA 40 ANNI 25 GIUGNO 1983-25 GIUGNO 2023"},"content":{"rendered":"<p>*****<\/p>\n<h1>*AGORDO: Ladri d&#8217;appartamento sfidano la luce del giorno<\/h1>\n<p><strong><a class=\"dt-pswp-item\" href=\"https:\/\/www.radiopiu.net\/wordpress\/wp-content\/uploads\/2024\/06\/Senza-nome-65.png\" data-dt-img-description=\"\" data-large_image_width=\"786\" data-large_image_height=\"473\"><img loading=\"lazy\" decoding=\"async\" class=\"size-medium wp-image-396233 alignleft\" src=\"https:\/\/www.radiopiu.net\/wordpress\/wp-content\/uploads\/2024\/06\/Senza-nome-65-300x181.png\" alt=\"\" width=\"300\" height=\"181\" srcset=\"https:\/\/www.radiopiu.net\/wordpress\/wp-content\/uploads\/2024\/06\/Senza-nome-65-300x181.png 300w, https:\/\/www.radiopiu.net\/wordpress\/wp-content\/uploads\/2024\/06\/Senza-nome-65-768x462.png 768w, https:\/\/www.radiopiu.net\/wordpress\/wp-content\/uploads\/2024\/06\/Senza-nome-65.png 786w\" sizes=\"auto, (max-width: 300px) 100vw, 300px\" \/><\/a>AGORDO<\/strong>\u00a0 I ladri d&#8217;appartamento, quelli che forzano le finestre all&#8217;inizio della sera, sfacciati al punto tale da sfidare la luce del giorno, sono tornati a colpire. Approfittano delle brevi assenze dei proprietari, specialmente nel fine settimana, per entrare nelle case e mettere tutto a soqquadro alla ricerca di preziosi e contante. Ieri sera, tra le 20 e le 21, in via Pacifico Soccol, tra il centro della citt\u00e0 e la frazione Toccol, lungo la regionale 203 agordina, i malviventi hanno agito con rapidit\u00e0 e determinazione. Non si tratta di una zona nascosta o difficile da raggiungere, ma di un&#8217;area ben visibile e frequentata. I proprietari dell&#8217;appartamento si erano assentati per una semplice passeggiata di un&#8217;ora. Al loro ritorno, hanno trovato una scena di caos. <em>&#8220;Hanno frugato ovunque &#8211; ci racconta la proprietaria &#8211; hanno ribaltato tutto. Hanno rubato anche del denaro e un portafoglio.&#8221;<\/em> Gli intrusi sono entrati dalla finestra della camera, visibile anche dalle abitazioni vicine, dimostrando una spregiudicatezza preoccupante. Questo furto solleva interrogativi sulla sicurezza della zona e mette in allarme i residenti. Le autorit\u00e0 locali sono gi\u00e0 state informate. Nel frattempo, i cittadini sono invitati a prestare massima attenzione e a segnalare qualsiasi attivit\u00e0 sospetta.<\/p>\n<blockquote><p>&nbsp;<\/p>\n<p><em>I furti in abitazione sono forse tra i pi\u00f9 brutti che si possano subire: ritorni a casa e trovi tutto a soqquadro, immagini che degli estranei, oltre a rubarti ci\u00f2 che per te era importante e prezioso, abbiano frugato tra le tue cose e messo le mani nei tuoi effetti personali violando la tua intimit\u00e0, la tua privacy. Cerchi di rimettere tutto in ordine e di lavare tutti gli indumenti e gli oggetti che hanno potuto toccare. La tua unica consolazione \u00e8 quella di non essere stato in casa nel momento in cui i ladri sono arrivati.<\/em><\/p><\/blockquote>\n<p>&nbsp;<\/p>\n<hr \/>\n<p><em><a href=\"https:\/\/www.radiopiu.net\/wordpress\/giornale-radiopiu-24-gennaio-2021-direttore-mirko-mezzacasa\/79216601_126817312416448_708980208774483089_n\/\" rel=\"attachment wp-att-186567\"><img loading=\"lazy\" decoding=\"async\" class=\"size-medium wp-image-186567 alignright\" src=\"https:\/\/www.radiopiu.net\/wordpress\/wp-content\/uploads\/2021\/01\/79216601_126817312416448_708980208774483089_n-300x114.jpg\" alt=\"\" width=\"300\" height=\"114\" srcset=\"https:\/\/www.radiopiu.net\/wordpress\/wp-content\/uploads\/2021\/01\/79216601_126817312416448_708980208774483089_n-300x114.jpg 300w, https:\/\/www.radiopiu.net\/wordpress\/wp-content\/uploads\/2021\/01\/79216601_126817312416448_708980208774483089_n-768x292.jpg 768w, https:\/\/www.radiopiu.net\/wordpress\/wp-content\/uploads\/2021\/01\/79216601_126817312416448_708980208774483089_n.jpg 820w\" sizes=\"auto, (max-width: 300px) 100vw, 300px\" \/><\/a><span style=\"color: #ff0000;\">ATTENZIONE: LA NUOVA APP PER IOS-IPHONE di Nicola Vettorello <\/span><\/em><a href=\"https:\/\/apps.apple.com\/it\/app\/radio-pi%C3%B9-emittente-agordina\/id1515939845\">https:\/\/apps.apple.com\/it\/app\/radio-pi%C3%B9-emittente-agordina\/id1515939845<\/a><\/p>\n<p><em style=\"color: #ff0000;\">ATTENZIONE: LA NUOVA APP RADIO\u00a0 PER ANDROID di Nicola Vettorello<\/em><\/p>\n<p><a href=\"https:\/\/play.google.com\/store\/apps\/details?id=net.radiopiu.iniko\" target=\"_blank\" rel=\"noopener noreferrer\">https:\/\/play.google.com\/store\/apps\/details?id=net.radiopiu.iniko\u00a0\u00a0\u00a0<\/a><\/p>\n<p>&nbsp;<\/p>\n<p>&nbsp;<\/p>\n<hr \/>\n<p>&nbsp;<\/p>\n<blockquote>\n<h2><span style=\"color: #ff0000;\">QUARANTA&#8230; ANCORA PER UN GIORNO, DA DOMANI SCATTA IL 41<\/span><\/h2>\n<\/blockquote>\n<p><strong class=\"photoswipe-wrapper\"><span style=\"color: #ff0000;\"><a class=\"dt-pswp-item\" href=\"https:\/\/www.radiopiu.net\/wordpress\/wp-content\/uploads\/2023\/03\/40-ANNI-RADIO-PIU.jpg\" data-dt-img-description=\"\" data-large_image_width=\"1024\" data-large_image_height=\"1024\"><img loading=\"lazy\" decoding=\"async\" class=\"wp-image-324973 alignleft\" src=\"https:\/\/www.radiopiu.net\/wordpress\/wp-content\/uploads\/2023\/03\/40-ANNI-RADIO-PIU-300x300.jpg\" alt=\"\" width=\"178\" height=\"178\" srcset=\"https:\/\/www.radiopiu.net\/wordpress\/wp-content\/uploads\/2023\/03\/40-ANNI-RADIO-PIU-300x300.jpg 300w, https:\/\/www.radiopiu.net\/wordpress\/wp-content\/uploads\/2023\/03\/40-ANNI-RADIO-PIU-150x150.jpg 150w, https:\/\/www.radiopiu.net\/wordpress\/wp-content\/uploads\/2023\/03\/40-ANNI-RADIO-PIU-768x768.jpg 768w, https:\/\/www.radiopiu.net\/wordpress\/wp-content\/uploads\/2023\/03\/40-ANNI-RADIO-PIU.jpg 1024w\" sizes=\"auto, (max-width: 178px) 100vw, 178px\" \/><\/a>OGGI ALLA RADIO<\/span><\/strong>:\u00a0<strong>ALLE 6.15 <\/strong>PIROLE DE LENGA, CON IL MUSLA <strong>7.00<\/strong> RASSEGNA STAMPA FLASH.. PER CHI HA FRETTA, POCHE CHIACCHIERE MA TANTE NOTIZIE\u00a0 <strong>ALLE 7.20<\/strong> EL BAL DEL FIOR, DETTI E TRADIZIONI DI GIULIANA DA RONCH; <strong>8.00<\/strong> RASSEGNA STAMPA LOCALE, L&#8217;ORIGINALE<strong>ALLE 8.20\u00a0<\/strong>PIU SIAMO ESTATE DI MARINA DONA&#8217; <strong>\u00a09.00<\/strong>\u00a0 OGGI COME IERI, IL PROGRAMMA DEL LUNEDI MATTINA DI SILVIA BALDO\u00a0 <strong>9.25<\/strong> paolo soppelsa I RACCONTI DEL LUNEDI\u00a0 \u00a0<strong>9.30\u00a0<\/strong>VIABILITA\u2019 Botol_Car <strong>10.10.<\/strong> CON PAOLA LANCIATO zaino da viaggio al femminile <span style=\"color: #0000ff;\"><strong><span style=\"color: #000000;\">10.30\u00a0 \u00a0 SPECIALE PERITI MINERARI NEL MONDO <\/span><\/strong><\/span><strong>11.10<\/strong>\u00a0 \u00a0FESTIVALBAR, LA STORIA&#8230; CON MIRCO BENCIVENNI <strong>12.00\u00a0<\/strong>VA TUTTO LISCIO\u00a0<strong>12.30\u00a0<\/strong>GIORNALE RADIO EDIZIONE PRINCIPALE\u00a0 <strong>13.10<\/strong> SALUTE E SOCIETA&#8217;, LA RUBRICA SETTIMANALE DI MEDICINA ALLA RADIO <strong>13.20<\/strong> estate in 3 pezzi&#8230; di marina dona&#8217; <strong>14.00\u00a0<\/strong> COLLAGE OPERAZIONE NOSTALGIA, LORIS SCUSSEL <strong>15.00\u00a0<\/strong>RITRATTI SONORI A RADIOPIU CON ALESSIA DALL&#8217;O\u00a0 <strong>1<\/strong><strong>6.00\u00a0<\/strong>IL ROCK DI MARCO COSTANTINI\u00a0<strong>16.45\u00a0<\/strong>LE HIT DI MIRCO BENCIVENNI\u00a0 <strong>19\u00a0<\/strong>ANTICIPAZIONI DAL TG DI ANTENNA 3<\/p>\n<p><span style=\"color: #0000ff;\"><strong>DOMANI SERA DALLE 20.30 &#8220;INTANTO ME LA CANTO&#8221; CON LUISA ALCHINI E MARINA&#8217; DONA&#8217;&#8230; DIRETTA RADIO&#8230;<\/strong><\/span><\/p>\n<blockquote><p><strong>rassegna stampa nazionale, ogni giorno alle 5 e alle 6 del mattino<\/strong><br \/>\n<em>giornali locali 7 rassegna stampa flash, 8 rassegna stampa, gr flash alle 10 e alle 11, principale 12.30. Informazione pomerIggio alle 15 (speciale) 16, 17, 18. Giornale radio nazionale: ogni ora dalle 5 del mattino, alle 20 della sera.\u00a0<\/em><\/p><\/blockquote>\n<div class=\"x11i5rnm xat24cr x1mh8g0r x1vvkbs xtlvy1s x126k92a\">\n<div dir=\"auto\">\n<p>&nbsp;<\/p>\n<p>&nbsp;<\/p>\n<hr \/>\n<p>&nbsp;<\/p>\n<p>&nbsp;<\/p>\n<div class=\"x11i5rnm xat24cr x1mh8g0r x1vvkbs xtlvy1s x126k92a\">\n<div dir=\"auto\">\n<p><strong><a class=\"dt-pswp-item\" href=\"https:\/\/www.radiopiu.net\/wordpress\/wp-content\/uploads\/2024\/02\/2d44e751-d8a8-461b-8e22-d8e4e853b032.jpg\" data-dt-img-description=\"\" data-large_image_width=\"1600\" data-large_image_height=\"1200\"><img loading=\"lazy\" decoding=\"async\" class=\"wp-image-373307 alignleft\" src=\"https:\/\/www.radiopiu.net\/wordpress\/wp-content\/uploads\/2024\/02\/2d44e751-d8a8-461b-8e22-d8e4e853b032-300x225.jpg\" alt=\"\" width=\"105\" height=\"79\" srcset=\"https:\/\/www.radiopiu.net\/wordpress\/wp-content\/uploads\/2024\/02\/2d44e751-d8a8-461b-8e22-d8e4e853b032-300x225.jpg 300w, https:\/\/www.radiopiu.net\/wordpress\/wp-content\/uploads\/2024\/02\/2d44e751-d8a8-461b-8e22-d8e4e853b032-1024x768.jpg 1024w, https:\/\/www.radiopiu.net\/wordpress\/wp-content\/uploads\/2024\/02\/2d44e751-d8a8-461b-8e22-d8e4e853b032-768x576.jpg 768w, https:\/\/www.radiopiu.net\/wordpress\/wp-content\/uploads\/2024\/02\/2d44e751-d8a8-461b-8e22-d8e4e853b032-1536x1152.jpg 1536w, https:\/\/www.radiopiu.net\/wordpress\/wp-content\/uploads\/2024\/02\/2d44e751-d8a8-461b-8e22-d8e4e853b032.jpg 1600w\" sizes=\"auto, (max-width: 105px) 100vw, 105px\" \/><\/a>EL BAL DEL FIOR, DI GIULIANA DA RONCH, 24<\/strong><strong>\u00a0GIUGNO 2024<\/strong><\/p>\n<\/div>\n<\/div>\n<\/div>\n<audio class=\"wp-audio-shortcode\" id=\"audio-395924-1\" preload=\"none\" style=\"width: 100%;\" controls=\"controls\"><source type=\"audio\/mpeg\" src=\"https:\/\/www.radiopiu.net\/wordpress\/wp-content\/uploads\/2024\/06\/GLU-5.m4a?_=1\" \/><a href=\"https:\/\/www.radiopiu.net\/wordpress\/wp-content\/uploads\/2024\/06\/GLU-5.m4a\">https:\/\/www.radiopiu.net\/wordpress\/wp-content\/uploads\/2024\/06\/GLU-5.m4a<\/a><\/audio>\n<p>&nbsp;<\/p>\n<hr \/>\n<p>&nbsp;<\/p>\n<p>&nbsp;<\/p>\n<h1><span style=\"color: #ff0000;\"><a class=\"dt-pswp-item\" href=\"https:\/\/www.radiopiu.net\/wordpress\/wp-content\/uploads\/2024\/06\/th-5.jpg\" data-dt-img-description=\"\" data-large_image_width=\"326\" data-large_image_height=\"180\"><img loading=\"lazy\" decoding=\"async\" class=\"size-medium wp-image-395881 alignleft\" src=\"https:\/\/www.radiopiu.net\/wordpress\/wp-content\/uploads\/2024\/06\/th-5-300x166.jpg\" alt=\"\" width=\"300\" height=\"166\" srcset=\"https:\/\/www.radiopiu.net\/wordpress\/wp-content\/uploads\/2024\/06\/th-5-300x166.jpg 300w, https:\/\/www.radiopiu.net\/wordpress\/wp-content\/uploads\/2024\/06\/th-5.jpg 326w\" sizes=\"auto, (max-width: 300px) 100vw, 300px\" \/><\/a><\/span><\/h1>\n<h1><\/h1>\n<h1><\/h1>\n<h1><span style=\"color: #000000;\">24 giugno&#8230; alla radio l&#8217;almanacco\u00a0<\/span><\/h1>\n<audio class=\"wp-audio-shortcode\" id=\"audio-395924-2\" preload=\"none\" style=\"width: 100%;\" controls=\"controls\"><source type=\"audio\/mpeg\" src=\"https:\/\/www.radiopiu.net\/wordpress\/wp-content\/uploads\/2024\/06\/ALMANACCONEW-1.mp3?_=2\" \/><a href=\"https:\/\/www.radiopiu.net\/wordpress\/wp-content\/uploads\/2024\/06\/ALMANACCONEW-1.mp3\">https:\/\/www.radiopiu.net\/wordpress\/wp-content\/uploads\/2024\/06\/ALMANACCONEW-1.mp3<\/a><\/audio>\n<p>&nbsp;<\/p>\n<p>&nbsp;<\/p>\n<p>&nbsp;<\/p>\n<div dir=\"auto\">\n<hr \/>\n<\/div>\n<\/div>\n<blockquote>\n<blockquote>\n<h1><span style=\"color: #ff0000;\">\u00a0<\/span><\/h1>\n<h1><span style=\"color: #ff0000;\">I podcast informativi del mattino &#8211; audio &#8211;\u00a0\u00a0<\/span><\/h1>\n<\/blockquote>\n<p><strong><a class=\"dt-pswp-item\" href=\"https:\/\/www.radiopiu.net\/wordpress\/wp-content\/uploads\/2023\/11\/th-10.jpg\" data-dt-img-description=\"\" data-large_image_width=\"320\" data-large_image_height=\"180\"><img loading=\"lazy\" decoding=\"async\" class=\"wp-image-362866 alignleft\" src=\"https:\/\/www.radiopiu.net\/wordpress\/wp-content\/uploads\/2023\/11\/th-10-300x169.jpg\" alt=\"\" width=\"185\" height=\"104\" srcset=\"https:\/\/www.radiopiu.net\/wordpress\/wp-content\/uploads\/2023\/11\/th-10-300x169.jpg 300w, https:\/\/www.radiopiu.net\/wordpress\/wp-content\/uploads\/2023\/11\/th-10.jpg 320w\" sizes=\"auto, (max-width: 185px) 100vw, 185px\" \/><\/a>LA RASSEGNA STAMPA NAZIONALE ALLA RADIO, OGNI GIORNO ALLE 5 E ALLE 6 DEL MATTINO <span style=\"color: #0000ff;\">viene pubblicata alle 6.00 <span style=\"color: #ff0000;\">DIRETTA RADIO\u00a0 \u00a0\u00a0<\/span><\/span><\/strong><\/p><\/blockquote>\n<p>&nbsp;<\/p>\n<p><strong>NOTIZIE DELLA NOTTE\u00a0\u00a0<\/strong><\/p>\n<p><strong>Daghestan:<\/strong> sono 15 i poliziotti uccisi, eliminati 6 attentatori\u00a0 <strong>Borsa:<\/strong> Hong Kong negativa, apre a -0,68%\u00a0 <strong>Gaza<\/strong>, media: 8 morti in raid d&#8217;Israele su scuola usata da Unrwa <strong>Euro 24<\/strong>: Scozia-Ungheria 0-1<strong>Ballottaggi,<\/strong> alle 23 affluenza al 37% Sedici punti in meno rispetto al primo turno nei 102 comuni <strong>Arabia Saudita<\/strong>, 1.301 i pellegrini morti durante l&#8217;hajj Per lo pi\u00f9 pellegrini non registratiCarceri: <strong>Osapp, sabato evaso<\/strong> un detenuto da Bollate La notizia della fuga diffusa soltanto oggi dal sindacato <strong>Macron promette<\/strong> di non dimettersi fino a fine mandato Esclude dimissioni che erano state ipotizzate da Le Pen<\/p>\n<h2>AUDIO dalle 6 del mattino<\/h2>\n<audio class=\"wp-audio-shortcode\" id=\"audio-395924-3\" preload=\"none\" style=\"width: 100%;\" controls=\"controls\"><source type=\"audio\/mpeg\" src=\"https:\/\/www.radiopiu.net\/wordpress\/wp-content\/uploads\/2024\/06\/GIORNALEDELLESEI-19.mp3?_=3\" \/><a href=\"https:\/\/www.radiopiu.net\/wordpress\/wp-content\/uploads\/2024\/06\/GIORNALEDELLESEI-19.mp3\">https:\/\/www.radiopiu.net\/wordpress\/wp-content\/uploads\/2024\/06\/GIORNALEDELLESEI-19.mp3<\/a><\/audio>\n<p>&nbsp;<\/p>\n<p>&nbsp;<\/p>\n<hr \/>\n<p>&nbsp;<\/p>\n<h1 style=\"text-align: center;\"><span style=\"color: #ff0000;\">I podcast informativi del mattino &#8211; audio &#8211;\u00a0<\/span><\/h1>\n<p><strong><a class=\"dt-pswp-item\" href=\"https:\/\/www.radiopiu.net\/wordpress\/wp-content\/uploads\/2023\/12\/images.png\" data-dt-img-description=\"\" data-large_image_width=\"316\" data-large_image_height=\"160\"><img loading=\"lazy\" decoding=\"async\" class=\"wp-image-367008 alignleft\" src=\"https:\/\/www.radiopiu.net\/wordpress\/wp-content\/uploads\/2023\/12\/images-300x152.png\" alt=\"\" width=\"235\" height=\"119\" srcset=\"https:\/\/www.radiopiu.net\/wordpress\/wp-content\/uploads\/2023\/12\/images-300x152.png 300w, https:\/\/www.radiopiu.net\/wordpress\/wp-content\/uploads\/2023\/12\/images.png 316w\" sizes=\"auto, (max-width: 235px) 100vw, 235px\" \/><\/a>OGNI GIORNO ALLE SETTE DEL MATTINO, LA RASSEGNA STAMPA LOCALE FLASH&#8230; PER CHI VA IN FRETTA. I TITOLI DAI GIORNALI E DAL SITO WWW.RADIOPIU.NET <span style=\"color: #0000ff;\">viene pubblicato alle 7.00<\/span> <span style=\"color: #ff0000;\">DIRETTA RADIO\u00a0<\/span><\/strong><\/p>\n<p><em><span style=\"color: #ff0000;\">per chi va in fretta&#8230; tante notizie in pochi minuti. L&#8217;informazione locale alla radio, ogni ora dalle 7 del mattino alle 19 della sera.\u00a0 <\/span><\/em><\/p>\n<p><strong>REDAZIONE<\/strong> Una leggera scossa di terremoto ha interessato Chies D\u2019Alpago alle prime ore dell\u2019alba di ieri. Epicentro proprio a Chies D\u2019Alpago con una magnitudo di 1.3 sulla scala Richter ed una profondit\u00e0 di 9.3 km.<br \/>\n<strong>BELLUNO<\/strong> Alle 5:15 di ieri i vigili del fuoco sono intervenuti nella frazione di Moline, nel comune di Sovramonte, per uno scarico di materiale detritico che ha interessato la regionale 50. Un intervento analogo \u00e8 stato effettuato anche dalla parte trentina della strada con un altro mezzo movimento terra.<br \/>\n<strong>CORTINA<\/strong> Sabato mattina una squadra del Soccorso alpino di Cortina e della Guardia di finanza \u00e8 intervenuta lungo il sentiero numero 437,che dal ponte di Rucurto sale alle Cinque Torri, per un\u2019escursionista spagnola che aveva riportato la sospetta frattura di una caviglia.<br \/>\n<strong>CORTINA<\/strong> Verso le 15 di ieri l\u2019elicottero del Suem di Pieve di Cadore \u00e8 volato al Rifugio Vandelli, dove era arrivata una 24enne austriaca che si era infortunata salendo lungo il sentiero. La ragazza, che si era procurata un sospetto trauma alla caviglia, \u00e8 stata imbarcata in piazzola, trasportata a valle e trasferita sull\u2019ambulanza diretta al Codivilla.<br \/>\n<strong>CONTINUA LA CONTA DEI DANNI AD ALLEGHE DOPO LA TEMPESTA DI VENERDI SERA<\/strong><br \/>\n<strong>ALLEGHE<\/strong> Ad Alleghe, in Via Coldai, una casa \u00e8 stata gravemente danneggiata dalla violenta tempesta che ha colpito la zona venerd\u00ec sera. L\u2019intera copertura del tetto \u00e8 stata sollevata e portata via dalle forti raffiche di vento, finendo su moto e auto parcheggiate nelle vicinanze, causando ulteriori danni. In Via degli Alpini, un\u2019altra abitazione ha subito gravi danni, con una delle falde del tetto completamente asportata. Anche il fienile sottostante ha riportato danni significativi alla copertura, peggiorando ulteriormente la situazione.<\/p>\n<h1>AUDIO dalle 7 del mattino<\/h1>\n<audio class=\"wp-audio-shortcode\" id=\"audio-395924-4\" preload=\"none\" style=\"width: 100%;\" controls=\"controls\"><source type=\"audio\/mpeg\" src=\"https:\/\/www.radiopiu.net\/wordpress\/wp-content\/uploads\/2024\/06\/GF07-19.mp3?_=4\" \/><a href=\"https:\/\/www.radiopiu.net\/wordpress\/wp-content\/uploads\/2024\/06\/GF07-19.mp3\">https:\/\/www.radiopiu.net\/wordpress\/wp-content\/uploads\/2024\/06\/GF07-19.mp3<\/a><\/audio>\n<p>&nbsp;<\/p>\n<p>&nbsp;<\/p>\n<hr \/>\n<p>&nbsp;<\/p>\n<h1><\/h1>\n<h1 style=\"text-align: center;\"><span style=\"color: #ff0000;\"><a class=\"dt-pswp-item\" href=\"https:\/\/www.radiopiu.net\/wordpress\/wp-content\/uploads\/2022\/01\/026c3f9d-dae9-4040-a3c1-a6530231bcc3.jpg\" data-dt-img-description=\"\" data-large_image_width=\"1152\" data-large_image_height=\"2048\"><img loading=\"lazy\" decoding=\"async\" class=\"wp-image-251839 alignleft\" src=\"https:\/\/www.radiopiu.net\/wordpress\/wp-content\/uploads\/2022\/01\/026c3f9d-dae9-4040-a3c1-a6530231bcc3-169x300.jpg\" alt=\"\" width=\"100\" height=\"177\" srcset=\"https:\/\/www.radiopiu.net\/wordpress\/wp-content\/uploads\/2022\/01\/026c3f9d-dae9-4040-a3c1-a6530231bcc3-169x300.jpg 169w, https:\/\/www.radiopiu.net\/wordpress\/wp-content\/uploads\/2022\/01\/026c3f9d-dae9-4040-a3c1-a6530231bcc3-576x1024.jpg 576w, https:\/\/www.radiopiu.net\/wordpress\/wp-content\/uploads\/2022\/01\/026c3f9d-dae9-4040-a3c1-a6530231bcc3-768x1365.jpg 768w, https:\/\/www.radiopiu.net\/wordpress\/wp-content\/uploads\/2022\/01\/026c3f9d-dae9-4040-a3c1-a6530231bcc3-864x1536.jpg 864w, https:\/\/www.radiopiu.net\/wordpress\/wp-content\/uploads\/2022\/01\/026c3f9d-dae9-4040-a3c1-a6530231bcc3.jpg 1152w\" sizes=\"auto, (max-width: 100px) 100vw, 100px\" \/><\/a>I podcast informativi del mattino &#8211; audio &#8211;\u00a0<\/span><\/h1>\n<blockquote><p><strong>GIORNALE RADIO NAZIONALE, EDIZIONE DELLE SETTE <span style=\"color: #0000ff;\">viene pubblicato alle 7.05 <span style=\"color: #ff0000;\">DIRETTA RADIO\u00a0<\/span><\/span><\/strong><\/p><\/blockquote>\n<p><strong>il giornale radionazionale e&#8217; in onda ogni ora, dalle sette del mattino alle venti della sera\u00a0 \u00a0<\/strong><strong>\u00a0<\/strong><\/p>\n<p>&nbsp;<\/p>\n<p><strong>L&#8217;omicidio di Giulia Cecchettin<\/strong> Turetta tenta di giustificare il kit per l&#8217;omicidio Turetta: &#8216;Giulia voleva andare avanti senza di me, cos\u00ec l&#8217;ho uccisa&#8217; <strong>Nel Messinese<\/strong> Si schianta con la moto contro un albero, morto un 16enne\u00a0 <strong>Circolazione su un solo binario<\/strong> Frecciarossa sotto il sole per guasto alle porte di Roma, a bordo in 500: &#8216;Un inferno&#8217;\u00a0 <strong>Datore di lavoro Singh<\/strong> indagato da 5 anni per caporalato Esclusiva TgLa7, Mentana in un post mostra il documento della Procura\u00a0<strong> Turista vandalizza<\/strong> una parete negli scavi di Pompei, bloccato Zuchtriegel, &#8216;atto incivile, con nuova legge dovr\u00e0 risarcire&#8217;\u00a0 <strong>Maltempo al nord,<\/strong> in arrivo al centro, e caldo al sud Tra Alto Adige e Lombardia centinaia interventi vigili del fuoco<\/p>\n<h2>AUDIO dalle sette del mattino, ogni ora alla radio<\/h2>\n<audio class=\"wp-audio-shortcode\" id=\"audio-395924-5\" preload=\"none\" style=\"width: 100%;\" controls=\"controls\"><source type=\"audio\/mpeg\" src=\"https:\/\/www.radiopiu.net\/wordpress\/wp-content\/uploads\/2024\/06\/giornale07-19.mp3?_=5\" \/><a href=\"https:\/\/www.radiopiu.net\/wordpress\/wp-content\/uploads\/2024\/06\/giornale07-19.mp3\">https:\/\/www.radiopiu.net\/wordpress\/wp-content\/uploads\/2024\/06\/giornale07-19.mp3<\/a><\/audio>\n<p>&nbsp;<\/p>\n<p>&nbsp;<\/p>\n<hr \/>\n<p>&nbsp;<\/p>\n<p>&nbsp;<\/p>\n<h1><span style=\"color: #ff0000;\">I podcast informativi del mattino &#8211; video &#8211;\u00a0<\/span><\/h1>\n<h2><strong><a class=\"dt-pswp-item\" href=\"https:\/\/www.radiopiu.net\/wordpress\/wp-content\/uploads\/2023\/12\/th-10.jpg\" data-dt-img-description=\"\" data-large_image_width=\"245\" data-large_image_height=\"180\"><img loading=\"lazy\" decoding=\"async\" class=\" wp-image-367395 alignleft\" src=\"https:\/\/www.radiopiu.net\/wordpress\/wp-content\/uploads\/2023\/12\/th-10.jpg\" alt=\"\" width=\"166\" height=\"122\" \/><\/a>RASSEGNA STAMPA LOCALE, ORE OTTO 05<\/strong><\/h2>\n<h2><strong> <span style=\"color: #0000ff;\">viene\u00a0 <\/span><\/strong><strong><span style=\"color: #0000ff;\">pubblicata alle 8.05 <span style=\"color: #ff0000;\">DIRETTA RADIO\u00a0\u00a0<\/span><\/span><\/strong><\/h2>\n<p><strong>DI MIRKO MEZZACASA\u00a0 \u00a0<\/strong><button class=\"rounded-lg text-token-text-secondary hover:bg-token-main-surface-secondary\"><\/button><\/p>\n<p><strong>OGGI SUL Corriere delle Alpi E NOTIZIARI DI Radio Pi\u00f9<\/strong><\/p>\n<p>&nbsp;<\/p>\n<p><strong>FELTRE<\/strong> L\u2019infermiere dell\u2019ospedale di Feltre, indagato per l\u2019omicidio colposo di padre Luigi Bassetto, \u00e8 difeso dall\u2019avvocato Ferdinando Coppa. Il sacerdote ottantenne, con gravi problemi cardiaci, \u00e8 morto dopo una somministrazione di morfina dieci volte superiore alla dose prescritta. L\u2019autopsia chiarir\u00e0 le cause del decesso.<br \/>\n<strong>L\u2019UFFICIO POSTALE<\/strong> di Taibon subir\u00e0 interventi di ammodernamento L\u2019ufficio di Taibon Agordino chiuder\u00e0 domani, con uno sportello temporaneo a Voltago dal 27 giugno, mentre gli uffici di Agordo, Cencenighe e La Valle rimarranno disponibili.<br \/>\n<strong>SAN TOMASO<\/strong> Consiglio comunale oggi alle 20. Saranno 10 i punti da discutere tra cui la convalida degli eletti a sindaco e consiglieri, il giuramento del sindaco Moreno De Val, la nomina degli assessori, l\u2019elezione della commissione elettorale e la nomina degli assessori e dei rappresentanti in Unione Montana Agordina<br \/>\n<strong>FELTRE<\/strong>\u00a0 la Citt\u00e0 di Feltre ospiter\u00e0 la Mostra dell\u2019Artigianato e il CILP sar\u00e0 presente con il suo gruppo di lettori presso la Chiesa di San Giovanni Nepomuceno in via Paradiso. I Libri Parlanti vi intratterranno con letture nei seguenti orari: Venerd\u00ec 28 dalle 16.00 alle 18.00 Sabato 29 dalle 10.00 alle 12.00 e dalle 16.00 alle 18.00<br \/>\nDomenica 30 dalle 10.00 alle 12.00 Sar\u00e0 allestita anche una mostra fotografica con la storia dei 40 anni del CILP<br \/>\n<strong>FELTRE<\/strong> Il Palio di Feltre premia non solo il vincitore complessivo delle quattro gare, ma anche i singoli vincitori. Nel 2024, i premi saranno sculture in legno realizzate dall\u2019artista Antonio Bottegal, riflettendo la tradizione e l\u2019artigianalit\u00e0 feltrina.<\/p>\n<p>&nbsp;<\/p>\n<h2><span style=\"color: #ff0000;\"><strong>VIDEO\u00a0 \u00a0in diretta dalle 8 del mattino\u00a0\u00a0<\/strong><\/span><\/h2>\n<p><iframe loading=\"lazy\" title=\"DAL 1983 LA RASSEGNA STAMPA LOCALE di mirko mezzacasa. L&#039;ORIGINALE\" width=\"1200\" height=\"675\" src=\"https:\/\/www.youtube.com\/embed\/lBxiRHk5L1A?feature=oembed\" frameborder=\"0\" allow=\"accelerometer; autoplay; clipboard-write; encrypted-media; gyroscope; picture-in-picture; web-share\" referrerpolicy=\"strict-origin-when-cross-origin\" allowfullscreen><\/iframe><\/p>\n<hr \/>\n<p>&nbsp;<\/p>\n<p>&nbsp;<\/p>\n<hr \/>\n<p>&nbsp;<\/p>\n<blockquote>\n<h3>SE A ROCCA PIETORE L&#8217;ACQUA E&#8217; DI NUOVO POTABILE A LIVINALLONGO E GOSALDO\u00a0 NON LO E&#8217;<\/h3>\n<\/blockquote>\n<p><strong><img loading=\"lazy\" decoding=\"async\" class=\"alignleft\" src=\"https:\/\/www.radiopiu.net\/wordpress\/wp-content\/uploads\/2024\/05\/cantiere-municipio-Livinallongo-scaled.jpg\" width=\"231\" height=\"104\" \/><\/strong><b>ROCCA PIETORE <\/b>in localit\u00e0 MOE&#8217; DI LASTE l&#8217;acqua erogata dall&#8217;acquedotto \u00e8 di nuovo potabile.<\/p>\n<p><strong>GOSALDO<\/strong> in localit\u00e0 VALLASIN l&#8217;acqua erogata dall&#8217;acquedotto non \u00e8 potabile e pu\u00f2 essere usata per scopi alimentari SOLO PREVIA bollitura.<\/p>\n<p><strong>LIVINALLONGO<\/strong> in localit\u00e0 VARDA l&#8217;acqua erogata dall&#8217;acquedotto non \u00e8 potabile e pu\u00f2 essere usata per scopi alimentari SOLO PREVIA bollitura.<\/p>\n<p>&nbsp;<\/p>\n<blockquote>\n<h2>LAVORI PROGRAMMATI BIM GSP<\/h2>\n<\/blockquote>\n<p>Gestione Servizi Pubblici informa che, per lavori alla rete idrica comunale, oggi dalle 8 a FINE LAVORI verr\u00e0 sospesa l\u2019erogazione dell\u2019acqua a FALCADE nelle vie MARCHIORI, COL MAOR, BUSIN, CAPPELLO, SALPIAN, NICOLAJEWKA, DE SAN DOANE e TRENTO (dal civ. 24 al 76). Il personale addetto operer\u00e0 per limitare il pi\u00f9 possibile i disagi alla popolazione.<\/p>\n<p>&nbsp;<\/p>\n<blockquote>\n<h3>VIABILITA&#8217; A CAVIOLA, CHIUSURA PROROGATA FINO AL 28 GIUGNO<\/h3>\n<\/blockquote>\n<p><strong>FALCADE<\/strong> Si allungano i tempi dei lavori a Caviola di Falcade. La chiusura della strada che va da Via Trento al centro abitato di Caviola \u00e8 stata prorogata fino al 28 giugno<\/p>\n<p>&nbsp;<\/p>\n<blockquote>\n<h3>VIABILITA&#8217; A LA VALLE AGORDINA, CHIUSURA A FRESS<\/h3>\n<\/blockquote>\n<p><strong>LA VALLE<\/strong> Sospensione temporanea della circolazione veicolare e pedonale lungo la viabilit\u00e0 silvo-pastorale di Fress, per lavori di interramento della condotta idrica dell&#8217;ambito della realizzazione di una centrale idroelettrica.Chiusura dal 25 giugno al 30 novembre tra capitel di Fres e Pra de val sul torrente Rova. Il tratto tra Piaia e la strada SP 347 non verr\u00e0 interessato dagli scavi ma dovr\u00e0 risultare libero per il transito dei mezzi della ditta Codotte di Merano.<\/p>\n<p>&nbsp;<\/p>\n<hr \/>\n<p>&nbsp;<\/p>\n<blockquote>\n<h3>LEGGERA SCOSSA DI TERREMOTO IN ALPAGO<\/h3>\n<\/blockquote>\n<p><strong>REDAZIONE<\/strong> Una leggera scossa di terremoto ha interessato Chies D&#8217;Alpago alle prime ore dell&#8217;alba di ieri. Epicentro proprio a Chies D&#8217;Alpago con una magnitudo di 1.3 sulla scala Richter ed una profondit\u00e0 di 9.3 km.<\/p>\n\n\t\t\t<style type='text\/css'>\n\t\t\t\t#gallery-1 {\n\t\t\t\t\tmargin: auto;\n\t\t\t\t}\n\t\t\t\t#gallery-1 .gallery-item {\n\t\t\t\t\tfloat: left;\n\t\t\t\t\tmargin-top: 10px;\n\t\t\t\t\ttext-align: center;\n\t\t\t\t\twidth: 100%;\n\t\t\t\t}\n\t\t\t\t#gallery-1 img {\n\t\t\t\t\tborder: 2px solid #cfcfcf;\n\t\t\t\t}\n\t\t\t\t#gallery-1 .gallery-caption {\n\t\t\t\t\tmargin-left: 0;\n\t\t\t\t}\n\t\t\t\t\/* see gallery_shortcode() in wp-includes\/media.php *\/\n\t\t\t<\/style>\n\t\t<div id='gallery-1' class='dt-gallery-container gallery galleryid-395924 gallery-columns-1 gallery-size-medium'><dl class='gallery-item'>\n\t\t\t\t<dt class='gallery-icon landscape'>\n\t\t\t\t\t<a class=\"rollover rollover-zoom dt-pswp-item\" title=\"Screenshot\" data-dt-img-description=\"\" data-large_image_width=\"862\" data-large_image_height=\"714\"href='https:\/\/www.radiopiu.net\/wordpress\/wp-content\/uploads\/2024\/06\/SCR-20240623-ishv.jpeg'><img loading=\"lazy\" decoding=\"async\" width=\"300\" height=\"248\" src=\"https:\/\/www.radiopiu.net\/wordpress\/wp-content\/uploads\/2024\/06\/SCR-20240623-ishv-300x248.jpeg\" class=\"attachment-medium size-medium\" alt=\"\" srcset=\"https:\/\/www.radiopiu.net\/wordpress\/wp-content\/uploads\/2024\/06\/SCR-20240623-ishv-300x248.jpeg 300w, https:\/\/www.radiopiu.net\/wordpress\/wp-content\/uploads\/2024\/06\/SCR-20240623-ishv-768x636.jpeg 768w, https:\/\/www.radiopiu.net\/wordpress\/wp-content\/uploads\/2024\/06\/SCR-20240623-ishv.jpeg 862w\" sizes=\"auto, (max-width: 300px) 100vw, 300px\" \/><\/a>\n\t\t\t\t<\/dt><\/dl><br style=\"clear: both\" \/>\n\t\t\t<\/div>\n\n<p>&nbsp;<\/p>\n<hr \/>\n<p>&nbsp;<\/p>\n<blockquote>\n<h3>BELLUNO, STRADE BLOCCATE PER FRANE A SOVRAMONTE E LAMON<\/h3>\n<\/blockquote>\n<p><strong>BELLUNO <\/strong>Alle 5:15 di domenica 23 giugno, i vigili del fuoco sono intervenuti nella frazione di Moline, nel comune di Sovramonte (BL), per uno scarico di materiale detritico che ha interessato la SR 50 al km 56+300. Insieme al personale del distaccamento di Feltre, i tecnici di Veneto Strade sono intervenuti con una pala gommata per liberare la strada. Un intervento analogo \u00e8 stato effettuato anche dalla parte trentina della strada con un altro mezzo movimento terra. Poco prima delle 6:00, i vigili del fuoco del Basso Feltrino sono intervenuti su un altro movimento franoso nella frazione di Arina di Lamon, lungo la SP 40 al km 2+200, che ha bloccato la strada. Anche in questo caso \u00e8 intervenuto un mezzo di Veneto Strade per liberare la carreggiata.<\/p>\n\n\t\t\t<style type='text\/css'>\n\t\t\t\t#gallery-2 {\n\t\t\t\t\tmargin: auto;\n\t\t\t\t}\n\t\t\t\t#gallery-2 .gallery-item {\n\t\t\t\t\tfloat: left;\n\t\t\t\t\tmargin-top: 10px;\n\t\t\t\t\ttext-align: center;\n\t\t\t\t\twidth: 25%;\n\t\t\t\t}\n\t\t\t\t#gallery-2 img {\n\t\t\t\t\tborder: 2px solid #cfcfcf;\n\t\t\t\t}\n\t\t\t\t#gallery-2 .gallery-caption {\n\t\t\t\t\tmargin-left: 0;\n\t\t\t\t}\n\t\t\t\t\/* see gallery_shortcode() in wp-includes\/media.php *\/\n\t\t\t<\/style>\n\t\t<div id='gallery-2' class='dt-gallery-container gallery galleryid-395924 gallery-columns-4 gallery-size-thumbnail'><dl class='gallery-item'>\n\t\t\t\t<dt class='gallery-icon landscape'>\n\t\t\t\t\t<a class=\"rollover rollover-zoom dt-pswp-item\" title=\"11ba1851-7701-41b9-bf55-7c6a2b3852bd\" data-dt-img-description=\"\" data-large_image_width=\"1280\" data-large_image_height=\"988\"href='https:\/\/www.radiopiu.net\/wordpress\/wp-content\/uploads\/2024\/06\/11ba1851-7701-41b9-bf55-7c6a2b3852bd.jpg'><img loading=\"lazy\" decoding=\"async\" width=\"150\" height=\"150\" src=\"https:\/\/www.radiopiu.net\/wordpress\/wp-content\/uploads\/2024\/06\/11ba1851-7701-41b9-bf55-7c6a2b3852bd-150x150.jpg\" class=\"attachment-thumbnail size-thumbnail\" alt=\"\" \/><\/a>\n\t\t\t\t<\/dt><\/dl><dl class='gallery-item'>\n\t\t\t\t<dt class='gallery-icon landscape'>\n\t\t\t\t\t<a class=\"rollover rollover-zoom dt-pswp-item\" title=\"b1ababbf-6306-433e-9991-8ad4f8c2cbbd\" data-dt-img-description=\"\" data-large_image_width=\"961\" data-large_image_height=\"696\"href='https:\/\/www.radiopiu.net\/wordpress\/wp-content\/uploads\/2024\/06\/b1ababbf-6306-433e-9991-8ad4f8c2cbbd.jpg'><img loading=\"lazy\" decoding=\"async\" width=\"150\" height=\"150\" src=\"https:\/\/www.radiopiu.net\/wordpress\/wp-content\/uploads\/2024\/06\/b1ababbf-6306-433e-9991-8ad4f8c2cbbd-150x150.jpg\" class=\"attachment-thumbnail size-thumbnail\" alt=\"\" \/><\/a>\n\t\t\t\t<\/dt><\/dl><dl class='gallery-item'>\n\t\t\t\t<dt class='gallery-icon portrait'>\n\t\t\t\t\t<a class=\"rollover rollover-zoom dt-pswp-item\" title=\"ff07eb0c-61fd-4dd2-870e-0bc41f7c703a\" data-dt-img-description=\"\" data-large_image_width=\"961\" data-large_image_height=\"1236\"href='https:\/\/www.radiopiu.net\/wordpress\/wp-content\/uploads\/2024\/06\/ff07eb0c-61fd-4dd2-870e-0bc41f7c703a.jpg'><img loading=\"lazy\" decoding=\"async\" width=\"150\" height=\"150\" src=\"https:\/\/www.radiopiu.net\/wordpress\/wp-content\/uploads\/2024\/06\/ff07eb0c-61fd-4dd2-870e-0bc41f7c703a-150x150.jpg\" class=\"attachment-thumbnail size-thumbnail\" alt=\"\" \/><\/a>\n\t\t\t\t<\/dt><\/dl><dl class='gallery-item'>\n\t\t\t\t<dt class='gallery-icon portrait'>\n\t\t\t\t\t<a class=\"rollover rollover-zoom dt-pswp-item\" title=\"67b82469-8ec9-45c9-8284-7be4680a30e2\" data-dt-img-description=\"\" data-large_image_width=\"961\" data-large_image_height=\"1280\"href='https:\/\/www.radiopiu.net\/wordpress\/wp-content\/uploads\/2024\/06\/67b82469-8ec9-45c9-8284-7be4680a30e2.jpg'><img loading=\"lazy\" decoding=\"async\" width=\"150\" height=\"150\" src=\"https:\/\/www.radiopiu.net\/wordpress\/wp-content\/uploads\/2024\/06\/67b82469-8ec9-45c9-8284-7be4680a30e2-150x150.jpg\" class=\"attachment-thumbnail size-thumbnail\" alt=\"\" \/><\/a>\n\t\t\t\t<\/dt><\/dl><br style=\"clear: both\" \/>\n\t\t\t<\/div>\n\n<p>&nbsp;<\/p>\n<hr \/>\n<p>&nbsp;<\/p>\n<blockquote>\n<h3>SCIVOLA SUL SENTIERO. SOCCORSA ESCURSIONISTA SPAGNOLA<\/h3>\n<\/blockquote>\n<p><strong>CORTINA<\/strong> Sabato mattina una squadra del Soccorso alpino di Cortina e della Guardia di finanza \u00e8 intervenuta lungo il sentiero numero 437,che dal ponte di Rucurto sale alle Cinque Torri, per un&#8217;escursionista spagnola che aveva riportato la sospetta frattura di una caviglia. La donna, immobilizzatale la gamba, \u00e8 stata caricata in barella e trasportata a valle, per essere poi accompagnata in ospedale.<\/p>\n<p>&nbsp;<\/p>\n<p>&nbsp;<\/p>\n<hr \/>\n<p>&nbsp;<\/p>\n<blockquote>\n<h3>IL SABATO DEL SUEM 118 TRA MALORI E INCIDENTI IN BICICLETTA<\/h3>\n<\/blockquote>\n<p><strong>REDAZIONE<\/strong> Giornata impegnativa per il Suem 118 impegnato fin dalle prime luci dell&#8217;alba. La prima chiamata al centralino poco dopo le 8 per un escursionista spagnola che aveva subito un trauma ad una gamba. Poco dopo le 9:30 un incidente in Alpago dove una donna di 78 anni aveva subito delle ferite \u00e8 stata soccorsa dall&#8217;ambulanza. Alle 9:45 l&#8217;ambulanza e l&#8217;elicottero sono stati chiamati in Alpago per soccorere un uomo di 39 anni che aveva subito un trauma neurologico. Poco prima delle 12 a Livinallongo un incidente in bicicletta con un ciclista coinvolto e portato al nosocomio di Agordo. Nello stesso momento l&#8217;elicottero Falco \u00e8 volato a San Vito dove un uomo ha perso la vita a causa di un malore. Altro incidente in bicicletta ad Arsi\u00e8 dove un ciclista \u00e8 stato portato al Santa Maria del Prato di Feltre. Alle 13 altro incidente in bicicletta a Livinallongo con un padovano di 56 anni che ha avuto la peggio ed \u00e8 stato elitrasportato a Belluno. Sulla ciclabile di Venas l&#8217;ennesimo incidente in bici con una donna di 59 anni trasferita in ambulanza all&#8217;ospedale di Pieve di Cadore.<\/p>\n<p>&nbsp;<\/p>\n<p>&nbsp;<\/p>\n<hr \/>\n<p>&nbsp;<\/p>\n<blockquote>\n<h3>INFORTUNIO AL PERON DI SEDICO<\/h3>\n<\/blockquote>\n<p><strong>SEDICO<\/strong> Incidente domestico al Peron di Sedico nel pomeriggio di sabato dove un uomo \u00e8 rimasto ferito mentre stava facendo dei lavori su un giardino. Sul posto Vigili del Fuoco ed elicottero Falco del Suem 118.<\/p>\n\n\t\t\t<style type='text\/css'>\n\t\t\t\t#gallery-3 {\n\t\t\t\t\tmargin: auto;\n\t\t\t\t}\n\t\t\t\t#gallery-3 .gallery-item {\n\t\t\t\t\tfloat: left;\n\t\t\t\t\tmargin-top: 10px;\n\t\t\t\t\ttext-align: center;\n\t\t\t\t\twidth: 25%;\n\t\t\t\t}\n\t\t\t\t#gallery-3 img {\n\t\t\t\t\tborder: 2px solid #cfcfcf;\n\t\t\t\t}\n\t\t\t\t#gallery-3 .gallery-caption {\n\t\t\t\t\tmargin-left: 0;\n\t\t\t\t}\n\t\t\t\t\/* see gallery_shortcode() in wp-includes\/media.php *\/\n\t\t\t<\/style>\n\t\t<div id='gallery-3' class='dt-gallery-container gallery galleryid-395924 gallery-columns-4 gallery-size-thumbnail'><dl class='gallery-item'>\n\t\t\t\t<dt class='gallery-icon portrait'>\n\t\t\t\t\t<a class=\"rollover rollover-zoom dt-pswp-item\" title=\"7936fcb2-9a85-430b-b6f0-efdbd12c3024\" data-dt-img-description=\"\" data-large_image_width=\"1537\" data-large_image_height=\"2048\"href='https:\/\/www.radiopiu.net\/wordpress\/wp-content\/uploads\/2024\/06\/7936fcb2-9a85-430b-b6f0-efdbd12c3024.jpg'><img loading=\"lazy\" decoding=\"async\" width=\"150\" height=\"150\" src=\"https:\/\/www.radiopiu.net\/wordpress\/wp-content\/uploads\/2024\/06\/7936fcb2-9a85-430b-b6f0-efdbd12c3024-150x150.jpg\" class=\"attachment-thumbnail size-thumbnail\" alt=\"\" \/><\/a>\n\t\t\t\t<\/dt><\/dl><dl class='gallery-item'>\n\t\t\t\t<dt class='gallery-icon landscape'>\n\t\t\t\t\t<a class=\"rollover rollover-zoom dt-pswp-item\" title=\"7098a228-e396-4e7f-8210-2aa126a8c09f\" data-dt-img-description=\"\" data-large_image_width=\"2048\" data-large_image_height=\"1537\"href='https:\/\/www.radiopiu.net\/wordpress\/wp-content\/uploads\/2024\/06\/7098a228-e396-4e7f-8210-2aa126a8c09f.jpg'><img loading=\"lazy\" decoding=\"async\" width=\"150\" height=\"150\" src=\"https:\/\/www.radiopiu.net\/wordpress\/wp-content\/uploads\/2024\/06\/7098a228-e396-4e7f-8210-2aa126a8c09f-150x150.jpg\" class=\"attachment-thumbnail size-thumbnail\" alt=\"\" \/><\/a>\n\t\t\t\t<\/dt><\/dl><dl class='gallery-item'>\n\t\t\t\t<dt class='gallery-icon landscape'>\n\t\t\t\t\t<a class=\"rollover rollover-zoom dt-pswp-item\" title=\"08066455-74ea-4f0a-a882-7e4b2aad47f4\" data-dt-img-description=\"\" data-large_image_width=\"2048\" data-large_image_height=\"1537\"href='https:\/\/www.radiopiu.net\/wordpress\/wp-content\/uploads\/2024\/06\/08066455-74ea-4f0a-a882-7e4b2aad47f4.jpg'><img loading=\"lazy\" decoding=\"async\" width=\"150\" height=\"150\" src=\"https:\/\/www.radiopiu.net\/wordpress\/wp-content\/uploads\/2024\/06\/08066455-74ea-4f0a-a882-7e4b2aad47f4-150x150.jpg\" class=\"attachment-thumbnail size-thumbnail\" alt=\"\" \/><\/a>\n\t\t\t\t<\/dt><\/dl><dl class='gallery-item'>\n\t\t\t\t<dt class='gallery-icon landscape'>\n\t\t\t\t\t<a class=\"rollover rollover-zoom dt-pswp-item\" title=\"98d4ad86-0bd6-4a86-b854-190ece4461b4\" data-dt-img-description=\"\" data-large_image_width=\"2048\" data-large_image_height=\"1537\"href='https:\/\/www.radiopiu.net\/wordpress\/wp-content\/uploads\/2024\/06\/98d4ad86-0bd6-4a86-b854-190ece4461b4.jpg'><img loading=\"lazy\" decoding=\"async\" width=\"150\" height=\"150\" src=\"https:\/\/www.radiopiu.net\/wordpress\/wp-content\/uploads\/2024\/06\/98d4ad86-0bd6-4a86-b854-190ece4461b4-150x150.jpg\" class=\"attachment-thumbnail size-thumbnail\" alt=\"\" \/><\/a>\n\t\t\t\t<\/dt><\/dl><br style=\"clear: both\" \/>\n\t\t\t<\/div>\n\n<p>&nbsp;<\/p>\n<hr \/>\n<p>&nbsp;<\/p>\n<blockquote>\n<h3 class=\"entry-title\">RECUPERATA ESCURSIONISTA AL RIFUGIO VANDELLI<\/h3>\n<\/blockquote>\n<p><strong>CORTINA\u00a0<\/strong>Verso le 15 di ieri l\u2019elicottero del Suem di Pieve di Cadore \u00e8 volato al Rifugio Vandelli, dove era arrivata una 24enne austriaca che si era infortunata salendo lungo il sentiero. La ragazza, che si era procurata un sospetto trauma alla caviglia, \u00e8 stata imbarcata in piazzola, trasportata a valle e trasferita sull\u2019ambulanza diretta al Codivilla.<\/p>\n<p>&nbsp;<\/p>\n<p>&nbsp;<\/p>\n<hr \/>\n<p>&nbsp;<\/p>\n<p>&nbsp;<\/p>\n<blockquote>\n<h2>IL FINE SETTIMANA ALLA RADIO&#8230;l&#8217;articolo piu&#8217; visualizzato nelle ultime 48 ore.<\/h2>\n<\/blockquote>\n<blockquote class=\"wp-embedded-content\" data-secret=\"6urY8WyK79\"><p><a href=\"https:\/\/www.radiopiu.net\/wordpress\/coppia-sfrattata-trova-riparo-temporaneo\/\">Coppia Sfrattata Trova Riparo Temporaneo<\/a><\/p><\/blockquote>\n<p><iframe loading=\"lazy\" class=\"wp-embedded-content\" sandbox=\"allow-scripts\" security=\"restricted\" style=\"position: absolute; clip: rect(1px, 1px, 1px, 1px);\" title=\"&#8220;Coppia Sfrattata Trova Riparo Temporaneo&#8221; &#8212; Radio Pi\u00f9\" src=\"https:\/\/www.radiopiu.net\/wordpress\/coppia-sfrattata-trova-riparo-temporaneo\/embed\/#?secret=LvKGDZB8Ke#?secret=6urY8WyK79\" data-secret=\"6urY8WyK79\" width=\"600\" height=\"338\" frameborder=\"0\" marginwidth=\"0\" marginheight=\"0\" scrolling=\"no\"><\/iframe><\/p>\n<p>&nbsp;<\/p>\n<p>&nbsp;<\/p>\n<p>&nbsp;<\/p>\n<hr \/>\n<p>&nbsp;<\/p>\n<blockquote>\n<h3>MALTEMPO: DANNO ALLO STADIO ALVISE DE TONI DI ALLEGHE<\/h3>\n<\/blockquote>\n<p><strong>ALLEGHE<\/strong> Anche lo stadio Alvise De Toni di Alleghe ha subito i danni dell&#8217;ondata di maltempo di venerd\u00ec sera.<\/p>\n\n\t\t\t<style type='text\/css'>\n\t\t\t\t#gallery-4 {\n\t\t\t\t\tmargin: auto;\n\t\t\t\t}\n\t\t\t\t#gallery-4 .gallery-item {\n\t\t\t\t\tfloat: left;\n\t\t\t\t\tmargin-top: 10px;\n\t\t\t\t\ttext-align: center;\n\t\t\t\t\twidth: 100%;\n\t\t\t\t}\n\t\t\t\t#gallery-4 img {\n\t\t\t\t\tborder: 2px solid #cfcfcf;\n\t\t\t\t}\n\t\t\t\t#gallery-4 .gallery-caption {\n\t\t\t\t\tmargin-left: 0;\n\t\t\t\t}\n\t\t\t\t\/* see gallery_shortcode() in wp-includes\/media.php *\/\n\t\t\t<\/style>\n\t\t<div id='gallery-4' class='dt-gallery-container gallery galleryid-395924 gallery-columns-1 gallery-size-large'><dl class='gallery-item'>\n\t\t\t\t<dt class='gallery-icon landscape'>\n\t\t\t\t\t<a class=\"rollover rollover-zoom dt-pswp-item\" title=\"28fdb7a0-8ca9-46c5-9a52-beee8d8507fc\" data-dt-img-description=\"\" data-large_image_width=\"2000\" data-large_image_height=\"1128\"href='https:\/\/www.radiopiu.net\/wordpress\/wp-content\/uploads\/2024\/06\/28fdb7a0-8ca9-46c5-9a52-beee8d8507fc.jpg'><img loading=\"lazy\" decoding=\"async\" width=\"1024\" height=\"578\" src=\"https:\/\/www.radiopiu.net\/wordpress\/wp-content\/uploads\/2024\/06\/28fdb7a0-8ca9-46c5-9a52-beee8d8507fc-1024x578.jpg\" class=\"attachment-large size-large\" alt=\"\" srcset=\"https:\/\/www.radiopiu.net\/wordpress\/wp-content\/uploads\/2024\/06\/28fdb7a0-8ca9-46c5-9a52-beee8d8507fc-1024x578.jpg 1024w, https:\/\/www.radiopiu.net\/wordpress\/wp-content\/uploads\/2024\/06\/28fdb7a0-8ca9-46c5-9a52-beee8d8507fc-300x169.jpg 300w, https:\/\/www.radiopiu.net\/wordpress\/wp-content\/uploads\/2024\/06\/28fdb7a0-8ca9-46c5-9a52-beee8d8507fc-768x433.jpg 768w, https:\/\/www.radiopiu.net\/wordpress\/wp-content\/uploads\/2024\/06\/28fdb7a0-8ca9-46c5-9a52-beee8d8507fc-1536x866.jpg 1536w, https:\/\/www.radiopiu.net\/wordpress\/wp-content\/uploads\/2024\/06\/28fdb7a0-8ca9-46c5-9a52-beee8d8507fc.jpg 2000w\" sizes=\"auto, (max-width: 1024px) 100vw, 1024px\" \/><\/a>\n\t\t\t\t<\/dt><\/dl><br style=\"clear: both\" \/>\n\t\t\t<\/div>\n\n<p>&nbsp;<\/p>\n<hr \/>\n<p>&nbsp;<\/p>\n<blockquote>\n<h3>CONTINUA LA CONTA DEI DANNI AD ALLEGHE DOPO LA TEMPESTA DI VENERDI SERA<\/h3>\n<\/blockquote>\n<p><strong>ALLEGHE <\/strong>Ad Alleghe, in Via Coldai, una casa \u00e8 stata gravemente danneggiata dalla violenta tempesta che ha colpito la zona venerd\u00ec sera. L&#8217;intera copertura del tetto \u00e8 stata sollevata e portata via dalle forti raffiche di vento, finendo su moto e auto parcheggiate nelle vicinanze, causando ulteriori danni. In Via degli Alpini, un&#8217;altra abitazione ha subito gravi danni, con una delle falde del tetto completamente asportata. Anche il fienile sottostante ha riportato danni significativi alla copertura, peggiorando ulteriormente la situazione.<\/p>\n\n\t\t\t<style type='text\/css'>\n\t\t\t\t#gallery-5 {\n\t\t\t\t\tmargin: auto;\n\t\t\t\t}\n\t\t\t\t#gallery-5 .gallery-item {\n\t\t\t\t\tfloat: left;\n\t\t\t\t\tmargin-top: 10px;\n\t\t\t\t\ttext-align: center;\n\t\t\t\t\twidth: 14%;\n\t\t\t\t}\n\t\t\t\t#gallery-5 img {\n\t\t\t\t\tborder: 2px solid #cfcfcf;\n\t\t\t\t}\n\t\t\t\t#gallery-5 .gallery-caption {\n\t\t\t\t\tmargin-left: 0;\n\t\t\t\t}\n\t\t\t\t\/* see gallery_shortcode() in wp-includes\/media.php *\/\n\t\t\t<\/style>\n\t\t<div id='gallery-5' class='dt-gallery-container gallery galleryid-395924 gallery-columns-7 gallery-size-thumbnail'><dl class='gallery-item'>\n\t\t\t\t<dt class='gallery-icon landscape'>\n\t\t\t\t\t<a class=\"rollover rollover-zoom dt-pswp-item\" title=\"fdb6d089-1508-45a0-b6c4-57fd79686e37\" data-dt-img-description=\"\" data-large_image_width=\"1600\" data-large_image_height=\"1200\"href='https:\/\/www.radiopiu.net\/wordpress\/wp-content\/uploads\/2024\/06\/fdb6d089-1508-45a0-b6c4-57fd79686e37.jpg'><img loading=\"lazy\" decoding=\"async\" width=\"150\" height=\"150\" src=\"https:\/\/www.radiopiu.net\/wordpress\/wp-content\/uploads\/2024\/06\/fdb6d089-1508-45a0-b6c4-57fd79686e37-150x150.jpg\" class=\"attachment-thumbnail size-thumbnail\" alt=\"\" \/><\/a>\n\t\t\t\t<\/dt><\/dl><dl class='gallery-item'>\n\t\t\t\t<dt class='gallery-icon landscape'>\n\t\t\t\t\t<a class=\"rollover rollover-zoom dt-pswp-item\" title=\"1a2cde19-1340-4dd7-abb4-2dcda0725b4a\" data-dt-img-description=\"\" data-large_image_width=\"1600\" data-large_image_height=\"1200\"href='https:\/\/www.radiopiu.net\/wordpress\/wp-content\/uploads\/2024\/06\/1a2cde19-1340-4dd7-abb4-2dcda0725b4a.jpg'><img loading=\"lazy\" decoding=\"async\" width=\"150\" height=\"150\" src=\"https:\/\/www.radiopiu.net\/wordpress\/wp-content\/uploads\/2024\/06\/1a2cde19-1340-4dd7-abb4-2dcda0725b4a-150x150.jpg\" class=\"attachment-thumbnail size-thumbnail\" alt=\"\" \/><\/a>\n\t\t\t\t<\/dt><\/dl><dl class='gallery-item'>\n\t\t\t\t<dt class='gallery-icon landscape'>\n\t\t\t\t\t<a class=\"rollover rollover-zoom dt-pswp-item\" title=\"65b6d10a-782d-4396-9b65-9c8ce14e0be4\" data-dt-img-description=\"\" data-large_image_width=\"1600\" data-large_image_height=\"1200\"href='https:\/\/www.radiopiu.net\/wordpress\/wp-content\/uploads\/2024\/06\/65b6d10a-782d-4396-9b65-9c8ce14e0be4.jpg'><img loading=\"lazy\" decoding=\"async\" width=\"150\" height=\"150\" src=\"https:\/\/www.radiopiu.net\/wordpress\/wp-content\/uploads\/2024\/06\/65b6d10a-782d-4396-9b65-9c8ce14e0be4-150x150.jpg\" class=\"attachment-thumbnail size-thumbnail\" alt=\"\" \/><\/a>\n\t\t\t\t<\/dt><\/dl><dl class='gallery-item'>\n\t\t\t\t<dt class='gallery-icon landscape'>\n\t\t\t\t\t<a class=\"rollover rollover-zoom dt-pswp-item\" title=\"b4ab1e06-9426-4630-915c-7f9bf4876003\" data-dt-img-description=\"\" data-large_image_width=\"1600\" data-large_image_height=\"1200\"href='https:\/\/www.radiopiu.net\/wordpress\/wp-content\/uploads\/2024\/06\/b4ab1e06-9426-4630-915c-7f9bf4876003.jpg'><img loading=\"lazy\" decoding=\"async\" width=\"150\" height=\"150\" src=\"https:\/\/www.radiopiu.net\/wordpress\/wp-content\/uploads\/2024\/06\/b4ab1e06-9426-4630-915c-7f9bf4876003-150x150.jpg\" class=\"attachment-thumbnail size-thumbnail\" alt=\"\" \/><\/a>\n\t\t\t\t<\/dt><\/dl><dl class='gallery-item'>\n\t\t\t\t<dt class='gallery-icon portrait'>\n\t\t\t\t\t<a class=\"rollover rollover-zoom dt-pswp-item\" title=\"01b37455-a53b-4340-81e6-b9b83159a2ae\" data-dt-img-description=\"\" data-large_image_width=\"1128\" data-large_image_height=\"2000\"href='https:\/\/www.radiopiu.net\/wordpress\/wp-content\/uploads\/2024\/06\/01b37455-a53b-4340-81e6-b9b83159a2ae.jpg'><img loading=\"lazy\" decoding=\"async\" width=\"150\" height=\"150\" src=\"https:\/\/www.radiopiu.net\/wordpress\/wp-content\/uploads\/2024\/06\/01b37455-a53b-4340-81e6-b9b83159a2ae-150x150.jpg\" class=\"attachment-thumbnail size-thumbnail\" alt=\"\" \/><\/a>\n\t\t\t\t<\/dt><\/dl><dl class='gallery-item'>\n\t\t\t\t<dt class='gallery-icon landscape'>\n\t\t\t\t\t<a class=\"rollover rollover-zoom dt-pswp-item\" title=\"7eefbd9e-7e45-403c-8cd3-fe4517632d36\" data-dt-img-description=\"\" data-large_image_width=\"1600\" data-large_image_height=\"1200\"href='https:\/\/www.radiopiu.net\/wordpress\/wp-content\/uploads\/2024\/06\/7eefbd9e-7e45-403c-8cd3-fe4517632d36.jpg'><img loading=\"lazy\" decoding=\"async\" width=\"150\" height=\"150\" src=\"https:\/\/www.radiopiu.net\/wordpress\/wp-content\/uploads\/2024\/06\/7eefbd9e-7e45-403c-8cd3-fe4517632d36-150x150.jpg\" class=\"attachment-thumbnail size-thumbnail\" alt=\"\" \/><\/a>\n\t\t\t\t<\/dt><\/dl><dl class='gallery-item'>\n\t\t\t\t<dt class='gallery-icon landscape'>\n\t\t\t\t\t<a class=\"rollover rollover-zoom dt-pswp-item\" title=\"ab41a9e4-80f9-4265-ae2c-f115d45ad1c3\" data-dt-img-description=\"\" data-large_image_width=\"1600\" data-large_image_height=\"1200\"href='https:\/\/www.radiopiu.net\/wordpress\/wp-content\/uploads\/2024\/06\/ab41a9e4-80f9-4265-ae2c-f115d45ad1c3.jpg'><img loading=\"lazy\" decoding=\"async\" width=\"150\" height=\"150\" src=\"https:\/\/www.radiopiu.net\/wordpress\/wp-content\/uploads\/2024\/06\/ab41a9e4-80f9-4265-ae2c-f115d45ad1c3-150x150.jpg\" class=\"attachment-thumbnail size-thumbnail\" alt=\"\" \/><\/a>\n\t\t\t\t<\/dt><\/dl><br style=\"clear: both\" \/>\n\t\t\t<\/div>\n\n<p>&nbsp;<\/p>\n<hr \/>\n<p>&nbsp;<\/p>\n<blockquote>\n<h3><strong style=\"font-size: 14px;\">ALLEGHE <\/strong><span style=\"font-size: 14px; font-weight: normal;\">In riva al lago di Alleghe durante il forte temporale di venerd\u00ec sera.<\/span><\/h3>\n<\/blockquote>\n\n\t\t\t<style type='text\/css'>\n\t\t\t\t#gallery-6 {\n\t\t\t\t\tmargin: auto;\n\t\t\t\t}\n\t\t\t\t#gallery-6 .gallery-item {\n\t\t\t\t\tfloat: left;\n\t\t\t\t\tmargin-top: 10px;\n\t\t\t\t\ttext-align: center;\n\t\t\t\t\twidth: 25%;\n\t\t\t\t}\n\t\t\t\t#gallery-6 img {\n\t\t\t\t\tborder: 2px solid #cfcfcf;\n\t\t\t\t}\n\t\t\t\t#gallery-6 .gallery-caption {\n\t\t\t\t\tmargin-left: 0;\n\t\t\t\t}\n\t\t\t\t\/* see gallery_shortcode() in wp-includes\/media.php *\/\n\t\t\t<\/style>\n\t\t<div id='gallery-6' class='dt-gallery-container gallery galleryid-395924 gallery-columns-4 gallery-size-thumbnail'><dl class='gallery-item'>\n\t\t\t\t<dt class='gallery-icon landscape'>\n\t\t\t\t\t<a class=\"rollover rollover-zoom dt-pswp-item\" title=\"c8700fde-fe7e-4926-9cbf-7ec545e776e0\" data-dt-img-description=\"\" data-large_image_width=\"2048\" data-large_image_height=\"1518\"href='https:\/\/www.radiopiu.net\/wordpress\/wp-content\/uploads\/2024\/06\/c8700fde-fe7e-4926-9cbf-7ec545e776e0.jpg'><img loading=\"lazy\" decoding=\"async\" width=\"150\" height=\"150\" src=\"https:\/\/www.radiopiu.net\/wordpress\/wp-content\/uploads\/2024\/06\/c8700fde-fe7e-4926-9cbf-7ec545e776e0-150x150.jpg\" class=\"attachment-thumbnail size-thumbnail\" alt=\"\" \/><\/a>\n\t\t\t\t<\/dt><\/dl><dl class='gallery-item'>\n\t\t\t\t<dt class='gallery-icon landscape'>\n\t\t\t\t\t<a class=\"rollover rollover-zoom dt-pswp-item\" title=\"a8158c8d-16a5-4355-8d15-ddec54b436f3\" data-dt-img-description=\"\" data-large_image_width=\"2048\" data-large_image_height=\"1518\"href='https:\/\/www.radiopiu.net\/wordpress\/wp-content\/uploads\/2024\/06\/a8158c8d-16a5-4355-8d15-ddec54b436f3.jpg'><img loading=\"lazy\" decoding=\"async\" width=\"150\" height=\"150\" src=\"https:\/\/www.radiopiu.net\/wordpress\/wp-content\/uploads\/2024\/06\/a8158c8d-16a5-4355-8d15-ddec54b436f3-150x150.jpg\" class=\"attachment-thumbnail size-thumbnail\" alt=\"\" \/><\/a>\n\t\t\t\t<\/dt><\/dl><dl class='gallery-item'>\n\t\t\t\t<dt class='gallery-icon landscape'>\n\t\t\t\t\t<a class=\"rollover rollover-zoom dt-pswp-item\" title=\"7a7cbfd2-779e-45c9-a765-cf3614c3a7eb\" data-dt-img-description=\"\" data-large_image_width=\"2048\" data-large_image_height=\"1518\"href='https:\/\/www.radiopiu.net\/wordpress\/wp-content\/uploads\/2024\/06\/7a7cbfd2-779e-45c9-a765-cf3614c3a7eb.jpg'><img loading=\"lazy\" decoding=\"async\" width=\"150\" height=\"150\" src=\"https:\/\/www.radiopiu.net\/wordpress\/wp-content\/uploads\/2024\/06\/7a7cbfd2-779e-45c9-a765-cf3614c3a7eb-150x150.jpg\" class=\"attachment-thumbnail size-thumbnail\" alt=\"\" \/><\/a>\n\t\t\t\t<\/dt><\/dl><dl class='gallery-item'>\n\t\t\t\t<dt class='gallery-icon landscape'>\n\t\t\t\t\t<a class=\"rollover rollover-zoom dt-pswp-item\" title=\"edd5984c-0403-4817-8cff-37633bbffa59\" data-dt-img-description=\"\" data-large_image_width=\"2048\" data-large_image_height=\"1536\"href='https:\/\/www.radiopiu.net\/wordpress\/wp-content\/uploads\/2024\/06\/edd5984c-0403-4817-8cff-37633bbffa59.jpg'><img loading=\"lazy\" decoding=\"async\" width=\"150\" height=\"150\" src=\"https:\/\/www.radiopiu.net\/wordpress\/wp-content\/uploads\/2024\/06\/edd5984c-0403-4817-8cff-37633bbffa59-150x150.jpg\" class=\"attachment-thumbnail size-thumbnail\" alt=\"\" \/><\/a>\n\t\t\t\t<\/dt><\/dl><br style=\"clear: both\" \/>\n\t\t\t<\/div>\n\n<p>&nbsp;<\/p>\n<hr \/>\n<p>&nbsp;<\/p>\n<blockquote>\n<h3>LA SABBIA DEL DESERTO: I PRO E I CONTRO CON IL DOTTOR CESARE DAL BO<\/h3>\n<\/blockquote>\n<p><strong><a class=\"dt-pswp-item\" href=\"https:\/\/www.radiopiu.net\/wordpress\/wp-content\/uploads\/2024\/04\/dr-cesare-dal-bo.jpg\" data-dt-img-description=\"\" data-large_image_width=\"800\" data-large_image_height=\"600\"><img loading=\"lazy\" decoding=\"async\" class=\" wp-image-387374 alignleft\" src=\"https:\/\/www.radiopiu.net\/wordpress\/wp-content\/uploads\/2024\/04\/dr-cesare-dal-bo-300x225.jpg\" alt=\"\" width=\"159\" height=\"119\" srcset=\"https:\/\/www.radiopiu.net\/wordpress\/wp-content\/uploads\/2024\/04\/dr-cesare-dal-bo-300x225.jpg 300w, https:\/\/www.radiopiu.net\/wordpress\/wp-content\/uploads\/2024\/04\/dr-cesare-dal-bo-768x576.jpg 768w, https:\/\/www.radiopiu.net\/wordpress\/wp-content\/uploads\/2024\/04\/dr-cesare-dal-bo.jpg 800w\" sizes=\"auto, (max-width: 159px) 100vw, 159px\" \/><\/a>REDAZIONE<\/strong> Dal Poliambulatorio Agordino il Dottor Cesare Dal Bo. Gli abbiamo chiesto un commento sull&#8217;ultima situazione meteorologica che ha portato delle polveri sottili: la cosiddetta sabbia del deserto<\/p>\n<audio class=\"wp-audio-shortcode\" id=\"audio-395924-6\" preload=\"none\" style=\"width: 100%;\" controls=\"controls\"><source type=\"audio\/mpeg\" src=\"https:\/\/www.radiopiu.net\/wordpress\/wp-content\/uploads\/2024\/06\/DAL-BO-SABBIA.mp3?_=6\" \/><a href=\"https:\/\/www.radiopiu.net\/wordpress\/wp-content\/uploads\/2024\/06\/DAL-BO-SABBIA.mp3\">https:\/\/www.radiopiu.net\/wordpress\/wp-content\/uploads\/2024\/06\/DAL-BO-SABBIA.mp3<\/a><\/audio>\n<p>&nbsp;<\/p>\n<hr \/>\n<p>&nbsp;<\/p>\n<p>&nbsp;<\/p>\n<blockquote>\n<h3><a class=\"dt-pswp-item\" href=\"https:\/\/www.radiopiu.net\/wordpress\/wp-content\/uploads\/2024\/06\/Senza-nome-57.png\" data-dt-img-description=\"\" data-large_image_width=\"267\" data-large_image_height=\"215\"><img loading=\"lazy\" decoding=\"async\" class=\" wp-image-395869 alignleft\" src=\"https:\/\/www.radiopiu.net\/wordpress\/wp-content\/uploads\/2024\/06\/Senza-nome-57.png\" alt=\"\" width=\"153\" height=\"123\" \/><\/a>Infermiere indagato per omicidio colposo<\/h3>\n<\/blockquote>\n<p><strong>FELTRE<\/strong> L&#8217;infermiere dell&#8217;ospedale di Feltre, indagato per l&#8217;omicidio colposo di padre Luigi Bassetto, \u00e8 difeso dall&#8217;avvocato Ferdinando Coppa. Il sacerdote ottantenne, con gravi problemi cardiaci, \u00e8 morto dopo una somministrazione di morfina dieci volte superiore alla dose prescritta. L&#8217;autopsia chiarir\u00e0 le cause del decesso.<\/p>\n<p>&nbsp;<\/p>\n<p>&nbsp;<\/p>\n<hr \/>\n<p>&nbsp;<\/p>\n<p>&nbsp;<\/p>\n<blockquote>\n<h3>L&#8217;ORTO INCLUSIVO A SAN TOMASO<\/h3>\n<\/blockquote>\n<p><strong>SAN TOMASO<\/strong><\/p>\n<p>DI GIANNI SANTOMASO<\/p>\n<audio class=\"wp-audio-shortcode\" id=\"audio-395924-7\" preload=\"none\" style=\"width: 100%;\" controls=\"controls\"><source type=\"audio\/mpeg\" src=\"https:\/\/www.radiopiu.net\/wordpress\/wp-content\/uploads\/2024\/06\/GIANNI-LORTO-INCLUSIVO-A-SAN-TOMASO.mp3?_=7\" \/><a href=\"https:\/\/www.radiopiu.net\/wordpress\/wp-content\/uploads\/2024\/06\/GIANNI-LORTO-INCLUSIVO-A-SAN-TOMASO.mp3\">https:\/\/www.radiopiu.net\/wordpress\/wp-content\/uploads\/2024\/06\/GIANNI-LORTO-INCLUSIVO-A-SAN-TOMASO.mp3<\/a><\/audio>\n<p>&nbsp;<\/p>\n\n\t\t\t<style type='text\/css'>\n\t\t\t\t#gallery-7 {\n\t\t\t\t\tmargin: auto;\n\t\t\t\t}\n\t\t\t\t#gallery-7 .gallery-item {\n\t\t\t\t\tfloat: left;\n\t\t\t\t\tmargin-top: 10px;\n\t\t\t\t\ttext-align: center;\n\t\t\t\t\twidth: 25%;\n\t\t\t\t}\n\t\t\t\t#gallery-7 img {\n\t\t\t\t\tborder: 2px solid #cfcfcf;\n\t\t\t\t}\n\t\t\t\t#gallery-7 .gallery-caption {\n\t\t\t\t\tmargin-left: 0;\n\t\t\t\t}\n\t\t\t\t\/* see gallery_shortcode() in wp-includes\/media.php *\/\n\t\t\t<\/style>\n\t\t<div id='gallery-7' class='dt-gallery-container gallery galleryid-395924 gallery-columns-4 gallery-size-medium'><dl class='gallery-item'>\n\t\t\t\t<dt class='gallery-icon portrait'>\n\t\t\t\t\t<a class=\"rollover rollover-zoom dt-pswp-item\" title=\"a0423463-fef7-408d-8566-6a9b357e3e18\" data-dt-img-description=\"\" data-large_image_width=\"1536\" data-large_image_height=\"2040\"href='https:\/\/www.radiopiu.net\/wordpress\/wp-content\/uploads\/2024\/06\/a0423463-fef7-408d-8566-6a9b357e3e18.jpg'><img loading=\"lazy\" decoding=\"async\" width=\"226\" height=\"300\" src=\"https:\/\/www.radiopiu.net\/wordpress\/wp-content\/uploads\/2024\/06\/a0423463-fef7-408d-8566-6a9b357e3e18-226x300.jpg\" class=\"attachment-medium size-medium\" alt=\"\" srcset=\"https:\/\/www.radiopiu.net\/wordpress\/wp-content\/uploads\/2024\/06\/a0423463-fef7-408d-8566-6a9b357e3e18-226x300.jpg 226w, https:\/\/www.radiopiu.net\/wordpress\/wp-content\/uploads\/2024\/06\/a0423463-fef7-408d-8566-6a9b357e3e18-771x1024.jpg 771w, https:\/\/www.radiopiu.net\/wordpress\/wp-content\/uploads\/2024\/06\/a0423463-fef7-408d-8566-6a9b357e3e18-768x1020.jpg 768w, https:\/\/www.radiopiu.net\/wordpress\/wp-content\/uploads\/2024\/06\/a0423463-fef7-408d-8566-6a9b357e3e18-1157x1536.jpg 1157w, https:\/\/www.radiopiu.net\/wordpress\/wp-content\/uploads\/2024\/06\/a0423463-fef7-408d-8566-6a9b357e3e18.jpg 1536w\" sizes=\"auto, (max-width: 226px) 100vw, 226px\" \/><\/a>\n\t\t\t\t<\/dt><\/dl><dl class='gallery-item'>\n\t\t\t\t<dt class='gallery-icon portrait'>\n\t\t\t\t\t<a class=\"rollover rollover-zoom dt-pswp-item\" title=\"444612c7-35e5-4ff8-987b-8bf969e82fd1\" data-dt-img-description=\"\" data-large_image_width=\"1200\" data-large_image_height=\"1600\"href='https:\/\/www.radiopiu.net\/wordpress\/wp-content\/uploads\/2024\/06\/444612c7-35e5-4ff8-987b-8bf969e82fd1.jpg'><img loading=\"lazy\" decoding=\"async\" width=\"225\" height=\"300\" src=\"https:\/\/www.radiopiu.net\/wordpress\/wp-content\/uploads\/2024\/06\/444612c7-35e5-4ff8-987b-8bf969e82fd1-225x300.jpg\" class=\"attachment-medium size-medium\" alt=\"\" srcset=\"https:\/\/www.radiopiu.net\/wordpress\/wp-content\/uploads\/2024\/06\/444612c7-35e5-4ff8-987b-8bf969e82fd1-225x300.jpg 225w, https:\/\/www.radiopiu.net\/wordpress\/wp-content\/uploads\/2024\/06\/444612c7-35e5-4ff8-987b-8bf969e82fd1-768x1024.jpg 768w, https:\/\/www.radiopiu.net\/wordpress\/wp-content\/uploads\/2024\/06\/444612c7-35e5-4ff8-987b-8bf969e82fd1-1152x1536.jpg 1152w, https:\/\/www.radiopiu.net\/wordpress\/wp-content\/uploads\/2024\/06\/444612c7-35e5-4ff8-987b-8bf969e82fd1.jpg 1200w\" sizes=\"auto, (max-width: 225px) 100vw, 225px\" \/><\/a>\n\t\t\t\t<\/dt><\/dl><dl class='gallery-item'>\n\t\t\t\t<dt class='gallery-icon portrait'>\n\t\t\t\t\t<a class=\"rollover rollover-zoom dt-pswp-item\" title=\"afb73eef-60af-4e82-b45f-57276c9bf723\" data-dt-img-description=\"\" data-large_image_width=\"1500\" data-large_image_height=\"2000\"href='https:\/\/www.radiopiu.net\/wordpress\/wp-content\/uploads\/2024\/06\/afb73eef-60af-4e82-b45f-57276c9bf723.jpg'><img loading=\"lazy\" decoding=\"async\" width=\"225\" height=\"300\" src=\"https:\/\/www.radiopiu.net\/wordpress\/wp-content\/uploads\/2024\/06\/afb73eef-60af-4e82-b45f-57276c9bf723-225x300.jpg\" class=\"attachment-medium size-medium\" alt=\"\" srcset=\"https:\/\/www.radiopiu.net\/wordpress\/wp-content\/uploads\/2024\/06\/afb73eef-60af-4e82-b45f-57276c9bf723-225x300.jpg 225w, https:\/\/www.radiopiu.net\/wordpress\/wp-content\/uploads\/2024\/06\/afb73eef-60af-4e82-b45f-57276c9bf723-768x1024.jpg 768w, https:\/\/www.radiopiu.net\/wordpress\/wp-content\/uploads\/2024\/06\/afb73eef-60af-4e82-b45f-57276c9bf723-1152x1536.jpg 1152w, https:\/\/www.radiopiu.net\/wordpress\/wp-content\/uploads\/2024\/06\/afb73eef-60af-4e82-b45f-57276c9bf723.jpg 1500w\" sizes=\"auto, (max-width: 225px) 100vw, 225px\" \/><\/a>\n\t\t\t\t<\/dt><\/dl><dl class='gallery-item'>\n\t\t\t\t<dt class='gallery-icon portrait'>\n\t\t\t\t\t<a class=\"rollover rollover-zoom dt-pswp-item\" title=\"03fecf53-eb20-4006-84e2-625fda1bc37c\" data-dt-img-description=\"\" data-large_image_width=\"1200\" data-large_image_height=\"1600\"href='https:\/\/www.radiopiu.net\/wordpress\/wp-content\/uploads\/2024\/06\/03fecf53-eb20-4006-84e2-625fda1bc37c.jpg'><img loading=\"lazy\" decoding=\"async\" width=\"225\" height=\"300\" src=\"https:\/\/www.radiopiu.net\/wordpress\/wp-content\/uploads\/2024\/06\/03fecf53-eb20-4006-84e2-625fda1bc37c-225x300.jpg\" class=\"attachment-medium size-medium\" alt=\"\" srcset=\"https:\/\/www.radiopiu.net\/wordpress\/wp-content\/uploads\/2024\/06\/03fecf53-eb20-4006-84e2-625fda1bc37c-225x300.jpg 225w, https:\/\/www.radiopiu.net\/wordpress\/wp-content\/uploads\/2024\/06\/03fecf53-eb20-4006-84e2-625fda1bc37c-768x1024.jpg 768w, https:\/\/www.radiopiu.net\/wordpress\/wp-content\/uploads\/2024\/06\/03fecf53-eb20-4006-84e2-625fda1bc37c-1152x1536.jpg 1152w, https:\/\/www.radiopiu.net\/wordpress\/wp-content\/uploads\/2024\/06\/03fecf53-eb20-4006-84e2-625fda1bc37c.jpg 1200w\" sizes=\"auto, (max-width: 225px) 100vw, 225px\" \/><\/a>\n\t\t\t\t<\/dt><\/dl><br style=\"clear: both\" \/>\n\t\t\t<\/div>\n\n<p>&nbsp;<\/p>\n<p>&nbsp;<\/p>\n<hr \/>\n<p>&nbsp;<\/p>\n<p><strong><a class=\"dt-pswp-item\" href=\"https:\/\/www.radiopiu.net\/wordpress\/wp-content\/uploads\/2024\/01\/POSTE-ITALIANE.png\" data-dt-img-description=\"\" data-large_image_width=\"400\" data-large_image_height=\"400\"><img loading=\"lazy\" decoding=\"async\" class=\" wp-image-370478 alignleft\" src=\"https:\/\/www.radiopiu.net\/wordpress\/wp-content\/uploads\/2024\/01\/POSTE-ITALIANE-300x300.png\" alt=\"\" width=\"127\" height=\"127\" srcset=\"https:\/\/www.radiopiu.net\/wordpress\/wp-content\/uploads\/2024\/01\/POSTE-ITALIANE-300x300.png 300w, https:\/\/www.radiopiu.net\/wordpress\/wp-content\/uploads\/2024\/01\/POSTE-ITALIANE-150x150.png 150w, https:\/\/www.radiopiu.net\/wordpress\/wp-content\/uploads\/2024\/01\/POSTE-ITALIANE.png 400w\" sizes=\"auto, (max-width: 127px) 100vw, 127px\" \/><\/a>L&#8217;UFFICIO POSTALE di Taibon subir\u00e0 interventi di ammodernamento L\u2019ufficio di Taibon Agordino chiuder\u00e0 domani, con uno sportello temporaneo a Voltago dal 27 giugno, mentre gli uffici di Agordo, Cencenighe e La Valle rimarranno disponibili.<\/strong><\/p>\n<p>&nbsp;<\/p>\n<p>&nbsp;<\/p>\n<p>&nbsp;<\/p>\n<hr \/>\n<p>&nbsp;<\/p>\n<blockquote>\n<h3>LA PUBBLICA AMMINISTRAZIONE VENETA PAGA LE PMI IN GRANDE ANTICIPO<\/h3>\n<\/blockquote>\n<p><a class=\"dt-pswp-item\" href=\"https:\/\/www.radiopiu.net\/wordpress\/wp-content\/uploads\/2024\/06\/Schermata-2024-06-22-alle-08.57.11.png\" data-dt-img-description=\"\" data-large_image_width=\"1282\" data-large_image_height=\"1188\"><img loading=\"lazy\" decoding=\"async\" class=\"size-medium wp-image-395925 alignleft\" src=\"https:\/\/www.radiopiu.net\/wordpress\/wp-content\/uploads\/2024\/06\/Schermata-2024-06-22-alle-08.57.11-300x278.png\" alt=\"\" width=\"300\" height=\"278\" srcset=\"https:\/\/www.radiopiu.net\/wordpress\/wp-content\/uploads\/2024\/06\/Schermata-2024-06-22-alle-08.57.11-300x278.png 300w, https:\/\/www.radiopiu.net\/wordpress\/wp-content\/uploads\/2024\/06\/Schermata-2024-06-22-alle-08.57.11-1024x949.png 1024w, https:\/\/www.radiopiu.net\/wordpress\/wp-content\/uploads\/2024\/06\/Schermata-2024-06-22-alle-08.57.11-768x712.png 768w, https:\/\/www.radiopiu.net\/wordpress\/wp-content\/uploads\/2024\/06\/Schermata-2024-06-22-alle-08.57.11.png 1282w\" sizes=\"auto, (max-width: 300px) 100vw, 300px\" \/><\/a>Nel liquidare i propri fornitori, la Pubblica Amministrazione presente in Veneto \u00e8 tra le pi\u00f9 \u201ctempestive\u201d d\u2019Italia, con tempi medi di pagamento nettamente inferiori ai limiti stabiliti per legge. Analizzando l\u2019Indicatore di Tempestivit\u00e0 dei Pagamenti (ITP) della nostra Regione, delle Aziende ospedaliere, delle Province e dei Comuni capoluogo scorgiamo che nel 2023 la pi\u00f9 rapida a liquidare i fornitori \u00e8 stata l\u2019ULSS 4 del Veneto Orientale che l\u2019ha fatto con 40 giorni di anticipo. Tra le Province, invece, spicca il risultato di Verona che ha pagato quasi 26 giorni prima, mentre tra le Amministrazioni comunali capoluogo di provincia la pi\u00f9 virtuosa \u00e8 stata Padova che ha saldato i fornitori con un anticipo di 21,5 giorni. Nel 2023 nessuna delle 25 realt\u00e0 monitorate dall\u2019Ufficio studi della CGIA ha pagato i fornitori in ritardo (vedi Tab. 1).<\/p>\n<p>Di quali fatture ci riferiamo? Di quelle riconducibili ad acquisti, consumi, forniture, manutenzioni, formazione del personale e spese energetiche. Ricordiamo che nel 2023 lo Stato italiano ha sostenuto un costo complessivo di 122 miliardi di euro, ma ancora una volta non \u00e8 riuscito a onorare tutti gli impegni economici presi con i propri fornitori. Se come dicevamo, in Veneto la situazione \u00e8 virtuosa, in altre parti del Paese, invece, non lo \u00e8 affatto; soprattutto nel Mezzogiorno (vedi Tab.2 e Tab.3). I debiti commerciali della nostra Pubblica Amministrazione (PA), infatti, continuano ad ammontare a circa 50 miliardi di euro, un importo che \u00e8 praticamente lo stesso da almeno 5 anni.<\/p>\n<p>Di questi, almeno 5 miliardi, stima l\u2019Ufficio studi della CGIA, sarebbero in capo alle aziende venete.<\/p>\n<p>Come \u00e8 possibile questa situazione se le Amministrazioni pubbliche presenti in Veneto sono cos\u00ec veloci nei pagamenti?<\/p>\n<p><a class=\"dt-pswp-item\" href=\"https:\/\/www.radiopiu.net\/wordpress\/wp-content\/uploads\/2024\/06\/Schermata-2024-06-22-alle-08.58.47.png\" data-dt-img-description=\"\" data-large_image_width=\"1178\" data-large_image_height=\"1552\"><img loading=\"lazy\" decoding=\"async\" class=\"size-medium wp-image-395928 alignleft\" src=\"https:\/\/www.radiopiu.net\/wordpress\/wp-content\/uploads\/2024\/06\/Schermata-2024-06-22-alle-08.58.47-228x300.png\" alt=\"\" width=\"228\" height=\"300\" srcset=\"https:\/\/www.radiopiu.net\/wordpress\/wp-content\/uploads\/2024\/06\/Schermata-2024-06-22-alle-08.58.47-228x300.png 228w, https:\/\/www.radiopiu.net\/wordpress\/wp-content\/uploads\/2024\/06\/Schermata-2024-06-22-alle-08.58.47-777x1024.png 777w, https:\/\/www.radiopiu.net\/wordpress\/wp-content\/uploads\/2024\/06\/Schermata-2024-06-22-alle-08.58.47-768x1012.png 768w, https:\/\/www.radiopiu.net\/wordpress\/wp-content\/uploads\/2024\/06\/Schermata-2024-06-22-alle-08.58.47-1166x1536.png 1166w, https:\/\/www.radiopiu.net\/wordpress\/wp-content\/uploads\/2024\/06\/Schermata-2024-06-22-alle-08.58.47.png 1178w\" sizes=\"auto, (max-width: 228px) 100vw, 228px\" \/><\/a>In primo luogo perch\u00e9 molte aziende venete lavorano anche per grandi aziende pubbliche, ministeri, regioni, ASL o enti locali di altri territori e in secondo luogo perch\u00e8, come ha sottolineato anche la Corte dei Conti in una delle sue ultime relazioni, nelle transazioni commerciali con le aziende private la nostra PA, in particolare al Sud, sta adottando una prassi che definire \u201cdiabolica\u201d \u00e8 forse riduttivo; salda le fatture di importo maggiore entro i termini di legge, mantenendo cos\u00ec l\u2019ITP entro i limiti previsti dalla norma, ma ritarda intenzionalmente il saldo di quelle con importi minori, penalizzando, cos\u00ec, le imprese fornitrici di prestazioni di beni e servizi con volumi bassi; cio\u00e8 le piccole imprese.<\/p>\n<p>Non solo. Da qualche tempo si \u00e8 consolidata una nuova pratica \u201cimposta\u201d da molti dirigenti pubblici, anche di societ\u00e0 collegate alle regioni e agli enti locali, che decidono unilateralmente quando i fornitori devono emettere la fattura. Se questi ultimi non si \u201cattengono\u201d a questa disposizione, lavorare in futuro per questo ente\/societ\u00e0 sar\u00e0 difficile. Dando l\u2019autorizzazione all\u2019emissione della fattura solo quando l\u2019Amministrazione dispone dei soldi per liquidarla, queste strutture pubbliche riescono a \u201crispettare\u201d i tempi di pagamento, \u201caggirando\u201d cos\u00ec le disposizioni previste dalla legge. Una forma di abuso della posizione dominante che risulta essere decisamente \u201cripugnante\u201d.<\/p>\n<p><strong>Su 15 ministeri 9 non rispettano la norma<\/strong><br \/>\nAnche i ministeri italiani faticano a rispettare le disposizioni previste dalla legge in materia di tempi di pagamento riferiti alle transazioni commerciali. L\u2019anno scorso nove ministeri su 15 (vale a dire il 60 per cento del totale) hanno liquidato i propri fornitori in ritardo rispetto alle scadenze contrattuali. Maglia nera il ministero del Turismo con un ritardo di 39,72 giorni. Seguono l\u2019Interno con +33,52, l\u2019Universit\u00e0 e la Ricerca con +32,89 e la Salute con +13,60. Il pi\u00f9 virtuoso, invece, \u00e8 stato il ministero dell\u2019Agricoltura, Sovranit\u00e0 alimentare e Foreste che ha pagato con un anticipo di 17 giorni (vedi Tab. 4).<\/p>\n<p><strong><a class=\"dt-pswp-item\" href=\"https:\/\/www.radiopiu.net\/wordpress\/wp-content\/uploads\/2024\/06\/Schermata-2024-06-22-alle-08.59.27.png\" data-dt-img-description=\"\" data-large_image_width=\"1008\" data-large_image_height=\"1262\"><img loading=\"lazy\" decoding=\"async\" class=\"size-medium wp-image-395927 alignleft\" src=\"https:\/\/www.radiopiu.net\/wordpress\/wp-content\/uploads\/2024\/06\/Schermata-2024-06-22-alle-08.59.27-240x300.png\" alt=\"\" width=\"240\" height=\"300\" srcset=\"https:\/\/www.radiopiu.net\/wordpress\/wp-content\/uploads\/2024\/06\/Schermata-2024-06-22-alle-08.59.27-240x300.png 240w, https:\/\/www.radiopiu.net\/wordpress\/wp-content\/uploads\/2024\/06\/Schermata-2024-06-22-alle-08.59.27-818x1024.png 818w, https:\/\/www.radiopiu.net\/wordpress\/wp-content\/uploads\/2024\/06\/Schermata-2024-06-22-alle-08.59.27-768x962.png 768w, https:\/\/www.radiopiu.net\/wordpress\/wp-content\/uploads\/2024\/06\/Schermata-2024-06-22-alle-08.59.27.png 1008w\" sizes=\"auto, (max-width: 240px) 100vw, 240px\" \/><\/a>L\u2019UE ci ha richiamati pi\u00f9 volte<\/strong><br \/>\nCon la sentenza pubblicata il 28 gennaio 2020, la Corte di Giustizia Europea ha affermato che l\u2019Italia ha violato l\u2019art. 4 della direttiva UE 2011\/7 sui tempi di pagamento nelle transazioni commerciali tra amministrazioni pubbliche e imprese private. Sebbene in questi ultimi anni i ritardi medi con cui vengono saldate le fatture in Italia siano in leggero calo, il 9 giugno 2021 la Commissione Europea ha avviato nei confronti del nostro Paese una nuova procedura di infrazione, sempre per la violazione della direttiva richiamata pi\u00f9 sopra, in relazione al noleggio di apparecchiature per le intercettazioni telefoniche e ambientali nel quadro delle indagini penali. Il 29 settembre 2022, invece, la Commissione ha aggravato la procedura di infrazione nei confronti dell\u2019Italia e, infine, ad aprile 2023, in relazione a u<a class=\"dt-pswp-item\" href=\"https:\/\/www.radiopiu.net\/wordpress\/wp-content\/uploads\/2024\/06\/Schermata-2024-06-22-alle-08.59.39.png\" data-dt-img-description=\"\" data-large_image_width=\"1222\" data-large_image_height=\"1076\"><img loading=\"lazy\" decoding=\"async\" class=\"size-medium wp-image-395926 alignright\" src=\"https:\/\/www.radiopiu.net\/wordpress\/wp-content\/uploads\/2024\/06\/Schermata-2024-06-22-alle-08.59.39-300x264.png\" alt=\"\" width=\"300\" height=\"264\" srcset=\"https:\/\/www.radiopiu.net\/wordpress\/wp-content\/uploads\/2024\/06\/Schermata-2024-06-22-alle-08.59.39-300x264.png 300w, https:\/\/www.radiopiu.net\/wordpress\/wp-content\/uploads\/2024\/06\/Schermata-2024-06-22-alle-08.59.39-1024x902.png 1024w, https:\/\/www.radiopiu.net\/wordpress\/wp-content\/uploads\/2024\/06\/Schermata-2024-06-22-alle-08.59.39-768x676.png 768w, https:\/\/www.radiopiu.net\/wordpress\/wp-content\/uploads\/2024\/06\/Schermata-2024-06-22-alle-08.59.39.png 1222w\" sizes=\"auto, (max-width: 300px) 100vw, 300px\" \/><\/a>na presunta violazione della Direttiva sui pagamenti a carico del sistema sanitario della regione Calabria, ci ha fatto pervenire una lettera di messa in mora.<\/p>\n<p><strong>Consentire la compensazione tra i debiti fiscali e i crediti commerciali<\/strong><br \/>\nPer risolvere questa annosa questione che sta mettendo a dura prova tantissime Pmi, in particolare del Mezzogiorno, per l\u2019Ufficio studi della CGIA c\u2019\u00e8 solo una cosa da fare: prevedere per legge la compensazione secca, diretta e universale tra i crediti certi liquidi ed esigibili maturati da una impresa nei confronti della PA e i debiti fiscali e contributivi che la stessa deve onorare all\u2019erario. Grazie a questo automatismo risolveremmo un problema che ci trasciniamo da decenni che continua a minare la tenuta finanziaria di moltissime micro e piccole imprese.<\/p>\n<p>&nbsp;<\/p>\n<p>&nbsp;<\/p>\n<hr \/>\n<p>&nbsp;<\/p>\n<h2><span style=\"color: #ff0000;\">CONSIGLI COMUNALI IN AGORDINO<\/span><\/h2>\n<p><strong>SAN TOMASO<\/strong> Consiglio comunale oggi alle 20. Saranno 10 i punti da discutere tra cui la convalida degli eletti a sindaco e consiglieri, il giuramento del sindaco Moreno De Val, la nomina degli assessori, l&#8217;elezione della commissione elettorale e la nomina degli assessori e dei rappresentanti in Unione Montana Agordina<\/p>\n<p><strong>ALLEGHE<\/strong> Consiglio comunale domani alle 20:30. Il sindaco Danilo De Toni ha convocato i consiglieri per parlare di 10 punti tra cui il giuramento del sindaco, l&#8217;approvazione delle linee programmatiche, l&#8217;elezione della commissione elettorale e la nomina degli assessori e dei rappresentanti in Unione Montana Agordina<\/p>\n<p><strong>LA VALLE<\/strong> Il sindaco Ezio Zuanel ha convocato il consiglio comunale per domani alle 18:30. Sette punti da discutere tra cui la convalida degli eletti a sindaco e consiglieri, il giuramento del sindaco, l&#8217;elezione della commissione elettorale e la designazione dei rappresentanti del comune presso enti, aziende ed istituzioni<\/p>\n<p><strong>AGORDO<\/strong> Luned\u00ec 1 luglio alle 19 \u00e8 stato convocato il consiglio comunale ad Agordo. Tra gli 8 punti all&#8217;rodine del giorno la convalida degli eletti a sindaco e consiglieri, il giuramento del sindaco Roberto Chissal\u00e8, la nomina degli assessori, l&#8217;elezione della commissione elettorale e la designazione dei rappresentanti del comune presso enti, aziende ed istituzioni<\/p>\n<p>&nbsp;<\/p>\n<hr \/>\n<p>&nbsp;<\/p>\n<blockquote>\n<h3>PRESENTATO UFFICIALMENTE &#8220;PIAN CO LA MALTA&#8221; &#8211; IL NUOVO DISCO DE I TIRATAIE<\/h3>\n<\/blockquote>\n<p><strong><a class=\"dt-pswp-item\" href=\"https:\/\/www.radiopiu.net\/wordpress\/wp-content\/uploads\/2024\/06\/448522112_992866616174203_8332183068326427367_n.jpg\" data-dt-img-description=\"\" data-large_image_width=\"526\" data-large_image_height=\"526\"><img loading=\"lazy\" decoding=\"async\" class=\" wp-image-396144 alignleft\" src=\"https:\/\/www.radiopiu.net\/wordpress\/wp-content\/uploads\/2024\/06\/448522112_992866616174203_8332183068326427367_n-300x300.jpg\" alt=\"\" width=\"160\" height=\"160\" srcset=\"https:\/\/www.radiopiu.net\/wordpress\/wp-content\/uploads\/2024\/06\/448522112_992866616174203_8332183068326427367_n-300x300.jpg 300w, https:\/\/www.radiopiu.net\/wordpress\/wp-content\/uploads\/2024\/06\/448522112_992866616174203_8332183068326427367_n-150x150.jpg 150w, https:\/\/www.radiopiu.net\/wordpress\/wp-content\/uploads\/2024\/06\/448522112_992866616174203_8332183068326427367_n.jpg 526w\" sizes=\"auto, (max-width: 160px) 100vw, 160px\" \/><\/a>CANALE D&#8217;AGORDO<\/strong><\/p>\n<p>DI MARCO V. DAL FARRA<\/p>\n<audio class=\"wp-audio-shortcode\" id=\"audio-395924-8\" preload=\"none\" style=\"width: 100%;\" controls=\"controls\"><source type=\"audio\/mpeg\" src=\"https:\/\/www.radiopiu.net\/wordpress\/wp-content\/uploads\/2024\/06\/MARCO-V-DAL-FARRA-TIRATAIE.mp3?_=8\" \/><a href=\"https:\/\/www.radiopiu.net\/wordpress\/wp-content\/uploads\/2024\/06\/MARCO-V-DAL-FARRA-TIRATAIE.mp3\">https:\/\/www.radiopiu.net\/wordpress\/wp-content\/uploads\/2024\/06\/MARCO-V-DAL-FARRA-TIRATAIE.mp3<\/a><\/audio>\n<p>&nbsp;<\/p>\n<hr \/>\n<p>&nbsp;<\/p>\n<blockquote>\n<h3>IL PRIMO RADUNO DI CIAO A BELLUNO<\/h3>\n<\/blockquote>\n<p><strong>BELLUNO<\/strong><\/p>\n<p>DI SILVIA BALDO<\/p>\n<p><strong>INTERVISTA AD ANDREA BUSETTO, COFONDATORE DEL VINTAGE CLUB CIAO BELLUNO<\/strong><\/p>\n<audio class=\"wp-audio-shortcode\" id=\"audio-395924-9\" preload=\"none\" style=\"width: 100%;\" controls=\"controls\"><source type=\"audio\/mpeg\" src=\"https:\/\/www.radiopiu.net\/wordpress\/wp-content\/uploads\/2024\/06\/SILVIA-BALDO-RADUNO-CIAO-BELLUNO.mp3?_=9\" \/><a href=\"https:\/\/www.radiopiu.net\/wordpress\/wp-content\/uploads\/2024\/06\/SILVIA-BALDO-RADUNO-CIAO-BELLUNO.mp3\">https:\/\/www.radiopiu.net\/wordpress\/wp-content\/uploads\/2024\/06\/SILVIA-BALDO-RADUNO-CIAO-BELLUNO.mp3<\/a><\/audio>\n<p>&nbsp;<\/p>\n\n\t\t\t<style type='text\/css'>\n\t\t\t\t#gallery-8 {\n\t\t\t\t\tmargin: auto;\n\t\t\t\t}\n\t\t\t\t#gallery-8 .gallery-item {\n\t\t\t\t\tfloat: left;\n\t\t\t\t\tmargin-top: 10px;\n\t\t\t\t\ttext-align: center;\n\t\t\t\t\twidth: 25%;\n\t\t\t\t}\n\t\t\t\t#gallery-8 img {\n\t\t\t\t\tborder: 2px solid #cfcfcf;\n\t\t\t\t}\n\t\t\t\t#gallery-8 .gallery-caption {\n\t\t\t\t\tmargin-left: 0;\n\t\t\t\t}\n\t\t\t\t\/* see gallery_shortcode() in wp-includes\/media.php *\/\n\t\t\t<\/style>\n\t\t<div id='gallery-8' class='dt-gallery-container gallery galleryid-395924 gallery-columns-4 gallery-size-medium'><dl class='gallery-item'>\n\t\t\t\t<dt class='gallery-icon landscape'>\n\t\t\t\t\t<a class=\"rollover rollover-zoom dt-pswp-item\" title=\"3a616a55-b34e-4365-a0ad-153a28bf3a16\" data-dt-img-description=\"\" data-large_image_width=\"1001\" data-large_image_height=\"841\"href='https:\/\/www.radiopiu.net\/wordpress\/wp-content\/uploads\/2024\/06\/3a616a55-b34e-4365-a0ad-153a28bf3a16.jpg'><img loading=\"lazy\" decoding=\"async\" width=\"300\" height=\"252\" src=\"https:\/\/www.radiopiu.net\/wordpress\/wp-content\/uploads\/2024\/06\/3a616a55-b34e-4365-a0ad-153a28bf3a16-300x252.jpg\" class=\"attachment-medium size-medium\" alt=\"\" srcset=\"https:\/\/www.radiopiu.net\/wordpress\/wp-content\/uploads\/2024\/06\/3a616a55-b34e-4365-a0ad-153a28bf3a16-300x252.jpg 300w, https:\/\/www.radiopiu.net\/wordpress\/wp-content\/uploads\/2024\/06\/3a616a55-b34e-4365-a0ad-153a28bf3a16-768x645.jpg 768w, https:\/\/www.radiopiu.net\/wordpress\/wp-content\/uploads\/2024\/06\/3a616a55-b34e-4365-a0ad-153a28bf3a16.jpg 1001w\" sizes=\"auto, (max-width: 300px) 100vw, 300px\" \/><\/a>\n\t\t\t\t<\/dt><\/dl><dl class='gallery-item'>\n\t\t\t\t<dt class='gallery-icon landscape'>\n\t\t\t\t\t<a class=\"rollover rollover-zoom dt-pswp-item\" title=\"cd3e736e-eb7b-4aad-8df5-757319b652f6\" data-dt-img-description=\"\" data-large_image_width=\"1080\" data-large_image_height=\"608\"href='https:\/\/www.radiopiu.net\/wordpress\/wp-content\/uploads\/2024\/06\/cd3e736e-eb7b-4aad-8df5-757319b652f6.jpg'><img loading=\"lazy\" decoding=\"async\" width=\"300\" height=\"169\" src=\"https:\/\/www.radiopiu.net\/wordpress\/wp-content\/uploads\/2024\/06\/cd3e736e-eb7b-4aad-8df5-757319b652f6-300x169.jpg\" class=\"attachment-medium size-medium\" alt=\"\" srcset=\"https:\/\/www.radiopiu.net\/wordpress\/wp-content\/uploads\/2024\/06\/cd3e736e-eb7b-4aad-8df5-757319b652f6-300x169.jpg 300w, https:\/\/www.radiopiu.net\/wordpress\/wp-content\/uploads\/2024\/06\/cd3e736e-eb7b-4aad-8df5-757319b652f6-1024x576.jpg 1024w, https:\/\/www.radiopiu.net\/wordpress\/wp-content\/uploads\/2024\/06\/cd3e736e-eb7b-4aad-8df5-757319b652f6-768x432.jpg 768w, https:\/\/www.radiopiu.net\/wordpress\/wp-content\/uploads\/2024\/06\/cd3e736e-eb7b-4aad-8df5-757319b652f6.jpg 1080w\" sizes=\"auto, (max-width: 300px) 100vw, 300px\" \/><\/a>\n\t\t\t\t<\/dt><\/dl><dl class='gallery-item'>\n\t\t\t\t<dt class='gallery-icon landscape'>\n\t\t\t\t\t<a class=\"rollover rollover-zoom dt-pswp-item\" title=\"46414681-e59f-4025-8d13-822c3c7ce4ba\" data-dt-img-description=\"\" data-large_image_width=\"1080\" data-large_image_height=\"608\"href='https:\/\/www.radiopiu.net\/wordpress\/wp-content\/uploads\/2024\/06\/46414681-e59f-4025-8d13-822c3c7ce4ba.jpg'><img loading=\"lazy\" decoding=\"async\" width=\"300\" height=\"169\" src=\"https:\/\/www.radiopiu.net\/wordpress\/wp-content\/uploads\/2024\/06\/46414681-e59f-4025-8d13-822c3c7ce4ba-300x169.jpg\" class=\"attachment-medium size-medium\" alt=\"\" srcset=\"https:\/\/www.radiopiu.net\/wordpress\/wp-content\/uploads\/2024\/06\/46414681-e59f-4025-8d13-822c3c7ce4ba-300x169.jpg 300w, https:\/\/www.radiopiu.net\/wordpress\/wp-content\/uploads\/2024\/06\/46414681-e59f-4025-8d13-822c3c7ce4ba-1024x576.jpg 1024w, https:\/\/www.radiopiu.net\/wordpress\/wp-content\/uploads\/2024\/06\/46414681-e59f-4025-8d13-822c3c7ce4ba-768x432.jpg 768w, https:\/\/www.radiopiu.net\/wordpress\/wp-content\/uploads\/2024\/06\/46414681-e59f-4025-8d13-822c3c7ce4ba.jpg 1080w\" sizes=\"auto, (max-width: 300px) 100vw, 300px\" \/><\/a>\n\t\t\t\t<\/dt><\/dl><dl class='gallery-item'>\n\t\t\t\t<dt class='gallery-icon landscape'>\n\t\t\t\t\t<a class=\"rollover rollover-zoom dt-pswp-item\" title=\"b5f20eb3-1706-4e7f-bdcd-7ae6cfe88332\" data-dt-img-description=\"\" data-large_image_width=\"1080\" data-large_image_height=\"608\"href='https:\/\/www.radiopiu.net\/wordpress\/wp-content\/uploads\/2024\/06\/b5f20eb3-1706-4e7f-bdcd-7ae6cfe88332.jpg'><img loading=\"lazy\" decoding=\"async\" width=\"300\" height=\"169\" src=\"https:\/\/www.radiopiu.net\/wordpress\/wp-content\/uploads\/2024\/06\/b5f20eb3-1706-4e7f-bdcd-7ae6cfe88332-300x169.jpg\" class=\"attachment-medium size-medium\" alt=\"\" srcset=\"https:\/\/www.radiopiu.net\/wordpress\/wp-content\/uploads\/2024\/06\/b5f20eb3-1706-4e7f-bdcd-7ae6cfe88332-300x169.jpg 300w, https:\/\/www.radiopiu.net\/wordpress\/wp-content\/uploads\/2024\/06\/b5f20eb3-1706-4e7f-bdcd-7ae6cfe88332-1024x576.jpg 1024w, https:\/\/www.radiopiu.net\/wordpress\/wp-content\/uploads\/2024\/06\/b5f20eb3-1706-4e7f-bdcd-7ae6cfe88332-768x432.jpg 768w, https:\/\/www.radiopiu.net\/wordpress\/wp-content\/uploads\/2024\/06\/b5f20eb3-1706-4e7f-bdcd-7ae6cfe88332.jpg 1080w\" sizes=\"auto, (max-width: 300px) 100vw, 300px\" \/><\/a>\n\t\t\t\t<\/dt><\/dl><br style=\"clear: both\" \/>\n\t\t\t<\/div>\n\n<p>&nbsp;<\/p>\n<hr \/>\n<p>&nbsp;<\/p>\n<blockquote>\n<h2>CILP e MOSTRA DELL&#8217;ARTIGIANATO<\/h2>\n<\/blockquote>\n<p><strong>FELTRE<\/strong>\u00a0 la Citt\u00e0 di Feltre ospiter\u00e0 la Mostra dell&#8217;Artigianato e il CILP sar\u00e0 presente con il suo gruppo di lettori presso la Chiesa di San Giovanni Nepomuceno in via Paradiso. I Libri Parlanti vi intratterranno con letture nei seguenti orari: \u00a0Venerd\u00ec 28 dalle 16.00 alle 18.00 \u00a0Sabato 29 dalle 10.00 alle 12.00 e dalle 16.00 alle 18.00<br \/>\nDomenica 30 dalle 10.00 alle 12.00 Sar\u00e0 allestita anche una mostra fotografica con la storia dei 40 anni del CILP<br \/>\n<a class=\"dt-pswp-item\" href=\"https:\/\/www.radiopiu.net\/wordpress\/wp-content\/uploads\/2024\/06\/fd2eb428-268e-4255-8a1c-ec356dbcd979.jpg\" data-dt-img-description=\"\" data-large_image_width=\"1080\" data-large_image_height=\"1080\"><img loading=\"lazy\" decoding=\"async\" class=\"size-medium wp-image-395484 aligncenter\" src=\"https:\/\/www.radiopiu.net\/wordpress\/wp-content\/uploads\/2024\/06\/fd2eb428-268e-4255-8a1c-ec356dbcd979-300x300.jpg\" alt=\"\" width=\"300\" height=\"300\" srcset=\"https:\/\/www.radiopiu.net\/wordpress\/wp-content\/uploads\/2024\/06\/fd2eb428-268e-4255-8a1c-ec356dbcd979-300x300.jpg 300w, https:\/\/www.radiopiu.net\/wordpress\/wp-content\/uploads\/2024\/06\/fd2eb428-268e-4255-8a1c-ec356dbcd979-1024x1024.jpg 1024w, https:\/\/www.radiopiu.net\/wordpress\/wp-content\/uploads\/2024\/06\/fd2eb428-268e-4255-8a1c-ec356dbcd979-150x150.jpg 150w, https:\/\/www.radiopiu.net\/wordpress\/wp-content\/uploads\/2024\/06\/fd2eb428-268e-4255-8a1c-ec356dbcd979-768x768.jpg 768w, https:\/\/www.radiopiu.net\/wordpress\/wp-content\/uploads\/2024\/06\/fd2eb428-268e-4255-8a1c-ec356dbcd979.jpg 1080w\" sizes=\"auto, (max-width: 300px) 100vw, 300px\" \/><\/a><\/p>\n<p>&nbsp;<\/p>\n<p>&nbsp;<\/p>\n<p>&nbsp;<\/p>\n<hr \/>\n<blockquote>\n<h3><\/h3>\n<p>&nbsp;<\/p>\n<h3><a class=\"dt-pswp-item\" href=\"https:\/\/www.radiopiu.net\/wordpress\/wp-content\/uploads\/2024\/06\/Senza-nome-62.png\" data-dt-img-description=\"\" data-large_image_width=\"446\" data-large_image_height=\"273\"><img loading=\"lazy\" decoding=\"async\" class=\" wp-image-396202 alignleft\" src=\"https:\/\/www.radiopiu.net\/wordpress\/wp-content\/uploads\/2024\/06\/Senza-nome-62-300x184.png\" alt=\"\" width=\"241\" height=\"148\" srcset=\"https:\/\/www.radiopiu.net\/wordpress\/wp-content\/uploads\/2024\/06\/Senza-nome-62-300x184.png 300w, https:\/\/www.radiopiu.net\/wordpress\/wp-content\/uploads\/2024\/06\/Senza-nome-62.png 446w\" sizes=\"auto, (max-width: 241px) 100vw, 241px\" \/><\/a><\/h3>\n<h3>La particolarit\u00e0 del Palio di Feltre<\/h3>\n<\/blockquote>\n<p><strong>FELTRE<\/strong> Il Palio di Feltre premia non solo il vincitore complessivo delle quattro gare, ma anche i singoli vincitori. Nel 2024, i premi saranno sculture in legno realizzate dall&#8217;artista Antonio Bottegal, riflettendo la tradizione e l&#8217;artigianalit\u00e0 feltrina.<\/p>\n<p>&nbsp;<\/p>\n<p>&nbsp;<\/p>\n<p>&nbsp;<\/p>\n<hr \/>\n<p>&nbsp;<\/p>\n<p><a class=\"dt-pswp-item\" href=\"https:\/\/www.radiopiu.net\/wordpress\/wp-content\/uploads\/2024\/06\/6a884a5b-a4cf-4bb3-a957-2de3050cec0b-1.jpg\" data-dt-img-description=\"\" data-large_image_width=\"1127\" data-large_image_height=\"1600\"><img loading=\"lazy\" decoding=\"async\" class=\"wp-image-395682 aligncenter\" src=\"https:\/\/www.radiopiu.net\/wordpress\/wp-content\/uploads\/2024\/06\/6a884a5b-a4cf-4bb3-a957-2de3050cec0b-1-721x1024.jpg\" alt=\"\" width=\"308\" height=\"437\" srcset=\"https:\/\/www.radiopiu.net\/wordpress\/wp-content\/uploads\/2024\/06\/6a884a5b-a4cf-4bb3-a957-2de3050cec0b-1-721x1024.jpg 721w, https:\/\/www.radiopiu.net\/wordpress\/wp-content\/uploads\/2024\/06\/6a884a5b-a4cf-4bb3-a957-2de3050cec0b-1-211x300.jpg 211w, https:\/\/www.radiopiu.net\/wordpress\/wp-content\/uploads\/2024\/06\/6a884a5b-a4cf-4bb3-a957-2de3050cec0b-1-768x1090.jpg 768w, https:\/\/www.radiopiu.net\/wordpress\/wp-content\/uploads\/2024\/06\/6a884a5b-a4cf-4bb3-a957-2de3050cec0b-1-1082x1536.jpg 1082w, https:\/\/www.radiopiu.net\/wordpress\/wp-content\/uploads\/2024\/06\/6a884a5b-a4cf-4bb3-a957-2de3050cec0b-1.jpg 1127w\" sizes=\"auto, (max-width: 308px) 100vw, 308px\" \/><\/a><\/p>\n<p>&nbsp;<\/p>\n<hr \/>\n<p>&nbsp;<\/p>\n<blockquote>\n<h3>Lamon, Piccoli Scrigni d&#8217;Arte&#8221;: Aperture Estive di Chiese e Museo Civico<\/h3>\n<\/blockquote>\n<p><strong>LAMON<\/strong> Durante luglio e agosto, la chiesa di San Daniele, la Chiesa di San Pietro e il Museo Civico Archeologico di Lamon saranno aperti tutte le domeniche dalle 10 alle 12. Questa iniziativa culturale e turistica, promossa da Comune, parrocchia e Pro Loco lamonese, mira a valorizzare opere d&#8217;arte e reperti archeologici di grande valore artistico e storico. Il museo ospita reperti dalla necropoli romana di San Donato, mentre le chiese conservano opere di artisti veneti e bellunesi del XVI e XVII secolo.<\/p>\n<p>&nbsp;<\/p>\n<p>&nbsp;<\/p>\n<hr \/>\n<p>&nbsp;<\/p>\n<blockquote>\n<h3>Diario di un Sindaco: Vent&#8217;anni di Esperienze e Dedizione<\/h3>\n<\/blockquote>\n<blockquote><p><em>&#8220;uno spaccato interessante della nostra societ\u00e0 e delle vicissitudini amministrative&#8221;.\u00a0<\/em><\/p><\/blockquote>\n<p style=\"padding-left: 40px;\"><strong>ROCCA PIETORE<\/strong><\/p>\n<p><img decoding=\"async\" src=\"https:\/\/www.radiopiu.net\/wordpress\/wp-content\/uploads\/2024\/06\/23cf37c2-45db-4ab5-81e2-738189f8850b.jpg\" \/><\/p>\n<div class=\"flex flex-grow flex-col max-w-full\">\n<div class=\"min-h-[20px] text-message flex flex-col items-start whitespace-pre-wrap break-words [.text-message+&amp;]:mt-5 juice:w-full juice:items-end overflow-x-auto gap-2\" dir=\"auto\" data-message-author-role=\"assistant\" data-message-id=\"eceef8cf-552a-4279-af45-64ad67149b76\">\n<div class=\"flex w-full flex-col gap-1 juice:empty:hidden juice:first:pt-[3px]\">\n<div class=\"markdown prose w-full break-words dark:prose-invert dark\">\n<p>&#8220;Diario di un Sindaco&#8221; di Andrea De Bernardin: Vent&#8217;anni in municipio, quindici da sindaco. Un percorso di vita tra l&#8217;ordinaria amministrazione e eventi straordinari come tempeste, valanghe, frane e confini. Un tributo alla protezione civile e ai volontari che donano il loro tempo prezioso. Ora in distribuzione.<\/p>\n<\/div>\n<\/div>\n<\/div>\n<\/div>\n<div class=\"mt-1 flex gap-3 empty:hidden juice:-ml-3\">\n<div class=\"items-center justify-start rounded-xl p-1 flex\">\n<div class=\"flex items-center\"><\/div>\n<\/div>\n<\/div>\n<p><strong>AUDIO<\/strong><\/p>\n<audio class=\"wp-audio-shortcode\" id=\"audio-395924-10\" preload=\"none\" style=\"width: 100%;\" controls=\"controls\"><source type=\"audio\/mpeg\" src=\"https:\/\/www.radiopiu.net\/wordpress\/wp-content\/uploads\/2024\/06\/DIARIO-DI-UN-SINDACO_BA.mp3?_=10\" \/><a href=\"https:\/\/www.radiopiu.net\/wordpress\/wp-content\/uploads\/2024\/06\/DIARIO-DI-UN-SINDACO_BA.mp3\">https:\/\/www.radiopiu.net\/wordpress\/wp-content\/uploads\/2024\/06\/DIARIO-DI-UN-SINDACO_BA.mp3<\/a><\/audio>\n<p>&nbsp;<\/p>\n<hr \/>\n<p>&nbsp;<\/p>\n<h3>CON IL CAI DI BELLUNO<\/h3>\n<p><strong>BELLUNO<\/strong>\u00a0 Domenica 30 giugno 2024 si terr\u00e0 l&#8217;escursione ai Labirinti della Moiazza. Il ritrovo \u00e8 fissato per le ore 7.00 presso Piazzale Resistenza, con rientro previsto in serata. Il percorso prevede un dislivello in salita di circa 900 metri e un tempo di percorrenza di circa 5 ore, escluse le soste. Iscrizioni online entro il 29 giugno: <a href=\"https:\/\/form.jotform.com\/EscursionismoCaiBL\/Labirinti\" target=\"_new\" rel=\"noreferrer noopener\">link<\/a>.<\/p>\n<p>&nbsp;<\/p>\n<p>&nbsp;<\/p>\n<hr \/>\n<p>&nbsp;<\/p>\n<div class=\"group\/conversation-turn relative flex w-full min-w-0 flex-col agent-turn\">\n<div class=\"flex-col gap-1 md:gap-3\">\n<div class=\"flex flex-grow flex-col max-w-full\">\n<div class=\"min-h-[20px] text-message flex flex-col items-start whitespace-pre-wrap break-words [.text-message+&amp;]:mt-5 juice:w-full juice:items-end overflow-x-auto gap-2\" dir=\"auto\" data-message-author-role=\"assistant\" data-message-id=\"4a5c4845-c2ed-41f1-a9ef-c89b132d2990\">\n<div class=\"flex w-full flex-col gap-1 juice:empty:hidden juice:first:pt-[3px]\">\n<div class=\"markdown prose w-full break-words dark:prose-invert dark\">\n<blockquote><p><strong><em>Consorzio Operatori Turistici Rocca Pietore-Marmolada<\/em><\/strong><\/p><\/blockquote>\n<\/div>\n<\/div>\n<\/div>\n<\/div>\n<\/div>\n<\/div>\n<blockquote>\n<h3><a class=\"dt-pswp-item\" href=\"https:\/\/www.radiopiu.net\/wordpress\/wp-content\/uploads\/2024\/06\/11131783_10153297764504207_3862175969444160978_o.jpg\" data-dt-img-description=\"\" data-large_image_width=\"1477\" data-large_image_height=\"1477\"><img loading=\"lazy\" decoding=\"async\" class=\" wp-image-396204 alignleft\" src=\"https:\/\/www.radiopiu.net\/wordpress\/wp-content\/uploads\/2024\/06\/11131783_10153297764504207_3862175969444160978_o-300x300.jpg\" alt=\"\" width=\"177\" height=\"177\" srcset=\"https:\/\/www.radiopiu.net\/wordpress\/wp-content\/uploads\/2024\/06\/11131783_10153297764504207_3862175969444160978_o-300x300.jpg 300w, https:\/\/www.radiopiu.net\/wordpress\/wp-content\/uploads\/2024\/06\/11131783_10153297764504207_3862175969444160978_o-1024x1024.jpg 1024w, https:\/\/www.radiopiu.net\/wordpress\/wp-content\/uploads\/2024\/06\/11131783_10153297764504207_3862175969444160978_o-150x150.jpg 150w, https:\/\/www.radiopiu.net\/wordpress\/wp-content\/uploads\/2024\/06\/11131783_10153297764504207_3862175969444160978_o-768x768.jpg 768w, https:\/\/www.radiopiu.net\/wordpress\/wp-content\/uploads\/2024\/06\/11131783_10153297764504207_3862175969444160978_o.jpg 1477w\" sizes=\"auto, (max-width: 177px) 100vw, 177px\" \/><\/a>DIMISSIONE POST ELEZIONI&#8230; buon lavoro al Presidente Nesello<\/h3>\n<\/blockquote>\n<p><strong>ROCCA PIETORE<\/strong> <em>&#8220;Morto un Papa&#8230;.&#8221; Visto che Lucia Farenzena ha rassegnato le dimissioni (non avendo gradito il programma turistico del nuovo sindaco) auguriamo buon lavoro a chi invece ha deciso di credere nel paese, nel turismo e perch\u00e9 no, nel &#8220;nuovo&#8221;, bel gruppo di giovani che amministreranno il paese per i prossimi 5 anni e che meritano la fiducia anche per la voglia e l&#8217;impegno che ci hanno messo per\u00a0 la crescita del paese. <\/em><\/p>\n<p><em>Quindi buon lavoro a chi resta sul terrritorio, a Matteo Nesello gi\u00e0 vice presidente e che oggi assume la carica pi\u00f9 importante del Consorzio Operatori Turistici Rocca Pietore-Marmolada<\/em><\/p>\n<p>&nbsp;<\/p>\n<p><em>&#8220;Morto un Papa, se ne fa un altro&#8221; \u00e8 un proverbio italiano che significa che nessuno \u00e8 indispensabile e che, anche se una persona importante o in una posizione di potere lascia il suo posto (per dimissioni, morte o altre cause), verr\u00e0 sempre sostituita da qualcun altro. Il detto sottolinea la continuit\u00e0 e la resilienza delle istituzioni o delle comunit\u00e0, indipendentemente dai cambiamenti nelle persone che le guidano.\u00a0<\/em><\/p>\n<p>&nbsp;<\/p>\n<p>&nbsp;<\/p>\n<p>&nbsp;<\/p>\n<hr \/>\n<blockquote>\n<h3>SAN DOANI, DI JOHN FRANCIS DELLA PIETRA<\/h3>\n<\/blockquote>\n<p><strong><a class=\"dt-pswp-item\" href=\"https:\/\/www.radiopiu.net\/wordpress\/wp-content\/uploads\/2023\/09\/Canale-dAgordo-BL-scaled.jpg\" data-dt-img-description=\"\" data-large_image_width=\"2560\" data-large_image_height=\"1707\"><img loading=\"lazy\" decoding=\"async\" class=\"size-medium wp-image-354164 alignright\" src=\"https:\/\/www.radiopiu.net\/wordpress\/wp-content\/uploads\/2023\/09\/Canale-dAgordo-BL-300x200.jpg\" alt=\"\" width=\"300\" height=\"200\" srcset=\"https:\/\/www.radiopiu.net\/wordpress\/wp-content\/uploads\/2023\/09\/Canale-dAgordo-BL-300x200.jpg 300w, https:\/\/www.radiopiu.net\/wordpress\/wp-content\/uploads\/2023\/09\/Canale-dAgordo-BL-1024x683.jpg 1024w, https:\/\/www.radiopiu.net\/wordpress\/wp-content\/uploads\/2023\/09\/Canale-dAgordo-BL-768x512.jpg 768w, https:\/\/www.radiopiu.net\/wordpress\/wp-content\/uploads\/2023\/09\/Canale-dAgordo-BL-1536x1024.jpg 1536w, https:\/\/www.radiopiu.net\/wordpress\/wp-content\/uploads\/2023\/09\/Canale-dAgordo-BL-2048x1366.jpg 2048w\" sizes=\"auto, (max-width: 300px) 100vw, 300px\" \/><\/a>SAN DOANI<\/strong><\/p>\n<p><em><strong>di John Francis Della Pietra<\/strong><\/em><\/p>\n<p><strong>\u00a0<\/strong><\/p>\n<p><strong>\u00a0<\/strong><\/p>\n<p><strong>\u00a0<\/strong><\/p>\n<p><strong>\u00a0<\/strong><\/p>\n<p><strong>AUDIO<\/strong><\/p>\n<audio class=\"wp-audio-shortcode\" id=\"audio-395924-11\" preload=\"none\" style=\"width: 100%;\" controls=\"controls\"><source type=\"audio\/mpeg\" src=\"https:\/\/www.radiopiu.net\/wordpress\/wp-content\/uploads\/2024\/06\/JOHN-FRANCIS-SAN-DOANI.mp3?_=11\" \/><a href=\"https:\/\/www.radiopiu.net\/wordpress\/wp-content\/uploads\/2024\/06\/JOHN-FRANCIS-SAN-DOANI.mp3\">https:\/\/www.radiopiu.net\/wordpress\/wp-content\/uploads\/2024\/06\/JOHN-FRANCIS-SAN-DOANI.mp3<\/a><\/audio>\n<p>Na festa semper sentida da chi da canal<br \/>\nPar lori e tanti d intorn veramente special<br \/>\nGi\u00e0 calche d\u00ec prima te salta s\u00f9 en sin d emozion<br \/>\nE dale othe anca en poc de magon<br \/>\nA se pens\u00e0 al temp che l \u00e8 stat<br \/>\nE a quant che sto sant el n ha dat<br \/>\nAriane fursi pi\u00f9 puareti<br \/>\nNe lusighea i ocj sol a gir\u00e0 fra i bancheti<br \/>\nPar na otha a l an<br \/>\nPodei spende en scheo par se cjole valch no fea tant dan<br \/>\nChi na fauz chi na pera<br \/>\nEn lenzol o n intimela<br \/>\nO sol par vard\u00e0<br \/>\nE sogn\u00e0<br \/>\nValch de bel sto an che vien da compr\u00e0<br \/>\nE dap\u00f2 quater giostre da spi\u00e0<br \/>\nLe ultime novit\u00e0<br \/>\nLe nove canzon i fea sent\u00ec<br \/>\nChe grandi e popi i sberlea ocj tuta al d\u00ec<br \/>\nLe cadene i aerei i autoscontri<br \/>\nTuti si podea a mont\u00e0 su i era pronti<br \/>\nDap\u00f2 prima n ombrelon<br \/>\nEn seguito l \u00e8 ven\u00f9 el tendon<br \/>\nPar chi del bal che avea pasion<br \/>\nE i biglietti de lotteria che la sera i spetea l estrazion<br \/>\nCon speranza e trepidazion<br \/>\nE anca par chi che avea poc o nia<br \/>\nGhe restea semper par descore davant a na bira la bona compagnia<br \/>\nL era en mucjo da parecj\u00e0<br \/>\nE da slaoraz\u00e0<br \/>\nMa ognun se prestea<br \/>\nParch\u00e8 la festa polito l andea<br \/>\nDe bonora la piaza e d intorn cesa i spazea<br \/>\nTut luster s Doani a messa granda el catea<br \/>\nE cjapada la denedizion<br \/>\nCome da tradizion<br \/>\nI dea a zerc\u00e0 a vede<br \/>\nSe calche doani paghea da beve<br \/>\nAuguri giuani auguri<br \/>\nE i brindisi i era seguri<br \/>\nL \u00e8 pas\u00e0 tanti ani<br \/>\nMa en pie resta encora sta festa de s doani<br \/>\nManco mal<br \/>\nBravi chi da canal&#8230;<\/p>\n<p>&nbsp;<\/p>\n<hr \/>\n<p>&nbsp;<\/p>\n<p>&nbsp;<\/p>\n<blockquote><p><strong><a class=\"dt-pswp-item\" href=\"https:\/\/www.radiopiu.net\/wordpress\/wp-content\/uploads\/2024\/06\/pic-nic-inalto-2.jpg\" data-dt-img-description=\"\" data-large_image_width=\"1200\" data-large_image_height=\"1600\"><img loading=\"lazy\" decoding=\"async\" class=\" wp-image-395685 alignleft\" src=\"https:\/\/www.radiopiu.net\/wordpress\/wp-content\/uploads\/2024\/06\/pic-nic-inalto-2-225x300.jpg\" alt=\"\" width=\"137\" height=\"183\" srcset=\"https:\/\/www.radiopiu.net\/wordpress\/wp-content\/uploads\/2024\/06\/pic-nic-inalto-2-225x300.jpg 225w, https:\/\/www.radiopiu.net\/wordpress\/wp-content\/uploads\/2024\/06\/pic-nic-inalto-2-768x1024.jpg 768w, https:\/\/www.radiopiu.net\/wordpress\/wp-content\/uploads\/2024\/06\/pic-nic-inalto-2-1152x1536.jpg 1152w, https:\/\/www.radiopiu.net\/wordpress\/wp-content\/uploads\/2024\/06\/pic-nic-inalto-2.jpg 1200w\" sizes=\"auto, (max-width: 137px) 100vw, 137px\" \/><\/a>\u201cEL PROSAC\u201d, LA PAUSA GOURMET CON VISTA MOZZAFIATO DEL RIFUGIO INALTO<\/strong><\/p><\/blockquote>\n<p>Nel comprensorio Alpe Lusia\/San Pellegrino, l&#8217;esperienza del digital detox invita a disconnettersi per riconnettersi con la natura. Il rifugio InAlto offre un pic-nic esclusivo in vetta al Col Margherita, a 2.514 m, con piatti stagionali preparati dallo chef Alfio Ghezzi. Accessibile via funivia dal Passo San Pellegrino, il rifugio \u00e8 rinomato per le sue creazioni culinarie, ideali per godersi le Dolomiti in tranquillit\u00e0 e relax, lontano dal trambusto quotidiano.<\/p>\n<p>&nbsp;<\/p>\n<p><em><strong>ALPE LUSIA &#8211; SAN PELLEGRINO: L\u2019ESTATE \u00c8 INIZIATA<\/strong><\/em><\/p>\n<p><em><strong>\u00a0<\/strong><\/em><em>\u00c8 tempo di tornare in vetta nel comprensorio Alpe Lusia\/San Pellegrino. Il 15 giugno hanno aperto gli impianti dell\u2019Alpe Lusia, segnando l\u2019avvio di una stagione estiva ricca di novit\u00e0 soprattutto per chi viaggia in famiglia.<\/em><\/p>\n<p><em>\u00a0Domani<\/em><em> toccher\u00e0 invece alla seggiovia Costabella premere lo start. La Funivia Col Margherita e l\u2019adiacente rifugio InAlto apriranno invece dal 29 giugno. Dal 6 luglio, con l\u2019attivazione degli impianti che collegano Falcade al rifugio Laresei, la stagione estiva prender\u00e0 il via nell\u2019intero arco alpino racchiuso tra la Val di Fassa e la Valle del Biois.\u00a0<\/em><\/p>\n<p>&nbsp;<\/p>\n<p>&nbsp;<\/p>\n<p>&nbsp;<\/p>\n<hr \/>\n<p>&nbsp;<\/p>\n<blockquote>\n<h3>NUOVE OPPORTUNITA&#8217; DI LAVORO PER I GIOVANI BELLUNESI<\/h3>\n<\/blockquote>\n<p><strong><a class=\"dt-pswp-item\" href=\"https:\/\/www.radiopiu.net\/wordpress\/wp-content\/uploads\/2024\/06\/443940785_958206859639658_3735909911788675835_n.jpg\" data-dt-img-description=\"\" data-large_image_width=\"2048\" data-large_image_height=\"1152\"><img loading=\"lazy\" decoding=\"async\" class=\" wp-image-395263 alignleft\" src=\"https:\/\/www.radiopiu.net\/wordpress\/wp-content\/uploads\/2024\/06\/443940785_958206859639658_3735909911788675835_n-300x169.jpg\" alt=\"\" width=\"163\" height=\"92\" srcset=\"https:\/\/www.radiopiu.net\/wordpress\/wp-content\/uploads\/2024\/06\/443940785_958206859639658_3735909911788675835_n-300x169.jpg 300w, https:\/\/www.radiopiu.net\/wordpress\/wp-content\/uploads\/2024\/06\/443940785_958206859639658_3735909911788675835_n-1024x576.jpg 1024w, https:\/\/www.radiopiu.net\/wordpress\/wp-content\/uploads\/2024\/06\/443940785_958206859639658_3735909911788675835_n-768x432.jpg 768w, https:\/\/www.radiopiu.net\/wordpress\/wp-content\/uploads\/2024\/06\/443940785_958206859639658_3735909911788675835_n-1536x864.jpg 1536w, https:\/\/www.radiopiu.net\/wordpress\/wp-content\/uploads\/2024\/06\/443940785_958206859639658_3735909911788675835_n.jpg 2048w\" sizes=\"auto, (max-width: 163px) 100vw, 163px\" \/><\/a>BELLUNO<\/strong> La Regione Veneto, insieme ai partner locali, sta organizzando iniziative per offrire ai giovani delle Dolomiti opportunit\u00e0 di formazione e sviluppo professionale nell&#8217;ambito del progetto &#8220;DAL VIRTUALE AL REALE: I am here for you&#8221;. Il 25 giugno 2024, presso l&#8217;Urban Hub di Belluno, si terr\u00e0 un workshop intensivo sul crowdfunding, dalle 16:30. Organizzato dal Centro Consorzi e parte del progetto Fem Factor Dolomiti, il workshop sar\u00e0 guidato da esperti come Fabrizio De Liberali e Davide Moro. Inoltre, il 31 maggio si svolger\u00e0 un workshop sulla &#8220;Palestra d&#8217;impresa e innovazione sociale&#8221;, focalizzato sulla creazione di spazi per lo sviluppo di competenze imprenditoriali. Questi eventi, finanziati dalla Regione Veneto e organizzati da FORCOOP, mirano a contrastare lo spopolamento delle aree montane favorendo l&#8217;inserimento lavorativo dei giovani. Per partecipare, \u00e8 possibile iscriversi gratuitamente contattando il Centro Consorzi di Belluno.<\/p>\n<p>&nbsp;<\/p>\n<p>&nbsp;<\/p>\n<hr \/>\n<p>&nbsp;<\/p>\n<blockquote>\n<h3>LE ZECCHE IN PROVINCIA DI BELLUNO<\/h3>\n<\/blockquote>\n<p><strong>BELLUNO<\/strong> Il Club Alpino Italiano &#8211; Sezione di Belluno segnala un aumento del rischio di zecche nel territorio. Per informare la popolazione, \u00e8 stata organizzata una conferenza dal titolo &#8220;LE ZECCHE: CONOSCIAMOLE! Come proteggersi e difendersi&#8221;. L&#8217;evento si terr\u00e0 il 26 giugno alle 20:30 presso la Sala Bianchi &#8211; Eliseo Dal Pont, in Viale Fantuzzi n. 11 a Belluno.<\/p>\n<p>&nbsp;<\/p>\n<p>&nbsp;<\/p>\n<hr \/>\n<p>&nbsp;<\/p>\n<blockquote>\n<h3>UN APERTIVO PER PARLARE DI MOBILITA&#8217;<\/h3>\n<\/blockquote>\n<p><strong><a class=\"dt-pswp-item\" href=\"https:\/\/www.radiopiu.net\/wordpress\/wp-content\/uploads\/2024\/06\/SCR-20240617-ljtz.jpeg\" data-dt-img-description=\"\" data-large_image_width=\"1236\" data-large_image_height=\"612\"><img loading=\"lazy\" decoding=\"async\" class=\" wp-image-395148 alignleft\" src=\"https:\/\/www.radiopiu.net\/wordpress\/wp-content\/uploads\/2024\/06\/SCR-20240617-ljtz-300x149.jpeg\" alt=\"\" width=\"207\" height=\"103\" srcset=\"https:\/\/www.radiopiu.net\/wordpress\/wp-content\/uploads\/2024\/06\/SCR-20240617-ljtz-300x149.jpeg 300w, https:\/\/www.radiopiu.net\/wordpress\/wp-content\/uploads\/2024\/06\/SCR-20240617-ljtz-1024x507.jpeg 1024w, https:\/\/www.radiopiu.net\/wordpress\/wp-content\/uploads\/2024\/06\/SCR-20240617-ljtz-768x380.jpeg 768w, https:\/\/www.radiopiu.net\/wordpress\/wp-content\/uploads\/2024\/06\/SCR-20240617-ljtz.jpeg 1236w\" sizes=\"auto, (max-width: 207px) 100vw, 207px\" \/><\/a>BELLUNO<\/strong> Sabato 29 giugno dalle 18 all&#8217;Urban Hub di Belluno si terr\u00e0 un incontro organizzato dall&#8217;associazione Polis Futura sulla mobilit\u00e0 nel Comune di Belluno. Luigi Filippo Daniele, presidente dell&#8217;associazione, introdurr\u00e0 l&#8217;evento, seguito dagli interventi di Luca Frare e Stefano Spadaro che presenteranno il progetto &#8220;Belluno Cycling Strategy&#8221; per incentivare il turismo e la mobilit\u00e0 sostenibile. Si discuteranno i vantaggi del cicloturismo, le infrastrutture necessarie e l&#8217;uso della nuova app &#8220;Trillo&#8221; di Dolomiti Bus per il trasporto pubblico. Giacomo Bocchese, vicepresidente del FabLab, concluder\u00e0 l&#8217;evento, seguito da un aperitivo.<\/p>\n<p>&nbsp;<\/p>\n<p>&nbsp;<\/p>\n<hr \/>\n<p>&nbsp;<\/p>\n<blockquote>\n<h3>I BELUMAT INTERNATIONAL<\/h3>\n<\/blockquote>\n<p><strong>BELLUNO<\/strong> Luned\u00ec 24 giugno alle 11:00, presso la sede dell&#8217;Isbrec, si terr\u00e0 una conferenza stampa per presentare un evento organizzato da Isbrec, Abm, Universit\u00e0 di Padova e Comune di Belluno. L&#8217;evento avr\u00e0 luogo il 28 giugno al teatro &#8220;Buzzati&#8221; di Belluno, con la proiezione del documentario &#8220;I BELUMAT INTERNATIONAL RACCONTATI DA GIORGIO FORNASIER&#8221;, prodotto dall&#8217;Universit\u00e0 di Padova e Isbrec. Alla conferenza stampa parteciperanno Giorgio Fornasier, Mirco Melanco dell&#8217;Universit\u00e0 di Padova ed Enrico Bacchetti.<\/p>\n<p>&nbsp;<\/p>\n<p>&nbsp;<\/p>\n<hr \/>\n<p>&nbsp;<\/p>\n<blockquote>\n<h3>\u201cCANTON SAN PIERO\u201d CON ECHI DI SARDEGNA PER IL CORO MONTI DEL SOLE<\/h3>\n<\/blockquote>\n<p><strong><a class=\"dt-pswp-item\" href=\"https:\/\/www.radiopiu.net\/wordpress\/wp-content\/uploads\/2024\/06\/coro_mds.jpg\" data-dt-img-description=\"\" data-large_image_width=\"1600\" data-large_image_height=\"1200\"><img loading=\"lazy\" decoding=\"async\" class=\" wp-image-395277 alignleft\" src=\"https:\/\/www.radiopiu.net\/wordpress\/wp-content\/uploads\/2024\/06\/coro_mds-300x225.jpg\" alt=\"\" width=\"185\" height=\"139\" srcset=\"https:\/\/www.radiopiu.net\/wordpress\/wp-content\/uploads\/2024\/06\/coro_mds-300x225.jpg 300w, https:\/\/www.radiopiu.net\/wordpress\/wp-content\/uploads\/2024\/06\/coro_mds-1024x768.jpg 1024w, https:\/\/www.radiopiu.net\/wordpress\/wp-content\/uploads\/2024\/06\/coro_mds-768x576.jpg 768w, https:\/\/www.radiopiu.net\/wordpress\/wp-content\/uploads\/2024\/06\/coro_mds-1536x1152.jpg 1536w, https:\/\/www.radiopiu.net\/wordpress\/wp-content\/uploads\/2024\/06\/coro_mds.jpg 1600w\" sizes=\"auto, (max-width: 185px) 100vw, 185px\" \/><\/a>SOSPIRILO\u00a0<\/strong>La chiesa dei Santi Pietro e Paolo di Sospirolo ospiter\u00e0 sabato 29 giugno alle 20:45 il concerto &#8220;Canton San Piero&#8221; del Coro Monti del Sole, diretto da Luca Lotto. L&#8217;evento, organizzato dal coro di Sedico, avr\u00e0 come ospite il Coro S\u2019Arrodia di Sinnai, diretto da Maurizio Boassa. Fondato nel 2007, S\u2019Arrodia ha gi\u00e0 ospitato Monti del Sole nel 2010 durante la rassegna &#8220;Is duas columbas&#8221;. L&#8217;organizzazione dell&#8217;evento, guidata dal presidente Stefano Colle, accoglier\u00e0 i coristi sardi dal 28 giugno al 1\u00b0 luglio, con visite a diverse attrazioni del Bellunese. Inoltre, il 30 giugno si terr\u00e0 un concerto alla sala polifunzionale La Tappa di Valle di Cadore, con il Coro Rualan e S\u2019Arrodia.<\/p>\n<p>&nbsp;<\/p>\n<p>&nbsp;<\/p>\n<hr \/>\n<p>&nbsp;<\/p>\n<blockquote>\n<h2>Concerto Commemorativo per il 250\u00b0 Anniversario della Guardia di Finanza<\/h2>\n<\/blockquote>\n<p><strong><a class=\"dt-pswp-item\" href=\"https:\/\/www.radiopiu.net\/wordpress\/wp-content\/uploads\/2024\/06\/Senza-nome-52.png\" data-dt-img-description=\"\" data-large_image_width=\"132\" data-large_image_height=\"160\"><img loading=\"lazy\" decoding=\"async\" class=\"size-full wp-image-395674 alignleft\" src=\"https:\/\/www.radiopiu.net\/wordpress\/wp-content\/uploads\/2024\/06\/Senza-nome-52.png\" alt=\"\" width=\"132\" height=\"160\" \/><\/a>BELLUNO\u00a0<\/strong> In occasione del 250\u00b0 anniversario della Fondazione del Corpo della Guardia di Finanza, si terr\u00e0 un concerto commemorativo,\u00a0 gioved\u00ec 27 giugno alle\u00a0 20 presso il Palazzo dei Rettori, sede della Prefettura di Belluno. L&#8217;evento nel ricordo di Martina Bonavera, vedr\u00e0 la partecipazione del Coro della Guardia di Finanza di Belluno, accompagnato dall\u2019Ensemble dei maestri Claudio Montafia (flauto), Mara Comelato (flauto) e Orazio Longo (pianoforte). L&#8217;evento ha come\u00a0 obiettivo\u00a0 raccogliere fondi per l&#8217;associazione benefica dedicata a Martina Bonavera. L&#8217;ingresso \u00e8 ad offerta libera e la prenotazione \u00e8 obbligatoria tramite email a <a rel=\"noreferrer\">bl0500009@gdf.it<\/a>. Questo evento non solo celebra un&#8217;importante pietra miliare nella storia della Guardia di Finanza, ma unisce la comunit\u00e0 in un gesto di solidariet\u00e0 e commemorazione. I fondi raccolti contribuiranno a sostenere le attivit\u00e0 dell&#8217;Associazione Martina Bonavera, impegno anche della Guardia di Finanza nel supporto alle cause sociali e umanitarie.<\/p>\n<p>&nbsp;<\/p>\n<p><a class=\"dt-pswp-item\" href=\"https:\/\/www.radiopiu.net\/wordpress\/wp-content\/uploads\/2024\/06\/Senza-nome-51.png\" data-dt-img-description=\"\" data-large_image_width=\"773\" data-large_image_height=\"344\"><img loading=\"lazy\" decoding=\"async\" class=\"alignnone wp-image-395673 size-full\" src=\"https:\/\/www.radiopiu.net\/wordpress\/wp-content\/uploads\/2024\/06\/Senza-nome-51.png\" alt=\"\" width=\"773\" height=\"344\" srcset=\"https:\/\/www.radiopiu.net\/wordpress\/wp-content\/uploads\/2024\/06\/Senza-nome-51.png 773w, https:\/\/www.radiopiu.net\/wordpress\/wp-content\/uploads\/2024\/06\/Senza-nome-51-300x134.png 300w, https:\/\/www.radiopiu.net\/wordpress\/wp-content\/uploads\/2024\/06\/Senza-nome-51-768x342.png 768w\" sizes=\"auto, (max-width: 773px) 100vw, 773px\" \/><\/a><\/p>\n<p>&nbsp;<\/p>\n<p>&nbsp;<\/p>\n<p>&nbsp;<\/p>\n<p>&nbsp;<\/p>\n<hr \/>\n<p>&nbsp;<\/p>\n<h2><span style=\"color: #ff6600;\">ALLA RADIO<\/span><\/h2>\n<h2><span style=\"color: #339966;\">LA RASSEGNA STAMPA DA L&#8217;AMICO DEL POPOLO<\/span><\/h2>\n<p><strong><a class=\"dt-pswp-item\" href=\"https:\/\/www.radiopiu.net\/wordpress\/wp-content\/uploads\/2024\/06\/GIACOMO-BRESSAN.jpg\" data-dt-img-description=\"\" data-large_image_width=\"395\" data-large_image_height=\"395\"><img loading=\"lazy\" decoding=\"async\" class=\" wp-image-394481 alignleft\" src=\"https:\/\/www.radiopiu.net\/wordpress\/wp-content\/uploads\/2024\/06\/GIACOMO-BRESSAN-300x300.jpg\" alt=\"\" width=\"146\" height=\"146\" srcset=\"https:\/\/www.radiopiu.net\/wordpress\/wp-content\/uploads\/2024\/06\/GIACOMO-BRESSAN-300x300.jpg 300w, https:\/\/www.radiopiu.net\/wordpress\/wp-content\/uploads\/2024\/06\/GIACOMO-BRESSAN-150x150.jpg 150w, https:\/\/www.radiopiu.net\/wordpress\/wp-content\/uploads\/2024\/06\/GIACOMO-BRESSAN.jpg 395w\" sizes=\"auto, (max-width: 146px) 100vw, 146px\" \/><\/a>DI GIANNI SANTOMASO<\/strong><\/p>\n<p>OSPITE: Giacomo Bressan, presidente della Pro Loco Rivamonte<\/p>\n<audio class=\"wp-audio-shortcode\" id=\"audio-395924-12\" preload=\"none\" style=\"width: 100%;\" controls=\"controls\"><source type=\"audio\/mpeg\" src=\"https:\/\/www.radiopiu.net\/wordpress\/wp-content\/uploads\/2024\/06\/rassegna-gianni-per-sito.mp3?_=12\" \/><a href=\"https:\/\/www.radiopiu.net\/wordpress\/wp-content\/uploads\/2024\/06\/rassegna-gianni-per-sito.mp3\">https:\/\/www.radiopiu.net\/wordpress\/wp-content\/uploads\/2024\/06\/rassegna-gianni-per-sito.mp3<\/a><\/audio>\n<p>&nbsp;<\/p>\n<h2><span style=\"color: #33cccc;\">DUE MINUTI PER TE<\/span><\/h2>\n<p><strong><a class=\"dt-pswp-item\" href=\"https:\/\/www.radiopiu.net\/wordpress\/wp-content\/uploads\/2020\/12\/DON-GIORGIO-LISE.jpg\" data-dt-img-description=\"\" data-large_image_width=\"1600\" data-large_image_height=\"901\"><img loading=\"lazy\" decoding=\"async\" class=\" wp-image-177420 alignleft\" src=\"https:\/\/www.radiopiu.net\/wordpress\/wp-content\/uploads\/2020\/12\/DON-GIORGIO-LISE-300x169.jpg\" alt=\"\" width=\"186\" height=\"105\" srcset=\"https:\/\/www.radiopiu.net\/wordpress\/wp-content\/uploads\/2020\/12\/DON-GIORGIO-LISE-300x169.jpg 300w, https:\/\/www.radiopiu.net\/wordpress\/wp-content\/uploads\/2020\/12\/DON-GIORGIO-LISE-1024x577.jpg 1024w, https:\/\/www.radiopiu.net\/wordpress\/wp-content\/uploads\/2020\/12\/DON-GIORGIO-LISE-768x432.jpg 768w, https:\/\/www.radiopiu.net\/wordpress\/wp-content\/uploads\/2020\/12\/DON-GIORGIO-LISE-1536x865.jpg 1536w, https:\/\/www.radiopiu.net\/wordpress\/wp-content\/uploads\/2020\/12\/DON-GIORGIO-LISE.jpg 1600w\" sizes=\"auto, (max-width: 186px) 100vw, 186px\" \/><\/a>APPUNTAMENTO DELLA DOMENICA CON IL PENSIERO DI MONSIGNOR GIORGIO LISE<\/strong><\/p>\n<audio class=\"wp-audio-shortcode\" id=\"audio-395924-13\" preload=\"none\" style=\"width: 100%;\" controls=\"controls\"><source type=\"audio\/mpeg\" src=\"https:\/\/www.radiopiu.net\/wordpress\/wp-content\/uploads\/2024\/06\/DON-GIORGIO-4.mp3?_=13\" \/><a href=\"https:\/\/www.radiopiu.net\/wordpress\/wp-content\/uploads\/2024\/06\/DON-GIORGIO-4.mp3\">https:\/\/www.radiopiu.net\/wordpress\/wp-content\/uploads\/2024\/06\/DON-GIORGIO-4.mp3<\/a><\/audio>\n<p>&nbsp;<\/p>\n<p>&nbsp;<\/p>\n<blockquote class=\"wp-embedded-content\" data-secret=\"n6N6dTcFtG\"><p><a href=\"https:\/\/www.radiopiu.net\/wordpress\/piu-siamo-con-marina-settimana-dal-17-al-21-giugno-2024\/\">PIU&#8217; SIAMO&#8230;CON MARINA &#8211; SETTIMANA DAL 17 AL 21 GIUGNO 2024<\/a><\/p><\/blockquote>\n<p><iframe loading=\"lazy\" class=\"wp-embedded-content\" sandbox=\"allow-scripts\" security=\"restricted\" style=\"position: absolute; clip: rect(1px, 1px, 1px, 1px);\" title=\"&#8220;PIU&#8217; SIAMO&#8230;CON MARINA &#8211; SETTIMANA DAL 17 AL 21 GIUGNO 2024&#8221; &#8212; Radio Pi\u00f9\" src=\"https:\/\/www.radiopiu.net\/wordpress\/piu-siamo-con-marina-settimana-dal-17-al-21-giugno-2024\/embed\/#?secret=KoEgPMuaLn#?secret=n6N6dTcFtG\" data-secret=\"n6N6dTcFtG\" width=\"600\" height=\"338\" frameborder=\"0\" marginwidth=\"0\" marginheight=\"0\" scrolling=\"no\"><\/iframe><\/p>\n<p>&nbsp;<\/p>\n<h2><span style=\"color: #ffcc00;\">GOODBYE BY BICICLE&#8230;UN VIAGGIO DALL&#8217;INDIA A SEREN DEL GRAPPA IN BICICLETTA<\/span><\/h2>\n<p><span style=\"color: #ff0000;\"><strong>PUNTATA 19 &#8211; LA BELLEZZA DEL TIBET TRA LE CIME PIU&#8217; ALTE DEL MONDO<\/strong><\/span><\/p>\n<audio class=\"wp-audio-shortcode\" id=\"audio-395924-14\" preload=\"none\" style=\"width: 100%;\" controls=\"controls\"><source type=\"audio\/mpeg\" src=\"https:\/\/www.radiopiu.net\/wordpress\/wp-content\/uploads\/2024\/06\/AIRE-INDIA-PUNTATA-19.mp3?_=14\" \/><a href=\"https:\/\/www.radiopiu.net\/wordpress\/wp-content\/uploads\/2024\/06\/AIRE-INDIA-PUNTATA-19.mp3\">https:\/\/www.radiopiu.net\/wordpress\/wp-content\/uploads\/2024\/06\/AIRE-INDIA-PUNTATA-19.mp3<\/a><\/audio>\n<p>&nbsp;<\/p>\n\n\t\t\t<style type='text\/css'>\n\t\t\t\t#gallery-9 {\n\t\t\t\t\tmargin: auto;\n\t\t\t\t}\n\t\t\t\t#gallery-9 .gallery-item {\n\t\t\t\t\tfloat: left;\n\t\t\t\t\tmargin-top: 10px;\n\t\t\t\t\ttext-align: center;\n\t\t\t\t\twidth: 20%;\n\t\t\t\t}\n\t\t\t\t#gallery-9 img {\n\t\t\t\t\tborder: 2px solid #cfcfcf;\n\t\t\t\t}\n\t\t\t\t#gallery-9 .gallery-caption {\n\t\t\t\t\tmargin-left: 0;\n\t\t\t\t}\n\t\t\t\t\/* see gallery_shortcode() in wp-includes\/media.php *\/\n\t\t\t<\/style>\n\t\t<div id='gallery-9' class='dt-gallery-container gallery galleryid-395924 gallery-columns-5 gallery-size-thumbnail'><dl class='gallery-item'>\n\t\t\t\t<dt class='gallery-icon landscape'>\n\t\t\t\t\t<a class=\"rollover rollover-zoom dt-pswp-item\" title=\"730fa4d4-046b-47e1-8e4b-2f58f529267e\" data-dt-img-description=\"\" data-large_image_width=\"1600\" data-large_image_height=\"1200\"href='https:\/\/www.radiopiu.net\/wordpress\/wp-content\/uploads\/2024\/06\/730fa4d4-046b-47e1-8e4b-2f58f529267e.jpg'><img loading=\"lazy\" decoding=\"async\" width=\"150\" height=\"150\" src=\"https:\/\/www.radiopiu.net\/wordpress\/wp-content\/uploads\/2024\/06\/730fa4d4-046b-47e1-8e4b-2f58f529267e-150x150.jpg\" class=\"attachment-thumbnail size-thumbnail\" alt=\"\" \/><\/a>\n\t\t\t\t<\/dt><\/dl><dl class='gallery-item'>\n\t\t\t\t<dt class='gallery-icon portrait'>\n\t\t\t\t\t<a class=\"rollover rollover-zoom dt-pswp-item\" title=\"f4f388c7-5649-4f72-b745-10f75dff6374\" data-dt-img-description=\"\" data-large_image_width=\"1143\" data-large_image_height=\"1600\"href='https:\/\/www.radiopiu.net\/wordpress\/wp-content\/uploads\/2024\/06\/f4f388c7-5649-4f72-b745-10f75dff6374.jpg'><img loading=\"lazy\" decoding=\"async\" width=\"150\" height=\"150\" src=\"https:\/\/www.radiopiu.net\/wordpress\/wp-content\/uploads\/2024\/06\/f4f388c7-5649-4f72-b745-10f75dff6374-150x150.jpg\" class=\"attachment-thumbnail size-thumbnail\" alt=\"\" \/><\/a>\n\t\t\t\t<\/dt><\/dl><dl class='gallery-item'>\n\t\t\t\t<dt class='gallery-icon landscape'>\n\t\t\t\t\t<a class=\"rollover rollover-zoom dt-pswp-item\" title=\"3e4c45c7-0118-4463-b7eb-250ed9d55541\" data-dt-img-description=\"\" data-large_image_width=\"2000\" data-large_image_height=\"1500\"href='https:\/\/www.radiopiu.net\/wordpress\/wp-content\/uploads\/2024\/06\/3e4c45c7-0118-4463-b7eb-250ed9d55541.jpg'><img loading=\"lazy\" decoding=\"async\" width=\"150\" height=\"150\" src=\"https:\/\/www.radiopiu.net\/wordpress\/wp-content\/uploads\/2024\/06\/3e4c45c7-0118-4463-b7eb-250ed9d55541-150x150.jpg\" class=\"attachment-thumbnail size-thumbnail\" alt=\"\" \/><\/a>\n\t\t\t\t<\/dt><\/dl><dl class='gallery-item'>\n\t\t\t\t<dt class='gallery-icon landscape'>\n\t\t\t\t\t<a class=\"rollover rollover-zoom dt-pswp-item\" title=\"743db94b-167e-400d-9a51-46a3ab49b4c7\" data-dt-img-description=\"\" data-large_image_width=\"1600\" data-large_image_height=\"1200\"href='https:\/\/www.radiopiu.net\/wordpress\/wp-content\/uploads\/2024\/06\/743db94b-167e-400d-9a51-46a3ab49b4c7.jpg'><img loading=\"lazy\" decoding=\"async\" width=\"150\" height=\"150\" src=\"https:\/\/www.radiopiu.net\/wordpress\/wp-content\/uploads\/2024\/06\/743db94b-167e-400d-9a51-46a3ab49b4c7-150x150.jpg\" class=\"attachment-thumbnail size-thumbnail\" alt=\"\" \/><\/a>\n\t\t\t\t<\/dt><\/dl><dl class='gallery-item'>\n\t\t\t\t<dt class='gallery-icon landscape'>\n\t\t\t\t\t<a class=\"rollover rollover-zoom dt-pswp-item\" title=\"ad263c0a-17ff-4897-bd8d-24176612563e\" data-dt-img-description=\"\" data-large_image_width=\"1600\" data-large_image_height=\"1200\"href='https:\/\/www.radiopiu.net\/wordpress\/wp-content\/uploads\/2024\/06\/ad263c0a-17ff-4897-bd8d-24176612563e.jpg'><img loading=\"lazy\" decoding=\"async\" width=\"150\" height=\"150\" src=\"https:\/\/www.radiopiu.net\/wordpress\/wp-content\/uploads\/2024\/06\/ad263c0a-17ff-4897-bd8d-24176612563e-150x150.jpg\" class=\"attachment-thumbnail size-thumbnail\" alt=\"\" \/><\/a>\n\t\t\t\t<\/dt><\/dl><br style=\"clear: both\" \/>\n\t\t\t<\/div>\n\n<p>&nbsp;<\/p>\n<hr \/>\n<p>&nbsp;<\/p>\n<h2><span style=\"color: #ff0000;\">DAL SITO DI RADIO PIU&#8230; ALCUNI PODCAST, I PIU&#8217; VISUALIZZATI NELLA SETTIMANA&#8230;\u00a0<\/span><\/h2>\n<blockquote class=\"wp-embedded-content\" data-secret=\"dIoDdTpUmz\"><p><a href=\"https:\/\/www.radiopiu.net\/wordpress\/biblioteca-del-territorio-i-podcast-di-radiopiu\/\">BIBLIOTECA DEL TERRITORIO&#8230; I PODCAST DI RADIOPIU<\/a><\/p><\/blockquote>\n<p><iframe loading=\"lazy\" class=\"wp-embedded-content\" sandbox=\"allow-scripts\" security=\"restricted\" style=\"position: absolute; clip: rect(1px, 1px, 1px, 1px);\" title=\"&#8220;BIBLIOTECA DEL TERRITORIO&#8230; I PODCAST DI RADIOPIU&#8221; &#8212; Radio Pi\u00f9\" src=\"https:\/\/www.radiopiu.net\/wordpress\/biblioteca-del-territorio-i-podcast-di-radiopiu\/embed\/#?secret=wvEuaHXAEJ#?secret=dIoDdTpUmz\" data-secret=\"dIoDdTpUmz\" width=\"600\" height=\"338\" frameborder=\"0\" marginwidth=\"0\" marginheight=\"0\" scrolling=\"no\"><\/iframe><\/p>\n<p>&nbsp;<\/p>\n<blockquote class=\"wp-embedded-content\" data-secret=\"ynJSBYS6lz\"><p><a href=\"https:\/\/www.radiopiu.net\/wordpress\/lad08aaaa\/\">&#8220;NCONTONSE&#8221; IN LADINO SU RADIO PI\u00d9<\/a><\/p><\/blockquote>\n<p><iframe loading=\"lazy\" class=\"wp-embedded-content\" sandbox=\"allow-scripts\" security=\"restricted\" style=\"position: absolute; clip: rect(1px, 1px, 1px, 1px);\" title=\"&#8220;&#8220;NCONTONSE&#8221; IN LADINO SU RADIO PI\u00d9&#8221; &#8212; Radio Pi\u00f9\" src=\"https:\/\/www.radiopiu.net\/wordpress\/lad08aaaa\/embed\/#?secret=Dth0hepUb4#?secret=ynJSBYS6lz\" data-secret=\"ynJSBYS6lz\" width=\"600\" height=\"338\" frameborder=\"0\" marginwidth=\"0\" marginheight=\"0\" scrolling=\"no\"><\/iframe><\/p>\n<p>&nbsp;<\/p>\n<p>&nbsp;<\/p>\n<hr \/>\n<p>&nbsp;<\/p>\n<blockquote class=\"wp-embedded-content\" data-secret=\"sMcsZ9vqgr\"><p><a href=\"https:\/\/www.radiopiu.net\/wordpress\/set3a\/\">EL BAL DEL FIOR, DETTI E MODI DI DIRE  LA RACCOLTA COMPLETA<\/a><\/p><\/blockquote>\n<p><iframe loading=\"lazy\" class=\"wp-embedded-content\" sandbox=\"allow-scripts\" security=\"restricted\" style=\"position: absolute; clip: rect(1px, 1px, 1px, 1px);\" title=\"&#8220;EL BAL DEL FIOR, DETTI E MODI DI DIRE  LA RACCOLTA COMPLETA&#8221; &#8212; Radio Pi\u00f9\" src=\"https:\/\/www.radiopiu.net\/wordpress\/set3a\/embed\/#?secret=Z0MgyQzR6J#?secret=sMcsZ9vqgr\" data-secret=\"sMcsZ9vqgr\" width=\"600\" height=\"338\" frameborder=\"0\" marginwidth=\"0\" marginheight=\"0\" scrolling=\"no\"><\/iframe><\/p>\n<p>&nbsp;<\/p>\n<p>&nbsp;<\/p>\n<p>&nbsp;<\/p>\n<p>&nbsp;<\/p>\n<hr \/>\n<p>&nbsp;<\/p>\n<h2><span style=\"color: #ff0000;\"><a class=\"dt-pswp-item\" href=\"https:\/\/www.radiopiu.net\/wordpress\/wp-content\/uploads\/2018\/09\/appuntamenti.jpeg\" data-dt-img-description=\"\" data-large_image_width=\"800\" data-large_image_height=\"100\"><img loading=\"lazy\" decoding=\"async\" class=\"wp-image-61958 size-full aligncenter\" src=\"https:\/\/www.radiopiu.net\/wordpress\/wp-content\/uploads\/2018\/09\/appuntamenti.jpeg\" alt=\"\" width=\"800\" height=\"100\" srcset=\"https:\/\/www.radiopiu.net\/wordpress\/wp-content\/uploads\/2018\/09\/appuntamenti.jpeg 800w, https:\/\/www.radiopiu.net\/wordpress\/wp-content\/uploads\/2018\/09\/appuntamenti-300x38.jpeg 300w, https:\/\/www.radiopiu.net\/wordpress\/wp-content\/uploads\/2018\/09\/appuntamenti-768x96.jpeg 768w\" sizes=\"auto, (max-width: 800px) 100vw, 800px\" \/><\/a><\/span><\/h2>\n<div>\n<div class=\"\" dir=\"auto\">\n<div id=\":r9h:\" class=\"x1iorvi4 x1pi30zi x1l90r2v x1swvt13\" data-ad-comet-preview=\"message\" data-ad-preview=\"message\">\n\n\t\t\t<style type='text\/css'>\n\t\t\t\t#gallery-10 {\n\t\t\t\t\tmargin: auto;\n\t\t\t\t}\n\t\t\t\t#gallery-10 .gallery-item {\n\t\t\t\t\tfloat: left;\n\t\t\t\t\tmargin-top: 10px;\n\t\t\t\t\ttext-align: center;\n\t\t\t\t\twidth: 25%;\n\t\t\t\t}\n\t\t\t\t#gallery-10 img {\n\t\t\t\t\tborder: 2px solid #cfcfcf;\n\t\t\t\t}\n\t\t\t\t#gallery-10 .gallery-caption {\n\t\t\t\t\tmargin-left: 0;\n\t\t\t\t}\n\t\t\t\t\/* see gallery_shortcode() in wp-includes\/media.php *\/\n\t\t\t<\/style>\n\t\t<div id='gallery-10' class='dt-gallery-container gallery galleryid-395924 gallery-columns-4 gallery-size-thumbnail'><dl class='gallery-item'>\n\t\t\t\t<dt class='gallery-icon portrait'>\n\t\t\t\t\t<a class=\"rollover rollover-zoom dt-pswp-item\" title=\"Locandina San Giovanni 2024\" data-dt-img-description=\"\" data-large_image_width=\"1304\" data-large_image_height=\"2560\"href='https:\/\/www.radiopiu.net\/wordpress\/wp-content\/uploads\/2024\/06\/Locandina-San-Giovanni-2024-scaled.jpeg'><img loading=\"lazy\" decoding=\"async\" width=\"150\" height=\"150\" src=\"https:\/\/www.radiopiu.net\/wordpress\/wp-content\/uploads\/2024\/06\/Locandina-San-Giovanni-2024-150x150.jpeg\" class=\"attachment-thumbnail size-thumbnail\" alt=\"\" aria-describedby=\"gallery-10-393442\" \/><\/a>\n\t\t\t\t<\/dt>\n\t\t\t\t\t<dd class='wp-caption-text gallery-caption' id='gallery-10-393442'>\n\t\t\t\t\tSAN GIOVANNI A CANALE D&#8217;AGORDO\n\t\t\t\t\t<\/dd><\/dl><dl class='gallery-item'>\n\t\t\t\t<dt class='gallery-icon portrait'>\n\t\t\t\t\t<a class=\"rollover rollover-zoom dt-pswp-item\" title=\"09d50e2a-86d9-4273-aeb6-415f92136bc3\" data-dt-img-description=\"\" data-large_image_width=\"750\" data-large_image_height=\"1022\"href='https:\/\/www.radiopiu.net\/wordpress\/wp-content\/uploads\/2024\/06\/09d50e2a-86d9-4273-aeb6-415f92136bc3.jpg'><img loading=\"lazy\" decoding=\"async\" width=\"150\" height=\"150\" src=\"https:\/\/www.radiopiu.net\/wordpress\/wp-content\/uploads\/2024\/06\/09d50e2a-86d9-4273-aeb6-415f92136bc3-150x150.jpg\" class=\"attachment-thumbnail size-thumbnail\" alt=\"\" aria-describedby=\"gallery-10-393715\" \/><\/a>\n\t\t\t\t<\/dt>\n\t\t\t\t\t<dd class='wp-caption-text gallery-caption' id='gallery-10-393715'>\n\t\t\t\t\tCORSO DI BALLO A VOLTAGO\n\t\t\t\t\t<\/dd><\/dl><dl class='gallery-item'>\n\t\t\t\t<dt class='gallery-icon portrait'>\n\t\t\t\t\t<a class=\"rollover rollover-zoom dt-pswp-item\" title=\"441936111_953300066803441_3663667299753321850_n\" data-dt-img-description=\"\" data-large_image_width=\"520\" data-large_image_height=\"640\"href='https:\/\/www.radiopiu.net\/wordpress\/wp-content\/uploads\/2024\/06\/441936111_953300066803441_3663667299753321850_n.jpg'><img loading=\"lazy\" decoding=\"async\" width=\"150\" height=\"150\" src=\"https:\/\/www.radiopiu.net\/wordpress\/wp-content\/uploads\/2024\/06\/441936111_953300066803441_3663667299753321850_n-150x150.jpg\" class=\"attachment-thumbnail size-thumbnail\" alt=\"\" aria-describedby=\"gallery-10-394061\" \/><\/a>\n\t\t\t\t<\/dt>\n\t\t\t\t\t<dd class='wp-caption-text gallery-caption' id='gallery-10-394061'>\n\t\t\t\t\t31 LUGLIO AL MINIERE E IN DIRETTA ALLA RADIO \n\t\t\t\t\t<\/dd><\/dl><dl class='gallery-item'>\n\t\t\t\t<dt class='gallery-icon portrait'>\n\t\t\t\t\t<a class=\"rollover rollover-zoom dt-pswp-item\" title=\"a1255490-93b2-46a4-8211-d8118fd23b27\" data-dt-img-description=\"\" data-large_image_width=\"1131\" data-large_image_height=\"1600\"href='https:\/\/www.radiopiu.net\/wordpress\/wp-content\/uploads\/2024\/06\/a1255490-93b2-46a4-8211-d8118fd23b27.jpg'><img loading=\"lazy\" decoding=\"async\" width=\"150\" height=\"150\" src=\"https:\/\/www.radiopiu.net\/wordpress\/wp-content\/uploads\/2024\/06\/a1255490-93b2-46a4-8211-d8118fd23b27-150x150.jpg\" class=\"attachment-thumbnail size-thumbnail\" alt=\"\" aria-describedby=\"gallery-10-394932\" \/><\/a>\n\t\t\t\t<\/dt>\n\t\t\t\t\t<dd class='wp-caption-text gallery-caption' id='gallery-10-394932'>\n\t\t\t\t\tA SAN TOMASO\n\t\t\t\t\t<\/dd><\/dl><br style=\"clear: both\" \/><dl class='gallery-item'>\n\t\t\t\t<dt class='gallery-icon portrait'>\n\t\t\t\t\t<a class=\"rollover rollover-zoom dt-pswp-item\" title=\"Presepi fuori tempo\" data-dt-img-description=\"\" data-large_image_width=\"1414\" data-large_image_height=\"2000\"href='https:\/\/www.radiopiu.net\/wordpress\/wp-content\/uploads\/2024\/06\/Presepi-fuori-tempo.png'><img loading=\"lazy\" decoding=\"async\" width=\"150\" height=\"150\" src=\"https:\/\/www.radiopiu.net\/wordpress\/wp-content\/uploads\/2024\/06\/Presepi-fuori-tempo-150x150.png\" class=\"attachment-thumbnail size-thumbnail\" alt=\"\" aria-describedby=\"gallery-10-395141\" \/><\/a>\n\t\t\t\t<\/dt>\n\t\t\t\t\t<dd class='wp-caption-text gallery-caption' id='gallery-10-395141'>\n\t\t\t\t\tPRESEPI FUORI TEMPO AD AGORDO\n\t\t\t\t\t<\/dd><\/dl><dl class='gallery-item'>\n\t\t\t\t<dt class='gallery-icon portrait'>\n\t\t\t\t\t<a class=\"rollover rollover-zoom dt-pswp-item\" title=\"447443480_320674017756499_9025951349706877056_n\" data-dt-img-description=\"\" data-large_image_width=\"509\" data-large_image_height=\"720\"href='https:\/\/www.radiopiu.net\/wordpress\/wp-content\/uploads\/2024\/06\/447443480_320674017756499_9025951349706877056_n.jpg'><img loading=\"lazy\" decoding=\"async\" width=\"150\" height=\"150\" src=\"https:\/\/www.radiopiu.net\/wordpress\/wp-content\/uploads\/2024\/06\/447443480_320674017756499_9025951349706877056_n-150x150.jpg\" class=\"attachment-thumbnail size-thumbnail\" alt=\"\" aria-describedby=\"gallery-10-395159\" \/><\/a>\n\t\t\t\t<\/dt>\n\t\t\t\t\t<dd class='wp-caption-text gallery-caption' id='gallery-10-395159'>\n\t\t\t\t\t6 LUGLIO AGORDO BAR DELLE BOCCE\n\t\t\t\t\t<\/dd><\/dl><dl class='gallery-item'>\n\t\t\t\t<dt class='gallery-icon portrait'>\n\t\t\t\t\t<a class=\"rollover rollover-zoom dt-pswp-item\" title=\"Le_zecche_come_difendersi_e_proteggersi\" data-dt-img-description=\"\" data-large_image_width=\"1834\" data-large_image_height=\"2560\"href='https:\/\/www.radiopiu.net\/wordpress\/wp-content\/uploads\/2024\/06\/Le_zecche_come_difendersi_e_proteggersi-scaled.jpg'><img loading=\"lazy\" decoding=\"async\" width=\"150\" height=\"150\" src=\"https:\/\/www.radiopiu.net\/wordpress\/wp-content\/uploads\/2024\/06\/Le_zecche_come_difendersi_e_proteggersi-150x150.jpg\" class=\"attachment-thumbnail size-thumbnail\" alt=\"\" aria-describedby=\"gallery-10-395245\" \/><\/a>\n\t\t\t\t<\/dt>\n\t\t\t\t\t<dd class='wp-caption-text gallery-caption' id='gallery-10-395245'>\n\t\t\t\t\tCONOSCIAMO LE ZECCHE A BELLUNO\n\t\t\t\t\t<\/dd><\/dl><dl class='gallery-item'>\n\t\t\t\t<dt class='gallery-icon portrait'>\n\t\t\t\t\t<a class=\"rollover rollover-zoom dt-pswp-item\" title=\"6a884a5b-a4cf-4bb3-a957-2de3050cec0b\" data-dt-img-description=\"\" data-large_image_width=\"1127\" data-large_image_height=\"1600\"href='https:\/\/www.radiopiu.net\/wordpress\/wp-content\/uploads\/2024\/06\/6a884a5b-a4cf-4bb3-a957-2de3050cec0b-2.jpg'><img loading=\"lazy\" decoding=\"async\" width=\"150\" height=\"150\" src=\"https:\/\/www.radiopiu.net\/wordpress\/wp-content\/uploads\/2024\/06\/6a884a5b-a4cf-4bb3-a957-2de3050cec0b-2-150x150.jpg\" class=\"attachment-thumbnail size-thumbnail\" alt=\"\" aria-describedby=\"gallery-10-395683\" \/><\/a>\n\t\t\t\t<\/dt>\n\t\t\t\t\t<dd class='wp-caption-text gallery-caption' id='gallery-10-395683'>\n\t\t\t\t\tCON MOSTO RICCO AD AGORDO \n\t\t\t\t\t<\/dd><\/dl><br style=\"clear: both\" \/>\n\t\t\t<\/div>\n\n<\/div>\n<\/div>\n<\/div>\n<p><strong>FELTRE<\/strong> Il Centro Astronomico di Feltre ospiter\u00e0 una conferenza sulle origini e la struttura dell\u2019universo intitolata &#8220;Le scoperte del Telescopio Spaziale Webb&#8221;, sar\u00e0 tenuta da Gabriele Vanin il 29 giugno 2024 alle 21.<\/p>\n<p>&nbsp;<\/p>\n<h2><span style=\"color: #ff0000;\">PROSSIMAMENTE\u00a0<\/span><\/h2>\n<p>Preparatevi a scatenare la vostra energia e a superare i vostri limiti con CorriPoi 2024. Il trofeo di Corse Podistiche a tappe Nell&#8217;Agordino, quattro tappe emozionanti, ognuna delle quali vi porter\u00e0 a scoprire le bellezze naturali del territorio. 7 LUGLIO FORCELLA AURINE, 7 SETTEMBRE VOLTAGO Alla CorriPoi parteciperanno, fianco a fianco, forti runner, atleti della domenica, famiglie, gruppi di amici, giovani corridori in erba, tutti con l&#8217;obiettivo di correre e di divertirsi. Corri verso la vittoria, corri verso il trofeo Alpenpluss. Regolamento delle quattro gare sul sito KEEPSPORTING.COM, in collaborazione con Kiwi Sport, abbigliamento sportivo per tutta la famiglia, ad ALLEGHE- CENCENIGHE &#8211; BELLUNO<\/p>\n<p>&nbsp;<\/p>\n<hr \/>\n<p>&nbsp;<\/p>\n<p><a class=\"dt-pswp-item\" href=\"https:\/\/www.radiopiu.net\/wordpress\/wp-content\/uploads\/2018\/09\/viabilita.jpeg\" data-dt-img-description=\"\" data-large_image_width=\"800\" data-large_image_height=\"100\"><img loading=\"lazy\" decoding=\"async\" class=\"aligncenter wp-image-61954 size-full\" src=\"https:\/\/www.radiopiu.net\/wordpress\/wp-content\/uploads\/2018\/09\/viabilita.jpeg\" alt=\"\" width=\"800\" height=\"100\" srcset=\"https:\/\/www.radiopiu.net\/wordpress\/wp-content\/uploads\/2018\/09\/viabilita.jpeg 800w, https:\/\/www.radiopiu.net\/wordpress\/wp-content\/uploads\/2018\/09\/viabilita-300x38.jpeg 300w, https:\/\/www.radiopiu.net\/wordpress\/wp-content\/uploads\/2018\/09\/viabilita-768x96.jpeg 768w\" sizes=\"auto, (max-width: 800px) 100vw, 800px\" \/><\/a><\/p>\n<p>&nbsp;<\/p>\n<p><a class=\"dt-pswp-item\" href=\"https:\/\/www.radiopiu.net\/wordpress\/wp-content\/uploads\/2023\/12\/botol-car-service.jpg\" data-dt-img-description=\"\" data-large_image_width=\"600\" data-large_image_height=\"600\"><img loading=\"lazy\" decoding=\"async\" class=\"size-medium wp-image-367044 aligncenter\" src=\"https:\/\/www.radiopiu.net\/wordpress\/wp-content\/uploads\/2023\/12\/botol-car-service-300x300.jpg\" alt=\"\" width=\"300\" height=\"300\" srcset=\"https:\/\/www.radiopiu.net\/wordpress\/wp-content\/uploads\/2023\/12\/botol-car-service-300x300.jpg 300w, https:\/\/www.radiopiu.net\/wordpress\/wp-content\/uploads\/2023\/12\/botol-car-service-150x150.jpg 150w, https:\/\/www.radiopiu.net\/wordpress\/wp-content\/uploads\/2023\/12\/botol-car-service.jpg 600w\" sizes=\"auto, (max-width: 300px) 100vw, 300px\" \/><\/a><\/p>\n<p>&nbsp;<\/p>\n<p>&nbsp;<\/p>\n<h1>BOLLETTINO QUOTIDIANO, CLICCA QUI<\/h1>\n<blockquote class=\"wp-embedded-content\" data-secret=\"tOk6JMdFQF\"><p><a href=\"https:\/\/www.radiopiu.net\/wordpress\/viabilita-2\/\">viabilita<\/a><\/p><\/blockquote>\n<p><iframe loading=\"lazy\" class=\"wp-embedded-content\" sandbox=\"allow-scripts\" security=\"restricted\" style=\"position: absolute; clip: rect(1px, 1px, 1px, 1px);\" title=\"&#8220;viabilita&#8221; &#8212; Radio Pi\u00f9\" src=\"https:\/\/www.radiopiu.net\/wordpress\/viabilita-2\/embed\/#?secret=YV6cJ0VUxD#?secret=tOk6JMdFQF\" data-secret=\"tOk6JMdFQF\" width=\"600\" height=\"338\" frameborder=\"0\" marginwidth=\"0\" marginheight=\"0\" scrolling=\"no\"><\/iframe><\/p>\n<p>&nbsp;<\/p>\n<p>&nbsp;<\/p>\n<hr \/>\n<p>&nbsp;<\/p>\n<p><a class=\"dt-pswp-item\" href=\"https:\/\/www.radiopiu.net\/wordpress\/wp-content\/uploads\/2018\/09\/WhatsApp-Image-2018-09-20-at-16.04.06.jpeg\" data-dt-img-description=\"\" data-large_image_width=\"800\" data-large_image_height=\"100\"><img loading=\"lazy\" decoding=\"async\" class=\"wp-image-61378 size-full aligncenter\" src=\"https:\/\/www.radiopiu.net\/wordpress\/wp-content\/uploads\/2018\/09\/WhatsApp-Image-2018-09-20-at-16.04.06.jpeg\" alt=\"\" width=\"800\" height=\"100\" srcset=\"https:\/\/www.radiopiu.net\/wordpress\/wp-content\/uploads\/2018\/09\/WhatsApp-Image-2018-09-20-at-16.04.06.jpeg 800w, https:\/\/www.radiopiu.net\/wordpress\/wp-content\/uploads\/2018\/09\/WhatsApp-Image-2018-09-20-at-16.04.06-300x38.jpeg 300w, https:\/\/www.radiopiu.net\/wordpress\/wp-content\/uploads\/2018\/09\/WhatsApp-Image-2018-09-20-at-16.04.06-768x96.jpeg 768w\" sizes=\"auto, (max-width: 800px) 100vw, 800px\" \/><\/a><\/p>\n<p><center><\/center><center><\/center><center><\/center><center><\/center><center><\/center><center><\/center>&nbsp;<\/p>\n<p><center><\/center><center><\/center><center><\/center><center><\/center><center><\/center><center><\/center><center><\/center><center><b>OGGI<\/b><\/center>Variabile con alternanza di schiarite anche ampie su Dolomiti e di annuvolamenti specie su Prealpi. Nel pomeriggio nuvolosit\u00e0 irregolare a tratti intensa, verso sera tendenza a schiarite.<br \/>\n<b>Precipitazioni: <\/b>Possibili a tratti piovaschi o rovesci sparsi, possibili durante tutta la giornata su Prealpi specie occidentali, nel pomeriggio\/sera su Dolomiti. Possibili isolati temporali.<br \/>\n<b>Temperature: <\/b>Temperature minime in lieve calo, massime in aumento.<\/p>\n<hr \/>\n<p><center><b>DOMANI<\/b><\/center>Tempo pi\u00f9 instabile con nuvolosit\u00e0 variabile via via pi\u00f9 intensa tra le ore centrali e nel pomeriggio fino a cielo da nuvoloso a molto nuvoloso.<br \/>\n<b>Precipitazioni: <\/b>Graduale aumento della probabilit\u00e0 di rovesci sparsi e isolati temporali dapprima su Prealpi in estensione dalle ore centrali e nel pomeriggio a Dolomiti.<br \/>\n<b>Temperature: <\/b>Temperature stazionarie o in lieve calo le massime.<\/p>\n<hr \/>\n<p><center><b>MERCOLEDI<\/b><\/center>Nuvolosit\u00e0 variabile a tratti estesa alternata a schiarite. Possibili rovesci qua e l\u00e0 in giornata tra le ore centrali e il pomeriggio con isolati temporali. Temperature pressoch\u00e8 stazionarie.<\/p>\n<hr \/>\n<p><center><b>GIOVEDI<\/b><\/center>Nuvolosit\u00e0 variabile con schiarite ed annuvolamenti. Ancora non esclusi nel pomeriggio isolati rovesci o temporali. Temperature in aumento<\/p>\n<p>&nbsp;<\/p>\n<hr \/>\n<p>&nbsp;<\/p>\n<p><img loading=\"lazy\" decoding=\"async\" class=\"wp-image-60761 size-full aligncenter\" src=\"https:\/\/www.radiopiu.net\/wordpress\/wp-content\/uploads\/2018\/09\/sport.jpg\" alt=\"\" width=\"800\" height=\"100\" srcset=\"https:\/\/www.radiopiu.net\/wordpress\/wp-content\/uploads\/2018\/09\/sport.jpg 800w, https:\/\/www.radiopiu.net\/wordpress\/wp-content\/uploads\/2018\/09\/sport-300x38.jpg 300w, https:\/\/www.radiopiu.net\/wordpress\/wp-content\/uploads\/2018\/09\/sport-768x96.jpg 768w\" sizes=\"auto, (max-width: 800px) 100vw, 800px\" \/><\/p>\n<p>&nbsp;<\/p>\n<p><span style=\"color: #0000ff;\"><strong>CALCIO<\/strong><\/span><\/p>\n<blockquote>\n<h3>IL VOLTAGO SUPERA IL LE VILLE, PAREGGIO TRA TAIBON E VALLADA<\/h3>\n<\/blockquote>\n<p><strong><a class=\"dt-pswp-item\" href=\"https:\/\/www.radiopiu.net\/wordpress\/wp-content\/uploads\/2024\/06\/9f9fc10c-7843-49e2-b0e5-b0d45b669ad9.jpg\" data-dt-img-description=\"\" data-large_image_width=\"2048\" data-large_image_height=\"921\"><img loading=\"lazy\" decoding=\"async\" class=\" wp-image-396191 alignleft\" src=\"https:\/\/www.radiopiu.net\/wordpress\/wp-content\/uploads\/2024\/06\/9f9fc10c-7843-49e2-b0e5-b0d45b669ad9-300x135.jpg\" alt=\"\" width=\"216\" height=\"97\" srcset=\"https:\/\/www.radiopiu.net\/wordpress\/wp-content\/uploads\/2024\/06\/9f9fc10c-7843-49e2-b0e5-b0d45b669ad9-300x135.jpg 300w, https:\/\/www.radiopiu.net\/wordpress\/wp-content\/uploads\/2024\/06\/9f9fc10c-7843-49e2-b0e5-b0d45b669ad9-1024x461.jpg 1024w, https:\/\/www.radiopiu.net\/wordpress\/wp-content\/uploads\/2024\/06\/9f9fc10c-7843-49e2-b0e5-b0d45b669ad9-768x345.jpg 768w, https:\/\/www.radiopiu.net\/wordpress\/wp-content\/uploads\/2024\/06\/9f9fc10c-7843-49e2-b0e5-b0d45b669ad9-1536x691.jpg 1536w, https:\/\/www.radiopiu.net\/wordpress\/wp-content\/uploads\/2024\/06\/9f9fc10c-7843-49e2-b0e5-b0d45b669ad9.jpg 2048w\" sizes=\"auto, (max-width: 216px) 100vw, 216px\" \/><\/a>DI MARCO GAZ<\/strong><\/p>\n<p><strong>REDAZIONE<\/strong> Si \u00e8 chiuso anche il quarto fine settimana del Campionato Agordino di calcio. Si sono giocate la met\u00e0 delle partite in programma ma tutto \u00e8 ancora in forse nei due gironi. Nel Girone A il big match tra Taibon e Vallada termina in pareggio. Il Fodom incamera la prima vittoria stagionale e lo fa sul campo di Cernadoi contro il Rivamonte. L\u2019Alleghe continua a perdere ma dopo una bella prestazione con il La Valle nella giornata in cui il Caprile rispettava il turno di riposo. Nel Girone B solo due partite giocate visto che il Canale aveva anticipato e vinto la sfida con il Cencenighe. A Gosaldo i padroni di casa vincono la prima partita stagionale calando il poker con il Falcade\/Caviola. I campioni in carica del Voltago incamerno tre punti con una vittoria di misura contro il Le Ville.<\/p>\n<p><strong>I RISULTATI<\/strong> Girone A: Alleghe \u2013 La Valle 0-2, Fodom \u2013 Rivamonte 4-1, Taibon \u2013 Vallada 1-1. Riposa il Caprile Girone B: Voltago \u2013 Le Ville 1-0, Gosaldo \u2013 Falcade\/Caviola 4-0. Canale \u2013 Cencenighe 2-0 (anticipo della terza giornata)<\/p>\n<p><strong>LA CLASSIFICA<\/strong> Girone A: Vallada 10, Caprile* e La Valle* 7, Taibon* 5, Fodom 4, Rivamonte 1, Alleghe* 0 (* una partita in meno). Girone B: Canale e Voltago 7, Le Ville e Gosaldo 4, Falcade\/Caviola 3, Cencenighe 0<\/p>\n<p><strong>PROSSIMO TURNO<\/strong> Girone A: sabato alle 20:30 La Valle \u2013 Fodom, domenica alle 16 Alleghe \u2013 Vallada e Taibon &#8211; Caprile. Riposa il Rivamonte. Girone B: sabato alle 20:30 Cencenighe \u2013 Gosaldo, domenica alle 16 Voltago \u2013 Falcade\/Caviola e Canale \u2013 Le Ville.<\/p>\n<p>&nbsp;<\/p>\n<p><span style=\"color: #ff0000;\"><strong>CAMPIONATO AGORDINO GIOVANILE &#8211; MEMORIAL GABRIELE ORZETTI<\/strong><\/span><\/p>\n<p>In archivio anche la terza giornata del Campionato Agordino under 14, Memorial Gabriele Orzetti. Taibon e Canale sono in testa alla classifica e si candidano a squadre da battere in questa edizione. Il Cencenighe incamera la prima vittoria della stagione rifilando 6 gol al Vallada. Stessa cosa per il Le Ville che al \u201cBernaboa\u201d di La Valle batte i padroni di casa. Tutto facile per il Canale che al \u201cMaracanal\u201d vince e convince rifilando ben 5 reti al Caprile. Anche il Taibon va a segno 5 volte nel posticipo serale di Cernadoi contro gli orsetti del Fodom.<\/p>\n<p><strong>I RISULTATI <\/strong>Fodom \u2013 Taibon 0-5, Canale \u2013 Caprile 5-0, La Valle \u2013 Le Ville 0-2, Cencenighe \u2013 Vallada 6-0<\/p>\n<p><strong>LA CLASSIFICA <\/strong>Canale e Taibon 7, Cencenighe 6, Caprile e Le Ville 4, La Valle 3, Vallada e Fodom 1<\/p>\n<p><strong>IL PROSSIMO TURNO <\/strong>mercoled\u00ec alle 19 Cencenighe \u2013 Caprile, Fodom \u2013 Canale, La Valle \u2013 Taibon e Vallada \u2013 Le Ville.<\/p>\n<p>&nbsp;<\/p>\n<p><span style=\"color: #0000ff;\"><strong>FESTA DELLO SPORT<\/strong><\/span><\/p>\n<blockquote>\n<h3>LA FESTA DELLO SPORT CORRIERE DELLE ALPI AL PALAFELTRE<\/h3>\n<\/blockquote>\n<p><strong>FELTRE<\/strong> Grande festa al PalaFeltre con la Festa dello Sport organizzata dal Corriere Delle Alpi. Tra i premi anche la consegna della targa allo Sci Club Val Biois con il Premio Radio Pi\u00f9. Tanti gli sportivi che sono alternati sul palco per ricevere i riconoscimenti.<\/p>\n\n\t\t\t<style type='text\/css'>\n\t\t\t\t#gallery-11 {\n\t\t\t\t\tmargin: auto;\n\t\t\t\t}\n\t\t\t\t#gallery-11 .gallery-item {\n\t\t\t\t\tfloat: left;\n\t\t\t\t\tmargin-top: 10px;\n\t\t\t\t\ttext-align: center;\n\t\t\t\t\twidth: 20%;\n\t\t\t\t}\n\t\t\t\t#gallery-11 img {\n\t\t\t\t\tborder: 2px solid #cfcfcf;\n\t\t\t\t}\n\t\t\t\t#gallery-11 .gallery-caption {\n\t\t\t\t\tmargin-left: 0;\n\t\t\t\t}\n\t\t\t\t\/* see gallery_shortcode() in wp-includes\/media.php *\/\n\t\t\t<\/style>\n\t\t<div id='gallery-11' class='dt-gallery-container gallery galleryid-395924 gallery-columns-5 gallery-size-thumbnail'><dl class='gallery-item'>\n\t\t\t\t<dt class='gallery-icon landscape'>\n\t\t\t\t\t<a class=\"rollover rollover-zoom dt-pswp-item\" title=\"5aae8cb2-9dba-49e4-838b-3f130cee5679\" data-dt-img-description=\"\" data-large_image_width=\"1600\" data-large_image_height=\"1200\"href='https:\/\/www.radiopiu.net\/wordpress\/wp-content\/uploads\/2024\/06\/5aae8cb2-9dba-49e4-838b-3f130cee5679.jpg'><img loading=\"lazy\" decoding=\"async\" width=\"150\" height=\"150\" src=\"https:\/\/www.radiopiu.net\/wordpress\/wp-content\/uploads\/2024\/06\/5aae8cb2-9dba-49e4-838b-3f130cee5679-150x150.jpg\" class=\"attachment-thumbnail size-thumbnail\" alt=\"\" \/><\/a>\n\t\t\t\t<\/dt><\/dl><dl class='gallery-item'>\n\t\t\t\t<dt class='gallery-icon landscape'>\n\t\t\t\t\t<a class=\"rollover rollover-zoom dt-pswp-item\" title=\"384523d8-43b6-40e6-800e-ea3faf1a111c\" data-dt-img-description=\"\" data-large_image_width=\"1600\" data-large_image_height=\"778\"href='https:\/\/www.radiopiu.net\/wordpress\/wp-content\/uploads\/2024\/06\/384523d8-43b6-40e6-800e-ea3faf1a111c.jpg'><img loading=\"lazy\" decoding=\"async\" width=\"150\" height=\"150\" src=\"https:\/\/www.radiopiu.net\/wordpress\/wp-content\/uploads\/2024\/06\/384523d8-43b6-40e6-800e-ea3faf1a111c-150x150.jpg\" class=\"attachment-thumbnail size-thumbnail\" alt=\"\" \/><\/a>\n\t\t\t\t<\/dt><\/dl><dl class='gallery-item'>\n\t\t\t\t<dt class='gallery-icon landscape'>\n\t\t\t\t\t<a class=\"rollover rollover-zoom dt-pswp-item\" title=\"36a08eee-ef91-4167-8514-b3761ba588ce\" data-dt-img-description=\"\" data-large_image_width=\"1600\" data-large_image_height=\"1011\"href='https:\/\/www.radiopiu.net\/wordpress\/wp-content\/uploads\/2024\/06\/36a08eee-ef91-4167-8514-b3761ba588ce.jpg'><img loading=\"lazy\" decoding=\"async\" width=\"150\" height=\"150\" src=\"https:\/\/www.radiopiu.net\/wordpress\/wp-content\/uploads\/2024\/06\/36a08eee-ef91-4167-8514-b3761ba588ce-150x150.jpg\" class=\"attachment-thumbnail size-thumbnail\" alt=\"\" \/><\/a>\n\t\t\t\t<\/dt><\/dl><dl class='gallery-item'>\n\t\t\t\t<dt class='gallery-icon landscape'>\n\t\t\t\t\t<a class=\"rollover rollover-zoom dt-pswp-item\" title=\"143ea1bc-3272-4a2a-960f-62f4e34009df\" data-dt-img-description=\"\" data-large_image_width=\"1600\" data-large_image_height=\"1200\"href='https:\/\/www.radiopiu.net\/wordpress\/wp-content\/uploads\/2024\/06\/143ea1bc-3272-4a2a-960f-62f4e34009df.jpg'><img loading=\"lazy\" decoding=\"async\" width=\"150\" height=\"150\" src=\"https:\/\/www.radiopiu.net\/wordpress\/wp-content\/uploads\/2024\/06\/143ea1bc-3272-4a2a-960f-62f4e34009df-150x150.jpg\" class=\"attachment-thumbnail size-thumbnail\" alt=\"\" \/><\/a>\n\t\t\t\t<\/dt><\/dl><dl class='gallery-item'>\n\t\t\t\t<dt class='gallery-icon landscape'>\n\t\t\t\t\t<a class=\"rollover rollover-zoom dt-pswp-item\" title=\"42d96331-d270-43df-90a6-5b3b5852361b\" data-dt-img-description=\"\" data-large_image_width=\"1600\" data-large_image_height=\"1433\"href='https:\/\/www.radiopiu.net\/wordpress\/wp-content\/uploads\/2024\/06\/42d96331-d270-43df-90a6-5b3b5852361b.jpg'><img loading=\"lazy\" decoding=\"async\" width=\"150\" height=\"150\" src=\"https:\/\/www.radiopiu.net\/wordpress\/wp-content\/uploads\/2024\/06\/42d96331-d270-43df-90a6-5b3b5852361b-150x150.jpg\" class=\"attachment-thumbnail size-thumbnail\" alt=\"\" \/><\/a>\n\t\t\t\t<\/dt><\/dl><br style=\"clear: both\" \/><dl class='gallery-item'>\n\t\t\t\t<dt class='gallery-icon landscape'>\n\t\t\t\t\t<a class=\"rollover rollover-zoom dt-pswp-item\" title=\"3e55609b-44ff-42a9-b5ee-b7dd1e11d958\" data-dt-img-description=\"\" data-large_image_width=\"1600\" data-large_image_height=\"939\"href='https:\/\/www.radiopiu.net\/wordpress\/wp-content\/uploads\/2024\/06\/3e55609b-44ff-42a9-b5ee-b7dd1e11d958.jpg'><img loading=\"lazy\" decoding=\"async\" width=\"150\" height=\"150\" src=\"https:\/\/www.radiopiu.net\/wordpress\/wp-content\/uploads\/2024\/06\/3e55609b-44ff-42a9-b5ee-b7dd1e11d958-150x150.jpg\" class=\"attachment-thumbnail size-thumbnail\" alt=\"\" \/><\/a>\n\t\t\t\t<\/dt><\/dl><dl class='gallery-item'>\n\t\t\t\t<dt class='gallery-icon landscape'>\n\t\t\t\t\t<a class=\"rollover rollover-zoom dt-pswp-item\" title=\"abd6fa31-01a1-44cf-b5d1-78c86b09dafc\" data-dt-img-description=\"\" data-large_image_width=\"1600\" data-large_image_height=\"1192\"href='https:\/\/www.radiopiu.net\/wordpress\/wp-content\/uploads\/2024\/06\/abd6fa31-01a1-44cf-b5d1-78c86b09dafc.jpg'><img loading=\"lazy\" decoding=\"async\" width=\"150\" height=\"150\" src=\"https:\/\/www.radiopiu.net\/wordpress\/wp-content\/uploads\/2024\/06\/abd6fa31-01a1-44cf-b5d1-78c86b09dafc-150x150.jpg\" class=\"attachment-thumbnail size-thumbnail\" alt=\"\" \/><\/a>\n\t\t\t\t<\/dt><\/dl><dl class='gallery-item'>\n\t\t\t\t<dt class='gallery-icon landscape'>\n\t\t\t\t\t<a class=\"rollover rollover-zoom dt-pswp-item\" title=\"47f96f44-9afd-4be2-bab7-f65d747f3e68\" data-dt-img-description=\"\" data-large_image_width=\"1600\" data-large_image_height=\"1200\"href='https:\/\/www.radiopiu.net\/wordpress\/wp-content\/uploads\/2024\/06\/47f96f44-9afd-4be2-bab7-f65d747f3e68.jpg'><img loading=\"lazy\" decoding=\"async\" width=\"150\" height=\"150\" src=\"https:\/\/www.radiopiu.net\/wordpress\/wp-content\/uploads\/2024\/06\/47f96f44-9afd-4be2-bab7-f65d747f3e68-150x150.jpg\" class=\"attachment-thumbnail size-thumbnail\" alt=\"\" \/><\/a>\n\t\t\t\t<\/dt><\/dl><dl class='gallery-item'>\n\t\t\t\t<dt class='gallery-icon portrait'>\n\t\t\t\t\t<a class=\"rollover rollover-zoom dt-pswp-item\" title=\"0a3ce3ce-b918-4d36-835c-c7aa8f8fa586\" data-dt-img-description=\"\" data-large_image_width=\"1566\" data-large_image_height=\"1600\"href='https:\/\/www.radiopiu.net\/wordpress\/wp-content\/uploads\/2024\/06\/0a3ce3ce-b918-4d36-835c-c7aa8f8fa586.jpg'><img loading=\"lazy\" decoding=\"async\" width=\"150\" height=\"150\" src=\"https:\/\/www.radiopiu.net\/wordpress\/wp-content\/uploads\/2024\/06\/0a3ce3ce-b918-4d36-835c-c7aa8f8fa586-150x150.jpg\" class=\"attachment-thumbnail size-thumbnail\" alt=\"\" \/><\/a>\n\t\t\t\t<\/dt><\/dl><dl class='gallery-item'>\n\t\t\t\t<dt class='gallery-icon landscape'>\n\t\t\t\t\t<a class=\"rollover rollover-zoom dt-pswp-item\" title=\"1918904c-3b3c-4b79-a4c8-9e9a28ce06b3\" data-dt-img-description=\"\" data-large_image_width=\"1599\" data-large_image_height=\"758\"href='https:\/\/www.radiopiu.net\/wordpress\/wp-content\/uploads\/2024\/06\/1918904c-3b3c-4b79-a4c8-9e9a28ce06b3.jpg'><img loading=\"lazy\" decoding=\"async\" width=\"150\" height=\"150\" src=\"https:\/\/www.radiopiu.net\/wordpress\/wp-content\/uploads\/2024\/06\/1918904c-3b3c-4b79-a4c8-9e9a28ce06b3-150x150.jpg\" class=\"attachment-thumbnail size-thumbnail\" alt=\"\" \/><\/a>\n\t\t\t\t<\/dt><\/dl><br style=\"clear: both\" \/><dl class='gallery-item'>\n\t\t\t\t<dt class='gallery-icon landscape'>\n\t\t\t\t\t<a class=\"rollover rollover-zoom dt-pswp-item\" title=\"369501e6-149e-4ded-a0d5-edd0ea2afbe0\" data-dt-img-description=\"\" data-large_image_width=\"1599\" data-large_image_height=\"1442\"href='https:\/\/www.radiopiu.net\/wordpress\/wp-content\/uploads\/2024\/06\/369501e6-149e-4ded-a0d5-edd0ea2afbe0.jpg'><img loading=\"lazy\" decoding=\"async\" width=\"150\" height=\"150\" src=\"https:\/\/www.radiopiu.net\/wordpress\/wp-content\/uploads\/2024\/06\/369501e6-149e-4ded-a0d5-edd0ea2afbe0-150x150.jpg\" class=\"attachment-thumbnail size-thumbnail\" alt=\"\" \/><\/a>\n\t\t\t\t<\/dt><\/dl><dl class='gallery-item'>\n\t\t\t\t<dt class='gallery-icon landscape'>\n\t\t\t\t\t<a class=\"rollover rollover-zoom dt-pswp-item\" title=\"9df61c21-544b-4b94-bad1-ee7156f2e685\" data-dt-img-description=\"\" data-large_image_width=\"1600\" data-large_image_height=\"688\"href='https:\/\/www.radiopiu.net\/wordpress\/wp-content\/uploads\/2024\/06\/9df61c21-544b-4b94-bad1-ee7156f2e685.jpg'><img loading=\"lazy\" decoding=\"async\" width=\"150\" height=\"150\" src=\"https:\/\/www.radiopiu.net\/wordpress\/wp-content\/uploads\/2024\/06\/9df61c21-544b-4b94-bad1-ee7156f2e685-150x150.jpg\" class=\"attachment-thumbnail size-thumbnail\" alt=\"\" \/><\/a>\n\t\t\t\t<\/dt><\/dl><dl class='gallery-item'>\n\t\t\t\t<dt class='gallery-icon portrait'>\n\t\t\t\t\t<a class=\"rollover rollover-zoom dt-pswp-item\" title=\"3de39954-4132-4d6d-a57d-cec142990e0f\" data-dt-img-description=\"\" data-large_image_width=\"1135\" data-large_image_height=\"1600\"href='https:\/\/www.radiopiu.net\/wordpress\/wp-content\/uploads\/2024\/06\/3de39954-4132-4d6d-a57d-cec142990e0f.jpg'><img loading=\"lazy\" decoding=\"async\" width=\"150\" height=\"150\" src=\"https:\/\/www.radiopiu.net\/wordpress\/wp-content\/uploads\/2024\/06\/3de39954-4132-4d6d-a57d-cec142990e0f-150x150.jpg\" class=\"attachment-thumbnail size-thumbnail\" alt=\"\" \/><\/a>\n\t\t\t\t<\/dt><\/dl><dl class='gallery-item'>\n\t\t\t\t<dt class='gallery-icon landscape'>\n\t\t\t\t\t<a class=\"rollover rollover-zoom dt-pswp-item\" title=\"4a95b254-54b8-4ce0-b763-383a74b69521\" data-dt-img-description=\"\" data-large_image_width=\"1600\" data-large_image_height=\"1296\"href='https:\/\/www.radiopiu.net\/wordpress\/wp-content\/uploads\/2024\/06\/4a95b254-54b8-4ce0-b763-383a74b69521.jpg'><img loading=\"lazy\" decoding=\"async\" width=\"150\" height=\"150\" src=\"https:\/\/www.radiopiu.net\/wordpress\/wp-content\/uploads\/2024\/06\/4a95b254-54b8-4ce0-b763-383a74b69521-150x150.jpg\" class=\"attachment-thumbnail size-thumbnail\" alt=\"\" \/><\/a>\n\t\t\t\t<\/dt><\/dl><dl class='gallery-item'>\n\t\t\t\t<dt class='gallery-icon landscape'>\n\t\t\t\t\t<a class=\"rollover rollover-zoom dt-pswp-item\" title=\"ca361c2a-f931-4b72-a747-3b0645df114e\" data-dt-img-description=\"\" data-large_image_width=\"1600\" data-large_image_height=\"1509\"href='https:\/\/www.radiopiu.net\/wordpress\/wp-content\/uploads\/2024\/06\/ca361c2a-f931-4b72-a747-3b0645df114e.jpg'><img loading=\"lazy\" decoding=\"async\" width=\"150\" height=\"150\" src=\"https:\/\/www.radiopiu.net\/wordpress\/wp-content\/uploads\/2024\/06\/ca361c2a-f931-4b72-a747-3b0645df114e-150x150.jpg\" class=\"attachment-thumbnail size-thumbnail\" alt=\"\" \/><\/a>\n\t\t\t\t<\/dt><\/dl><br style=\"clear: both\" \/><dl class='gallery-item'>\n\t\t\t\t<dt class='gallery-icon landscape'>\n\t\t\t\t\t<a class=\"rollover rollover-zoom dt-pswp-item\" title=\"949134b4-b47b-47cd-8f27-1b2d3f3bc4b6\" data-dt-img-description=\"\" data-large_image_width=\"1600\" data-large_image_height=\"790\"href='https:\/\/www.radiopiu.net\/wordpress\/wp-content\/uploads\/2024\/06\/949134b4-b47b-47cd-8f27-1b2d3f3bc4b6.jpg'><img loading=\"lazy\" decoding=\"async\" width=\"150\" height=\"150\" src=\"https:\/\/www.radiopiu.net\/wordpress\/wp-content\/uploads\/2024\/06\/949134b4-b47b-47cd-8f27-1b2d3f3bc4b6-150x150.jpg\" class=\"attachment-thumbnail size-thumbnail\" alt=\"\" \/><\/a>\n\t\t\t\t<\/dt><\/dl><dl class='gallery-item'>\n\t\t\t\t<dt class='gallery-icon landscape'>\n\t\t\t\t\t<a class=\"rollover rollover-zoom dt-pswp-item\" title=\"fffab333-6019-457a-a4a1-a194a48f2666\" data-dt-img-description=\"\" data-large_image_width=\"1600\" data-large_image_height=\"1200\"href='https:\/\/www.radiopiu.net\/wordpress\/wp-content\/uploads\/2024\/06\/fffab333-6019-457a-a4a1-a194a48f2666.jpg'><img loading=\"lazy\" decoding=\"async\" width=\"150\" height=\"150\" src=\"https:\/\/www.radiopiu.net\/wordpress\/wp-content\/uploads\/2024\/06\/fffab333-6019-457a-a4a1-a194a48f2666-150x150.jpg\" class=\"attachment-thumbnail size-thumbnail\" alt=\"\" \/><\/a>\n\t\t\t\t<\/dt><\/dl><dl class='gallery-item'>\n\t\t\t\t<dt class='gallery-icon portrait'>\n\t\t\t\t\t<a class=\"rollover rollover-zoom dt-pswp-item\" title=\"101a1d1e-5c3e-4a98-a897-b3dc50f1391d\" data-dt-img-description=\"\" data-large_image_width=\"738\" data-large_image_height=\"1600\"href='https:\/\/www.radiopiu.net\/wordpress\/wp-content\/uploads\/2024\/06\/101a1d1e-5c3e-4a98-a897-b3dc50f1391d.jpg'><img loading=\"lazy\" decoding=\"async\" width=\"150\" height=\"150\" src=\"https:\/\/www.radiopiu.net\/wordpress\/wp-content\/uploads\/2024\/06\/101a1d1e-5c3e-4a98-a897-b3dc50f1391d-150x150.jpg\" class=\"attachment-thumbnail size-thumbnail\" alt=\"\" \/><\/a>\n\t\t\t\t<\/dt><\/dl><dl class='gallery-item'>\n\t\t\t\t<dt class='gallery-icon portrait'>\n\t\t\t\t\t<a class=\"rollover rollover-zoom dt-pswp-item\" title=\"339e4e88-039f-43fe-80f6-3b5e360f3198\" data-dt-img-description=\"\" data-large_image_width=\"750\" data-large_image_height=\"828\"href='https:\/\/www.radiopiu.net\/wordpress\/wp-content\/uploads\/2024\/06\/339e4e88-039f-43fe-80f6-3b5e360f3198.jpg'><img loading=\"lazy\" decoding=\"async\" width=\"150\" height=\"150\" src=\"https:\/\/www.radiopiu.net\/wordpress\/wp-content\/uploads\/2024\/06\/339e4e88-039f-43fe-80f6-3b5e360f3198-150x150.jpg\" class=\"attachment-thumbnail size-thumbnail\" alt=\"\" \/><\/a>\n\t\t\t\t<\/dt><\/dl>\n\t\t\t\t<br style='clear: both' \/>\n\t\t\t<\/div>\n\n<p>&nbsp;<\/p>\n<div style=\"width: 848px;\" class=\"wp-video\"><video class=\"wp-video-shortcode\" id=\"video-395924-1\" width=\"848\" height=\"480\" preload=\"metadata\" controls=\"controls\"><source type=\"video\/mp4\" src=\"https:\/\/www.radiopiu.net\/wordpress\/wp-content\/uploads\/2024\/06\/WhatsApp-Video-2024-06-22-at-19.34.02.mp4?_=1\" \/><a href=\"https:\/\/www.radiopiu.net\/wordpress\/wp-content\/uploads\/2024\/06\/WhatsApp-Video-2024-06-22-at-19.34.02.mp4\">https:\/\/www.radiopiu.net\/wordpress\/wp-content\/uploads\/2024\/06\/WhatsApp-Video-2024-06-22-at-19.34.02.mp4<\/a><\/video><\/div>\n<p>&nbsp;<\/p>\n<p><span style=\"color: #0000ff;\"><strong>HOCKEY SU GHIACCIO<\/strong><\/span><\/p>\n<blockquote>\n<h3>FRANCESCO SOPPELSA CONFERMATO ALL&#8217;ALLEGHE HOCKEY<\/h3>\n<\/blockquote>\n<p><strong><a class=\"dt-pswp-item\" href=\"https:\/\/www.radiopiu.net\/wordpress\/wp-content\/uploads\/2024\/06\/8375ca85-056b-4cf9-bf05-090565136ffc.jpg\" data-dt-img-description=\"\" data-large_image_width=\"940\" data-large_image_height=\"516\"><img loading=\"lazy\" decoding=\"async\" class=\" wp-image-396069 alignleft\" src=\"https:\/\/www.radiopiu.net\/wordpress\/wp-content\/uploads\/2024\/06\/8375ca85-056b-4cf9-bf05-090565136ffc-300x165.jpg\" alt=\"\" width=\"204\" height=\"112\" srcset=\"https:\/\/www.radiopiu.net\/wordpress\/wp-content\/uploads\/2024\/06\/8375ca85-056b-4cf9-bf05-090565136ffc-300x165.jpg 300w, https:\/\/www.radiopiu.net\/wordpress\/wp-content\/uploads\/2024\/06\/8375ca85-056b-4cf9-bf05-090565136ffc-768x422.jpg 768w, https:\/\/www.radiopiu.net\/wordpress\/wp-content\/uploads\/2024\/06\/8375ca85-056b-4cf9-bf05-090565136ffc.jpg 940w\" sizes=\"auto, (max-width: 204px) 100vw, 204px\" \/><\/a>DI ROBERTO MIANA, PORTAVOCE DELL&#8217;ALLEGHE HOCKEY<\/strong><\/p>\n<p>Buone nuove all\u2019ombra del Civetta, dove l\u2019Alleghe Hockey conferma Francesco Soppelsa. Classe 2002 di Cencenighe Agordino, meccanico di macchine movimento terra, nel tempo libero ha come passione la pallacanestro e come hobby fare passeggiate in montagna. Prodotto del vivaio biancorosso \u00e8 un hockeista generoso che non fa mai mancare il suo apporto alla squadra, soprattutto in fase realizzativa. L\u2019ultima stagione \u00e8 stata la sua migliore in riva al lago, risultando il pi\u00f9 prolifico tra i giocatori locali. Ha esordito in prima squadra nella stagione 2018\/2019, facendo registrare 154 presenze impreziosite da 29 gol e 38 assist. Nell\u2019ultimo campionato ha messo a referto un bottino di 10 gol e 12 assist in 36 gare disputate. Cos\u00ec le parole di Francesco: \u201cSono contentissimo di vestire ancora questa maglia, ne ero gi\u00e0 convinto e quando la Societ\u00e0 mi ha contattato non ho avuto dubbi, perch\u00e9 mi trovo molto bene qui. Secondo me quest\u2019anno abbiamo la possibilit\u00e0 di toglierci delle soddisfazioni, poi con i compagni di squadra mi trovo bene, in particolar modo con i ragazzi della mia et\u00e0, con i quali ho vissuto pi\u00f9 anni di gioco e condiviso belle esperienze, tipo Thomas De Silvestro e Marwin Martini. A mio modo di vedere sar\u00e0 una stagione pi\u00f9 impegnativa e difficile delle precedenti, visto l\u2019arrivo di nuove squadre di buon livello (Fassa e Aosta), ma penso che sar\u00e0 comunque un campionato entusiasmante come sempre\u201d.<\/p>\n<p>&nbsp;<\/p>\n<p><span style=\"color: #0000ff;\"><strong>CORSA CAMPESTRE<\/strong><\/span><\/p>\n<blockquote>\n<h3>MORRIS DE ZAIACOMO E CINZIA SALVI SI AGGIUDICANO LA FRASSENE&#8217; CROSS<\/h3>\n<\/blockquote>\n<p><strong>VOLTAGO<\/strong> La seconda tappa della Corri Poi \u00e8 andata in scena a Frassen\u00e8 nel pomeriggio di sabato con la Frassen\u00e8 Cross organizzata dal Gruppo Sportivo Frassen\u00e8. Quasi 160 iscritti alla gara suddivisa in due tracciati: 5,5 km per gli adulti e 1,4 km per i giovani. A tagliare per primo il traguardo della gara dedicata agli adulti \u00e8 stato Morris De Zaiacomo che ha chiuso con il tempo di 24&#8217;28&#8221;. Luca Mosena secondo e Valentino Costa terzo. In ambito femminile la vittoria \u00e8 andata a Cinzia Salvi con il tempo di 30&#8217;49&#8221; seguita da Eleonora Pellegrini e terza posizione per Martina Scola. Tra i giovani la vittoria di Nikolas Bettini che ha chiuso la gara corta in 5&#8217;14&#8221;, Viola Della Lucia si aggiudica la gara delle ragazze.<\/p>\n<h2><strong>LE CLASSIFICHE <a href=\"https:\/\/www.dtiming.it\/wp-content\/glive\/g-live.html?f=\/wp-content\/glive-results\/frassene-cross-2024\/Frassen%C3%A8%20Cross.clax\"><span style=\"color: #3366ff;\">CLICCA QUI<\/span><\/a><\/strong><\/h2>\n\n\t\t\t<style type='text\/css'>\n\t\t\t\t#gallery-12 {\n\t\t\t\t\tmargin: auto;\n\t\t\t\t}\n\t\t\t\t#gallery-12 .gallery-item {\n\t\t\t\t\tfloat: left;\n\t\t\t\t\tmargin-top: 10px;\n\t\t\t\t\ttext-align: center;\n\t\t\t\t\twidth: 20%;\n\t\t\t\t}\n\t\t\t\t#gallery-12 img {\n\t\t\t\t\tborder: 2px solid #cfcfcf;\n\t\t\t\t}\n\t\t\t\t#gallery-12 .gallery-caption {\n\t\t\t\t\tmargin-left: 0;\n\t\t\t\t}\n\t\t\t\t\/* see gallery_shortcode() in wp-includes\/media.php *\/\n\t\t\t<\/style>\n\t\t<div id='gallery-12' class='dt-gallery-container gallery galleryid-395924 gallery-columns-5 gallery-size-thumbnail'><dl class='gallery-item'>\n\t\t\t\t<dt class='gallery-icon portrait'>\n\t\t\t\t\t<a class=\"rollover rollover-zoom dt-pswp-item\" title=\"70a59667-6e4a-4765-8642-824982e02a7d\" data-dt-img-description=\"\" data-large_image_width=\"828\" data-large_image_height=\"1463\"href='https:\/\/www.radiopiu.net\/wordpress\/wp-content\/uploads\/2024\/06\/70a59667-6e4a-4765-8642-824982e02a7d.jpg'><img loading=\"lazy\" decoding=\"async\" width=\"150\" height=\"150\" src=\"https:\/\/www.radiopiu.net\/wordpress\/wp-content\/uploads\/2024\/06\/70a59667-6e4a-4765-8642-824982e02a7d-150x150.jpg\" class=\"attachment-thumbnail size-thumbnail\" alt=\"\" \/><\/a>\n\t\t\t\t<\/dt><\/dl><dl class='gallery-item'>\n\t\t\t\t<dt class='gallery-icon portrait'>\n\t\t\t\t\t<a class=\"rollover rollover-zoom dt-pswp-item\" title=\"63573b35-7cff-4bb8-b69d-f45f83c1e154\" data-dt-img-description=\"\" data-large_image_width=\"636\" data-large_image_height=\"1179\"href='https:\/\/www.radiopiu.net\/wordpress\/wp-content\/uploads\/2024\/06\/63573b35-7cff-4bb8-b69d-f45f83c1e154.jpg'><img loading=\"lazy\" decoding=\"async\" width=\"150\" height=\"150\" src=\"https:\/\/www.radiopiu.net\/wordpress\/wp-content\/uploads\/2024\/06\/63573b35-7cff-4bb8-b69d-f45f83c1e154-150x150.jpg\" class=\"attachment-thumbnail size-thumbnail\" alt=\"\" \/><\/a>\n\t\t\t\t<\/dt><\/dl><dl class='gallery-item'>\n\t\t\t\t<dt class='gallery-icon landscape'>\n\t\t\t\t\t<a class=\"rollover rollover-zoom dt-pswp-item\" title=\"44708657-a1df-4f50-b1ab-7b798254af00\" data-dt-img-description=\"\" data-large_image_width=\"1600\" data-large_image_height=\"1200\"href='https:\/\/www.radiopiu.net\/wordpress\/wp-content\/uploads\/2024\/06\/44708657-a1df-4f50-b1ab-7b798254af00.jpg'><img loading=\"lazy\" decoding=\"async\" width=\"150\" height=\"150\" src=\"https:\/\/www.radiopiu.net\/wordpress\/wp-content\/uploads\/2024\/06\/44708657-a1df-4f50-b1ab-7b798254af00-150x150.jpg\" class=\"attachment-thumbnail size-thumbnail\" alt=\"\" \/><\/a>\n\t\t\t\t<\/dt><\/dl><dl class='gallery-item'>\n\t\t\t\t<dt class='gallery-icon landscape'>\n\t\t\t\t\t<a class=\"rollover rollover-zoom dt-pswp-item\" title=\"0f8d0b35-74d8-4e67-a00d-0b8868138b94\" data-dt-img-description=\"\" data-large_image_width=\"1600\" data-large_image_height=\"1200\"href='https:\/\/www.radiopiu.net\/wordpress\/wp-content\/uploads\/2024\/06\/0f8d0b35-74d8-4e67-a00d-0b8868138b94.jpg'><img loading=\"lazy\" decoding=\"async\" width=\"150\" height=\"150\" src=\"https:\/\/www.radiopiu.net\/wordpress\/wp-content\/uploads\/2024\/06\/0f8d0b35-74d8-4e67-a00d-0b8868138b94-150x150.jpg\" class=\"attachment-thumbnail size-thumbnail\" alt=\"\" \/><\/a>\n\t\t\t\t<\/dt><\/dl><dl class='gallery-item'>\n\t\t\t\t<dt class='gallery-icon landscape'>\n\t\t\t\t\t<a class=\"rollover rollover-zoom dt-pswp-item\" title=\"693674bf-152f-4f24-9079-54935dffa001\" data-dt-img-description=\"\" data-large_image_width=\"1600\" data-large_image_height=\"1066\"href='https:\/\/www.radiopiu.net\/wordpress\/wp-content\/uploads\/2024\/06\/693674bf-152f-4f24-9079-54935dffa001.jpg'><img loading=\"lazy\" decoding=\"async\" width=\"150\" height=\"150\" src=\"https:\/\/www.radiopiu.net\/wordpress\/wp-content\/uploads\/2024\/06\/693674bf-152f-4f24-9079-54935dffa001-150x150.jpg\" class=\"attachment-thumbnail size-thumbnail\" alt=\"\" \/><\/a>\n\t\t\t\t<\/dt><\/dl><br style=\"clear: both\" \/><dl class='gallery-item'>\n\t\t\t\t<dt class='gallery-icon landscape'>\n\t\t\t\t\t<a class=\"rollover rollover-zoom dt-pswp-item\" title=\"3bdee709-9784-43ea-8c1b-affa644c648c\" data-dt-img-description=\"\" data-large_image_width=\"1600\" data-large_image_height=\"1066\"href='https:\/\/www.radiopiu.net\/wordpress\/wp-content\/uploads\/2024\/06\/3bdee709-9784-43ea-8c1b-affa644c648c.jpg'><img loading=\"lazy\" decoding=\"async\" width=\"150\" height=\"150\" src=\"https:\/\/www.radiopiu.net\/wordpress\/wp-content\/uploads\/2024\/06\/3bdee709-9784-43ea-8c1b-affa644c648c-150x150.jpg\" class=\"attachment-thumbnail size-thumbnail\" alt=\"\" \/><\/a>\n\t\t\t\t<\/dt><\/dl><dl class='gallery-item'>\n\t\t\t\t<dt class='gallery-icon landscape'>\n\t\t\t\t\t<a class=\"rollover rollover-zoom dt-pswp-item\" title=\"83864533-6cb2-477b-a6db-eb5f44619048\" data-dt-img-description=\"\" data-large_image_width=\"1600\" data-large_image_height=\"1066\"href='https:\/\/www.radiopiu.net\/wordpress\/wp-content\/uploads\/2024\/06\/83864533-6cb2-477b-a6db-eb5f44619048.jpg'><img loading=\"lazy\" decoding=\"async\" width=\"150\" height=\"150\" src=\"https:\/\/www.radiopiu.net\/wordpress\/wp-content\/uploads\/2024\/06\/83864533-6cb2-477b-a6db-eb5f44619048-150x150.jpg\" class=\"attachment-thumbnail size-thumbnail\" alt=\"\" \/><\/a>\n\t\t\t\t<\/dt><\/dl><dl class='gallery-item'>\n\t\t\t\t<dt class='gallery-icon landscape'>\n\t\t\t\t\t<a class=\"rollover rollover-zoom dt-pswp-item\" title=\"696bdaef-4b34-43aa-8449-bd69c636f4eb\" data-dt-img-description=\"\" data-large_image_width=\"1600\" data-large_image_height=\"1066\"href='https:\/\/www.radiopiu.net\/wordpress\/wp-content\/uploads\/2024\/06\/696bdaef-4b34-43aa-8449-bd69c636f4eb.jpg'><img loading=\"lazy\" decoding=\"async\" width=\"150\" height=\"150\" src=\"https:\/\/www.radiopiu.net\/wordpress\/wp-content\/uploads\/2024\/06\/696bdaef-4b34-43aa-8449-bd69c636f4eb-150x150.jpg\" class=\"attachment-thumbnail size-thumbnail\" alt=\"\" \/><\/a>\n\t\t\t\t<\/dt><\/dl><dl class='gallery-item'>\n\t\t\t\t<dt class='gallery-icon landscape'>\n\t\t\t\t\t<a class=\"rollover rollover-zoom dt-pswp-item\" title=\"70f8c359-b6a2-43fb-9419-5e257bbb9abc\" data-dt-img-description=\"\" data-large_image_width=\"1600\" data-large_image_height=\"1066\"href='https:\/\/www.radiopiu.net\/wordpress\/wp-content\/uploads\/2024\/06\/70f8c359-b6a2-43fb-9419-5e257bbb9abc.jpg'><img loading=\"lazy\" decoding=\"async\" width=\"150\" height=\"150\" src=\"https:\/\/www.radiopiu.net\/wordpress\/wp-content\/uploads\/2024\/06\/70f8c359-b6a2-43fb-9419-5e257bbb9abc-150x150.jpg\" class=\"attachment-thumbnail size-thumbnail\" alt=\"\" \/><\/a>\n\t\t\t\t<\/dt><\/dl><dl class='gallery-item'>\n\t\t\t\t<dt class='gallery-icon landscape'>\n\t\t\t\t\t<a class=\"rollover rollover-zoom dt-pswp-item\" title=\"d4c891b7-246e-4496-86f4-1894428b5add\" data-dt-img-description=\"\" data-large_image_width=\"1600\" data-large_image_height=\"1066\"href='https:\/\/www.radiopiu.net\/wordpress\/wp-content\/uploads\/2024\/06\/d4c891b7-246e-4496-86f4-1894428b5add.jpg'><img loading=\"lazy\" decoding=\"async\" width=\"150\" height=\"150\" src=\"https:\/\/www.radiopiu.net\/wordpress\/wp-content\/uploads\/2024\/06\/d4c891b7-246e-4496-86f4-1894428b5add-150x150.jpg\" class=\"attachment-thumbnail size-thumbnail\" alt=\"\" \/><\/a>\n\t\t\t\t<\/dt><\/dl><br style=\"clear: both\" \/>\n\t\t\t<\/div>\n\n<p>&nbsp;<\/p>\n<p><span style=\"color: #0000ff;\"><strong>MOTORI<\/strong><\/span><\/p>\n<blockquote>\n<h3>TANTI GLI EVENTI COLLATERALI ALL&#8217;ALPE DEL NEVEGAL<\/h3>\n<\/blockquote>\n<p><strong><a class=\"dt-pswp-item\" href=\"https:\/\/www.radiopiu.net\/wordpress\/wp-content\/uploads\/2024\/06\/a5795452-1734-424d-af3d-77234e2f195b.jpg\" data-dt-img-description=\"\" data-large_image_width=\"1100\" data-large_image_height=\"732\"><img loading=\"lazy\" decoding=\"async\" class=\" wp-image-396120 alignleft\" src=\"https:\/\/www.radiopiu.net\/wordpress\/wp-content\/uploads\/2024\/06\/a5795452-1734-424d-af3d-77234e2f195b-300x200.jpg\" alt=\"\" width=\"192\" height=\"128\" srcset=\"https:\/\/www.radiopiu.net\/wordpress\/wp-content\/uploads\/2024\/06\/a5795452-1734-424d-af3d-77234e2f195b-300x200.jpg 300w, https:\/\/www.radiopiu.net\/wordpress\/wp-content\/uploads\/2024\/06\/a5795452-1734-424d-af3d-77234e2f195b-1024x681.jpg 1024w, https:\/\/www.radiopiu.net\/wordpress\/wp-content\/uploads\/2024\/06\/a5795452-1734-424d-af3d-77234e2f195b-768x511.jpg 768w, https:\/\/www.radiopiu.net\/wordpress\/wp-content\/uploads\/2024\/06\/a5795452-1734-424d-af3d-77234e2f195b.jpg 1100w\" sizes=\"auto, (max-width: 192px) 100vw, 192px\" \/><\/a>BELLUNO<\/strong><\/p>\n<p>DI ROBERTO BONA<\/p>\n<audio class=\"wp-audio-shortcode\" id=\"audio-395924-15\" preload=\"none\" style=\"width: 100%;\" controls=\"controls\"><source type=\"audio\/mpeg\" src=\"https:\/\/www.radiopiu.net\/wordpress\/wp-content\/uploads\/2024\/06\/BONA-EVENTI-COLLATERALI-ALLALPE-DEL-NEVEGAL.mp3?_=15\" \/><a href=\"https:\/\/www.radiopiu.net\/wordpress\/wp-content\/uploads\/2024\/06\/BONA-EVENTI-COLLATERALI-ALLALPE-DEL-NEVEGAL.mp3\">https:\/\/www.radiopiu.net\/wordpress\/wp-content\/uploads\/2024\/06\/BONA-EVENTI-COLLATERALI-ALLALPE-DEL-NEVEGAL.mp3<\/a><\/audio>\n<p>&nbsp;<\/p>\n<p>&nbsp;<\/p>\n<p><span style=\"color: #0000ff;\"><strong>CICLISMO<\/strong><\/span><\/p>\n<blockquote>\n<h3>PRESENTATA L&#8217;EDIZIONE 2024 DI ALPAGO BIKE FUNTASTIC<\/h3>\n<\/blockquote>\n<p><strong>CHIES D&#8217;ALPAGO<\/strong> Tutto pronto a Chies d&#8217;Alpago per la tre giorni dell&#8217;Alpago Bike Funtastic: un weekend lungo all&#8217;insegna delle due ruote, tra manifestazioni internazionali, eventi giovanili e promozione turistica ed eno-gastronomica del territorio.<\/p>\n<p><strong>DI DANIELE DALVIT<\/strong><\/p>\n<audio class=\"wp-audio-shortcode\" id=\"audio-395924-16\" preload=\"none\" style=\"width: 100%;\" controls=\"controls\"><source type=\"audio\/mpeg\" src=\"https:\/\/www.radiopiu.net\/wordpress\/wp-content\/uploads\/2024\/06\/Servizio-Alpago-Bike-Funtastic.mp3?_=16\" \/><a href=\"https:\/\/www.radiopiu.net\/wordpress\/wp-content\/uploads\/2024\/06\/Servizio-Alpago-Bike-Funtastic.mp3\">https:\/\/www.radiopiu.net\/wordpress\/wp-content\/uploads\/2024\/06\/Servizio-Alpago-Bike-Funtastic.mp3<\/a><\/audio>\n<p>&nbsp;<\/p>\n\n\t\t\t<style type='text\/css'>\n\t\t\t\t#gallery-13 {\n\t\t\t\t\tmargin: auto;\n\t\t\t\t}\n\t\t\t\t#gallery-13 .gallery-item {\n\t\t\t\t\tfloat: left;\n\t\t\t\t\tmargin-top: 10px;\n\t\t\t\t\ttext-align: center;\n\t\t\t\t\twidth: 33%;\n\t\t\t\t}\n\t\t\t\t#gallery-13 img {\n\t\t\t\t\tborder: 2px solid #cfcfcf;\n\t\t\t\t}\n\t\t\t\t#gallery-13 .gallery-caption {\n\t\t\t\t\tmargin-left: 0;\n\t\t\t\t}\n\t\t\t\t\/* see gallery_shortcode() in wp-includes\/media.php *\/\n\t\t\t<\/style>\n\t\t<div id='gallery-13' class='dt-gallery-container gallery galleryid-395924 gallery-columns-3 gallery-size-thumbnail'><dl class='gallery-item'>\n\t\t\t\t<dt class='gallery-icon landscape'>\n\t\t\t\t\t<a class=\"rollover rollover-zoom dt-pswp-item\" title=\"2a131780-a34e-4847-824d-dd519d527996\" data-dt-img-description=\"\" data-large_image_width=\"1600\" data-large_image_height=\"1066\"href='https:\/\/www.radiopiu.net\/wordpress\/wp-content\/uploads\/2024\/06\/2a131780-a34e-4847-824d-dd519d527996.jpg'><img loading=\"lazy\" decoding=\"async\" width=\"150\" height=\"150\" src=\"https:\/\/www.radiopiu.net\/wordpress\/wp-content\/uploads\/2024\/06\/2a131780-a34e-4847-824d-dd519d527996-150x150.jpg\" class=\"attachment-thumbnail size-thumbnail\" alt=\"\" \/><\/a>\n\t\t\t\t<\/dt><\/dl><dl class='gallery-item'>\n\t\t\t\t<dt class='gallery-icon landscape'>\n\t\t\t\t\t<a class=\"rollover rollover-zoom dt-pswp-item\" title=\"13e0a5f4-405b-465d-9571-d21e7b1b817e\" data-dt-img-description=\"\" data-large_image_width=\"1600\" data-large_image_height=\"1066\"href='https:\/\/www.radiopiu.net\/wordpress\/wp-content\/uploads\/2024\/06\/13e0a5f4-405b-465d-9571-d21e7b1b817e.jpg'><img loading=\"lazy\" decoding=\"async\" width=\"150\" height=\"150\" src=\"https:\/\/www.radiopiu.net\/wordpress\/wp-content\/uploads\/2024\/06\/13e0a5f4-405b-465d-9571-d21e7b1b817e-150x150.jpg\" class=\"attachment-thumbnail size-thumbnail\" alt=\"\" \/><\/a>\n\t\t\t\t<\/dt><\/dl><dl class='gallery-item'>\n\t\t\t\t<dt class='gallery-icon portrait'>\n\t\t\t\t\t<a class=\"rollover rollover-zoom dt-pswp-item\" title=\"ca3a75c9-033f-47b9-b919-9f1b2e1d4152\" data-dt-img-description=\"\" data-large_image_width=\"1066\" data-large_image_height=\"1600\"href='https:\/\/www.radiopiu.net\/wordpress\/wp-content\/uploads\/2024\/06\/ca3a75c9-033f-47b9-b919-9f1b2e1d4152.jpg'><img loading=\"lazy\" decoding=\"async\" width=\"150\" height=\"150\" src=\"https:\/\/www.radiopiu.net\/wordpress\/wp-content\/uploads\/2024\/06\/ca3a75c9-033f-47b9-b919-9f1b2e1d4152-150x150.jpg\" class=\"attachment-thumbnail size-thumbnail\" alt=\"\" \/><\/a>\n\t\t\t\t<\/dt><\/dl><br style=\"clear: both\" \/>\n\t\t\t<\/div>\n\n<p>&nbsp;<\/p>\n<div style=\"width: 1200px;\" class=\"wp-video\"><video class=\"wp-video-shortcode\" id=\"video-395924-2\" width=\"1200\" height=\"675\" preload=\"metadata\" controls=\"controls\"><source type=\"video\/mp4\" src=\"https:\/\/www.radiopiu.net\/wordpress\/wp-content\/uploads\/2024\/06\/WhatsApp-Video-2024-06-22-at-16.59.59.mp4?_=2\" \/><a href=\"https:\/\/www.radiopiu.net\/wordpress\/wp-content\/uploads\/2024\/06\/WhatsApp-Video-2024-06-22-at-16.59.59.mp4\">https:\/\/www.radiopiu.net\/wordpress\/wp-content\/uploads\/2024\/06\/WhatsApp-Video-2024-06-22-at-16.59.59.mp4<\/a><\/video><\/div>\n<p>&nbsp;<\/p>\n<p>&nbsp;<\/p>\n<p>&nbsp;<\/p>\n","protected":false},"excerpt":{"rendered":"<p>***** *AGORDO: Ladri d&#8217;appartamento sfidano la luce del giorno AGORDO\u00a0 I ladri d&#8217;appartamento, quelli che forzano le finestre all&#8217;inizio della sera, sfacciati al punto tale da sfidare la luce del giorno, sono tornati a colpire. Approfittano delle brevi assenze dei proprietari, specialmente nel fine settimana, per entrare nelle case e mettere tutto a soqquadro alla&hellip;<\/p>\n","protected":false},"author":4,"featured_media":396089,"comment_status":"closed","ping_status":"closed","sticky":false,"template":"","format":"standard","meta":{"_monsterinsights_skip_tracking":false,"_monsterinsights_sitenote_active":false,"_monsterinsights_sitenote_note":"","_monsterinsights_sitenote_category":0,"footnotes":""},"categories":[51,86,49],"tags":[],"class_list":["post-395924","post","type-post","status-publish","format-standard","has-post-thumbnail","hentry","category-evidenza-top","category-gr","category-news-18","category-51","category-86","category-49","description-off"],"img_url":"https:\/\/www.radiopiu.net\/wordpress\/wp-content\/uploads\/2024\/06\/b1ababbf-6306-433e-9991-8ad4f8c2cbbd.jpg","_links":{"self":[{"href":"https:\/\/www.radiopiu.net\/wordpress\/wp-json\/wp\/v2\/posts\/395924","targetHints":{"allow":["GET"]}}],"collection":[{"href":"https:\/\/www.radiopiu.net\/wordpress\/wp-json\/wp\/v2\/posts"}],"about":[{"href":"https:\/\/www.radiopiu.net\/wordpress\/wp-json\/wp\/v2\/types\/post"}],"author":[{"embeddable":true,"href":"https:\/\/www.radiopiu.net\/wordpress\/wp-json\/wp\/v2\/users\/4"}],"replies":[{"embeddable":true,"href":"https:\/\/www.radiopiu.net\/wordpress\/wp-json\/wp\/v2\/comments?post=395924"}],"version-history":[{"count":0,"href":"https:\/\/www.radiopiu.net\/wordpress\/wp-json\/wp\/v2\/posts\/395924\/revisions"}],"wp:featuredmedia":[{"embeddable":true,"href":"https:\/\/www.radiopiu.net\/wordpress\/wp-json\/wp\/v2\/media\/396089"}],"wp:attachment":[{"href":"https:\/\/www.radiopiu.net\/wordpress\/wp-json\/wp\/v2\/media?parent=395924"}],"wp:term":[{"taxonomy":"category","embeddable":true,"href":"https:\/\/www.radiopiu.net\/wordpress\/wp-json\/wp\/v2\/categories?post=395924"},{"taxonomy":"post_tag","embeddable":true,"href":"https:\/\/www.radiopiu.net\/wordpress\/wp-json\/wp\/v2\/tags?post=395924"}],"curies":[{"name":"wp","href":"https:\/\/api.w.org\/{rel}","templated":true}]}}