{"id":396007,"date":"2024-06-22T19:14:12","date_gmt":"2024-06-22T17:14:12","guid":{"rendered":"https:\/\/www.radiopiu.net\/wordpress\/?p=396007"},"modified":"2024-06-22T19:14:12","modified_gmt":"2024-06-22T17:14:12","slug":"la-giornata-del-suem-118-tra-malori-e-incidenti-in-bicicletta","status":"publish","type":"post","link":"https:\/\/www.radiopiu.net\/wordpress\/la-giornata-del-suem-118-tra-malori-e-incidenti-in-bicicletta\/","title":{"rendered":"LA GIORNATA DEL SUEM 118 TRA MALORI E INCIDENTI IN BICICLETTA"},"content":{"rendered":"<p>******<\/p>\n<p>&nbsp;<\/p>\n<p><strong>REDAZIONE<\/strong> Giornata impegnativa per il Suem 118 impegnato fin dalle prime luci dell&#8217;alba. La prima chiamata al centralino poco dopo le 8 per un escursionista spagnola che aveva subito un trauma ad una gamba. Poco dopo le 9:30 un incidente in Alpago dove una donna di 78 anni aveva subito delle ferite \u00e8 stata soccorsa dall&#8217;ambulanza. Alle 9:45 l&#8217;ambulanza e l&#8217;elicottero sono stati chiamati in Alpago per soccorere un uomo di 39 anni che aveva subito un trauma neurologico. Poco prima delle 12 a Livinallongo un incidente in bicicletta con un ciclista coinvolto e portato al nosocomio di Agordo. Nello stesso momento l&#8217;elicottero Falco \u00e8 volato a San Vito dove un uomo ha perso la vita a causa di un malore. Altro incidente in bicicletta ad Arsi\u00e8 dove un ciclista \u00e8 stato portato al Santa Maria del Prato di Feltre. Alle 13 altro incidente in bicicletta a Livinallongo con un padovano di 56 anni che ha avuto la peggio ed \u00e8 stato elitrasportato a Belluno. Sulla ciclabile di Venas l&#8217;ennesimo incidente in bici con una donna di 59 anni trasferita in ambulanza all&#8217;ospedale di Pieve di Cadore.<\/p>\n<p>&nbsp;<\/p>\n<p>&nbsp;<\/p>\n<p>********<\/p>\n","protected":false},"excerpt":{"rendered":"<p>****** &nbsp; REDAZIONE Giornata impegnativa per il Suem 118 impegnato fin dalle prime luci dell&#8217;alba. La prima chiamata al centralino poco dopo le 8 per un escursionista spagnola che aveva subito un trauma ad una gamba. Poco dopo le 9:30 un incidente in Alpago dove una donna di 78 anni aveva subito delle ferite \u00e8&hellip;<\/p>\n","protected":false},"author":4,"featured_media":380539,"comment_status":"closed","ping_status":"closed","sticky":false,"template":"","format":"standard","meta":{"_monsterinsights_skip_tracking":false,"_monsterinsights_sitenote_active":false,"_monsterinsights_sitenote_note":"","_monsterinsights_sitenote_category":0,"footnotes":""},"categories":[49],"tags":[],"class_list":["post-396007","post","type-post","status-publish","format-standard","has-post-thumbnail","hentry","category-news-18","category-49","description-off"],"img_url":"https:\/\/www.radiopiu.net\/wordpress\/wp-content\/uploads\/2024\/03\/salt-croce-verde-val-biois-1.jpg","_links":{"self":[{"href":"https:\/\/www.radiopiu.net\/wordpress\/wp-json\/wp\/v2\/posts\/396007","targetHints":{"allow":["GET"]}}],"collection":[{"href":"https:\/\/www.radiopiu.net\/wordpress\/wp-json\/wp\/v2\/posts"}],"about":[{"href":"https:\/\/www.radiopiu.net\/wordpress\/wp-json\/wp\/v2\/types\/post"}],"author":[{"embeddable":true,"href":"https:\/\/www.radiopiu.net\/wordpress\/wp-json\/wp\/v2\/users\/4"}],"replies":[{"embeddable":true,"href":"https:\/\/www.radiopiu.net\/wordpress\/wp-json\/wp\/v2\/comments?post=396007"}],"version-history":[{"count":0,"href":"https:\/\/www.radiopiu.net\/wordpress\/wp-json\/wp\/v2\/posts\/396007\/revisions"}],"wp:featuredmedia":[{"embeddable":true,"href":"https:\/\/www.radiopiu.net\/wordpress\/wp-json\/wp\/v2\/media\/380539"}],"wp:attachment":[{"href":"https:\/\/www.radiopiu.net\/wordpress\/wp-json\/wp\/v2\/media?parent=396007"}],"wp:term":[{"taxonomy":"category","embeddable":true,"href":"https:\/\/www.radiopiu.net\/wordpress\/wp-json\/wp\/v2\/categories?post=396007"},{"taxonomy":"post_tag","embeddable":true,"href":"https:\/\/www.radiopiu.net\/wordpress\/wp-json\/wp\/v2\/tags?post=396007"}],"curies":[{"name":"wp","href":"https:\/\/api.w.org\/{rel}","templated":true}]}}