{"id":396068,"date":"2024-06-23T10:09:41","date_gmt":"2024-06-23T08:09:41","guid":{"rendered":"https:\/\/www.radiopiu.net\/wordpress\/?p=396068"},"modified":"2024-06-23T10:09:41","modified_gmt":"2024-06-23T08:09:41","slug":"francesco-soppelsa-confermato-allalleghe-hockey","status":"publish","type":"post","link":"https:\/\/www.radiopiu.net\/wordpress\/francesco-soppelsa-confermato-allalleghe-hockey\/","title":{"rendered":"FRANCESCO SOPPELSA CONFERMATO ALL&#8217;ALLEGHE HOCKEY"},"content":{"rendered":"<p>*******<\/p>\n<p>&nbsp;<\/p>\n<p><strong><a class=\"dt-pswp-item\" href=\"https:\/\/www.radiopiu.net\/wordpress\/wp-content\/uploads\/2024\/06\/8375ca85-056b-4cf9-bf05-090565136ffc.jpg\" data-dt-img-description=\"\" data-large_image_width=\"940\" data-large_image_height=\"516\"><img loading=\"lazy\" decoding=\"async\" class=\" wp-image-396069 alignleft\" src=\"https:\/\/www.radiopiu.net\/wordpress\/wp-content\/uploads\/2024\/06\/8375ca85-056b-4cf9-bf05-090565136ffc-300x165.jpg\" alt=\"\" width=\"204\" height=\"112\" srcset=\"https:\/\/www.radiopiu.net\/wordpress\/wp-content\/uploads\/2024\/06\/8375ca85-056b-4cf9-bf05-090565136ffc-300x165.jpg 300w, https:\/\/www.radiopiu.net\/wordpress\/wp-content\/uploads\/2024\/06\/8375ca85-056b-4cf9-bf05-090565136ffc-768x422.jpg 768w, https:\/\/www.radiopiu.net\/wordpress\/wp-content\/uploads\/2024\/06\/8375ca85-056b-4cf9-bf05-090565136ffc.jpg 940w\" sizes=\"auto, (max-width: 204px) 100vw, 204px\" \/><\/a>DI ROBERTO MIANA, PORTAVOCE DELL&#8217;ALLEGHE HOCKEY<\/strong><\/p>\n<p>Buone nuove all\u2019ombra del Civetta, dove l\u2019Alleghe Hockey conferma Francesco Soppelsa. Classe 2002 di Cencenighe Agordino, meccanico di macchine movimento terra, nel tempo libero ha come passione la pallacanestro e come hobby fare passeggiate in montagna. Prodotto del vivaio biancorosso \u00e8 un hockeista generoso che non fa mai mancare il suo apporto alla squadra, soprattutto in fase realizzativa. L\u2019ultima stagione \u00e8 stata la sua migliore in riva al lago, risultando il pi\u00f9 prolifico tra i giocatori locali. Ha esordito in prima squadra nella stagione 2018\/2019, facendo registrare 154 presenze impreziosite da 29 gol e 38 assist. Nell\u2019ultimo campionato ha messo a referto un bottino di 10 gol e 12 assist in 36 gare disputate. Cos\u00ec le parole di Francesco: \u201cSono contentissimo di vestire ancora questa maglia, ne ero gi\u00e0 convinto e quando la Societ\u00e0 mi ha contattato non ho avuto dubbi, perch\u00e9 mi trovo molto bene qui. Secondo me quest\u2019anno abbiamo la possibilit\u00e0 di toglierci delle soddisfazioni, poi con i compagni di squadra mi trovo bene, in particolar modo con i ragazzi della mia et\u00e0, con i quali ho vissuto pi\u00f9 anni di gioco e condiviso belle esperienze, tipo Thomas De Silvestro e Marwin Martini. A mio modo di vedere sar\u00e0 una stagione pi\u00f9 impegnativa e difficile delle precedenti, visto l\u2019arrivo di nuove squadre di buon livello (Fassa e Aosta), ma penso che sar\u00e0 comunque un campionato entusiasmante come sempre\u201d.<\/p>\n<p>&nbsp;<\/p>\n<p>&nbsp;<\/p>\n<p>&nbsp;<\/p>\n<p>********<\/p>\n","protected":false},"excerpt":{"rendered":"<p>******* &nbsp; DI ROBERTO MIANA, PORTAVOCE DELL&#8217;ALLEGHE HOCKEY Buone nuove all\u2019ombra del Civetta, dove l\u2019Alleghe Hockey conferma Francesco Soppelsa. Classe 2002 di Cencenighe Agordino, meccanico di macchine movimento terra, nel tempo libero ha come passione la pallacanestro e come hobby fare passeggiate in montagna. Prodotto del vivaio biancorosso \u00e8 un hockeista generoso che non fa&hellip;<\/p>\n","protected":false},"author":4,"featured_media":396069,"comment_status":"closed","ping_status":"closed","sticky":false,"template":"","format":"standard","meta":{"_monsterinsights_skip_tracking":false,"_monsterinsights_sitenote_active":false,"_monsterinsights_sitenote_note":"","_monsterinsights_sitenote_category":0,"footnotes":""},"categories":[49],"tags":[],"class_list":["post-396068","post","type-post","status-publish","format-standard","has-post-thumbnail","hentry","category-news-18","category-49","description-off"],"img_url":"https:\/\/www.radiopiu.net\/wordpress\/wp-content\/uploads\/2024\/06\/8375ca85-056b-4cf9-bf05-090565136ffc.jpg","_links":{"self":[{"href":"https:\/\/www.radiopiu.net\/wordpress\/wp-json\/wp\/v2\/posts\/396068","targetHints":{"allow":["GET"]}}],"collection":[{"href":"https:\/\/www.radiopiu.net\/wordpress\/wp-json\/wp\/v2\/posts"}],"about":[{"href":"https:\/\/www.radiopiu.net\/wordpress\/wp-json\/wp\/v2\/types\/post"}],"author":[{"embeddable":true,"href":"https:\/\/www.radiopiu.net\/wordpress\/wp-json\/wp\/v2\/users\/4"}],"replies":[{"embeddable":true,"href":"https:\/\/www.radiopiu.net\/wordpress\/wp-json\/wp\/v2\/comments?post=396068"}],"version-history":[{"count":0,"href":"https:\/\/www.radiopiu.net\/wordpress\/wp-json\/wp\/v2\/posts\/396068\/revisions"}],"wp:featuredmedia":[{"embeddable":true,"href":"https:\/\/www.radiopiu.net\/wordpress\/wp-json\/wp\/v2\/media\/396069"}],"wp:attachment":[{"href":"https:\/\/www.radiopiu.net\/wordpress\/wp-json\/wp\/v2\/media?parent=396068"}],"wp:term":[{"taxonomy":"category","embeddable":true,"href":"https:\/\/www.radiopiu.net\/wordpress\/wp-json\/wp\/v2\/categories?post=396068"},{"taxonomy":"post_tag","embeddable":true,"href":"https:\/\/www.radiopiu.net\/wordpress\/wp-json\/wp\/v2\/tags?post=396068"}],"curies":[{"name":"wp","href":"https:\/\/api.w.org\/{rel}","templated":true}]}}