{"id":396194,"date":"2024-06-25T05:49:12","date_gmt":"2024-06-25T03:49:12","guid":{"rendered":"https:\/\/www.radiopiu.net\/wordpress\/?p=396194"},"modified":"2024-06-25T08:53:40","modified_gmt":"2024-06-25T06:53:40","slug":"giornale-radiopiu-25-giugno","status":"publish","type":"post","link":"https:\/\/www.radiopiu.net\/wordpress\/giornale-radiopiu-25-giugno\/","title":{"rendered":"GIORNALE RADIOPIU 25 GIUGNO 2024 DIRETTORE MIRKO MEZZACASA\u2026DA 41 ANNI 25 GIUGNO 1983-25 GIUGNO 2024"},"content":{"rendered":"<p>*****<\/p>\n<p>&nbsp;<\/p>\n<h1 style=\"text-align: center;\"><\/h1>\n<h1 style=\"text-align: center;\"><\/h1>\n<h1 style=\"text-align: center;\"><strong>AUGURI RADIO PIU!!!! OGGI SONO 41\u00a0<\/strong><\/h1>\n<blockquote>\n<h1 style=\"text-align: center;\"><span style=\"color: #ff0000;\"><a class=\"dt-pswp-item\" href=\"https:\/\/www.radiopiu.net\/wordpress\/wp-content\/uploads\/2024\/06\/Senza-nome-67.png\" data-dt-img-description=\"\" data-large_image_width=\"413\" data-large_image_height=\"248\"><img loading=\"lazy\" decoding=\"async\" class=\"size-medium wp-image-396280 aligncenter\" src=\"https:\/\/www.radiopiu.net\/wordpress\/wp-content\/uploads\/2024\/06\/Senza-nome-67-300x180.png\" alt=\"\" width=\"300\" height=\"180\" srcset=\"https:\/\/www.radiopiu.net\/wordpress\/wp-content\/uploads\/2024\/06\/Senza-nome-67-300x180.png 300w, https:\/\/www.radiopiu.net\/wordpress\/wp-content\/uploads\/2024\/06\/Senza-nome-67.png 413w\" sizes=\"auto, (max-width: 300px) 100vw, 300px\" \/><\/a><\/span><\/h1>\n<h1><span style=\"color: #ff0000;\">25 GIUGNO 1983- 25 GIUGNO 2024. AUGURI RADIO PIU&#8217;. 39 ANNI DI RADIO<\/span><\/h1>\n<\/blockquote>\n<p>&nbsp;<\/p>\n<p><strong>di mirko mezzacasa<\/strong><\/p>\n<p><strong><a class=\"dt-pswp-item\" href=\"https:\/\/www.radiopiu.net\/wordpress\/wp-content\/uploads\/2022\/06\/Copia-di-linizio-5.jpg\" data-dt-img-description=\"\" data-large_image_width=\"640\" data-large_image_height=\"960\"><img loading=\"lazy\" decoding=\"async\" class=\"wp-image-283346 alignleft\" src=\"https:\/\/www.radiopiu.net\/wordpress\/wp-content\/uploads\/2022\/06\/Copia-di-linizio-5.jpg\" alt=\"\" width=\"216\" height=\"324\" srcset=\"https:\/\/www.radiopiu.net\/wordpress\/wp-content\/uploads\/2022\/06\/Copia-di-linizio-5.jpg 640w, https:\/\/www.radiopiu.net\/wordpress\/wp-content\/uploads\/2022\/06\/Copia-di-linizio-5-200x300.jpg 200w\" sizes=\"auto, (max-width: 216px) 100vw, 216px\" \/><\/a>TAIBON<\/strong> Quel primo pomeriggio del 25 giugno \u00e8 stato un giorno di festa per Taibon. Per noi allora diciottenni senza ombra di dubbio. Da settimane provavamo le presentazioni delle canzoni, trascorrevamo intere serate a far girare due vecchi giradischi che Vanni aveva incastrato in due grandi tavoli di legno fatti in casa. L&#8217;odore, quello del bostik per appicciare ai muri i contenitori delle uova ce l&#8217;ho nel naso da allora ed \u00e8 un ricordo splendido. Era l&#8217;odore della radio, era l&#8217;odore dell&#8217;estate del 1983, quella del concerto di Vasco Rossi a Longarone Palafiere (il secondo in due anni), ma anche del ritorno a Belluno di Mia Martini, allora con Mario Lavezzi. Era l&#8217;anno dell&#8217;Agordino d&#8217;Oro e delle Frecce Tricolori alle quali l&#8217;Agordino ha tributato fragorosi applausi, qualcuno in meno al Presidente della Repubblica Sandro Pertini, ospite d&#8217;onore (era in vacanza in Val Gardena) e da poco aveva messo quella firma che spostava i confini della Marmolada. Eravamo giovani, pieni di voglia di cambiare il mondo e ci abbiamo provato con la musica, l&#8217;informazione, i giochi, le feste (la prima al Nof Filo&#8217; di Cencenighe), ma soprattutto la voglia di fare radio libera. Radio Pi\u00f9, 41 anni di storia, quando ci penso mi vengono i brividi. Il giorno del primo compleanno \u00e8 stato un primo traguardo e ci sembrava gi\u00e0 importante, poi sono arrivate le feste per i 5 anni, i 10, i 15 e i 20 con il concerto di Federico Strag\u00e0 a Taibon alla seconda edizione della sagra de Pasca. I 30 li abbiamo festeggiati in sala Don Tamis con l&#8217;enorme torta di Giancarlo Deola del SuperW e il libro &#8220;Odio La Radio&#8221;. I 29 ad Alleghe con il concerto di Roberto Vecchioni,\u00a0 che guarda caso compie gli anni anche lui il 25 giugno. E&#8217; stato l&#8217;ultimo concerto di RADIOPIU al De Toni, e anche l&#8217;ultimo evento organizzato con il caro amico Nilo Riva ( 24 marzo 1945 \u2013 Alleghe, 22 agosto 2012). Sono ricordi buttati li a caso, giusto per mettere qualche paletto in questo slalom iniziato il 25 giugno del 1983 da Piazza San Rocco,\u00a0 grazie al gruppo dei 10 soci fondatori: <strong>Renzo Gavaz, Dino Collarin, Udilio Cadorin, Agostino Cadorin, Sereno Ben, Paolo Buttol, Pierina Bellai, Gianna Schena, Alessandro Savio, Danilo Sibillon<\/strong>. A loro anche oggi, come ogni anno in questa splendida occasione va il nostro grazie per aver creato uno strumento diventato giorno dopo giorno sempre pi\u00f9 importante per l&#8217;Agordino e Provincia.<\/p>\n<div class=\"html-div xe8uvvx xdj266r x11i5rnm xat24cr x1mh8g0r xexx8yu x4uap5 x18d9i69 xkhd6sd\">\n<div class=\"html-div xe8uvvx xdj266r x11i5rnm x1mh8g0r x18d9i69 x1cy8zhl x78zum5 x1q0g3np xod5an3 x1pi30zi x1swvt13 xz9dl7a\">\n<div class=\"html-div xe8uvvx xdj266r x11i5rnm xat24cr x1mh8g0r xexx8yu x4uap5 x18d9i69 xkhd6sd x1iyjqo2\">\n<div class=\"x78zum5 xdt5ytf xz62fqu x16ldp7u\">\n<div class=\"xu06os2 x1ok221b\">\n<h2 id=\":rhu:\" class=\"html-h2 xe8uvvx x11i5rnm xat24cr x1mh8g0r xexx8yu x4uap5 x18d9i69 xkhd6sd x1vvkbs x1heor9g x1qlqyl8 x1pd3egz x1a2a7pz x1gslohp x1yc453h\"><span class=\"xt0psk2\"><a class=\"x1i10hfl xjbqb8w x1ejq31n xd10rxx x1sy0etr x17r0tee x972fbf xcfux6l x1qhh985 xm0m39n x9f619 x1ypdohk xt0psk2 xe8uvvx xdj266r x11i5rnm xat24cr x1mh8g0r xexx8yu x4uap5 x18d9i69 xkhd6sd x16tdsg8 x1hl2dhg xggy1nq x1a2a7pz x1sur9pj xkrqix3 xzsf02u x1s688f\" tabindex=\"0\" role=\"link\" href=\"https:\/\/www.facebook.com\/paolo.soppelsa?__cft__[0]=AZVVrpdL7B6-VxpZ7ljTX2RB0VPpufrF8Q22TVL_Hb9AqVrSB16tmolB4R-f22soVI7XC93NmVAde-yAgpYCxNox1uTVkTzQzyRikBZoo9o1JcGlkcrCgu4ixPreLVAeoCF0fgnrMOrwGNinsqtkSMX-FkqKPQAEbgKW2oPYlwRx-Q&amp;__tn__=-UC%2CP-R\"><strong><span class=\"html-span xdj266r x11i5rnm xat24cr x1mh8g0r xexx8yu x4uap5 x18d9i69 xkhd6sd x1hl2dhg x16tdsg8 x1vvkbs\">Paolo Soppelsa<\/span><\/strong><\/a><\/span><\/h2>\n<\/div>\n<div class=\"xu06os2 x1ok221b\">&#8230;Eh\u2026RadioPi\u00f9\u2026che bella storia!! Una storia iniziata il 25 giugno 1983, esattamente quarantuno!! Tanti super auguri!! Ci sono cresciuto con questa emittente, lei \u00e8 la voce dell&#8217;agordino che mi entra in casa e in macchina, e da qualche anno pure nello smartphone. RadioPi\u00f9 \u00e8 s\u00ec orgogliosamente radio, ma \u00e8 anche web e social, ha saputo evolversi RadioPi\u00f9, e attraverso l&#8217;uso sapiente dei nuovi canali ha avvicinato ancor di pi\u00f9 i suoi ascoltatori, rendendoli protagonisti del suo continuo evolvere. Mi piace RadioPi\u00f9, mi piace il suo spirito, l&#8217;essere al servizio della gente sia nei momenti di intrattenimento e soprattutto nei momenti difficili. Una voce amica che c&#8217;\u00e8 sempre, una voce importante. Tanti ricordi legati a questa radio oggi che oggi entra negli &#8220;anta&#8221;. Le canzoni anni &#8217;80 ascoltate durante quelle gioiose estati trascorse a Cencenighe, e poi l&#8217;hockey su ghiaccio; tanti sono stati gli anni gli passati a gioire e soffrire incollato alla radio per seguire le partite dell&#8217;Alleghe. Erano i giorni fra Natale e Capodanno del 1990 e al De Toni si giocava un&#8217; epica partita fra L&#8217;Alleghe e il Saima Milano. Ed io l&#8217;ascoltai a San Tomaso sdraiato al caldo sul fornel mentre fuori c&#8217;era un freddo cane ed una pacca di neve che scintillava, e questo \u00e8 uno dei ricordi pi\u00f9 cari che ho, e in questo ricordo RadioPi\u00f9 era protagonista. Poi, dal dicembre del 2019, ho avuto l&#8217;occasione di esserci anch&#8217;io dentro la radio con la rubrica dei racconti e, da qualche mese, con i video realizzati da Luca Soppelsa tratti dai miei testi, e ancora oggi non mi capacito di ci\u00f2 ma cos\u00ec \u00e8 andata, ed \u00e8 un grandissimo onore esserci da ormai oltre quattro anni e mezzo. Grazie RadioPi\u00f9, la compagna fedele delle mie scorribande lungo la Strada Madre; mi piace un sacco pensare che la radio abbia la sede proprio sulla mia strada del cuore. Un grande grazie a Mirko di RadioPi\u00f9 e a tutti i suoi collaboratori, che da oltre quarant&#8217;anni anni, portano avanti questa grande storia. Grazie di tutto\u2026tanti tanti tanti auguri RadioPi\u00f9!!&#8230;&#8221;<\/div>\n<div><\/div>\n<div><\/div>\n<\/div>\n<\/div>\n<\/div>\n<\/div>\n<hr \/>\n<p>&nbsp;<\/p>\n<p>&nbsp;<\/p>\n<p><em><a href=\"https:\/\/www.radiopiu.net\/wordpress\/giornale-radiopiu-24-gennaio-2021-direttore-mirko-mezzacasa\/79216601_126817312416448_708980208774483089_n\/\" rel=\"attachment wp-att-186567\"><img loading=\"lazy\" decoding=\"async\" class=\"size-medium wp-image-186567 alignright\" src=\"https:\/\/www.radiopiu.net\/wordpress\/wp-content\/uploads\/2021\/01\/79216601_126817312416448_708980208774483089_n-300x114.jpg\" alt=\"\" width=\"300\" height=\"114\" srcset=\"https:\/\/www.radiopiu.net\/wordpress\/wp-content\/uploads\/2021\/01\/79216601_126817312416448_708980208774483089_n-300x114.jpg 300w, https:\/\/www.radiopiu.net\/wordpress\/wp-content\/uploads\/2021\/01\/79216601_126817312416448_708980208774483089_n-768x292.jpg 768w, https:\/\/www.radiopiu.net\/wordpress\/wp-content\/uploads\/2021\/01\/79216601_126817312416448_708980208774483089_n.jpg 820w\" sizes=\"auto, (max-width: 300px) 100vw, 300px\" \/><\/a><span style=\"color: #ff0000;\">ATTENZIONE: LA NUOVA APP PER IOS-IPHONE di Nicola Vettorello <\/span><\/em><a href=\"https:\/\/apps.apple.com\/it\/app\/radio-pi%C3%B9-emittente-agordina\/id1515939845\">https:\/\/apps.apple.com\/it\/app\/radio-pi%C3%B9-emittente-agordina\/id1515939845<\/a><\/p>\n<p><em style=\"color: #ff0000;\">ATTENZIONE: LA NUOVA APP RADIO\u00a0 PER ANDROID di Nicola Vettorello<\/em><\/p>\n<p><a href=\"https:\/\/play.google.com\/store\/apps\/details?id=net.radiopiu.iniko\" target=\"_blank\" rel=\"noopener noreferrer\">https:\/\/play.google.com\/store\/apps\/details?id=net.radiopiu.iniko\u00a0\u00a0\u00a0<\/a><\/p>\n<p>&nbsp;<\/p>\n<p>&nbsp;<\/p>\n<hr \/>\n<p>&nbsp;<\/p>\n<p><strong class=\"photoswipe-wrapper\"><span style=\"color: #ff0000;\"><a class=\"dt-pswp-item\" href=\"https:\/\/www.radiopiu.net\/wordpress\/wp-content\/uploads\/2024\/06\/448892672_10219744139553689_6658349823938814275_n.jpg\" data-dt-img-description=\"\" data-large_image_width=\"526\" data-large_image_height=\"703\"><img loading=\"lazy\" decoding=\"async\" class=\" wp-image-396281 alignleft\" src=\"https:\/\/www.radiopiu.net\/wordpress\/wp-content\/uploads\/2024\/06\/448892672_10219744139553689_6658349823938814275_n-224x300.jpg\" alt=\"\" width=\"192\" height=\"257\" srcset=\"https:\/\/www.radiopiu.net\/wordpress\/wp-content\/uploads\/2024\/06\/448892672_10219744139553689_6658349823938814275_n-224x300.jpg 224w, https:\/\/www.radiopiu.net\/wordpress\/wp-content\/uploads\/2024\/06\/448892672_10219744139553689_6658349823938814275_n.jpg 526w\" sizes=\"auto, (max-width: 192px) 100vw, 192px\" \/><\/a>OGGI ALLA RADIO<\/span><\/strong>:\u00a0<strong>ALLE 6.15 <\/strong>PIROLE DE LENGA, CON IL MUSLA\u00a0\u00a0<strong>ALLE 7.20<\/strong>\u00a0EL BAL DEL FIOR, DETTI E TRADIZIONI DI GIULIANA DA RONCH;\u00a0<strong>ALLE 8.20\u00a0<\/strong>PIU&#8217; SIAMO ESTATE DI MARINA DONA&#8217;\u00a0 <strong>9.00<\/strong>\u00a0 \u00a0IL COUNTRY DI ALEX NASCINBEN\u00a0 \u00a0<strong>9.30\u00a0<\/strong>VIABILITA\u2019 Botol_Car\u00a0<span style=\"color: #0000ff;\"><strong><span style=\"color: #000000;\">10.30\u00a0 \u00a0 \u00a0<\/span><\/strong><span style=\"color: #000000;\">VOCI RIBELLI IN COLLABORAZIONE CON DAFNE CON\u00a0 ALESSIA DALL&#8217;O <\/span><\/span><strong>11.10 <\/strong>LA STORIA DEL FESTIVALBAR RACCONTATA DA MIRCO BENCIVENNI \u00a0\u00a0<strong>12.00\u00a0<\/strong>VA TUTTO LISCIO\u00a0<strong>12.30\u00a0<\/strong>GIORNALE RADIO EDIZIONE PRINCIPALE <strong>13.10<\/strong> FRANCESCO ZILLIO, EPCENTER LA TECNOLOGIA ALLA RADIO <strong>13.20<\/strong> TRE PEZZI ESTIVI DI MARINA DONA&#8217; <strong>14.00\u00a0<\/strong>\u00a0 COLLAGE OPERAZIONE NOSTALGIA LORIS SCUSSEL <strong>15.00\u00a0<\/strong>\u00a0 IL MARTEDI DI LUISA ALCHINI, OSPITE FILIPPO SANTI\u00a0 <strong>1<\/strong><strong>6.00\u00a0<\/strong>IL ROCK DI MARCO COSTANTINI\u00a0<strong>16.45\u00a0<\/strong>LE HIT DI MIRCO BENCIVENNI\u00a0 <strong>19\u00a0<\/strong>ANTICIPAZIONI DAL TG DI ANTENNA 3<\/p>\n<blockquote><p><strong>rassegna stampa nazionale, ogni giorno alle 5 e alle 6 del mattino<\/strong><br \/>\n<em>giornali locali 7 rassegna stampa flash, 8 rassegna stampa, gr flash alle 10 e alle 11, principale 12.30. Informazione pomerIggio alle 15 (speciale) 16, 17, 18. Giornale radio nazionale: ogni ora dalle 5 del mattino, alle 20 della sera.\u00a0<\/em><\/p><\/blockquote>\n<div class=\"x11i5rnm xat24cr x1mh8g0r x1vvkbs xtlvy1s x126k92a\">\n<div dir=\"auto\">\n<p><em>\u00a0\u00a0<\/em><\/p>\n<p>&nbsp;<\/p>\n<p><em>COMPLIMENTI ALL&#8217;ORGANIZZAZIONE DI SAN GIOVANNI A CANALE D&#8217;AGORDO.. .GIORNI DI FESTA MEMOERABILI SFIDANDO ANCHE LE METEO DI UNA STAGIONE CHE NON DECOLLA. AI VOLONTARI DELLA PROLOCO IL GRAZIE PER L&#8217;IMPEGNO&#8230;\u00a0<\/em><\/p>\n<\/div>\n<p>&nbsp;<\/p>\n<div dir=\"auto\">\n<p>&nbsp;<\/p>\n<hr \/>\n<p>&nbsp;<\/p>\n<p>&nbsp;<\/p>\n<div class=\"x11i5rnm xat24cr x1mh8g0r x1vvkbs xtlvy1s x126k92a\">\n<div dir=\"auto\">\n<p><strong><a class=\"dt-pswp-item\" href=\"https:\/\/www.radiopiu.net\/wordpress\/wp-content\/uploads\/2024\/02\/2d44e751-d8a8-461b-8e22-d8e4e853b032.jpg\" data-dt-img-description=\"\" data-large_image_width=\"1600\" data-large_image_height=\"1200\"><img loading=\"lazy\" decoding=\"async\" class=\"wp-image-373307 alignleft\" src=\"https:\/\/www.radiopiu.net\/wordpress\/wp-content\/uploads\/2024\/02\/2d44e751-d8a8-461b-8e22-d8e4e853b032-300x225.jpg\" alt=\"\" width=\"105\" height=\"79\" srcset=\"https:\/\/www.radiopiu.net\/wordpress\/wp-content\/uploads\/2024\/02\/2d44e751-d8a8-461b-8e22-d8e4e853b032-300x225.jpg 300w, https:\/\/www.radiopiu.net\/wordpress\/wp-content\/uploads\/2024\/02\/2d44e751-d8a8-461b-8e22-d8e4e853b032-1024x768.jpg 1024w, https:\/\/www.radiopiu.net\/wordpress\/wp-content\/uploads\/2024\/02\/2d44e751-d8a8-461b-8e22-d8e4e853b032-768x576.jpg 768w, https:\/\/www.radiopiu.net\/wordpress\/wp-content\/uploads\/2024\/02\/2d44e751-d8a8-461b-8e22-d8e4e853b032-1536x1152.jpg 1536w, https:\/\/www.radiopiu.net\/wordpress\/wp-content\/uploads\/2024\/02\/2d44e751-d8a8-461b-8e22-d8e4e853b032.jpg 1600w\" sizes=\"auto, (max-width: 105px) 100vw, 105px\" \/><\/a>EL BAL DEL FIOR, DI GIULIANA DA RONCH, 25<\/strong><strong> GIUGNO 2024<em> &#8220;AUGURI RADIOPIU&#8221;<\/em><\/strong><\/p>\n<p>&nbsp;<\/p>\n<p>&nbsp;<\/p>\n<\/div>\n<\/div>\n<\/div>\n<audio class=\"wp-audio-shortcode\" id=\"audio-396194-1\" preload=\"none\" style=\"width: 100%;\" controls=\"controls\"><source type=\"audio\/mpeg\" src=\"https:\/\/www.radiopiu.net\/wordpress\/wp-content\/uploads\/2024\/06\/GMA-3.m4a?_=1\" \/><a href=\"https:\/\/www.radiopiu.net\/wordpress\/wp-content\/uploads\/2024\/06\/GMA-3.m4a\">https:\/\/www.radiopiu.net\/wordpress\/wp-content\/uploads\/2024\/06\/GMA-3.m4a<\/a><\/audio>\n<p>&nbsp;<\/p>\n<p>&nbsp;<\/p>\n<hr \/>\n<p>&nbsp;<\/p>\n<p>&nbsp;<\/p>\n<h1><span style=\"color: #ff0000;\"><a class=\"dt-pswp-item\" href=\"https:\/\/www.radiopiu.net\/wordpress\/wp-content\/uploads\/2024\/06\/th-5.jpg\" data-dt-img-description=\"\" data-large_image_width=\"326\" data-large_image_height=\"180\"><img loading=\"lazy\" decoding=\"async\" class=\"size-medium wp-image-395881 alignleft\" src=\"https:\/\/www.radiopiu.net\/wordpress\/wp-content\/uploads\/2024\/06\/th-5-300x166.jpg\" alt=\"\" width=\"300\" height=\"166\" srcset=\"https:\/\/www.radiopiu.net\/wordpress\/wp-content\/uploads\/2024\/06\/th-5-300x166.jpg 300w, https:\/\/www.radiopiu.net\/wordpress\/wp-content\/uploads\/2024\/06\/th-5.jpg 326w\" sizes=\"auto, (max-width: 300px) 100vw, 300px\" \/><\/a><\/span><\/h1>\n<h1><\/h1>\n<h1><\/h1>\n<h1><span style=\"color: #000000;\">25 giugno&#8230; alla radio l&#8217;almanacco\u00a0<\/span><\/h1>\n<audio class=\"wp-audio-shortcode\" id=\"audio-396194-2\" preload=\"none\" style=\"width: 100%;\" controls=\"controls\"><source type=\"audio\/mpeg\" src=\"https:\/\/www.radiopiu.net\/wordpress\/wp-content\/uploads\/2024\/06\/ALMANACCONEW-2.mp3?_=2\" \/><a href=\"https:\/\/www.radiopiu.net\/wordpress\/wp-content\/uploads\/2024\/06\/ALMANACCONEW-2.mp3\">https:\/\/www.radiopiu.net\/wordpress\/wp-content\/uploads\/2024\/06\/ALMANACCONEW-2.mp3<\/a><\/audio>\n<p>&nbsp;<\/p>\n<p>&nbsp;<\/p>\n<p>&nbsp;<\/p>\n<div dir=\"auto\">\n<hr \/>\n<\/div>\n<\/div>\n<blockquote>\n<blockquote>\n<h1><span style=\"color: #ff0000;\">\u00a0<\/span><\/h1>\n<h1><span style=\"color: #ff0000;\">I podcast informativi del mattino &#8211; audio &#8211;\u00a0\u00a0<\/span><\/h1>\n<\/blockquote>\n<p><strong><a class=\"dt-pswp-item\" href=\"https:\/\/www.radiopiu.net\/wordpress\/wp-content\/uploads\/2023\/11\/th-10.jpg\" data-dt-img-description=\"\" data-large_image_width=\"320\" data-large_image_height=\"180\"><img loading=\"lazy\" decoding=\"async\" class=\"wp-image-362866 alignleft\" src=\"https:\/\/www.radiopiu.net\/wordpress\/wp-content\/uploads\/2023\/11\/th-10-300x169.jpg\" alt=\"\" width=\"185\" height=\"104\" srcset=\"https:\/\/www.radiopiu.net\/wordpress\/wp-content\/uploads\/2023\/11\/th-10-300x169.jpg 300w, https:\/\/www.radiopiu.net\/wordpress\/wp-content\/uploads\/2023\/11\/th-10.jpg 320w\" sizes=\"auto, (max-width: 185px) 100vw, 185px\" \/><\/a>LA RASSEGNA STAMPA NAZIONALE ALLA RADIO, OGNI GIORNO ALLE 5 E ALLE 6 DEL MATTINO <span style=\"color: #0000ff;\">viene pubblicata alle 6.00 <span style=\"color: #ff0000;\">DIRETTA RADIO\u00a0 \u00a0\u00a0<\/span><\/span><\/strong><\/p><\/blockquote>\n<p>&nbsp;<\/p>\n<p><strong>NOTIZIE DELLA NOTTE\u00a0<\/strong><br \/>\n<strong>La madre di Assange<\/strong>: finalmente il suo calvario sta per finire &#8216;Ringrazio la diplomazia silenziosa, per me 14 anni duri&#8221;\u00a0<strong>Parigi 24:<\/strong> Athing Mu cade, non si qualifica negli 800 metri La campionessa olimpica Usa in carica al traguardo in lacrime\u00a0\u00a0<strong>Borsa:<\/strong> Hong Kong positiva, apre a +0,33% Shanghai parte poco mossa, Shenzhen a -0,07%\u00a0<strong>La Svizzera<\/strong> rappresenter\u00e0 la diplomazia dell&#8217;Ecuador in Messico Berna media nel conflitto tra i due Paesi\u00a0<strong>Tentativo di aggressione<\/strong> a un giudice nel carcere di Terni Per la procura generale attacco con un &#8216;manico di forchetta&#8217;\u00a0<strong>Meloni, con Orban<\/strong> posizioni non sempre coincidenti su Kiev Ma apprezzo consenta ad alleato di prendere comunque decisioni\u00a0<strong>In sei Comuni<\/strong> su 14 al ballottaggio vincono sindache Per tutte le citt\u00e0 la prima volta di una donna tranne Lecce<\/p>\n<h2>AUDIO dalle 6 del mattino<\/h2>\n<audio class=\"wp-audio-shortcode\" id=\"audio-396194-3\" preload=\"none\" style=\"width: 100%;\" controls=\"controls\"><source type=\"audio\/mpeg\" src=\"https:\/\/www.radiopiu.net\/wordpress\/wp-content\/uploads\/2024\/06\/GIORNALEDELLESEI-20.mp3?_=3\" \/><a href=\"https:\/\/www.radiopiu.net\/wordpress\/wp-content\/uploads\/2024\/06\/GIORNALEDELLESEI-20.mp3\">https:\/\/www.radiopiu.net\/wordpress\/wp-content\/uploads\/2024\/06\/GIORNALEDELLESEI-20.mp3<\/a><\/audio>\n<h2><\/h2>\n<p>&nbsp;<\/p>\n<p>&nbsp;<\/p>\n<hr \/>\n<p>&nbsp;<\/p>\n<h1 style=\"text-align: center;\"><span style=\"color: #ff0000;\">I podcast informativi del mattino &#8211; audio &#8211;\u00a0<\/span><\/h1>\n<p><strong><a class=\"dt-pswp-item\" href=\"https:\/\/www.radiopiu.net\/wordpress\/wp-content\/uploads\/2023\/12\/images.png\" data-dt-img-description=\"\" data-large_image_width=\"316\" data-large_image_height=\"160\"><img loading=\"lazy\" decoding=\"async\" class=\"wp-image-367008 alignleft\" src=\"https:\/\/www.radiopiu.net\/wordpress\/wp-content\/uploads\/2023\/12\/images-300x152.png\" alt=\"\" width=\"235\" height=\"119\" srcset=\"https:\/\/www.radiopiu.net\/wordpress\/wp-content\/uploads\/2023\/12\/images-300x152.png 300w, https:\/\/www.radiopiu.net\/wordpress\/wp-content\/uploads\/2023\/12\/images.png 316w\" sizes=\"auto, (max-width: 235px) 100vw, 235px\" \/><\/a>OGNI GIORNO ALLE SETTE DEL MATTINO, LA RASSEGNA STAMPA LOCALE FLASH&#8230; PER CHI VA IN FRETTA. I TITOLI DAI GIORNALI E DAL SITO WWW.RADIOPIU.NET <span style=\"color: #0000ff;\">viene pubblicato alle 7.00<\/span> <span style=\"color: #ff0000;\">DIRETTA RADIO\u00a0<\/span><\/strong><\/p>\n<p><em><span style=\"color: #ff0000;\">per chi va in fretta&#8230; tante notizie in pochi minuti. L&#8217;informazione locale alla radio, ogni ora dalle 7 del mattino alle 19 della sera.\u00a0 <\/span><\/em><\/p>\n<p><strong>AUGURI RADIO PIU!!!! OGGI SONO 41. 25 GIUGNO 1983- 25 GIUGNO 2024. AUGURI RADIO PIU&#8217;. 39 ANNI DI RADIO\u00a0<\/strong><\/p>\n<p><strong>TAIBON AGORDINO<\/strong> Attorno alle 13.50 di ieri la Centrale del 118 \u00e8 stata contattata dai Vigili del fuoco attivati da un centro gestione emergenze allertato da un sistema satellitare, su segnalazione di 5 turisti tedeschi, 4 donne e un uomo, in difficolt\u00e0 sulle Pale di San Martino. I 5 escursionisti\u00a0 <em>soccorsi dell&#8217;elitaxi del Suem<\/em> sono stati lasciati in Val di Gares.<br \/>\n<strong>BELLUNO<\/strong>\u00a0 Nella scuola media Zanon di Castion si sono verificate due incursioni notturne in cinque giorni. La palestra \u00e8 stata ricoperta di polvere da estintore, mentre l&#8217;atrio \u00e8 stato imbrattato con coca cola e gel medicale. Le porte non presentano segni di scasso. La scuola ha denunciato gli atti vandalici.<\/p>\n<p><strong>BELLUNO<\/strong> Oggi nel Duomo di Belluno si terr\u00e0 l&#8217;ultimo saluto a Giuliano Viel, noto ristoratore di Al Borgo. La cerimonia funebre sar\u00e0 seguita dalla sepoltura nel cimitero di Quantin a Ponte nelle Alpi.<\/p>\n<p><strong>FELTRE\u00a0<\/strong> Carmine Antonino Sarno, infermiere 45enne, \u00e8 indagato per omicidio colposo dopo la morte di padre Luigi Bassetto all&#8217;ospedale di Feltre. In un&#8217;intervista a Rai 1, ha espresso profonda tristezza per l&#8217;accaduto, dichiarando di non aver mai immaginato una simile tragedia.<\/p>\n<p><strong>VAL DI ZOLDO<\/strong> In Val di Zoldo, sono state distribuite centinaia di cartoline per promuovere la raccolta fondi a sostegno del progetto \u201cUno sguardo Comune\u201d, che supporta gli anziani con servizi gratuiti. Grazie alle donazioni, si potranno coprire i costi del carburante e garantire la continuit\u00e0 del servizio<\/p>\n<p><strong>BELLUNO<\/strong> Sono nove gli uffici postali che, come ogni estate, subiranno delle riduzioni dei giorni di apertura per permettere a chi ci lavora di fare le ferie dovute ma anche per consentire di trovare i sostituti. Il disagio ad Agordo \u00e8 accentuato da un ufficio mobile che costringe a lunghe code&#8230; sotto la pioggia. Ma tant&#8217;\u00e8&#8230; il problema \u00e8 degli utenti mica dei dirigenti del servizio giallo.<\/p>\n<p>&nbsp;<\/p>\n<h1>AUDIO dalle 7 del mattino<\/h1>\n<audio class=\"wp-audio-shortcode\" id=\"audio-396194-4\" preload=\"none\" style=\"width: 100%;\" controls=\"controls\"><source type=\"audio\/mpeg\" src=\"https:\/\/www.radiopiu.net\/wordpress\/wp-content\/uploads\/2024\/06\/GF07-21.mp3?_=4\" \/><a href=\"https:\/\/www.radiopiu.net\/wordpress\/wp-content\/uploads\/2024\/06\/GF07-21.mp3\">https:\/\/www.radiopiu.net\/wordpress\/wp-content\/uploads\/2024\/06\/GF07-21.mp3<\/a><\/audio>\n<p>&nbsp;<\/p>\n<p>&nbsp;<\/p>\n<hr \/>\n<p>&nbsp;<\/p>\n<h1><\/h1>\n<h1 style=\"text-align: center;\"><span style=\"color: #ff0000;\"><a class=\"dt-pswp-item\" href=\"https:\/\/www.radiopiu.net\/wordpress\/wp-content\/uploads\/2022\/01\/026c3f9d-dae9-4040-a3c1-a6530231bcc3.jpg\" data-dt-img-description=\"\" data-large_image_width=\"1152\" data-large_image_height=\"2048\"><img loading=\"lazy\" decoding=\"async\" class=\"wp-image-251839 alignleft\" src=\"https:\/\/www.radiopiu.net\/wordpress\/wp-content\/uploads\/2022\/01\/026c3f9d-dae9-4040-a3c1-a6530231bcc3-169x300.jpg\" alt=\"\" width=\"100\" height=\"177\" srcset=\"https:\/\/www.radiopiu.net\/wordpress\/wp-content\/uploads\/2022\/01\/026c3f9d-dae9-4040-a3c1-a6530231bcc3-169x300.jpg 169w, https:\/\/www.radiopiu.net\/wordpress\/wp-content\/uploads\/2022\/01\/026c3f9d-dae9-4040-a3c1-a6530231bcc3-576x1024.jpg 576w, https:\/\/www.radiopiu.net\/wordpress\/wp-content\/uploads\/2022\/01\/026c3f9d-dae9-4040-a3c1-a6530231bcc3-768x1365.jpg 768w, https:\/\/www.radiopiu.net\/wordpress\/wp-content\/uploads\/2022\/01\/026c3f9d-dae9-4040-a3c1-a6530231bcc3-864x1536.jpg 864w, https:\/\/www.radiopiu.net\/wordpress\/wp-content\/uploads\/2022\/01\/026c3f9d-dae9-4040-a3c1-a6530231bcc3.jpg 1152w\" sizes=\"auto, (max-width: 100px) 100vw, 100px\" \/><\/a>I podcast informativi del mattino &#8211; audio &#8211;\u00a0<\/span><\/h1>\n<blockquote><p><strong>GIORNALE RADIO NAZIONALE, EDIZIONE DELLE SETTE <span style=\"color: #0000ff;\">viene pubblicato alle 7.05 <span style=\"color: #ff0000;\">DIRETTA RADIO\u00a0<\/span><\/span><\/strong><\/p><\/blockquote>\n<p><strong>il giornale radionazionale e&#8217; in onda ogni ora, dalle sette del mattino alle venti della sera\u00a0 \u00a0<\/strong><strong>\u00a0<\/strong><\/p>\n<p><strong>Catania<\/strong> Uccise la figlia e finse un sequestro, chiesti 30 anni di carcere\u00a0<strong>Padova<\/strong> Tragico picnic, bimba di 3 anni cade in canale e muore\u00a0\u00a0<strong>Fano<\/strong> Duplice omicidio,\u00a0 coppia di anziani trovata morta, a dare l&#8217;allarme il figlio, ora sotto interrogatorio<strong>Palermo<\/strong>\u00a0 Alla guida ubriaca, tasso alcool ben oltre il limite di legge, ancora grave 23enne, nell&#8217;incidente stradale morti figlio e zia<strong>Udine<\/strong> Natisone, oggi lutto cittadino a Premariacco L&#8217; indagine resta contro ignoti<strong>Milano<\/strong> Ubriaco investe 24enne e la trascina sotto l&#8217;auto, \u00e8 accaduto a Milano. Fermato dopo 300 metri da una volante<strong>Padova<\/strong> Turetta tenta di giustificare il kit per l&#8217;omicidio, nell&#8217;interrogatorio, &#8216;coltelli e scotch in auto gi\u00e0 da prima&#8217; <strong>ROMA<\/strong> Si appropri\u00f2 dei soldi di Calissano, indagini chiuse sul tutore, in quattro, oltre all&#8217;attore, le &#8216;vittime&#8217; dell&#8217;amministratore di sostegno<\/p>\n<h2>AUDIO dalle sette del mattino, ogni ora alla radio<\/h2>\n<audio class=\"wp-audio-shortcode\" id=\"audio-396194-5\" preload=\"none\" style=\"width: 100%;\" controls=\"controls\"><source type=\"audio\/mpeg\" src=\"https:\/\/www.radiopiu.net\/wordpress\/wp-content\/uploads\/2024\/06\/giornale07-20.mp3?_=5\" \/><a href=\"https:\/\/www.radiopiu.net\/wordpress\/wp-content\/uploads\/2024\/06\/giornale07-20.mp3\">https:\/\/www.radiopiu.net\/wordpress\/wp-content\/uploads\/2024\/06\/giornale07-20.mp3<\/a><\/audio>\n<p>&nbsp;<\/p>\n<p>&nbsp;<\/p>\n<hr \/>\n<p>&nbsp;<\/p>\n<p>&nbsp;<\/p>\n<h1><span style=\"color: #ff0000;\">I podcast informativi del mattino &#8211; video &#8211;\u00a0<\/span><\/h1>\n<h2><strong><a class=\"dt-pswp-item\" href=\"https:\/\/www.radiopiu.net\/wordpress\/wp-content\/uploads\/2023\/12\/th-10.jpg\" data-dt-img-description=\"\" data-large_image_width=\"245\" data-large_image_height=\"180\"><img loading=\"lazy\" decoding=\"async\" class=\" wp-image-367395 alignleft\" src=\"https:\/\/www.radiopiu.net\/wordpress\/wp-content\/uploads\/2023\/12\/th-10.jpg\" alt=\"\" width=\"166\" height=\"122\" \/><\/a>RASSEGNA STAMPA LOCALE, ORE OTTO 05<\/strong><\/h2>\n<h2><strong> <span style=\"color: #0000ff;\">viene\u00a0 <\/span><\/strong><strong><span style=\"color: #0000ff;\">pubblicata alle 8.05 <span style=\"color: #ff0000;\">DIRETTA RADIO\u00a0\u00a0<\/span><\/span><\/strong><\/h2>\n<p><strong>DI MIRKO MEZZACASA\u00a0 \u00a0<\/strong><button class=\"rounded-lg text-token-text-secondary hover:bg-token-main-surface-secondary\"><\/button><\/p>\n<p><strong>OGGI SUL Corriere delle Alpi E NOTIZIARI DI Radio Pi\u00f9\u00a0<\/strong><\/p>\n<p><strong>AUGURI RADIO PIU!!!! OGGI SONO 41. 25 GIUGNO 1983- 25 GIUGNO 2024. AUGURI RADIO PIU&#8217;. 39 ANNI DI RADIO\u00a0<\/strong><\/p>\n<p><strong><a class=\"dt-pswp-item\" href=\"https:\/\/www.radiopiu.net\/wordpress\/wp-content\/uploads\/2024\/06\/Senza-nome-69.png\" data-dt-img-description=\"\" data-large_image_width=\"487\" data-large_image_height=\"280\"><img loading=\"lazy\" decoding=\"async\" class=\"size-medium wp-image-396369 alignleft\" src=\"https:\/\/www.radiopiu.net\/wordpress\/wp-content\/uploads\/2024\/06\/Senza-nome-69-300x172.png\" alt=\"\" width=\"300\" height=\"172\" srcset=\"https:\/\/www.radiopiu.net\/wordpress\/wp-content\/uploads\/2024\/06\/Senza-nome-69-300x172.png 300w, https:\/\/www.radiopiu.net\/wordpress\/wp-content\/uploads\/2024\/06\/Senza-nome-69.png 487w\" sizes=\"auto, (max-width: 300px) 100vw, 300px\" \/><\/a>AGORDO<\/strong> Sindaci, direttori dell&#8217;Ulss e Servizi Sociali, Amministratori e Presidente delle Aziende Speciali Asca e Fodom Servizi, i Presidenti delle associazioni dell&#8217;Agordino\u00a0 e referente del Centro Diurno di Agordo sono invitati oggi alle 16 in Sala Don Tamis per esaminare le ipotesi progetturali relative alle nuove sedi dei distretti di Alleghe e Canale d&#8217;Agordo ma anche per fare il punto sulla situazione dei servizi territoriali. Un invito del Presidente dell&#8217;Unione Montana, Paolo Frena.<\/p>\n<p><strong>ALLEGHE<\/strong> Consiglio comunale oggi alle 20:30. Il sindaco Danilo De Toni ha convocato i consiglieri per parlare di 10 punti tra cui il giuramento del sindaco, l&#8217;approvazione delle linee programmatiche, l&#8217;elezione della commissione elettorale e la nomina degli assessori e dei rappresentanti in Unione Montana Agordina<\/p>\n<p><strong>LONGARONE<\/strong> L\u2019assemblea dei soci ha approvato una manovra da 800mila euro per Longarone Fiere Dolomiti. Questa decisione, parte di un piano di rilancio industriale, mira a un restyling completo della struttura. I primi interventi riguarderanno l&#8217;adeguamento normativo dei padiglioni pi\u00f9 vecchi. L\u2019obiettivo \u00e8 di diventare un hub per le Olimpiadi, con possibili progetti per un nuovo albergo.<\/p>\n<p><strong>BELLUNO<\/strong> Confartigianato Imprese ha lanciato una campagna di sensibilizzazione contro l\u2019abusivismo nei settori dell\u2019acconciatura e dell\u2019estetica.<\/p>\n<p><strong>BELLUNO<\/strong> Il Club Alpino Italiano &#8211; Sezione di Belluno segnala un aumento del rischio di zecche nel territorio. Per informare la popolazione, \u00e8 stata organizzata una conferenza dal titolo &#8220;LE ZECCHE: CONOSCIAMOLE! Come proteggersi e difendersi&#8221;. L&#8217;evento si terr\u00e0 il domani alle 20:30 presso la Sala Bianchi &#8211; Eliseo Dal Pont, in Viale Fantuzzi n. 11 a Belluno<\/p>\n<h2><span style=\"color: #ff0000;\"><strong>VIDEO\u00a0 \u00a0in diretta dalle 8 del mattino\u00a0\u00a0<\/strong><\/span><\/h2>\n<p><iframe loading=\"lazy\" title=\"DAL 1983 LA RASSEGNA STAMPA LOCALE di mirko mezzacasa. L&#039;ORIGINALE\" width=\"1200\" height=\"675\" src=\"https:\/\/www.youtube.com\/embed\/nlK-UQ8ijXk?feature=oembed\" frameborder=\"0\" allow=\"accelerometer; autoplay; clipboard-write; encrypted-media; gyroscope; picture-in-picture; web-share\" referrerpolicy=\"strict-origin-when-cross-origin\" allowfullscreen><\/iframe><\/p>\n<hr \/>\n<p>&nbsp;<\/p>\n<p>&nbsp;<\/p>\n<p><strong><a class=\"dt-pswp-item\" href=\"https:\/\/www.radiopiu.net\/wordpress\/wp-content\/uploads\/2023\/12\/ANTENNA.png\" data-dt-img-description=\"\" data-large_image_width=\"300\" data-large_image_height=\"166\"><img loading=\"lazy\" decoding=\"async\" class=\" wp-image-366306 alignleft\" src=\"https:\/\/www.radiopiu.net\/wordpress\/wp-content\/uploads\/2023\/12\/ANTENNA.png\" alt=\"\" width=\"175\" height=\"97\" \/><\/a>IERI SERA, DAL TG DI ANTENNA 3, ogni sera alle 19 le anticipazioni alla radio, quello che poi seguirete nel TELEGIORNALE BELLUNESE\u00a0 in onda alle 19.30 sul CANALE 10 del digitale terrestre.\u00a0\u00a0<\/strong><\/p>\n<p>&nbsp;<\/p>\n<p><span style=\"color: #ff0000;\"><strong>\u00a0IERI SERA ALLA RADIO&#8230; LE ANTICIPAZIONI DI\u00a0 \u00a0FABIO FIORAVANTI<\/strong><\/span><\/p>\n<audio class=\"wp-audio-shortcode\" id=\"audio-396194-6\" preload=\"none\" style=\"width: 100%;\" controls=\"controls\"><source type=\"audio\/mpeg\" src=\"https:\/\/www.radiopiu.net\/wordpress\/wp-content\/uploads\/2024\/06\/ANTENNA3-16.mp3?_=6\" \/><a href=\"https:\/\/www.radiopiu.net\/wordpress\/wp-content\/uploads\/2024\/06\/ANTENNA3-16.mp3\">https:\/\/www.radiopiu.net\/wordpress\/wp-content\/uploads\/2024\/06\/ANTENNA3-16.mp3<\/a><\/audio>\n<p>&nbsp;<\/p>\n<blockquote>\n<h1 class=\"_title post-title entry-title\">CORTINA D\u2019AMPEZZO | PROTESTE A CORTINA PER I LAVORI IN STAZIONE<\/h1>\n<p>Intervistati ANDREA CONSTANTINI (NOLEGGIATORE AUTO), ANDREA GASPARI (EDICOLANTE) (Servizio di\u00a0<a href=\"https:\/\/antennatre.medianordest.it\/redazione\/Fabio-Fioravanzi\/\">Fabio Fioravanzi<\/a>)<\/p><\/blockquote>\n<p><iframe loading=\"lazy\" title=\"PROTESTE A CORTINA PER I LAVORI IN STAZIONE | 24\/06\/2024\" width=\"1200\" height=\"675\" src=\"https:\/\/www.youtube.com\/embed\/zh9ieR0C_04?feature=oembed\" frameborder=\"0\" allow=\"accelerometer; autoplay; clipboard-write; encrypted-media; gyroscope; picture-in-picture; web-share\" referrerpolicy=\"strict-origin-when-cross-origin\" allowfullscreen><\/iframe><\/p>\n<p>&nbsp;<\/p>\n<p>&nbsp;<\/p>\n<hr \/>\n<p>&nbsp;<\/p>\n<blockquote>\n<h3>SE A ROCCA PIETORE L&#8217;ACQUA E&#8217; DI NUOVO POTABILE A LIVINALLONGO E GOSALDO\u00a0 NON LO E&#8217;<\/h3>\n<\/blockquote>\n<p><strong><img loading=\"lazy\" decoding=\"async\" class=\"alignleft\" src=\"https:\/\/www.radiopiu.net\/wordpress\/wp-content\/uploads\/2024\/05\/cantiere-municipio-Livinallongo-scaled.jpg\" width=\"231\" height=\"104\" \/><\/strong><b>ROCCA PIETORE <\/b>in localit\u00e0 MOE&#8217; DI LASTE l&#8217;acqua erogata dall&#8217;acquedotto \u00e8 di nuovo potabile.<\/p>\n<p><strong>GOSALDO<\/strong> in localit\u00e0 VALLASIN l&#8217;acqua erogata dall&#8217;acquedotto non \u00e8 potabile e pu\u00f2 essere usata per scopi alimentari SOLO PREVIA bollitura.<\/p>\n<p><strong>LIVINALLONGO<\/strong> in localit\u00e0 VARDA l&#8217;acqua erogata dall&#8217;acquedotto non \u00e8 potabile e pu\u00f2 essere usata per scopi alimentari SOLO PREVIA bollitura.<\/p>\n<p>&nbsp;<\/p>\n<blockquote>\n<h3>VIABILITA&#8217; A CAVIOLA, CHIUSURA PROROGATA FINO AL 28 GIUGNO<\/h3>\n<\/blockquote>\n<p><strong>FALCADE<\/strong> Si allungano i tempi dei lavori a Caviola di Falcade. La chiusura della strada che va da Via Trento al centro abitato di Caviola \u00e8 stata prorogata fino al 28 giugno<\/p>\n<p>&nbsp;<\/p>\n<hr \/>\n<p>&nbsp;<\/p>\n<blockquote>\n<h3>RECUPERATI CINQUE ESCURSIONISTI ILLESI SULLE PALE DI SAN MARTINO<\/h3>\n<\/blockquote>\n<p><b><a class=\"dt-pswp-item\" href=\"https:\/\/www.radiopiu.net\/wordpress\/wp-content\/uploads\/2024\/06\/Watermark_20240624_170122_776.jpg\" data-dt-img-description=\"\" data-large_image_width=\"1773\" data-large_image_height=\"2364\"><img loading=\"lazy\" decoding=\"async\" class=\" wp-image-396315 alignleft\" src=\"https:\/\/www.radiopiu.net\/wordpress\/wp-content\/uploads\/2024\/06\/Watermark_20240624_170122_776-225x300.jpg\" alt=\"\" width=\"130\" height=\"173\" srcset=\"https:\/\/www.radiopiu.net\/wordpress\/wp-content\/uploads\/2024\/06\/Watermark_20240624_170122_776-225x300.jpg 225w, https:\/\/www.radiopiu.net\/wordpress\/wp-content\/uploads\/2024\/06\/Watermark_20240624_170122_776-768x1024.jpg 768w, https:\/\/www.radiopiu.net\/wordpress\/wp-content\/uploads\/2024\/06\/Watermark_20240624_170122_776-1152x1536.jpg 1152w, https:\/\/www.radiopiu.net\/wordpress\/wp-content\/uploads\/2024\/06\/Watermark_20240624_170122_776-1536x2048.jpg 1536w, https:\/\/www.radiopiu.net\/wordpress\/wp-content\/uploads\/2024\/06\/Watermark_20240624_170122_776.jpg 1773w\" sizes=\"auto, (max-width: 130px) 100vw, 130px\" \/><\/a><a class=\"dt-pswp-item\" href=\"https:\/\/www.radiopiu.net\/wordpress\/wp-content\/uploads\/2024\/06\/f0ae9213-d0dc-4bae-881b-4e90eefa9425.jpg\" data-dt-img-description=\"\" data-large_image_width=\"1101\" data-large_image_height=\"2048\"><img loading=\"lazy\" decoding=\"async\" class=\" wp-image-396312 alignright\" src=\"https:\/\/www.radiopiu.net\/wordpress\/wp-content\/uploads\/2024\/06\/f0ae9213-d0dc-4bae-881b-4e90eefa9425-161x300.jpg\" alt=\"\" width=\"108\" height=\"201\" srcset=\"https:\/\/www.radiopiu.net\/wordpress\/wp-content\/uploads\/2024\/06\/f0ae9213-d0dc-4bae-881b-4e90eefa9425-161x300.jpg 161w, https:\/\/www.radiopiu.net\/wordpress\/wp-content\/uploads\/2024\/06\/f0ae9213-d0dc-4bae-881b-4e90eefa9425-551x1024.jpg 551w, https:\/\/www.radiopiu.net\/wordpress\/wp-content\/uploads\/2024\/06\/f0ae9213-d0dc-4bae-881b-4e90eefa9425-768x1429.jpg 768w, https:\/\/www.radiopiu.net\/wordpress\/wp-content\/uploads\/2024\/06\/f0ae9213-d0dc-4bae-881b-4e90eefa9425-826x1536.jpg 826w, https:\/\/www.radiopiu.net\/wordpress\/wp-content\/uploads\/2024\/06\/f0ae9213-d0dc-4bae-881b-4e90eefa9425.jpg 1101w\" sizes=\"auto, (max-width: 108px) 100vw, 108px\" \/><\/a>TAIBON AGORDINO<\/b> Attorno alle 13.50 di ieri la Centrale del 118 \u00e8 stata contattata dai Vigili del fuoco attivati da un centro gestione emergenze allertato da un sistema satellitare, su segnalazione di 5 turisti tedeschi, 4 donne e un uomo, in difficolt\u00e0 sulle Pale di San Martino. Risaliti alla posizione dalle coordinate, l&#8217;elicottero del Suem di Pieve di Cadore \u00e8 volato in localit\u00e0 Buse Alte, vicino alla Forcella Alta del ghiacciaio, dove tre delle escursioniste, uscite dalla traccia, erano bloccate pi\u00f9 in alto tra lingue di neve, mentre la quarta e l&#8217;uomo si trovavano sul sentiero, ma non si fidavano comunque a procedere per il rischio di scivolare. Sbarcato in hovering dalle tre donne, il tecnico di elisoccorso le ha assicurate e aiutate a spostarsi in conserva un&#8217;ottantina di metri in un punto agevole per l&#8217;imbarco, avvenuto con il verricello. Di seguito anche i due compagni sono stati issati a bordo con la stessa modalit\u00e0. I 5 escursionisti sono stati lasciati in Val di Gares.<\/p>\n<p>&nbsp;<\/p>\n<hr \/>\n<h3><\/h3>\n<blockquote>\n<h3>Vandali alla scuola media Zanon di Castion<\/h3>\n<\/blockquote>\n<p><strong>BELLUNO\u00a0<\/strong> Nella scuola media Zanon di Castion si sono verificate due incursioni notturne in cinque giorni. La palestra \u00e8 stata ricoperta di polvere da estintore, mentre l&#8217;atrio \u00e8 stato imbrattato con coca cola e gel medicale. Le porte non presentano segni di scasso. La scuola ha denunciato gli atti vandalici.<\/p>\n<p>&nbsp;<\/p>\n<hr \/>\n<h3><\/h3>\n<blockquote>\n<h3>Belluno saluta Giuliano Viel, noto ristoratore<\/h3>\n<\/blockquote>\n<p><strong>BELLUNO<\/strong> Oggi nel Duomo di Belluno si terr\u00e0 l&#8217;ultimo saluto a Giuliano Viel, noto ristoratore di Al Borgo. La cerimonia funebre inizier\u00e0 alle 9:30, seguita dalla sepoltura nel cimitero di Quantin a Ponte nelle Alpi. Giuliano Viel, 83 anni, si \u00e8 spento mercoled\u00ec scorso dopo un&#8217;emorragia cerebrale. Per 45 anni, Viel ha gestito il ristorante Al Borgo, un luogo apprezzato e frequentato da artisti, scrittori e politici.<\/p>\n<blockquote class=\"wp-embedded-content\" data-secret=\"fvfYoPQhMs\"><p><a href=\"https:\/\/www.radiopiu.net\/wordpress\/caro-giuliano-il-mio-ricordo-di-elio-arico\/\">CARO GIULIANO&#8230;.IL MIO RICORDO di Elio Aric\u00f2<\/a><\/p><\/blockquote>\n<p><iframe loading=\"lazy\" class=\"wp-embedded-content\" sandbox=\"allow-scripts\" security=\"restricted\" style=\"position: absolute; clip: rect(1px, 1px, 1px, 1px);\" title=\"&#8220;CARO GIULIANO&#8230;.IL MIO RICORDO di Elio Aric\u00f2&#8221; &#8212; Radio Pi\u00f9\" src=\"https:\/\/www.radiopiu.net\/wordpress\/caro-giuliano-il-mio-ricordo-di-elio-arico\/embed\/#?secret=OghYakyJLr#?secret=fvfYoPQhMs\" data-secret=\"fvfYoPQhMs\" width=\"600\" height=\"338\" frameborder=\"0\" marginwidth=\"0\" marginheight=\"0\" scrolling=\"no\"><\/iframe><\/p>\n<p>&nbsp;<\/p>\n<hr \/>\n<p>&nbsp;<\/p>\n<p>&nbsp;<\/p>\n<blockquote>\n<h3><a class=\"dt-pswp-item\" href=\"https:\/\/www.radiopiu.net\/wordpress\/wp-content\/uploads\/2024\/06\/Senza-nome-68.png\" data-dt-img-description=\"\" data-large_image_width=\"359\" data-large_image_height=\"110\"><img loading=\"lazy\" decoding=\"async\" class=\"size-medium wp-image-396353 alignleft\" src=\"https:\/\/www.radiopiu.net\/wordpress\/wp-content\/uploads\/2024\/06\/Senza-nome-68-300x92.png\" alt=\"\" width=\"300\" height=\"92\" srcset=\"https:\/\/www.radiopiu.net\/wordpress\/wp-content\/uploads\/2024\/06\/Senza-nome-68-300x92.png 300w, https:\/\/www.radiopiu.net\/wordpress\/wp-content\/uploads\/2024\/06\/Senza-nome-68.png 359w\" sizes=\"auto, (max-width: 300px) 100vw, 300px\" \/><\/a>Infermiere distrutto per la morte di padre Luigi Bassetto<\/h3>\n<\/blockquote>\n<p><strong>FELTRE\u00a0<\/strong> Carmine Antonino Sarno, infermiere 45enne, \u00e8 indagato per omicidio colposo dopo la morte di padre Luigi Bassetto all&#8217;ospedale di Feltre. Sarno, originario di Avellino, \u00e8 accusato di aver somministrato una dose di morfina dieci volte superiore a quella prescritta. In un&#8217;intervista a Rai 1, ha espresso profonda tristezza per l&#8217;accaduto, dichiarando di non aver mai immaginato una simile tragedia. L&#8217;autopsia e i risultati tossicologici determineranno se la dose di morfina ha causato la morte del sacerdote. La Ulss Dolomiti sostiene la fiducia nella magistratura e l&#8217;assenza di precedenti simili.<\/p>\n<p>&nbsp;<\/p>\n<p>&nbsp;<\/p>\n<hr \/>\n<p>&nbsp;<\/p>\n<blockquote>\n<h2>Raccolta fondi per &#8220;Uno sguardo Comune&#8221; in Val di Zoldo<\/h2>\n<\/blockquote>\n<p><strong>VAL DI ZOLDO<\/strong> In Val di Zoldo, sono state distribuite centinaia di cartoline per promuovere la raccolta fondi a sostegno del progetto \u201cUno sguardo Comune\u201d, che supporta gli anziani con servizi gratuiti. Grazie alle donazioni, si potranno coprire i costi del carburante e garantire la continuit\u00e0 del servizio. La campagna, istituita su suggerimento degli utenti soddisfatti, mira a sensibilizzare la comunit\u00e0 e raccogliere fondi volontari tramite un conto corrente dedicato.<\/p>\n\n\t\t\t<style type='text\/css'>\n\t\t\t\t#gallery-1 {\n\t\t\t\t\tmargin: auto;\n\t\t\t\t}\n\t\t\t\t#gallery-1 .gallery-item {\n\t\t\t\t\tfloat: left;\n\t\t\t\t\tmargin-top: 10px;\n\t\t\t\t\ttext-align: center;\n\t\t\t\t\twidth: 50%;\n\t\t\t\t}\n\t\t\t\t#gallery-1 img {\n\t\t\t\t\tborder: 2px solid #cfcfcf;\n\t\t\t\t}\n\t\t\t\t#gallery-1 .gallery-caption {\n\t\t\t\t\tmargin-left: 0;\n\t\t\t\t}\n\t\t\t\t\/* see gallery_shortcode() in wp-includes\/media.php *\/\n\t\t\t<\/style>\n\t\t<div id='gallery-1' class='dt-gallery-container gallery galleryid-396194 gallery-columns-2 gallery-size-medium'><dl class='gallery-item'>\n\t\t\t\t<dt class='gallery-icon landscape'>\n\t\t\t\t\t<a class=\"rollover rollover-zoom dt-pswp-item\" title=\"Uno sguardo comune - cartolina def_page-0002\" data-dt-img-description=\"\" data-large_image_width=\"874\" data-large_image_height=\"621\"href='https:\/\/www.radiopiu.net\/wordpress\/wp-content\/uploads\/2024\/06\/Uno-sguardo-comune-cartolina-def_page-0002.jpg'><img loading=\"lazy\" decoding=\"async\" width=\"300\" height=\"213\" src=\"https:\/\/www.radiopiu.net\/wordpress\/wp-content\/uploads\/2024\/06\/Uno-sguardo-comune-cartolina-def_page-0002-300x213.jpg\" class=\"attachment-medium size-medium\" alt=\"\" srcset=\"https:\/\/www.radiopiu.net\/wordpress\/wp-content\/uploads\/2024\/06\/Uno-sguardo-comune-cartolina-def_page-0002-300x213.jpg 300w, https:\/\/www.radiopiu.net\/wordpress\/wp-content\/uploads\/2024\/06\/Uno-sguardo-comune-cartolina-def_page-0002-768x546.jpg 768w, https:\/\/www.radiopiu.net\/wordpress\/wp-content\/uploads\/2024\/06\/Uno-sguardo-comune-cartolina-def_page-0002.jpg 874w\" sizes=\"auto, (max-width: 300px) 100vw, 300px\" \/><\/a>\n\t\t\t\t<\/dt><\/dl><dl class='gallery-item'>\n\t\t\t\t<dt class='gallery-icon landscape'>\n\t\t\t\t\t<a class=\"rollover rollover-zoom dt-pswp-item\" title=\"Uno sguardo comune - cartolina def_page-0001\" data-dt-img-description=\"\" data-large_image_width=\"874\" data-large_image_height=\"621\"href='https:\/\/www.radiopiu.net\/wordpress\/wp-content\/uploads\/2024\/06\/Uno-sguardo-comune-cartolina-def_page-0001.jpg'><img loading=\"lazy\" decoding=\"async\" width=\"300\" height=\"213\" src=\"https:\/\/www.radiopiu.net\/wordpress\/wp-content\/uploads\/2024\/06\/Uno-sguardo-comune-cartolina-def_page-0001-300x213.jpg\" class=\"attachment-medium size-medium\" alt=\"\" srcset=\"https:\/\/www.radiopiu.net\/wordpress\/wp-content\/uploads\/2024\/06\/Uno-sguardo-comune-cartolina-def_page-0001-300x213.jpg 300w, https:\/\/www.radiopiu.net\/wordpress\/wp-content\/uploads\/2024\/06\/Uno-sguardo-comune-cartolina-def_page-0001-768x546.jpg 768w, https:\/\/www.radiopiu.net\/wordpress\/wp-content\/uploads\/2024\/06\/Uno-sguardo-comune-cartolina-def_page-0001.jpg 874w\" sizes=\"auto, (max-width: 300px) 100vw, 300px\" \/><\/a>\n\t\t\t\t<\/dt><\/dl><br style=\"clear: both\" \/>\n\t\t\t<\/div>\n\n<p>&nbsp;<\/p>\n<hr \/>\n<p>&nbsp;<\/p>\n<p>&nbsp;<\/p>\n<blockquote>\n<h3><a class=\"dt-pswp-item\" href=\"https:\/\/www.radiopiu.net\/wordpress\/wp-content\/uploads\/2024\/01\/POSTE-ITALIANE.png\" data-dt-img-description=\"\" data-large_image_width=\"400\" data-large_image_height=\"400\"><img loading=\"lazy\" decoding=\"async\" class=\"wp-image-370478 alignleft\" src=\"https:\/\/www.radiopiu.net\/wordpress\/wp-content\/uploads\/2024\/01\/POSTE-ITALIANE-300x300.png\" alt=\"\" width=\"111\" height=\"111\" srcset=\"https:\/\/www.radiopiu.net\/wordpress\/wp-content\/uploads\/2024\/01\/POSTE-ITALIANE-300x300.png 300w, https:\/\/www.radiopiu.net\/wordpress\/wp-content\/uploads\/2024\/01\/POSTE-ITALIANE-150x150.png 150w, https:\/\/www.radiopiu.net\/wordpress\/wp-content\/uploads\/2024\/01\/POSTE-ITALIANE.png 400w\" sizes=\"auto, (max-width: 111px) 100vw, 111px\" \/><\/a>POSTE ITALIANE&#8230; D&#8217;ESTATE A MEZZO SERVIZIO E SOLITI DISAGI PER GLI UTENTI CON GLI UFFICI APERTI 3 GIORNI SU 6<\/h3>\n<\/blockquote>\n<div class=\"articlePlainText\">Sono nove gli uffici postali che, come ogni estate, subiranno delle riduzioni dei giorni di apertura per permettere a chi ci lavora di fare le ferie dovute ma anche per consentire di trovare i sostituti. Gli uffici sono quelli di Feltre, Belluno 5 (Safforze), Visome, Bribano, Cadola, Cesiomaggiore, Pieve d&#8217;Alpago, Vas e Villa di Villa. Anche gli uffici di Sedico, Agordo, Pieve di Cadore e Ponte nelle Alpi dal Covid sono ancora a mezzo servizio nonostante il covid sia un lontano ricordo, evidentemente non per poste italiane. Infine il disagio ad Agordo \u00e8 accentuato da un ufficio mobile che costringe a lunghe code&#8230; sotto la pioggia. Ma tant&#8217;\u00e8&#8230; il problema \u00e8 degli utenti mica dei dirigenti del servizio giallo.<\/div>\n<p>&nbsp;<\/p>\n<hr \/>\n<p>&nbsp;<\/p>\n<blockquote>\n<h2>IL CONSIGLIO COMUNALE DI SAN TOMASO: DAL GIURAMENTO DEL SINDACO ALLE CARICHE DEI CONSIGLIERI<\/h2>\n<\/blockquote>\n<p><strong>SAN TOMASO<\/strong> Moreno De Val ha giurato ed \u00e8 ufficialmente sindaco di San Tomaso per i prossimi 5 anni.<\/p>\n\n\t\t\t<style type='text\/css'>\n\t\t\t\t#gallery-2 {\n\t\t\t\t\tmargin: auto;\n\t\t\t\t}\n\t\t\t\t#gallery-2 .gallery-item {\n\t\t\t\t\tfloat: left;\n\t\t\t\t\tmargin-top: 10px;\n\t\t\t\t\ttext-align: center;\n\t\t\t\t\twidth: 50%;\n\t\t\t\t}\n\t\t\t\t#gallery-2 img {\n\t\t\t\t\tborder: 2px solid #cfcfcf;\n\t\t\t\t}\n\t\t\t\t#gallery-2 .gallery-caption {\n\t\t\t\t\tmargin-left: 0;\n\t\t\t\t}\n\t\t\t\t\/* see gallery_shortcode() in wp-includes\/media.php *\/\n\t\t\t<\/style>\n\t\t<div id='gallery-2' class='dt-gallery-container gallery galleryid-396194 gallery-columns-2 gallery-size-medium'><dl class='gallery-item'>\n\t\t\t\t<dt class='gallery-icon landscape'>\n\t\t\t\t\t<a class=\"rollover rollover-zoom dt-pswp-item\" title=\"3bb804da-50de-4577-b1c3-289fdb6c9c26\" data-dt-img-description=\"\" data-large_image_width=\"1600\" data-large_image_height=\"900\"href='https:\/\/www.radiopiu.net\/wordpress\/wp-content\/uploads\/2024\/06\/3bb804da-50de-4577-b1c3-289fdb6c9c26.jpg'><img loading=\"lazy\" decoding=\"async\" width=\"300\" height=\"169\" src=\"https:\/\/www.radiopiu.net\/wordpress\/wp-content\/uploads\/2024\/06\/3bb804da-50de-4577-b1c3-289fdb6c9c26-300x169.jpg\" class=\"attachment-medium size-medium\" alt=\"\" srcset=\"https:\/\/www.radiopiu.net\/wordpress\/wp-content\/uploads\/2024\/06\/3bb804da-50de-4577-b1c3-289fdb6c9c26-300x169.jpg 300w, https:\/\/www.radiopiu.net\/wordpress\/wp-content\/uploads\/2024\/06\/3bb804da-50de-4577-b1c3-289fdb6c9c26-1024x576.jpg 1024w, https:\/\/www.radiopiu.net\/wordpress\/wp-content\/uploads\/2024\/06\/3bb804da-50de-4577-b1c3-289fdb6c9c26-768x432.jpg 768w, https:\/\/www.radiopiu.net\/wordpress\/wp-content\/uploads\/2024\/06\/3bb804da-50de-4577-b1c3-289fdb6c9c26-1536x864.jpg 1536w, https:\/\/www.radiopiu.net\/wordpress\/wp-content\/uploads\/2024\/06\/3bb804da-50de-4577-b1c3-289fdb6c9c26.jpg 1600w\" sizes=\"auto, (max-width: 300px) 100vw, 300px\" \/><\/a>\n\t\t\t\t<\/dt><\/dl><dl class='gallery-item'>\n\t\t\t\t<dt class='gallery-icon landscape'>\n\t\t\t\t\t<a class=\"rollover rollover-zoom dt-pswp-item\" title=\"f1cad91b-3579-43df-908d-da0e94724e22\" data-dt-img-description=\"\" data-large_image_width=\"1600\" data-large_image_height=\"900\"href='https:\/\/www.radiopiu.net\/wordpress\/wp-content\/uploads\/2024\/06\/f1cad91b-3579-43df-908d-da0e94724e22.jpg'><img loading=\"lazy\" decoding=\"async\" width=\"300\" height=\"169\" src=\"https:\/\/www.radiopiu.net\/wordpress\/wp-content\/uploads\/2024\/06\/f1cad91b-3579-43df-908d-da0e94724e22-300x169.jpg\" class=\"attachment-medium size-medium\" alt=\"\" srcset=\"https:\/\/www.radiopiu.net\/wordpress\/wp-content\/uploads\/2024\/06\/f1cad91b-3579-43df-908d-da0e94724e22-300x169.jpg 300w, https:\/\/www.radiopiu.net\/wordpress\/wp-content\/uploads\/2024\/06\/f1cad91b-3579-43df-908d-da0e94724e22-1024x576.jpg 1024w, https:\/\/www.radiopiu.net\/wordpress\/wp-content\/uploads\/2024\/06\/f1cad91b-3579-43df-908d-da0e94724e22-768x432.jpg 768w, https:\/\/www.radiopiu.net\/wordpress\/wp-content\/uploads\/2024\/06\/f1cad91b-3579-43df-908d-da0e94724e22-1536x864.jpg 1536w, https:\/\/www.radiopiu.net\/wordpress\/wp-content\/uploads\/2024\/06\/f1cad91b-3579-43df-908d-da0e94724e22.jpg 1600w\" sizes=\"auto, (max-width: 300px) 100vw, 300px\" \/><\/a>\n\t\t\t\t<\/dt><\/dl><br style=\"clear: both\" \/>\n\t\t\t<\/div>\n\n<p>&nbsp;<\/p>\n<p><strong>I VIDEO DI RADIO PIU&#8217;<\/strong><\/p>\n<p><span style=\"color: #ff0000;\"><strong>IL GIURAMENTO DEL SINDACO<\/strong><\/span><\/p>\n<p><iframe loading=\"lazy\" title=\"CONSIGLIO COMUNALE SAN TOMASO  - GIURAMENTO DEL SINDACO\" width=\"1200\" height=\"675\" src=\"https:\/\/www.youtube.com\/embed\/GG4NGrwANfw?feature=oembed\" frameborder=\"0\" allow=\"accelerometer; autoplay; clipboard-write; encrypted-media; gyroscope; picture-in-picture; web-share\" referrerpolicy=\"strict-origin-when-cross-origin\" allowfullscreen><\/iframe><\/p>\n<p>&nbsp;<\/p>\n<p><span style=\"color: #ff0000;\"><strong>GLI INDIRIZZI DI PROGRAMMA<\/strong><\/span><\/p>\n<p><iframe loading=\"lazy\" title=\"CONSIGLIO COMUNALE SAN TOMASO -  INDIRIZZI DI PROGRAMMA\" width=\"1200\" height=\"675\" src=\"https:\/\/www.youtube.com\/embed\/-BFhLPxiNOc?feature=oembed\" frameborder=\"0\" allow=\"accelerometer; autoplay; clipboard-write; encrypted-media; gyroscope; picture-in-picture; web-share\" referrerpolicy=\"strict-origin-when-cross-origin\" allowfullscreen><\/iframe><\/p>\n<p>&nbsp;<\/p>\n<p><span style=\"color: #ff0000;\"><strong>LE CARICHE DEI CONSIGLIERI<\/strong><\/span><\/p>\n<p><iframe loading=\"lazy\" title=\"CONSIGLIO COMUNALE SAN TOMASO  - LE CARICHE\" width=\"1200\" height=\"675\" src=\"https:\/\/www.youtube.com\/embed\/6tj9PNOpQ9c?feature=oembed\" frameborder=\"0\" allow=\"accelerometer; autoplay; clipboard-write; encrypted-media; gyroscope; picture-in-picture; web-share\" referrerpolicy=\"strict-origin-when-cross-origin\" allowfullscreen><\/iframe><\/p>\n<p>&nbsp;<\/p>\n<hr \/>\n<p>&nbsp;<\/p>\n<blockquote>\n<h3><a class=\"dt-pswp-item\" href=\"https:\/\/www.radiopiu.net\/wordpress\/wp-content\/uploads\/2021\/07\/SALA-DON-TAMIS.png\" data-dt-img-description=\"\" data-large_image_width=\"1354\" data-large_image_height=\"920\"><img loading=\"lazy\" decoding=\"async\" class=\"wp-image-220859 alignleft\" src=\"https:\/\/www.radiopiu.net\/wordpress\/wp-content\/uploads\/2021\/07\/SALA-DON-TAMIS-300x204.png\" alt=\"\" width=\"157\" height=\"107\" srcset=\"https:\/\/www.radiopiu.net\/wordpress\/wp-content\/uploads\/2021\/07\/SALA-DON-TAMIS-300x204.png 300w, https:\/\/www.radiopiu.net\/wordpress\/wp-content\/uploads\/2021\/07\/SALA-DON-TAMIS-1024x696.png 1024w, https:\/\/www.radiopiu.net\/wordpress\/wp-content\/uploads\/2021\/07\/SALA-DON-TAMIS-768x522.png 768w, https:\/\/www.radiopiu.net\/wordpress\/wp-content\/uploads\/2021\/07\/SALA-DON-TAMIS.png 1354w\" sizes=\"auto, (max-width: 157px) 100vw, 157px\" \/><\/a>OGGI IN SALA DON TAMIS<\/h3>\n<\/blockquote>\n<p>&nbsp;<\/p>\n<p><strong>AGORDO<\/strong> Sindaci, direttori dell&#8217;Ulss e Servizi Sociali, Amministratori e Presidente delle Aziende Speciali Asca e Fodom Servizi, i Presidenti delle associazioni dell&#8217;Agordino\u00a0 e referente del Centro Diurno di Agordo sono invitati oggi alle 16 in Sala Don Tamis per esaminare le ipotesi progetturali relative alle nuove sedi dei distretti di Alleghe e Canale d&#8217;Agordo ma anche per fare il punto sulla situazione dei servizi territoriali. Un invito del Presidente dell&#8217;Unione Montana, Paolo Frena.<\/p>\n<p>&nbsp;<\/p>\n<p>&nbsp;<\/p>\n<hr \/>\n<h2><span style=\"color: #ff0000;\">\u00a0<\/span><\/h2>\n<h2><span style=\"color: #ff0000;\">CONSIGLI COMUNALI IN AGORDINO<\/span><\/h2>\n<p><strong>ALLEGHE<\/strong> Consiglio comunale oggi alle 20:30. Il sindaco Danilo De Toni ha convocato i consiglieri per parlare di 10 punti tra cui il giuramento del sindaco, l&#8217;approvazione delle linee programmatiche, l&#8217;elezione della commissione elettorale e la nomina degli assessori e dei rappresentanti in Unione Montana Agordina<\/p>\n<p><strong>LA VALLE<\/strong> Il sindaco Ezio Zuanel ha convocato il consiglio comunale per oggi alle 18:30. Sette punti da discutere tra cui la convalida degli eletti a sindaco e consiglieri, il giuramento del sindaco, l&#8217;elezione della commissione elettorale e la designazione dei rappresentanti del comune presso enti, aziende ed istituzioni<\/p>\n<p><strong>AGORDO<\/strong> Luned\u00ec 1 luglio alle 19 \u00e8 stato convocato il consiglio comunale ad Agordo. Tra gli 8 punti all&#8217;rodine del giorno la convalida degli eletti a sindaco e consiglieri, il giuramento del sindaco Roberto Chissal\u00e8, la nomina degli assessori, l&#8217;elezione della commissione elettorale e la designazione dei rappresentanti del comune presso enti, aziende ed istituzioni<\/p>\n<p>&nbsp;<\/p>\n<hr \/>\n<p>&nbsp;<\/p>\n<blockquote>\n<h3><a class=\"dt-pswp-item\" href=\"https:\/\/www.radiopiu.net\/wordpress\/wp-content\/uploads\/2021\/05\/LONGARONE-FIERE.jpg\" data-dt-img-description=\"\" data-large_image_width=\"556\" data-large_image_height=\"220\"><img loading=\"lazy\" decoding=\"async\" class=\"wp-image-207549 alignleft\" src=\"https:\/\/www.radiopiu.net\/wordpress\/wp-content\/uploads\/2021\/05\/LONGARONE-FIERE-300x119.jpg\" alt=\"\" width=\"219\" height=\"87\" srcset=\"https:\/\/www.radiopiu.net\/wordpress\/wp-content\/uploads\/2021\/05\/LONGARONE-FIERE-300x119.jpg 300w, https:\/\/www.radiopiu.net\/wordpress\/wp-content\/uploads\/2021\/05\/LONGARONE-FIERE.jpg 556w\" sizes=\"auto, (max-width: 219px) 100vw, 219px\" \/><\/a>S\u00ec all\u2019aumento di capitale per Longarone Fiere Dolomiti<\/h3>\n<\/blockquote>\n<p><strong>LONGARONE<\/strong> L\u2019assemblea dei soci ha approvato una manovra da 800mila euro per Longarone Fiere Dolomiti. Questa decisione, parte di un piano di rilancio industriale, mira a un restyling completo della struttura. I primi interventi riguarderanno l&#8217;adeguamento normativo dei padiglioni pi\u00f9 vecchi. L\u2019obiettivo \u00e8 di diventare un hub per le Olimpiadi, con possibili progetti per un nuovo albergo.<\/p>\n<p>&nbsp;<\/p>\n<p>&nbsp;<\/p>\n<hr \/>\n<p>&nbsp;<\/p>\n<blockquote>\n<h3>\u00abContributi fino al 100%\u00bb per la Sostituzione delle Stufe<\/h3>\n<\/blockquote>\n<p><strong><a class=\"dt-pswp-item\" href=\"https:\/\/www.radiopiu.net\/wordpress\/wp-content\/uploads\/2024\/06\/th-6.jpg\" data-dt-img-description=\"\" data-large_image_width=\"270\" data-large_image_height=\"180\"><img loading=\"lazy\" decoding=\"async\" class=\" wp-image-396350 alignleft\" src=\"https:\/\/www.radiopiu.net\/wordpress\/wp-content\/uploads\/2024\/06\/th-6.jpg\" alt=\"\" width=\"254\" height=\"169\" \/><\/a>VENEZIA<\/strong> Apre oggi il &#8220;bando stufe&#8221; 2024, l&#8217;iniziativa della Regione Veneto per migliorare la qualit\u00e0 dell&#8217;aria, particolarmente rilevante nelle aree montane dove le stufe sono ampiamente utilizzate. Con una dotazione di 4 milioni di euro, il bando \u00e8 destinato ai privati con Isee fino a 50mila euro. Il contributo, combinabile con l&#8217;incentivo del Gse, pu\u00f2 coprire fino al 100% della spesa. La priorit\u00e0 viene data in base al reddito familiare e alle emissioni di particolato del nuovo impianto. Gli interessati possono presentare domanda fino al 13 settembre. Maggiori informazioni sono disponibili contattando i numeri 041 0999419 \u2013 426 o scrivendo a <a rel=\"noreferrer\">bando.ambiente@ven.camcom.it<\/a>.<\/p>\n<p><strong>lo spot alla radio\u00a0<\/strong><\/p>\n<audio class=\"wp-audio-shortcode\" id=\"audio-396194-7\" preload=\"none\" style=\"width: 100%;\" controls=\"controls\"><source type=\"audio\/mpeg\" src=\"https:\/\/www.radiopiu.net\/wordpress\/wp-content\/uploads\/2024\/06\/REGIONE-VENETO-STUFE.mp3?_=7\" \/><a href=\"https:\/\/www.radiopiu.net\/wordpress\/wp-content\/uploads\/2024\/06\/REGIONE-VENETO-STUFE.mp3\">https:\/\/www.radiopiu.net\/wordpress\/wp-content\/uploads\/2024\/06\/REGIONE-VENETO-STUFE.mp3<\/a><\/audio>\n<p>&nbsp;<\/p>\n<blockquote><p><em><a class=\"dt-pswp-item\" href=\"https:\/\/www.radiopiu.net\/wordpress\/wp-content\/uploads\/2023\/11\/BOTTACIN.png\" data-dt-img-description=\"\" data-large_image_width=\"591\" data-large_image_height=\"400\"><img loading=\"lazy\" decoding=\"async\" class=\"wp-image-362309 alignleft\" src=\"https:\/\/www.radiopiu.net\/wordpress\/wp-content\/uploads\/2023\/11\/BOTTACIN-300x203.png\" alt=\"\" width=\"152\" height=\"103\" srcset=\"https:\/\/www.radiopiu.net\/wordpress\/wp-content\/uploads\/2023\/11\/BOTTACIN-300x203.png 300w, https:\/\/www.radiopiu.net\/wordpress\/wp-content\/uploads\/2023\/11\/BOTTACIN.png 591w\" sizes=\"auto, (max-width: 152px) 100vw, 152px\" \/><\/a>\u00abPartiamo con una dotazione di\u00a0 4 milioni di euro, dedicati ai privati residenti nel territorio regionale con un Isee non superiore a 50mila euro\u00bb, spiega l&#8217;assessore regionale all&#8217;Ambiente, Gianpaolo Bottacin. \u00abIl contributo sar\u00e0 quantificato in rapporto alla situazione economica familiare come fattore principale, nonch\u00e9 sulla base delle emissioni di particolato primario generate dal nuovo impianto&#8221;<\/em><\/p><\/blockquote>\n<p>&nbsp;<\/p>\n<p>&nbsp;<\/p>\n<hr \/>\n<p>&nbsp;<\/p>\n<blockquote>\n<h3>AL PARCO DI FISTERRE A BELLUNO TORNA &#8220;YOGA AL PARCO&#8221;<\/h3>\n<\/blockquote>\n<p><strong><a class=\"dt-pswp-item\" href=\"https:\/\/www.radiopiu.net\/wordpress\/wp-content\/uploads\/2024\/06\/8cddd708-d2e3-4067-8c39-b704efaef5bd.jpg\" data-dt-img-description=\"\" data-large_image_width=\"1179\" data-large_image_height=\"1636\"><img loading=\"lazy\" decoding=\"async\" class=\" wp-image-396304 alignleft\" src=\"https:\/\/www.radiopiu.net\/wordpress\/wp-content\/uploads\/2024\/06\/8cddd708-d2e3-4067-8c39-b704efaef5bd-216x300.jpg\" alt=\"\" width=\"112\" height=\"156\" srcset=\"https:\/\/www.radiopiu.net\/wordpress\/wp-content\/uploads\/2024\/06\/8cddd708-d2e3-4067-8c39-b704efaef5bd-216x300.jpg 216w, https:\/\/www.radiopiu.net\/wordpress\/wp-content\/uploads\/2024\/06\/8cddd708-d2e3-4067-8c39-b704efaef5bd-738x1024.jpg 738w, https:\/\/www.radiopiu.net\/wordpress\/wp-content\/uploads\/2024\/06\/8cddd708-d2e3-4067-8c39-b704efaef5bd-768x1066.jpg 768w, https:\/\/www.radiopiu.net\/wordpress\/wp-content\/uploads\/2024\/06\/8cddd708-d2e3-4067-8c39-b704efaef5bd-1107x1536.jpg 1107w, https:\/\/www.radiopiu.net\/wordpress\/wp-content\/uploads\/2024\/06\/8cddd708-d2e3-4067-8c39-b704efaef5bd.jpg 1179w\" sizes=\"auto, (max-width: 112px) 100vw, 112px\" \/><\/a>BELLUNO<\/strong> Torna anche per il 2024, ma in una nuova location, \u201cYoga al parco\u201d, iniziativa proposta dal Comune di Belluno per tutti i mercoled\u00ec di luglio.<\/p>\n<p><strong>DI DANIELE DALVIT<\/strong><\/p>\n<audio class=\"wp-audio-shortcode\" id=\"audio-396194-8\" preload=\"none\" style=\"width: 100%;\" controls=\"controls\"><source type=\"audio\/mpeg\" src=\"https:\/\/www.radiopiu.net\/wordpress\/wp-content\/uploads\/2024\/06\/Servizio-Yoga-Fisterre.mp3?_=8\" \/><a href=\"https:\/\/www.radiopiu.net\/wordpress\/wp-content\/uploads\/2024\/06\/Servizio-Yoga-Fisterre.mp3\">https:\/\/www.radiopiu.net\/wordpress\/wp-content\/uploads\/2024\/06\/Servizio-Yoga-Fisterre.mp3<\/a><\/audio>\n<p>&nbsp;<\/p>\n<hr \/>\n<p>&nbsp;<\/p>\n<blockquote>\n<h3><a class=\"dt-pswp-item\" href=\"https:\/\/www.radiopiu.net\/wordpress\/wp-content\/uploads\/2024\/06\/Consigliera-turismo-sindaco-San-Vito-attori-_Un-passo-dal-cielo_.jpg\" data-dt-img-description=\"\" data-large_image_width=\"2016\" data-large_image_height=\"1512\"><img loading=\"lazy\" decoding=\"async\" class=\"size-medium wp-image-396267 alignleft\" src=\"https:\/\/www.radiopiu.net\/wordpress\/wp-content\/uploads\/2024\/06\/Consigliera-turismo-sindaco-San-Vito-attori-_Un-passo-dal-cielo_-300x225.jpg\" alt=\"\" width=\"300\" height=\"225\" srcset=\"https:\/\/www.radiopiu.net\/wordpress\/wp-content\/uploads\/2024\/06\/Consigliera-turismo-sindaco-San-Vito-attori-_Un-passo-dal-cielo_-300x225.jpg 300w, https:\/\/www.radiopiu.net\/wordpress\/wp-content\/uploads\/2024\/06\/Consigliera-turismo-sindaco-San-Vito-attori-_Un-passo-dal-cielo_-1024x768.jpg 1024w, https:\/\/www.radiopiu.net\/wordpress\/wp-content\/uploads\/2024\/06\/Consigliera-turismo-sindaco-San-Vito-attori-_Un-passo-dal-cielo_-768x576.jpg 768w, https:\/\/www.radiopiu.net\/wordpress\/wp-content\/uploads\/2024\/06\/Consigliera-turismo-sindaco-San-Vito-attori-_Un-passo-dal-cielo_-1536x1152.jpg 1536w, https:\/\/www.radiopiu.net\/wordpress\/wp-content\/uploads\/2024\/06\/Consigliera-turismo-sindaco-San-Vito-attori-_Un-passo-dal-cielo_.jpg 2016w\" sizes=\"auto, (max-width: 300px) 100vw, 300px\" \/><\/a>&#8220;Un passo dal cielo&#8221;: ultimi giorni di riprese<\/h3>\n<p><span style=\"font-size: large;\"><i>De Francesch: \u00abPromozione del territorio e destagionalizzazione del prodotto turistico\u00bb<\/i><\/span><\/p><\/blockquote>\n<p><strong>SAN VITO DI CADORE<\/strong> Ancora quindici giorni di riprese in Cadore per l\u2019ottava stagione di \u201cUn passo dal cielo\u201d, in produzione dal met\u00e0 giugno. La base operativa \u00e8 a San Vito di Cadore, con riprese anche a Cortina, Borca, Misurina e altre localit\u00e0. Oltre 150 persone sono coinvolte, generando un significativo indotto economico per il territorio. La consigliera provinciale Vanessa De Francesch sottolinea l\u2019importanza promozionale e turistica della fiction, che attira turisti anche fuori stagione, evidenziando le potenzialit\u00e0 cinematografiche della zona per il futuro.<\/p>\n<p>&nbsp;<\/p>\n<hr \/>\n<p>&nbsp;<\/p>\n<blockquote>\n<h2 style=\"text-align: left;\"><a class=\"dt-pswp-item\" href=\"https:\/\/www.radiopiu.net\/wordpress\/wp-content\/uploads\/2024\/06\/campagna-abusivismo.jpg\" data-dt-img-description=\"\" data-large_image_width=\"700\" data-large_image_height=\"300\"><img loading=\"lazy\" decoding=\"async\" class=\" wp-image-396272 alignleft\" src=\"https:\/\/www.radiopiu.net\/wordpress\/wp-content\/uploads\/2024\/06\/campagna-abusivismo-300x129.jpg\" alt=\"\" width=\"258\" height=\"111\" srcset=\"https:\/\/www.radiopiu.net\/wordpress\/wp-content\/uploads\/2024\/06\/campagna-abusivismo-300x129.jpg 300w, https:\/\/www.radiopiu.net\/wordpress\/wp-content\/uploads\/2024\/06\/campagna-abusivismo.jpg 700w\" sizes=\"auto, (max-width: 258px) 100vw, 258px\" \/><\/a>Campagna contro l&#8217;abusivismo in acconciatura ed estetica<\/h2>\n<\/blockquote>\n<p><strong>BELLUNO<\/strong> Confartigianato Imprese ha lanciato una campagna di sensibilizzazione contro l\u2019abusivismo nei settori dell\u2019acconciatura e dell\u2019estetica. In Italia, l\u2019abusivismo nei servizi alla persona \u00e8 in crescita, con un tasso di irregolarit\u00e0 del 27,6%, aggravato dalla pandemia Covid-19 e dalle piattaforme online non regolamentate. La campagna mira a sensibilizzare l\u2019opinione pubblica sui rischi per la salute associati ai servizi non qualificati. Le presidenti provinciali di Confartigianato Belluno, Ivana Del Pizzol e Alessandra Feltrin, sottolineano l\u2019importanza di affidarsi a professionisti certificati per garantire la sicurezza.<\/p>\n<p>&nbsp;<\/p>\n<hr \/>\n<p>&nbsp;<\/p>\n<p>&nbsp;<\/p>\n<blockquote>\n<h3>SALUTE E SOCIETA&#8217;, LA RUBRICA DI MEDICINA IN ONDA OGNI LUNEDI<\/h3>\n<p><a class=\"dt-pswp-item\" href=\"https:\/\/www.radiopiu.net\/wordpress\/wp-content\/uploads\/2024\/06\/cd464c50-2c3c-06bd-6d6f-36eade36575b.jpg\" data-dt-img-description=\"European female nurse with ultrasound photo and adult caucasian pregnant woman on medical bed looking at each other in maternity hospital\" data-large_image_width=\"300\" data-large_image_height=\"200\"><img loading=\"lazy\" decoding=\"async\" class=\" wp-image-396259\" src=\"https:\/\/www.radiopiu.net\/wordpress\/wp-content\/uploads\/2024\/06\/cd464c50-2c3c-06bd-6d6f-36eade36575b.jpg\" alt=\"\" width=\"242\" height=\"161\" \/><\/a><\/p>\n<h3>ALLE 13.10 ALLA RADIO\u00a0 CON IL DOTTOR MARCO CARACCIOLO<\/h3>\n<h2>Oncologia, Speciale ASCO 2024<\/h2>\n<\/blockquote>\n<p>Presentati al Congresso annuale dell&#8217;American Society of Clinical Oncology a Chicago i risultati di follow-up a lungo termine dello studio di Fase 3 CROWN che ha valutato l\u2019utilizzo di lorlatinib. Trastuzumab deruxtecan \u2013 anticorpo monoclonale farmaco-coniugato \u2013 pu\u00f2 cambiare lo standard di cura in prima linea del tumore della mammella metastatico, evitando la chemioterapia dopo la terapia anti ormonale.<\/p>\n<audio class=\"wp-audio-shortcode\" id=\"audio-396194-9\" preload=\"none\" style=\"width: 100%;\" controls=\"controls\"><source type=\"audio\/mpeg\" src=\"https:\/\/www.radiopiu.net\/wordpress\/wp-content\/uploads\/2024\/06\/SALUTE-4.mp3?_=9\" \/><a href=\"https:\/\/www.radiopiu.net\/wordpress\/wp-content\/uploads\/2024\/06\/SALUTE-4.mp3\">https:\/\/www.radiopiu.net\/wordpress\/wp-content\/uploads\/2024\/06\/SALUTE-4.mp3<\/a><\/audio>\n<p>&nbsp;<\/p>\n<p>&nbsp;<\/p>\n<p>&nbsp;<\/p>\n<hr \/>\n<p>&nbsp;<\/p>\n<blockquote>\n<h2>CILP e MOSTRA DELL&#8217;ARTIGIANATO<\/h2>\n<\/blockquote>\n<p><strong>FELTRE<\/strong>\u00a0 La prossima settimana la Citt\u00e0 di Feltre ospiter\u00e0 la Mostra dell&#8217;Artigianato e il CILP sar\u00e0 presente con il suo gruppo di lettori presso la Chiesa di San Giovanni Nepomuceno in via Paradiso. I Libri Parlanti vi intratterranno con letture nei seguenti orari: \u00a0Venerd\u00ec 28 dalle 16.00 alle 18.00 \u00a0Sabato 29 dalle 10.00 alle 12.00 e dalle 16.00 alle 18.00<br \/>\nDomenica 30 dalle 10.00 alle 12.00 Sar\u00e0 allestita anche una mostra fotografica con la storia dei 40 anni del CILP<br \/>\n<a class=\"dt-pswp-item\" href=\"https:\/\/www.radiopiu.net\/wordpress\/wp-content\/uploads\/2024\/06\/fd2eb428-268e-4255-8a1c-ec356dbcd979.jpg\" data-dt-img-description=\"\" data-large_image_width=\"1080\" data-large_image_height=\"1080\"><img loading=\"lazy\" decoding=\"async\" class=\"size-medium wp-image-395484 aligncenter\" src=\"https:\/\/www.radiopiu.net\/wordpress\/wp-content\/uploads\/2024\/06\/fd2eb428-268e-4255-8a1c-ec356dbcd979-300x300.jpg\" alt=\"\" width=\"300\" height=\"300\" srcset=\"https:\/\/www.radiopiu.net\/wordpress\/wp-content\/uploads\/2024\/06\/fd2eb428-268e-4255-8a1c-ec356dbcd979-300x300.jpg 300w, https:\/\/www.radiopiu.net\/wordpress\/wp-content\/uploads\/2024\/06\/fd2eb428-268e-4255-8a1c-ec356dbcd979-1024x1024.jpg 1024w, https:\/\/www.radiopiu.net\/wordpress\/wp-content\/uploads\/2024\/06\/fd2eb428-268e-4255-8a1c-ec356dbcd979-150x150.jpg 150w, https:\/\/www.radiopiu.net\/wordpress\/wp-content\/uploads\/2024\/06\/fd2eb428-268e-4255-8a1c-ec356dbcd979-768x768.jpg 768w, https:\/\/www.radiopiu.net\/wordpress\/wp-content\/uploads\/2024\/06\/fd2eb428-268e-4255-8a1c-ec356dbcd979.jpg 1080w\" sizes=\"auto, (max-width: 300px) 100vw, 300px\" \/><\/a><\/p>\n<p>&nbsp;<\/p>\n<p>&nbsp;<\/p>\n<p>&nbsp;<\/p>\n<hr \/>\n<p>&nbsp;<\/p>\n<blockquote>\n<h2>\u00a0APPUNTAMENTO CULTURALE A FORNESIGHE, IL PRIMO DI QUATTRO<\/h2>\n<\/blockquote>\n<p>&nbsp;<\/p>\n<p><strong><a class=\"dt-pswp-item\" href=\"https:\/\/www.radiopiu.net\/wordpress\/wp-content\/uploads\/2024\/06\/2c31295d-600b-4dc6-98b2-f4cc1087b843.jpg\" data-dt-img-description=\"\" data-large_image_width=\"750\" data-large_image_height=\"1334\"><img loading=\"lazy\" decoding=\"async\" class=\"size-medium wp-image-396275 alignleft\" src=\"https:\/\/www.radiopiu.net\/wordpress\/wp-content\/uploads\/2024\/06\/2c31295d-600b-4dc6-98b2-f4cc1087b843-169x300.jpg\" alt=\"\" width=\"169\" height=\"300\" srcset=\"https:\/\/www.radiopiu.net\/wordpress\/wp-content\/uploads\/2024\/06\/2c31295d-600b-4dc6-98b2-f4cc1087b843-169x300.jpg 169w, https:\/\/www.radiopiu.net\/wordpress\/wp-content\/uploads\/2024\/06\/2c31295d-600b-4dc6-98b2-f4cc1087b843-576x1024.jpg 576w, https:\/\/www.radiopiu.net\/wordpress\/wp-content\/uploads\/2024\/06\/2c31295d-600b-4dc6-98b2-f4cc1087b843.jpg 750w\" sizes=\"auto, (max-width: 169px) 100vw, 169px\" \/><\/a>VAL DI ZOLDO<\/strong><br \/>\n<strong>DI MARCO DAL FARRA\u00a0<\/strong><\/p>\n<audio class=\"wp-audio-shortcode\" id=\"audio-396194-10\" preload=\"none\" style=\"width: 100%;\" controls=\"controls\"><source type=\"audio\/mpeg\" src=\"https:\/\/www.radiopiu.net\/wordpress\/wp-content\/uploads\/2024\/06\/marco-ZOLDO.mp3?_=10\" \/><a href=\"https:\/\/www.radiopiu.net\/wordpress\/wp-content\/uploads\/2024\/06\/marco-ZOLDO.mp3\">https:\/\/www.radiopiu.net\/wordpress\/wp-content\/uploads\/2024\/06\/marco-ZOLDO.mp3<\/a><\/audio>\n<p>&nbsp;<\/p>\n<p>&nbsp;<\/p>\n<hr \/>\n<p>&nbsp;<\/p>\n<p><a class=\"dt-pswp-item\" href=\"https:\/\/www.radiopiu.net\/wordpress\/wp-content\/uploads\/2024\/06\/6a884a5b-a4cf-4bb3-a957-2de3050cec0b-1.jpg\" data-dt-img-description=\"\" data-large_image_width=\"1127\" data-large_image_height=\"1600\"><img loading=\"lazy\" decoding=\"async\" class=\"wp-image-395682 aligncenter\" src=\"https:\/\/www.radiopiu.net\/wordpress\/wp-content\/uploads\/2024\/06\/6a884a5b-a4cf-4bb3-a957-2de3050cec0b-1-721x1024.jpg\" alt=\"\" width=\"308\" height=\"437\" srcset=\"https:\/\/www.radiopiu.net\/wordpress\/wp-content\/uploads\/2024\/06\/6a884a5b-a4cf-4bb3-a957-2de3050cec0b-1-721x1024.jpg 721w, https:\/\/www.radiopiu.net\/wordpress\/wp-content\/uploads\/2024\/06\/6a884a5b-a4cf-4bb3-a957-2de3050cec0b-1-211x300.jpg 211w, https:\/\/www.radiopiu.net\/wordpress\/wp-content\/uploads\/2024\/06\/6a884a5b-a4cf-4bb3-a957-2de3050cec0b-1-768x1090.jpg 768w, https:\/\/www.radiopiu.net\/wordpress\/wp-content\/uploads\/2024\/06\/6a884a5b-a4cf-4bb3-a957-2de3050cec0b-1-1082x1536.jpg 1082w, https:\/\/www.radiopiu.net\/wordpress\/wp-content\/uploads\/2024\/06\/6a884a5b-a4cf-4bb3-a957-2de3050cec0b-1.jpg 1127w\" sizes=\"auto, (max-width: 308px) 100vw, 308px\" \/><\/a><\/p>\n<p>&nbsp;<\/p>\n<hr \/>\n<p>&nbsp;<\/p>\n<blockquote>\n<h3>Lamon, Piccoli Scrigni d&#8217;Arte&#8221;: Aperture Estive di Chiese e Museo Civico<\/h3>\n<\/blockquote>\n<p><strong>LAMON<\/strong> Durante luglio e agosto, la chiesa di San Daniele, la Chiesa di San Pietro e il Museo Civico Archeologico di Lamon saranno aperti tutte le domeniche dalle 10 alle 12. Questa iniziativa culturale e turistica, promossa da Comune, parrocchia e Pro Loco lamonese, mira a valorizzare opere d&#8217;arte e reperti archeologici di grande valore artistico e storico. Il museo ospita reperti dalla necropoli romana di San Donato, mentre le chiese conservano opere di artisti veneti e bellunesi del XVI e XVII secolo.<\/p>\n<p>&nbsp;<\/p>\n<p>&nbsp;<\/p>\n<hr \/>\n<p>&nbsp;<\/p>\n<blockquote>\n<h3>Diario di un Sindaco: Vent&#8217;anni di Esperienze e Dedizione<\/h3>\n<\/blockquote>\n<blockquote><p><em>&#8220;uno spaccato interessante della nostra societ\u00e0 e delle vicissitudini amministrative&#8221;.\u00a0<\/em><\/p><\/blockquote>\n<p style=\"padding-left: 40px;\"><strong>ROCCA PIETORE<\/strong><\/p>\n<p><img decoding=\"async\" src=\"https:\/\/www.radiopiu.net\/wordpress\/wp-content\/uploads\/2024\/06\/23cf37c2-45db-4ab5-81e2-738189f8850b.jpg\" \/><\/p>\n<div class=\"flex flex-grow flex-col max-w-full\">\n<div class=\"min-h-[20px] text-message flex flex-col items-start whitespace-pre-wrap break-words [.text-message+&amp;]:mt-5 juice:w-full juice:items-end overflow-x-auto gap-2\" dir=\"auto\" data-message-author-role=\"assistant\" data-message-id=\"eceef8cf-552a-4279-af45-64ad67149b76\">\n<div class=\"flex w-full flex-col gap-1 juice:empty:hidden juice:first:pt-[3px]\">\n<div class=\"markdown prose w-full break-words dark:prose-invert dark\">\n<p>&#8220;Diario di un Sindaco&#8221; di Andrea De Bernardin: Vent&#8217;anni in municipio, quindici da sindaco. Un percorso di vita tra l&#8217;ordinaria amministrazione e eventi straordinari come tempeste, valanghe, frane e confini. Un tributo alla protezione civile e ai volontari che donano il loro tempo prezioso. Ora in distribuzione.<\/p>\n<\/div>\n<\/div>\n<\/div>\n<\/div>\n<div class=\"mt-1 flex gap-3 empty:hidden juice:-ml-3\">\n<div class=\"items-center justify-start rounded-xl p-1 flex\">\n<div class=\"flex items-center\"><\/div>\n<\/div>\n<\/div>\n<p><strong>AUDIO<\/strong><\/p>\n<audio class=\"wp-audio-shortcode\" id=\"audio-396194-11\" preload=\"none\" style=\"width: 100%;\" controls=\"controls\"><source type=\"audio\/mpeg\" src=\"https:\/\/www.radiopiu.net\/wordpress\/wp-content\/uploads\/2024\/06\/DIARIO-DI-UN-SINDACO_BA.mp3?_=11\" \/><a href=\"https:\/\/www.radiopiu.net\/wordpress\/wp-content\/uploads\/2024\/06\/DIARIO-DI-UN-SINDACO_BA.mp3\">https:\/\/www.radiopiu.net\/wordpress\/wp-content\/uploads\/2024\/06\/DIARIO-DI-UN-SINDACO_BA.mp3<\/a><\/audio>\n<p>&nbsp;<\/p>\n<hr \/>\n<p>&nbsp;<\/p>\n<blockquote>\n<h3>CON IL CAI DI BELLUNO<\/h3>\n<\/blockquote>\n<p><strong>BELLUNO<\/strong>\u00a0 Domenica 30 giugno 2024 si terr\u00e0 l&#8217;escursione ai Labirinti della Moiazza. Il ritrovo \u00e8 fissato per le ore 7.00 presso Piazzale Resistenza, con rientro previsto in serata. Il percorso prevede un dislivello in salita di circa 900 metri e un tempo di percorrenza di circa 5 ore, escluse le soste. Iscrizioni online entro il 29 giugno: <a href=\"https:\/\/form.jotform.com\/EscursionismoCaiBL\/Labirinti\" target=\"_new\" rel=\"noreferrer noopener\">link<\/a>.<\/p>\n<p>&nbsp;<\/p>\n<p>&nbsp;<\/p>\n<hr \/>\n<p>&nbsp;<\/p>\n<p>&nbsp;<\/p>\n<blockquote><p><strong><a class=\"dt-pswp-item\" href=\"https:\/\/www.radiopiu.net\/wordpress\/wp-content\/uploads\/2024\/06\/pic-nic-inalto-2.jpg\" data-dt-img-description=\"\" data-large_image_width=\"1200\" data-large_image_height=\"1600\"><img loading=\"lazy\" decoding=\"async\" class=\" wp-image-395685 alignleft\" src=\"https:\/\/www.radiopiu.net\/wordpress\/wp-content\/uploads\/2024\/06\/pic-nic-inalto-2-225x300.jpg\" alt=\"\" width=\"137\" height=\"183\" srcset=\"https:\/\/www.radiopiu.net\/wordpress\/wp-content\/uploads\/2024\/06\/pic-nic-inalto-2-225x300.jpg 225w, https:\/\/www.radiopiu.net\/wordpress\/wp-content\/uploads\/2024\/06\/pic-nic-inalto-2-768x1024.jpg 768w, https:\/\/www.radiopiu.net\/wordpress\/wp-content\/uploads\/2024\/06\/pic-nic-inalto-2-1152x1536.jpg 1152w, https:\/\/www.radiopiu.net\/wordpress\/wp-content\/uploads\/2024\/06\/pic-nic-inalto-2.jpg 1200w\" sizes=\"auto, (max-width: 137px) 100vw, 137px\" \/><\/a>\u201cEL PROSAC\u201d, LA PAUSA GOURMET CON VISTA MOZZAFIATO DEL RIFUGIO INALTO<\/strong><\/p><\/blockquote>\n<p>Nel comprensorio Alpe Lusia\/San Pellegrino, l&#8217;esperienza del digital detox invita a disconnettersi per riconnettersi con la natura. Il rifugio InAlto offre un pic-nic esclusivo in vetta al Col Margherita, a 2.514 m, con piatti stagionali preparati dallo chef Alfio Ghezzi. Accessibile via funivia dal Passo San Pellegrino, il rifugio \u00e8 rinomato per le sue creazioni culinarie, ideali per godersi le Dolomiti in tranquillit\u00e0 e relax, lontano dal trambusto quotidiano.<\/p>\n<p>&nbsp;<\/p>\n<p><em><strong>ALPE LUSIA &#8211; SAN PELLEGRINO: L\u2019ESTATE \u00c8 INIZIATA<\/strong><\/em><\/p>\n<p><em><strong>\u00a0<\/strong><\/em><em>\u00c8 tempo di tornare in vetta nel comprensorio Alpe Lusia\/San Pellegrino. Il 15 giugno hanno aperto gli impianti dell\u2019Alpe Lusia, segnando l\u2019avvio di una stagione estiva ricca di novit\u00e0 soprattutto per chi viaggia in famiglia.<\/em><\/p>\n<p><em>\u00a0Domani<\/em><em> toccher\u00e0 invece alla seggiovia Costabella premere lo start. La Funivia Col Margherita e l\u2019adiacente rifugio InAlto apriranno invece dal 29 giugno. Dal 6 luglio, con l\u2019attivazione degli impianti che collegano Falcade al rifugio Laresei, la stagione estiva prender\u00e0 il via nell\u2019intero arco alpino racchiuso tra la Val di Fassa e la Valle del Biois.\u00a0<\/em><\/p>\n<p>&nbsp;<\/p>\n<p>&nbsp;<\/p>\n<p>&nbsp;<\/p>\n<hr \/>\n<p>&nbsp;<\/p>\n<blockquote>\n<h3>NUOVE OPPORTUNITA&#8217; DI LAVORO PER I GIOVANI BELLUNESI<\/h3>\n<\/blockquote>\n<p><strong><a class=\"dt-pswp-item\" href=\"https:\/\/www.radiopiu.net\/wordpress\/wp-content\/uploads\/2024\/06\/443940785_958206859639658_3735909911788675835_n.jpg\" data-dt-img-description=\"\" data-large_image_width=\"2048\" data-large_image_height=\"1152\"><img loading=\"lazy\" decoding=\"async\" class=\" wp-image-395263 alignleft\" src=\"https:\/\/www.radiopiu.net\/wordpress\/wp-content\/uploads\/2024\/06\/443940785_958206859639658_3735909911788675835_n-300x169.jpg\" alt=\"\" width=\"163\" height=\"92\" srcset=\"https:\/\/www.radiopiu.net\/wordpress\/wp-content\/uploads\/2024\/06\/443940785_958206859639658_3735909911788675835_n-300x169.jpg 300w, https:\/\/www.radiopiu.net\/wordpress\/wp-content\/uploads\/2024\/06\/443940785_958206859639658_3735909911788675835_n-1024x576.jpg 1024w, https:\/\/www.radiopiu.net\/wordpress\/wp-content\/uploads\/2024\/06\/443940785_958206859639658_3735909911788675835_n-768x432.jpg 768w, https:\/\/www.radiopiu.net\/wordpress\/wp-content\/uploads\/2024\/06\/443940785_958206859639658_3735909911788675835_n-1536x864.jpg 1536w, https:\/\/www.radiopiu.net\/wordpress\/wp-content\/uploads\/2024\/06\/443940785_958206859639658_3735909911788675835_n.jpg 2048w\" sizes=\"auto, (max-width: 163px) 100vw, 163px\" \/><\/a>BELLUNO<\/strong> La Regione Veneto, insieme ai partner locali, sta organizzando iniziative per offrire ai giovani delle Dolomiti opportunit\u00e0 di formazione e sviluppo professionale nell&#8217;ambito del progetto &#8220;DAL VIRTUALE AL REALE: I am here for you&#8221;. Il 25 giugno 2024, presso l&#8217;Urban Hub di Belluno, si terr\u00e0 un workshop intensivo sul crowdfunding, dalle 16:30. Organizzato dal Centro Consorzi e parte del progetto Fem Factor Dolomiti, il workshop sar\u00e0 guidato da esperti come Fabrizio De Liberali e Davide Moro. Inoltre, il 31 maggio si svolger\u00e0 un workshop sulla &#8220;Palestra d&#8217;impresa e innovazione sociale&#8221;, focalizzato sulla creazione di spazi per lo sviluppo di competenze imprenditoriali. Questi eventi, finanziati dalla Regione Veneto e organizzati da FORCOOP, mirano a contrastare lo spopolamento delle aree montane favorendo l&#8217;inserimento lavorativo dei giovani. Per partecipare, \u00e8 possibile iscriversi gratuitamente contattando il Centro Consorzi di Belluno.<\/p>\n<p>&nbsp;<\/p>\n<p>&nbsp;<\/p>\n<hr \/>\n<p>&nbsp;<\/p>\n<blockquote>\n<h3>LE ZECCHE IN PROVINCIA DI BELLUNO<\/h3>\n<\/blockquote>\n<p><strong>BELLUNO<\/strong> Il Club Alpino Italiano &#8211; Sezione di Belluno segnala un aumento del rischio di zecche nel territorio. Per informare la popolazione, \u00e8 stata organizzata una conferenza dal titolo &#8220;LE ZECCHE: CONOSCIAMOLE! Come proteggersi e difendersi&#8221;. L&#8217;evento si terr\u00e0 il domani alle 20:30 presso la Sala Bianchi &#8211; Eliseo Dal Pont, in Viale Fantuzzi n. 11 a Belluno.<\/p>\n<p>&nbsp;<\/p>\n<p>&nbsp;<\/p>\n<hr \/>\n<p>&nbsp;<\/p>\n<blockquote>\n<h3>UN APERTIVO PER PARLARE DI MOBILITA&#8217;<\/h3>\n<\/blockquote>\n<p><strong><a class=\"dt-pswp-item\" href=\"https:\/\/www.radiopiu.net\/wordpress\/wp-content\/uploads\/2024\/06\/SCR-20240617-ljtz.jpeg\" data-dt-img-description=\"\" data-large_image_width=\"1236\" data-large_image_height=\"612\"><img loading=\"lazy\" decoding=\"async\" class=\" wp-image-395148 alignleft\" src=\"https:\/\/www.radiopiu.net\/wordpress\/wp-content\/uploads\/2024\/06\/SCR-20240617-ljtz-300x149.jpeg\" alt=\"\" width=\"207\" height=\"103\" srcset=\"https:\/\/www.radiopiu.net\/wordpress\/wp-content\/uploads\/2024\/06\/SCR-20240617-ljtz-300x149.jpeg 300w, https:\/\/www.radiopiu.net\/wordpress\/wp-content\/uploads\/2024\/06\/SCR-20240617-ljtz-1024x507.jpeg 1024w, https:\/\/www.radiopiu.net\/wordpress\/wp-content\/uploads\/2024\/06\/SCR-20240617-ljtz-768x380.jpeg 768w, https:\/\/www.radiopiu.net\/wordpress\/wp-content\/uploads\/2024\/06\/SCR-20240617-ljtz.jpeg 1236w\" sizes=\"auto, (max-width: 207px) 100vw, 207px\" \/><\/a>BELLUNO<\/strong> Sabato 29 giugno dalle 18 all&#8217;Urban Hub di Belluno si terr\u00e0 un incontro organizzato dall&#8217;associazione Polis Futura sulla mobilit\u00e0 nel Comune di Belluno. Luigi Filippo Daniele, presidente dell&#8217;associazione, introdurr\u00e0 l&#8217;evento, seguito dagli interventi di Luca Frare e Stefano Spadaro che presenteranno il progetto &#8220;Belluno Cycling Strategy&#8221; per incentivare il turismo e la mobilit\u00e0 sostenibile. Si discuteranno i vantaggi del cicloturismo, le infrastrutture necessarie e l&#8217;uso della nuova app &#8220;Trillo&#8221; di Dolomiti Bus per il trasporto pubblico. Giacomo Bocchese, vicepresidente del FabLab, concluder\u00e0 l&#8217;evento, seguito da un aperitivo.<\/p>\n<p>&nbsp;<\/p>\n<p>&nbsp;<\/p>\n<hr \/>\n<p>&nbsp;<\/p>\n<blockquote>\n<h3>\u201cCANTON SAN PIERO\u201d CON ECHI DI SARDEGNA PER IL CORO MONTI DEL SOLE<\/h3>\n<\/blockquote>\n<p><strong><a class=\"dt-pswp-item\" href=\"https:\/\/www.radiopiu.net\/wordpress\/wp-content\/uploads\/2024\/06\/coro_mds.jpg\" data-dt-img-description=\"\" data-large_image_width=\"1600\" data-large_image_height=\"1200\"><img loading=\"lazy\" decoding=\"async\" class=\" wp-image-395277 alignleft\" src=\"https:\/\/www.radiopiu.net\/wordpress\/wp-content\/uploads\/2024\/06\/coro_mds-300x225.jpg\" alt=\"\" width=\"185\" height=\"139\" srcset=\"https:\/\/www.radiopiu.net\/wordpress\/wp-content\/uploads\/2024\/06\/coro_mds-300x225.jpg 300w, https:\/\/www.radiopiu.net\/wordpress\/wp-content\/uploads\/2024\/06\/coro_mds-1024x768.jpg 1024w, https:\/\/www.radiopiu.net\/wordpress\/wp-content\/uploads\/2024\/06\/coro_mds-768x576.jpg 768w, https:\/\/www.radiopiu.net\/wordpress\/wp-content\/uploads\/2024\/06\/coro_mds-1536x1152.jpg 1536w, https:\/\/www.radiopiu.net\/wordpress\/wp-content\/uploads\/2024\/06\/coro_mds.jpg 1600w\" sizes=\"auto, (max-width: 185px) 100vw, 185px\" \/><\/a>SOSPIRILO\u00a0<\/strong>La chiesa dei Santi Pietro e Paolo di Sospirolo ospiter\u00e0 sabato 29 giugno alle 20:45 il concerto &#8220;Canton San Piero&#8221; del Coro Monti del Sole, diretto da Luca Lotto. L&#8217;evento, organizzato dal coro di Sedico, avr\u00e0 come ospite il Coro S\u2019Arrodia di Sinnai, diretto da Maurizio Boassa. Fondato nel 2007, S\u2019Arrodia ha gi\u00e0 ospitato Monti del Sole nel 2010 durante la rassegna &#8220;Is duas columbas&#8221;. L&#8217;organizzazione dell&#8217;evento, guidata dal presidente Stefano Colle, accoglier\u00e0 i coristi sardi dal 28 giugno al 1\u00b0 luglio, con visite a diverse attrazioni del Bellunese. Inoltre, il 30 giugno si terr\u00e0 un concerto alla sala polifunzionale La Tappa di Valle di Cadore, con il Coro Rualan e S\u2019Arrodia.<\/p>\n<p>&nbsp;<\/p>\n<p>&nbsp;<\/p>\n<hr \/>\n<p>&nbsp;<\/p>\n<blockquote>\n<h2>Concerto Commemorativo per il 250\u00b0 Anniversario della Guardia di Finanza<\/h2>\n<\/blockquote>\n<p><strong><a class=\"dt-pswp-item\" href=\"https:\/\/www.radiopiu.net\/wordpress\/wp-content\/uploads\/2024\/06\/Senza-nome-52.png\" data-dt-img-description=\"\" data-large_image_width=\"132\" data-large_image_height=\"160\"><img loading=\"lazy\" decoding=\"async\" class=\"size-full wp-image-395674 alignleft\" src=\"https:\/\/www.radiopiu.net\/wordpress\/wp-content\/uploads\/2024\/06\/Senza-nome-52.png\" alt=\"\" width=\"132\" height=\"160\" \/><\/a>BELLUNO\u00a0<\/strong> In occasione del 250\u00b0 anniversario della Fondazione del Corpo della Guardia di Finanza, si terr\u00e0 un concerto commemorativo,\u00a0 gioved\u00ec 27 giugno alle\u00a0 20 presso il Palazzo dei Rettori, sede della Prefettura di Belluno. L&#8217;evento nel ricordo di Martina Bonavera, vedr\u00e0 la partecipazione del Coro della Guardia di Finanza di Belluno, accompagnato dall\u2019Ensemble dei maestri Claudio Montafia (flauto), Mara Comelato (flauto) e Orazio Longo (pianoforte). L&#8217;evento ha come\u00a0 obiettivo\u00a0 raccogliere fondi per l&#8217;associazione benefica dedicata a Martina Bonavera. L&#8217;ingresso \u00e8 ad offerta libera e la prenotazione \u00e8 obbligatoria tramite email a <a rel=\"noreferrer\">bl0500009@gdf.it<\/a>. Questo evento non solo celebra un&#8217;importante pietra miliare nella storia della Guardia di Finanza, ma unisce la comunit\u00e0 in un gesto di solidariet\u00e0 e commemorazione. I fondi raccolti contribuiranno a sostenere le attivit\u00e0 dell&#8217;Associazione Martina Bonavera, impegno anche della Guardia di Finanza nel supporto alle cause sociali e umanitarie.<\/p>\n<p>&nbsp;<\/p>\n<p><a class=\"dt-pswp-item\" href=\"https:\/\/www.radiopiu.net\/wordpress\/wp-content\/uploads\/2024\/06\/Senza-nome-51.png\" data-dt-img-description=\"\" data-large_image_width=\"773\" data-large_image_height=\"344\"><img loading=\"lazy\" decoding=\"async\" class=\"alignnone wp-image-395673 size-full\" src=\"https:\/\/www.radiopiu.net\/wordpress\/wp-content\/uploads\/2024\/06\/Senza-nome-51.png\" alt=\"\" width=\"773\" height=\"344\" srcset=\"https:\/\/www.radiopiu.net\/wordpress\/wp-content\/uploads\/2024\/06\/Senza-nome-51.png 773w, https:\/\/www.radiopiu.net\/wordpress\/wp-content\/uploads\/2024\/06\/Senza-nome-51-300x134.png 300w, https:\/\/www.radiopiu.net\/wordpress\/wp-content\/uploads\/2024\/06\/Senza-nome-51-768x342.png 768w\" sizes=\"auto, (max-width: 773px) 100vw, 773px\" \/><\/a><\/p>\n<p>&nbsp;<\/p>\n<p>&nbsp;<\/p>\n<p>&nbsp;<\/p>\n<p>&nbsp;<\/p>\n<hr \/>\n<p>&nbsp;<\/p>\n<blockquote class=\"wp-embedded-content\" data-secret=\"pnf8khuSwA\"><p><a href=\"https:\/\/www.radiopiu.net\/wordpress\/malga-calleda-e-duran-storia-di-un-monte-pascolivo-prima-parte\/\">MALGA CALLEDA E DURAN: STORIA DI UN \u201cMONTE PASCOLIVO\u201d &#8211; PRIMA PARTE<\/a><\/p><\/blockquote>\n<p><iframe loading=\"lazy\" class=\"wp-embedded-content\" sandbox=\"allow-scripts\" security=\"restricted\" style=\"position: absolute; clip: rect(1px, 1px, 1px, 1px);\" title=\"&#8220;MALGA CALLEDA E DURAN: STORIA DI UN \u201cMONTE PASCOLIVO\u201d &#8211; PRIMA PARTE&#8221; &#8212; Radio Pi\u00f9\" src=\"https:\/\/www.radiopiu.net\/wordpress\/malga-calleda-e-duran-storia-di-un-monte-pascolivo-prima-parte\/embed\/#?secret=uu0DkpL74g#?secret=pnf8khuSwA\" data-secret=\"pnf8khuSwA\" width=\"600\" height=\"338\" frameborder=\"0\" marginwidth=\"0\" marginheight=\"0\" scrolling=\"no\"><\/iframe><\/p>\n<p>&nbsp;<\/p>\n<hr \/>\n<p>&nbsp;<\/p>\n<h2><span style=\"color: #ff6600;\">ALLA RADIO<\/span><\/h2>\n<h2><span style=\"color: #ff00ff;\">RITRATTI SONORI, IL PROGRAMMA DI ALESSIA DALL&#8217;O&#8217;<\/span><\/h2>\n<p><span style=\"color: #ff0000;\"><strong><a class=\"dt-pswp-item\" href=\"https:\/\/www.radiopiu.net\/wordpress\/wp-content\/uploads\/2024\/06\/marco-gaz.jpg\" data-dt-img-description=\"\" data-large_image_width=\"1440\" data-large_image_height=\"1080\"><img loading=\"lazy\" decoding=\"async\" class=\" wp-image-396292 alignleft\" src=\"https:\/\/www.radiopiu.net\/wordpress\/wp-content\/uploads\/2024\/06\/marco-gaz-300x225.jpg\" alt=\"\" width=\"155\" height=\"116\" srcset=\"https:\/\/www.radiopiu.net\/wordpress\/wp-content\/uploads\/2024\/06\/marco-gaz-300x225.jpg 300w, https:\/\/www.radiopiu.net\/wordpress\/wp-content\/uploads\/2024\/06\/marco-gaz-1024x768.jpg 1024w, https:\/\/www.radiopiu.net\/wordpress\/wp-content\/uploads\/2024\/06\/marco-gaz-768x576.jpg 768w, https:\/\/www.radiopiu.net\/wordpress\/wp-content\/uploads\/2024\/06\/marco-gaz.jpg 1440w\" sizes=\"auto, (max-width: 155px) 100vw, 155px\" \/><\/a>PUNTATA 07 MARCO GAZ<\/strong><\/span><\/p>\n<p>PRIMA PARTE<\/p>\n<audio class=\"wp-audio-shortcode\" id=\"audio-396194-12\" preload=\"none\" style=\"width: 100%;\" controls=\"controls\"><source type=\"audio\/mpeg\" src=\"https:\/\/www.radiopiu.net\/wordpress\/wp-content\/uploads\/2024\/06\/RF1-2.mp3?_=12\" \/><a href=\"https:\/\/www.radiopiu.net\/wordpress\/wp-content\/uploads\/2024\/06\/RF1-2.mp3\">https:\/\/www.radiopiu.net\/wordpress\/wp-content\/uploads\/2024\/06\/RF1-2.mp3<\/a><\/audio>\n<p>&nbsp;<\/p>\n<p>SECONDA PARTE<\/p>\n<audio class=\"wp-audio-shortcode\" id=\"audio-396194-13\" preload=\"none\" style=\"width: 100%;\" controls=\"controls\"><source type=\"audio\/mpeg\" src=\"https:\/\/www.radiopiu.net\/wordpress\/wp-content\/uploads\/2024\/06\/RF2-2.mp3?_=13\" \/><a href=\"https:\/\/www.radiopiu.net\/wordpress\/wp-content\/uploads\/2024\/06\/RF2-2.mp3\">https:\/\/www.radiopiu.net\/wordpress\/wp-content\/uploads\/2024\/06\/RF2-2.mp3<\/a><\/audio>\n<p>&nbsp;<\/p>\n<p>TERZA PARTE<\/p>\n<audio class=\"wp-audio-shortcode\" id=\"audio-396194-14\" preload=\"none\" style=\"width: 100%;\" controls=\"controls\"><source type=\"audio\/mpeg\" src=\"https:\/\/www.radiopiu.net\/wordpress\/wp-content\/uploads\/2024\/06\/RF3-2.mp3?_=14\" \/><a href=\"https:\/\/www.radiopiu.net\/wordpress\/wp-content\/uploads\/2024\/06\/RF3-2.mp3\">https:\/\/www.radiopiu.net\/wordpress\/wp-content\/uploads\/2024\/06\/RF3-2.mp3<\/a><\/audio>\n<p>&nbsp;<\/p>\n<h2>LA RACCOLTA COMPLETA <a href=\"https:\/\/www.radiopiu.net\/wordpress\/ritratti-sonori-il-programma-di-alessia-dallo-la-raccolta\/\"><span style=\"color: #3366ff;\">CLICCA QUI<\/span><\/a><\/h2>\n<p>&nbsp;<\/p>\n<hr \/>\n<p>&nbsp;<\/p>\n<h2><span style=\"color: #ff0000;\">OGGI COME IERI di e con SILVIA BALDO<\/span><\/h2>\n<p><img decoding=\"async\" class=\"aligncenter\" src=\"https:\/\/www.radiopiu.net\/wordpress\/wp-content\/uploads\/2023\/09\/309000774_10222572118595513_7956305457803922499_n.jpg\" \/><\/p>\n<p><strong>\u00a0 \u00a0 \u00a0<\/strong><\/p>\n<p><strong>PUNTATA DEL 24 GIUGNO\u00a0<\/strong><\/p>\n<audio class=\"wp-audio-shortcode\" id=\"audio-396194-15\" preload=\"none\" style=\"width: 100%;\" controls=\"controls\"><source type=\"audio\/mpeg\" src=\"https:\/\/www.radiopiu.net\/wordpress\/wp-content\/uploads\/2024\/01\/SIBI-12.mp3?_=15\" \/><a href=\"https:\/\/www.radiopiu.net\/wordpress\/wp-content\/uploads\/2024\/01\/SIBI-12.mp3\">https:\/\/www.radiopiu.net\/wordpress\/wp-content\/uploads\/2024\/01\/SIBI-12.mp3<\/a><\/audio>\n<p>&nbsp;<\/p>\n<h2>LA RACCOLTA COMPLETA <a href=\"https:\/\/www.radiopiu.net\/wordpress\/alle-nove-oggi-come-ieri-di-e-con-silvia-baldo\/\"><span style=\"color: #3366ff;\">CLICCA QUI<\/span><\/a><\/h2>\n<p>&nbsp;<\/p>\n<hr \/>\n<p>&nbsp;<\/p>\n<h2><span style=\"color: #00ccff;\">PERITI MINERARI DALL\u2019AGORDINO AL MONDO<\/span><\/h2>\n<p><strong>REDAZIONE<\/strong> Continua la serie di racconti con i periti minerari agordini. Nelle prossime quattro puntate la storia di Adriano Zasso. I racconti dei periti minerari agordini che hanno lavorato nel mondo, ogni luned\u00ec alle 10:30 e alle 19 su Radio Pi\u00f9.<\/p>\n<p><iframe loading=\"lazy\" title=\"ADRIANO ZASSO\" width=\"1200\" height=\"675\" src=\"https:\/\/www.youtube.com\/embed\/bAkH3XQoHyQ?feature=oembed\" frameborder=\"0\" allow=\"accelerometer; autoplay; clipboard-write; encrypted-media; gyroscope; picture-in-picture; web-share\" referrerpolicy=\"strict-origin-when-cross-origin\" allowfullscreen><\/iframe><\/p>\n<p>&nbsp;<\/p>\n<h2><strong>LA RACCOLTA COMPLETA <a href=\"https:\/\/www.radiopiu.net\/wordpress\/periti-minerari-dallagordino-al-mondo\/\"><span style=\"color: #0000ff;\">CLICCA QUI<\/span><\/a><\/strong><a href=\"https:\/\/www.radiopiu.net\/wordpress\/periti-minerari-dallagordino-al-mondo\/\"><span style=\"color: #0000ff;\">\u00a0<\/span><\/a><\/h2>\n<p>&nbsp;<\/p>\n<hr \/>\n<p>&nbsp;<\/p>\n<h2><span style=\"color: #993300;\">I RACCONTI DI PAOLO SOPPELSA<\/span><\/h2>\n<p><strong>EL CASELO DE BOGO<\/strong><\/p>\n<p><strong>AUDIO<\/strong><\/p>\n<audio class=\"wp-audio-shortcode\" id=\"audio-396194-16\" preload=\"none\" style=\"width: 100%;\" controls=\"controls\"><source type=\"audio\/mpeg\" src=\"https:\/\/www.radiopiu.net\/wordpress\/wp-content\/uploads\/2024\/06\/PAOLOS-3.mp3?_=16\" \/><a href=\"https:\/\/www.radiopiu.net\/wordpress\/wp-content\/uploads\/2024\/06\/PAOLOS-3.mp3\">https:\/\/www.radiopiu.net\/wordpress\/wp-content\/uploads\/2024\/06\/PAOLOS-3.mp3<\/a><\/audio>\n<p>&nbsp;<\/p>\n<p><a class=\"dt-pswp-item\" href=\"https:\/\/www.radiopiu.net\/wordpress\/wp-content\/uploads\/2024\/06\/7f5f23c2-c006-4a13-90aa-6a188135f9e2.jpg\" data-dt-img-description=\"\" data-large_image_width=\"1600\" data-large_image_height=\"1200\"><img loading=\"lazy\" decoding=\"async\" class=\" wp-image-396128 alignleft\" src=\"https:\/\/www.radiopiu.net\/wordpress\/wp-content\/uploads\/2024\/06\/7f5f23c2-c006-4a13-90aa-6a188135f9e2-300x225.jpg\" alt=\"\" width=\"199\" height=\"149\" srcset=\"https:\/\/www.radiopiu.net\/wordpress\/wp-content\/uploads\/2024\/06\/7f5f23c2-c006-4a13-90aa-6a188135f9e2-300x225.jpg 300w, https:\/\/www.radiopiu.net\/wordpress\/wp-content\/uploads\/2024\/06\/7f5f23c2-c006-4a13-90aa-6a188135f9e2-1024x768.jpg 1024w, https:\/\/www.radiopiu.net\/wordpress\/wp-content\/uploads\/2024\/06\/7f5f23c2-c006-4a13-90aa-6a188135f9e2-768x576.jpg 768w, https:\/\/www.radiopiu.net\/wordpress\/wp-content\/uploads\/2024\/06\/7f5f23c2-c006-4a13-90aa-6a188135f9e2-1536x1152.jpg 1536w, https:\/\/www.radiopiu.net\/wordpress\/wp-content\/uploads\/2024\/06\/7f5f23c2-c006-4a13-90aa-6a188135f9e2.jpg 1600w\" sizes=\"auto, (max-width: 199px) 100vw, 199px\" \/><\/a>L\u2019antica meridiana scandisce un tempo quieto e prezioso, un tempo ricco di antiche memorie e di profumo di legno impregnato di fatiche e storia. Sono stipiti in pietra che osservano lo Spiz de Medod\u00ec, sono silenzi che narrano esistenze vissute seguendo il ritmo delle stagioni; sono fiori alle finestre che raccontano di gente aggrappata alle proprie radici e alla propria montagna. Bogo, frazione di Cencenighe Agordino situata a 1197 metri di quota. Un pugno di case che al mattino presto vedono spuntare il sole sopra il Pelsa, alcuni fienili, una fontana in pietra dei Mesaroz ornata di fiori freschi, un\u2019antica meridiana sei abitanti e silenzi importanti. Eravamo saliti lass\u00f9 per cercare il passato in quel primo pomeriggio di un sabato di fine primavera che stentava a trasformarsi in estate. Una breve passeggiata in salita e poi un caff\u00e8 in compagnia di chi questa montagna la sa curare e raccontare e poi due giri di chiave, che andavano ad aprire una porta dietro alla quale avremmo trovato un tempo diverso ma in fondo nemmeno cos\u00ec remoto. Siamo entrati con rispetto nel caselo di Bogo, varcando una soglia aldil\u00e0 della quale regnava un silenzio che sapeva di antico. Dietro quell\u2019uscio spalancato si celano ricordi di lavoro, di latte e di fuoco, di forme di formaggio che riposavano su quegli scaffali ora storti e consunti. Fra le mura annerite del caselo sono presenti pochi oggetti che testimoniano questa importante attivit\u00e0, praticata in tempi in cui il formaggio e il burro erano fondamentali per il sostentamento di questa gente di montagna. Alcuni barattoli di metallo, il termometro, i libretti con riportati i conferimenti, e poi quei registri vecchi di oltre un secolo, compilati in modo minuzioso e quasi artistico. Mentre sfogliavamo quei fogli preziosi immaginavo lo scorrere dei pennini su quella carta sottile illuminata dalla luce fioca di una piccola lampadina, i numeri scanditi ad alta voce dopo le pesate mentre fuori regnava il freddo di certe mattine d&#8217;inverno. Erano lettere e numeri scritti con grazia da quelle mani forti abituate a compiere lavori faticosi, erano nomi e date che raccontavano di uomini in stalla quando le stelle brillavano ancora nel cielo. All&#8217;interno del caselo, il tempo sembrava essersi fermato all&#8217;epoca neanche troppo lontana in cui Bogo non era raggiungibile dagli automezzi e il recarsi a piedi in paese e fare ritorno, impegnava una mattina intera. Appeso al muro, un calendario recava impresso l&#8217;anno 1985; fu all&#8217;incirca a quel tempo che l&#8217;attivit\u00e0 del caselo chiuse i battenti. Si spense quel vivere cos\u00ec diverso da quello odierno, un vivere che seguiva il ritmo delle stagioni, un vivere scandito dal rumore metallico dei candoi dal lat, dal muggire delle vacche e dal frusciare del fieno nelle carpie. Poi il camino del caselo smise di fumare, i prati iniziarono a tramutarsi in bosco e molti abitanti scesero a valle; rimasero in pochi lass\u00f9, a vivere quel tempo indicato dall\u2019antica meridiana. Al termine della visita abbiamo richiuso la porta di quel importante luogo di lavoro e ricordi da conservare e poi abbiamo ricordato quelle vite mentre sopra la Malga Ambrusogn si addensavano nuvole da temporale. Lass\u00f9 battevano fulmini cattivi, di quelli capaci di spaccare in due un larice d&#8217;alta quota e per noi era arrivato il momento di ritornare nel mondo di oggi, lasciando quel tempo quieto e quel dolce mormorare d&#8217;acqua di fontana.<\/p>\n<p>&nbsp;<\/p>\n<hr \/>\n<p>&nbsp;<\/p>\n<h2><span style=\"color: #808000;\">IL PRIMO RADUNO DI CIAO A BELLUNO<\/span><\/h2>\n<p><strong>BELLUNO<\/strong><\/p>\n<p>DI SILVIA BALDO<\/p>\n<p><strong>INTERVISTA AD ANDREA BUSETTO, COFONDATORE DEL VINTAGE CLUB CIAO BELLUNO<\/strong><\/p>\n<audio class=\"wp-audio-shortcode\" id=\"audio-396194-17\" preload=\"none\" style=\"width: 100%;\" controls=\"controls\"><source type=\"audio\/mpeg\" src=\"https:\/\/www.radiopiu.net\/wordpress\/wp-content\/uploads\/2024\/06\/SILVIA-BALDO-RADUNO-CIAO-BELLUNO.mp3?_=17\" \/><a href=\"https:\/\/www.radiopiu.net\/wordpress\/wp-content\/uploads\/2024\/06\/SILVIA-BALDO-RADUNO-CIAO-BELLUNO.mp3\">https:\/\/www.radiopiu.net\/wordpress\/wp-content\/uploads\/2024\/06\/SILVIA-BALDO-RADUNO-CIAO-BELLUNO.mp3<\/a><\/audio>\n<p>&nbsp;<\/p>\n\n\t\t\t<style type='text\/css'>\n\t\t\t\t#gallery-3 {\n\t\t\t\t\tmargin: auto;\n\t\t\t\t}\n\t\t\t\t#gallery-3 .gallery-item {\n\t\t\t\t\tfloat: left;\n\t\t\t\t\tmargin-top: 10px;\n\t\t\t\t\ttext-align: center;\n\t\t\t\t\twidth: 25%;\n\t\t\t\t}\n\t\t\t\t#gallery-3 img {\n\t\t\t\t\tborder: 2px solid #cfcfcf;\n\t\t\t\t}\n\t\t\t\t#gallery-3 .gallery-caption {\n\t\t\t\t\tmargin-left: 0;\n\t\t\t\t}\n\t\t\t\t\/* see gallery_shortcode() in wp-includes\/media.php *\/\n\t\t\t<\/style>\n\t\t<div id='gallery-3' class='dt-gallery-container gallery galleryid-396194 gallery-columns-4 gallery-size-medium'><dl class='gallery-item'>\n\t\t\t\t<dt class='gallery-icon landscape'>\n\t\t\t\t\t<a class=\"rollover rollover-zoom dt-pswp-item\" title=\"3a616a55-b34e-4365-a0ad-153a28bf3a16\" data-dt-img-description=\"\" data-large_image_width=\"1001\" data-large_image_height=\"841\"href='https:\/\/www.radiopiu.net\/wordpress\/wp-content\/uploads\/2024\/06\/3a616a55-b34e-4365-a0ad-153a28bf3a16.jpg'><img loading=\"lazy\" decoding=\"async\" width=\"300\" height=\"252\" src=\"https:\/\/www.radiopiu.net\/wordpress\/wp-content\/uploads\/2024\/06\/3a616a55-b34e-4365-a0ad-153a28bf3a16-300x252.jpg\" class=\"attachment-medium size-medium\" alt=\"\" srcset=\"https:\/\/www.radiopiu.net\/wordpress\/wp-content\/uploads\/2024\/06\/3a616a55-b34e-4365-a0ad-153a28bf3a16-300x252.jpg 300w, https:\/\/www.radiopiu.net\/wordpress\/wp-content\/uploads\/2024\/06\/3a616a55-b34e-4365-a0ad-153a28bf3a16-768x645.jpg 768w, https:\/\/www.radiopiu.net\/wordpress\/wp-content\/uploads\/2024\/06\/3a616a55-b34e-4365-a0ad-153a28bf3a16.jpg 1001w\" sizes=\"auto, (max-width: 300px) 100vw, 300px\" \/><\/a>\n\t\t\t\t<\/dt><\/dl><dl class='gallery-item'>\n\t\t\t\t<dt class='gallery-icon landscape'>\n\t\t\t\t\t<a class=\"rollover rollover-zoom dt-pswp-item\" title=\"cd3e736e-eb7b-4aad-8df5-757319b652f6\" data-dt-img-description=\"\" data-large_image_width=\"1080\" data-large_image_height=\"608\"href='https:\/\/www.radiopiu.net\/wordpress\/wp-content\/uploads\/2024\/06\/cd3e736e-eb7b-4aad-8df5-757319b652f6.jpg'><img loading=\"lazy\" decoding=\"async\" width=\"300\" height=\"169\" src=\"https:\/\/www.radiopiu.net\/wordpress\/wp-content\/uploads\/2024\/06\/cd3e736e-eb7b-4aad-8df5-757319b652f6-300x169.jpg\" class=\"attachment-medium size-medium\" alt=\"\" srcset=\"https:\/\/www.radiopiu.net\/wordpress\/wp-content\/uploads\/2024\/06\/cd3e736e-eb7b-4aad-8df5-757319b652f6-300x169.jpg 300w, https:\/\/www.radiopiu.net\/wordpress\/wp-content\/uploads\/2024\/06\/cd3e736e-eb7b-4aad-8df5-757319b652f6-1024x576.jpg 1024w, https:\/\/www.radiopiu.net\/wordpress\/wp-content\/uploads\/2024\/06\/cd3e736e-eb7b-4aad-8df5-757319b652f6-768x432.jpg 768w, https:\/\/www.radiopiu.net\/wordpress\/wp-content\/uploads\/2024\/06\/cd3e736e-eb7b-4aad-8df5-757319b652f6.jpg 1080w\" sizes=\"auto, (max-width: 300px) 100vw, 300px\" \/><\/a>\n\t\t\t\t<\/dt><\/dl><dl class='gallery-item'>\n\t\t\t\t<dt class='gallery-icon landscape'>\n\t\t\t\t\t<a class=\"rollover rollover-zoom dt-pswp-item\" title=\"46414681-e59f-4025-8d13-822c3c7ce4ba\" data-dt-img-description=\"\" data-large_image_width=\"1080\" data-large_image_height=\"608\"href='https:\/\/www.radiopiu.net\/wordpress\/wp-content\/uploads\/2024\/06\/46414681-e59f-4025-8d13-822c3c7ce4ba.jpg'><img loading=\"lazy\" decoding=\"async\" width=\"300\" height=\"169\" src=\"https:\/\/www.radiopiu.net\/wordpress\/wp-content\/uploads\/2024\/06\/46414681-e59f-4025-8d13-822c3c7ce4ba-300x169.jpg\" class=\"attachment-medium size-medium\" alt=\"\" srcset=\"https:\/\/www.radiopiu.net\/wordpress\/wp-content\/uploads\/2024\/06\/46414681-e59f-4025-8d13-822c3c7ce4ba-300x169.jpg 300w, https:\/\/www.radiopiu.net\/wordpress\/wp-content\/uploads\/2024\/06\/46414681-e59f-4025-8d13-822c3c7ce4ba-1024x576.jpg 1024w, https:\/\/www.radiopiu.net\/wordpress\/wp-content\/uploads\/2024\/06\/46414681-e59f-4025-8d13-822c3c7ce4ba-768x432.jpg 768w, https:\/\/www.radiopiu.net\/wordpress\/wp-content\/uploads\/2024\/06\/46414681-e59f-4025-8d13-822c3c7ce4ba.jpg 1080w\" sizes=\"auto, (max-width: 300px) 100vw, 300px\" \/><\/a>\n\t\t\t\t<\/dt><\/dl><dl class='gallery-item'>\n\t\t\t\t<dt class='gallery-icon landscape'>\n\t\t\t\t\t<a class=\"rollover rollover-zoom dt-pswp-item\" title=\"b5f20eb3-1706-4e7f-bdcd-7ae6cfe88332\" data-dt-img-description=\"\" data-large_image_width=\"1080\" data-large_image_height=\"608\"href='https:\/\/www.radiopiu.net\/wordpress\/wp-content\/uploads\/2024\/06\/b5f20eb3-1706-4e7f-bdcd-7ae6cfe88332.jpg'><img loading=\"lazy\" decoding=\"async\" width=\"300\" height=\"169\" src=\"https:\/\/www.radiopiu.net\/wordpress\/wp-content\/uploads\/2024\/06\/b5f20eb3-1706-4e7f-bdcd-7ae6cfe88332-300x169.jpg\" class=\"attachment-medium size-medium\" alt=\"\" srcset=\"https:\/\/www.radiopiu.net\/wordpress\/wp-content\/uploads\/2024\/06\/b5f20eb3-1706-4e7f-bdcd-7ae6cfe88332-300x169.jpg 300w, https:\/\/www.radiopiu.net\/wordpress\/wp-content\/uploads\/2024\/06\/b5f20eb3-1706-4e7f-bdcd-7ae6cfe88332-1024x576.jpg 1024w, https:\/\/www.radiopiu.net\/wordpress\/wp-content\/uploads\/2024\/06\/b5f20eb3-1706-4e7f-bdcd-7ae6cfe88332-768x432.jpg 768w, https:\/\/www.radiopiu.net\/wordpress\/wp-content\/uploads\/2024\/06\/b5f20eb3-1706-4e7f-bdcd-7ae6cfe88332.jpg 1080w\" sizes=\"auto, (max-width: 300px) 100vw, 300px\" \/><\/a>\n\t\t\t\t<\/dt><\/dl><br style=\"clear: both\" \/>\n\t\t\t<\/div>\n\n<p>&nbsp;<\/p>\n<hr \/>\n<p>&nbsp;<\/p>\n<h2><span style=\"color: #ff0000;\">DAL SITO DI RADIO PIU&#8230; ALCUNI PODCAST, I PIU&#8217; VISUALIZZATI NELLA SETTIMANA&#8230;\u00a0<\/span><\/h2>\n<blockquote class=\"wp-embedded-content\" data-secret=\"mHxo0yLlNK\"><p><a href=\"https:\/\/www.radiopiu.net\/wordpress\/biblioteca-del-territorio-i-podcast-di-radiopiu\/\">BIBLIOTECA DEL TERRITORIO&#8230; I PODCAST DI RADIOPIU<\/a><\/p><\/blockquote>\n<p><iframe loading=\"lazy\" class=\"wp-embedded-content\" sandbox=\"allow-scripts\" security=\"restricted\" style=\"position: absolute; clip: rect(1px, 1px, 1px, 1px);\" title=\"&#8220;BIBLIOTECA DEL TERRITORIO&#8230; I PODCAST DI RADIOPIU&#8221; &#8212; Radio Pi\u00f9\" src=\"https:\/\/www.radiopiu.net\/wordpress\/biblioteca-del-territorio-i-podcast-di-radiopiu\/embed\/#?secret=lIcI8qGQ3O#?secret=mHxo0yLlNK\" data-secret=\"mHxo0yLlNK\" width=\"600\" height=\"338\" frameborder=\"0\" marginwidth=\"0\" marginheight=\"0\" scrolling=\"no\"><\/iframe><\/p>\n<p>&nbsp;<\/p>\n<blockquote class=\"wp-embedded-content\" data-secret=\"IvWI00vC6X\"><p><a href=\"https:\/\/www.radiopiu.net\/wordpress\/lad08aaaa\/\">&#8220;NCONTONSE&#8221; IN LADINO SU RADIO PI\u00d9<\/a><\/p><\/blockquote>\n<p><iframe loading=\"lazy\" class=\"wp-embedded-content\" sandbox=\"allow-scripts\" security=\"restricted\" style=\"position: absolute; clip: rect(1px, 1px, 1px, 1px);\" title=\"&#8220;&#8220;NCONTONSE&#8221; IN LADINO SU RADIO PI\u00d9&#8221; &#8212; Radio Pi\u00f9\" src=\"https:\/\/www.radiopiu.net\/wordpress\/lad08aaaa\/embed\/#?secret=kdHy1gZAau#?secret=IvWI00vC6X\" data-secret=\"IvWI00vC6X\" width=\"600\" height=\"338\" frameborder=\"0\" marginwidth=\"0\" marginheight=\"0\" scrolling=\"no\"><\/iframe><\/p>\n<p>&nbsp;<\/p>\n<hr \/>\n<p>&nbsp;<\/p>\n<h2><span style=\"color: #ff0000;\"><a class=\"dt-pswp-item\" href=\"https:\/\/www.radiopiu.net\/wordpress\/wp-content\/uploads\/2018\/09\/appuntamenti.jpeg\" data-dt-img-description=\"\" data-large_image_width=\"800\" data-large_image_height=\"100\"><img loading=\"lazy\" decoding=\"async\" class=\"wp-image-61958 size-full aligncenter\" src=\"https:\/\/www.radiopiu.net\/wordpress\/wp-content\/uploads\/2018\/09\/appuntamenti.jpeg\" alt=\"\" width=\"800\" height=\"100\" srcset=\"https:\/\/www.radiopiu.net\/wordpress\/wp-content\/uploads\/2018\/09\/appuntamenti.jpeg 800w, https:\/\/www.radiopiu.net\/wordpress\/wp-content\/uploads\/2018\/09\/appuntamenti-300x38.jpeg 300w, https:\/\/www.radiopiu.net\/wordpress\/wp-content\/uploads\/2018\/09\/appuntamenti-768x96.jpeg 768w\" sizes=\"auto, (max-width: 800px) 100vw, 800px\" \/><\/a><\/span><\/h2>\n<div>\n<div class=\"\" dir=\"auto\">\n<div id=\":r9h:\" class=\"x1iorvi4 x1pi30zi x1l90r2v x1swvt13\" data-ad-comet-preview=\"message\" data-ad-preview=\"message\">\n\n\t\t\t<style type='text\/css'>\n\t\t\t\t#gallery-4 {\n\t\t\t\t\tmargin: auto;\n\t\t\t\t}\n\t\t\t\t#gallery-4 .gallery-item {\n\t\t\t\t\tfloat: left;\n\t\t\t\t\tmargin-top: 10px;\n\t\t\t\t\ttext-align: center;\n\t\t\t\t\twidth: 25%;\n\t\t\t\t}\n\t\t\t\t#gallery-4 img {\n\t\t\t\t\tborder: 2px solid #cfcfcf;\n\t\t\t\t}\n\t\t\t\t#gallery-4 .gallery-caption {\n\t\t\t\t\tmargin-left: 0;\n\t\t\t\t}\n\t\t\t\t\/* see gallery_shortcode() in wp-includes\/media.php *\/\n\t\t\t<\/style>\n\t\t<div id='gallery-4' class='dt-gallery-container gallery galleryid-396194 gallery-columns-4 gallery-size-thumbnail'><dl class='gallery-item'>\n\t\t\t\t<dt class='gallery-icon portrait'>\n\t\t\t\t\t<a class=\"rollover rollover-zoom dt-pswp-item\" title=\"09d50e2a-86d9-4273-aeb6-415f92136bc3\" data-dt-img-description=\"\" data-large_image_width=\"750\" data-large_image_height=\"1022\"href='https:\/\/www.radiopiu.net\/wordpress\/wp-content\/uploads\/2024\/06\/09d50e2a-86d9-4273-aeb6-415f92136bc3.jpg'><img loading=\"lazy\" decoding=\"async\" width=\"150\" height=\"150\" src=\"https:\/\/www.radiopiu.net\/wordpress\/wp-content\/uploads\/2024\/06\/09d50e2a-86d9-4273-aeb6-415f92136bc3-150x150.jpg\" class=\"attachment-thumbnail size-thumbnail\" alt=\"\" aria-describedby=\"gallery-4-393715\" \/><\/a>\n\t\t\t\t<\/dt>\n\t\t\t\t\t<dd class='wp-caption-text gallery-caption' id='gallery-4-393715'>\n\t\t\t\t\tCORSO DI BALLO A VOLTAGO\n\t\t\t\t\t<\/dd><\/dl><dl class='gallery-item'>\n\t\t\t\t<dt class='gallery-icon portrait'>\n\t\t\t\t\t<a class=\"rollover rollover-zoom dt-pswp-item\" title=\"441936111_953300066803441_3663667299753321850_n\" data-dt-img-description=\"\" data-large_image_width=\"520\" data-large_image_height=\"640\"href='https:\/\/www.radiopiu.net\/wordpress\/wp-content\/uploads\/2024\/06\/441936111_953300066803441_3663667299753321850_n.jpg'><img loading=\"lazy\" decoding=\"async\" width=\"150\" height=\"150\" src=\"https:\/\/www.radiopiu.net\/wordpress\/wp-content\/uploads\/2024\/06\/441936111_953300066803441_3663667299753321850_n-150x150.jpg\" class=\"attachment-thumbnail size-thumbnail\" alt=\"\" aria-describedby=\"gallery-4-394061\" \/><\/a>\n\t\t\t\t<\/dt>\n\t\t\t\t\t<dd class='wp-caption-text gallery-caption' id='gallery-4-394061'>\n\t\t\t\t\t31 LUGLIO AL MINIERE E IN DIRETTA ALLA RADIO \n\t\t\t\t\t<\/dd><\/dl><dl class='gallery-item'>\n\t\t\t\t<dt class='gallery-icon portrait'>\n\t\t\t\t\t<a class=\"rollover rollover-zoom dt-pswp-item\" title=\"a1255490-93b2-46a4-8211-d8118fd23b27\" data-dt-img-description=\"\" data-large_image_width=\"1131\" data-large_image_height=\"1600\"href='https:\/\/www.radiopiu.net\/wordpress\/wp-content\/uploads\/2024\/06\/a1255490-93b2-46a4-8211-d8118fd23b27.jpg'><img loading=\"lazy\" decoding=\"async\" width=\"150\" height=\"150\" src=\"https:\/\/www.radiopiu.net\/wordpress\/wp-content\/uploads\/2024\/06\/a1255490-93b2-46a4-8211-d8118fd23b27-150x150.jpg\" class=\"attachment-thumbnail size-thumbnail\" alt=\"\" aria-describedby=\"gallery-4-394932\" \/><\/a>\n\t\t\t\t<\/dt>\n\t\t\t\t\t<dd class='wp-caption-text gallery-caption' id='gallery-4-394932'>\n\t\t\t\t\tA SAN TOMASO\n\t\t\t\t\t<\/dd><\/dl><dl class='gallery-item'>\n\t\t\t\t<dt class='gallery-icon portrait'>\n\t\t\t\t\t<a class=\"rollover rollover-zoom dt-pswp-item\" title=\"Presepi fuori tempo\" data-dt-img-description=\"\" data-large_image_width=\"1414\" data-large_image_height=\"2000\"href='https:\/\/www.radiopiu.net\/wordpress\/wp-content\/uploads\/2024\/06\/Presepi-fuori-tempo.png'><img loading=\"lazy\" decoding=\"async\" width=\"150\" height=\"150\" src=\"https:\/\/www.radiopiu.net\/wordpress\/wp-content\/uploads\/2024\/06\/Presepi-fuori-tempo-150x150.png\" class=\"attachment-thumbnail size-thumbnail\" alt=\"\" aria-describedby=\"gallery-4-395141\" \/><\/a>\n\t\t\t\t<\/dt>\n\t\t\t\t\t<dd class='wp-caption-text gallery-caption' id='gallery-4-395141'>\n\t\t\t\t\tPRESEPI FUORI TEMPO AD AGORDO\n\t\t\t\t\t<\/dd><\/dl><br style=\"clear: both\" \/><dl class='gallery-item'>\n\t\t\t\t<dt class='gallery-icon portrait'>\n\t\t\t\t\t<a class=\"rollover rollover-zoom dt-pswp-item\" title=\"447443480_320674017756499_9025951349706877056_n\" data-dt-img-description=\"\" data-large_image_width=\"509\" data-large_image_height=\"720\"href='https:\/\/www.radiopiu.net\/wordpress\/wp-content\/uploads\/2024\/06\/447443480_320674017756499_9025951349706877056_n.jpg'><img loading=\"lazy\" decoding=\"async\" width=\"150\" height=\"150\" src=\"https:\/\/www.radiopiu.net\/wordpress\/wp-content\/uploads\/2024\/06\/447443480_320674017756499_9025951349706877056_n-150x150.jpg\" class=\"attachment-thumbnail size-thumbnail\" alt=\"\" aria-describedby=\"gallery-4-395159\" \/><\/a>\n\t\t\t\t<\/dt>\n\t\t\t\t\t<dd class='wp-caption-text gallery-caption' id='gallery-4-395159'>\n\t\t\t\t\t6 LUGLIO AGORDO BAR DELLE BOCCE\n\t\t\t\t\t<\/dd><\/dl><dl class='gallery-item'>\n\t\t\t\t<dt class='gallery-icon portrait'>\n\t\t\t\t\t<a class=\"rollover rollover-zoom dt-pswp-item\" title=\"Le_zecche_come_difendersi_e_proteggersi\" data-dt-img-description=\"\" data-large_image_width=\"1834\" data-large_image_height=\"2560\"href='https:\/\/www.radiopiu.net\/wordpress\/wp-content\/uploads\/2024\/06\/Le_zecche_come_difendersi_e_proteggersi-scaled.jpg'><img loading=\"lazy\" decoding=\"async\" width=\"150\" height=\"150\" src=\"https:\/\/www.radiopiu.net\/wordpress\/wp-content\/uploads\/2024\/06\/Le_zecche_come_difendersi_e_proteggersi-150x150.jpg\" class=\"attachment-thumbnail size-thumbnail\" alt=\"\" aria-describedby=\"gallery-4-395245\" \/><\/a>\n\t\t\t\t<\/dt>\n\t\t\t\t\t<dd class='wp-caption-text gallery-caption' id='gallery-4-395245'>\n\t\t\t\t\tCONOSCIAMO LE ZECCHE A BELLUNO\n\t\t\t\t\t<\/dd><\/dl><dl class='gallery-item'>\n\t\t\t\t<dt class='gallery-icon portrait'>\n\t\t\t\t\t<a class=\"rollover rollover-zoom dt-pswp-item\" title=\"6a884a5b-a4cf-4bb3-a957-2de3050cec0b\" data-dt-img-description=\"\" data-large_image_width=\"1127\" data-large_image_height=\"1600\"href='https:\/\/www.radiopiu.net\/wordpress\/wp-content\/uploads\/2024\/06\/6a884a5b-a4cf-4bb3-a957-2de3050cec0b-2.jpg'><img loading=\"lazy\" decoding=\"async\" width=\"150\" height=\"150\" src=\"https:\/\/www.radiopiu.net\/wordpress\/wp-content\/uploads\/2024\/06\/6a884a5b-a4cf-4bb3-a957-2de3050cec0b-2-150x150.jpg\" class=\"attachment-thumbnail size-thumbnail\" alt=\"\" aria-describedby=\"gallery-4-395683\" \/><\/a>\n\t\t\t\t<\/dt>\n\t\t\t\t\t<dd class='wp-caption-text gallery-caption' id='gallery-4-395683'>\n\t\t\t\t\tCON MOSTO RICCO AD AGORDO \n\t\t\t\t\t<\/dd><\/dl>\n\t\t\t\t<br style='clear: both' \/>\n\t\t\t<\/div>\n\n<\/div>\n<\/div>\n<\/div>\n<p><strong>FELTRE<\/strong> Il Centro Astronomico di Feltre ospiter\u00e0 una conferenza sulle origini e la struttura dell\u2019universo intitolata &#8220;Le scoperte del Telescopio Spaziale Webb&#8221;, sar\u00e0 tenuta da Gabriele Vanin il 29 giugno 2024 alle 21.<\/p>\n<p>&nbsp;<\/p>\n<h2><span style=\"color: #ff0000;\">PROSSIMAMENTE\u00a0<\/span><\/h2>\n<p>Preparatevi a scatenare la vostra energia e a superare i vostri limiti con CorriPoi 2024. Il trofeo di Corse Podistiche a tappe Nell&#8217;Agordino, quattro tappe emozionanti, ognuna delle quali vi porter\u00e0 a scoprire le bellezze naturali del territorio. 7 LUGLIO FORCELLA AURINE, 7 SETTEMBRE VOLTAGO Alla CorriPoi parteciperanno, fianco a fianco, forti runner, atleti della domenica, famiglie, gruppi di amici, giovani corridori in erba, tutti con l&#8217;obiettivo di correre e di divertirsi. Corri verso la vittoria, corri verso il trofeo Alpenpluss. Regolamento delle quattro gare sul sito KEEPSPORTING.COM, in collaborazione con Kiwi Sport, abbigliamento sportivo per tutta la famiglia, ad ALLEGHE- CENCENIGHE &#8211; BELLUNO<\/p>\n<p>&nbsp;<\/p>\n<hr \/>\n<p>&nbsp;<\/p>\n<p><a class=\"dt-pswp-item\" href=\"https:\/\/www.radiopiu.net\/wordpress\/wp-content\/uploads\/2018\/09\/viabilita.jpeg\" data-dt-img-description=\"\" data-large_image_width=\"800\" data-large_image_height=\"100\"><img loading=\"lazy\" decoding=\"async\" class=\"aligncenter wp-image-61954 size-full\" src=\"https:\/\/www.radiopiu.net\/wordpress\/wp-content\/uploads\/2018\/09\/viabilita.jpeg\" alt=\"\" width=\"800\" height=\"100\" srcset=\"https:\/\/www.radiopiu.net\/wordpress\/wp-content\/uploads\/2018\/09\/viabilita.jpeg 800w, https:\/\/www.radiopiu.net\/wordpress\/wp-content\/uploads\/2018\/09\/viabilita-300x38.jpeg 300w, https:\/\/www.radiopiu.net\/wordpress\/wp-content\/uploads\/2018\/09\/viabilita-768x96.jpeg 768w\" sizes=\"auto, (max-width: 800px) 100vw, 800px\" \/><\/a><\/p>\n<p>&nbsp;<\/p>\n<p><a class=\"dt-pswp-item\" href=\"https:\/\/www.radiopiu.net\/wordpress\/wp-content\/uploads\/2023\/12\/botol-car-service.jpg\" data-dt-img-description=\"\" data-large_image_width=\"600\" data-large_image_height=\"600\"><img loading=\"lazy\" decoding=\"async\" class=\"size-medium wp-image-367044 aligncenter\" src=\"https:\/\/www.radiopiu.net\/wordpress\/wp-content\/uploads\/2023\/12\/botol-car-service-300x300.jpg\" alt=\"\" width=\"300\" height=\"300\" srcset=\"https:\/\/www.radiopiu.net\/wordpress\/wp-content\/uploads\/2023\/12\/botol-car-service-300x300.jpg 300w, https:\/\/www.radiopiu.net\/wordpress\/wp-content\/uploads\/2023\/12\/botol-car-service-150x150.jpg 150w, https:\/\/www.radiopiu.net\/wordpress\/wp-content\/uploads\/2023\/12\/botol-car-service.jpg 600w\" sizes=\"auto, (max-width: 300px) 100vw, 300px\" \/><\/a><\/p>\n<p>&nbsp;<\/p>\n<p>&nbsp;<\/p>\n<h1>BOLLETTINO QUOTIDIANO, CLICCA QUI<\/h1>\n<blockquote class=\"wp-embedded-content\" data-secret=\"7Ax6Ds9pjv\"><p><a href=\"https:\/\/www.radiopiu.net\/wordpress\/viabilita-2\/\">viabilita<\/a><\/p><\/blockquote>\n<p><iframe loading=\"lazy\" class=\"wp-embedded-content\" sandbox=\"allow-scripts\" security=\"restricted\" style=\"position: absolute; clip: rect(1px, 1px, 1px, 1px);\" title=\"&#8220;viabilita&#8221; &#8212; Radio Pi\u00f9\" src=\"https:\/\/www.radiopiu.net\/wordpress\/viabilita-2\/embed\/#?secret=QT4KNoI2po#?secret=7Ax6Ds9pjv\" data-secret=\"7Ax6Ds9pjv\" width=\"600\" height=\"338\" frameborder=\"0\" marginwidth=\"0\" marginheight=\"0\" scrolling=\"no\"><\/iframe><\/p>\n<p>&nbsp;<\/p>\n<p>&nbsp;<\/p>\n<hr \/>\n<p>&nbsp;<\/p>\n<p><a class=\"dt-pswp-item\" href=\"https:\/\/www.radiopiu.net\/wordpress\/wp-content\/uploads\/2018\/09\/WhatsApp-Image-2018-09-20-at-16.04.06.jpeg\" data-dt-img-description=\"\" data-large_image_width=\"800\" data-large_image_height=\"100\"><img loading=\"lazy\" decoding=\"async\" class=\"wp-image-61378 size-full aligncenter\" src=\"https:\/\/www.radiopiu.net\/wordpress\/wp-content\/uploads\/2018\/09\/WhatsApp-Image-2018-09-20-at-16.04.06.jpeg\" alt=\"\" width=\"800\" height=\"100\" srcset=\"https:\/\/www.radiopiu.net\/wordpress\/wp-content\/uploads\/2018\/09\/WhatsApp-Image-2018-09-20-at-16.04.06.jpeg 800w, https:\/\/www.radiopiu.net\/wordpress\/wp-content\/uploads\/2018\/09\/WhatsApp-Image-2018-09-20-at-16.04.06-300x38.jpeg 300w, https:\/\/www.radiopiu.net\/wordpress\/wp-content\/uploads\/2018\/09\/WhatsApp-Image-2018-09-20-at-16.04.06-768x96.jpeg 768w\" sizes=\"auto, (max-width: 800px) 100vw, 800px\" \/><\/a><\/p>\n<p><center><\/center><center><\/center><center><\/center><center><\/center><center><\/center><center><\/center>&nbsp;<\/p>\n<p><center><\/center><center><\/center><center><\/center><center><\/center><center><\/center><center><\/center><center><\/center><center><\/center><b>OGGI <\/b>Tempo variabile a tratti instabile con nuvolosit\u00e0 variabile via via pi\u00f9 intensa tra le ore centrali e nel pomeriggio fino a cielo nuvoloso. Qualche schiarita irregolare pi\u00f9 probabile su Dolomiti specie al mattino.<br \/>\n<b>Precipitazioni: <\/b>Graduale aumento della probabilit\u00e0 di rovesci sparsi e isolati temporali dapprima su Prealpi in estensione dalle ore centrali e nel pomeriggio a Dolomiti.<br \/>\nTemperature stazionarie o in lieve calo le massime.<\/p>\n<hr \/>\n<p><center><\/center><b>DOMANI\u00a0 <\/b>Al mattino poco nuvoloso, dalle ore centrali e nel pomeriggio aumento irregolare della nuvolosit\u00e0 cumuliforme. In serata tendenza a schiarite.<br \/>\n<b>Precipitazioni: <\/b>Possibili rovesci e isolati temporali qua e l\u00e0 specie tra le ore centrali e il pomeriggio<br \/>\nTemperature pressoch\u00e8 stazionarie o in lieve aumento le massime nelle valli.<\/p>\n<hr \/>\n<p><center><\/center><strong>GIOVEDI<\/strong> Al mattino sereno o poco nuvoloso, dalle ore centrali e nel pomeriggio irregolare aumento della nuvolosit\u00e0 cumuliforme. Ancora non esclusi nel pomeriggio isolati rovesci o temporali. Temperature in aumento.<\/p>\n<hr \/>\n<p><center><\/center><strong>VENERDI<\/strong> Tempo stabile con cielo sereno o poco nuvoloso. Nel pomeriggio modesto sviluppo di cumuli sulle cime. Precipitazioni generalmente assenti o molto bassa la probabilit\u00e0 di un piovasco nel pomeriggio\/sera. Temperature in ulteriore lieve aumento.<\/p>\n<p>&nbsp;<\/p>\n<hr \/>\n<p>&nbsp;<\/p>\n<p><img loading=\"lazy\" decoding=\"async\" class=\"wp-image-60761 size-full aligncenter\" src=\"https:\/\/www.radiopiu.net\/wordpress\/wp-content\/uploads\/2018\/09\/sport.jpg\" alt=\"\" width=\"800\" height=\"100\" srcset=\"https:\/\/www.radiopiu.net\/wordpress\/wp-content\/uploads\/2018\/09\/sport.jpg 800w, https:\/\/www.radiopiu.net\/wordpress\/wp-content\/uploads\/2018\/09\/sport-300x38.jpg 300w, https:\/\/www.radiopiu.net\/wordpress\/wp-content\/uploads\/2018\/09\/sport-768x96.jpg 768w\" sizes=\"auto, (max-width: 800px) 100vw, 800px\" \/><\/p>\n<p>&nbsp;<\/p>\n<p><span style=\"color: #0000ff;\"><strong>NUOTO<\/strong><\/span><\/p>\n<p>&nbsp;<\/p>\n<blockquote>\n<h3><a class=\"dt-pswp-item\" href=\"https:\/\/www.radiopiu.net\/wordpress\/wp-content\/uploads\/2024\/06\/Senza-nome-66.png\" data-dt-img-description=\"\" data-large_image_width=\"665\" data-large_image_height=\"356\"><img loading=\"lazy\" decoding=\"async\" class=\" wp-image-396268 alignleft\" src=\"https:\/\/www.radiopiu.net\/wordpress\/wp-content\/uploads\/2024\/06\/Senza-nome-66-300x161.png\" alt=\"\" width=\"244\" height=\"131\" srcset=\"https:\/\/www.radiopiu.net\/wordpress\/wp-content\/uploads\/2024\/06\/Senza-nome-66-300x161.png 300w, https:\/\/www.radiopiu.net\/wordpress\/wp-content\/uploads\/2024\/06\/Senza-nome-66.png 665w\" sizes=\"auto, (max-width: 244px) 100vw, 244px\" \/><\/a>Stra: Successo per i giovani nuotatori bellunesi<\/h3>\n<\/blockquote>\n<p>A Stra si \u00e8 svolto il meeting regionale per Esordienti B, mentre a Treviso la \u201cSwim Cup\u201d internazionale ha visto protagonisti gli Esordienti A e atleti di categoria. La selezione bellunese di 13 nuotatori ha ottenuto ottimi risultati, con venti piazzamenti in top ten e un settimo posto generale su 36 societ\u00e0. Notevoli le prestazioni di Mattia Don\u00e0, Federico Nerviani, Dora Bortoluzzi e altri atleti che hanno conquistato pass per i campionati regionali di luglio. Grande soddisfazione per il tecnico Daniela Piermarini.<\/p>\n<p>&nbsp;<\/p>\n<hr \/>\n<p>&nbsp;<\/p>\n<h2><span style=\"color: #ffcc00;\">GOODBYE BY BICICLE&#8230;UN VIAGGIO DALL&#8217;INDIA A SEREN DEL GRAPPA IN BICICLETTA<\/span><\/h2>\n<p><span style=\"color: #ff0000;\"><strong>PUNTATA 19 &#8211; LA BELLEZZA DEL TIBET TRA LE CIME PIU&#8217; ALTE DEL MONDO<\/strong><\/span><\/p>\n<audio class=\"wp-audio-shortcode\" id=\"audio-396194-18\" preload=\"none\" style=\"width: 100%;\" controls=\"controls\"><source type=\"audio\/mpeg\" src=\"https:\/\/www.radiopiu.net\/wordpress\/wp-content\/uploads\/2024\/06\/AIRE-INDIA-PUNTATA-19.mp3?_=18\" \/><a href=\"https:\/\/www.radiopiu.net\/wordpress\/wp-content\/uploads\/2024\/06\/AIRE-INDIA-PUNTATA-19.mp3\">https:\/\/www.radiopiu.net\/wordpress\/wp-content\/uploads\/2024\/06\/AIRE-INDIA-PUNTATA-19.mp3<\/a><\/audio>\n<p>&nbsp;<\/p>\n\n\t\t\t<style type='text\/css'>\n\t\t\t\t#gallery-5 {\n\t\t\t\t\tmargin: auto;\n\t\t\t\t}\n\t\t\t\t#gallery-5 .gallery-item {\n\t\t\t\t\tfloat: left;\n\t\t\t\t\tmargin-top: 10px;\n\t\t\t\t\ttext-align: center;\n\t\t\t\t\twidth: 20%;\n\t\t\t\t}\n\t\t\t\t#gallery-5 img {\n\t\t\t\t\tborder: 2px solid #cfcfcf;\n\t\t\t\t}\n\t\t\t\t#gallery-5 .gallery-caption {\n\t\t\t\t\tmargin-left: 0;\n\t\t\t\t}\n\t\t\t\t\/* see gallery_shortcode() in wp-includes\/media.php *\/\n\t\t\t<\/style>\n\t\t<div id='gallery-5' class='dt-gallery-container gallery galleryid-396194 gallery-columns-5 gallery-size-thumbnail'><dl class='gallery-item'>\n\t\t\t\t<dt class='gallery-icon landscape'>\n\t\t\t\t\t<a class=\"rollover rollover-zoom dt-pswp-item\" title=\"730fa4d4-046b-47e1-8e4b-2f58f529267e\" data-dt-img-description=\"\" data-large_image_width=\"1600\" data-large_image_height=\"1200\"href='https:\/\/www.radiopiu.net\/wordpress\/wp-content\/uploads\/2024\/06\/730fa4d4-046b-47e1-8e4b-2f58f529267e.jpg'><img loading=\"lazy\" decoding=\"async\" width=\"150\" height=\"150\" src=\"https:\/\/www.radiopiu.net\/wordpress\/wp-content\/uploads\/2024\/06\/730fa4d4-046b-47e1-8e4b-2f58f529267e-150x150.jpg\" class=\"attachment-thumbnail size-thumbnail\" alt=\"\" \/><\/a>\n\t\t\t\t<\/dt><\/dl><dl class='gallery-item'>\n\t\t\t\t<dt class='gallery-icon portrait'>\n\t\t\t\t\t<a class=\"rollover rollover-zoom dt-pswp-item\" title=\"f4f388c7-5649-4f72-b745-10f75dff6374\" data-dt-img-description=\"\" data-large_image_width=\"1143\" data-large_image_height=\"1600\"href='https:\/\/www.radiopiu.net\/wordpress\/wp-content\/uploads\/2024\/06\/f4f388c7-5649-4f72-b745-10f75dff6374.jpg'><img loading=\"lazy\" decoding=\"async\" width=\"150\" height=\"150\" src=\"https:\/\/www.radiopiu.net\/wordpress\/wp-content\/uploads\/2024\/06\/f4f388c7-5649-4f72-b745-10f75dff6374-150x150.jpg\" class=\"attachment-thumbnail size-thumbnail\" alt=\"\" \/><\/a>\n\t\t\t\t<\/dt><\/dl><dl class='gallery-item'>\n\t\t\t\t<dt class='gallery-icon landscape'>\n\t\t\t\t\t<a class=\"rollover rollover-zoom dt-pswp-item\" title=\"3e4c45c7-0118-4463-b7eb-250ed9d55541\" data-dt-img-description=\"\" data-large_image_width=\"2000\" data-large_image_height=\"1500\"href='https:\/\/www.radiopiu.net\/wordpress\/wp-content\/uploads\/2024\/06\/3e4c45c7-0118-4463-b7eb-250ed9d55541.jpg'><img loading=\"lazy\" decoding=\"async\" width=\"150\" height=\"150\" src=\"https:\/\/www.radiopiu.net\/wordpress\/wp-content\/uploads\/2024\/06\/3e4c45c7-0118-4463-b7eb-250ed9d55541-150x150.jpg\" class=\"attachment-thumbnail size-thumbnail\" alt=\"\" \/><\/a>\n\t\t\t\t<\/dt><\/dl><dl class='gallery-item'>\n\t\t\t\t<dt class='gallery-icon landscape'>\n\t\t\t\t\t<a class=\"rollover rollover-zoom dt-pswp-item\" title=\"743db94b-167e-400d-9a51-46a3ab49b4c7\" data-dt-img-description=\"\" data-large_image_width=\"1600\" data-large_image_height=\"1200\"href='https:\/\/www.radiopiu.net\/wordpress\/wp-content\/uploads\/2024\/06\/743db94b-167e-400d-9a51-46a3ab49b4c7.jpg'><img loading=\"lazy\" decoding=\"async\" width=\"150\" height=\"150\" src=\"https:\/\/www.radiopiu.net\/wordpress\/wp-content\/uploads\/2024\/06\/743db94b-167e-400d-9a51-46a3ab49b4c7-150x150.jpg\" class=\"attachment-thumbnail size-thumbnail\" alt=\"\" \/><\/a>\n\t\t\t\t<\/dt><\/dl><dl class='gallery-item'>\n\t\t\t\t<dt class='gallery-icon landscape'>\n\t\t\t\t\t<a class=\"rollover rollover-zoom dt-pswp-item\" title=\"ad263c0a-17ff-4897-bd8d-24176612563e\" data-dt-img-description=\"\" data-large_image_width=\"1600\" data-large_image_height=\"1200\"href='https:\/\/www.radiopiu.net\/wordpress\/wp-content\/uploads\/2024\/06\/ad263c0a-17ff-4897-bd8d-24176612563e.jpg'><img loading=\"lazy\" decoding=\"async\" width=\"150\" height=\"150\" src=\"https:\/\/www.radiopiu.net\/wordpress\/wp-content\/uploads\/2024\/06\/ad263c0a-17ff-4897-bd8d-24176612563e-150x150.jpg\" class=\"attachment-thumbnail size-thumbnail\" alt=\"\" \/><\/a>\n\t\t\t\t<\/dt><\/dl><br style=\"clear: both\" \/>\n\t\t\t<\/div>\n\n<p>&nbsp;<\/p>\n<p>&nbsp;<\/p>\n<p>&nbsp;<\/p>\n<p>&nbsp;<\/p>\n","protected":false},"excerpt":{"rendered":"<p>***** &nbsp; AUGURI RADIO PIU!!!! OGGI SONO 41\u00a0 25 GIUGNO 1983- 25 GIUGNO 2024. AUGURI RADIO PIU&#8217;. 39 ANNI DI RADIO &nbsp; di mirko mezzacasa TAIBON Quel primo pomeriggio del 25 giugno \u00e8 stato un giorno di festa per Taibon. Per noi allora diciottenni senza ombra di dubbio. Da settimane provavamo le presentazioni delle canzoni,&hellip;<\/p>\n","protected":false},"author":4,"featured_media":396337,"comment_status":"closed","ping_status":"closed","sticky":false,"template":"","format":"standard","meta":{"_monsterinsights_skip_tracking":false,"_monsterinsights_sitenote_active":false,"_monsterinsights_sitenote_note":"","_monsterinsights_sitenote_category":0,"footnotes":""},"categories":[51,86,49],"tags":[],"class_list":["post-396194","post","type-post","status-publish","format-standard","has-post-thumbnail","hentry","category-evidenza-top","category-gr","category-news-18","category-51","category-86","category-49","description-off"],"img_url":"https:\/\/www.radiopiu.net\/wordpress\/wp-content\/uploads\/2024\/06\/f1cad91b-3579-43df-908d-da0e94724e22.jpg","_links":{"self":[{"href":"https:\/\/www.radiopiu.net\/wordpress\/wp-json\/wp\/v2\/posts\/396194","targetHints":{"allow":["GET"]}}],"collection":[{"href":"https:\/\/www.radiopiu.net\/wordpress\/wp-json\/wp\/v2\/posts"}],"about":[{"href":"https:\/\/www.radiopiu.net\/wordpress\/wp-json\/wp\/v2\/types\/post"}],"author":[{"embeddable":true,"href":"https:\/\/www.radiopiu.net\/wordpress\/wp-json\/wp\/v2\/users\/4"}],"replies":[{"embeddable":true,"href":"https:\/\/www.radiopiu.net\/wordpress\/wp-json\/wp\/v2\/comments?post=396194"}],"version-history":[{"count":0,"href":"https:\/\/www.radiopiu.net\/wordpress\/wp-json\/wp\/v2\/posts\/396194\/revisions"}],"wp:featuredmedia":[{"embeddable":true,"href":"https:\/\/www.radiopiu.net\/wordpress\/wp-json\/wp\/v2\/media\/396337"}],"wp:attachment":[{"href":"https:\/\/www.radiopiu.net\/wordpress\/wp-json\/wp\/v2\/media?parent=396194"}],"wp:term":[{"taxonomy":"category","embeddable":true,"href":"https:\/\/www.radiopiu.net\/wordpress\/wp-json\/wp\/v2\/categories?post=396194"},{"taxonomy":"post_tag","embeddable":true,"href":"https:\/\/www.radiopiu.net\/wordpress\/wp-json\/wp\/v2\/tags?post=396194"}],"curies":[{"name":"wp","href":"https:\/\/api.w.org\/{rel}","templated":true}]}}