{"id":396208,"date":"2024-06-24T05:35:31","date_gmt":"2024-06-24T03:35:31","guid":{"rendered":"https:\/\/www.radiopiu.net\/wordpress\/?p=396208"},"modified":"2024-06-24T05:50:46","modified_gmt":"2024-06-24T03:50:46","slug":"san-doani-di-john-francis-della-pietra","status":"publish","type":"post","link":"https:\/\/www.radiopiu.net\/wordpress\/san-doani-di-john-francis-della-pietra\/","title":{"rendered":"SAN DOANI, DI JOHN FRANCIS DELLA PIETRA"},"content":{"rendered":"<p>**<\/p>\n<blockquote>\n<h3><\/h3>\n<\/blockquote>\n<p><strong><a class=\"dt-pswp-item\" href=\"https:\/\/www.radiopiu.net\/wordpress\/wp-content\/uploads\/2023\/09\/Canale-dAgordo-BL-scaled.jpg\" data-dt-img-description=\"\" data-large_image_width=\"2560\" data-large_image_height=\"1707\"><img loading=\"lazy\" decoding=\"async\" class=\"size-medium wp-image-354164 alignright\" src=\"https:\/\/www.radiopiu.net\/wordpress\/wp-content\/uploads\/2023\/09\/Canale-dAgordo-BL-300x200.jpg\" alt=\"\" width=\"300\" height=\"200\" srcset=\"https:\/\/www.radiopiu.net\/wordpress\/wp-content\/uploads\/2023\/09\/Canale-dAgordo-BL-300x200.jpg 300w, https:\/\/www.radiopiu.net\/wordpress\/wp-content\/uploads\/2023\/09\/Canale-dAgordo-BL-1024x683.jpg 1024w, https:\/\/www.radiopiu.net\/wordpress\/wp-content\/uploads\/2023\/09\/Canale-dAgordo-BL-768x512.jpg 768w, https:\/\/www.radiopiu.net\/wordpress\/wp-content\/uploads\/2023\/09\/Canale-dAgordo-BL-1536x1024.jpg 1536w, https:\/\/www.radiopiu.net\/wordpress\/wp-content\/uploads\/2023\/09\/Canale-dAgordo-BL-2048x1366.jpg 2048w\" sizes=\"auto, (max-width: 300px) 100vw, 300px\" \/><\/a>SAN DOANI<\/strong><\/p>\n<p><em><strong>di John Francis Della Pietra<\/strong><\/em><\/p>\n<p><strong>\u00a0<\/strong><\/p>\n<p><strong>\u00a0<\/strong><\/p>\n<p><strong>\u00a0<\/strong><\/p>\n<p><strong>\u00a0<\/strong><\/p>\n<p><strong>AUDIO<\/strong><\/p>\n<audio class=\"wp-audio-shortcode\" id=\"audio-396208-1\" preload=\"none\" style=\"width: 100%;\" controls=\"controls\"><source type=\"audio\/mpeg\" src=\"https:\/\/www.radiopiu.net\/wordpress\/wp-content\/uploads\/2024\/06\/JOHN-FRANCIS-SAN-DOANI.mp3?_=1\" \/><a href=\"https:\/\/www.radiopiu.net\/wordpress\/wp-content\/uploads\/2024\/06\/JOHN-FRANCIS-SAN-DOANI.mp3\">https:\/\/www.radiopiu.net\/wordpress\/wp-content\/uploads\/2024\/06\/JOHN-FRANCIS-SAN-DOANI.mp3<\/a><\/audio>\n<p>Na festa semper sentida da chi da canal<br \/>\nPar lori e tanti d intorn veramente special<br \/>\nGi\u00e0 calche d\u00ec prima te salta s\u00f9 en sin d emozion<br \/>\nE dale othe anca en poc de magon<br \/>\nA se pens\u00e0 al temp che l \u00e8 stat<br \/>\nE a quant che sto sant el n ha dat<br \/>\nAriane fursi pi\u00f9 puareti<br \/>\nNe lusighea i ocj sol a gir\u00e0 fra i bancheti<br \/>\nPar na otha a l an<br \/>\nPodei spende en scheo par se cjole valch no fea tant dan<br \/>\nChi na fauz chi na pera<br \/>\nEn lenzol o n intimela<br \/>\nO sol par vard\u00e0<br \/>\nE sogn\u00e0<br \/>\nValch de bel sto an che vien da compr\u00e0<br \/>\nE dap\u00f2 quater giostre da spi\u00e0<br \/>\nLe ultime novit\u00e0<br \/>\nLe nove canzon i fea sent\u00ec<br \/>\nChe grandi e popi i sberlea ocj tuta al d\u00ec<br \/>\nLe cadene i aerei i autoscontri<br \/>\nTuti si podea a mont\u00e0 su i era pronti<br \/>\nDap\u00f2 prima n ombrelon<br \/>\nEn seguito l \u00e8 ven\u00f9 el tendon<br \/>\nPar chi del bal che avea pasion<br \/>\nE i biglietti de lotteria che la sera i spetea l estrazion<br \/>\nCon speranza e trepidazion<br \/>\nE anca par chi che avea poc o nia<br \/>\nGhe restea semper par descore davant a na bira la bona compagnia<br \/>\nL era en mucjo da parecj\u00e0<br \/>\nE da slaoraz\u00e0<br \/>\nMa ognun se prestea<br \/>\nParch\u00e8 la festa polito l andea<br \/>\nDe bonora la piaza e d intorn cesa i spazea<br \/>\nTut luster s Doani a messa granda el catea<br \/>\nE cjapada la denedizion<br \/>\nCome da tradizion<br \/>\nI dea a zerc\u00e0 a vede<br \/>\nSe calche doani paghea da beve<br \/>\nAuguri giuani auguri<br \/>\nE i brindisi i era seguri<br \/>\nL \u00e8 pas\u00e0 tanti ani<br \/>\nMa en pie resta encora sta festa de s doani<br \/>\nManco mal<br \/>\nBravi chi da canal&#8230;<\/p>\n<p>&nbsp;<\/p>\n","protected":false},"excerpt":{"rendered":"<p>** SAN DOANI di John Francis Della Pietra \u00a0 \u00a0 \u00a0 \u00a0 AUDIO Na festa semper sentida da chi da canal Par lori e tanti d intorn veramente special Gi\u00e0 calche d\u00ec prima te salta s\u00f9 en sin d emozion E dale othe anca en poc de magon A se pens\u00e0 al temp che l&hellip;<\/p>\n","protected":false},"author":4,"featured_media":396209,"comment_status":"closed","ping_status":"closed","sticky":false,"template":"","format":"standard","meta":{"_monsterinsights_skip_tracking":false,"_monsterinsights_sitenote_active":false,"_monsterinsights_sitenote_note":"","_monsterinsights_sitenote_category":0,"footnotes":""},"categories":[51,49],"tags":[],"class_list":["post-396208","post","type-post","status-publish","format-standard","has-post-thumbnail","hentry","category-evidenza-top","category-news-18","category-51","category-49","description-off"],"img_url":"https:\/\/www.radiopiu.net\/wordpress\/wp-content\/uploads\/2024\/06\/Senza-nome-63.png","_links":{"self":[{"href":"https:\/\/www.radiopiu.net\/wordpress\/wp-json\/wp\/v2\/posts\/396208","targetHints":{"allow":["GET"]}}],"collection":[{"href":"https:\/\/www.radiopiu.net\/wordpress\/wp-json\/wp\/v2\/posts"}],"about":[{"href":"https:\/\/www.radiopiu.net\/wordpress\/wp-json\/wp\/v2\/types\/post"}],"author":[{"embeddable":true,"href":"https:\/\/www.radiopiu.net\/wordpress\/wp-json\/wp\/v2\/users\/4"}],"replies":[{"embeddable":true,"href":"https:\/\/www.radiopiu.net\/wordpress\/wp-json\/wp\/v2\/comments?post=396208"}],"version-history":[{"count":0,"href":"https:\/\/www.radiopiu.net\/wordpress\/wp-json\/wp\/v2\/posts\/396208\/revisions"}],"wp:featuredmedia":[{"embeddable":true,"href":"https:\/\/www.radiopiu.net\/wordpress\/wp-json\/wp\/v2\/media\/396209"}],"wp:attachment":[{"href":"https:\/\/www.radiopiu.net\/wordpress\/wp-json\/wp\/v2\/media?parent=396208"}],"wp:term":[{"taxonomy":"category","embeddable":true,"href":"https:\/\/www.radiopiu.net\/wordpress\/wp-json\/wp\/v2\/categories?post=396208"},{"taxonomy":"post_tag","embeddable":true,"href":"https:\/\/www.radiopiu.net\/wordpress\/wp-json\/wp\/v2\/tags?post=396208"}],"curies":[{"name":"wp","href":"https:\/\/api.w.org\/{rel}","templated":true}]}}