{"id":396311,"date":"2024-06-25T05:51:20","date_gmt":"2024-06-25T03:51:20","guid":{"rendered":"https:\/\/www.radiopiu.net\/wordpress\/?p=396311"},"modified":"2024-06-25T06:25:20","modified_gmt":"2024-06-25T04:25:20","slug":"recuperati-cinque-escursionisti-illesi-sulle-pale-di-san-martino","status":"publish","type":"post","link":"https:\/\/www.radiopiu.net\/wordpress\/recuperati-cinque-escursionisti-illesi-sulle-pale-di-san-martino\/","title":{"rendered":"RECUPERATI CINQUE ESCURSIONISTI ILLESI SULLE PALE DI SAN MARTINO"},"content":{"rendered":"<p>******<\/p>\n<p>&nbsp;<\/p>\n<p><b><a class=\"dt-pswp-item\" href=\"https:\/\/www.radiopiu.net\/wordpress\/wp-content\/uploads\/2024\/06\/Watermark_20240624_170122_776.jpg\" data-dt-img-description=\"\" data-large_image_width=\"1773\" data-large_image_height=\"2364\"><img loading=\"lazy\" decoding=\"async\" class=\" wp-image-396315 alignleft\" src=\"https:\/\/www.radiopiu.net\/wordpress\/wp-content\/uploads\/2024\/06\/Watermark_20240624_170122_776-225x300.jpg\" alt=\"\" width=\"130\" height=\"173\" srcset=\"https:\/\/www.radiopiu.net\/wordpress\/wp-content\/uploads\/2024\/06\/Watermark_20240624_170122_776-225x300.jpg 225w, https:\/\/www.radiopiu.net\/wordpress\/wp-content\/uploads\/2024\/06\/Watermark_20240624_170122_776-768x1024.jpg 768w, https:\/\/www.radiopiu.net\/wordpress\/wp-content\/uploads\/2024\/06\/Watermark_20240624_170122_776-1152x1536.jpg 1152w, https:\/\/www.radiopiu.net\/wordpress\/wp-content\/uploads\/2024\/06\/Watermark_20240624_170122_776-1536x2048.jpg 1536w, https:\/\/www.radiopiu.net\/wordpress\/wp-content\/uploads\/2024\/06\/Watermark_20240624_170122_776.jpg 1773w\" sizes=\"auto, (max-width: 130px) 100vw, 130px\" \/><\/a><a class=\"dt-pswp-item\" href=\"https:\/\/www.radiopiu.net\/wordpress\/wp-content\/uploads\/2024\/06\/f0ae9213-d0dc-4bae-881b-4e90eefa9425.jpg\" data-dt-img-description=\"\" data-large_image_width=\"1101\" data-large_image_height=\"2048\"><img loading=\"lazy\" decoding=\"async\" class=\" wp-image-396312 alignright\" src=\"https:\/\/www.radiopiu.net\/wordpress\/wp-content\/uploads\/2024\/06\/f0ae9213-d0dc-4bae-881b-4e90eefa9425-161x300.jpg\" alt=\"\" width=\"108\" height=\"201\" srcset=\"https:\/\/www.radiopiu.net\/wordpress\/wp-content\/uploads\/2024\/06\/f0ae9213-d0dc-4bae-881b-4e90eefa9425-161x300.jpg 161w, https:\/\/www.radiopiu.net\/wordpress\/wp-content\/uploads\/2024\/06\/f0ae9213-d0dc-4bae-881b-4e90eefa9425-551x1024.jpg 551w, https:\/\/www.radiopiu.net\/wordpress\/wp-content\/uploads\/2024\/06\/f0ae9213-d0dc-4bae-881b-4e90eefa9425-768x1429.jpg 768w, https:\/\/www.radiopiu.net\/wordpress\/wp-content\/uploads\/2024\/06\/f0ae9213-d0dc-4bae-881b-4e90eefa9425-826x1536.jpg 826w, https:\/\/www.radiopiu.net\/wordpress\/wp-content\/uploads\/2024\/06\/f0ae9213-d0dc-4bae-881b-4e90eefa9425.jpg 1101w\" sizes=\"auto, (max-width: 108px) 100vw, 108px\" \/><\/a>TAIBON AGORDINO<\/b> Attorno alle 13.50 la Centrale del 118 \u00e8 stata contattata dai Vigili del fuoco attivati da un centro gestione emergenze allertato da un sistema satellitare, su segnalazione di 5 turisti tedeschi, 4 donne e un uomo, in difficolt\u00e0 sulle Pale di San Martino. Risaliti alla posizione dalle coordinate, l&#8217;elicottero del Suem di Pieve di Cadore \u00e8 volato in localit\u00e0 Buse Alte, vicino alla Forcella Alta del ghiacciaio, dove tre delle escursioniste, uscite dalla traccia, erano bloccate pi\u00f9 in alto tra lingue di neve, mentre la quarta e l&#8217;uomo si trovavano sul sentiero, ma non si fidavano comunque a procedere per il rischio di scivolare. Sbarcato in hovering dalle tre donne, il tecnico di elisoccorso le ha assicurate e aiutate a spostarsi in conserva un&#8217;ottantina di metri in un punto agevole per l&#8217;imbarco, avvenuto con il verricello. Di seguito anche i due compagni sono stati issati a bordo con la stessa modalit\u00e0. I 5 escursionisti sono stati lasciati in Val di Gares.<\/p>\n<p>&nbsp;<\/p>\n<p>&nbsp;<\/p>\n<p>&nbsp;<\/p>\n<p>&nbsp;<\/p>\n<p>*******<\/p>\n","protected":false},"excerpt":{"rendered":"<p>****** &nbsp; TAIBON AGORDINO Attorno alle 13.50 la Centrale del 118 \u00e8 stata contattata dai Vigili del fuoco attivati da un centro gestione emergenze allertato da un sistema satellitare, su segnalazione di 5 turisti tedeschi, 4 donne e un uomo, in difficolt\u00e0 sulle Pale di San Martino. Risaliti alla posizione dalle coordinate, l&#8217;elicottero del Suem&hellip;<\/p>\n","protected":false},"author":4,"featured_media":351364,"comment_status":"closed","ping_status":"closed","sticky":false,"template":"","format":"standard","meta":{"_monsterinsights_skip_tracking":false,"_monsterinsights_sitenote_active":false,"_monsterinsights_sitenote_note":"","_monsterinsights_sitenote_category":0,"footnotes":""},"categories":[51,49],"tags":[],"class_list":["post-396311","post","type-post","status-publish","format-standard","has-post-thumbnail","hentry","category-evidenza-top","category-news-18","category-51","category-49","description-off"],"img_url":"https:\/\/www.radiopiu.net\/wordpress\/wp-content\/uploads\/2023\/09\/447b5398-6730-4e17-aafb-a19aec8341de.jpg","_links":{"self":[{"href":"https:\/\/www.radiopiu.net\/wordpress\/wp-json\/wp\/v2\/posts\/396311","targetHints":{"allow":["GET"]}}],"collection":[{"href":"https:\/\/www.radiopiu.net\/wordpress\/wp-json\/wp\/v2\/posts"}],"about":[{"href":"https:\/\/www.radiopiu.net\/wordpress\/wp-json\/wp\/v2\/types\/post"}],"author":[{"embeddable":true,"href":"https:\/\/www.radiopiu.net\/wordpress\/wp-json\/wp\/v2\/users\/4"}],"replies":[{"embeddable":true,"href":"https:\/\/www.radiopiu.net\/wordpress\/wp-json\/wp\/v2\/comments?post=396311"}],"version-history":[{"count":0,"href":"https:\/\/www.radiopiu.net\/wordpress\/wp-json\/wp\/v2\/posts\/396311\/revisions"}],"wp:featuredmedia":[{"embeddable":true,"href":"https:\/\/www.radiopiu.net\/wordpress\/wp-json\/wp\/v2\/media\/351364"}],"wp:attachment":[{"href":"https:\/\/www.radiopiu.net\/wordpress\/wp-json\/wp\/v2\/media?parent=396311"}],"wp:term":[{"taxonomy":"category","embeddable":true,"href":"https:\/\/www.radiopiu.net\/wordpress\/wp-json\/wp\/v2\/categories?post=396311"},{"taxonomy":"post_tag","embeddable":true,"href":"https:\/\/www.radiopiu.net\/wordpress\/wp-json\/wp\/v2\/tags?post=396311"}],"curies":[{"name":"wp","href":"https:\/\/api.w.org\/{rel}","templated":true}]}}