{"id":396323,"date":"2024-06-25T05:07:03","date_gmt":"2024-06-25T03:07:03","guid":{"rendered":"https:\/\/www.radiopiu.net\/wordpress\/?p=396323"},"modified":"2024-06-25T06:25:07","modified_gmt":"2024-06-25T04:25:07","slug":"malga-calleda-e-duran-storia-di-un-monte-pascolivo-prima-parte","status":"publish","type":"post","link":"https:\/\/www.radiopiu.net\/wordpress\/malga-calleda-e-duran-storia-di-un-monte-pascolivo-prima-parte\/","title":{"rendered":"MALGA CALLEDA E DURAN: STORIA DI UN \u201cMONTE PASCOLIVO\u201d &#8211; PRIMA PARTE"},"content":{"rendered":"<p>*******<\/p>\n<p>&nbsp;<\/p>\n<p><strong>di Tiziano De Col<\/strong><\/p>\n<p>Le prime notizie che abbiamo sul Monte di Calleda e di Dur\u00e0n le troviamo riportate in una pergamena conservata nell\u2019 Archivio Storico del Comune di La Valle e proveniente dall\u2019 Archivio Storico della Honorata Regola della Valle ( o Regulam Vallis) risalente al 10 agosto 1354 ( tra pochi giorni ricorrer\u00e0 il 670\u00b0 anniversario di questo importante documento). Questa pergamena \u00e8 anche riportata, trascritta, nella preziosa opera di Don Ferdinando Tamis \u201c Storia dell\u2019Agordino\u201d \u2013 Belluno &#8211; Nuovi Sentieri Editore \u2013 1978 (Volume I\u00b0 pagine 269-270). La pergamena, scritta dal Notaio bellunese Nicol\u00f2 nel Monastero di Campodantino (Candaten, sulla attuale SR 203 Agordina tra Agordo e Sedico) tratta di una <em>\u201cPermuta di un prato sul Monte Dur\u00e0n e l\u2019acquisto di due case a Gosaldo\u201d<\/em> e vengono riportati la descrizione ed i confini del prato oggetto di permuta. Il prato si trovava sul <em>Monte Durano<\/em> nel luogo chiamato <em>En Cancel <\/em>e si dichiarava il prato produttivo di 24 carri di fieno (il carro di fieno era la misura usata per stimare la produttivit\u00e0 dei prati) , esso confinava a mattina (est) con i <em>prati di caleda, <\/em>verso mezzogiorno (sud) confinava con un bosco, verso sera (ovest) confinava con un prato che tale Andrea da Conagla (Conaggia) aveva lasciato alla Regola della Val e a null\u2019ora (nord) confinava con terreni privati di Marco Lungo di Fades e ser Vivenzio di La Valle. Questa pergamena, oltre che essere il primo documento nel quale si cita Calleda \u00e8 anche il primo documento nel quale si trova nominata la Regola della Val, alla quale viene attribuita appunto una propriet\u00e0 lasciata alla Regola da tale Andrea da Conagla. Se nel 1354 un prato sul Monte di Dur\u00e0n era oggetto di permuta significa che la permanenza umana era gi\u00e0 da lungo tempo presente in quel luogo, quantomeno il tempo di liberarlo dal bosco, spietrarlo e metterlo a cultura come produzione di foraggio o come pascolo e poter gi\u00e0 aver ragione della sua produzione foraggera, quindi quantomeno una o due generazioni e quindi uno o due lustri. Potremmo quindi ricondurre la presenza umana in quei luoghi considerata come presenza stanziale agricola quantomeno alla fine del 1200 (secolo XIII\u00b0). Se consideriamo tale periodo e lo rapportiamo agli studi climatici, risulta ricadere in quello che \u00e8 definito \u201c Periodo caldo Medioevale o Optimun climatico medioevale\u201d che viene indicativamente compreso tra il IX\u00b0 ed il IV\u00b0 secolo, ossia tra l\u2019800 e il 1300 dopo Cristo), in questo periodo le attivit\u00e0 culturali ed il pascolo si erano spinti pi\u00f9 in alto data la mitezza del clima e l\u2019allungamento della stagionalit\u00e0 vegetazionale. Oggi noi pensiamo che dove esistono i pascoli ed i prati siano sempre esistiti, ma invece i prati e prati-pascoli di bassa e media quota sono il frutto di secoli di messa a cultura\u00a0 prodotta dall\u2019attivit\u00e0 antropica che ha sottratto ampie superfici di terreno al bosco creando vaste superfici foraggere di prati, prati-pascoli e pascoli che hanno prodotto una elevata\u00a0 biodiversit\u00e0, la quale per\u00f2, ormai da pi\u00f9 di 50 anni, si va via via riducendo con l\u2019avanzare del bosco, il quale, riprendendosi i terreni a lui sottratti da decine di secoli orsono, tende ad uniformare il territorio appunto su una biodiversit\u00e0 \u201cappiattita\u201d sul \u201cmodello bosco\u201d esautorando specie vegetali (e anche di riflesso animali) che vi si erano introdotte grazie all\u2019attivit\u00e0 antropica. E\u2019 il caso per esempio delle scomparsa quasi totale dell\u2019 Arnica e della Negritella sulle aree che erano i prati sfalciati del Dur\u00e0n (parti segative di Val) o su quelli che erano i pascoli del Dur\u00e0n, ora quali completamente a bosco per il costante calo dei capi monticati in quell\u2019area, oppure la scomparsa dei mirtilli su quelli che erano i pascoli di Ballanzola e Sal\u00e8r di pertinenza della ex Malga Foca non pi\u00f9 monticata dal 1975 e da allora \u201cpreda\u201d del bosco. Questo calo di biodiversit\u00e0 vegetale ha indotto anche al drastico calo dei Tetraonidi un tempo molto diffusi in quelle aree. Quindi, attualizzando la problematica, dobbiamo considerare l\u2019attivit\u00e0 antropica di mantenimento dei prati, prati-pascoli e pascoli, quale avanguardia per il mantenimento della biodiversit\u00e0 che sta pian piano appiattendosi appunto sul \u201c sistema bosco\u201d il quale annulla tutto il resto. In molti luoghi, se vediamo ancora dei fiori di montagna, dobbiamo ringraziare Veneto Strade che sfalcia le scarpate stradali. Sembra assurdo ma \u00e8 cos\u00ec. Nella foto area allegata, riportiamo gli antichi insediamenti dei fabbricati di Malga Calleda e Malga Dur\u00e0n a noi noti e li descriveremo in prossimi articoli, essi sono, partendo dall\u2019 attuale situazione, per Malga Calleda: Casera di Calleda \u201cNuova\u201d (attuale) esistente dal 1927 circa, Casera di Calleda \u201cVecchia\u201d esistente dal 1891 al 1927 circa, Casera di Calleda \u201cAntica\u201d esistente <em>ad immemore<\/em> e distrutta dalla <em>Brentana Terribile del 1890<\/em> e Casera di Calleda gi\u00e0 chiamata Casera V\u00e8cia ai tempi della Casera \u201cAntica\u201d ossia precedente o contestuale a quest\u2019ultima. Per Malga Dur\u00e0n, sita sulla strada che porta al Rifugio Carestiato, , partendo dall\u2019 attuale situazione, Cas\u00e8re Nuove del Dur\u00e0n costruite nel 1956-1958 e Cas\u00e8re Vecchie del Dur\u00e0n costruite nel 1938.<\/p>\n\n\t\t\t<style type='text\/css'>\n\t\t\t\t#gallery-1 {\n\t\t\t\t\tmargin: auto;\n\t\t\t\t}\n\t\t\t\t#gallery-1 .gallery-item {\n\t\t\t\t\tfloat: left;\n\t\t\t\t\tmargin-top: 10px;\n\t\t\t\t\ttext-align: center;\n\t\t\t\t\twidth: 33%;\n\t\t\t\t}\n\t\t\t\t#gallery-1 img {\n\t\t\t\t\tborder: 2px solid #cfcfcf;\n\t\t\t\t}\n\t\t\t\t#gallery-1 .gallery-caption {\n\t\t\t\t\tmargin-left: 0;\n\t\t\t\t}\n\t\t\t\t\/* see gallery_shortcode() in wp-includes\/media.php *\/\n\t\t\t<\/style>\n\t\t<div id='gallery-1' class='dt-gallery-container gallery galleryid-396323 gallery-columns-3 gallery-size-medium'><dl class='gallery-item'>\n\t\t\t\t<dt class='gallery-icon landscape'>\n\t\t\t\t\t<a class=\"rollover rollover-zoom dt-pswp-item\" title=\"06d370b0-1ed2-4e9b-859c-22731145d0f0\" data-dt-img-description=\"\" data-large_image_width=\"886\" data-large_image_height=\"663\"href='https:\/\/www.radiopiu.net\/wordpress\/wp-content\/uploads\/2024\/06\/06d370b0-1ed2-4e9b-859c-22731145d0f0-1.jpg'><img loading=\"lazy\" decoding=\"async\" width=\"300\" height=\"224\" src=\"https:\/\/www.radiopiu.net\/wordpress\/wp-content\/uploads\/2024\/06\/06d370b0-1ed2-4e9b-859c-22731145d0f0-1-300x224.jpg\" class=\"attachment-medium size-medium\" alt=\"\" srcset=\"https:\/\/www.radiopiu.net\/wordpress\/wp-content\/uploads\/2024\/06\/06d370b0-1ed2-4e9b-859c-22731145d0f0-1-300x224.jpg 300w, https:\/\/www.radiopiu.net\/wordpress\/wp-content\/uploads\/2024\/06\/06d370b0-1ed2-4e9b-859c-22731145d0f0-1-768x575.jpg 768w, https:\/\/www.radiopiu.net\/wordpress\/wp-content\/uploads\/2024\/06\/06d370b0-1ed2-4e9b-859c-22731145d0f0-1.jpg 886w\" sizes=\"auto, (max-width: 300px) 100vw, 300px\" \/><\/a>\n\t\t\t\t<\/dt><\/dl><dl class='gallery-item'>\n\t\t\t\t<dt class='gallery-icon landscape'>\n\t\t\t\t\t<a class=\"rollover rollover-zoom dt-pswp-item\" title=\"88594a9a-2eba-4afc-8e12-7d497125cd0a\" data-dt-img-description=\"\" data-large_image_width=\"1600\" data-large_image_height=\"1200\"href='https:\/\/www.radiopiu.net\/wordpress\/wp-content\/uploads\/2024\/06\/88594a9a-2eba-4afc-8e12-7d497125cd0a.jpg'><img loading=\"lazy\" decoding=\"async\" width=\"300\" height=\"225\" src=\"https:\/\/www.radiopiu.net\/wordpress\/wp-content\/uploads\/2024\/06\/88594a9a-2eba-4afc-8e12-7d497125cd0a-300x225.jpg\" class=\"attachment-medium size-medium\" alt=\"\" aria-describedby=\"gallery-1-396327\" srcset=\"https:\/\/www.radiopiu.net\/wordpress\/wp-content\/uploads\/2024\/06\/88594a9a-2eba-4afc-8e12-7d497125cd0a-300x225.jpg 300w, https:\/\/www.radiopiu.net\/wordpress\/wp-content\/uploads\/2024\/06\/88594a9a-2eba-4afc-8e12-7d497125cd0a-1024x768.jpg 1024w, https:\/\/www.radiopiu.net\/wordpress\/wp-content\/uploads\/2024\/06\/88594a9a-2eba-4afc-8e12-7d497125cd0a-768x576.jpg 768w, https:\/\/www.radiopiu.net\/wordpress\/wp-content\/uploads\/2024\/06\/88594a9a-2eba-4afc-8e12-7d497125cd0a-1536x1152.jpg 1536w, https:\/\/www.radiopiu.net\/wordpress\/wp-content\/uploads\/2024\/06\/88594a9a-2eba-4afc-8e12-7d497125cd0a.jpg 1600w\" sizes=\"auto, (max-width: 300px) 100vw, 300px\" \/><\/a>\n\t\t\t\t<\/dt>\n\t\t\t\t\t<dd class='wp-caption-text gallery-caption' id='gallery-1-396327'>\n\t\t\t\t\tMalga Calleda attuale anno 2006 circa Casera Foto Tiziano De Col\n\t\t\t\t\t<\/dd><\/dl><dl class='gallery-item'>\n\t\t\t\t<dt class='gallery-icon landscape'>\n\t\t\t\t\t<a class=\"rollover rollover-zoom dt-pswp-item\" title=\"1f8ee22b-d3b9-4e70-bfb7-a129f488a5da\" data-dt-img-description=\"\" data-large_image_width=\"1600\" data-large_image_height=\"1200\"href='https:\/\/www.radiopiu.net\/wordpress\/wp-content\/uploads\/2024\/06\/1f8ee22b-d3b9-4e70-bfb7-a129f488a5da.jpg'><img loading=\"lazy\" decoding=\"async\" width=\"300\" height=\"225\" src=\"https:\/\/www.radiopiu.net\/wordpress\/wp-content\/uploads\/2024\/06\/1f8ee22b-d3b9-4e70-bfb7-a129f488a5da-300x225.jpg\" class=\"attachment-medium size-medium\" alt=\"\" srcset=\"https:\/\/www.radiopiu.net\/wordpress\/wp-content\/uploads\/2024\/06\/1f8ee22b-d3b9-4e70-bfb7-a129f488a5da-300x225.jpg 300w, https:\/\/www.radiopiu.net\/wordpress\/wp-content\/uploads\/2024\/06\/1f8ee22b-d3b9-4e70-bfb7-a129f488a5da-1024x768.jpg 1024w, https:\/\/www.radiopiu.net\/wordpress\/wp-content\/uploads\/2024\/06\/1f8ee22b-d3b9-4e70-bfb7-a129f488a5da-768x576.jpg 768w, https:\/\/www.radiopiu.net\/wordpress\/wp-content\/uploads\/2024\/06\/1f8ee22b-d3b9-4e70-bfb7-a129f488a5da-1536x1152.jpg 1536w, https:\/\/www.radiopiu.net\/wordpress\/wp-content\/uploads\/2024\/06\/1f8ee22b-d3b9-4e70-bfb7-a129f488a5da.jpg 1600w\" sizes=\"auto, (max-width: 300px) 100vw, 300px\" \/><\/a>\n\t\t\t\t<\/dt><\/dl><br style=\"clear: both\" \/>\n\t\t\t<\/div>\n\n<p>&nbsp;<\/p>\n<p><strong>LA PERGAMENA<\/strong><\/p>\n<a href=\"https:\/\/www.radiopiu.net\/wordpress\/wp-content\/uploads\/2024\/06\/PERGAMENA_N_124.pdf\" class=\"pdfemb-viewer\" style=\"\" data-width=\"max\" data-height=\"max\" data-toolbar=\"top\" data-toolbar-fixed=\"on\">PERGAMENA_N_124<\/a>\n<p>&nbsp;<\/p>\n<p>&nbsp;<\/p>\n<p>*******<\/p>\n","protected":false},"excerpt":{"rendered":"<p>******* &nbsp; di Tiziano De Col Le prime notizie che abbiamo sul Monte di Calleda e di Dur\u00e0n le troviamo riportate in una pergamena conservata nell\u2019 Archivio Storico del Comune di La Valle e proveniente dall\u2019 Archivio Storico della Honorata Regola della Valle ( o Regulam Vallis) risalente al 10 agosto 1354 ( tra pochi&hellip;<\/p>\n","protected":false},"author":4,"featured_media":396328,"comment_status":"closed","ping_status":"closed","sticky":false,"template":"","format":"standard","meta":{"_monsterinsights_skip_tracking":false,"_monsterinsights_sitenote_active":false,"_monsterinsights_sitenote_note":"","_monsterinsights_sitenote_category":0,"footnotes":""},"categories":[51,49],"tags":[],"class_list":["post-396323","post","type-post","status-publish","format-standard","has-post-thumbnail","hentry","category-evidenza-top","category-news-18","category-51","category-49","description-off"],"img_url":"https:\/\/www.radiopiu.net\/wordpress\/wp-content\/uploads\/2024\/06\/1f8ee22b-d3b9-4e70-bfb7-a129f488a5da.jpg","_links":{"self":[{"href":"https:\/\/www.radiopiu.net\/wordpress\/wp-json\/wp\/v2\/posts\/396323","targetHints":{"allow":["GET"]}}],"collection":[{"href":"https:\/\/www.radiopiu.net\/wordpress\/wp-json\/wp\/v2\/posts"}],"about":[{"href":"https:\/\/www.radiopiu.net\/wordpress\/wp-json\/wp\/v2\/types\/post"}],"author":[{"embeddable":true,"href":"https:\/\/www.radiopiu.net\/wordpress\/wp-json\/wp\/v2\/users\/4"}],"replies":[{"embeddable":true,"href":"https:\/\/www.radiopiu.net\/wordpress\/wp-json\/wp\/v2\/comments?post=396323"}],"version-history":[{"count":0,"href":"https:\/\/www.radiopiu.net\/wordpress\/wp-json\/wp\/v2\/posts\/396323\/revisions"}],"wp:featuredmedia":[{"embeddable":true,"href":"https:\/\/www.radiopiu.net\/wordpress\/wp-json\/wp\/v2\/media\/396328"}],"wp:attachment":[{"href":"https:\/\/www.radiopiu.net\/wordpress\/wp-json\/wp\/v2\/media?parent=396323"}],"wp:term":[{"taxonomy":"category","embeddable":true,"href":"https:\/\/www.radiopiu.net\/wordpress\/wp-json\/wp\/v2\/categories?post=396323"},{"taxonomy":"post_tag","embeddable":true,"href":"https:\/\/www.radiopiu.net\/wordpress\/wp-json\/wp\/v2\/tags?post=396323"}],"curies":[{"name":"wp","href":"https:\/\/api.w.org\/{rel}","templated":true}]}}