{"id":396351,"date":"2024-06-25T05:02:51","date_gmt":"2024-06-25T03:02:51","guid":{"rendered":"https:\/\/www.radiopiu.net\/wordpress\/?p=396351"},"modified":"2024-06-25T06:24:33","modified_gmt":"2024-06-25T04:24:33","slug":"contributi-fino-al-100-per-la-sostituzione-delle-stufe","status":"publish","type":"post","link":"https:\/\/www.radiopiu.net\/wordpress\/contributi-fino-al-100-per-la-sostituzione-delle-stufe\/","title":{"rendered":"\u00abContributi fino al 100%\u00bb per la Sostituzione delle Stufe"},"content":{"rendered":"<p>***<\/p>\n<blockquote>\n<h3><\/h3>\n<\/blockquote>\n<p><strong><a class=\"dt-pswp-item\" href=\"https:\/\/www.radiopiu.net\/wordpress\/wp-content\/uploads\/2024\/06\/th-6.jpg\" data-dt-img-description=\"\" data-large_image_width=\"270\" data-large_image_height=\"180\"><img loading=\"lazy\" decoding=\"async\" class=\" wp-image-396350 alignleft\" src=\"https:\/\/www.radiopiu.net\/wordpress\/wp-content\/uploads\/2024\/06\/th-6.jpg\" alt=\"\" width=\"254\" height=\"169\" \/><\/a>VENEZIA<\/strong> Apre oggi il &#8220;bando stufe&#8221; 2024, l&#8217;iniziativa della Regione Veneto per migliorare la qualit\u00e0 dell&#8217;aria, particolarmente rilevante nelle aree montane dove le stufe sono ampiamente utilizzate. Con una dotazione di 4 milioni di euro, il bando \u00e8 destinato ai privati con Isee fino a 50mila euro. Il contributo, combinabile con l&#8217;incentivo del Gse, pu\u00f2 coprire fino al 100% della spesa. La priorit\u00e0 viene data in base al reddito familiare e alle emissioni di particolato del nuovo impianto. Gli interessati possono presentare domanda fino al 13 settembre. Maggiori informazioni sono disponibili contattando i numeri 041 0999419 \u2013 426 o scrivendo a <a rel=\"noreferrer\">bando.ambiente@ven.camcom.it<\/a>.<\/p>\n<p><strong>lo spot alla radio\u00a0<\/strong><\/p>\n<audio class=\"wp-audio-shortcode\" id=\"audio-396351-1\" preload=\"none\" style=\"width: 100%;\" controls=\"controls\"><source type=\"audio\/mpeg\" src=\"https:\/\/www.radiopiu.net\/wordpress\/wp-content\/uploads\/2024\/06\/REGIONE-VENETO-STUFE.mp3?_=1\" \/><a href=\"https:\/\/www.radiopiu.net\/wordpress\/wp-content\/uploads\/2024\/06\/REGIONE-VENETO-STUFE.mp3\">https:\/\/www.radiopiu.net\/wordpress\/wp-content\/uploads\/2024\/06\/REGIONE-VENETO-STUFE.mp3<\/a><\/audio>\n<p>&nbsp;<\/p>\n<blockquote><p><em><a class=\"dt-pswp-item\" href=\"https:\/\/www.radiopiu.net\/wordpress\/wp-content\/uploads\/2023\/11\/BOTTACIN.png\" data-dt-img-description=\"\" data-large_image_width=\"591\" data-large_image_height=\"400\"><img loading=\"lazy\" decoding=\"async\" class=\"wp-image-362309 alignleft\" src=\"https:\/\/www.radiopiu.net\/wordpress\/wp-content\/uploads\/2023\/11\/BOTTACIN-300x203.png\" alt=\"\" width=\"152\" height=\"103\" srcset=\"https:\/\/www.radiopiu.net\/wordpress\/wp-content\/uploads\/2023\/11\/BOTTACIN-300x203.png 300w, https:\/\/www.radiopiu.net\/wordpress\/wp-content\/uploads\/2023\/11\/BOTTACIN.png 591w\" sizes=\"auto, (max-width: 152px) 100vw, 152px\" \/><\/a>\u00abPartiamo con una dotazione di\u00a0 4 milioni di euro, dedicati ai privati residenti nel territorio regionale con un Isee non superiore a 50mila euro\u00bb, spiega l&#8217;assessore regionale all&#8217;Ambiente, Gianpaolo Bottacin. \u00abIl contributo sar\u00e0 quantificato in rapporto alla situazione economica familiare come fattore principale, nonch\u00e9 sulla base delle emissioni di particolato primario generate dal nuovo impianto&#8221;<\/em><\/p><\/blockquote>\n<p>&nbsp;<\/p>\n<p>&nbsp;<\/p>\n<p>&nbsp;<\/p>\n","protected":false},"excerpt":{"rendered":"<p>*** VENEZIA Apre oggi il &#8220;bando stufe&#8221; 2024, l&#8217;iniziativa della Regione Veneto per migliorare la qualit\u00e0 dell&#8217;aria, particolarmente rilevante nelle aree montane dove le stufe sono ampiamente utilizzate. Con una dotazione di 4 milioni di euro, il bando \u00e8 destinato ai privati con Isee fino a 50mila euro. Il contributo, combinabile con l&#8217;incentivo del Gse,&hellip;<\/p>\n","protected":false},"author":4,"featured_media":396350,"comment_status":"closed","ping_status":"closed","sticky":false,"template":"","format":"standard","meta":{"_monsterinsights_skip_tracking":false,"_monsterinsights_sitenote_active":false,"_monsterinsights_sitenote_note":"","_monsterinsights_sitenote_category":0,"footnotes":""},"categories":[104,49],"tags":[],"class_list":["post-396351","post","type-post","status-publish","format-standard","has-post-thumbnail","hentry","category-evidenza_3","category-news-18","category-104","category-49","description-off"],"img_url":"https:\/\/www.radiopiu.net\/wordpress\/wp-content\/uploads\/2024\/06\/th-6.jpg","_links":{"self":[{"href":"https:\/\/www.radiopiu.net\/wordpress\/wp-json\/wp\/v2\/posts\/396351","targetHints":{"allow":["GET"]}}],"collection":[{"href":"https:\/\/www.radiopiu.net\/wordpress\/wp-json\/wp\/v2\/posts"}],"about":[{"href":"https:\/\/www.radiopiu.net\/wordpress\/wp-json\/wp\/v2\/types\/post"}],"author":[{"embeddable":true,"href":"https:\/\/www.radiopiu.net\/wordpress\/wp-json\/wp\/v2\/users\/4"}],"replies":[{"embeddable":true,"href":"https:\/\/www.radiopiu.net\/wordpress\/wp-json\/wp\/v2\/comments?post=396351"}],"version-history":[{"count":0,"href":"https:\/\/www.radiopiu.net\/wordpress\/wp-json\/wp\/v2\/posts\/396351\/revisions"}],"wp:featuredmedia":[{"embeddable":true,"href":"https:\/\/www.radiopiu.net\/wordpress\/wp-json\/wp\/v2\/media\/396350"}],"wp:attachment":[{"href":"https:\/\/www.radiopiu.net\/wordpress\/wp-json\/wp\/v2\/media?parent=396351"}],"wp:term":[{"taxonomy":"category","embeddable":true,"href":"https:\/\/www.radiopiu.net\/wordpress\/wp-json\/wp\/v2\/categories?post=396351"},{"taxonomy":"post_tag","embeddable":true,"href":"https:\/\/www.radiopiu.net\/wordpress\/wp-json\/wp\/v2\/tags?post=396351"}],"curies":[{"name":"wp","href":"https:\/\/api.w.org\/{rel}","templated":true}]}}