{"id":396383,"date":"2024-06-26T05:29:31","date_gmt":"2024-06-26T03:29:31","guid":{"rendered":"https:\/\/www.radiopiu.net\/wordpress\/?p=396383"},"modified":"2024-06-26T05:39:19","modified_gmt":"2024-06-26T03:39:19","slug":"al-mattino-turista-colto-da-malore-in-cadore-nella-notte-incidente-a-belluno","status":"publish","type":"post","link":"https:\/\/www.radiopiu.net\/wordpress\/al-mattino-turista-colto-da-malore-in-cadore-nella-notte-incidente-a-belluno\/","title":{"rendered":"AL MATTINO TURISTA COLTO DA MALORE IN CADORE, NELLA NOTTE INCIDENTE A BELLUNO"},"content":{"rendered":"<p>***<br \/>\n<img loading=\"lazy\" decoding=\"async\" class=\"alignleft\" src=\"https:\/\/www.radiopiu.net\/wordpress\/wp-content\/uploads\/2019\/10\/pelikan1c_heli-e1529330054909.jpg\" width=\"210\" height=\"128\" \/><br \/>\n<strong>REDAZIONE<\/strong> Tra le 21 di ieri sera le 6.30 di questa mattina il personale medico e paramedico del Suem 118 \u00e8 intervenuto in seguito a tre chiamate di emergenza. Ieri sera a Longarone incidente stradale con un ciclista investito, un uomo di 68 anni di Longarone \u00e8 ricoverato con ferite di media gravit\u00e0 al San Martino di Belluno. Alle 2.30 del mattino un altro incidente stradale in citt\u00e0, unico ferito (non in modo grave) un 19enne di Santa Giustina trasportato in ambulanza al vicino ospedale della Ulss1 Dolomiti. Stamane, alle 6.30 l&#8217;episodio pi\u00f9 grave, un uomo di Chioggia di 68 anni \u00e8 stato colto da malore. L&#8217;elicottero Pelikan (foto) lo ha trasportato al San Martino di Belluno in condizioni molto gravi.<\/p>\n<p>&nbsp;<\/p>\n<p>___<\/p>\n","protected":false},"excerpt":{"rendered":"<p>*** REDAZIONE Tra le 21 di ieri sera le 6.30 di questa mattina il personale medico e paramedico del Suem 118 \u00e8 intervenuto in seguito a tre chiamate di emergenza. Ieri sera a Longarone incidente stradale con un ciclista investito, un uomo di 68 anni di Longarone \u00e8 ricoverato con ferite di media gravit\u00e0 al&hellip;<\/p>\n","protected":false},"author":4,"featured_media":102423,"comment_status":"closed","ping_status":"closed","sticky":false,"template":"","format":"standard","meta":{"_monsterinsights_skip_tracking":false,"_monsterinsights_sitenote_active":false,"_monsterinsights_sitenote_note":"","_monsterinsights_sitenote_category":0,"footnotes":""},"categories":[51,49],"tags":[],"class_list":["post-396383","post","type-post","status-publish","format-standard","has-post-thumbnail","hentry","category-evidenza-top","category-news-18","category-51","category-49","description-off"],"img_url":"https:\/\/www.radiopiu.net\/wordpress\/wp-content\/uploads\/2019\/10\/pelikan1c_heli-e1529330054909.jpg","_links":{"self":[{"href":"https:\/\/www.radiopiu.net\/wordpress\/wp-json\/wp\/v2\/posts\/396383","targetHints":{"allow":["GET"]}}],"collection":[{"href":"https:\/\/www.radiopiu.net\/wordpress\/wp-json\/wp\/v2\/posts"}],"about":[{"href":"https:\/\/www.radiopiu.net\/wordpress\/wp-json\/wp\/v2\/types\/post"}],"author":[{"embeddable":true,"href":"https:\/\/www.radiopiu.net\/wordpress\/wp-json\/wp\/v2\/users\/4"}],"replies":[{"embeddable":true,"href":"https:\/\/www.radiopiu.net\/wordpress\/wp-json\/wp\/v2\/comments?post=396383"}],"version-history":[{"count":0,"href":"https:\/\/www.radiopiu.net\/wordpress\/wp-json\/wp\/v2\/posts\/396383\/revisions"}],"wp:featuredmedia":[{"embeddable":true,"href":"https:\/\/www.radiopiu.net\/wordpress\/wp-json\/wp\/v2\/media\/102423"}],"wp:attachment":[{"href":"https:\/\/www.radiopiu.net\/wordpress\/wp-json\/wp\/v2\/media?parent=396383"}],"wp:term":[{"taxonomy":"category","embeddable":true,"href":"https:\/\/www.radiopiu.net\/wordpress\/wp-json\/wp\/v2\/categories?post=396383"},{"taxonomy":"post_tag","embeddable":true,"href":"https:\/\/www.radiopiu.net\/wordpress\/wp-json\/wp\/v2\/tags?post=396383"}],"curies":[{"name":"wp","href":"https:\/\/api.w.org\/{rel}","templated":true}]}}