{"id":396409,"date":"2024-06-25T11:04:20","date_gmt":"2024-06-25T09:04:20","guid":{"rendered":"https:\/\/www.radiopiu.net\/wordpress\/?p=396409"},"modified":"2024-06-25T11:07:42","modified_gmt":"2024-06-25T09:07:42","slug":"le-promesse-da-marinaio-delle-compagnie-telefoniche","status":"publish","type":"post","link":"https:\/\/www.radiopiu.net\/wordpress\/le-promesse-da-marinaio-delle-compagnie-telefoniche\/","title":{"rendered":"LE PROMESSE DA MARINAIO DELLE COMPAGNIE TELEFONICHE"},"content":{"rendered":"<p>&nbsp;<\/p>\n<p>&nbsp;<\/p>\n<p><img loading=\"lazy\" decoding=\"async\" class=\"alignleft\" src=\"https:\/\/www.radiopiu.net\/wordpress\/wp-content\/uploads\/2020\/10\/sospensione-linea-telefonica.jpg\" width=\"176\" height=\"117\" \/><strong>REDAZIONE<\/strong> Sono lontani i giorni di Vaia? Anche si, ma sono nei nostri ricordi. La pioggia, il vento, gli alberi attorcigliati, i fiumi in piena, le case scoperchiate i tralicci di Terna abbattuti e le compagnie telefoniche senza voce per giorni e settimane.\u00a0 All&#8217;indomani le promesse della seria<em> &#8220;scusateci ci organizzeremo non succeder\u00e0 pi\u00f9, ci faremo trovare preparati&#8221;<\/em>. Infatti&#8230;.\u00e8 successo e giovedi saranno 7 giorni senza copertura telefonica (dati) in Valle del Cordevole. Anche il sindaco di Alleghe ha alzato la voce ed ha gi\u00e0 informato il Prefetto. Ieri sera a causa dei disservizi TIM Radio Pi\u00f9 non ha potuto trasmettere la diretta del consiglio comunale di San Tomaso, anche questo messaggio ci auguriamo giunga sul tavolo del Prefetto di Belluno Mariano Savastano.<\/p>\n<p>&nbsp;<\/p>\n<p>&nbsp;<\/p>\n<h3>DILLO A RADIO PIU&#8230;<\/h3>\n<p>\u00c8 da gioved\u00ec sera che nelle frazioni di Avoscan-Vare-Sot Colar\u00f9 del comune di San Tomaso Agordino manca la connessione telefonica. Probabilmente questo \u00e8 dovuto ad un guasto a qualche traliccio a seguito delle forti raffiche di vento della scorsa settimana, sta di fatto che da allora le sim Tim (e allegati) non ricevono campo. Fortunatamente c\u2019\u00e8 chi, come me, avendo il wifi riesce quantomeno a tamponare il problema essendo che quest\u2019ultimo viaggia sotto terra, ma il mio pensiero va a tutte quelle persone fragili che popolano le nostre zone. Nel mio paese infatti \u00e8 pieno di anziani che, a sentire dalle testimonianze, da giorni sono isolate, senza possibilit\u00e0 di contattare amici, familiari, eventuali soccorsi\u2026 Inoltre c\u2019\u00e8 chi magari aspetta una telefonata importante di lavoro o di qualsiasi altra entit\u00e0 e non pu\u00f2 riceverla a meno che non si sposti fisicamente verso il comune di Alleghe oppure, scendendo, verso il comune di Cencenighe dove la rete si fa viva al passare del secondo viadotto.<br \/>\nRimango male del fatto che nessuno ad oggi abbia sollevato il disagio che stiamo vivendo in questi giorni, io ho atteso nella speranza che qualcosa cambiasse ma ad oggi non ho ottenuto riscontri di alcun tipo. Ho segnalato il problema al servizio clienti Tim (spostandomi a Cencenighe per effettuare la chiamata), ma non ho ottenuto riscontro.<\/p>\n<p>lettera firmata<\/p>\n<p>&nbsp;<\/p>\n<hr \/>\n<p>&nbsp;<\/p>\n","protected":false},"excerpt":{"rendered":"<p>&nbsp; &nbsp; REDAZIONE Sono lontani i giorni di Vaia? Anche si, ma sono nei nostri ricordi. La pioggia, il vento, gli alberi attorcigliati, i fiumi in piena, le case scoperchiate i tralicci di Terna abbattuti e le compagnie telefoniche senza voce per giorni e settimane.\u00a0 All&#8217;indomani le promesse della seria &#8220;scusateci ci organizzeremo non succeder\u00e0&hellip;<\/p>\n","protected":false},"author":4,"featured_media":167842,"comment_status":"closed","ping_status":"closed","sticky":false,"template":"","format":"standard","meta":{"_monsterinsights_skip_tracking":false,"_monsterinsights_sitenote_active":false,"_monsterinsights_sitenote_note":"","_monsterinsights_sitenote_category":0,"footnotes":""},"categories":[49],"tags":[],"class_list":["post-396409","post","type-post","status-publish","format-standard","has-post-thumbnail","hentry","category-news-18","category-49","description-off"],"img_url":"https:\/\/www.radiopiu.net\/wordpress\/wp-content\/uploads\/2020\/10\/sospensione-linea-telefonica.jpg","_links":{"self":[{"href":"https:\/\/www.radiopiu.net\/wordpress\/wp-json\/wp\/v2\/posts\/396409","targetHints":{"allow":["GET"]}}],"collection":[{"href":"https:\/\/www.radiopiu.net\/wordpress\/wp-json\/wp\/v2\/posts"}],"about":[{"href":"https:\/\/www.radiopiu.net\/wordpress\/wp-json\/wp\/v2\/types\/post"}],"author":[{"embeddable":true,"href":"https:\/\/www.radiopiu.net\/wordpress\/wp-json\/wp\/v2\/users\/4"}],"replies":[{"embeddable":true,"href":"https:\/\/www.radiopiu.net\/wordpress\/wp-json\/wp\/v2\/comments?post=396409"}],"version-history":[{"count":0,"href":"https:\/\/www.radiopiu.net\/wordpress\/wp-json\/wp\/v2\/posts\/396409\/revisions"}],"wp:featuredmedia":[{"embeddable":true,"href":"https:\/\/www.radiopiu.net\/wordpress\/wp-json\/wp\/v2\/media\/167842"}],"wp:attachment":[{"href":"https:\/\/www.radiopiu.net\/wordpress\/wp-json\/wp\/v2\/media?parent=396409"}],"wp:term":[{"taxonomy":"category","embeddable":true,"href":"https:\/\/www.radiopiu.net\/wordpress\/wp-json\/wp\/v2\/categories?post=396409"},{"taxonomy":"post_tag","embeddable":true,"href":"https:\/\/www.radiopiu.net\/wordpress\/wp-json\/wp\/v2\/tags?post=396409"}],"curies":[{"name":"wp","href":"https:\/\/api.w.org\/{rel}","templated":true}]}}