{"id":396447,"date":"2024-06-26T05:24:42","date_gmt":"2024-06-26T03:24:42","guid":{"rendered":"https:\/\/www.radiopiu.net\/wordpress\/?p=396447"},"modified":"2024-06-26T05:40:39","modified_gmt":"2024-06-26T03:40:39","slug":"meteo-persiste-su-gran-parte-del-veneto-fase-di-maltempo-con-temporali-anche-di-forte-intensita","status":"publish","type":"post","link":"https:\/\/www.radiopiu.net\/wordpress\/meteo-persiste-su-gran-parte-del-veneto-fase-di-maltempo-con-temporali-anche-di-forte-intensita\/","title":{"rendered":"METEO. PERSISTE SU GRAN PARTE DEL VENETO FASE DI MALTEMPO CON TEMPORALI ANCHE DI FORTE INTENSITA\u2019"},"content":{"rendered":"<p>******<\/p>\n<p>&nbsp;<\/p>\n<p><strong>REDAZIONE<\/strong> Le previsioni meteo di Arpav segnalano una fase di instabilit\u00e0 fino alle prime ore di mercoled\u00ec 26 giugno, con frequenti rovesci e temporali iniziati luned\u00ec sera. Sono attesi fenomeni intensi, come forti rovesci, raffiche di vento e grandinate, specialmente tra Prealpi e pianura, con piogge consistenti sulle zone centro-meridionali. Dopo una pausa nella mattinata di mercoled\u00ec, l&#8217;instabilit\u00e0 riprender\u00e0 con ulteriori rovesci e temporali. In risposta, la Protezione Civile ha emesso un avviso di criticit\u00e0 idrogeologica e idraulica (allerta gialla) valido dalle 14 di oggi fino alle 14 di domani. Si prevedono fenomeni intensi con possibili frane superficiali, colate rapide, innalzamento dei livelli dei corsi d&#8217;acqua secondari e allagamenti in aree predisposte.<\/p>\n<p>&nbsp;<\/p>\n<p>&nbsp;<\/p>\n<p>********<\/p>\n","protected":false},"excerpt":{"rendered":"<p>****** &nbsp; REDAZIONE Le previsioni meteo di Arpav segnalano una fase di instabilit\u00e0 fino alle prime ore di mercoled\u00ec 26 giugno, con frequenti rovesci e temporali iniziati luned\u00ec sera. Sono attesi fenomeni intensi, come forti rovesci, raffiche di vento e grandinate, specialmente tra Prealpi e pianura, con piogge consistenti sulle zone centro-meridionali. Dopo una pausa&hellip;<\/p>\n","protected":false},"author":4,"featured_media":50334,"comment_status":"closed","ping_status":"closed","sticky":false,"template":"","format":"standard","meta":{"_monsterinsights_skip_tracking":false,"_monsterinsights_sitenote_active":false,"_monsterinsights_sitenote_note":"","_monsterinsights_sitenote_category":0,"footnotes":""},"categories":[51,49],"tags":[],"class_list":["post-396447","post","type-post","status-publish","format-standard","has-post-thumbnail","hentry","category-evidenza-top","category-news-18","category-51","category-49","description-off"],"img_url":"https:\/\/www.radiopiu.net\/wordpress\/wp-content\/uploads\/2018\/06\/temporale.jpg","_links":{"self":[{"href":"https:\/\/www.radiopiu.net\/wordpress\/wp-json\/wp\/v2\/posts\/396447","targetHints":{"allow":["GET"]}}],"collection":[{"href":"https:\/\/www.radiopiu.net\/wordpress\/wp-json\/wp\/v2\/posts"}],"about":[{"href":"https:\/\/www.radiopiu.net\/wordpress\/wp-json\/wp\/v2\/types\/post"}],"author":[{"embeddable":true,"href":"https:\/\/www.radiopiu.net\/wordpress\/wp-json\/wp\/v2\/users\/4"}],"replies":[{"embeddable":true,"href":"https:\/\/www.radiopiu.net\/wordpress\/wp-json\/wp\/v2\/comments?post=396447"}],"version-history":[{"count":0,"href":"https:\/\/www.radiopiu.net\/wordpress\/wp-json\/wp\/v2\/posts\/396447\/revisions"}],"wp:featuredmedia":[{"embeddable":true,"href":"https:\/\/www.radiopiu.net\/wordpress\/wp-json\/wp\/v2\/media\/50334"}],"wp:attachment":[{"href":"https:\/\/www.radiopiu.net\/wordpress\/wp-json\/wp\/v2\/media?parent=396447"}],"wp:term":[{"taxonomy":"category","embeddable":true,"href":"https:\/\/www.radiopiu.net\/wordpress\/wp-json\/wp\/v2\/categories?post=396447"},{"taxonomy":"post_tag","embeddable":true,"href":"https:\/\/www.radiopiu.net\/wordpress\/wp-json\/wp\/v2\/tags?post=396447"}],"curies":[{"name":"wp","href":"https:\/\/api.w.org\/{rel}","templated":true}]}}