{"id":396450,"date":"2024-06-25T16:18:24","date_gmt":"2024-06-25T14:18:24","guid":{"rendered":"https:\/\/www.radiopiu.net\/wordpress\/?p=396450"},"modified":"2024-06-27T05:44:54","modified_gmt":"2024-06-27T03:44:54","slug":"tutto-pronto-per-la-sagra-de-san-piero","status":"publish","type":"post","link":"https:\/\/www.radiopiu.net\/wordpress\/tutto-pronto-per-la-sagra-de-san-piero\/","title":{"rendered":"TUTTO PRONTO PER LA SAGRA DE SAN PIERO"},"content":{"rendered":"<p>******<\/p>\n<p>&nbsp;<\/p>\n<p><strong><a class=\"dt-pswp-item\" href=\"https:\/\/www.radiopiu.net\/wordpress\/wp-content\/uploads\/2024\/06\/448989977_899189602253273_3754632420210410649_n-1.jpg\" data-dt-img-description=\"\" data-large_image_width=\"1638\" data-large_image_height=\"2048\"><img loading=\"lazy\" decoding=\"async\" class=\" wp-image-396451 alignleft\" src=\"https:\/\/www.radiopiu.net\/wordpress\/wp-content\/uploads\/2024\/06\/448989977_899189602253273_3754632420210410649_n-1-240x300.jpg\" alt=\"\" width=\"137\" height=\"171\" srcset=\"https:\/\/www.radiopiu.net\/wordpress\/wp-content\/uploads\/2024\/06\/448989977_899189602253273_3754632420210410649_n-1-240x300.jpg 240w, https:\/\/www.radiopiu.net\/wordpress\/wp-content\/uploads\/2024\/06\/448989977_899189602253273_3754632420210410649_n-1-819x1024.jpg 819w, https:\/\/www.radiopiu.net\/wordpress\/wp-content\/uploads\/2024\/06\/448989977_899189602253273_3754632420210410649_n-1-768x960.jpg 768w, https:\/\/www.radiopiu.net\/wordpress\/wp-content\/uploads\/2024\/06\/448989977_899189602253273_3754632420210410649_n-1-1229x1536.jpg 1229w, https:\/\/www.radiopiu.net\/wordpress\/wp-content\/uploads\/2024\/06\/448989977_899189602253273_3754632420210410649_n-1.jpg 1638w\" sizes=\"auto, (max-width: 137px) 100vw, 137px\" \/><\/a>AGORDO<\/strong> Sabato ad Agordo si festeggeranno i Santi Pietro e Paolo, patroni del capoluogo di Vallata. Anche quest&#8217;anno Ad Agordo Pro Loco e il comune organizzano la Sagra De San Piero, tre giorni di festa sotto al tendone allestito sul Broi. Si inizia gioved\u00ec sera con la cena a base di polpette e patatine e alla sera la musica di DJ Morgan &amp; Bisso. Venerd\u00ec a cena toc\u00e0 da boia con polenta, alle 19:30 Jessica Lena in concerto, dalle 21 musica con Franco Bel Band e a seguire musica fino a chiusura con R DJ. Sabato, giornata di festa, il mercato attorno al Broi, alle 10:30 la Santa Messa, alle 11 la gara di briscola. A pranzo trippa e piatto San Piero, alle 17:30 Matti Ratti in concerto. Cena con spiedo, polenta, tagliata, canederli e fagioli alla Bud Spencer. Dalle 20 la musica dei Sinfobia, alle 22 esibizione dei Nobrasska e a seguire Illazy. Tutti i giorni il luna park sul Broi e sotto al tendone il banco cocktail.<\/p>\n<p><strong>la presidente dellaproloco CELESTE PAGANIN\u00a0<\/strong><\/p>\n<audio class=\"wp-audio-shortcode\" id=\"audio-396450-1\" preload=\"none\" style=\"width: 100%;\" controls=\"controls\"><source type=\"audio\/mpeg\" src=\"https:\/\/www.radiopiu.net\/wordpress\/wp-content\/uploads\/2024\/06\/san-piero-2024.mp3?_=1\" \/><a href=\"https:\/\/www.radiopiu.net\/wordpress\/wp-content\/uploads\/2024\/06\/san-piero-2024.mp3\">https:\/\/www.radiopiu.net\/wordpress\/wp-content\/uploads\/2024\/06\/san-piero-2024.mp3<\/a><\/audio>\n<p>&nbsp;<\/p>\n<p>*********<\/p>\n","protected":false},"excerpt":{"rendered":"<p>****** &nbsp; AGORDO Sabato ad Agordo si festeggeranno i Santi Pietro e Paolo, patroni del capoluogo di Vallata. Anche quest&#8217;anno Ad Agordo Pro Loco e il comune organizzano la Sagra De San Piero, tre giorni di festa sotto al tendone allestito sul Broi. Si inizia gioved\u00ec sera con la cena a base di polpette e&hellip;<\/p>\n","protected":false},"author":4,"featured_media":396452,"comment_status":"closed","ping_status":"closed","sticky":false,"template":"","format":"standard","meta":{"_monsterinsights_skip_tracking":false,"_monsterinsights_sitenote_active":false,"_monsterinsights_sitenote_note":"","_monsterinsights_sitenote_category":0,"footnotes":""},"categories":[49],"tags":[],"class_list":["post-396450","post","type-post","status-publish","format-standard","has-post-thumbnail","hentry","category-news-18","category-49","description-off"],"img_url":"https:\/\/www.radiopiu.net\/wordpress\/wp-content\/uploads\/2024\/06\/sagra-san-piero-2024.jpg","_links":{"self":[{"href":"https:\/\/www.radiopiu.net\/wordpress\/wp-json\/wp\/v2\/posts\/396450","targetHints":{"allow":["GET"]}}],"collection":[{"href":"https:\/\/www.radiopiu.net\/wordpress\/wp-json\/wp\/v2\/posts"}],"about":[{"href":"https:\/\/www.radiopiu.net\/wordpress\/wp-json\/wp\/v2\/types\/post"}],"author":[{"embeddable":true,"href":"https:\/\/www.radiopiu.net\/wordpress\/wp-json\/wp\/v2\/users\/4"}],"replies":[{"embeddable":true,"href":"https:\/\/www.radiopiu.net\/wordpress\/wp-json\/wp\/v2\/comments?post=396450"}],"version-history":[{"count":0,"href":"https:\/\/www.radiopiu.net\/wordpress\/wp-json\/wp\/v2\/posts\/396450\/revisions"}],"wp:featuredmedia":[{"embeddable":true,"href":"https:\/\/www.radiopiu.net\/wordpress\/wp-json\/wp\/v2\/media\/396452"}],"wp:attachment":[{"href":"https:\/\/www.radiopiu.net\/wordpress\/wp-json\/wp\/v2\/media?parent=396450"}],"wp:term":[{"taxonomy":"category","embeddable":true,"href":"https:\/\/www.radiopiu.net\/wordpress\/wp-json\/wp\/v2\/categories?post=396450"},{"taxonomy":"post_tag","embeddable":true,"href":"https:\/\/www.radiopiu.net\/wordpress\/wp-json\/wp\/v2\/tags?post=396450"}],"curies":[{"name":"wp","href":"https:\/\/api.w.org\/{rel}","templated":true}]}}