{"id":396483,"date":"2024-06-25T20:32:39","date_gmt":"2024-06-25T18:32:39","guid":{"rendered":"https:\/\/www.radiopiu.net\/wordpress\/?p=396483"},"modified":"2024-06-26T05:40:57","modified_gmt":"2024-06-26T03:40:57","slug":"intanto-me-la-canto-con-luisa-e-marina-25-giugno-2024","status":"publish","type":"post","link":"https:\/\/www.radiopiu.net\/wordpress\/intanto-me-la-canto-con-luisa-e-marina-25-giugno-2024\/","title":{"rendered":"INTANTO ME LA CANTO&#8230;CON LUISA E MARINA &#8211; 25 GIUGNO 2024"},"content":{"rendered":"<p>*****<\/p>\n<p>&nbsp;<\/p>\n<p><strong>REDAZIONE<\/strong> Luisa Alchini e Marina Don\u00e0 ono pronte per una nuova puntata di &#8220;Intanto Me La canto&#8221;. Una puntata doppiamente speciale perch\u00e8 cade nel giorno del 41\u00b0 compleanno di Radio Pi\u00f9 e a ridosso della lunga diretta che sabato prossimo terr\u00e0 impegnato tutto lo staff di Radio Pi\u00f9 dalla Mostra Dell&#8217;Artigianato di Feltre.<\/p>\n<p><strong>LA DIRETTA RADIO PIU&#8217;<\/strong><\/p>\n<p><iframe loading=\"lazy\" title=\"LUISA E MARINA\" width=\"1200\" height=\"675\" src=\"https:\/\/www.youtube.com\/embed\/WWlQx8g_r94?feature=oembed\" frameborder=\"0\" allow=\"accelerometer; autoplay; clipboard-write; encrypted-media; gyroscope; picture-in-picture; web-share\" referrerpolicy=\"strict-origin-when-cross-origin\" allowfullscreen><\/iframe><\/p>\n<p>&nbsp;<\/p>\n<p>&nbsp;<\/p>\n<p>********<\/p>\n","protected":false},"excerpt":{"rendered":"<p>***** &nbsp; REDAZIONE Luisa Alchini e Marina Don\u00e0 ono pronte per una nuova puntata di &#8220;Intanto Me La canto&#8221;. Una puntata doppiamente speciale perch\u00e8 cade nel giorno del 41\u00b0 compleanno di Radio Pi\u00f9 e a ridosso della lunga diretta che sabato prossimo terr\u00e0 impegnato tutto lo staff di Radio Pi\u00f9 dalla Mostra Dell&#8217;Artigianato di Feltre.&hellip;<\/p>\n","protected":false},"author":4,"featured_media":396485,"comment_status":"closed","ping_status":"closed","sticky":false,"template":"","format":"standard","meta":{"_monsterinsights_skip_tracking":false,"_monsterinsights_sitenote_active":false,"_monsterinsights_sitenote_note":"","_monsterinsights_sitenote_category":0,"footnotes":""},"categories":[104,49],"tags":[],"class_list":["post-396483","post","type-post","status-publish","format-standard","has-post-thumbnail","hentry","category-evidenza_3","category-news-18","category-104","category-49","description-off"],"img_url":"https:\/\/www.radiopiu.net\/wordpress\/wp-content\/uploads\/2024\/06\/f3f5069b-ef46-4c2f-9646-2ae8552b5822.jpg","_links":{"self":[{"href":"https:\/\/www.radiopiu.net\/wordpress\/wp-json\/wp\/v2\/posts\/396483","targetHints":{"allow":["GET"]}}],"collection":[{"href":"https:\/\/www.radiopiu.net\/wordpress\/wp-json\/wp\/v2\/posts"}],"about":[{"href":"https:\/\/www.radiopiu.net\/wordpress\/wp-json\/wp\/v2\/types\/post"}],"author":[{"embeddable":true,"href":"https:\/\/www.radiopiu.net\/wordpress\/wp-json\/wp\/v2\/users\/4"}],"replies":[{"embeddable":true,"href":"https:\/\/www.radiopiu.net\/wordpress\/wp-json\/wp\/v2\/comments?post=396483"}],"version-history":[{"count":0,"href":"https:\/\/www.radiopiu.net\/wordpress\/wp-json\/wp\/v2\/posts\/396483\/revisions"}],"wp:featuredmedia":[{"embeddable":true,"href":"https:\/\/www.radiopiu.net\/wordpress\/wp-json\/wp\/v2\/media\/396485"}],"wp:attachment":[{"href":"https:\/\/www.radiopiu.net\/wordpress\/wp-json\/wp\/v2\/media?parent=396483"}],"wp:term":[{"taxonomy":"category","embeddable":true,"href":"https:\/\/www.radiopiu.net\/wordpress\/wp-json\/wp\/v2\/categories?post=396483"},{"taxonomy":"post_tag","embeddable":true,"href":"https:\/\/www.radiopiu.net\/wordpress\/wp-json\/wp\/v2\/tags?post=396483"}],"curies":[{"name":"wp","href":"https:\/\/api.w.org\/{rel}","templated":true}]}}